{"id":99,"date":"2025-11-08T17:01:10","date_gmt":"2025-11-08T16:01:10","guid":{"rendered":"http:\/\/preprodblog.interflora.se\/blog\/?p=99"},"modified":"2025-12-04T10:59:22","modified_gmt":"2025-12-04T09:59:22","slug":"blomfakta-amaryllis","status":"publish","type":"post","link":"https:\/\/www.interflora.se\/inspiration\/blomfakta-amaryllis\/","title":{"rendered":"Amaryllis &#8211; fakta &#038; sk\u00f6tselr\u00e5d"},"content":{"rendered":"\n<p>Amaryllis, \u00e4ven k\u00e4nd som Hippeastrum, \u00e4r en vacker och popul\u00e4r blomma som pryder m\u00e5nga hem under juls\u00e4songen. Denna artikel ger dig en komplett guide till sk\u00f6tsel, \u00e5terblomning och intressanta fakta om amaryllis. L\u00e4s vidare f\u00f6r praktiska tips om hur du h\u00e5ller dina amaryllis friska och blommande.<\/p>\n\n\n\n<p>Latinskt namn: Amaryllis<br>V\u00e4xtfamilj: Amaryllidea<\/p>\n\n\n\n<div class=\"wp-block-buttons is-content-justification-center is-layout-flex wp-container-core-buttons-is-layout-a89b3969 wp-block-buttons-is-layout-flex\">\n<div class=\"wp-block-button\"><a class=\"wp-block-button__link has-medium-font-size has-custom-font-size wp-element-button\" href=\"https:\/\/www.interflora.se\/c\/julblommor?utm_source=blog&amp;utm_campaign=post-cta\">Skicka Amaryllis som g\u00e5va<\/a><\/div>\n<\/div>\n\n\n\n<div class=\"wp-block-buttons has-custom-font-size has-medium-font-size is-content-justification-center is-layout-flex wp-container-core-buttons-is-layout-a89b3969 wp-block-buttons-is-layout-flex\">\n<div class=\"wp-block-button\"><a class=\"wp-block-button__link wp-element-button\" href=\"https:\/\/www.interflora.se\/c\/buketter\/amaryllis?utm_source=blog&amp;utm_campaign=post-cta\">Best\u00e4ll hem Amaryllis<\/a><\/div>\n<\/div>\n\n\n\n<figure class=\"wp-block-image aligncenter size-full\"><img loading=\"lazy\" decoding=\"async\" width=\"2560\" height=\"1707\" src=\"https:\/\/www.interflora.se\/inspiration\/wp-content\/uploads\/2025\/11\/annesophiebenoit-interflora-sw-53-scaled.avif\" alt=\"\" class=\"wp-image-4842\" srcset=\"https:\/\/www.interflora.se\/inspiration\/wp-content\/uploads\/2025\/11\/annesophiebenoit-interflora-sw-53-scaled.avif 2560w, https:\/\/www.interflora.se\/inspiration\/wp-content\/uploads\/2025\/11\/annesophiebenoit-interflora-sw-53-300x200.avif 300w, https:\/\/www.interflora.se\/inspiration\/wp-content\/uploads\/2025\/11\/annesophiebenoit-interflora-sw-53-1024x683.avif 1024w, https:\/\/www.interflora.se\/inspiration\/wp-content\/uploads\/2025\/11\/annesophiebenoit-interflora-sw-53-768x512.avif 768w, https:\/\/www.interflora.se\/inspiration\/wp-content\/uploads\/2025\/11\/annesophiebenoit-interflora-sw-53-1536x1024.avif 1536w, https:\/\/www.interflora.se\/inspiration\/wp-content\/uploads\/2025\/11\/annesophiebenoit-interflora-sw-53-2048x1365.avif 2048w\" sizes=\"auto, (max-width: 2560px) 100vw, 2560px\" \/><\/figure>\n\n\n\n<h2 class=\"wp-block-heading\">S\u00e5 sk\u00f6ter du din amaryllis p\u00e5 l\u00f6k<\/h2>\n\n\n\n<p>F\u00f6r att f\u00e5 de vackraste amaryllisblommorna \u00e4r korrekt sk\u00f6tsel och omv\u00e5rdnad avg\u00f6rande. Blommorna kan bli upp till 20 cm i diameter och finns i en vacker r\u00f6d variant samt i vitt. H\u00e4r \u00e4r n\u00e5gra viktiga tips f\u00f6r att f\u00e5 dina amaryllis fr\u00e5n l\u00f6k till full blom:<\/p>\n\n\n\n<h3 class=\"wp-block-heading\">Korrekt plantering av amaryllisl\u00f6kar<\/h3>\n\n\n\n<p>Vill du ha&nbsp;<a href=\"https:\/\/www.interflora.se\/c\/buketter\/amaryllis\"><strong>vackra amaryllisblommor hemma till jul och ny\u00e5r<\/strong><\/a>? D\u00e5 b\u00f6r l\u00f6karna planteras i mitten av oktober.<\/p>\n\n\n\n<p>V\u00e4lj en 20 cm h\u00f6g lerkruka med lecakulor i botten och krukv\u00e4xtjord. Plantera l\u00f6ken cirka 2 cm fr\u00e5n ytan. Frost kommer att d\u00f6da din amaryllis, s\u00e5 h\u00e5ll krukan inomhus p\u00e5 en sval, m\u00f6rk plats (cirka 15 grader) tills l\u00f6ken rotar sig.<\/p>\n\n\n\n<p>Efter en och en halv m\u00e5nad ska du placera din amaryllis p\u00e5 en ljus plats med h\u00f6gre temperaturer (cirka 20 grader). Om allt g\u00e5r v\u00e4l kommer blommorna att dyka upp vid den perfekta tidpunkten.<\/p>\n\n\n\n<div style=\"height:5px\" aria-hidden=\"true\" class=\"wp-block-spacer\"><\/div>\n\n\n<div class=\"lp-produits-grid\"><div class=\"lp-produit\"><div class=\"lp-thumbnail-wrapper\"><img loading=\"lazy\" decoding=\"async\" width=\"240\" height=\"300\" src=\"https:\/\/www.interflora.se\/inspiration\/wp-content\/uploads\/2025\/05\/1202805-teaser-2024-ny-4.5-240x300.jpg\" class=\"attachment-medium size-medium wp-post-image\" alt=\"\" srcset=\"https:\/\/www.interflora.se\/inspiration\/wp-content\/uploads\/2025\/05\/1202805-teaser-2024-ny-4.5-240x300.jpg 240w, https:\/\/www.interflora.se\/inspiration\/wp-content\/uploads\/2025\/05\/1202805-teaser-2024-ny-4.5.jpg 745w\" sizes=\"auto, (max-width: 240px) 100vw, 240px\" \/><img decoding=\"async\" class=\"lp-badge\" src=\"https:\/\/www.interflora.se\/inspiration\/wp-content\/uploads\/2025\/03\/cropped-220422_INTERFLORA_Main_Logo_rgb_Main_Color-1.png\" alt=\"Blombud Interflora\"><\/div><span>Grattis<\/span><p>fr\u00e5n 359 kr<\/p><span class=\"obf-link lp-cta\" role=\"link\" tabindex=\"0\" data-b64=\"aHR0cHM6Ly93d3cuaW50ZXJmbG9yYS5zZS9wLzY1NjI0LWdyYXR0aXMvMj91dG1fbWVkaXVtPW9yZ2FuaWMmdXRtX3NvdXJjZT1ibG9nX3Byb2R1Y3RzJnV0bV9jYW1wYWlnbj0xMjAyODA0\" data-target=\"_blank\"><svg xmlns=\"http:\/\/www.w3.org\/2000\/svg\" width=\"16\" height=\"16\" fill=\"currentColor\" class=\"bi bi-bag\" viewBox=\"0 0 16 16\"><path d=\"M8 1a2 2 0 0 1 2 2v1h2.5A1.5 1.5 0 0 1 14 5.5v8A1.5 1.5 0 0 1 12.5 15h-9A1.5 1.5 0 0 1 2 13.5v-8A1.5 1.5 0 0 1 3.5 3H6V2a2 2 0 0 1 2-1zm1 3V3a1 1 0 0 0-2 0v1h2z\"\/><\/svg>K\u00f6p h\u00e4r<\/span><p class=\"rapido\">Leverans i hela Sverige<\/p><\/div><div class=\"lp-produit\"><div class=\"lp-thumbnail-wrapper\"><img loading=\"lazy\" decoding=\"async\" width=\"240\" height=\"300\" src=\"https:\/\/www.interflora.se\/inspiration\/wp-content\/uploads\/2025\/05\/1202895-2024-4.5-240x300.jpg\" class=\"attachment-medium size-medium wp-post-image\" alt=\"\" srcset=\"https:\/\/www.interflora.se\/inspiration\/wp-content\/uploads\/2025\/05\/1202895-2024-4.5-240x300.jpg 240w, https:\/\/www.interflora.se\/inspiration\/wp-content\/uploads\/2025\/05\/1202895-2024-4.5.jpg 745w\" sizes=\"auto, (max-width: 240px) 100vw, 240px\" \/><img decoding=\"async\" class=\"lp-badge\" src=\"https:\/\/www.interflora.se\/inspiration\/wp-content\/uploads\/2025\/03\/cropped-220422_INTERFLORA_Main_Logo_rgb_Main_Color-1.png\" alt=\"Blombud Interflora\"><\/div><span>Liljefavorit<\/span><p>fr\u00e5n 289 kr<\/p><span class=\"obf-link lp-cta\" role=\"link\" tabindex=\"0\" data-b64=\"aHR0cHM6Ly93d3cuaW50ZXJmbG9yYS5zZS9wLzcxNTIxLWxpbGplZmF2b3JpdC8yP3V0bV9tZWRpdW09b3JnYW5pYyZ1dG1fc291cmNlPWJsb2dfcHJvZHVjdHMmdXRtX2NhbXBhaWduPTEyMDI4OTQ=\" data-target=\"_blank\"><svg xmlns=\"http:\/\/www.w3.org\/2000\/svg\" width=\"16\" height=\"16\" fill=\"currentColor\" class=\"bi bi-bag\" viewBox=\"0 0 16 16\"><path d=\"M8 1a2 2 0 0 1 2 2v1h2.5A1.5 1.5 0 0 1 14 5.5v8A1.5 1.5 0 0 1 12.5 15h-9A1.5 1.5 0 0 1 2 13.5v-8A1.5 1.5 0 0 1 3.5 3H6V2a2 2 0 0 1 2-1zm1 3V3a1 1 0 0 0-2 0v1h2z\"\/><\/svg>K\u00f6p h\u00e4r<\/span><p class=\"rapido\">Handbundet av florister<\/p><\/div><div class=\"lp-produit\"><div class=\"lp-thumbnail-wrapper\"><img loading=\"lazy\" decoding=\"async\" width=\"240\" height=\"300\" src=\"https:\/\/www.interflora.se\/inspiration\/wp-content\/uploads\/2025\/05\/1201156-2024-ny-4.5-240x300.jpg\" class=\"attachment-medium size-medium wp-post-image\" alt=\"\" srcset=\"https:\/\/www.interflora.se\/inspiration\/wp-content\/uploads\/2025\/05\/1201156-2024-ny-4.5-240x300.jpg 240w, https:\/\/www.interflora.se\/inspiration\/wp-content\/uploads\/2025\/05\/1201156-2024-ny-4.5.jpg 745w\" sizes=\"auto, (max-width: 240px) 100vw, 240px\" \/><img decoding=\"async\" class=\"lp-badge\" src=\"https:\/\/www.interflora.se\/inspiration\/wp-content\/uploads\/2025\/03\/cropped-220422_INTERFLORA_Main_Logo_rgb_Main_Color-1.png\" alt=\"Blombud Interflora\"><\/div><span>Omtanke<\/span><p>fr\u00e5n 379 kr<\/p><span class=\"obf-link lp-cta\" role=\"link\" tabindex=\"0\" data-b64=\"aHR0cHM6Ly93d3cuaW50ZXJmbG9yYS5zZS9wLzMwOC1vbXRhbmtlLzI\/dXRtX21lZGl1bT1vcmdhbmljJnV0bV9zb3VyY2U9YmxvZ19wcm9kdWN0cyZ1dG1fY2FtcGFpZ249MTIwMTE1NQ==\" data-target=\"_blank\"><svg xmlns=\"http:\/\/www.w3.org\/2000\/svg\" width=\"16\" height=\"16\" fill=\"currentColor\" class=\"bi bi-bag\" viewBox=\"0 0 16 16\"><path d=\"M8 1a2 2 0 0 1 2 2v1h2.5A1.5 1.5 0 0 1 14 5.5v8A1.5 1.5 0 0 1 12.5 15h-9A1.5 1.5 0 0 1 2 13.5v-8A1.5 1.5 0 0 1 3.5 3H6V2a2 2 0 0 1 2-1zm1 3V3a1 1 0 0 0-2 0v1h2z\"\/><\/svg>K\u00f6p h\u00e4r<\/span><p class=\"rapido\">Bunden av din lokala florist<\/p><\/div><div class=\"lp-produit\"><div class=\"lp-thumbnail-wrapper\"><img loading=\"lazy\" decoding=\"async\" width=\"240\" height=\"300\" src=\"https:\/\/www.interflora.se\/inspiration\/wp-content\/uploads\/2025\/05\/1202975-2025-240x300.jpg\" class=\"attachment-medium size-medium wp-post-image\" alt=\"\" srcset=\"https:\/\/www.interflora.se\/inspiration\/wp-content\/uploads\/2025\/05\/1202975-2025-240x300.jpg 240w, https:\/\/www.interflora.se\/inspiration\/wp-content\/uploads\/2025\/05\/1202975-2025.jpg 745w\" sizes=\"auto, (max-width: 240px) 100vw, 240px\" \/><img decoding=\"async\" class=\"lp-badge\" src=\"https:\/\/www.interflora.se\/inspiration\/wp-content\/uploads\/2025\/03\/cropped-220422_INTERFLORA_Main_Logo_rgb_Main_Color-1.png\" alt=\"Blombud Interflora\"><\/div><span>F\u00e4rglycka<\/span><p>fr\u00e5n 269 kr<\/p><span class=\"obf-link lp-cta\" role=\"link\" tabindex=\"0\" data-b64=\"aHR0cHM6Ly93d3cuaW50ZXJmbG9yYS5zZS9wLzgxNjc5LWZhcmdseWNrYS8yP3V0bV9tZWRpdW09b3JnYW5pYyZ1dG1fc291cmNlPWJsb2dfcHJvZHVjdHMmdXRtX2NhbXBhaWduPTEyMDI5NzQ=\" data-target=\"_blank\"><svg xmlns=\"http:\/\/www.w3.org\/2000\/svg\" width=\"16\" height=\"16\" fill=\"currentColor\" class=\"bi bi-bag\" viewBox=\"0 0 16 16\"><path d=\"M8 1a2 2 0 0 1 2 2v1h2.5A1.5 1.5 0 0 1 14 5.5v8A1.5 1.5 0 0 1 12.5 15h-9A1.5 1.5 0 0 1 2 13.5v-8A1.5 1.5 0 0 1 3.5 3H6V2a2 2 0 0 1 2-1zm1 3V3a1 1 0 0 0-2 0v1h2z\"\/><\/svg>K\u00f6p h\u00e4r<\/span><p class=\"rapido\">Handbundet av florister<\/p><\/div><\/div>\n\n\n\n<div style=\"height:5px\" aria-hidden=\"true\" class=\"wp-block-spacer\"><\/div>\n\n\n\n<h3 class=\"wp-block-heading\">\u00c5terkommande blomning<\/h3>\n\n\n\n<p>Amaryllis kan blomma om \u00e5r efter \u00e5r om du sk\u00f6ter l\u00f6ken korrekt. Amaryllis \u00e4r en v\u00e5rv\u00e4xt som har tvingats att blomma till jul. N\u00e4r blommorna vissnar, sl\u00e4ng den inte!<\/p>\n\n\n\n<p>Efter sommaren, n\u00e4r bladen vissnar och v\u00e4xten g\u00e5r in i viloperiod, ska du minska vattningen och placera v\u00e4xten p\u00e5 en sval, torr plats i cirka 3 m\u00e5nader. Under h\u00f6sten kan du starta om processen genom att plantera om l\u00f6ken och placera den i en varmare och ljusare milj\u00f6.<\/p>\n\n\n\n<p>H\u00e5ll jorden fuktig genom att vattna m\u00e5ttligt tills v\u00e5ren kommer. N\u00e4r risken f\u00f6r frost \u00e4r \u00f6ver kan du placera amaryllisen utomhus, skyddad fr\u00e5n direkt solljus. Vattna oftare och g\u00f6dsla med en v\u00e4l utsp\u00e4dd g\u00f6dning.<\/p>\n\n\n\n<p>Bladen blir gula p\u00e5 sommaren. Det \u00e4r ett tecken p\u00e5 att din amaryllis g\u00e5r in i viloperiod. L\u00e5t det gradvis g\u00e5 l\u00e4ngre mellan vattningarna. I september ska du ta in den och placera den p\u00e5 en sval, torr plats bort fr\u00e5n solljus. Sluta vattna helt. Efter tre m\u00e5nader ska du starta om processen: Placera din amaryllis p\u00e5 en ljus och n\u00e5got varmare plats, ta bort den \u00f6versta jorden och ers\u00e4tt den med f\u00e4rsk jord. Om allt g\u00e5r v\u00e4l kommer blommorna att dyka upp i december eller i b\u00f6rjan av det nya \u00e5ret. Men misstr\u00f6sta inte! Generellt blommar amaryllis inte om det f\u00f6rsta \u00e5ret. Men forts\u00e4tt att sk\u00f6ta den! Blommorna blir \u00e4nnu vackrare \u00e5ret d\u00e4rp\u00e5.<\/p>\n\n\n\n<figure class=\"wp-block-gallery has-nested-images columns-default is-cropped wp-block-gallery-1 is-layout-flex wp-block-gallery-is-layout-flex\">\n<figure class=\"wp-block-image size-large\"><img loading=\"lazy\" decoding=\"async\" width=\"683\" height=\"1024\" data-id=\"4822\" src=\"https:\/\/www.interflora.se\/inspiration\/wp-content\/uploads\/2025\/11\/annesophiebenoit-interflora-sw-46-683x1024.avif\" alt=\"\" class=\"wp-image-4822\" srcset=\"https:\/\/www.interflora.se\/inspiration\/wp-content\/uploads\/2025\/11\/annesophiebenoit-interflora-sw-46-683x1024.avif 683w, https:\/\/www.interflora.se\/inspiration\/wp-content\/uploads\/2025\/11\/annesophiebenoit-interflora-sw-46-200x300.avif 200w, https:\/\/www.interflora.se\/inspiration\/wp-content\/uploads\/2025\/11\/annesophiebenoit-interflora-sw-46-768x1152.avif 768w, https:\/\/www.interflora.se\/inspiration\/wp-content\/uploads\/2025\/11\/annesophiebenoit-interflora-sw-46-1024x1536.avif 1024w, https:\/\/www.interflora.se\/inspiration\/wp-content\/uploads\/2025\/11\/annesophiebenoit-interflora-sw-46-1365x2048.avif 1365w, https:\/\/www.interflora.se\/inspiration\/wp-content\/uploads\/2025\/11\/annesophiebenoit-interflora-sw-46-scaled.avif 1707w\" sizes=\"auto, (max-width: 683px) 100vw, 683px\" \/><\/figure>\n\n\n\n<figure class=\"wp-block-image size-large\"><img loading=\"lazy\" decoding=\"async\" width=\"683\" height=\"1024\" data-id=\"4839\" src=\"https:\/\/www.interflora.se\/inspiration\/wp-content\/uploads\/2025\/11\/annesophiebenoit-interflora-sw-44-683x1024.avif\" alt=\"\" class=\"wp-image-4839\" srcset=\"https:\/\/www.interflora.se\/inspiration\/wp-content\/uploads\/2025\/11\/annesophiebenoit-interflora-sw-44-683x1024.avif 683w, https:\/\/www.interflora.se\/inspiration\/wp-content\/uploads\/2025\/11\/annesophiebenoit-interflora-sw-44-200x300.avif 200w, https:\/\/www.interflora.se\/inspiration\/wp-content\/uploads\/2025\/11\/annesophiebenoit-interflora-sw-44-768x1152.avif 768w, https:\/\/www.interflora.se\/inspiration\/wp-content\/uploads\/2025\/11\/annesophiebenoit-interflora-sw-44-1024x1536.avif 1024w, https:\/\/www.interflora.se\/inspiration\/wp-content\/uploads\/2025\/11\/annesophiebenoit-interflora-sw-44-1365x2048.avif 1365w, https:\/\/www.interflora.se\/inspiration\/wp-content\/uploads\/2025\/11\/annesophiebenoit-interflora-sw-44-scaled.avif 1707w\" sizes=\"auto, (max-width: 683px) 100vw, 683px\" \/><\/figure>\n<\/figure>\n\n\n\n<h2 class=\"wp-block-heading\"><br>S\u00e5 tar du hand om din amaryllis som snittblomma i buketter<\/h2>\n\n\n\n<p>Har du en bukett med amaryllis? F\u00f6lj dessa tips f\u00f6r att f\u00f6rl\u00e4nga h\u00e5llbarheten av dina snittblommor:<\/p>\n\n\n\n<ul class=\"wp-block-list\">\n<li>Snitta stj\u00e4lken cirka 1 cm fr\u00e5n \u00e4nden.<\/li>\n\n\n\n<li>Placera blommorna i en vas fylld med ljummet vatten och tills\u00e4tt n\u00e4ring f\u00f6r snittblommor.<\/li>\n\n\n\n<li>H\u00e5ll vasen p\u00e5 en sval plats och undvik direkt v\u00e4rme samt frukt, eftersom vissa frukter avger etylen som kan f\u00e5 blommorna att vissna snabbare.<\/li>\n<\/ul>\n\n\n\n<p>De mest popul\u00e4ra f\u00e4rgerna \u00e4r r\u00f6d och vit. R\u00f6da amaryllis \u00e4r perfekta f\u00f6r julens dekorationer, medan vita passar b\u00e5de f\u00f6r ny\u00e5r och vintriga br\u00f6llop.<\/p>\n\n\n\n<div style=\"height:5px\" aria-hidden=\"true\" class=\"wp-block-spacer\"><\/div>\n\n\n<div class=\"lp-produits-grid\"><div class=\"lp-produit\"><div class=\"lp-thumbnail-wrapper\"><img loading=\"lazy\" decoding=\"async\" width=\"240\" height=\"300\" src=\"https:\/\/www.interflora.se\/inspiration\/wp-content\/uploads\/2025\/05\/1202805-teaser-2024-ny-4.5-240x300.jpg\" class=\"attachment-medium size-medium wp-post-image\" alt=\"\" srcset=\"https:\/\/www.interflora.se\/inspiration\/wp-content\/uploads\/2025\/05\/1202805-teaser-2024-ny-4.5-240x300.jpg 240w, https:\/\/www.interflora.se\/inspiration\/wp-content\/uploads\/2025\/05\/1202805-teaser-2024-ny-4.5.jpg 745w\" sizes=\"auto, (max-width: 240px) 100vw, 240px\" \/><img decoding=\"async\" class=\"lp-badge\" src=\"https:\/\/www.interflora.se\/inspiration\/wp-content\/uploads\/2025\/03\/cropped-220422_INTERFLORA_Main_Logo_rgb_Main_Color-1.png\" alt=\"Blombud Interflora\"><\/div><span>Grattis<\/span><p>fr\u00e5n 359 kr<\/p><span class=\"obf-link lp-cta\" role=\"link\" tabindex=\"0\" data-b64=\"aHR0cHM6Ly93d3cuaW50ZXJmbG9yYS5zZS9wLzY1NjI0LWdyYXR0aXMvMj91dG1fbWVkaXVtPW9yZ2FuaWMmdXRtX3NvdXJjZT1ibG9nX3Byb2R1Y3RzJnV0bV9jYW1wYWlnbj0xMjAyODA0\" data-target=\"_blank\"><svg xmlns=\"http:\/\/www.w3.org\/2000\/svg\" width=\"16\" height=\"16\" fill=\"currentColor\" class=\"bi bi-bag\" viewBox=\"0 0 16 16\"><path d=\"M8 1a2 2 0 0 1 2 2v1h2.5A1.5 1.5 0 0 1 14 5.5v8A1.5 1.5 0 0 1 12.5 15h-9A1.5 1.5 0 0 1 2 13.5v-8A1.5 1.5 0 0 1 3.5 3H6V2a2 2 0 0 1 2-1zm1 3V3a1 1 0 0 0-2 0v1h2z\"\/><\/svg>K\u00f6p h\u00e4r<\/span><p class=\"rapido\">Bunden av din lokala florist<\/p><\/div><div class=\"lp-produit\"><div class=\"lp-thumbnail-wrapper\"><img loading=\"lazy\" decoding=\"async\" width=\"240\" height=\"300\" src=\"https:\/\/www.interflora.se\/inspiration\/wp-content\/uploads\/2025\/05\/1201156-2024-ny-4.5-240x300.jpg\" class=\"attachment-medium size-medium wp-post-image\" alt=\"\" srcset=\"https:\/\/www.interflora.se\/inspiration\/wp-content\/uploads\/2025\/05\/1201156-2024-ny-4.5-240x300.jpg 240w, https:\/\/www.interflora.se\/inspiration\/wp-content\/uploads\/2025\/05\/1201156-2024-ny-4.5.jpg 745w\" sizes=\"auto, (max-width: 240px) 100vw, 240px\" \/><img decoding=\"async\" class=\"lp-badge\" src=\"https:\/\/www.interflora.se\/inspiration\/wp-content\/uploads\/2025\/03\/cropped-220422_INTERFLORA_Main_Logo_rgb_Main_Color-1.png\" alt=\"Blombud Interflora\"><\/div><span>Omtanke<\/span><p>fr\u00e5n 379 kr<\/p><span class=\"obf-link lp-cta\" role=\"link\" tabindex=\"0\" data-b64=\"aHR0cHM6Ly93d3cuaW50ZXJmbG9yYS5zZS9wLzMwOC1vbXRhbmtlLzI\/dXRtX21lZGl1bT1vcmdhbmljJnV0bV9zb3VyY2U9YmxvZ19wcm9kdWN0cyZ1dG1fY2FtcGFpZ249MTIwMTE1NQ==\" data-target=\"_blank\"><svg xmlns=\"http:\/\/www.w3.org\/2000\/svg\" width=\"16\" height=\"16\" fill=\"currentColor\" class=\"bi bi-bag\" viewBox=\"0 0 16 16\"><path d=\"M8 1a2 2 0 0 1 2 2v1h2.5A1.5 1.5 0 0 1 14 5.5v8A1.5 1.5 0 0 1 12.5 15h-9A1.5 1.5 0 0 1 2 13.5v-8A1.5 1.5 0 0 1 3.5 3H6V2a2 2 0 0 1 2-1zm1 3V3a1 1 0 0 0-2 0v1h2z\"\/><\/svg>K\u00f6p h\u00e4r<\/span><p class=\"rapido\">Handbundet av florister<\/p><\/div><div class=\"lp-produit\"><div class=\"lp-thumbnail-wrapper\"><img loading=\"lazy\" decoding=\"async\" width=\"240\" height=\"300\" src=\"https:\/\/www.interflora.se\/inspiration\/wp-content\/uploads\/2025\/05\/1202895-2024-4.5-240x300.jpg\" class=\"attachment-medium size-medium wp-post-image\" alt=\"\" srcset=\"https:\/\/www.interflora.se\/inspiration\/wp-content\/uploads\/2025\/05\/1202895-2024-4.5-240x300.jpg 240w, https:\/\/www.interflora.se\/inspiration\/wp-content\/uploads\/2025\/05\/1202895-2024-4.5.jpg 745w\" sizes=\"auto, (max-width: 240px) 100vw, 240px\" \/><img decoding=\"async\" class=\"lp-badge\" src=\"https:\/\/www.interflora.se\/inspiration\/wp-content\/uploads\/2025\/03\/cropped-220422_INTERFLORA_Main_Logo_rgb_Main_Color-1.png\" alt=\"Blombud Interflora\"><\/div><span>Liljefavorit<\/span><p>fr\u00e5n 289 kr<\/p><span class=\"obf-link lp-cta\" role=\"link\" tabindex=\"0\" data-b64=\"aHR0cHM6Ly93d3cuaW50ZXJmbG9yYS5zZS9wLzcxNTIxLWxpbGplZmF2b3JpdC8yP3V0bV9tZWRpdW09b3JnYW5pYyZ1dG1fc291cmNlPWJsb2dfcHJvZHVjdHMmdXRtX2NhbXBhaWduPTEyMDI4OTQ=\" data-target=\"_blank\"><svg xmlns=\"http:\/\/www.w3.org\/2000\/svg\" width=\"16\" height=\"16\" fill=\"currentColor\" class=\"bi bi-bag\" viewBox=\"0 0 16 16\"><path d=\"M8 1a2 2 0 0 1 2 2v1h2.5A1.5 1.5 0 0 1 14 5.5v8A1.5 1.5 0 0 1 12.5 15h-9A1.5 1.5 0 0 1 2 13.5v-8A1.5 1.5 0 0 1 3.5 3H6V2a2 2 0 0 1 2-1zm1 3V3a1 1 0 0 0-2 0v1h2z\"\/><\/svg>K\u00f6p h\u00e4r<\/span><p class=\"rapido\">Leverans idag<\/p><\/div><div class=\"lp-produit\"><div class=\"lp-thumbnail-wrapper\"><img loading=\"lazy\" decoding=\"async\" width=\"240\" height=\"300\" src=\"https:\/\/www.interflora.se\/inspiration\/wp-content\/uploads\/2025\/05\/1202975-2025-240x300.jpg\" class=\"attachment-medium size-medium wp-post-image\" alt=\"\" srcset=\"https:\/\/www.interflora.se\/inspiration\/wp-content\/uploads\/2025\/05\/1202975-2025-240x300.jpg 240w, https:\/\/www.interflora.se\/inspiration\/wp-content\/uploads\/2025\/05\/1202975-2025.jpg 745w\" sizes=\"auto, (max-width: 240px) 100vw, 240px\" \/><img decoding=\"async\" class=\"lp-badge\" src=\"https:\/\/www.interflora.se\/inspiration\/wp-content\/uploads\/2025\/03\/cropped-220422_INTERFLORA_Main_Logo_rgb_Main_Color-1.png\" alt=\"Blombud Interflora\"><\/div><span>F\u00e4rglycka<\/span><p>fr\u00e5n 269 kr<\/p><span class=\"obf-link lp-cta\" role=\"link\" tabindex=\"0\" data-b64=\"aHR0cHM6Ly93d3cuaW50ZXJmbG9yYS5zZS9wLzgxNjc5LWZhcmdseWNrYS8yP3V0bV9tZWRpdW09b3JnYW5pYyZ1dG1fc291cmNlPWJsb2dfcHJvZHVjdHMmdXRtX2NhbXBhaWduPTEyMDI5NzQ=\" data-target=\"_blank\"><svg xmlns=\"http:\/\/www.w3.org\/2000\/svg\" width=\"16\" height=\"16\" fill=\"currentColor\" class=\"bi bi-bag\" viewBox=\"0 0 16 16\"><path d=\"M8 1a2 2 0 0 1 2 2v1h2.5A1.5 1.5 0 0 1 14 5.5v8A1.5 1.5 0 0 1 12.5 15h-9A1.5 1.5 0 0 1 2 13.5v-8A1.5 1.5 0 0 1 3.5 3H6V2a2 2 0 0 1 2-1zm1 3V3a1 1 0 0 0-2 0v1h2z\"\/><\/svg>K\u00f6p h\u00e4r<\/span><p class=\"rapido\">Leverans i hela Sverige<\/p><\/div><\/div>\n\n\n\n<div style=\"height:5px\" aria-hidden=\"true\" class=\"wp-block-spacer\"><\/div>\n\n\n\n<h2 class=\"wp-block-heading\">Amaryllis eller belladonnalilja? F\u00e5 koll p\u00e5 namnet<\/h2>\n\n\n\n<p>Namnet &#8221;Amaryllis&#8221; kommer fr\u00e5n grekisk mytologi d\u00e4r en herdeflicka vid namn Amaryllis var k\u00e4nd f\u00f6r sin sk\u00f6nhet. Den latinska artbeteckningen,&nbsp;<strong>Hippeastrum<\/strong>, betyder &#8221;riddarstj\u00e4rna&#8221; och h\u00e4nvisar till blommans stj\u00e4rnformade utseende. \u00c4ven om den botaniskt korrekt heter Hippeastrum, kallas den ofta amaryllis i vardagligt tal. I Danmark kallas den ocks\u00e5 &#8221;julestj\u00e4rna&#8221; eller &#8221;riddarstj\u00e4rna,&#8221; s\u00e4rskilt n\u00e4r den blommar runt jul.<\/p>\n\n\n\n<p>Den enda blomman som faktiskt heter &#8221;amaryllis&#8221; \u00e4r&nbsp;<strong>Amaryllis belladonna<\/strong>, som tillh\u00f6r samma familj, Amaryllidaceae. Det \u00e4r en utomhusv\u00e4xt fr\u00e5n Sydafrika som blommar p\u00e5 h\u00f6sten.<\/p>\n\n\n\n<p>Du kan skapa&nbsp;<a href=\"https:\/\/www.interflora.se\/inspiration\/3-satt-att-pynta-med-amaryllis\/\"><strong>en fantastisk juldekoration<\/strong><\/a>&nbsp;genom att h\u00e4nga ett par amaryllisstj\u00e4lkar upp och ned och binda en tr\u00e5d genom \u00e4ndarna! F\u00f6r att h\u00e5lla dem fr\u00e4scha, fyll stj\u00e4lken med vatten och f\u00f6rslut den med en liten bit bomull.<\/p>\n\n\n\n<p>Amaryllis \u00e4r en idealisk blomma och v\u00e4xt i en arbetsmilj\u00f6. Dess imponerande storlek och r\u00f6da kronblad stimulerar hj\u00e4rnan och \u00f6kar energiniv\u00e5n. Om den placeras p\u00e5 ett skrivbord s\u00e4gs det fr\u00e4mja sj\u00e4lvf\u00f6rtroendet.<\/p>\n\n\n\n<h2 class=\"wp-block-heading\">Symboliken och historien bakom de vackra amaryllisblommorna<\/h2>\n\n\n\n<p>Amaryllis \u00e4r inte bara k\u00e4nd f\u00f6r sina storslagna blommor utan \u00e4ven f\u00f6r dess rika symbolik och historia. I m\u00e5nga kulturer betraktas amaryllis som en symbol f\u00f6r stolthet, sk\u00f6nhet och beslutsamhet. Dess h\u00f6ga, slanka stj\u00e4lk och i\u00f6gonfallande blommor ger den en k\u00e4nsla av elegans och styrka, vilket har gett den en s\u00e4rskild plats b\u00e5de inom botaniken och konsthistorien.<\/p>\n\n\n\n<p>P\u00e5&nbsp;<a href=\"https:\/\/www.interflora.se\/inspiration\/blomstersprakets-betydelse-och-historia\/\"><strong>blomspr\u00e5ket<\/strong><\/a>&nbsp;\u2013 \u00e4ven k\u00e4nt som floriografi \u2013 b\u00e4r amaryllis med sig ett kraftfullt budskap. Att ge en amaryllis i g\u00e5va inneb\u00e4r att man skickar ett starkt och sj\u00e4lvs\u00e4kert budskap till mottagaren: \u201cDu kan inte motst\u00e5 mig!\u201d Dess stora, i\u00f6gonfallande blommor symboliserar sj\u00e4lvf\u00f6rtroende och beslutsamhet, vilket g\u00f6r den till en popul\u00e4r present vid firande av personliga framg\u00e5ngar eller speciella tillf\u00e4llen som kr\u00e4ver uppm\u00e4rksamhet.<\/p>\n\n\n\n<p>Historiskt har amaryllis associerats med festliga tillf\u00e4llen, s\u00e4rskilt vid jul. Det s\u00e4gs att amaryllisblomman inspirerades av de trumpetsjungande \u00e4nglarna som, enligt kristen tradition, tillk\u00e4nnagav Jesu f\u00f6delse. Blommans trattliknande form p\u00e5minner om dessa himmelska trumpeter, och i m\u00e5nga kulturer har amaryllis d\u00e4rmed f\u00e5tt en sj\u00e4lvklar plats som en julblomma, symboliserande gl\u00e4dje och firande av Kristi f\u00f6delse.<\/p>\n\n\n\n<p>Ordet &#8221;amaryllis&#8221; kommer ursprungligen fr\u00e5n den romerska poeten Vergilius verk&nbsp;<strong>\u201cBucolica\u201d<\/strong>, d\u00e4r han beskriver en herdeflicka vid namn Amaryllis vars namn betyder &#8221;att str\u00e5la&#8221; eller &#8221;skina&#8221;. Det var botanikern&nbsp;<strong>Carl von Linn\u00e9<\/strong>&nbsp;som 1733 valde att anv\u00e4nda detta namn f\u00f6r den vackra blomman, som d\u00e5 inte var s\u00e4rskilt spridd i Europa. Amaryllis blev snabbt en symbol f\u00f6r str\u00e5lande sk\u00f6nhet och uppskattades f\u00f6r sin praktfulla blomning, s\u00e4rskilt under vinterm\u00e5naderna n\u00e4r den bringade liv och f\u00e4rg till de m\u00f6rka dagarna.<\/p>\n\n\n\n<h2 class=\"wp-block-heading\">Skillnaden mellan amaryllis och Hippeastrum<\/h2>\n\n\n\n<p>Namnet &#8221;amaryllis&#8221; skapade f\u00f6rvirring inom botaniken, eftersom det redan anv\u00e4ndes f\u00f6r en annan v\u00e4xt fr\u00e5n Sydafrika, k\u00e4nd som&nbsp;<strong>Amaryllis belladonna<\/strong>. Denna v\u00e4xt tillh\u00f6r samma Amaryllidaceae-familj men \u00e4r botaniskt annorlunda \u00e4n den amaryllis vi k\u00e4nner idag.<\/p>\n\n\n\n<p>\u00c5r 1987 best\u00e4mdes det att det korrekta botaniska namnet f\u00f6r den julamaryllis vi ser idag skulle vara&nbsp;<strong>Hippeastrum<\/strong>, men trots detta anv\u00e4nds fortfarande det mer v\u00e4lbekanta namnet &#8221;amaryllis&#8221; i vardagligt tal.<\/p>\n\n\n\n<p>Den moderna historien om amaryllis tog fart i b\u00f6rjan av 1700-talet n\u00e4r holl\u00e4ndska handlare b\u00f6rjade importera l\u00f6kar fr\u00e5n Mexiko och Sydamerika. Dessa l\u00f6kar blev snabbt popul\u00e4ra bland tr\u00e4dg\u00e5rdsm\u00e4stare, och holl\u00e4ndarna b\u00f6rjade utveckla olika hybrider av v\u00e4xten. Under \u00e5rhundradena har nya sorter odlats \u00f6ver hela v\u00e4rlden, och idag kan man hitta amaryllis i m\u00e5nga f\u00e4rger och former, fr\u00e5n den klassiska r\u00f6da&nbsp;<strong>Red Lion<\/strong>&nbsp;till den eleganta&nbsp;<strong>White Nymph<\/strong>&nbsp;och den i\u00f6gonfallande&nbsp;<strong>Picotee<\/strong>.<\/p>\n\n\n\n<p>Idag \u00e4r&nbsp;<strong>amaryllis<\/strong>&nbsp;en av de mest \u00e4lskade blommorna under vinters\u00e4songen och symboliserar festlighet, beslutsamhet och sk\u00f6nhet. V\u00e4xten har funnit sin plats i allt fr\u00e5n juldekorationer till ny\u00e5rsbuketter och forts\u00e4tter att fascinera m\u00e4nniskor v\u00e4rlden \u00f6ver med sin unika historia och symbolik.<\/p>\n\n\n\n<p>Amaryllis \u00e4r en fantastisk blomma som imponerar b\u00e5de med sin sk\u00f6nhet och rika historia. Med r\u00e4tt sk\u00f6tsel kan den blomma \u00e5r efter \u00e5r, vilket ger dekorativ och symbolisk gl\u00e4dje till m\u00e5nga hem, s\u00e4rskilt under vinterm\u00e5naderna.<\/p>\n\n\n\n<p>Oavsett om du v\u00e4ljer en traditionell krukv\u00e4xt eller en vacker snittbukett, \u00e4r amaryllis ett uttryck f\u00f6r elegans, styrka och festlighet. Med r\u00e4tt v\u00e5rd kan du njuta av dess prakt inte bara en s\u00e4song, utan m\u00e5nga \u00e5r fram\u00f6ver. Amaryllis l\u00e5ngvariga historia och starka symbolik g\u00f6r den till mycket mer \u00e4n bara en blomma \u2013 den \u00e4r en symbol f\u00f6r sk\u00f6nhet, beslutsamhet och firande.<\/p>\n\n\n\n<div style=\"height:5px\" aria-hidden=\"true\" class=\"wp-block-spacer\"><\/div>\n\n\n<div class=\"lp-produits-grid\"><div class=\"lp-produit\"><div class=\"lp-thumbnail-wrapper\"><img loading=\"lazy\" decoding=\"async\" width=\"240\" height=\"300\" src=\"https:\/\/www.interflora.se\/inspiration\/wp-content\/uploads\/2025\/05\/1201156-2024-ny-4.5-240x300.jpg\" class=\"attachment-medium size-medium wp-post-image\" alt=\"\" srcset=\"https:\/\/www.interflora.se\/inspiration\/wp-content\/uploads\/2025\/05\/1201156-2024-ny-4.5-240x300.jpg 240w, https:\/\/www.interflora.se\/inspiration\/wp-content\/uploads\/2025\/05\/1201156-2024-ny-4.5.jpg 745w\" sizes=\"auto, (max-width: 240px) 100vw, 240px\" \/><img decoding=\"async\" class=\"lp-badge\" src=\"https:\/\/www.interflora.se\/inspiration\/wp-content\/uploads\/2025\/03\/cropped-220422_INTERFLORA_Main_Logo_rgb_Main_Color-1.png\" alt=\"Blombud Interflora\"><\/div><span>Omtanke<\/span><p>fr\u00e5n 379 kr<\/p><span class=\"obf-link lp-cta\" role=\"link\" tabindex=\"0\" data-b64=\"aHR0cHM6Ly93d3cuaW50ZXJmbG9yYS5zZS9wLzMwOC1vbXRhbmtlLzI\/dXRtX21lZGl1bT1vcmdhbmljJnV0bV9zb3VyY2U9YmxvZ19wcm9kdWN0cyZ1dG1fY2FtcGFpZ249MTIwMTE1NQ==\" data-target=\"_blank\"><svg xmlns=\"http:\/\/www.w3.org\/2000\/svg\" width=\"16\" height=\"16\" fill=\"currentColor\" class=\"bi bi-bag\" viewBox=\"0 0 16 16\"><path d=\"M8 1a2 2 0 0 1 2 2v1h2.5A1.5 1.5 0 0 1 14 5.5v8A1.5 1.5 0 0 1 12.5 15h-9A1.5 1.5 0 0 1 2 13.5v-8A1.5 1.5 0 0 1 3.5 3H6V2a2 2 0 0 1 2-1zm1 3V3a1 1 0 0 0-2 0v1h2z\"\/><\/svg>K\u00f6p h\u00e4r<\/span><p class=\"rapido\">Bunden av din lokala florist<\/p><\/div><div class=\"lp-produit\"><div class=\"lp-thumbnail-wrapper\"><img loading=\"lazy\" decoding=\"async\" width=\"240\" height=\"300\" src=\"https:\/\/www.interflora.se\/inspiration\/wp-content\/uploads\/2025\/05\/1202805-teaser-2024-ny-4.5-240x300.jpg\" class=\"attachment-medium size-medium wp-post-image\" alt=\"\" srcset=\"https:\/\/www.interflora.se\/inspiration\/wp-content\/uploads\/2025\/05\/1202805-teaser-2024-ny-4.5-240x300.jpg 240w, https:\/\/www.interflora.se\/inspiration\/wp-content\/uploads\/2025\/05\/1202805-teaser-2024-ny-4.5.jpg 745w\" sizes=\"auto, (max-width: 240px) 100vw, 240px\" \/><img decoding=\"async\" class=\"lp-badge\" src=\"https:\/\/www.interflora.se\/inspiration\/wp-content\/uploads\/2025\/03\/cropped-220422_INTERFLORA_Main_Logo_rgb_Main_Color-1.png\" alt=\"Blombud Interflora\"><\/div><span>Grattis<\/span><p>fr\u00e5n 359 kr<\/p><span class=\"obf-link lp-cta\" role=\"link\" tabindex=\"0\" data-b64=\"aHR0cHM6Ly93d3cuaW50ZXJmbG9yYS5zZS9wLzY1NjI0LWdyYXR0aXMvMj91dG1fbWVkaXVtPW9yZ2FuaWMmdXRtX3NvdXJjZT1ibG9nX3Byb2R1Y3RzJnV0bV9jYW1wYWlnbj0xMjAyODA0\" data-target=\"_blank\"><svg xmlns=\"http:\/\/www.w3.org\/2000\/svg\" width=\"16\" height=\"16\" fill=\"currentColor\" class=\"bi bi-bag\" viewBox=\"0 0 16 16\"><path d=\"M8 1a2 2 0 0 1 2 2v1h2.5A1.5 1.5 0 0 1 14 5.5v8A1.5 1.5 0 0 1 12.5 15h-9A1.5 1.5 0 0 1 2 13.5v-8A1.5 1.5 0 0 1 3.5 3H6V2a2 2 0 0 1 2-1zm1 3V3a1 1 0 0 0-2 0v1h2z\"\/><\/svg>K\u00f6p h\u00e4r<\/span><p class=\"rapido\">F\u00e4rska blommor<\/p><\/div><div class=\"lp-produit\"><div class=\"lp-thumbnail-wrapper\"><img loading=\"lazy\" decoding=\"async\" width=\"240\" height=\"300\" src=\"https:\/\/www.interflora.se\/inspiration\/wp-content\/uploads\/2025\/05\/1202895-2024-4.5-240x300.jpg\" class=\"attachment-medium size-medium wp-post-image\" alt=\"\" srcset=\"https:\/\/www.interflora.se\/inspiration\/wp-content\/uploads\/2025\/05\/1202895-2024-4.5-240x300.jpg 240w, https:\/\/www.interflora.se\/inspiration\/wp-content\/uploads\/2025\/05\/1202895-2024-4.5.jpg 745w\" sizes=\"auto, (max-width: 240px) 100vw, 240px\" \/><img decoding=\"async\" class=\"lp-badge\" src=\"https:\/\/www.interflora.se\/inspiration\/wp-content\/uploads\/2025\/03\/cropped-220422_INTERFLORA_Main_Logo_rgb_Main_Color-1.png\" alt=\"Blombud Interflora\"><\/div><span>Liljefavorit<\/span><p>fr\u00e5n 289 kr<\/p><span class=\"obf-link lp-cta\" role=\"link\" tabindex=\"0\" data-b64=\"aHR0cHM6Ly93d3cuaW50ZXJmbG9yYS5zZS9wLzcxNTIxLWxpbGplZmF2b3JpdC8yP3V0bV9tZWRpdW09b3JnYW5pYyZ1dG1fc291cmNlPWJsb2dfcHJvZHVjdHMmdXRtX2NhbXBhaWduPTEyMDI4OTQ=\" data-target=\"_blank\"><svg xmlns=\"http:\/\/www.w3.org\/2000\/svg\" width=\"16\" height=\"16\" fill=\"currentColor\" class=\"bi bi-bag\" viewBox=\"0 0 16 16\"><path d=\"M8 1a2 2 0 0 1 2 2v1h2.5A1.5 1.5 0 0 1 14 5.5v8A1.5 1.5 0 0 1 12.5 15h-9A1.5 1.5 0 0 1 2 13.5v-8A1.5 1.5 0 0 1 3.5 3H6V2a2 2 0 0 1 2-1zm1 3V3a1 1 0 0 0-2 0v1h2z\"\/><\/svg>K\u00f6p h\u00e4r<\/span><p class=\"rapido\">Bunden av din lokala florist<\/p><\/div><div class=\"lp-produit\"><div class=\"lp-thumbnail-wrapper\"><img loading=\"lazy\" decoding=\"async\" width=\"240\" height=\"300\" src=\"https:\/\/www.interflora.se\/inspiration\/wp-content\/uploads\/2025\/05\/1202975-2025-240x300.jpg\" class=\"attachment-medium size-medium wp-post-image\" alt=\"\" srcset=\"https:\/\/www.interflora.se\/inspiration\/wp-content\/uploads\/2025\/05\/1202975-2025-240x300.jpg 240w, https:\/\/www.interflora.se\/inspiration\/wp-content\/uploads\/2025\/05\/1202975-2025.jpg 745w\" sizes=\"auto, (max-width: 240px) 100vw, 240px\" \/><img decoding=\"async\" class=\"lp-badge\" src=\"https:\/\/www.interflora.se\/inspiration\/wp-content\/uploads\/2025\/03\/cropped-220422_INTERFLORA_Main_Logo_rgb_Main_Color-1.png\" alt=\"Blombud Interflora\"><\/div><span>F\u00e4rglycka<\/span><p>fr\u00e5n 269 kr<\/p><span class=\"obf-link lp-cta\" role=\"link\" tabindex=\"0\" data-b64=\"aHR0cHM6Ly93d3cuaW50ZXJmbG9yYS5zZS9wLzgxNjc5LWZhcmdseWNrYS8yP3V0bV9tZWRpdW09b3JnYW5pYyZ1dG1fc291cmNlPWJsb2dfcHJvZHVjdHMmdXRtX2NhbXBhaWduPTEyMDI5NzQ=\" data-target=\"_blank\"><svg xmlns=\"http:\/\/www.w3.org\/2000\/svg\" width=\"16\" height=\"16\" fill=\"currentColor\" class=\"bi bi-bag\" viewBox=\"0 0 16 16\"><path d=\"M8 1a2 2 0 0 1 2 2v1h2.5A1.5 1.5 0 0 1 14 5.5v8A1.5 1.5 0 0 1 12.5 15h-9A1.5 1.5 0 0 1 2 13.5v-8A1.5 1.5 0 0 1 3.5 3H6V2a2 2 0 0 1 2-1zm1 3V3a1 1 0 0 0-2 0v1h2z\"\/><\/svg>K\u00f6p h\u00e4r<\/span><p class=\"rapido\">Leverans idag<\/p><\/div><\/div>\n","protected":false},"excerpt":{"rendered":"<p>Amaryllis, \u00e4ven k\u00e4nd som Hippeastrum, \u00e4r en vacker och popul\u00e4r blomma som pryder m\u00e5nga hem under juls\u00e4songen. Denna artikel ger [&hellip;]<\/p>\n","protected":false},"author":1,"featured_media":4870,"comment_status":"open","ping_status":"open","sticky":false,"template":"","format":"standard","meta":{"_uag_custom_page_level_css":"","site-sidebar-layout":"default","site-content-layout":"","ast-site-content-layout":"default","site-content-style":"default","site-sidebar-style":"default","ast-global-header-display":"","ast-banner-title-visibility":"","ast-main-header-display":"","ast-hfb-above-header-display":"","ast-hfb-below-header-display":"","ast-hfb-mobile-header-display":"","site-post-title":"","ast-breadcrumbs-content":"","ast-featured-img":"","footer-sml-layout":"","ast-disable-related-posts":"","theme-transparent-header-meta":"","adv-header-id-meta":"","stick-header-meta":"","header-above-stick-meta":"","header-main-stick-meta":"","header-below-stick-meta":"","astra-migrate-meta-layouts":"default","ast-page-background-enabled":"default","ast-page-background-meta":{"desktop":{"background-color":"var(--ast-global-color-5)","background-image":"","background-repeat":"repeat","background-position":"center center","background-size":"auto","background-attachment":"scroll","background-type":"","background-media":"","overlay-type":"","overlay-color":"","overlay-opacity":"","overlay-gradient":""},"tablet":{"background-color":"","background-image":"","background-repeat":"repeat","background-position":"center center","background-size":"auto","background-attachment":"scroll","background-type":"","background-media":"","overlay-type":"","overlay-color":"","overlay-opacity":"","overlay-gradient":""},"mobile":{"background-color":"","background-image":"","background-repeat":"repeat","background-position":"center center","background-size":"auto","background-attachment":"scroll","background-type":"","background-media":"","overlay-type":"","overlay-color":"","overlay-opacity":"","overlay-gradient":""}},"ast-content-background-meta":{"desktop":{"background-color":"var(--ast-global-color-4)","background-image":"","background-repeat":"repeat","background-position":"center center","background-size":"auto","background-attachment":"scroll","background-type":"","background-media":"","overlay-type":"","overlay-color":"","overlay-opacity":"","overlay-gradient":""},"tablet":{"background-color":"var(--ast-global-color-4)","background-image":"","background-repeat":"repeat","background-position":"center center","background-size":"auto","background-attachment":"scroll","background-type":"","background-media":"","overlay-type":"","overlay-color":"","overlay-opacity":"","overlay-gradient":""},"mobile":{"background-color":"var(--ast-global-color-4)","background-image":"","background-repeat":"repeat","background-position":"center center","background-size":"auto","background-attachment":"scroll","background-type":"","background-media":"","overlay-type":"","overlay-color":"","overlay-opacity":"","overlay-gradient":""}},"footnotes":""},"categories":[7,28,27],"tags":[],"class_list":["post-99","post","type-post","status-publish","format-standard","has-post-thumbnail","hentry","category-blomfakta-skotselrad","category-jul","category-vinter"],"yoast_head":"<!-- This site is optimized with the Yoast SEO plugin v27.4 - https:\/\/yoast.com\/product\/yoast-seo-wordpress\/ -->\n<title>Amaryllis - fakta &amp; sk\u00f6tselr\u00e5d | Interflora<\/title>\n<meta name=\"robots\" content=\"index, follow, max-snippet:-1, max-image-preview:large, max-video-preview:-1\" \/>\n<link rel=\"canonical\" href=\"https:\/\/www.interflora.se\/inspiration\/blomfakta-amaryllis\/\" \/>\n<meta property=\"og:locale\" content=\"sv_SE\" \/>\n<meta property=\"og:type\" content=\"article\" \/>\n<meta property=\"og:title\" content=\"Amaryllis - fakta &amp; sk\u00f6tselr\u00e5d | Interflora\" \/>\n<meta property=\"og:description\" content=\"Amaryllis, \u00e4ven k\u00e4nd som Hippeastrum, \u00e4r en vacker och popul\u00e4r blomma som pryder m\u00e5nga hem under juls\u00e4songen. Denna artikel ger [&hellip;]\" \/>\n<meta property=\"og:url\" content=\"https:\/\/www.interflora.se\/inspiration\/blomfakta-amaryllis\/\" \/>\n<meta property=\"og:site_name\" content=\"Inspiration om blommor, krukv\u00e4xter &amp; trender | Interflora\" \/>\n<meta property=\"article:publisher\" content=\"https:\/\/www.facebook.com\/InterfloraAB\" \/>\n<meta property=\"article:published_time\" content=\"2025-11-08T16:01:10+00:00\" \/>\n<meta property=\"article:modified_time\" content=\"2025-12-04T09:59:22+00:00\" \/>\n<meta property=\"og:image\" content=\"https:\/\/www.interflora.se\/inspiration\/wp-content\/uploads\/2025\/11\/1201862-Decemberbukett-2025-m2.avif\" \/>\n\t<meta property=\"og:image:width\" content=\"745\" \/>\n\t<meta property=\"og:image:height\" content=\"931\" \/>\n\t<meta property=\"og:image:type\" content=\"image\/jpeg\" \/>\n<meta name=\"author\" content=\"admin\" \/>\n<meta name=\"twitter:card\" content=\"summary_large_image\" \/>\n<meta name=\"twitter:label1\" content=\"Skriven av\" \/>\n\t<meta name=\"twitter:data1\" content=\"admin\" \/>\n\t<meta name=\"twitter:label2\" content=\"Ber\u00e4knad l\u00e4stid\" \/>\n\t<meta name=\"twitter:data2\" content=\"8 minuter\" \/>\n<script type=\"application\/ld+json\" class=\"yoast-schema-graph\">{\"@context\":\"https:\\\/\\\/schema.org\",\"@graph\":[{\"@type\":\"Article\",\"@id\":\"https:\\\/\\\/www.interflora.se\\\/inspiration\\\/blomfakta-amaryllis\\\/#article\",\"isPartOf\":{\"@id\":\"https:\\\/\\\/www.interflora.se\\\/inspiration\\\/blomfakta-amaryllis\\\/\"},\"author\":{\"name\":\"admin\",\"@id\":\"https:\\\/\\\/www.interflora.se\\\/inspiration\\\/#\\\/schema\\\/person\\\/dbbd1ad45e05409c356dc639597669f2\"},\"headline\":\"Amaryllis &#8211; fakta &#038; sk\u00f6tselr\u00e5d\",\"datePublished\":\"2025-11-08T16:01:10+00:00\",\"dateModified\":\"2025-12-04T09:59:22+00:00\",\"mainEntityOfPage\":{\"@id\":\"https:\\\/\\\/www.interflora.se\\\/inspiration\\\/blomfakta-amaryllis\\\/\"},\"wordCount\":1510,\"commentCount\":0,\"publisher\":{\"@id\":\"https:\\\/\\\/www.interflora.se\\\/inspiration\\\/#organization\"},\"image\":{\"@id\":\"https:\\\/\\\/www.interflora.se\\\/inspiration\\\/blomfakta-amaryllis\\\/#primaryimage\"},\"thumbnailUrl\":\"https:\\\/\\\/www.interflora.se\\\/inspiration\\\/wp-content\\\/uploads\\\/2025\\\/11\\\/1201862-Decemberbukett-2025-m2.avif\",\"articleSection\":[\"Blomfakta &amp; sk\u00f6tselr\u00e5d\",\"Jul: Inspiration f\u00f6r en magisk vinter\",\"Vinter\"],\"inLanguage\":\"sv-SE\",\"potentialAction\":[{\"@type\":\"CommentAction\",\"name\":\"Comment\",\"target\":[\"https:\\\/\\\/www.interflora.se\\\/inspiration\\\/blomfakta-amaryllis\\\/#respond\"]}]},{\"@type\":\"WebPage\",\"@id\":\"https:\\\/\\\/www.interflora.se\\\/inspiration\\\/blomfakta-amaryllis\\\/\",\"url\":\"https:\\\/\\\/www.interflora.se\\\/inspiration\\\/blomfakta-amaryllis\\\/\",\"name\":\"Amaryllis - fakta & sk\u00f6tselr\u00e5d | Interflora\",\"isPartOf\":{\"@id\":\"https:\\\/\\\/www.interflora.se\\\/inspiration\\\/#website\"},\"primaryImageOfPage\":{\"@id\":\"https:\\\/\\\/www.interflora.se\\\/inspiration\\\/blomfakta-amaryllis\\\/#primaryimage\"},\"image\":{\"@id\":\"https:\\\/\\\/www.interflora.se\\\/inspiration\\\/blomfakta-amaryllis\\\/#primaryimage\"},\"thumbnailUrl\":\"https:\\\/\\\/www.interflora.se\\\/inspiration\\\/wp-content\\\/uploads\\\/2025\\\/11\\\/1201862-Decemberbukett-2025-m2.avif\",\"datePublished\":\"2025-11-08T16:01:10+00:00\",\"dateModified\":\"2025-12-04T09:59:22+00:00\",\"breadcrumb\":{\"@id\":\"https:\\\/\\\/www.interflora.se\\\/inspiration\\\/blomfakta-amaryllis\\\/#breadcrumb\"},\"inLanguage\":\"sv-SE\",\"potentialAction\":[{\"@type\":\"ReadAction\",\"target\":[\"https:\\\/\\\/www.interflora.se\\\/inspiration\\\/blomfakta-amaryllis\\\/\"]}]},{\"@type\":\"ImageObject\",\"inLanguage\":\"sv-SE\",\"@id\":\"https:\\\/\\\/www.interflora.se\\\/inspiration\\\/blomfakta-amaryllis\\\/#primaryimage\",\"url\":\"https:\\\/\\\/www.interflora.se\\\/inspiration\\\/wp-content\\\/uploads\\\/2025\\\/11\\\/1201862-Decemberbukett-2025-m2.avif\",\"contentUrl\":\"https:\\\/\\\/www.interflora.se\\\/inspiration\\\/wp-content\\\/uploads\\\/2025\\\/11\\\/1201862-Decemberbukett-2025-m2.avif\",\"width\":745,\"height\":931},{\"@type\":\"BreadcrumbList\",\"@id\":\"https:\\\/\\\/www.interflora.se\\\/inspiration\\\/blomfakta-amaryllis\\\/#breadcrumb\",\"itemListElement\":[{\"@type\":\"ListItem\",\"position\":1,\"name\":\"Home\",\"item\":\"https:\\\/\\\/www.interflora.se\\\/inspiration\\\/\"},{\"@type\":\"ListItem\",\"position\":2,\"name\":\"Amaryllis &#8211; fakta &#038; sk\u00f6tselr\u00e5d\"}]},{\"@type\":\"WebSite\",\"@id\":\"https:\\\/\\\/www.interflora.se\\\/inspiration\\\/#website\",\"url\":\"https:\\\/\\\/www.interflora.se\\\/inspiration\\\/\",\"name\":\"Interflora\",\"description\":\"\",\"publisher\":{\"@id\":\"https:\\\/\\\/www.interflora.se\\\/inspiration\\\/#organization\"},\"potentialAction\":[{\"@type\":\"SearchAction\",\"target\":{\"@type\":\"EntryPoint\",\"urlTemplate\":\"https:\\\/\\\/www.interflora.se\\\/inspiration\\\/?s={search_term_string}\"},\"query-input\":{\"@type\":\"PropertyValueSpecification\",\"valueRequired\":true,\"valueName\":\"search_term_string\"}}],\"inLanguage\":\"sv-SE\"},{\"@type\":\"Organization\",\"@id\":\"https:\\\/\\\/www.interflora.se\\\/inspiration\\\/#organization\",\"name\":\"Interflora\",\"url\":\"https:\\\/\\\/www.interflora.se\\\/inspiration\\\/\",\"logo\":{\"@type\":\"ImageObject\",\"inLanguage\":\"sv-SE\",\"@id\":\"https:\\\/\\\/www.interflora.se\\\/inspiration\\\/#\\\/schema\\\/logo\\\/image\\\/\",\"url\":\"https:\\\/\\\/www.interflora.se\\\/inspiration\\\/wp-content\\\/uploads\\\/2025\\\/09\\\/cropped-220422_INTERFLORA_Logo_rgb_Half_Top_Circle_Main_Color.avif\",\"contentUrl\":\"https:\\\/\\\/www.interflora.se\\\/inspiration\\\/wp-content\\\/uploads\\\/2025\\\/09\\\/cropped-220422_INTERFLORA_Logo_rgb_Half_Top_Circle_Main_Color.avif\",\"width\":1418,\"height\":662,\"caption\":\"Interflora\"},\"image\":{\"@id\":\"https:\\\/\\\/www.interflora.se\\\/inspiration\\\/#\\\/schema\\\/logo\\\/image\\\/\"},\"sameAs\":[\"https:\\\/\\\/www.facebook.com\\\/InterfloraAB\",\"https:\\\/\\\/www.instagram.com\\\/interflora_ab\\\/\",\"https:\\\/\\\/www.linkedin.com\\\/company\\\/1494362\",\"https:\\\/\\\/www.youtube.com\\\/channel\\\/UCZgDzGWB2VRxaoWFUmXnk1w\"]},{\"@type\":\"Person\",\"@id\":\"https:\\\/\\\/www.interflora.se\\\/inspiration\\\/#\\\/schema\\\/person\\\/dbbd1ad45e05409c356dc639597669f2\",\"name\":\"admin\",\"image\":{\"@type\":\"ImageObject\",\"inLanguage\":\"sv-SE\",\"@id\":\"https:\\\/\\\/www.interflora.se\\\/inspiration\\\/wp-content\\\/litespeed\\\/avatar\\\/1fe3cced9e67df62d0a6f995d75823a5.jpg?ver=1777362393\",\"url\":\"https:\\\/\\\/www.interflora.se\\\/inspiration\\\/wp-content\\\/litespeed\\\/avatar\\\/1fe3cced9e67df62d0a6f995d75823a5.jpg?ver=1777362393\",\"contentUrl\":\"https:\\\/\\\/www.interflora.se\\\/inspiration\\\/wp-content\\\/litespeed\\\/avatar\\\/1fe3cced9e67df62d0a6f995d75823a5.jpg?ver=1777362393\",\"caption\":\"admin\"},\"sameAs\":[\"https:\\\/\\\/www.interflora.se\\\/inspiration\"],\"url\":\"https:\\\/\\\/www.interflora.se\\\/inspiration\\\/author\\\/admin\\\/\"}]}<\/script>\n<!-- \/ Yoast SEO plugin. -->","yoast_head_json":{"title":"Amaryllis - fakta & sk\u00f6tselr\u00e5d | Interflora","robots":{"index":"index","follow":"follow","max-snippet":"max-snippet:-1","max-image-preview":"max-image-preview:large","max-video-preview":"max-video-preview:-1"},"canonical":"https:\/\/www.interflora.se\/inspiration\/blomfakta-amaryllis\/","og_locale":"sv_SE","og_type":"article","og_title":"Amaryllis - fakta & sk\u00f6tselr\u00e5d | Interflora","og_description":"Amaryllis, \u00e4ven k\u00e4nd som Hippeastrum, \u00e4r en vacker och popul\u00e4r blomma som pryder m\u00e5nga hem under juls\u00e4songen. Denna artikel ger [&hellip;]","og_url":"https:\/\/www.interflora.se\/inspiration\/blomfakta-amaryllis\/","og_site_name":"Inspiration om blommor, krukv\u00e4xter &amp; trender | Interflora","article_publisher":"https:\/\/www.facebook.com\/InterfloraAB","article_published_time":"2025-11-08T16:01:10+00:00","article_modified_time":"2025-12-04T09:59:22+00:00","og_image":[{"width":745,"height":931,"url":"https:\/\/www.interflora.se\/inspiration\/wp-content\/uploads\/2025\/11\/1201862-Decemberbukett-2025-m2.avif","type":"image\/jpeg"}],"author":"admin","twitter_card":"summary_large_image","twitter_misc":{"Skriven av":"admin","Ber\u00e4knad l\u00e4stid":"8 minuter"},"schema":{"@context":"https:\/\/schema.org","@graph":[{"@type":"Article","@id":"https:\/\/www.interflora.se\/inspiration\/blomfakta-amaryllis\/#article","isPartOf":{"@id":"https:\/\/www.interflora.se\/inspiration\/blomfakta-amaryllis\/"},"author":{"name":"admin","@id":"https:\/\/www.interflora.se\/inspiration\/#\/schema\/person\/dbbd1ad45e05409c356dc639597669f2"},"headline":"Amaryllis &#8211; fakta &#038; sk\u00f6tselr\u00e5d","datePublished":"2025-11-08T16:01:10+00:00","dateModified":"2025-12-04T09:59:22+00:00","mainEntityOfPage":{"@id":"https:\/\/www.interflora.se\/inspiration\/blomfakta-amaryllis\/"},"wordCount":1510,"commentCount":0,"publisher":{"@id":"https:\/\/www.interflora.se\/inspiration\/#organization"},"image":{"@id":"https:\/\/www.interflora.se\/inspiration\/blomfakta-amaryllis\/#primaryimage"},"thumbnailUrl":"https:\/\/www.interflora.se\/inspiration\/wp-content\/uploads\/2025\/11\/1201862-Decemberbukett-2025-m2.avif","articleSection":["Blomfakta &amp; sk\u00f6tselr\u00e5d","Jul: Inspiration f\u00f6r en magisk vinter","Vinter"],"inLanguage":"sv-SE","potentialAction":[{"@type":"CommentAction","name":"Comment","target":["https:\/\/www.interflora.se\/inspiration\/blomfakta-amaryllis\/#respond"]}]},{"@type":"WebPage","@id":"https:\/\/www.interflora.se\/inspiration\/blomfakta-amaryllis\/","url":"https:\/\/www.interflora.se\/inspiration\/blomfakta-amaryllis\/","name":"Amaryllis - fakta & sk\u00f6tselr\u00e5d | Interflora","isPartOf":{"@id":"https:\/\/www.interflora.se\/inspiration\/#website"},"primaryImageOfPage":{"@id":"https:\/\/www.interflora.se\/inspiration\/blomfakta-amaryllis\/#primaryimage"},"image":{"@id":"https:\/\/www.interflora.se\/inspiration\/blomfakta-amaryllis\/#primaryimage"},"thumbnailUrl":"https:\/\/www.interflora.se\/inspiration\/wp-content\/uploads\/2025\/11\/1201862-Decemberbukett-2025-m2.avif","datePublished":"2025-11-08T16:01:10+00:00","dateModified":"2025-12-04T09:59:22+00:00","breadcrumb":{"@id":"https:\/\/www.interflora.se\/inspiration\/blomfakta-amaryllis\/#breadcrumb"},"inLanguage":"sv-SE","potentialAction":[{"@type":"ReadAction","target":["https:\/\/www.interflora.se\/inspiration\/blomfakta-amaryllis\/"]}]},{"@type":"ImageObject","inLanguage":"sv-SE","@id":"https:\/\/www.interflora.se\/inspiration\/blomfakta-amaryllis\/#primaryimage","url":"https:\/\/www.interflora.se\/inspiration\/wp-content\/uploads\/2025\/11\/1201862-Decemberbukett-2025-m2.avif","contentUrl":"https:\/\/www.interflora.se\/inspiration\/wp-content\/uploads\/2025\/11\/1201862-Decemberbukett-2025-m2.avif","width":745,"height":931},{"@type":"BreadcrumbList","@id":"https:\/\/www.interflora.se\/inspiration\/blomfakta-amaryllis\/#breadcrumb","itemListElement":[{"@type":"ListItem","position":1,"name":"Home","item":"https:\/\/www.interflora.se\/inspiration\/"},{"@type":"ListItem","position":2,"name":"Amaryllis &#8211; fakta &#038; sk\u00f6tselr\u00e5d"}]},{"@type":"WebSite","@id":"https:\/\/www.interflora.se\/inspiration\/#website","url":"https:\/\/www.interflora.se\/inspiration\/","name":"Interflora","description":"","publisher":{"@id":"https:\/\/www.interflora.se\/inspiration\/#organization"},"potentialAction":[{"@type":"SearchAction","target":{"@type":"EntryPoint","urlTemplate":"https:\/\/www.interflora.se\/inspiration\/?s={search_term_string}"},"query-input":{"@type":"PropertyValueSpecification","valueRequired":true,"valueName":"search_term_string"}}],"inLanguage":"sv-SE"},{"@type":"Organization","@id":"https:\/\/www.interflora.se\/inspiration\/#organization","name":"Interflora","url":"https:\/\/www.interflora.se\/inspiration\/","logo":{"@type":"ImageObject","inLanguage":"sv-SE","@id":"https:\/\/www.interflora.se\/inspiration\/#\/schema\/logo\/image\/","url":"https:\/\/www.interflora.se\/inspiration\/wp-content\/uploads\/2025\/09\/cropped-220422_INTERFLORA_Logo_rgb_Half_Top_Circle_Main_Color.avif","contentUrl":"https:\/\/www.interflora.se\/inspiration\/wp-content\/uploads\/2025\/09\/cropped-220422_INTERFLORA_Logo_rgb_Half_Top_Circle_Main_Color.avif","width":1418,"height":662,"caption":"Interflora"},"image":{"@id":"https:\/\/www.interflora.se\/inspiration\/#\/schema\/logo\/image\/"},"sameAs":["https:\/\/www.facebook.com\/InterfloraAB","https:\/\/www.instagram.com\/interflora_ab\/","https:\/\/www.linkedin.com\/company\/1494362","https:\/\/www.youtube.com\/channel\/UCZgDzGWB2VRxaoWFUmXnk1w"]},{"@type":"Person","@id":"https:\/\/www.interflora.se\/inspiration\/#\/schema\/person\/dbbd1ad45e05409c356dc639597669f2","name":"admin","image":{"@type":"ImageObject","inLanguage":"sv-SE","@id":"https:\/\/www.interflora.se\/inspiration\/wp-content\/litespeed\/avatar\/1fe3cced9e67df62d0a6f995d75823a5.jpg?ver=1777362393","url":"https:\/\/www.interflora.se\/inspiration\/wp-content\/litespeed\/avatar\/1fe3cced9e67df62d0a6f995d75823a5.jpg?ver=1777362393","contentUrl":"https:\/\/www.interflora.se\/inspiration\/wp-content\/litespeed\/avatar\/1fe3cced9e67df62d0a6f995d75823a5.jpg?ver=1777362393","caption":"admin"},"sameAs":["https:\/\/www.interflora.se\/inspiration"],"url":"https:\/\/www.interflora.se\/inspiration\/author\/admin\/"}]}},"uagb_featured_image_src":{"full":["https:\/\/www.interflora.se\/inspiration\/wp-content\/uploads\/2025\/11\/1201862-Decemberbukett-2025-m2.avif",745,931,false],"thumbnail":["https:\/\/www.interflora.se\/inspiration\/wp-content\/uploads\/2025\/11\/1201862-Decemberbukett-2025-m2-150x150.avif",150,150,true],"medium":["https:\/\/www.interflora.se\/inspiration\/wp-content\/uploads\/2025\/11\/1201862-Decemberbukett-2025-m2-240x300.avif",240,300,true],"medium_large":["https:\/\/www.interflora.se\/inspiration\/wp-content\/uploads\/2025\/11\/1201862-Decemberbukett-2025-m2.avif",745,931,false],"large":["https:\/\/www.interflora.se\/inspiration\/wp-content\/uploads\/2025\/11\/1201862-Decemberbukett-2025-m2.avif",745,931,false],"1536x1536":["https:\/\/www.interflora.se\/inspiration\/wp-content\/uploads\/2025\/11\/1201862-Decemberbukett-2025-m2.avif",745,931,false],"2048x2048":["https:\/\/www.interflora.se\/inspiration\/wp-content\/uploads\/2025\/11\/1201862-Decemberbukett-2025-m2.avif",745,931,false]},"uagb_author_info":{"display_name":"admin","author_link":"https:\/\/www.interflora.se\/inspiration\/author\/admin\/"},"uagb_comment_info":0,"uagb_excerpt":"Amaryllis, \u00e4ven k\u00e4nd som Hippeastrum, \u00e4r en vacker och popul\u00e4r blomma som pryder m\u00e5nga hem under juls\u00e4songen. Denna artikel ger [&hellip;]","_links":{"self":[{"href":"https:\/\/www.interflora.se\/inspiration\/wp-json\/wp\/v2\/posts\/99","targetHints":{"allow":["GET"]}}],"collection":[{"href":"https:\/\/www.interflora.se\/inspiration\/wp-json\/wp\/v2\/posts"}],"about":[{"href":"https:\/\/www.interflora.se\/inspiration\/wp-json\/wp\/v2\/types\/post"}],"author":[{"embeddable":true,"href":"https:\/\/www.interflora.se\/inspiration\/wp-json\/wp\/v2\/users\/1"}],"replies":[{"embeddable":true,"href":"https:\/\/www.interflora.se\/inspiration\/wp-json\/wp\/v2\/comments?post=99"}],"version-history":[{"count":4,"href":"https:\/\/www.interflora.se\/inspiration\/wp-json\/wp\/v2\/posts\/99\/revisions"}],"predecessor-version":[{"id":4984,"href":"https:\/\/www.interflora.se\/inspiration\/wp-json\/wp\/v2\/posts\/99\/revisions\/4984"}],"wp:featuredmedia":[{"embeddable":true,"href":"https:\/\/www.interflora.se\/inspiration\/wp-json\/wp\/v2\/media\/4870"}],"wp:attachment":[{"href":"https:\/\/www.interflora.se\/inspiration\/wp-json\/wp\/v2\/media?parent=99"}],"wp:term":[{"taxonomy":"category","embeddable":true,"href":"https:\/\/www.interflora.se\/inspiration\/wp-json\/wp\/v2\/categories?post=99"},{"taxonomy":"post_tag","embeddable":true,"href":"https:\/\/www.interflora.se\/inspiration\/wp-json\/wp\/v2\/tags?post=99"}],"curies":[{"name":"wp","href":"https:\/\/api.w.org\/{rel}","templated":true}]}}