{"id":95,"date":"2024-07-04T10:44:00","date_gmt":"2024-07-04T08:44:00","guid":{"rendered":"http:\/\/preprodblog.interflora.se\/blog\/?p=95"},"modified":"2025-03-28T11:14:39","modified_gmt":"2025-03-28T10:14:39","slug":"bjud-pa-en-blomstrande-sommartarta","status":"publish","type":"post","link":"https:\/\/www.interflora.se\/inspiration\/bjud-pa-en-blomstrande-sommartarta\/","title":{"rendered":"Bjud p\u00e5 en blomstrande sommart\u00e5rta"},"content":{"rendered":"\n<p>Sommaren \u00e4r full av h\u00f6gtider och festliga tillf\u00e4llen \u2013 skolavslutningar, f\u00f6delsedagar, midsommar, kr\u00e4ftskivor och mycket annat. Fira&nbsp;med en vacker hembakad blomstert\u00e5rta!<\/p>\n\n\n\n<figure class=\"wp-block-image\"><img decoding=\"async\" src=\"https:\/\/www.interflora.se\/inspiration\/wp-content\/uploads\/2025\/03\/blommig-tarta-topp.jpg\" alt=\"Blommig-t\u00e5rta-topp.jpg\"\/><\/figure>\n\n\n\n<p>S\u00e4songens skira v\u00e4xtlighet bjuder frikostigt p\u00e5 utsmyckning till maten och borden. Fyll vaser med sommarens v\u00e4ldoft, men passa p\u00e5 att ta blomsterprakten ett steg l\u00e4ngre \u2013 \u00f6verraska med bakverk dekorerade med \u00e4tbara blommor!<\/p>\n\n\n\n<p>Extra festligt blir det med en h\u00f6g t\u00e5rta. Baka tv\u00e5 sockerkaksbottnar, g\u00f6r dem i omg\u00e5ngar om du bara har en form. Receptet hittar du h\u00e4r nedan. Sk\u00e4r varje botten i tv\u00e5 delar s\u00e5 att du f\u00e5r totalt fyra lager att varva med fyllning.<\/p>\n\n\n\n<p>Se exempel p\u00e5&nbsp;<a href=\"https:\/\/www.interflora.se\/inspiration\/tips\/blommor-att-ata\/\">\u00e4tbara blommor<\/a>.<br><\/p>\n\n\n\n<h2 class=\"wp-block-heading\">V\u00e5ga dekorera kreativt och sp\u00e4nnande<\/h2>\n\n\n\n<ol class=\"wp-block-list\">\n<li>F\u00f6rbered en fyllning. Vispa 5 dl gr\u00e4dde med 3 dl mascarpone till en fluffig fast kr\u00e4m. Smaks\u00e4tt h\u00e4lften med jordgubbssylt, k\u00f6rsb\u00e4rsmarmelad eller hemlagad rabarberkompott.<\/li>\n\n\n\n<li>Varva t\u00e5rtbottnarna med smaksatt fyllning och f\u00e4rska b\u00e4r. Inte f\u00f6r mycket, t\u00e5rtan kan l\u00e4tt bli instabil och b\u00f6rja luta.<\/li>\n\n\n\n<li>Bred ett lager av gr\u00e4dde- och mascarponeblandning p\u00e5 toppen av t\u00e5rtan samt p\u00e5 sidorna. Anv\u00e4nd helst en t\u00e5rtspatel som \u00e4r l\u00e5ng och vinklad s\u00e5 g\u00e5r det l\u00e4tt och blir snyggt.<\/li>\n\n\n\n<li>Skiva jordgubbarna. F\u00f6rdela dem p\u00e5 toppen, lite ovanp\u00e5 varandra. L\u00e4gg p\u00e5 f\u00e4rska hallon och bl\u00e5b\u00e4r. Undvik att jobba i m\u00f6nster, v\u00e5ga dekorera asymmetriskt. Det ser kreativt och sp\u00e4nnande ut.<\/li>\n\n\n\n<li>Fyll ut tomrummen med \u00e4tbara blommor, som viol och syren. F\u00f6rst glest \u00f6ver hela t\u00e5rtan, forts\u00e4tt i omg\u00e5ngar tills du \u00e4r n\u00f6jd.<\/li>\n\n\n\n<li>Dekorera t\u00e5rtans sidor. Plocka is\u00e4r kronbladen fr\u00e5n en \u00e4tlig blomma och tryck fast dem ett och ett, tillsammans med hela violer, pens\u00e9er och syrenblommor.<\/li>\n<\/ol>\n\n\n\n<p>B\u00e4r, \u00e4tbara blommor och mar\u00e4nger toppar t\u00e5rtan. Undvik att dekorera alltf\u00f6r tillr\u00e4ttalagt och symmetriskt. Placera f\u00f6rst blommorna glest \u00f6ver t\u00e5rtan, fyll sedan p\u00e5 tills du \u00e4r n\u00f6jd med helheten.<\/p>\n\n\n\n<figure class=\"wp-block-gallery has-nested-images columns-default is-cropped wp-block-gallery-1 is-layout-flex wp-block-gallery-is-layout-flex\">\n<figure class=\"wp-block-image size-large\"><img decoding=\"async\" src=\"https:\/\/www.interflora.se\/inspiration\/wp-content\/uploads\/2025\/03\/blommig-tarta-narbild-6.jpg\" alt=\"\"\/><\/figure>\n\n\n\n<figure class=\"wp-block-image size-large\"><img decoding=\"async\" src=\"https:\/\/www.interflora.se\/inspiration\/wp-content\/uploads\/2025\/03\/blommig-tarta_8.jpg\" alt=\"\"\/><\/figure>\n<\/figure>\n\n\n\n<h2 class=\"wp-block-heading\"><br>Bjud p\u00e5 bakelser<\/h2>\n\n\n\n<p>Sm\u00e5 s\u00f6ta blomsterbakelser kompletterar t\u00e5rtan och blir fina p\u00e5 kakfatet. Ta ett glas eller en kopp i l\u00e4mplig storlek och stansa ut rundlar ur en t\u00e5rtbotten. F\u00f6lj beskrivningen f\u00f6r blomstert\u00e5rtan.<\/p>\n\n\n\n<p>Bakelserna \u00e4r gjorda av minibottnar som stansats ut med ett glas ur en t\u00e5rtbotten. Fyllningen \u00e4r densamma som i t\u00e5rtan.<\/p>\n\n\n\n<p>Om du vill kan du \u00e4ven spritsa sm\u00e5 dekorativa rosor eller toppar. Anv\u00e4nd samma fyllning som du anv\u00e4nt mellan bottnarna. Mar\u00e4nger \u00e4r ocks\u00e5 fina som dekoration.<\/p>\n\n\n\n<figure class=\"wp-block-gallery has-nested-images columns-default is-cropped wp-block-gallery-2 is-layout-flex wp-block-gallery-is-layout-flex\">\n<figure class=\"wp-block-image size-large\"><img decoding=\"async\" src=\"https:\/\/www.interflora.se\/inspiration\/wp-content\/uploads\/2025\/03\/blommiga-bakelser-och-maranger-10.jpg\" alt=\"\"\/><\/figure>\n\n\n\n<figure class=\"wp-block-image size-large\"><img decoding=\"async\" src=\"https:\/\/www.interflora.se\/inspiration\/wp-content\/uploads\/2025\/03\/blommiga-bakelser-sommarmagasin-2020-6.jpg\" alt=\"\"\/><\/figure>\n<\/figure>\n\n\n\n<h2 class=\"wp-block-heading\">T\u00e5rtbotten (sockerkaka)<\/h2>\n\n\n\n<ul class=\"wp-block-list\">\n<li>3 st \u00e4gg<\/li>\n\n\n\n<li>3 dl str\u00f6socker<\/li>\n\n\n\n<li>3,5 dl vetemj\u00f6l<\/li>\n\n\n\n<li>2 tsk bakpulver<\/li>\n\n\n\n<li>1,5 dl mj\u00f6lk<\/li>\n\n\n\n<li>50 g sm\u00f6r eller margarin<\/li>\n<\/ul>\n\n\n\n<p><strong><br>G\u00f6r s\u00e5 h\u00e4r:<\/strong><\/p>\n\n\n\n<p>1. S\u00e4tt ugnen p\u00e5 175\u00b0C.<\/p>\n\n\n\n<p>2. Sm\u00f6rj och br\u00f6a en bakform, cirka 2 liter eller 24 cm i diameter.<\/p>\n\n\n\n<p>3. Vispa \u00e4gg och socker p\u00f6sigt. Blanda mj\u00f6l och bakpulver.<\/p>\n\n\n\n<p>4. Koka upp mj\u00f6lken med matfettet och r\u00f6r ner det i mj\u00f6lblandningen. H\u00e4ll smeten i formen.<\/p>\n\n\n\n<p>5. Gr\u00e4dda kakan genast i nedre delen av ugnen 35\u201340 minuter.<\/p>\n\n\n\n<p>6. L\u00e5t kakan svalna innan du delar den p\u00e5 mitten med en l\u00e5ng vass kniv.<\/p>\n\n\n\n<figure class=\"wp-block-gallery has-nested-images columns-default is-cropped wp-block-gallery-3 is-layout-flex wp-block-gallery-is-layout-flex\">\n<figure class=\"wp-block-image size-large\"><img decoding=\"async\" src=\"https:\/\/www.interflora.se\/inspiration\/wp-content\/uploads\/2025\/03\/blommiga-godsaker-uppdukat_6.jpg\" alt=\"\"\/><\/figure>\n\n\n\n<figure class=\"wp-block-image size-large\"><img decoding=\"async\" src=\"https:\/\/www.interflora.se\/inspiration\/wp-content\/uploads\/2025\/03\/blommiga-godsaker-uppdukat.jpg\" alt=\"\"\/><\/figure>\n<\/figure>\n\n\n\n<p>Att servera dryck ur glasburkar k\u00e4nns enkelt och somrigt. Toppa med n\u00e5gra blad av citronmeliss, syrenblommor och violer.<\/p>\n","protected":false},"excerpt":{"rendered":"<p>Sommaren \u00e4r full av h\u00f6gtider och festliga tillf\u00e4llen \u2013 skolavslutningar, f\u00f6delsedagar, midsommar, kr\u00e4ftskivor och mycket annat. Fira&nbsp;med en vacker hembakad [&hellip;]<\/p>\n","protected":false},"author":1,"featured_media":1697,"comment_status":"open","ping_status":"open","sticky":false,"template":"","format":"standard","meta":{"_uag_custom_page_level_css":"","site-sidebar-layout":"default","site-content-layout":"","ast-site-content-layout":"default","site-content-style":"default","site-sidebar-style":"default","ast-global-header-display":"","ast-banner-title-visibility":"","ast-main-header-display":"","ast-hfb-above-header-display":"","ast-hfb-below-header-display":"","ast-hfb-mobile-header-display":"","site-post-title":"","ast-breadcrumbs-content":"","ast-featured-img":"","footer-sml-layout":"","ast-disable-related-posts":"","theme-transparent-header-meta":"","adv-header-id-meta":"","stick-header-meta":"","header-above-stick-meta":"","header-main-stick-meta":"","header-below-stick-meta":"","astra-migrate-meta-layouts":"default","ast-page-background-enabled":"default","ast-page-background-meta":{"desktop":{"background-color":"var(--ast-global-color-5)","background-image":"","background-repeat":"repeat","background-position":"center center","background-size":"auto","background-attachment":"scroll","background-type":"","background-media":"","overlay-type":"","overlay-color":"","overlay-opacity":"","overlay-gradient":""},"tablet":{"background-color":"","background-image":"","background-repeat":"repeat","background-position":"center center","background-size":"auto","background-attachment":"scroll","background-type":"","background-media":"","overlay-type":"","overlay-color":"","overlay-opacity":"","overlay-gradient":""},"mobile":{"background-color":"","background-image":"","background-repeat":"repeat","background-position":"center center","background-size":"auto","background-attachment":"scroll","background-type":"","background-media":"","overlay-type":"","overlay-color":"","overlay-opacity":"","overlay-gradient":""}},"ast-content-background-meta":{"desktop":{"background-color":"var(--ast-global-color-4)","background-image":"","background-repeat":"repeat","background-position":"center center","background-size":"auto","background-attachment":"scroll","background-type":"","background-media":"","overlay-type":"","overlay-color":"","overlay-opacity":"","overlay-gradient":""},"tablet":{"background-color":"var(--ast-global-color-4)","background-image":"","background-repeat":"repeat","background-position":"center center","background-size":"auto","background-attachment":"scroll","background-type":"","background-media":"","overlay-type":"","overlay-color":"","overlay-opacity":"","overlay-gradient":""},"mobile":{"background-color":"var(--ast-global-color-4)","background-image":"","background-repeat":"repeat","background-position":"center center","background-size":"auto","background-attachment":"scroll","background-type":"","background-media":"","overlay-type":"","overlay-color":"","overlay-opacity":"","overlay-gradient":""}},"footnotes":""},"categories":[4],"tags":[],"class_list":["post-95","post","type-post","status-publish","format-standard","has-post-thumbnail","hentry","category-tips"],"yoast_head":"<!-- This site is optimized with the Yoast SEO plugin v27.4 - https:\/\/yoast.com\/product\/yoast-seo-wordpress\/ -->\n<title>Bjud p\u00e5 en blomstrande sommart\u00e5rta | Interflora<\/title>\n<meta name=\"robots\" content=\"index, follow, max-snippet:-1, max-image-preview:large, max-video-preview:-1\" \/>\n<link rel=\"canonical\" href=\"https:\/\/www.interflora.se\/inspiration\/bjud-pa-en-blomstrande-sommartarta\/\" \/>\n<meta property=\"og:locale\" content=\"sv_SE\" \/>\n<meta property=\"og:type\" content=\"article\" \/>\n<meta property=\"og:title\" content=\"Bjud p\u00e5 en blomstrande sommart\u00e5rta | Interflora\" \/>\n<meta property=\"og:description\" content=\"Sommaren \u00e4r full av h\u00f6gtider och festliga tillf\u00e4llen \u2013 skolavslutningar, f\u00f6delsedagar, midsommar, kr\u00e4ftskivor och mycket annat. Fira&nbsp;med en vacker hembakad [&hellip;]\" \/>\n<meta property=\"og:url\" content=\"https:\/\/www.interflora.se\/inspiration\/bjud-pa-en-blomstrande-sommartarta\/\" \/>\n<meta property=\"og:site_name\" content=\"Inspiration om blommor, krukv\u00e4xter &amp; trender | Interflora\" \/>\n<meta property=\"article:publisher\" content=\"https:\/\/www.facebook.com\/InterfloraAB\" \/>\n<meta property=\"article:published_time\" content=\"2024-07-04T08:44:00+00:00\" \/>\n<meta property=\"article:modified_time\" content=\"2025-03-28T10:14:39+00:00\" \/>\n<meta property=\"og:image\" content=\"https:\/\/www.interflora.se\/inspiration\/wp-content\/uploads\/2025\/03\/blommiga-godsaker-uppdukat.jpg\" \/>\n\t<meta property=\"og:image:width\" content=\"800\" \/>\n\t<meta property=\"og:image:height\" content=\"1000\" \/>\n\t<meta property=\"og:image:type\" content=\"image\/jpeg\" \/>\n<meta name=\"author\" content=\"admin\" \/>\n<meta name=\"twitter:card\" content=\"summary_large_image\" \/>\n<meta name=\"twitter:label1\" content=\"Skriven av\" \/>\n\t<meta name=\"twitter:data1\" content=\"admin\" \/>\n\t<meta name=\"twitter:label2\" content=\"Ber\u00e4knad l\u00e4stid\" \/>\n\t<meta name=\"twitter:data2\" content=\"3 minuter\" \/>\n<script type=\"application\/ld+json\" class=\"yoast-schema-graph\">{\"@context\":\"https:\\\/\\\/schema.org\",\"@graph\":[{\"@type\":\"Article\",\"@id\":\"https:\\\/\\\/www.interflora.se\\\/inspiration\\\/bjud-pa-en-blomstrande-sommartarta\\\/#article\",\"isPartOf\":{\"@id\":\"https:\\\/\\\/www.interflora.se\\\/inspiration\\\/bjud-pa-en-blomstrande-sommartarta\\\/\"},\"author\":{\"name\":\"admin\",\"@id\":\"https:\\\/\\\/www.interflora.se\\\/inspiration\\\/#\\\/schema\\\/person\\\/dbbd1ad45e05409c356dc639597669f2\"},\"headline\":\"Bjud p\u00e5 en blomstrande sommart\u00e5rta\",\"datePublished\":\"2024-07-04T08:44:00+00:00\",\"dateModified\":\"2025-03-28T10:14:39+00:00\",\"mainEntityOfPage\":{\"@id\":\"https:\\\/\\\/www.interflora.se\\\/inspiration\\\/bjud-pa-en-blomstrande-sommartarta\\\/\"},\"wordCount\":564,\"commentCount\":0,\"publisher\":{\"@id\":\"https:\\\/\\\/www.interflora.se\\\/inspiration\\\/#organization\"},\"image\":{\"@id\":\"https:\\\/\\\/www.interflora.se\\\/inspiration\\\/bjud-pa-en-blomstrande-sommartarta\\\/#primaryimage\"},\"thumbnailUrl\":\"https:\\\/\\\/www.interflora.se\\\/inspiration\\\/wp-content\\\/uploads\\\/2025\\\/03\\\/blommiga-godsaker-uppdukat.jpg\",\"articleSection\":[\"Tips\"],\"inLanguage\":\"sv-SE\",\"potentialAction\":[{\"@type\":\"CommentAction\",\"name\":\"Comment\",\"target\":[\"https:\\\/\\\/www.interflora.se\\\/inspiration\\\/bjud-pa-en-blomstrande-sommartarta\\\/#respond\"]}]},{\"@type\":\"WebPage\",\"@id\":\"https:\\\/\\\/www.interflora.se\\\/inspiration\\\/bjud-pa-en-blomstrande-sommartarta\\\/\",\"url\":\"https:\\\/\\\/www.interflora.se\\\/inspiration\\\/bjud-pa-en-blomstrande-sommartarta\\\/\",\"name\":\"Bjud p\u00e5 en blomstrande sommart\u00e5rta | Interflora\",\"isPartOf\":{\"@id\":\"https:\\\/\\\/www.interflora.se\\\/inspiration\\\/#website\"},\"primaryImageOfPage\":{\"@id\":\"https:\\\/\\\/www.interflora.se\\\/inspiration\\\/bjud-pa-en-blomstrande-sommartarta\\\/#primaryimage\"},\"image\":{\"@id\":\"https:\\\/\\\/www.interflora.se\\\/inspiration\\\/bjud-pa-en-blomstrande-sommartarta\\\/#primaryimage\"},\"thumbnailUrl\":\"https:\\\/\\\/www.interflora.se\\\/inspiration\\\/wp-content\\\/uploads\\\/2025\\\/03\\\/blommiga-godsaker-uppdukat.jpg\",\"datePublished\":\"2024-07-04T08:44:00+00:00\",\"dateModified\":\"2025-03-28T10:14:39+00:00\",\"breadcrumb\":{\"@id\":\"https:\\\/\\\/www.interflora.se\\\/inspiration\\\/bjud-pa-en-blomstrande-sommartarta\\\/#breadcrumb\"},\"inLanguage\":\"sv-SE\",\"potentialAction\":[{\"@type\":\"ReadAction\",\"target\":[\"https:\\\/\\\/www.interflora.se\\\/inspiration\\\/bjud-pa-en-blomstrande-sommartarta\\\/\"]}]},{\"@type\":\"ImageObject\",\"inLanguage\":\"sv-SE\",\"@id\":\"https:\\\/\\\/www.interflora.se\\\/inspiration\\\/bjud-pa-en-blomstrande-sommartarta\\\/#primaryimage\",\"url\":\"https:\\\/\\\/www.interflora.se\\\/inspiration\\\/wp-content\\\/uploads\\\/2025\\\/03\\\/blommiga-godsaker-uppdukat.jpg\",\"contentUrl\":\"https:\\\/\\\/www.interflora.se\\\/inspiration\\\/wp-content\\\/uploads\\\/2025\\\/03\\\/blommiga-godsaker-uppdukat.jpg\",\"width\":800,\"height\":1000},{\"@type\":\"BreadcrumbList\",\"@id\":\"https:\\\/\\\/www.interflora.se\\\/inspiration\\\/bjud-pa-en-blomstrande-sommartarta\\\/#breadcrumb\",\"itemListElement\":[{\"@type\":\"ListItem\",\"position\":1,\"name\":\"Home\",\"item\":\"https:\\\/\\\/www.interflora.se\\\/inspiration\\\/\"},{\"@type\":\"ListItem\",\"position\":2,\"name\":\"Bjud p\u00e5 en blomstrande sommart\u00e5rta\"}]},{\"@type\":\"WebSite\",\"@id\":\"https:\\\/\\\/www.interflora.se\\\/inspiration\\\/#website\",\"url\":\"https:\\\/\\\/www.interflora.se\\\/inspiration\\\/\",\"name\":\"Interflora\",\"description\":\"\",\"publisher\":{\"@id\":\"https:\\\/\\\/www.interflora.se\\\/inspiration\\\/#organization\"},\"potentialAction\":[{\"@type\":\"SearchAction\",\"target\":{\"@type\":\"EntryPoint\",\"urlTemplate\":\"https:\\\/\\\/www.interflora.se\\\/inspiration\\\/?s={search_term_string}\"},\"query-input\":{\"@type\":\"PropertyValueSpecification\",\"valueRequired\":true,\"valueName\":\"search_term_string\"}}],\"inLanguage\":\"sv-SE\"},{\"@type\":\"Organization\",\"@id\":\"https:\\\/\\\/www.interflora.se\\\/inspiration\\\/#organization\",\"name\":\"Interflora\",\"url\":\"https:\\\/\\\/www.interflora.se\\\/inspiration\\\/\",\"logo\":{\"@type\":\"ImageObject\",\"inLanguage\":\"sv-SE\",\"@id\":\"https:\\\/\\\/www.interflora.se\\\/inspiration\\\/#\\\/schema\\\/logo\\\/image\\\/\",\"url\":\"https:\\\/\\\/www.interflora.se\\\/inspiration\\\/wp-content\\\/uploads\\\/2025\\\/09\\\/cropped-220422_INTERFLORA_Logo_rgb_Half_Top_Circle_Main_Color.avif\",\"contentUrl\":\"https:\\\/\\\/www.interflora.se\\\/inspiration\\\/wp-content\\\/uploads\\\/2025\\\/09\\\/cropped-220422_INTERFLORA_Logo_rgb_Half_Top_Circle_Main_Color.avif\",\"width\":1418,\"height\":662,\"caption\":\"Interflora\"},\"image\":{\"@id\":\"https:\\\/\\\/www.interflora.se\\\/inspiration\\\/#\\\/schema\\\/logo\\\/image\\\/\"},\"sameAs\":[\"https:\\\/\\\/www.facebook.com\\\/InterfloraAB\",\"https:\\\/\\\/www.instagram.com\\\/interflora_ab\\\/\",\"https:\\\/\\\/www.linkedin.com\\\/company\\\/1494362\",\"https:\\\/\\\/www.youtube.com\\\/channel\\\/UCZgDzGWB2VRxaoWFUmXnk1w\"]},{\"@type\":\"Person\",\"@id\":\"https:\\\/\\\/www.interflora.se\\\/inspiration\\\/#\\\/schema\\\/person\\\/dbbd1ad45e05409c356dc639597669f2\",\"name\":\"admin\",\"image\":{\"@type\":\"ImageObject\",\"inLanguage\":\"sv-SE\",\"@id\":\"https:\\\/\\\/www.interflora.se\\\/inspiration\\\/wp-content\\\/litespeed\\\/avatar\\\/1fe3cced9e67df62d0a6f995d75823a5.jpg?ver=1777362393\",\"url\":\"https:\\\/\\\/www.interflora.se\\\/inspiration\\\/wp-content\\\/litespeed\\\/avatar\\\/1fe3cced9e67df62d0a6f995d75823a5.jpg?ver=1777362393\",\"contentUrl\":\"https:\\\/\\\/www.interflora.se\\\/inspiration\\\/wp-content\\\/litespeed\\\/avatar\\\/1fe3cced9e67df62d0a6f995d75823a5.jpg?ver=1777362393\",\"caption\":\"admin\"},\"sameAs\":[\"https:\\\/\\\/www.interflora.se\\\/inspiration\"],\"url\":\"https:\\\/\\\/www.interflora.se\\\/inspiration\\\/author\\\/admin\\\/\"}]}<\/script>\n<!-- \/ Yoast SEO plugin. -->","yoast_head_json":{"title":"Bjud p\u00e5 en blomstrande sommart\u00e5rta | Interflora","robots":{"index":"index","follow":"follow","max-snippet":"max-snippet:-1","max-image-preview":"max-image-preview:large","max-video-preview":"max-video-preview:-1"},"canonical":"https:\/\/www.interflora.se\/inspiration\/bjud-pa-en-blomstrande-sommartarta\/","og_locale":"sv_SE","og_type":"article","og_title":"Bjud p\u00e5 en blomstrande sommart\u00e5rta | Interflora","og_description":"Sommaren \u00e4r full av h\u00f6gtider och festliga tillf\u00e4llen \u2013 skolavslutningar, f\u00f6delsedagar, midsommar, kr\u00e4ftskivor och mycket annat. Fira&nbsp;med en vacker hembakad [&hellip;]","og_url":"https:\/\/www.interflora.se\/inspiration\/bjud-pa-en-blomstrande-sommartarta\/","og_site_name":"Inspiration om blommor, krukv\u00e4xter &amp; trender | Interflora","article_publisher":"https:\/\/www.facebook.com\/InterfloraAB","article_published_time":"2024-07-04T08:44:00+00:00","article_modified_time":"2025-03-28T10:14:39+00:00","og_image":[{"width":800,"height":1000,"url":"https:\/\/www.interflora.se\/inspiration\/wp-content\/uploads\/2025\/03\/blommiga-godsaker-uppdukat.jpg","type":"image\/jpeg"}],"author":"admin","twitter_card":"summary_large_image","twitter_misc":{"Skriven av":"admin","Ber\u00e4knad l\u00e4stid":"3 minuter"},"schema":{"@context":"https:\/\/schema.org","@graph":[{"@type":"Article","@id":"https:\/\/www.interflora.se\/inspiration\/bjud-pa-en-blomstrande-sommartarta\/#article","isPartOf":{"@id":"https:\/\/www.interflora.se\/inspiration\/bjud-pa-en-blomstrande-sommartarta\/"},"author":{"name":"admin","@id":"https:\/\/www.interflora.se\/inspiration\/#\/schema\/person\/dbbd1ad45e05409c356dc639597669f2"},"headline":"Bjud p\u00e5 en blomstrande sommart\u00e5rta","datePublished":"2024-07-04T08:44:00+00:00","dateModified":"2025-03-28T10:14:39+00:00","mainEntityOfPage":{"@id":"https:\/\/www.interflora.se\/inspiration\/bjud-pa-en-blomstrande-sommartarta\/"},"wordCount":564,"commentCount":0,"publisher":{"@id":"https:\/\/www.interflora.se\/inspiration\/#organization"},"image":{"@id":"https:\/\/www.interflora.se\/inspiration\/bjud-pa-en-blomstrande-sommartarta\/#primaryimage"},"thumbnailUrl":"https:\/\/www.interflora.se\/inspiration\/wp-content\/uploads\/2025\/03\/blommiga-godsaker-uppdukat.jpg","articleSection":["Tips"],"inLanguage":"sv-SE","potentialAction":[{"@type":"CommentAction","name":"Comment","target":["https:\/\/www.interflora.se\/inspiration\/bjud-pa-en-blomstrande-sommartarta\/#respond"]}]},{"@type":"WebPage","@id":"https:\/\/www.interflora.se\/inspiration\/bjud-pa-en-blomstrande-sommartarta\/","url":"https:\/\/www.interflora.se\/inspiration\/bjud-pa-en-blomstrande-sommartarta\/","name":"Bjud p\u00e5 en blomstrande sommart\u00e5rta | Interflora","isPartOf":{"@id":"https:\/\/www.interflora.se\/inspiration\/#website"},"primaryImageOfPage":{"@id":"https:\/\/www.interflora.se\/inspiration\/bjud-pa-en-blomstrande-sommartarta\/#primaryimage"},"image":{"@id":"https:\/\/www.interflora.se\/inspiration\/bjud-pa-en-blomstrande-sommartarta\/#primaryimage"},"thumbnailUrl":"https:\/\/www.interflora.se\/inspiration\/wp-content\/uploads\/2025\/03\/blommiga-godsaker-uppdukat.jpg","datePublished":"2024-07-04T08:44:00+00:00","dateModified":"2025-03-28T10:14:39+00:00","breadcrumb":{"@id":"https:\/\/www.interflora.se\/inspiration\/bjud-pa-en-blomstrande-sommartarta\/#breadcrumb"},"inLanguage":"sv-SE","potentialAction":[{"@type":"ReadAction","target":["https:\/\/www.interflora.se\/inspiration\/bjud-pa-en-blomstrande-sommartarta\/"]}]},{"@type":"ImageObject","inLanguage":"sv-SE","@id":"https:\/\/www.interflora.se\/inspiration\/bjud-pa-en-blomstrande-sommartarta\/#primaryimage","url":"https:\/\/www.interflora.se\/inspiration\/wp-content\/uploads\/2025\/03\/blommiga-godsaker-uppdukat.jpg","contentUrl":"https:\/\/www.interflora.se\/inspiration\/wp-content\/uploads\/2025\/03\/blommiga-godsaker-uppdukat.jpg","width":800,"height":1000},{"@type":"BreadcrumbList","@id":"https:\/\/www.interflora.se\/inspiration\/bjud-pa-en-blomstrande-sommartarta\/#breadcrumb","itemListElement":[{"@type":"ListItem","position":1,"name":"Home","item":"https:\/\/www.interflora.se\/inspiration\/"},{"@type":"ListItem","position":2,"name":"Bjud p\u00e5 en blomstrande sommart\u00e5rta"}]},{"@type":"WebSite","@id":"https:\/\/www.interflora.se\/inspiration\/#website","url":"https:\/\/www.interflora.se\/inspiration\/","name":"Interflora","description":"","publisher":{"@id":"https:\/\/www.interflora.se\/inspiration\/#organization"},"potentialAction":[{"@type":"SearchAction","target":{"@type":"EntryPoint","urlTemplate":"https:\/\/www.interflora.se\/inspiration\/?s={search_term_string}"},"query-input":{"@type":"PropertyValueSpecification","valueRequired":true,"valueName":"search_term_string"}}],"inLanguage":"sv-SE"},{"@type":"Organization","@id":"https:\/\/www.interflora.se\/inspiration\/#organization","name":"Interflora","url":"https:\/\/www.interflora.se\/inspiration\/","logo":{"@type":"ImageObject","inLanguage":"sv-SE","@id":"https:\/\/www.interflora.se\/inspiration\/#\/schema\/logo\/image\/","url":"https:\/\/www.interflora.se\/inspiration\/wp-content\/uploads\/2025\/09\/cropped-220422_INTERFLORA_Logo_rgb_Half_Top_Circle_Main_Color.avif","contentUrl":"https:\/\/www.interflora.se\/inspiration\/wp-content\/uploads\/2025\/09\/cropped-220422_INTERFLORA_Logo_rgb_Half_Top_Circle_Main_Color.avif","width":1418,"height":662,"caption":"Interflora"},"image":{"@id":"https:\/\/www.interflora.se\/inspiration\/#\/schema\/logo\/image\/"},"sameAs":["https:\/\/www.facebook.com\/InterfloraAB","https:\/\/www.instagram.com\/interflora_ab\/","https:\/\/www.linkedin.com\/company\/1494362","https:\/\/www.youtube.com\/channel\/UCZgDzGWB2VRxaoWFUmXnk1w"]},{"@type":"Person","@id":"https:\/\/www.interflora.se\/inspiration\/#\/schema\/person\/dbbd1ad45e05409c356dc639597669f2","name":"admin","image":{"@type":"ImageObject","inLanguage":"sv-SE","@id":"https:\/\/www.interflora.se\/inspiration\/wp-content\/litespeed\/avatar\/1fe3cced9e67df62d0a6f995d75823a5.jpg?ver=1777362393","url":"https:\/\/www.interflora.se\/inspiration\/wp-content\/litespeed\/avatar\/1fe3cced9e67df62d0a6f995d75823a5.jpg?ver=1777362393","contentUrl":"https:\/\/www.interflora.se\/inspiration\/wp-content\/litespeed\/avatar\/1fe3cced9e67df62d0a6f995d75823a5.jpg?ver=1777362393","caption":"admin"},"sameAs":["https:\/\/www.interflora.se\/inspiration"],"url":"https:\/\/www.interflora.se\/inspiration\/author\/admin\/"}]}},"uagb_featured_image_src":{"full":["https:\/\/www.interflora.se\/inspiration\/wp-content\/uploads\/2025\/03\/blommiga-godsaker-uppdukat.jpg",800,1000,false],"thumbnail":["https:\/\/www.interflora.se\/inspiration\/wp-content\/uploads\/2025\/03\/blommiga-godsaker-uppdukat-150x150.jpg",150,150,true],"medium":["https:\/\/www.interflora.se\/inspiration\/wp-content\/uploads\/2025\/03\/blommiga-godsaker-uppdukat-240x300.jpg",240,300,true],"medium_large":["https:\/\/www.interflora.se\/inspiration\/wp-content\/uploads\/2025\/03\/blommiga-godsaker-uppdukat-768x960.jpg",768,960,true],"large":["https:\/\/www.interflora.se\/inspiration\/wp-content\/uploads\/2025\/03\/blommiga-godsaker-uppdukat.jpg",800,1000,false],"1536x1536":["https:\/\/www.interflora.se\/inspiration\/wp-content\/uploads\/2025\/03\/blommiga-godsaker-uppdukat.jpg",800,1000,false],"2048x2048":["https:\/\/www.interflora.se\/inspiration\/wp-content\/uploads\/2025\/03\/blommiga-godsaker-uppdukat.jpg",800,1000,false]},"uagb_author_info":{"display_name":"admin","author_link":"https:\/\/www.interflora.se\/inspiration\/author\/admin\/"},"uagb_comment_info":0,"uagb_excerpt":"Sommaren \u00e4r full av h\u00f6gtider och festliga tillf\u00e4llen \u2013 skolavslutningar, f\u00f6delsedagar, midsommar, kr\u00e4ftskivor och mycket annat. Fira&nbsp;med en vacker hembakad [&hellip;]","_links":{"self":[{"href":"https:\/\/www.interflora.se\/inspiration\/wp-json\/wp\/v2\/posts\/95","targetHints":{"allow":["GET"]}}],"collection":[{"href":"https:\/\/www.interflora.se\/inspiration\/wp-json\/wp\/v2\/posts"}],"about":[{"href":"https:\/\/www.interflora.se\/inspiration\/wp-json\/wp\/v2\/types\/post"}],"author":[{"embeddable":true,"href":"https:\/\/www.interflora.se\/inspiration\/wp-json\/wp\/v2\/users\/1"}],"replies":[{"embeddable":true,"href":"https:\/\/www.interflora.se\/inspiration\/wp-json\/wp\/v2\/comments?post=95"}],"version-history":[{"count":3,"href":"https:\/\/www.interflora.se\/inspiration\/wp-json\/wp\/v2\/posts\/95\/revisions"}],"predecessor-version":[{"id":1698,"href":"https:\/\/www.interflora.se\/inspiration\/wp-json\/wp\/v2\/posts\/95\/revisions\/1698"}],"wp:featuredmedia":[{"embeddable":true,"href":"https:\/\/www.interflora.se\/inspiration\/wp-json\/wp\/v2\/media\/1697"}],"wp:attachment":[{"href":"https:\/\/www.interflora.se\/inspiration\/wp-json\/wp\/v2\/media?parent=95"}],"wp:term":[{"taxonomy":"category","embeddable":true,"href":"https:\/\/www.interflora.se\/inspiration\/wp-json\/wp\/v2\/categories?post=95"},{"taxonomy":"post_tag","embeddable":true,"href":"https:\/\/www.interflora.se\/inspiration\/wp-json\/wp\/v2\/tags?post=95"}],"curies":[{"name":"wp","href":"https:\/\/api.w.org\/{rel}","templated":true}]}}