{"id":88,"date":"2025-09-09T13:29:39","date_gmt":"2025-09-09T11:29:39","guid":{"rendered":"http:\/\/preprodblog.interflora.se\/blog\/?p=88"},"modified":"2025-11-14T09:25:25","modified_gmt":"2025-11-14T08:25:25","slug":"balkongblommor-som-tal-frost","status":"publish","type":"post","link":"https:\/\/www.interflora.se\/inspiration\/balkongblommor-som-tal-frost\/","title":{"rendered":"Balkongblommor som t\u00e5l frost"},"content":{"rendered":"\n<p><strong>Efter en l\u00e5ng vinter kliar det i m\u00e5nga gr\u00f6na fingrar. Nu \u00e4r det \u00e4ntligen dags att g\u00f6ra fint p\u00e5 balkong, uteplats och farstukvist! Tidigt p\u00e5 s\u00e4songen beh\u00f6vs tuffa plantor som t\u00e5l k\u00f6ldkn\u00e4ppar \u2013 h\u00e4r f\u00e5r du tipsen.<\/strong><\/p>\n\n\n\n<p>Fram med sopborste, planteringsspade och blomjord! Det \u00e4r tid att borsta bort sp\u00e5ren av vintern och b\u00f6rja njuta av sol och knoppande gr\u00f6nska. Satsa p\u00e5 t\u00e5liga v\u00e4xter, det finns m\u00e5nga vackra sorter som s\u00e4tter f\u00e4rg p\u00e5 v\u00e5ren och klarar tillf\u00e4lliga minusn\u00e4tter, n\u00e4r de \u00e4r avh\u00e4rdade. H\u00e4r \u00e4r v\u00e5ra b\u00e4sta tips!<\/p>\n\n\n\n<h2 class=\"wp-block-heading\">12 tidiga v\u00e5rblommor f\u00f6r kruka<\/h2>\n\n\n\n<ol class=\"wp-block-list\">\n<li>Pens\u00e9<\/li>\n\n\n\n<li>Viol<\/li>\n\n\n\n<li>Primula<\/li>\n\n\n\n<li>P\u00e4rlhyacint<\/li>\n\n\n\n<li><a href=\"https:\/\/www.interflora.se\/interflora\/produktkategorier\/krukvaxter\/murgrona-50-60-cm\/\">Murgr\u00f6na<\/a><\/li>\n\n\n\n<li>V\u00e5rhyacint<\/li>\n\n\n\n<li>F\u00f6rg\u00e4tmigej<\/li>\n\n\n\n<li>Jordviva<\/li>\n\n\n\n<li>Tusensk\u00f6na<\/li>\n\n\n\n<li>Tr\u00e4dg\u00e5rdsnejlika<\/li>\n\n\n\n<li>Ranunkel<\/li>\n\n\n\n<li>Minip\u00e5sklilja, t\u00eate \u00e0 t\u00eate<\/li>\n<\/ol>\n\n\n\n<figure class=\"wp-block-image aligncenter\"><img decoding=\"async\" src=\"https:\/\/www.interflora.se\/inspiration\/wp-content\/uploads\/2025\/03\/balkongblommor_narcisser.jpg\" alt=\"Balkongblommor_narcisser.jpg\"\/><\/figure>\n\n\n\n<h2 class=\"wp-block-heading\">Plantera s\u00e5 h\u00e4r<\/h2>\n\n\n\n<ol class=\"wp-block-list\">\n<li>Om du har en kruka med gammal jord s\u00e5 kan du \u00e5teranv\u00e4nda den om du tills\u00e4tter lite ny g\u00f6dslad jord. V\u00e5rblommorna \u00e4r inte kr\u00e4sna. Annars tar du en kruka med dr\u00e4neringsh\u00e5l, t\u00e4ck botten med lecakulor, fyll sedan p\u00e5 med planteringsjord, cirka 10\u201315 cm.<\/li>\n\n\n\n<li>G\u00f6r en liten grop och vattna sparsamt.<\/li>\n\n\n\n<li>Lyft plantan ur planteringskrukan och stoppa ner den i den nya jorden. Fyll p\u00e5 och tryck till l\u00e4ngs kanterna s\u00e5 att den st\u00e5r stadigt.<\/li>\n\n\n\n<li>Vattna s\u00e5 att jorden \u00e4r fuktig.<\/li>\n<\/ol>\n\n\n\n<p>Tips!&nbsp;Det \u00e4r fint att samplantera olika v\u00e5rblommor i krukan eller balkongl\u00e5dan. Variera niv\u00e5erna! Kombinera blommorna med t ex en murgr\u00f6na som f\u00e5r h\u00e4nga \u00f6ver kanten och kanske n\u00e5gra kvistar som f\u00e5r spreta och skapa h\u00f6jd. Att st\u00e4lla krukor i grupp \u00e4r ocks\u00e5 effektfullt, det blir ett fint utomhusstilleben.&nbsp;<\/p>\n\n\n\n<div class=\"wp-block-buttons is-content-justification-center is-layout-flex wp-container-core-buttons-is-layout-a89b3969 wp-block-buttons-is-layout-flex\">\n<div class=\"wp-block-button\"><a class=\"wp-block-button__link wp-element-button\" href=\"https:\/\/www.interflora.se\/interflora\/produktkategorier\/krukvaxter\/murgrona-50-60-cm\/\">Best\u00e4ll murgr\u00f6na<\/a><\/div>\n<\/div>\n\n\n\n<h2 class=\"wp-block-heading\">V\u00e4nj olivtr\u00e4det vid utelivet<\/h2>\n\n\n\n<p>F\u00f6r dig som vill skapa medelhavsk\u00e4nsla \u00e4r ett&nbsp;<a href=\"https:\/\/www.interflora.se\/interflora\/produktkategorier\/krukvaxter\/olivtrad\/\">olivtr\u00e4d<\/a>&nbsp;ett m\u00e5ste. Men ta det lugnt s\u00e5 h\u00e4r i b\u00f6rjan av s\u00e4songen. V\u00e4nj ditt tr\u00e4d vid utomhuslivet! St\u00e4ll ut det fr\u00e5n mitten av maj, men ta in det om n\u00e4tterna tills frostrisken \u00e4r \u00f6ver. Olivtr\u00e4det t\u00e5l en del minusgrader n\u00e4r h\u00f6sten blir kall, men efter att ha \u00f6vervintrat p\u00e5 en sval plats vill olivtr\u00e4det v\u00e4nja sig f\u00f6rsiktigt vid utomhuslivet igen.<\/p>\n\n\n\n<figure class=\"wp-block-image aligncenter\"><img decoding=\"async\" src=\"https:\/\/www.interflora.se\/inspiration\/wp-content\/uploads\/2025\/03\/balkongblommor_uteplats.jpg\" alt=\"Balkongblommor_uteplats.jpg\"\/><\/figure>\n\n\n\n<p>Tips!&nbsp;Du kan skapa en v\u00e4ldoftande \u00f6rtag\u00e5rd i form av en krukplantering redan i maj. Vedartade \u00f6rter som rosmarin och timjan \u00e4r t\u00e5liga \u00e4ven n\u00e4r temperaturen sjunker p\u00e5 natten. Persilja och gr\u00e4sl\u00f6k \u00e4r ocks\u00e5 \u00f6verlevare.<\/p>\n\n\n\n<figure class=\"wp-block-image aligncenter\"><img decoding=\"async\" src=\"https:\/\/www.interflora.se\/inspiration\/wp-content\/uploads\/2025\/03\/balkongblommor_orter.jpg\" alt=\"Balkongblommor_\u00f6rter.jpg\"\/><\/figure>\n","protected":false},"excerpt":{"rendered":"<p>Efter en l\u00e5ng vinter kliar det i m\u00e5nga gr\u00f6na fingrar. Nu \u00e4r det \u00e4ntligen dags att g\u00f6ra fint p\u00e5 balkong, [&hellip;]<\/p>\n","protected":false},"author":1,"featured_media":1842,"comment_status":"open","ping_status":"open","sticky":false,"template":"","format":"standard","meta":{"_uag_custom_page_level_css":"","site-sidebar-layout":"default","site-content-layout":"","ast-site-content-layout":"default","site-content-style":"default","site-sidebar-style":"default","ast-global-header-display":"","ast-banner-title-visibility":"","ast-main-header-display":"","ast-hfb-above-header-display":"","ast-hfb-below-header-display":"","ast-hfb-mobile-header-display":"","site-post-title":"","ast-breadcrumbs-content":"","ast-featured-img":"","footer-sml-layout":"","ast-disable-related-posts":"","theme-transparent-header-meta":"","adv-header-id-meta":"","stick-header-meta":"","header-above-stick-meta":"","header-main-stick-meta":"","header-below-stick-meta":"","astra-migrate-meta-layouts":"default","ast-page-background-enabled":"default","ast-page-background-meta":{"desktop":{"background-color":"var(--ast-global-color-5)","background-image":"","background-repeat":"repeat","background-position":"center center","background-size":"auto","background-attachment":"scroll","background-type":"","background-media":"","overlay-type":"","overlay-color":"","overlay-opacity":"","overlay-gradient":""},"tablet":{"background-color":"","background-image":"","background-repeat":"repeat","background-position":"center center","background-size":"auto","background-attachment":"scroll","background-type":"","background-media":"","overlay-type":"","overlay-color":"","overlay-opacity":"","overlay-gradient":""},"mobile":{"background-color":"","background-image":"","background-repeat":"repeat","background-position":"center center","background-size":"auto","background-attachment":"scroll","background-type":"","background-media":"","overlay-type":"","overlay-color":"","overlay-opacity":"","overlay-gradient":""}},"ast-content-background-meta":{"desktop":{"background-color":"var(--ast-global-color-4)","background-image":"","background-repeat":"repeat","background-position":"center center","background-size":"auto","background-attachment":"scroll","background-type":"","background-media":"","overlay-type":"","overlay-color":"","overlay-opacity":"","overlay-gradient":""},"tablet":{"background-color":"var(--ast-global-color-4)","background-image":"","background-repeat":"repeat","background-position":"center center","background-size":"auto","background-attachment":"scroll","background-type":"","background-media":"","overlay-type":"","overlay-color":"","overlay-opacity":"","overlay-gradient":""},"mobile":{"background-color":"var(--ast-global-color-4)","background-image":"","background-repeat":"repeat","background-position":"center center","background-size":"auto","background-attachment":"scroll","background-type":"","background-media":"","overlay-type":"","overlay-color":"","overlay-opacity":"","overlay-gradient":""}},"footnotes":""},"categories":[4,27],"tags":[],"class_list":["post-88","post","type-post","status-publish","format-standard","has-post-thumbnail","hentry","category-tips","category-vinter"],"yoast_head":"<!-- This site is optimized with the Yoast SEO plugin v27.4 - https:\/\/yoast.com\/product\/yoast-seo-wordpress\/ -->\n<title>Balkongblommor som t\u00e5l frost | Interflora<\/title>\n<meta name=\"robots\" content=\"index, follow, max-snippet:-1, max-image-preview:large, max-video-preview:-1\" \/>\n<link rel=\"canonical\" href=\"https:\/\/www.interflora.se\/inspiration\/balkongblommor-som-tal-frost\/\" \/>\n<meta property=\"og:locale\" content=\"sv_SE\" \/>\n<meta property=\"og:type\" content=\"article\" \/>\n<meta property=\"og:title\" content=\"Balkongblommor som t\u00e5l frost | Interflora\" \/>\n<meta property=\"og:description\" content=\"Efter en l\u00e5ng vinter kliar det i m\u00e5nga gr\u00f6na fingrar. Nu \u00e4r det \u00e4ntligen dags att g\u00f6ra fint p\u00e5 balkong, [&hellip;]\" \/>\n<meta property=\"og:url\" content=\"https:\/\/www.interflora.se\/inspiration\/balkongblommor-som-tal-frost\/\" \/>\n<meta property=\"og:site_name\" content=\"Inspiration om blommor, krukv\u00e4xter &amp; trender | Interflora\" \/>\n<meta property=\"article:publisher\" content=\"https:\/\/www.facebook.com\/InterfloraAB\" \/>\n<meta property=\"article:published_time\" content=\"2025-09-09T11:29:39+00:00\" \/>\n<meta property=\"article:modified_time\" content=\"2025-11-14T08:25:25+00:00\" \/>\n<meta property=\"og:image\" content=\"https:\/\/www.interflora.se\/inspiration\/wp-content\/uploads\/2025\/03\/balkongblommor_narcisser.jpg\" \/>\n\t<meta property=\"og:image:width\" content=\"800\" \/>\n\t<meta property=\"og:image:height\" content=\"1000\" \/>\n\t<meta property=\"og:image:type\" content=\"image\/jpeg\" \/>\n<meta name=\"author\" content=\"admin\" \/>\n<meta name=\"twitter:card\" content=\"summary_large_image\" \/>\n<meta name=\"twitter:label1\" content=\"Skriven av\" \/>\n\t<meta name=\"twitter:data1\" content=\"admin\" \/>\n\t<meta name=\"twitter:label2\" content=\"Ber\u00e4knad l\u00e4stid\" \/>\n\t<meta name=\"twitter:data2\" content=\"3 minuter\" \/>\n<script type=\"application\/ld+json\" class=\"yoast-schema-graph\">{\"@context\":\"https:\\\/\\\/schema.org\",\"@graph\":[{\"@type\":\"Article\",\"@id\":\"https:\\\/\\\/www.interflora.se\\\/inspiration\\\/balkongblommor-som-tal-frost\\\/#article\",\"isPartOf\":{\"@id\":\"https:\\\/\\\/www.interflora.se\\\/inspiration\\\/balkongblommor-som-tal-frost\\\/\"},\"author\":{\"name\":\"admin\",\"@id\":\"https:\\\/\\\/www.interflora.se\\\/inspiration\\\/#\\\/schema\\\/person\\\/dbbd1ad45e05409c356dc639597669f2\"},\"headline\":\"Balkongblommor som t\u00e5l frost\",\"datePublished\":\"2025-09-09T11:29:39+00:00\",\"dateModified\":\"2025-11-14T08:25:25+00:00\",\"mainEntityOfPage\":{\"@id\":\"https:\\\/\\\/www.interflora.se\\\/inspiration\\\/balkongblommor-som-tal-frost\\\/\"},\"wordCount\":446,\"commentCount\":0,\"publisher\":{\"@id\":\"https:\\\/\\\/www.interflora.se\\\/inspiration\\\/#organization\"},\"image\":{\"@id\":\"https:\\\/\\\/www.interflora.se\\\/inspiration\\\/balkongblommor-som-tal-frost\\\/#primaryimage\"},\"thumbnailUrl\":\"https:\\\/\\\/www.interflora.se\\\/inspiration\\\/wp-content\\\/uploads\\\/2025\\\/03\\\/balkongblommor_narcisser.jpg\",\"articleSection\":[\"Tips\",\"Vinter\"],\"inLanguage\":\"sv-SE\",\"potentialAction\":[{\"@type\":\"CommentAction\",\"name\":\"Comment\",\"target\":[\"https:\\\/\\\/www.interflora.se\\\/inspiration\\\/balkongblommor-som-tal-frost\\\/#respond\"]}]},{\"@type\":\"WebPage\",\"@id\":\"https:\\\/\\\/www.interflora.se\\\/inspiration\\\/balkongblommor-som-tal-frost\\\/\",\"url\":\"https:\\\/\\\/www.interflora.se\\\/inspiration\\\/balkongblommor-som-tal-frost\\\/\",\"name\":\"Balkongblommor som t\u00e5l frost | Interflora\",\"isPartOf\":{\"@id\":\"https:\\\/\\\/www.interflora.se\\\/inspiration\\\/#website\"},\"primaryImageOfPage\":{\"@id\":\"https:\\\/\\\/www.interflora.se\\\/inspiration\\\/balkongblommor-som-tal-frost\\\/#primaryimage\"},\"image\":{\"@id\":\"https:\\\/\\\/www.interflora.se\\\/inspiration\\\/balkongblommor-som-tal-frost\\\/#primaryimage\"},\"thumbnailUrl\":\"https:\\\/\\\/www.interflora.se\\\/inspiration\\\/wp-content\\\/uploads\\\/2025\\\/03\\\/balkongblommor_narcisser.jpg\",\"datePublished\":\"2025-09-09T11:29:39+00:00\",\"dateModified\":\"2025-11-14T08:25:25+00:00\",\"breadcrumb\":{\"@id\":\"https:\\\/\\\/www.interflora.se\\\/inspiration\\\/balkongblommor-som-tal-frost\\\/#breadcrumb\"},\"inLanguage\":\"sv-SE\",\"potentialAction\":[{\"@type\":\"ReadAction\",\"target\":[\"https:\\\/\\\/www.interflora.se\\\/inspiration\\\/balkongblommor-som-tal-frost\\\/\"]}]},{\"@type\":\"ImageObject\",\"inLanguage\":\"sv-SE\",\"@id\":\"https:\\\/\\\/www.interflora.se\\\/inspiration\\\/balkongblommor-som-tal-frost\\\/#primaryimage\",\"url\":\"https:\\\/\\\/www.interflora.se\\\/inspiration\\\/wp-content\\\/uploads\\\/2025\\\/03\\\/balkongblommor_narcisser.jpg\",\"contentUrl\":\"https:\\\/\\\/www.interflora.se\\\/inspiration\\\/wp-content\\\/uploads\\\/2025\\\/03\\\/balkongblommor_narcisser.jpg\",\"width\":800,\"height\":1000},{\"@type\":\"BreadcrumbList\",\"@id\":\"https:\\\/\\\/www.interflora.se\\\/inspiration\\\/balkongblommor-som-tal-frost\\\/#breadcrumb\",\"itemListElement\":[{\"@type\":\"ListItem\",\"position\":1,\"name\":\"Home\",\"item\":\"https:\\\/\\\/www.interflora.se\\\/inspiration\\\/\"},{\"@type\":\"ListItem\",\"position\":2,\"name\":\"Balkongblommor som t\u00e5l frost\"}]},{\"@type\":\"WebSite\",\"@id\":\"https:\\\/\\\/www.interflora.se\\\/inspiration\\\/#website\",\"url\":\"https:\\\/\\\/www.interflora.se\\\/inspiration\\\/\",\"name\":\"Interflora\",\"description\":\"\",\"publisher\":{\"@id\":\"https:\\\/\\\/www.interflora.se\\\/inspiration\\\/#organization\"},\"potentialAction\":[{\"@type\":\"SearchAction\",\"target\":{\"@type\":\"EntryPoint\",\"urlTemplate\":\"https:\\\/\\\/www.interflora.se\\\/inspiration\\\/?s={search_term_string}\"},\"query-input\":{\"@type\":\"PropertyValueSpecification\",\"valueRequired\":true,\"valueName\":\"search_term_string\"}}],\"inLanguage\":\"sv-SE\"},{\"@type\":\"Organization\",\"@id\":\"https:\\\/\\\/www.interflora.se\\\/inspiration\\\/#organization\",\"name\":\"Interflora\",\"url\":\"https:\\\/\\\/www.interflora.se\\\/inspiration\\\/\",\"logo\":{\"@type\":\"ImageObject\",\"inLanguage\":\"sv-SE\",\"@id\":\"https:\\\/\\\/www.interflora.se\\\/inspiration\\\/#\\\/schema\\\/logo\\\/image\\\/\",\"url\":\"https:\\\/\\\/www.interflora.se\\\/inspiration\\\/wp-content\\\/uploads\\\/2025\\\/09\\\/cropped-220422_INTERFLORA_Logo_rgb_Half_Top_Circle_Main_Color.avif\",\"contentUrl\":\"https:\\\/\\\/www.interflora.se\\\/inspiration\\\/wp-content\\\/uploads\\\/2025\\\/09\\\/cropped-220422_INTERFLORA_Logo_rgb_Half_Top_Circle_Main_Color.avif\",\"width\":1418,\"height\":662,\"caption\":\"Interflora\"},\"image\":{\"@id\":\"https:\\\/\\\/www.interflora.se\\\/inspiration\\\/#\\\/schema\\\/logo\\\/image\\\/\"},\"sameAs\":[\"https:\\\/\\\/www.facebook.com\\\/InterfloraAB\",\"https:\\\/\\\/www.instagram.com\\\/interflora_ab\\\/\",\"https:\\\/\\\/www.linkedin.com\\\/company\\\/1494362\",\"https:\\\/\\\/www.youtube.com\\\/channel\\\/UCZgDzGWB2VRxaoWFUmXnk1w\"]},{\"@type\":\"Person\",\"@id\":\"https:\\\/\\\/www.interflora.se\\\/inspiration\\\/#\\\/schema\\\/person\\\/dbbd1ad45e05409c356dc639597669f2\",\"name\":\"admin\",\"image\":{\"@type\":\"ImageObject\",\"inLanguage\":\"sv-SE\",\"@id\":\"https:\\\/\\\/www.interflora.se\\\/inspiration\\\/wp-content\\\/litespeed\\\/avatar\\\/1fe3cced9e67df62d0a6f995d75823a5.jpg?ver=1777362393\",\"url\":\"https:\\\/\\\/www.interflora.se\\\/inspiration\\\/wp-content\\\/litespeed\\\/avatar\\\/1fe3cced9e67df62d0a6f995d75823a5.jpg?ver=1777362393\",\"contentUrl\":\"https:\\\/\\\/www.interflora.se\\\/inspiration\\\/wp-content\\\/litespeed\\\/avatar\\\/1fe3cced9e67df62d0a6f995d75823a5.jpg?ver=1777362393\",\"caption\":\"admin\"},\"sameAs\":[\"https:\\\/\\\/www.interflora.se\\\/inspiration\"],\"url\":\"https:\\\/\\\/www.interflora.se\\\/inspiration\\\/author\\\/admin\\\/\"}]}<\/script>\n<!-- \/ Yoast SEO plugin. -->","yoast_head_json":{"title":"Balkongblommor som t\u00e5l frost | Interflora","robots":{"index":"index","follow":"follow","max-snippet":"max-snippet:-1","max-image-preview":"max-image-preview:large","max-video-preview":"max-video-preview:-1"},"canonical":"https:\/\/www.interflora.se\/inspiration\/balkongblommor-som-tal-frost\/","og_locale":"sv_SE","og_type":"article","og_title":"Balkongblommor som t\u00e5l frost | Interflora","og_description":"Efter en l\u00e5ng vinter kliar det i m\u00e5nga gr\u00f6na fingrar. Nu \u00e4r det \u00e4ntligen dags att g\u00f6ra fint p\u00e5 balkong, [&hellip;]","og_url":"https:\/\/www.interflora.se\/inspiration\/balkongblommor-som-tal-frost\/","og_site_name":"Inspiration om blommor, krukv\u00e4xter &amp; trender | Interflora","article_publisher":"https:\/\/www.facebook.com\/InterfloraAB","article_published_time":"2025-09-09T11:29:39+00:00","article_modified_time":"2025-11-14T08:25:25+00:00","og_image":[{"width":800,"height":1000,"url":"https:\/\/www.interflora.se\/inspiration\/wp-content\/uploads\/2025\/03\/balkongblommor_narcisser.jpg","type":"image\/jpeg"}],"author":"admin","twitter_card":"summary_large_image","twitter_misc":{"Skriven av":"admin","Ber\u00e4knad l\u00e4stid":"3 minuter"},"schema":{"@context":"https:\/\/schema.org","@graph":[{"@type":"Article","@id":"https:\/\/www.interflora.se\/inspiration\/balkongblommor-som-tal-frost\/#article","isPartOf":{"@id":"https:\/\/www.interflora.se\/inspiration\/balkongblommor-som-tal-frost\/"},"author":{"name":"admin","@id":"https:\/\/www.interflora.se\/inspiration\/#\/schema\/person\/dbbd1ad45e05409c356dc639597669f2"},"headline":"Balkongblommor som t\u00e5l frost","datePublished":"2025-09-09T11:29:39+00:00","dateModified":"2025-11-14T08:25:25+00:00","mainEntityOfPage":{"@id":"https:\/\/www.interflora.se\/inspiration\/balkongblommor-som-tal-frost\/"},"wordCount":446,"commentCount":0,"publisher":{"@id":"https:\/\/www.interflora.se\/inspiration\/#organization"},"image":{"@id":"https:\/\/www.interflora.se\/inspiration\/balkongblommor-som-tal-frost\/#primaryimage"},"thumbnailUrl":"https:\/\/www.interflora.se\/inspiration\/wp-content\/uploads\/2025\/03\/balkongblommor_narcisser.jpg","articleSection":["Tips","Vinter"],"inLanguage":"sv-SE","potentialAction":[{"@type":"CommentAction","name":"Comment","target":["https:\/\/www.interflora.se\/inspiration\/balkongblommor-som-tal-frost\/#respond"]}]},{"@type":"WebPage","@id":"https:\/\/www.interflora.se\/inspiration\/balkongblommor-som-tal-frost\/","url":"https:\/\/www.interflora.se\/inspiration\/balkongblommor-som-tal-frost\/","name":"Balkongblommor som t\u00e5l frost | Interflora","isPartOf":{"@id":"https:\/\/www.interflora.se\/inspiration\/#website"},"primaryImageOfPage":{"@id":"https:\/\/www.interflora.se\/inspiration\/balkongblommor-som-tal-frost\/#primaryimage"},"image":{"@id":"https:\/\/www.interflora.se\/inspiration\/balkongblommor-som-tal-frost\/#primaryimage"},"thumbnailUrl":"https:\/\/www.interflora.se\/inspiration\/wp-content\/uploads\/2025\/03\/balkongblommor_narcisser.jpg","datePublished":"2025-09-09T11:29:39+00:00","dateModified":"2025-11-14T08:25:25+00:00","breadcrumb":{"@id":"https:\/\/www.interflora.se\/inspiration\/balkongblommor-som-tal-frost\/#breadcrumb"},"inLanguage":"sv-SE","potentialAction":[{"@type":"ReadAction","target":["https:\/\/www.interflora.se\/inspiration\/balkongblommor-som-tal-frost\/"]}]},{"@type":"ImageObject","inLanguage":"sv-SE","@id":"https:\/\/www.interflora.se\/inspiration\/balkongblommor-som-tal-frost\/#primaryimage","url":"https:\/\/www.interflora.se\/inspiration\/wp-content\/uploads\/2025\/03\/balkongblommor_narcisser.jpg","contentUrl":"https:\/\/www.interflora.se\/inspiration\/wp-content\/uploads\/2025\/03\/balkongblommor_narcisser.jpg","width":800,"height":1000},{"@type":"BreadcrumbList","@id":"https:\/\/www.interflora.se\/inspiration\/balkongblommor-som-tal-frost\/#breadcrumb","itemListElement":[{"@type":"ListItem","position":1,"name":"Home","item":"https:\/\/www.interflora.se\/inspiration\/"},{"@type":"ListItem","position":2,"name":"Balkongblommor som t\u00e5l frost"}]},{"@type":"WebSite","@id":"https:\/\/www.interflora.se\/inspiration\/#website","url":"https:\/\/www.interflora.se\/inspiration\/","name":"Interflora","description":"","publisher":{"@id":"https:\/\/www.interflora.se\/inspiration\/#organization"},"potentialAction":[{"@type":"SearchAction","target":{"@type":"EntryPoint","urlTemplate":"https:\/\/www.interflora.se\/inspiration\/?s={search_term_string}"},"query-input":{"@type":"PropertyValueSpecification","valueRequired":true,"valueName":"search_term_string"}}],"inLanguage":"sv-SE"},{"@type":"Organization","@id":"https:\/\/www.interflora.se\/inspiration\/#organization","name":"Interflora","url":"https:\/\/www.interflora.se\/inspiration\/","logo":{"@type":"ImageObject","inLanguage":"sv-SE","@id":"https:\/\/www.interflora.se\/inspiration\/#\/schema\/logo\/image\/","url":"https:\/\/www.interflora.se\/inspiration\/wp-content\/uploads\/2025\/09\/cropped-220422_INTERFLORA_Logo_rgb_Half_Top_Circle_Main_Color.avif","contentUrl":"https:\/\/www.interflora.se\/inspiration\/wp-content\/uploads\/2025\/09\/cropped-220422_INTERFLORA_Logo_rgb_Half_Top_Circle_Main_Color.avif","width":1418,"height":662,"caption":"Interflora"},"image":{"@id":"https:\/\/www.interflora.se\/inspiration\/#\/schema\/logo\/image\/"},"sameAs":["https:\/\/www.facebook.com\/InterfloraAB","https:\/\/www.instagram.com\/interflora_ab\/","https:\/\/www.linkedin.com\/company\/1494362","https:\/\/www.youtube.com\/channel\/UCZgDzGWB2VRxaoWFUmXnk1w"]},{"@type":"Person","@id":"https:\/\/www.interflora.se\/inspiration\/#\/schema\/person\/dbbd1ad45e05409c356dc639597669f2","name":"admin","image":{"@type":"ImageObject","inLanguage":"sv-SE","@id":"https:\/\/www.interflora.se\/inspiration\/wp-content\/litespeed\/avatar\/1fe3cced9e67df62d0a6f995d75823a5.jpg?ver=1777362393","url":"https:\/\/www.interflora.se\/inspiration\/wp-content\/litespeed\/avatar\/1fe3cced9e67df62d0a6f995d75823a5.jpg?ver=1777362393","contentUrl":"https:\/\/www.interflora.se\/inspiration\/wp-content\/litespeed\/avatar\/1fe3cced9e67df62d0a6f995d75823a5.jpg?ver=1777362393","caption":"admin"},"sameAs":["https:\/\/www.interflora.se\/inspiration"],"url":"https:\/\/www.interflora.se\/inspiration\/author\/admin\/"}]}},"uagb_featured_image_src":{"full":["https:\/\/www.interflora.se\/inspiration\/wp-content\/uploads\/2025\/03\/balkongblommor_narcisser.jpg",800,1000,false],"thumbnail":["https:\/\/www.interflora.se\/inspiration\/wp-content\/uploads\/2025\/03\/balkongblommor_narcisser-150x150.jpg",150,150,true],"medium":["https:\/\/www.interflora.se\/inspiration\/wp-content\/uploads\/2025\/03\/balkongblommor_narcisser-240x300.jpg",240,300,true],"medium_large":["https:\/\/www.interflora.se\/inspiration\/wp-content\/uploads\/2025\/03\/balkongblommor_narcisser-768x960.jpg",768,960,true],"large":["https:\/\/www.interflora.se\/inspiration\/wp-content\/uploads\/2025\/03\/balkongblommor_narcisser.jpg",800,1000,false],"1536x1536":["https:\/\/www.interflora.se\/inspiration\/wp-content\/uploads\/2025\/03\/balkongblommor_narcisser.jpg",800,1000,false],"2048x2048":["https:\/\/www.interflora.se\/inspiration\/wp-content\/uploads\/2025\/03\/balkongblommor_narcisser.jpg",800,1000,false]},"uagb_author_info":{"display_name":"admin","author_link":"https:\/\/www.interflora.se\/inspiration\/author\/admin\/"},"uagb_comment_info":0,"uagb_excerpt":"Efter en l\u00e5ng vinter kliar det i m\u00e5nga gr\u00f6na fingrar. Nu \u00e4r det \u00e4ntligen dags att g\u00f6ra fint p\u00e5 balkong, [&hellip;]","_links":{"self":[{"href":"https:\/\/www.interflora.se\/inspiration\/wp-json\/wp\/v2\/posts\/88","targetHints":{"allow":["GET"]}}],"collection":[{"href":"https:\/\/www.interflora.se\/inspiration\/wp-json\/wp\/v2\/posts"}],"about":[{"href":"https:\/\/www.interflora.se\/inspiration\/wp-json\/wp\/v2\/types\/post"}],"author":[{"embeddable":true,"href":"https:\/\/www.interflora.se\/inspiration\/wp-json\/wp\/v2\/users\/1"}],"replies":[{"embeddable":true,"href":"https:\/\/www.interflora.se\/inspiration\/wp-json\/wp\/v2\/comments?post=88"}],"version-history":[{"count":2,"href":"https:\/\/www.interflora.se\/inspiration\/wp-json\/wp\/v2\/posts\/88\/revisions"}],"predecessor-version":[{"id":4582,"href":"https:\/\/www.interflora.se\/inspiration\/wp-json\/wp\/v2\/posts\/88\/revisions\/4582"}],"wp:featuredmedia":[{"embeddable":true,"href":"https:\/\/www.interflora.se\/inspiration\/wp-json\/wp\/v2\/media\/1842"}],"wp:attachment":[{"href":"https:\/\/www.interflora.se\/inspiration\/wp-json\/wp\/v2\/media?parent=88"}],"wp:term":[{"taxonomy":"category","embeddable":true,"href":"https:\/\/www.interflora.se\/inspiration\/wp-json\/wp\/v2\/categories?post=88"},{"taxonomy":"post_tag","embeddable":true,"href":"https:\/\/www.interflora.se\/inspiration\/wp-json\/wp\/v2\/tags?post=88"}],"curies":[{"name":"wp","href":"https:\/\/api.w.org\/{rel}","templated":true}]}}