{"id":84,"date":"2023-07-06T03:47:00","date_gmt":"2023-07-06T01:47:00","guid":{"rendered":"http:\/\/preprodblog.interflora.se\/blog\/?p=84"},"modified":"2025-03-28T11:22:11","modified_gmt":"2025-03-28T10:22:11","slug":"arets-sommarblomma","status":"publish","type":"post","link":"https:\/\/www.interflora.se\/inspiration\/arets-sommarblomma\/","title":{"rendered":"Svart\u00f6ga &#8211; \u00c5rets sommarblomma 2023"},"content":{"rendered":"\n<p>\u00c5rets sommarblomma presenteras p\u00e5 Malm\u00f6 Garden Show varje \u00e5r. Det \u00e4r en utvald svenskodlad v\u00e4xt som passar att plantera utomhus.\u00a0\u00c5rets sommarblomma 2023 \u00e4r Svart\u00f6ga \u2013 Thunbergia alata.<\/p>\n\n\n\n<figure class=\"wp-block-image aligncenter size-large\"><img loading=\"lazy\" decoding=\"async\" width=\"1024\" height=\"683\" src=\"https:\/\/www.interflora.se\/inspiration\/wp-content\/uploads\/2024\/03\/image-2-1024x683.png\" alt=\"\" class=\"wp-image-1705\" srcset=\"https:\/\/www.interflora.se\/inspiration\/wp-content\/uploads\/2024\/03\/image-2-1024x683.png 1024w, https:\/\/www.interflora.se\/inspiration\/wp-content\/uploads\/2024\/03\/image-2-300x200.png 300w, https:\/\/www.interflora.se\/inspiration\/wp-content\/uploads\/2024\/03\/image-2-768x512.png 768w, https:\/\/www.interflora.se\/inspiration\/wp-content\/uploads\/2024\/03\/image-2.png 1200w\" sizes=\"auto, (max-width: 1024px) 100vw, 1024px\" \/><\/figure>\n\n\n\n<p>Svart\u00f6ga, \u00e4ven k\u00e4nd som Thunbergia alata, \u00e4r en frodig och attraktiv kl\u00e4tterv\u00e4xt som kommer ursprungligen fr\u00e5n s\u00f6dra och \u00f6stra delarna av Afrika. Med sina slingrande rankor och vackra blommor \u00e4r Svart\u00f6ga en popul\u00e4r favorit i tr\u00e4dg\u00e5rdar och balkonger. Denna v\u00e4xt \u00e4r speciellt k\u00e4nd f\u00f6r sin f\u00f6rm\u00e5ga att lysa upp utrymmet med sin f\u00e4rgstarka n\u00e4rvaro.<\/p>\n\n\n\n<p>Svart\u00f6gans rankor kan v\u00e4xa upp till imponerande tv\u00e5 meter l\u00e5nga. De kan kl\u00e4ttra l\u00e4ngs sn\u00f6ren, spalj\u00e9er eller h\u00e4nga fritt i vackra ampelarrangemang. I b\u00f6rjan kan v\u00e4xten beh\u00f6va lite v\u00e4gledning f\u00f6r att hitta sin v\u00e4g, men n\u00e4r den v\u00e4l etablerar sig kan den snabbt t\u00e4cka stora ytor och skapa en naturlig och livfull atmosf\u00e4r. Det \u00e4r dock viktigt att notera att i v\u00e5rt klimat fungerar Svart\u00f6ga b\u00e4st som en ett\u00e5rig v\u00e4xt, eftersom den inte t\u00e5l v\u00e5ra vintrar.<\/p>\n\n\n\n<div class=\"wp-block-columns is-layout-flex wp-container-core-columns-is-layout-28f84493 wp-block-columns-is-layout-flex\">\n<div class=\"wp-block-column is-layout-flow wp-block-column-is-layout-flow\">\n<figure class=\"wp-block-image size-large\"><img decoding=\"async\" src=\"https:\/\/www.interflora.se\/inspiration\/wp-content\/uploads\/2025\/03\/arets-sommarblomma-svartoga-interflora-1.jpg\" alt=\"\"\/><\/figure>\n<\/div>\n\n\n\n<div class=\"wp-block-column is-layout-flow wp-block-column-is-layout-flow\">\n<figure class=\"wp-block-image size-large\"><img decoding=\"async\" src=\"https:\/\/www.interflora.se\/inspiration\/wp-content\/uploads\/2025\/03\/arets-sommarblomma-svartoga-master-gron-2.jpg\" alt=\"\"\/><\/figure>\n<\/div>\n<\/div>\n\n\n\n<p><em>Foto nr 2: @annikasnaturligating, M\u00e4ster Gr\u00f6n<\/em><\/p>\n\n\n\n<p>Blommorna hos Svart\u00f6ga \u00e4r trumpetformade och str\u00e5lar i lysande orange f\u00e4rg med en m\u00f6rkare svalg. Det \u00e4r ingen slump att denna v\u00e4xt har f\u00e5tt sitt engelska namn &#8221;Black-eyed Susan&#8221; &#8211; dess blommor liknar verkligen ett par svarta \u00f6gon. Det finns ocks\u00e5 nya sorter som dyker upp med olika f\u00e4rger f\u00f6r att tillfredsst\u00e4lla olika smaker. Exempelvis finns det en h\u00e4rligt laxrosa variant vid namn Svart\u00f6ga &#8217;African Sunset&#8217;, en sn\u00f6vit variant kallad Svart\u00f6ga &#8217;Alba Oculata&#8217; och till och med en gr\u00f6n\u00f6gd och mild vaniljgul variant som kallas Svart\u00f6ga &#8217;Aurea&#8217;. Dessa olika variationer l\u00e4gger till \u00e4nnu mer f\u00e4rg och karakt\u00e4r i tr\u00e4dg\u00e5rden.<\/p>\n\n\n\n<p>S\u00e5 oavsett om du vill ha en kl\u00e4ttrande prydnadsv\u00e4xt f\u00f6r att skapa vertikala tr\u00e4dg\u00e5rdsutrymmen eller en f\u00e4rgstark ampel p\u00e5 balkongen, \u00e4r Svart\u00f6ga ett utm\u00e4rkt val. Dess frodiga tillv\u00e4xt, lysande blommor och variationsrika sorter g\u00f6r det till en favorit bland tr\u00e4dg\u00e5rdsentusiaster.<\/p>\n\n\n\n<h2 class=\"wp-block-heading\">Tidigare vinnare av \u00c5rets sommarblomma:<\/h2>\n\n\n\n<h4 class=\"wp-block-heading\"><strong>2022<\/strong><\/h4>\n\n\n\n<p>Chokladsk\u00e4ra<\/p>\n\n\n\n<h4 class=\"wp-block-heading\"><strong>2021<\/strong><\/h4>\n\n\n\n<p>Dahlia &#8221;Dreamy&#8221;<\/p>\n\n\n\n<h4 class=\"wp-block-heading\"><strong>2020<\/strong><\/h4>\n\n\n\n<p>Boliviabegonia<\/p>\n\n\n\n<h4 class=\"wp-block-heading\"><strong>2019<\/strong><\/h4>\n\n\n\n<p>Palettblad<\/p>\n\n\n\n<h4 class=\"wp-block-heading\"><strong>2018<\/strong><\/h4>\n\n\n\n<p>Sommarljus<\/p>\n\n\n\n<h4 class=\"wp-block-heading\"><strong>2017<\/strong><\/h4>\n\n\n\n<p>Lejongap<\/p>\n\n\n\n<h4 class=\"wp-block-heading\"><strong>2016<\/strong><\/h4>\n\n\n\n<p>Stor Daggsalvia<\/p>\n","protected":false},"excerpt":{"rendered":"<p>\u00c5rets sommarblomma presenteras p\u00e5 Malm\u00f6 Garden Show varje \u00e5r. Det \u00e4r en utvald svenskodlad v\u00e4xt som passar att plantera utomhus.\u00a0\u00c5rets [&hellip;]<\/p>\n","protected":false},"author":1,"featured_media":1706,"comment_status":"open","ping_status":"open","sticky":false,"template":"","format":"standard","meta":{"_uag_custom_page_level_css":"","site-sidebar-layout":"default","site-content-layout":"","ast-site-content-layout":"default","site-content-style":"default","site-sidebar-style":"default","ast-global-header-display":"","ast-banner-title-visibility":"","ast-main-header-display":"","ast-hfb-above-header-display":"","ast-hfb-below-header-display":"","ast-hfb-mobile-header-display":"","site-post-title":"","ast-breadcrumbs-content":"","ast-featured-img":"","footer-sml-layout":"","ast-disable-related-posts":"","theme-transparent-header-meta":"","adv-header-id-meta":"","stick-header-meta":"","header-above-stick-meta":"","header-main-stick-meta":"","header-below-stick-meta":"","astra-migrate-meta-layouts":"default","ast-page-background-enabled":"default","ast-page-background-meta":{"desktop":{"background-color":"var(--ast-global-color-5)","background-image":"","background-repeat":"repeat","background-position":"center center","background-size":"auto","background-attachment":"scroll","background-type":"","background-media":"","overlay-type":"","overlay-color":"","overlay-opacity":"","overlay-gradient":""},"tablet":{"background-color":"","background-image":"","background-repeat":"repeat","background-position":"center center","background-size":"auto","background-attachment":"scroll","background-type":"","background-media":"","overlay-type":"","overlay-color":"","overlay-opacity":"","overlay-gradient":""},"mobile":{"background-color":"","background-image":"","background-repeat":"repeat","background-position":"center center","background-size":"auto","background-attachment":"scroll","background-type":"","background-media":"","overlay-type":"","overlay-color":"","overlay-opacity":"","overlay-gradient":""}},"ast-content-background-meta":{"desktop":{"background-color":"var(--ast-global-color-4)","background-image":"","background-repeat":"repeat","background-position":"center center","background-size":"auto","background-attachment":"scroll","background-type":"","background-media":"","overlay-type":"","overlay-color":"","overlay-opacity":"","overlay-gradient":""},"tablet":{"background-color":"var(--ast-global-color-4)","background-image":"","background-repeat":"repeat","background-position":"center center","background-size":"auto","background-attachment":"scroll","background-type":"","background-media":"","overlay-type":"","overlay-color":"","overlay-opacity":"","overlay-gradient":""},"mobile":{"background-color":"var(--ast-global-color-4)","background-image":"","background-repeat":"repeat","background-position":"center center","background-size":"auto","background-attachment":"scroll","background-type":"","background-media":"","overlay-type":"","overlay-color":"","overlay-opacity":"","overlay-gradient":""}},"footnotes":""},"categories":[9],"tags":[],"class_list":["post-84","post","type-post","status-publish","format-standard","has-post-thumbnail","hentry","category-senaste-nytt"],"yoast_head":"<!-- This site is optimized with the Yoast SEO plugin v27.4 - https:\/\/yoast.com\/product\/yoast-seo-wordpress\/ -->\n<title>Svart\u00f6ga - \u00c5rets sommarblomma 2023 | Interflora<\/title>\n<meta name=\"robots\" content=\"index, follow, max-snippet:-1, max-image-preview:large, max-video-preview:-1\" \/>\n<link rel=\"canonical\" href=\"https:\/\/www.interflora.se\/inspiration\/arets-sommarblomma\/\" \/>\n<meta property=\"og:locale\" content=\"sv_SE\" \/>\n<meta property=\"og:type\" content=\"article\" \/>\n<meta property=\"og:title\" content=\"Svart\u00f6ga - \u00c5rets sommarblomma 2023 | Interflora\" \/>\n<meta property=\"og:description\" content=\"\u00c5rets sommarblomma presenteras p\u00e5 Malm\u00f6 Garden Show varje \u00e5r. Det \u00e4r en utvald svenskodlad v\u00e4xt som passar att plantera utomhus.\u00a0\u00c5rets [&hellip;]\" \/>\n<meta property=\"og:url\" content=\"https:\/\/www.interflora.se\/inspiration\/arets-sommarblomma\/\" \/>\n<meta property=\"og:site_name\" content=\"Inspiration om blommor, krukv\u00e4xter &amp; trender | Interflora\" \/>\n<meta property=\"article:publisher\" content=\"https:\/\/www.facebook.com\/InterfloraAB\" \/>\n<meta property=\"article:published_time\" content=\"2023-07-06T01:47:00+00:00\" \/>\n<meta property=\"article:modified_time\" content=\"2025-03-28T10:22:11+00:00\" \/>\n<meta property=\"og:image\" content=\"https:\/\/www.interflora.se\/inspiration\/wp-content\/uploads\/2025\/03\/arets-sommarblomma-svartoga-interflora-1.jpg\" \/>\n\t<meta property=\"og:image:width\" content=\"1000\" \/>\n\t<meta property=\"og:image:height\" content=\"1250\" \/>\n\t<meta property=\"og:image:type\" content=\"image\/jpeg\" \/>\n<meta name=\"author\" content=\"admin\" \/>\n<meta name=\"twitter:card\" content=\"summary_large_image\" \/>\n<meta name=\"twitter:label1\" content=\"Skriven av\" \/>\n\t<meta name=\"twitter:data1\" content=\"admin\" \/>\n\t<meta name=\"twitter:label2\" content=\"Ber\u00e4knad l\u00e4stid\" \/>\n\t<meta name=\"twitter:data2\" content=\"2 minuter\" \/>\n<script type=\"application\/ld+json\" class=\"yoast-schema-graph\">{\"@context\":\"https:\\\/\\\/schema.org\",\"@graph\":[{\"@type\":\"Article\",\"@id\":\"https:\\\/\\\/www.interflora.se\\\/inspiration\\\/arets-sommarblomma\\\/#article\",\"isPartOf\":{\"@id\":\"https:\\\/\\\/www.interflora.se\\\/inspiration\\\/arets-sommarblomma\\\/\"},\"author\":{\"name\":\"admin\",\"@id\":\"https:\\\/\\\/www.interflora.se\\\/inspiration\\\/#\\\/schema\\\/person\\\/dbbd1ad45e05409c356dc639597669f2\"},\"headline\":\"Svart\u00f6ga &#8211; \u00c5rets sommarblomma 2023\",\"datePublished\":\"2023-07-06T01:47:00+00:00\",\"dateModified\":\"2025-03-28T10:22:11+00:00\",\"mainEntityOfPage\":{\"@id\":\"https:\\\/\\\/www.interflora.se\\\/inspiration\\\/arets-sommarblomma\\\/\"},\"wordCount\":399,\"commentCount\":0,\"publisher\":{\"@id\":\"https:\\\/\\\/www.interflora.se\\\/inspiration\\\/#organization\"},\"image\":{\"@id\":\"https:\\\/\\\/www.interflora.se\\\/inspiration\\\/arets-sommarblomma\\\/#primaryimage\"},\"thumbnailUrl\":\"https:\\\/\\\/www.interflora.se\\\/inspiration\\\/wp-content\\\/uploads\\\/2025\\\/03\\\/arets-sommarblomma-svartoga-interflora-1.jpg\",\"articleSection\":[\"Senaste nytt\"],\"inLanguage\":\"sv-SE\",\"potentialAction\":[{\"@type\":\"CommentAction\",\"name\":\"Comment\",\"target\":[\"https:\\\/\\\/www.interflora.se\\\/inspiration\\\/arets-sommarblomma\\\/#respond\"]}]},{\"@type\":\"WebPage\",\"@id\":\"https:\\\/\\\/www.interflora.se\\\/inspiration\\\/arets-sommarblomma\\\/\",\"url\":\"https:\\\/\\\/www.interflora.se\\\/inspiration\\\/arets-sommarblomma\\\/\",\"name\":\"Svart\u00f6ga - \u00c5rets sommarblomma 2023 | Interflora\",\"isPartOf\":{\"@id\":\"https:\\\/\\\/www.interflora.se\\\/inspiration\\\/#website\"},\"primaryImageOfPage\":{\"@id\":\"https:\\\/\\\/www.interflora.se\\\/inspiration\\\/arets-sommarblomma\\\/#primaryimage\"},\"image\":{\"@id\":\"https:\\\/\\\/www.interflora.se\\\/inspiration\\\/arets-sommarblomma\\\/#primaryimage\"},\"thumbnailUrl\":\"https:\\\/\\\/www.interflora.se\\\/inspiration\\\/wp-content\\\/uploads\\\/2025\\\/03\\\/arets-sommarblomma-svartoga-interflora-1.jpg\",\"datePublished\":\"2023-07-06T01:47:00+00:00\",\"dateModified\":\"2025-03-28T10:22:11+00:00\",\"breadcrumb\":{\"@id\":\"https:\\\/\\\/www.interflora.se\\\/inspiration\\\/arets-sommarblomma\\\/#breadcrumb\"},\"inLanguage\":\"sv-SE\",\"potentialAction\":[{\"@type\":\"ReadAction\",\"target\":[\"https:\\\/\\\/www.interflora.se\\\/inspiration\\\/arets-sommarblomma\\\/\"]}]},{\"@type\":\"ImageObject\",\"inLanguage\":\"sv-SE\",\"@id\":\"https:\\\/\\\/www.interflora.se\\\/inspiration\\\/arets-sommarblomma\\\/#primaryimage\",\"url\":\"https:\\\/\\\/www.interflora.se\\\/inspiration\\\/wp-content\\\/uploads\\\/2025\\\/03\\\/arets-sommarblomma-svartoga-interflora-1.jpg\",\"contentUrl\":\"https:\\\/\\\/www.interflora.se\\\/inspiration\\\/wp-content\\\/uploads\\\/2025\\\/03\\\/arets-sommarblomma-svartoga-interflora-1.jpg\",\"width\":1000,\"height\":1250},{\"@type\":\"BreadcrumbList\",\"@id\":\"https:\\\/\\\/www.interflora.se\\\/inspiration\\\/arets-sommarblomma\\\/#breadcrumb\",\"itemListElement\":[{\"@type\":\"ListItem\",\"position\":1,\"name\":\"Home\",\"item\":\"https:\\\/\\\/www.interflora.se\\\/inspiration\\\/\"},{\"@type\":\"ListItem\",\"position\":2,\"name\":\"Svart\u00f6ga &#8211; \u00c5rets sommarblomma 2023\"}]},{\"@type\":\"WebSite\",\"@id\":\"https:\\\/\\\/www.interflora.se\\\/inspiration\\\/#website\",\"url\":\"https:\\\/\\\/www.interflora.se\\\/inspiration\\\/\",\"name\":\"Interflora\",\"description\":\"\",\"publisher\":{\"@id\":\"https:\\\/\\\/www.interflora.se\\\/inspiration\\\/#organization\"},\"potentialAction\":[{\"@type\":\"SearchAction\",\"target\":{\"@type\":\"EntryPoint\",\"urlTemplate\":\"https:\\\/\\\/www.interflora.se\\\/inspiration\\\/?s={search_term_string}\"},\"query-input\":{\"@type\":\"PropertyValueSpecification\",\"valueRequired\":true,\"valueName\":\"search_term_string\"}}],\"inLanguage\":\"sv-SE\"},{\"@type\":\"Organization\",\"@id\":\"https:\\\/\\\/www.interflora.se\\\/inspiration\\\/#organization\",\"name\":\"Interflora\",\"url\":\"https:\\\/\\\/www.interflora.se\\\/inspiration\\\/\",\"logo\":{\"@type\":\"ImageObject\",\"inLanguage\":\"sv-SE\",\"@id\":\"https:\\\/\\\/www.interflora.se\\\/inspiration\\\/#\\\/schema\\\/logo\\\/image\\\/\",\"url\":\"https:\\\/\\\/www.interflora.se\\\/inspiration\\\/wp-content\\\/uploads\\\/2025\\\/09\\\/cropped-220422_INTERFLORA_Logo_rgb_Half_Top_Circle_Main_Color.avif\",\"contentUrl\":\"https:\\\/\\\/www.interflora.se\\\/inspiration\\\/wp-content\\\/uploads\\\/2025\\\/09\\\/cropped-220422_INTERFLORA_Logo_rgb_Half_Top_Circle_Main_Color.avif\",\"width\":1418,\"height\":662,\"caption\":\"Interflora\"},\"image\":{\"@id\":\"https:\\\/\\\/www.interflora.se\\\/inspiration\\\/#\\\/schema\\\/logo\\\/image\\\/\"},\"sameAs\":[\"https:\\\/\\\/www.facebook.com\\\/InterfloraAB\",\"https:\\\/\\\/www.instagram.com\\\/interflora_ab\\\/\",\"https:\\\/\\\/www.linkedin.com\\\/company\\\/1494362\",\"https:\\\/\\\/www.youtube.com\\\/channel\\\/UCZgDzGWB2VRxaoWFUmXnk1w\"]},{\"@type\":\"Person\",\"@id\":\"https:\\\/\\\/www.interflora.se\\\/inspiration\\\/#\\\/schema\\\/person\\\/dbbd1ad45e05409c356dc639597669f2\",\"name\":\"admin\",\"image\":{\"@type\":\"ImageObject\",\"inLanguage\":\"sv-SE\",\"@id\":\"https:\\\/\\\/www.interflora.se\\\/inspiration\\\/wp-content\\\/litespeed\\\/avatar\\\/1fe3cced9e67df62d0a6f995d75823a5.jpg?ver=1777362393\",\"url\":\"https:\\\/\\\/www.interflora.se\\\/inspiration\\\/wp-content\\\/litespeed\\\/avatar\\\/1fe3cced9e67df62d0a6f995d75823a5.jpg?ver=1777362393\",\"contentUrl\":\"https:\\\/\\\/www.interflora.se\\\/inspiration\\\/wp-content\\\/litespeed\\\/avatar\\\/1fe3cced9e67df62d0a6f995d75823a5.jpg?ver=1777362393\",\"caption\":\"admin\"},\"sameAs\":[\"https:\\\/\\\/www.interflora.se\\\/inspiration\"],\"url\":\"https:\\\/\\\/www.interflora.se\\\/inspiration\\\/author\\\/admin\\\/\"}]}<\/script>\n<!-- \/ Yoast SEO plugin. -->","yoast_head_json":{"title":"Svart\u00f6ga - \u00c5rets sommarblomma 2023 | Interflora","robots":{"index":"index","follow":"follow","max-snippet":"max-snippet:-1","max-image-preview":"max-image-preview:large","max-video-preview":"max-video-preview:-1"},"canonical":"https:\/\/www.interflora.se\/inspiration\/arets-sommarblomma\/","og_locale":"sv_SE","og_type":"article","og_title":"Svart\u00f6ga - \u00c5rets sommarblomma 2023 | Interflora","og_description":"\u00c5rets sommarblomma presenteras p\u00e5 Malm\u00f6 Garden Show varje \u00e5r. Det \u00e4r en utvald svenskodlad v\u00e4xt som passar att plantera utomhus.\u00a0\u00c5rets [&hellip;]","og_url":"https:\/\/www.interflora.se\/inspiration\/arets-sommarblomma\/","og_site_name":"Inspiration om blommor, krukv\u00e4xter &amp; trender | Interflora","article_publisher":"https:\/\/www.facebook.com\/InterfloraAB","article_published_time":"2023-07-06T01:47:00+00:00","article_modified_time":"2025-03-28T10:22:11+00:00","og_image":[{"width":1000,"height":1250,"url":"https:\/\/www.interflora.se\/inspiration\/wp-content\/uploads\/2025\/03\/arets-sommarblomma-svartoga-interflora-1.jpg","type":"image\/jpeg"}],"author":"admin","twitter_card":"summary_large_image","twitter_misc":{"Skriven av":"admin","Ber\u00e4knad l\u00e4stid":"2 minuter"},"schema":{"@context":"https:\/\/schema.org","@graph":[{"@type":"Article","@id":"https:\/\/www.interflora.se\/inspiration\/arets-sommarblomma\/#article","isPartOf":{"@id":"https:\/\/www.interflora.se\/inspiration\/arets-sommarblomma\/"},"author":{"name":"admin","@id":"https:\/\/www.interflora.se\/inspiration\/#\/schema\/person\/dbbd1ad45e05409c356dc639597669f2"},"headline":"Svart\u00f6ga &#8211; \u00c5rets sommarblomma 2023","datePublished":"2023-07-06T01:47:00+00:00","dateModified":"2025-03-28T10:22:11+00:00","mainEntityOfPage":{"@id":"https:\/\/www.interflora.se\/inspiration\/arets-sommarblomma\/"},"wordCount":399,"commentCount":0,"publisher":{"@id":"https:\/\/www.interflora.se\/inspiration\/#organization"},"image":{"@id":"https:\/\/www.interflora.se\/inspiration\/arets-sommarblomma\/#primaryimage"},"thumbnailUrl":"https:\/\/www.interflora.se\/inspiration\/wp-content\/uploads\/2025\/03\/arets-sommarblomma-svartoga-interflora-1.jpg","articleSection":["Senaste nytt"],"inLanguage":"sv-SE","potentialAction":[{"@type":"CommentAction","name":"Comment","target":["https:\/\/www.interflora.se\/inspiration\/arets-sommarblomma\/#respond"]}]},{"@type":"WebPage","@id":"https:\/\/www.interflora.se\/inspiration\/arets-sommarblomma\/","url":"https:\/\/www.interflora.se\/inspiration\/arets-sommarblomma\/","name":"Svart\u00f6ga - \u00c5rets sommarblomma 2023 | Interflora","isPartOf":{"@id":"https:\/\/www.interflora.se\/inspiration\/#website"},"primaryImageOfPage":{"@id":"https:\/\/www.interflora.se\/inspiration\/arets-sommarblomma\/#primaryimage"},"image":{"@id":"https:\/\/www.interflora.se\/inspiration\/arets-sommarblomma\/#primaryimage"},"thumbnailUrl":"https:\/\/www.interflora.se\/inspiration\/wp-content\/uploads\/2025\/03\/arets-sommarblomma-svartoga-interflora-1.jpg","datePublished":"2023-07-06T01:47:00+00:00","dateModified":"2025-03-28T10:22:11+00:00","breadcrumb":{"@id":"https:\/\/www.interflora.se\/inspiration\/arets-sommarblomma\/#breadcrumb"},"inLanguage":"sv-SE","potentialAction":[{"@type":"ReadAction","target":["https:\/\/www.interflora.se\/inspiration\/arets-sommarblomma\/"]}]},{"@type":"ImageObject","inLanguage":"sv-SE","@id":"https:\/\/www.interflora.se\/inspiration\/arets-sommarblomma\/#primaryimage","url":"https:\/\/www.interflora.se\/inspiration\/wp-content\/uploads\/2025\/03\/arets-sommarblomma-svartoga-interflora-1.jpg","contentUrl":"https:\/\/www.interflora.se\/inspiration\/wp-content\/uploads\/2025\/03\/arets-sommarblomma-svartoga-interflora-1.jpg","width":1000,"height":1250},{"@type":"BreadcrumbList","@id":"https:\/\/www.interflora.se\/inspiration\/arets-sommarblomma\/#breadcrumb","itemListElement":[{"@type":"ListItem","position":1,"name":"Home","item":"https:\/\/www.interflora.se\/inspiration\/"},{"@type":"ListItem","position":2,"name":"Svart\u00f6ga &#8211; \u00c5rets sommarblomma 2023"}]},{"@type":"WebSite","@id":"https:\/\/www.interflora.se\/inspiration\/#website","url":"https:\/\/www.interflora.se\/inspiration\/","name":"Interflora","description":"","publisher":{"@id":"https:\/\/www.interflora.se\/inspiration\/#organization"},"potentialAction":[{"@type":"SearchAction","target":{"@type":"EntryPoint","urlTemplate":"https:\/\/www.interflora.se\/inspiration\/?s={search_term_string}"},"query-input":{"@type":"PropertyValueSpecification","valueRequired":true,"valueName":"search_term_string"}}],"inLanguage":"sv-SE"},{"@type":"Organization","@id":"https:\/\/www.interflora.se\/inspiration\/#organization","name":"Interflora","url":"https:\/\/www.interflora.se\/inspiration\/","logo":{"@type":"ImageObject","inLanguage":"sv-SE","@id":"https:\/\/www.interflora.se\/inspiration\/#\/schema\/logo\/image\/","url":"https:\/\/www.interflora.se\/inspiration\/wp-content\/uploads\/2025\/09\/cropped-220422_INTERFLORA_Logo_rgb_Half_Top_Circle_Main_Color.avif","contentUrl":"https:\/\/www.interflora.se\/inspiration\/wp-content\/uploads\/2025\/09\/cropped-220422_INTERFLORA_Logo_rgb_Half_Top_Circle_Main_Color.avif","width":1418,"height":662,"caption":"Interflora"},"image":{"@id":"https:\/\/www.interflora.se\/inspiration\/#\/schema\/logo\/image\/"},"sameAs":["https:\/\/www.facebook.com\/InterfloraAB","https:\/\/www.instagram.com\/interflora_ab\/","https:\/\/www.linkedin.com\/company\/1494362","https:\/\/www.youtube.com\/channel\/UCZgDzGWB2VRxaoWFUmXnk1w"]},{"@type":"Person","@id":"https:\/\/www.interflora.se\/inspiration\/#\/schema\/person\/dbbd1ad45e05409c356dc639597669f2","name":"admin","image":{"@type":"ImageObject","inLanguage":"sv-SE","@id":"https:\/\/www.interflora.se\/inspiration\/wp-content\/litespeed\/avatar\/1fe3cced9e67df62d0a6f995d75823a5.jpg?ver=1777362393","url":"https:\/\/www.interflora.se\/inspiration\/wp-content\/litespeed\/avatar\/1fe3cced9e67df62d0a6f995d75823a5.jpg?ver=1777362393","contentUrl":"https:\/\/www.interflora.se\/inspiration\/wp-content\/litespeed\/avatar\/1fe3cced9e67df62d0a6f995d75823a5.jpg?ver=1777362393","caption":"admin"},"sameAs":["https:\/\/www.interflora.se\/inspiration"],"url":"https:\/\/www.interflora.se\/inspiration\/author\/admin\/"}]}},"uagb_featured_image_src":{"full":["https:\/\/www.interflora.se\/inspiration\/wp-content\/uploads\/2025\/03\/arets-sommarblomma-svartoga-interflora-1.jpg",1000,1250,false],"thumbnail":["https:\/\/www.interflora.se\/inspiration\/wp-content\/uploads\/2025\/03\/arets-sommarblomma-svartoga-interflora-1-150x150.jpg",150,150,true],"medium":["https:\/\/www.interflora.se\/inspiration\/wp-content\/uploads\/2025\/03\/arets-sommarblomma-svartoga-interflora-1-240x300.jpg",240,300,true],"medium_large":["https:\/\/www.interflora.se\/inspiration\/wp-content\/uploads\/2025\/03\/arets-sommarblomma-svartoga-interflora-1-768x960.jpg",768,960,true],"large":["https:\/\/www.interflora.se\/inspiration\/wp-content\/uploads\/2025\/03\/arets-sommarblomma-svartoga-interflora-1-819x1024.jpg",819,1024,true],"1536x1536":["https:\/\/www.interflora.se\/inspiration\/wp-content\/uploads\/2025\/03\/arets-sommarblomma-svartoga-interflora-1.jpg",1000,1250,false],"2048x2048":["https:\/\/www.interflora.se\/inspiration\/wp-content\/uploads\/2025\/03\/arets-sommarblomma-svartoga-interflora-1.jpg",1000,1250,false]},"uagb_author_info":{"display_name":"admin","author_link":"https:\/\/www.interflora.se\/inspiration\/author\/admin\/"},"uagb_comment_info":0,"uagb_excerpt":"\u00c5rets sommarblomma presenteras p\u00e5 Malm\u00f6 Garden Show varje \u00e5r. Det \u00e4r en utvald svenskodlad v\u00e4xt som passar att plantera utomhus.\u00a0\u00c5rets [&hellip;]","_links":{"self":[{"href":"https:\/\/www.interflora.se\/inspiration\/wp-json\/wp\/v2\/posts\/84","targetHints":{"allow":["GET"]}}],"collection":[{"href":"https:\/\/www.interflora.se\/inspiration\/wp-json\/wp\/v2\/posts"}],"about":[{"href":"https:\/\/www.interflora.se\/inspiration\/wp-json\/wp\/v2\/types\/post"}],"author":[{"embeddable":true,"href":"https:\/\/www.interflora.se\/inspiration\/wp-json\/wp\/v2\/users\/1"}],"replies":[{"embeddable":true,"href":"https:\/\/www.interflora.se\/inspiration\/wp-json\/wp\/v2\/comments?post=84"}],"version-history":[{"count":1,"href":"https:\/\/www.interflora.se\/inspiration\/wp-json\/wp\/v2\/posts\/84\/revisions"}],"predecessor-version":[{"id":1708,"href":"https:\/\/www.interflora.se\/inspiration\/wp-json\/wp\/v2\/posts\/84\/revisions\/1708"}],"wp:featuredmedia":[{"embeddable":true,"href":"https:\/\/www.interflora.se\/inspiration\/wp-json\/wp\/v2\/media\/1706"}],"wp:attachment":[{"href":"https:\/\/www.interflora.se\/inspiration\/wp-json\/wp\/v2\/media?parent=84"}],"wp:term":[{"taxonomy":"category","embeddable":true,"href":"https:\/\/www.interflora.se\/inspiration\/wp-json\/wp\/v2\/categories?post=84"},{"taxonomy":"post_tag","embeddable":true,"href":"https:\/\/www.interflora.se\/inspiration\/wp-json\/wp\/v2\/tags?post=84"}],"curies":[{"name":"wp","href":"https:\/\/api.w.org\/{rel}","templated":true}]}}