{"id":79,"date":"2023-08-23T13:54:25","date_gmt":"2023-08-23T11:54:25","guid":{"rendered":"http:\/\/preprodblog.interflora.se\/blog\/?p=79"},"modified":"2025-11-13T11:07:21","modified_gmt":"2025-11-13T10:07:21","slug":"angelica-svanstrom-julkampanj-interflora","status":"publish","type":"post","link":"https:\/\/www.interflora.se\/inspiration\/angelica-svanstrom-julkampanj-interflora\/","title":{"rendered":"Julvackert hos influencern och fotografen Angelica Svanstr\u00f6m"},"content":{"rendered":"\n<p>Hemma hos influencern och fotografen Angelica Svanstr\u00f6m i S\u00f6dert\u00e4lje \u00e4r julen kl\u00e4dd i r\u00f6da blommor. Julros, amaryllis, anemon, skimmia och nejlika fyller granens alla grenar. Sj\u00e4lvklart matchar b\u00e5de klappar och julbord. Nu \u00e4r hon och barnen Lova och Rio redo f\u00f6r mys \u2013 helst i pyjamas.<\/p>\n\n\n\n<p>FLORISTISK ID\u00c9&nbsp;HEIDI MIKKONEN &amp; ELIN JACOBSSON<br>FOTO&nbsp;IDHA LINDHAG&nbsp;STYLIST&nbsp;SOPHIA BRATT\/AGENT BAUER<\/p>\n\n\n\n<figure class=\"wp-block-image size-large\"><img decoding=\"async\" src=\"https:\/\/www.interflora.se\/inspiration\/wp-content\/uploads\/2025\/03\/jul-hos-angelica-bild-med-text-desktop-5.jpg\" alt=\"\"\/><\/figure>\n\n\n\n<p>Till vardags \u00e4r hennes inredningsstil en mix av minimalism och Medelhav,&nbsp;en perfekt grund n\u00e4r man vill vara kreativ och skapa stor effekt med julens pynt.&nbsp;Interfloras florister Heidi Mikkonen och Elin Jacobsson stod f\u00f6r det floristiska hantverket hemma hos Angelica och hennes man. De b\u00f6rjade med att binda fast sm\u00e5 glasr\u00f6rsvaser p\u00e5 granens stadiga grenar. Julstj\u00e4rnor liknar stora rosetter och passar perfekt att s\u00e4tta i om man snittar stj\u00e4lkarna korta. Ett annat tips \u00e4r att v\u00e4lja blomsorter som antingen \u00e4r t\u00e5liga eller torkar fint, till exempel nejlikor, skimmia, orkid\u00e9er och ilex med r\u00f6da b\u00e4r. Angelicas gran kl\u00e4ddes \u00e4ven med anemoner, torkade clementiner, kanelst\u00e4nger och sm\u00e5 vaxade paradis\u00e4pplen, som finns att k\u00f6pa i blomsterbutiker.<\/p>\n\n\n\n<figure class=\"wp-block-gallery has-nested-images columns-default is-cropped wp-block-gallery-1 is-layout-flex wp-block-gallery-is-layout-flex\">\n<figure class=\"wp-block-image size-large\"><img decoding=\"async\" src=\"https:\/\/www.interflora.se\/inspiration\/wp-content\/uploads\/2025\/03\/jul-hos-angelica-bild-desktop-3.jpg\" alt=\"\"\/><\/figure>\n\n\n\n<figure class=\"wp-block-image size-large\"><img decoding=\"async\" src=\"https:\/\/www.interflora.se\/inspiration\/wp-content\/uploads\/2025\/03\/jul-hos-angelica-bild-med-text-desktop-4.jpg\" alt=\"\"\/><\/figure>\n<\/figure>\n\n\n\n<p>Angelica \u00e4lskar resultatet och n\u00e4r hon l\u00e4t sina f\u00f6ljare tjuvtitta p\u00e5 sin blomstrande gran fick hon m\u00e4ngder av kommentarer.<br>\u2013 Jag har aldrig f\u00e5tt s\u00e5 mycket reaktioner, det var n\u00e4stan mer k\u00e4rlek till granen \u00e4n n\u00e4r jag f\u00f6dde barnen haha. Men den \u00e4r magisk! Jag f\u00f6rst\u00e5r dem! Vem har sett n\u00e5got liknande innan? Den \u00e4r overkligt vacker.<\/p>\n\n\n\n<p>Vad l\u00e4ngtar du mest efter n\u00e4r det n\u00e4rmar sig jul?<br>\u2013 \u00c5h allt! Att s\u00e4tta p\u00e5 julmusik och baka med familjen, strosa runt i huset i pyjamas, t\u00e4nda ljus och varva ner. Men mest av allt att pynta tillsammans med barnen och kl\u00e4 julgranen.<\/p>\n\n\n\n<figure class=\"wp-block-image size-large\"><img decoding=\"async\" src=\"https:\/\/www.interflora.se\/inspiration\/wp-content\/uploads\/2025\/03\/jul-hos-angelica-bild-mobil.jpg\" alt=\"\"\/><\/figure>\n\n\n\n<p>Vilka \u00e4r dina topp tre f\u00f6r att fixa julmyset hemma hos er?<br>\u2013 Alltid ha t\u00e4nda ljus, g\u00f6ra pepparkakshus och hugga egen julgran.<br><br>Vad har ni f\u00f6r jultraditioner i din familj?<br>\u2013 Mamma har alltid g\u00e5tt all in p\u00e5 julen med tomtar i alla h\u00f6rn och julmusik i bakgrunden \u00e4nda fr\u00e5n november. Men det viktigaste har alltid varit att f\u00e5 vara tillsammans. I min familj gosar vi i pyjamas hela julledigheten. Det \u00e4r knappt s\u00e5 vi g\u00f6r oss till p\u00e5 julafton. Julen f\u00f6r oss \u00e4r n\u00e4rhet, mys och god mat.<br><br>Vad vill du inte vara utan p\u00e5 julbordet?<br>\u2013 Mammas \u00e4ggstuvning, sill och potatis.<\/p>\n\n\n\n<p>Vilka julblommor pyntar du med hemma?<br>\u2013 Jag \u00e4lskar amaryllis i alla dess f\u00e4rger!<\/p>\n\n\n\n<p>&nbsp;Vilket \u00e4r ditt b\u00e4sta julpyssel?<br>\u2013 Vi har en l\u00e5da med pyssel som jag samlat p\u00e5 mig genom \u00e5ren. Jag sl\u00e4nger inget, bara fyller p\u00e5. Allt fr\u00e5n sidenband till fina papper och kartonger. Vi st\u00e4ller fram den och bara k\u00f6r, inspirerade av tv\u00e5 pysselb\u00f6cker fr\u00e5n Sofia Vusir Jansson, en heter Hidden places och den \u00e4lskar b\u00e5de jag och barnen.&nbsp;<\/p>\n\n\n\n<figure class=\"wp-block-gallery has-nested-images columns-default is-cropped wp-block-gallery-2 is-layout-flex wp-block-gallery-is-layout-flex\">\n<figure class=\"wp-block-image size-large\"><img decoding=\"async\" src=\"https:\/\/www.interflora.se\/inspiration\/wp-content\/uploads\/2025\/03\/jul-hos-angelica-bild-desktop-7.jpg\" alt=\"\"\/><\/figure>\n\n\n\n<figure class=\"wp-block-image size-large\"><img decoding=\"async\" src=\"https:\/\/www.interflora.se\/inspiration\/wp-content\/uploads\/2025\/03\/jul-hos-angelica-bild-desktop-6.jpg\" alt=\"\"\/><\/figure>\n\n\n\n<figure class=\"wp-block-image size-large\"><img decoding=\"async\" src=\"https:\/\/www.interflora.se\/inspiration\/wp-content\/uploads\/2025\/03\/jul-hos-angelica-bild-desktop-5.jpg\" alt=\"\"\/><\/figure>\n<\/figure>\n","protected":false},"excerpt":{"rendered":"<p>Hemma hos influencern och fotografen Angelica Svanstr\u00f6m i S\u00f6dert\u00e4lje \u00e4r julen kl\u00e4dd i r\u00f6da blommor. Julros, amaryllis, anemon, skimmia och [&hellip;]<\/p>\n","protected":false},"author":1,"featured_media":2494,"comment_status":"open","ping_status":"open","sticky":false,"template":"","format":"standard","meta":{"_uag_custom_page_level_css":"","site-sidebar-layout":"default","site-content-layout":"","ast-site-content-layout":"default","site-content-style":"default","site-sidebar-style":"default","ast-global-header-display":"","ast-banner-title-visibility":"","ast-main-header-display":"","ast-hfb-above-header-display":"","ast-hfb-below-header-display":"","ast-hfb-mobile-header-display":"","site-post-title":"","ast-breadcrumbs-content":"","ast-featured-img":"","footer-sml-layout":"","ast-disable-related-posts":"","theme-transparent-header-meta":"","adv-header-id-meta":"","stick-header-meta":"","header-above-stick-meta":"","header-main-stick-meta":"","header-below-stick-meta":"","astra-migrate-meta-layouts":"default","ast-page-background-enabled":"default","ast-page-background-meta":{"desktop":{"background-color":"var(--ast-global-color-5)","background-image":"","background-repeat":"repeat","background-position":"center center","background-size":"auto","background-attachment":"scroll","background-type":"","background-media":"","overlay-type":"","overlay-color":"","overlay-opacity":"","overlay-gradient":""},"tablet":{"background-color":"","background-image":"","background-repeat":"repeat","background-position":"center center","background-size":"auto","background-attachment":"scroll","background-type":"","background-media":"","overlay-type":"","overlay-color":"","overlay-opacity":"","overlay-gradient":""},"mobile":{"background-color":"","background-image":"","background-repeat":"repeat","background-position":"center center","background-size":"auto","background-attachment":"scroll","background-type":"","background-media":"","overlay-type":"","overlay-color":"","overlay-opacity":"","overlay-gradient":""}},"ast-content-background-meta":{"desktop":{"background-color":"var(--ast-global-color-4)","background-image":"","background-repeat":"repeat","background-position":"center center","background-size":"auto","background-attachment":"scroll","background-type":"","background-media":"","overlay-type":"","overlay-color":"","overlay-opacity":"","overlay-gradient":""},"tablet":{"background-color":"var(--ast-global-color-4)","background-image":"","background-repeat":"repeat","background-position":"center center","background-size":"auto","background-attachment":"scroll","background-type":"","background-media":"","overlay-type":"","overlay-color":"","overlay-opacity":"","overlay-gradient":""},"mobile":{"background-color":"var(--ast-global-color-4)","background-image":"","background-repeat":"repeat","background-position":"center center","background-size":"auto","background-attachment":"scroll","background-type":"","background-media":"","overlay-type":"","overlay-color":"","overlay-opacity":"","overlay-gradient":""}},"footnotes":""},"categories":[4],"tags":[],"class_list":["post-79","post","type-post","status-publish","format-standard","has-post-thumbnail","hentry","category-tips"],"yoast_head":"<!-- This site is optimized with the Yoast SEO plugin v27.4 - https:\/\/yoast.com\/product\/yoast-seo-wordpress\/ -->\n<title>Julvackert hos influencern och fotografen Angelica Svanstr\u00f6m | Interflora<\/title>\n<meta name=\"robots\" content=\"index, follow, max-snippet:-1, max-image-preview:large, max-video-preview:-1\" \/>\n<link rel=\"canonical\" href=\"https:\/\/www.interflora.se\/inspiration\/angelica-svanstrom-julkampanj-interflora\/\" \/>\n<meta property=\"og:locale\" content=\"sv_SE\" \/>\n<meta property=\"og:type\" content=\"article\" \/>\n<meta property=\"og:title\" content=\"Julvackert hos influencern och fotografen Angelica Svanstr\u00f6m | Interflora\" \/>\n<meta property=\"og:description\" content=\"Hemma hos influencern och fotografen Angelica Svanstr\u00f6m i S\u00f6dert\u00e4lje \u00e4r julen kl\u00e4dd i r\u00f6da blommor. Julros, amaryllis, anemon, skimmia och [&hellip;]\" \/>\n<meta property=\"og:url\" content=\"https:\/\/www.interflora.se\/inspiration\/angelica-svanstrom-julkampanj-interflora\/\" \/>\n<meta property=\"og:site_name\" content=\"Inspiration om blommor, krukv\u00e4xter &amp; trender | Interflora\" \/>\n<meta property=\"article:publisher\" content=\"https:\/\/www.facebook.com\/InterfloraAB\" \/>\n<meta property=\"article:published_time\" content=\"2023-08-23T11:54:25+00:00\" \/>\n<meta property=\"article:modified_time\" content=\"2025-11-13T10:07:21+00:00\" \/>\n<meta property=\"og:image\" content=\"https:\/\/www.interflora.se\/inspiration\/wp-content\/uploads\/2025\/03\/jul-hos-angelica-bild-desktop-7.jpg\" \/>\n\t<meta property=\"og:image:width\" content=\"857\" \/>\n\t<meta property=\"og:image:height\" content=\"1200\" \/>\n\t<meta property=\"og:image:type\" content=\"image\/jpeg\" \/>\n<meta name=\"author\" content=\"admin\" \/>\n<meta name=\"twitter:card\" content=\"summary_large_image\" \/>\n<meta name=\"twitter:label1\" content=\"Skriven av\" \/>\n\t<meta name=\"twitter:data1\" content=\"admin\" \/>\n\t<meta name=\"twitter:label2\" content=\"Ber\u00e4knad l\u00e4stid\" \/>\n\t<meta name=\"twitter:data2\" content=\"4 minuter\" \/>\n<script type=\"application\/ld+json\" class=\"yoast-schema-graph\">{\"@context\":\"https:\\\/\\\/schema.org\",\"@graph\":[{\"@type\":\"Article\",\"@id\":\"https:\\\/\\\/www.interflora.se\\\/inspiration\\\/angelica-svanstrom-julkampanj-interflora\\\/#article\",\"isPartOf\":{\"@id\":\"https:\\\/\\\/www.interflora.se\\\/inspiration\\\/angelica-svanstrom-julkampanj-interflora\\\/\"},\"author\":{\"name\":\"admin\",\"@id\":\"https:\\\/\\\/www.interflora.se\\\/inspiration\\\/#\\\/schema\\\/person\\\/dbbd1ad45e05409c356dc639597669f2\"},\"headline\":\"Julvackert hos influencern och fotografen Angelica Svanstr\u00f6m\",\"datePublished\":\"2023-08-23T11:54:25+00:00\",\"dateModified\":\"2025-11-13T10:07:21+00:00\",\"mainEntityOfPage\":{\"@id\":\"https:\\\/\\\/www.interflora.se\\\/inspiration\\\/angelica-svanstrom-julkampanj-interflora\\\/\"},\"wordCount\":521,\"commentCount\":0,\"publisher\":{\"@id\":\"https:\\\/\\\/www.interflora.se\\\/inspiration\\\/#organization\"},\"image\":{\"@id\":\"https:\\\/\\\/www.interflora.se\\\/inspiration\\\/angelica-svanstrom-julkampanj-interflora\\\/#primaryimage\"},\"thumbnailUrl\":\"https:\\\/\\\/www.interflora.se\\\/inspiration\\\/wp-content\\\/uploads\\\/2025\\\/03\\\/jul-hos-angelica-bild-desktop-7.jpg\",\"articleSection\":[\"Tips\"],\"inLanguage\":\"sv-SE\",\"potentialAction\":[{\"@type\":\"CommentAction\",\"name\":\"Comment\",\"target\":[\"https:\\\/\\\/www.interflora.se\\\/inspiration\\\/angelica-svanstrom-julkampanj-interflora\\\/#respond\"]}]},{\"@type\":\"WebPage\",\"@id\":\"https:\\\/\\\/www.interflora.se\\\/inspiration\\\/angelica-svanstrom-julkampanj-interflora\\\/\",\"url\":\"https:\\\/\\\/www.interflora.se\\\/inspiration\\\/angelica-svanstrom-julkampanj-interflora\\\/\",\"name\":\"Julvackert hos influencern och fotografen Angelica Svanstr\u00f6m | Interflora\",\"isPartOf\":{\"@id\":\"https:\\\/\\\/www.interflora.se\\\/inspiration\\\/#website\"},\"primaryImageOfPage\":{\"@id\":\"https:\\\/\\\/www.interflora.se\\\/inspiration\\\/angelica-svanstrom-julkampanj-interflora\\\/#primaryimage\"},\"image\":{\"@id\":\"https:\\\/\\\/www.interflora.se\\\/inspiration\\\/angelica-svanstrom-julkampanj-interflora\\\/#primaryimage\"},\"thumbnailUrl\":\"https:\\\/\\\/www.interflora.se\\\/inspiration\\\/wp-content\\\/uploads\\\/2025\\\/03\\\/jul-hos-angelica-bild-desktop-7.jpg\",\"datePublished\":\"2023-08-23T11:54:25+00:00\",\"dateModified\":\"2025-11-13T10:07:21+00:00\",\"breadcrumb\":{\"@id\":\"https:\\\/\\\/www.interflora.se\\\/inspiration\\\/angelica-svanstrom-julkampanj-interflora\\\/#breadcrumb\"},\"inLanguage\":\"sv-SE\",\"potentialAction\":[{\"@type\":\"ReadAction\",\"target\":[\"https:\\\/\\\/www.interflora.se\\\/inspiration\\\/angelica-svanstrom-julkampanj-interflora\\\/\"]}]},{\"@type\":\"ImageObject\",\"inLanguage\":\"sv-SE\",\"@id\":\"https:\\\/\\\/www.interflora.se\\\/inspiration\\\/angelica-svanstrom-julkampanj-interflora\\\/#primaryimage\",\"url\":\"https:\\\/\\\/www.interflora.se\\\/inspiration\\\/wp-content\\\/uploads\\\/2025\\\/03\\\/jul-hos-angelica-bild-desktop-7.jpg\",\"contentUrl\":\"https:\\\/\\\/www.interflora.se\\\/inspiration\\\/wp-content\\\/uploads\\\/2025\\\/03\\\/jul-hos-angelica-bild-desktop-7.jpg\",\"width\":857,\"height\":1200},{\"@type\":\"BreadcrumbList\",\"@id\":\"https:\\\/\\\/www.interflora.se\\\/inspiration\\\/angelica-svanstrom-julkampanj-interflora\\\/#breadcrumb\",\"itemListElement\":[{\"@type\":\"ListItem\",\"position\":1,\"name\":\"Home\",\"item\":\"https:\\\/\\\/www.interflora.se\\\/inspiration\\\/\"},{\"@type\":\"ListItem\",\"position\":2,\"name\":\"Julvackert hos influencern och fotografen Angelica Svanstr\u00f6m\"}]},{\"@type\":\"WebSite\",\"@id\":\"https:\\\/\\\/www.interflora.se\\\/inspiration\\\/#website\",\"url\":\"https:\\\/\\\/www.interflora.se\\\/inspiration\\\/\",\"name\":\"Interflora\",\"description\":\"\",\"publisher\":{\"@id\":\"https:\\\/\\\/www.interflora.se\\\/inspiration\\\/#organization\"},\"potentialAction\":[{\"@type\":\"SearchAction\",\"target\":{\"@type\":\"EntryPoint\",\"urlTemplate\":\"https:\\\/\\\/www.interflora.se\\\/inspiration\\\/?s={search_term_string}\"},\"query-input\":{\"@type\":\"PropertyValueSpecification\",\"valueRequired\":true,\"valueName\":\"search_term_string\"}}],\"inLanguage\":\"sv-SE\"},{\"@type\":\"Organization\",\"@id\":\"https:\\\/\\\/www.interflora.se\\\/inspiration\\\/#organization\",\"name\":\"Interflora\",\"url\":\"https:\\\/\\\/www.interflora.se\\\/inspiration\\\/\",\"logo\":{\"@type\":\"ImageObject\",\"inLanguage\":\"sv-SE\",\"@id\":\"https:\\\/\\\/www.interflora.se\\\/inspiration\\\/#\\\/schema\\\/logo\\\/image\\\/\",\"url\":\"https:\\\/\\\/www.interflora.se\\\/inspiration\\\/wp-content\\\/uploads\\\/2025\\\/09\\\/cropped-220422_INTERFLORA_Logo_rgb_Half_Top_Circle_Main_Color.avif\",\"contentUrl\":\"https:\\\/\\\/www.interflora.se\\\/inspiration\\\/wp-content\\\/uploads\\\/2025\\\/09\\\/cropped-220422_INTERFLORA_Logo_rgb_Half_Top_Circle_Main_Color.avif\",\"width\":1418,\"height\":662,\"caption\":\"Interflora\"},\"image\":{\"@id\":\"https:\\\/\\\/www.interflora.se\\\/inspiration\\\/#\\\/schema\\\/logo\\\/image\\\/\"},\"sameAs\":[\"https:\\\/\\\/www.facebook.com\\\/InterfloraAB\",\"https:\\\/\\\/www.instagram.com\\\/interflora_ab\\\/\",\"https:\\\/\\\/www.linkedin.com\\\/company\\\/1494362\",\"https:\\\/\\\/www.youtube.com\\\/channel\\\/UCZgDzGWB2VRxaoWFUmXnk1w\"]},{\"@type\":\"Person\",\"@id\":\"https:\\\/\\\/www.interflora.se\\\/inspiration\\\/#\\\/schema\\\/person\\\/dbbd1ad45e05409c356dc639597669f2\",\"name\":\"admin\",\"image\":{\"@type\":\"ImageObject\",\"inLanguage\":\"sv-SE\",\"@id\":\"https:\\\/\\\/www.interflora.se\\\/inspiration\\\/wp-content\\\/litespeed\\\/avatar\\\/1fe3cced9e67df62d0a6f995d75823a5.jpg?ver=1777362393\",\"url\":\"https:\\\/\\\/www.interflora.se\\\/inspiration\\\/wp-content\\\/litespeed\\\/avatar\\\/1fe3cced9e67df62d0a6f995d75823a5.jpg?ver=1777362393\",\"contentUrl\":\"https:\\\/\\\/www.interflora.se\\\/inspiration\\\/wp-content\\\/litespeed\\\/avatar\\\/1fe3cced9e67df62d0a6f995d75823a5.jpg?ver=1777362393\",\"caption\":\"admin\"},\"sameAs\":[\"https:\\\/\\\/www.interflora.se\\\/inspiration\"],\"url\":\"https:\\\/\\\/www.interflora.se\\\/inspiration\\\/author\\\/admin\\\/\"}]}<\/script>\n<!-- \/ Yoast SEO plugin. -->","yoast_head_json":{"title":"Julvackert hos influencern och fotografen Angelica Svanstr\u00f6m | Interflora","robots":{"index":"index","follow":"follow","max-snippet":"max-snippet:-1","max-image-preview":"max-image-preview:large","max-video-preview":"max-video-preview:-1"},"canonical":"https:\/\/www.interflora.se\/inspiration\/angelica-svanstrom-julkampanj-interflora\/","og_locale":"sv_SE","og_type":"article","og_title":"Julvackert hos influencern och fotografen Angelica Svanstr\u00f6m | Interflora","og_description":"Hemma hos influencern och fotografen Angelica Svanstr\u00f6m i S\u00f6dert\u00e4lje \u00e4r julen kl\u00e4dd i r\u00f6da blommor. Julros, amaryllis, anemon, skimmia och [&hellip;]","og_url":"https:\/\/www.interflora.se\/inspiration\/angelica-svanstrom-julkampanj-interflora\/","og_site_name":"Inspiration om blommor, krukv\u00e4xter &amp; trender | Interflora","article_publisher":"https:\/\/www.facebook.com\/InterfloraAB","article_published_time":"2023-08-23T11:54:25+00:00","article_modified_time":"2025-11-13T10:07:21+00:00","og_image":[{"width":857,"height":1200,"url":"https:\/\/www.interflora.se\/inspiration\/wp-content\/uploads\/2025\/03\/jul-hos-angelica-bild-desktop-7.jpg","type":"image\/jpeg"}],"author":"admin","twitter_card":"summary_large_image","twitter_misc":{"Skriven av":"admin","Ber\u00e4knad l\u00e4stid":"4 minuter"},"schema":{"@context":"https:\/\/schema.org","@graph":[{"@type":"Article","@id":"https:\/\/www.interflora.se\/inspiration\/angelica-svanstrom-julkampanj-interflora\/#article","isPartOf":{"@id":"https:\/\/www.interflora.se\/inspiration\/angelica-svanstrom-julkampanj-interflora\/"},"author":{"name":"admin","@id":"https:\/\/www.interflora.se\/inspiration\/#\/schema\/person\/dbbd1ad45e05409c356dc639597669f2"},"headline":"Julvackert hos influencern och fotografen Angelica Svanstr\u00f6m","datePublished":"2023-08-23T11:54:25+00:00","dateModified":"2025-11-13T10:07:21+00:00","mainEntityOfPage":{"@id":"https:\/\/www.interflora.se\/inspiration\/angelica-svanstrom-julkampanj-interflora\/"},"wordCount":521,"commentCount":0,"publisher":{"@id":"https:\/\/www.interflora.se\/inspiration\/#organization"},"image":{"@id":"https:\/\/www.interflora.se\/inspiration\/angelica-svanstrom-julkampanj-interflora\/#primaryimage"},"thumbnailUrl":"https:\/\/www.interflora.se\/inspiration\/wp-content\/uploads\/2025\/03\/jul-hos-angelica-bild-desktop-7.jpg","articleSection":["Tips"],"inLanguage":"sv-SE","potentialAction":[{"@type":"CommentAction","name":"Comment","target":["https:\/\/www.interflora.se\/inspiration\/angelica-svanstrom-julkampanj-interflora\/#respond"]}]},{"@type":"WebPage","@id":"https:\/\/www.interflora.se\/inspiration\/angelica-svanstrom-julkampanj-interflora\/","url":"https:\/\/www.interflora.se\/inspiration\/angelica-svanstrom-julkampanj-interflora\/","name":"Julvackert hos influencern och fotografen Angelica Svanstr\u00f6m | Interflora","isPartOf":{"@id":"https:\/\/www.interflora.se\/inspiration\/#website"},"primaryImageOfPage":{"@id":"https:\/\/www.interflora.se\/inspiration\/angelica-svanstrom-julkampanj-interflora\/#primaryimage"},"image":{"@id":"https:\/\/www.interflora.se\/inspiration\/angelica-svanstrom-julkampanj-interflora\/#primaryimage"},"thumbnailUrl":"https:\/\/www.interflora.se\/inspiration\/wp-content\/uploads\/2025\/03\/jul-hos-angelica-bild-desktop-7.jpg","datePublished":"2023-08-23T11:54:25+00:00","dateModified":"2025-11-13T10:07:21+00:00","breadcrumb":{"@id":"https:\/\/www.interflora.se\/inspiration\/angelica-svanstrom-julkampanj-interflora\/#breadcrumb"},"inLanguage":"sv-SE","potentialAction":[{"@type":"ReadAction","target":["https:\/\/www.interflora.se\/inspiration\/angelica-svanstrom-julkampanj-interflora\/"]}]},{"@type":"ImageObject","inLanguage":"sv-SE","@id":"https:\/\/www.interflora.se\/inspiration\/angelica-svanstrom-julkampanj-interflora\/#primaryimage","url":"https:\/\/www.interflora.se\/inspiration\/wp-content\/uploads\/2025\/03\/jul-hos-angelica-bild-desktop-7.jpg","contentUrl":"https:\/\/www.interflora.se\/inspiration\/wp-content\/uploads\/2025\/03\/jul-hos-angelica-bild-desktop-7.jpg","width":857,"height":1200},{"@type":"BreadcrumbList","@id":"https:\/\/www.interflora.se\/inspiration\/angelica-svanstrom-julkampanj-interflora\/#breadcrumb","itemListElement":[{"@type":"ListItem","position":1,"name":"Home","item":"https:\/\/www.interflora.se\/inspiration\/"},{"@type":"ListItem","position":2,"name":"Julvackert hos influencern och fotografen Angelica Svanstr\u00f6m"}]},{"@type":"WebSite","@id":"https:\/\/www.interflora.se\/inspiration\/#website","url":"https:\/\/www.interflora.se\/inspiration\/","name":"Interflora","description":"","publisher":{"@id":"https:\/\/www.interflora.se\/inspiration\/#organization"},"potentialAction":[{"@type":"SearchAction","target":{"@type":"EntryPoint","urlTemplate":"https:\/\/www.interflora.se\/inspiration\/?s={search_term_string}"},"query-input":{"@type":"PropertyValueSpecification","valueRequired":true,"valueName":"search_term_string"}}],"inLanguage":"sv-SE"},{"@type":"Organization","@id":"https:\/\/www.interflora.se\/inspiration\/#organization","name":"Interflora","url":"https:\/\/www.interflora.se\/inspiration\/","logo":{"@type":"ImageObject","inLanguage":"sv-SE","@id":"https:\/\/www.interflora.se\/inspiration\/#\/schema\/logo\/image\/","url":"https:\/\/www.interflora.se\/inspiration\/wp-content\/uploads\/2025\/09\/cropped-220422_INTERFLORA_Logo_rgb_Half_Top_Circle_Main_Color.avif","contentUrl":"https:\/\/www.interflora.se\/inspiration\/wp-content\/uploads\/2025\/09\/cropped-220422_INTERFLORA_Logo_rgb_Half_Top_Circle_Main_Color.avif","width":1418,"height":662,"caption":"Interflora"},"image":{"@id":"https:\/\/www.interflora.se\/inspiration\/#\/schema\/logo\/image\/"},"sameAs":["https:\/\/www.facebook.com\/InterfloraAB","https:\/\/www.instagram.com\/interflora_ab\/","https:\/\/www.linkedin.com\/company\/1494362","https:\/\/www.youtube.com\/channel\/UCZgDzGWB2VRxaoWFUmXnk1w"]},{"@type":"Person","@id":"https:\/\/www.interflora.se\/inspiration\/#\/schema\/person\/dbbd1ad45e05409c356dc639597669f2","name":"admin","image":{"@type":"ImageObject","inLanguage":"sv-SE","@id":"https:\/\/www.interflora.se\/inspiration\/wp-content\/litespeed\/avatar\/1fe3cced9e67df62d0a6f995d75823a5.jpg?ver=1777362393","url":"https:\/\/www.interflora.se\/inspiration\/wp-content\/litespeed\/avatar\/1fe3cced9e67df62d0a6f995d75823a5.jpg?ver=1777362393","contentUrl":"https:\/\/www.interflora.se\/inspiration\/wp-content\/litespeed\/avatar\/1fe3cced9e67df62d0a6f995d75823a5.jpg?ver=1777362393","caption":"admin"},"sameAs":["https:\/\/www.interflora.se\/inspiration"],"url":"https:\/\/www.interflora.se\/inspiration\/author\/admin\/"}]}},"uagb_featured_image_src":{"full":["https:\/\/www.interflora.se\/inspiration\/wp-content\/uploads\/2025\/03\/jul-hos-angelica-bild-desktop-7.jpg",857,1200,false],"thumbnail":["https:\/\/www.interflora.se\/inspiration\/wp-content\/uploads\/2025\/03\/jul-hos-angelica-bild-desktop-7-150x150.jpg",150,150,true],"medium":["https:\/\/www.interflora.se\/inspiration\/wp-content\/uploads\/2025\/03\/jul-hos-angelica-bild-desktop-7-214x300.jpg",214,300,true],"medium_large":["https:\/\/www.interflora.se\/inspiration\/wp-content\/uploads\/2025\/03\/jul-hos-angelica-bild-desktop-7-768x1075.jpg",768,1075,true],"large":["https:\/\/www.interflora.se\/inspiration\/wp-content\/uploads\/2025\/03\/jul-hos-angelica-bild-desktop-7-731x1024.jpg",731,1024,true],"1536x1536":["https:\/\/www.interflora.se\/inspiration\/wp-content\/uploads\/2025\/03\/jul-hos-angelica-bild-desktop-7.jpg",857,1200,false],"2048x2048":["https:\/\/www.interflora.se\/inspiration\/wp-content\/uploads\/2025\/03\/jul-hos-angelica-bild-desktop-7.jpg",857,1200,false]},"uagb_author_info":{"display_name":"admin","author_link":"https:\/\/www.interflora.se\/inspiration\/author\/admin\/"},"uagb_comment_info":0,"uagb_excerpt":"Hemma hos influencern och fotografen Angelica Svanstr\u00f6m i S\u00f6dert\u00e4lje \u00e4r julen kl\u00e4dd i r\u00f6da blommor. Julros, amaryllis, anemon, skimmia och [&hellip;]","_links":{"self":[{"href":"https:\/\/www.interflora.se\/inspiration\/wp-json\/wp\/v2\/posts\/79","targetHints":{"allow":["GET"]}}],"collection":[{"href":"https:\/\/www.interflora.se\/inspiration\/wp-json\/wp\/v2\/posts"}],"about":[{"href":"https:\/\/www.interflora.se\/inspiration\/wp-json\/wp\/v2\/types\/post"}],"author":[{"embeddable":true,"href":"https:\/\/www.interflora.se\/inspiration\/wp-json\/wp\/v2\/users\/1"}],"replies":[{"embeddable":true,"href":"https:\/\/www.interflora.se\/inspiration\/wp-json\/wp\/v2\/comments?post=79"}],"version-history":[{"count":4,"href":"https:\/\/www.interflora.se\/inspiration\/wp-json\/wp\/v2\/posts\/79\/revisions"}],"predecessor-version":[{"id":4871,"href":"https:\/\/www.interflora.se\/inspiration\/wp-json\/wp\/v2\/posts\/79\/revisions\/4871"}],"wp:featuredmedia":[{"embeddable":true,"href":"https:\/\/www.interflora.se\/inspiration\/wp-json\/wp\/v2\/media\/2494"}],"wp:attachment":[{"href":"https:\/\/www.interflora.se\/inspiration\/wp-json\/wp\/v2\/media?parent=79"}],"wp:term":[{"taxonomy":"category","embeddable":true,"href":"https:\/\/www.interflora.se\/inspiration\/wp-json\/wp\/v2\/categories?post=79"},{"taxonomy":"post_tag","embeddable":true,"href":"https:\/\/www.interflora.se\/inspiration\/wp-json\/wp\/v2\/tags?post=79"}],"curies":[{"name":"wp","href":"https:\/\/api.w.org\/{rel}","templated":true}]}}