{"id":66,"date":"2024-07-04T17:01:04","date_gmt":"2024-07-04T15:01:04","guid":{"rendered":"http:\/\/preprodblog.interflora.se\/blog\/?p=66"},"modified":"2025-03-28T11:19:55","modified_gmt":"2025-03-28T10:19:55","slug":"5-vackra-sommardekorationer","status":"publish","type":"post","link":"https:\/\/www.interflora.se\/inspiration\/5-vackra-sommardekorationer\/","title":{"rendered":"S\u00e5 skapar du 5 vackra sommardekorationer"},"content":{"rendered":"\n<p>Blommor p\u00e5 bordet g\u00f6r sommarkv\u00e4llarna \u00e4nnu mer magiska! H\u00e4r ger vi dig 5 tips p\u00e5 hur du sj\u00e4lv kan g\u00f6ra vackra sommardekorationer till sommarens alla festligheter, eller varf\u00f6r inte till en vanlig vardag?<\/p>\n\n\n\n<figure class=\"wp-block-image aligncenter\"><img decoding=\"async\" src=\"https:\/\/www.interflora.se\/inspiration\/wp-content\/uploads\/2025\/03\/5-vackra-sommardekorationer-topp.jpg\" alt=\"5-vackra-sommardekorationer-Topp.jpg\"\/><\/figure>\n\n\n\n<h2 class=\"wp-block-heading\">1. Frodig blomsterkrans \u00f6ver bordet<\/h2>\n\n\n\n<p>En vacker blomsterkrans med ljuva sommarblommor blir det lilla extra \u00f6ver dukningen p\u00e5 sommarfesten, br\u00f6llopet eller midsommar.<\/p>\n\n\n\n<h3 class=\"wp-block-heading\">G\u00f6r s\u00e5 h\u00e4r:<\/h3>\n\n\n\n<ol class=\"wp-block-list\">\n<li>Plocka blommor och kvistar eller k\u00f6p\u00a0<a href=\"https:\/\/www.interflora.se\/interflora\/produktkategorier\/snittblommor-styckvis\/\">snittblommor styckvis<\/a>.<\/li>\n\n\n\n<li>Bind det gr\u00f6na och blommorna runt en\u00a0<a href=\"https:\/\/www.interflora.se\/interflora\/produktkategorier\/dekorationskransar\/gor-din-egen-krans\/\">metallring<\/a>\u00a0med myrtentr\u00e5d s\u00e5 att du f\u00e5r en frodig krans.<\/li>\n\n\n\n<li>F\u00e4st st\u00e5ltr\u00e5d runt kransen p\u00e5 fyra st\u00e4llen och h\u00e4ng sedan upp kransen i taket.<\/li>\n\n\n\n<li>Om du vill kan du dekorera kransen med f\u00e4rska b\u00e4r eller annat fint som du hittar hemma.<\/li>\n\n\n\n<li>Klart!<\/li>\n<\/ol>\n\n\n\n<div class=\"wp-block-columns is-layout-flex wp-container-core-columns-is-layout-28f84493 wp-block-columns-is-layout-flex\">\n<div class=\"wp-block-column is-layout-flow wp-block-column-is-layout-flow\">\n<figure class=\"wp-block-image size-large\"><img decoding=\"async\" src=\"https:\/\/www.interflora.se\/inspiration\/wp-content\/uploads\/2025\/03\/sommardekorationer1.jpg\" alt=\"\"\/><\/figure>\n<\/div>\n\n\n\n<div class=\"wp-block-column is-layout-flow wp-block-column-is-layout-flow\">\n<figure class=\"wp-block-image size-large\"><img decoding=\"async\" src=\"https:\/\/www.interflora.se\/inspiration\/wp-content\/uploads\/2025\/03\/5-vackra-sommardekorationer-krans-2.jpg\" alt=\"\"\/><\/figure>\n<\/div>\n<\/div>\n\n\n\n<h2 class=\"wp-block-heading\">2. Blomsterring p\u00e5 bordet<\/h2>\n\n\n\n<p>Dekorera buff\u00e9- eller presentbordet med en stor och maffig blomsterring. Perfekt f\u00f6r bland annat br\u00f6llopsfesten!<\/p>\n\n\n\n<h3 class=\"wp-block-heading\">G\u00f6r s\u00e5 h\u00e4r:<\/h3>\n\n\n\n<ol class=\"wp-block-list\">\n<li>K\u00f6p eller skapa en j\u00e4rnring sj\u00e4lv i \u00f6nskad storlek.<\/li>\n\n\n\n<li>Svetsa fast j\u00e4rnringen p\u00e5 en j\u00e4rnplatta f\u00f6r att den ska st\u00e5 upp stadigt.<\/li>\n\n\n\n<li>Sk\u00e4r av bottnarna p\u00e5 n\u00e5gra PET-flaskor och l\u00e5t korken sitta kvar.<\/li>\n\n\n\n<li>Tejpa fast PET-flaskorna upp och ner runt hela j\u00e4rnringen och fyll dem med vatten.<\/li>\n\n\n\n<li>Fyll PET-flaskorna med valfria blommor s\u00e5 att hela ringen t\u00e4cks av blommor och gr\u00f6nt.<\/li>\n\n\n\n<li>Klart!<\/li>\n<\/ol>\n\n\n\n<div class=\"wp-block-columns is-layout-flex wp-container-core-columns-is-layout-28f84493 wp-block-columns-is-layout-flex\">\n<div class=\"wp-block-column is-layout-flow wp-block-column-is-layout-flow\">\n<figure class=\"wp-block-image size-large\"><img decoding=\"async\" src=\"https:\/\/www.interflora.se\/inspiration\/wp-content\/uploads\/2025\/03\/5-vackra-sommardekorationer-blomsterring-2.jpg\" alt=\"\"\/><\/figure>\n<\/div>\n\n\n\n<div class=\"wp-block-column is-layout-flow wp-block-column-is-layout-flow\">\n<figure class=\"wp-block-image size-large\"><img decoding=\"async\" src=\"https:\/\/www.interflora.se\/inspiration\/wp-content\/uploads\/2025\/03\/5-vackra-sommardekorationer-blomsterring.jpg\" alt=\"\"\/><\/figure>\n<\/div>\n<\/div>\n\n\n\n<h2 class=\"wp-block-heading\">3. \u00c4ngsvas med doftande sommarblommor<\/h2>\n\n\n\n<p>Vad \u00e4r mer vackrare \u00e4n sommarblommor? Plocka sommarens blommor och s\u00e4tt i en vas med insats i. Enkelt och snyggt!<\/p>\n\n\n\n<h3 class=\"wp-block-heading\">G\u00f6r s\u00e5 h\u00e4r:<\/h3>\n\n\n\n<ol class=\"wp-block-list\">\n<li>Plocka valfria blommor fr\u00e5n tr\u00e4dg\u00e5rden och snitta dem till lagom l\u00e4ngd.<\/li>\n\n\n\n<li>Fyll en \u00c4ngvas, eller liknande vas med insats, med vatten och s\u00e4tt i blommorna.<\/li>\n\n\n\n<li>Klart!<\/li>\n<\/ol>\n\n\n\n<div class=\"wp-block-columns is-layout-flex wp-container-core-columns-is-layout-28f84493 wp-block-columns-is-layout-flex\">\n<div class=\"wp-block-column is-layout-flow wp-block-column-is-layout-flow\">\n<figure class=\"wp-block-image size-large\"><img decoding=\"async\" src=\"https:\/\/www.interflora.se\/inspiration\/wp-content\/uploads\/2025\/03\/sommardekorationer3.jpg\" alt=\"\"\/><\/figure>\n<\/div>\n\n\n\n<div class=\"wp-block-column is-layout-flow wp-block-column-is-layout-flow\">\n<figure class=\"wp-block-image size-large\"><img decoding=\"async\" src=\"https:\/\/www.interflora.se\/inspiration\/wp-content\/uploads\/2025\/03\/5-vackra-sommardekorationer-liljekonvalj.jpg\" alt=\"\"\/><\/figure>\n<\/div>\n<\/div>\n\n\n\n<h2 class=\"wp-block-heading\">4. Somrig sk\u00e5ldekoration<\/h2>\n\n\n\n<p>Vill du skapa en enkel och vacker bordsdekoration och har ont om tid \u00e4r denna sk\u00e5ldekoration perfekt att skapa.&nbsp;<\/p>\n\n\n\n<h3 class=\"wp-block-heading\">G\u00f6r s\u00e5 h\u00e4r:<\/h3>\n\n\n\n<ol class=\"wp-block-list\">\n<li>Plocka eller\u00a0<a href=\"https:\/\/www.interflora.se\/home\/snittblommor\/Skapa-sjalv\/\">k\u00f6p valfria blommor och gr\u00f6nt<\/a>.\u00a0<\/li>\n\n\n\n<li>Ta fram en djup sk\u00e5l och klipp till en bit h\u00f6nsn\u00e4t som du placerar i botten av sk\u00e5len.<\/li>\n\n\n\n<li>Stick i blommorna i h\u00f6nsn\u00e4tet och arrangera dem s\u00e5 som du vill ha dem. H\u00e4ll till sist i vatten i sk\u00e5len.<\/li>\n\n\n\n<li>Klart!<\/li>\n<\/ol>\n\n\n\n<div class=\"wp-block-columns is-layout-flex wp-container-core-columns-is-layout-28f84493 wp-block-columns-is-layout-flex\">\n<div class=\"wp-block-column is-layout-flow wp-block-column-is-layout-flow\">\n<figure class=\"wp-block-image size-large\"><img decoding=\"async\" src=\"https:\/\/www.interflora.se\/inspiration\/wp-content\/uploads\/2025\/03\/sommardekorationer2.jpg\" alt=\"\"\/><\/figure>\n<\/div>\n\n\n\n<div class=\"wp-block-column is-layout-flow wp-block-column-is-layout-flow\">\n<figure class=\"wp-block-image size-large\"><img decoding=\"async\" src=\"https:\/\/www.interflora.se\/inspiration\/wp-content\/uploads\/2025\/03\/5-vackra-sommardekorationer-skaldekoration.jpg\" alt=\"\"\/><\/figure>\n<\/div>\n<\/div>\n\n\n\n<h2 class=\"wp-block-heading\">5. Gr\u00e4ddt\u00e5rta med \u00e4tbara blommor<\/h2>\n\n\n\n<p>Rabarber \u00e4r gott att \u00e4ta och g\u00f6ra saft eller paj p\u00e5. Men de \u00e4r utm\u00e4rkta att g\u00f6ra vaser av. Enkelt och somrigt!<\/p>\n\n\n\n<div class=\"wp-block-buttons is-content-justification-center is-layout-flex wp-container-core-buttons-is-layout-a89b3969 wp-block-buttons-is-layout-flex\">\n<div class=\"wp-block-button\" style=\"text-transform:uppercase\"><a class=\"wp-block-button__link wp-element-button\" href=\"https:\/\/www.interflora.se\/inspiration\/tips\/bjud-pa-en-blomstrande-sommartarta\/\">S\u00e5 h\u00e4r g\u00f6r du en blomstrande t\u00e5rta<\/a><\/div>\n<\/div>\n\n\n\n<div class=\"wp-block-columns is-layout-flex wp-container-core-columns-is-layout-28f84493 wp-block-columns-is-layout-flex\">\n<div class=\"wp-block-column is-layout-flow wp-block-column-is-layout-flow\">\n<figure class=\"wp-block-image size-large\"><img decoding=\"async\" src=\"https:\/\/www.interflora.se\/inspiration\/wp-content\/uploads\/2025\/03\/5-vackra-sommardekorationer-tarta-2.jpg\" alt=\"\"\/><\/figure>\n<\/div>\n\n\n\n<div class=\"wp-block-column is-layout-flow wp-block-column-is-layout-flow\">\n<figure class=\"wp-block-image size-large\"><img decoding=\"async\" src=\"https:\/\/www.interflora.se\/inspiration\/wp-content\/uploads\/2025\/03\/5-vackra-sommardekorationer-tarta.jpg\" alt=\"\"\/><\/figure>\n<\/div>\n<\/div>\n","protected":false},"excerpt":{"rendered":"<p>Blommor p\u00e5 bordet g\u00f6r sommarkv\u00e4llarna \u00e4nnu mer magiska! H\u00e4r ger vi dig 5 tips p\u00e5 hur du sj\u00e4lv kan g\u00f6ra [&hellip;]<\/p>\n","protected":false},"author":1,"featured_media":2076,"comment_status":"open","ping_status":"open","sticky":false,"template":"","format":"standard","meta":{"_uag_custom_page_level_css":"","site-sidebar-layout":"default","site-content-layout":"","ast-site-content-layout":"default","site-content-style":"default","site-sidebar-style":"default","ast-global-header-display":"","ast-banner-title-visibility":"","ast-main-header-display":"","ast-hfb-above-header-display":"","ast-hfb-below-header-display":"","ast-hfb-mobile-header-display":"","site-post-title":"","ast-breadcrumbs-content":"","ast-featured-img":"","footer-sml-layout":"","ast-disable-related-posts":"","theme-transparent-header-meta":"","adv-header-id-meta":"","stick-header-meta":"","header-above-stick-meta":"","header-main-stick-meta":"","header-below-stick-meta":"","astra-migrate-meta-layouts":"default","ast-page-background-enabled":"default","ast-page-background-meta":{"desktop":{"background-color":"var(--ast-global-color-5)","background-image":"","background-repeat":"repeat","background-position":"center center","background-size":"auto","background-attachment":"scroll","background-type":"","background-media":"","overlay-type":"","overlay-color":"","overlay-opacity":"","overlay-gradient":""},"tablet":{"background-color":"","background-image":"","background-repeat":"repeat","background-position":"center center","background-size":"auto","background-attachment":"scroll","background-type":"","background-media":"","overlay-type":"","overlay-color":"","overlay-opacity":"","overlay-gradient":""},"mobile":{"background-color":"","background-image":"","background-repeat":"repeat","background-position":"center center","background-size":"auto","background-attachment":"scroll","background-type":"","background-media":"","overlay-type":"","overlay-color":"","overlay-opacity":"","overlay-gradient":""}},"ast-content-background-meta":{"desktop":{"background-color":"var(--ast-global-color-4)","background-image":"","background-repeat":"repeat","background-position":"center center","background-size":"auto","background-attachment":"scroll","background-type":"","background-media":"","overlay-type":"","overlay-color":"","overlay-opacity":"","overlay-gradient":""},"tablet":{"background-color":"var(--ast-global-color-4)","background-image":"","background-repeat":"repeat","background-position":"center center","background-size":"auto","background-attachment":"scroll","background-type":"","background-media":"","overlay-type":"","overlay-color":"","overlay-opacity":"","overlay-gradient":""},"mobile":{"background-color":"var(--ast-global-color-4)","background-image":"","background-repeat":"repeat","background-position":"center center","background-size":"auto","background-attachment":"scroll","background-type":"","background-media":"","overlay-type":"","overlay-color":"","overlay-opacity":"","overlay-gradient":""}},"footnotes":""},"categories":[5],"tags":[],"class_list":["post-66","post","type-post","status-publish","format-standard","has-post-thumbnail","hentry","category-diy"],"yoast_head":"<!-- This site is optimized with the Yoast SEO plugin v27.4 - https:\/\/yoast.com\/product\/yoast-seo-wordpress\/ -->\n<title>S\u00e5 skapar du 5 vackra sommardekorationer | Interflora<\/title>\n<meta name=\"robots\" content=\"index, follow, max-snippet:-1, max-image-preview:large, max-video-preview:-1\" \/>\n<link rel=\"canonical\" href=\"https:\/\/www.interflora.se\/inspiration\/5-vackra-sommardekorationer\/\" \/>\n<meta property=\"og:locale\" content=\"sv_SE\" \/>\n<meta property=\"og:type\" content=\"article\" \/>\n<meta property=\"og:title\" content=\"S\u00e5 skapar du 5 vackra sommardekorationer | Interflora\" \/>\n<meta property=\"og:description\" content=\"Blommor p\u00e5 bordet g\u00f6r sommarkv\u00e4llarna \u00e4nnu mer magiska! H\u00e4r ger vi dig 5 tips p\u00e5 hur du sj\u00e4lv kan g\u00f6ra [&hellip;]\" \/>\n<meta property=\"og:url\" content=\"https:\/\/www.interflora.se\/inspiration\/5-vackra-sommardekorationer\/\" \/>\n<meta property=\"og:site_name\" content=\"Inspiration om blommor, krukv\u00e4xter &amp; trender | Interflora\" \/>\n<meta property=\"article:publisher\" content=\"https:\/\/www.facebook.com\/InterfloraAB\" \/>\n<meta property=\"article:published_time\" content=\"2024-07-04T15:01:04+00:00\" \/>\n<meta property=\"article:modified_time\" content=\"2025-03-28T10:19:55+00:00\" \/>\n<meta property=\"og:image\" content=\"https:\/\/www.interflora.se\/inspiration\/wp-content\/uploads\/2025\/03\/5-vackra-sommardekorationer-skaldekoration.jpg\" \/>\n\t<meta property=\"og:image:width\" content=\"900\" \/>\n\t<meta property=\"og:image:height\" content=\"1125\" \/>\n\t<meta property=\"og:image:type\" content=\"image\/jpeg\" \/>\n<meta name=\"author\" content=\"admin\" \/>\n<meta name=\"twitter:card\" content=\"summary_large_image\" \/>\n<meta name=\"twitter:label1\" content=\"Skriven av\" \/>\n\t<meta name=\"twitter:data1\" content=\"admin\" \/>\n\t<meta name=\"twitter:label2\" content=\"Ber\u00e4knad l\u00e4stid\" \/>\n\t<meta name=\"twitter:data2\" content=\"2 minuter\" \/>\n<script type=\"application\/ld+json\" class=\"yoast-schema-graph\">{\"@context\":\"https:\\\/\\\/schema.org\",\"@graph\":[{\"@type\":\"Article\",\"@id\":\"https:\\\/\\\/www.interflora.se\\\/inspiration\\\/5-vackra-sommardekorationer\\\/#article\",\"isPartOf\":{\"@id\":\"https:\\\/\\\/www.interflora.se\\\/inspiration\\\/5-vackra-sommardekorationer\\\/\"},\"author\":{\"name\":\"admin\",\"@id\":\"https:\\\/\\\/www.interflora.se\\\/inspiration\\\/#\\\/schema\\\/person\\\/dbbd1ad45e05409c356dc639597669f2\"},\"headline\":\"S\u00e5 skapar du 5 vackra sommardekorationer\",\"datePublished\":\"2024-07-04T15:01:04+00:00\",\"dateModified\":\"2025-03-28T10:19:55+00:00\",\"mainEntityOfPage\":{\"@id\":\"https:\\\/\\\/www.interflora.se\\\/inspiration\\\/5-vackra-sommardekorationer\\\/\"},\"wordCount\":426,\"commentCount\":0,\"publisher\":{\"@id\":\"https:\\\/\\\/www.interflora.se\\\/inspiration\\\/#organization\"},\"image\":{\"@id\":\"https:\\\/\\\/www.interflora.se\\\/inspiration\\\/5-vackra-sommardekorationer\\\/#primaryimage\"},\"thumbnailUrl\":\"https:\\\/\\\/www.interflora.se\\\/inspiration\\\/wp-content\\\/uploads\\\/2025\\\/03\\\/5-vackra-sommardekorationer-skaldekoration.jpg\",\"articleSection\":[\"DIY\"],\"inLanguage\":\"sv-SE\",\"potentialAction\":[{\"@type\":\"CommentAction\",\"name\":\"Comment\",\"target\":[\"https:\\\/\\\/www.interflora.se\\\/inspiration\\\/5-vackra-sommardekorationer\\\/#respond\"]}]},{\"@type\":\"WebPage\",\"@id\":\"https:\\\/\\\/www.interflora.se\\\/inspiration\\\/5-vackra-sommardekorationer\\\/\",\"url\":\"https:\\\/\\\/www.interflora.se\\\/inspiration\\\/5-vackra-sommardekorationer\\\/\",\"name\":\"S\u00e5 skapar du 5 vackra sommardekorationer | Interflora\",\"isPartOf\":{\"@id\":\"https:\\\/\\\/www.interflora.se\\\/inspiration\\\/#website\"},\"primaryImageOfPage\":{\"@id\":\"https:\\\/\\\/www.interflora.se\\\/inspiration\\\/5-vackra-sommardekorationer\\\/#primaryimage\"},\"image\":{\"@id\":\"https:\\\/\\\/www.interflora.se\\\/inspiration\\\/5-vackra-sommardekorationer\\\/#primaryimage\"},\"thumbnailUrl\":\"https:\\\/\\\/www.interflora.se\\\/inspiration\\\/wp-content\\\/uploads\\\/2025\\\/03\\\/5-vackra-sommardekorationer-skaldekoration.jpg\",\"datePublished\":\"2024-07-04T15:01:04+00:00\",\"dateModified\":\"2025-03-28T10:19:55+00:00\",\"breadcrumb\":{\"@id\":\"https:\\\/\\\/www.interflora.se\\\/inspiration\\\/5-vackra-sommardekorationer\\\/#breadcrumb\"},\"inLanguage\":\"sv-SE\",\"potentialAction\":[{\"@type\":\"ReadAction\",\"target\":[\"https:\\\/\\\/www.interflora.se\\\/inspiration\\\/5-vackra-sommardekorationer\\\/\"]}]},{\"@type\":\"ImageObject\",\"inLanguage\":\"sv-SE\",\"@id\":\"https:\\\/\\\/www.interflora.se\\\/inspiration\\\/5-vackra-sommardekorationer\\\/#primaryimage\",\"url\":\"https:\\\/\\\/www.interflora.se\\\/inspiration\\\/wp-content\\\/uploads\\\/2025\\\/03\\\/5-vackra-sommardekorationer-skaldekoration.jpg\",\"contentUrl\":\"https:\\\/\\\/www.interflora.se\\\/inspiration\\\/wp-content\\\/uploads\\\/2025\\\/03\\\/5-vackra-sommardekorationer-skaldekoration.jpg\",\"width\":900,\"height\":1125},{\"@type\":\"BreadcrumbList\",\"@id\":\"https:\\\/\\\/www.interflora.se\\\/inspiration\\\/5-vackra-sommardekorationer\\\/#breadcrumb\",\"itemListElement\":[{\"@type\":\"ListItem\",\"position\":1,\"name\":\"Home\",\"item\":\"https:\\\/\\\/www.interflora.se\\\/inspiration\\\/\"},{\"@type\":\"ListItem\",\"position\":2,\"name\":\"S\u00e5 skapar du 5 vackra sommardekorationer\"}]},{\"@type\":\"WebSite\",\"@id\":\"https:\\\/\\\/www.interflora.se\\\/inspiration\\\/#website\",\"url\":\"https:\\\/\\\/www.interflora.se\\\/inspiration\\\/\",\"name\":\"Interflora\",\"description\":\"\",\"publisher\":{\"@id\":\"https:\\\/\\\/www.interflora.se\\\/inspiration\\\/#organization\"},\"potentialAction\":[{\"@type\":\"SearchAction\",\"target\":{\"@type\":\"EntryPoint\",\"urlTemplate\":\"https:\\\/\\\/www.interflora.se\\\/inspiration\\\/?s={search_term_string}\"},\"query-input\":{\"@type\":\"PropertyValueSpecification\",\"valueRequired\":true,\"valueName\":\"search_term_string\"}}],\"inLanguage\":\"sv-SE\"},{\"@type\":\"Organization\",\"@id\":\"https:\\\/\\\/www.interflora.se\\\/inspiration\\\/#organization\",\"name\":\"Interflora\",\"url\":\"https:\\\/\\\/www.interflora.se\\\/inspiration\\\/\",\"logo\":{\"@type\":\"ImageObject\",\"inLanguage\":\"sv-SE\",\"@id\":\"https:\\\/\\\/www.interflora.se\\\/inspiration\\\/#\\\/schema\\\/logo\\\/image\\\/\",\"url\":\"https:\\\/\\\/www.interflora.se\\\/inspiration\\\/wp-content\\\/uploads\\\/2025\\\/09\\\/cropped-220422_INTERFLORA_Logo_rgb_Half_Top_Circle_Main_Color.avif\",\"contentUrl\":\"https:\\\/\\\/www.interflora.se\\\/inspiration\\\/wp-content\\\/uploads\\\/2025\\\/09\\\/cropped-220422_INTERFLORA_Logo_rgb_Half_Top_Circle_Main_Color.avif\",\"width\":1418,\"height\":662,\"caption\":\"Interflora\"},\"image\":{\"@id\":\"https:\\\/\\\/www.interflora.se\\\/inspiration\\\/#\\\/schema\\\/logo\\\/image\\\/\"},\"sameAs\":[\"https:\\\/\\\/www.facebook.com\\\/InterfloraAB\",\"https:\\\/\\\/www.instagram.com\\\/interflora_ab\\\/\",\"https:\\\/\\\/www.linkedin.com\\\/company\\\/1494362\",\"https:\\\/\\\/www.youtube.com\\\/channel\\\/UCZgDzGWB2VRxaoWFUmXnk1w\"]},{\"@type\":\"Person\",\"@id\":\"https:\\\/\\\/www.interflora.se\\\/inspiration\\\/#\\\/schema\\\/person\\\/dbbd1ad45e05409c356dc639597669f2\",\"name\":\"admin\",\"image\":{\"@type\":\"ImageObject\",\"inLanguage\":\"sv-SE\",\"@id\":\"https:\\\/\\\/www.interflora.se\\\/inspiration\\\/wp-content\\\/litespeed\\\/avatar\\\/1fe3cced9e67df62d0a6f995d75823a5.jpg?ver=1777362393\",\"url\":\"https:\\\/\\\/www.interflora.se\\\/inspiration\\\/wp-content\\\/litespeed\\\/avatar\\\/1fe3cced9e67df62d0a6f995d75823a5.jpg?ver=1777362393\",\"contentUrl\":\"https:\\\/\\\/www.interflora.se\\\/inspiration\\\/wp-content\\\/litespeed\\\/avatar\\\/1fe3cced9e67df62d0a6f995d75823a5.jpg?ver=1777362393\",\"caption\":\"admin\"},\"sameAs\":[\"https:\\\/\\\/www.interflora.se\\\/inspiration\"],\"url\":\"https:\\\/\\\/www.interflora.se\\\/inspiration\\\/author\\\/admin\\\/\"}]}<\/script>\n<!-- \/ Yoast SEO plugin. -->","yoast_head_json":{"title":"S\u00e5 skapar du 5 vackra sommardekorationer | Interflora","robots":{"index":"index","follow":"follow","max-snippet":"max-snippet:-1","max-image-preview":"max-image-preview:large","max-video-preview":"max-video-preview:-1"},"canonical":"https:\/\/www.interflora.se\/inspiration\/5-vackra-sommardekorationer\/","og_locale":"sv_SE","og_type":"article","og_title":"S\u00e5 skapar du 5 vackra sommardekorationer | Interflora","og_description":"Blommor p\u00e5 bordet g\u00f6r sommarkv\u00e4llarna \u00e4nnu mer magiska! H\u00e4r ger vi dig 5 tips p\u00e5 hur du sj\u00e4lv kan g\u00f6ra [&hellip;]","og_url":"https:\/\/www.interflora.se\/inspiration\/5-vackra-sommardekorationer\/","og_site_name":"Inspiration om blommor, krukv\u00e4xter &amp; trender | Interflora","article_publisher":"https:\/\/www.facebook.com\/InterfloraAB","article_published_time":"2024-07-04T15:01:04+00:00","article_modified_time":"2025-03-28T10:19:55+00:00","og_image":[{"width":900,"height":1125,"url":"https:\/\/www.interflora.se\/inspiration\/wp-content\/uploads\/2025\/03\/5-vackra-sommardekorationer-skaldekoration.jpg","type":"image\/jpeg"}],"author":"admin","twitter_card":"summary_large_image","twitter_misc":{"Skriven av":"admin","Ber\u00e4knad l\u00e4stid":"2 minuter"},"schema":{"@context":"https:\/\/schema.org","@graph":[{"@type":"Article","@id":"https:\/\/www.interflora.se\/inspiration\/5-vackra-sommardekorationer\/#article","isPartOf":{"@id":"https:\/\/www.interflora.se\/inspiration\/5-vackra-sommardekorationer\/"},"author":{"name":"admin","@id":"https:\/\/www.interflora.se\/inspiration\/#\/schema\/person\/dbbd1ad45e05409c356dc639597669f2"},"headline":"S\u00e5 skapar du 5 vackra sommardekorationer","datePublished":"2024-07-04T15:01:04+00:00","dateModified":"2025-03-28T10:19:55+00:00","mainEntityOfPage":{"@id":"https:\/\/www.interflora.se\/inspiration\/5-vackra-sommardekorationer\/"},"wordCount":426,"commentCount":0,"publisher":{"@id":"https:\/\/www.interflora.se\/inspiration\/#organization"},"image":{"@id":"https:\/\/www.interflora.se\/inspiration\/5-vackra-sommardekorationer\/#primaryimage"},"thumbnailUrl":"https:\/\/www.interflora.se\/inspiration\/wp-content\/uploads\/2025\/03\/5-vackra-sommardekorationer-skaldekoration.jpg","articleSection":["DIY"],"inLanguage":"sv-SE","potentialAction":[{"@type":"CommentAction","name":"Comment","target":["https:\/\/www.interflora.se\/inspiration\/5-vackra-sommardekorationer\/#respond"]}]},{"@type":"WebPage","@id":"https:\/\/www.interflora.se\/inspiration\/5-vackra-sommardekorationer\/","url":"https:\/\/www.interflora.se\/inspiration\/5-vackra-sommardekorationer\/","name":"S\u00e5 skapar du 5 vackra sommardekorationer | Interflora","isPartOf":{"@id":"https:\/\/www.interflora.se\/inspiration\/#website"},"primaryImageOfPage":{"@id":"https:\/\/www.interflora.se\/inspiration\/5-vackra-sommardekorationer\/#primaryimage"},"image":{"@id":"https:\/\/www.interflora.se\/inspiration\/5-vackra-sommardekorationer\/#primaryimage"},"thumbnailUrl":"https:\/\/www.interflora.se\/inspiration\/wp-content\/uploads\/2025\/03\/5-vackra-sommardekorationer-skaldekoration.jpg","datePublished":"2024-07-04T15:01:04+00:00","dateModified":"2025-03-28T10:19:55+00:00","breadcrumb":{"@id":"https:\/\/www.interflora.se\/inspiration\/5-vackra-sommardekorationer\/#breadcrumb"},"inLanguage":"sv-SE","potentialAction":[{"@type":"ReadAction","target":["https:\/\/www.interflora.se\/inspiration\/5-vackra-sommardekorationer\/"]}]},{"@type":"ImageObject","inLanguage":"sv-SE","@id":"https:\/\/www.interflora.se\/inspiration\/5-vackra-sommardekorationer\/#primaryimage","url":"https:\/\/www.interflora.se\/inspiration\/wp-content\/uploads\/2025\/03\/5-vackra-sommardekorationer-skaldekoration.jpg","contentUrl":"https:\/\/www.interflora.se\/inspiration\/wp-content\/uploads\/2025\/03\/5-vackra-sommardekorationer-skaldekoration.jpg","width":900,"height":1125},{"@type":"BreadcrumbList","@id":"https:\/\/www.interflora.se\/inspiration\/5-vackra-sommardekorationer\/#breadcrumb","itemListElement":[{"@type":"ListItem","position":1,"name":"Home","item":"https:\/\/www.interflora.se\/inspiration\/"},{"@type":"ListItem","position":2,"name":"S\u00e5 skapar du 5 vackra sommardekorationer"}]},{"@type":"WebSite","@id":"https:\/\/www.interflora.se\/inspiration\/#website","url":"https:\/\/www.interflora.se\/inspiration\/","name":"Interflora","description":"","publisher":{"@id":"https:\/\/www.interflora.se\/inspiration\/#organization"},"potentialAction":[{"@type":"SearchAction","target":{"@type":"EntryPoint","urlTemplate":"https:\/\/www.interflora.se\/inspiration\/?s={search_term_string}"},"query-input":{"@type":"PropertyValueSpecification","valueRequired":true,"valueName":"search_term_string"}}],"inLanguage":"sv-SE"},{"@type":"Organization","@id":"https:\/\/www.interflora.se\/inspiration\/#organization","name":"Interflora","url":"https:\/\/www.interflora.se\/inspiration\/","logo":{"@type":"ImageObject","inLanguage":"sv-SE","@id":"https:\/\/www.interflora.se\/inspiration\/#\/schema\/logo\/image\/","url":"https:\/\/www.interflora.se\/inspiration\/wp-content\/uploads\/2025\/09\/cropped-220422_INTERFLORA_Logo_rgb_Half_Top_Circle_Main_Color.avif","contentUrl":"https:\/\/www.interflora.se\/inspiration\/wp-content\/uploads\/2025\/09\/cropped-220422_INTERFLORA_Logo_rgb_Half_Top_Circle_Main_Color.avif","width":1418,"height":662,"caption":"Interflora"},"image":{"@id":"https:\/\/www.interflora.se\/inspiration\/#\/schema\/logo\/image\/"},"sameAs":["https:\/\/www.facebook.com\/InterfloraAB","https:\/\/www.instagram.com\/interflora_ab\/","https:\/\/www.linkedin.com\/company\/1494362","https:\/\/www.youtube.com\/channel\/UCZgDzGWB2VRxaoWFUmXnk1w"]},{"@type":"Person","@id":"https:\/\/www.interflora.se\/inspiration\/#\/schema\/person\/dbbd1ad45e05409c356dc639597669f2","name":"admin","image":{"@type":"ImageObject","inLanguage":"sv-SE","@id":"https:\/\/www.interflora.se\/inspiration\/wp-content\/litespeed\/avatar\/1fe3cced9e67df62d0a6f995d75823a5.jpg?ver=1777362393","url":"https:\/\/www.interflora.se\/inspiration\/wp-content\/litespeed\/avatar\/1fe3cced9e67df62d0a6f995d75823a5.jpg?ver=1777362393","contentUrl":"https:\/\/www.interflora.se\/inspiration\/wp-content\/litespeed\/avatar\/1fe3cced9e67df62d0a6f995d75823a5.jpg?ver=1777362393","caption":"admin"},"sameAs":["https:\/\/www.interflora.se\/inspiration"],"url":"https:\/\/www.interflora.se\/inspiration\/author\/admin\/"}]}},"uagb_featured_image_src":{"full":["https:\/\/www.interflora.se\/inspiration\/wp-content\/uploads\/2025\/03\/5-vackra-sommardekorationer-skaldekoration.jpg",900,1125,false],"thumbnail":["https:\/\/www.interflora.se\/inspiration\/wp-content\/uploads\/2025\/03\/5-vackra-sommardekorationer-skaldekoration-150x150.jpg",150,150,true],"medium":["https:\/\/www.interflora.se\/inspiration\/wp-content\/uploads\/2025\/03\/5-vackra-sommardekorationer-skaldekoration-240x300.jpg",240,300,true],"medium_large":["https:\/\/www.interflora.se\/inspiration\/wp-content\/uploads\/2025\/03\/5-vackra-sommardekorationer-skaldekoration-768x960.jpg",768,960,true],"large":["https:\/\/www.interflora.se\/inspiration\/wp-content\/uploads\/2025\/03\/5-vackra-sommardekorationer-skaldekoration-819x1024.jpg",819,1024,true],"1536x1536":["https:\/\/www.interflora.se\/inspiration\/wp-content\/uploads\/2025\/03\/5-vackra-sommardekorationer-skaldekoration.jpg",900,1125,false],"2048x2048":["https:\/\/www.interflora.se\/inspiration\/wp-content\/uploads\/2025\/03\/5-vackra-sommardekorationer-skaldekoration.jpg",900,1125,false]},"uagb_author_info":{"display_name":"admin","author_link":"https:\/\/www.interflora.se\/inspiration\/author\/admin\/"},"uagb_comment_info":0,"uagb_excerpt":"Blommor p\u00e5 bordet g\u00f6r sommarkv\u00e4llarna \u00e4nnu mer magiska! H\u00e4r ger vi dig 5 tips p\u00e5 hur du sj\u00e4lv kan g\u00f6ra [&hellip;]","_links":{"self":[{"href":"https:\/\/www.interflora.se\/inspiration\/wp-json\/wp\/v2\/posts\/66","targetHints":{"allow":["GET"]}}],"collection":[{"href":"https:\/\/www.interflora.se\/inspiration\/wp-json\/wp\/v2\/posts"}],"about":[{"href":"https:\/\/www.interflora.se\/inspiration\/wp-json\/wp\/v2\/types\/post"}],"author":[{"embeddable":true,"href":"https:\/\/www.interflora.se\/inspiration\/wp-json\/wp\/v2\/users\/1"}],"replies":[{"embeddable":true,"href":"https:\/\/www.interflora.se\/inspiration\/wp-json\/wp\/v2\/comments?post=66"}],"version-history":[{"count":1,"href":"https:\/\/www.interflora.se\/inspiration\/wp-json\/wp\/v2\/posts\/66\/revisions"}],"predecessor-version":[{"id":2079,"href":"https:\/\/www.interflora.se\/inspiration\/wp-json\/wp\/v2\/posts\/66\/revisions\/2079"}],"wp:featuredmedia":[{"embeddable":true,"href":"https:\/\/www.interflora.se\/inspiration\/wp-json\/wp\/v2\/media\/2076"}],"wp:attachment":[{"href":"https:\/\/www.interflora.se\/inspiration\/wp-json\/wp\/v2\/media?parent=66"}],"wp:term":[{"taxonomy":"category","embeddable":true,"href":"https:\/\/www.interflora.se\/inspiration\/wp-json\/wp\/v2\/categories?post=66"},{"taxonomy":"post_tag","embeddable":true,"href":"https:\/\/www.interflora.se\/inspiration\/wp-json\/wp\/v2\/tags?post=66"}],"curies":[{"name":"wp","href":"https:\/\/api.w.org\/{rel}","templated":true}]}}