{"id":64,"date":"2025-11-01T10:05:07","date_gmt":"2025-11-01T09:05:07","guid":{"rendered":"http:\/\/preprodblog.interflora.se\/blog\/?p=64"},"modified":"2026-01-05T16:13:32","modified_gmt":"2026-01-05T15:13:32","slug":"5-vackra-julbuketter","status":"publish","type":"post","link":"https:\/\/www.interflora.se\/inspiration\/5-vackra-julbuketter\/","title":{"rendered":"Inspireras av 5 vackra julbuketter"},"content":{"rendered":"\n<p class=\"has-text-align-center\">Julen \u00e4r verkligen blommornas h\u00f6gtid. Nu tar de ordentligt med plats och doftar gott f\u00f6r att sprida maximal julst\u00e4mning hemma. Vi har handplockat fem julbuketter som \u00e4r fina att skicka i jul.<\/p>\n\n\n\n<h2 class=\"wp-block-heading has-text-align-center\">Glimrande lyx till jul<\/h2>\n\n\n\n<p class=\"has-text-align-center\">Buketten\u00a0<a href=\"https:\/\/www.interflora.se\/p\/6840-vinterskrud\/1\">Vinterskrud<\/a>\u00a0\u00e4r en dr\u00f6mmig julbukett som inneh\u00e5ller amaryllis, nejlikor, alstroemeria och eukalyptus. Blomsorterna \u00e4r noggrant utvalda f\u00f6r att h\u00e5lla l\u00e4nge och f\u00f6r att de g\u00f6r julen extra glimrande. Det h\u00e4r \u00e4r en bukett som bidrar med festlig elegans och tidl\u00f6s sk\u00f6nhet.<\/p>\n\n\n\n<figure class=\"wp-block-image aligncenter size-full\"><img loading=\"lazy\" decoding=\"async\" width=\"598\" height=\"762\" src=\"https:\/\/www.interflora.se\/inspiration\/wp-content\/uploads\/2023\/12\/vinterskrud.avif\" alt=\"Vinterskrud\" class=\"wp-image-5027\" srcset=\"https:\/\/www.interflora.se\/inspiration\/wp-content\/uploads\/2023\/12\/vinterskrud.avif 598w, https:\/\/www.interflora.se\/inspiration\/wp-content\/uploads\/2023\/12\/vinterskrud-235x300.avif 235w\" sizes=\"auto, (max-width: 598px) 100vw, 598px\" \/><\/figure>\n\n\n\n<div class=\"wp-block-buttons has-custom-font-size has-medium-font-size is-content-justification-center is-layout-flex wp-container-core-buttons-is-layout-a89b3969 wp-block-buttons-is-layout-flex\">\n<div class=\"wp-block-button\"><a class=\"wp-block-button__link wp-element-button\" href=\"https:\/\/www.interflora.se\/p\/6840-vinterskrud\/1?utm_source=blog&amp;utm_campaign=post-cta\">SKICKA VINTERSKRUD<\/a><\/div>\n<\/div>\n\n\n\n<h2 class=\"wp-block-heading has-text-align-center\">Klassiskt med Amaryllisfrossa<\/h2>\n\n\n\n<p class=\"has-text-align-center\">Amaryllisfrossa \u00e4r enkel men en fr\u00f6jd f\u00f6r \u00f6gat. Buketten inneh\u00e5ller storslagen amaryllis och eukalyptus. Blommorna kan komma att levereras knoppiga f\u00f6r att du eller den du ger dem till ska f\u00e5 njuta av dem desto l\u00e4ngre. De sl\u00e5r snart ut f\u00f6r att sprida sin elegans under hela julen.<\/p>\n\n\n\n<figure class=\"wp-block-image aligncenter size-full\"><img loading=\"lazy\" decoding=\"async\" width=\"745\" height=\"745\" src=\"https:\/\/www.interflora.se\/inspiration\/wp-content\/uploads\/2023\/12\/image-2.png\" alt=\"\" class=\"wp-image-1700\" srcset=\"https:\/\/www.interflora.se\/inspiration\/wp-content\/uploads\/2023\/12\/image-2.png 745w, https:\/\/www.interflora.se\/inspiration\/wp-content\/uploads\/2023\/12\/image-2-300x300.png 300w, https:\/\/www.interflora.se\/inspiration\/wp-content\/uploads\/2023\/12\/image-2-150x150.png 150w\" sizes=\"auto, (max-width: 745px) 100vw, 745px\" \/><\/figure>\n\n\n\n<div class=\"wp-block-buttons has-custom-font-size has-medium-font-size is-content-justification-center is-layout-flex wp-container-core-buttons-is-layout-a89b3969 wp-block-buttons-is-layout-flex\">\n<div class=\"wp-block-button\"><a class=\"wp-block-button__link wp-element-button\" href=\"https:\/\/www.interflora.se\/p\/12814-amaryllisfrossa\/1?utm_source=blog&amp;utm_campaign=post-cta\">SKICKA AMARYLLISFROSSA<\/a><\/div>\n<\/div>\n\n\n\n<h2 class=\"wp-block-heading has-text-align-center\">St\u00e4mning med St\u00e5tlig julbukett&nbsp;<\/h2>\n\n\n\n<p class=\"has-text-align-center\">Buketten\u00a0<a href=\"https:\/\/www.interflora.se\/p\/12807-statlig-julbukett\/1\">St\u00e5tlig julbukett<\/a>\u00a0\u00e4r lika vacker som en stj\u00e4rna p\u00e5 himlen. Med r\u00f6d amaryllis, nejlika och alstroemeria, eukalyptus och blandat gr\u00f6nt s\u00e4tter den h\u00e4r buketten verkligen julst\u00e4mningen! L\u00e5t den ta plats i en passande vas och den blir julens blickf\u00e5ng.<\/p>\n\n\n\n<figure class=\"wp-block-image aligncenter size-large\"><img loading=\"lazy\" decoding=\"async\" width=\"819\" height=\"1024\" src=\"https:\/\/www.interflora.se\/inspiration\/wp-content\/uploads\/2023\/12\/image-3-819x1024.png\" alt=\"\" class=\"wp-image-1701\" srcset=\"https:\/\/www.interflora.se\/inspiration\/wp-content\/uploads\/2023\/12\/image-3-819x1024.png 819w, https:\/\/www.interflora.se\/inspiration\/wp-content\/uploads\/2023\/12\/image-3-240x300.png 240w, https:\/\/www.interflora.se\/inspiration\/wp-content\/uploads\/2023\/12\/image-3-768x960.png 768w, https:\/\/www.interflora.se\/inspiration\/wp-content\/uploads\/2023\/12\/image-3.png 960w\" sizes=\"auto, (max-width: 819px) 100vw, 819px\" \/><\/figure>\n\n\n\n<div class=\"wp-block-buttons has-custom-font-size has-medium-font-size is-content-justification-center is-layout-flex wp-container-core-buttons-is-layout-a89b3969 wp-block-buttons-is-layout-flex\">\n<div class=\"wp-block-button\"><a class=\"wp-block-button__link wp-element-button\" href=\"https:\/\/www.interflora.se\/p\/12807-statlig-julbukett\/1?utm_source=blog&amp;utm_campaign=post-cta\" style=\"text-transform:uppercase\">Skicka St\u00e5tlig julbukett <\/a><\/div>\n<\/div>\n\n\n\n<h2 class=\"wp-block-heading has-text-align-center\">\u00d6nska god jul med Julefrid<\/h2>\n\n\n\n<p class=\"has-text-align-center\">Med st\u00e5tlig amaryllis, ilex, eukalyptus och mjuktall \u00e4r\u00a0<a href=\"https:\/\/www.interflora.se\/p\/511-buketten-julefrid\/1\">Julefrid<\/a>\u00a0en riktig favorit i jul. Skicka den till n\u00e5gon du tycker om f\u00f6r att \u00f6nska god jul! Blommorna kan komma att levereras knoppiga f\u00f6r att sedan blomma vackert s\u00e5 l\u00e4nge som m\u00f6jligt. Det dr\u00f6jer inte l\u00e4nge innan de majest\u00e4tiska klockorna sl\u00e5r ut.<\/p>\n\n\n\n<figure class=\"wp-block-image aligncenter size-large\"><img loading=\"lazy\" decoding=\"async\" width=\"819\" height=\"1024\" src=\"https:\/\/www.interflora.se\/inspiration\/wp-content\/uploads\/2023\/12\/image-4-819x1024.png\" alt=\"\" class=\"wp-image-1702\" srcset=\"https:\/\/www.interflora.se\/inspiration\/wp-content\/uploads\/2023\/12\/image-4-819x1024.png 819w, https:\/\/www.interflora.se\/inspiration\/wp-content\/uploads\/2023\/12\/image-4-240x300.png 240w, https:\/\/www.interflora.se\/inspiration\/wp-content\/uploads\/2023\/12\/image-4-768x960.png 768w, https:\/\/www.interflora.se\/inspiration\/wp-content\/uploads\/2023\/12\/image-4.png 960w\" sizes=\"auto, (max-width: 819px) 100vw, 819px\" \/><\/figure>\n\n\n\n<div class=\"wp-block-buttons has-custom-font-size has-medium-font-size is-content-justification-center is-layout-flex wp-container-core-buttons-is-layout-a89b3969 wp-block-buttons-is-layout-flex\">\n<div class=\"wp-block-button\"><a class=\"wp-block-button__link wp-element-button\" href=\"https:\/\/www.interflora.se\/p\/511-buketten-julefrid\/1?utm_source=blog&amp;utm_campaign=post-cta\">SKICKA BUKETTEN JULEFRID<\/a><\/div>\n<\/div>\n\n\n\n<h2 class=\"wp-block-heading has-text-align-center\">Vinterfest f\u00f6r en vit jul<\/h2>\n\n\n\n<p class=\"has-text-align-center\">En vacker och maffig bukett med vita amaryllis, nejlikor, alstroemeria och blandat gr\u00f6nt f\u00f6r den som dr\u00f6mmer om en sn\u00f6vit jul. En elegantare bukett f\u00e5r man leta efter!\u00a0<a href=\"https:\/\/www.interflora.se\/p\/3981-vinterfest\/1\">Vinterfest<\/a>\u00a0\u00e4r perfekt att skicka f\u00f6r att \u00f6nska god jul eller gott nytt \u00e5r.<\/p>\n\n\n\n<figure class=\"wp-block-image aligncenter size-large\"><img loading=\"lazy\" decoding=\"async\" width=\"819\" height=\"1024\" src=\"https:\/\/www.interflora.se\/inspiration\/wp-content\/uploads\/2023\/12\/image-5-819x1024.png\" alt=\"\" class=\"wp-image-1703\" srcset=\"https:\/\/www.interflora.se\/inspiration\/wp-content\/uploads\/2023\/12\/image-5-819x1024.png 819w, https:\/\/www.interflora.se\/inspiration\/wp-content\/uploads\/2023\/12\/image-5-240x300.png 240w, https:\/\/www.interflora.se\/inspiration\/wp-content\/uploads\/2023\/12\/image-5-768x960.png 768w, https:\/\/www.interflora.se\/inspiration\/wp-content\/uploads\/2023\/12\/image-5.png 960w\" sizes=\"auto, (max-width: 819px) 100vw, 819px\" \/><\/figure>\n\n\n\n<div class=\"wp-block-buttons has-custom-font-size has-medium-font-size is-content-justification-center is-layout-flex wp-container-core-buttons-is-layout-a89b3969 wp-block-buttons-is-layout-flex\">\n<div class=\"wp-block-button\"><a class=\"wp-block-button__link wp-element-button\" href=\"https:\/\/www.interflora.se\/p\/3981-vinterfest\/1?utm_source=blog&amp;utm_campaign=post-cta\">SKICKA BUKETTEN VINTERFEST<\/a><\/div>\n<\/div>\n","protected":false},"excerpt":{"rendered":"<p>Julen \u00e4r verkligen blommornas h\u00f6gtid. Nu tar de ordentligt med plats och doftar gott f\u00f6r att sprida maximal julst\u00e4mning hemma. [&hellip;]<\/p>\n","protected":false},"author":1,"featured_media":4821,"comment_status":"open","ping_status":"open","sticky":false,"template":"","format":"standard","meta":{"_uag_custom_page_level_css":"","site-sidebar-layout":"default","site-content-layout":"","ast-site-content-layout":"default","site-content-style":"default","site-sidebar-style":"default","ast-global-header-display":"","ast-banner-title-visibility":"","ast-main-header-display":"","ast-hfb-above-header-display":"","ast-hfb-below-header-display":"","ast-hfb-mobile-header-display":"","site-post-title":"","ast-breadcrumbs-content":"","ast-featured-img":"","footer-sml-layout":"","ast-disable-related-posts":"","theme-transparent-header-meta":"","adv-header-id-meta":"","stick-header-meta":"","header-above-stick-meta":"","header-main-stick-meta":"","header-below-stick-meta":"","astra-migrate-meta-layouts":"default","ast-page-background-enabled":"default","ast-page-background-meta":{"desktop":{"background-color":"var(--ast-global-color-5)","background-image":"","background-repeat":"repeat","background-position":"center center","background-size":"auto","background-attachment":"scroll","background-type":"","background-media":"","overlay-type":"","overlay-color":"","overlay-opacity":"","overlay-gradient":""},"tablet":{"background-color":"","background-image":"","background-repeat":"repeat","background-position":"center center","background-size":"auto","background-attachment":"scroll","background-type":"","background-media":"","overlay-type":"","overlay-color":"","overlay-opacity":"","overlay-gradient":""},"mobile":{"background-color":"","background-image":"","background-repeat":"repeat","background-position":"center center","background-size":"auto","background-attachment":"scroll","background-type":"","background-media":"","overlay-type":"","overlay-color":"","overlay-opacity":"","overlay-gradient":""}},"ast-content-background-meta":{"desktop":{"background-color":"var(--ast-global-color-4)","background-image":"","background-repeat":"repeat","background-position":"center center","background-size":"auto","background-attachment":"scroll","background-type":"","background-media":"","overlay-type":"","overlay-color":"","overlay-opacity":"","overlay-gradient":""},"tablet":{"background-color":"var(--ast-global-color-4)","background-image":"","background-repeat":"repeat","background-position":"center center","background-size":"auto","background-attachment":"scroll","background-type":"","background-media":"","overlay-type":"","overlay-color":"","overlay-opacity":"","overlay-gradient":""},"mobile":{"background-color":"var(--ast-global-color-4)","background-image":"","background-repeat":"repeat","background-position":"center center","background-size":"auto","background-attachment":"scroll","background-type":"","background-media":"","overlay-type":"","overlay-color":"","overlay-opacity":"","overlay-gradient":""}},"footnotes":""},"categories":[28,4,27],"tags":[],"class_list":["post-64","post","type-post","status-publish","format-standard","has-post-thumbnail","hentry","category-jul","category-tips","category-vinter"],"yoast_head":"<!-- This site is optimized with the Yoast SEO plugin v27.4 - https:\/\/yoast.com\/product\/yoast-seo-wordpress\/ -->\n<title>Inspireras av 5 vackra julbuketter | Interflora<\/title>\n<meta name=\"robots\" content=\"index, follow, max-snippet:-1, max-image-preview:large, max-video-preview:-1\" \/>\n<link rel=\"canonical\" href=\"https:\/\/www.interflora.se\/inspiration\/5-vackra-julbuketter\/\" \/>\n<meta property=\"og:locale\" content=\"sv_SE\" \/>\n<meta property=\"og:type\" content=\"article\" \/>\n<meta property=\"og:title\" content=\"Inspireras av 5 vackra julbuketter | Interflora\" \/>\n<meta property=\"og:description\" content=\"Julen \u00e4r verkligen blommornas h\u00f6gtid. Nu tar de ordentligt med plats och doftar gott f\u00f6r att sprida maximal julst\u00e4mning hemma. [&hellip;]\" \/>\n<meta property=\"og:url\" content=\"https:\/\/www.interflora.se\/inspiration\/5-vackra-julbuketter\/\" \/>\n<meta property=\"og:site_name\" content=\"Inspiration om blommor, krukv\u00e4xter &amp; trender | Interflora\" \/>\n<meta property=\"article:publisher\" content=\"https:\/\/www.facebook.com\/InterfloraAB\" \/>\n<meta property=\"article:published_time\" content=\"2025-11-01T09:05:07+00:00\" \/>\n<meta property=\"article:modified_time\" content=\"2026-01-05T15:13:32+00:00\" \/>\n<meta property=\"og:image\" content=\"https:\/\/www.interflora.se\/inspiration\/wp-content\/uploads\/2025\/11\/annesophiebenoit-interflora-sw-45-scaled.avif\" \/>\n\t<meta property=\"og:image:width\" content=\"1707\" \/>\n\t<meta property=\"og:image:height\" content=\"2560\" \/>\n\t<meta property=\"og:image:type\" content=\"image\/jpeg\" \/>\n<meta name=\"author\" content=\"admin\" \/>\n<meta name=\"twitter:card\" content=\"summary_large_image\" \/>\n<meta name=\"twitter:label1\" content=\"Skriven av\" \/>\n\t<meta name=\"twitter:data1\" content=\"admin\" \/>\n\t<meta name=\"twitter:label2\" content=\"Ber\u00e4knad l\u00e4stid\" \/>\n\t<meta name=\"twitter:data2\" content=\"3 minuter\" \/>\n<script type=\"application\/ld+json\" class=\"yoast-schema-graph\">{\"@context\":\"https:\\\/\\\/schema.org\",\"@graph\":[{\"@type\":\"Article\",\"@id\":\"https:\\\/\\\/www.interflora.se\\\/inspiration\\\/5-vackra-julbuketter\\\/#article\",\"isPartOf\":{\"@id\":\"https:\\\/\\\/www.interflora.se\\\/inspiration\\\/5-vackra-julbuketter\\\/\"},\"author\":{\"name\":\"admin\",\"@id\":\"https:\\\/\\\/www.interflora.se\\\/inspiration\\\/#\\\/schema\\\/person\\\/dbbd1ad45e05409c356dc639597669f2\"},\"headline\":\"Inspireras av 5 vackra julbuketter\",\"datePublished\":\"2025-11-01T09:05:07+00:00\",\"dateModified\":\"2026-01-05T15:13:32+00:00\",\"mainEntityOfPage\":{\"@id\":\"https:\\\/\\\/www.interflora.se\\\/inspiration\\\/5-vackra-julbuketter\\\/\"},\"wordCount\":343,\"commentCount\":0,\"publisher\":{\"@id\":\"https:\\\/\\\/www.interflora.se\\\/inspiration\\\/#organization\"},\"image\":{\"@id\":\"https:\\\/\\\/www.interflora.se\\\/inspiration\\\/5-vackra-julbuketter\\\/#primaryimage\"},\"thumbnailUrl\":\"https:\\\/\\\/www.interflora.se\\\/inspiration\\\/wp-content\\\/uploads\\\/2025\\\/11\\\/annesophiebenoit-interflora-sw-45-scaled.avif\",\"articleSection\":[\"Jul: Inspiration f\u00f6r en magisk vinter\",\"Tips\",\"Vinter\"],\"inLanguage\":\"sv-SE\",\"potentialAction\":[{\"@type\":\"CommentAction\",\"name\":\"Comment\",\"target\":[\"https:\\\/\\\/www.interflora.se\\\/inspiration\\\/5-vackra-julbuketter\\\/#respond\"]}]},{\"@type\":\"WebPage\",\"@id\":\"https:\\\/\\\/www.interflora.se\\\/inspiration\\\/5-vackra-julbuketter\\\/\",\"url\":\"https:\\\/\\\/www.interflora.se\\\/inspiration\\\/5-vackra-julbuketter\\\/\",\"name\":\"Inspireras av 5 vackra julbuketter | Interflora\",\"isPartOf\":{\"@id\":\"https:\\\/\\\/www.interflora.se\\\/inspiration\\\/#website\"},\"primaryImageOfPage\":{\"@id\":\"https:\\\/\\\/www.interflora.se\\\/inspiration\\\/5-vackra-julbuketter\\\/#primaryimage\"},\"image\":{\"@id\":\"https:\\\/\\\/www.interflora.se\\\/inspiration\\\/5-vackra-julbuketter\\\/#primaryimage\"},\"thumbnailUrl\":\"https:\\\/\\\/www.interflora.se\\\/inspiration\\\/wp-content\\\/uploads\\\/2025\\\/11\\\/annesophiebenoit-interflora-sw-45-scaled.avif\",\"datePublished\":\"2025-11-01T09:05:07+00:00\",\"dateModified\":\"2026-01-05T15:13:32+00:00\",\"breadcrumb\":{\"@id\":\"https:\\\/\\\/www.interflora.se\\\/inspiration\\\/5-vackra-julbuketter\\\/#breadcrumb\"},\"inLanguage\":\"sv-SE\",\"potentialAction\":[{\"@type\":\"ReadAction\",\"target\":[\"https:\\\/\\\/www.interflora.se\\\/inspiration\\\/5-vackra-julbuketter\\\/\"]}]},{\"@type\":\"ImageObject\",\"inLanguage\":\"sv-SE\",\"@id\":\"https:\\\/\\\/www.interflora.se\\\/inspiration\\\/5-vackra-julbuketter\\\/#primaryimage\",\"url\":\"https:\\\/\\\/www.interflora.se\\\/inspiration\\\/wp-content\\\/uploads\\\/2025\\\/11\\\/annesophiebenoit-interflora-sw-45-scaled.avif\",\"contentUrl\":\"https:\\\/\\\/www.interflora.se\\\/inspiration\\\/wp-content\\\/uploads\\\/2025\\\/11\\\/annesophiebenoit-interflora-sw-45-scaled.avif\",\"width\":1707,\"height\":2560},{\"@type\":\"BreadcrumbList\",\"@id\":\"https:\\\/\\\/www.interflora.se\\\/inspiration\\\/5-vackra-julbuketter\\\/#breadcrumb\",\"itemListElement\":[{\"@type\":\"ListItem\",\"position\":1,\"name\":\"Home\",\"item\":\"https:\\\/\\\/www.interflora.se\\\/inspiration\\\/\"},{\"@type\":\"ListItem\",\"position\":2,\"name\":\"Inspireras av 5 vackra julbuketter\"}]},{\"@type\":\"WebSite\",\"@id\":\"https:\\\/\\\/www.interflora.se\\\/inspiration\\\/#website\",\"url\":\"https:\\\/\\\/www.interflora.se\\\/inspiration\\\/\",\"name\":\"Interflora\",\"description\":\"\",\"publisher\":{\"@id\":\"https:\\\/\\\/www.interflora.se\\\/inspiration\\\/#organization\"},\"potentialAction\":[{\"@type\":\"SearchAction\",\"target\":{\"@type\":\"EntryPoint\",\"urlTemplate\":\"https:\\\/\\\/www.interflora.se\\\/inspiration\\\/?s={search_term_string}\"},\"query-input\":{\"@type\":\"PropertyValueSpecification\",\"valueRequired\":true,\"valueName\":\"search_term_string\"}}],\"inLanguage\":\"sv-SE\"},{\"@type\":\"Organization\",\"@id\":\"https:\\\/\\\/www.interflora.se\\\/inspiration\\\/#organization\",\"name\":\"Interflora\",\"url\":\"https:\\\/\\\/www.interflora.se\\\/inspiration\\\/\",\"logo\":{\"@type\":\"ImageObject\",\"inLanguage\":\"sv-SE\",\"@id\":\"https:\\\/\\\/www.interflora.se\\\/inspiration\\\/#\\\/schema\\\/logo\\\/image\\\/\",\"url\":\"https:\\\/\\\/www.interflora.se\\\/inspiration\\\/wp-content\\\/uploads\\\/2025\\\/09\\\/cropped-220422_INTERFLORA_Logo_rgb_Half_Top_Circle_Main_Color.avif\",\"contentUrl\":\"https:\\\/\\\/www.interflora.se\\\/inspiration\\\/wp-content\\\/uploads\\\/2025\\\/09\\\/cropped-220422_INTERFLORA_Logo_rgb_Half_Top_Circle_Main_Color.avif\",\"width\":1418,\"height\":662,\"caption\":\"Interflora\"},\"image\":{\"@id\":\"https:\\\/\\\/www.interflora.se\\\/inspiration\\\/#\\\/schema\\\/logo\\\/image\\\/\"},\"sameAs\":[\"https:\\\/\\\/www.facebook.com\\\/InterfloraAB\",\"https:\\\/\\\/www.instagram.com\\\/interflora_ab\\\/\",\"https:\\\/\\\/www.linkedin.com\\\/company\\\/1494362\",\"https:\\\/\\\/www.youtube.com\\\/channel\\\/UCZgDzGWB2VRxaoWFUmXnk1w\"]},{\"@type\":\"Person\",\"@id\":\"https:\\\/\\\/www.interflora.se\\\/inspiration\\\/#\\\/schema\\\/person\\\/dbbd1ad45e05409c356dc639597669f2\",\"name\":\"admin\",\"image\":{\"@type\":\"ImageObject\",\"inLanguage\":\"sv-SE\",\"@id\":\"https:\\\/\\\/www.interflora.se\\\/inspiration\\\/wp-content\\\/litespeed\\\/avatar\\\/1fe3cced9e67df62d0a6f995d75823a5.jpg?ver=1777362393\",\"url\":\"https:\\\/\\\/www.interflora.se\\\/inspiration\\\/wp-content\\\/litespeed\\\/avatar\\\/1fe3cced9e67df62d0a6f995d75823a5.jpg?ver=1777362393\",\"contentUrl\":\"https:\\\/\\\/www.interflora.se\\\/inspiration\\\/wp-content\\\/litespeed\\\/avatar\\\/1fe3cced9e67df62d0a6f995d75823a5.jpg?ver=1777362393\",\"caption\":\"admin\"},\"sameAs\":[\"https:\\\/\\\/www.interflora.se\\\/inspiration\"],\"url\":\"https:\\\/\\\/www.interflora.se\\\/inspiration\\\/author\\\/admin\\\/\"}]}<\/script>\n<!-- \/ Yoast SEO plugin. -->","yoast_head_json":{"title":"Inspireras av 5 vackra julbuketter | Interflora","robots":{"index":"index","follow":"follow","max-snippet":"max-snippet:-1","max-image-preview":"max-image-preview:large","max-video-preview":"max-video-preview:-1"},"canonical":"https:\/\/www.interflora.se\/inspiration\/5-vackra-julbuketter\/","og_locale":"sv_SE","og_type":"article","og_title":"Inspireras av 5 vackra julbuketter | Interflora","og_description":"Julen \u00e4r verkligen blommornas h\u00f6gtid. Nu tar de ordentligt med plats och doftar gott f\u00f6r att sprida maximal julst\u00e4mning hemma. [&hellip;]","og_url":"https:\/\/www.interflora.se\/inspiration\/5-vackra-julbuketter\/","og_site_name":"Inspiration om blommor, krukv\u00e4xter &amp; trender | Interflora","article_publisher":"https:\/\/www.facebook.com\/InterfloraAB","article_published_time":"2025-11-01T09:05:07+00:00","article_modified_time":"2026-01-05T15:13:32+00:00","og_image":[{"width":1707,"height":2560,"url":"https:\/\/www.interflora.se\/inspiration\/wp-content\/uploads\/2025\/11\/annesophiebenoit-interflora-sw-45-scaled.avif","type":"image\/jpeg"}],"author":"admin","twitter_card":"summary_large_image","twitter_misc":{"Skriven av":"admin","Ber\u00e4knad l\u00e4stid":"3 minuter"},"schema":{"@context":"https:\/\/schema.org","@graph":[{"@type":"Article","@id":"https:\/\/www.interflora.se\/inspiration\/5-vackra-julbuketter\/#article","isPartOf":{"@id":"https:\/\/www.interflora.se\/inspiration\/5-vackra-julbuketter\/"},"author":{"name":"admin","@id":"https:\/\/www.interflora.se\/inspiration\/#\/schema\/person\/dbbd1ad45e05409c356dc639597669f2"},"headline":"Inspireras av 5 vackra julbuketter","datePublished":"2025-11-01T09:05:07+00:00","dateModified":"2026-01-05T15:13:32+00:00","mainEntityOfPage":{"@id":"https:\/\/www.interflora.se\/inspiration\/5-vackra-julbuketter\/"},"wordCount":343,"commentCount":0,"publisher":{"@id":"https:\/\/www.interflora.se\/inspiration\/#organization"},"image":{"@id":"https:\/\/www.interflora.se\/inspiration\/5-vackra-julbuketter\/#primaryimage"},"thumbnailUrl":"https:\/\/www.interflora.se\/inspiration\/wp-content\/uploads\/2025\/11\/annesophiebenoit-interflora-sw-45-scaled.avif","articleSection":["Jul: Inspiration f\u00f6r en magisk vinter","Tips","Vinter"],"inLanguage":"sv-SE","potentialAction":[{"@type":"CommentAction","name":"Comment","target":["https:\/\/www.interflora.se\/inspiration\/5-vackra-julbuketter\/#respond"]}]},{"@type":"WebPage","@id":"https:\/\/www.interflora.se\/inspiration\/5-vackra-julbuketter\/","url":"https:\/\/www.interflora.se\/inspiration\/5-vackra-julbuketter\/","name":"Inspireras av 5 vackra julbuketter | Interflora","isPartOf":{"@id":"https:\/\/www.interflora.se\/inspiration\/#website"},"primaryImageOfPage":{"@id":"https:\/\/www.interflora.se\/inspiration\/5-vackra-julbuketter\/#primaryimage"},"image":{"@id":"https:\/\/www.interflora.se\/inspiration\/5-vackra-julbuketter\/#primaryimage"},"thumbnailUrl":"https:\/\/www.interflora.se\/inspiration\/wp-content\/uploads\/2025\/11\/annesophiebenoit-interflora-sw-45-scaled.avif","datePublished":"2025-11-01T09:05:07+00:00","dateModified":"2026-01-05T15:13:32+00:00","breadcrumb":{"@id":"https:\/\/www.interflora.se\/inspiration\/5-vackra-julbuketter\/#breadcrumb"},"inLanguage":"sv-SE","potentialAction":[{"@type":"ReadAction","target":["https:\/\/www.interflora.se\/inspiration\/5-vackra-julbuketter\/"]}]},{"@type":"ImageObject","inLanguage":"sv-SE","@id":"https:\/\/www.interflora.se\/inspiration\/5-vackra-julbuketter\/#primaryimage","url":"https:\/\/www.interflora.se\/inspiration\/wp-content\/uploads\/2025\/11\/annesophiebenoit-interflora-sw-45-scaled.avif","contentUrl":"https:\/\/www.interflora.se\/inspiration\/wp-content\/uploads\/2025\/11\/annesophiebenoit-interflora-sw-45-scaled.avif","width":1707,"height":2560},{"@type":"BreadcrumbList","@id":"https:\/\/www.interflora.se\/inspiration\/5-vackra-julbuketter\/#breadcrumb","itemListElement":[{"@type":"ListItem","position":1,"name":"Home","item":"https:\/\/www.interflora.se\/inspiration\/"},{"@type":"ListItem","position":2,"name":"Inspireras av 5 vackra julbuketter"}]},{"@type":"WebSite","@id":"https:\/\/www.interflora.se\/inspiration\/#website","url":"https:\/\/www.interflora.se\/inspiration\/","name":"Interflora","description":"","publisher":{"@id":"https:\/\/www.interflora.se\/inspiration\/#organization"},"potentialAction":[{"@type":"SearchAction","target":{"@type":"EntryPoint","urlTemplate":"https:\/\/www.interflora.se\/inspiration\/?s={search_term_string}"},"query-input":{"@type":"PropertyValueSpecification","valueRequired":true,"valueName":"search_term_string"}}],"inLanguage":"sv-SE"},{"@type":"Organization","@id":"https:\/\/www.interflora.se\/inspiration\/#organization","name":"Interflora","url":"https:\/\/www.interflora.se\/inspiration\/","logo":{"@type":"ImageObject","inLanguage":"sv-SE","@id":"https:\/\/www.interflora.se\/inspiration\/#\/schema\/logo\/image\/","url":"https:\/\/www.interflora.se\/inspiration\/wp-content\/uploads\/2025\/09\/cropped-220422_INTERFLORA_Logo_rgb_Half_Top_Circle_Main_Color.avif","contentUrl":"https:\/\/www.interflora.se\/inspiration\/wp-content\/uploads\/2025\/09\/cropped-220422_INTERFLORA_Logo_rgb_Half_Top_Circle_Main_Color.avif","width":1418,"height":662,"caption":"Interflora"},"image":{"@id":"https:\/\/www.interflora.se\/inspiration\/#\/schema\/logo\/image\/"},"sameAs":["https:\/\/www.facebook.com\/InterfloraAB","https:\/\/www.instagram.com\/interflora_ab\/","https:\/\/www.linkedin.com\/company\/1494362","https:\/\/www.youtube.com\/channel\/UCZgDzGWB2VRxaoWFUmXnk1w"]},{"@type":"Person","@id":"https:\/\/www.interflora.se\/inspiration\/#\/schema\/person\/dbbd1ad45e05409c356dc639597669f2","name":"admin","image":{"@type":"ImageObject","inLanguage":"sv-SE","@id":"https:\/\/www.interflora.se\/inspiration\/wp-content\/litespeed\/avatar\/1fe3cced9e67df62d0a6f995d75823a5.jpg?ver=1777362393","url":"https:\/\/www.interflora.se\/inspiration\/wp-content\/litespeed\/avatar\/1fe3cced9e67df62d0a6f995d75823a5.jpg?ver=1777362393","contentUrl":"https:\/\/www.interflora.se\/inspiration\/wp-content\/litespeed\/avatar\/1fe3cced9e67df62d0a6f995d75823a5.jpg?ver=1777362393","caption":"admin"},"sameAs":["https:\/\/www.interflora.se\/inspiration"],"url":"https:\/\/www.interflora.se\/inspiration\/author\/admin\/"}]}},"uagb_featured_image_src":{"full":["https:\/\/www.interflora.se\/inspiration\/wp-content\/uploads\/2025\/11\/annesophiebenoit-interflora-sw-45-scaled.avif",1707,2560,false],"thumbnail":["https:\/\/www.interflora.se\/inspiration\/wp-content\/uploads\/2025\/11\/annesophiebenoit-interflora-sw-45-150x150.avif",150,150,true],"medium":["https:\/\/www.interflora.se\/inspiration\/wp-content\/uploads\/2025\/11\/annesophiebenoit-interflora-sw-45-200x300.avif",200,300,true],"medium_large":["https:\/\/www.interflora.se\/inspiration\/wp-content\/uploads\/2025\/11\/annesophiebenoit-interflora-sw-45-768x1152.avif",768,1152,true],"large":["https:\/\/www.interflora.se\/inspiration\/wp-content\/uploads\/2025\/11\/annesophiebenoit-interflora-sw-45-683x1024.avif",683,1024,true],"1536x1536":["https:\/\/www.interflora.se\/inspiration\/wp-content\/uploads\/2025\/11\/annesophiebenoit-interflora-sw-45-1024x1536.avif",1024,1536,true],"2048x2048":["https:\/\/www.interflora.se\/inspiration\/wp-content\/uploads\/2025\/11\/annesophiebenoit-interflora-sw-45-1365x2048.avif",1365,2048,true]},"uagb_author_info":{"display_name":"admin","author_link":"https:\/\/www.interflora.se\/inspiration\/author\/admin\/"},"uagb_comment_info":0,"uagb_excerpt":"Julen \u00e4r verkligen blommornas h\u00f6gtid. Nu tar de ordentligt med plats och doftar gott f\u00f6r att sprida maximal julst\u00e4mning hemma. [&hellip;]","_links":{"self":[{"href":"https:\/\/www.interflora.se\/inspiration\/wp-json\/wp\/v2\/posts\/64","targetHints":{"allow":["GET"]}}],"collection":[{"href":"https:\/\/www.interflora.se\/inspiration\/wp-json\/wp\/v2\/posts"}],"about":[{"href":"https:\/\/www.interflora.se\/inspiration\/wp-json\/wp\/v2\/types\/post"}],"author":[{"embeddable":true,"href":"https:\/\/www.interflora.se\/inspiration\/wp-json\/wp\/v2\/users\/1"}],"replies":[{"embeddable":true,"href":"https:\/\/www.interflora.se\/inspiration\/wp-json\/wp\/v2\/comments?post=64"}],"version-history":[{"count":2,"href":"https:\/\/www.interflora.se\/inspiration\/wp-json\/wp\/v2\/posts\/64\/revisions"}],"predecessor-version":[{"id":5028,"href":"https:\/\/www.interflora.se\/inspiration\/wp-json\/wp\/v2\/posts\/64\/revisions\/5028"}],"wp:featuredmedia":[{"embeddable":true,"href":"https:\/\/www.interflora.se\/inspiration\/wp-json\/wp\/v2\/media\/4821"}],"wp:attachment":[{"href":"https:\/\/www.interflora.se\/inspiration\/wp-json\/wp\/v2\/media?parent=64"}],"wp:term":[{"taxonomy":"category","embeddable":true,"href":"https:\/\/www.interflora.se\/inspiration\/wp-json\/wp\/v2\/categories?post=64"},{"taxonomy":"post_tag","embeddable":true,"href":"https:\/\/www.interflora.se\/inspiration\/wp-json\/wp\/v2\/tags?post=64"}],"curies":[{"name":"wp","href":"https:\/\/api.w.org\/{rel}","templated":true}]}}