{"id":6158,"date":"2026-04-28T12:27:02","date_gmt":"2026-04-28T10:27:02","guid":{"rendered":"https:\/\/www.interflora.se\/inspiration\/?p=6158"},"modified":"2026-04-28T12:29:27","modified_gmt":"2026-04-28T10:29:27","slug":"skotsel-av-pioner-tips-for-att-ta-hand-om-din-pionbukett","status":"publish","type":"post","link":"https:\/\/www.interflora.se\/inspiration\/skotsel-av-pioner-tips-for-att-ta-hand-om-din-pionbukett\/","title":{"rendered":"Sk\u00f6tsel av pioner: tips f\u00f6r att ta hand om din pionbukett"},"content":{"rendered":"\n<p>St\u00f6rsta delen av pionerna som k\u00f6ps i Sverige idag kommer fr\u00e5n Holland och Frankrike. Pionen f\u00e5ngar uppm\u00e4rksamhet b\u00e5de genom sin f\u00e4rg och sin storlek och genom det naturliga s\u00e4ttet som blomman \u00f6ppnar sig lite i taget tills den visar all sin sk\u00f6nhet.<\/p>\n\n\n\n<p>Vet du hur man <a href=\"https:\/\/www.interflora.se\/inspiration\/blomfakta-pion\/\">sk\u00f6ter en pionbukett<\/a> s\u00e5 att den h\u00e5ller? Om du vill ha en fr\u00e4sch och l\u00e5ngvarig bukett med snittade pioner, f\u00f6lj dessa tips f\u00f6r sk\u00f6tseln av dina favoritblommor p\u00e5 v\u00e5ren:<\/p>\n\n\n\n<div class=\"wp-block-buttons is-content-justification-center is-layout-flex wp-container-core-buttons-is-layout-a89b3969 wp-block-buttons-is-layout-flex\">\n<div class=\"wp-block-button\"><a class=\"wp-block-button__link has-medium-font-size has-custom-font-size wp-element-button\" href=\"https:\/\/www.interflora.se\/c\/buketter\/pionbuketter?utm_source=blog&amp;utm_campaign=post-cta\">Skicka pioner<\/a><\/div>\n<\/div>\n\n\n\n<div class=\"wp-block-media-text is-stacked-on-mobile\" style=\"grid-template-columns:30% auto\"><figure class=\"wp-block-media-text__media\"><img loading=\"lazy\" decoding=\"async\" width=\"500\" height=\"750\" src=\"https:\/\/www.interflora.se\/inspiration\/wp-content\/uploads\/2026\/04\/pioner-9.avif\" alt=\"\" class=\"wp-image-6012 size-full\" srcset=\"https:\/\/www.interflora.se\/inspiration\/wp-content\/uploads\/2026\/04\/pioner-9.avif 500w, https:\/\/www.interflora.se\/inspiration\/wp-content\/uploads\/2026\/04\/pioner-9-200x300.avif 200w\" sizes=\"auto, (max-width: 500px) 100vw, 500px\" \/><\/figure><div class=\"wp-block-media-text__content\">\n<h3 class=\"wp-block-heading\">Rensa stj\u00e4lkarna och v\u00e4lj en fin vas med ljummet vatten<\/h3>\n\n\n\n<p>Det f\u00f6rsta \u00e4r att kontrollera om det \u00e4r n\u00f6dv\u00e4ndigt att rensa stj\u00e4lkarna. Det r\u00e4cker med att g\u00f6ra ett snitt f\u00f6r att ta bort den gulnade delen av stj\u00e4lken, om den har det.<\/p>\n\n\n\n<p>V\u00e4lj den d\u00e4r vasen i glas eller porslin som du \u00e4lskar. F\u00f6rs\u00f6k undvika metall. Nu r\u00e4cker det med att s\u00e4tta dem i rent och lite ljummet vatten. Kontrollera hur bladen ser ut n\u00e4r pionerna \u00e4r placerade i vatten. Du b\u00f6r ta bort bladen som hamnar under vattenytan, s\u00e5 undviker du att bakterier och d\u00e5lig lukt bildas.<\/p>\n<\/div><\/div>\n\n\n\n<div class=\"wp-block-media-text is-stacked-on-mobile\" style=\"grid-template-columns:30% auto\"><figure class=\"wp-block-media-text__media\"><img loading=\"lazy\" decoding=\"async\" width=\"500\" height=\"750\" src=\"https:\/\/www.interflora.se\/inspiration\/wp-content\/uploads\/2026\/04\/pioner-11.avif\" alt=\"\" class=\"wp-image-6014 size-full\" srcset=\"https:\/\/www.interflora.se\/inspiration\/wp-content\/uploads\/2026\/04\/pioner-11.avif 500w, https:\/\/www.interflora.se\/inspiration\/wp-content\/uploads\/2026\/04\/pioner-11-200x300.avif 200w\" sizes=\"auto, (max-width: 500px) 100vw, 500px\" \/><\/figure><div class=\"wp-block-media-text__content\">\n<h3 class=\"wp-block-heading\">Placera din pionbukett p\u00e5 en sval och torr plats<\/h3>\n\n\n\n<p>H\u00e5ll din blombukett p\u00e5 en sval plats, borta fr\u00e5n direkt solljus eller n\u00e5gon v\u00e4rmek\u00e4lla. Pioner kan torka ut snabbt. Om luften \u00e4r mycket torr kan du ibland spraya dem med en vattenspray f\u00f6r att beh\u00e5lla deras fr\u00e4sch\u00f6r. De kommer s\u00e4kert att tacka dig f\u00f6r det.<\/p>\n\n\n\n<p>Om de fortfarande \u00e4r slutna och du vill att de ska \u00f6ppna sig nu, \u00e4r det b\u00e4st att placera dem p\u00e5 en varm plats, men bara tills de \u00f6ppnar sig. Flytta dem sedan tillbaka till en svalare milj\u00f6, annars vissnar de snabbt.<\/p>\n<\/div><\/div>\n\n\n\n<div class=\"wp-block-media-text is-stacked-on-mobile\" style=\"grid-template-columns:30% auto\"><figure class=\"wp-block-media-text__media\"><img loading=\"lazy\" decoding=\"async\" width=\"500\" height=\"750\" src=\"https:\/\/www.interflora.se\/inspiration\/wp-content\/uploads\/2026\/04\/pioner-18.avif\" alt=\"\" class=\"wp-image-6021 size-full\" srcset=\"https:\/\/www.interflora.se\/inspiration\/wp-content\/uploads\/2026\/04\/pioner-18.avif 500w, https:\/\/www.interflora.se\/inspiration\/wp-content\/uploads\/2026\/04\/pioner-18-200x300.avif 200w\" sizes=\"auto, (max-width: 500px) 100vw, 500px\" \/><\/figure><div class=\"wp-block-media-text__content\">\n<h3 class=\"wp-block-heading\">Daglig sk\u00f6tsel<\/h3>\n\n\n\n<p>Vattnet b\u00f6r bytas dagligen. Passa p\u00e5 detta tillf\u00e4lle att rensa stj\u00e4lkarna lite och klippa dem, om du ser att det beh\u00f6vs.<\/p>\n\n\n\n<h3 class=\"wp-block-heading\">Hur v\u00e4ljer man pioner?<\/h3>\n\n\n\n<p>N\u00e4r du v\u00e4ljer pioner b\u00f6r du t\u00e4nka p\u00e5 att de ska vara slutna, s\u00e5 kan du se hur de \u00f6ppnar sig med dagarna. Du b\u00f6r ocks\u00e5 se till att, \u00e4ven om de \u00e4r slutna, ska de vara mjuka att ta p\u00e5: om de k\u00e4nns h\u00e5rda n\u00e4r du r\u00f6r vid dem, kommer de troligen inte att \u00f6ppna sig. Ett annat tecken som hj\u00e4lper dig att veta att pionen kommer att \u00f6ppna sig perfekt, \u00e4r att kontrollera att n\u00e5got av dess kronblad redan har b\u00f6rjat lossna.<\/p>\n<\/div><\/div>\n\n\n\n<h2 class=\"wp-block-heading\">Pionen, blomman som firar k\u00e4rleken<\/h2>\n\n\n\n<p><a href=\"https:\/\/www.interflora.se\/inspiration\/blomfakta-pion\/\">Pioner har alltid betraktats som en symbol f\u00f6r rikedom, lycka och v\u00e4lst\u00e5nd<\/a>. Och vilken b\u00e4ttre demonstration av k\u00e4rlek och lycka \u00e4n firandet av ett br\u00f6llop. Allt fler brudpar v\u00e4ljer pioner som huvudblomman p\u00e5 sin vigsel. En pionbukett \u00e4r alltid elegant, och f\u00f6rutom att vara ett utm\u00e4rkt val f\u00f6r ett br\u00f6llop, \u00e4r den ocks\u00e5 det perfekta valet f\u00f6r andra speciella tillf\u00e4llen som mors dag.<\/p>\n\n\n<p>No se encontraron productos.<\/p>\n","protected":false},"excerpt":{"rendered":"<p>St\u00f6rsta delen av pionerna som k\u00f6ps i Sverige idag kommer fr\u00e5n Holland och Frankrike. Pionen f\u00e5ngar uppm\u00e4rksamhet b\u00e5de genom sin [&hellip;]<\/p>\n","protected":false},"author":1,"featured_media":5984,"comment_status":"open","ping_status":"open","sticky":false,"template":"","format":"standard","meta":{"_uag_custom_page_level_css":"","site-sidebar-layout":"default","site-content-layout":"","ast-site-content-layout":"default","site-content-style":"default","site-sidebar-style":"default","ast-global-header-display":"","ast-banner-title-visibility":"","ast-main-header-display":"","ast-hfb-above-header-display":"","ast-hfb-below-header-display":"","ast-hfb-mobile-header-display":"","site-post-title":"","ast-breadcrumbs-content":"","ast-featured-img":"","footer-sml-layout":"","ast-disable-related-posts":"","theme-transparent-header-meta":"","adv-header-id-meta":"","stick-header-meta":"","header-above-stick-meta":"","header-main-stick-meta":"","header-below-stick-meta":"","astra-migrate-meta-layouts":"default","ast-page-background-enabled":"default","ast-page-background-meta":{"desktop":{"background-color":"var(--ast-global-color-5)","background-image":"","background-repeat":"repeat","background-position":"center center","background-size":"auto","background-attachment":"scroll","background-type":"","background-media":"","overlay-type":"","overlay-color":"","overlay-opacity":"","overlay-gradient":""},"tablet":{"background-color":"","background-image":"","background-repeat":"repeat","background-position":"center center","background-size":"auto","background-attachment":"scroll","background-type":"","background-media":"","overlay-type":"","overlay-color":"","overlay-opacity":"","overlay-gradient":""},"mobile":{"background-color":"","background-image":"","background-repeat":"repeat","background-position":"center center","background-size":"auto","background-attachment":"scroll","background-type":"","background-media":"","overlay-type":"","overlay-color":"","overlay-opacity":"","overlay-gradient":""}},"ast-content-background-meta":{"desktop":{"background-color":"var(--ast-global-color-4)","background-image":"","background-repeat":"repeat","background-position":"center center","background-size":"auto","background-attachment":"scroll","background-type":"","background-media":"","overlay-type":"","overlay-color":"","overlay-opacity":"","overlay-gradient":""},"tablet":{"background-color":"var(--ast-global-color-4)","background-image":"","background-repeat":"repeat","background-position":"center center","background-size":"auto","background-attachment":"scroll","background-type":"","background-media":"","overlay-type":"","overlay-color":"","overlay-opacity":"","overlay-gradient":""},"mobile":{"background-color":"var(--ast-global-color-4)","background-image":"","background-repeat":"repeat","background-position":"center center","background-size":"auto","background-attachment":"scroll","background-type":"","background-media":"","overlay-type":"","overlay-color":"","overlay-opacity":"","overlay-gradient":""}},"footnotes":""},"categories":[6,37],"tags":[],"class_list":["post-6158","post","type-post","status-publish","format-standard","has-post-thumbnail","hentry","category-hogtid-ceremoni","category-mors-dag"],"yoast_head":"<!-- This site is optimized with the Yoast SEO plugin v27.4 - https:\/\/yoast.com\/product\/yoast-seo-wordpress\/ -->\n<title>Pioner: sk\u00f6tselr\u00e5d och tips f\u00f6r pioner | Interflora<\/title>\n<meta name=\"description\" content=\"V\u00e5ren ger oss en magiskt vacker blomma, pionen. Men vet du hur du b\u00e4st tar hand om en bukett med pioner? Interflora ber\u00e4ttar allt.\" \/>\n<meta name=\"robots\" content=\"index, follow, max-snippet:-1, max-image-preview:large, max-video-preview:-1\" \/>\n<link rel=\"canonical\" href=\"https:\/\/www.interflora.se\/inspiration\/skotsel-av-pioner-tips-for-att-ta-hand-om-din-pionbukett\/\" \/>\n<meta property=\"og:locale\" content=\"sv_SE\" \/>\n<meta property=\"og:type\" content=\"article\" \/>\n<meta property=\"og:title\" content=\"Pioner: sk\u00f6tselr\u00e5d och tips f\u00f6r pioner | Interflora\" \/>\n<meta property=\"og:description\" content=\"V\u00e5ren ger oss en magiskt vacker blomma, pionen. Men vet du hur du b\u00e4st tar hand om en bukett med pioner? Interflora ber\u00e4ttar allt.\" \/>\n<meta property=\"og:url\" content=\"https:\/\/www.interflora.se\/inspiration\/skotsel-av-pioner-tips-for-att-ta-hand-om-din-pionbukett\/\" \/>\n<meta property=\"og:site_name\" content=\"Inspiration om blommor, krukv\u00e4xter &amp; trender | Interflora\" \/>\n<meta property=\"article:publisher\" content=\"https:\/\/www.facebook.com\/InterfloraAB\" \/>\n<meta property=\"article:published_time\" content=\"2026-04-28T10:27:02+00:00\" \/>\n<meta property=\"article:modified_time\" content=\"2026-04-28T10:29:27+00:00\" \/>\n<meta property=\"og:image\" content=\"https:\/\/www.interflora.se\/inspiration\/wp-content\/uploads\/2026\/04\/mors-dag-10.avif\" \/>\n\t<meta property=\"og:image:width\" content=\"750\" \/>\n\t<meta property=\"og:image:height\" content=\"500\" \/>\n\t<meta property=\"og:image:type\" content=\"image\/jpeg\" \/>\n<meta name=\"author\" content=\"admin\" \/>\n<meta name=\"twitter:card\" content=\"summary_large_image\" \/>\n<meta name=\"twitter:label1\" content=\"Skriven av\" \/>\n\t<meta name=\"twitter:data1\" content=\"admin\" \/>\n\t<meta name=\"twitter:label2\" content=\"Ber\u00e4knad l\u00e4stid\" \/>\n\t<meta name=\"twitter:data2\" content=\"4 minuter\" \/>\n<script type=\"application\/ld+json\" class=\"yoast-schema-graph\">{\"@context\":\"https:\\\/\\\/schema.org\",\"@graph\":[{\"@type\":\"Article\",\"@id\":\"https:\\\/\\\/www.interflora.se\\\/inspiration\\\/skotsel-av-pioner-tips-for-att-ta-hand-om-din-pionbukett\\\/#article\",\"isPartOf\":{\"@id\":\"https:\\\/\\\/www.interflora.se\\\/inspiration\\\/skotsel-av-pioner-tips-for-att-ta-hand-om-din-pionbukett\\\/\"},\"author\":{\"name\":\"admin\",\"@id\":\"https:\\\/\\\/www.interflora.se\\\/inspiration\\\/#\\\/schema\\\/person\\\/dbbd1ad45e05409c356dc639597669f2\"},\"headline\":\"Sk\u00f6tsel av pioner: tips f\u00f6r att ta hand om din pionbukett\",\"datePublished\":\"2026-04-28T10:27:02+00:00\",\"dateModified\":\"2026-04-28T10:29:27+00:00\",\"mainEntityOfPage\":{\"@id\":\"https:\\\/\\\/www.interflora.se\\\/inspiration\\\/skotsel-av-pioner-tips-for-att-ta-hand-om-din-pionbukett\\\/\"},\"wordCount\":550,\"commentCount\":0,\"publisher\":{\"@id\":\"https:\\\/\\\/www.interflora.se\\\/inspiration\\\/#organization\"},\"image\":{\"@id\":\"https:\\\/\\\/www.interflora.se\\\/inspiration\\\/skotsel-av-pioner-tips-for-att-ta-hand-om-din-pionbukett\\\/#primaryimage\"},\"thumbnailUrl\":\"https:\\\/\\\/www.interflora.se\\\/inspiration\\\/wp-content\\\/uploads\\\/2026\\\/04\\\/mors-dag-10.avif\",\"articleSection\":[\"H\u00f6gtid &amp; ceremoni\",\"Mors dag\"],\"inLanguage\":\"sv-SE\",\"potentialAction\":[{\"@type\":\"CommentAction\",\"name\":\"Comment\",\"target\":[\"https:\\\/\\\/www.interflora.se\\\/inspiration\\\/skotsel-av-pioner-tips-for-att-ta-hand-om-din-pionbukett\\\/#respond\"]}]},{\"@type\":\"WebPage\",\"@id\":\"https:\\\/\\\/www.interflora.se\\\/inspiration\\\/skotsel-av-pioner-tips-for-att-ta-hand-om-din-pionbukett\\\/\",\"url\":\"https:\\\/\\\/www.interflora.se\\\/inspiration\\\/skotsel-av-pioner-tips-for-att-ta-hand-om-din-pionbukett\\\/\",\"name\":\"Pioner: sk\u00f6tselr\u00e5d och tips f\u00f6r pioner | Interflora\",\"isPartOf\":{\"@id\":\"https:\\\/\\\/www.interflora.se\\\/inspiration\\\/#website\"},\"primaryImageOfPage\":{\"@id\":\"https:\\\/\\\/www.interflora.se\\\/inspiration\\\/skotsel-av-pioner-tips-for-att-ta-hand-om-din-pionbukett\\\/#primaryimage\"},\"image\":{\"@id\":\"https:\\\/\\\/www.interflora.se\\\/inspiration\\\/skotsel-av-pioner-tips-for-att-ta-hand-om-din-pionbukett\\\/#primaryimage\"},\"thumbnailUrl\":\"https:\\\/\\\/www.interflora.se\\\/inspiration\\\/wp-content\\\/uploads\\\/2026\\\/04\\\/mors-dag-10.avif\",\"datePublished\":\"2026-04-28T10:27:02+00:00\",\"dateModified\":\"2026-04-28T10:29:27+00:00\",\"description\":\"V\u00e5ren ger oss en magiskt vacker blomma, pionen. Men vet du hur du b\u00e4st tar hand om en bukett med pioner? Interflora ber\u00e4ttar allt.\",\"breadcrumb\":{\"@id\":\"https:\\\/\\\/www.interflora.se\\\/inspiration\\\/skotsel-av-pioner-tips-for-att-ta-hand-om-din-pionbukett\\\/#breadcrumb\"},\"inLanguage\":\"sv-SE\",\"potentialAction\":[{\"@type\":\"ReadAction\",\"target\":[\"https:\\\/\\\/www.interflora.se\\\/inspiration\\\/skotsel-av-pioner-tips-for-att-ta-hand-om-din-pionbukett\\\/\"]}]},{\"@type\":\"ImageObject\",\"inLanguage\":\"sv-SE\",\"@id\":\"https:\\\/\\\/www.interflora.se\\\/inspiration\\\/skotsel-av-pioner-tips-for-att-ta-hand-om-din-pionbukett\\\/#primaryimage\",\"url\":\"https:\\\/\\\/www.interflora.se\\\/inspiration\\\/wp-content\\\/uploads\\\/2026\\\/04\\\/mors-dag-10.avif\",\"contentUrl\":\"https:\\\/\\\/www.interflora.se\\\/inspiration\\\/wp-content\\\/uploads\\\/2026\\\/04\\\/mors-dag-10.avif\",\"width\":750,\"height\":500,\"caption\":\"Evoto\"},{\"@type\":\"BreadcrumbList\",\"@id\":\"https:\\\/\\\/www.interflora.se\\\/inspiration\\\/skotsel-av-pioner-tips-for-att-ta-hand-om-din-pionbukett\\\/#breadcrumb\",\"itemListElement\":[{\"@type\":\"ListItem\",\"position\":1,\"name\":\"Home\",\"item\":\"https:\\\/\\\/www.interflora.se\\\/inspiration\\\/\"},{\"@type\":\"ListItem\",\"position\":2,\"name\":\"Sk\u00f6tsel av pioner: tips f\u00f6r att ta hand om din pionbukett\"}]},{\"@type\":\"WebSite\",\"@id\":\"https:\\\/\\\/www.interflora.se\\\/inspiration\\\/#website\",\"url\":\"https:\\\/\\\/www.interflora.se\\\/inspiration\\\/\",\"name\":\"Interflora\",\"description\":\"\",\"publisher\":{\"@id\":\"https:\\\/\\\/www.interflora.se\\\/inspiration\\\/#organization\"},\"potentialAction\":[{\"@type\":\"SearchAction\",\"target\":{\"@type\":\"EntryPoint\",\"urlTemplate\":\"https:\\\/\\\/www.interflora.se\\\/inspiration\\\/?s={search_term_string}\"},\"query-input\":{\"@type\":\"PropertyValueSpecification\",\"valueRequired\":true,\"valueName\":\"search_term_string\"}}],\"inLanguage\":\"sv-SE\"},{\"@type\":\"Organization\",\"@id\":\"https:\\\/\\\/www.interflora.se\\\/inspiration\\\/#organization\",\"name\":\"Interflora\",\"url\":\"https:\\\/\\\/www.interflora.se\\\/inspiration\\\/\",\"logo\":{\"@type\":\"ImageObject\",\"inLanguage\":\"sv-SE\",\"@id\":\"https:\\\/\\\/www.interflora.se\\\/inspiration\\\/#\\\/schema\\\/logo\\\/image\\\/\",\"url\":\"https:\\\/\\\/www.interflora.se\\\/inspiration\\\/wp-content\\\/uploads\\\/2025\\\/09\\\/cropped-220422_INTERFLORA_Logo_rgb_Half_Top_Circle_Main_Color.avif\",\"contentUrl\":\"https:\\\/\\\/www.interflora.se\\\/inspiration\\\/wp-content\\\/uploads\\\/2025\\\/09\\\/cropped-220422_INTERFLORA_Logo_rgb_Half_Top_Circle_Main_Color.avif\",\"width\":1418,\"height\":662,\"caption\":\"Interflora\"},\"image\":{\"@id\":\"https:\\\/\\\/www.interflora.se\\\/inspiration\\\/#\\\/schema\\\/logo\\\/image\\\/\"},\"sameAs\":[\"https:\\\/\\\/www.facebook.com\\\/InterfloraAB\",\"https:\\\/\\\/www.instagram.com\\\/interflora_ab\\\/\",\"https:\\\/\\\/www.linkedin.com\\\/company\\\/1494362\",\"https:\\\/\\\/www.youtube.com\\\/channel\\\/UCZgDzGWB2VRxaoWFUmXnk1w\"]},{\"@type\":\"Person\",\"@id\":\"https:\\\/\\\/www.interflora.se\\\/inspiration\\\/#\\\/schema\\\/person\\\/dbbd1ad45e05409c356dc639597669f2\",\"name\":\"admin\",\"image\":{\"@type\":\"ImageObject\",\"inLanguage\":\"sv-SE\",\"@id\":\"https:\\\/\\\/www.interflora.se\\\/inspiration\\\/wp-content\\\/litespeed\\\/avatar\\\/1fe3cced9e67df62d0a6f995d75823a5.jpg?ver=1777362393\",\"url\":\"https:\\\/\\\/www.interflora.se\\\/inspiration\\\/wp-content\\\/litespeed\\\/avatar\\\/1fe3cced9e67df62d0a6f995d75823a5.jpg?ver=1777362393\",\"contentUrl\":\"https:\\\/\\\/www.interflora.se\\\/inspiration\\\/wp-content\\\/litespeed\\\/avatar\\\/1fe3cced9e67df62d0a6f995d75823a5.jpg?ver=1777362393\",\"caption\":\"admin\"},\"sameAs\":[\"https:\\\/\\\/www.interflora.se\\\/inspiration\"],\"url\":\"https:\\\/\\\/www.interflora.se\\\/inspiration\\\/author\\\/admin\\\/\"}]}<\/script>\n<!-- \/ Yoast SEO plugin. -->","yoast_head_json":{"title":"Pioner: sk\u00f6tselr\u00e5d och tips f\u00f6r pioner | Interflora","description":"V\u00e5ren ger oss en magiskt vacker blomma, pionen. Men vet du hur du b\u00e4st tar hand om en bukett med pioner? Interflora ber\u00e4ttar allt.","robots":{"index":"index","follow":"follow","max-snippet":"max-snippet:-1","max-image-preview":"max-image-preview:large","max-video-preview":"max-video-preview:-1"},"canonical":"https:\/\/www.interflora.se\/inspiration\/skotsel-av-pioner-tips-for-att-ta-hand-om-din-pionbukett\/","og_locale":"sv_SE","og_type":"article","og_title":"Pioner: sk\u00f6tselr\u00e5d och tips f\u00f6r pioner | Interflora","og_description":"V\u00e5ren ger oss en magiskt vacker blomma, pionen. Men vet du hur du b\u00e4st tar hand om en bukett med pioner? Interflora ber\u00e4ttar allt.","og_url":"https:\/\/www.interflora.se\/inspiration\/skotsel-av-pioner-tips-for-att-ta-hand-om-din-pionbukett\/","og_site_name":"Inspiration om blommor, krukv\u00e4xter &amp; trender | Interflora","article_publisher":"https:\/\/www.facebook.com\/InterfloraAB","article_published_time":"2026-04-28T10:27:02+00:00","article_modified_time":"2026-04-28T10:29:27+00:00","og_image":[{"width":750,"height":500,"url":"https:\/\/www.interflora.se\/inspiration\/wp-content\/uploads\/2026\/04\/mors-dag-10.avif","type":"image\/jpeg"}],"author":"admin","twitter_card":"summary_large_image","twitter_misc":{"Skriven av":"admin","Ber\u00e4knad l\u00e4stid":"4 minuter"},"schema":{"@context":"https:\/\/schema.org","@graph":[{"@type":"Article","@id":"https:\/\/www.interflora.se\/inspiration\/skotsel-av-pioner-tips-for-att-ta-hand-om-din-pionbukett\/#article","isPartOf":{"@id":"https:\/\/www.interflora.se\/inspiration\/skotsel-av-pioner-tips-for-att-ta-hand-om-din-pionbukett\/"},"author":{"name":"admin","@id":"https:\/\/www.interflora.se\/inspiration\/#\/schema\/person\/dbbd1ad45e05409c356dc639597669f2"},"headline":"Sk\u00f6tsel av pioner: tips f\u00f6r att ta hand om din pionbukett","datePublished":"2026-04-28T10:27:02+00:00","dateModified":"2026-04-28T10:29:27+00:00","mainEntityOfPage":{"@id":"https:\/\/www.interflora.se\/inspiration\/skotsel-av-pioner-tips-for-att-ta-hand-om-din-pionbukett\/"},"wordCount":550,"commentCount":0,"publisher":{"@id":"https:\/\/www.interflora.se\/inspiration\/#organization"},"image":{"@id":"https:\/\/www.interflora.se\/inspiration\/skotsel-av-pioner-tips-for-att-ta-hand-om-din-pionbukett\/#primaryimage"},"thumbnailUrl":"https:\/\/www.interflora.se\/inspiration\/wp-content\/uploads\/2026\/04\/mors-dag-10.avif","articleSection":["H\u00f6gtid &amp; ceremoni","Mors dag"],"inLanguage":"sv-SE","potentialAction":[{"@type":"CommentAction","name":"Comment","target":["https:\/\/www.interflora.se\/inspiration\/skotsel-av-pioner-tips-for-att-ta-hand-om-din-pionbukett\/#respond"]}]},{"@type":"WebPage","@id":"https:\/\/www.interflora.se\/inspiration\/skotsel-av-pioner-tips-for-att-ta-hand-om-din-pionbukett\/","url":"https:\/\/www.interflora.se\/inspiration\/skotsel-av-pioner-tips-for-att-ta-hand-om-din-pionbukett\/","name":"Pioner: sk\u00f6tselr\u00e5d och tips f\u00f6r pioner | Interflora","isPartOf":{"@id":"https:\/\/www.interflora.se\/inspiration\/#website"},"primaryImageOfPage":{"@id":"https:\/\/www.interflora.se\/inspiration\/skotsel-av-pioner-tips-for-att-ta-hand-om-din-pionbukett\/#primaryimage"},"image":{"@id":"https:\/\/www.interflora.se\/inspiration\/skotsel-av-pioner-tips-for-att-ta-hand-om-din-pionbukett\/#primaryimage"},"thumbnailUrl":"https:\/\/www.interflora.se\/inspiration\/wp-content\/uploads\/2026\/04\/mors-dag-10.avif","datePublished":"2026-04-28T10:27:02+00:00","dateModified":"2026-04-28T10:29:27+00:00","description":"V\u00e5ren ger oss en magiskt vacker blomma, pionen. Men vet du hur du b\u00e4st tar hand om en bukett med pioner? Interflora ber\u00e4ttar allt.","breadcrumb":{"@id":"https:\/\/www.interflora.se\/inspiration\/skotsel-av-pioner-tips-for-att-ta-hand-om-din-pionbukett\/#breadcrumb"},"inLanguage":"sv-SE","potentialAction":[{"@type":"ReadAction","target":["https:\/\/www.interflora.se\/inspiration\/skotsel-av-pioner-tips-for-att-ta-hand-om-din-pionbukett\/"]}]},{"@type":"ImageObject","inLanguage":"sv-SE","@id":"https:\/\/www.interflora.se\/inspiration\/skotsel-av-pioner-tips-for-att-ta-hand-om-din-pionbukett\/#primaryimage","url":"https:\/\/www.interflora.se\/inspiration\/wp-content\/uploads\/2026\/04\/mors-dag-10.avif","contentUrl":"https:\/\/www.interflora.se\/inspiration\/wp-content\/uploads\/2026\/04\/mors-dag-10.avif","width":750,"height":500,"caption":"Evoto"},{"@type":"BreadcrumbList","@id":"https:\/\/www.interflora.se\/inspiration\/skotsel-av-pioner-tips-for-att-ta-hand-om-din-pionbukett\/#breadcrumb","itemListElement":[{"@type":"ListItem","position":1,"name":"Home","item":"https:\/\/www.interflora.se\/inspiration\/"},{"@type":"ListItem","position":2,"name":"Sk\u00f6tsel av pioner: tips f\u00f6r att ta hand om din pionbukett"}]},{"@type":"WebSite","@id":"https:\/\/www.interflora.se\/inspiration\/#website","url":"https:\/\/www.interflora.se\/inspiration\/","name":"Interflora","description":"","publisher":{"@id":"https:\/\/www.interflora.se\/inspiration\/#organization"},"potentialAction":[{"@type":"SearchAction","target":{"@type":"EntryPoint","urlTemplate":"https:\/\/www.interflora.se\/inspiration\/?s={search_term_string}"},"query-input":{"@type":"PropertyValueSpecification","valueRequired":true,"valueName":"search_term_string"}}],"inLanguage":"sv-SE"},{"@type":"Organization","@id":"https:\/\/www.interflora.se\/inspiration\/#organization","name":"Interflora","url":"https:\/\/www.interflora.se\/inspiration\/","logo":{"@type":"ImageObject","inLanguage":"sv-SE","@id":"https:\/\/www.interflora.se\/inspiration\/#\/schema\/logo\/image\/","url":"https:\/\/www.interflora.se\/inspiration\/wp-content\/uploads\/2025\/09\/cropped-220422_INTERFLORA_Logo_rgb_Half_Top_Circle_Main_Color.avif","contentUrl":"https:\/\/www.interflora.se\/inspiration\/wp-content\/uploads\/2025\/09\/cropped-220422_INTERFLORA_Logo_rgb_Half_Top_Circle_Main_Color.avif","width":1418,"height":662,"caption":"Interflora"},"image":{"@id":"https:\/\/www.interflora.se\/inspiration\/#\/schema\/logo\/image\/"},"sameAs":["https:\/\/www.facebook.com\/InterfloraAB","https:\/\/www.instagram.com\/interflora_ab\/","https:\/\/www.linkedin.com\/company\/1494362","https:\/\/www.youtube.com\/channel\/UCZgDzGWB2VRxaoWFUmXnk1w"]},{"@type":"Person","@id":"https:\/\/www.interflora.se\/inspiration\/#\/schema\/person\/dbbd1ad45e05409c356dc639597669f2","name":"admin","image":{"@type":"ImageObject","inLanguage":"sv-SE","@id":"https:\/\/www.interflora.se\/inspiration\/wp-content\/litespeed\/avatar\/1fe3cced9e67df62d0a6f995d75823a5.jpg?ver=1777362393","url":"https:\/\/www.interflora.se\/inspiration\/wp-content\/litespeed\/avatar\/1fe3cced9e67df62d0a6f995d75823a5.jpg?ver=1777362393","contentUrl":"https:\/\/www.interflora.se\/inspiration\/wp-content\/litespeed\/avatar\/1fe3cced9e67df62d0a6f995d75823a5.jpg?ver=1777362393","caption":"admin"},"sameAs":["https:\/\/www.interflora.se\/inspiration"],"url":"https:\/\/www.interflora.se\/inspiration\/author\/admin\/"}]}},"uagb_featured_image_src":{"full":["https:\/\/www.interflora.se\/inspiration\/wp-content\/uploads\/2026\/04\/mors-dag-10.avif",750,500,false],"thumbnail":["https:\/\/www.interflora.se\/inspiration\/wp-content\/uploads\/2026\/04\/mors-dag-10-150x150.avif",150,150,true],"medium":["https:\/\/www.interflora.se\/inspiration\/wp-content\/uploads\/2026\/04\/mors-dag-10-300x200.avif",300,200,true],"medium_large":["https:\/\/www.interflora.se\/inspiration\/wp-content\/uploads\/2026\/04\/mors-dag-10.avif",750,500,false],"large":["https:\/\/www.interflora.se\/inspiration\/wp-content\/uploads\/2026\/04\/mors-dag-10.avif",750,500,false],"1536x1536":["https:\/\/www.interflora.se\/inspiration\/wp-content\/uploads\/2026\/04\/mors-dag-10.avif",750,500,false],"2048x2048":["https:\/\/www.interflora.se\/inspiration\/wp-content\/uploads\/2026\/04\/mors-dag-10.avif",750,500,false]},"uagb_author_info":{"display_name":"admin","author_link":"https:\/\/www.interflora.se\/inspiration\/author\/admin\/"},"uagb_comment_info":0,"uagb_excerpt":"St\u00f6rsta delen av pionerna som k\u00f6ps i Sverige idag kommer fr\u00e5n Holland och Frankrike. Pionen f\u00e5ngar uppm\u00e4rksamhet b\u00e5de genom sin [&hellip;]","_links":{"self":[{"href":"https:\/\/www.interflora.se\/inspiration\/wp-json\/wp\/v2\/posts\/6158","targetHints":{"allow":["GET"]}}],"collection":[{"href":"https:\/\/www.interflora.se\/inspiration\/wp-json\/wp\/v2\/posts"}],"about":[{"href":"https:\/\/www.interflora.se\/inspiration\/wp-json\/wp\/v2\/types\/post"}],"author":[{"embeddable":true,"href":"https:\/\/www.interflora.se\/inspiration\/wp-json\/wp\/v2\/users\/1"}],"replies":[{"embeddable":true,"href":"https:\/\/www.interflora.se\/inspiration\/wp-json\/wp\/v2\/comments?post=6158"}],"version-history":[{"count":6,"href":"https:\/\/www.interflora.se\/inspiration\/wp-json\/wp\/v2\/posts\/6158\/revisions"}],"predecessor-version":[{"id":6166,"href":"https:\/\/www.interflora.se\/inspiration\/wp-json\/wp\/v2\/posts\/6158\/revisions\/6166"}],"wp:featuredmedia":[{"embeddable":true,"href":"https:\/\/www.interflora.se\/inspiration\/wp-json\/wp\/v2\/media\/5984"}],"wp:attachment":[{"href":"https:\/\/www.interflora.se\/inspiration\/wp-json\/wp\/v2\/media?parent=6158"}],"wp:term":[{"taxonomy":"category","embeddable":true,"href":"https:\/\/www.interflora.se\/inspiration\/wp-json\/wp\/v2\/categories?post=6158"},{"taxonomy":"post_tag","embeddable":true,"href":"https:\/\/www.interflora.se\/inspiration\/wp-json\/wp\/v2\/tags?post=6158"}],"curies":[{"name":"wp","href":"https:\/\/api.w.org\/{rel}","templated":true}]}}