{"id":6153,"date":"2026-04-28T12:03:58","date_gmt":"2026-04-28T10:03:58","guid":{"rendered":"https:\/\/www.interflora.se\/inspiration\/?p=6153"},"modified":"2026-04-28T12:05:58","modified_gmt":"2026-04-28T10:05:58","slug":"aktiviteter-pa-mors-dag-den-basta-overraskningen-for-din-mamma","status":"publish","type":"post","link":"https:\/\/www.interflora.se\/inspiration\/aktiviteter-pa-mors-dag-den-basta-overraskningen-for-din-mamma\/","title":{"rendered":"Aktiviteter p\u00e5 mors dag: den b\u00e4sta \u00f6verraskningen f\u00f6r din mamma!"},"content":{"rendered":"\n<p>Om du letar efter den eller de perfekta presenterna till mors dag har du tur! P\u00e5 Interflora har vi massor av intressanta id\u00e9er som kan hj\u00e4lpa dig. Naturligtvis, som de blomster\u00e4lskare vi \u00e4r, kommer v\u00e5r favoritpresent f\u00f6r denna speciella dag alltid att vara en bukett rosor eller andra blommor till mors dag. Men om du letar efter n\u00e5got mer att komplettera din bukett med, eller helt enkelt en annorlunda id\u00e9 f\u00f6r att \u00f6verraska din mamma, f\u00e5r du h\u00e4r tips p\u00e5 aktiviteter att g\u00f6ra p\u00e5 <a href=\"https:\/\/www.interflora.se\/c\/mors-dags-blommor?utm_source=blog&amp;utm_campaign=post-cta\">mors dag<\/a>.<\/p>\n\n\n\n<div class=\"wp-block-buttons is-content-justification-center is-layout-flex wp-container-core-buttons-is-layout-a89b3969 wp-block-buttons-is-layout-flex\">\n<div class=\"wp-block-button\"><a class=\"wp-block-button__link has-medium-font-size has-custom-font-size wp-element-button\">Skicka blommor till mors dag<\/a><\/div>\n<\/div>\n\n\n\n<h2 class=\"wp-block-heading\">Id\u00e9er p\u00e5 aktiviteter till mors dag<\/h2>\n\n\n\n<p>Att ge din mamma hennes favoritparfym, ett smycke, en bok eller n\u00e5got annat personligt f\u00f6rem\u00e5l \u00e4r en bra id\u00e9 f\u00f6r att fira denna speciella dag. Men f\u00f6r det mesta \u00e4r den perfekta presenten till en mamma att tillbringa tid med henne. Att g\u00f6ra en aktivitet med din mamma f\u00f6r att fira mors dag kan vara den mest of\u00f6rgl\u00f6mliga presenten, b\u00e5de f\u00f6r henne och f\u00f6r dig. H\u00e4r har du n\u00e5gra id\u00e9er p\u00e5 aktiviteter till mors dag som du kan genomf\u00f6ra med familjen eller bara med henne.<\/p>\n\n\n<div class=\"lp-produits-grid\"><div class=\"lp-produit\"><div class=\"lp-thumbnail-wrapper\"><img loading=\"lazy\" decoding=\"async\" width=\"240\" height=\"300\" src=\"https:\/\/www.interflora.se\/inspiration\/wp-content\/uploads\/2025\/05\/1202975-2025-240x300.jpg\" class=\"attachment-medium size-medium wp-post-image\" alt=\"\" srcset=\"https:\/\/www.interflora.se\/inspiration\/wp-content\/uploads\/2025\/05\/1202975-2025-240x300.jpg 240w, https:\/\/www.interflora.se\/inspiration\/wp-content\/uploads\/2025\/05\/1202975-2025.jpg 745w\" sizes=\"auto, (max-width: 240px) 100vw, 240px\" \/><img decoding=\"async\" class=\"lp-badge\" src=\"https:\/\/www.interflora.se\/inspiration\/wp-content\/uploads\/2025\/03\/cropped-220422_INTERFLORA_Main_Logo_rgb_Main_Color-1.png\" alt=\"Blombud Interflora\"><\/div><span>F\u00e4rglycka<\/span><p>fr\u00e5n 269 kr<\/p><span class=\"obf-link lp-cta\" role=\"link\" tabindex=\"0\" data-b64=\"aHR0cHM6Ly93d3cuaW50ZXJmbG9yYS5zZS9wLzgxNjc5LWZhcmdseWNrYS8yP3V0bV9tZWRpdW09b3JnYW5pYyZ1dG1fc291cmNlPWJsb2dfcHJvZHVjdHMmdXRtX2NhbXBhaWduPTEyMDI5NzQ=\" data-target=\"_blank\"><svg xmlns=\"http:\/\/www.w3.org\/2000\/svg\" width=\"16\" height=\"16\" fill=\"currentColor\" class=\"bi bi-bag\" viewBox=\"0 0 16 16\"><path d=\"M8 1a2 2 0 0 1 2 2v1h2.5A1.5 1.5 0 0 1 14 5.5v8A1.5 1.5 0 0 1 12.5 15h-9A1.5 1.5 0 0 1 2 13.5v-8A1.5 1.5 0 0 1 3.5 3H6V2a2 2 0 0 1 2-1zm1 3V3a1 1 0 0 0-2 0v1h2z\"\/><\/svg>K\u00f6p h\u00e4r<\/span><p class=\"rapido\">Din personliga h\u00e4lsning<\/p><\/div><div class=\"lp-produit\"><div class=\"lp-thumbnail-wrapper\"><img loading=\"lazy\" decoding=\"async\" width=\"240\" height=\"300\" src=\"https:\/\/www.interflora.se\/inspiration\/wp-content\/uploads\/2026\/03\/1772283449-1203200-kram-mellan-2026-2.jpg\" class=\"attachment-medium size-medium wp-post-image\" alt=\"\" \/><img decoding=\"async\" class=\"lp-badge\" src=\"https:\/\/www.interflora.se\/inspiration\/wp-content\/uploads\/2025\/03\/cropped-220422_INTERFLORA_Main_Logo_rgb_Main_Color-1.png\" alt=\"Blombud Interflora\"><\/div><span>Kram<\/span><p>fr\u00e5n 299 kr<\/p><span class=\"obf-link lp-cta\" role=\"link\" tabindex=\"0\" data-b64=\"aHR0cHM6Ly93d3cuaW50ZXJmbG9yYS5zZS9wLzkwNzc4LWtyYW0vMj91dG1fbWVkaXVtPW9yZ2FuaWMmdXRtX3NvdXJjZT1ibG9nX3Byb2R1Y3RzJnV0bV9jYW1wYWlnbj0xMjAzMTk5LUtyYW0tTllfMQ==\" data-target=\"_blank\"><svg xmlns=\"http:\/\/www.w3.org\/2000\/svg\" width=\"16\" height=\"16\" fill=\"currentColor\" class=\"bi bi-bag\" viewBox=\"0 0 16 16\"><path d=\"M8 1a2 2 0 0 1 2 2v1h2.5A1.5 1.5 0 0 1 14 5.5v8A1.5 1.5 0 0 1 12.5 15h-9A1.5 1.5 0 0 1 2 13.5v-8A1.5 1.5 0 0 1 3.5 3H6V2a2 2 0 0 1 2-1zm1 3V3a1 1 0 0 0-2 0v1h2z\"\/><\/svg>K\u00f6p h\u00e4r<\/span><p class=\"rapido\">F\u00e4rska blommor<\/p><\/div><div class=\"lp-produit\"><div class=\"lp-thumbnail-wrapper\"><img loading=\"lazy\" decoding=\"async\" width=\"240\" height=\"300\" src=\"https:\/\/www.interflora.se\/inspiration\/wp-content\/uploads\/2025\/05\/1202805-teaser-2024-ny-4.5-240x300.jpg\" class=\"attachment-medium size-medium wp-post-image\" alt=\"\" srcset=\"https:\/\/www.interflora.se\/inspiration\/wp-content\/uploads\/2025\/05\/1202805-teaser-2024-ny-4.5-240x300.jpg 240w, https:\/\/www.interflora.se\/inspiration\/wp-content\/uploads\/2025\/05\/1202805-teaser-2024-ny-4.5.jpg 745w\" sizes=\"auto, (max-width: 240px) 100vw, 240px\" \/><img decoding=\"async\" class=\"lp-badge\" src=\"https:\/\/www.interflora.se\/inspiration\/wp-content\/uploads\/2025\/03\/cropped-220422_INTERFLORA_Main_Logo_rgb_Main_Color-1.png\" alt=\"Blombud Interflora\"><\/div><span>Grattis<\/span><p>fr\u00e5n 359 kr<\/p><span class=\"obf-link lp-cta\" role=\"link\" tabindex=\"0\" data-b64=\"aHR0cHM6Ly93d3cuaW50ZXJmbG9yYS5zZS9wLzY1NjI0LWdyYXR0aXMvMj91dG1fbWVkaXVtPW9yZ2FuaWMmdXRtX3NvdXJjZT1ibG9nX3Byb2R1Y3RzJnV0bV9jYW1wYWlnbj0xMjAyODA0\" data-target=\"_blank\"><svg xmlns=\"http:\/\/www.w3.org\/2000\/svg\" width=\"16\" height=\"16\" fill=\"currentColor\" class=\"bi bi-bag\" viewBox=\"0 0 16 16\"><path d=\"M8 1a2 2 0 0 1 2 2v1h2.5A1.5 1.5 0 0 1 14 5.5v8A1.5 1.5 0 0 1 12.5 15h-9A1.5 1.5 0 0 1 2 13.5v-8A1.5 1.5 0 0 1 3.5 3H6V2a2 2 0 0 1 2-1zm1 3V3a1 1 0 0 0-2 0v1h2z\"\/><\/svg>K\u00f6p h\u00e4r<\/span><p class=\"rapido\">Din personliga h\u00e4lsning<\/p><\/div><div class=\"lp-produit\"><div class=\"lp-thumbnail-wrapper\"><img loading=\"lazy\" decoding=\"async\" width=\"240\" height=\"300\" src=\"https:\/\/www.interflora.se\/inspiration\/wp-content\/uploads\/2025\/05\/1201156-2024-ny-4.5-240x300.jpg\" class=\"attachment-medium size-medium wp-post-image\" alt=\"\" srcset=\"https:\/\/www.interflora.se\/inspiration\/wp-content\/uploads\/2025\/05\/1201156-2024-ny-4.5-240x300.jpg 240w, https:\/\/www.interflora.se\/inspiration\/wp-content\/uploads\/2025\/05\/1201156-2024-ny-4.5.jpg 745w\" sizes=\"auto, (max-width: 240px) 100vw, 240px\" \/><img decoding=\"async\" class=\"lp-badge\" src=\"https:\/\/www.interflora.se\/inspiration\/wp-content\/uploads\/2025\/03\/cropped-220422_INTERFLORA_Main_Logo_rgb_Main_Color-1.png\" alt=\"Blombud Interflora\"><\/div><span>Omtanke<\/span><p>fr\u00e5n 379 kr<\/p><span class=\"obf-link lp-cta\" role=\"link\" tabindex=\"0\" data-b64=\"aHR0cHM6Ly93d3cuaW50ZXJmbG9yYS5zZS9wLzMwOC1vbXRhbmtlLzI\/dXRtX21lZGl1bT1vcmdhbmljJnV0bV9zb3VyY2U9YmxvZ19wcm9kdWN0cyZ1dG1fY2FtcGFpZ249MTIwMTE1NQ==\" data-target=\"_blank\"><svg xmlns=\"http:\/\/www.w3.org\/2000\/svg\" width=\"16\" height=\"16\" fill=\"currentColor\" class=\"bi bi-bag\" viewBox=\"0 0 16 16\"><path d=\"M8 1a2 2 0 0 1 2 2v1h2.5A1.5 1.5 0 0 1 14 5.5v8A1.5 1.5 0 0 1 12.5 15h-9A1.5 1.5 0 0 1 2 13.5v-8A1.5 1.5 0 0 1 3.5 3H6V2a2 2 0 0 1 2-1zm1 3V3a1 1 0 0 0-2 0v1h2z\"\/><\/svg>K\u00f6p h\u00e4r<\/span><p class=\"rapido\">Kundernas favorit<\/p><\/div><\/div>\n\n\n\n<h3 class=\"wp-block-heading\">En picknick i parken, p\u00e5 landet eller p\u00e5 stranden<\/h3>\n\n\n\n<p>En enkel aktivitet som du kan genomf\u00f6ra med barn och med resten av familjen. F\u00f6rbered en smakrik picknick med h\u00e4lsosamma s\u00e4songsprodukter som inte \u00e4r sv\u00e5ra att transportera. Du kan v\u00e4lja ett recept som din mamma gillar och f\u00f6rbereda (eller k\u00f6pa) hennes favoritkaka. V\u00e4lj en plats som hon gillar mycket. F\u00f6r de mer sportiga mammorna kan ni planera att cykla eller ta en l\u00e5ngpromenad p\u00e5 landet. I slut\u00e4ndan \u00e4r det ju hennes dag!<\/p>\n\n\n\n<h3 class=\"wp-block-heading\">Frukost p\u00e5 s\u00e4ngen<\/h3>\n\n\n\n<p>F\u00f6rbered hennes favoritfrukost och komplettera med en bukett f\u00e4rska blommor och en stor kram. Det b\u00e4sta s\u00e4ttet att b\u00f6rja en dag.<\/p>\n\n\n\n<figure class=\"wp-block-image aligncenter size-full is-resized\"><img loading=\"lazy\" decoding=\"async\" width=\"750\" height=\"500\" src=\"https:\/\/www.interflora.se\/inspiration\/wp-content\/uploads\/2026\/04\/mors-dag-9.avif\" alt=\"\" class=\"wp-image-5983\" style=\"width:600px\" srcset=\"https:\/\/www.interflora.se\/inspiration\/wp-content\/uploads\/2026\/04\/mors-dag-9.avif 750w, https:\/\/www.interflora.se\/inspiration\/wp-content\/uploads\/2026\/04\/mors-dag-9-300x200.avif 300w\" sizes=\"auto, (max-width: 750px) 100vw, 750px\" \/><\/figure>\n\n\n\n<h3 class=\"wp-block-heading\">Laga en lunch eller middag tillsammans<\/h3>\n\n\n\n<p>Om du gillar att laga mat med din mamma, f\u00f6r att hon dessutom g\u00f6r j\u00e4ttegoda saker, \u00e4r en bra aktivitet att g\u00f6ra p\u00e5 mors dag att laga en speciell r\u00e4tt tillsammans med henne. Ni kan g\u00e5 och k\u00f6pa de b\u00e4sta ingredienserna till hennes favoritr\u00e4tt. Passa p\u00e5 att ge henne en bukett blommor eller den speciella presenten du har f\u00f6rberett, som en extra \u00f6verraskning!<\/p>\n\n\n\n<h3 class=\"wp-block-heading\">En kurs i keramik, dans, spr\u00e5k eller n\u00e5got annat<\/h3>\n\n\n\n<p>\u00c5r din mamma en nyfiken kvinna som gillar att l\u00e4ra sig saker. Perfekt! Ge henne en kurs i n\u00e5got hon vill l\u00e4ra sig eller i hennes favoritaktivitet till mors dag: dans, keramik, teckning, spr\u00e5k, skrivande, yoga, matlagning\u2026 Dessutom kanske du ocks\u00e5 kan anm\u00e4la dig sj\u00e4lv f\u00f6r att g\u00f6ra det tillsammans med henne. Dubbel motivation och dubbel gl\u00e4dje!<\/p>\n\n\n\n<h3 class=\"wp-block-heading\">En speciell aktivitet som ni kan g\u00f6ra tillsammans<\/h3>\n\n\n\n<p>Ingen k\u00e4nner din mammas smak b\u00e4ttre \u00e4n du. Du kan t\u00e4nka p\u00e5 n\u00e5got hon har velat g\u00f6ra l\u00e4nge, p\u00e5 en aktivitet hon uppskattar och som ni kan njuta av tillsammans: en spadag, ett museibes\u00f6k, en shoppingdag, en lunch p\u00e5 restaurang, bio eller en teaterf\u00f6rest\u00e4llning\u2026 M\u00f6jligheterna \u00e4r o\u00e4ndliga. Det viktigaste \u00e4r att ni tillbringar tid tillsammans, utan stress eller press. Din mamma kommer s\u00e4kert att uppskatta det.<\/p>\n\n\n\n<figure class=\"wp-block-image aligncenter size-full is-resized\"><img loading=\"lazy\" decoding=\"async\" width=\"750\" height=\"500\" src=\"https:\/\/www.interflora.se\/inspiration\/wp-content\/uploads\/2026\/04\/mors-dag-4.avif\" alt=\"\" class=\"wp-image-5978\" style=\"width:600px\" srcset=\"https:\/\/www.interflora.se\/inspiration\/wp-content\/uploads\/2026\/04\/mors-dag-4.avif 750w, https:\/\/www.interflora.se\/inspiration\/wp-content\/uploads\/2026\/04\/mors-dag-4-300x200.avif 300w\" sizes=\"auto, (max-width: 750px) 100vw, 750px\" \/><\/figure>\n\n\n\n<h2 class=\"wp-block-heading\">En aktivitet och en bukett rosor, den perfekta presenten till din mamma!<\/h2>\n\n\n\n<p>Om du redan har hittat den eller de aktiviteter till mors dag som du ska \u00f6verraska din mamma med, <a href=\"https:\/\/www.interflora.se\/c\/mors-dags-blommor?utm_source=blog&amp;utm_campaign=post-cta\">gl\u00f6m inte att ge blommor eller en vacker v\u00e4xt<\/a>.. Du kan ge dem personligen eller skicka dem hem eller vart du vill p\u00e5 ett snabbt och enkelt s\u00e4tt, p\u00e5 Interflora \u00e4r vi experter!<\/p>\n\n\n<div class=\"lp-produits-grid\"><div class=\"lp-produit\"><div class=\"lp-thumbnail-wrapper\"><img loading=\"lazy\" decoding=\"async\" width=\"240\" height=\"300\" src=\"https:\/\/www.interflora.se\/inspiration\/wp-content\/uploads\/2025\/05\/1202975-2025-240x300.jpg\" class=\"attachment-medium size-medium wp-post-image\" alt=\"\" srcset=\"https:\/\/www.interflora.se\/inspiration\/wp-content\/uploads\/2025\/05\/1202975-2025-240x300.jpg 240w, https:\/\/www.interflora.se\/inspiration\/wp-content\/uploads\/2025\/05\/1202975-2025.jpg 745w\" sizes=\"auto, (max-width: 240px) 100vw, 240px\" \/><img decoding=\"async\" class=\"lp-badge\" src=\"https:\/\/www.interflora.se\/inspiration\/wp-content\/uploads\/2025\/03\/cropped-220422_INTERFLORA_Main_Logo_rgb_Main_Color-1.png\" alt=\"Blombud Interflora\"><\/div><span>F\u00e4rglycka<\/span><p>fr\u00e5n 269 kr<\/p><span class=\"obf-link lp-cta\" role=\"link\" tabindex=\"0\" data-b64=\"aHR0cHM6Ly93d3cuaW50ZXJmbG9yYS5zZS9wLzgxNjc5LWZhcmdseWNrYS8yP3V0bV9tZWRpdW09b3JnYW5pYyZ1dG1fc291cmNlPWJsb2dfcHJvZHVjdHMmdXRtX2NhbXBhaWduPTEyMDI5NzQ=\" data-target=\"_blank\"><svg xmlns=\"http:\/\/www.w3.org\/2000\/svg\" width=\"16\" height=\"16\" fill=\"currentColor\" class=\"bi bi-bag\" viewBox=\"0 0 16 16\"><path d=\"M8 1a2 2 0 0 1 2 2v1h2.5A1.5 1.5 0 0 1 14 5.5v8A1.5 1.5 0 0 1 12.5 15h-9A1.5 1.5 0 0 1 2 13.5v-8A1.5 1.5 0 0 1 3.5 3H6V2a2 2 0 0 1 2-1zm1 3V3a1 1 0 0 0-2 0v1h2z\"\/><\/svg>K\u00f6p h\u00e4r<\/span><p class=\"rapido\">Kundernas favorit<\/p><\/div><div class=\"lp-produit\"><div class=\"lp-thumbnail-wrapper\"><img loading=\"lazy\" decoding=\"async\" width=\"240\" height=\"300\" src=\"https:\/\/www.interflora.se\/inspiration\/wp-content\/uploads\/2026\/03\/1772283449-1203200-kram-mellan-2026-2.jpg\" class=\"attachment-medium size-medium wp-post-image\" alt=\"\" \/><img decoding=\"async\" class=\"lp-badge\" src=\"https:\/\/www.interflora.se\/inspiration\/wp-content\/uploads\/2025\/03\/cropped-220422_INTERFLORA_Main_Logo_rgb_Main_Color-1.png\" alt=\"Blombud Interflora\"><\/div><span>Kram<\/span><p>fr\u00e5n 299 kr<\/p><span class=\"obf-link lp-cta\" role=\"link\" tabindex=\"0\" data-b64=\"aHR0cHM6Ly93d3cuaW50ZXJmbG9yYS5zZS9wLzkwNzc4LWtyYW0vMj91dG1fbWVkaXVtPW9yZ2FuaWMmdXRtX3NvdXJjZT1ibG9nX3Byb2R1Y3RzJnV0bV9jYW1wYWlnbj0xMjAzMTk5LUtyYW0tTllfMQ==\" data-target=\"_blank\"><svg xmlns=\"http:\/\/www.w3.org\/2000\/svg\" width=\"16\" height=\"16\" fill=\"currentColor\" class=\"bi bi-bag\" viewBox=\"0 0 16 16\"><path d=\"M8 1a2 2 0 0 1 2 2v1h2.5A1.5 1.5 0 0 1 14 5.5v8A1.5 1.5 0 0 1 12.5 15h-9A1.5 1.5 0 0 1 2 13.5v-8A1.5 1.5 0 0 1 3.5 3H6V2a2 2 0 0 1 2-1zm1 3V3a1 1 0 0 0-2 0v1h2z\"\/><\/svg>K\u00f6p h\u00e4r<\/span><p class=\"rapido\">Leverans idag<\/p><\/div><div class=\"lp-produit\"><div class=\"lp-thumbnail-wrapper\"><img loading=\"lazy\" decoding=\"async\" width=\"240\" height=\"300\" src=\"https:\/\/www.interflora.se\/inspiration\/wp-content\/uploads\/2025\/05\/1201156-2024-ny-4.5-240x300.jpg\" class=\"attachment-medium size-medium wp-post-image\" alt=\"\" srcset=\"https:\/\/www.interflora.se\/inspiration\/wp-content\/uploads\/2025\/05\/1201156-2024-ny-4.5-240x300.jpg 240w, https:\/\/www.interflora.se\/inspiration\/wp-content\/uploads\/2025\/05\/1201156-2024-ny-4.5.jpg 745w\" sizes=\"auto, (max-width: 240px) 100vw, 240px\" \/><img decoding=\"async\" class=\"lp-badge\" src=\"https:\/\/www.interflora.se\/inspiration\/wp-content\/uploads\/2025\/03\/cropped-220422_INTERFLORA_Main_Logo_rgb_Main_Color-1.png\" alt=\"Blombud Interflora\"><\/div><span>Omtanke<\/span><p>fr\u00e5n 379 kr<\/p><span class=\"obf-link lp-cta\" role=\"link\" tabindex=\"0\" data-b64=\"aHR0cHM6Ly93d3cuaW50ZXJmbG9yYS5zZS9wLzMwOC1vbXRhbmtlLzI\/dXRtX21lZGl1bT1vcmdhbmljJnV0bV9zb3VyY2U9YmxvZ19wcm9kdWN0cyZ1dG1fY2FtcGFpZ249MTIwMTE1NQ==\" data-target=\"_blank\"><svg xmlns=\"http:\/\/www.w3.org\/2000\/svg\" width=\"16\" height=\"16\" fill=\"currentColor\" class=\"bi bi-bag\" viewBox=\"0 0 16 16\"><path d=\"M8 1a2 2 0 0 1 2 2v1h2.5A1.5 1.5 0 0 1 14 5.5v8A1.5 1.5 0 0 1 12.5 15h-9A1.5 1.5 0 0 1 2 13.5v-8A1.5 1.5 0 0 1 3.5 3H6V2a2 2 0 0 1 2-1zm1 3V3a1 1 0 0 0-2 0v1h2z\"\/><\/svg>K\u00f6p h\u00e4r<\/span><p class=\"rapido\">Bunden av din lokala florist<\/p><\/div><div class=\"lp-produit\"><div class=\"lp-thumbnail-wrapper\"><img loading=\"lazy\" decoding=\"async\" width=\"240\" height=\"300\" src=\"https:\/\/www.interflora.se\/inspiration\/wp-content\/uploads\/2025\/05\/1202805-teaser-2024-ny-4.5-240x300.jpg\" class=\"attachment-medium size-medium wp-post-image\" alt=\"\" srcset=\"https:\/\/www.interflora.se\/inspiration\/wp-content\/uploads\/2025\/05\/1202805-teaser-2024-ny-4.5-240x300.jpg 240w, https:\/\/www.interflora.se\/inspiration\/wp-content\/uploads\/2025\/05\/1202805-teaser-2024-ny-4.5.jpg 745w\" sizes=\"auto, (max-width: 240px) 100vw, 240px\" \/><img decoding=\"async\" class=\"lp-badge\" src=\"https:\/\/www.interflora.se\/inspiration\/wp-content\/uploads\/2025\/03\/cropped-220422_INTERFLORA_Main_Logo_rgb_Main_Color-1.png\" alt=\"Blombud Interflora\"><\/div><span>Grattis<\/span><p>fr\u00e5n 359 kr<\/p><span class=\"obf-link lp-cta\" role=\"link\" tabindex=\"0\" data-b64=\"aHR0cHM6Ly93d3cuaW50ZXJmbG9yYS5zZS9wLzY1NjI0LWdyYXR0aXMvMj91dG1fbWVkaXVtPW9yZ2FuaWMmdXRtX3NvdXJjZT1ibG9nX3Byb2R1Y3RzJnV0bV9jYW1wYWlnbj0xMjAyODA0\" data-target=\"_blank\"><svg xmlns=\"http:\/\/www.w3.org\/2000\/svg\" width=\"16\" height=\"16\" fill=\"currentColor\" class=\"bi bi-bag\" viewBox=\"0 0 16 16\"><path d=\"M8 1a2 2 0 0 1 2 2v1h2.5A1.5 1.5 0 0 1 14 5.5v8A1.5 1.5 0 0 1 12.5 15h-9A1.5 1.5 0 0 1 2 13.5v-8A1.5 1.5 0 0 1 3.5 3H6V2a2 2 0 0 1 2-1zm1 3V3a1 1 0 0 0-2 0v1h2z\"\/><\/svg>K\u00f6p h\u00e4r<\/span><p class=\"rapido\">Leverans idag<\/p><\/div><\/div>\n","protected":false},"excerpt":{"rendered":"<p>Om du letar efter den eller de perfekta presenterna till mors dag har du tur! P\u00e5 Interflora har vi massor [&hellip;]<\/p>\n","protected":false},"author":1,"featured_media":6004,"comment_status":"open","ping_status":"open","sticky":false,"template":"","format":"standard","meta":{"_uag_custom_page_level_css":"","site-sidebar-layout":"default","site-content-layout":"","ast-site-content-layout":"default","site-content-style":"default","site-sidebar-style":"default","ast-global-header-display":"","ast-banner-title-visibility":"","ast-main-header-display":"","ast-hfb-above-header-display":"","ast-hfb-below-header-display":"","ast-hfb-mobile-header-display":"","site-post-title":"","ast-breadcrumbs-content":"","ast-featured-img":"","footer-sml-layout":"","ast-disable-related-posts":"","theme-transparent-header-meta":"","adv-header-id-meta":"","stick-header-meta":"","header-above-stick-meta":"","header-main-stick-meta":"","header-below-stick-meta":"","astra-migrate-meta-layouts":"default","ast-page-background-enabled":"default","ast-page-background-meta":{"desktop":{"background-color":"var(--ast-global-color-5)","background-image":"","background-repeat":"repeat","background-position":"center center","background-size":"auto","background-attachment":"scroll","background-type":"","background-media":"","overlay-type":"","overlay-color":"","overlay-opacity":"","overlay-gradient":""},"tablet":{"background-color":"","background-image":"","background-repeat":"repeat","background-position":"center center","background-size":"auto","background-attachment":"scroll","background-type":"","background-media":"","overlay-type":"","overlay-color":"","overlay-opacity":"","overlay-gradient":""},"mobile":{"background-color":"","background-image":"","background-repeat":"repeat","background-position":"center center","background-size":"auto","background-attachment":"scroll","background-type":"","background-media":"","overlay-type":"","overlay-color":"","overlay-opacity":"","overlay-gradient":""}},"ast-content-background-meta":{"desktop":{"background-color":"var(--ast-global-color-4)","background-image":"","background-repeat":"repeat","background-position":"center center","background-size":"auto","background-attachment":"scroll","background-type":"","background-media":"","overlay-type":"","overlay-color":"","overlay-opacity":"","overlay-gradient":""},"tablet":{"background-color":"var(--ast-global-color-4)","background-image":"","background-repeat":"repeat","background-position":"center center","background-size":"auto","background-attachment":"scroll","background-type":"","background-media":"","overlay-type":"","overlay-color":"","overlay-opacity":"","overlay-gradient":""},"mobile":{"background-color":"var(--ast-global-color-4)","background-image":"","background-repeat":"repeat","background-position":"center center","background-size":"auto","background-attachment":"scroll","background-type":"","background-media":"","overlay-type":"","overlay-color":"","overlay-opacity":"","overlay-gradient":""}},"footnotes":""},"categories":[6,37],"tags":[],"class_list":["post-6153","post","type-post","status-publish","format-standard","has-post-thumbnail","hentry","category-hogtid-ceremoni","category-mors-dag"],"yoast_head":"<!-- This site is optimized with the Yoast SEO plugin v27.4 - https:\/\/yoast.com\/product\/yoast-seo-wordpress\/ -->\n<title>Aktiviteter p\u00e5 mors dag: \u00f6verraska din mamma! | Interflora<\/title>\n<meta name=\"description\" content=\"Att ge din mamma en bukett blommor \u00e4r en fin id\u00e9, men Interflora f\u00f6resl\u00e5r \u00e4ven aktiviteter p\u00e5 mors dag att dela med din mamma.\" \/>\n<meta name=\"robots\" content=\"index, follow, max-snippet:-1, max-image-preview:large, max-video-preview:-1\" \/>\n<link rel=\"canonical\" href=\"https:\/\/www.interflora.se\/inspiration\/aktiviteter-pa-mors-dag-den-basta-overraskningen-for-din-mamma\/\" \/>\n<meta property=\"og:locale\" content=\"sv_SE\" \/>\n<meta property=\"og:type\" content=\"article\" \/>\n<meta property=\"og:title\" content=\"Aktiviteter p\u00e5 mors dag: \u00f6verraska din mamma! | Interflora\" \/>\n<meta property=\"og:description\" content=\"Att ge din mamma en bukett blommor \u00e4r en fin id\u00e9, men Interflora f\u00f6resl\u00e5r \u00e4ven aktiviteter p\u00e5 mors dag att dela med din mamma.\" \/>\n<meta property=\"og:url\" content=\"https:\/\/www.interflora.se\/inspiration\/aktiviteter-pa-mors-dag-den-basta-overraskningen-for-din-mamma\/\" \/>\n<meta property=\"og:site_name\" content=\"Inspiration om blommor, krukv\u00e4xter &amp; trender | Interflora\" \/>\n<meta property=\"article:publisher\" content=\"https:\/\/www.facebook.com\/InterfloraAB\" \/>\n<meta property=\"article:published_time\" content=\"2026-04-28T10:03:58+00:00\" \/>\n<meta property=\"article:modified_time\" content=\"2026-04-28T10:05:58+00:00\" \/>\n<meta property=\"og:image\" content=\"https:\/\/www.interflora.se\/inspiration\/wp-content\/uploads\/2026\/04\/mors-dag-33.avif\" \/>\n\t<meta property=\"og:image:width\" content=\"667\" \/>\n\t<meta property=\"og:image:height\" content=\"1000\" \/>\n\t<meta property=\"og:image:type\" content=\"image\/jpeg\" \/>\n<meta name=\"author\" content=\"admin\" \/>\n<meta name=\"twitter:card\" content=\"summary_large_image\" \/>\n<meta name=\"twitter:label1\" content=\"Skriven av\" \/>\n\t<meta name=\"twitter:data1\" content=\"admin\" \/>\n\t<meta name=\"twitter:label2\" content=\"Ber\u00e4knad l\u00e4stid\" \/>\n\t<meta name=\"twitter:data2\" content=\"4 minuter\" \/>\n<script type=\"application\/ld+json\" class=\"yoast-schema-graph\">{\"@context\":\"https:\\\/\\\/schema.org\",\"@graph\":[{\"@type\":\"Article\",\"@id\":\"https:\\\/\\\/www.interflora.se\\\/inspiration\\\/aktiviteter-pa-mors-dag-den-basta-overraskningen-for-din-mamma\\\/#article\",\"isPartOf\":{\"@id\":\"https:\\\/\\\/www.interflora.se\\\/inspiration\\\/aktiviteter-pa-mors-dag-den-basta-overraskningen-for-din-mamma\\\/\"},\"author\":{\"name\":\"admin\",\"@id\":\"https:\\\/\\\/www.interflora.se\\\/inspiration\\\/#\\\/schema\\\/person\\\/dbbd1ad45e05409c356dc639597669f2\"},\"headline\":\"Aktiviteter p\u00e5 mors dag: den b\u00e4sta \u00f6verraskningen f\u00f6r din mamma!\",\"datePublished\":\"2026-04-28T10:03:58+00:00\",\"dateModified\":\"2026-04-28T10:05:58+00:00\",\"mainEntityOfPage\":{\"@id\":\"https:\\\/\\\/www.interflora.se\\\/inspiration\\\/aktiviteter-pa-mors-dag-den-basta-overraskningen-for-din-mamma\\\/\"},\"wordCount\":667,\"commentCount\":0,\"publisher\":{\"@id\":\"https:\\\/\\\/www.interflora.se\\\/inspiration\\\/#organization\"},\"image\":{\"@id\":\"https:\\\/\\\/www.interflora.se\\\/inspiration\\\/aktiviteter-pa-mors-dag-den-basta-overraskningen-for-din-mamma\\\/#primaryimage\"},\"thumbnailUrl\":\"https:\\\/\\\/www.interflora.se\\\/inspiration\\\/wp-content\\\/uploads\\\/2026\\\/04\\\/mors-dag-33.avif\",\"articleSection\":[\"H\u00f6gtid &amp; ceremoni\",\"Mors dag\"],\"inLanguage\":\"sv-SE\",\"potentialAction\":[{\"@type\":\"CommentAction\",\"name\":\"Comment\",\"target\":[\"https:\\\/\\\/www.interflora.se\\\/inspiration\\\/aktiviteter-pa-mors-dag-den-basta-overraskningen-for-din-mamma\\\/#respond\"]}]},{\"@type\":\"WebPage\",\"@id\":\"https:\\\/\\\/www.interflora.se\\\/inspiration\\\/aktiviteter-pa-mors-dag-den-basta-overraskningen-for-din-mamma\\\/\",\"url\":\"https:\\\/\\\/www.interflora.se\\\/inspiration\\\/aktiviteter-pa-mors-dag-den-basta-overraskningen-for-din-mamma\\\/\",\"name\":\"Aktiviteter p\u00e5 mors dag: \u00f6verraska din mamma! | Interflora\",\"isPartOf\":{\"@id\":\"https:\\\/\\\/www.interflora.se\\\/inspiration\\\/#website\"},\"primaryImageOfPage\":{\"@id\":\"https:\\\/\\\/www.interflora.se\\\/inspiration\\\/aktiviteter-pa-mors-dag-den-basta-overraskningen-for-din-mamma\\\/#primaryimage\"},\"image\":{\"@id\":\"https:\\\/\\\/www.interflora.se\\\/inspiration\\\/aktiviteter-pa-mors-dag-den-basta-overraskningen-for-din-mamma\\\/#primaryimage\"},\"thumbnailUrl\":\"https:\\\/\\\/www.interflora.se\\\/inspiration\\\/wp-content\\\/uploads\\\/2026\\\/04\\\/mors-dag-33.avif\",\"datePublished\":\"2026-04-28T10:03:58+00:00\",\"dateModified\":\"2026-04-28T10:05:58+00:00\",\"description\":\"Att ge din mamma en bukett blommor \u00e4r en fin id\u00e9, men Interflora f\u00f6resl\u00e5r \u00e4ven aktiviteter p\u00e5 mors dag att dela med din mamma.\",\"breadcrumb\":{\"@id\":\"https:\\\/\\\/www.interflora.se\\\/inspiration\\\/aktiviteter-pa-mors-dag-den-basta-overraskningen-for-din-mamma\\\/#breadcrumb\"},\"inLanguage\":\"sv-SE\",\"potentialAction\":[{\"@type\":\"ReadAction\",\"target\":[\"https:\\\/\\\/www.interflora.se\\\/inspiration\\\/aktiviteter-pa-mors-dag-den-basta-overraskningen-for-din-mamma\\\/\"]}]},{\"@type\":\"ImageObject\",\"inLanguage\":\"sv-SE\",\"@id\":\"https:\\\/\\\/www.interflora.se\\\/inspiration\\\/aktiviteter-pa-mors-dag-den-basta-overraskningen-for-din-mamma\\\/#primaryimage\",\"url\":\"https:\\\/\\\/www.interflora.se\\\/inspiration\\\/wp-content\\\/uploads\\\/2026\\\/04\\\/mors-dag-33.avif\",\"contentUrl\":\"https:\\\/\\\/www.interflora.se\\\/inspiration\\\/wp-content\\\/uploads\\\/2026\\\/04\\\/mors-dag-33.avif\",\"width\":667,\"height\":1000},{\"@type\":\"BreadcrumbList\",\"@id\":\"https:\\\/\\\/www.interflora.se\\\/inspiration\\\/aktiviteter-pa-mors-dag-den-basta-overraskningen-for-din-mamma\\\/#breadcrumb\",\"itemListElement\":[{\"@type\":\"ListItem\",\"position\":1,\"name\":\"Home\",\"item\":\"https:\\\/\\\/www.interflora.se\\\/inspiration\\\/\"},{\"@type\":\"ListItem\",\"position\":2,\"name\":\"Aktiviteter p\u00e5 mors dag: den b\u00e4sta \u00f6verraskningen f\u00f6r din mamma!\"}]},{\"@type\":\"WebSite\",\"@id\":\"https:\\\/\\\/www.interflora.se\\\/inspiration\\\/#website\",\"url\":\"https:\\\/\\\/www.interflora.se\\\/inspiration\\\/\",\"name\":\"Interflora\",\"description\":\"\",\"publisher\":{\"@id\":\"https:\\\/\\\/www.interflora.se\\\/inspiration\\\/#organization\"},\"potentialAction\":[{\"@type\":\"SearchAction\",\"target\":{\"@type\":\"EntryPoint\",\"urlTemplate\":\"https:\\\/\\\/www.interflora.se\\\/inspiration\\\/?s={search_term_string}\"},\"query-input\":{\"@type\":\"PropertyValueSpecification\",\"valueRequired\":true,\"valueName\":\"search_term_string\"}}],\"inLanguage\":\"sv-SE\"},{\"@type\":\"Organization\",\"@id\":\"https:\\\/\\\/www.interflora.se\\\/inspiration\\\/#organization\",\"name\":\"Interflora\",\"url\":\"https:\\\/\\\/www.interflora.se\\\/inspiration\\\/\",\"logo\":{\"@type\":\"ImageObject\",\"inLanguage\":\"sv-SE\",\"@id\":\"https:\\\/\\\/www.interflora.se\\\/inspiration\\\/#\\\/schema\\\/logo\\\/image\\\/\",\"url\":\"https:\\\/\\\/www.interflora.se\\\/inspiration\\\/wp-content\\\/uploads\\\/2025\\\/09\\\/cropped-220422_INTERFLORA_Logo_rgb_Half_Top_Circle_Main_Color.avif\",\"contentUrl\":\"https:\\\/\\\/www.interflora.se\\\/inspiration\\\/wp-content\\\/uploads\\\/2025\\\/09\\\/cropped-220422_INTERFLORA_Logo_rgb_Half_Top_Circle_Main_Color.avif\",\"width\":1418,\"height\":662,\"caption\":\"Interflora\"},\"image\":{\"@id\":\"https:\\\/\\\/www.interflora.se\\\/inspiration\\\/#\\\/schema\\\/logo\\\/image\\\/\"},\"sameAs\":[\"https:\\\/\\\/www.facebook.com\\\/InterfloraAB\",\"https:\\\/\\\/www.instagram.com\\\/interflora_ab\\\/\",\"https:\\\/\\\/www.linkedin.com\\\/company\\\/1494362\",\"https:\\\/\\\/www.youtube.com\\\/channel\\\/UCZgDzGWB2VRxaoWFUmXnk1w\"]},{\"@type\":\"Person\",\"@id\":\"https:\\\/\\\/www.interflora.se\\\/inspiration\\\/#\\\/schema\\\/person\\\/dbbd1ad45e05409c356dc639597669f2\",\"name\":\"admin\",\"image\":{\"@type\":\"ImageObject\",\"inLanguage\":\"sv-SE\",\"@id\":\"https:\\\/\\\/www.interflora.se\\\/inspiration\\\/wp-content\\\/litespeed\\\/avatar\\\/1fe3cced9e67df62d0a6f995d75823a5.jpg?ver=1777362393\",\"url\":\"https:\\\/\\\/www.interflora.se\\\/inspiration\\\/wp-content\\\/litespeed\\\/avatar\\\/1fe3cced9e67df62d0a6f995d75823a5.jpg?ver=1777362393\",\"contentUrl\":\"https:\\\/\\\/www.interflora.se\\\/inspiration\\\/wp-content\\\/litespeed\\\/avatar\\\/1fe3cced9e67df62d0a6f995d75823a5.jpg?ver=1777362393\",\"caption\":\"admin\"},\"sameAs\":[\"https:\\\/\\\/www.interflora.se\\\/inspiration\"],\"url\":\"https:\\\/\\\/www.interflora.se\\\/inspiration\\\/author\\\/admin\\\/\"}]}<\/script>\n<!-- \/ Yoast SEO plugin. -->","yoast_head_json":{"title":"Aktiviteter p\u00e5 mors dag: \u00f6verraska din mamma! | Interflora","description":"Att ge din mamma en bukett blommor \u00e4r en fin id\u00e9, men Interflora f\u00f6resl\u00e5r \u00e4ven aktiviteter p\u00e5 mors dag att dela med din mamma.","robots":{"index":"index","follow":"follow","max-snippet":"max-snippet:-1","max-image-preview":"max-image-preview:large","max-video-preview":"max-video-preview:-1"},"canonical":"https:\/\/www.interflora.se\/inspiration\/aktiviteter-pa-mors-dag-den-basta-overraskningen-for-din-mamma\/","og_locale":"sv_SE","og_type":"article","og_title":"Aktiviteter p\u00e5 mors dag: \u00f6verraska din mamma! | Interflora","og_description":"Att ge din mamma en bukett blommor \u00e4r en fin id\u00e9, men Interflora f\u00f6resl\u00e5r \u00e4ven aktiviteter p\u00e5 mors dag att dela med din mamma.","og_url":"https:\/\/www.interflora.se\/inspiration\/aktiviteter-pa-mors-dag-den-basta-overraskningen-for-din-mamma\/","og_site_name":"Inspiration om blommor, krukv\u00e4xter &amp; trender | Interflora","article_publisher":"https:\/\/www.facebook.com\/InterfloraAB","article_published_time":"2026-04-28T10:03:58+00:00","article_modified_time":"2026-04-28T10:05:58+00:00","og_image":[{"width":667,"height":1000,"url":"https:\/\/www.interflora.se\/inspiration\/wp-content\/uploads\/2026\/04\/mors-dag-33.avif","type":"image\/jpeg"}],"author":"admin","twitter_card":"summary_large_image","twitter_misc":{"Skriven av":"admin","Ber\u00e4knad l\u00e4stid":"4 minuter"},"schema":{"@context":"https:\/\/schema.org","@graph":[{"@type":"Article","@id":"https:\/\/www.interflora.se\/inspiration\/aktiviteter-pa-mors-dag-den-basta-overraskningen-for-din-mamma\/#article","isPartOf":{"@id":"https:\/\/www.interflora.se\/inspiration\/aktiviteter-pa-mors-dag-den-basta-overraskningen-for-din-mamma\/"},"author":{"name":"admin","@id":"https:\/\/www.interflora.se\/inspiration\/#\/schema\/person\/dbbd1ad45e05409c356dc639597669f2"},"headline":"Aktiviteter p\u00e5 mors dag: den b\u00e4sta \u00f6verraskningen f\u00f6r din mamma!","datePublished":"2026-04-28T10:03:58+00:00","dateModified":"2026-04-28T10:05:58+00:00","mainEntityOfPage":{"@id":"https:\/\/www.interflora.se\/inspiration\/aktiviteter-pa-mors-dag-den-basta-overraskningen-for-din-mamma\/"},"wordCount":667,"commentCount":0,"publisher":{"@id":"https:\/\/www.interflora.se\/inspiration\/#organization"},"image":{"@id":"https:\/\/www.interflora.se\/inspiration\/aktiviteter-pa-mors-dag-den-basta-overraskningen-for-din-mamma\/#primaryimage"},"thumbnailUrl":"https:\/\/www.interflora.se\/inspiration\/wp-content\/uploads\/2026\/04\/mors-dag-33.avif","articleSection":["H\u00f6gtid &amp; ceremoni","Mors dag"],"inLanguage":"sv-SE","potentialAction":[{"@type":"CommentAction","name":"Comment","target":["https:\/\/www.interflora.se\/inspiration\/aktiviteter-pa-mors-dag-den-basta-overraskningen-for-din-mamma\/#respond"]}]},{"@type":"WebPage","@id":"https:\/\/www.interflora.se\/inspiration\/aktiviteter-pa-mors-dag-den-basta-overraskningen-for-din-mamma\/","url":"https:\/\/www.interflora.se\/inspiration\/aktiviteter-pa-mors-dag-den-basta-overraskningen-for-din-mamma\/","name":"Aktiviteter p\u00e5 mors dag: \u00f6verraska din mamma! | Interflora","isPartOf":{"@id":"https:\/\/www.interflora.se\/inspiration\/#website"},"primaryImageOfPage":{"@id":"https:\/\/www.interflora.se\/inspiration\/aktiviteter-pa-mors-dag-den-basta-overraskningen-for-din-mamma\/#primaryimage"},"image":{"@id":"https:\/\/www.interflora.se\/inspiration\/aktiviteter-pa-mors-dag-den-basta-overraskningen-for-din-mamma\/#primaryimage"},"thumbnailUrl":"https:\/\/www.interflora.se\/inspiration\/wp-content\/uploads\/2026\/04\/mors-dag-33.avif","datePublished":"2026-04-28T10:03:58+00:00","dateModified":"2026-04-28T10:05:58+00:00","description":"Att ge din mamma en bukett blommor \u00e4r en fin id\u00e9, men Interflora f\u00f6resl\u00e5r \u00e4ven aktiviteter p\u00e5 mors dag att dela med din mamma.","breadcrumb":{"@id":"https:\/\/www.interflora.se\/inspiration\/aktiviteter-pa-mors-dag-den-basta-overraskningen-for-din-mamma\/#breadcrumb"},"inLanguage":"sv-SE","potentialAction":[{"@type":"ReadAction","target":["https:\/\/www.interflora.se\/inspiration\/aktiviteter-pa-mors-dag-den-basta-overraskningen-for-din-mamma\/"]}]},{"@type":"ImageObject","inLanguage":"sv-SE","@id":"https:\/\/www.interflora.se\/inspiration\/aktiviteter-pa-mors-dag-den-basta-overraskningen-for-din-mamma\/#primaryimage","url":"https:\/\/www.interflora.se\/inspiration\/wp-content\/uploads\/2026\/04\/mors-dag-33.avif","contentUrl":"https:\/\/www.interflora.se\/inspiration\/wp-content\/uploads\/2026\/04\/mors-dag-33.avif","width":667,"height":1000},{"@type":"BreadcrumbList","@id":"https:\/\/www.interflora.se\/inspiration\/aktiviteter-pa-mors-dag-den-basta-overraskningen-for-din-mamma\/#breadcrumb","itemListElement":[{"@type":"ListItem","position":1,"name":"Home","item":"https:\/\/www.interflora.se\/inspiration\/"},{"@type":"ListItem","position":2,"name":"Aktiviteter p\u00e5 mors dag: den b\u00e4sta \u00f6verraskningen f\u00f6r din mamma!"}]},{"@type":"WebSite","@id":"https:\/\/www.interflora.se\/inspiration\/#website","url":"https:\/\/www.interflora.se\/inspiration\/","name":"Interflora","description":"","publisher":{"@id":"https:\/\/www.interflora.se\/inspiration\/#organization"},"potentialAction":[{"@type":"SearchAction","target":{"@type":"EntryPoint","urlTemplate":"https:\/\/www.interflora.se\/inspiration\/?s={search_term_string}"},"query-input":{"@type":"PropertyValueSpecification","valueRequired":true,"valueName":"search_term_string"}}],"inLanguage":"sv-SE"},{"@type":"Organization","@id":"https:\/\/www.interflora.se\/inspiration\/#organization","name":"Interflora","url":"https:\/\/www.interflora.se\/inspiration\/","logo":{"@type":"ImageObject","inLanguage":"sv-SE","@id":"https:\/\/www.interflora.se\/inspiration\/#\/schema\/logo\/image\/","url":"https:\/\/www.interflora.se\/inspiration\/wp-content\/uploads\/2025\/09\/cropped-220422_INTERFLORA_Logo_rgb_Half_Top_Circle_Main_Color.avif","contentUrl":"https:\/\/www.interflora.se\/inspiration\/wp-content\/uploads\/2025\/09\/cropped-220422_INTERFLORA_Logo_rgb_Half_Top_Circle_Main_Color.avif","width":1418,"height":662,"caption":"Interflora"},"image":{"@id":"https:\/\/www.interflora.se\/inspiration\/#\/schema\/logo\/image\/"},"sameAs":["https:\/\/www.facebook.com\/InterfloraAB","https:\/\/www.instagram.com\/interflora_ab\/","https:\/\/www.linkedin.com\/company\/1494362","https:\/\/www.youtube.com\/channel\/UCZgDzGWB2VRxaoWFUmXnk1w"]},{"@type":"Person","@id":"https:\/\/www.interflora.se\/inspiration\/#\/schema\/person\/dbbd1ad45e05409c356dc639597669f2","name":"admin","image":{"@type":"ImageObject","inLanguage":"sv-SE","@id":"https:\/\/www.interflora.se\/inspiration\/wp-content\/litespeed\/avatar\/1fe3cced9e67df62d0a6f995d75823a5.jpg?ver=1777362393","url":"https:\/\/www.interflora.se\/inspiration\/wp-content\/litespeed\/avatar\/1fe3cced9e67df62d0a6f995d75823a5.jpg?ver=1777362393","contentUrl":"https:\/\/www.interflora.se\/inspiration\/wp-content\/litespeed\/avatar\/1fe3cced9e67df62d0a6f995d75823a5.jpg?ver=1777362393","caption":"admin"},"sameAs":["https:\/\/www.interflora.se\/inspiration"],"url":"https:\/\/www.interflora.se\/inspiration\/author\/admin\/"}]}},"uagb_featured_image_src":{"full":["https:\/\/www.interflora.se\/inspiration\/wp-content\/uploads\/2026\/04\/mors-dag-33.avif",667,1000,false],"thumbnail":["https:\/\/www.interflora.se\/inspiration\/wp-content\/uploads\/2026\/04\/mors-dag-33-150x150.avif",150,150,true],"medium":["https:\/\/www.interflora.se\/inspiration\/wp-content\/uploads\/2026\/04\/mors-dag-33-200x300.avif",200,300,true],"medium_large":["https:\/\/www.interflora.se\/inspiration\/wp-content\/uploads\/2026\/04\/mors-dag-33.avif",667,1000,false],"large":["https:\/\/www.interflora.se\/inspiration\/wp-content\/uploads\/2026\/04\/mors-dag-33.avif",667,1000,false],"1536x1536":["https:\/\/www.interflora.se\/inspiration\/wp-content\/uploads\/2026\/04\/mors-dag-33.avif",667,1000,false],"2048x2048":["https:\/\/www.interflora.se\/inspiration\/wp-content\/uploads\/2026\/04\/mors-dag-33.avif",667,1000,false]},"uagb_author_info":{"display_name":"admin","author_link":"https:\/\/www.interflora.se\/inspiration\/author\/admin\/"},"uagb_comment_info":0,"uagb_excerpt":"Om du letar efter den eller de perfekta presenterna till mors dag har du tur! P\u00e5 Interflora har vi massor [&hellip;]","_links":{"self":[{"href":"https:\/\/www.interflora.se\/inspiration\/wp-json\/wp\/v2\/posts\/6153","targetHints":{"allow":["GET"]}}],"collection":[{"href":"https:\/\/www.interflora.se\/inspiration\/wp-json\/wp\/v2\/posts"}],"about":[{"href":"https:\/\/www.interflora.se\/inspiration\/wp-json\/wp\/v2\/types\/post"}],"author":[{"embeddable":true,"href":"https:\/\/www.interflora.se\/inspiration\/wp-json\/wp\/v2\/users\/1"}],"replies":[{"embeddable":true,"href":"https:\/\/www.interflora.se\/inspiration\/wp-json\/wp\/v2\/comments?post=6153"}],"version-history":[{"count":3,"href":"https:\/\/www.interflora.se\/inspiration\/wp-json\/wp\/v2\/posts\/6153\/revisions"}],"predecessor-version":[{"id":6157,"href":"https:\/\/www.interflora.se\/inspiration\/wp-json\/wp\/v2\/posts\/6153\/revisions\/6157"}],"wp:featuredmedia":[{"embeddable":true,"href":"https:\/\/www.interflora.se\/inspiration\/wp-json\/wp\/v2\/media\/6004"}],"wp:attachment":[{"href":"https:\/\/www.interflora.se\/inspiration\/wp-json\/wp\/v2\/media?parent=6153"}],"wp:term":[{"taxonomy":"category","embeddable":true,"href":"https:\/\/www.interflora.se\/inspiration\/wp-json\/wp\/v2\/categories?post=6153"},{"taxonomy":"post_tag","embeddable":true,"href":"https:\/\/www.interflora.se\/inspiration\/wp-json\/wp\/v2\/tags?post=6153"}],"curies":[{"name":"wp","href":"https:\/\/api.w.org\/{rel}","templated":true}]}}