{"id":6132,"date":"2026-04-28T11:33:47","date_gmt":"2026-04-28T09:33:47","guid":{"rendered":"https:\/\/www.interflora.se\/inspiration\/?p=6132"},"modified":"2026-04-28T11:33:48","modified_gmt":"2026-04-28T09:33:48","slug":"hur-odlar-och-skoter-man-pioner-i-kruka","status":"publish","type":"post","link":"https:\/\/www.interflora.se\/inspiration\/hur-odlar-och-skoter-man-pioner-i-kruka\/","title":{"rendered":"Hur odlar och sk\u00f6ter man pioner i kruka?"},"content":{"rendered":"\n<p>Pionen \u00e4r en magisk blomma tack vare sin sk\u00f6nhet och sin praktfulla f\u00e4rgpalett. Under de senaste \u00e5ren har dess popularitet skjutit i h\u00f6jden och <a href=\"https:\/\/www.interflora.se\/c\/buketter\/pionbuketter?utm_source=blog&amp;utm_campaign=post-cta\">pioner<\/a> har blivit en av tidens mest popul\u00e4ra blommor. Det f\u00f6rv\u00e5nar oss inte \u2013 det \u00e4r den perfekta blomman f\u00f6r brudbukett, som dekoration, att ge bort, att plantera i tr\u00e4dg\u00e5rden\u2026 H\u00e4r visar vi dig hur du odlar pioner hemma och vilken sk\u00f6tsel v\u00e4xten beh\u00f6ver.<\/p>\n\n\n\n<h2 class=\"wp-block-heading\">Pionens ursprung: \u00e4rans blomma<\/h2>\n\n\n\n<p>Pionen \u00e4r en fler\u00e5rig eller buskartad v\u00e4xt som kommer fr\u00e5n Asien och har mer \u00e4n 40 olika arter. Idag kan vi hitta den \u00f6ver hela v\u00e4rlden, i omr\u00e5den med tempererat klimat. Den \u00e4r medelstor och n\u00e5r s\u00e4llan \u00f6ver en meter i h\u00f6jd.<\/p>\n\n\n\n<p>I Sverige har pionen l\u00e4nge varit en uppskattad tr\u00e4dg\u00e5rdsv\u00e4xt med sin doftande arom. V\u00e4xten har genom historien tillskrivits flera medicinska anv\u00e4ndningsomr\u00e5den och har anv\u00e4nts f\u00f6r att lindra astma, menstruationssm\u00e4rtor och kramper.<\/p>\n\n\n\n<div class=\"wp-block-media-text is-stacked-on-mobile\" style=\"grid-template-columns:45% auto\"><figure class=\"wp-block-media-text__media\"><img loading=\"lazy\" decoding=\"async\" width=\"500\" height=\"750\" src=\"https:\/\/www.interflora.se\/inspiration\/wp-content\/uploads\/2026\/04\/pioner-12.avif\" alt=\"\" class=\"wp-image-6015 size-full\" srcset=\"https:\/\/www.interflora.se\/inspiration\/wp-content\/uploads\/2026\/04\/pioner-12.avif 500w, https:\/\/www.interflora.se\/inspiration\/wp-content\/uploads\/2026\/04\/pioner-12-200x300.avif 200w\" sizes=\"auto, (max-width: 500px) 100vw, 500px\" \/><\/figure><div class=\"wp-block-media-text__content\">\n<h3 class=\"wp-block-heading\">Vad betyder pion?<\/h3>\n\n\n\n<p>En s\u00e5 g\u00e5tfull blomma som pionen har naturligtvis flera betydelser. I Kina \u00e4r den en traditionell blommande symbol och har till och med f\u00f6reslagits som kandidat till nationalblomma. \u00c4ven om betydelsen varierar beroende p\u00e5 f\u00e4rg, f\u00f6rknippas denna blomma generellt med positiva k\u00e4nslor: \u00e4ra, sk\u00f6nhet, k\u00e4rlek, \u00f6verfl\u00f6d, framg\u00e5ng, v\u00e4lst\u00e5nd, \u00e4ktenskaplig f\u00f6rening\u2026 Kanske \u00e4r det d\u00e4rf\u00f6r pionen \u00e4r en av de blommor som oftast v\u00e4ljs av brudar som gifter sig p\u00e5 v\u00e5ren.<\/p>\n\n\n\n<h3 class=\"wp-block-heading\">Var odlas pioner?<\/h3>\n\n\n\n<p>Pioner odlas fr\u00e4mst f\u00f6r dekorativa \u00e4ndam\u00e5l i l\u00e4nder med tempererat klimat p\u00e5 norra halvklotet. De st\u00f6rsta producenterna \u00e4r Nederl\u00e4nderna, USA, Kanada och Kina, ett land som har \u00e4gnat sig \u00e5t odling av denna v\u00e4xt i mer \u00e4n 2000 \u00e5r. I Europa hittar vi pioner fr\u00e5n Iberiska halv\u00f6n till Grekland och Rum\u00e4nien.<\/p>\n<\/div><\/div>\n\n\n\n<h2 class=\"wp-block-heading\">Hur och n\u00e4r planterar man pioner?<\/h2>\n\n\n\n<p>Du kanske inte vet att pioner \u00e4r l\u00f6kv\u00e4xter. D\u00e4rf\u00f6r, om du vill b\u00f6rja fr\u00e5n b\u00f6rjan, b\u00f6r du k\u00f6pa dina l\u00f6kar f\u00f6r att plantera dem i slutet av vintern, i februari och mars. P\u00e5 s\u00e5 s\u00e4tt b\u00f6rjar v\u00e4xten spira n\u00e4r v\u00e5ren kommer och f\u00f6rtjusar dig med sin frodiga blomning vid r\u00e4tt tidpunkt.<\/p>\n\n\n<p>No se encontraron productos.<\/p>\n\n\n\n<h3 class=\"wp-block-heading\">Hur planterar man pioner i kruka?<\/h3>\n\n\n\n<p>Pionl\u00f6kar kan planteras i krukor, men det \u00e4r viktigt att storleken \u00e4r stor f\u00f6r att l\u00e4mna ett avst\u00e5nd p\u00e5 cirka 30 till 40 centimeter s\u00e5 att r\u00f6tterna kan v\u00e4xa. Dessutom ska vi inte s\u00e4tta ner l\u00f6karna f\u00f6r djupt \u2013 cirka 5 till 10 centimeter r\u00e4cker.<\/p>\n\n\n\n<p>N\u00e4r det g\u00e4ller typen av kruka, f\u00f6rs\u00f6k att undvika lerkrukor s\u00e5 att vattnet inte stannar kvar i jorden. Dina pioner kommer inte att trivas om jorden inte har god dr\u00e4nering. Jorden kan vara universaljord eller en blandning av tr\u00e4dg\u00e5rdsjord och perlit. Kom ih\u00e5g att g\u00f6ra h\u00e5l i botten av krukan s\u00e5 att vattnet kan dr\u00e4neras ordentligt.<\/p>\n\n\n\n<div class=\"wp-block-buttons is-content-justification-center is-layout-flex wp-container-core-buttons-is-layout-a89b3969 wp-block-buttons-is-layout-flex\">\n<div class=\"wp-block-button\"><a class=\"wp-block-button__link has-medium-font-size has-custom-font-size wp-element-button\" href=\"https:\/\/www.interflora.se\/c\/buketter\/pionbuketter?utm_source=blog&amp;utm_campaign=post-cta\">Sckicka pioner<\/a><\/div>\n<\/div>\n\n\n\n<h3 class=\"wp-block-heading\">Var ska man placera pionkrukorna?<\/h3>\n\n\n\n<p>Som fler\u00e5riga v\u00e4xter gillar pioner inte att byta plats eller bli omplanterade. D\u00e4rf\u00f6r \u00e4r det viktigt att du v\u00e4ljer r\u00e4tt plats f\u00f6r krukorna. F\u00f6r att blomma beh\u00f6ver dessa v\u00e4xter mycket ljus (cirka sex till \u00e5tta timmar direkt ljus per dag), men inte direkt sol, eftersom det kan br\u00e4nna bladen. Det \u00e4r ocks\u00e5 viktigt att de \u00e4r skyddade fr\u00e5n drag.<\/p>\n\n\n\n<h2 class=\"wp-block-heading\">Sk\u00f6tsel av pioner i kruka<\/h2>\n\n\n\n<p>Pionen \u00e4r en ganska h\u00e4rdig v\u00e4xt och relativt <a href=\"https:\/\/www.interflora.se\/inspiration\/blomfakta-pion\/\">l\u00e4tt att sk\u00f6ta<\/a>. Du kan plantera pioner i din tr\u00e4dg\u00e5rd, men ocks\u00e5 i kruka. T\u00e4nk p\u00e5 att n\u00e4r pioner planteras i kruka utvecklar de ett mindre komplext rotsystem, eftersom det \u00e4r l\u00e4ttare f\u00f6r dem att f\u00e5 n\u00e4ring och vatten. Om du planterar om dem fr\u00e5n krukan till marken kan det ta n\u00e5gra \u00e5r innan de anpassar sig och blommar igen.<\/p>\n\n\n\n<div class=\"wp-block-media-text has-media-on-the-right is-stacked-on-mobile\" style=\"grid-template-columns:auto 45%\"><div class=\"wp-block-media-text__content\">\n<h3 class=\"wp-block-heading\">Hur ofta ska man vattna pioner?<\/h3>\n\n\n\n<p>Pioner \u00e4r v\u00e4xter som beh\u00f6ver frekvent och riklig bevattning, men det \u00e4r viktigt att inte l\u00e5ta jorden bli vattensjuk. P\u00e5 v\u00e5ren kan du vattna dem ett par g\u00e5nger i veckan. P\u00e5 vintern r\u00e4cker det med en g\u00e5ng. N\u00e4r du vattnar, kontrollera att det inte blir st\u00e5ende vatten i krukan.<\/p>\n\n\n\n<p>Om du best\u00e4mmer dig f\u00f6r att plantera dina pioner i krukor \u00e4r det viktigt att du t\u00e4nker p\u00e5 bevattning och r\u00e4tt placering f\u00f6r att maximera solljuset utan att bladen br\u00e4nns.<\/p>\n\n\n\n<h3 class=\"wp-block-heading\">Sjukdomar och skadedjur som drabbar pioner<\/h3>\n\n\n\n<p>Pionen \u00e4r en ganska h\u00e4rdig v\u00e4xt, men kan drabbas av sjukdomar relaterade till \u00f6verfl\u00f6digt vatten. En av de vanligaste \u00e4r gr\u00e5m\u00f6gel (Botrytis), som frodas i fuktiga, varma och d\u00e5ligt ventilerade milj\u00f6er. Vattna helt enkelt inte dina pioner f\u00f6r mycket, s\u00e5 kommer allt att g\u00e5 bra.<\/p>\n<\/div><figure class=\"wp-block-media-text__media\"><img loading=\"lazy\" decoding=\"async\" width=\"500\" height=\"750\" src=\"https:\/\/www.interflora.se\/inspiration\/wp-content\/uploads\/2026\/04\/pioner-19.avif\" alt=\"\" class=\"wp-image-6022 size-full\" srcset=\"https:\/\/www.interflora.se\/inspiration\/wp-content\/uploads\/2026\/04\/pioner-19.avif 500w, https:\/\/www.interflora.se\/inspiration\/wp-content\/uploads\/2026\/04\/pioner-19-200x300.avif 200w\" sizes=\"auto, (max-width: 500px) 100vw, 500px\" \/><\/figure><\/div>\n\n\n\n<h3 class=\"wp-block-heading\">Beh\u00f6ver pioner g\u00f6dsel?<\/h3>\n\n\n\n<p>Pioner ska g\u00f6dslas med f\u00f6rsiktighet och i r\u00e4tt m\u00e4ngd. Om vi \u00f6verdriver med g\u00f6dslet f\u00e5r vi motsatt effekt och pionen kommer inte att blomma. Vi rekommenderar att du applicerar g\u00f6dslet runt krukan, s\u00e5 att r\u00f6tterna gradvis kan absorbera n\u00e4ringen.<\/p>\n\n\n\n<h2 class=\"wp-block-heading\">Extratips: varf\u00f6r blommar inte mina pioner?<\/h2>\n\n\n\n<p>Pioner \u00e4r nyckfulla v\u00e4xter och beh\u00f6ver en s\u00e4song f\u00f6r att anpassa sig till sin nya milj\u00f6. Ibland kan det ta upp till tv\u00e5 eller tre \u00e5r innan de producerar sin f\u00f6rsta blomning. D\u00e4rf\u00f6r, om du har f\u00f6ljt v\u00e5ra r\u00e5d till punkt och pricka, beh\u00f6ver du bara lite t\u00e5lamod. F\u00f6rr eller senare kommer din pion att f\u00f6rtrolla dig med sina blommors prakt p\u00e5 v\u00e5ren.<\/p>\n\n\n<p>No se encontraron productos.<\/p>\n","protected":false},"excerpt":{"rendered":"<p>Pionen \u00e4r en magisk blomma tack vare sin sk\u00f6nhet och sin praktfulla f\u00e4rgpalett. Under de senaste \u00e5ren har dess popularitet [&hellip;]<\/p>\n","protected":false},"author":1,"featured_media":5813,"comment_status":"open","ping_status":"open","sticky":false,"template":"","format":"standard","meta":{"_uag_custom_page_level_css":"","site-sidebar-layout":"default","site-content-layout":"","ast-site-content-layout":"default","site-content-style":"default","site-sidebar-style":"default","ast-global-header-display":"","ast-banner-title-visibility":"","ast-main-header-display":"","ast-hfb-above-header-display":"","ast-hfb-below-header-display":"","ast-hfb-mobile-header-display":"","site-post-title":"","ast-breadcrumbs-content":"","ast-featured-img":"","footer-sml-layout":"","ast-disable-related-posts":"","theme-transparent-header-meta":"","adv-header-id-meta":"","stick-header-meta":"","header-above-stick-meta":"","header-main-stick-meta":"","header-below-stick-meta":"","astra-migrate-meta-layouts":"default","ast-page-background-enabled":"default","ast-page-background-meta":{"desktop":{"background-color":"var(--ast-global-color-5)","background-image":"","background-repeat":"repeat","background-position":"center center","background-size":"auto","background-attachment":"scroll","background-type":"","background-media":"","overlay-type":"","overlay-color":"","overlay-opacity":"","overlay-gradient":""},"tablet":{"background-color":"","background-image":"","background-repeat":"repeat","background-position":"center center","background-size":"auto","background-attachment":"scroll","background-type":"","background-media":"","overlay-type":"","overlay-color":"","overlay-opacity":"","overlay-gradient":""},"mobile":{"background-color":"","background-image":"","background-repeat":"repeat","background-position":"center center","background-size":"auto","background-attachment":"scroll","background-type":"","background-media":"","overlay-type":"","overlay-color":"","overlay-opacity":"","overlay-gradient":""}},"ast-content-background-meta":{"desktop":{"background-color":"var(--ast-global-color-4)","background-image":"","background-repeat":"repeat","background-position":"center center","background-size":"auto","background-attachment":"scroll","background-type":"","background-media":"","overlay-type":"","overlay-color":"","overlay-opacity":"","overlay-gradient":""},"tablet":{"background-color":"var(--ast-global-color-4)","background-image":"","background-repeat":"repeat","background-position":"center center","background-size":"auto","background-attachment":"scroll","background-type":"","background-media":"","overlay-type":"","overlay-color":"","overlay-opacity":"","overlay-gradient":""},"mobile":{"background-color":"var(--ast-global-color-4)","background-image":"","background-repeat":"repeat","background-position":"center center","background-size":"auto","background-attachment":"scroll","background-type":"","background-media":"","overlay-type":"","overlay-color":"","overlay-opacity":"","overlay-gradient":""}},"footnotes":""},"categories":[6,37],"tags":[],"class_list":["post-6132","post","type-post","status-publish","format-standard","has-post-thumbnail","hentry","category-hogtid-ceremoni","category-mors-dag"],"yoast_head":"<!-- This site is optimized with the Yoast SEO plugin v27.4 - https:\/\/yoast.com\/product\/yoast-seo-wordpress\/ -->\n<title>Odla och sk\u00f6ta pioner i kruka \u2013 tips och r\u00e5d | Interflora<\/title>\n<meta name=\"description\" content=\"Uppt\u00e4ck v\u00e5ra b\u00e4sta tips och r\u00e5d f\u00f6r att odla pioner i krukor. Med r\u00e4tt sk\u00f6tsel f\u00e5r du fantastiska pioner varje v\u00e5r.\" \/>\n<meta name=\"robots\" content=\"index, follow, max-snippet:-1, max-image-preview:large, max-video-preview:-1\" \/>\n<link rel=\"canonical\" href=\"https:\/\/www.interflora.se\/inspiration\/hur-odlar-och-skoter-man-pioner-i-kruka\/\" \/>\n<meta property=\"og:locale\" content=\"sv_SE\" \/>\n<meta property=\"og:type\" content=\"article\" \/>\n<meta property=\"og:title\" content=\"Odla och sk\u00f6ta pioner i kruka \u2013 tips och r\u00e5d | Interflora\" \/>\n<meta property=\"og:description\" content=\"Uppt\u00e4ck v\u00e5ra b\u00e4sta tips och r\u00e5d f\u00f6r att odla pioner i krukor. Med r\u00e4tt sk\u00f6tsel f\u00e5r du fantastiska pioner varje v\u00e5r.\" \/>\n<meta property=\"og:url\" content=\"https:\/\/www.interflora.se\/inspiration\/hur-odlar-och-skoter-man-pioner-i-kruka\/\" \/>\n<meta property=\"og:site_name\" content=\"Inspiration om blommor, krukv\u00e4xter &amp; trender | Interflora\" \/>\n<meta property=\"article:publisher\" content=\"https:\/\/www.facebook.com\/InterfloraAB\" \/>\n<meta property=\"article:published_time\" content=\"2026-04-28T09:33:47+00:00\" \/>\n<meta property=\"article:modified_time\" content=\"2026-04-28T09:33:48+00:00\" \/>\n<meta property=\"og:image\" content=\"https:\/\/www.interflora.se\/inspiration\/wp-content\/uploads\/2026\/03\/annesophiebenoit-interflora-saint-valentin-63.jpg\" \/>\n\t<meta property=\"og:image:width\" content=\"500\" \/>\n\t<meta property=\"og:image:height\" content=\"750\" \/>\n\t<meta property=\"og:image:type\" content=\"image\/jpeg\" \/>\n<meta name=\"author\" content=\"admin\" \/>\n<meta name=\"twitter:card\" content=\"summary_large_image\" \/>\n<meta name=\"twitter:label1\" content=\"Skriven av\" \/>\n\t<meta name=\"twitter:data1\" content=\"admin\" \/>\n\t<meta name=\"twitter:label2\" content=\"Ber\u00e4knad l\u00e4stid\" \/>\n\t<meta name=\"twitter:data2\" content=\"5 minuter\" \/>\n<script type=\"application\/ld+json\" class=\"yoast-schema-graph\">{\"@context\":\"https:\\\/\\\/schema.org\",\"@graph\":[{\"@type\":\"Article\",\"@id\":\"https:\\\/\\\/www.interflora.se\\\/inspiration\\\/hur-odlar-och-skoter-man-pioner-i-kruka\\\/#article\",\"isPartOf\":{\"@id\":\"https:\\\/\\\/www.interflora.se\\\/inspiration\\\/hur-odlar-och-skoter-man-pioner-i-kruka\\\/\"},\"author\":{\"name\":\"admin\",\"@id\":\"https:\\\/\\\/www.interflora.se\\\/inspiration\\\/#\\\/schema\\\/person\\\/dbbd1ad45e05409c356dc639597669f2\"},\"headline\":\"Hur odlar och sk\u00f6ter man pioner i kruka?\",\"datePublished\":\"2026-04-28T09:33:47+00:00\",\"dateModified\":\"2026-04-28T09:33:48+00:00\",\"mainEntityOfPage\":{\"@id\":\"https:\\\/\\\/www.interflora.se\\\/inspiration\\\/hur-odlar-och-skoter-man-pioner-i-kruka\\\/\"},\"wordCount\":1010,\"commentCount\":0,\"publisher\":{\"@id\":\"https:\\\/\\\/www.interflora.se\\\/inspiration\\\/#organization\"},\"image\":{\"@id\":\"https:\\\/\\\/www.interflora.se\\\/inspiration\\\/hur-odlar-och-skoter-man-pioner-i-kruka\\\/#primaryimage\"},\"thumbnailUrl\":\"https:\\\/\\\/www.interflora.se\\\/inspiration\\\/wp-content\\\/uploads\\\/2026\\\/03\\\/annesophiebenoit-interflora-saint-valentin-63.jpg\",\"articleSection\":[\"H\u00f6gtid &amp; ceremoni\",\"Mors dag\"],\"inLanguage\":\"sv-SE\",\"potentialAction\":[{\"@type\":\"CommentAction\",\"name\":\"Comment\",\"target\":[\"https:\\\/\\\/www.interflora.se\\\/inspiration\\\/hur-odlar-och-skoter-man-pioner-i-kruka\\\/#respond\"]}]},{\"@type\":\"WebPage\",\"@id\":\"https:\\\/\\\/www.interflora.se\\\/inspiration\\\/hur-odlar-och-skoter-man-pioner-i-kruka\\\/\",\"url\":\"https:\\\/\\\/www.interflora.se\\\/inspiration\\\/hur-odlar-och-skoter-man-pioner-i-kruka\\\/\",\"name\":\"Odla och sk\u00f6ta pioner i kruka \u2013 tips och r\u00e5d | Interflora\",\"isPartOf\":{\"@id\":\"https:\\\/\\\/www.interflora.se\\\/inspiration\\\/#website\"},\"primaryImageOfPage\":{\"@id\":\"https:\\\/\\\/www.interflora.se\\\/inspiration\\\/hur-odlar-och-skoter-man-pioner-i-kruka\\\/#primaryimage\"},\"image\":{\"@id\":\"https:\\\/\\\/www.interflora.se\\\/inspiration\\\/hur-odlar-och-skoter-man-pioner-i-kruka\\\/#primaryimage\"},\"thumbnailUrl\":\"https:\\\/\\\/www.interflora.se\\\/inspiration\\\/wp-content\\\/uploads\\\/2026\\\/03\\\/annesophiebenoit-interflora-saint-valentin-63.jpg\",\"datePublished\":\"2026-04-28T09:33:47+00:00\",\"dateModified\":\"2026-04-28T09:33:48+00:00\",\"description\":\"Uppt\u00e4ck v\u00e5ra b\u00e4sta tips och r\u00e5d f\u00f6r att odla pioner i krukor. Med r\u00e4tt sk\u00f6tsel f\u00e5r du fantastiska pioner varje v\u00e5r.\",\"breadcrumb\":{\"@id\":\"https:\\\/\\\/www.interflora.se\\\/inspiration\\\/hur-odlar-och-skoter-man-pioner-i-kruka\\\/#breadcrumb\"},\"inLanguage\":\"sv-SE\",\"potentialAction\":[{\"@type\":\"ReadAction\",\"target\":[\"https:\\\/\\\/www.interflora.se\\\/inspiration\\\/hur-odlar-och-skoter-man-pioner-i-kruka\\\/\"]}]},{\"@type\":\"ImageObject\",\"inLanguage\":\"sv-SE\",\"@id\":\"https:\\\/\\\/www.interflora.se\\\/inspiration\\\/hur-odlar-och-skoter-man-pioner-i-kruka\\\/#primaryimage\",\"url\":\"https:\\\/\\\/www.interflora.se\\\/inspiration\\\/wp-content\\\/uploads\\\/2026\\\/03\\\/annesophiebenoit-interflora-saint-valentin-63.jpg\",\"contentUrl\":\"https:\\\/\\\/www.interflora.se\\\/inspiration\\\/wp-content\\\/uploads\\\/2026\\\/03\\\/annesophiebenoit-interflora-saint-valentin-63.jpg\",\"width\":500,\"height\":750,\"caption\":\"Evoto\"},{\"@type\":\"BreadcrumbList\",\"@id\":\"https:\\\/\\\/www.interflora.se\\\/inspiration\\\/hur-odlar-och-skoter-man-pioner-i-kruka\\\/#breadcrumb\",\"itemListElement\":[{\"@type\":\"ListItem\",\"position\":1,\"name\":\"Home\",\"item\":\"https:\\\/\\\/www.interflora.se\\\/inspiration\\\/\"},{\"@type\":\"ListItem\",\"position\":2,\"name\":\"Hur odlar och sk\u00f6ter man pioner i kruka?\"}]},{\"@type\":\"WebSite\",\"@id\":\"https:\\\/\\\/www.interflora.se\\\/inspiration\\\/#website\",\"url\":\"https:\\\/\\\/www.interflora.se\\\/inspiration\\\/\",\"name\":\"Interflora\",\"description\":\"\",\"publisher\":{\"@id\":\"https:\\\/\\\/www.interflora.se\\\/inspiration\\\/#organization\"},\"potentialAction\":[{\"@type\":\"SearchAction\",\"target\":{\"@type\":\"EntryPoint\",\"urlTemplate\":\"https:\\\/\\\/www.interflora.se\\\/inspiration\\\/?s={search_term_string}\"},\"query-input\":{\"@type\":\"PropertyValueSpecification\",\"valueRequired\":true,\"valueName\":\"search_term_string\"}}],\"inLanguage\":\"sv-SE\"},{\"@type\":\"Organization\",\"@id\":\"https:\\\/\\\/www.interflora.se\\\/inspiration\\\/#organization\",\"name\":\"Interflora\",\"url\":\"https:\\\/\\\/www.interflora.se\\\/inspiration\\\/\",\"logo\":{\"@type\":\"ImageObject\",\"inLanguage\":\"sv-SE\",\"@id\":\"https:\\\/\\\/www.interflora.se\\\/inspiration\\\/#\\\/schema\\\/logo\\\/image\\\/\",\"url\":\"https:\\\/\\\/www.interflora.se\\\/inspiration\\\/wp-content\\\/uploads\\\/2025\\\/09\\\/cropped-220422_INTERFLORA_Logo_rgb_Half_Top_Circle_Main_Color.avif\",\"contentUrl\":\"https:\\\/\\\/www.interflora.se\\\/inspiration\\\/wp-content\\\/uploads\\\/2025\\\/09\\\/cropped-220422_INTERFLORA_Logo_rgb_Half_Top_Circle_Main_Color.avif\",\"width\":1418,\"height\":662,\"caption\":\"Interflora\"},\"image\":{\"@id\":\"https:\\\/\\\/www.interflora.se\\\/inspiration\\\/#\\\/schema\\\/logo\\\/image\\\/\"},\"sameAs\":[\"https:\\\/\\\/www.facebook.com\\\/InterfloraAB\",\"https:\\\/\\\/www.instagram.com\\\/interflora_ab\\\/\",\"https:\\\/\\\/www.linkedin.com\\\/company\\\/1494362\",\"https:\\\/\\\/www.youtube.com\\\/channel\\\/UCZgDzGWB2VRxaoWFUmXnk1w\"]},{\"@type\":\"Person\",\"@id\":\"https:\\\/\\\/www.interflora.se\\\/inspiration\\\/#\\\/schema\\\/person\\\/dbbd1ad45e05409c356dc639597669f2\",\"name\":\"admin\",\"image\":{\"@type\":\"ImageObject\",\"inLanguage\":\"sv-SE\",\"@id\":\"https:\\\/\\\/www.interflora.se\\\/inspiration\\\/wp-content\\\/litespeed\\\/avatar\\\/1fe3cced9e67df62d0a6f995d75823a5.jpg?ver=1777362393\",\"url\":\"https:\\\/\\\/www.interflora.se\\\/inspiration\\\/wp-content\\\/litespeed\\\/avatar\\\/1fe3cced9e67df62d0a6f995d75823a5.jpg?ver=1777362393\",\"contentUrl\":\"https:\\\/\\\/www.interflora.se\\\/inspiration\\\/wp-content\\\/litespeed\\\/avatar\\\/1fe3cced9e67df62d0a6f995d75823a5.jpg?ver=1777362393\",\"caption\":\"admin\"},\"sameAs\":[\"https:\\\/\\\/www.interflora.se\\\/inspiration\"],\"url\":\"https:\\\/\\\/www.interflora.se\\\/inspiration\\\/author\\\/admin\\\/\"}]}<\/script>\n<!-- \/ Yoast SEO plugin. -->","yoast_head_json":{"title":"Odla och sk\u00f6ta pioner i kruka \u2013 tips och r\u00e5d | Interflora","description":"Uppt\u00e4ck v\u00e5ra b\u00e4sta tips och r\u00e5d f\u00f6r att odla pioner i krukor. Med r\u00e4tt sk\u00f6tsel f\u00e5r du fantastiska pioner varje v\u00e5r.","robots":{"index":"index","follow":"follow","max-snippet":"max-snippet:-1","max-image-preview":"max-image-preview:large","max-video-preview":"max-video-preview:-1"},"canonical":"https:\/\/www.interflora.se\/inspiration\/hur-odlar-och-skoter-man-pioner-i-kruka\/","og_locale":"sv_SE","og_type":"article","og_title":"Odla och sk\u00f6ta pioner i kruka \u2013 tips och r\u00e5d | Interflora","og_description":"Uppt\u00e4ck v\u00e5ra b\u00e4sta tips och r\u00e5d f\u00f6r att odla pioner i krukor. Med r\u00e4tt sk\u00f6tsel f\u00e5r du fantastiska pioner varje v\u00e5r.","og_url":"https:\/\/www.interflora.se\/inspiration\/hur-odlar-och-skoter-man-pioner-i-kruka\/","og_site_name":"Inspiration om blommor, krukv\u00e4xter &amp; trender | Interflora","article_publisher":"https:\/\/www.facebook.com\/InterfloraAB","article_published_time":"2026-04-28T09:33:47+00:00","article_modified_time":"2026-04-28T09:33:48+00:00","og_image":[{"width":500,"height":750,"url":"https:\/\/www.interflora.se\/inspiration\/wp-content\/uploads\/2026\/03\/annesophiebenoit-interflora-saint-valentin-63.jpg","type":"image\/jpeg"}],"author":"admin","twitter_card":"summary_large_image","twitter_misc":{"Skriven av":"admin","Ber\u00e4knad l\u00e4stid":"5 minuter"},"schema":{"@context":"https:\/\/schema.org","@graph":[{"@type":"Article","@id":"https:\/\/www.interflora.se\/inspiration\/hur-odlar-och-skoter-man-pioner-i-kruka\/#article","isPartOf":{"@id":"https:\/\/www.interflora.se\/inspiration\/hur-odlar-och-skoter-man-pioner-i-kruka\/"},"author":{"name":"admin","@id":"https:\/\/www.interflora.se\/inspiration\/#\/schema\/person\/dbbd1ad45e05409c356dc639597669f2"},"headline":"Hur odlar och sk\u00f6ter man pioner i kruka?","datePublished":"2026-04-28T09:33:47+00:00","dateModified":"2026-04-28T09:33:48+00:00","mainEntityOfPage":{"@id":"https:\/\/www.interflora.se\/inspiration\/hur-odlar-och-skoter-man-pioner-i-kruka\/"},"wordCount":1010,"commentCount":0,"publisher":{"@id":"https:\/\/www.interflora.se\/inspiration\/#organization"},"image":{"@id":"https:\/\/www.interflora.se\/inspiration\/hur-odlar-och-skoter-man-pioner-i-kruka\/#primaryimage"},"thumbnailUrl":"https:\/\/www.interflora.se\/inspiration\/wp-content\/uploads\/2026\/03\/annesophiebenoit-interflora-saint-valentin-63.jpg","articleSection":["H\u00f6gtid &amp; ceremoni","Mors dag"],"inLanguage":"sv-SE","potentialAction":[{"@type":"CommentAction","name":"Comment","target":["https:\/\/www.interflora.se\/inspiration\/hur-odlar-och-skoter-man-pioner-i-kruka\/#respond"]}]},{"@type":"WebPage","@id":"https:\/\/www.interflora.se\/inspiration\/hur-odlar-och-skoter-man-pioner-i-kruka\/","url":"https:\/\/www.interflora.se\/inspiration\/hur-odlar-och-skoter-man-pioner-i-kruka\/","name":"Odla och sk\u00f6ta pioner i kruka \u2013 tips och r\u00e5d | Interflora","isPartOf":{"@id":"https:\/\/www.interflora.se\/inspiration\/#website"},"primaryImageOfPage":{"@id":"https:\/\/www.interflora.se\/inspiration\/hur-odlar-och-skoter-man-pioner-i-kruka\/#primaryimage"},"image":{"@id":"https:\/\/www.interflora.se\/inspiration\/hur-odlar-och-skoter-man-pioner-i-kruka\/#primaryimage"},"thumbnailUrl":"https:\/\/www.interflora.se\/inspiration\/wp-content\/uploads\/2026\/03\/annesophiebenoit-interflora-saint-valentin-63.jpg","datePublished":"2026-04-28T09:33:47+00:00","dateModified":"2026-04-28T09:33:48+00:00","description":"Uppt\u00e4ck v\u00e5ra b\u00e4sta tips och r\u00e5d f\u00f6r att odla pioner i krukor. Med r\u00e4tt sk\u00f6tsel f\u00e5r du fantastiska pioner varje v\u00e5r.","breadcrumb":{"@id":"https:\/\/www.interflora.se\/inspiration\/hur-odlar-och-skoter-man-pioner-i-kruka\/#breadcrumb"},"inLanguage":"sv-SE","potentialAction":[{"@type":"ReadAction","target":["https:\/\/www.interflora.se\/inspiration\/hur-odlar-och-skoter-man-pioner-i-kruka\/"]}]},{"@type":"ImageObject","inLanguage":"sv-SE","@id":"https:\/\/www.interflora.se\/inspiration\/hur-odlar-och-skoter-man-pioner-i-kruka\/#primaryimage","url":"https:\/\/www.interflora.se\/inspiration\/wp-content\/uploads\/2026\/03\/annesophiebenoit-interflora-saint-valentin-63.jpg","contentUrl":"https:\/\/www.interflora.se\/inspiration\/wp-content\/uploads\/2026\/03\/annesophiebenoit-interflora-saint-valentin-63.jpg","width":500,"height":750,"caption":"Evoto"},{"@type":"BreadcrumbList","@id":"https:\/\/www.interflora.se\/inspiration\/hur-odlar-och-skoter-man-pioner-i-kruka\/#breadcrumb","itemListElement":[{"@type":"ListItem","position":1,"name":"Home","item":"https:\/\/www.interflora.se\/inspiration\/"},{"@type":"ListItem","position":2,"name":"Hur odlar och sk\u00f6ter man pioner i kruka?"}]},{"@type":"WebSite","@id":"https:\/\/www.interflora.se\/inspiration\/#website","url":"https:\/\/www.interflora.se\/inspiration\/","name":"Interflora","description":"","publisher":{"@id":"https:\/\/www.interflora.se\/inspiration\/#organization"},"potentialAction":[{"@type":"SearchAction","target":{"@type":"EntryPoint","urlTemplate":"https:\/\/www.interflora.se\/inspiration\/?s={search_term_string}"},"query-input":{"@type":"PropertyValueSpecification","valueRequired":true,"valueName":"search_term_string"}}],"inLanguage":"sv-SE"},{"@type":"Organization","@id":"https:\/\/www.interflora.se\/inspiration\/#organization","name":"Interflora","url":"https:\/\/www.interflora.se\/inspiration\/","logo":{"@type":"ImageObject","inLanguage":"sv-SE","@id":"https:\/\/www.interflora.se\/inspiration\/#\/schema\/logo\/image\/","url":"https:\/\/www.interflora.se\/inspiration\/wp-content\/uploads\/2025\/09\/cropped-220422_INTERFLORA_Logo_rgb_Half_Top_Circle_Main_Color.avif","contentUrl":"https:\/\/www.interflora.se\/inspiration\/wp-content\/uploads\/2025\/09\/cropped-220422_INTERFLORA_Logo_rgb_Half_Top_Circle_Main_Color.avif","width":1418,"height":662,"caption":"Interflora"},"image":{"@id":"https:\/\/www.interflora.se\/inspiration\/#\/schema\/logo\/image\/"},"sameAs":["https:\/\/www.facebook.com\/InterfloraAB","https:\/\/www.instagram.com\/interflora_ab\/","https:\/\/www.linkedin.com\/company\/1494362","https:\/\/www.youtube.com\/channel\/UCZgDzGWB2VRxaoWFUmXnk1w"]},{"@type":"Person","@id":"https:\/\/www.interflora.se\/inspiration\/#\/schema\/person\/dbbd1ad45e05409c356dc639597669f2","name":"admin","image":{"@type":"ImageObject","inLanguage":"sv-SE","@id":"https:\/\/www.interflora.se\/inspiration\/wp-content\/litespeed\/avatar\/1fe3cced9e67df62d0a6f995d75823a5.jpg?ver=1777362393","url":"https:\/\/www.interflora.se\/inspiration\/wp-content\/litespeed\/avatar\/1fe3cced9e67df62d0a6f995d75823a5.jpg?ver=1777362393","contentUrl":"https:\/\/www.interflora.se\/inspiration\/wp-content\/litespeed\/avatar\/1fe3cced9e67df62d0a6f995d75823a5.jpg?ver=1777362393","caption":"admin"},"sameAs":["https:\/\/www.interflora.se\/inspiration"],"url":"https:\/\/www.interflora.se\/inspiration\/author\/admin\/"}]}},"uagb_featured_image_src":{"full":["https:\/\/www.interflora.se\/inspiration\/wp-content\/uploads\/2026\/03\/annesophiebenoit-interflora-saint-valentin-63.jpg",500,750,false],"thumbnail":["https:\/\/www.interflora.se\/inspiration\/wp-content\/uploads\/2026\/03\/annesophiebenoit-interflora-saint-valentin-63.jpg",100,150,false],"medium":["https:\/\/www.interflora.se\/inspiration\/wp-content\/uploads\/2026\/03\/annesophiebenoit-interflora-saint-valentin-63.jpg",200,300,false],"medium_large":["https:\/\/www.interflora.se\/inspiration\/wp-content\/uploads\/2026\/03\/annesophiebenoit-interflora-saint-valentin-63.jpg",500,750,false],"large":["https:\/\/www.interflora.se\/inspiration\/wp-content\/uploads\/2026\/03\/annesophiebenoit-interflora-saint-valentin-63.jpg",500,750,false],"1536x1536":["https:\/\/www.interflora.se\/inspiration\/wp-content\/uploads\/2026\/03\/annesophiebenoit-interflora-saint-valentin-63.jpg",500,750,false],"2048x2048":["https:\/\/www.interflora.se\/inspiration\/wp-content\/uploads\/2026\/03\/annesophiebenoit-interflora-saint-valentin-63.jpg",500,750,false]},"uagb_author_info":{"display_name":"admin","author_link":"https:\/\/www.interflora.se\/inspiration\/author\/admin\/"},"uagb_comment_info":0,"uagb_excerpt":"Pionen \u00e4r en magisk blomma tack vare sin sk\u00f6nhet och sin praktfulla f\u00e4rgpalett. Under de senaste \u00e5ren har dess popularitet [&hellip;]","_links":{"self":[{"href":"https:\/\/www.interflora.se\/inspiration\/wp-json\/wp\/v2\/posts\/6132","targetHints":{"allow":["GET"]}}],"collection":[{"href":"https:\/\/www.interflora.se\/inspiration\/wp-json\/wp\/v2\/posts"}],"about":[{"href":"https:\/\/www.interflora.se\/inspiration\/wp-json\/wp\/v2\/types\/post"}],"author":[{"embeddable":true,"href":"https:\/\/www.interflora.se\/inspiration\/wp-json\/wp\/v2\/users\/1"}],"replies":[{"embeddable":true,"href":"https:\/\/www.interflora.se\/inspiration\/wp-json\/wp\/v2\/comments?post=6132"}],"version-history":[{"count":7,"href":"https:\/\/www.interflora.se\/inspiration\/wp-json\/wp\/v2\/posts\/6132\/revisions"}],"predecessor-version":[{"id":6143,"href":"https:\/\/www.interflora.se\/inspiration\/wp-json\/wp\/v2\/posts\/6132\/revisions\/6143"}],"wp:featuredmedia":[{"embeddable":true,"href":"https:\/\/www.interflora.se\/inspiration\/wp-json\/wp\/v2\/media\/5813"}],"wp:attachment":[{"href":"https:\/\/www.interflora.se\/inspiration\/wp-json\/wp\/v2\/media?parent=6132"}],"wp:term":[{"taxonomy":"category","embeddable":true,"href":"https:\/\/www.interflora.se\/inspiration\/wp-json\/wp\/v2\/categories?post=6132"},{"taxonomy":"post_tag","embeddable":true,"href":"https:\/\/www.interflora.se\/inspiration\/wp-json\/wp\/v2\/tags?post=6132"}],"curies":[{"name":"wp","href":"https:\/\/api.w.org\/{rel}","templated":true}]}}