{"id":6084,"date":"2026-04-27T16:51:09","date_gmt":"2026-04-27T14:51:09","guid":{"rendered":"https:\/\/www.interflora.se\/inspiration\/?p=6084"},"modified":"2026-04-28T09:23:13","modified_gmt":"2026-04-28T07:23:13","slug":"mors-dag-en-gammal-tradition-som-fortfarande-blomstrar-vackert","status":"publish","type":"post","link":"https:\/\/www.interflora.se\/inspiration\/mors-dag-en-gammal-tradition-som-fortfarande-blomstrar-vackert\/","title":{"rendered":"Mors dag \u2013 en gammal tradition \u2026 som fortfarande blomstrar vackert"},"content":{"rendered":"\n<h2 class=\"wp-block-heading\">Varf\u00f6r firar vi mors dag?<\/h2>\n\n\n\n<p>Det var en amerikansk kvinna som 1907 fick id\u00e9n om en s\u00e4rskild dag f\u00f6r att hedra alla m\u00f6drar och deras stora arbete. Idag \u00e4r mors dag kanske lite mindre h\u00f6gtidlig i tonen och lite mer mysig och informell. Kanske \u00e4r det d\u00e4rf\u00f6r som mors dag-traditionen lever vidare i allra b\u00e4sta v\u00e4lm\u00e5ende.<\/p>\n\n\n\n<div class=\"wp-block-media-text is-stacked-on-mobile\" style=\"grid-template-columns:40% auto\"><figure class=\"wp-block-media-text__media\"><img loading=\"lazy\" decoding=\"async\" width=\"500\" height=\"750\" src=\"https:\/\/www.interflora.se\/inspiration\/wp-content\/uploads\/2026\/04\/mors-dag-6.avif\" alt=\"\" class=\"wp-image-5980 size-full\" srcset=\"https:\/\/www.interflora.se\/inspiration\/wp-content\/uploads\/2026\/04\/mors-dag-6.avif 500w, https:\/\/www.interflora.se\/inspiration\/wp-content\/uploads\/2026\/04\/mors-dag-6-200x300.avif 200w\" sizes=\"auto, (max-width: 500px) 100vw, 500px\" \/><\/figure><div class=\"wp-block-media-text__content\">\n<h2 class=\"wp-block-heading\">Mors dags historia<\/h2>\n\n\n\n<p>Jordens m\u00f6drar har alltid f\u00f6rtj\u00e4nat att firas f\u00f6r sin otroliga styrka och insats f\u00f6r barn och familj. Men det var f\u00f6rst i b\u00f6rjan av 1900-talet, n\u00e4rmare best\u00e4mt 1907, som m\u00f6drarna fick sin egen h\u00f6gtidsdag \u2013 mors dag.<\/p>\n\n\n\n<p>Kvinnan bakom mors dag var amerikanskan Anna Jarvis, som den 12 maj 1907 h\u00f6ll ett minnesarrangemang f\u00f6r sin egen mor i en kyrka i Grafton, West Virginia. Hon passade p\u00e5 att hedra moderskapet, och \u00e5ret efter h\u00f6lls den f\u00f6rsta officiella mors dag-gudstj\u00e4nsten. D\u00e4refter spred sig id\u00e9n snabbt. 1909 uppm\u00e4rksammades mors dag i 45 delstater samt Puerto Rico, Hawaii, Kanada och Mexiko.<\/p>\n\n\n\n<p>1907 blev mors dag en officiell helgdag i USA, och inte s\u00e5 l\u00e5ngt d\u00e4refter blev det ocks\u00e5 vanligt att med mors dag-presenter.<\/p>\n\n\n\n<p><\/p>\n<\/div><\/div>\n\n\n\n<div style=\"height:5px\" aria-hidden=\"true\" class=\"wp-block-spacer\"><\/div>\n\n\n\n<div class=\"wp-block-buttons is-content-justification-center is-layout-flex wp-container-core-buttons-is-layout-a89b3969 wp-block-buttons-is-layout-flex\">\n<div class=\"wp-block-button is-style-fill\"><a class=\"wp-block-button__link has-medium-font-size has-custom-font-size wp-element-button\" href=\"https:\/\/www.interflora.se\/c\/mors-dags-blommor?utm_source=blog&amp;utm_campaign=post-cta\">Skicka blommor till Mors Dag<\/a><\/div>\n<\/div>\n\n\n\n<h2 class=\"wp-block-heading\">N\u00e4r \u00e4r det mors dag?<\/h2>\n\n\n\n<p>H\u00e4r kan du se en lista \u00f6ver n\u00e4r <a href=\"https:\/\/www.interflora.se\/c\/mors-dags-blommor?utm_source=blog&amp;utm_campaign=post-cta\">mors dag infaller i Sverige<\/a><\/p>\n\n\n\n<p>2026 \u2013 Mors dag den 31 maj<\/p>\n\n\n\n<p>2027 \u2013 Mors dag den 30 maj<\/p>\n\n\n\n<p>2028 \u2013 Mors dag den 28 maj<\/p>\n\n\n<div class=\"lp-produits-grid\"><div class=\"lp-produit\"><div class=\"lp-thumbnail-wrapper\"><img loading=\"lazy\" decoding=\"async\" width=\"240\" height=\"300\" src=\"https:\/\/www.interflora.se\/inspiration\/wp-content\/uploads\/2026\/03\/1772283449-1203200-kram-mellan-2026-2.jpg\" class=\"attachment-medium size-medium wp-post-image\" alt=\"\" \/><img decoding=\"async\" class=\"lp-badge\" src=\"https:\/\/www.interflora.se\/inspiration\/wp-content\/uploads\/2025\/03\/cropped-220422_INTERFLORA_Main_Logo_rgb_Main_Color-1.png\" alt=\"Blombud Interflora\"><\/div><span>Kram<\/span><p>fr\u00e5n 299 kr<\/p><span class=\"obf-link lp-cta\" role=\"link\" tabindex=\"0\" data-b64=\"aHR0cHM6Ly93d3cuaW50ZXJmbG9yYS5zZS9wLzkwNzc4LWtyYW0vMj91dG1fbWVkaXVtPW9yZ2FuaWMmdXRtX3NvdXJjZT1ibG9nX3Byb2R1Y3RzJnV0bV9jYW1wYWlnbj0xMjAzMTk5LUtyYW0tTllfMQ==\" data-target=\"_blank\"><svg xmlns=\"http:\/\/www.w3.org\/2000\/svg\" width=\"16\" height=\"16\" fill=\"currentColor\" class=\"bi bi-bag\" viewBox=\"0 0 16 16\"><path d=\"M8 1a2 2 0 0 1 2 2v1h2.5A1.5 1.5 0 0 1 14 5.5v8A1.5 1.5 0 0 1 12.5 15h-9A1.5 1.5 0 0 1 2 13.5v-8A1.5 1.5 0 0 1 3.5 3H6V2a2 2 0 0 1 2-1zm1 3V3a1 1 0 0 0-2 0v1h2z\"\/><\/svg>K\u00f6p h\u00e4r<\/span><p class=\"rapido\">Leverans idag<\/p><\/div><div class=\"lp-produit\"><div class=\"lp-thumbnail-wrapper\"><img loading=\"lazy\" decoding=\"async\" width=\"240\" height=\"300\" src=\"https:\/\/www.interflora.se\/inspiration\/wp-content\/uploads\/2025\/05\/1201156-2024-ny-4.5-240x300.jpg\" class=\"attachment-medium size-medium wp-post-image\" alt=\"\" srcset=\"https:\/\/www.interflora.se\/inspiration\/wp-content\/uploads\/2025\/05\/1201156-2024-ny-4.5-240x300.jpg 240w, https:\/\/www.interflora.se\/inspiration\/wp-content\/uploads\/2025\/05\/1201156-2024-ny-4.5.jpg 745w\" sizes=\"auto, (max-width: 240px) 100vw, 240px\" \/><img decoding=\"async\" class=\"lp-badge\" src=\"https:\/\/www.interflora.se\/inspiration\/wp-content\/uploads\/2025\/03\/cropped-220422_INTERFLORA_Main_Logo_rgb_Main_Color-1.png\" alt=\"Blombud Interflora\"><\/div><span>Omtanke<\/span><p>fr\u00e5n 379 kr<\/p><span class=\"obf-link lp-cta\" role=\"link\" tabindex=\"0\" data-b64=\"aHR0cHM6Ly93d3cuaW50ZXJmbG9yYS5zZS9wLzMwOC1vbXRhbmtlLzI\/dXRtX21lZGl1bT1vcmdhbmljJnV0bV9zb3VyY2U9YmxvZ19wcm9kdWN0cyZ1dG1fY2FtcGFpZ249MTIwMTE1NQ==\" data-target=\"_blank\"><svg xmlns=\"http:\/\/www.w3.org\/2000\/svg\" width=\"16\" height=\"16\" fill=\"currentColor\" class=\"bi bi-bag\" viewBox=\"0 0 16 16\"><path d=\"M8 1a2 2 0 0 1 2 2v1h2.5A1.5 1.5 0 0 1 14 5.5v8A1.5 1.5 0 0 1 12.5 15h-9A1.5 1.5 0 0 1 2 13.5v-8A1.5 1.5 0 0 1 3.5 3H6V2a2 2 0 0 1 2-1zm1 3V3a1 1 0 0 0-2 0v1h2z\"\/><\/svg>K\u00f6p h\u00e4r<\/span><p class=\"rapido\">Leverans i hela Sverige<\/p><\/div><div class=\"lp-produit\"><div class=\"lp-thumbnail-wrapper\"><img loading=\"lazy\" decoding=\"async\" width=\"240\" height=\"300\" src=\"https:\/\/www.interflora.se\/inspiration\/wp-content\/uploads\/2025\/05\/1202805-teaser-2024-ny-4.5-240x300.jpg\" class=\"attachment-medium size-medium wp-post-image\" alt=\"\" srcset=\"https:\/\/www.interflora.se\/inspiration\/wp-content\/uploads\/2025\/05\/1202805-teaser-2024-ny-4.5-240x300.jpg 240w, https:\/\/www.interflora.se\/inspiration\/wp-content\/uploads\/2025\/05\/1202805-teaser-2024-ny-4.5.jpg 745w\" sizes=\"auto, (max-width: 240px) 100vw, 240px\" \/><img decoding=\"async\" class=\"lp-badge\" src=\"https:\/\/www.interflora.se\/inspiration\/wp-content\/uploads\/2025\/03\/cropped-220422_INTERFLORA_Main_Logo_rgb_Main_Color-1.png\" alt=\"Blombud Interflora\"><\/div><span>Grattis<\/span><p>fr\u00e5n 359 kr<\/p><span class=\"obf-link lp-cta\" role=\"link\" tabindex=\"0\" data-b64=\"aHR0cHM6Ly93d3cuaW50ZXJmbG9yYS5zZS9wLzY1NjI0LWdyYXR0aXMvMj91dG1fbWVkaXVtPW9yZ2FuaWMmdXRtX3NvdXJjZT1ibG9nX3Byb2R1Y3RzJnV0bV9jYW1wYWlnbj0xMjAyODA0\" data-target=\"_blank\"><svg xmlns=\"http:\/\/www.w3.org\/2000\/svg\" width=\"16\" height=\"16\" fill=\"currentColor\" class=\"bi bi-bag\" viewBox=\"0 0 16 16\"><path d=\"M8 1a2 2 0 0 1 2 2v1h2.5A1.5 1.5 0 0 1 14 5.5v8A1.5 1.5 0 0 1 12.5 15h-9A1.5 1.5 0 0 1 2 13.5v-8A1.5 1.5 0 0 1 3.5 3H6V2a2 2 0 0 1 2-1zm1 3V3a1 1 0 0 0-2 0v1h2z\"\/><\/svg>K\u00f6p h\u00e4r<\/span><p class=\"rapido\">Handbundet av florister<\/p><\/div><div class=\"lp-produit\"><div class=\"lp-thumbnail-wrapper\"><img loading=\"lazy\" decoding=\"async\" width=\"240\" height=\"300\" src=\"https:\/\/www.interflora.se\/inspiration\/wp-content\/uploads\/2025\/05\/1202975-2025-240x300.jpg\" class=\"attachment-medium size-medium wp-post-image\" alt=\"\" srcset=\"https:\/\/www.interflora.se\/inspiration\/wp-content\/uploads\/2025\/05\/1202975-2025-240x300.jpg 240w, https:\/\/www.interflora.se\/inspiration\/wp-content\/uploads\/2025\/05\/1202975-2025.jpg 745w\" sizes=\"auto, (max-width: 240px) 100vw, 240px\" \/><img decoding=\"async\" class=\"lp-badge\" src=\"https:\/\/www.interflora.se\/inspiration\/wp-content\/uploads\/2025\/03\/cropped-220422_INTERFLORA_Main_Logo_rgb_Main_Color-1.png\" alt=\"Blombud Interflora\"><\/div><span>F\u00e4rglycka<\/span><p>fr\u00e5n 269 kr<\/p><span class=\"obf-link lp-cta\" role=\"link\" tabindex=\"0\" data-b64=\"aHR0cHM6Ly93d3cuaW50ZXJmbG9yYS5zZS9wLzgxNjc5LWZhcmdseWNrYS8yP3V0bV9tZWRpdW09b3JnYW5pYyZ1dG1fc291cmNlPWJsb2dfcHJvZHVjdHMmdXRtX2NhbXBhaWduPTEyMDI5NzQ=\" data-target=\"_blank\"><svg xmlns=\"http:\/\/www.w3.org\/2000\/svg\" width=\"16\" height=\"16\" fill=\"currentColor\" class=\"bi bi-bag\" viewBox=\"0 0 16 16\"><path d=\"M8 1a2 2 0 0 1 2 2v1h2.5A1.5 1.5 0 0 1 14 5.5v8A1.5 1.5 0 0 1 12.5 15h-9A1.5 1.5 0 0 1 2 13.5v-8A1.5 1.5 0 0 1 3.5 3H6V2a2 2 0 0 1 2-1zm1 3V3a1 1 0 0 0-2 0v1h2z\"\/><\/svg>K\u00f6p h\u00e4r<\/span><p class=\"rapido\">Din personliga h\u00e4lsning<\/p><\/div><\/div>\n\n\n\n<h2 class=\"wp-block-heading\">Mors dag-blommor \u2013 fr\u00e5n vita nejlikor till k\u00e4rlek i f\u00e4rger<\/h2>\n\n\n\n<p>Anna Jarvis best\u00e4mde ocks\u00e5 att den vita nejlikan skulle vara mors dags speciella blomma. Hon ans\u00e5g n\u00e4mligen att den vita nejlikan symboliserar n\u00e5gra av moderskapets vackra dygder som trohet, barmh\u00e4rtighet och k\u00e4rlek.<\/p>\n\n\n\n<p>Hos Interflora har vi varit med hela v\u00e4gen och sett hur traditionen kring mors dag har utvecklats genom \u00e5rtiondena. Idag f\u00f6redrar m\u00e5nga att skicka en mer f\u00e4rgsprakande, k\u00e4rleksfull och livsbejakande bukett till sin mor i samband med mors dag.<\/p>\n\n\n\n<p>Om du g\u00e4rna vill g\u00f6ra din mors dag-bukett riktigt personlig, s\u00e5 kan du med f\u00f6rdel v\u00e4lja en bukett som inneh\u00e5ller hennes favoritf\u00e4rger, eller favoritblomma.<\/p>\n\n\n\n<figure class=\"wp-block-image aligncenter size-full is-resized\"><img loading=\"lazy\" decoding=\"async\" width=\"750\" height=\"500\" src=\"https:\/\/www.interflora.se\/inspiration\/wp-content\/uploads\/2026\/04\/mors-dag-10.avif\" alt=\"\" class=\"wp-image-5984\" style=\"width:600px\" srcset=\"https:\/\/www.interflora.se\/inspiration\/wp-content\/uploads\/2026\/04\/mors-dag-10.avif 750w, https:\/\/www.interflora.se\/inspiration\/wp-content\/uploads\/2026\/04\/mors-dag-10-300x200.avif 300w\" sizes=\"auto, (max-width: 750px) 100vw, 750px\" \/><\/figure>\n\n\n\n<p>Andra har bytt ut mors dag-buketten mot roliga, l\u00e4ckra och mysiga presenter som till exempel choklad eller en presentkorg. Det \u00e4r ocks\u00e5 m\u00e5nga som v\u00e4ljer sin egen helt personliga present till mors dag som till exempel en upplevelse tillsammans med sin mor. Allt detta naturligtvis \u00e5tf\u00f6ljt av en k\u00e4rleksfull h\u00e4lsning.<\/p>\n\n\n\n<p>Ett personligt kort till en mors dag-bukett \u00e4r oftast pricken \u00f6ver i, och \u00e4ven n\u00e4r buketten har vissnat kan kortet sitta p\u00e5 kylsk\u00e5pet eller anslagstavlan och p\u00e5minna din mor om din fina h\u00e4lsning till henne.<\/p>\n\n\n\n<h2 class=\"wp-block-heading\">Mors dag kom till Sverige 1919<\/h2>\n\n\n\n<p>Mors dag kom till Sverige 1919, d\u00e5 den inf\u00f6rdes p\u00e5 initiativ av bland annat journalisten Cecilia B\u00e5\u00e5th-Holmberg. Hon hade inspirerats av den amerikanska traditionen och ville hedra m\u00f6drarna \u00e4ven i Sverige. F\u00f6rsta g\u00e5ngen vi i Sverige officiellt firade mors dag var s\u00f6ndagen den 30 maj 1919. Traditionen fick st\u00f6d av bland annat Svenska Flaggans Dag-f\u00f6reningen och spreds snabbt i landet.<\/p>\n\n\n\n<figure class=\"wp-block-image aligncenter size-full is-resized\"><img loading=\"lazy\" decoding=\"async\" width=\"750\" height=\"500\" src=\"https:\/\/www.interflora.se\/inspiration\/wp-content\/uploads\/2026\/04\/mors-dag-4.avif\" alt=\"\" class=\"wp-image-5978\" style=\"width:600px\" srcset=\"https:\/\/www.interflora.se\/inspiration\/wp-content\/uploads\/2026\/04\/mors-dag-4.avif 750w, https:\/\/www.interflora.se\/inspiration\/wp-content\/uploads\/2026\/04\/mors-dag-4-300x200.avif 300w\" sizes=\"auto, (max-width: 750px) 100vw, 750px\" \/><\/figure>\n\n\n\n<p>Mors dag firas i Sverige den sista s\u00f6ndagen i maj, vilket g\u00f6r att den ofta sammanfaller med f\u00f6rsommaren och vackert blomstrande natur. Traditionen med att ge presenter p\u00e5 mors dag v\u00e4xte fram under 1900-talet. Idag ger vi mors dag-presenter f\u00f6r att hedra v\u00e5ra m\u00f6drar och f\u00f6r att skicka dem ett tack f\u00f6r livet och k\u00e4rleken en g\u00e5ng om \u00e5ret. Vi s\u00e4ger tack till b\u00e5de Anna Jarvis och Cecilia B\u00e5\u00e5th-Holmberg \u2013 och inte minst till alla v\u00e4rldens underbara m\u00f6drar! Kom ih\u00e5g mors dag den sista s\u00f6ndagen i maj.<\/p>\n\n\n\n<h2 class=\"wp-block-heading\">Mors dag utomlands<\/h2>\n\n\n\n<p>Precis som mors dag \u00e4r en h\u00e4ndelserik dag i Sverige, firas dagen ocks\u00e5 i m\u00e5nga l\u00e4nder v\u00e4rlden \u00f6ver. Datumen och traditionerna varierar fr\u00e5n land till land, men en gemensam n\u00e4mnare f\u00f6r dagen \u00e4r att det \u00e4r de k\u00e4ra m\u00f6drarna som firas. Budskapet bakom mors dag \u00e4r detsamma \u2013 att fira och hedra v\u00e5ra m\u00f6drar och allt det de g\u00f6r f\u00f6r oss. En klassisk och gammal tradition p\u00e5 mors dag, som ocks\u00e5 g\u00e4ller i de flesta l\u00e4nder, \u00e4r att \u00f6verraska de underbara m\u00f6drarna med en fin blombukett. N\u00e4r det g\u00e4ller v\u00e5ra grannl\u00e4nder firar man alltid mors dag den 2:a s\u00f6ndagen i februari i Norge och i Danmark \u00e4r det den 2:a s\u00f6ndagen i maj. I England firar man mors dag p\u00e5 en s\u00f6ndag, 3 veckor f\u00f6re p\u00e5skdagen.<\/p>\n\n\n\n<div class=\"wp-block-media-text is-stacked-on-mobile is-image-fill-element\" style=\"grid-template-columns:35% auto\"><figure class=\"wp-block-media-text__media\"><img loading=\"lazy\" decoding=\"async\" width=\"566\" height=\"849\" src=\"https:\/\/www.interflora.se\/inspiration\/wp-content\/uploads\/2026\/04\/mors-dag-5.avif\" alt=\"\" class=\"wp-image-5979 size-full\" style=\"object-position:50% 50%\" srcset=\"https:\/\/www.interflora.se\/inspiration\/wp-content\/uploads\/2026\/04\/mors-dag-5.avif 566w, https:\/\/www.interflora.se\/inspiration\/wp-content\/uploads\/2026\/04\/mors-dag-5-200x300.avif 200w\" sizes=\"auto, (max-width: 566px) 100vw, 566px\" \/><\/figure><div class=\"wp-block-media-text__content\">\n<p>H\u00e4r \u00e4r olika datum och l\u00e4nder f\u00f6r mors dag utomlands:<\/p>\n\n\n\n<p>Norge: Den 2:a s\u00f6ndagen i februari<\/p>\n\n\n\n<p>Tyskland, Grekland, Italien, Belgien och USA: Den 2:a s\u00f6ndagen i maj<\/p>\n\n\n\n<p>Danmark: Den 2:a s\u00f6ndagen i maj<\/p>\n\n\n\n<p>England: S\u00f6ndagen 3 veckor f\u00f6re p\u00e5skdagen<\/p>\n\n\n\n<p>S\u00e5 har du en mor utomlands har du m\u00f6jlighet att f\u00e5 <a href=\"https:\/\/www.interflora.se\/utomlands?utm_source=blog&amp;utm_campaign=post-cta\">skickat en fin bukett h\u00e4r<\/a>:<\/p>\n<\/div><\/div>\n\n\n\n<div style=\"height:10px\" aria-hidden=\"true\" class=\"wp-block-spacer\"><\/div>\n\n\n<div class=\"lp-produits-grid\"><div class=\"lp-produit\"><div class=\"lp-thumbnail-wrapper\"><img loading=\"lazy\" decoding=\"async\" width=\"240\" height=\"300\" src=\"https:\/\/www.interflora.se\/inspiration\/wp-content\/uploads\/2026\/03\/1772283449-1203200-kram-mellan-2026-2.jpg\" class=\"attachment-medium size-medium wp-post-image\" alt=\"\" \/><img decoding=\"async\" class=\"lp-badge\" src=\"https:\/\/www.interflora.se\/inspiration\/wp-content\/uploads\/2025\/03\/cropped-220422_INTERFLORA_Main_Logo_rgb_Main_Color-1.png\" alt=\"Blombud Interflora\"><\/div><span>Kram<\/span><p>fr\u00e5n 299 kr<\/p><span class=\"obf-link lp-cta\" role=\"link\" tabindex=\"0\" data-b64=\"aHR0cHM6Ly93d3cuaW50ZXJmbG9yYS5zZS9wLzkwNzc4LWtyYW0vMj91dG1fbWVkaXVtPW9yZ2FuaWMmdXRtX3NvdXJjZT1ibG9nX3Byb2R1Y3RzJnV0bV9jYW1wYWlnbj0xMjAzMTk5LUtyYW0tTllfMQ==\" data-target=\"_blank\"><svg xmlns=\"http:\/\/www.w3.org\/2000\/svg\" width=\"16\" height=\"16\" fill=\"currentColor\" class=\"bi bi-bag\" viewBox=\"0 0 16 16\"><path d=\"M8 1a2 2 0 0 1 2 2v1h2.5A1.5 1.5 0 0 1 14 5.5v8A1.5 1.5 0 0 1 12.5 15h-9A1.5 1.5 0 0 1 2 13.5v-8A1.5 1.5 0 0 1 3.5 3H6V2a2 2 0 0 1 2-1zm1 3V3a1 1 0 0 0-2 0v1h2z\"\/><\/svg>K\u00f6p h\u00e4r<\/span><p class=\"rapido\">Din personliga h\u00e4lsning<\/p><\/div><div class=\"lp-produit\"><div class=\"lp-thumbnail-wrapper\"><img loading=\"lazy\" decoding=\"async\" width=\"240\" height=\"300\" src=\"https:\/\/www.interflora.se\/inspiration\/wp-content\/uploads\/2025\/05\/1201156-2024-ny-4.5-240x300.jpg\" class=\"attachment-medium size-medium wp-post-image\" alt=\"\" srcset=\"https:\/\/www.interflora.se\/inspiration\/wp-content\/uploads\/2025\/05\/1201156-2024-ny-4.5-240x300.jpg 240w, https:\/\/www.interflora.se\/inspiration\/wp-content\/uploads\/2025\/05\/1201156-2024-ny-4.5.jpg 745w\" sizes=\"auto, (max-width: 240px) 100vw, 240px\" \/><img decoding=\"async\" class=\"lp-badge\" src=\"https:\/\/www.interflora.se\/inspiration\/wp-content\/uploads\/2025\/03\/cropped-220422_INTERFLORA_Main_Logo_rgb_Main_Color-1.png\" alt=\"Blombud Interflora\"><\/div><span>Omtanke<\/span><p>fr\u00e5n 379 kr<\/p><span class=\"obf-link lp-cta\" role=\"link\" tabindex=\"0\" data-b64=\"aHR0cHM6Ly93d3cuaW50ZXJmbG9yYS5zZS9wLzMwOC1vbXRhbmtlLzI\/dXRtX21lZGl1bT1vcmdhbmljJnV0bV9zb3VyY2U9YmxvZ19wcm9kdWN0cyZ1dG1fY2FtcGFpZ249MTIwMTE1NQ==\" data-target=\"_blank\"><svg xmlns=\"http:\/\/www.w3.org\/2000\/svg\" width=\"16\" height=\"16\" fill=\"currentColor\" class=\"bi bi-bag\" viewBox=\"0 0 16 16\"><path d=\"M8 1a2 2 0 0 1 2 2v1h2.5A1.5 1.5 0 0 1 14 5.5v8A1.5 1.5 0 0 1 12.5 15h-9A1.5 1.5 0 0 1 2 13.5v-8A1.5 1.5 0 0 1 3.5 3H6V2a2 2 0 0 1 2-1zm1 3V3a1 1 0 0 0-2 0v1h2z\"\/><\/svg>K\u00f6p h\u00e4r<\/span><p class=\"rapido\">Leverans i hela Sverige<\/p><\/div><div class=\"lp-produit\"><div class=\"lp-thumbnail-wrapper\"><img loading=\"lazy\" decoding=\"async\" width=\"240\" height=\"300\" src=\"https:\/\/www.interflora.se\/inspiration\/wp-content\/uploads\/2025\/05\/1202975-2025-240x300.jpg\" class=\"attachment-medium size-medium wp-post-image\" alt=\"\" srcset=\"https:\/\/www.interflora.se\/inspiration\/wp-content\/uploads\/2025\/05\/1202975-2025-240x300.jpg 240w, https:\/\/www.interflora.se\/inspiration\/wp-content\/uploads\/2025\/05\/1202975-2025.jpg 745w\" sizes=\"auto, (max-width: 240px) 100vw, 240px\" \/><img decoding=\"async\" class=\"lp-badge\" src=\"https:\/\/www.interflora.se\/inspiration\/wp-content\/uploads\/2025\/03\/cropped-220422_INTERFLORA_Main_Logo_rgb_Main_Color-1.png\" alt=\"Blombud Interflora\"><\/div><span>F\u00e4rglycka<\/span><p>fr\u00e5n 269 kr<\/p><span class=\"obf-link lp-cta\" role=\"link\" tabindex=\"0\" data-b64=\"aHR0cHM6Ly93d3cuaW50ZXJmbG9yYS5zZS9wLzgxNjc5LWZhcmdseWNrYS8yP3V0bV9tZWRpdW09b3JnYW5pYyZ1dG1fc291cmNlPWJsb2dfcHJvZHVjdHMmdXRtX2NhbXBhaWduPTEyMDI5NzQ=\" data-target=\"_blank\"><svg xmlns=\"http:\/\/www.w3.org\/2000\/svg\" width=\"16\" height=\"16\" fill=\"currentColor\" class=\"bi bi-bag\" viewBox=\"0 0 16 16\"><path d=\"M8 1a2 2 0 0 1 2 2v1h2.5A1.5 1.5 0 0 1 14 5.5v8A1.5 1.5 0 0 1 12.5 15h-9A1.5 1.5 0 0 1 2 13.5v-8A1.5 1.5 0 0 1 3.5 3H6V2a2 2 0 0 1 2-1zm1 3V3a1 1 0 0 0-2 0v1h2z\"\/><\/svg>K\u00f6p h\u00e4r<\/span><p class=\"rapido\">Handbundet av florister<\/p><\/div><div class=\"lp-produit\"><div class=\"lp-thumbnail-wrapper\"><img loading=\"lazy\" decoding=\"async\" width=\"240\" height=\"300\" src=\"https:\/\/www.interflora.se\/inspiration\/wp-content\/uploads\/2025\/05\/1202805-teaser-2024-ny-4.5-240x300.jpg\" class=\"attachment-medium size-medium wp-post-image\" alt=\"\" srcset=\"https:\/\/www.interflora.se\/inspiration\/wp-content\/uploads\/2025\/05\/1202805-teaser-2024-ny-4.5-240x300.jpg 240w, https:\/\/www.interflora.se\/inspiration\/wp-content\/uploads\/2025\/05\/1202805-teaser-2024-ny-4.5.jpg 745w\" sizes=\"auto, (max-width: 240px) 100vw, 240px\" \/><img decoding=\"async\" class=\"lp-badge\" src=\"https:\/\/www.interflora.se\/inspiration\/wp-content\/uploads\/2025\/03\/cropped-220422_INTERFLORA_Main_Logo_rgb_Main_Color-1.png\" alt=\"Blombud Interflora\"><\/div><span>Grattis<\/span><p>fr\u00e5n 359 kr<\/p><span class=\"obf-link lp-cta\" role=\"link\" tabindex=\"0\" data-b64=\"aHR0cHM6Ly93d3cuaW50ZXJmbG9yYS5zZS9wLzY1NjI0LWdyYXR0aXMvMj91dG1fbWVkaXVtPW9yZ2FuaWMmdXRtX3NvdXJjZT1ibG9nX3Byb2R1Y3RzJnV0bV9jYW1wYWlnbj0xMjAyODA0\" data-target=\"_blank\"><svg xmlns=\"http:\/\/www.w3.org\/2000\/svg\" width=\"16\" height=\"16\" fill=\"currentColor\" class=\"bi bi-bag\" viewBox=\"0 0 16 16\"><path d=\"M8 1a2 2 0 0 1 2 2v1h2.5A1.5 1.5 0 0 1 14 5.5v8A1.5 1.5 0 0 1 12.5 15h-9A1.5 1.5 0 0 1 2 13.5v-8A1.5 1.5 0 0 1 3.5 3H6V2a2 2 0 0 1 2-1zm1 3V3a1 1 0 0 0-2 0v1h2z\"\/><\/svg>K\u00f6p h\u00e4r<\/span><p class=\"rapido\">Bunden av din lokala florist<\/p><\/div><\/div>\n","protected":false},"excerpt":{"rendered":"<p>Varf\u00f6r firar vi mors dag? Det var en amerikansk kvinna som 1907 fick id\u00e9n om en s\u00e4rskild dag f\u00f6r att [&hellip;]<\/p>\n","protected":false},"author":1,"featured_media":5976,"comment_status":"open","ping_status":"open","sticky":false,"template":"","format":"standard","meta":{"_uag_custom_page_level_css":"","site-sidebar-layout":"default","site-content-layout":"","ast-site-content-layout":"default","site-content-style":"default","site-sidebar-style":"default","ast-global-header-display":"","ast-banner-title-visibility":"","ast-main-header-display":"","ast-hfb-above-header-display":"","ast-hfb-below-header-display":"","ast-hfb-mobile-header-display":"","site-post-title":"","ast-breadcrumbs-content":"","ast-featured-img":"","footer-sml-layout":"","ast-disable-related-posts":"","theme-transparent-header-meta":"","adv-header-id-meta":"","stick-header-meta":"","header-above-stick-meta":"","header-main-stick-meta":"","header-below-stick-meta":"","astra-migrate-meta-layouts":"default","ast-page-background-enabled":"default","ast-page-background-meta":{"desktop":{"background-color":"var(--ast-global-color-5)","background-image":"","background-repeat":"repeat","background-position":"center center","background-size":"auto","background-attachment":"scroll","background-type":"","background-media":"","overlay-type":"","overlay-color":"","overlay-opacity":"","overlay-gradient":""},"tablet":{"background-color":"","background-image":"","background-repeat":"repeat","background-position":"center center","background-size":"auto","background-attachment":"scroll","background-type":"","background-media":"","overlay-type":"","overlay-color":"","overlay-opacity":"","overlay-gradient":""},"mobile":{"background-color":"","background-image":"","background-repeat":"repeat","background-position":"center center","background-size":"auto","background-attachment":"scroll","background-type":"","background-media":"","overlay-type":"","overlay-color":"","overlay-opacity":"","overlay-gradient":""}},"ast-content-background-meta":{"desktop":{"background-color":"var(--ast-global-color-4)","background-image":"","background-repeat":"repeat","background-position":"center center","background-size":"auto","background-attachment":"scroll","background-type":"","background-media":"","overlay-type":"","overlay-color":"","overlay-opacity":"","overlay-gradient":""},"tablet":{"background-color":"var(--ast-global-color-4)","background-image":"","background-repeat":"repeat","background-position":"center center","background-size":"auto","background-attachment":"scroll","background-type":"","background-media":"","overlay-type":"","overlay-color":"","overlay-opacity":"","overlay-gradient":""},"mobile":{"background-color":"var(--ast-global-color-4)","background-image":"","background-repeat":"repeat","background-position":"center center","background-size":"auto","background-attachment":"scroll","background-type":"","background-media":"","overlay-type":"","overlay-color":"","overlay-opacity":"","overlay-gradient":""}},"footnotes":""},"categories":[6,37],"tags":[],"class_list":["post-6084","post","type-post","status-publish","format-standard","has-post-thumbnail","hentry","category-hogtid-ceremoni","category-mors-dag"],"yoast_head":"<!-- This site is optimized with the Yoast SEO plugin v27.4 - https:\/\/yoast.com\/product\/yoast-seo-wordpress\/ -->\n<title>Mors dag historia, tradition &amp; varf\u00f6r vi firar den | Interflora<\/title>\n<meta name=\"description\" content=\"Mors dag \u00e4r en gammal tradition som i Sverige firas sedan 1919. L\u00e4s mer om traditionens historia i Sverige och utomlands. L\u00e4s mer h\u00e4r\" \/>\n<meta name=\"robots\" content=\"index, follow, max-snippet:-1, max-image-preview:large, max-video-preview:-1\" \/>\n<link rel=\"canonical\" href=\"https:\/\/www.interflora.se\/inspiration\/mors-dag-en-gammal-tradition-som-fortfarande-blomstrar-vackert\/\" \/>\n<meta property=\"og:locale\" content=\"sv_SE\" \/>\n<meta property=\"og:type\" content=\"article\" \/>\n<meta property=\"og:title\" content=\"Mors dag historia, tradition &amp; varf\u00f6r vi firar den | Interflora\" \/>\n<meta property=\"og:description\" content=\"Mors dag \u00e4r en gammal tradition som i Sverige firas sedan 1919. L\u00e4s mer om traditionens historia i Sverige och utomlands. L\u00e4s mer h\u00e4r\" \/>\n<meta property=\"og:url\" content=\"https:\/\/www.interflora.se\/inspiration\/mors-dag-en-gammal-tradition-som-fortfarande-blomstrar-vackert\/\" \/>\n<meta property=\"og:site_name\" content=\"Inspiration om blommor, krukv\u00e4xter &amp; trender | Interflora\" \/>\n<meta property=\"article:publisher\" content=\"https:\/\/www.facebook.com\/InterfloraAB\" \/>\n<meta property=\"article:published_time\" content=\"2026-04-27T14:51:09+00:00\" \/>\n<meta property=\"article:modified_time\" content=\"2026-04-28T07:23:13+00:00\" \/>\n<meta property=\"og:image\" content=\"https:\/\/www.interflora.se\/inspiration\/wp-content\/uploads\/2026\/04\/mors-dag-2.avif\" \/>\n\t<meta property=\"og:image:width\" content=\"500\" \/>\n\t<meta property=\"og:image:height\" content=\"750\" \/>\n\t<meta property=\"og:image:type\" content=\"image\/jpeg\" \/>\n<meta name=\"author\" content=\"admin\" \/>\n<meta name=\"twitter:card\" content=\"summary_large_image\" \/>\n<meta name=\"twitter:label1\" content=\"Skriven av\" \/>\n\t<meta name=\"twitter:data1\" content=\"admin\" \/>\n\t<meta name=\"twitter:label2\" content=\"Ber\u00e4knad l\u00e4stid\" \/>\n\t<meta name=\"twitter:data2\" content=\"5 minuter\" \/>\n<script type=\"application\/ld+json\" class=\"yoast-schema-graph\">{\"@context\":\"https:\\\/\\\/schema.org\",\"@graph\":[{\"@type\":\"Article\",\"@id\":\"https:\\\/\\\/www.interflora.se\\\/inspiration\\\/mors-dag-en-gammal-tradition-som-fortfarande-blomstrar-vackert\\\/#article\",\"isPartOf\":{\"@id\":\"https:\\\/\\\/www.interflora.se\\\/inspiration\\\/mors-dag-en-gammal-tradition-som-fortfarande-blomstrar-vackert\\\/\"},\"author\":{\"name\":\"admin\",\"@id\":\"https:\\\/\\\/www.interflora.se\\\/inspiration\\\/#\\\/schema\\\/person\\\/dbbd1ad45e05409c356dc639597669f2\"},\"headline\":\"Mors dag \u2013 en gammal tradition \u2026 som fortfarande blomstrar vackert\",\"datePublished\":\"2026-04-27T14:51:09+00:00\",\"dateModified\":\"2026-04-28T07:23:13+00:00\",\"mainEntityOfPage\":{\"@id\":\"https:\\\/\\\/www.interflora.se\\\/inspiration\\\/mors-dag-en-gammal-tradition-som-fortfarande-blomstrar-vackert\\\/\"},\"wordCount\":874,\"commentCount\":0,\"publisher\":{\"@id\":\"https:\\\/\\\/www.interflora.se\\\/inspiration\\\/#organization\"},\"image\":{\"@id\":\"https:\\\/\\\/www.interflora.se\\\/inspiration\\\/mors-dag-en-gammal-tradition-som-fortfarande-blomstrar-vackert\\\/#primaryimage\"},\"thumbnailUrl\":\"https:\\\/\\\/www.interflora.se\\\/inspiration\\\/wp-content\\\/uploads\\\/2026\\\/04\\\/mors-dag-2.avif\",\"articleSection\":[\"H\u00f6gtid &amp; ceremoni\",\"Mors dag\"],\"inLanguage\":\"sv-SE\",\"potentialAction\":[{\"@type\":\"CommentAction\",\"name\":\"Comment\",\"target\":[\"https:\\\/\\\/www.interflora.se\\\/inspiration\\\/mors-dag-en-gammal-tradition-som-fortfarande-blomstrar-vackert\\\/#respond\"]}]},{\"@type\":\"WebPage\",\"@id\":\"https:\\\/\\\/www.interflora.se\\\/inspiration\\\/mors-dag-en-gammal-tradition-som-fortfarande-blomstrar-vackert\\\/\",\"url\":\"https:\\\/\\\/www.interflora.se\\\/inspiration\\\/mors-dag-en-gammal-tradition-som-fortfarande-blomstrar-vackert\\\/\",\"name\":\"Mors dag historia, tradition & varf\u00f6r vi firar den | Interflora\",\"isPartOf\":{\"@id\":\"https:\\\/\\\/www.interflora.se\\\/inspiration\\\/#website\"},\"primaryImageOfPage\":{\"@id\":\"https:\\\/\\\/www.interflora.se\\\/inspiration\\\/mors-dag-en-gammal-tradition-som-fortfarande-blomstrar-vackert\\\/#primaryimage\"},\"image\":{\"@id\":\"https:\\\/\\\/www.interflora.se\\\/inspiration\\\/mors-dag-en-gammal-tradition-som-fortfarande-blomstrar-vackert\\\/#primaryimage\"},\"thumbnailUrl\":\"https:\\\/\\\/www.interflora.se\\\/inspiration\\\/wp-content\\\/uploads\\\/2026\\\/04\\\/mors-dag-2.avif\",\"datePublished\":\"2026-04-27T14:51:09+00:00\",\"dateModified\":\"2026-04-28T07:23:13+00:00\",\"description\":\"Mors dag \u00e4r en gammal tradition som i Sverige firas sedan 1919. L\u00e4s mer om traditionens historia i Sverige och utomlands. L\u00e4s mer h\u00e4r\",\"breadcrumb\":{\"@id\":\"https:\\\/\\\/www.interflora.se\\\/inspiration\\\/mors-dag-en-gammal-tradition-som-fortfarande-blomstrar-vackert\\\/#breadcrumb\"},\"inLanguage\":\"sv-SE\",\"potentialAction\":[{\"@type\":\"ReadAction\",\"target\":[\"https:\\\/\\\/www.interflora.se\\\/inspiration\\\/mors-dag-en-gammal-tradition-som-fortfarande-blomstrar-vackert\\\/\"]}]},{\"@type\":\"ImageObject\",\"inLanguage\":\"sv-SE\",\"@id\":\"https:\\\/\\\/www.interflora.se\\\/inspiration\\\/mors-dag-en-gammal-tradition-som-fortfarande-blomstrar-vackert\\\/#primaryimage\",\"url\":\"https:\\\/\\\/www.interflora.se\\\/inspiration\\\/wp-content\\\/uploads\\\/2026\\\/04\\\/mors-dag-2.avif\",\"contentUrl\":\"https:\\\/\\\/www.interflora.se\\\/inspiration\\\/wp-content\\\/uploads\\\/2026\\\/04\\\/mors-dag-2.avif\",\"width\":500,\"height\":750},{\"@type\":\"BreadcrumbList\",\"@id\":\"https:\\\/\\\/www.interflora.se\\\/inspiration\\\/mors-dag-en-gammal-tradition-som-fortfarande-blomstrar-vackert\\\/#breadcrumb\",\"itemListElement\":[{\"@type\":\"ListItem\",\"position\":1,\"name\":\"Home\",\"item\":\"https:\\\/\\\/www.interflora.se\\\/inspiration\\\/\"},{\"@type\":\"ListItem\",\"position\":2,\"name\":\"Mors dag \u2013 en gammal tradition \u2026 som fortfarande blomstrar vackert\"}]},{\"@type\":\"WebSite\",\"@id\":\"https:\\\/\\\/www.interflora.se\\\/inspiration\\\/#website\",\"url\":\"https:\\\/\\\/www.interflora.se\\\/inspiration\\\/\",\"name\":\"Interflora\",\"description\":\"\",\"publisher\":{\"@id\":\"https:\\\/\\\/www.interflora.se\\\/inspiration\\\/#organization\"},\"potentialAction\":[{\"@type\":\"SearchAction\",\"target\":{\"@type\":\"EntryPoint\",\"urlTemplate\":\"https:\\\/\\\/www.interflora.se\\\/inspiration\\\/?s={search_term_string}\"},\"query-input\":{\"@type\":\"PropertyValueSpecification\",\"valueRequired\":true,\"valueName\":\"search_term_string\"}}],\"inLanguage\":\"sv-SE\"},{\"@type\":\"Organization\",\"@id\":\"https:\\\/\\\/www.interflora.se\\\/inspiration\\\/#organization\",\"name\":\"Interflora\",\"url\":\"https:\\\/\\\/www.interflora.se\\\/inspiration\\\/\",\"logo\":{\"@type\":\"ImageObject\",\"inLanguage\":\"sv-SE\",\"@id\":\"https:\\\/\\\/www.interflora.se\\\/inspiration\\\/#\\\/schema\\\/logo\\\/image\\\/\",\"url\":\"https:\\\/\\\/www.interflora.se\\\/inspiration\\\/wp-content\\\/uploads\\\/2025\\\/09\\\/cropped-220422_INTERFLORA_Logo_rgb_Half_Top_Circle_Main_Color.avif\",\"contentUrl\":\"https:\\\/\\\/www.interflora.se\\\/inspiration\\\/wp-content\\\/uploads\\\/2025\\\/09\\\/cropped-220422_INTERFLORA_Logo_rgb_Half_Top_Circle_Main_Color.avif\",\"width\":1418,\"height\":662,\"caption\":\"Interflora\"},\"image\":{\"@id\":\"https:\\\/\\\/www.interflora.se\\\/inspiration\\\/#\\\/schema\\\/logo\\\/image\\\/\"},\"sameAs\":[\"https:\\\/\\\/www.facebook.com\\\/InterfloraAB\",\"https:\\\/\\\/www.instagram.com\\\/interflora_ab\\\/\",\"https:\\\/\\\/www.linkedin.com\\\/company\\\/1494362\",\"https:\\\/\\\/www.youtube.com\\\/channel\\\/UCZgDzGWB2VRxaoWFUmXnk1w\"]},{\"@type\":\"Person\",\"@id\":\"https:\\\/\\\/www.interflora.se\\\/inspiration\\\/#\\\/schema\\\/person\\\/dbbd1ad45e05409c356dc639597669f2\",\"name\":\"admin\",\"image\":{\"@type\":\"ImageObject\",\"inLanguage\":\"sv-SE\",\"@id\":\"https:\\\/\\\/www.interflora.se\\\/inspiration\\\/wp-content\\\/litespeed\\\/avatar\\\/1fe3cced9e67df62d0a6f995d75823a5.jpg?ver=1777362393\",\"url\":\"https:\\\/\\\/www.interflora.se\\\/inspiration\\\/wp-content\\\/litespeed\\\/avatar\\\/1fe3cced9e67df62d0a6f995d75823a5.jpg?ver=1777362393\",\"contentUrl\":\"https:\\\/\\\/www.interflora.se\\\/inspiration\\\/wp-content\\\/litespeed\\\/avatar\\\/1fe3cced9e67df62d0a6f995d75823a5.jpg?ver=1777362393\",\"caption\":\"admin\"},\"sameAs\":[\"https:\\\/\\\/www.interflora.se\\\/inspiration\"],\"url\":\"https:\\\/\\\/www.interflora.se\\\/inspiration\\\/author\\\/admin\\\/\"}]}<\/script>\n<!-- \/ Yoast SEO plugin. -->","yoast_head_json":{"title":"Mors dag historia, tradition & varf\u00f6r vi firar den | Interflora","description":"Mors dag \u00e4r en gammal tradition som i Sverige firas sedan 1919. L\u00e4s mer om traditionens historia i Sverige och utomlands. L\u00e4s mer h\u00e4r","robots":{"index":"index","follow":"follow","max-snippet":"max-snippet:-1","max-image-preview":"max-image-preview:large","max-video-preview":"max-video-preview:-1"},"canonical":"https:\/\/www.interflora.se\/inspiration\/mors-dag-en-gammal-tradition-som-fortfarande-blomstrar-vackert\/","og_locale":"sv_SE","og_type":"article","og_title":"Mors dag historia, tradition & varf\u00f6r vi firar den | Interflora","og_description":"Mors dag \u00e4r en gammal tradition som i Sverige firas sedan 1919. L\u00e4s mer om traditionens historia i Sverige och utomlands. L\u00e4s mer h\u00e4r","og_url":"https:\/\/www.interflora.se\/inspiration\/mors-dag-en-gammal-tradition-som-fortfarande-blomstrar-vackert\/","og_site_name":"Inspiration om blommor, krukv\u00e4xter &amp; trender | Interflora","article_publisher":"https:\/\/www.facebook.com\/InterfloraAB","article_published_time":"2026-04-27T14:51:09+00:00","article_modified_time":"2026-04-28T07:23:13+00:00","og_image":[{"width":500,"height":750,"url":"https:\/\/www.interflora.se\/inspiration\/wp-content\/uploads\/2026\/04\/mors-dag-2.avif","type":"image\/jpeg"}],"author":"admin","twitter_card":"summary_large_image","twitter_misc":{"Skriven av":"admin","Ber\u00e4knad l\u00e4stid":"5 minuter"},"schema":{"@context":"https:\/\/schema.org","@graph":[{"@type":"Article","@id":"https:\/\/www.interflora.se\/inspiration\/mors-dag-en-gammal-tradition-som-fortfarande-blomstrar-vackert\/#article","isPartOf":{"@id":"https:\/\/www.interflora.se\/inspiration\/mors-dag-en-gammal-tradition-som-fortfarande-blomstrar-vackert\/"},"author":{"name":"admin","@id":"https:\/\/www.interflora.se\/inspiration\/#\/schema\/person\/dbbd1ad45e05409c356dc639597669f2"},"headline":"Mors dag \u2013 en gammal tradition \u2026 som fortfarande blomstrar vackert","datePublished":"2026-04-27T14:51:09+00:00","dateModified":"2026-04-28T07:23:13+00:00","mainEntityOfPage":{"@id":"https:\/\/www.interflora.se\/inspiration\/mors-dag-en-gammal-tradition-som-fortfarande-blomstrar-vackert\/"},"wordCount":874,"commentCount":0,"publisher":{"@id":"https:\/\/www.interflora.se\/inspiration\/#organization"},"image":{"@id":"https:\/\/www.interflora.se\/inspiration\/mors-dag-en-gammal-tradition-som-fortfarande-blomstrar-vackert\/#primaryimage"},"thumbnailUrl":"https:\/\/www.interflora.se\/inspiration\/wp-content\/uploads\/2026\/04\/mors-dag-2.avif","articleSection":["H\u00f6gtid &amp; ceremoni","Mors dag"],"inLanguage":"sv-SE","potentialAction":[{"@type":"CommentAction","name":"Comment","target":["https:\/\/www.interflora.se\/inspiration\/mors-dag-en-gammal-tradition-som-fortfarande-blomstrar-vackert\/#respond"]}]},{"@type":"WebPage","@id":"https:\/\/www.interflora.se\/inspiration\/mors-dag-en-gammal-tradition-som-fortfarande-blomstrar-vackert\/","url":"https:\/\/www.interflora.se\/inspiration\/mors-dag-en-gammal-tradition-som-fortfarande-blomstrar-vackert\/","name":"Mors dag historia, tradition & varf\u00f6r vi firar den | Interflora","isPartOf":{"@id":"https:\/\/www.interflora.se\/inspiration\/#website"},"primaryImageOfPage":{"@id":"https:\/\/www.interflora.se\/inspiration\/mors-dag-en-gammal-tradition-som-fortfarande-blomstrar-vackert\/#primaryimage"},"image":{"@id":"https:\/\/www.interflora.se\/inspiration\/mors-dag-en-gammal-tradition-som-fortfarande-blomstrar-vackert\/#primaryimage"},"thumbnailUrl":"https:\/\/www.interflora.se\/inspiration\/wp-content\/uploads\/2026\/04\/mors-dag-2.avif","datePublished":"2026-04-27T14:51:09+00:00","dateModified":"2026-04-28T07:23:13+00:00","description":"Mors dag \u00e4r en gammal tradition som i Sverige firas sedan 1919. L\u00e4s mer om traditionens historia i Sverige och utomlands. L\u00e4s mer h\u00e4r","breadcrumb":{"@id":"https:\/\/www.interflora.se\/inspiration\/mors-dag-en-gammal-tradition-som-fortfarande-blomstrar-vackert\/#breadcrumb"},"inLanguage":"sv-SE","potentialAction":[{"@type":"ReadAction","target":["https:\/\/www.interflora.se\/inspiration\/mors-dag-en-gammal-tradition-som-fortfarande-blomstrar-vackert\/"]}]},{"@type":"ImageObject","inLanguage":"sv-SE","@id":"https:\/\/www.interflora.se\/inspiration\/mors-dag-en-gammal-tradition-som-fortfarande-blomstrar-vackert\/#primaryimage","url":"https:\/\/www.interflora.se\/inspiration\/wp-content\/uploads\/2026\/04\/mors-dag-2.avif","contentUrl":"https:\/\/www.interflora.se\/inspiration\/wp-content\/uploads\/2026\/04\/mors-dag-2.avif","width":500,"height":750},{"@type":"BreadcrumbList","@id":"https:\/\/www.interflora.se\/inspiration\/mors-dag-en-gammal-tradition-som-fortfarande-blomstrar-vackert\/#breadcrumb","itemListElement":[{"@type":"ListItem","position":1,"name":"Home","item":"https:\/\/www.interflora.se\/inspiration\/"},{"@type":"ListItem","position":2,"name":"Mors dag \u2013 en gammal tradition \u2026 som fortfarande blomstrar vackert"}]},{"@type":"WebSite","@id":"https:\/\/www.interflora.se\/inspiration\/#website","url":"https:\/\/www.interflora.se\/inspiration\/","name":"Interflora","description":"","publisher":{"@id":"https:\/\/www.interflora.se\/inspiration\/#organization"},"potentialAction":[{"@type":"SearchAction","target":{"@type":"EntryPoint","urlTemplate":"https:\/\/www.interflora.se\/inspiration\/?s={search_term_string}"},"query-input":{"@type":"PropertyValueSpecification","valueRequired":true,"valueName":"search_term_string"}}],"inLanguage":"sv-SE"},{"@type":"Organization","@id":"https:\/\/www.interflora.se\/inspiration\/#organization","name":"Interflora","url":"https:\/\/www.interflora.se\/inspiration\/","logo":{"@type":"ImageObject","inLanguage":"sv-SE","@id":"https:\/\/www.interflora.se\/inspiration\/#\/schema\/logo\/image\/","url":"https:\/\/www.interflora.se\/inspiration\/wp-content\/uploads\/2025\/09\/cropped-220422_INTERFLORA_Logo_rgb_Half_Top_Circle_Main_Color.avif","contentUrl":"https:\/\/www.interflora.se\/inspiration\/wp-content\/uploads\/2025\/09\/cropped-220422_INTERFLORA_Logo_rgb_Half_Top_Circle_Main_Color.avif","width":1418,"height":662,"caption":"Interflora"},"image":{"@id":"https:\/\/www.interflora.se\/inspiration\/#\/schema\/logo\/image\/"},"sameAs":["https:\/\/www.facebook.com\/InterfloraAB","https:\/\/www.instagram.com\/interflora_ab\/","https:\/\/www.linkedin.com\/company\/1494362","https:\/\/www.youtube.com\/channel\/UCZgDzGWB2VRxaoWFUmXnk1w"]},{"@type":"Person","@id":"https:\/\/www.interflora.se\/inspiration\/#\/schema\/person\/dbbd1ad45e05409c356dc639597669f2","name":"admin","image":{"@type":"ImageObject","inLanguage":"sv-SE","@id":"https:\/\/www.interflora.se\/inspiration\/wp-content\/litespeed\/avatar\/1fe3cced9e67df62d0a6f995d75823a5.jpg?ver=1777362393","url":"https:\/\/www.interflora.se\/inspiration\/wp-content\/litespeed\/avatar\/1fe3cced9e67df62d0a6f995d75823a5.jpg?ver=1777362393","contentUrl":"https:\/\/www.interflora.se\/inspiration\/wp-content\/litespeed\/avatar\/1fe3cced9e67df62d0a6f995d75823a5.jpg?ver=1777362393","caption":"admin"},"sameAs":["https:\/\/www.interflora.se\/inspiration"],"url":"https:\/\/www.interflora.se\/inspiration\/author\/admin\/"}]}},"uagb_featured_image_src":{"full":["https:\/\/www.interflora.se\/inspiration\/wp-content\/uploads\/2026\/04\/mors-dag-2.avif",500,750,false],"thumbnail":["https:\/\/www.interflora.se\/inspiration\/wp-content\/uploads\/2026\/04\/mors-dag-2-150x150.avif",150,150,true],"medium":["https:\/\/www.interflora.se\/inspiration\/wp-content\/uploads\/2026\/04\/mors-dag-2-200x300.avif",200,300,true],"medium_large":["https:\/\/www.interflora.se\/inspiration\/wp-content\/uploads\/2026\/04\/mors-dag-2.avif",500,750,false],"large":["https:\/\/www.interflora.se\/inspiration\/wp-content\/uploads\/2026\/04\/mors-dag-2.avif",500,750,false],"1536x1536":["https:\/\/www.interflora.se\/inspiration\/wp-content\/uploads\/2026\/04\/mors-dag-2.avif",500,750,false],"2048x2048":["https:\/\/www.interflora.se\/inspiration\/wp-content\/uploads\/2026\/04\/mors-dag-2.avif",500,750,false]},"uagb_author_info":{"display_name":"admin","author_link":"https:\/\/www.interflora.se\/inspiration\/author\/admin\/"},"uagb_comment_info":0,"uagb_excerpt":"Varf\u00f6r firar vi mors dag? Det var en amerikansk kvinna som 1907 fick id\u00e9n om en s\u00e4rskild dag f\u00f6r att [&hellip;]","_links":{"self":[{"href":"https:\/\/www.interflora.se\/inspiration\/wp-json\/wp\/v2\/posts\/6084","targetHints":{"allow":["GET"]}}],"collection":[{"href":"https:\/\/www.interflora.se\/inspiration\/wp-json\/wp\/v2\/posts"}],"about":[{"href":"https:\/\/www.interflora.se\/inspiration\/wp-json\/wp\/v2\/types\/post"}],"author":[{"embeddable":true,"href":"https:\/\/www.interflora.se\/inspiration\/wp-json\/wp\/v2\/users\/1"}],"replies":[{"embeddable":true,"href":"https:\/\/www.interflora.se\/inspiration\/wp-json\/wp\/v2\/comments?post=6084"}],"version-history":[{"count":15,"href":"https:\/\/www.interflora.se\/inspiration\/wp-json\/wp\/v2\/posts\/6084\/revisions"}],"predecessor-version":[{"id":6109,"href":"https:\/\/www.interflora.se\/inspiration\/wp-json\/wp\/v2\/posts\/6084\/revisions\/6109"}],"wp:featuredmedia":[{"embeddable":true,"href":"https:\/\/www.interflora.se\/inspiration\/wp-json\/wp\/v2\/media\/5976"}],"wp:attachment":[{"href":"https:\/\/www.interflora.se\/inspiration\/wp-json\/wp\/v2\/media?parent=6084"}],"wp:term":[{"taxonomy":"category","embeddable":true,"href":"https:\/\/www.interflora.se\/inspiration\/wp-json\/wp\/v2\/categories?post=6084"},{"taxonomy":"post_tag","embeddable":true,"href":"https:\/\/www.interflora.se\/inspiration\/wp-json\/wp\/v2\/tags?post=6084"}],"curies":[{"name":"wp","href":"https:\/\/api.w.org\/{rel}","templated":true}]}}