{"id":60,"date":"2026-01-24T15:50:00","date_gmt":"2026-01-24T14:50:00","guid":{"rendered":"http:\/\/preprodblog.interflora.se\/blog\/?p=60"},"modified":"2026-02-25T13:19:52","modified_gmt":"2026-02-25T12:19:52","slug":"5-karleksfulla-buketter-till-alla-hjartans-dag","status":"publish","type":"post","link":"https:\/\/www.interflora.se\/inspiration\/5-karleksfulla-buketter-till-alla-hjartans-dag\/","title":{"rendered":"5 k\u00e4rleksfulla buketter till Alla hj\u00e4rtans dag"},"content":{"rendered":"\n<p>Romantiska buketter, rosor och tulpaner h\u00f6r till Alla hj\u00e4rtans dag n\u00e4r du vill uppvakta n\u00e5gon du tycker om. Vi visar 5 buketter som kommer att ge fj\u00e4rilar i magen!<\/p>\n\n\n\n<p>Kanske en flickv\u00e4n, man, mamma eller kompis som betyder extra mycket. Att skicka blommor som blombud \u00e4r b\u00e5de romantiskt och enkelt.&nbsp;Oavsett var personen befinner sig s\u00e5 kan du \u00f6verraska hen med ett&nbsp;<a href=\"https:\/\/www.interflora.se\/c\/buketter\/romantiska-blommor\">romantiskt&nbsp;blombud<\/a>.<\/p>\n\n\n\n<div class=\"wp-block-buttons is-content-justification-center is-layout-flex wp-container-core-buttons-is-layout-a89b3969 wp-block-buttons-is-layout-flex\">\n<div class=\"wp-block-button\"><a class=\"wp-block-button__link has-medium-font-size has-text-align-center has-custom-font-size wp-element-button\" href=\"https:\/\/www.interflora.se\/c\/alla-hjartans-dag?utm_source=blog&amp;utm_campaign=post-cta\">Skicka blommor till alla hj\u00e4rtans dag<\/a><\/div>\n<\/div>\n\n\n\n<h2 class=\"wp-block-heading\">1. \u00c4lskar dig<\/h2>\n\n\n\n<p>En vild och romantisk bukett med r\u00f6da rosor, pr\u00e4rieklockor, nejlikor, krysantemum och h\u00e4rligt gr\u00f6nt.\u00a0<a href=\"https:\/\/www.interflora.se\/p\/1234-alskar-dig\/1\">Best\u00e4ll \u00c4lskar dig<\/a>\u00a0till den du tycker om!<\/p>\n\n\n\n<div class=\"wp-block-buttons is-content-justification-center is-layout-flex wp-container-core-buttons-is-layout-a89b3969 wp-block-buttons-is-layout-flex\">\n<div class=\"wp-block-button\"><a class=\"wp-block-button__link has-medium-font-size has-custom-font-size wp-element-button\" href=\"https:\/\/www.interflora.se\/p\/1234-alskar-dig\/1?utm_source=blog&amp;utm_campaign=post-cta\">Best\u00e4ll \u00c4lskar dig<\/a><\/div>\n<\/div>\n\n\n\n<div class=\"wp-block-columns is-layout-flex wp-container-core-columns-is-layout-28f84493 wp-block-columns-is-layout-flex\">\n<div class=\"wp-block-column is-layout-flow wp-block-column-is-layout-flow\">\n<figure class=\"wp-block-image size-large\"><img decoding=\"async\" src=\"https:\/\/www.interflora.se\/inspiration\/wp-content\/uploads\/2025\/03\/1201671-m1-4.5.jpg\" alt=\"\"\/><\/figure>\n<\/div>\n\n\n\n<div class=\"wp-block-column is-layout-flow wp-block-column-is-layout-flow\">\n<figure class=\"wp-block-image size-large\"><img decoding=\"async\" src=\"https:\/\/www.interflora.se\/inspiration\/wp-content\/uploads\/2025\/03\/1201671-4.5.jpg\" alt=\"\"\/><\/figure>\n<\/div>\n<\/div>\n\n\n\n<div style=\"height:10px\" aria-hidden=\"true\" class=\"wp-block-spacer\"><\/div>\n\n\n\n<h2 class=\"wp-block-heading\">2. Love<\/h2>\n\n\n\n<p class=\"has-medium-font-size\">Hur romantiskt \u00e4r det inte att ge bort en bukett som andas k\u00e4rlek och v\u00e4rme?\u00a0<a href=\"https:\/\/www.interflora.se\/p\/628-love\/1\">Buketten Love<\/a>\u00a0\u00e4r en vacker bukett fylld med r\u00f6da och rosa tulpaner tillsammans med vaxblomma och eukalyptus. Perfekt att skicka f\u00f6r att ber\u00e4tta vad du k\u00e4nner!<\/p>\n\n\n\n<div class=\"wp-block-buttons is-content-justification-center is-layout-flex wp-container-core-buttons-is-layout-a89b3969 wp-block-buttons-is-layout-flex\">\n<div class=\"wp-block-button\"><a class=\"wp-block-button__link has-medium-font-size has-custom-font-size wp-element-button\" href=\"https:\/\/www.interflora.se\/p\/628-love\/1?utm_source=blog&amp;utm_campaign=post-cta\">Best\u00e4ll till Alla hj\u00e4rtans dag<\/a><\/div>\n<\/div>\n\n\n\n<div class=\"wp-block-columns is-layout-flex wp-container-core-columns-is-layout-28f84493 wp-block-columns-is-layout-flex\">\n<div class=\"wp-block-column is-layout-flow wp-block-column-is-layout-flow\">\n<figure class=\"wp-block-image size-large\"><img decoding=\"async\" src=\"https:\/\/www.interflora.se\/inspiration\/wp-content\/uploads\/2025\/03\/1201655-4.5.jpg\" alt=\"\"\/><\/figure>\n<\/div>\n\n\n\n<div class=\"wp-block-column is-layout-flow wp-block-column-is-layout-flow\">\n<figure class=\"wp-block-image size-large\"><img decoding=\"async\" src=\"https:\/\/www.interflora.se\/inspiration\/wp-content\/uploads\/2025\/03\/5-karleksfulla-buketter-alla-hjartans-dag-love.jpg\" alt=\"\"\/><\/figure>\n<\/div>\n<\/div>\n\n\n\n<div style=\"height:10px\" aria-hidden=\"true\" class=\"wp-block-spacer\"><\/div>\n\n\n\n<h2 class=\"wp-block-heading\">3. K\u00e4rleksh\u00e4lsning<\/h2>\n\n\n\n<p>Det \u00e4r inte bara rosor som g\u00e4ller p\u00e5 Alla hj\u00e4rtans dag \u2013 det finns m\u00e5nga s\u00e4tt att visa k\u00e4rlek! <strong><a href=\"https:\/\/www.interflora.se\/p\/59472-karlekshalsning\/1\">K\u00e4rleksh\u00e4lsning<\/a><\/strong> \u00e4r en blomstrande bukett i rosa och djupt r\u00f6tt som vackert ramas in av lekfullt gr\u00f6nt. Med nejlikor, krysantemum och alstroemeria \u00e4r den perfekt f\u00f6r att uppvakta den d\u00e4r speciella personen \u2013 oavsett om det \u00e4r din partner, en v\u00e4n eller n\u00e5gon i familjen.<\/p>\n\n\n\n<div class=\"wp-block-buttons is-content-justification-center is-layout-flex wp-container-core-buttons-is-layout-a89b3969 wp-block-buttons-is-layout-flex\">\n<div class=\"wp-block-button\"><a class=\"wp-block-button__link has-medium-font-size has-text-align-center has-custom-font-size wp-element-button\" href=\"https:\/\/www.interflora.se\/p\/59472-karlekshalsning\/1?utm_source=blog&amp;utm_campaign=post-cta\">Skicka K\u00e4rleksh\u00e4lsning<\/a><\/div>\n<\/div>\n\n\n\n<div class=\"wp-block-columns is-layout-flex wp-container-core-columns-is-layout-28f84493 wp-block-columns-is-layout-flex\">\n<div class=\"wp-block-column is-layout-flow wp-block-column-is-layout-flow\">\n<figure class=\"wp-block-image aligncenter size-full\"><img loading=\"lazy\" decoding=\"async\" width=\"542\" height=\"677\" src=\"https:\/\/www.interflora.se\/inspiration\/wp-content\/uploads\/2025\/02\/1744193542-1202743-4-5-2025-m2.avif\" alt=\"K\u00e4rleksh\u00e4lsning Interflora\" class=\"wp-image-5504\" srcset=\"https:\/\/www.interflora.se\/inspiration\/wp-content\/uploads\/2025\/02\/1744193542-1202743-4-5-2025-m2.avif 542w, https:\/\/www.interflora.se\/inspiration\/wp-content\/uploads\/2025\/02\/1744193542-1202743-4-5-2025-m2-240x300.avif 240w\" sizes=\"auto, (max-width: 542px) 100vw, 542px\" \/><\/figure>\n<\/div>\n\n\n\n<div class=\"wp-block-column is-layout-flow wp-block-column-is-layout-flow\">\n<figure class=\"wp-block-image aligncenter size-full\"><img loading=\"lazy\" decoding=\"async\" width=\"542\" height=\"677\" src=\"https:\/\/www.interflora.se\/inspiration\/wp-content\/uploads\/2025\/02\/1744193557-1202743-2024-4-5.avif\" alt=\"K\u00e4rleksh\u00e4lsning Interflora\" class=\"wp-image-5503\" srcset=\"https:\/\/www.interflora.se\/inspiration\/wp-content\/uploads\/2025\/02\/1744193557-1202743-2024-4-5.avif 542w, https:\/\/www.interflora.se\/inspiration\/wp-content\/uploads\/2025\/02\/1744193557-1202743-2024-4-5-240x300.avif 240w\" sizes=\"auto, (max-width: 542px) 100vw, 542px\" \/><\/figure>\n<\/div>\n<\/div>\n\n\n\n<div style=\"height:10px\" aria-hidden=\"true\" class=\"wp-block-spacer\"><\/div>\n\n\n\n<h2 class=\"wp-block-heading\">4. K\u00e4rleksdr\u00f6m<\/h2>\n\n\n\n<p><a href=\"https:\/\/www.interflora.se\/p\/6973-karleksdrom\/1\">K\u00e4rleksdr\u00f6m<\/a>\u00a0\u00e4r den perfekta buketten att uppvakta tulpan\u00e4lskaren med p\u00e5 Alla hj\u00e4rtans dag. R\u00f6da tulpaner i k\u00e4rlekens tecken blandas med vit alstroemeria och eukalyptus.<\/p>\n\n\n\n<div class=\"wp-block-buttons is-content-justification-center is-layout-flex wp-container-core-buttons-is-layout-a89b3969 wp-block-buttons-is-layout-flex\">\n<div class=\"wp-block-button\"><a class=\"wp-block-button__link has-medium-font-size has-text-align-center has-custom-font-size wp-element-button\" href=\"https:\/\/www.interflora.se\/p\/6973-karleksdrom\/1?utm_source=blog&amp;utm_campaign=post-cta\">Skicka K\u00e4rleksdr\u00f6m<\/a><\/div>\n<\/div>\n\n\n\n<div class=\"wp-block-columns is-layout-flex wp-container-core-columns-is-layout-28f84493 wp-block-columns-is-layout-flex\">\n<div class=\"wp-block-column is-layout-flow wp-block-column-is-layout-flow\">\n<figure class=\"wp-block-image size-large\"><img decoding=\"async\" src=\"https:\/\/www.interflora.se\/inspiration\/wp-content\/uploads\/2025\/03\/1202225-4.5.jpg\" alt=\"\"\/><\/figure>\n<\/div>\n\n\n\n<div class=\"wp-block-column is-layout-flow wp-block-column-is-layout-flow\">\n<figure class=\"wp-block-image size-large\"><img decoding=\"async\" src=\"https:\/\/www.interflora.se\/inspiration\/wp-content\/uploads\/2025\/03\/1202225-m1-4.5.jpg\" alt=\"\"\/><\/figure>\n<\/div>\n<\/div>\n\n\n\n<div style=\"height:10px\" aria-hidden=\"true\" class=\"wp-block-spacer\"><\/div>\n\n\n\n<h2 class=\"wp-block-heading\">5. Floristens k\u00e4rleksbukett<\/h2>\n\n\n\n<p>G\u00f6r valet enkelt och l\u00e5t v\u00e5ra kunniga florister f\u00e5 fria h\u00e4nder att skapa en vacker, handbunden bukett med blommor och f\u00e4rger i k\u00e4rlekens anda. Best\u00e4ll\u00a0<a href=\"https:\/\/www.interflora.se\/p\/4336-floristens-karleksbukett\/1\">Floristens k\u00e4rleksbukett<\/a>\u00a0till den du tycker om!\u00a0<\/p>\n\n\n\n<div class=\"wp-block-buttons has-custom-font-size has-medium-font-size is-content-justification-center is-layout-flex wp-container-core-buttons-is-layout-a89b3969 wp-block-buttons-is-layout-flex\">\n<div class=\"wp-block-button\"><a class=\"wp-block-button__link wp-element-button\" href=\"https:\/\/www.interflora.se\/p\/4336-floristens-karleksbukett\/1?utm_source=blog&amp;utm_campaign=post-cta\">L\u00e5t floristen skapa din k\u00e4rleksbukett<\/a><\/div>\n<\/div>\n\n\n\n<div class=\"wp-block-columns is-layout-flex wp-container-core-columns-is-layout-28f84493 wp-block-columns-is-layout-flex\">\n<div class=\"wp-block-column is-layout-flow wp-block-column-is-layout-flow\">\n<figure class=\"wp-block-image size-large\"><img decoding=\"async\" src=\"https:\/\/www.interflora.se\/inspiration\/wp-content\/uploads\/2025\/03\/interflora-alla-hjartans-dag-floristens-val.jpg\" alt=\"\"\/><\/figure>\n<\/div>\n\n\n\n<div class=\"wp-block-column is-layout-flow wp-block-column-is-layout-flow\">\n<figure class=\"wp-block-image size-large\"><img decoding=\"async\" src=\"https:\/\/www.interflora.se\/inspiration\/wp-content\/uploads\/2025\/03\/1201835-m3-4.5.jpg\" alt=\"\"\/><\/figure>\n<\/div>\n<\/div>\n","protected":false},"excerpt":{"rendered":"<p>Romantiska buketter, rosor och tulpaner h\u00f6r till Alla hj\u00e4rtans dag n\u00e4r du vill uppvakta n\u00e5gon du tycker om. Vi visar [&hellip;]<\/p>\n","protected":false},"author":1,"featured_media":1037,"comment_status":"open","ping_status":"open","sticky":false,"template":"","format":"standard","meta":{"_uag_custom_page_level_css":"","site-sidebar-layout":"default","site-content-layout":"","ast-site-content-layout":"default","site-content-style":"default","site-sidebar-style":"default","ast-global-header-display":"","ast-banner-title-visibility":"","ast-main-header-display":"","ast-hfb-above-header-display":"","ast-hfb-below-header-display":"","ast-hfb-mobile-header-display":"","site-post-title":"","ast-breadcrumbs-content":"","ast-featured-img":"","footer-sml-layout":"","ast-disable-related-posts":"","theme-transparent-header-meta":"","adv-header-id-meta":"","stick-header-meta":"","header-above-stick-meta":"","header-main-stick-meta":"","header-below-stick-meta":"","astra-migrate-meta-layouts":"default","ast-page-background-enabled":"default","ast-page-background-meta":{"desktop":{"background-color":"var(--ast-global-color-5)","background-image":"","background-repeat":"repeat","background-position":"center center","background-size":"auto","background-attachment":"scroll","background-type":"","background-media":"","overlay-type":"","overlay-color":"","overlay-opacity":"","overlay-gradient":""},"tablet":{"background-color":"","background-image":"","background-repeat":"repeat","background-position":"center center","background-size":"auto","background-attachment":"scroll","background-type":"","background-media":"","overlay-type":"","overlay-color":"","overlay-opacity":"","overlay-gradient":""},"mobile":{"background-color":"","background-image":"","background-repeat":"repeat","background-position":"center center","background-size":"auto","background-attachment":"scroll","background-type":"","background-media":"","overlay-type":"","overlay-color":"","overlay-opacity":"","overlay-gradient":""}},"ast-content-background-meta":{"desktop":{"background-color":"var(--ast-global-color-4)","background-image":"","background-repeat":"repeat","background-position":"center center","background-size":"auto","background-attachment":"scroll","background-type":"","background-media":"","overlay-type":"","overlay-color":"","overlay-opacity":"","overlay-gradient":""},"tablet":{"background-color":"var(--ast-global-color-4)","background-image":"","background-repeat":"repeat","background-position":"center center","background-size":"auto","background-attachment":"scroll","background-type":"","background-media":"","overlay-type":"","overlay-color":"","overlay-opacity":"","overlay-gradient":""},"mobile":{"background-color":"var(--ast-global-color-4)","background-image":"","background-repeat":"repeat","background-position":"center center","background-size":"auto","background-attachment":"scroll","background-type":"","background-media":"","overlay-type":"","overlay-color":"","overlay-opacity":"","overlay-gradient":""}},"footnotes":""},"categories":[30,4],"tags":[],"class_list":["post-60","post","type-post","status-publish","format-standard","has-post-thumbnail","hentry","category-alla-hjartans-dag","category-tips"],"yoast_head":"<!-- This site is optimized with the Yoast SEO plugin v27.4 - https:\/\/yoast.com\/product\/yoast-seo-wordpress\/ -->\n<title>5 k\u00e4rleksfulla buketter till Alla hj\u00e4rtans dag | Interflora<\/title>\n<meta name=\"robots\" content=\"index, follow, max-snippet:-1, max-image-preview:large, max-video-preview:-1\" \/>\n<link rel=\"canonical\" href=\"https:\/\/www.interflora.se\/inspiration\/5-karleksfulla-buketter-till-alla-hjartans-dag\/\" \/>\n<meta property=\"og:locale\" content=\"sv_SE\" \/>\n<meta property=\"og:type\" content=\"article\" \/>\n<meta property=\"og:title\" content=\"5 k\u00e4rleksfulla buketter till Alla hj\u00e4rtans dag | Interflora\" \/>\n<meta property=\"og:description\" content=\"Romantiska buketter, rosor och tulpaner h\u00f6r till Alla hj\u00e4rtans dag n\u00e4r du vill uppvakta n\u00e5gon du tycker om. Vi visar [&hellip;]\" \/>\n<meta property=\"og:url\" content=\"https:\/\/www.interflora.se\/inspiration\/5-karleksfulla-buketter-till-alla-hjartans-dag\/\" \/>\n<meta property=\"og:site_name\" content=\"Inspiration om blommor, krukv\u00e4xter &amp; trender | Interflora\" \/>\n<meta property=\"article:publisher\" content=\"https:\/\/www.facebook.com\/InterfloraAB\" \/>\n<meta property=\"article:published_time\" content=\"2026-01-24T14:50:00+00:00\" \/>\n<meta property=\"article:modified_time\" content=\"2026-02-25T12:19:52+00:00\" \/>\n<meta property=\"og:image\" content=\"https:\/\/www.interflora.se\/inspiration\/wp-content\/uploads\/2025\/03\/1201835-m3-4.5.jpg\" \/>\n\t<meta property=\"og:image:width\" content=\"745\" \/>\n\t<meta property=\"og:image:height\" content=\"931\" \/>\n\t<meta property=\"og:image:type\" content=\"image\/jpeg\" \/>\n<meta name=\"author\" content=\"admin\" \/>\n<meta name=\"twitter:card\" content=\"summary_large_image\" \/>\n<meta name=\"twitter:label1\" content=\"Skriven av\" \/>\n\t<meta name=\"twitter:data1\" content=\"admin\" \/>\n\t<meta name=\"twitter:label2\" content=\"Ber\u00e4knad l\u00e4stid\" \/>\n\t<meta name=\"twitter:data2\" content=\"1 minut\" \/>\n<script type=\"application\/ld+json\" class=\"yoast-schema-graph\">{\"@context\":\"https:\\\/\\\/schema.org\",\"@graph\":[{\"@type\":\"Article\",\"@id\":\"https:\\\/\\\/www.interflora.se\\\/inspiration\\\/5-karleksfulla-buketter-till-alla-hjartans-dag\\\/#article\",\"isPartOf\":{\"@id\":\"https:\\\/\\\/www.interflora.se\\\/inspiration\\\/5-karleksfulla-buketter-till-alla-hjartans-dag\\\/\"},\"author\":{\"name\":\"admin\",\"@id\":\"https:\\\/\\\/www.interflora.se\\\/inspiration\\\/#\\\/schema\\\/person\\\/dbbd1ad45e05409c356dc639597669f2\"},\"headline\":\"5 k\u00e4rleksfulla buketter till Alla hj\u00e4rtans dag\",\"datePublished\":\"2026-01-24T14:50:00+00:00\",\"dateModified\":\"2026-02-25T12:19:52+00:00\",\"mainEntityOfPage\":{\"@id\":\"https:\\\/\\\/www.interflora.se\\\/inspiration\\\/5-karleksfulla-buketter-till-alla-hjartans-dag\\\/\"},\"wordCount\":345,\"commentCount\":0,\"publisher\":{\"@id\":\"https:\\\/\\\/www.interflora.se\\\/inspiration\\\/#organization\"},\"image\":{\"@id\":\"https:\\\/\\\/www.interflora.se\\\/inspiration\\\/5-karleksfulla-buketter-till-alla-hjartans-dag\\\/#primaryimage\"},\"thumbnailUrl\":\"https:\\\/\\\/www.interflora.se\\\/inspiration\\\/wp-content\\\/uploads\\\/2025\\\/03\\\/1201835-m3-4.5.jpg\",\"articleSection\":[\"Alla hj\u00e4rtans dag\",\"Tips\"],\"inLanguage\":\"sv-SE\",\"potentialAction\":[{\"@type\":\"CommentAction\",\"name\":\"Comment\",\"target\":[\"https:\\\/\\\/www.interflora.se\\\/inspiration\\\/5-karleksfulla-buketter-till-alla-hjartans-dag\\\/#respond\"]}]},{\"@type\":\"WebPage\",\"@id\":\"https:\\\/\\\/www.interflora.se\\\/inspiration\\\/5-karleksfulla-buketter-till-alla-hjartans-dag\\\/\",\"url\":\"https:\\\/\\\/www.interflora.se\\\/inspiration\\\/5-karleksfulla-buketter-till-alla-hjartans-dag\\\/\",\"name\":\"5 k\u00e4rleksfulla buketter till Alla hj\u00e4rtans dag | Interflora\",\"isPartOf\":{\"@id\":\"https:\\\/\\\/www.interflora.se\\\/inspiration\\\/#website\"},\"primaryImageOfPage\":{\"@id\":\"https:\\\/\\\/www.interflora.se\\\/inspiration\\\/5-karleksfulla-buketter-till-alla-hjartans-dag\\\/#primaryimage\"},\"image\":{\"@id\":\"https:\\\/\\\/www.interflora.se\\\/inspiration\\\/5-karleksfulla-buketter-till-alla-hjartans-dag\\\/#primaryimage\"},\"thumbnailUrl\":\"https:\\\/\\\/www.interflora.se\\\/inspiration\\\/wp-content\\\/uploads\\\/2025\\\/03\\\/1201835-m3-4.5.jpg\",\"datePublished\":\"2026-01-24T14:50:00+00:00\",\"dateModified\":\"2026-02-25T12:19:52+00:00\",\"breadcrumb\":{\"@id\":\"https:\\\/\\\/www.interflora.se\\\/inspiration\\\/5-karleksfulla-buketter-till-alla-hjartans-dag\\\/#breadcrumb\"},\"inLanguage\":\"sv-SE\",\"potentialAction\":[{\"@type\":\"ReadAction\",\"target\":[\"https:\\\/\\\/www.interflora.se\\\/inspiration\\\/5-karleksfulla-buketter-till-alla-hjartans-dag\\\/\"]}]},{\"@type\":\"ImageObject\",\"inLanguage\":\"sv-SE\",\"@id\":\"https:\\\/\\\/www.interflora.se\\\/inspiration\\\/5-karleksfulla-buketter-till-alla-hjartans-dag\\\/#primaryimage\",\"url\":\"https:\\\/\\\/www.interflora.se\\\/inspiration\\\/wp-content\\\/uploads\\\/2025\\\/03\\\/1201835-m3-4.5.jpg\",\"contentUrl\":\"https:\\\/\\\/www.interflora.se\\\/inspiration\\\/wp-content\\\/uploads\\\/2025\\\/03\\\/1201835-m3-4.5.jpg\",\"width\":745,\"height\":931},{\"@type\":\"BreadcrumbList\",\"@id\":\"https:\\\/\\\/www.interflora.se\\\/inspiration\\\/5-karleksfulla-buketter-till-alla-hjartans-dag\\\/#breadcrumb\",\"itemListElement\":[{\"@type\":\"ListItem\",\"position\":1,\"name\":\"Home\",\"item\":\"https:\\\/\\\/www.interflora.se\\\/inspiration\\\/\"},{\"@type\":\"ListItem\",\"position\":2,\"name\":\"5 k\u00e4rleksfulla buketter till Alla hj\u00e4rtans dag\"}]},{\"@type\":\"WebSite\",\"@id\":\"https:\\\/\\\/www.interflora.se\\\/inspiration\\\/#website\",\"url\":\"https:\\\/\\\/www.interflora.se\\\/inspiration\\\/\",\"name\":\"Interflora\",\"description\":\"\",\"publisher\":{\"@id\":\"https:\\\/\\\/www.interflora.se\\\/inspiration\\\/#organization\"},\"potentialAction\":[{\"@type\":\"SearchAction\",\"target\":{\"@type\":\"EntryPoint\",\"urlTemplate\":\"https:\\\/\\\/www.interflora.se\\\/inspiration\\\/?s={search_term_string}\"},\"query-input\":{\"@type\":\"PropertyValueSpecification\",\"valueRequired\":true,\"valueName\":\"search_term_string\"}}],\"inLanguage\":\"sv-SE\"},{\"@type\":\"Organization\",\"@id\":\"https:\\\/\\\/www.interflora.se\\\/inspiration\\\/#organization\",\"name\":\"Interflora\",\"url\":\"https:\\\/\\\/www.interflora.se\\\/inspiration\\\/\",\"logo\":{\"@type\":\"ImageObject\",\"inLanguage\":\"sv-SE\",\"@id\":\"https:\\\/\\\/www.interflora.se\\\/inspiration\\\/#\\\/schema\\\/logo\\\/image\\\/\",\"url\":\"https:\\\/\\\/www.interflora.se\\\/inspiration\\\/wp-content\\\/uploads\\\/2025\\\/09\\\/cropped-220422_INTERFLORA_Logo_rgb_Half_Top_Circle_Main_Color.avif\",\"contentUrl\":\"https:\\\/\\\/www.interflora.se\\\/inspiration\\\/wp-content\\\/uploads\\\/2025\\\/09\\\/cropped-220422_INTERFLORA_Logo_rgb_Half_Top_Circle_Main_Color.avif\",\"width\":1418,\"height\":662,\"caption\":\"Interflora\"},\"image\":{\"@id\":\"https:\\\/\\\/www.interflora.se\\\/inspiration\\\/#\\\/schema\\\/logo\\\/image\\\/\"},\"sameAs\":[\"https:\\\/\\\/www.facebook.com\\\/InterfloraAB\",\"https:\\\/\\\/www.instagram.com\\\/interflora_ab\\\/\",\"https:\\\/\\\/www.linkedin.com\\\/company\\\/1494362\",\"https:\\\/\\\/www.youtube.com\\\/channel\\\/UCZgDzGWB2VRxaoWFUmXnk1w\"]},{\"@type\":\"Person\",\"@id\":\"https:\\\/\\\/www.interflora.se\\\/inspiration\\\/#\\\/schema\\\/person\\\/dbbd1ad45e05409c356dc639597669f2\",\"name\":\"admin\",\"image\":{\"@type\":\"ImageObject\",\"inLanguage\":\"sv-SE\",\"@id\":\"https:\\\/\\\/www.interflora.se\\\/inspiration\\\/wp-content\\\/litespeed\\\/avatar\\\/1fe3cced9e67df62d0a6f995d75823a5.jpg?ver=1777362393\",\"url\":\"https:\\\/\\\/www.interflora.se\\\/inspiration\\\/wp-content\\\/litespeed\\\/avatar\\\/1fe3cced9e67df62d0a6f995d75823a5.jpg?ver=1777362393\",\"contentUrl\":\"https:\\\/\\\/www.interflora.se\\\/inspiration\\\/wp-content\\\/litespeed\\\/avatar\\\/1fe3cced9e67df62d0a6f995d75823a5.jpg?ver=1777362393\",\"caption\":\"admin\"},\"sameAs\":[\"https:\\\/\\\/www.interflora.se\\\/inspiration\"],\"url\":\"https:\\\/\\\/www.interflora.se\\\/inspiration\\\/author\\\/admin\\\/\"}]}<\/script>\n<!-- \/ Yoast SEO plugin. -->","yoast_head_json":{"title":"5 k\u00e4rleksfulla buketter till Alla hj\u00e4rtans dag | Interflora","robots":{"index":"index","follow":"follow","max-snippet":"max-snippet:-1","max-image-preview":"max-image-preview:large","max-video-preview":"max-video-preview:-1"},"canonical":"https:\/\/www.interflora.se\/inspiration\/5-karleksfulla-buketter-till-alla-hjartans-dag\/","og_locale":"sv_SE","og_type":"article","og_title":"5 k\u00e4rleksfulla buketter till Alla hj\u00e4rtans dag | Interflora","og_description":"Romantiska buketter, rosor och tulpaner h\u00f6r till Alla hj\u00e4rtans dag n\u00e4r du vill uppvakta n\u00e5gon du tycker om. Vi visar [&hellip;]","og_url":"https:\/\/www.interflora.se\/inspiration\/5-karleksfulla-buketter-till-alla-hjartans-dag\/","og_site_name":"Inspiration om blommor, krukv\u00e4xter &amp; trender | Interflora","article_publisher":"https:\/\/www.facebook.com\/InterfloraAB","article_published_time":"2026-01-24T14:50:00+00:00","article_modified_time":"2026-02-25T12:19:52+00:00","og_image":[{"width":745,"height":931,"url":"https:\/\/www.interflora.se\/inspiration\/wp-content\/uploads\/2025\/03\/1201835-m3-4.5.jpg","type":"image\/jpeg"}],"author":"admin","twitter_card":"summary_large_image","twitter_misc":{"Skriven av":"admin","Ber\u00e4knad l\u00e4stid":"1 minut"},"schema":{"@context":"https:\/\/schema.org","@graph":[{"@type":"Article","@id":"https:\/\/www.interflora.se\/inspiration\/5-karleksfulla-buketter-till-alla-hjartans-dag\/#article","isPartOf":{"@id":"https:\/\/www.interflora.se\/inspiration\/5-karleksfulla-buketter-till-alla-hjartans-dag\/"},"author":{"name":"admin","@id":"https:\/\/www.interflora.se\/inspiration\/#\/schema\/person\/dbbd1ad45e05409c356dc639597669f2"},"headline":"5 k\u00e4rleksfulla buketter till Alla hj\u00e4rtans dag","datePublished":"2026-01-24T14:50:00+00:00","dateModified":"2026-02-25T12:19:52+00:00","mainEntityOfPage":{"@id":"https:\/\/www.interflora.se\/inspiration\/5-karleksfulla-buketter-till-alla-hjartans-dag\/"},"wordCount":345,"commentCount":0,"publisher":{"@id":"https:\/\/www.interflora.se\/inspiration\/#organization"},"image":{"@id":"https:\/\/www.interflora.se\/inspiration\/5-karleksfulla-buketter-till-alla-hjartans-dag\/#primaryimage"},"thumbnailUrl":"https:\/\/www.interflora.se\/inspiration\/wp-content\/uploads\/2025\/03\/1201835-m3-4.5.jpg","articleSection":["Alla hj\u00e4rtans dag","Tips"],"inLanguage":"sv-SE","potentialAction":[{"@type":"CommentAction","name":"Comment","target":["https:\/\/www.interflora.se\/inspiration\/5-karleksfulla-buketter-till-alla-hjartans-dag\/#respond"]}]},{"@type":"WebPage","@id":"https:\/\/www.interflora.se\/inspiration\/5-karleksfulla-buketter-till-alla-hjartans-dag\/","url":"https:\/\/www.interflora.se\/inspiration\/5-karleksfulla-buketter-till-alla-hjartans-dag\/","name":"5 k\u00e4rleksfulla buketter till Alla hj\u00e4rtans dag | Interflora","isPartOf":{"@id":"https:\/\/www.interflora.se\/inspiration\/#website"},"primaryImageOfPage":{"@id":"https:\/\/www.interflora.se\/inspiration\/5-karleksfulla-buketter-till-alla-hjartans-dag\/#primaryimage"},"image":{"@id":"https:\/\/www.interflora.se\/inspiration\/5-karleksfulla-buketter-till-alla-hjartans-dag\/#primaryimage"},"thumbnailUrl":"https:\/\/www.interflora.se\/inspiration\/wp-content\/uploads\/2025\/03\/1201835-m3-4.5.jpg","datePublished":"2026-01-24T14:50:00+00:00","dateModified":"2026-02-25T12:19:52+00:00","breadcrumb":{"@id":"https:\/\/www.interflora.se\/inspiration\/5-karleksfulla-buketter-till-alla-hjartans-dag\/#breadcrumb"},"inLanguage":"sv-SE","potentialAction":[{"@type":"ReadAction","target":["https:\/\/www.interflora.se\/inspiration\/5-karleksfulla-buketter-till-alla-hjartans-dag\/"]}]},{"@type":"ImageObject","inLanguage":"sv-SE","@id":"https:\/\/www.interflora.se\/inspiration\/5-karleksfulla-buketter-till-alla-hjartans-dag\/#primaryimage","url":"https:\/\/www.interflora.se\/inspiration\/wp-content\/uploads\/2025\/03\/1201835-m3-4.5.jpg","contentUrl":"https:\/\/www.interflora.se\/inspiration\/wp-content\/uploads\/2025\/03\/1201835-m3-4.5.jpg","width":745,"height":931},{"@type":"BreadcrumbList","@id":"https:\/\/www.interflora.se\/inspiration\/5-karleksfulla-buketter-till-alla-hjartans-dag\/#breadcrumb","itemListElement":[{"@type":"ListItem","position":1,"name":"Home","item":"https:\/\/www.interflora.se\/inspiration\/"},{"@type":"ListItem","position":2,"name":"5 k\u00e4rleksfulla buketter till Alla hj\u00e4rtans dag"}]},{"@type":"WebSite","@id":"https:\/\/www.interflora.se\/inspiration\/#website","url":"https:\/\/www.interflora.se\/inspiration\/","name":"Interflora","description":"","publisher":{"@id":"https:\/\/www.interflora.se\/inspiration\/#organization"},"potentialAction":[{"@type":"SearchAction","target":{"@type":"EntryPoint","urlTemplate":"https:\/\/www.interflora.se\/inspiration\/?s={search_term_string}"},"query-input":{"@type":"PropertyValueSpecification","valueRequired":true,"valueName":"search_term_string"}}],"inLanguage":"sv-SE"},{"@type":"Organization","@id":"https:\/\/www.interflora.se\/inspiration\/#organization","name":"Interflora","url":"https:\/\/www.interflora.se\/inspiration\/","logo":{"@type":"ImageObject","inLanguage":"sv-SE","@id":"https:\/\/www.interflora.se\/inspiration\/#\/schema\/logo\/image\/","url":"https:\/\/www.interflora.se\/inspiration\/wp-content\/uploads\/2025\/09\/cropped-220422_INTERFLORA_Logo_rgb_Half_Top_Circle_Main_Color.avif","contentUrl":"https:\/\/www.interflora.se\/inspiration\/wp-content\/uploads\/2025\/09\/cropped-220422_INTERFLORA_Logo_rgb_Half_Top_Circle_Main_Color.avif","width":1418,"height":662,"caption":"Interflora"},"image":{"@id":"https:\/\/www.interflora.se\/inspiration\/#\/schema\/logo\/image\/"},"sameAs":["https:\/\/www.facebook.com\/InterfloraAB","https:\/\/www.instagram.com\/interflora_ab\/","https:\/\/www.linkedin.com\/company\/1494362","https:\/\/www.youtube.com\/channel\/UCZgDzGWB2VRxaoWFUmXnk1w"]},{"@type":"Person","@id":"https:\/\/www.interflora.se\/inspiration\/#\/schema\/person\/dbbd1ad45e05409c356dc639597669f2","name":"admin","image":{"@type":"ImageObject","inLanguage":"sv-SE","@id":"https:\/\/www.interflora.se\/inspiration\/wp-content\/litespeed\/avatar\/1fe3cced9e67df62d0a6f995d75823a5.jpg?ver=1777362393","url":"https:\/\/www.interflora.se\/inspiration\/wp-content\/litespeed\/avatar\/1fe3cced9e67df62d0a6f995d75823a5.jpg?ver=1777362393","contentUrl":"https:\/\/www.interflora.se\/inspiration\/wp-content\/litespeed\/avatar\/1fe3cced9e67df62d0a6f995d75823a5.jpg?ver=1777362393","caption":"admin"},"sameAs":["https:\/\/www.interflora.se\/inspiration"],"url":"https:\/\/www.interflora.se\/inspiration\/author\/admin\/"}]}},"uagb_featured_image_src":{"full":["https:\/\/www.interflora.se\/inspiration\/wp-content\/uploads\/2025\/03\/1201835-m3-4.5.jpg",745,931,false],"thumbnail":["https:\/\/www.interflora.se\/inspiration\/wp-content\/uploads\/2025\/03\/1201835-m3-4.5-150x150.jpg",150,150,true],"medium":["https:\/\/www.interflora.se\/inspiration\/wp-content\/uploads\/2025\/03\/1201835-m3-4.5-240x300.jpg",240,300,true],"medium_large":["https:\/\/www.interflora.se\/inspiration\/wp-content\/uploads\/2025\/03\/1201835-m3-4.5.jpg",745,931,false],"large":["https:\/\/www.interflora.se\/inspiration\/wp-content\/uploads\/2025\/03\/1201835-m3-4.5.jpg",745,931,false],"1536x1536":["https:\/\/www.interflora.se\/inspiration\/wp-content\/uploads\/2025\/03\/1201835-m3-4.5.jpg",745,931,false],"2048x2048":["https:\/\/www.interflora.se\/inspiration\/wp-content\/uploads\/2025\/03\/1201835-m3-4.5.jpg",745,931,false]},"uagb_author_info":{"display_name":"admin","author_link":"https:\/\/www.interflora.se\/inspiration\/author\/admin\/"},"uagb_comment_info":0,"uagb_excerpt":"Romantiska buketter, rosor och tulpaner h\u00f6r till Alla hj\u00e4rtans dag n\u00e4r du vill uppvakta n\u00e5gon du tycker om. Vi visar [&hellip;]","_links":{"self":[{"href":"https:\/\/www.interflora.se\/inspiration\/wp-json\/wp\/v2\/posts\/60","targetHints":{"allow":["GET"]}}],"collection":[{"href":"https:\/\/www.interflora.se\/inspiration\/wp-json\/wp\/v2\/posts"}],"about":[{"href":"https:\/\/www.interflora.se\/inspiration\/wp-json\/wp\/v2\/types\/post"}],"author":[{"embeddable":true,"href":"https:\/\/www.interflora.se\/inspiration\/wp-json\/wp\/v2\/users\/1"}],"replies":[{"embeddable":true,"href":"https:\/\/www.interflora.se\/inspiration\/wp-json\/wp\/v2\/comments?post=60"}],"version-history":[{"count":3,"href":"https:\/\/www.interflora.se\/inspiration\/wp-json\/wp\/v2\/posts\/60\/revisions"}],"predecessor-version":[{"id":5505,"href":"https:\/\/www.interflora.se\/inspiration\/wp-json\/wp\/v2\/posts\/60\/revisions\/5505"}],"wp:featuredmedia":[{"embeddable":true,"href":"https:\/\/www.interflora.se\/inspiration\/wp-json\/wp\/v2\/media\/1037"}],"wp:attachment":[{"href":"https:\/\/www.interflora.se\/inspiration\/wp-json\/wp\/v2\/media?parent=60"}],"wp:term":[{"taxonomy":"category","embeddable":true,"href":"https:\/\/www.interflora.se\/inspiration\/wp-json\/wp\/v2\/categories?post=60"},{"taxonomy":"post_tag","embeddable":true,"href":"https:\/\/www.interflora.se\/inspiration\/wp-json\/wp\/v2\/tags?post=60"}],"curies":[{"name":"wp","href":"https:\/\/api.w.org\/{rel}","templated":true}]}}