{"id":57,"date":"2023-06-22T01:05:21","date_gmt":"2023-06-21T23:05:21","guid":{"rendered":"http:\/\/preprodblog.interflora.se\/blog\/?p=57"},"modified":"2025-03-28T11:21:56","modified_gmt":"2025-03-28T10:21:56","slug":"5-fina-tips-for-sommarfesten","status":"publish","type":"post","link":"https:\/\/www.interflora.se\/inspiration\/5-fina-tips-for-sommarfesten\/","title":{"rendered":"5 fina tips f\u00f6r sommarfesten"},"content":{"rendered":"\n<p>Sommaren \u00e4r fylld med festligheter \u2013 studentmottagningar, midsommar och mingel. H\u00e4r \u00e4r fem fina tips som f\u00e5r festen att blomstra!<\/p>\n\n\n\n<h2 class=\"wp-block-heading\">1. Blommiga isbitar<\/h2>\n\n\n\n<p>Blommiga isbitar \u00e4r fina i festglasen. H\u00e4r \u00e4r n\u00e5gra sorter du kan anv\u00e4nda om du har odlat dem sj\u00e4lv eller har m\u00f6jlighet att k\u00f6pa ekologiskt:<\/p>\n\n\n\n<ul class=\"wp-block-list\">\n<li>Viol<\/li>\n\n\n\n<li>Gurk\u00f6rt<\/li>\n\n\n\n<li>Krasse<\/li>\n\n\n\n<li>Gr\u00e4sl\u00f6ksblomma<\/li>\n\n\n\n<li>Ringblomma<\/li>\n\n\n\n<li>Lavendel<\/li>\n\n\n\n<li>Socker\u00e4rtsblomma<\/li>\n\n\n\n<li>Kamomill<\/li>\n\n\n\n<li>Syren<\/li>\n<\/ul>\n\n\n\n<h3 class=\"wp-block-heading\">G\u00f6r s\u00e5 h\u00e4r:<\/h3>\n\n\n\n<p>1. Fyll p\u00e5 med vatten halvv\u00e4gs. L\u00e5t frysa.<br>2. L\u00e4gg p\u00e5 blommorna, fyll p\u00e5 med mer vatten och frys igen.<\/p>\n\n\n\n<div class=\"wp-block-columns is-layout-flex wp-container-core-columns-is-layout-28f84493 wp-block-columns-is-layout-flex\">\n<div class=\"wp-block-column is-layout-flow wp-block-column-is-layout-flow\">\n<figure class=\"wp-block-image size-large\"><img decoding=\"async\" src=\"https:\/\/www.interflora.se\/inspiration\/wp-content\/uploads\/2025\/03\/blommiga-isbitar-3.jpg\" alt=\"\"\/><\/figure>\n<\/div>\n\n\n\n<div class=\"wp-block-column is-layout-flow wp-block-column-is-layout-flow\">\n<figure class=\"wp-block-image size-large\"><img decoding=\"async\" src=\"https:\/\/www.interflora.se\/inspiration\/wp-content\/uploads\/2025\/03\/blommiga-isbitar-2.jpg\" alt=\"\"\/><\/figure>\n<\/div>\n<\/div>\n\n\n\n<h2 class=\"wp-block-heading\">2. Blomsterkrans<\/h2>\n\n\n\n<p>Bind huvudkransen i lugn och ro dagen f\u00f6re sommarfesten. Spreja med vatten, l\u00e4gg i plastp\u00e5se, f\u00f6rslut och f\u00f6rvara i kylen tills det \u00e4r dags.<\/p>\n\n\n\n<div class=\"wp-block-columns is-layout-flex wp-container-core-columns-is-layout-28f84493 wp-block-columns-is-layout-flex\">\n<div class=\"wp-block-column is-layout-flow wp-block-column-is-layout-flow\">\n<figure class=\"wp-block-image size-large\"><img decoding=\"async\" src=\"https:\/\/www.interflora.se\/inspiration\/wp-content\/uploads\/2025\/03\/5-fina-tips-for-sommarfesten-krans.jpg\" alt=\"\"\/><\/figure>\n<\/div>\n\n\n\n<div class=\"wp-block-column is-layout-flow wp-block-column-is-layout-flow\">\n<figure class=\"wp-block-image size-large\"><img decoding=\"async\" src=\"https:\/\/www.interflora.se\/inspiration\/wp-content\/uploads\/2025\/03\/5-fina-tips-for-sommarfesten-krans-2.jpg\" alt=\"\"\/><\/figure>\n<\/div>\n<\/div>\n\n\n\n<h2 class=\"wp-block-heading\">3. Blomsterstr\u00f6ssel<\/h2>\n\n\n\n<p>Torka \u00e4tbara blommor och str\u00f6 p\u00e5 desserten, det blir b\u00e5de dekorativt och lite kryddigt! Ringblommor, pens\u00e9er, bl\u00e5klint och malva blir perfekt str\u00f6ssel. Odla dem p\u00e5 balkongen eller i tr\u00e4dg\u00e5rden, anv\u00e4nd ekologisk jord om de ska \u00e4tas.<\/p>\n\n\n\n<h3 class=\"wp-block-heading\">G\u00f6r s\u00e5 h\u00e4r:<\/h3>\n\n\n\n<p>1. Plocka blommorna och noppa av kronbladen ett och ett.<br>2. L\u00e4gg kronbladen i en korg, p\u00e5 tidningspapper eller i kaffefilter och l\u00e5t torka luftigt.<br>3. N\u00e5gra dagar senare \u00e4r det klart! H\u00e4ll \u00f6ver ditt str\u00f6ssel i en burk med lock om du inte ska anv\u00e4nda det direkt.<\/p>\n\n\n\n<div class=\"wp-block-columns is-layout-flex wp-container-core-columns-is-layout-28f84493 wp-block-columns-is-layout-flex\">\n<div class=\"wp-block-column is-layout-flow wp-block-column-is-layout-flow\">\n<figure class=\"wp-block-image size-large\"><img decoding=\"async\" src=\"https:\/\/www.interflora.se\/inspiration\/wp-content\/uploads\/2025\/03\/blomstrossel-1.jpg\" alt=\"\"\/><\/figure>\n<\/div>\n\n\n\n<div class=\"wp-block-column is-layout-flow wp-block-column-is-layout-flow\">\n<figure class=\"wp-block-image size-large\"><img decoding=\"async\" src=\"https:\/\/www.interflora.se\/inspiration\/wp-content\/uploads\/2025\/03\/blomstrossel-2.jpg\" alt=\"\"\/><\/figure>\n<\/div>\n<\/div>\n\n\n\n<h2 class=\"wp-block-heading\">4. \u00c4tbar blomsterdekoration<\/h2>\n\n\n\n<p>Ibland \u00e4r det enkla det finaste. Plocka en syrenklase fr\u00e5n tr\u00e4dg\u00e5rden och dra loss n\u00e5gra sm\u00e5 blommor en och en. Eller v\u00e4lj en annan \u00e4tbar blomma i s\u00e4song (se listan ovan). L\u00e4gg i glaset, p\u00e5 t\u00e5rtan, i tekoppen, p\u00e5 glassen eller i salladen. Festligt p\u00e5 under minuten!<\/p>\n\n\n\n<div class=\"wp-block-columns is-layout-flex wp-container-core-columns-is-layout-28f84493 wp-block-columns-is-layout-flex\">\n<div class=\"wp-block-column is-layout-flow wp-block-column-is-layout-flow\">\n<figure class=\"wp-block-image size-large\"><img decoding=\"async\" src=\"https:\/\/www.interflora.se\/inspiration\/wp-content\/uploads\/2025\/03\/5-fina-tips-for-sommarfesten-atbar-dekoration.jpg\" alt=\"\"\/><\/figure>\n<\/div>\n\n\n\n<div class=\"wp-block-column is-layout-flow wp-block-column-is-layout-flow\">\n<figure class=\"wp-block-image size-large\"><img decoding=\"async\" src=\"https:\/\/www.interflora.se\/inspiration\/wp-content\/uploads\/2025\/03\/1_atbar-blomsterdekoration.jpg\" alt=\"\"\/><\/figure>\n<\/div>\n<\/div>\n\n\n\n<h2 class=\"wp-block-heading\">5. Festfint glas<\/h2>\n\n\n\n<p>Ge varje g\u00e4st en egen blomma p\u00e5 glaset! Knyt den runt om foten eller f\u00e4st den utanp\u00e5 kanten med en liten kl\u00e4dnypa.<\/p>\n\n\n\n<figure class=\"wp-block-image aligncenter size-large\"><img loading=\"lazy\" decoding=\"async\" width=\"1024\" height=\"683\" src=\"https:\/\/www.interflora.se\/inspiration\/wp-content\/uploads\/2023\/09\/image-11-1024x683.png\" alt=\"\" class=\"wp-image-2332\" srcset=\"https:\/\/www.interflora.se\/inspiration\/wp-content\/uploads\/2023\/09\/image-11-1024x683.png 1024w, https:\/\/www.interflora.se\/inspiration\/wp-content\/uploads\/2023\/09\/image-11-300x200.png 300w, https:\/\/www.interflora.se\/inspiration\/wp-content\/uploads\/2023\/09\/image-11-768x512.png 768w, https:\/\/www.interflora.se\/inspiration\/wp-content\/uploads\/2023\/09\/image-11.png 1200w\" sizes=\"auto, (max-width: 1024px) 100vw, 1024px\" \/><\/figure>\n","protected":false},"excerpt":{"rendered":"<p>Sommaren \u00e4r fylld med festligheter \u2013 studentmottagningar, midsommar och mingel. H\u00e4r \u00e4r fem fina tips som f\u00e5r festen att blomstra! [&hellip;]<\/p>\n","protected":false},"author":1,"featured_media":2339,"comment_status":"open","ping_status":"open","sticky":false,"template":"","format":"standard","meta":{"_uag_custom_page_level_css":"","site-sidebar-layout":"default","site-content-layout":"","ast-site-content-layout":"default","site-content-style":"default","site-sidebar-style":"default","ast-global-header-display":"","ast-banner-title-visibility":"","ast-main-header-display":"","ast-hfb-above-header-display":"","ast-hfb-below-header-display":"","ast-hfb-mobile-header-display":"","site-post-title":"","ast-breadcrumbs-content":"","ast-featured-img":"","footer-sml-layout":"","ast-disable-related-posts":"","theme-transparent-header-meta":"","adv-header-id-meta":"","stick-header-meta":"","header-above-stick-meta":"","header-main-stick-meta":"","header-below-stick-meta":"","astra-migrate-meta-layouts":"default","ast-page-background-enabled":"default","ast-page-background-meta":{"desktop":{"background-color":"var(--ast-global-color-5)","background-image":"","background-repeat":"repeat","background-position":"center center","background-size":"auto","background-attachment":"scroll","background-type":"","background-media":"","overlay-type":"","overlay-color":"","overlay-opacity":"","overlay-gradient":""},"tablet":{"background-color":"","background-image":"","background-repeat":"repeat","background-position":"center center","background-size":"auto","background-attachment":"scroll","background-type":"","background-media":"","overlay-type":"","overlay-color":"","overlay-opacity":"","overlay-gradient":""},"mobile":{"background-color":"","background-image":"","background-repeat":"repeat","background-position":"center center","background-size":"auto","background-attachment":"scroll","background-type":"","background-media":"","overlay-type":"","overlay-color":"","overlay-opacity":"","overlay-gradient":""}},"ast-content-background-meta":{"desktop":{"background-color":"var(--ast-global-color-4)","background-image":"","background-repeat":"repeat","background-position":"center center","background-size":"auto","background-attachment":"scroll","background-type":"","background-media":"","overlay-type":"","overlay-color":"","overlay-opacity":"","overlay-gradient":""},"tablet":{"background-color":"var(--ast-global-color-4)","background-image":"","background-repeat":"repeat","background-position":"center center","background-size":"auto","background-attachment":"scroll","background-type":"","background-media":"","overlay-type":"","overlay-color":"","overlay-opacity":"","overlay-gradient":""},"mobile":{"background-color":"var(--ast-global-color-4)","background-image":"","background-repeat":"repeat","background-position":"center center","background-size":"auto","background-attachment":"scroll","background-type":"","background-media":"","overlay-type":"","overlay-color":"","overlay-opacity":"","overlay-gradient":""}},"footnotes":""},"categories":[4],"tags":[],"class_list":["post-57","post","type-post","status-publish","format-standard","has-post-thumbnail","hentry","category-tips"],"yoast_head":"<!-- This site is optimized with the Yoast SEO plugin v27.4 - https:\/\/yoast.com\/product\/yoast-seo-wordpress\/ -->\n<title>5 fina tips f\u00f6r sommarfesten | Interflora<\/title>\n<meta name=\"robots\" content=\"index, follow, max-snippet:-1, max-image-preview:large, max-video-preview:-1\" \/>\n<link rel=\"canonical\" href=\"https:\/\/www.interflora.se\/inspiration\/5-fina-tips-for-sommarfesten\/\" \/>\n<meta property=\"og:locale\" content=\"sv_SE\" \/>\n<meta property=\"og:type\" content=\"article\" \/>\n<meta property=\"og:title\" content=\"5 fina tips f\u00f6r sommarfesten | Interflora\" \/>\n<meta property=\"og:description\" content=\"Sommaren \u00e4r fylld med festligheter \u2013 studentmottagningar, midsommar och mingel. H\u00e4r \u00e4r fem fina tips som f\u00e5r festen att blomstra! [&hellip;]\" \/>\n<meta property=\"og:url\" content=\"https:\/\/www.interflora.se\/inspiration\/5-fina-tips-for-sommarfesten\/\" \/>\n<meta property=\"og:site_name\" content=\"Inspiration om blommor, krukv\u00e4xter &amp; trender | Interflora\" \/>\n<meta property=\"article:publisher\" content=\"https:\/\/www.facebook.com\/InterfloraAB\" \/>\n<meta property=\"article:published_time\" content=\"2023-06-21T23:05:21+00:00\" \/>\n<meta property=\"article:modified_time\" content=\"2025-03-28T10:21:56+00:00\" \/>\n<meta property=\"og:image\" content=\"https:\/\/www.interflora.se\/inspiration\/wp-content\/uploads\/2025\/03\/5-fina-tips-for-sommarfesten-atbar-dekoration.jpg\" \/>\n\t<meta property=\"og:image:width\" content=\"960\" \/>\n\t<meta property=\"og:image:height\" content=\"1200\" \/>\n\t<meta property=\"og:image:type\" content=\"image\/jpeg\" \/>\n<meta name=\"author\" content=\"admin\" \/>\n<meta name=\"twitter:card\" content=\"summary_large_image\" \/>\n<meta name=\"twitter:label1\" content=\"Skriven av\" \/>\n\t<meta name=\"twitter:data1\" content=\"admin\" \/>\n\t<meta name=\"twitter:label2\" content=\"Ber\u00e4knad l\u00e4stid\" \/>\n\t<meta name=\"twitter:data2\" content=\"2 minuter\" \/>\n<script type=\"application\/ld+json\" class=\"yoast-schema-graph\">{\"@context\":\"https:\\\/\\\/schema.org\",\"@graph\":[{\"@type\":\"Article\",\"@id\":\"https:\\\/\\\/www.interflora.se\\\/inspiration\\\/5-fina-tips-for-sommarfesten\\\/#article\",\"isPartOf\":{\"@id\":\"https:\\\/\\\/www.interflora.se\\\/inspiration\\\/5-fina-tips-for-sommarfesten\\\/\"},\"author\":{\"name\":\"admin\",\"@id\":\"https:\\\/\\\/www.interflora.se\\\/inspiration\\\/#\\\/schema\\\/person\\\/dbbd1ad45e05409c356dc639597669f2\"},\"headline\":\"5 fina tips f\u00f6r sommarfesten\",\"datePublished\":\"2023-06-21T23:05:21+00:00\",\"dateModified\":\"2025-03-28T10:21:56+00:00\",\"mainEntityOfPage\":{\"@id\":\"https:\\\/\\\/www.interflora.se\\\/inspiration\\\/5-fina-tips-for-sommarfesten\\\/\"},\"wordCount\":313,\"commentCount\":0,\"publisher\":{\"@id\":\"https:\\\/\\\/www.interflora.se\\\/inspiration\\\/#organization\"},\"image\":{\"@id\":\"https:\\\/\\\/www.interflora.se\\\/inspiration\\\/5-fina-tips-for-sommarfesten\\\/#primaryimage\"},\"thumbnailUrl\":\"https:\\\/\\\/www.interflora.se\\\/inspiration\\\/wp-content\\\/uploads\\\/2025\\\/03\\\/5-fina-tips-for-sommarfesten-atbar-dekoration.jpg\",\"articleSection\":[\"Tips\"],\"inLanguage\":\"sv-SE\",\"potentialAction\":[{\"@type\":\"CommentAction\",\"name\":\"Comment\",\"target\":[\"https:\\\/\\\/www.interflora.se\\\/inspiration\\\/5-fina-tips-for-sommarfesten\\\/#respond\"]}]},{\"@type\":\"WebPage\",\"@id\":\"https:\\\/\\\/www.interflora.se\\\/inspiration\\\/5-fina-tips-for-sommarfesten\\\/\",\"url\":\"https:\\\/\\\/www.interflora.se\\\/inspiration\\\/5-fina-tips-for-sommarfesten\\\/\",\"name\":\"5 fina tips f\u00f6r sommarfesten | Interflora\",\"isPartOf\":{\"@id\":\"https:\\\/\\\/www.interflora.se\\\/inspiration\\\/#website\"},\"primaryImageOfPage\":{\"@id\":\"https:\\\/\\\/www.interflora.se\\\/inspiration\\\/5-fina-tips-for-sommarfesten\\\/#primaryimage\"},\"image\":{\"@id\":\"https:\\\/\\\/www.interflora.se\\\/inspiration\\\/5-fina-tips-for-sommarfesten\\\/#primaryimage\"},\"thumbnailUrl\":\"https:\\\/\\\/www.interflora.se\\\/inspiration\\\/wp-content\\\/uploads\\\/2025\\\/03\\\/5-fina-tips-for-sommarfesten-atbar-dekoration.jpg\",\"datePublished\":\"2023-06-21T23:05:21+00:00\",\"dateModified\":\"2025-03-28T10:21:56+00:00\",\"breadcrumb\":{\"@id\":\"https:\\\/\\\/www.interflora.se\\\/inspiration\\\/5-fina-tips-for-sommarfesten\\\/#breadcrumb\"},\"inLanguage\":\"sv-SE\",\"potentialAction\":[{\"@type\":\"ReadAction\",\"target\":[\"https:\\\/\\\/www.interflora.se\\\/inspiration\\\/5-fina-tips-for-sommarfesten\\\/\"]}]},{\"@type\":\"ImageObject\",\"inLanguage\":\"sv-SE\",\"@id\":\"https:\\\/\\\/www.interflora.se\\\/inspiration\\\/5-fina-tips-for-sommarfesten\\\/#primaryimage\",\"url\":\"https:\\\/\\\/www.interflora.se\\\/inspiration\\\/wp-content\\\/uploads\\\/2025\\\/03\\\/5-fina-tips-for-sommarfesten-atbar-dekoration.jpg\",\"contentUrl\":\"https:\\\/\\\/www.interflora.se\\\/inspiration\\\/wp-content\\\/uploads\\\/2025\\\/03\\\/5-fina-tips-for-sommarfesten-atbar-dekoration.jpg\",\"width\":960,\"height\":1200},{\"@type\":\"BreadcrumbList\",\"@id\":\"https:\\\/\\\/www.interflora.se\\\/inspiration\\\/5-fina-tips-for-sommarfesten\\\/#breadcrumb\",\"itemListElement\":[{\"@type\":\"ListItem\",\"position\":1,\"name\":\"Home\",\"item\":\"https:\\\/\\\/www.interflora.se\\\/inspiration\\\/\"},{\"@type\":\"ListItem\",\"position\":2,\"name\":\"5 fina tips f\u00f6r sommarfesten\"}]},{\"@type\":\"WebSite\",\"@id\":\"https:\\\/\\\/www.interflora.se\\\/inspiration\\\/#website\",\"url\":\"https:\\\/\\\/www.interflora.se\\\/inspiration\\\/\",\"name\":\"Interflora\",\"description\":\"\",\"publisher\":{\"@id\":\"https:\\\/\\\/www.interflora.se\\\/inspiration\\\/#organization\"},\"potentialAction\":[{\"@type\":\"SearchAction\",\"target\":{\"@type\":\"EntryPoint\",\"urlTemplate\":\"https:\\\/\\\/www.interflora.se\\\/inspiration\\\/?s={search_term_string}\"},\"query-input\":{\"@type\":\"PropertyValueSpecification\",\"valueRequired\":true,\"valueName\":\"search_term_string\"}}],\"inLanguage\":\"sv-SE\"},{\"@type\":\"Organization\",\"@id\":\"https:\\\/\\\/www.interflora.se\\\/inspiration\\\/#organization\",\"name\":\"Interflora\",\"url\":\"https:\\\/\\\/www.interflora.se\\\/inspiration\\\/\",\"logo\":{\"@type\":\"ImageObject\",\"inLanguage\":\"sv-SE\",\"@id\":\"https:\\\/\\\/www.interflora.se\\\/inspiration\\\/#\\\/schema\\\/logo\\\/image\\\/\",\"url\":\"https:\\\/\\\/www.interflora.se\\\/inspiration\\\/wp-content\\\/uploads\\\/2025\\\/09\\\/cropped-220422_INTERFLORA_Logo_rgb_Half_Top_Circle_Main_Color.avif\",\"contentUrl\":\"https:\\\/\\\/www.interflora.se\\\/inspiration\\\/wp-content\\\/uploads\\\/2025\\\/09\\\/cropped-220422_INTERFLORA_Logo_rgb_Half_Top_Circle_Main_Color.avif\",\"width\":1418,\"height\":662,\"caption\":\"Interflora\"},\"image\":{\"@id\":\"https:\\\/\\\/www.interflora.se\\\/inspiration\\\/#\\\/schema\\\/logo\\\/image\\\/\"},\"sameAs\":[\"https:\\\/\\\/www.facebook.com\\\/InterfloraAB\",\"https:\\\/\\\/www.instagram.com\\\/interflora_ab\\\/\",\"https:\\\/\\\/www.linkedin.com\\\/company\\\/1494362\",\"https:\\\/\\\/www.youtube.com\\\/channel\\\/UCZgDzGWB2VRxaoWFUmXnk1w\"]},{\"@type\":\"Person\",\"@id\":\"https:\\\/\\\/www.interflora.se\\\/inspiration\\\/#\\\/schema\\\/person\\\/dbbd1ad45e05409c356dc639597669f2\",\"name\":\"admin\",\"image\":{\"@type\":\"ImageObject\",\"inLanguage\":\"sv-SE\",\"@id\":\"https:\\\/\\\/www.interflora.se\\\/inspiration\\\/wp-content\\\/litespeed\\\/avatar\\\/1fe3cced9e67df62d0a6f995d75823a5.jpg?ver=1777362393\",\"url\":\"https:\\\/\\\/www.interflora.se\\\/inspiration\\\/wp-content\\\/litespeed\\\/avatar\\\/1fe3cced9e67df62d0a6f995d75823a5.jpg?ver=1777362393\",\"contentUrl\":\"https:\\\/\\\/www.interflora.se\\\/inspiration\\\/wp-content\\\/litespeed\\\/avatar\\\/1fe3cced9e67df62d0a6f995d75823a5.jpg?ver=1777362393\",\"caption\":\"admin\"},\"sameAs\":[\"https:\\\/\\\/www.interflora.se\\\/inspiration\"],\"url\":\"https:\\\/\\\/www.interflora.se\\\/inspiration\\\/author\\\/admin\\\/\"}]}<\/script>\n<!-- \/ Yoast SEO plugin. -->","yoast_head_json":{"title":"5 fina tips f\u00f6r sommarfesten | Interflora","robots":{"index":"index","follow":"follow","max-snippet":"max-snippet:-1","max-image-preview":"max-image-preview:large","max-video-preview":"max-video-preview:-1"},"canonical":"https:\/\/www.interflora.se\/inspiration\/5-fina-tips-for-sommarfesten\/","og_locale":"sv_SE","og_type":"article","og_title":"5 fina tips f\u00f6r sommarfesten | Interflora","og_description":"Sommaren \u00e4r fylld med festligheter \u2013 studentmottagningar, midsommar och mingel. H\u00e4r \u00e4r fem fina tips som f\u00e5r festen att blomstra! [&hellip;]","og_url":"https:\/\/www.interflora.se\/inspiration\/5-fina-tips-for-sommarfesten\/","og_site_name":"Inspiration om blommor, krukv\u00e4xter &amp; trender | Interflora","article_publisher":"https:\/\/www.facebook.com\/InterfloraAB","article_published_time":"2023-06-21T23:05:21+00:00","article_modified_time":"2025-03-28T10:21:56+00:00","og_image":[{"width":960,"height":1200,"url":"https:\/\/www.interflora.se\/inspiration\/wp-content\/uploads\/2025\/03\/5-fina-tips-for-sommarfesten-atbar-dekoration.jpg","type":"image\/jpeg"}],"author":"admin","twitter_card":"summary_large_image","twitter_misc":{"Skriven av":"admin","Ber\u00e4knad l\u00e4stid":"2 minuter"},"schema":{"@context":"https:\/\/schema.org","@graph":[{"@type":"Article","@id":"https:\/\/www.interflora.se\/inspiration\/5-fina-tips-for-sommarfesten\/#article","isPartOf":{"@id":"https:\/\/www.interflora.se\/inspiration\/5-fina-tips-for-sommarfesten\/"},"author":{"name":"admin","@id":"https:\/\/www.interflora.se\/inspiration\/#\/schema\/person\/dbbd1ad45e05409c356dc639597669f2"},"headline":"5 fina tips f\u00f6r sommarfesten","datePublished":"2023-06-21T23:05:21+00:00","dateModified":"2025-03-28T10:21:56+00:00","mainEntityOfPage":{"@id":"https:\/\/www.interflora.se\/inspiration\/5-fina-tips-for-sommarfesten\/"},"wordCount":313,"commentCount":0,"publisher":{"@id":"https:\/\/www.interflora.se\/inspiration\/#organization"},"image":{"@id":"https:\/\/www.interflora.se\/inspiration\/5-fina-tips-for-sommarfesten\/#primaryimage"},"thumbnailUrl":"https:\/\/www.interflora.se\/inspiration\/wp-content\/uploads\/2025\/03\/5-fina-tips-for-sommarfesten-atbar-dekoration.jpg","articleSection":["Tips"],"inLanguage":"sv-SE","potentialAction":[{"@type":"CommentAction","name":"Comment","target":["https:\/\/www.interflora.se\/inspiration\/5-fina-tips-for-sommarfesten\/#respond"]}]},{"@type":"WebPage","@id":"https:\/\/www.interflora.se\/inspiration\/5-fina-tips-for-sommarfesten\/","url":"https:\/\/www.interflora.se\/inspiration\/5-fina-tips-for-sommarfesten\/","name":"5 fina tips f\u00f6r sommarfesten | Interflora","isPartOf":{"@id":"https:\/\/www.interflora.se\/inspiration\/#website"},"primaryImageOfPage":{"@id":"https:\/\/www.interflora.se\/inspiration\/5-fina-tips-for-sommarfesten\/#primaryimage"},"image":{"@id":"https:\/\/www.interflora.se\/inspiration\/5-fina-tips-for-sommarfesten\/#primaryimage"},"thumbnailUrl":"https:\/\/www.interflora.se\/inspiration\/wp-content\/uploads\/2025\/03\/5-fina-tips-for-sommarfesten-atbar-dekoration.jpg","datePublished":"2023-06-21T23:05:21+00:00","dateModified":"2025-03-28T10:21:56+00:00","breadcrumb":{"@id":"https:\/\/www.interflora.se\/inspiration\/5-fina-tips-for-sommarfesten\/#breadcrumb"},"inLanguage":"sv-SE","potentialAction":[{"@type":"ReadAction","target":["https:\/\/www.interflora.se\/inspiration\/5-fina-tips-for-sommarfesten\/"]}]},{"@type":"ImageObject","inLanguage":"sv-SE","@id":"https:\/\/www.interflora.se\/inspiration\/5-fina-tips-for-sommarfesten\/#primaryimage","url":"https:\/\/www.interflora.se\/inspiration\/wp-content\/uploads\/2025\/03\/5-fina-tips-for-sommarfesten-atbar-dekoration.jpg","contentUrl":"https:\/\/www.interflora.se\/inspiration\/wp-content\/uploads\/2025\/03\/5-fina-tips-for-sommarfesten-atbar-dekoration.jpg","width":960,"height":1200},{"@type":"BreadcrumbList","@id":"https:\/\/www.interflora.se\/inspiration\/5-fina-tips-for-sommarfesten\/#breadcrumb","itemListElement":[{"@type":"ListItem","position":1,"name":"Home","item":"https:\/\/www.interflora.se\/inspiration\/"},{"@type":"ListItem","position":2,"name":"5 fina tips f\u00f6r sommarfesten"}]},{"@type":"WebSite","@id":"https:\/\/www.interflora.se\/inspiration\/#website","url":"https:\/\/www.interflora.se\/inspiration\/","name":"Interflora","description":"","publisher":{"@id":"https:\/\/www.interflora.se\/inspiration\/#organization"},"potentialAction":[{"@type":"SearchAction","target":{"@type":"EntryPoint","urlTemplate":"https:\/\/www.interflora.se\/inspiration\/?s={search_term_string}"},"query-input":{"@type":"PropertyValueSpecification","valueRequired":true,"valueName":"search_term_string"}}],"inLanguage":"sv-SE"},{"@type":"Organization","@id":"https:\/\/www.interflora.se\/inspiration\/#organization","name":"Interflora","url":"https:\/\/www.interflora.se\/inspiration\/","logo":{"@type":"ImageObject","inLanguage":"sv-SE","@id":"https:\/\/www.interflora.se\/inspiration\/#\/schema\/logo\/image\/","url":"https:\/\/www.interflora.se\/inspiration\/wp-content\/uploads\/2025\/09\/cropped-220422_INTERFLORA_Logo_rgb_Half_Top_Circle_Main_Color.avif","contentUrl":"https:\/\/www.interflora.se\/inspiration\/wp-content\/uploads\/2025\/09\/cropped-220422_INTERFLORA_Logo_rgb_Half_Top_Circle_Main_Color.avif","width":1418,"height":662,"caption":"Interflora"},"image":{"@id":"https:\/\/www.interflora.se\/inspiration\/#\/schema\/logo\/image\/"},"sameAs":["https:\/\/www.facebook.com\/InterfloraAB","https:\/\/www.instagram.com\/interflora_ab\/","https:\/\/www.linkedin.com\/company\/1494362","https:\/\/www.youtube.com\/channel\/UCZgDzGWB2VRxaoWFUmXnk1w"]},{"@type":"Person","@id":"https:\/\/www.interflora.se\/inspiration\/#\/schema\/person\/dbbd1ad45e05409c356dc639597669f2","name":"admin","image":{"@type":"ImageObject","inLanguage":"sv-SE","@id":"https:\/\/www.interflora.se\/inspiration\/wp-content\/litespeed\/avatar\/1fe3cced9e67df62d0a6f995d75823a5.jpg?ver=1777362393","url":"https:\/\/www.interflora.se\/inspiration\/wp-content\/litespeed\/avatar\/1fe3cced9e67df62d0a6f995d75823a5.jpg?ver=1777362393","contentUrl":"https:\/\/www.interflora.se\/inspiration\/wp-content\/litespeed\/avatar\/1fe3cced9e67df62d0a6f995d75823a5.jpg?ver=1777362393","caption":"admin"},"sameAs":["https:\/\/www.interflora.se\/inspiration"],"url":"https:\/\/www.interflora.se\/inspiration\/author\/admin\/"}]}},"uagb_featured_image_src":{"full":["https:\/\/www.interflora.se\/inspiration\/wp-content\/uploads\/2025\/03\/5-fina-tips-for-sommarfesten-atbar-dekoration.jpg",960,1200,false],"thumbnail":["https:\/\/www.interflora.se\/inspiration\/wp-content\/uploads\/2025\/03\/5-fina-tips-for-sommarfesten-atbar-dekoration-150x150.jpg",150,150,true],"medium":["https:\/\/www.interflora.se\/inspiration\/wp-content\/uploads\/2025\/03\/5-fina-tips-for-sommarfesten-atbar-dekoration-240x300.jpg",240,300,true],"medium_large":["https:\/\/www.interflora.se\/inspiration\/wp-content\/uploads\/2025\/03\/5-fina-tips-for-sommarfesten-atbar-dekoration-768x960.jpg",768,960,true],"large":["https:\/\/www.interflora.se\/inspiration\/wp-content\/uploads\/2025\/03\/5-fina-tips-for-sommarfesten-atbar-dekoration-819x1024.jpg",819,1024,true],"1536x1536":["https:\/\/www.interflora.se\/inspiration\/wp-content\/uploads\/2025\/03\/5-fina-tips-for-sommarfesten-atbar-dekoration.jpg",960,1200,false],"2048x2048":["https:\/\/www.interflora.se\/inspiration\/wp-content\/uploads\/2025\/03\/5-fina-tips-for-sommarfesten-atbar-dekoration.jpg",960,1200,false]},"uagb_author_info":{"display_name":"admin","author_link":"https:\/\/www.interflora.se\/inspiration\/author\/admin\/"},"uagb_comment_info":0,"uagb_excerpt":"Sommaren \u00e4r fylld med festligheter \u2013 studentmottagningar, midsommar och mingel. H\u00e4r \u00e4r fem fina tips som f\u00e5r festen att blomstra! [&hellip;]","_links":{"self":[{"href":"https:\/\/www.interflora.se\/inspiration\/wp-json\/wp\/v2\/posts\/57","targetHints":{"allow":["GET"]}}],"collection":[{"href":"https:\/\/www.interflora.se\/inspiration\/wp-json\/wp\/v2\/posts"}],"about":[{"href":"https:\/\/www.interflora.se\/inspiration\/wp-json\/wp\/v2\/types\/post"}],"author":[{"embeddable":true,"href":"https:\/\/www.interflora.se\/inspiration\/wp-json\/wp\/v2\/users\/1"}],"replies":[{"embeddable":true,"href":"https:\/\/www.interflora.se\/inspiration\/wp-json\/wp\/v2\/comments?post=57"}],"version-history":[{"count":2,"href":"https:\/\/www.interflora.se\/inspiration\/wp-json\/wp\/v2\/posts\/57\/revisions"}],"predecessor-version":[{"id":2343,"href":"https:\/\/www.interflora.se\/inspiration\/wp-json\/wp\/v2\/posts\/57\/revisions\/2343"}],"wp:featuredmedia":[{"embeddable":true,"href":"https:\/\/www.interflora.se\/inspiration\/wp-json\/wp\/v2\/media\/2339"}],"wp:attachment":[{"href":"https:\/\/www.interflora.se\/inspiration\/wp-json\/wp\/v2\/media?parent=57"}],"wp:term":[{"taxonomy":"category","embeddable":true,"href":"https:\/\/www.interflora.se\/inspiration\/wp-json\/wp\/v2\/categories?post=57"},{"taxonomy":"post_tag","embeddable":true,"href":"https:\/\/www.interflora.se\/inspiration\/wp-json\/wp\/v2\/tags?post=57"}],"curies":[{"name":"wp","href":"https:\/\/api.w.org\/{rel}","templated":true}]}}