{"id":5438,"date":"2026-01-16T17:01:10","date_gmt":"2026-01-16T16:01:10","guid":{"rendered":"https:\/\/www.interflora.se\/inspiration\/?p=5438"},"modified":"2026-01-23T14:03:04","modified_gmt":"2026-01-23T13:03:04","slug":"valentinsblommor-pa-budget-sa-valjer-du-ratt-utan-att-det-kanns-billigt","status":"publish","type":"post","link":"https:\/\/www.interflora.se\/inspiration\/valentinsblommor-pa-budget-sa-valjer-du-ratt-utan-att-det-kanns-billigt\/","title":{"rendered":"Alla hj\u00e4rtans dag-blommor till l\u00e4gre budget \u2013 s\u00e5 v\u00e4ljer du r\u00e4tt utan att det k\u00e4nns billigt"},"content":{"rendered":"\n<h2 class=\"wp-block-heading\"><strong>I korthet<\/strong><\/h2>\n\n\n\n<p>Att ge blommor p\u00e5 Alla hj\u00e4rtans dag beh\u00f6ver inte kosta skjortan. Det handlar om att v\u00e4lja r\u00e4tt \u2013 s\u00e4songsblommor ger mer valuta f\u00f6r pengarna, personliga detaljer v\u00e4ger tyngre \u00e4n prislappen och f\u00e4rgval kommunicerar k\u00e4nslor lika starkt som bukettens storlek. Med n\u00e5gra enkla strategier kan du \u00f6verraska din k\u00e4rlek med en bukett som k\u00e4nns genomt\u00e4nkt och romantisk, oavsett budget.<\/p>\n\n\n\n<hr class=\"wp-block-separator has-alpha-channel-opacity\"\/>\n\n\n\n<p>Alla hj\u00e4rtans dag n\u00e4rmar sig och du vill uttrycka dina k\u00e4nslor \u2013 utan att t\u00f6mma kontot. Det goda nyheterna? <strong>Romantik handlar inte om kronor och \u00f6ren.<\/strong> En genomt\u00e4nkt bukett med r\u00e4tt blommor, f\u00e4rger och personlig touch kan ber\u00f6ra djupare \u00e4n det dyraste arrangemanget.<\/p>\n\n\n\n<p>Vi p\u00e5 Interflora vet att k\u00e4rlekens spr\u00e5k talas lika vackert p\u00e5 alla prisniv\u00e5er. I den h\u00e4r guiden delar vi v\u00e5ra b\u00e4sta tips f\u00f6r att hitta Alla hj\u00e4rtans dag-blommor som passar din budget \u2013 och \u00e4nd\u00e5 f\u00e5r mottagaren att sm\u00e4lta.<\/p>\n\n\n\n<figure class=\"wp-block-image aligncenter size-large\"><img loading=\"lazy\" decoding=\"async\" width=\"1024\" height=\"576\" src=\"https:\/\/www.interflora.se\/inspiration\/wp-content\/uploads\/2026\/01\/SEO-16-9-2-1024x576.avif\" alt=\"\" class=\"wp-image-5180\" srcset=\"https:\/\/www.interflora.se\/inspiration\/wp-content\/uploads\/2026\/01\/SEO-16-9-2-1024x576.avif 1024w, https:\/\/www.interflora.se\/inspiration\/wp-content\/uploads\/2026\/01\/SEO-16-9-2-300x169.avif 300w, https:\/\/www.interflora.se\/inspiration\/wp-content\/uploads\/2026\/01\/SEO-16-9-2-768x432.avif 768w, https:\/\/www.interflora.se\/inspiration\/wp-content\/uploads\/2026\/01\/SEO-16-9-2-1536x864.avif 1536w, https:\/\/www.interflora.se\/inspiration\/wp-content\/uploads\/2026\/01\/SEO-16-9-2.avif 2000w\" sizes=\"auto, (max-width: 1024px) 100vw, 1024px\" \/><\/figure>\n\n\n\n<h2 class=\"wp-block-heading\"><strong>V\u00e4lj s\u00e4songsblommor f\u00f6r mer valuta<\/strong><\/h2>\n\n\n\n<p><strong>S\u00e4songsblommor \u00e4r din b\u00e4sta v\u00e4n n\u00e4r du vill maximera bukettens v\u00e4rde.<\/strong> Blommor som odlas under r\u00e4tt s\u00e4song kr\u00e4ver mindre resurser och levereras fr\u00e4schare \u2013 vilket ger b\u00e5de b\u00e4ttre pris och l\u00e4ngre h\u00e5llbarhet.<\/p>\n\n\n\n<p>I februari lyser tulpaner, ranunkler och hyacinter som fantastiska alternativ. Tulpaner erbjuder elegans och charm till en br\u00e5kdel av priset f\u00f6r exotiska sorter. En <a href=\"https:\/\/www.interflora.se\/c\/buketter\/tulpaner\"><strong>bukett med tulpaner<\/strong><\/a> kan vara precis lika romantisk som r\u00f6da rosor \u2013 och kanske \u00e4nnu mer personlig.<\/p>\n\n\n\n<div class=\"wp-block-media-text has-media-on-the-right is-stacked-on-mobile\"><div class=\"wp-block-media-text__content\">\n<p>V\u00e5rt tips: V\u00e5ra florister skapar vackra arrangemang med s\u00e4songens b\u00e4sta utbud. Buketten <a href=\"https:\/\/www.interflora.se\/p\/81679-farglycka\/1\"><strong>F\u00e4rglycka<\/strong><\/a> \u00e4r ett utm\u00e4rkt exempel p\u00e5 hur prisv\u00e4rda blommor kan ge en f\u00e4rgsprakande k\u00e4rleksf\u00f6rklaring. Skicka blommor med Interflora snabbt &amp; enkelt! Vi levererar blommor samma dag om du best\u00e4ller vardagar f\u00f6re kl. 14.00, och l\u00f6rdagar f\u00f6re kl. 12.00.<\/p>\n<\/div><figure class=\"wp-block-media-text__media\"><img loading=\"lazy\" decoding=\"async\" width=\"745\" height=\"931\" src=\"https:\/\/www.interflora.se\/inspiration\/wp-content\/uploads\/2025\/05\/1202975-2025.jpg\" alt=\"\" class=\"wp-image-3905 size-full\" srcset=\"https:\/\/www.interflora.se\/inspiration\/wp-content\/uploads\/2025\/05\/1202975-2025.jpg 745w, https:\/\/www.interflora.se\/inspiration\/wp-content\/uploads\/2025\/05\/1202975-2025-240x300.jpg 240w\" sizes=\"auto, (max-width: 745px) 100vw, 745px\" \/><\/figure><\/div>\n\n\n<div class=\"lp-produits-grid\"><div class=\"lp-produit\"><div class=\"lp-thumbnail-wrapper\"><img loading=\"lazy\" decoding=\"async\" width=\"240\" height=\"300\" src=\"https:\/\/www.interflora.se\/inspiration\/wp-content\/uploads\/2025\/05\/1201156-2024-ny-4.5-240x300.jpg\" class=\"attachment-medium size-medium wp-post-image\" alt=\"\" srcset=\"https:\/\/www.interflora.se\/inspiration\/wp-content\/uploads\/2025\/05\/1201156-2024-ny-4.5-240x300.jpg 240w, https:\/\/www.interflora.se\/inspiration\/wp-content\/uploads\/2025\/05\/1201156-2024-ny-4.5.jpg 745w\" sizes=\"auto, (max-width: 240px) 100vw, 240px\" \/><img decoding=\"async\" class=\"lp-badge\" src=\"https:\/\/www.interflora.se\/inspiration\/wp-content\/uploads\/2025\/03\/cropped-220422_INTERFLORA_Main_Logo_rgb_Main_Color-1.png\" alt=\"Blombud Interflora\"><\/div><span>Omtanke<\/span><p>fr\u00e5n 379 kr<\/p><span class=\"obf-link lp-cta\" role=\"link\" tabindex=\"0\" data-b64=\"aHR0cHM6Ly93d3cuaW50ZXJmbG9yYS5zZS9wLzMwOC1vbXRhbmtlLzI\/dXRtX21lZGl1bT1vcmdhbmljJnV0bV9zb3VyY2U9YmxvZ19wcm9kdWN0cyZ1dG1fY2FtcGFpZ249MTIwMTE1NQ==\" data-target=\"_blank\"><svg xmlns=\"http:\/\/www.w3.org\/2000\/svg\" width=\"16\" height=\"16\" fill=\"currentColor\" class=\"bi bi-bag\" viewBox=\"0 0 16 16\"><path d=\"M8 1a2 2 0 0 1 2 2v1h2.5A1.5 1.5 0 0 1 14 5.5v8A1.5 1.5 0 0 1 12.5 15h-9A1.5 1.5 0 0 1 2 13.5v-8A1.5 1.5 0 0 1 3.5 3H6V2a2 2 0 0 1 2-1zm1 3V3a1 1 0 0 0-2 0v1h2z\"\/><\/svg>K\u00f6p h\u00e4r<\/span><p class=\"rapido\">F\u00e4rska blommor<\/p><\/div><div class=\"lp-produit\"><div class=\"lp-thumbnail-wrapper\"><img loading=\"lazy\" decoding=\"async\" width=\"240\" height=\"300\" src=\"https:\/\/www.interflora.se\/inspiration\/wp-content\/uploads\/2025\/05\/1201665-4.5-240x300.jpg\" class=\"attachment-medium size-medium wp-post-image\" alt=\"\" srcset=\"https:\/\/www.interflora.se\/inspiration\/wp-content\/uploads\/2025\/05\/1201665-4.5-240x300.jpg 240w, https:\/\/www.interflora.se\/inspiration\/wp-content\/uploads\/2025\/05\/1201665-4.5.jpg 745w\" sizes=\"auto, (max-width: 240px) 100vw, 240px\" \/><img decoding=\"async\" class=\"lp-badge\" src=\"https:\/\/www.interflora.se\/inspiration\/wp-content\/uploads\/2025\/03\/cropped-220422_INTERFLORA_Main_Logo_rgb_Main_Color-1.png\" alt=\"Blombud Interflora\"><\/div><span>Rosdr\u00f6m<\/span><p>fr\u00e5n 549 kr<\/p><span class=\"obf-link lp-cta\" role=\"link\" tabindex=\"0\" data-b64=\"aHR0cHM6Ly93d3cuaW50ZXJmbG9yYS5zZS9wLzYzNi1yb3Nkcm9tLzI\/dXRtX21lZGl1bT1vcmdhbmljJnV0bV9zb3VyY2U9YmxvZ19wcm9kdWN0cyZ1dG1fY2FtcGFpZ249MTIwMTU0MA==\" data-target=\"_blank\"><svg xmlns=\"http:\/\/www.w3.org\/2000\/svg\" width=\"16\" height=\"16\" fill=\"currentColor\" class=\"bi bi-bag\" viewBox=\"0 0 16 16\"><path d=\"M8 1a2 2 0 0 1 2 2v1h2.5A1.5 1.5 0 0 1 14 5.5v8A1.5 1.5 0 0 1 12.5 15h-9A1.5 1.5 0 0 1 2 13.5v-8A1.5 1.5 0 0 1 3.5 3H6V2a2 2 0 0 1 2-1zm1 3V3a1 1 0 0 0-2 0v1h2z\"\/><\/svg>K\u00f6p h\u00e4r<\/span><p class=\"rapido\">Leverans i hela Sverige<\/p><\/div><div class=\"lp-produit\"><div class=\"lp-thumbnail-wrapper\"><img loading=\"lazy\" decoding=\"async\" width=\"240\" height=\"300\" src=\"https:\/\/www.interflora.se\/inspiration\/wp-content\/uploads\/2025\/05\/1202975-2025-240x300.jpg\" class=\"attachment-medium size-medium wp-post-image\" alt=\"\" srcset=\"https:\/\/www.interflora.se\/inspiration\/wp-content\/uploads\/2025\/05\/1202975-2025-240x300.jpg 240w, https:\/\/www.interflora.se\/inspiration\/wp-content\/uploads\/2025\/05\/1202975-2025.jpg 745w\" sizes=\"auto, (max-width: 240px) 100vw, 240px\" \/><img decoding=\"async\" class=\"lp-badge\" src=\"https:\/\/www.interflora.se\/inspiration\/wp-content\/uploads\/2025\/03\/cropped-220422_INTERFLORA_Main_Logo_rgb_Main_Color-1.png\" alt=\"Blombud Interflora\"><\/div><span>F\u00e4rglycka<\/span><p>fr\u00e5n 269 kr<\/p><span class=\"obf-link lp-cta\" role=\"link\" tabindex=\"0\" data-b64=\"aHR0cHM6Ly93d3cuaW50ZXJmbG9yYS5zZS9wLzgxNjc5LWZhcmdseWNrYS8yP3V0bV9tZWRpdW09b3JnYW5pYyZ1dG1fc291cmNlPWJsb2dfcHJvZHVjdHMmdXRtX2NhbXBhaWduPTEyMDI5NzQ=\" data-target=\"_blank\"><svg xmlns=\"http:\/\/www.w3.org\/2000\/svg\" width=\"16\" height=\"16\" fill=\"currentColor\" class=\"bi bi-bag\" viewBox=\"0 0 16 16\"><path d=\"M8 1a2 2 0 0 1 2 2v1h2.5A1.5 1.5 0 0 1 14 5.5v8A1.5 1.5 0 0 1 12.5 15h-9A1.5 1.5 0 0 1 2 13.5v-8A1.5 1.5 0 0 1 3.5 3H6V2a2 2 0 0 1 2-1zm1 3V3a1 1 0 0 0-2 0v1h2z\"\/><\/svg>K\u00f6p h\u00e4r<\/span><p class=\"rapido\">Leverans idag<\/p><\/div><\/div>\n\n\n\n<h2 class=\"wp-block-heading\"><strong>F\u00e4rg s\u00e4ger mer \u00e4n pris<\/strong><\/h2>\n\n\n\n<p>En av de mest underskattade hemligheterna \u00e4r <strong>blommornas f\u00e4rgspr\u00e5k<\/strong>. R\u00e4tt f\u00e4rgval kan kommunicera djupa k\u00e4nslor helt utan extra kostnad. <a href=\"https:\/\/www.interflora.se\/inspiration\/vad-rosornas-farg-sager-om-dina-kanslor\/\">Vad rosornas f\u00e4rg s\u00e4ger om dina k\u00e4nslor<\/a> \u00e4r v\u00e4rt att utforska innan du v\u00e4ljer.<\/p>\n\n\n\n<p>S\u00e5 h\u00e4r talar f\u00e4rgerna:<\/p>\n\n\n\n<ul class=\"wp-block-list\">\n<li><strong>R\u00f6da blommor<\/strong> \u2013 den klassiska symbolen f\u00f6r passionerad k\u00e4rlek<\/li>\n\n\n\n<li><strong>Rosa blommor<\/strong> \u2013 \u00f6mhet, tillgivenhet och tacksamhet<\/li>\n\n\n\n<li><strong>Vita blommor<\/strong> \u2013 renhet, ny b\u00f6rjan och evig k\u00e4rlek<\/li>\n\n\n\n<li><strong>Lila blommor<\/strong> \u2013 beundran och f\u00f6rtrollning<\/li>\n<\/ul>\n\n\n\n<p>En mindre bukett i &#8221;r\u00e4tt&#8221; f\u00e4rg f\u00f6r er relation kan k\u00e4nnas mer personlig \u00e4n ett stort, generiskt arrangemang. T\u00e4nk p\u00e5 vad du vill s\u00e4ga \u2013 och l\u00e5t blommorna tala f\u00f6r dig.<\/p>\n\n\n\n<p>V\u00e5r <strong>Februaribukett<\/strong> kombinerar s\u00e4songens vackraste toner f\u00f6r en balanserad och romantisk k\u00e4nsla till mellanpris.<\/p>\n\n\n\n<h2 class=\"wp-block-heading\"><strong>Personliga detaljer v\u00e4ger tyngst<\/strong><\/h2>\n\n\n\n<p>H\u00e4r kommer sanningen: <strong>det personliga sl\u00e5r alltid det dyra.<\/strong> En bukett som visar att du verkligen t\u00e4nkt p\u00e5 mottagaren ber\u00f6r p\u00e5 ett djupare plan.<\/p>\n\n\n\n<p>S\u00e5 g\u00f6r du buketten personlig:<\/p>\n\n\n\n<ul class=\"wp-block-list\">\n<li>V\u00e4lj blommor i din partners favoritf\u00e4rg<\/li>\n\n\n\n<li>L\u00e4gg till en handskriven h\u00e4lsning som kommer fr\u00e5n hj\u00e4rtat<\/li>\n\n\n\n<li>Titta p\u00e5 <a href=\"https:\/\/www.interflora.se\/inspiration\/tips-pa-romantiska-karlekstexter\/\">tips p\u00e5 romantiska k\u00e4rlekstexter<\/a> f\u00f6r inspiration till ditt kort<\/li>\n\n\n\n<li>\u00d6verv\u00e4g att best\u00e4lla till en speciell plats \u2013 arbetet, hemmet eller varf\u00f6r inte favoritcaf\u00e9et?<\/li>\n<\/ul>\n\n\n\n<p>Det r\u00e4cker inte att skicka blommor \u2013 det handlar om att visa att du <strong>ser<\/strong> personen. En bukett som anl\u00e4nder ov\u00e4ntat mitt i vardagen kan vara mer minnesv\u00e4rd \u00e4n den dyraste br\u00f6llopsbuketten. Utforska v\u00e5ra <a href=\"https:\/\/www.interflora.se\/c\/alla-hjartans-dag\">blommor till Alla hj\u00e4rtans dag<\/a> f\u00f6r att hitta r\u00e4tt match.<\/p>\n\n\n<div class=\"lp-produits-grid\"><div class=\"lp-produit\"><div class=\"lp-thumbnail-wrapper\"><img loading=\"lazy\" decoding=\"async\" width=\"240\" height=\"300\" src=\"https:\/\/www.interflora.se\/inspiration\/wp-content\/uploads\/2025\/05\/1202975-2025-240x300.jpg\" class=\"attachment-medium size-medium wp-post-image\" alt=\"\" srcset=\"https:\/\/www.interflora.se\/inspiration\/wp-content\/uploads\/2025\/05\/1202975-2025-240x300.jpg 240w, https:\/\/www.interflora.se\/inspiration\/wp-content\/uploads\/2025\/05\/1202975-2025.jpg 745w\" sizes=\"auto, (max-width: 240px) 100vw, 240px\" \/><img decoding=\"async\" class=\"lp-badge\" src=\"https:\/\/www.interflora.se\/inspiration\/wp-content\/uploads\/2025\/03\/cropped-220422_INTERFLORA_Main_Logo_rgb_Main_Color-1.png\" alt=\"Blombud Interflora\"><\/div><span>F\u00e4rglycka<\/span><p>fr\u00e5n 269 kr<\/p><span class=\"obf-link lp-cta\" role=\"link\" tabindex=\"0\" data-b64=\"aHR0cHM6Ly93d3cuaW50ZXJmbG9yYS5zZS9wLzgxNjc5LWZhcmdseWNrYS8yP3V0bV9tZWRpdW09b3JnYW5pYyZ1dG1fc291cmNlPWJsb2dfcHJvZHVjdHMmdXRtX2NhbXBhaWduPTEyMDI5NzQ=\" data-target=\"_blank\"><svg xmlns=\"http:\/\/www.w3.org\/2000\/svg\" width=\"16\" height=\"16\" fill=\"currentColor\" class=\"bi bi-bag\" viewBox=\"0 0 16 16\"><path d=\"M8 1a2 2 0 0 1 2 2v1h2.5A1.5 1.5 0 0 1 14 5.5v8A1.5 1.5 0 0 1 12.5 15h-9A1.5 1.5 0 0 1 2 13.5v-8A1.5 1.5 0 0 1 3.5 3H6V2a2 2 0 0 1 2-1zm1 3V3a1 1 0 0 0-2 0v1h2z\"\/><\/svg>K\u00f6p h\u00e4r<\/span><p class=\"rapido\">Din personliga h\u00e4lsning<\/p><\/div><div class=\"lp-produit\"><div class=\"lp-thumbnail-wrapper\"><img loading=\"lazy\" decoding=\"async\" width=\"240\" height=\"300\" src=\"https:\/\/www.interflora.se\/inspiration\/wp-content\/uploads\/2025\/05\/1201665-4.5-240x300.jpg\" class=\"attachment-medium size-medium wp-post-image\" alt=\"\" srcset=\"https:\/\/www.interflora.se\/inspiration\/wp-content\/uploads\/2025\/05\/1201665-4.5-240x300.jpg 240w, https:\/\/www.interflora.se\/inspiration\/wp-content\/uploads\/2025\/05\/1201665-4.5.jpg 745w\" sizes=\"auto, (max-width: 240px) 100vw, 240px\" \/><img decoding=\"async\" class=\"lp-badge\" src=\"https:\/\/www.interflora.se\/inspiration\/wp-content\/uploads\/2025\/03\/cropped-220422_INTERFLORA_Main_Logo_rgb_Main_Color-1.png\" alt=\"Blombud Interflora\"><\/div><span>Rosdr\u00f6m<\/span><p>fr\u00e5n 549 kr<\/p><span class=\"obf-link lp-cta\" role=\"link\" tabindex=\"0\" data-b64=\"aHR0cHM6Ly93d3cuaW50ZXJmbG9yYS5zZS9wLzYzNi1yb3Nkcm9tLzI\/dXRtX21lZGl1bT1vcmdhbmljJnV0bV9zb3VyY2U9YmxvZ19wcm9kdWN0cyZ1dG1fY2FtcGFpZ249MTIwMTU0MA==\" data-target=\"_blank\"><svg xmlns=\"http:\/\/www.w3.org\/2000\/svg\" width=\"16\" height=\"16\" fill=\"currentColor\" class=\"bi bi-bag\" viewBox=\"0 0 16 16\"><path d=\"M8 1a2 2 0 0 1 2 2v1h2.5A1.5 1.5 0 0 1 14 5.5v8A1.5 1.5 0 0 1 12.5 15h-9A1.5 1.5 0 0 1 2 13.5v-8A1.5 1.5 0 0 1 3.5 3H6V2a2 2 0 0 1 2-1zm1 3V3a1 1 0 0 0-2 0v1h2z\"\/><\/svg>K\u00f6p h\u00e4r<\/span><p class=\"rapido\">Bunden av din lokala florist<\/p><\/div><div class=\"lp-produit\"><div class=\"lp-thumbnail-wrapper\"><img loading=\"lazy\" decoding=\"async\" width=\"240\" height=\"300\" src=\"https:\/\/www.interflora.se\/inspiration\/wp-content\/uploads\/2025\/05\/1201156-2024-ny-4.5-240x300.jpg\" class=\"attachment-medium size-medium wp-post-image\" alt=\"\" srcset=\"https:\/\/www.interflora.se\/inspiration\/wp-content\/uploads\/2025\/05\/1201156-2024-ny-4.5-240x300.jpg 240w, https:\/\/www.interflora.se\/inspiration\/wp-content\/uploads\/2025\/05\/1201156-2024-ny-4.5.jpg 745w\" sizes=\"auto, (max-width: 240px) 100vw, 240px\" \/><img decoding=\"async\" class=\"lp-badge\" src=\"https:\/\/www.interflora.se\/inspiration\/wp-content\/uploads\/2025\/03\/cropped-220422_INTERFLORA_Main_Logo_rgb_Main_Color-1.png\" alt=\"Blombud Interflora\"><\/div><span>Omtanke<\/span><p>fr\u00e5n 379 kr<\/p><span class=\"obf-link lp-cta\" role=\"link\" tabindex=\"0\" data-b64=\"aHR0cHM6Ly93d3cuaW50ZXJmbG9yYS5zZS9wLzMwOC1vbXRhbmtlLzI\/dXRtX21lZGl1bT1vcmdhbmljJnV0bV9zb3VyY2U9YmxvZ19wcm9kdWN0cyZ1dG1fY2FtcGFpZ249MTIwMTE1NQ==\" data-target=\"_blank\"><svg xmlns=\"http:\/\/www.w3.org\/2000\/svg\" width=\"16\" height=\"16\" fill=\"currentColor\" class=\"bi bi-bag\" viewBox=\"0 0 16 16\"><path d=\"M8 1a2 2 0 0 1 2 2v1h2.5A1.5 1.5 0 0 1 14 5.5v8A1.5 1.5 0 0 1 12.5 15h-9A1.5 1.5 0 0 1 2 13.5v-8A1.5 1.5 0 0 1 3.5 3H6V2a2 2 0 0 1 2-1zm1 3V3a1 1 0 0 0-2 0v1h2z\"\/><\/svg>K\u00f6p h\u00e4r<\/span><p class=\"rapido\">Handbundet av florister<\/p><\/div><\/div>\n\n\n\n<h2 class=\"wp-block-heading\"><strong>Budget vs. premium \u2013 vad f\u00e5r du egentligen?<\/strong><\/h2>\n\n\n\n<p>En budgetbukett och en premiumbukett kan b\u00e5da vara romantiska \u2013 men de erbjuder olika upplevelser.<\/p>\n\n\n\n<p><strong>Budgetv\u00e4nliga val (under 400 kr):<\/strong> Buketter som <a href=\"https:\/\/www.interflora.se\/p\/81679-farglycka\/1\"><strong>F\u00e4rglycka<\/strong><\/a> inneh\u00e5ller s\u00e4songsblommor i glada f\u00e4rger. Kompakt storlek men stor k\u00e4nsla.<\/p>\n\n\n\n<p><strong>Mellanpris (400\u2013700 kr):<\/strong> <strong>Februaribuketten<\/strong> erbjuder en lyxigare mix med fler blommor och l\u00e4ngre h\u00e5llbarhet.<\/p>\n\n\n\n<p><strong>Premium (700 kr+):<\/strong> <strong>\u00c4lskar dig<\/strong> kombinerar klassiska r\u00f6da rosor med eleganta rosa krysantemum och frodig gr\u00f6nska. F\u00f6r den ultimata gesten finns v\u00e5ra <a href=\"https:\/\/www.interflora.se\/p\/1295-50-roda-rosor\/1\"><strong>buketter med 50 r\u00f6da rosor<\/strong><\/a> \u2013 ett tidl\u00f6st uttryck f\u00f6r stor k\u00e4rlek.<\/p>\n\n\n\n<p>L\u00e4s mer om <a href=\"https:\/\/www.interflora.se\/inspiration\/hur-manga-rosor-ska-man-ge-pa-alla-hjartans-dag\/\">hur m\u00e5nga rosor man ska ge p\u00e5 Alla hj\u00e4rtans dag<\/a> f\u00f6r v\u00e4gledning.<\/p>\n\n\n\n<h2 class=\"wp-block-heading\"><strong>Timing \u00e4r allt<\/strong><\/h2>\n\n\n\n<p>Ett smart budgettips som m\u00e5nga missar: <strong>best\u00e4ll i tid.<\/strong> V\u00e4ntar du till sista minuten riskerar du att popul\u00e4ra buketter \u00e4r sluts\u00e5lda \u2013 och du kanske tvingas v\u00e4lja dyrare alternativ.<\/p>\n\n\n\n<p>Genom att best\u00e4lla n\u00e5gra dagar innan Alla hj\u00e4rtans dag f\u00e5r du:<\/p>\n\n\n\n<ul class=\"wp-block-list\">\n<li>St\u00f6rre urval av buketter i alla prisklasser<\/li>\n\n\n\n<li>M\u00f6jlighet att v\u00e4lja \u00f6nskad leveransdag<\/li>\n\n\n\n<li>Mindre stress och mer tid att skriva en k\u00e4rleksfull h\u00e4lsning<\/li>\n<\/ul>\n\n\n\n<p>Utforska fler <a href=\"https:\/\/www.interflora.se\/inspiration\/presenttips-till-din-partner\/\">presenttips till din partner<\/a> om du vill komplettera blommorna med n\u00e5got extra.<\/p>\n\n\n\n<h2 class=\"wp-block-heading\"><strong>K\u00e4rlek k\u00e4nns inte p\u00e5 prislappen<\/strong><\/h2>\n\n\n\n<p>I slut\u00e4ndan handlar Alla hj\u00e4rtans dag om att visa uppskattning f\u00f6r n\u00e5gon du \u00e4lskar. Det spelar ingen roll om du v\u00e4ljer en budgetv\u00e4nlig bukett eller sl\u00e5r p\u00e5 stort med femtio r\u00f6da rosor \u2013 det \u00e4r <strong>omtanken bakom gesten<\/strong> som skapar minnet.<\/p>\n\n\n\n<p>V\u00e4lj blommor som passar din relation, l\u00e4gg till en personlig touch och l\u00e5t buketten anl\u00e4nda vid r\u00e4tt tillf\u00e4lle. Det \u00e4r receptet f\u00f6r en romantisk \u00f6verraskning som ber\u00f6r \u2013 helt oavsett budget.<\/p>\n\n\n\n<p><strong>Hitta din perfekta Alla hj\u00e4rtans dag-bukett hos oss idag.<\/strong><\/p>\n\n\n<div class=\"lp-produits-grid\"><div class=\"lp-produit\"><div class=\"lp-thumbnail-wrapper\"><img loading=\"lazy\" decoding=\"async\" width=\"240\" height=\"300\" src=\"https:\/\/www.interflora.se\/inspiration\/wp-content\/uploads\/2025\/05\/1201156-2024-ny-4.5-240x300.jpg\" class=\"attachment-medium size-medium wp-post-image\" alt=\"\" srcset=\"https:\/\/www.interflora.se\/inspiration\/wp-content\/uploads\/2025\/05\/1201156-2024-ny-4.5-240x300.jpg 240w, https:\/\/www.interflora.se\/inspiration\/wp-content\/uploads\/2025\/05\/1201156-2024-ny-4.5.jpg 745w\" sizes=\"auto, (max-width: 240px) 100vw, 240px\" \/><img decoding=\"async\" class=\"lp-badge\" src=\"https:\/\/www.interflora.se\/inspiration\/wp-content\/uploads\/2025\/03\/cropped-220422_INTERFLORA_Main_Logo_rgb_Main_Color-1.png\" alt=\"Blombud Interflora\"><\/div><span>Omtanke<\/span><p>fr\u00e5n 379 kr<\/p><span class=\"obf-link lp-cta\" role=\"link\" tabindex=\"0\" data-b64=\"aHR0cHM6Ly93d3cuaW50ZXJmbG9yYS5zZS9wLzMwOC1vbXRhbmtlLzI\/dXRtX21lZGl1bT1vcmdhbmljJnV0bV9zb3VyY2U9YmxvZ19wcm9kdWN0cyZ1dG1fY2FtcGFpZ249MTIwMTE1NQ==\" data-target=\"_blank\"><svg xmlns=\"http:\/\/www.w3.org\/2000\/svg\" width=\"16\" height=\"16\" fill=\"currentColor\" class=\"bi bi-bag\" viewBox=\"0 0 16 16\"><path d=\"M8 1a2 2 0 0 1 2 2v1h2.5A1.5 1.5 0 0 1 14 5.5v8A1.5 1.5 0 0 1 12.5 15h-9A1.5 1.5 0 0 1 2 13.5v-8A1.5 1.5 0 0 1 3.5 3H6V2a2 2 0 0 1 2-1zm1 3V3a1 1 0 0 0-2 0v1h2z\"\/><\/svg>K\u00f6p h\u00e4r<\/span><p class=\"rapido\">Leverans i hela Sverige<\/p><\/div><div class=\"lp-produit\"><div class=\"lp-thumbnail-wrapper\"><img loading=\"lazy\" decoding=\"async\" width=\"240\" height=\"300\" src=\"https:\/\/www.interflora.se\/inspiration\/wp-content\/uploads\/2025\/05\/1201665-4.5-240x300.jpg\" class=\"attachment-medium size-medium wp-post-image\" alt=\"\" srcset=\"https:\/\/www.interflora.se\/inspiration\/wp-content\/uploads\/2025\/05\/1201665-4.5-240x300.jpg 240w, https:\/\/www.interflora.se\/inspiration\/wp-content\/uploads\/2025\/05\/1201665-4.5.jpg 745w\" sizes=\"auto, (max-width: 240px) 100vw, 240px\" \/><img decoding=\"async\" class=\"lp-badge\" src=\"https:\/\/www.interflora.se\/inspiration\/wp-content\/uploads\/2025\/03\/cropped-220422_INTERFLORA_Main_Logo_rgb_Main_Color-1.png\" alt=\"Blombud Interflora\"><\/div><span>Rosdr\u00f6m<\/span><p>fr\u00e5n 549 kr<\/p><span class=\"obf-link lp-cta\" role=\"link\" tabindex=\"0\" data-b64=\"aHR0cHM6Ly93d3cuaW50ZXJmbG9yYS5zZS9wLzYzNi1yb3Nkcm9tLzI\/dXRtX21lZGl1bT1vcmdhbmljJnV0bV9zb3VyY2U9YmxvZ19wcm9kdWN0cyZ1dG1fY2FtcGFpZ249MTIwMTU0MA==\" data-target=\"_blank\"><svg xmlns=\"http:\/\/www.w3.org\/2000\/svg\" width=\"16\" height=\"16\" fill=\"currentColor\" class=\"bi bi-bag\" viewBox=\"0 0 16 16\"><path d=\"M8 1a2 2 0 0 1 2 2v1h2.5A1.5 1.5 0 0 1 14 5.5v8A1.5 1.5 0 0 1 12.5 15h-9A1.5 1.5 0 0 1 2 13.5v-8A1.5 1.5 0 0 1 3.5 3H6V2a2 2 0 0 1 2-1zm1 3V3a1 1 0 0 0-2 0v1h2z\"\/><\/svg>K\u00f6p h\u00e4r<\/span><p class=\"rapido\">Din personliga h\u00e4lsning<\/p><\/div><div class=\"lp-produit\"><div class=\"lp-thumbnail-wrapper\"><img loading=\"lazy\" decoding=\"async\" width=\"240\" height=\"300\" src=\"https:\/\/www.interflora.se\/inspiration\/wp-content\/uploads\/2025\/05\/1202975-2025-240x300.jpg\" class=\"attachment-medium size-medium wp-post-image\" alt=\"\" srcset=\"https:\/\/www.interflora.se\/inspiration\/wp-content\/uploads\/2025\/05\/1202975-2025-240x300.jpg 240w, https:\/\/www.interflora.se\/inspiration\/wp-content\/uploads\/2025\/05\/1202975-2025.jpg 745w\" sizes=\"auto, (max-width: 240px) 100vw, 240px\" \/><img decoding=\"async\" class=\"lp-badge\" src=\"https:\/\/www.interflora.se\/inspiration\/wp-content\/uploads\/2025\/03\/cropped-220422_INTERFLORA_Main_Logo_rgb_Main_Color-1.png\" alt=\"Blombud Interflora\"><\/div><span>F\u00e4rglycka<\/span><p>fr\u00e5n 269 kr<\/p><span class=\"obf-link lp-cta\" role=\"link\" tabindex=\"0\" data-b64=\"aHR0cHM6Ly93d3cuaW50ZXJmbG9yYS5zZS9wLzgxNjc5LWZhcmdseWNrYS8yP3V0bV9tZWRpdW09b3JnYW5pYyZ1dG1fc291cmNlPWJsb2dfcHJvZHVjdHMmdXRtX2NhbXBhaWduPTEyMDI5NzQ=\" data-target=\"_blank\"><svg xmlns=\"http:\/\/www.w3.org\/2000\/svg\" width=\"16\" height=\"16\" fill=\"currentColor\" class=\"bi bi-bag\" viewBox=\"0 0 16 16\"><path d=\"M8 1a2 2 0 0 1 2 2v1h2.5A1.5 1.5 0 0 1 14 5.5v8A1.5 1.5 0 0 1 12.5 15h-9A1.5 1.5 0 0 1 2 13.5v-8A1.5 1.5 0 0 1 3.5 3H6V2a2 2 0 0 1 2-1zm1 3V3a1 1 0 0 0-2 0v1h2z\"\/><\/svg>K\u00f6p h\u00e4r<\/span><p class=\"rapido\">Bunden av din lokala florist<\/p><\/div><\/div>\n","protected":false},"excerpt":{"rendered":"<p>I korthet Att ge blommor p\u00e5 Alla hj\u00e4rtans dag beh\u00f6ver inte kosta skjortan. Det handlar om att v\u00e4lja r\u00e4tt \u2013 [&hellip;]<\/p>\n","protected":false},"author":1,"featured_media":5238,"comment_status":"open","ping_status":"open","sticky":false,"template":"","format":"standard","meta":{"_uag_custom_page_level_css":"","site-sidebar-layout":"default","site-content-layout":"","ast-site-content-layout":"default","site-content-style":"default","site-sidebar-style":"default","ast-global-header-display":"","ast-banner-title-visibility":"","ast-main-header-display":"","ast-hfb-above-header-display":"","ast-hfb-below-header-display":"","ast-hfb-mobile-header-display":"","site-post-title":"","ast-breadcrumbs-content":"","ast-featured-img":"","footer-sml-layout":"","ast-disable-related-posts":"","theme-transparent-header-meta":"","adv-header-id-meta":"","stick-header-meta":"","header-above-stick-meta":"","header-main-stick-meta":"","header-below-stick-meta":"","astra-migrate-meta-layouts":"default","ast-page-background-enabled":"default","ast-page-background-meta":{"desktop":{"background-color":"var(--ast-global-color-5)","background-image":"","background-repeat":"repeat","background-position":"center center","background-size":"auto","background-attachment":"scroll","background-type":"","background-media":"","overlay-type":"","overlay-color":"","overlay-opacity":"","overlay-gradient":""},"tablet":{"background-color":"","background-image":"","background-repeat":"repeat","background-position":"center center","background-size":"auto","background-attachment":"scroll","background-type":"","background-media":"","overlay-type":"","overlay-color":"","overlay-opacity":"","overlay-gradient":""},"mobile":{"background-color":"","background-image":"","background-repeat":"repeat","background-position":"center center","background-size":"auto","background-attachment":"scroll","background-type":"","background-media":"","overlay-type":"","overlay-color":"","overlay-opacity":"","overlay-gradient":""}},"ast-content-background-meta":{"desktop":{"background-color":"var(--ast-global-color-4)","background-image":"","background-repeat":"repeat","background-position":"center center","background-size":"auto","background-attachment":"scroll","background-type":"","background-media":"","overlay-type":"","overlay-color":"","overlay-opacity":"","overlay-gradient":""},"tablet":{"background-color":"var(--ast-global-color-4)","background-image":"","background-repeat":"repeat","background-position":"center center","background-size":"auto","background-attachment":"scroll","background-type":"","background-media":"","overlay-type":"","overlay-color":"","overlay-opacity":"","overlay-gradient":""},"mobile":{"background-color":"var(--ast-global-color-4)","background-image":"","background-repeat":"repeat","background-position":"center center","background-size":"auto","background-attachment":"scroll","background-type":"","background-media":"","overlay-type":"","overlay-color":"","overlay-opacity":"","overlay-gradient":""}},"footnotes":""},"categories":[30,6,4],"tags":[],"class_list":["post-5438","post","type-post","status-publish","format-standard","has-post-thumbnail","hentry","category-alla-hjartans-dag","category-hogtid-ceremoni","category-tips"],"yoast_head":"<!-- This site is optimized with the Yoast SEO plugin v27.4 - https:\/\/yoast.com\/product\/yoast-seo-wordpress\/ -->\n<title>Alla hj\u00e4rtans dag-blommor till l\u00e4gre budget: S\u00e5 v\u00e4ljer du r\u00e4tt | Interflora<\/title>\n<meta name=\"description\" content=\"Uppt\u00e4ck hur du v\u00e4ljer romantiska valentinsblommor p\u00e5 budget som \u00e4nd\u00e5 k\u00e4nns speciella. Tips p\u00e5 s\u00e4songsblommor, personliga detaljer och buketter f\u00f6r alla pl\u00e5nb\u00f6cker.\" \/>\n<meta name=\"robots\" content=\"index, follow, max-snippet:-1, max-image-preview:large, max-video-preview:-1\" \/>\n<link rel=\"canonical\" href=\"https:\/\/www.interflora.se\/inspiration\/valentinsblommor-pa-budget-sa-valjer-du-ratt-utan-att-det-kanns-billigt\/\" \/>\n<meta property=\"og:locale\" content=\"sv_SE\" \/>\n<meta property=\"og:type\" content=\"article\" \/>\n<meta property=\"og:title\" content=\"Alla hj\u00e4rtans dag-blommor till l\u00e4gre budget: S\u00e5 v\u00e4ljer du r\u00e4tt | Interflora\" \/>\n<meta property=\"og:description\" content=\"Uppt\u00e4ck hur du v\u00e4ljer romantiska valentinsblommor p\u00e5 budget som \u00e4nd\u00e5 k\u00e4nns speciella. Tips p\u00e5 s\u00e4songsblommor, personliga detaljer och buketter f\u00f6r alla pl\u00e5nb\u00f6cker.\" \/>\n<meta property=\"og:url\" content=\"https:\/\/www.interflora.se\/inspiration\/valentinsblommor-pa-budget-sa-valjer-du-ratt-utan-att-det-kanns-billigt\/\" \/>\n<meta property=\"og:site_name\" content=\"Inspiration om blommor, krukv\u00e4xter &amp; trender | Interflora\" \/>\n<meta property=\"article:publisher\" content=\"https:\/\/www.facebook.com\/InterfloraAB\" \/>\n<meta property=\"article:published_time\" content=\"2026-01-16T16:01:10+00:00\" \/>\n<meta property=\"article:modified_time\" content=\"2026-01-23T13:03:04+00:00\" \/>\n<meta property=\"og:image\" content=\"https:\/\/www.interflora.se\/inspiration\/wp-content\/uploads\/2026\/01\/annesophiebenoit-interflora-saint-valentin-40_FR-SP-PR-IT-Kiss-LARGE-1-scaled.avif\" \/>\n\t<meta property=\"og:image:width\" content=\"2560\" \/>\n\t<meta property=\"og:image:height\" content=\"2384\" \/>\n\t<meta property=\"og:image:type\" content=\"image\/jpeg\" \/>\n<meta name=\"author\" content=\"admin\" \/>\n<meta name=\"twitter:card\" content=\"summary_large_image\" \/>\n<meta name=\"twitter:label1\" content=\"Skriven av\" \/>\n\t<meta name=\"twitter:data1\" content=\"admin\" \/>\n\t<meta name=\"twitter:label2\" content=\"Ber\u00e4knad l\u00e4stid\" \/>\n\t<meta name=\"twitter:data2\" content=\"5 minuter\" \/>\n<script type=\"application\/ld+json\" class=\"yoast-schema-graph\">{\"@context\":\"https:\\\/\\\/schema.org\",\"@graph\":[{\"@type\":\"Article\",\"@id\":\"https:\\\/\\\/www.interflora.se\\\/inspiration\\\/valentinsblommor-pa-budget-sa-valjer-du-ratt-utan-att-det-kanns-billigt\\\/#article\",\"isPartOf\":{\"@id\":\"https:\\\/\\\/www.interflora.se\\\/inspiration\\\/valentinsblommor-pa-budget-sa-valjer-du-ratt-utan-att-det-kanns-billigt\\\/\"},\"author\":{\"name\":\"admin\",\"@id\":\"https:\\\/\\\/www.interflora.se\\\/inspiration\\\/#\\\/schema\\\/person\\\/dbbd1ad45e05409c356dc639597669f2\"},\"headline\":\"Alla hj\u00e4rtans dag-blommor till l\u00e4gre budget \u2013 s\u00e5 v\u00e4ljer du r\u00e4tt utan att det k\u00e4nns billigt\",\"datePublished\":\"2026-01-16T16:01:10+00:00\",\"dateModified\":\"2026-01-23T13:03:04+00:00\",\"mainEntityOfPage\":{\"@id\":\"https:\\\/\\\/www.interflora.se\\\/inspiration\\\/valentinsblommor-pa-budget-sa-valjer-du-ratt-utan-att-det-kanns-billigt\\\/\"},\"wordCount\":972,\"commentCount\":0,\"publisher\":{\"@id\":\"https:\\\/\\\/www.interflora.se\\\/inspiration\\\/#organization\"},\"image\":{\"@id\":\"https:\\\/\\\/www.interflora.se\\\/inspiration\\\/valentinsblommor-pa-budget-sa-valjer-du-ratt-utan-att-det-kanns-billigt\\\/#primaryimage\"},\"thumbnailUrl\":\"https:\\\/\\\/www.interflora.se\\\/inspiration\\\/wp-content\\\/uploads\\\/2026\\\/01\\\/annesophiebenoit-interflora-saint-valentin-40_FR-SP-PR-IT-Kiss-LARGE-1-scaled.avif\",\"articleSection\":[\"Alla hj\u00e4rtans dag\",\"H\u00f6gtid &amp; ceremoni\",\"Tips\"],\"inLanguage\":\"sv-SE\",\"potentialAction\":[{\"@type\":\"CommentAction\",\"name\":\"Comment\",\"target\":[\"https:\\\/\\\/www.interflora.se\\\/inspiration\\\/valentinsblommor-pa-budget-sa-valjer-du-ratt-utan-att-det-kanns-billigt\\\/#respond\"]}]},{\"@type\":\"WebPage\",\"@id\":\"https:\\\/\\\/www.interflora.se\\\/inspiration\\\/valentinsblommor-pa-budget-sa-valjer-du-ratt-utan-att-det-kanns-billigt\\\/\",\"url\":\"https:\\\/\\\/www.interflora.se\\\/inspiration\\\/valentinsblommor-pa-budget-sa-valjer-du-ratt-utan-att-det-kanns-billigt\\\/\",\"name\":\"Alla hj\u00e4rtans dag-blommor till l\u00e4gre budget: S\u00e5 v\u00e4ljer du r\u00e4tt | Interflora\",\"isPartOf\":{\"@id\":\"https:\\\/\\\/www.interflora.se\\\/inspiration\\\/#website\"},\"primaryImageOfPage\":{\"@id\":\"https:\\\/\\\/www.interflora.se\\\/inspiration\\\/valentinsblommor-pa-budget-sa-valjer-du-ratt-utan-att-det-kanns-billigt\\\/#primaryimage\"},\"image\":{\"@id\":\"https:\\\/\\\/www.interflora.se\\\/inspiration\\\/valentinsblommor-pa-budget-sa-valjer-du-ratt-utan-att-det-kanns-billigt\\\/#primaryimage\"},\"thumbnailUrl\":\"https:\\\/\\\/www.interflora.se\\\/inspiration\\\/wp-content\\\/uploads\\\/2026\\\/01\\\/annesophiebenoit-interflora-saint-valentin-40_FR-SP-PR-IT-Kiss-LARGE-1-scaled.avif\",\"datePublished\":\"2026-01-16T16:01:10+00:00\",\"dateModified\":\"2026-01-23T13:03:04+00:00\",\"description\":\"Uppt\u00e4ck hur du v\u00e4ljer romantiska valentinsblommor p\u00e5 budget som \u00e4nd\u00e5 k\u00e4nns speciella. Tips p\u00e5 s\u00e4songsblommor, personliga detaljer och buketter f\u00f6r alla pl\u00e5nb\u00f6cker.\",\"breadcrumb\":{\"@id\":\"https:\\\/\\\/www.interflora.se\\\/inspiration\\\/valentinsblommor-pa-budget-sa-valjer-du-ratt-utan-att-det-kanns-billigt\\\/#breadcrumb\"},\"inLanguage\":\"sv-SE\",\"potentialAction\":[{\"@type\":\"ReadAction\",\"target\":[\"https:\\\/\\\/www.interflora.se\\\/inspiration\\\/valentinsblommor-pa-budget-sa-valjer-du-ratt-utan-att-det-kanns-billigt\\\/\"]}]},{\"@type\":\"ImageObject\",\"inLanguage\":\"sv-SE\",\"@id\":\"https:\\\/\\\/www.interflora.se\\\/inspiration\\\/valentinsblommor-pa-budget-sa-valjer-du-ratt-utan-att-det-kanns-billigt\\\/#primaryimage\",\"url\":\"https:\\\/\\\/www.interflora.se\\\/inspiration\\\/wp-content\\\/uploads\\\/2026\\\/01\\\/annesophiebenoit-interflora-saint-valentin-40_FR-SP-PR-IT-Kiss-LARGE-1-scaled.avif\",\"contentUrl\":\"https:\\\/\\\/www.interflora.se\\\/inspiration\\\/wp-content\\\/uploads\\\/2026\\\/01\\\/annesophiebenoit-interflora-saint-valentin-40_FR-SP-PR-IT-Kiss-LARGE-1-scaled.avif\",\"width\":2560,\"height\":2384,\"caption\":\"Evoto\"},{\"@type\":\"BreadcrumbList\",\"@id\":\"https:\\\/\\\/www.interflora.se\\\/inspiration\\\/valentinsblommor-pa-budget-sa-valjer-du-ratt-utan-att-det-kanns-billigt\\\/#breadcrumb\",\"itemListElement\":[{\"@type\":\"ListItem\",\"position\":1,\"name\":\"Home\",\"item\":\"https:\\\/\\\/www.interflora.se\\\/inspiration\\\/\"},{\"@type\":\"ListItem\",\"position\":2,\"name\":\"Alla hj\u00e4rtans dag-blommor till l\u00e4gre budget \u2013 s\u00e5 v\u00e4ljer du r\u00e4tt utan att det k\u00e4nns billigt\"}]},{\"@type\":\"WebSite\",\"@id\":\"https:\\\/\\\/www.interflora.se\\\/inspiration\\\/#website\",\"url\":\"https:\\\/\\\/www.interflora.se\\\/inspiration\\\/\",\"name\":\"Interflora\",\"description\":\"\",\"publisher\":{\"@id\":\"https:\\\/\\\/www.interflora.se\\\/inspiration\\\/#organization\"},\"potentialAction\":[{\"@type\":\"SearchAction\",\"target\":{\"@type\":\"EntryPoint\",\"urlTemplate\":\"https:\\\/\\\/www.interflora.se\\\/inspiration\\\/?s={search_term_string}\"},\"query-input\":{\"@type\":\"PropertyValueSpecification\",\"valueRequired\":true,\"valueName\":\"search_term_string\"}}],\"inLanguage\":\"sv-SE\"},{\"@type\":\"Organization\",\"@id\":\"https:\\\/\\\/www.interflora.se\\\/inspiration\\\/#organization\",\"name\":\"Interflora\",\"url\":\"https:\\\/\\\/www.interflora.se\\\/inspiration\\\/\",\"logo\":{\"@type\":\"ImageObject\",\"inLanguage\":\"sv-SE\",\"@id\":\"https:\\\/\\\/www.interflora.se\\\/inspiration\\\/#\\\/schema\\\/logo\\\/image\\\/\",\"url\":\"https:\\\/\\\/www.interflora.se\\\/inspiration\\\/wp-content\\\/uploads\\\/2025\\\/09\\\/cropped-220422_INTERFLORA_Logo_rgb_Half_Top_Circle_Main_Color.avif\",\"contentUrl\":\"https:\\\/\\\/www.interflora.se\\\/inspiration\\\/wp-content\\\/uploads\\\/2025\\\/09\\\/cropped-220422_INTERFLORA_Logo_rgb_Half_Top_Circle_Main_Color.avif\",\"width\":1418,\"height\":662,\"caption\":\"Interflora\"},\"image\":{\"@id\":\"https:\\\/\\\/www.interflora.se\\\/inspiration\\\/#\\\/schema\\\/logo\\\/image\\\/\"},\"sameAs\":[\"https:\\\/\\\/www.facebook.com\\\/InterfloraAB\",\"https:\\\/\\\/www.instagram.com\\\/interflora_ab\\\/\",\"https:\\\/\\\/www.linkedin.com\\\/company\\\/1494362\",\"https:\\\/\\\/www.youtube.com\\\/channel\\\/UCZgDzGWB2VRxaoWFUmXnk1w\"]},{\"@type\":\"Person\",\"@id\":\"https:\\\/\\\/www.interflora.se\\\/inspiration\\\/#\\\/schema\\\/person\\\/dbbd1ad45e05409c356dc639597669f2\",\"name\":\"admin\",\"image\":{\"@type\":\"ImageObject\",\"inLanguage\":\"sv-SE\",\"@id\":\"https:\\\/\\\/www.interflora.se\\\/inspiration\\\/wp-content\\\/litespeed\\\/avatar\\\/1fe3cced9e67df62d0a6f995d75823a5.jpg?ver=1777362393\",\"url\":\"https:\\\/\\\/www.interflora.se\\\/inspiration\\\/wp-content\\\/litespeed\\\/avatar\\\/1fe3cced9e67df62d0a6f995d75823a5.jpg?ver=1777362393\",\"contentUrl\":\"https:\\\/\\\/www.interflora.se\\\/inspiration\\\/wp-content\\\/litespeed\\\/avatar\\\/1fe3cced9e67df62d0a6f995d75823a5.jpg?ver=1777362393\",\"caption\":\"admin\"},\"sameAs\":[\"https:\\\/\\\/www.interflora.se\\\/inspiration\"],\"url\":\"https:\\\/\\\/www.interflora.se\\\/inspiration\\\/author\\\/admin\\\/\"}]}<\/script>\n<!-- \/ Yoast SEO plugin. -->","yoast_head_json":{"title":"Alla hj\u00e4rtans dag-blommor till l\u00e4gre budget: S\u00e5 v\u00e4ljer du r\u00e4tt | Interflora","description":"Uppt\u00e4ck hur du v\u00e4ljer romantiska valentinsblommor p\u00e5 budget som \u00e4nd\u00e5 k\u00e4nns speciella. Tips p\u00e5 s\u00e4songsblommor, personliga detaljer och buketter f\u00f6r alla pl\u00e5nb\u00f6cker.","robots":{"index":"index","follow":"follow","max-snippet":"max-snippet:-1","max-image-preview":"max-image-preview:large","max-video-preview":"max-video-preview:-1"},"canonical":"https:\/\/www.interflora.se\/inspiration\/valentinsblommor-pa-budget-sa-valjer-du-ratt-utan-att-det-kanns-billigt\/","og_locale":"sv_SE","og_type":"article","og_title":"Alla hj\u00e4rtans dag-blommor till l\u00e4gre budget: S\u00e5 v\u00e4ljer du r\u00e4tt | Interflora","og_description":"Uppt\u00e4ck hur du v\u00e4ljer romantiska valentinsblommor p\u00e5 budget som \u00e4nd\u00e5 k\u00e4nns speciella. Tips p\u00e5 s\u00e4songsblommor, personliga detaljer och buketter f\u00f6r alla pl\u00e5nb\u00f6cker.","og_url":"https:\/\/www.interflora.se\/inspiration\/valentinsblommor-pa-budget-sa-valjer-du-ratt-utan-att-det-kanns-billigt\/","og_site_name":"Inspiration om blommor, krukv\u00e4xter &amp; trender | Interflora","article_publisher":"https:\/\/www.facebook.com\/InterfloraAB","article_published_time":"2026-01-16T16:01:10+00:00","article_modified_time":"2026-01-23T13:03:04+00:00","og_image":[{"width":2560,"height":2384,"url":"https:\/\/www.interflora.se\/inspiration\/wp-content\/uploads\/2026\/01\/annesophiebenoit-interflora-saint-valentin-40_FR-SP-PR-IT-Kiss-LARGE-1-scaled.avif","type":"image\/jpeg"}],"author":"admin","twitter_card":"summary_large_image","twitter_misc":{"Skriven av":"admin","Ber\u00e4knad l\u00e4stid":"5 minuter"},"schema":{"@context":"https:\/\/schema.org","@graph":[{"@type":"Article","@id":"https:\/\/www.interflora.se\/inspiration\/valentinsblommor-pa-budget-sa-valjer-du-ratt-utan-att-det-kanns-billigt\/#article","isPartOf":{"@id":"https:\/\/www.interflora.se\/inspiration\/valentinsblommor-pa-budget-sa-valjer-du-ratt-utan-att-det-kanns-billigt\/"},"author":{"name":"admin","@id":"https:\/\/www.interflora.se\/inspiration\/#\/schema\/person\/dbbd1ad45e05409c356dc639597669f2"},"headline":"Alla hj\u00e4rtans dag-blommor till l\u00e4gre budget \u2013 s\u00e5 v\u00e4ljer du r\u00e4tt utan att det k\u00e4nns billigt","datePublished":"2026-01-16T16:01:10+00:00","dateModified":"2026-01-23T13:03:04+00:00","mainEntityOfPage":{"@id":"https:\/\/www.interflora.se\/inspiration\/valentinsblommor-pa-budget-sa-valjer-du-ratt-utan-att-det-kanns-billigt\/"},"wordCount":972,"commentCount":0,"publisher":{"@id":"https:\/\/www.interflora.se\/inspiration\/#organization"},"image":{"@id":"https:\/\/www.interflora.se\/inspiration\/valentinsblommor-pa-budget-sa-valjer-du-ratt-utan-att-det-kanns-billigt\/#primaryimage"},"thumbnailUrl":"https:\/\/www.interflora.se\/inspiration\/wp-content\/uploads\/2026\/01\/annesophiebenoit-interflora-saint-valentin-40_FR-SP-PR-IT-Kiss-LARGE-1-scaled.avif","articleSection":["Alla hj\u00e4rtans dag","H\u00f6gtid &amp; ceremoni","Tips"],"inLanguage":"sv-SE","potentialAction":[{"@type":"CommentAction","name":"Comment","target":["https:\/\/www.interflora.se\/inspiration\/valentinsblommor-pa-budget-sa-valjer-du-ratt-utan-att-det-kanns-billigt\/#respond"]}]},{"@type":"WebPage","@id":"https:\/\/www.interflora.se\/inspiration\/valentinsblommor-pa-budget-sa-valjer-du-ratt-utan-att-det-kanns-billigt\/","url":"https:\/\/www.interflora.se\/inspiration\/valentinsblommor-pa-budget-sa-valjer-du-ratt-utan-att-det-kanns-billigt\/","name":"Alla hj\u00e4rtans dag-blommor till l\u00e4gre budget: S\u00e5 v\u00e4ljer du r\u00e4tt | Interflora","isPartOf":{"@id":"https:\/\/www.interflora.se\/inspiration\/#website"},"primaryImageOfPage":{"@id":"https:\/\/www.interflora.se\/inspiration\/valentinsblommor-pa-budget-sa-valjer-du-ratt-utan-att-det-kanns-billigt\/#primaryimage"},"image":{"@id":"https:\/\/www.interflora.se\/inspiration\/valentinsblommor-pa-budget-sa-valjer-du-ratt-utan-att-det-kanns-billigt\/#primaryimage"},"thumbnailUrl":"https:\/\/www.interflora.se\/inspiration\/wp-content\/uploads\/2026\/01\/annesophiebenoit-interflora-saint-valentin-40_FR-SP-PR-IT-Kiss-LARGE-1-scaled.avif","datePublished":"2026-01-16T16:01:10+00:00","dateModified":"2026-01-23T13:03:04+00:00","description":"Uppt\u00e4ck hur du v\u00e4ljer romantiska valentinsblommor p\u00e5 budget som \u00e4nd\u00e5 k\u00e4nns speciella. Tips p\u00e5 s\u00e4songsblommor, personliga detaljer och buketter f\u00f6r alla pl\u00e5nb\u00f6cker.","breadcrumb":{"@id":"https:\/\/www.interflora.se\/inspiration\/valentinsblommor-pa-budget-sa-valjer-du-ratt-utan-att-det-kanns-billigt\/#breadcrumb"},"inLanguage":"sv-SE","potentialAction":[{"@type":"ReadAction","target":["https:\/\/www.interflora.se\/inspiration\/valentinsblommor-pa-budget-sa-valjer-du-ratt-utan-att-det-kanns-billigt\/"]}]},{"@type":"ImageObject","inLanguage":"sv-SE","@id":"https:\/\/www.interflora.se\/inspiration\/valentinsblommor-pa-budget-sa-valjer-du-ratt-utan-att-det-kanns-billigt\/#primaryimage","url":"https:\/\/www.interflora.se\/inspiration\/wp-content\/uploads\/2026\/01\/annesophiebenoit-interflora-saint-valentin-40_FR-SP-PR-IT-Kiss-LARGE-1-scaled.avif","contentUrl":"https:\/\/www.interflora.se\/inspiration\/wp-content\/uploads\/2026\/01\/annesophiebenoit-interflora-saint-valentin-40_FR-SP-PR-IT-Kiss-LARGE-1-scaled.avif","width":2560,"height":2384,"caption":"Evoto"},{"@type":"BreadcrumbList","@id":"https:\/\/www.interflora.se\/inspiration\/valentinsblommor-pa-budget-sa-valjer-du-ratt-utan-att-det-kanns-billigt\/#breadcrumb","itemListElement":[{"@type":"ListItem","position":1,"name":"Home","item":"https:\/\/www.interflora.se\/inspiration\/"},{"@type":"ListItem","position":2,"name":"Alla hj\u00e4rtans dag-blommor till l\u00e4gre budget \u2013 s\u00e5 v\u00e4ljer du r\u00e4tt utan att det k\u00e4nns billigt"}]},{"@type":"WebSite","@id":"https:\/\/www.interflora.se\/inspiration\/#website","url":"https:\/\/www.interflora.se\/inspiration\/","name":"Interflora","description":"","publisher":{"@id":"https:\/\/www.interflora.se\/inspiration\/#organization"},"potentialAction":[{"@type":"SearchAction","target":{"@type":"EntryPoint","urlTemplate":"https:\/\/www.interflora.se\/inspiration\/?s={search_term_string}"},"query-input":{"@type":"PropertyValueSpecification","valueRequired":true,"valueName":"search_term_string"}}],"inLanguage":"sv-SE"},{"@type":"Organization","@id":"https:\/\/www.interflora.se\/inspiration\/#organization","name":"Interflora","url":"https:\/\/www.interflora.se\/inspiration\/","logo":{"@type":"ImageObject","inLanguage":"sv-SE","@id":"https:\/\/www.interflora.se\/inspiration\/#\/schema\/logo\/image\/","url":"https:\/\/www.interflora.se\/inspiration\/wp-content\/uploads\/2025\/09\/cropped-220422_INTERFLORA_Logo_rgb_Half_Top_Circle_Main_Color.avif","contentUrl":"https:\/\/www.interflora.se\/inspiration\/wp-content\/uploads\/2025\/09\/cropped-220422_INTERFLORA_Logo_rgb_Half_Top_Circle_Main_Color.avif","width":1418,"height":662,"caption":"Interflora"},"image":{"@id":"https:\/\/www.interflora.se\/inspiration\/#\/schema\/logo\/image\/"},"sameAs":["https:\/\/www.facebook.com\/InterfloraAB","https:\/\/www.instagram.com\/interflora_ab\/","https:\/\/www.linkedin.com\/company\/1494362","https:\/\/www.youtube.com\/channel\/UCZgDzGWB2VRxaoWFUmXnk1w"]},{"@type":"Person","@id":"https:\/\/www.interflora.se\/inspiration\/#\/schema\/person\/dbbd1ad45e05409c356dc639597669f2","name":"admin","image":{"@type":"ImageObject","inLanguage":"sv-SE","@id":"https:\/\/www.interflora.se\/inspiration\/wp-content\/litespeed\/avatar\/1fe3cced9e67df62d0a6f995d75823a5.jpg?ver=1777362393","url":"https:\/\/www.interflora.se\/inspiration\/wp-content\/litespeed\/avatar\/1fe3cced9e67df62d0a6f995d75823a5.jpg?ver=1777362393","contentUrl":"https:\/\/www.interflora.se\/inspiration\/wp-content\/litespeed\/avatar\/1fe3cced9e67df62d0a6f995d75823a5.jpg?ver=1777362393","caption":"admin"},"sameAs":["https:\/\/www.interflora.se\/inspiration"],"url":"https:\/\/www.interflora.se\/inspiration\/author\/admin\/"}]}},"uagb_featured_image_src":{"full":["https:\/\/www.interflora.se\/inspiration\/wp-content\/uploads\/2026\/01\/annesophiebenoit-interflora-saint-valentin-40_FR-SP-PR-IT-Kiss-LARGE-1-scaled.avif",2560,2384,false],"thumbnail":["https:\/\/www.interflora.se\/inspiration\/wp-content\/uploads\/2026\/01\/annesophiebenoit-interflora-saint-valentin-40_FR-SP-PR-IT-Kiss-LARGE-1-150x150.avif",150,150,true],"medium":["https:\/\/www.interflora.se\/inspiration\/wp-content\/uploads\/2026\/01\/annesophiebenoit-interflora-saint-valentin-40_FR-SP-PR-IT-Kiss-LARGE-1-300x279.avif",300,279,true],"medium_large":["https:\/\/www.interflora.se\/inspiration\/wp-content\/uploads\/2026\/01\/annesophiebenoit-interflora-saint-valentin-40_FR-SP-PR-IT-Kiss-LARGE-1-768x715.avif",768,715,true],"large":["https:\/\/www.interflora.se\/inspiration\/wp-content\/uploads\/2026\/01\/annesophiebenoit-interflora-saint-valentin-40_FR-SP-PR-IT-Kiss-LARGE-1-1024x954.avif",1024,954,true],"1536x1536":["https:\/\/www.interflora.se\/inspiration\/wp-content\/uploads\/2026\/01\/annesophiebenoit-interflora-saint-valentin-40_FR-SP-PR-IT-Kiss-LARGE-1-1536x1431.avif",1536,1431,true],"2048x2048":["https:\/\/www.interflora.se\/inspiration\/wp-content\/uploads\/2026\/01\/annesophiebenoit-interflora-saint-valentin-40_FR-SP-PR-IT-Kiss-LARGE-1-2048x1907.avif",2048,1907,true]},"uagb_author_info":{"display_name":"admin","author_link":"https:\/\/www.interflora.se\/inspiration\/author\/admin\/"},"uagb_comment_info":0,"uagb_excerpt":"I korthet Att ge blommor p\u00e5 Alla hj\u00e4rtans dag beh\u00f6ver inte kosta skjortan. Det handlar om att v\u00e4lja r\u00e4tt \u2013 [&hellip;]","_links":{"self":[{"href":"https:\/\/www.interflora.se\/inspiration\/wp-json\/wp\/v2\/posts\/5438","targetHints":{"allow":["GET"]}}],"collection":[{"href":"https:\/\/www.interflora.se\/inspiration\/wp-json\/wp\/v2\/posts"}],"about":[{"href":"https:\/\/www.interflora.se\/inspiration\/wp-json\/wp\/v2\/types\/post"}],"author":[{"embeddable":true,"href":"https:\/\/www.interflora.se\/inspiration\/wp-json\/wp\/v2\/users\/1"}],"replies":[{"embeddable":true,"href":"https:\/\/www.interflora.se\/inspiration\/wp-json\/wp\/v2\/comments?post=5438"}],"version-history":[{"count":2,"href":"https:\/\/www.interflora.se\/inspiration\/wp-json\/wp\/v2\/posts\/5438\/revisions"}],"predecessor-version":[{"id":5484,"href":"https:\/\/www.interflora.se\/inspiration\/wp-json\/wp\/v2\/posts\/5438\/revisions\/5484"}],"wp:featuredmedia":[{"embeddable":true,"href":"https:\/\/www.interflora.se\/inspiration\/wp-json\/wp\/v2\/media\/5238"}],"wp:attachment":[{"href":"https:\/\/www.interflora.se\/inspiration\/wp-json\/wp\/v2\/media?parent=5438"}],"wp:term":[{"taxonomy":"category","embeddable":true,"href":"https:\/\/www.interflora.se\/inspiration\/wp-json\/wp\/v2\/categories?post=5438"},{"taxonomy":"post_tag","embeddable":true,"href":"https:\/\/www.interflora.se\/inspiration\/wp-json\/wp\/v2\/tags?post=5438"}],"curies":[{"name":"wp","href":"https:\/\/api.w.org\/{rel}","templated":true}]}}