{"id":5432,"date":"2026-01-16T16:28:49","date_gmt":"2026-01-16T15:28:49","guid":{"rendered":"https:\/\/www.interflora.se\/inspiration\/?p=5432"},"modified":"2026-01-21T15:41:35","modified_gmt":"2026-01-21T14:41:35","slug":"forsta-alla-hjartans-dag-ihop-sa-valjer-du-ratt-bukett","status":"publish","type":"post","link":"https:\/\/www.interflora.se\/inspiration\/forsta-alla-hjartans-dag-ihop-sa-valjer-du-ratt-bukett\/","title":{"rendered":"F\u00f6rsta Alla Hj\u00e4rtans Dag ihop? S\u00e5 v\u00e4ljer du r\u00e4tt bukett (utan att \u00f6verdriva)"},"content":{"rendered":"\n<h2 class=\"wp-block-heading\"><strong>I korthet<\/strong><\/h2>\n\n\n\n<p>Att fira Alla Hj\u00e4rtans Dag i en ny relation handlar om att visa omtanke utan att skicka fel signaler. V\u00e4lj blommor som passar mottagarens stil \u2013 tulpaner f\u00f6r det l\u00e4ttsamma och rosor f\u00f6r det romantiska. T\u00e4nk p\u00e5 f\u00e4rgens betydelse och l\u00e5t buketten spegla var ni befinner er i relationen. En enkel, genomt\u00e4nkt uppvaktning s\u00e4ger ofta mer \u00e4n hundra r\u00f6da rosor.<\/p>\n\n\n\n<hr class=\"wp-block-separator has-alpha-channel-opacity\"\/>\n\n\n\n<p>Att st\u00e5 inf\u00f6r sin f\u00f6rsta Alla Hj\u00e4rtans Dag tillsammans med n\u00e5gon ny kan k\u00e4nnas som att navigera ett minf\u00e4lt av f\u00f6rv\u00e4ntningar. <strong>F\u00f6r mycket kan skr\u00e4mma bort<\/strong>, f\u00f6r lite kan tolkas som bristande intresse. Men oroa dig inte \u2013 r\u00e4tt bukett beh\u00f6ver varken vara \u00f6verd\u00e5dig eller underd\u00e5dig. Den beh\u00f6ver helt enkelt vara genomt\u00e4nkt.<\/p>\n\n\n\n<p>N\u00e4r ni fortfarande l\u00e4r k\u00e4nna varandra handlar blomsterg\u00e5van om att visa att du bryr dig, utan att l\u00e4gga f\u00f6r stor press p\u00e5 situationen. En enkel, vacker bukett kan f\u00f6rmedla precis r\u00e4tt k\u00e4nsla av v\u00e4rme och uppskattning.<\/p>\n\n\n\n<figure class=\"wp-block-image aligncenter size-large\"><img loading=\"lazy\" decoding=\"async\" width=\"1024\" height=\"576\" src=\"https:\/\/www.interflora.se\/inspiration\/wp-content\/uploads\/2026\/01\/SEO-16-9-1-1024x576.avif\" alt=\"\" class=\"wp-image-5179\" srcset=\"https:\/\/www.interflora.se\/inspiration\/wp-content\/uploads\/2026\/01\/SEO-16-9-1-1024x576.avif 1024w, https:\/\/www.interflora.se\/inspiration\/wp-content\/uploads\/2026\/01\/SEO-16-9-1-300x169.avif 300w, https:\/\/www.interflora.se\/inspiration\/wp-content\/uploads\/2026\/01\/SEO-16-9-1-768x432.avif 768w, https:\/\/www.interflora.se\/inspiration\/wp-content\/uploads\/2026\/01\/SEO-16-9-1-1536x864.avif 1536w, https:\/\/www.interflora.se\/inspiration\/wp-content\/uploads\/2026\/01\/SEO-16-9-1.avif 2000w\" sizes=\"auto, (max-width: 1024px) 100vw, 1024px\" \/><\/figure>\n\n\n\n<h2 class=\"wp-block-heading\"><strong>Varf\u00f6r blommor \u00e4r det perfekta valet i en ny relation<\/strong><\/h2>\n\n\n\n<p>Blommor har en unik f\u00f6rm\u00e5ga att uttrycka k\u00e4nslor utan ord. Till skillnad fr\u00e5n dyra smycken eller alltf\u00f6r personliga presenter \u00e4r en bukett en elegant uppvaktning som s\u00e4ger <strong>&#8221;jag t\u00e4nker p\u00e5 dig&#8221;<\/strong> utan att k\u00e4nnas \u00f6verv\u00e4ldigande.<\/p>\n\n\n\n<p>\u00c4r du os\u00e4ker p\u00e5 vad som passar? Att utforska <a href=\"https:\/\/www.interflora.se\/c\/alla-hjartans-dag\">blommor till Alla Hj\u00e4rtans dag<\/a> ger dig m\u00f6jlighet att hitta alternativ i olika stilar och prisklasser. Oavsett om din partner f\u00f6redrar klassiskt eller modernt finns det en bukett som matchar.<\/p>\n\n\n\n<p>Det fina med blommor \u00e4r ocks\u00e5 deras tillf\u00e4lliga natur \u2013 de kr\u00e4ver inget motprestation och beh\u00f6ver inte sparas f\u00f6r evigt. Perfekt f\u00f6r att fira stunden ni befinner er i just nu.<\/p>\n\n\n<div class=\"lp-produits-grid\"><div class=\"lp-produit\"><div class=\"lp-thumbnail-wrapper\"><img loading=\"lazy\" decoding=\"async\" width=\"240\" height=\"300\" src=\"https:\/\/www.interflora.se\/inspiration\/wp-content\/uploads\/2025\/05\/1201665-4.5-240x300.jpg\" class=\"attachment-medium size-medium wp-post-image\" alt=\"\" srcset=\"https:\/\/www.interflora.se\/inspiration\/wp-content\/uploads\/2025\/05\/1201665-4.5-240x300.jpg 240w, https:\/\/www.interflora.se\/inspiration\/wp-content\/uploads\/2025\/05\/1201665-4.5.jpg 745w\" sizes=\"auto, (max-width: 240px) 100vw, 240px\" \/><img decoding=\"async\" class=\"lp-badge\" src=\"https:\/\/www.interflora.se\/inspiration\/wp-content\/uploads\/2025\/03\/cropped-220422_INTERFLORA_Main_Logo_rgb_Main_Color-1.png\" alt=\"Blombud Interflora\"><\/div><span>Rosdr\u00f6m<\/span><p>fr\u00e5n 549 kr<\/p><span class=\"obf-link lp-cta\" role=\"link\" tabindex=\"0\" data-b64=\"aHR0cHM6Ly93d3cuaW50ZXJmbG9yYS5zZS9wLzYzNi1yb3Nkcm9tLzI\/dXRtX21lZGl1bT1vcmdhbmljJnV0bV9zb3VyY2U9YmxvZ19wcm9kdWN0cyZ1dG1fY2FtcGFpZ249MTIwMTU0MA==\" data-target=\"_blank\"><svg xmlns=\"http:\/\/www.w3.org\/2000\/svg\" width=\"16\" height=\"16\" fill=\"currentColor\" class=\"bi bi-bag\" viewBox=\"0 0 16 16\"><path d=\"M8 1a2 2 0 0 1 2 2v1h2.5A1.5 1.5 0 0 1 14 5.5v8A1.5 1.5 0 0 1 12.5 15h-9A1.5 1.5 0 0 1 2 13.5v-8A1.5 1.5 0 0 1 3.5 3H6V2a2 2 0 0 1 2-1zm1 3V3a1 1 0 0 0-2 0v1h2z\"\/><\/svg>K\u00f6p h\u00e4r<\/span><p class=\"rapido\">Leverans idag<\/p><\/div><div class=\"lp-produit\"><div class=\"lp-thumbnail-wrapper\"><img loading=\"lazy\" decoding=\"async\" width=\"240\" height=\"300\" src=\"https:\/\/www.interflora.se\/inspiration\/wp-content\/uploads\/2025\/05\/1202975-2025-240x300.jpg\" class=\"attachment-medium size-medium wp-post-image\" alt=\"\" srcset=\"https:\/\/www.interflora.se\/inspiration\/wp-content\/uploads\/2025\/05\/1202975-2025-240x300.jpg 240w, https:\/\/www.interflora.se\/inspiration\/wp-content\/uploads\/2025\/05\/1202975-2025.jpg 745w\" sizes=\"auto, (max-width: 240px) 100vw, 240px\" \/><img decoding=\"async\" class=\"lp-badge\" src=\"https:\/\/www.interflora.se\/inspiration\/wp-content\/uploads\/2025\/03\/cropped-220422_INTERFLORA_Main_Logo_rgb_Main_Color-1.png\" alt=\"Blombud Interflora\"><\/div><span>F\u00e4rglycka<\/span><p>fr\u00e5n 269 kr<\/p><span class=\"obf-link lp-cta\" role=\"link\" tabindex=\"0\" data-b64=\"aHR0cHM6Ly93d3cuaW50ZXJmbG9yYS5zZS9wLzgxNjc5LWZhcmdseWNrYS8yP3V0bV9tZWRpdW09b3JnYW5pYyZ1dG1fc291cmNlPWJsb2dfcHJvZHVjdHMmdXRtX2NhbXBhaWduPTEyMDI5NzQ=\" data-target=\"_blank\"><svg xmlns=\"http:\/\/www.w3.org\/2000\/svg\" width=\"16\" height=\"16\" fill=\"currentColor\" class=\"bi bi-bag\" viewBox=\"0 0 16 16\"><path d=\"M8 1a2 2 0 0 1 2 2v1h2.5A1.5 1.5 0 0 1 14 5.5v8A1.5 1.5 0 0 1 12.5 15h-9A1.5 1.5 0 0 1 2 13.5v-8A1.5 1.5 0 0 1 3.5 3H6V2a2 2 0 0 1 2-1zm1 3V3a1 1 0 0 0-2 0v1h2z\"\/><\/svg>K\u00f6p h\u00e4r<\/span><p class=\"rapido\">Handbundet av florister<\/p><\/div><div class=\"lp-produit\"><div class=\"lp-thumbnail-wrapper\"><img loading=\"lazy\" decoding=\"async\" width=\"240\" height=\"300\" src=\"https:\/\/www.interflora.se\/inspiration\/wp-content\/uploads\/2025\/05\/1201156-2024-ny-4.5-240x300.jpg\" class=\"attachment-medium size-medium wp-post-image\" alt=\"\" srcset=\"https:\/\/www.interflora.se\/inspiration\/wp-content\/uploads\/2025\/05\/1201156-2024-ny-4.5-240x300.jpg 240w, https:\/\/www.interflora.se\/inspiration\/wp-content\/uploads\/2025\/05\/1201156-2024-ny-4.5.jpg 745w\" sizes=\"auto, (max-width: 240px) 100vw, 240px\" \/><img decoding=\"async\" class=\"lp-badge\" src=\"https:\/\/www.interflora.se\/inspiration\/wp-content\/uploads\/2025\/03\/cropped-220422_INTERFLORA_Main_Logo_rgb_Main_Color-1.png\" alt=\"Blombud Interflora\"><\/div><span>Omtanke<\/span><p>fr\u00e5n 379 kr<\/p><span class=\"obf-link lp-cta\" role=\"link\" tabindex=\"0\" data-b64=\"aHR0cHM6Ly93d3cuaW50ZXJmbG9yYS5zZS9wLzMwOC1vbXRhbmtlLzI\/dXRtX21lZGl1bT1vcmdhbmljJnV0bV9zb3VyY2U9YmxvZ19wcm9kdWN0cyZ1dG1fY2FtcGFpZ249MTIwMTE1NQ==\" data-target=\"_blank\"><svg xmlns=\"http:\/\/www.w3.org\/2000\/svg\" width=\"16\" height=\"16\" fill=\"currentColor\" class=\"bi bi-bag\" viewBox=\"0 0 16 16\"><path d=\"M8 1a2 2 0 0 1 2 2v1h2.5A1.5 1.5 0 0 1 14 5.5v8A1.5 1.5 0 0 1 12.5 15h-9A1.5 1.5 0 0 1 2 13.5v-8A1.5 1.5 0 0 1 3.5 3H6V2a2 2 0 0 1 2-1zm1 3V3a1 1 0 0 0-2 0v1h2z\"\/><\/svg>K\u00f6p h\u00e4r<\/span><p class=\"rapido\">F\u00e4rska blommor<\/p><\/div><\/div>\n\n\n\n<h2 class=\"wp-block-heading\"><strong>Tulpaner \u2013 det l\u00e4ttsamma och stilrena valet<\/strong><\/h2>\n\n\n\n<p>F\u00f6r dig som vill h\u00e5lla det avslappnat utan att tumma p\u00e5 elegansen \u00e4r tulpaner ett utm\u00e4rkt val. De signalerar <strong>omtanke och v\u00e4rme<\/strong> utan samma intensiva romantiska laddning som r\u00f6da rosor.<\/p>\n\n\n\n<p>Tulpaner finns i ett regnb\u00e5ge av f\u00e4rger och passar alla smaker. V\u00e5r <strong><a href=\"https:\/\/www.interflora.se\/p\/80701-tulpanbukett\/1\">Tulpanbukett<\/a> f\u00f6r 299 kr<\/strong> \u00e4r perfekt f\u00f6r den som vill ge n\u00e5got vackert utan att det k\u00e4nns f\u00f6r stort. Vill du ge lite mer kan <strong><a href=\"https:\/\/www.interflora.se\/p\/576-tulpanfrossa\/1\">Tulpanfrossa<\/a> f\u00f6r 389 kr<\/strong> med sina frodiga tulpaner imponera utan att \u00f6verdriva.<\/p>\n\n\n\n<figure class=\"wp-block-gallery has-nested-images columns-default is-cropped wp-block-gallery-1 is-layout-flex wp-block-gallery-is-layout-flex\">\n<figure class=\"wp-block-image size-large\"><img loading=\"lazy\" decoding=\"async\" width=\"745\" height=\"931\" data-id=\"5148\" src=\"https:\/\/www.interflora.se\/inspiration\/wp-content\/uploads\/2026\/01\/1744197844-1201274-2024-4-5.avif\" alt=\"\" class=\"wp-image-5148\" srcset=\"https:\/\/www.interflora.se\/inspiration\/wp-content\/uploads\/2026\/01\/1744197844-1201274-2024-4-5.avif 745w, https:\/\/www.interflora.se\/inspiration\/wp-content\/uploads\/2026\/01\/1744197844-1201274-2024-4-5-240x300.avif 240w\" sizes=\"auto, (max-width: 745px) 100vw, 745px\" \/><figcaption class=\"wp-element-caption\">Tulpanfrossa<\/figcaption><\/figure>\n\n\n\n<figure class=\"wp-block-image size-large\"><img loading=\"lazy\" decoding=\"async\" width=\"745\" height=\"931\" data-id=\"5144\" src=\"https:\/\/www.interflora.se\/inspiration\/wp-content\/uploads\/2026\/01\/1744198128-1202964-tulpanbukett-mellan-4-5.avif\" alt=\"\" class=\"wp-image-5144\" srcset=\"https:\/\/www.interflora.se\/inspiration\/wp-content\/uploads\/2026\/01\/1744198128-1202964-tulpanbukett-mellan-4-5.avif 745w, https:\/\/www.interflora.se\/inspiration\/wp-content\/uploads\/2026\/01\/1744198128-1202964-tulpanbukett-mellan-4-5-240x300.avif 240w\" sizes=\"auto, (max-width: 745px) 100vw, 745px\" \/><figcaption class=\"wp-element-caption\">Tulpanbukett<\/figcaption><\/figure>\n<\/figure>\n\n\n\n<p>Det fina med tulpaner \u00e4r att de symboliserar v\u00e5rens ankomst och en ny b\u00f6rjan \u2013 precis som en ny relation. L\u00e4s mer om <a href=\"https:\/\/www.interflora.se\/inspiration\/blomfakta-tulpaner\/\">tulpanernas symbolik och historia<\/a> f\u00f6r att f\u00f6rst\u00e5 vad din g\u00e5va f\u00f6rmedlar.<\/p>\n\n\n\n<h2 class=\"wp-block-heading\"><strong>Rosor \u2013 n\u00e4r du vill visa lite mer<\/strong><\/h2>\n\n\n\n<p>Rosor f\u00f6rblir blommornas klassiker f\u00f6r romantik. Men storleken spelar roll \u2013 och det \u00e4r h\u00e4r m\u00e5nga g\u00e5r vilse. Trettio r\u00f6da rosor kanske k\u00e4nns \u00f6verv\u00e4ldigande i en ny relation, medan en mindre bukett kan k\u00e4nnas precis lagom.<\/p>\n\n\n\n<p>V\u00e5r <strong><a href=\"https:\/\/www.interflora.se\/p\/59943-20-rosa-rosor\/1\">bukett med 20 rosa rosor<\/a> f\u00f6r 1 149 kr<\/strong> \u00e4r ett underbart mellanting. Rosa rosor symboliserar <strong>beundran, \u00f6mhet och gryende k\u00e4rlek<\/strong> \u2013 perfekt f\u00f6r relationer som fortfarande blommar ut. De s\u00e4ger &#8221;du betyder n\u00e5got f\u00f6r mig&#8221; utan att ropa &#8221;jag \u00e4r redo att gifta mig&#8221;.<\/p>\n\n\n\n<p>F\u00f6r den som vill g\u00f6ra ett st\u00f6rre intryck finns v\u00e5r <strong><a href=\"https:\/\/www.interflora.se\/p\/652-30-roda-rosor\/1\">bukett med 30 r\u00f6da rosor<\/a> f\u00f6r 2 099 kr<\/strong>. R\u00f6da rosor st\u00e5r f\u00f6r djup passion och k\u00e4rlek, s\u00e5 detta \u00e4r ett val f\u00f6r dig som redan k\u00e4nner att relationen \u00e4r p\u00e5 v\u00e4g n\u00e5gonstans speciellt. Vill du veta mer om vad olika f\u00e4rger betyder? L\u00e4s v\u00e5r artikel om <a href=\"https:\/\/www.interflora.se\/inspiration\/vad-rosornas-farg-sager-om-dina-kanslor\/\">rosornas f\u00e4rg och vad den s\u00e4ger om dina k\u00e4nslor<\/a>.<\/p>\n\n\n\n<figure class=\"wp-block-gallery has-nested-images columns-default is-cropped wp-block-gallery-2 is-layout-flex wp-block-gallery-is-layout-flex\">\n<figure class=\"wp-block-image size-large\"><img loading=\"lazy\" decoding=\"async\" width=\"745\" height=\"931\" data-id=\"3852\" src=\"https:\/\/www.interflora.se\/inspiration\/wp-content\/uploads\/2025\/05\/1201657-4.5-2.jpg\" alt=\"\" class=\"wp-image-3852\" srcset=\"https:\/\/www.interflora.se\/inspiration\/wp-content\/uploads\/2025\/05\/1201657-4.5-2.jpg 745w, https:\/\/www.interflora.se\/inspiration\/wp-content\/uploads\/2025\/05\/1201657-4.5-2-240x300.jpg 240w\" sizes=\"auto, (max-width: 745px) 100vw, 745px\" \/><\/figure>\n\n\n\n<figure class=\"wp-block-image size-large\"><img loading=\"lazy\" decoding=\"async\" width=\"745\" height=\"931\" data-id=\"3849\" src=\"https:\/\/www.interflora.se\/inspiration\/wp-content\/uploads\/2025\/05\/1201638-4.5.jpg\" alt=\"\" class=\"wp-image-3849\" srcset=\"https:\/\/www.interflora.se\/inspiration\/wp-content\/uploads\/2025\/05\/1201638-4.5.jpg 745w, https:\/\/www.interflora.se\/inspiration\/wp-content\/uploads\/2025\/05\/1201638-4.5-240x300.jpg 240w\" sizes=\"auto, (max-width: 745px) 100vw, 745px\" \/><\/figure>\n<\/figure>\n\n\n\n<h2 class=\"wp-block-heading\"><strong>S\u00e5 matchar du buketten efter er relation<\/strong><\/h2>\n\n\n\n<p>Att v\u00e4lja r\u00e4tt bukett handlar om att <strong>l\u00e4sa av var ni befinner er<\/strong> tillsammans:<\/p>\n\n\n\n<ul class=\"wp-block-list\">\n<li><strong>F\u00f6rsta m\u00e5naderna:<\/strong> H\u00e5ll det enkelt. En tulpanbukett eller en liten bukett blandade blommor visar omtanke utan press.<\/li>\n\n\n\n<li><strong>N\u00e5gra m\u00e5nader in:<\/strong> Rosa rosor eller en lyxigare tulpanbukett visar att k\u00e4nslorna utvecklas.<\/li>\n\n\n\n<li><strong>N\u00e4r det b\u00f6rjar bli seri\u00f6st:<\/strong> Nu kan du v\u00e5ga mer \u2013 kanske en bukett med r\u00f6da rosor f\u00f6r att visa att du menar allvar.<\/li>\n<\/ul>\n\n\n\n<p>T\u00e4nk ocks\u00e5 p\u00e5 mottagarens personlighet. Gillar hen f\u00e4rg och liv? Satsa p\u00e5 en blandad bukett. F\u00f6redrar hen minimalism? En elegant bukett i enhetliga toner passar b\u00e4ttre.<\/p>\n\n\n\n<p>Beh\u00f6ver du inspiration f\u00f6r att hitta r\u00e4tt antal blommor? L\u00e4s v\u00e5r guide om <a href=\"https:\/\/www.interflora.se\/inspiration\/hur-manga-rosor-ska-man-ge-pa-alla-hjartans-dag\/\">hur m\u00e5nga rosor man ska ge p\u00e5 Alla Hj\u00e4rtans Dag<\/a>.<\/p>\n\n\n<div class=\"lp-produits-grid\"><div class=\"lp-produit\"><div class=\"lp-thumbnail-wrapper\"><img loading=\"lazy\" decoding=\"async\" width=\"240\" height=\"300\" src=\"https:\/\/www.interflora.se\/inspiration\/wp-content\/uploads\/2025\/05\/1201156-2024-ny-4.5-240x300.jpg\" class=\"attachment-medium size-medium wp-post-image\" alt=\"\" srcset=\"https:\/\/www.interflora.se\/inspiration\/wp-content\/uploads\/2025\/05\/1201156-2024-ny-4.5-240x300.jpg 240w, https:\/\/www.interflora.se\/inspiration\/wp-content\/uploads\/2025\/05\/1201156-2024-ny-4.5.jpg 745w\" sizes=\"auto, (max-width: 240px) 100vw, 240px\" \/><img decoding=\"async\" class=\"lp-badge\" src=\"https:\/\/www.interflora.se\/inspiration\/wp-content\/uploads\/2025\/03\/cropped-220422_INTERFLORA_Main_Logo_rgb_Main_Color-1.png\" alt=\"Blombud Interflora\"><\/div><span>Omtanke<\/span><p>fr\u00e5n 379 kr<\/p><span class=\"obf-link lp-cta\" role=\"link\" tabindex=\"0\" data-b64=\"aHR0cHM6Ly93d3cuaW50ZXJmbG9yYS5zZS9wLzMwOC1vbXRhbmtlLzI\/dXRtX21lZGl1bT1vcmdhbmljJnV0bV9zb3VyY2U9YmxvZ19wcm9kdWN0cyZ1dG1fY2FtcGFpZ249MTIwMTE1NQ==\" data-target=\"_blank\"><svg xmlns=\"http:\/\/www.w3.org\/2000\/svg\" width=\"16\" height=\"16\" fill=\"currentColor\" class=\"bi bi-bag\" viewBox=\"0 0 16 16\"><path d=\"M8 1a2 2 0 0 1 2 2v1h2.5A1.5 1.5 0 0 1 14 5.5v8A1.5 1.5 0 0 1 12.5 15h-9A1.5 1.5 0 0 1 2 13.5v-8A1.5 1.5 0 0 1 3.5 3H6V2a2 2 0 0 1 2-1zm1 3V3a1 1 0 0 0-2 0v1h2z\"\/><\/svg>K\u00f6p h\u00e4r<\/span><p class=\"rapido\">F\u00e4rska blommor<\/p><\/div><div class=\"lp-produit\"><div class=\"lp-thumbnail-wrapper\"><img loading=\"lazy\" decoding=\"async\" width=\"240\" height=\"300\" src=\"https:\/\/www.interflora.se\/inspiration\/wp-content\/uploads\/2025\/05\/1202975-2025-240x300.jpg\" class=\"attachment-medium size-medium wp-post-image\" alt=\"\" srcset=\"https:\/\/www.interflora.se\/inspiration\/wp-content\/uploads\/2025\/05\/1202975-2025-240x300.jpg 240w, https:\/\/www.interflora.se\/inspiration\/wp-content\/uploads\/2025\/05\/1202975-2025.jpg 745w\" sizes=\"auto, (max-width: 240px) 100vw, 240px\" \/><img decoding=\"async\" class=\"lp-badge\" src=\"https:\/\/www.interflora.se\/inspiration\/wp-content\/uploads\/2025\/03\/cropped-220422_INTERFLORA_Main_Logo_rgb_Main_Color-1.png\" alt=\"Blombud Interflora\"><\/div><span>F\u00e4rglycka<\/span><p>fr\u00e5n 269 kr<\/p><span class=\"obf-link lp-cta\" role=\"link\" tabindex=\"0\" data-b64=\"aHR0cHM6Ly93d3cuaW50ZXJmbG9yYS5zZS9wLzgxNjc5LWZhcmdseWNrYS8yP3V0bV9tZWRpdW09b3JnYW5pYyZ1dG1fc291cmNlPWJsb2dfcHJvZHVjdHMmdXRtX2NhbXBhaWduPTEyMDI5NzQ=\" data-target=\"_blank\"><svg xmlns=\"http:\/\/www.w3.org\/2000\/svg\" width=\"16\" height=\"16\" fill=\"currentColor\" class=\"bi bi-bag\" viewBox=\"0 0 16 16\"><path d=\"M8 1a2 2 0 0 1 2 2v1h2.5A1.5 1.5 0 0 1 14 5.5v8A1.5 1.5 0 0 1 12.5 15h-9A1.5 1.5 0 0 1 2 13.5v-8A1.5 1.5 0 0 1 3.5 3H6V2a2 2 0 0 1 2-1zm1 3V3a1 1 0 0 0-2 0v1h2z\"\/><\/svg>K\u00f6p h\u00e4r<\/span><p class=\"rapido\">Din personliga h\u00e4lsning<\/p><\/div><div class=\"lp-produit\"><div class=\"lp-thumbnail-wrapper\"><img loading=\"lazy\" decoding=\"async\" width=\"240\" height=\"300\" src=\"https:\/\/www.interflora.se\/inspiration\/wp-content\/uploads\/2025\/05\/1201665-4.5-240x300.jpg\" class=\"attachment-medium size-medium wp-post-image\" alt=\"\" srcset=\"https:\/\/www.interflora.se\/inspiration\/wp-content\/uploads\/2025\/05\/1201665-4.5-240x300.jpg 240w, https:\/\/www.interflora.se\/inspiration\/wp-content\/uploads\/2025\/05\/1201665-4.5.jpg 745w\" sizes=\"auto, (max-width: 240px) 100vw, 240px\" \/><img decoding=\"async\" class=\"lp-badge\" src=\"https:\/\/www.interflora.se\/inspiration\/wp-content\/uploads\/2025\/03\/cropped-220422_INTERFLORA_Main_Logo_rgb_Main_Color-1.png\" alt=\"Blombud Interflora\"><\/div><span>Rosdr\u00f6m<\/span><p>fr\u00e5n 549 kr<\/p><span class=\"obf-link lp-cta\" role=\"link\" tabindex=\"0\" data-b64=\"aHR0cHM6Ly93d3cuaW50ZXJmbG9yYS5zZS9wLzYzNi1yb3Nkcm9tLzI\/dXRtX21lZGl1bT1vcmdhbmljJnV0bV9zb3VyY2U9YmxvZ19wcm9kdWN0cyZ1dG1fY2FtcGFpZ249MTIwMTU0MA==\" data-target=\"_blank\"><svg xmlns=\"http:\/\/www.w3.org\/2000\/svg\" width=\"16\" height=\"16\" fill=\"currentColor\" class=\"bi bi-bag\" viewBox=\"0 0 16 16\"><path d=\"M8 1a2 2 0 0 1 2 2v1h2.5A1.5 1.5 0 0 1 14 5.5v8A1.5 1.5 0 0 1 12.5 15h-9A1.5 1.5 0 0 1 2 13.5v-8A1.5 1.5 0 0 1 3.5 3H6V2a2 2 0 0 1 2-1zm1 3V3a1 1 0 0 0-2 0v1h2z\"\/><\/svg>K\u00f6p h\u00e4r<\/span><p class=\"rapido\">Leverans i hela Sverige<\/p><\/div><\/div>\n\n\n\n<h2 class=\"wp-block-heading\"><strong>Tre misstag att undvika<\/strong><\/h2>\n\n\n\n<p><strong>\u00d6verdriven storlek<\/strong> \u2013 En j\u00e4ttebukett kan k\u00e4nnas p\u00e5tr\u00e4ngande i en ny relation. B\u00f6rja lagom och l\u00e5t g\u00e5vorna v\u00e4xa med relationen.<\/p>\n\n\n\n<p><strong>Generiska val<\/strong> \u2013 Undvik att v\u00e4lja &#8221;standardbuketten&#8221; utan eftertanke. Fundera p\u00e5 vad som passar just din partner.<\/p>\n\n\n\n<p><strong>V\u00e4nta f\u00f6r l\u00e4nge<\/strong> \u2013 Skicka blommor med Interflora snabbt och enkelt! Vi levererar blommor samma dag om du best\u00e4ller vardagar f\u00f6re kl. 14.00, och l\u00f6rdagar f\u00f6re kl. 12.00. Planera g\u00e4rna i f\u00f6rv\u00e4g f\u00f6r att s\u00e4kerst\u00e4lla leverans p\u00e5 r\u00e4tt dag.<\/p>\n\n\n\n<h2 class=\"wp-block-heading\"><strong>G\u00f6r det personligt med ett kort meddelande<\/strong><\/h2>\n\n\n\n<p>En bukett blir genast mer betydelsefull med r\u00e4tt ord. Du beh\u00f6ver inte skriva en roman \u2013 n\u00e5gra enkla, uppriktiga rader r\u00e4cker:<\/p>\n\n\n\n<ul class=\"wp-block-list\">\n<li>&#8221;Glad Alla Hj\u00e4rtans Dag! Tack f\u00f6r att du g\u00f6r mina dagar finare.&#8221;<\/li>\n\n\n\n<li>&#8221;Till dig som f\u00e5tt mig att le mer \u00e4n vanligt.&#8221;<\/li>\n\n\n\n<li>&#8221;En liten p\u00e5minnelse om att jag t\u00e4nker p\u00e5 dig.&#8221;<\/li>\n<\/ul>\n\n\n\n<p>Undvik att vara f\u00f6r intensiv tidigt i relationen. L\u00e5t orden spegla var ni befinner er \u2013 v\u00e4rme utan press. Beh\u00f6ver du fler f\u00f6rslag? Kolla in v\u00e5ra <a href=\"https:\/\/www.interflora.se\/inspiration\/tips-pa-romantiska-karlekstexter\/\">tips p\u00e5 romantiska k\u00e4rlekstexter<\/a>.<\/p>\n\n\n\n<p>F\u00f6rsta Alla Hj\u00e4rtans Dag ihop beh\u00f6ver inte vara komplicerat. V\u00e4lj en bukett som k\u00e4nns r\u00e4tt f\u00f6r er relation, l\u00e4gg till ett personligt kort och l\u00e5t blommorna g\u00f6ra resten. Det viktigaste \u00e4r inte priset eller storleken \u2013 det \u00e4r <strong>tanken bakom g\u00e5van<\/strong>.<\/p>\n\n\n\n<p>Och vem vet? Kanske blir detta f\u00f6rsta Alla Hj\u00e4rtans Dag av m\u00e5nga fler tillsammans.<\/p>\n\n\n<div class=\"lp-produits-grid\"><div class=\"lp-produit\"><div class=\"lp-thumbnail-wrapper\"><img loading=\"lazy\" decoding=\"async\" width=\"240\" height=\"300\" src=\"https:\/\/www.interflora.se\/inspiration\/wp-content\/uploads\/2025\/05\/1202975-2025-240x300.jpg\" class=\"attachment-medium size-medium wp-post-image\" alt=\"\" srcset=\"https:\/\/www.interflora.se\/inspiration\/wp-content\/uploads\/2025\/05\/1202975-2025-240x300.jpg 240w, https:\/\/www.interflora.se\/inspiration\/wp-content\/uploads\/2025\/05\/1202975-2025.jpg 745w\" sizes=\"auto, (max-width: 240px) 100vw, 240px\" \/><img decoding=\"async\" class=\"lp-badge\" src=\"https:\/\/www.interflora.se\/inspiration\/wp-content\/uploads\/2025\/03\/cropped-220422_INTERFLORA_Main_Logo_rgb_Main_Color-1.png\" alt=\"Blombud Interflora\"><\/div><span>F\u00e4rglycka<\/span><p>fr\u00e5n 269 kr<\/p><span class=\"obf-link lp-cta\" role=\"link\" tabindex=\"0\" data-b64=\"aHR0cHM6Ly93d3cuaW50ZXJmbG9yYS5zZS9wLzgxNjc5LWZhcmdseWNrYS8yP3V0bV9tZWRpdW09b3JnYW5pYyZ1dG1fc291cmNlPWJsb2dfcHJvZHVjdHMmdXRtX2NhbXBhaWduPTEyMDI5NzQ=\" data-target=\"_blank\"><svg xmlns=\"http:\/\/www.w3.org\/2000\/svg\" width=\"16\" height=\"16\" fill=\"currentColor\" class=\"bi bi-bag\" viewBox=\"0 0 16 16\"><path d=\"M8 1a2 2 0 0 1 2 2v1h2.5A1.5 1.5 0 0 1 14 5.5v8A1.5 1.5 0 0 1 12.5 15h-9A1.5 1.5 0 0 1 2 13.5v-8A1.5 1.5 0 0 1 3.5 3H6V2a2 2 0 0 1 2-1zm1 3V3a1 1 0 0 0-2 0v1h2z\"\/><\/svg>K\u00f6p h\u00e4r<\/span><p class=\"rapido\">Leverans idag<\/p><\/div><div class=\"lp-produit\"><div class=\"lp-thumbnail-wrapper\"><img loading=\"lazy\" decoding=\"async\" width=\"240\" height=\"300\" src=\"https:\/\/www.interflora.se\/inspiration\/wp-content\/uploads\/2025\/05\/1201665-4.5-240x300.jpg\" class=\"attachment-medium size-medium wp-post-image\" alt=\"\" srcset=\"https:\/\/www.interflora.se\/inspiration\/wp-content\/uploads\/2025\/05\/1201665-4.5-240x300.jpg 240w, https:\/\/www.interflora.se\/inspiration\/wp-content\/uploads\/2025\/05\/1201665-4.5.jpg 745w\" sizes=\"auto, (max-width: 240px) 100vw, 240px\" \/><img decoding=\"async\" class=\"lp-badge\" src=\"https:\/\/www.interflora.se\/inspiration\/wp-content\/uploads\/2025\/03\/cropped-220422_INTERFLORA_Main_Logo_rgb_Main_Color-1.png\" alt=\"Blombud Interflora\"><\/div><span>Rosdr\u00f6m<\/span><p>fr\u00e5n 549 kr<\/p><span class=\"obf-link lp-cta\" role=\"link\" tabindex=\"0\" data-b64=\"aHR0cHM6Ly93d3cuaW50ZXJmbG9yYS5zZS9wLzYzNi1yb3Nkcm9tLzI\/dXRtX21lZGl1bT1vcmdhbmljJnV0bV9zb3VyY2U9YmxvZ19wcm9kdWN0cyZ1dG1fY2FtcGFpZ249MTIwMTU0MA==\" data-target=\"_blank\"><svg xmlns=\"http:\/\/www.w3.org\/2000\/svg\" width=\"16\" height=\"16\" fill=\"currentColor\" class=\"bi bi-bag\" viewBox=\"0 0 16 16\"><path d=\"M8 1a2 2 0 0 1 2 2v1h2.5A1.5 1.5 0 0 1 14 5.5v8A1.5 1.5 0 0 1 12.5 15h-9A1.5 1.5 0 0 1 2 13.5v-8A1.5 1.5 0 0 1 3.5 3H6V2a2 2 0 0 1 2-1zm1 3V3a1 1 0 0 0-2 0v1h2z\"\/><\/svg>K\u00f6p h\u00e4r<\/span><p class=\"rapido\">Din personliga h\u00e4lsning<\/p><\/div><div class=\"lp-produit\"><div class=\"lp-thumbnail-wrapper\"><img loading=\"lazy\" decoding=\"async\" width=\"240\" height=\"300\" src=\"https:\/\/www.interflora.se\/inspiration\/wp-content\/uploads\/2025\/05\/1201156-2024-ny-4.5-240x300.jpg\" class=\"attachment-medium size-medium wp-post-image\" alt=\"\" srcset=\"https:\/\/www.interflora.se\/inspiration\/wp-content\/uploads\/2025\/05\/1201156-2024-ny-4.5-240x300.jpg 240w, https:\/\/www.interflora.se\/inspiration\/wp-content\/uploads\/2025\/05\/1201156-2024-ny-4.5.jpg 745w\" sizes=\"auto, (max-width: 240px) 100vw, 240px\" \/><img decoding=\"async\" class=\"lp-badge\" src=\"https:\/\/www.interflora.se\/inspiration\/wp-content\/uploads\/2025\/03\/cropped-220422_INTERFLORA_Main_Logo_rgb_Main_Color-1.png\" alt=\"Blombud Interflora\"><\/div><span>Omtanke<\/span><p>fr\u00e5n 379 kr<\/p><span class=\"obf-link lp-cta\" role=\"link\" tabindex=\"0\" data-b64=\"aHR0cHM6Ly93d3cuaW50ZXJmbG9yYS5zZS9wLzMwOC1vbXRhbmtlLzI\/dXRtX21lZGl1bT1vcmdhbmljJnV0bV9zb3VyY2U9YmxvZ19wcm9kdWN0cyZ1dG1fY2FtcGFpZ249MTIwMTE1NQ==\" data-target=\"_blank\"><svg xmlns=\"http:\/\/www.w3.org\/2000\/svg\" width=\"16\" height=\"16\" fill=\"currentColor\" class=\"bi bi-bag\" viewBox=\"0 0 16 16\"><path d=\"M8 1a2 2 0 0 1 2 2v1h2.5A1.5 1.5 0 0 1 14 5.5v8A1.5 1.5 0 0 1 12.5 15h-9A1.5 1.5 0 0 1 2 13.5v-8A1.5 1.5 0 0 1 3.5 3H6V2a2 2 0 0 1 2-1zm1 3V3a1 1 0 0 0-2 0v1h2z\"\/><\/svg>K\u00f6p h\u00e4r<\/span><p class=\"rapido\">Kundernas favorit<\/p><\/div><\/div>\n","protected":false},"excerpt":{"rendered":"<p>I korthet Att fira Alla Hj\u00e4rtans Dag i en ny relation handlar om att visa omtanke utan att skicka fel [&hellip;]<\/p>\n","protected":false},"author":1,"featured_media":5230,"comment_status":"open","ping_status":"open","sticky":false,"template":"","format":"standard","meta":{"_uag_custom_page_level_css":"","site-sidebar-layout":"default","site-content-layout":"","ast-site-content-layout":"default","site-content-style":"default","site-sidebar-style":"default","ast-global-header-display":"","ast-banner-title-visibility":"","ast-main-header-display":"","ast-hfb-above-header-display":"","ast-hfb-below-header-display":"","ast-hfb-mobile-header-display":"","site-post-title":"","ast-breadcrumbs-content":"","ast-featured-img":"","footer-sml-layout":"","ast-disable-related-posts":"","theme-transparent-header-meta":"","adv-header-id-meta":"","stick-header-meta":"","header-above-stick-meta":"","header-main-stick-meta":"","header-below-stick-meta":"","astra-migrate-meta-layouts":"default","ast-page-background-enabled":"default","ast-page-background-meta":{"desktop":{"background-color":"var(--ast-global-color-5)","background-image":"","background-repeat":"repeat","background-position":"center center","background-size":"auto","background-attachment":"scroll","background-type":"","background-media":"","overlay-type":"","overlay-color":"","overlay-opacity":"","overlay-gradient":""},"tablet":{"background-color":"","background-image":"","background-repeat":"repeat","background-position":"center center","background-size":"auto","background-attachment":"scroll","background-type":"","background-media":"","overlay-type":"","overlay-color":"","overlay-opacity":"","overlay-gradient":""},"mobile":{"background-color":"","background-image":"","background-repeat":"repeat","background-position":"center center","background-size":"auto","background-attachment":"scroll","background-type":"","background-media":"","overlay-type":"","overlay-color":"","overlay-opacity":"","overlay-gradient":""}},"ast-content-background-meta":{"desktop":{"background-color":"var(--ast-global-color-4)","background-image":"","background-repeat":"repeat","background-position":"center center","background-size":"auto","background-attachment":"scroll","background-type":"","background-media":"","overlay-type":"","overlay-color":"","overlay-opacity":"","overlay-gradient":""},"tablet":{"background-color":"var(--ast-global-color-4)","background-image":"","background-repeat":"repeat","background-position":"center center","background-size":"auto","background-attachment":"scroll","background-type":"","background-media":"","overlay-type":"","overlay-color":"","overlay-opacity":"","overlay-gradient":""},"mobile":{"background-color":"var(--ast-global-color-4)","background-image":"","background-repeat":"repeat","background-position":"center center","background-size":"auto","background-attachment":"scroll","background-type":"","background-media":"","overlay-type":"","overlay-color":"","overlay-opacity":"","overlay-gradient":""}},"footnotes":""},"categories":[30,6],"tags":[],"class_list":["post-5432","post","type-post","status-publish","format-standard","has-post-thumbnail","hentry","category-alla-hjartans-dag","category-hogtid-ceremoni"],"yoast_head":"<!-- This site is optimized with the Yoast SEO plugin v27.4 - https:\/\/yoast.com\/product\/yoast-seo-wordpress\/ -->\n<title>F\u00f6rsta Alla Hj\u00e4rtans Dag ihop? S\u00e5 v\u00e4ljer du r\u00e4tt | Interflora<\/title>\n<meta name=\"description\" content=\"Ny relation och os\u00e4ker p\u00e5 vilka blommor du ska skicka? H\u00e4r \u00e4r v\u00e5r guide f\u00f6r att v\u00e4lja en k\u00e4rleksfull bukett utan att \u00f6verdriva \u2013 tips p\u00e5 rosor och tulpaner.\" \/>\n<meta name=\"robots\" content=\"index, follow, max-snippet:-1, max-image-preview:large, max-video-preview:-1\" \/>\n<link rel=\"canonical\" href=\"https:\/\/www.interflora.se\/inspiration\/forsta-alla-hjartans-dag-ihop-sa-valjer-du-ratt-bukett\/\" \/>\n<meta property=\"og:locale\" content=\"sv_SE\" \/>\n<meta property=\"og:type\" content=\"article\" \/>\n<meta property=\"og:title\" content=\"F\u00f6rsta Alla Hj\u00e4rtans Dag ihop? S\u00e5 v\u00e4ljer du r\u00e4tt | Interflora\" \/>\n<meta property=\"og:description\" content=\"Ny relation och os\u00e4ker p\u00e5 vilka blommor du ska skicka? H\u00e4r \u00e4r v\u00e5r guide f\u00f6r att v\u00e4lja en k\u00e4rleksfull bukett utan att \u00f6verdriva \u2013 tips p\u00e5 rosor och tulpaner.\" \/>\n<meta property=\"og:url\" content=\"https:\/\/www.interflora.se\/inspiration\/forsta-alla-hjartans-dag-ihop-sa-valjer-du-ratt-bukett\/\" \/>\n<meta property=\"og:site_name\" content=\"Inspiration om blommor, krukv\u00e4xter &amp; trender | Interflora\" \/>\n<meta property=\"article:publisher\" content=\"https:\/\/www.facebook.com\/InterfloraAB\" \/>\n<meta property=\"article:published_time\" content=\"2026-01-16T15:28:49+00:00\" \/>\n<meta property=\"article:modified_time\" content=\"2026-01-21T14:41:35+00:00\" \/>\n<meta property=\"og:image\" content=\"https:\/\/www.interflora.se\/inspiration\/wp-content\/uploads\/2026\/01\/annesophiebenoit-interflora-saint-valentin-39-scaled.avif\" \/>\n\t<meta property=\"og:image:width\" content=\"1707\" \/>\n\t<meta property=\"og:image:height\" content=\"2560\" \/>\n\t<meta property=\"og:image:type\" content=\"image\/jpeg\" \/>\n<meta name=\"author\" content=\"admin\" \/>\n<meta name=\"twitter:card\" content=\"summary_large_image\" \/>\n<meta name=\"twitter:label1\" content=\"Skriven av\" \/>\n\t<meta name=\"twitter:data1\" content=\"admin\" \/>\n\t<meta name=\"twitter:label2\" content=\"Ber\u00e4knad l\u00e4stid\" \/>\n\t<meta name=\"twitter:data2\" content=\"6 minuter\" \/>\n<script type=\"application\/ld+json\" class=\"yoast-schema-graph\">{\"@context\":\"https:\\\/\\\/schema.org\",\"@graph\":[{\"@type\":\"Article\",\"@id\":\"https:\\\/\\\/www.interflora.se\\\/inspiration\\\/forsta-alla-hjartans-dag-ihop-sa-valjer-du-ratt-bukett\\\/#article\",\"isPartOf\":{\"@id\":\"https:\\\/\\\/www.interflora.se\\\/inspiration\\\/forsta-alla-hjartans-dag-ihop-sa-valjer-du-ratt-bukett\\\/\"},\"author\":{\"name\":\"admin\",\"@id\":\"https:\\\/\\\/www.interflora.se\\\/inspiration\\\/#\\\/schema\\\/person\\\/dbbd1ad45e05409c356dc639597669f2\"},\"headline\":\"F\u00f6rsta Alla Hj\u00e4rtans Dag ihop? S\u00e5 v\u00e4ljer du r\u00e4tt bukett (utan att \u00f6verdriva)\",\"datePublished\":\"2026-01-16T15:28:49+00:00\",\"dateModified\":\"2026-01-21T14:41:35+00:00\",\"mainEntityOfPage\":{\"@id\":\"https:\\\/\\\/www.interflora.se\\\/inspiration\\\/forsta-alla-hjartans-dag-ihop-sa-valjer-du-ratt-bukett\\\/\"},\"wordCount\":1101,\"commentCount\":0,\"publisher\":{\"@id\":\"https:\\\/\\\/www.interflora.se\\\/inspiration\\\/#organization\"},\"image\":{\"@id\":\"https:\\\/\\\/www.interflora.se\\\/inspiration\\\/forsta-alla-hjartans-dag-ihop-sa-valjer-du-ratt-bukett\\\/#primaryimage\"},\"thumbnailUrl\":\"https:\\\/\\\/www.interflora.se\\\/inspiration\\\/wp-content\\\/uploads\\\/2026\\\/01\\\/annesophiebenoit-interflora-saint-valentin-39-scaled.avif\",\"articleSection\":[\"Alla hj\u00e4rtans dag\",\"H\u00f6gtid &amp; ceremoni\"],\"inLanguage\":\"sv-SE\",\"potentialAction\":[{\"@type\":\"CommentAction\",\"name\":\"Comment\",\"target\":[\"https:\\\/\\\/www.interflora.se\\\/inspiration\\\/forsta-alla-hjartans-dag-ihop-sa-valjer-du-ratt-bukett\\\/#respond\"]}]},{\"@type\":\"WebPage\",\"@id\":\"https:\\\/\\\/www.interflora.se\\\/inspiration\\\/forsta-alla-hjartans-dag-ihop-sa-valjer-du-ratt-bukett\\\/\",\"url\":\"https:\\\/\\\/www.interflora.se\\\/inspiration\\\/forsta-alla-hjartans-dag-ihop-sa-valjer-du-ratt-bukett\\\/\",\"name\":\"F\u00f6rsta Alla Hj\u00e4rtans Dag ihop? S\u00e5 v\u00e4ljer du r\u00e4tt | Interflora\",\"isPartOf\":{\"@id\":\"https:\\\/\\\/www.interflora.se\\\/inspiration\\\/#website\"},\"primaryImageOfPage\":{\"@id\":\"https:\\\/\\\/www.interflora.se\\\/inspiration\\\/forsta-alla-hjartans-dag-ihop-sa-valjer-du-ratt-bukett\\\/#primaryimage\"},\"image\":{\"@id\":\"https:\\\/\\\/www.interflora.se\\\/inspiration\\\/forsta-alla-hjartans-dag-ihop-sa-valjer-du-ratt-bukett\\\/#primaryimage\"},\"thumbnailUrl\":\"https:\\\/\\\/www.interflora.se\\\/inspiration\\\/wp-content\\\/uploads\\\/2026\\\/01\\\/annesophiebenoit-interflora-saint-valentin-39-scaled.avif\",\"datePublished\":\"2026-01-16T15:28:49+00:00\",\"dateModified\":\"2026-01-21T14:41:35+00:00\",\"description\":\"Ny relation och os\u00e4ker p\u00e5 vilka blommor du ska skicka? H\u00e4r \u00e4r v\u00e5r guide f\u00f6r att v\u00e4lja en k\u00e4rleksfull bukett utan att \u00f6verdriva \u2013 tips p\u00e5 rosor och tulpaner.\",\"breadcrumb\":{\"@id\":\"https:\\\/\\\/www.interflora.se\\\/inspiration\\\/forsta-alla-hjartans-dag-ihop-sa-valjer-du-ratt-bukett\\\/#breadcrumb\"},\"inLanguage\":\"sv-SE\",\"potentialAction\":[{\"@type\":\"ReadAction\",\"target\":[\"https:\\\/\\\/www.interflora.se\\\/inspiration\\\/forsta-alla-hjartans-dag-ihop-sa-valjer-du-ratt-bukett\\\/\"]}]},{\"@type\":\"ImageObject\",\"inLanguage\":\"sv-SE\",\"@id\":\"https:\\\/\\\/www.interflora.se\\\/inspiration\\\/forsta-alla-hjartans-dag-ihop-sa-valjer-du-ratt-bukett\\\/#primaryimage\",\"url\":\"https:\\\/\\\/www.interflora.se\\\/inspiration\\\/wp-content\\\/uploads\\\/2026\\\/01\\\/annesophiebenoit-interflora-saint-valentin-39-scaled.avif\",\"contentUrl\":\"https:\\\/\\\/www.interflora.se\\\/inspiration\\\/wp-content\\\/uploads\\\/2026\\\/01\\\/annesophiebenoit-interflora-saint-valentin-39-scaled.avif\",\"width\":1707,\"height\":2560,\"caption\":\"Evoto\"},{\"@type\":\"BreadcrumbList\",\"@id\":\"https:\\\/\\\/www.interflora.se\\\/inspiration\\\/forsta-alla-hjartans-dag-ihop-sa-valjer-du-ratt-bukett\\\/#breadcrumb\",\"itemListElement\":[{\"@type\":\"ListItem\",\"position\":1,\"name\":\"Home\",\"item\":\"https:\\\/\\\/www.interflora.se\\\/inspiration\\\/\"},{\"@type\":\"ListItem\",\"position\":2,\"name\":\"F\u00f6rsta Alla Hj\u00e4rtans Dag ihop? S\u00e5 v\u00e4ljer du r\u00e4tt bukett (utan att \u00f6verdriva)\"}]},{\"@type\":\"WebSite\",\"@id\":\"https:\\\/\\\/www.interflora.se\\\/inspiration\\\/#website\",\"url\":\"https:\\\/\\\/www.interflora.se\\\/inspiration\\\/\",\"name\":\"Interflora\",\"description\":\"\",\"publisher\":{\"@id\":\"https:\\\/\\\/www.interflora.se\\\/inspiration\\\/#organization\"},\"potentialAction\":[{\"@type\":\"SearchAction\",\"target\":{\"@type\":\"EntryPoint\",\"urlTemplate\":\"https:\\\/\\\/www.interflora.se\\\/inspiration\\\/?s={search_term_string}\"},\"query-input\":{\"@type\":\"PropertyValueSpecification\",\"valueRequired\":true,\"valueName\":\"search_term_string\"}}],\"inLanguage\":\"sv-SE\"},{\"@type\":\"Organization\",\"@id\":\"https:\\\/\\\/www.interflora.se\\\/inspiration\\\/#organization\",\"name\":\"Interflora\",\"url\":\"https:\\\/\\\/www.interflora.se\\\/inspiration\\\/\",\"logo\":{\"@type\":\"ImageObject\",\"inLanguage\":\"sv-SE\",\"@id\":\"https:\\\/\\\/www.interflora.se\\\/inspiration\\\/#\\\/schema\\\/logo\\\/image\\\/\",\"url\":\"https:\\\/\\\/www.interflora.se\\\/inspiration\\\/wp-content\\\/uploads\\\/2025\\\/09\\\/cropped-220422_INTERFLORA_Logo_rgb_Half_Top_Circle_Main_Color.avif\",\"contentUrl\":\"https:\\\/\\\/www.interflora.se\\\/inspiration\\\/wp-content\\\/uploads\\\/2025\\\/09\\\/cropped-220422_INTERFLORA_Logo_rgb_Half_Top_Circle_Main_Color.avif\",\"width\":1418,\"height\":662,\"caption\":\"Interflora\"},\"image\":{\"@id\":\"https:\\\/\\\/www.interflora.se\\\/inspiration\\\/#\\\/schema\\\/logo\\\/image\\\/\"},\"sameAs\":[\"https:\\\/\\\/www.facebook.com\\\/InterfloraAB\",\"https:\\\/\\\/www.instagram.com\\\/interflora_ab\\\/\",\"https:\\\/\\\/www.linkedin.com\\\/company\\\/1494362\",\"https:\\\/\\\/www.youtube.com\\\/channel\\\/UCZgDzGWB2VRxaoWFUmXnk1w\"]},{\"@type\":\"Person\",\"@id\":\"https:\\\/\\\/www.interflora.se\\\/inspiration\\\/#\\\/schema\\\/person\\\/dbbd1ad45e05409c356dc639597669f2\",\"name\":\"admin\",\"image\":{\"@type\":\"ImageObject\",\"inLanguage\":\"sv-SE\",\"@id\":\"https:\\\/\\\/www.interflora.se\\\/inspiration\\\/wp-content\\\/litespeed\\\/avatar\\\/1fe3cced9e67df62d0a6f995d75823a5.jpg?ver=1777362393\",\"url\":\"https:\\\/\\\/www.interflora.se\\\/inspiration\\\/wp-content\\\/litespeed\\\/avatar\\\/1fe3cced9e67df62d0a6f995d75823a5.jpg?ver=1777362393\",\"contentUrl\":\"https:\\\/\\\/www.interflora.se\\\/inspiration\\\/wp-content\\\/litespeed\\\/avatar\\\/1fe3cced9e67df62d0a6f995d75823a5.jpg?ver=1777362393\",\"caption\":\"admin\"},\"sameAs\":[\"https:\\\/\\\/www.interflora.se\\\/inspiration\"],\"url\":\"https:\\\/\\\/www.interflora.se\\\/inspiration\\\/author\\\/admin\\\/\"}]}<\/script>\n<!-- \/ Yoast SEO plugin. -->","yoast_head_json":{"title":"F\u00f6rsta Alla Hj\u00e4rtans Dag ihop? S\u00e5 v\u00e4ljer du r\u00e4tt | Interflora","description":"Ny relation och os\u00e4ker p\u00e5 vilka blommor du ska skicka? H\u00e4r \u00e4r v\u00e5r guide f\u00f6r att v\u00e4lja en k\u00e4rleksfull bukett utan att \u00f6verdriva \u2013 tips p\u00e5 rosor och tulpaner.","robots":{"index":"index","follow":"follow","max-snippet":"max-snippet:-1","max-image-preview":"max-image-preview:large","max-video-preview":"max-video-preview:-1"},"canonical":"https:\/\/www.interflora.se\/inspiration\/forsta-alla-hjartans-dag-ihop-sa-valjer-du-ratt-bukett\/","og_locale":"sv_SE","og_type":"article","og_title":"F\u00f6rsta Alla Hj\u00e4rtans Dag ihop? S\u00e5 v\u00e4ljer du r\u00e4tt | Interflora","og_description":"Ny relation och os\u00e4ker p\u00e5 vilka blommor du ska skicka? H\u00e4r \u00e4r v\u00e5r guide f\u00f6r att v\u00e4lja en k\u00e4rleksfull bukett utan att \u00f6verdriva \u2013 tips p\u00e5 rosor och tulpaner.","og_url":"https:\/\/www.interflora.se\/inspiration\/forsta-alla-hjartans-dag-ihop-sa-valjer-du-ratt-bukett\/","og_site_name":"Inspiration om blommor, krukv\u00e4xter &amp; trender | Interflora","article_publisher":"https:\/\/www.facebook.com\/InterfloraAB","article_published_time":"2026-01-16T15:28:49+00:00","article_modified_time":"2026-01-21T14:41:35+00:00","og_image":[{"width":1707,"height":2560,"url":"https:\/\/www.interflora.se\/inspiration\/wp-content\/uploads\/2026\/01\/annesophiebenoit-interflora-saint-valentin-39-scaled.avif","type":"image\/jpeg"}],"author":"admin","twitter_card":"summary_large_image","twitter_misc":{"Skriven av":"admin","Ber\u00e4knad l\u00e4stid":"6 minuter"},"schema":{"@context":"https:\/\/schema.org","@graph":[{"@type":"Article","@id":"https:\/\/www.interflora.se\/inspiration\/forsta-alla-hjartans-dag-ihop-sa-valjer-du-ratt-bukett\/#article","isPartOf":{"@id":"https:\/\/www.interflora.se\/inspiration\/forsta-alla-hjartans-dag-ihop-sa-valjer-du-ratt-bukett\/"},"author":{"name":"admin","@id":"https:\/\/www.interflora.se\/inspiration\/#\/schema\/person\/dbbd1ad45e05409c356dc639597669f2"},"headline":"F\u00f6rsta Alla Hj\u00e4rtans Dag ihop? S\u00e5 v\u00e4ljer du r\u00e4tt bukett (utan att \u00f6verdriva)","datePublished":"2026-01-16T15:28:49+00:00","dateModified":"2026-01-21T14:41:35+00:00","mainEntityOfPage":{"@id":"https:\/\/www.interflora.se\/inspiration\/forsta-alla-hjartans-dag-ihop-sa-valjer-du-ratt-bukett\/"},"wordCount":1101,"commentCount":0,"publisher":{"@id":"https:\/\/www.interflora.se\/inspiration\/#organization"},"image":{"@id":"https:\/\/www.interflora.se\/inspiration\/forsta-alla-hjartans-dag-ihop-sa-valjer-du-ratt-bukett\/#primaryimage"},"thumbnailUrl":"https:\/\/www.interflora.se\/inspiration\/wp-content\/uploads\/2026\/01\/annesophiebenoit-interflora-saint-valentin-39-scaled.avif","articleSection":["Alla hj\u00e4rtans dag","H\u00f6gtid &amp; ceremoni"],"inLanguage":"sv-SE","potentialAction":[{"@type":"CommentAction","name":"Comment","target":["https:\/\/www.interflora.se\/inspiration\/forsta-alla-hjartans-dag-ihop-sa-valjer-du-ratt-bukett\/#respond"]}]},{"@type":"WebPage","@id":"https:\/\/www.interflora.se\/inspiration\/forsta-alla-hjartans-dag-ihop-sa-valjer-du-ratt-bukett\/","url":"https:\/\/www.interflora.se\/inspiration\/forsta-alla-hjartans-dag-ihop-sa-valjer-du-ratt-bukett\/","name":"F\u00f6rsta Alla Hj\u00e4rtans Dag ihop? S\u00e5 v\u00e4ljer du r\u00e4tt | Interflora","isPartOf":{"@id":"https:\/\/www.interflora.se\/inspiration\/#website"},"primaryImageOfPage":{"@id":"https:\/\/www.interflora.se\/inspiration\/forsta-alla-hjartans-dag-ihop-sa-valjer-du-ratt-bukett\/#primaryimage"},"image":{"@id":"https:\/\/www.interflora.se\/inspiration\/forsta-alla-hjartans-dag-ihop-sa-valjer-du-ratt-bukett\/#primaryimage"},"thumbnailUrl":"https:\/\/www.interflora.se\/inspiration\/wp-content\/uploads\/2026\/01\/annesophiebenoit-interflora-saint-valentin-39-scaled.avif","datePublished":"2026-01-16T15:28:49+00:00","dateModified":"2026-01-21T14:41:35+00:00","description":"Ny relation och os\u00e4ker p\u00e5 vilka blommor du ska skicka? H\u00e4r \u00e4r v\u00e5r guide f\u00f6r att v\u00e4lja en k\u00e4rleksfull bukett utan att \u00f6verdriva \u2013 tips p\u00e5 rosor och tulpaner.","breadcrumb":{"@id":"https:\/\/www.interflora.se\/inspiration\/forsta-alla-hjartans-dag-ihop-sa-valjer-du-ratt-bukett\/#breadcrumb"},"inLanguage":"sv-SE","potentialAction":[{"@type":"ReadAction","target":["https:\/\/www.interflora.se\/inspiration\/forsta-alla-hjartans-dag-ihop-sa-valjer-du-ratt-bukett\/"]}]},{"@type":"ImageObject","inLanguage":"sv-SE","@id":"https:\/\/www.interflora.se\/inspiration\/forsta-alla-hjartans-dag-ihop-sa-valjer-du-ratt-bukett\/#primaryimage","url":"https:\/\/www.interflora.se\/inspiration\/wp-content\/uploads\/2026\/01\/annesophiebenoit-interflora-saint-valentin-39-scaled.avif","contentUrl":"https:\/\/www.interflora.se\/inspiration\/wp-content\/uploads\/2026\/01\/annesophiebenoit-interflora-saint-valentin-39-scaled.avif","width":1707,"height":2560,"caption":"Evoto"},{"@type":"BreadcrumbList","@id":"https:\/\/www.interflora.se\/inspiration\/forsta-alla-hjartans-dag-ihop-sa-valjer-du-ratt-bukett\/#breadcrumb","itemListElement":[{"@type":"ListItem","position":1,"name":"Home","item":"https:\/\/www.interflora.se\/inspiration\/"},{"@type":"ListItem","position":2,"name":"F\u00f6rsta Alla Hj\u00e4rtans Dag ihop? S\u00e5 v\u00e4ljer du r\u00e4tt bukett (utan att \u00f6verdriva)"}]},{"@type":"WebSite","@id":"https:\/\/www.interflora.se\/inspiration\/#website","url":"https:\/\/www.interflora.se\/inspiration\/","name":"Interflora","description":"","publisher":{"@id":"https:\/\/www.interflora.se\/inspiration\/#organization"},"potentialAction":[{"@type":"SearchAction","target":{"@type":"EntryPoint","urlTemplate":"https:\/\/www.interflora.se\/inspiration\/?s={search_term_string}"},"query-input":{"@type":"PropertyValueSpecification","valueRequired":true,"valueName":"search_term_string"}}],"inLanguage":"sv-SE"},{"@type":"Organization","@id":"https:\/\/www.interflora.se\/inspiration\/#organization","name":"Interflora","url":"https:\/\/www.interflora.se\/inspiration\/","logo":{"@type":"ImageObject","inLanguage":"sv-SE","@id":"https:\/\/www.interflora.se\/inspiration\/#\/schema\/logo\/image\/","url":"https:\/\/www.interflora.se\/inspiration\/wp-content\/uploads\/2025\/09\/cropped-220422_INTERFLORA_Logo_rgb_Half_Top_Circle_Main_Color.avif","contentUrl":"https:\/\/www.interflora.se\/inspiration\/wp-content\/uploads\/2025\/09\/cropped-220422_INTERFLORA_Logo_rgb_Half_Top_Circle_Main_Color.avif","width":1418,"height":662,"caption":"Interflora"},"image":{"@id":"https:\/\/www.interflora.se\/inspiration\/#\/schema\/logo\/image\/"},"sameAs":["https:\/\/www.facebook.com\/InterfloraAB","https:\/\/www.instagram.com\/interflora_ab\/","https:\/\/www.linkedin.com\/company\/1494362","https:\/\/www.youtube.com\/channel\/UCZgDzGWB2VRxaoWFUmXnk1w"]},{"@type":"Person","@id":"https:\/\/www.interflora.se\/inspiration\/#\/schema\/person\/dbbd1ad45e05409c356dc639597669f2","name":"admin","image":{"@type":"ImageObject","inLanguage":"sv-SE","@id":"https:\/\/www.interflora.se\/inspiration\/wp-content\/litespeed\/avatar\/1fe3cced9e67df62d0a6f995d75823a5.jpg?ver=1777362393","url":"https:\/\/www.interflora.se\/inspiration\/wp-content\/litespeed\/avatar\/1fe3cced9e67df62d0a6f995d75823a5.jpg?ver=1777362393","contentUrl":"https:\/\/www.interflora.se\/inspiration\/wp-content\/litespeed\/avatar\/1fe3cced9e67df62d0a6f995d75823a5.jpg?ver=1777362393","caption":"admin"},"sameAs":["https:\/\/www.interflora.se\/inspiration"],"url":"https:\/\/www.interflora.se\/inspiration\/author\/admin\/"}]}},"uagb_featured_image_src":{"full":["https:\/\/www.interflora.se\/inspiration\/wp-content\/uploads\/2026\/01\/annesophiebenoit-interflora-saint-valentin-39-scaled.avif",1707,2560,false],"thumbnail":["https:\/\/www.interflora.se\/inspiration\/wp-content\/uploads\/2026\/01\/annesophiebenoit-interflora-saint-valentin-39-150x150.avif",150,150,true],"medium":["https:\/\/www.interflora.se\/inspiration\/wp-content\/uploads\/2026\/01\/annesophiebenoit-interflora-saint-valentin-39-200x300.avif",200,300,true],"medium_large":["https:\/\/www.interflora.se\/inspiration\/wp-content\/uploads\/2026\/01\/annesophiebenoit-interflora-saint-valentin-39-768x1152.avif",768,1152,true],"large":["https:\/\/www.interflora.se\/inspiration\/wp-content\/uploads\/2026\/01\/annesophiebenoit-interflora-saint-valentin-39-683x1024.avif",683,1024,true],"1536x1536":["https:\/\/www.interflora.se\/inspiration\/wp-content\/uploads\/2026\/01\/annesophiebenoit-interflora-saint-valentin-39-1024x1536.avif",1024,1536,true],"2048x2048":["https:\/\/www.interflora.se\/inspiration\/wp-content\/uploads\/2026\/01\/annesophiebenoit-interflora-saint-valentin-39-1365x2048.avif",1365,2048,true]},"uagb_author_info":{"display_name":"admin","author_link":"https:\/\/www.interflora.se\/inspiration\/author\/admin\/"},"uagb_comment_info":0,"uagb_excerpt":"I korthet Att fira Alla Hj\u00e4rtans Dag i en ny relation handlar om att visa omtanke utan att skicka fel [&hellip;]","_links":{"self":[{"href":"https:\/\/www.interflora.se\/inspiration\/wp-json\/wp\/v2\/posts\/5432","targetHints":{"allow":["GET"]}}],"collection":[{"href":"https:\/\/www.interflora.se\/inspiration\/wp-json\/wp\/v2\/posts"}],"about":[{"href":"https:\/\/www.interflora.se\/inspiration\/wp-json\/wp\/v2\/types\/post"}],"author":[{"embeddable":true,"href":"https:\/\/www.interflora.se\/inspiration\/wp-json\/wp\/v2\/users\/1"}],"replies":[{"embeddable":true,"href":"https:\/\/www.interflora.se\/inspiration\/wp-json\/wp\/v2\/comments?post=5432"}],"version-history":[{"count":4,"href":"https:\/\/www.interflora.se\/inspiration\/wp-json\/wp\/v2\/posts\/5432\/revisions"}],"predecessor-version":[{"id":5482,"href":"https:\/\/www.interflora.se\/inspiration\/wp-json\/wp\/v2\/posts\/5432\/revisions\/5482"}],"wp:featuredmedia":[{"embeddable":true,"href":"https:\/\/www.interflora.se\/inspiration\/wp-json\/wp\/v2\/media\/5230"}],"wp:attachment":[{"href":"https:\/\/www.interflora.se\/inspiration\/wp-json\/wp\/v2\/media?parent=5432"}],"wp:term":[{"taxonomy":"category","embeddable":true,"href":"https:\/\/www.interflora.se\/inspiration\/wp-json\/wp\/v2\/categories?post=5432"},{"taxonomy":"post_tag","embeddable":true,"href":"https:\/\/www.interflora.se\/inspiration\/wp-json\/wp\/v2\/tags?post=5432"}],"curies":[{"name":"wp","href":"https:\/\/api.w.org\/{rel}","templated":true}]}}