{"id":5430,"date":"2026-01-16T16:06:57","date_gmt":"2026-01-16T15:06:57","guid":{"rendered":"https:\/\/www.interflora.se\/inspiration\/?p=5430"},"modified":"2026-01-23T14:04:00","modified_gmt":"2026-01-23T13:04:00","slug":"valentinsblommor-guide-for-att-valja-ratt-bukett","status":"publish","type":"post","link":"https:\/\/www.interflora.se\/inspiration\/valentinsblommor-guide-for-att-valja-ratt-bukett\/","title":{"rendered":"Alla hj\u00e4rtans dag-blommor: Guide f\u00f6r att v\u00e4lja r\u00e4tt bukett"},"content":{"rendered":"\n<h2 class=\"wp-block-heading\"><strong>I korthet<\/strong><\/h2>\n\n\n\n<p>Att v\u00e4lja blommor till Alla hj\u00e4rtans dag handlar om mer \u00e4n att bara v\u00e4lja en vacker bukett. Rosornas f\u00e4rg b\u00e4r p\u00e5 djup symbolik d\u00e4r r\u00f6da uttrycker passion och rosa visar \u00f6mhet. Antalet blommor spelar ocks\u00e5 roll \u2013 en enda ros s\u00e4ger &#8221;du \u00e4r den enda&#8221; medan tolv rosor symboliserar fullst\u00e4ndig h\u00e4ngivenhet. F\u00f6r att lyckas med din g\u00e5va b\u00f6r du \u00f6verv\u00e4ga var ni befinner er i relationen, partnerns personliga smak och vilka blommor som passar s\u00e4songen. Tulpaner, liljor och nejlikor erbjuder vackra alternativ till klassiska rosor f\u00f6r den som s\u00f6ker n\u00e5got unikt.<\/p>\n\n\n\n<hr class=\"wp-block-separator has-alpha-channel-opacity\"\/>\n\n\n\n<h2 class=\"wp-block-heading\"><strong>Konsten att v\u00e4lja blommor som talar till hj\u00e4rtat<\/strong><\/h2>\n\n\n\n<p>Alla hj\u00e4rtans dag n\u00e4rmar sig och med den kommer fr\u00e5gan som m\u00e5nga st\u00e4ller sig: vilka blommor ska jag egentligen v\u00e4lja? Det \u00e4r en fr\u00e5ga v\u00e4rd att fundera \u00f6ver. <strong>Blommor \u00e4r inte bara dekoration<\/strong> \u2013 de \u00e4r ett spr\u00e5k i sig, ett s\u00e4tt att kommunicera k\u00e4nslor som ibland \u00e4r sv\u00e5ra att uttrycka med ord.<\/p>\n\n\n\n<p>Oavsett om ni firar er f\u00f6rsta Alla hj\u00e4rtans dag tillsammans eller decennier av k\u00e4rlek finns det blommor som passar just er situation. Nyckeln ligger i att f\u00f6rst\u00e5 symboliken bakom olika blommor, \u00f6verv\u00e4ga din partners personliga smak och v\u00e4lja en bukett som k\u00e4nns autentisk f\u00f6r just er relation.<\/p>\n\n\n\n<p>I denna guide g\u00e5r vi igenom allt du beh\u00f6ver veta f\u00f6r att g\u00f6ra ett medvetet val. Vi utforskar blommors betydelse, f\u00e4rgers symbolik och praktiska tips som hj\u00e4lper dig undvika vanliga misstag. <strong>R\u00e4tt blommor vid r\u00e4tt tillf\u00e4lle kan f\u00f6rvandla en enkel uppvaktning till ett minne f\u00f6r livet.<\/strong><\/p>\n\n\n\n<figure class=\"wp-block-image aligncenter size-large\"><img loading=\"lazy\" decoding=\"async\" width=\"1024\" height=\"576\" src=\"https:\/\/www.interflora.se\/inspiration\/wp-content\/uploads\/2026\/01\/SEO-16-9-4-1024x576.avif\" alt=\"\" class=\"wp-image-5182\" srcset=\"https:\/\/www.interflora.se\/inspiration\/wp-content\/uploads\/2026\/01\/SEO-16-9-4-1024x576.avif 1024w, https:\/\/www.interflora.se\/inspiration\/wp-content\/uploads\/2026\/01\/SEO-16-9-4-300x169.avif 300w, https:\/\/www.interflora.se\/inspiration\/wp-content\/uploads\/2026\/01\/SEO-16-9-4-768x432.avif 768w, https:\/\/www.interflora.se\/inspiration\/wp-content\/uploads\/2026\/01\/SEO-16-9-4-1536x864.avif 1536w, https:\/\/www.interflora.se\/inspiration\/wp-content\/uploads\/2026\/01\/SEO-16-9-4.avif 2000w\" sizes=\"auto, (max-width: 1024px) 100vw, 1024px\" \/><\/figure>\n\n\n\n<h2 class=\"wp-block-heading\"><strong>Rosor: den klassiska k\u00e4rlekssymbolen<\/strong><\/h2>\n\n\n\n<p>Det \u00e4r ingen slump att rosen \u00e4r den mest popul\u00e4ra blomman p\u00e5 Alla hj\u00e4rtans dag. I \u00e5rhundraden har den r\u00f6da rosen st\u00e5tt som den ultimata symbolen f\u00f6r romantisk k\u00e4rlek. Men visste du att <a href=\"https:\/\/www.interflora.se\/inspiration\/vad-rosornas-farg-sager-om-dina-kanslor\/\">rosornas f\u00e4rg s\u00e4ger mycket om dina k\u00e4nslor<\/a>?<\/p>\n\n\n\n<p><strong>R\u00f6da rosor<\/strong> uttrycker djup passion och h\u00e4ngivenhet. De s\u00e4ger &#8221;jag \u00e4lskar dig&#8221; utan omsvep och passar perfekt f\u00f6r etablerade relationer d\u00e4r k\u00e4nslan \u00e4r stark och \u00f6msesidig. <strong>Rosa rosor<\/strong> representerar \u00f6mhet, uppskattning och tacksamhet. De fungerar utm\u00e4rkt i nyare relationer eller f\u00f6r att visa uppskattning till n\u00e5gon speciell. <strong>Vita rosor<\/strong> symboliserar renhet och ny b\u00f6rjan, medan <strong>gula rosor<\/strong> traditionellt f\u00f6rknippas med v\u00e4nskap och gl\u00e4dje.<\/p>\n\n\n\n<p>F\u00f6r den som vill uttrycka sin k\u00e4rlek p\u00e5 Alla hj\u00e4rtans dag erbjuder vi ett brett urval av vackra buketter. Du kan enkelt <a href=\"https:\/\/www.interflora.se\/c\/alla-hjartans-dag\">skicka blommor till Alla hj\u00e4rtans dag<\/a> och l\u00e5ta v\u00e5ra florister skapa n\u00e5got alldeles speciellt. Varje bukett binds f\u00f6r hand med omsorg och k\u00e4rlek.<\/p>\n\n\n\n<h3 class=\"wp-block-heading\">Antal rosor och vad de symboliserar<\/h3>\n\n\n\n<p>Det \u00e4r inte bara f\u00e4rgen som har betydelse. <a href=\"https:\/\/www.interflora.se\/inspiration\/hur-manga-rosor-ska-man-ge-pa-alla-hjartans-dag\/\">Hur m\u00e5nga rosor du v\u00e4ljer att ge<\/a> b\u00e4r ocks\u00e5 p\u00e5 en symbolisk mening som din partner kanske k\u00e4nner till.<\/p>\n\n\n\n<figure class=\"wp-block-gallery has-nested-images columns-default is-cropped wp-block-gallery-1 is-layout-flex wp-block-gallery-is-layout-flex\">\n<figure class=\"wp-block-image size-large\"><img loading=\"lazy\" decoding=\"async\" width=\"683\" height=\"1024\" data-id=\"5237\" src=\"https:\/\/www.interflora.se\/inspiration\/wp-content\/uploads\/2026\/01\/annesophiebenoit-interflora-saint-valentin-37-1-683x1024.avif\" alt=\"\" class=\"wp-image-5237\" srcset=\"https:\/\/www.interflora.se\/inspiration\/wp-content\/uploads\/2026\/01\/annesophiebenoit-interflora-saint-valentin-37-1-683x1024.avif 683w, https:\/\/www.interflora.se\/inspiration\/wp-content\/uploads\/2026\/01\/annesophiebenoit-interflora-saint-valentin-37-1-200x300.avif 200w, https:\/\/www.interflora.se\/inspiration\/wp-content\/uploads\/2026\/01\/annesophiebenoit-interflora-saint-valentin-37-1-768x1152.avif 768w, https:\/\/www.interflora.se\/inspiration\/wp-content\/uploads\/2026\/01\/annesophiebenoit-interflora-saint-valentin-37-1-1024x1536.avif 1024w, https:\/\/www.interflora.se\/inspiration\/wp-content\/uploads\/2026\/01\/annesophiebenoit-interflora-saint-valentin-37-1-1365x2048.avif 1365w, https:\/\/www.interflora.se\/inspiration\/wp-content\/uploads\/2026\/01\/annesophiebenoit-interflora-saint-valentin-37-1-scaled.avif 1707w\" sizes=\"auto, (max-width: 683px) 100vw, 683px\" \/><\/figure>\n\n\n\n<figure class=\"wp-block-image size-large\"><img loading=\"lazy\" decoding=\"async\" width=\"683\" height=\"1024\" data-id=\"5219\" src=\"https:\/\/www.interflora.se\/inspiration\/wp-content\/uploads\/2026\/01\/annesophiebenoit-interflora-saint-valentin-1_FR-SP-PR-IT-Kiss-Edit-Edit-683x1024.avif\" alt=\"\" class=\"wp-image-5219\" srcset=\"https:\/\/www.interflora.se\/inspiration\/wp-content\/uploads\/2026\/01\/annesophiebenoit-interflora-saint-valentin-1_FR-SP-PR-IT-Kiss-Edit-Edit-683x1024.avif 683w, https:\/\/www.interflora.se\/inspiration\/wp-content\/uploads\/2026\/01\/annesophiebenoit-interflora-saint-valentin-1_FR-SP-PR-IT-Kiss-Edit-Edit-200x300.avif 200w, https:\/\/www.interflora.se\/inspiration\/wp-content\/uploads\/2026\/01\/annesophiebenoit-interflora-saint-valentin-1_FR-SP-PR-IT-Kiss-Edit-Edit-768x1152.avif 768w, https:\/\/www.interflora.se\/inspiration\/wp-content\/uploads\/2026\/01\/annesophiebenoit-interflora-saint-valentin-1_FR-SP-PR-IT-Kiss-Edit-Edit-1024x1536.avif 1024w, https:\/\/www.interflora.se\/inspiration\/wp-content\/uploads\/2026\/01\/annesophiebenoit-interflora-saint-valentin-1_FR-SP-PR-IT-Kiss-Edit-Edit-1365x2048.avif 1365w, https:\/\/www.interflora.se\/inspiration\/wp-content\/uploads\/2026\/01\/annesophiebenoit-interflora-saint-valentin-1_FR-SP-PR-IT-Kiss-Edit-Edit-scaled.avif 1707w\" sizes=\"auto, (max-width: 683px) 100vw, 683px\" \/><\/figure>\n\n\n\n<figure class=\"wp-block-image size-large\"><img loading=\"lazy\" decoding=\"async\" width=\"683\" height=\"1024\" data-id=\"5197\" src=\"https:\/\/www.interflora.se\/inspiration\/wp-content\/uploads\/2026\/01\/annesophiebenoit-interflora-saint-valentin-53-Edit-683x1024.avif\" alt=\"\" class=\"wp-image-5197\" srcset=\"https:\/\/www.interflora.se\/inspiration\/wp-content\/uploads\/2026\/01\/annesophiebenoit-interflora-saint-valentin-53-Edit-683x1024.avif 683w, https:\/\/www.interflora.se\/inspiration\/wp-content\/uploads\/2026\/01\/annesophiebenoit-interflora-saint-valentin-53-Edit-200x300.avif 200w, https:\/\/www.interflora.se\/inspiration\/wp-content\/uploads\/2026\/01\/annesophiebenoit-interflora-saint-valentin-53-Edit-768x1152.avif 768w, https:\/\/www.interflora.se\/inspiration\/wp-content\/uploads\/2026\/01\/annesophiebenoit-interflora-saint-valentin-53-Edit-1024x1536.avif 1024w, https:\/\/www.interflora.se\/inspiration\/wp-content\/uploads\/2026\/01\/annesophiebenoit-interflora-saint-valentin-53-Edit-1365x2048.avif 1365w, https:\/\/www.interflora.se\/inspiration\/wp-content\/uploads\/2026\/01\/annesophiebenoit-interflora-saint-valentin-53-Edit-scaled.avif 1707w\" sizes=\"auto, (max-width: 683px) 100vw, 683px\" \/><figcaption class=\"wp-element-caption\">Evoto<\/figcaption><\/figure>\n<\/figure>\n\n\n\n<p><strong>En ros<\/strong> s\u00e4ger &#8221;du \u00e4r den enda&#8221; \u2013 en kraftfull symbol f\u00f6r k\u00e4rlek vid f\u00f6rsta \u00f6gonkastet eller djup h\u00e4ngivenhet. <strong>Tre rosor<\/strong> uttrycker traditionellt &#8221;jag \u00e4lskar dig&#8221; medan <strong>sex rosor<\/strong> visar att du saknar och l\u00e4ngtar efter personen. <strong>Tolv rosor<\/strong> symboliserar fullst\u00e4ndig k\u00e4rlek och \u00e4r det klassiska valet f\u00f6r Alla hj\u00e4rtans dag \u2013 en ros f\u00f6r varje m\u00e5nad ni delar tillsammans under \u00e5ret.<\/p>\n\n\n\n<p>F\u00f6r den som vill g\u00f6ra ett storslaget intryck finns buketter med <strong>20, 30, 40 eller 50 rosor<\/strong>. Ju fler rosor, desto starkare markering av din k\u00e4rlek. En bukett med 50 r\u00f6da rosor \u00e4r ett uttalande som aldrig g\u00e5r att missf\u00f6rst\u00e5.<\/p>\n\n\n<div class=\"lp-produits-grid\"><div class=\"lp-produit\"><div class=\"lp-thumbnail-wrapper\"><img loading=\"lazy\" decoding=\"async\" width=\"240\" height=\"300\" src=\"https:\/\/www.interflora.se\/inspiration\/wp-content\/uploads\/2025\/05\/1201156-2024-ny-4.5-240x300.jpg\" class=\"attachment-medium size-medium wp-post-image\" alt=\"\" srcset=\"https:\/\/www.interflora.se\/inspiration\/wp-content\/uploads\/2025\/05\/1201156-2024-ny-4.5-240x300.jpg 240w, https:\/\/www.interflora.se\/inspiration\/wp-content\/uploads\/2025\/05\/1201156-2024-ny-4.5.jpg 745w\" sizes=\"auto, (max-width: 240px) 100vw, 240px\" \/><img decoding=\"async\" class=\"lp-badge\" src=\"https:\/\/www.interflora.se\/inspiration\/wp-content\/uploads\/2025\/03\/cropped-220422_INTERFLORA_Main_Logo_rgb_Main_Color-1.png\" alt=\"Blombud Interflora\"><\/div><span>Omtanke<\/span><p>fr\u00e5n 379 kr<\/p><span class=\"obf-link lp-cta\" role=\"link\" tabindex=\"0\" data-b64=\"aHR0cHM6Ly93d3cuaW50ZXJmbG9yYS5zZS9wLzMwOC1vbXRhbmtlLzI\/dXRtX21lZGl1bT1vcmdhbmljJnV0bV9zb3VyY2U9YmxvZ19wcm9kdWN0cyZ1dG1fY2FtcGFpZ249MTIwMTE1NQ==\" data-target=\"_blank\"><svg xmlns=\"http:\/\/www.w3.org\/2000\/svg\" width=\"16\" height=\"16\" fill=\"currentColor\" class=\"bi bi-bag\" viewBox=\"0 0 16 16\"><path d=\"M8 1a2 2 0 0 1 2 2v1h2.5A1.5 1.5 0 0 1 14 5.5v8A1.5 1.5 0 0 1 12.5 15h-9A1.5 1.5 0 0 1 2 13.5v-8A1.5 1.5 0 0 1 3.5 3H6V2a2 2 0 0 1 2-1zm1 3V3a1 1 0 0 0-2 0v1h2z\"\/><\/svg>K\u00f6p h\u00e4r<\/span><p class=\"rapido\">Din personliga h\u00e4lsning<\/p><\/div><div class=\"lp-produit\"><div class=\"lp-thumbnail-wrapper\"><img loading=\"lazy\" decoding=\"async\" width=\"240\" height=\"300\" src=\"https:\/\/www.interflora.se\/inspiration\/wp-content\/uploads\/2025\/05\/1201665-4.5-240x300.jpg\" class=\"attachment-medium size-medium wp-post-image\" alt=\"\" srcset=\"https:\/\/www.interflora.se\/inspiration\/wp-content\/uploads\/2025\/05\/1201665-4.5-240x300.jpg 240w, https:\/\/www.interflora.se\/inspiration\/wp-content\/uploads\/2025\/05\/1201665-4.5.jpg 745w\" sizes=\"auto, (max-width: 240px) 100vw, 240px\" \/><img decoding=\"async\" class=\"lp-badge\" src=\"https:\/\/www.interflora.se\/inspiration\/wp-content\/uploads\/2025\/03\/cropped-220422_INTERFLORA_Main_Logo_rgb_Main_Color-1.png\" alt=\"Blombud Interflora\"><\/div><span>Rosdr\u00f6m<\/span><p>fr\u00e5n 549 kr<\/p><span class=\"obf-link lp-cta\" role=\"link\" tabindex=\"0\" data-b64=\"aHR0cHM6Ly93d3cuaW50ZXJmbG9yYS5zZS9wLzYzNi1yb3Nkcm9tLzI\/dXRtX21lZGl1bT1vcmdhbmljJnV0bV9zb3VyY2U9YmxvZ19wcm9kdWN0cyZ1dG1fY2FtcGFpZ249MTIwMTU0MA==\" data-target=\"_blank\"><svg xmlns=\"http:\/\/www.w3.org\/2000\/svg\" width=\"16\" height=\"16\" fill=\"currentColor\" class=\"bi bi-bag\" viewBox=\"0 0 16 16\"><path d=\"M8 1a2 2 0 0 1 2 2v1h2.5A1.5 1.5 0 0 1 14 5.5v8A1.5 1.5 0 0 1 12.5 15h-9A1.5 1.5 0 0 1 2 13.5v-8A1.5 1.5 0 0 1 3.5 3H6V2a2 2 0 0 1 2-1zm1 3V3a1 1 0 0 0-2 0v1h2z\"\/><\/svg>K\u00f6p h\u00e4r<\/span><p class=\"rapido\">Leverans idag<\/p><\/div><div class=\"lp-produit\"><div class=\"lp-thumbnail-wrapper\"><img loading=\"lazy\" decoding=\"async\" width=\"240\" height=\"300\" src=\"https:\/\/www.interflora.se\/inspiration\/wp-content\/uploads\/2025\/05\/1202975-2025-240x300.jpg\" class=\"attachment-medium size-medium wp-post-image\" alt=\"\" srcset=\"https:\/\/www.interflora.se\/inspiration\/wp-content\/uploads\/2025\/05\/1202975-2025-240x300.jpg 240w, https:\/\/www.interflora.se\/inspiration\/wp-content\/uploads\/2025\/05\/1202975-2025.jpg 745w\" sizes=\"auto, (max-width: 240px) 100vw, 240px\" \/><img decoding=\"async\" class=\"lp-badge\" src=\"https:\/\/www.interflora.se\/inspiration\/wp-content\/uploads\/2025\/03\/cropped-220422_INTERFLORA_Main_Logo_rgb_Main_Color-1.png\" alt=\"Blombud Interflora\"><\/div><span>F\u00e4rglycka<\/span><p>fr\u00e5n 269 kr<\/p><span class=\"obf-link lp-cta\" role=\"link\" tabindex=\"0\" data-b64=\"aHR0cHM6Ly93d3cuaW50ZXJmbG9yYS5zZS9wLzgxNjc5LWZhcmdseWNrYS8yP3V0bV9tZWRpdW09b3JnYW5pYyZ1dG1fc291cmNlPWJsb2dfcHJvZHVjdHMmdXRtX2NhbXBhaWduPTEyMDI5NzQ=\" data-target=\"_blank\"><svg xmlns=\"http:\/\/www.w3.org\/2000\/svg\" width=\"16\" height=\"16\" fill=\"currentColor\" class=\"bi bi-bag\" viewBox=\"0 0 16 16\"><path d=\"M8 1a2 2 0 0 1 2 2v1h2.5A1.5 1.5 0 0 1 14 5.5v8A1.5 1.5 0 0 1 12.5 15h-9A1.5 1.5 0 0 1 2 13.5v-8A1.5 1.5 0 0 1 3.5 3H6V2a2 2 0 0 1 2-1zm1 3V3a1 1 0 0 0-2 0v1h2z\"\/><\/svg>K\u00f6p h\u00e4r<\/span><p class=\"rapido\">Leverans i hela Sverige<\/p><\/div><\/div>\n\n\n\n<h2 class=\"wp-block-heading\"><strong>Alternativ till rosor: tulpaner, liljor och nejlikor<\/strong><\/h2>\n\n\n\n<figure class=\"wp-block-gallery has-nested-images columns-default is-cropped wp-block-gallery-2 is-layout-flex wp-block-gallery-is-layout-flex\">\n<figure class=\"wp-block-image size-large\"><img loading=\"lazy\" decoding=\"async\" width=\"745\" height=\"931\" data-id=\"5159\" src=\"https:\/\/www.interflora.se\/inspiration\/wp-content\/uploads\/2025\/12\/1744203972-nejlika-aprikos-snitt-styckvis.avif\" alt=\"\" class=\"wp-image-5159\" srcset=\"https:\/\/www.interflora.se\/inspiration\/wp-content\/uploads\/2025\/12\/1744203972-nejlika-aprikos-snitt-styckvis.avif 745w, https:\/\/www.interflora.se\/inspiration\/wp-content\/uploads\/2025\/12\/1744203972-nejlika-aprikos-snitt-styckvis-240x300.avif 240w\" sizes=\"auto, (max-width: 745px) 100vw, 745px\" \/><\/figure>\n\n\n\n<figure class=\"wp-block-image size-large\"><img loading=\"lazy\" decoding=\"async\" width=\"745\" height=\"745\" data-id=\"5158\" src=\"https:\/\/www.interflora.se\/inspiration\/wp-content\/uploads\/2025\/12\/1744198414-2603_ny.avif\" alt=\"\" class=\"wp-image-5158\" srcset=\"https:\/\/www.interflora.se\/inspiration\/wp-content\/uploads\/2025\/12\/1744198414-2603_ny.avif 745w, https:\/\/www.interflora.se\/inspiration\/wp-content\/uploads\/2025\/12\/1744198414-2603_ny-300x300.avif 300w, https:\/\/www.interflora.se\/inspiration\/wp-content\/uploads\/2025\/12\/1744198414-2603_ny-150x150.avif 150w\" sizes=\"auto, (max-width: 745px) 100vw, 745px\" \/><\/figure>\n\n\n\n<figure class=\"wp-block-image size-large\"><img loading=\"lazy\" decoding=\"async\" width=\"745\" height=\"931\" data-id=\"5147\" src=\"https:\/\/www.interflora.se\/inspiration\/wp-content\/uploads\/2026\/01\/1744203712-1201458-2023-4-5.avif\" alt=\"\" class=\"wp-image-5147\" srcset=\"https:\/\/www.interflora.se\/inspiration\/wp-content\/uploads\/2026\/01\/1744203712-1201458-2023-4-5.avif 745w, https:\/\/www.interflora.se\/inspiration\/wp-content\/uploads\/2026\/01\/1744203712-1201458-2023-4-5-240x300.avif 240w\" sizes=\"auto, (max-width: 745px) 100vw, 745px\" \/><\/figure>\n<\/figure>\n\n\n\n<p>\u00c4ven om rosor dominerar Alla hj\u00e4rtans dag finns det m\u00e5nga andra vackra alternativ f\u00f6r den som s\u00f6ker n\u00e5got annorlunda. <strong>Tulpaner<\/strong> \u00e4r v\u00e5rk\u00e4nslans budb\u00e4rare och symboliserar perfekt k\u00e4rlek. R\u00f6da tulpaner uttrycker passion medan rosa tulpaner visar omsorg och tillgivenhet.<\/p>\n\n\n\n<p><strong>Liljor<\/strong> f\u00f6rknippas med renhet och f\u00f6rfining. De har en elegant framtoning som passar den som uppskattar sofistikerad sk\u00f6nhet. Vita liljor kan kombineras med r\u00f6da accenter f\u00f6r en dramatisk effekt.<\/p>\n\n\n\n<p><strong>Nejlikor<\/strong> har en l\u00e5ng historia som k\u00e4rleksblomma. R\u00f6da nejlikor symboliserar djup k\u00e4rlek och beundran, och de har f\u00f6rdelen att vara mycket h\u00e5llbara. <\/p>\n\n\n\n<p>Funderar du p\u00e5 att <a href=\"https:\/\/www.interflora.se\/inspiration\/forklara-din-karlek\/\">f\u00f6rklara din k\u00e4rlek med blommor<\/a>? V\u00e5ra florister hj\u00e4lper g\u00e4rna till att skapa en personlig bukett som passar just ditt budskap.<\/p>\n\n\n<div class=\"lp-produits-grid\"><div class=\"lp-produit\"><div class=\"lp-thumbnail-wrapper\"><img loading=\"lazy\" decoding=\"async\" width=\"240\" height=\"300\" src=\"https:\/\/www.interflora.se\/inspiration\/wp-content\/uploads\/2025\/05\/1201665-4.5-240x300.jpg\" class=\"attachment-medium size-medium wp-post-image\" alt=\"\" srcset=\"https:\/\/www.interflora.se\/inspiration\/wp-content\/uploads\/2025\/05\/1201665-4.5-240x300.jpg 240w, https:\/\/www.interflora.se\/inspiration\/wp-content\/uploads\/2025\/05\/1201665-4.5.jpg 745w\" sizes=\"auto, (max-width: 240px) 100vw, 240px\" \/><img decoding=\"async\" class=\"lp-badge\" src=\"https:\/\/www.interflora.se\/inspiration\/wp-content\/uploads\/2025\/03\/cropped-220422_INTERFLORA_Main_Logo_rgb_Main_Color-1.png\" alt=\"Blombud Interflora\"><\/div><span>Rosdr\u00f6m<\/span><p>fr\u00e5n 549 kr<\/p><span class=\"obf-link lp-cta\" role=\"link\" tabindex=\"0\" data-b64=\"aHR0cHM6Ly93d3cuaW50ZXJmbG9yYS5zZS9wLzYzNi1yb3Nkcm9tLzI\/dXRtX21lZGl1bT1vcmdhbmljJnV0bV9zb3VyY2U9YmxvZ19wcm9kdWN0cyZ1dG1fY2FtcGFpZ249MTIwMTU0MA==\" data-target=\"_blank\"><svg xmlns=\"http:\/\/www.w3.org\/2000\/svg\" width=\"16\" height=\"16\" fill=\"currentColor\" class=\"bi bi-bag\" viewBox=\"0 0 16 16\"><path d=\"M8 1a2 2 0 0 1 2 2v1h2.5A1.5 1.5 0 0 1 14 5.5v8A1.5 1.5 0 0 1 12.5 15h-9A1.5 1.5 0 0 1 2 13.5v-8A1.5 1.5 0 0 1 3.5 3H6V2a2 2 0 0 1 2-1zm1 3V3a1 1 0 0 0-2 0v1h2z\"\/><\/svg>K\u00f6p h\u00e4r<\/span><p class=\"rapido\">Bunden av din lokala florist<\/p><\/div><div class=\"lp-produit\"><div class=\"lp-thumbnail-wrapper\"><img loading=\"lazy\" decoding=\"async\" width=\"240\" height=\"300\" src=\"https:\/\/www.interflora.se\/inspiration\/wp-content\/uploads\/2025\/05\/1202975-2025-240x300.jpg\" class=\"attachment-medium size-medium wp-post-image\" alt=\"\" srcset=\"https:\/\/www.interflora.se\/inspiration\/wp-content\/uploads\/2025\/05\/1202975-2025-240x300.jpg 240w, https:\/\/www.interflora.se\/inspiration\/wp-content\/uploads\/2025\/05\/1202975-2025.jpg 745w\" sizes=\"auto, (max-width: 240px) 100vw, 240px\" \/><img decoding=\"async\" class=\"lp-badge\" src=\"https:\/\/www.interflora.se\/inspiration\/wp-content\/uploads\/2025\/03\/cropped-220422_INTERFLORA_Main_Logo_rgb_Main_Color-1.png\" alt=\"Blombud Interflora\"><\/div><span>F\u00e4rglycka<\/span><p>fr\u00e5n 269 kr<\/p><span class=\"obf-link lp-cta\" role=\"link\" tabindex=\"0\" data-b64=\"aHR0cHM6Ly93d3cuaW50ZXJmbG9yYS5zZS9wLzgxNjc5LWZhcmdseWNrYS8yP3V0bV9tZWRpdW09b3JnYW5pYyZ1dG1fc291cmNlPWJsb2dfcHJvZHVjdHMmdXRtX2NhbXBhaWduPTEyMDI5NzQ=\" data-target=\"_blank\"><svg xmlns=\"http:\/\/www.w3.org\/2000\/svg\" width=\"16\" height=\"16\" fill=\"currentColor\" class=\"bi bi-bag\" viewBox=\"0 0 16 16\"><path d=\"M8 1a2 2 0 0 1 2 2v1h2.5A1.5 1.5 0 0 1 14 5.5v8A1.5 1.5 0 0 1 12.5 15h-9A1.5 1.5 0 0 1 2 13.5v-8A1.5 1.5 0 0 1 3.5 3H6V2a2 2 0 0 1 2-1zm1 3V3a1 1 0 0 0-2 0v1h2z\"\/><\/svg>K\u00f6p h\u00e4r<\/span><p class=\"rapido\">Handbundet av florister<\/p><\/div><div class=\"lp-produit\"><div class=\"lp-thumbnail-wrapper\"><img loading=\"lazy\" decoding=\"async\" width=\"240\" height=\"300\" src=\"https:\/\/www.interflora.se\/inspiration\/wp-content\/uploads\/2025\/05\/1201156-2024-ny-4.5-240x300.jpg\" class=\"attachment-medium size-medium wp-post-image\" alt=\"\" srcset=\"https:\/\/www.interflora.se\/inspiration\/wp-content\/uploads\/2025\/05\/1201156-2024-ny-4.5-240x300.jpg 240w, https:\/\/www.interflora.se\/inspiration\/wp-content\/uploads\/2025\/05\/1201156-2024-ny-4.5.jpg 745w\" sizes=\"auto, (max-width: 240px) 100vw, 240px\" \/><img decoding=\"async\" class=\"lp-badge\" src=\"https:\/\/www.interflora.se\/inspiration\/wp-content\/uploads\/2025\/03\/cropped-220422_INTERFLORA_Main_Logo_rgb_Main_Color-1.png\" alt=\"Blombud Interflora\"><\/div><span>Omtanke<\/span><p>fr\u00e5n 379 kr<\/p><span class=\"obf-link lp-cta\" role=\"link\" tabindex=\"0\" data-b64=\"aHR0cHM6Ly93d3cuaW50ZXJmbG9yYS5zZS9wLzMwOC1vbXRhbmtlLzI\/dXRtX21lZGl1bT1vcmdhbmljJnV0bV9zb3VyY2U9YmxvZ19wcm9kdWN0cyZ1dG1fY2FtcGFpZ249MTIwMTE1NQ==\" data-target=\"_blank\"><svg xmlns=\"http:\/\/www.w3.org\/2000\/svg\" width=\"16\" height=\"16\" fill=\"currentColor\" class=\"bi bi-bag\" viewBox=\"0 0 16 16\"><path d=\"M8 1a2 2 0 0 1 2 2v1h2.5A1.5 1.5 0 0 1 14 5.5v8A1.5 1.5 0 0 1 12.5 15h-9A1.5 1.5 0 0 1 2 13.5v-8A1.5 1.5 0 0 1 3.5 3H6V2a2 2 0 0 1 2-1zm1 3V3a1 1 0 0 0-2 0v1h2z\"\/><\/svg>K\u00f6p h\u00e4r<\/span><p class=\"rapido\">F\u00e4rska blommor<\/p><\/div><\/div>\n\n\n\n<h2 class=\"wp-block-heading\"><strong>V\u00e4lj blommor efter relationen<\/strong><\/h2>\n\n\n\n<p>Var ni befinner er i relationen p\u00e5verkar vilket blomsterval som k\u00e4nns mest passande. Det handlar om att hitta r\u00e4tt niv\u00e5 \u2013 varken f\u00f6r mycket eller f\u00f6r lite.<\/p>\n\n\n\n<p><strong>Ny relation (0\u20136 m\u00e5nader):<\/strong> V\u00e4lj en mindre bukett med mjuka f\u00e4rger. Rosa rosor eller en blandad bukett i varma toner visar intresse utan att k\u00e4nnas \u00f6verv\u00e4ldigande. Det \u00e4r en fin balans mellan att visa att du bryr dig och att inte g\u00e5 ut f\u00f6r starkt.<\/p>\n\n\n\n<p><strong>Etablerad relation (6 m\u00e5nader \u2013 2 \u00e5r):<\/strong> H\u00e4r kan du vara mer uttrycksfull. En klassisk bukett med r\u00f6da rosor \u00e4r aldrig fel, men du kan ocks\u00e5 v\u00e4lja blandade blommor som speglar partnerns personlighet och favoritf\u00e4rger.<\/p>\n\n\n\n<p><strong>L\u00e5ngvarig relation (2+ \u00e5r):<\/strong> Nu handlar det om att \u00f6verraska och visa att k\u00e4nslan fortfarande \u00e4r stark. En storbukett med lyxiga rosor g\u00f6r intryck, men det personliga valet \u2013 kanske partnerns favoritblomma eller en bukett som p\u00e5minner om er f\u00f6rsta dejt \u2013 kan betyda \u00e4nnu mer.<\/p>\n\n\n<div class=\"lp-produits-grid\"><div class=\"lp-produit\"><div class=\"lp-thumbnail-wrapper\"><img loading=\"lazy\" decoding=\"async\" width=\"240\" height=\"300\" src=\"https:\/\/www.interflora.se\/inspiration\/wp-content\/uploads\/2025\/05\/1201665-4.5-240x300.jpg\" class=\"attachment-medium size-medium wp-post-image\" alt=\"\" srcset=\"https:\/\/www.interflora.se\/inspiration\/wp-content\/uploads\/2025\/05\/1201665-4.5-240x300.jpg 240w, https:\/\/www.interflora.se\/inspiration\/wp-content\/uploads\/2025\/05\/1201665-4.5.jpg 745w\" sizes=\"auto, (max-width: 240px) 100vw, 240px\" \/><img decoding=\"async\" class=\"lp-badge\" src=\"https:\/\/www.interflora.se\/inspiration\/wp-content\/uploads\/2025\/03\/cropped-220422_INTERFLORA_Main_Logo_rgb_Main_Color-1.png\" alt=\"Blombud Interflora\"><\/div><span>Rosdr\u00f6m<\/span><p>fr\u00e5n 549 kr<\/p><span class=\"obf-link lp-cta\" role=\"link\" tabindex=\"0\" data-b64=\"aHR0cHM6Ly93d3cuaW50ZXJmbG9yYS5zZS9wLzYzNi1yb3Nkcm9tLzI\/dXRtX21lZGl1bT1vcmdhbmljJnV0bV9zb3VyY2U9YmxvZ19wcm9kdWN0cyZ1dG1fY2FtcGFpZ249MTIwMTU0MA==\" data-target=\"_blank\"><svg xmlns=\"http:\/\/www.w3.org\/2000\/svg\" width=\"16\" height=\"16\" fill=\"currentColor\" class=\"bi bi-bag\" viewBox=\"0 0 16 16\"><path d=\"M8 1a2 2 0 0 1 2 2v1h2.5A1.5 1.5 0 0 1 14 5.5v8A1.5 1.5 0 0 1 12.5 15h-9A1.5 1.5 0 0 1 2 13.5v-8A1.5 1.5 0 0 1 3.5 3H6V2a2 2 0 0 1 2-1zm1 3V3a1 1 0 0 0-2 0v1h2z\"\/><\/svg>K\u00f6p h\u00e4r<\/span><p class=\"rapido\">Kundernas favorit<\/p><\/div><div class=\"lp-produit\"><div class=\"lp-thumbnail-wrapper\"><img loading=\"lazy\" decoding=\"async\" width=\"240\" height=\"300\" src=\"https:\/\/www.interflora.se\/inspiration\/wp-content\/uploads\/2025\/05\/1202975-2025-240x300.jpg\" class=\"attachment-medium size-medium wp-post-image\" alt=\"\" srcset=\"https:\/\/www.interflora.se\/inspiration\/wp-content\/uploads\/2025\/05\/1202975-2025-240x300.jpg 240w, https:\/\/www.interflora.se\/inspiration\/wp-content\/uploads\/2025\/05\/1202975-2025.jpg 745w\" sizes=\"auto, (max-width: 240px) 100vw, 240px\" \/><img decoding=\"async\" class=\"lp-badge\" src=\"https:\/\/www.interflora.se\/inspiration\/wp-content\/uploads\/2025\/03\/cropped-220422_INTERFLORA_Main_Logo_rgb_Main_Color-1.png\" alt=\"Blombud Interflora\"><\/div><span>F\u00e4rglycka<\/span><p>fr\u00e5n 269 kr<\/p><span class=\"obf-link lp-cta\" role=\"link\" tabindex=\"0\" data-b64=\"aHR0cHM6Ly93d3cuaW50ZXJmbG9yYS5zZS9wLzgxNjc5LWZhcmdseWNrYS8yP3V0bV9tZWRpdW09b3JnYW5pYyZ1dG1fc291cmNlPWJsb2dfcHJvZHVjdHMmdXRtX2NhbXBhaWduPTEyMDI5NzQ=\" data-target=\"_blank\"><svg xmlns=\"http:\/\/www.w3.org\/2000\/svg\" width=\"16\" height=\"16\" fill=\"currentColor\" class=\"bi bi-bag\" viewBox=\"0 0 16 16\"><path d=\"M8 1a2 2 0 0 1 2 2v1h2.5A1.5 1.5 0 0 1 14 5.5v8A1.5 1.5 0 0 1 12.5 15h-9A1.5 1.5 0 0 1 2 13.5v-8A1.5 1.5 0 0 1 3.5 3H6V2a2 2 0 0 1 2-1zm1 3V3a1 1 0 0 0-2 0v1h2z\"\/><\/svg>K\u00f6p h\u00e4r<\/span><p class=\"rapido\">Din personliga h\u00e4lsning<\/p><\/div><div class=\"lp-produit\"><div class=\"lp-thumbnail-wrapper\"><img loading=\"lazy\" decoding=\"async\" width=\"240\" height=\"300\" src=\"https:\/\/www.interflora.se\/inspiration\/wp-content\/uploads\/2025\/05\/1201156-2024-ny-4.5-240x300.jpg\" class=\"attachment-medium size-medium wp-post-image\" alt=\"\" srcset=\"https:\/\/www.interflora.se\/inspiration\/wp-content\/uploads\/2025\/05\/1201156-2024-ny-4.5-240x300.jpg 240w, https:\/\/www.interflora.se\/inspiration\/wp-content\/uploads\/2025\/05\/1201156-2024-ny-4.5.jpg 745w\" sizes=\"auto, (max-width: 240px) 100vw, 240px\" \/><img decoding=\"async\" class=\"lp-badge\" src=\"https:\/\/www.interflora.se\/inspiration\/wp-content\/uploads\/2025\/03\/cropped-220422_INTERFLORA_Main_Logo_rgb_Main_Color-1.png\" alt=\"Blombud Interflora\"><\/div><span>Omtanke<\/span><p>fr\u00e5n 379 kr<\/p><span class=\"obf-link lp-cta\" role=\"link\" tabindex=\"0\" data-b64=\"aHR0cHM6Ly93d3cuaW50ZXJmbG9yYS5zZS9wLzMwOC1vbXRhbmtlLzI\/dXRtX21lZGl1bT1vcmdhbmljJnV0bV9zb3VyY2U9YmxvZ19wcm9kdWN0cyZ1dG1fY2FtcGFpZ249MTIwMTE1NQ==\" data-target=\"_blank\"><svg xmlns=\"http:\/\/www.w3.org\/2000\/svg\" width=\"16\" height=\"16\" fill=\"currentColor\" class=\"bi bi-bag\" viewBox=\"0 0 16 16\"><path d=\"M8 1a2 2 0 0 1 2 2v1h2.5A1.5 1.5 0 0 1 14 5.5v8A1.5 1.5 0 0 1 12.5 15h-9A1.5 1.5 0 0 1 2 13.5v-8A1.5 1.5 0 0 1 3.5 3H6V2a2 2 0 0 1 2-1zm1 3V3a1 1 0 0 0-2 0v1h2z\"\/><\/svg>K\u00f6p h\u00e4r<\/span><p class=\"rapido\">Leverans idag<\/p><\/div><\/div>\n\n\n\n<h2 class=\"wp-block-heading\"><strong>Floristens val: den personliga touchen<\/strong><\/h2>\n\n\n\n<p>F\u00f6r den som \u00f6nskar n\u00e5got verkligt unikt erbjuder vi buketter som <strong>skapas av floristen<\/strong>. H\u00e4r f\u00e5r en erfaren florist fria h\u00e4nder att skapa utifr\u00e5n s\u00e4songens b\u00e4sta blommor och sin egen konstn\u00e4rliga vision.<\/p>\n\n\n\n<p>F\u00f6rdelen med floristbundna buketter \u00e4r att de alltid \u00e4r f\u00e4rska och unika. Ingen bukett blir den andra lik. Du f\u00e5r dessutom tillg\u00e5ng till floristens expertkunskap om vilka blommor som kombineras b\u00e4st och h\u00e5ller l\u00e4ngst.<\/p>\n\n\n\n<p>\u00c4r du os\u00e4ker p\u00e5 vad din partner f\u00f6redrar? Floristens val tar bort pressen fr\u00e5n dig och garanterar samtidigt en proffsig och genomt\u00e4nkt komposition. Det \u00e4r ett tryggt val som s\u00e4llan missar m\u00e5let.<\/p>\n\n\n\n<h2 class=\"wp-block-heading\"><strong>Praktiska tips f\u00f6r en lyckad blomsterg\u00e5va<\/strong><\/h2>\n\n\n\n<p><strong>Best\u00e4ll i tid.<\/strong> Alla hj\u00e4rtans dag \u00e4r en av \u00e5rets mest hektiska dagar f\u00f6r blomsterbranschen. Genom att best\u00e4lla n\u00e5gra dagar i f\u00f6rv\u00e4g s\u00e4kerst\u00e4ller du att din bukett levereras n\u00e4r du vill. Skicka blommor med Interflora snabbt &amp; enkelt! Vi levererar blommor samma dag om du best\u00e4ller vardagar f\u00f6re kl. 14.00, och l\u00f6rdagar f\u00f6re kl. 12.00.<\/p>\n\n\n\n<p><strong>T\u00e4nk p\u00e5 mottagaren.<\/strong> Ska buketten levereras till hemmet eller arbetsplatsen? En stor och i\u00f6gonfallande bukett kan vara fantastisk hemma men kanske k\u00e4nnas utmanande att hantera p\u00e5 kontoret.<\/p>\n\n\n\n<p><strong>L\u00e4gg till ett personligt kort.<\/strong> Blommorna g\u00f6r intrycket, men n\u00e5gra v\u00e4lvalda ord g\u00f6r g\u00e5van komplett. Det beh\u00f6ver inte vara en roman \u2013 ibland r\u00e4cker tre ord.<\/p>\n\n\n\n<p><strong>\u00d6verv\u00e4g tillbeh\u00f6r.<\/strong> En vas, en l\u00e5da choklad eller ett doftljus kan f\u00f6rh\u00f6ja upplevelsen. Dessa sm\u00e5 till\u00e4gg visar extra omtanke.<\/p>\n\n\n\n<p>Beh\u00f6ver du inspiration f\u00f6r vad du ska skriva? L\u00e4s v\u00e5ra <a href=\"https:\/\/www.interflora.se\/inspiration\/tips-pa-romantiska-karlekstexter\/\">tips p\u00e5 romantiska k\u00e4rlekstexter<\/a> f\u00f6r att hitta r\u00e4tt ord.<\/p>\n\n\n\n<h2 class=\"wp-block-heading\"><strong>Undvik vanliga misstag<\/strong><\/h2>\n\n\n\n<p>\u00c4ven v\u00e4lmenande g\u00e5vor kan g\u00e5 snett om man inte t\u00e4nker sig f\u00f6r. H\u00e4r \u00e4r n\u00e5gra fallgropar att undvika:<\/p>\n\n\n\n<p><strong>Gissa inte.<\/strong> Om du inte vet om din partner gillar blommor alls, eller om det finns allergier att ta h\u00e4nsyn till, ta reda p\u00e5 det f\u00f6rst. En bukett till n\u00e5gon som \u00e4r allergisk blir inte den romantiska uppvaktning du hoppades p\u00e5.<\/p>\n\n\n\n<p><strong>V\u00e4lj inte uteslutande efter pris.<\/strong> Den dyraste buketten \u00e4r inte n\u00f6dv\u00e4ndigtvis den b\u00e4sta. En mindre bukett som valts med omsorg och kunskap om partnerns smak kan betyda mer \u00e4n en stor bukett slumpm\u00e4ssigt vald.<\/p>\n\n\n\n<p><strong>Undvik sista minuten-stress.<\/strong> Att springa runt p\u00e5 sj\u00e4lva Alla hj\u00e4rtans dag och leta efter blommor skapar on\u00f6dig stress och begr\u00e4nsar dina valm\u00f6jligheter. Planera i f\u00f6rv\u00e4g.<\/p>\n\n\n\n<p><strong>Gl\u00f6m inte presentationen.<\/strong> Hur blommorna \u00f6verl\u00e4mnas spelar roll. Ta dig tid att g\u00f6ra det till ett \u00f6gonblick, inte bara en snabb \u00f6verl\u00e4mning i d\u00f6rren.<\/p>\n\n\n\n<h2 class=\"wp-block-heading\"><strong>Att s\u00e4ga &#8221;jag \u00e4lskar dig&#8221; med blommor<\/strong><\/h2>\n\n\n\n<p>Blommor har i alla tider anv\u00e4nts f\u00f6r att uttrycka det som ibland \u00e4r sv\u00e5rt att s\u00e4ga h\u00f6gt. P\u00e5 Alla hj\u00e4rtans dag f\u00e5r denna tradition extra kraft. En v\u00e4lvald bukett s\u00e4ger mer \u00e4n tusen ord \u2013 den visar att du har t\u00e4nkt p\u00e5 din partner, att du f\u00f6rst\u00e5r vad som gl\u00e4der hen och att du vill g\u00f6ra dagen speciell.<\/p>\n\n\n\n<p>Vill du l\u00e4ra dig mer om <a href=\"https:\/\/www.interflora.se\/inspiration\/jag-alskar-dig\/\">hur du kan s\u00e4ga &#8221;jag \u00e4lskar dig&#8221; med blommor<\/a>? V\u00e5ra artiklar ger dig \u00e4nnu fler tips och inspiration.<\/p>\n\n\n\n<p>Oavsett om du v\u00e4ljer en klassisk r\u00f6d rosbukett, en lekfull tulpanbukett eller en sofistikerad sammans\u00e4ttning av s\u00e4songens finaste blommor \u2013 det viktigaste \u00e4r att g\u00e5van kommer fr\u00e5n hj\u00e4rtat.<\/p>\n\n\n\n<p><strong>Den perfekta buketten finns. L\u00e5t oss hj\u00e4lpa dig hitta den.<\/strong><\/p>\n\n\n<div class=\"lp-produits-grid\"><div class=\"lp-produit\"><div class=\"lp-thumbnail-wrapper\"><img loading=\"lazy\" decoding=\"async\" width=\"240\" height=\"300\" src=\"https:\/\/www.interflora.se\/inspiration\/wp-content\/uploads\/2025\/05\/1202975-2025-240x300.jpg\" class=\"attachment-medium size-medium wp-post-image\" alt=\"\" srcset=\"https:\/\/www.interflora.se\/inspiration\/wp-content\/uploads\/2025\/05\/1202975-2025-240x300.jpg 240w, https:\/\/www.interflora.se\/inspiration\/wp-content\/uploads\/2025\/05\/1202975-2025.jpg 745w\" sizes=\"auto, (max-width: 240px) 100vw, 240px\" \/><img decoding=\"async\" class=\"lp-badge\" src=\"https:\/\/www.interflora.se\/inspiration\/wp-content\/uploads\/2025\/03\/cropped-220422_INTERFLORA_Main_Logo_rgb_Main_Color-1.png\" alt=\"Blombud Interflora\"><\/div><span>F\u00e4rglycka<\/span><p>fr\u00e5n 269 kr<\/p><span class=\"obf-link lp-cta\" role=\"link\" tabindex=\"0\" data-b64=\"aHR0cHM6Ly93d3cuaW50ZXJmbG9yYS5zZS9wLzgxNjc5LWZhcmdseWNrYS8yP3V0bV9tZWRpdW09b3JnYW5pYyZ1dG1fc291cmNlPWJsb2dfcHJvZHVjdHMmdXRtX2NhbXBhaWduPTEyMDI5NzQ=\" data-target=\"_blank\"><svg xmlns=\"http:\/\/www.w3.org\/2000\/svg\" width=\"16\" height=\"16\" fill=\"currentColor\" class=\"bi bi-bag\" viewBox=\"0 0 16 16\"><path d=\"M8 1a2 2 0 0 1 2 2v1h2.5A1.5 1.5 0 0 1 14 5.5v8A1.5 1.5 0 0 1 12.5 15h-9A1.5 1.5 0 0 1 2 13.5v-8A1.5 1.5 0 0 1 3.5 3H6V2a2 2 0 0 1 2-1zm1 3V3a1 1 0 0 0-2 0v1h2z\"\/><\/svg>K\u00f6p h\u00e4r<\/span><p class=\"rapido\">Din personliga h\u00e4lsning<\/p><\/div><div class=\"lp-produit\"><div class=\"lp-thumbnail-wrapper\"><img loading=\"lazy\" decoding=\"async\" width=\"240\" height=\"300\" src=\"https:\/\/www.interflora.se\/inspiration\/wp-content\/uploads\/2025\/05\/1201156-2024-ny-4.5-240x300.jpg\" class=\"attachment-medium size-medium wp-post-image\" alt=\"\" srcset=\"https:\/\/www.interflora.se\/inspiration\/wp-content\/uploads\/2025\/05\/1201156-2024-ny-4.5-240x300.jpg 240w, https:\/\/www.interflora.se\/inspiration\/wp-content\/uploads\/2025\/05\/1201156-2024-ny-4.5.jpg 745w\" sizes=\"auto, (max-width: 240px) 100vw, 240px\" \/><img decoding=\"async\" class=\"lp-badge\" src=\"https:\/\/www.interflora.se\/inspiration\/wp-content\/uploads\/2025\/03\/cropped-220422_INTERFLORA_Main_Logo_rgb_Main_Color-1.png\" alt=\"Blombud Interflora\"><\/div><span>Omtanke<\/span><p>fr\u00e5n 379 kr<\/p><span class=\"obf-link lp-cta\" role=\"link\" tabindex=\"0\" data-b64=\"aHR0cHM6Ly93d3cuaW50ZXJmbG9yYS5zZS9wLzMwOC1vbXRhbmtlLzI\/dXRtX21lZGl1bT1vcmdhbmljJnV0bV9zb3VyY2U9YmxvZ19wcm9kdWN0cyZ1dG1fY2FtcGFpZ249MTIwMTE1NQ==\" data-target=\"_blank\"><svg xmlns=\"http:\/\/www.w3.org\/2000\/svg\" width=\"16\" height=\"16\" fill=\"currentColor\" class=\"bi bi-bag\" viewBox=\"0 0 16 16\"><path d=\"M8 1a2 2 0 0 1 2 2v1h2.5A1.5 1.5 0 0 1 14 5.5v8A1.5 1.5 0 0 1 12.5 15h-9A1.5 1.5 0 0 1 2 13.5v-8A1.5 1.5 0 0 1 3.5 3H6V2a2 2 0 0 1 2-1zm1 3V3a1 1 0 0 0-2 0v1h2z\"\/><\/svg>K\u00f6p h\u00e4r<\/span><p class=\"rapido\">Leverans i hela Sverige<\/p><\/div><div class=\"lp-produit\"><div class=\"lp-thumbnail-wrapper\"><img loading=\"lazy\" decoding=\"async\" width=\"240\" height=\"300\" src=\"https:\/\/www.interflora.se\/inspiration\/wp-content\/uploads\/2025\/05\/1201665-4.5-240x300.jpg\" class=\"attachment-medium size-medium wp-post-image\" alt=\"\" srcset=\"https:\/\/www.interflora.se\/inspiration\/wp-content\/uploads\/2025\/05\/1201665-4.5-240x300.jpg 240w, https:\/\/www.interflora.se\/inspiration\/wp-content\/uploads\/2025\/05\/1201665-4.5.jpg 745w\" sizes=\"auto, (max-width: 240px) 100vw, 240px\" \/><img decoding=\"async\" class=\"lp-badge\" src=\"https:\/\/www.interflora.se\/inspiration\/wp-content\/uploads\/2025\/03\/cropped-220422_INTERFLORA_Main_Logo_rgb_Main_Color-1.png\" alt=\"Blombud Interflora\"><\/div><span>Rosdr\u00f6m<\/span><p>fr\u00e5n 549 kr<\/p><span class=\"obf-link lp-cta\" role=\"link\" tabindex=\"0\" data-b64=\"aHR0cHM6Ly93d3cuaW50ZXJmbG9yYS5zZS9wLzYzNi1yb3Nkcm9tLzI\/dXRtX21lZGl1bT1vcmdhbmljJnV0bV9zb3VyY2U9YmxvZ19wcm9kdWN0cyZ1dG1fY2FtcGFpZ249MTIwMTU0MA==\" data-target=\"_blank\"><svg xmlns=\"http:\/\/www.w3.org\/2000\/svg\" width=\"16\" height=\"16\" fill=\"currentColor\" class=\"bi bi-bag\" viewBox=\"0 0 16 16\"><path d=\"M8 1a2 2 0 0 1 2 2v1h2.5A1.5 1.5 0 0 1 14 5.5v8A1.5 1.5 0 0 1 12.5 15h-9A1.5 1.5 0 0 1 2 13.5v-8A1.5 1.5 0 0 1 3.5 3H6V2a2 2 0 0 1 2-1zm1 3V3a1 1 0 0 0-2 0v1h2z\"\/><\/svg>K\u00f6p h\u00e4r<\/span><p class=\"rapido\">F\u00e4rska blommor<\/p><\/div><\/div>\n","protected":false},"excerpt":{"rendered":"<p>I korthet Att v\u00e4lja blommor till Alla hj\u00e4rtans dag handlar om mer \u00e4n att bara v\u00e4lja en vacker bukett. Rosornas [&hellip;]<\/p>\n","protected":false},"author":1,"featured_media":5223,"comment_status":"open","ping_status":"open","sticky":false,"template":"","format":"standard","meta":{"_uag_custom_page_level_css":"","site-sidebar-layout":"default","site-content-layout":"","ast-site-content-layout":"default","site-content-style":"default","site-sidebar-style":"default","ast-global-header-display":"","ast-banner-title-visibility":"","ast-main-header-display":"","ast-hfb-above-header-display":"","ast-hfb-below-header-display":"","ast-hfb-mobile-header-display":"","site-post-title":"","ast-breadcrumbs-content":"","ast-featured-img":"","footer-sml-layout":"","ast-disable-related-posts":"","theme-transparent-header-meta":"","adv-header-id-meta":"","stick-header-meta":"","header-above-stick-meta":"","header-main-stick-meta":"","header-below-stick-meta":"","astra-migrate-meta-layouts":"default","ast-page-background-enabled":"default","ast-page-background-meta":{"desktop":{"background-color":"var(--ast-global-color-5)","background-image":"","background-repeat":"repeat","background-position":"center center","background-size":"auto","background-attachment":"scroll","background-type":"","background-media":"","overlay-type":"","overlay-color":"","overlay-opacity":"","overlay-gradient":""},"tablet":{"background-color":"","background-image":"","background-repeat":"repeat","background-position":"center center","background-size":"auto","background-attachment":"scroll","background-type":"","background-media":"","overlay-type":"","overlay-color":"","overlay-opacity":"","overlay-gradient":""},"mobile":{"background-color":"","background-image":"","background-repeat":"repeat","background-position":"center center","background-size":"auto","background-attachment":"scroll","background-type":"","background-media":"","overlay-type":"","overlay-color":"","overlay-opacity":"","overlay-gradient":""}},"ast-content-background-meta":{"desktop":{"background-color":"var(--ast-global-color-4)","background-image":"","background-repeat":"repeat","background-position":"center center","background-size":"auto","background-attachment":"scroll","background-type":"","background-media":"","overlay-type":"","overlay-color":"","overlay-opacity":"","overlay-gradient":""},"tablet":{"background-color":"var(--ast-global-color-4)","background-image":"","background-repeat":"repeat","background-position":"center center","background-size":"auto","background-attachment":"scroll","background-type":"","background-media":"","overlay-type":"","overlay-color":"","overlay-opacity":"","overlay-gradient":""},"mobile":{"background-color":"var(--ast-global-color-4)","background-image":"","background-repeat":"repeat","background-position":"center center","background-size":"auto","background-attachment":"scroll","background-type":"","background-media":"","overlay-type":"","overlay-color":"","overlay-opacity":"","overlay-gradient":""}},"footnotes":""},"categories":[30,6,4],"tags":[],"class_list":["post-5430","post","type-post","status-publish","format-standard","has-post-thumbnail","hentry","category-alla-hjartans-dag","category-hogtid-ceremoni","category-tips"],"yoast_head":"<!-- This site is optimized with the Yoast SEO plugin v27.4 - https:\/\/yoast.com\/product\/yoast-seo-wordpress\/ -->\n<title>Alla hj\u00e4rtans dag-blommor: Guide f\u00f6r att v\u00e4lja r\u00e4tt bukett | Interflora<\/title>\n<meta name=\"description\" content=\"Komplett guide f\u00f6r att v\u00e4lja r\u00e4tt blommor till Alla hj\u00e4rtans dag. L\u00e4r dig om symbolik, f\u00e4rgval och hur du skapar en personlig bukett som verkligen ber\u00f6r.\" \/>\n<meta name=\"robots\" content=\"index, follow, max-snippet:-1, max-image-preview:large, max-video-preview:-1\" \/>\n<link rel=\"canonical\" href=\"https:\/\/www.interflora.se\/inspiration\/valentinsblommor-guide-for-att-valja-ratt-bukett\/\" \/>\n<meta property=\"og:locale\" content=\"sv_SE\" \/>\n<meta property=\"og:type\" content=\"article\" \/>\n<meta property=\"og:title\" content=\"Alla hj\u00e4rtans dag-blommor: Guide f\u00f6r att v\u00e4lja r\u00e4tt bukett | Interflora\" \/>\n<meta property=\"og:description\" content=\"Komplett guide f\u00f6r att v\u00e4lja r\u00e4tt blommor till Alla hj\u00e4rtans dag. L\u00e4r dig om symbolik, f\u00e4rgval och hur du skapar en personlig bukett som verkligen ber\u00f6r.\" \/>\n<meta property=\"og:url\" content=\"https:\/\/www.interflora.se\/inspiration\/valentinsblommor-guide-for-att-valja-ratt-bukett\/\" \/>\n<meta property=\"og:site_name\" content=\"Inspiration om blommor, krukv\u00e4xter &amp; trender | Interflora\" \/>\n<meta property=\"article:publisher\" content=\"https:\/\/www.facebook.com\/InterfloraAB\" \/>\n<meta property=\"article:published_time\" content=\"2026-01-16T15:06:57+00:00\" \/>\n<meta property=\"article:modified_time\" content=\"2026-01-23T13:04:00+00:00\" \/>\n<meta property=\"og:image\" content=\"https:\/\/www.interflora.se\/inspiration\/wp-content\/uploads\/2026\/01\/annesophiebenoit-interflora-saint-valentin-22_SWE-Karlekshalsning-scaled.avif\" \/>\n\t<meta property=\"og:image:width\" content=\"1707\" \/>\n\t<meta property=\"og:image:height\" content=\"2560\" \/>\n\t<meta property=\"og:image:type\" content=\"image\/jpeg\" \/>\n<meta name=\"author\" content=\"admin\" \/>\n<meta name=\"twitter:card\" content=\"summary_large_image\" \/>\n<meta name=\"twitter:label1\" content=\"Skriven av\" \/>\n\t<meta name=\"twitter:data1\" content=\"admin\" \/>\n\t<meta name=\"twitter:label2\" content=\"Ber\u00e4knad l\u00e4stid\" \/>\n\t<meta name=\"twitter:data2\" content=\"9 minuter\" \/>\n<script type=\"application\/ld+json\" class=\"yoast-schema-graph\">{\"@context\":\"https:\\\/\\\/schema.org\",\"@graph\":[{\"@type\":\"Article\",\"@id\":\"https:\\\/\\\/www.interflora.se\\\/inspiration\\\/valentinsblommor-guide-for-att-valja-ratt-bukett\\\/#article\",\"isPartOf\":{\"@id\":\"https:\\\/\\\/www.interflora.se\\\/inspiration\\\/valentinsblommor-guide-for-att-valja-ratt-bukett\\\/\"},\"author\":{\"name\":\"admin\",\"@id\":\"https:\\\/\\\/www.interflora.se\\\/inspiration\\\/#\\\/schema\\\/person\\\/dbbd1ad45e05409c356dc639597669f2\"},\"headline\":\"Alla hj\u00e4rtans dag-blommor: Guide f\u00f6r att v\u00e4lja r\u00e4tt bukett\",\"datePublished\":\"2026-01-16T15:06:57+00:00\",\"dateModified\":\"2026-01-23T13:04:00+00:00\",\"mainEntityOfPage\":{\"@id\":\"https:\\\/\\\/www.interflora.se\\\/inspiration\\\/valentinsblommor-guide-for-att-valja-ratt-bukett\\\/\"},\"wordCount\":1627,\"commentCount\":0,\"publisher\":{\"@id\":\"https:\\\/\\\/www.interflora.se\\\/inspiration\\\/#organization\"},\"image\":{\"@id\":\"https:\\\/\\\/www.interflora.se\\\/inspiration\\\/valentinsblommor-guide-for-att-valja-ratt-bukett\\\/#primaryimage\"},\"thumbnailUrl\":\"https:\\\/\\\/www.interflora.se\\\/inspiration\\\/wp-content\\\/uploads\\\/2026\\\/01\\\/annesophiebenoit-interflora-saint-valentin-22_SWE-Karlekshalsning-scaled.avif\",\"articleSection\":[\"Alla hj\u00e4rtans dag\",\"H\u00f6gtid &amp; ceremoni\",\"Tips\"],\"inLanguage\":\"sv-SE\",\"potentialAction\":[{\"@type\":\"CommentAction\",\"name\":\"Comment\",\"target\":[\"https:\\\/\\\/www.interflora.se\\\/inspiration\\\/valentinsblommor-guide-for-att-valja-ratt-bukett\\\/#respond\"]}]},{\"@type\":\"WebPage\",\"@id\":\"https:\\\/\\\/www.interflora.se\\\/inspiration\\\/valentinsblommor-guide-for-att-valja-ratt-bukett\\\/\",\"url\":\"https:\\\/\\\/www.interflora.se\\\/inspiration\\\/valentinsblommor-guide-for-att-valja-ratt-bukett\\\/\",\"name\":\"Alla hj\u00e4rtans dag-blommor: Guide f\u00f6r att v\u00e4lja r\u00e4tt bukett | Interflora\",\"isPartOf\":{\"@id\":\"https:\\\/\\\/www.interflora.se\\\/inspiration\\\/#website\"},\"primaryImageOfPage\":{\"@id\":\"https:\\\/\\\/www.interflora.se\\\/inspiration\\\/valentinsblommor-guide-for-att-valja-ratt-bukett\\\/#primaryimage\"},\"image\":{\"@id\":\"https:\\\/\\\/www.interflora.se\\\/inspiration\\\/valentinsblommor-guide-for-att-valja-ratt-bukett\\\/#primaryimage\"},\"thumbnailUrl\":\"https:\\\/\\\/www.interflora.se\\\/inspiration\\\/wp-content\\\/uploads\\\/2026\\\/01\\\/annesophiebenoit-interflora-saint-valentin-22_SWE-Karlekshalsning-scaled.avif\",\"datePublished\":\"2026-01-16T15:06:57+00:00\",\"dateModified\":\"2026-01-23T13:04:00+00:00\",\"description\":\"Komplett guide f\u00f6r att v\u00e4lja r\u00e4tt blommor till Alla hj\u00e4rtans dag. L\u00e4r dig om symbolik, f\u00e4rgval och hur du skapar en personlig bukett som verkligen ber\u00f6r.\",\"breadcrumb\":{\"@id\":\"https:\\\/\\\/www.interflora.se\\\/inspiration\\\/valentinsblommor-guide-for-att-valja-ratt-bukett\\\/#breadcrumb\"},\"inLanguage\":\"sv-SE\",\"potentialAction\":[{\"@type\":\"ReadAction\",\"target\":[\"https:\\\/\\\/www.interflora.se\\\/inspiration\\\/valentinsblommor-guide-for-att-valja-ratt-bukett\\\/\"]}]},{\"@type\":\"ImageObject\",\"inLanguage\":\"sv-SE\",\"@id\":\"https:\\\/\\\/www.interflora.se\\\/inspiration\\\/valentinsblommor-guide-for-att-valja-ratt-bukett\\\/#primaryimage\",\"url\":\"https:\\\/\\\/www.interflora.se\\\/inspiration\\\/wp-content\\\/uploads\\\/2026\\\/01\\\/annesophiebenoit-interflora-saint-valentin-22_SWE-Karlekshalsning-scaled.avif\",\"contentUrl\":\"https:\\\/\\\/www.interflora.se\\\/inspiration\\\/wp-content\\\/uploads\\\/2026\\\/01\\\/annesophiebenoit-interflora-saint-valentin-22_SWE-Karlekshalsning-scaled.avif\",\"width\":1707,\"height\":2560},{\"@type\":\"BreadcrumbList\",\"@id\":\"https:\\\/\\\/www.interflora.se\\\/inspiration\\\/valentinsblommor-guide-for-att-valja-ratt-bukett\\\/#breadcrumb\",\"itemListElement\":[{\"@type\":\"ListItem\",\"position\":1,\"name\":\"Home\",\"item\":\"https:\\\/\\\/www.interflora.se\\\/inspiration\\\/\"},{\"@type\":\"ListItem\",\"position\":2,\"name\":\"Alla hj\u00e4rtans dag-blommor: Guide f\u00f6r att v\u00e4lja r\u00e4tt bukett\"}]},{\"@type\":\"WebSite\",\"@id\":\"https:\\\/\\\/www.interflora.se\\\/inspiration\\\/#website\",\"url\":\"https:\\\/\\\/www.interflora.se\\\/inspiration\\\/\",\"name\":\"Interflora\",\"description\":\"\",\"publisher\":{\"@id\":\"https:\\\/\\\/www.interflora.se\\\/inspiration\\\/#organization\"},\"potentialAction\":[{\"@type\":\"SearchAction\",\"target\":{\"@type\":\"EntryPoint\",\"urlTemplate\":\"https:\\\/\\\/www.interflora.se\\\/inspiration\\\/?s={search_term_string}\"},\"query-input\":{\"@type\":\"PropertyValueSpecification\",\"valueRequired\":true,\"valueName\":\"search_term_string\"}}],\"inLanguage\":\"sv-SE\"},{\"@type\":\"Organization\",\"@id\":\"https:\\\/\\\/www.interflora.se\\\/inspiration\\\/#organization\",\"name\":\"Interflora\",\"url\":\"https:\\\/\\\/www.interflora.se\\\/inspiration\\\/\",\"logo\":{\"@type\":\"ImageObject\",\"inLanguage\":\"sv-SE\",\"@id\":\"https:\\\/\\\/www.interflora.se\\\/inspiration\\\/#\\\/schema\\\/logo\\\/image\\\/\",\"url\":\"https:\\\/\\\/www.interflora.se\\\/inspiration\\\/wp-content\\\/uploads\\\/2025\\\/09\\\/cropped-220422_INTERFLORA_Logo_rgb_Half_Top_Circle_Main_Color.avif\",\"contentUrl\":\"https:\\\/\\\/www.interflora.se\\\/inspiration\\\/wp-content\\\/uploads\\\/2025\\\/09\\\/cropped-220422_INTERFLORA_Logo_rgb_Half_Top_Circle_Main_Color.avif\",\"width\":1418,\"height\":662,\"caption\":\"Interflora\"},\"image\":{\"@id\":\"https:\\\/\\\/www.interflora.se\\\/inspiration\\\/#\\\/schema\\\/logo\\\/image\\\/\"},\"sameAs\":[\"https:\\\/\\\/www.facebook.com\\\/InterfloraAB\",\"https:\\\/\\\/www.instagram.com\\\/interflora_ab\\\/\",\"https:\\\/\\\/www.linkedin.com\\\/company\\\/1494362\",\"https:\\\/\\\/www.youtube.com\\\/channel\\\/UCZgDzGWB2VRxaoWFUmXnk1w\"]},{\"@type\":\"Person\",\"@id\":\"https:\\\/\\\/www.interflora.se\\\/inspiration\\\/#\\\/schema\\\/person\\\/dbbd1ad45e05409c356dc639597669f2\",\"name\":\"admin\",\"image\":{\"@type\":\"ImageObject\",\"inLanguage\":\"sv-SE\",\"@id\":\"https:\\\/\\\/www.interflora.se\\\/inspiration\\\/wp-content\\\/litespeed\\\/avatar\\\/1fe3cced9e67df62d0a6f995d75823a5.jpg?ver=1777362393\",\"url\":\"https:\\\/\\\/www.interflora.se\\\/inspiration\\\/wp-content\\\/litespeed\\\/avatar\\\/1fe3cced9e67df62d0a6f995d75823a5.jpg?ver=1777362393\",\"contentUrl\":\"https:\\\/\\\/www.interflora.se\\\/inspiration\\\/wp-content\\\/litespeed\\\/avatar\\\/1fe3cced9e67df62d0a6f995d75823a5.jpg?ver=1777362393\",\"caption\":\"admin\"},\"sameAs\":[\"https:\\\/\\\/www.interflora.se\\\/inspiration\"],\"url\":\"https:\\\/\\\/www.interflora.se\\\/inspiration\\\/author\\\/admin\\\/\"}]}<\/script>\n<!-- \/ Yoast SEO plugin. -->","yoast_head_json":{"title":"Alla hj\u00e4rtans dag-blommor: Guide f\u00f6r att v\u00e4lja r\u00e4tt bukett | Interflora","description":"Komplett guide f\u00f6r att v\u00e4lja r\u00e4tt blommor till Alla hj\u00e4rtans dag. L\u00e4r dig om symbolik, f\u00e4rgval och hur du skapar en personlig bukett som verkligen ber\u00f6r.","robots":{"index":"index","follow":"follow","max-snippet":"max-snippet:-1","max-image-preview":"max-image-preview:large","max-video-preview":"max-video-preview:-1"},"canonical":"https:\/\/www.interflora.se\/inspiration\/valentinsblommor-guide-for-att-valja-ratt-bukett\/","og_locale":"sv_SE","og_type":"article","og_title":"Alla hj\u00e4rtans dag-blommor: Guide f\u00f6r att v\u00e4lja r\u00e4tt bukett | Interflora","og_description":"Komplett guide f\u00f6r att v\u00e4lja r\u00e4tt blommor till Alla hj\u00e4rtans dag. L\u00e4r dig om symbolik, f\u00e4rgval och hur du skapar en personlig bukett som verkligen ber\u00f6r.","og_url":"https:\/\/www.interflora.se\/inspiration\/valentinsblommor-guide-for-att-valja-ratt-bukett\/","og_site_name":"Inspiration om blommor, krukv\u00e4xter &amp; trender | Interflora","article_publisher":"https:\/\/www.facebook.com\/InterfloraAB","article_published_time":"2026-01-16T15:06:57+00:00","article_modified_time":"2026-01-23T13:04:00+00:00","og_image":[{"width":1707,"height":2560,"url":"https:\/\/www.interflora.se\/inspiration\/wp-content\/uploads\/2026\/01\/annesophiebenoit-interflora-saint-valentin-22_SWE-Karlekshalsning-scaled.avif","type":"image\/jpeg"}],"author":"admin","twitter_card":"summary_large_image","twitter_misc":{"Skriven av":"admin","Ber\u00e4knad l\u00e4stid":"9 minuter"},"schema":{"@context":"https:\/\/schema.org","@graph":[{"@type":"Article","@id":"https:\/\/www.interflora.se\/inspiration\/valentinsblommor-guide-for-att-valja-ratt-bukett\/#article","isPartOf":{"@id":"https:\/\/www.interflora.se\/inspiration\/valentinsblommor-guide-for-att-valja-ratt-bukett\/"},"author":{"name":"admin","@id":"https:\/\/www.interflora.se\/inspiration\/#\/schema\/person\/dbbd1ad45e05409c356dc639597669f2"},"headline":"Alla hj\u00e4rtans dag-blommor: Guide f\u00f6r att v\u00e4lja r\u00e4tt bukett","datePublished":"2026-01-16T15:06:57+00:00","dateModified":"2026-01-23T13:04:00+00:00","mainEntityOfPage":{"@id":"https:\/\/www.interflora.se\/inspiration\/valentinsblommor-guide-for-att-valja-ratt-bukett\/"},"wordCount":1627,"commentCount":0,"publisher":{"@id":"https:\/\/www.interflora.se\/inspiration\/#organization"},"image":{"@id":"https:\/\/www.interflora.se\/inspiration\/valentinsblommor-guide-for-att-valja-ratt-bukett\/#primaryimage"},"thumbnailUrl":"https:\/\/www.interflora.se\/inspiration\/wp-content\/uploads\/2026\/01\/annesophiebenoit-interflora-saint-valentin-22_SWE-Karlekshalsning-scaled.avif","articleSection":["Alla hj\u00e4rtans dag","H\u00f6gtid &amp; ceremoni","Tips"],"inLanguage":"sv-SE","potentialAction":[{"@type":"CommentAction","name":"Comment","target":["https:\/\/www.interflora.se\/inspiration\/valentinsblommor-guide-for-att-valja-ratt-bukett\/#respond"]}]},{"@type":"WebPage","@id":"https:\/\/www.interflora.se\/inspiration\/valentinsblommor-guide-for-att-valja-ratt-bukett\/","url":"https:\/\/www.interflora.se\/inspiration\/valentinsblommor-guide-for-att-valja-ratt-bukett\/","name":"Alla hj\u00e4rtans dag-blommor: Guide f\u00f6r att v\u00e4lja r\u00e4tt bukett | Interflora","isPartOf":{"@id":"https:\/\/www.interflora.se\/inspiration\/#website"},"primaryImageOfPage":{"@id":"https:\/\/www.interflora.se\/inspiration\/valentinsblommor-guide-for-att-valja-ratt-bukett\/#primaryimage"},"image":{"@id":"https:\/\/www.interflora.se\/inspiration\/valentinsblommor-guide-for-att-valja-ratt-bukett\/#primaryimage"},"thumbnailUrl":"https:\/\/www.interflora.se\/inspiration\/wp-content\/uploads\/2026\/01\/annesophiebenoit-interflora-saint-valentin-22_SWE-Karlekshalsning-scaled.avif","datePublished":"2026-01-16T15:06:57+00:00","dateModified":"2026-01-23T13:04:00+00:00","description":"Komplett guide f\u00f6r att v\u00e4lja r\u00e4tt blommor till Alla hj\u00e4rtans dag. L\u00e4r dig om symbolik, f\u00e4rgval och hur du skapar en personlig bukett som verkligen ber\u00f6r.","breadcrumb":{"@id":"https:\/\/www.interflora.se\/inspiration\/valentinsblommor-guide-for-att-valja-ratt-bukett\/#breadcrumb"},"inLanguage":"sv-SE","potentialAction":[{"@type":"ReadAction","target":["https:\/\/www.interflora.se\/inspiration\/valentinsblommor-guide-for-att-valja-ratt-bukett\/"]}]},{"@type":"ImageObject","inLanguage":"sv-SE","@id":"https:\/\/www.interflora.se\/inspiration\/valentinsblommor-guide-for-att-valja-ratt-bukett\/#primaryimage","url":"https:\/\/www.interflora.se\/inspiration\/wp-content\/uploads\/2026\/01\/annesophiebenoit-interflora-saint-valentin-22_SWE-Karlekshalsning-scaled.avif","contentUrl":"https:\/\/www.interflora.se\/inspiration\/wp-content\/uploads\/2026\/01\/annesophiebenoit-interflora-saint-valentin-22_SWE-Karlekshalsning-scaled.avif","width":1707,"height":2560},{"@type":"BreadcrumbList","@id":"https:\/\/www.interflora.se\/inspiration\/valentinsblommor-guide-for-att-valja-ratt-bukett\/#breadcrumb","itemListElement":[{"@type":"ListItem","position":1,"name":"Home","item":"https:\/\/www.interflora.se\/inspiration\/"},{"@type":"ListItem","position":2,"name":"Alla hj\u00e4rtans dag-blommor: Guide f\u00f6r att v\u00e4lja r\u00e4tt bukett"}]},{"@type":"WebSite","@id":"https:\/\/www.interflora.se\/inspiration\/#website","url":"https:\/\/www.interflora.se\/inspiration\/","name":"Interflora","description":"","publisher":{"@id":"https:\/\/www.interflora.se\/inspiration\/#organization"},"potentialAction":[{"@type":"SearchAction","target":{"@type":"EntryPoint","urlTemplate":"https:\/\/www.interflora.se\/inspiration\/?s={search_term_string}"},"query-input":{"@type":"PropertyValueSpecification","valueRequired":true,"valueName":"search_term_string"}}],"inLanguage":"sv-SE"},{"@type":"Organization","@id":"https:\/\/www.interflora.se\/inspiration\/#organization","name":"Interflora","url":"https:\/\/www.interflora.se\/inspiration\/","logo":{"@type":"ImageObject","inLanguage":"sv-SE","@id":"https:\/\/www.interflora.se\/inspiration\/#\/schema\/logo\/image\/","url":"https:\/\/www.interflora.se\/inspiration\/wp-content\/uploads\/2025\/09\/cropped-220422_INTERFLORA_Logo_rgb_Half_Top_Circle_Main_Color.avif","contentUrl":"https:\/\/www.interflora.se\/inspiration\/wp-content\/uploads\/2025\/09\/cropped-220422_INTERFLORA_Logo_rgb_Half_Top_Circle_Main_Color.avif","width":1418,"height":662,"caption":"Interflora"},"image":{"@id":"https:\/\/www.interflora.se\/inspiration\/#\/schema\/logo\/image\/"},"sameAs":["https:\/\/www.facebook.com\/InterfloraAB","https:\/\/www.instagram.com\/interflora_ab\/","https:\/\/www.linkedin.com\/company\/1494362","https:\/\/www.youtube.com\/channel\/UCZgDzGWB2VRxaoWFUmXnk1w"]},{"@type":"Person","@id":"https:\/\/www.interflora.se\/inspiration\/#\/schema\/person\/dbbd1ad45e05409c356dc639597669f2","name":"admin","image":{"@type":"ImageObject","inLanguage":"sv-SE","@id":"https:\/\/www.interflora.se\/inspiration\/wp-content\/litespeed\/avatar\/1fe3cced9e67df62d0a6f995d75823a5.jpg?ver=1777362393","url":"https:\/\/www.interflora.se\/inspiration\/wp-content\/litespeed\/avatar\/1fe3cced9e67df62d0a6f995d75823a5.jpg?ver=1777362393","contentUrl":"https:\/\/www.interflora.se\/inspiration\/wp-content\/litespeed\/avatar\/1fe3cced9e67df62d0a6f995d75823a5.jpg?ver=1777362393","caption":"admin"},"sameAs":["https:\/\/www.interflora.se\/inspiration"],"url":"https:\/\/www.interflora.se\/inspiration\/author\/admin\/"}]}},"uagb_featured_image_src":{"full":["https:\/\/www.interflora.se\/inspiration\/wp-content\/uploads\/2026\/01\/annesophiebenoit-interflora-saint-valentin-22_SWE-Karlekshalsning-scaled.avif",1707,2560,false],"thumbnail":["https:\/\/www.interflora.se\/inspiration\/wp-content\/uploads\/2026\/01\/annesophiebenoit-interflora-saint-valentin-22_SWE-Karlekshalsning-150x150.avif",150,150,true],"medium":["https:\/\/www.interflora.se\/inspiration\/wp-content\/uploads\/2026\/01\/annesophiebenoit-interflora-saint-valentin-22_SWE-Karlekshalsning-200x300.avif",200,300,true],"medium_large":["https:\/\/www.interflora.se\/inspiration\/wp-content\/uploads\/2026\/01\/annesophiebenoit-interflora-saint-valentin-22_SWE-Karlekshalsning-768x1152.avif",768,1152,true],"large":["https:\/\/www.interflora.se\/inspiration\/wp-content\/uploads\/2026\/01\/annesophiebenoit-interflora-saint-valentin-22_SWE-Karlekshalsning-683x1024.avif",683,1024,true],"1536x1536":["https:\/\/www.interflora.se\/inspiration\/wp-content\/uploads\/2026\/01\/annesophiebenoit-interflora-saint-valentin-22_SWE-Karlekshalsning-1024x1536.avif",1024,1536,true],"2048x2048":["https:\/\/www.interflora.se\/inspiration\/wp-content\/uploads\/2026\/01\/annesophiebenoit-interflora-saint-valentin-22_SWE-Karlekshalsning-1365x2048.avif",1365,2048,true]},"uagb_author_info":{"display_name":"admin","author_link":"https:\/\/www.interflora.se\/inspiration\/author\/admin\/"},"uagb_comment_info":0,"uagb_excerpt":"I korthet Att v\u00e4lja blommor till Alla hj\u00e4rtans dag handlar om mer \u00e4n att bara v\u00e4lja en vacker bukett. Rosornas [&hellip;]","_links":{"self":[{"href":"https:\/\/www.interflora.se\/inspiration\/wp-json\/wp\/v2\/posts\/5430","targetHints":{"allow":["GET"]}}],"collection":[{"href":"https:\/\/www.interflora.se\/inspiration\/wp-json\/wp\/v2\/posts"}],"about":[{"href":"https:\/\/www.interflora.se\/inspiration\/wp-json\/wp\/v2\/types\/post"}],"author":[{"embeddable":true,"href":"https:\/\/www.interflora.se\/inspiration\/wp-json\/wp\/v2\/users\/1"}],"replies":[{"embeddable":true,"href":"https:\/\/www.interflora.se\/inspiration\/wp-json\/wp\/v2\/comments?post=5430"}],"version-history":[{"count":5,"href":"https:\/\/www.interflora.se\/inspiration\/wp-json\/wp\/v2\/posts\/5430\/revisions"}],"predecessor-version":[{"id":5481,"href":"https:\/\/www.interflora.se\/inspiration\/wp-json\/wp\/v2\/posts\/5430\/revisions\/5481"}],"wp:featuredmedia":[{"embeddable":true,"href":"https:\/\/www.interflora.se\/inspiration\/wp-json\/wp\/v2\/media\/5223"}],"wp:attachment":[{"href":"https:\/\/www.interflora.se\/inspiration\/wp-json\/wp\/v2\/media?parent=5430"}],"wp:term":[{"taxonomy":"category","embeddable":true,"href":"https:\/\/www.interflora.se\/inspiration\/wp-json\/wp\/v2\/categories?post=5430"},{"taxonomy":"post_tag","embeddable":true,"href":"https:\/\/www.interflora.se\/inspiration\/wp-json\/wp\/v2\/tags?post=5430"}],"curies":[{"name":"wp","href":"https:\/\/api.w.org\/{rel}","templated":true}]}}