{"id":52,"date":"2025-11-11T14:35:03","date_gmt":"2025-11-11T13:35:03","guid":{"rendered":"http:\/\/preprodblog.interflora.se\/blog\/?p=52"},"modified":"2025-12-04T17:23:51","modified_gmt":"2025-12-04T16:23:51","slug":"4-tips-till-juldukningen","status":"publish","type":"post","link":"https:\/\/www.interflora.se\/inspiration\/4-tips-till-juldukningen\/","title":{"rendered":"4 tips f\u00f6r en underbar juldukning"},"content":{"rendered":"\n<p class=\"has-text-align-center\">Imponera p\u00e5 dina g\u00e4ster i jul! S\u00e4tt guldkant p\u00e5 dukningen med julens vackraste blomsterarrangemang. \u00c4ven sm\u00e5 detaljer skapar festlig k\u00e4nsla. Utg\u00e5 fr\u00e5n devisen ju mer desto b\u00e4ttre f\u00f6r maximal wow-k\u00e4nsla. H\u00e4r f\u00e5r du fyra tips!<\/p>\n\n\n\n<h2 class=\"wp-block-heading has-text-align-center\">1. St\u00f6rre blomsterarrangemang<\/h2>\n\n\n\n<p class=\"has-text-align-center\">En fyllig julbukett med st\u00e5tliga amaryllis blir en riktig blickmagnet. Kombinera g\u00e4rna med sm\u00e5vaser fyllda med kortsnittade blommor och juldekorationer i matchande f\u00e4rger. V\u00e5ga mixa olika former, material och strukturer f\u00f6r en levande k\u00e4nsla. Blommor som nerine och anemon passar perfekt till julens middagar. I st\u00e4mningsfulla <a href=\"https:\/\/www.interflora.se\/c\/julblommor\/julgrupper\">julgrupper<\/a> kan du s\u00e4tta till exempel <a href=\"https:\/\/www.interflora.se\/c\/buketter\/amaryllis\">amaryllis<\/a>, mossa och ett matchande blockljus.<\/p>\n\n\n\n<figure class=\"wp-block-image aligncenter size-large\"><img loading=\"lazy\" decoding=\"async\" width=\"1024\" height=\"683\" src=\"https:\/\/www.interflora.se\/inspiration\/wp-content\/uploads\/2025\/11\/annesophiebenoit-interflora-sw-35-1024x683.avif\" alt=\"Juldukningens blickf\u00e5ng.\" class=\"wp-image-4833\" srcset=\"https:\/\/www.interflora.se\/inspiration\/wp-content\/uploads\/2025\/11\/annesophiebenoit-interflora-sw-35-1024x683.avif 1024w, https:\/\/www.interflora.se\/inspiration\/wp-content\/uploads\/2025\/11\/annesophiebenoit-interflora-sw-35-300x200.avif 300w, https:\/\/www.interflora.se\/inspiration\/wp-content\/uploads\/2025\/11\/annesophiebenoit-interflora-sw-35-768x512.avif 768w, https:\/\/www.interflora.se\/inspiration\/wp-content\/uploads\/2025\/11\/annesophiebenoit-interflora-sw-35-1536x1024.avif 1536w, https:\/\/www.interflora.se\/inspiration\/wp-content\/uploads\/2025\/11\/annesophiebenoit-interflora-sw-35-2048x1365.avif 2048w\" sizes=\"auto, (max-width: 1024px) 100vw, 1024px\" \/><\/figure>\n\n\n\n<div class=\"wp-block-buttons is-content-justification-center is-layout-flex wp-container-core-buttons-is-layout-a89b3969 wp-block-buttons-is-layout-flex\" style=\"text-transform:uppercase\">\n<div class=\"wp-block-button\"><a class=\"wp-block-button__link has-background has-medium-font-size has-custom-font-size wp-element-button\" href=\"https:\/\/www.interflora.se\/c\/julblommor?utm_source=blog&amp;utm_campaign=post-cta\" style=\"background-color:#b80832;text-transform:none\">Skicka st\u00e5tlig julbukett<\/a><\/div>\n<\/div>\n\n\n\n<h2 class=\"wp-block-heading has-text-align-center\">2.&nbsp;<strong>L\u00e5t blommorna st\u00e5 f\u00f6r detaljerna<\/strong><\/h2>\n\n\n\n<p class=\"has-text-align-center\">En harmonisk dukning f\u00e5r du genom att h\u00e5lla basen enkel. V\u00e4lj en linneduk och servetter i dova eller naturliga toner, och l\u00e5t blommorna bli pricken \u00f6ver i. Placera sm\u00e5 kvistar och blommor direkt p\u00e5 servetterna \u2013 exempelvis mjuktall, julros, lingonris eller orkid\u00e9. <strong>Sm\u00e5 detaljer g\u00f6r stor skillnad<\/strong>.<\/p>\n\n\n\n<figure class=\"wp-block-image aligncenter size-large\"><img loading=\"lazy\" decoding=\"async\" width=\"1024\" height=\"683\" src=\"https:\/\/www.interflora.se\/inspiration\/wp-content\/uploads\/2025\/11\/annesophiebenoit-interflora-sw-43-1024x683.avif\" alt=\"\" class=\"wp-image-4820\" srcset=\"https:\/\/www.interflora.se\/inspiration\/wp-content\/uploads\/2025\/11\/annesophiebenoit-interflora-sw-43-1024x683.avif 1024w, https:\/\/www.interflora.se\/inspiration\/wp-content\/uploads\/2025\/11\/annesophiebenoit-interflora-sw-43-300x200.avif 300w, https:\/\/www.interflora.se\/inspiration\/wp-content\/uploads\/2025\/11\/annesophiebenoit-interflora-sw-43-768x512.avif 768w, https:\/\/www.interflora.se\/inspiration\/wp-content\/uploads\/2025\/11\/annesophiebenoit-interflora-sw-43-1536x1024.avif 1536w, https:\/\/www.interflora.se\/inspiration\/wp-content\/uploads\/2025\/11\/annesophiebenoit-interflora-sw-43-2048x1365.avif 2048w\" sizes=\"auto, (max-width: 1024px) 100vw, 1024px\" \/><\/figure>\n\n\n\n<h2 class=\"wp-block-heading has-text-align-center\">3. <strong>Skapa st\u00e4mning med levande ljus<\/strong><\/h2>\n\n\n\n<p class=\"has-text-align-center\">Inget h\u00f6jer julk\u00e4nslan som ljus. Placera levande ljus direkt i blomsterarrangemangen f\u00f6r extra effekt. Variera h\u00f6jd och tjocklek: h\u00f6ga, handst\u00f6pta ljus med smal topp tillsammans med kortare blockljus skapar dynamik. L\u00e5t \u00e4ven ljusstakar i olika h\u00f6jder och stilar bidra till variationen. Men gl\u00f6m inte att h\u00e5lla koll p\u00e5 ljusen och kom ih\u00e5g att bl\u00e5sa ut dem innan ni l\u00e4mnar bordet.<\/p>\n\n\n\n<figure class=\"wp-block-image aligncenter size-large\"><img loading=\"lazy\" decoding=\"async\" width=\"683\" height=\"1024\" src=\"https:\/\/www.interflora.se\/inspiration\/wp-content\/uploads\/2025\/11\/annesophiebenoit-interflora-sw-41-683x1024.avif\" alt=\"Ljus som s\u00e4tter st\u00e4mningen.\" class=\"wp-image-4837\" srcset=\"https:\/\/www.interflora.se\/inspiration\/wp-content\/uploads\/2025\/11\/annesophiebenoit-interflora-sw-41-683x1024.avif 683w, https:\/\/www.interflora.se\/inspiration\/wp-content\/uploads\/2025\/11\/annesophiebenoit-interflora-sw-41-200x300.avif 200w, https:\/\/www.interflora.se\/inspiration\/wp-content\/uploads\/2025\/11\/annesophiebenoit-interflora-sw-41-768x1152.avif 768w, https:\/\/www.interflora.se\/inspiration\/wp-content\/uploads\/2025\/11\/annesophiebenoit-interflora-sw-41-1024x1536.avif 1024w, https:\/\/www.interflora.se\/inspiration\/wp-content\/uploads\/2025\/11\/annesophiebenoit-interflora-sw-41-1365x2048.avif 1365w, https:\/\/www.interflora.se\/inspiration\/wp-content\/uploads\/2025\/11\/annesophiebenoit-interflora-sw-41-scaled.avif 1707w\" sizes=\"auto, (max-width: 683px) 100vw, 683px\" \/><\/figure>\n\n\n\n<h2 class=\"wp-block-heading has-text-align-center\">4. Hyacint och tulpan p\u00e5 l\u00f6k<\/h2>\n\n\n\n<p class=\"has-text-align-center\">Det g\u00e5r j\u00e4ttebra att dekorera med blommor p\u00e5 l\u00f6k. Skaka bort jorden fr\u00e5n l\u00f6kv\u00e4xterna, sk\u00f6lj, torka med lite hush\u00e5llspapper och placera p\u00e5 bordet s\u00e5 att det ser ut att v\u00e4xa direkt upp ur duken.&nbsp;\u00d6vriga blommor \u00e4r bland annat julros, hyacint och tulpan p\u00e5 l\u00f6k, ornituogalum, nerine, takl\u00f6k, torkat och gr\u00f6nt. Visst k\u00e4nns det som en bild h\u00e4mtad ur en saga!<\/p>\n\n\n\n<figure class=\"wp-block-image aligncenter\"><img decoding=\"async\" src=\"https:\/\/www.interflora.se\/inspiration\/wp-content\/uploads\/2025\/03\/4-tips-till-juldukningen-5.jpg\" alt=\"4-tips-till-juldukningen-5.jpg\"\/><\/figure>\n\n\n\n<div class=\"wp-block-buttons is-content-justification-center is-layout-flex wp-container-core-buttons-is-layout-a89b3969 wp-block-buttons-is-layout-flex\">\n<div class=\"wp-block-button\"><a class=\"wp-block-button__link has-background has-medium-font-size has-custom-font-size wp-element-button\" href=\"https:\/\/www.interflora.se\/c\/buketter\/snittblommor-styckvis?utm_source=blog&amp;utm_campaign=post-cta\" style=\"background-color:#b80832;text-transform:none\">K\u00f6p hem snittblommor<\/a><\/div>\n<\/div>\n\n\n<div class=\"lp-produits-grid\"><div class=\"lp-produit\"><div class=\"lp-thumbnail-wrapper\"><img loading=\"lazy\" decoding=\"async\" width=\"240\" height=\"300\" src=\"https:\/\/www.interflora.se\/inspiration\/wp-content\/uploads\/2025\/05\/1201156-2024-ny-4.5-240x300.jpg\" class=\"attachment-medium size-medium wp-post-image\" alt=\"\" srcset=\"https:\/\/www.interflora.se\/inspiration\/wp-content\/uploads\/2025\/05\/1201156-2024-ny-4.5-240x300.jpg 240w, https:\/\/www.interflora.se\/inspiration\/wp-content\/uploads\/2025\/05\/1201156-2024-ny-4.5.jpg 745w\" sizes=\"auto, (max-width: 240px) 100vw, 240px\" \/><img decoding=\"async\" class=\"lp-badge\" src=\"https:\/\/www.interflora.se\/inspiration\/wp-content\/uploads\/2025\/03\/cropped-220422_INTERFLORA_Main_Logo_rgb_Main_Color-1.png\" alt=\"Blombud Interflora\"><\/div><span>Omtanke<\/span><p>fr\u00e5n 379 kr<\/p><span class=\"obf-link lp-cta\" role=\"link\" tabindex=\"0\" data-b64=\"aHR0cHM6Ly93d3cuaW50ZXJmbG9yYS5zZS9wLzMwOC1vbXRhbmtlLzI\/dXRtX21lZGl1bT1vcmdhbmljJnV0bV9zb3VyY2U9YmxvZ19wcm9kdWN0cyZ1dG1fY2FtcGFpZ249MTIwMTE1NQ==\" data-target=\"_blank\"><svg xmlns=\"http:\/\/www.w3.org\/2000\/svg\" width=\"16\" height=\"16\" fill=\"currentColor\" class=\"bi bi-bag\" viewBox=\"0 0 16 16\"><path d=\"M8 1a2 2 0 0 1 2 2v1h2.5A1.5 1.5 0 0 1 14 5.5v8A1.5 1.5 0 0 1 12.5 15h-9A1.5 1.5 0 0 1 2 13.5v-8A1.5 1.5 0 0 1 3.5 3H6V2a2 2 0 0 1 2-1zm1 3V3a1 1 0 0 0-2 0v1h2z\"\/><\/svg>K\u00f6p h\u00e4r<\/span><p class=\"rapido\">F\u00e4rska blommor<\/p><\/div><div class=\"lp-produit\"><div class=\"lp-thumbnail-wrapper\"><img loading=\"lazy\" decoding=\"async\" width=\"240\" height=\"300\" src=\"https:\/\/www.interflora.se\/inspiration\/wp-content\/uploads\/2025\/05\/1202895-2024-4.5-240x300.jpg\" class=\"attachment-medium size-medium wp-post-image\" alt=\"\" srcset=\"https:\/\/www.interflora.se\/inspiration\/wp-content\/uploads\/2025\/05\/1202895-2024-4.5-240x300.jpg 240w, https:\/\/www.interflora.se\/inspiration\/wp-content\/uploads\/2025\/05\/1202895-2024-4.5.jpg 745w\" sizes=\"auto, (max-width: 240px) 100vw, 240px\" \/><img decoding=\"async\" class=\"lp-badge\" src=\"https:\/\/www.interflora.se\/inspiration\/wp-content\/uploads\/2025\/03\/cropped-220422_INTERFLORA_Main_Logo_rgb_Main_Color-1.png\" alt=\"Blombud Interflora\"><\/div><span>Liljefavorit<\/span><p>fr\u00e5n 289 kr<\/p><span class=\"obf-link lp-cta\" role=\"link\" tabindex=\"0\" data-b64=\"aHR0cHM6Ly93d3cuaW50ZXJmbG9yYS5zZS9wLzcxNTIxLWxpbGplZmF2b3JpdC8yP3V0bV9tZWRpdW09b3JnYW5pYyZ1dG1fc291cmNlPWJsb2dfcHJvZHVjdHMmdXRtX2NhbXBhaWduPTEyMDI4OTQ=\" data-target=\"_blank\"><svg xmlns=\"http:\/\/www.w3.org\/2000\/svg\" width=\"16\" height=\"16\" fill=\"currentColor\" class=\"bi bi-bag\" viewBox=\"0 0 16 16\"><path d=\"M8 1a2 2 0 0 1 2 2v1h2.5A1.5 1.5 0 0 1 14 5.5v8A1.5 1.5 0 0 1 12.5 15h-9A1.5 1.5 0 0 1 2 13.5v-8A1.5 1.5 0 0 1 3.5 3H6V2a2 2 0 0 1 2-1zm1 3V3a1 1 0 0 0-2 0v1h2z\"\/><\/svg>K\u00f6p h\u00e4r<\/span><p class=\"rapido\">Bunden av din lokala florist<\/p><\/div><div class=\"lp-produit\"><div class=\"lp-thumbnail-wrapper\"><img loading=\"lazy\" decoding=\"async\" width=\"240\" height=\"300\" src=\"https:\/\/www.interflora.se\/inspiration\/wp-content\/uploads\/2025\/05\/1202805-teaser-2024-ny-4.5-240x300.jpg\" class=\"attachment-medium size-medium wp-post-image\" alt=\"\" srcset=\"https:\/\/www.interflora.se\/inspiration\/wp-content\/uploads\/2025\/05\/1202805-teaser-2024-ny-4.5-240x300.jpg 240w, https:\/\/www.interflora.se\/inspiration\/wp-content\/uploads\/2025\/05\/1202805-teaser-2024-ny-4.5.jpg 745w\" sizes=\"auto, (max-width: 240px) 100vw, 240px\" \/><img decoding=\"async\" class=\"lp-badge\" src=\"https:\/\/www.interflora.se\/inspiration\/wp-content\/uploads\/2025\/03\/cropped-220422_INTERFLORA_Main_Logo_rgb_Main_Color-1.png\" alt=\"Blombud Interflora\"><\/div><span>Grattis<\/span><p>fr\u00e5n 359 kr<\/p><span class=\"obf-link lp-cta\" role=\"link\" tabindex=\"0\" data-b64=\"aHR0cHM6Ly93d3cuaW50ZXJmbG9yYS5zZS9wLzY1NjI0LWdyYXR0aXMvMj91dG1fbWVkaXVtPW9yZ2FuaWMmdXRtX3NvdXJjZT1ibG9nX3Byb2R1Y3RzJnV0bV9jYW1wYWlnbj0xMjAyODA0\" data-target=\"_blank\"><svg xmlns=\"http:\/\/www.w3.org\/2000\/svg\" width=\"16\" height=\"16\" fill=\"currentColor\" class=\"bi bi-bag\" viewBox=\"0 0 16 16\"><path d=\"M8 1a2 2 0 0 1 2 2v1h2.5A1.5 1.5 0 0 1 14 5.5v8A1.5 1.5 0 0 1 12.5 15h-9A1.5 1.5 0 0 1 2 13.5v-8A1.5 1.5 0 0 1 3.5 3H6V2a2 2 0 0 1 2-1zm1 3V3a1 1 0 0 0-2 0v1h2z\"\/><\/svg>K\u00f6p h\u00e4r<\/span><p class=\"rapido\">Bunden av din lokala florist<\/p><\/div><div class=\"lp-produit\"><div class=\"lp-thumbnail-wrapper\"><img loading=\"lazy\" decoding=\"async\" width=\"240\" height=\"300\" src=\"https:\/\/www.interflora.se\/inspiration\/wp-content\/uploads\/2025\/05\/1202975-2025-240x300.jpg\" class=\"attachment-medium size-medium wp-post-image\" alt=\"\" srcset=\"https:\/\/www.interflora.se\/inspiration\/wp-content\/uploads\/2025\/05\/1202975-2025-240x300.jpg 240w, https:\/\/www.interflora.se\/inspiration\/wp-content\/uploads\/2025\/05\/1202975-2025.jpg 745w\" sizes=\"auto, (max-width: 240px) 100vw, 240px\" \/><img decoding=\"async\" class=\"lp-badge\" src=\"https:\/\/www.interflora.se\/inspiration\/wp-content\/uploads\/2025\/03\/cropped-220422_INTERFLORA_Main_Logo_rgb_Main_Color-1.png\" alt=\"Blombud Interflora\"><\/div><span>F\u00e4rglycka<\/span><p>fr\u00e5n 269 kr<\/p><span class=\"obf-link lp-cta\" role=\"link\" tabindex=\"0\" data-b64=\"aHR0cHM6Ly93d3cuaW50ZXJmbG9yYS5zZS9wLzgxNjc5LWZhcmdseWNrYS8yP3V0bV9tZWRpdW09b3JnYW5pYyZ1dG1fc291cmNlPWJsb2dfcHJvZHVjdHMmdXRtX2NhbXBhaWduPTEyMDI5NzQ=\" data-target=\"_blank\"><svg xmlns=\"http:\/\/www.w3.org\/2000\/svg\" width=\"16\" height=\"16\" fill=\"currentColor\" class=\"bi bi-bag\" viewBox=\"0 0 16 16\"><path d=\"M8 1a2 2 0 0 1 2 2v1h2.5A1.5 1.5 0 0 1 14 5.5v8A1.5 1.5 0 0 1 12.5 15h-9A1.5 1.5 0 0 1 2 13.5v-8A1.5 1.5 0 0 1 3.5 3H6V2a2 2 0 0 1 2-1zm1 3V3a1 1 0 0 0-2 0v1h2z\"\/><\/svg>K\u00f6p h\u00e4r<\/span><p class=\"rapido\">Leverans i hela Sverige<\/p><\/div><\/div>\n","protected":false},"excerpt":{"rendered":"<p>Imponera p\u00e5 dina g\u00e4ster i jul! S\u00e4tt guldkant p\u00e5 dukningen med julens vackraste blomsterarrangemang. \u00c4ven sm\u00e5 detaljer skapar festlig k\u00e4nsla. [&hellip;]<\/p>\n","protected":false},"author":1,"featured_media":4820,"comment_status":"open","ping_status":"open","sticky":false,"template":"","format":"standard","meta":{"_uag_custom_page_level_css":"","site-sidebar-layout":"default","site-content-layout":"","ast-site-content-layout":"default","site-content-style":"default","site-sidebar-style":"default","ast-global-header-display":"","ast-banner-title-visibility":"","ast-main-header-display":"","ast-hfb-above-header-display":"","ast-hfb-below-header-display":"","ast-hfb-mobile-header-display":"","site-post-title":"","ast-breadcrumbs-content":"","ast-featured-img":"","footer-sml-layout":"","ast-disable-related-posts":"","theme-transparent-header-meta":"","adv-header-id-meta":"","stick-header-meta":"","header-above-stick-meta":"","header-main-stick-meta":"","header-below-stick-meta":"","astra-migrate-meta-layouts":"default","ast-page-background-enabled":"default","ast-page-background-meta":{"desktop":{"background-color":"var(--ast-global-color-5)","background-image":"","background-repeat":"repeat","background-position":"center center","background-size":"auto","background-attachment":"scroll","background-type":"","background-media":"","overlay-type":"","overlay-color":"","overlay-opacity":"","overlay-gradient":""},"tablet":{"background-color":"","background-image":"","background-repeat":"repeat","background-position":"center center","background-size":"auto","background-attachment":"scroll","background-type":"","background-media":"","overlay-type":"","overlay-color":"","overlay-opacity":"","overlay-gradient":""},"mobile":{"background-color":"","background-image":"","background-repeat":"repeat","background-position":"center center","background-size":"auto","background-attachment":"scroll","background-type":"","background-media":"","overlay-type":"","overlay-color":"","overlay-opacity":"","overlay-gradient":""}},"ast-content-background-meta":{"desktop":{"background-color":"var(--ast-global-color-4)","background-image":"","background-repeat":"repeat","background-position":"center center","background-size":"auto","background-attachment":"scroll","background-type":"","background-media":"","overlay-type":"","overlay-color":"","overlay-opacity":"","overlay-gradient":""},"tablet":{"background-color":"var(--ast-global-color-4)","background-image":"","background-repeat":"repeat","background-position":"center center","background-size":"auto","background-attachment":"scroll","background-type":"","background-media":"","overlay-type":"","overlay-color":"","overlay-opacity":"","overlay-gradient":""},"mobile":{"background-color":"var(--ast-global-color-4)","background-image":"","background-repeat":"repeat","background-position":"center center","background-size":"auto","background-attachment":"scroll","background-type":"","background-media":"","overlay-type":"","overlay-color":"","overlay-opacity":"","overlay-gradient":""}},"footnotes":""},"categories":[28,4],"tags":[],"class_list":["post-52","post","type-post","status-publish","format-standard","has-post-thumbnail","hentry","category-jul","category-tips"],"yoast_head":"<!-- This site is optimized with the Yoast SEO plugin v27.4 - https:\/\/yoast.com\/product\/yoast-seo-wordpress\/ -->\n<title>Juldukningstips: 4 id\u00e9er med julens blomsterarrangemang | Interflora<\/title>\n<meta name=\"description\" content=\"F\u00e5nga julens magi med blommor och ljus. Uppt\u00e4ck tre enkla tips f\u00f6r en st\u00e4mningsfull juldukning som imponerar p\u00e5 g\u00e4sterna och skapar festlig atmosf\u00e4r.\" \/>\n<meta name=\"robots\" content=\"index, follow, max-snippet:-1, max-image-preview:large, max-video-preview:-1\" \/>\n<link rel=\"canonical\" href=\"https:\/\/www.interflora.se\/inspiration\/4-tips-till-juldukningen\/\" \/>\n<meta property=\"og:locale\" content=\"sv_SE\" \/>\n<meta property=\"og:type\" content=\"article\" \/>\n<meta property=\"og:title\" content=\"Juldukningstips: 4 id\u00e9er med julens blomsterarrangemang | Interflora\" \/>\n<meta property=\"og:description\" content=\"F\u00e5nga julens magi med blommor och ljus. Uppt\u00e4ck tre enkla tips f\u00f6r en st\u00e4mningsfull juldukning som imponerar p\u00e5 g\u00e4sterna och skapar festlig atmosf\u00e4r.\" \/>\n<meta property=\"og:url\" content=\"https:\/\/www.interflora.se\/inspiration\/4-tips-till-juldukningen\/\" \/>\n<meta property=\"og:site_name\" content=\"Inspiration om blommor, krukv\u00e4xter &amp; trender | Interflora\" \/>\n<meta property=\"article:publisher\" content=\"https:\/\/www.facebook.com\/InterfloraAB\" \/>\n<meta property=\"article:published_time\" content=\"2025-11-11T13:35:03+00:00\" \/>\n<meta property=\"article:modified_time\" content=\"2025-12-04T16:23:51+00:00\" \/>\n<meta property=\"og:image\" content=\"https:\/\/www.interflora.se\/inspiration\/wp-content\/uploads\/2025\/11\/annesophiebenoit-interflora-sw-43-scaled.avif\" \/>\n\t<meta property=\"og:image:width\" content=\"2560\" \/>\n\t<meta property=\"og:image:height\" content=\"1707\" \/>\n\t<meta property=\"og:image:type\" content=\"image\/jpeg\" \/>\n<meta name=\"author\" content=\"admin\" \/>\n<meta name=\"twitter:card\" content=\"summary_large_image\" \/>\n<meta name=\"twitter:label1\" content=\"Skriven av\" \/>\n\t<meta name=\"twitter:data1\" content=\"admin\" \/>\n\t<meta name=\"twitter:label2\" content=\"Ber\u00e4knad l\u00e4stid\" \/>\n\t<meta name=\"twitter:data2\" content=\"3 minuter\" \/>\n<script type=\"application\/ld+json\" class=\"yoast-schema-graph\">{\"@context\":\"https:\\\/\\\/schema.org\",\"@graph\":[{\"@type\":\"Article\",\"@id\":\"https:\\\/\\\/www.interflora.se\\\/inspiration\\\/4-tips-till-juldukningen\\\/#article\",\"isPartOf\":{\"@id\":\"https:\\\/\\\/www.interflora.se\\\/inspiration\\\/4-tips-till-juldukningen\\\/\"},\"author\":{\"name\":\"admin\",\"@id\":\"https:\\\/\\\/www.interflora.se\\\/inspiration\\\/#\\\/schema\\\/person\\\/dbbd1ad45e05409c356dc639597669f2\"},\"headline\":\"4 tips f\u00f6r en underbar juldukning\",\"datePublished\":\"2025-11-11T13:35:03+00:00\",\"dateModified\":\"2025-12-04T16:23:51+00:00\",\"mainEntityOfPage\":{\"@id\":\"https:\\\/\\\/www.interflora.se\\\/inspiration\\\/4-tips-till-juldukningen\\\/\"},\"wordCount\":355,\"commentCount\":0,\"publisher\":{\"@id\":\"https:\\\/\\\/www.interflora.se\\\/inspiration\\\/#organization\"},\"image\":{\"@id\":\"https:\\\/\\\/www.interflora.se\\\/inspiration\\\/4-tips-till-juldukningen\\\/#primaryimage\"},\"thumbnailUrl\":\"https:\\\/\\\/www.interflora.se\\\/inspiration\\\/wp-content\\\/uploads\\\/2025\\\/11\\\/annesophiebenoit-interflora-sw-43-scaled.avif\",\"articleSection\":[\"Jul: Inspiration f\u00f6r en magisk vinter\",\"Tips\"],\"inLanguage\":\"sv-SE\",\"potentialAction\":[{\"@type\":\"CommentAction\",\"name\":\"Comment\",\"target\":[\"https:\\\/\\\/www.interflora.se\\\/inspiration\\\/4-tips-till-juldukningen\\\/#respond\"]}]},{\"@type\":\"WebPage\",\"@id\":\"https:\\\/\\\/www.interflora.se\\\/inspiration\\\/4-tips-till-juldukningen\\\/\",\"url\":\"https:\\\/\\\/www.interflora.se\\\/inspiration\\\/4-tips-till-juldukningen\\\/\",\"name\":\"Juldukningstips: 4 id\u00e9er med julens blomsterarrangemang | Interflora\",\"isPartOf\":{\"@id\":\"https:\\\/\\\/www.interflora.se\\\/inspiration\\\/#website\"},\"primaryImageOfPage\":{\"@id\":\"https:\\\/\\\/www.interflora.se\\\/inspiration\\\/4-tips-till-juldukningen\\\/#primaryimage\"},\"image\":{\"@id\":\"https:\\\/\\\/www.interflora.se\\\/inspiration\\\/4-tips-till-juldukningen\\\/#primaryimage\"},\"thumbnailUrl\":\"https:\\\/\\\/www.interflora.se\\\/inspiration\\\/wp-content\\\/uploads\\\/2025\\\/11\\\/annesophiebenoit-interflora-sw-43-scaled.avif\",\"datePublished\":\"2025-11-11T13:35:03+00:00\",\"dateModified\":\"2025-12-04T16:23:51+00:00\",\"description\":\"F\u00e5nga julens magi med blommor och ljus. Uppt\u00e4ck tre enkla tips f\u00f6r en st\u00e4mningsfull juldukning som imponerar p\u00e5 g\u00e4sterna och skapar festlig atmosf\u00e4r.\",\"breadcrumb\":{\"@id\":\"https:\\\/\\\/www.interflora.se\\\/inspiration\\\/4-tips-till-juldukningen\\\/#breadcrumb\"},\"inLanguage\":\"sv-SE\",\"potentialAction\":[{\"@type\":\"ReadAction\",\"target\":[\"https:\\\/\\\/www.interflora.se\\\/inspiration\\\/4-tips-till-juldukningen\\\/\"]}]},{\"@type\":\"ImageObject\",\"inLanguage\":\"sv-SE\",\"@id\":\"https:\\\/\\\/www.interflora.se\\\/inspiration\\\/4-tips-till-juldukningen\\\/#primaryimage\",\"url\":\"https:\\\/\\\/www.interflora.se\\\/inspiration\\\/wp-content\\\/uploads\\\/2025\\\/11\\\/annesophiebenoit-interflora-sw-43-scaled.avif\",\"contentUrl\":\"https:\\\/\\\/www.interflora.se\\\/inspiration\\\/wp-content\\\/uploads\\\/2025\\\/11\\\/annesophiebenoit-interflora-sw-43-scaled.avif\",\"width\":2560,\"height\":1707,\"caption\":\"V\u00e4lkommen till bords.\"},{\"@type\":\"BreadcrumbList\",\"@id\":\"https:\\\/\\\/www.interflora.se\\\/inspiration\\\/4-tips-till-juldukningen\\\/#breadcrumb\",\"itemListElement\":[{\"@type\":\"ListItem\",\"position\":1,\"name\":\"Home\",\"item\":\"https:\\\/\\\/www.interflora.se\\\/inspiration\\\/\"},{\"@type\":\"ListItem\",\"position\":2,\"name\":\"4 tips f\u00f6r en underbar juldukning\"}]},{\"@type\":\"WebSite\",\"@id\":\"https:\\\/\\\/www.interflora.se\\\/inspiration\\\/#website\",\"url\":\"https:\\\/\\\/www.interflora.se\\\/inspiration\\\/\",\"name\":\"Interflora\",\"description\":\"\",\"publisher\":{\"@id\":\"https:\\\/\\\/www.interflora.se\\\/inspiration\\\/#organization\"},\"potentialAction\":[{\"@type\":\"SearchAction\",\"target\":{\"@type\":\"EntryPoint\",\"urlTemplate\":\"https:\\\/\\\/www.interflora.se\\\/inspiration\\\/?s={search_term_string}\"},\"query-input\":{\"@type\":\"PropertyValueSpecification\",\"valueRequired\":true,\"valueName\":\"search_term_string\"}}],\"inLanguage\":\"sv-SE\"},{\"@type\":\"Organization\",\"@id\":\"https:\\\/\\\/www.interflora.se\\\/inspiration\\\/#organization\",\"name\":\"Interflora\",\"url\":\"https:\\\/\\\/www.interflora.se\\\/inspiration\\\/\",\"logo\":{\"@type\":\"ImageObject\",\"inLanguage\":\"sv-SE\",\"@id\":\"https:\\\/\\\/www.interflora.se\\\/inspiration\\\/#\\\/schema\\\/logo\\\/image\\\/\",\"url\":\"https:\\\/\\\/www.interflora.se\\\/inspiration\\\/wp-content\\\/uploads\\\/2025\\\/09\\\/cropped-220422_INTERFLORA_Logo_rgb_Half_Top_Circle_Main_Color.avif\",\"contentUrl\":\"https:\\\/\\\/www.interflora.se\\\/inspiration\\\/wp-content\\\/uploads\\\/2025\\\/09\\\/cropped-220422_INTERFLORA_Logo_rgb_Half_Top_Circle_Main_Color.avif\",\"width\":1418,\"height\":662,\"caption\":\"Interflora\"},\"image\":{\"@id\":\"https:\\\/\\\/www.interflora.se\\\/inspiration\\\/#\\\/schema\\\/logo\\\/image\\\/\"},\"sameAs\":[\"https:\\\/\\\/www.facebook.com\\\/InterfloraAB\",\"https:\\\/\\\/www.instagram.com\\\/interflora_ab\\\/\",\"https:\\\/\\\/www.linkedin.com\\\/company\\\/1494362\",\"https:\\\/\\\/www.youtube.com\\\/channel\\\/UCZgDzGWB2VRxaoWFUmXnk1w\"]},{\"@type\":\"Person\",\"@id\":\"https:\\\/\\\/www.interflora.se\\\/inspiration\\\/#\\\/schema\\\/person\\\/dbbd1ad45e05409c356dc639597669f2\",\"name\":\"admin\",\"image\":{\"@type\":\"ImageObject\",\"inLanguage\":\"sv-SE\",\"@id\":\"https:\\\/\\\/www.interflora.se\\\/inspiration\\\/wp-content\\\/litespeed\\\/avatar\\\/1fe3cced9e67df62d0a6f995d75823a5.jpg?ver=1777362393\",\"url\":\"https:\\\/\\\/www.interflora.se\\\/inspiration\\\/wp-content\\\/litespeed\\\/avatar\\\/1fe3cced9e67df62d0a6f995d75823a5.jpg?ver=1777362393\",\"contentUrl\":\"https:\\\/\\\/www.interflora.se\\\/inspiration\\\/wp-content\\\/litespeed\\\/avatar\\\/1fe3cced9e67df62d0a6f995d75823a5.jpg?ver=1777362393\",\"caption\":\"admin\"},\"sameAs\":[\"https:\\\/\\\/www.interflora.se\\\/inspiration\"],\"url\":\"https:\\\/\\\/www.interflora.se\\\/inspiration\\\/author\\\/admin\\\/\"}]}<\/script>\n<!-- \/ Yoast SEO plugin. -->","yoast_head_json":{"title":"Juldukningstips: 4 id\u00e9er med julens blomsterarrangemang | Interflora","description":"F\u00e5nga julens magi med blommor och ljus. Uppt\u00e4ck tre enkla tips f\u00f6r en st\u00e4mningsfull juldukning som imponerar p\u00e5 g\u00e4sterna och skapar festlig atmosf\u00e4r.","robots":{"index":"index","follow":"follow","max-snippet":"max-snippet:-1","max-image-preview":"max-image-preview:large","max-video-preview":"max-video-preview:-1"},"canonical":"https:\/\/www.interflora.se\/inspiration\/4-tips-till-juldukningen\/","og_locale":"sv_SE","og_type":"article","og_title":"Juldukningstips: 4 id\u00e9er med julens blomsterarrangemang | Interflora","og_description":"F\u00e5nga julens magi med blommor och ljus. Uppt\u00e4ck tre enkla tips f\u00f6r en st\u00e4mningsfull juldukning som imponerar p\u00e5 g\u00e4sterna och skapar festlig atmosf\u00e4r.","og_url":"https:\/\/www.interflora.se\/inspiration\/4-tips-till-juldukningen\/","og_site_name":"Inspiration om blommor, krukv\u00e4xter &amp; trender | Interflora","article_publisher":"https:\/\/www.facebook.com\/InterfloraAB","article_published_time":"2025-11-11T13:35:03+00:00","article_modified_time":"2025-12-04T16:23:51+00:00","og_image":[{"width":2560,"height":1707,"url":"https:\/\/www.interflora.se\/inspiration\/wp-content\/uploads\/2025\/11\/annesophiebenoit-interflora-sw-43-scaled.avif","type":"image\/jpeg"}],"author":"admin","twitter_card":"summary_large_image","twitter_misc":{"Skriven av":"admin","Ber\u00e4knad l\u00e4stid":"3 minuter"},"schema":{"@context":"https:\/\/schema.org","@graph":[{"@type":"Article","@id":"https:\/\/www.interflora.se\/inspiration\/4-tips-till-juldukningen\/#article","isPartOf":{"@id":"https:\/\/www.interflora.se\/inspiration\/4-tips-till-juldukningen\/"},"author":{"name":"admin","@id":"https:\/\/www.interflora.se\/inspiration\/#\/schema\/person\/dbbd1ad45e05409c356dc639597669f2"},"headline":"4 tips f\u00f6r en underbar juldukning","datePublished":"2025-11-11T13:35:03+00:00","dateModified":"2025-12-04T16:23:51+00:00","mainEntityOfPage":{"@id":"https:\/\/www.interflora.se\/inspiration\/4-tips-till-juldukningen\/"},"wordCount":355,"commentCount":0,"publisher":{"@id":"https:\/\/www.interflora.se\/inspiration\/#organization"},"image":{"@id":"https:\/\/www.interflora.se\/inspiration\/4-tips-till-juldukningen\/#primaryimage"},"thumbnailUrl":"https:\/\/www.interflora.se\/inspiration\/wp-content\/uploads\/2025\/11\/annesophiebenoit-interflora-sw-43-scaled.avif","articleSection":["Jul: Inspiration f\u00f6r en magisk vinter","Tips"],"inLanguage":"sv-SE","potentialAction":[{"@type":"CommentAction","name":"Comment","target":["https:\/\/www.interflora.se\/inspiration\/4-tips-till-juldukningen\/#respond"]}]},{"@type":"WebPage","@id":"https:\/\/www.interflora.se\/inspiration\/4-tips-till-juldukningen\/","url":"https:\/\/www.interflora.se\/inspiration\/4-tips-till-juldukningen\/","name":"Juldukningstips: 4 id\u00e9er med julens blomsterarrangemang | Interflora","isPartOf":{"@id":"https:\/\/www.interflora.se\/inspiration\/#website"},"primaryImageOfPage":{"@id":"https:\/\/www.interflora.se\/inspiration\/4-tips-till-juldukningen\/#primaryimage"},"image":{"@id":"https:\/\/www.interflora.se\/inspiration\/4-tips-till-juldukningen\/#primaryimage"},"thumbnailUrl":"https:\/\/www.interflora.se\/inspiration\/wp-content\/uploads\/2025\/11\/annesophiebenoit-interflora-sw-43-scaled.avif","datePublished":"2025-11-11T13:35:03+00:00","dateModified":"2025-12-04T16:23:51+00:00","description":"F\u00e5nga julens magi med blommor och ljus. Uppt\u00e4ck tre enkla tips f\u00f6r en st\u00e4mningsfull juldukning som imponerar p\u00e5 g\u00e4sterna och skapar festlig atmosf\u00e4r.","breadcrumb":{"@id":"https:\/\/www.interflora.se\/inspiration\/4-tips-till-juldukningen\/#breadcrumb"},"inLanguage":"sv-SE","potentialAction":[{"@type":"ReadAction","target":["https:\/\/www.interflora.se\/inspiration\/4-tips-till-juldukningen\/"]}]},{"@type":"ImageObject","inLanguage":"sv-SE","@id":"https:\/\/www.interflora.se\/inspiration\/4-tips-till-juldukningen\/#primaryimage","url":"https:\/\/www.interflora.se\/inspiration\/wp-content\/uploads\/2025\/11\/annesophiebenoit-interflora-sw-43-scaled.avif","contentUrl":"https:\/\/www.interflora.se\/inspiration\/wp-content\/uploads\/2025\/11\/annesophiebenoit-interflora-sw-43-scaled.avif","width":2560,"height":1707,"caption":"V\u00e4lkommen till bords."},{"@type":"BreadcrumbList","@id":"https:\/\/www.interflora.se\/inspiration\/4-tips-till-juldukningen\/#breadcrumb","itemListElement":[{"@type":"ListItem","position":1,"name":"Home","item":"https:\/\/www.interflora.se\/inspiration\/"},{"@type":"ListItem","position":2,"name":"4 tips f\u00f6r en underbar juldukning"}]},{"@type":"WebSite","@id":"https:\/\/www.interflora.se\/inspiration\/#website","url":"https:\/\/www.interflora.se\/inspiration\/","name":"Interflora","description":"","publisher":{"@id":"https:\/\/www.interflora.se\/inspiration\/#organization"},"potentialAction":[{"@type":"SearchAction","target":{"@type":"EntryPoint","urlTemplate":"https:\/\/www.interflora.se\/inspiration\/?s={search_term_string}"},"query-input":{"@type":"PropertyValueSpecification","valueRequired":true,"valueName":"search_term_string"}}],"inLanguage":"sv-SE"},{"@type":"Organization","@id":"https:\/\/www.interflora.se\/inspiration\/#organization","name":"Interflora","url":"https:\/\/www.interflora.se\/inspiration\/","logo":{"@type":"ImageObject","inLanguage":"sv-SE","@id":"https:\/\/www.interflora.se\/inspiration\/#\/schema\/logo\/image\/","url":"https:\/\/www.interflora.se\/inspiration\/wp-content\/uploads\/2025\/09\/cropped-220422_INTERFLORA_Logo_rgb_Half_Top_Circle_Main_Color.avif","contentUrl":"https:\/\/www.interflora.se\/inspiration\/wp-content\/uploads\/2025\/09\/cropped-220422_INTERFLORA_Logo_rgb_Half_Top_Circle_Main_Color.avif","width":1418,"height":662,"caption":"Interflora"},"image":{"@id":"https:\/\/www.interflora.se\/inspiration\/#\/schema\/logo\/image\/"},"sameAs":["https:\/\/www.facebook.com\/InterfloraAB","https:\/\/www.instagram.com\/interflora_ab\/","https:\/\/www.linkedin.com\/company\/1494362","https:\/\/www.youtube.com\/channel\/UCZgDzGWB2VRxaoWFUmXnk1w"]},{"@type":"Person","@id":"https:\/\/www.interflora.se\/inspiration\/#\/schema\/person\/dbbd1ad45e05409c356dc639597669f2","name":"admin","image":{"@type":"ImageObject","inLanguage":"sv-SE","@id":"https:\/\/www.interflora.se\/inspiration\/wp-content\/litespeed\/avatar\/1fe3cced9e67df62d0a6f995d75823a5.jpg?ver=1777362393","url":"https:\/\/www.interflora.se\/inspiration\/wp-content\/litespeed\/avatar\/1fe3cced9e67df62d0a6f995d75823a5.jpg?ver=1777362393","contentUrl":"https:\/\/www.interflora.se\/inspiration\/wp-content\/litespeed\/avatar\/1fe3cced9e67df62d0a6f995d75823a5.jpg?ver=1777362393","caption":"admin"},"sameAs":["https:\/\/www.interflora.se\/inspiration"],"url":"https:\/\/www.interflora.se\/inspiration\/author\/admin\/"}]}},"uagb_featured_image_src":{"full":["https:\/\/www.interflora.se\/inspiration\/wp-content\/uploads\/2025\/11\/annesophiebenoit-interflora-sw-43-scaled.avif",2560,1707,false],"thumbnail":["https:\/\/www.interflora.se\/inspiration\/wp-content\/uploads\/2025\/11\/annesophiebenoit-interflora-sw-43-150x150.avif",150,150,true],"medium":["https:\/\/www.interflora.se\/inspiration\/wp-content\/uploads\/2025\/11\/annesophiebenoit-interflora-sw-43-300x200.avif",300,200,true],"medium_large":["https:\/\/www.interflora.se\/inspiration\/wp-content\/uploads\/2025\/11\/annesophiebenoit-interflora-sw-43-768x512.avif",768,512,true],"large":["https:\/\/www.interflora.se\/inspiration\/wp-content\/uploads\/2025\/11\/annesophiebenoit-interflora-sw-43-1024x683.avif",1024,683,true],"1536x1536":["https:\/\/www.interflora.se\/inspiration\/wp-content\/uploads\/2025\/11\/annesophiebenoit-interflora-sw-43-1536x1024.avif",1536,1024,true],"2048x2048":["https:\/\/www.interflora.se\/inspiration\/wp-content\/uploads\/2025\/11\/annesophiebenoit-interflora-sw-43-2048x1365.avif",2048,1365,true]},"uagb_author_info":{"display_name":"admin","author_link":"https:\/\/www.interflora.se\/inspiration\/author\/admin\/"},"uagb_comment_info":0,"uagb_excerpt":"Imponera p\u00e5 dina g\u00e4ster i jul! S\u00e4tt guldkant p\u00e5 dukningen med julens vackraste blomsterarrangemang. \u00c4ven sm\u00e5 detaljer skapar festlig k\u00e4nsla. [&hellip;]","_links":{"self":[{"href":"https:\/\/www.interflora.se\/inspiration\/wp-json\/wp\/v2\/posts\/52","targetHints":{"allow":["GET"]}}],"collection":[{"href":"https:\/\/www.interflora.se\/inspiration\/wp-json\/wp\/v2\/posts"}],"about":[{"href":"https:\/\/www.interflora.se\/inspiration\/wp-json\/wp\/v2\/types\/post"}],"author":[{"embeddable":true,"href":"https:\/\/www.interflora.se\/inspiration\/wp-json\/wp\/v2\/users\/1"}],"replies":[{"embeddable":true,"href":"https:\/\/www.interflora.se\/inspiration\/wp-json\/wp\/v2\/comments?post=52"}],"version-history":[{"count":5,"href":"https:\/\/www.interflora.se\/inspiration\/wp-json\/wp\/v2\/posts\/52\/revisions"}],"predecessor-version":[{"id":5014,"href":"https:\/\/www.interflora.se\/inspiration\/wp-json\/wp\/v2\/posts\/52\/revisions\/5014"}],"wp:featuredmedia":[{"embeddable":true,"href":"https:\/\/www.interflora.se\/inspiration\/wp-json\/wp\/v2\/media\/4820"}],"wp:attachment":[{"href":"https:\/\/www.interflora.se\/inspiration\/wp-json\/wp\/v2\/media?parent=52"}],"wp:term":[{"taxonomy":"category","embeddable":true,"href":"https:\/\/www.interflora.se\/inspiration\/wp-json\/wp\/v2\/categories?post=52"},{"taxonomy":"post_tag","embeddable":true,"href":"https:\/\/www.interflora.se\/inspiration\/wp-json\/wp\/v2\/tags?post=52"}],"curies":[{"name":"wp","href":"https:\/\/api.w.org\/{rel}","templated":true}]}}