{"id":4886,"date":"2025-11-13T14:16:03","date_gmt":"2025-11-13T13:16:03","guid":{"rendered":"https:\/\/www.interflora.se\/inspiration\/?p=4886"},"modified":"2025-11-14T16:08:48","modified_gmt":"2025-11-14T15:08:48","slug":"diy-juldekoration-skapa-julstamning-med-en-girlang-av-torkad-citrus","status":"publish","type":"post","link":"https:\/\/www.interflora.se\/inspiration\/diy-juldekoration-skapa-julstamning-med-en-girlang-av-torkad-citrus\/","title":{"rendered":"DIY Juldekoration: Skapa julst\u00e4mning med en girlang av torkad citrus"},"content":{"rendered":"\n<p>N\u00e4r vinterm\u00f6rkret smyger sig p\u00e5 och julen n\u00e4rmar sig, finns det f\u00e5 saker som skapar s\u00e5 mycket v\u00e4rme och st\u00e4mning som att pyssla hemma. Ett enkelt och vackert projekt som b\u00e5de doftar juligt och ser fantastiskt ut \u00e4r att g\u00f6ra en girlang av torkad citrus \u2013 ett naturligt och h\u00e5llbart alternativ till traditionella juldekorationer.<\/p>\n\n\n\n<div class=\"wp-block-columns is-layout-flex wp-container-core-columns-is-layout-28f84493 wp-block-columns-is-layout-flex\">\n<div class=\"wp-block-column is-layout-flow wp-block-column-is-layout-flow\">\n<figure class=\"wp-block-image size-large\"><img loading=\"lazy\" decoding=\"async\" width=\"683\" height=\"1024\" src=\"https:\/\/www.interflora.se\/inspiration\/wp-content\/uploads\/2025\/11\/annesophiebenoit-interflora-sw-49-683x1024.avif\" alt=\"\" class=\"wp-image-4825\" style=\"aspect-ratio:9\/16;object-fit:cover\" srcset=\"https:\/\/www.interflora.se\/inspiration\/wp-content\/uploads\/2025\/11\/annesophiebenoit-interflora-sw-49-683x1024.avif 683w, https:\/\/www.interflora.se\/inspiration\/wp-content\/uploads\/2025\/11\/annesophiebenoit-interflora-sw-49-200x300.avif 200w, https:\/\/www.interflora.se\/inspiration\/wp-content\/uploads\/2025\/11\/annesophiebenoit-interflora-sw-49-768x1152.avif 768w, https:\/\/www.interflora.se\/inspiration\/wp-content\/uploads\/2025\/11\/annesophiebenoit-interflora-sw-49-1024x1536.avif 1024w, https:\/\/www.interflora.se\/inspiration\/wp-content\/uploads\/2025\/11\/annesophiebenoit-interflora-sw-49-1365x2048.avif 1365w, https:\/\/www.interflora.se\/inspiration\/wp-content\/uploads\/2025\/11\/annesophiebenoit-interflora-sw-49-scaled.avif 1707w\" sizes=\"auto, (max-width: 683px) 100vw, 683px\" \/><\/figure>\n<\/div>\n\n\n\n<div class=\"wp-block-column is-layout-flow wp-block-column-is-layout-flow\">\n<h2 class=\"wp-block-heading\"><strong>V\u00e4lj r\u00e4tt citrus till din juldekoration<\/strong><\/h2>\n\n\n\n<p>Att torka skivor av citrusfrukter \u00e4r busenkelt. Skiva dem i tunna skivor och l\u00e4gg p\u00e5 ett bakpl\u00e5tspapper. Till v\u00e5r girlang anv\u00e4nde vi apelsin och blodgrape, f\u00f6r att f\u00e5 vackra, juliga f\u00e4rger. Torka skivorna i ugnen p\u00e5 l\u00e5g v\u00e4rme i n\u00e5gra timmar, g\u00e4rna med ugnsluckan lite p\u00e5 gl\u00e4nt. Resultatet blir gyllene, genomskinliga skivor som f\u00e5ngar ljuset som sm\u00e5 solstr\u00e5lar.<\/p>\n\n\n\n<p>L\u00e5t svalna och sedan kan du tr\u00e4 dem p\u00e5 ett sn\u00f6re, g\u00e4rna tillsammans med kanelst\u00e4nger, stj\u00e4rnanis eller sm\u00e5 kvistar av gran eller eukalyptus. Girlangen kan h\u00e4ngas i f\u00f6nstret, \u00f6ver en d\u00f6rrkarm eller runt julgranen och dess naturliga f\u00e4rger ger en varm och rustik k\u00e4nsla till hemmet.<\/p>\n\n\n\n<h3 class=\"wp-block-heading\"><strong>En personlig juldekoration<\/strong><\/h3>\n\n\n\n<p>Det h\u00e4r pysslet passar perfekt f\u00f6r en mysig eftermiddag med familjen och \u00e4r ett fint s\u00e4tt att skapa n\u00e5got personligt inf\u00f6r helgerna.<\/p>\n\n\n\n<p>S\u00e5 ta fram sk\u00e4rbr\u00e4dan, s\u00e4tt p\u00e5 julmusiken och l\u00e5t kreativiteten fl\u00f6da. En girlang av torkad citrus \u00e4r inte bara vacker \u2013 den \u00e4r ett minne av gemenskap som ger f\u00f6rv\u00e4ntan inf\u00f6r julen.<\/p>\n<\/div>\n<\/div>\n\n\n\n<div style=\"height:5px\" aria-hidden=\"true\" class=\"wp-block-spacer\"><\/div>\n\n\n\n<h2 class=\"wp-block-heading has-text-align-center\"><strong>Steg-f\u00f6r-steg: S\u00e5 g\u00f6r du en girlang av torkad citrus<\/strong><\/h2>\n\n\n\n<p class=\"has-text-align-left\"><strong>Du beh\u00f6ver:<\/strong><\/p>\n\n\n\n<ul class=\"wp-block-list\">\n<li>Citrusfrukter<\/li>\n\n\n\n<li>Vass kniv eller mandolin<\/li>\n\n\n\n<li>Bakpl\u00e5tspapper<\/li>\n\n\n\n<li>Sn\u00f6re<\/li>\n\n\n\n<li>N\u00e5l eller liten sax<\/li>\n\n\n\n<li>Eventuella dekorationer: kanelst\u00e4nger, stj\u00e4rnanis, grankvistar, eukalyptus<\/li>\n<\/ul>\n\n\n\n<div class=\"wp-block-columns is-layout-flex wp-container-core-columns-is-layout-28f84493 wp-block-columns-is-layout-flex\">\n<div class=\"wp-block-column is-layout-flow wp-block-column-is-layout-flow\">\n<ul class=\"wp-block-list\"><\/ul>\n\n\n\n<h3 class=\"wp-block-heading\"><strong>1. Skiva frukterna<\/strong><\/h3>\n\n\n\n<p>Sk\u00e4r frukterna i tunna, j\u00e4mna skivor \u2013 cirka 3\u20135 mm tjocka. Anv\u00e4nd en vass kniv eller mandolin f\u00f6r b\u00e4sta resultat. Ju tunnare skivor, desto snabbare torkar de. Tjockare kan l\u00e4tt m\u00f6gla om de inte blir helt torra.<\/p>\n\n\n\n<h3 class=\"wp-block-heading\"><strong><strong>2. Torka i ugn<\/strong><\/strong><\/h3>\n\n\n\n<p>L\u00e4gg skivorna p\u00e5 bakpl\u00e5tspapper och torka i ugnen p\u00e5 75\u2013100\u00b0C i 3\u20135 timmar. V\u00e4nd skivorna d\u00e5 och d\u00e5. L\u00e5t ugnsluckan st\u00e5 lite p\u00e5 gl\u00e4nt f\u00f6r att sl\u00e4ppa ut fukt.<\/p>\n\n\n\n<h3 class=\"wp-block-heading\"><strong><strong>3. L\u00e5t svalna<\/strong><\/strong><\/h3>\n\n\n\n<p>N\u00e4r skivorna \u00e4r torra och inte l\u00e4ngre klibbiga, l\u00e5t dem svalna helt.<\/p>\n\n\n\n<h3 class=\"wp-block-heading\"><strong><strong>4. Tr\u00e4 p\u00e5 sn\u00f6re<\/strong><\/strong><\/h3>\n\n\n\n<p>Anv\u00e4nd en n\u00e5l eller g\u00f6r sm\u00e5 h\u00e5l med en sax och tr\u00e4 skivorna p\u00e5 ett sn\u00f6re. Varva g\u00e4rna med kanelst\u00e4nger, stj\u00e4rnanis eller sm\u00e5 kvistar.<\/p>\n\n\n\n<h3 class=\"wp-block-heading\"><strong><strong>5. H\u00e4ng upp och njut!<\/strong><\/strong><\/h3>\n\n\n\n<p>Girlangen kan till exempel h\u00e4ngas i f\u00f6nstret, p\u00e5 v\u00e4ggen, runt en d\u00f6rrkarm eller i granen.<\/p>\n<\/div>\n\n\n\n<div class=\"wp-block-column is-layout-flow wp-block-column-is-layout-flow\">\n<figure class=\"wp-block-image size-large\"><img loading=\"lazy\" decoding=\"async\" width=\"683\" height=\"1024\" src=\"https:\/\/www.interflora.se\/inspiration\/wp-content\/uploads\/2025\/11\/annesophiebenoit-interflora-sw-48-683x1024.avif\" alt=\"\" class=\"wp-image-4824\" style=\"aspect-ratio:9\/16;object-fit:cover\" srcset=\"https:\/\/www.interflora.se\/inspiration\/wp-content\/uploads\/2025\/11\/annesophiebenoit-interflora-sw-48-683x1024.avif 683w, https:\/\/www.interflora.se\/inspiration\/wp-content\/uploads\/2025\/11\/annesophiebenoit-interflora-sw-48-200x300.avif 200w, https:\/\/www.interflora.se\/inspiration\/wp-content\/uploads\/2025\/11\/annesophiebenoit-interflora-sw-48-768x1152.avif 768w, https:\/\/www.interflora.se\/inspiration\/wp-content\/uploads\/2025\/11\/annesophiebenoit-interflora-sw-48-1024x1536.avif 1024w, https:\/\/www.interflora.se\/inspiration\/wp-content\/uploads\/2025\/11\/annesophiebenoit-interflora-sw-48-1365x2048.avif 1365w, https:\/\/www.interflora.se\/inspiration\/wp-content\/uploads\/2025\/11\/annesophiebenoit-interflora-sw-48-scaled.avif 1707w\" sizes=\"auto, (max-width: 683px) 100vw, 683px\" \/><\/figure>\n<\/div>\n<\/div>\n\n\n\n<div style=\"height:10px\" aria-hidden=\"true\" class=\"wp-block-spacer\"><\/div>\n\n\n\n<div class=\"wp-block-buttons is-content-justification-center is-layout-flex wp-container-core-buttons-is-layout-a89b3969 wp-block-buttons-is-layout-flex\">\n<div class=\"wp-block-button\"><a class=\"wp-block-button__link has-background has-medium-font-size has-text-align-center has-custom-font-size wp-element-button\" href=\"https:\/\/www.interflora.se\/inspiration\/c\/diy\/\" style=\"background-color:#cc7722\">Uppt\u00e4ck v\u00e5ra andra DIY-id\u00e9er<\/a><\/div>\n<\/div>\n","protected":false},"excerpt":{"rendered":"<p>N\u00e4r vinterm\u00f6rkret smyger sig p\u00e5 och julen n\u00e4rmar sig, finns det f\u00e5 saker som skapar s\u00e5 mycket v\u00e4rme och st\u00e4mning [&hellip;]<\/p>\n","protected":false},"author":1,"featured_media":4824,"comment_status":"open","ping_status":"open","sticky":false,"template":"","format":"standard","meta":{"_uag_custom_page_level_css":"","site-sidebar-layout":"default","site-content-layout":"","ast-site-content-layout":"default","site-content-style":"default","site-sidebar-style":"default","ast-global-header-display":"","ast-banner-title-visibility":"","ast-main-header-display":"","ast-hfb-above-header-display":"","ast-hfb-below-header-display":"","ast-hfb-mobile-header-display":"","site-post-title":"","ast-breadcrumbs-content":"","ast-featured-img":"","footer-sml-layout":"","ast-disable-related-posts":"","theme-transparent-header-meta":"","adv-header-id-meta":"","stick-header-meta":"","header-above-stick-meta":"","header-main-stick-meta":"","header-below-stick-meta":"","astra-migrate-meta-layouts":"default","ast-page-background-enabled":"default","ast-page-background-meta":{"desktop":{"background-color":"var(--ast-global-color-5)","background-image":"","background-repeat":"repeat","background-position":"center center","background-size":"auto","background-attachment":"scroll","background-type":"","background-media":"","overlay-type":"","overlay-color":"","overlay-opacity":"","overlay-gradient":""},"tablet":{"background-color":"","background-image":"","background-repeat":"repeat","background-position":"center center","background-size":"auto","background-attachment":"scroll","background-type":"","background-media":"","overlay-type":"","overlay-color":"","overlay-opacity":"","overlay-gradient":""},"mobile":{"background-color":"","background-image":"","background-repeat":"repeat","background-position":"center center","background-size":"auto","background-attachment":"scroll","background-type":"","background-media":"","overlay-type":"","overlay-color":"","overlay-opacity":"","overlay-gradient":""}},"ast-content-background-meta":{"desktop":{"background-color":"var(--ast-global-color-4)","background-image":"","background-repeat":"repeat","background-position":"center center","background-size":"auto","background-attachment":"scroll","background-type":"","background-media":"","overlay-type":"","overlay-color":"","overlay-opacity":"","overlay-gradient":""},"tablet":{"background-color":"var(--ast-global-color-4)","background-image":"","background-repeat":"repeat","background-position":"center center","background-size":"auto","background-attachment":"scroll","background-type":"","background-media":"","overlay-type":"","overlay-color":"","overlay-opacity":"","overlay-gradient":""},"mobile":{"background-color":"var(--ast-global-color-4)","background-image":"","background-repeat":"repeat","background-position":"center center","background-size":"auto","background-attachment":"scroll","background-type":"","background-media":"","overlay-type":"","overlay-color":"","overlay-opacity":"","overlay-gradient":""}},"footnotes":""},"categories":[5,28],"tags":[],"class_list":["post-4886","post","type-post","status-publish","format-standard","has-post-thumbnail","hentry","category-diy","category-jul"],"yoast_head":"<!-- This site is optimized with the Yoast SEO plugin v27.4 - https:\/\/yoast.com\/product\/yoast-seo-wordpress\/ -->\n<title>DIY Juldekoration: Girlang av torkad citrus | Interflora<\/title>\n<meta name=\"description\" content=\"L\u00e4r dig g\u00f6ra en vacker och hemtrevlig juldekoration av torkad citrus. Ett perfekt julpyssel f\u00f6r b\u00e5de stora och sm\u00e5.\" \/>\n<meta name=\"robots\" content=\"index, follow, max-snippet:-1, max-image-preview:large, max-video-preview:-1\" \/>\n<link rel=\"canonical\" href=\"https:\/\/www.interflora.se\/inspiration\/diy-juldekoration-skapa-julstamning-med-en-girlang-av-torkad-citrus\/\" \/>\n<meta property=\"og:locale\" content=\"sv_SE\" \/>\n<meta property=\"og:type\" content=\"article\" \/>\n<meta property=\"og:title\" content=\"DIY Juldekoration: Girlang av torkad citrus | Interflora\" \/>\n<meta property=\"og:description\" content=\"L\u00e4r dig g\u00f6ra en vacker och hemtrevlig juldekoration av torkad citrus. Ett perfekt julpyssel f\u00f6r b\u00e5de stora och sm\u00e5.\" \/>\n<meta property=\"og:url\" content=\"https:\/\/www.interflora.se\/inspiration\/diy-juldekoration-skapa-julstamning-med-en-girlang-av-torkad-citrus\/\" \/>\n<meta property=\"og:site_name\" content=\"Inspiration om blommor, krukv\u00e4xter &amp; trender | Interflora\" \/>\n<meta property=\"article:publisher\" content=\"https:\/\/www.facebook.com\/InterfloraAB\" \/>\n<meta property=\"article:published_time\" content=\"2025-11-13T13:16:03+00:00\" \/>\n<meta property=\"article:modified_time\" content=\"2025-11-14T15:08:48+00:00\" \/>\n<meta property=\"og:image\" content=\"https:\/\/www.interflora.se\/inspiration\/wp-content\/uploads\/2025\/11\/annesophiebenoit-interflora-sw-48-scaled.avif\" \/>\n\t<meta property=\"og:image:width\" content=\"1707\" \/>\n\t<meta property=\"og:image:height\" content=\"2560\" \/>\n\t<meta property=\"og:image:type\" content=\"image\/jpeg\" \/>\n<meta name=\"author\" content=\"admin\" \/>\n<meta name=\"twitter:card\" content=\"summary_large_image\" \/>\n<meta name=\"twitter:label1\" content=\"Skriven av\" \/>\n\t<meta name=\"twitter:data1\" content=\"admin\" \/>\n\t<meta name=\"twitter:label2\" content=\"Ber\u00e4knad l\u00e4stid\" \/>\n\t<meta name=\"twitter:data2\" content=\"3 minuter\" \/>\n<script type=\"application\/ld+json\" class=\"yoast-schema-graph\">{\"@context\":\"https:\\\/\\\/schema.org\",\"@graph\":[{\"@type\":\"Article\",\"@id\":\"https:\\\/\\\/www.interflora.se\\\/inspiration\\\/diy-juldekoration-skapa-julstamning-med-en-girlang-av-torkad-citrus\\\/#article\",\"isPartOf\":{\"@id\":\"https:\\\/\\\/www.interflora.se\\\/inspiration\\\/diy-juldekoration-skapa-julstamning-med-en-girlang-av-torkad-citrus\\\/\"},\"author\":{\"name\":\"admin\",\"@id\":\"https:\\\/\\\/www.interflora.se\\\/inspiration\\\/#\\\/schema\\\/person\\\/dbbd1ad45e05409c356dc639597669f2\"},\"headline\":\"DIY Juldekoration: Skapa julst\u00e4mning med en girlang av torkad citrus\",\"datePublished\":\"2025-11-13T13:16:03+00:00\",\"dateModified\":\"2025-11-14T15:08:48+00:00\",\"mainEntityOfPage\":{\"@id\":\"https:\\\/\\\/www.interflora.se\\\/inspiration\\\/diy-juldekoration-skapa-julstamning-med-en-girlang-av-torkad-citrus\\\/\"},\"wordCount\":479,\"commentCount\":0,\"publisher\":{\"@id\":\"https:\\\/\\\/www.interflora.se\\\/inspiration\\\/#organization\"},\"image\":{\"@id\":\"https:\\\/\\\/www.interflora.se\\\/inspiration\\\/diy-juldekoration-skapa-julstamning-med-en-girlang-av-torkad-citrus\\\/#primaryimage\"},\"thumbnailUrl\":\"https:\\\/\\\/www.interflora.se\\\/inspiration\\\/wp-content\\\/uploads\\\/2025\\\/11\\\/annesophiebenoit-interflora-sw-48-scaled.avif\",\"articleSection\":[\"DIY\",\"Jul: Inspiration f\u00f6r en magisk vinter\"],\"inLanguage\":\"sv-SE\",\"potentialAction\":[{\"@type\":\"CommentAction\",\"name\":\"Comment\",\"target\":[\"https:\\\/\\\/www.interflora.se\\\/inspiration\\\/diy-juldekoration-skapa-julstamning-med-en-girlang-av-torkad-citrus\\\/#respond\"]}]},{\"@type\":\"WebPage\",\"@id\":\"https:\\\/\\\/www.interflora.se\\\/inspiration\\\/diy-juldekoration-skapa-julstamning-med-en-girlang-av-torkad-citrus\\\/\",\"url\":\"https:\\\/\\\/www.interflora.se\\\/inspiration\\\/diy-juldekoration-skapa-julstamning-med-en-girlang-av-torkad-citrus\\\/\",\"name\":\"DIY Juldekoration: Girlang av torkad citrus | Interflora\",\"isPartOf\":{\"@id\":\"https:\\\/\\\/www.interflora.se\\\/inspiration\\\/#website\"},\"primaryImageOfPage\":{\"@id\":\"https:\\\/\\\/www.interflora.se\\\/inspiration\\\/diy-juldekoration-skapa-julstamning-med-en-girlang-av-torkad-citrus\\\/#primaryimage\"},\"image\":{\"@id\":\"https:\\\/\\\/www.interflora.se\\\/inspiration\\\/diy-juldekoration-skapa-julstamning-med-en-girlang-av-torkad-citrus\\\/#primaryimage\"},\"thumbnailUrl\":\"https:\\\/\\\/www.interflora.se\\\/inspiration\\\/wp-content\\\/uploads\\\/2025\\\/11\\\/annesophiebenoit-interflora-sw-48-scaled.avif\",\"datePublished\":\"2025-11-13T13:16:03+00:00\",\"dateModified\":\"2025-11-14T15:08:48+00:00\",\"description\":\"L\u00e4r dig g\u00f6ra en vacker och hemtrevlig juldekoration av torkad citrus. Ett perfekt julpyssel f\u00f6r b\u00e5de stora och sm\u00e5.\",\"breadcrumb\":{\"@id\":\"https:\\\/\\\/www.interflora.se\\\/inspiration\\\/diy-juldekoration-skapa-julstamning-med-en-girlang-av-torkad-citrus\\\/#breadcrumb\"},\"inLanguage\":\"sv-SE\",\"potentialAction\":[{\"@type\":\"ReadAction\",\"target\":[\"https:\\\/\\\/www.interflora.se\\\/inspiration\\\/diy-juldekoration-skapa-julstamning-med-en-girlang-av-torkad-citrus\\\/\"]}]},{\"@type\":\"ImageObject\",\"inLanguage\":\"sv-SE\",\"@id\":\"https:\\\/\\\/www.interflora.se\\\/inspiration\\\/diy-juldekoration-skapa-julstamning-med-en-girlang-av-torkad-citrus\\\/#primaryimage\",\"url\":\"https:\\\/\\\/www.interflora.se\\\/inspiration\\\/wp-content\\\/uploads\\\/2025\\\/11\\\/annesophiebenoit-interflora-sw-48-scaled.avif\",\"contentUrl\":\"https:\\\/\\\/www.interflora.se\\\/inspiration\\\/wp-content\\\/uploads\\\/2025\\\/11\\\/annesophiebenoit-interflora-sw-48-scaled.avif\",\"width\":1707,\"height\":2560,\"caption\":\"Evoto\"},{\"@type\":\"BreadcrumbList\",\"@id\":\"https:\\\/\\\/www.interflora.se\\\/inspiration\\\/diy-juldekoration-skapa-julstamning-med-en-girlang-av-torkad-citrus\\\/#breadcrumb\",\"itemListElement\":[{\"@type\":\"ListItem\",\"position\":1,\"name\":\"Home\",\"item\":\"https:\\\/\\\/www.interflora.se\\\/inspiration\\\/\"},{\"@type\":\"ListItem\",\"position\":2,\"name\":\"DIY Juldekoration: Skapa julst\u00e4mning med en girlang av torkad citrus\"}]},{\"@type\":\"WebSite\",\"@id\":\"https:\\\/\\\/www.interflora.se\\\/inspiration\\\/#website\",\"url\":\"https:\\\/\\\/www.interflora.se\\\/inspiration\\\/\",\"name\":\"Interflora\",\"description\":\"\",\"publisher\":{\"@id\":\"https:\\\/\\\/www.interflora.se\\\/inspiration\\\/#organization\"},\"potentialAction\":[{\"@type\":\"SearchAction\",\"target\":{\"@type\":\"EntryPoint\",\"urlTemplate\":\"https:\\\/\\\/www.interflora.se\\\/inspiration\\\/?s={search_term_string}\"},\"query-input\":{\"@type\":\"PropertyValueSpecification\",\"valueRequired\":true,\"valueName\":\"search_term_string\"}}],\"inLanguage\":\"sv-SE\"},{\"@type\":\"Organization\",\"@id\":\"https:\\\/\\\/www.interflora.se\\\/inspiration\\\/#organization\",\"name\":\"Interflora\",\"url\":\"https:\\\/\\\/www.interflora.se\\\/inspiration\\\/\",\"logo\":{\"@type\":\"ImageObject\",\"inLanguage\":\"sv-SE\",\"@id\":\"https:\\\/\\\/www.interflora.se\\\/inspiration\\\/#\\\/schema\\\/logo\\\/image\\\/\",\"url\":\"https:\\\/\\\/www.interflora.se\\\/inspiration\\\/wp-content\\\/uploads\\\/2025\\\/09\\\/cropped-220422_INTERFLORA_Logo_rgb_Half_Top_Circle_Main_Color.avif\",\"contentUrl\":\"https:\\\/\\\/www.interflora.se\\\/inspiration\\\/wp-content\\\/uploads\\\/2025\\\/09\\\/cropped-220422_INTERFLORA_Logo_rgb_Half_Top_Circle_Main_Color.avif\",\"width\":1418,\"height\":662,\"caption\":\"Interflora\"},\"image\":{\"@id\":\"https:\\\/\\\/www.interflora.se\\\/inspiration\\\/#\\\/schema\\\/logo\\\/image\\\/\"},\"sameAs\":[\"https:\\\/\\\/www.facebook.com\\\/InterfloraAB\",\"https:\\\/\\\/www.instagram.com\\\/interflora_ab\\\/\",\"https:\\\/\\\/www.linkedin.com\\\/company\\\/1494362\",\"https:\\\/\\\/www.youtube.com\\\/channel\\\/UCZgDzGWB2VRxaoWFUmXnk1w\"]},{\"@type\":\"Person\",\"@id\":\"https:\\\/\\\/www.interflora.se\\\/inspiration\\\/#\\\/schema\\\/person\\\/dbbd1ad45e05409c356dc639597669f2\",\"name\":\"admin\",\"image\":{\"@type\":\"ImageObject\",\"inLanguage\":\"sv-SE\",\"@id\":\"https:\\\/\\\/www.interflora.se\\\/inspiration\\\/wp-content\\\/litespeed\\\/avatar\\\/1fe3cced9e67df62d0a6f995d75823a5.jpg?ver=1777362393\",\"url\":\"https:\\\/\\\/www.interflora.se\\\/inspiration\\\/wp-content\\\/litespeed\\\/avatar\\\/1fe3cced9e67df62d0a6f995d75823a5.jpg?ver=1777362393\",\"contentUrl\":\"https:\\\/\\\/www.interflora.se\\\/inspiration\\\/wp-content\\\/litespeed\\\/avatar\\\/1fe3cced9e67df62d0a6f995d75823a5.jpg?ver=1777362393\",\"caption\":\"admin\"},\"sameAs\":[\"https:\\\/\\\/www.interflora.se\\\/inspiration\"],\"url\":\"https:\\\/\\\/www.interflora.se\\\/inspiration\\\/author\\\/admin\\\/\"}]}<\/script>\n<!-- \/ Yoast SEO plugin. -->","yoast_head_json":{"title":"DIY Juldekoration: Girlang av torkad citrus | Interflora","description":"L\u00e4r dig g\u00f6ra en vacker och hemtrevlig juldekoration av torkad citrus. Ett perfekt julpyssel f\u00f6r b\u00e5de stora och sm\u00e5.","robots":{"index":"index","follow":"follow","max-snippet":"max-snippet:-1","max-image-preview":"max-image-preview:large","max-video-preview":"max-video-preview:-1"},"canonical":"https:\/\/www.interflora.se\/inspiration\/diy-juldekoration-skapa-julstamning-med-en-girlang-av-torkad-citrus\/","og_locale":"sv_SE","og_type":"article","og_title":"DIY Juldekoration: Girlang av torkad citrus | Interflora","og_description":"L\u00e4r dig g\u00f6ra en vacker och hemtrevlig juldekoration av torkad citrus. Ett perfekt julpyssel f\u00f6r b\u00e5de stora och sm\u00e5.","og_url":"https:\/\/www.interflora.se\/inspiration\/diy-juldekoration-skapa-julstamning-med-en-girlang-av-torkad-citrus\/","og_site_name":"Inspiration om blommor, krukv\u00e4xter &amp; trender | Interflora","article_publisher":"https:\/\/www.facebook.com\/InterfloraAB","article_published_time":"2025-11-13T13:16:03+00:00","article_modified_time":"2025-11-14T15:08:48+00:00","og_image":[{"width":1707,"height":2560,"url":"https:\/\/www.interflora.se\/inspiration\/wp-content\/uploads\/2025\/11\/annesophiebenoit-interflora-sw-48-scaled.avif","type":"image\/jpeg"}],"author":"admin","twitter_card":"summary_large_image","twitter_misc":{"Skriven av":"admin","Ber\u00e4knad l\u00e4stid":"3 minuter"},"schema":{"@context":"https:\/\/schema.org","@graph":[{"@type":"Article","@id":"https:\/\/www.interflora.se\/inspiration\/diy-juldekoration-skapa-julstamning-med-en-girlang-av-torkad-citrus\/#article","isPartOf":{"@id":"https:\/\/www.interflora.se\/inspiration\/diy-juldekoration-skapa-julstamning-med-en-girlang-av-torkad-citrus\/"},"author":{"name":"admin","@id":"https:\/\/www.interflora.se\/inspiration\/#\/schema\/person\/dbbd1ad45e05409c356dc639597669f2"},"headline":"DIY Juldekoration: Skapa julst\u00e4mning med en girlang av torkad citrus","datePublished":"2025-11-13T13:16:03+00:00","dateModified":"2025-11-14T15:08:48+00:00","mainEntityOfPage":{"@id":"https:\/\/www.interflora.se\/inspiration\/diy-juldekoration-skapa-julstamning-med-en-girlang-av-torkad-citrus\/"},"wordCount":479,"commentCount":0,"publisher":{"@id":"https:\/\/www.interflora.se\/inspiration\/#organization"},"image":{"@id":"https:\/\/www.interflora.se\/inspiration\/diy-juldekoration-skapa-julstamning-med-en-girlang-av-torkad-citrus\/#primaryimage"},"thumbnailUrl":"https:\/\/www.interflora.se\/inspiration\/wp-content\/uploads\/2025\/11\/annesophiebenoit-interflora-sw-48-scaled.avif","articleSection":["DIY","Jul: Inspiration f\u00f6r en magisk vinter"],"inLanguage":"sv-SE","potentialAction":[{"@type":"CommentAction","name":"Comment","target":["https:\/\/www.interflora.se\/inspiration\/diy-juldekoration-skapa-julstamning-med-en-girlang-av-torkad-citrus\/#respond"]}]},{"@type":"WebPage","@id":"https:\/\/www.interflora.se\/inspiration\/diy-juldekoration-skapa-julstamning-med-en-girlang-av-torkad-citrus\/","url":"https:\/\/www.interflora.se\/inspiration\/diy-juldekoration-skapa-julstamning-med-en-girlang-av-torkad-citrus\/","name":"DIY Juldekoration: Girlang av torkad citrus | Interflora","isPartOf":{"@id":"https:\/\/www.interflora.se\/inspiration\/#website"},"primaryImageOfPage":{"@id":"https:\/\/www.interflora.se\/inspiration\/diy-juldekoration-skapa-julstamning-med-en-girlang-av-torkad-citrus\/#primaryimage"},"image":{"@id":"https:\/\/www.interflora.se\/inspiration\/diy-juldekoration-skapa-julstamning-med-en-girlang-av-torkad-citrus\/#primaryimage"},"thumbnailUrl":"https:\/\/www.interflora.se\/inspiration\/wp-content\/uploads\/2025\/11\/annesophiebenoit-interflora-sw-48-scaled.avif","datePublished":"2025-11-13T13:16:03+00:00","dateModified":"2025-11-14T15:08:48+00:00","description":"L\u00e4r dig g\u00f6ra en vacker och hemtrevlig juldekoration av torkad citrus. Ett perfekt julpyssel f\u00f6r b\u00e5de stora och sm\u00e5.","breadcrumb":{"@id":"https:\/\/www.interflora.se\/inspiration\/diy-juldekoration-skapa-julstamning-med-en-girlang-av-torkad-citrus\/#breadcrumb"},"inLanguage":"sv-SE","potentialAction":[{"@type":"ReadAction","target":["https:\/\/www.interflora.se\/inspiration\/diy-juldekoration-skapa-julstamning-med-en-girlang-av-torkad-citrus\/"]}]},{"@type":"ImageObject","inLanguage":"sv-SE","@id":"https:\/\/www.interflora.se\/inspiration\/diy-juldekoration-skapa-julstamning-med-en-girlang-av-torkad-citrus\/#primaryimage","url":"https:\/\/www.interflora.se\/inspiration\/wp-content\/uploads\/2025\/11\/annesophiebenoit-interflora-sw-48-scaled.avif","contentUrl":"https:\/\/www.interflora.se\/inspiration\/wp-content\/uploads\/2025\/11\/annesophiebenoit-interflora-sw-48-scaled.avif","width":1707,"height":2560,"caption":"Evoto"},{"@type":"BreadcrumbList","@id":"https:\/\/www.interflora.se\/inspiration\/diy-juldekoration-skapa-julstamning-med-en-girlang-av-torkad-citrus\/#breadcrumb","itemListElement":[{"@type":"ListItem","position":1,"name":"Home","item":"https:\/\/www.interflora.se\/inspiration\/"},{"@type":"ListItem","position":2,"name":"DIY Juldekoration: Skapa julst\u00e4mning med en girlang av torkad citrus"}]},{"@type":"WebSite","@id":"https:\/\/www.interflora.se\/inspiration\/#website","url":"https:\/\/www.interflora.se\/inspiration\/","name":"Interflora","description":"","publisher":{"@id":"https:\/\/www.interflora.se\/inspiration\/#organization"},"potentialAction":[{"@type":"SearchAction","target":{"@type":"EntryPoint","urlTemplate":"https:\/\/www.interflora.se\/inspiration\/?s={search_term_string}"},"query-input":{"@type":"PropertyValueSpecification","valueRequired":true,"valueName":"search_term_string"}}],"inLanguage":"sv-SE"},{"@type":"Organization","@id":"https:\/\/www.interflora.se\/inspiration\/#organization","name":"Interflora","url":"https:\/\/www.interflora.se\/inspiration\/","logo":{"@type":"ImageObject","inLanguage":"sv-SE","@id":"https:\/\/www.interflora.se\/inspiration\/#\/schema\/logo\/image\/","url":"https:\/\/www.interflora.se\/inspiration\/wp-content\/uploads\/2025\/09\/cropped-220422_INTERFLORA_Logo_rgb_Half_Top_Circle_Main_Color.avif","contentUrl":"https:\/\/www.interflora.se\/inspiration\/wp-content\/uploads\/2025\/09\/cropped-220422_INTERFLORA_Logo_rgb_Half_Top_Circle_Main_Color.avif","width":1418,"height":662,"caption":"Interflora"},"image":{"@id":"https:\/\/www.interflora.se\/inspiration\/#\/schema\/logo\/image\/"},"sameAs":["https:\/\/www.facebook.com\/InterfloraAB","https:\/\/www.instagram.com\/interflora_ab\/","https:\/\/www.linkedin.com\/company\/1494362","https:\/\/www.youtube.com\/channel\/UCZgDzGWB2VRxaoWFUmXnk1w"]},{"@type":"Person","@id":"https:\/\/www.interflora.se\/inspiration\/#\/schema\/person\/dbbd1ad45e05409c356dc639597669f2","name":"admin","image":{"@type":"ImageObject","inLanguage":"sv-SE","@id":"https:\/\/www.interflora.se\/inspiration\/wp-content\/litespeed\/avatar\/1fe3cced9e67df62d0a6f995d75823a5.jpg?ver=1777362393","url":"https:\/\/www.interflora.se\/inspiration\/wp-content\/litespeed\/avatar\/1fe3cced9e67df62d0a6f995d75823a5.jpg?ver=1777362393","contentUrl":"https:\/\/www.interflora.se\/inspiration\/wp-content\/litespeed\/avatar\/1fe3cced9e67df62d0a6f995d75823a5.jpg?ver=1777362393","caption":"admin"},"sameAs":["https:\/\/www.interflora.se\/inspiration"],"url":"https:\/\/www.interflora.se\/inspiration\/author\/admin\/"}]}},"uagb_featured_image_src":{"full":["https:\/\/www.interflora.se\/inspiration\/wp-content\/uploads\/2025\/11\/annesophiebenoit-interflora-sw-48-scaled.avif",1707,2560,false],"thumbnail":["https:\/\/www.interflora.se\/inspiration\/wp-content\/uploads\/2025\/11\/annesophiebenoit-interflora-sw-48-150x150.avif",150,150,true],"medium":["https:\/\/www.interflora.se\/inspiration\/wp-content\/uploads\/2025\/11\/annesophiebenoit-interflora-sw-48-200x300.avif",200,300,true],"medium_large":["https:\/\/www.interflora.se\/inspiration\/wp-content\/uploads\/2025\/11\/annesophiebenoit-interflora-sw-48-768x1152.avif",768,1152,true],"large":["https:\/\/www.interflora.se\/inspiration\/wp-content\/uploads\/2025\/11\/annesophiebenoit-interflora-sw-48-683x1024.avif",683,1024,true],"1536x1536":["https:\/\/www.interflora.se\/inspiration\/wp-content\/uploads\/2025\/11\/annesophiebenoit-interflora-sw-48-1024x1536.avif",1024,1536,true],"2048x2048":["https:\/\/www.interflora.se\/inspiration\/wp-content\/uploads\/2025\/11\/annesophiebenoit-interflora-sw-48-1365x2048.avif",1365,2048,true]},"uagb_author_info":{"display_name":"admin","author_link":"https:\/\/www.interflora.se\/inspiration\/author\/admin\/"},"uagb_comment_info":0,"uagb_excerpt":"N\u00e4r vinterm\u00f6rkret smyger sig p\u00e5 och julen n\u00e4rmar sig, finns det f\u00e5 saker som skapar s\u00e5 mycket v\u00e4rme och st\u00e4mning [&hellip;]","_links":{"self":[{"href":"https:\/\/www.interflora.se\/inspiration\/wp-json\/wp\/v2\/posts\/4886","targetHints":{"allow":["GET"]}}],"collection":[{"href":"https:\/\/www.interflora.se\/inspiration\/wp-json\/wp\/v2\/posts"}],"about":[{"href":"https:\/\/www.interflora.se\/inspiration\/wp-json\/wp\/v2\/types\/post"}],"author":[{"embeddable":true,"href":"https:\/\/www.interflora.se\/inspiration\/wp-json\/wp\/v2\/users\/1"}],"replies":[{"embeddable":true,"href":"https:\/\/www.interflora.se\/inspiration\/wp-json\/wp\/v2\/comments?post=4886"}],"version-history":[{"count":2,"href":"https:\/\/www.interflora.se\/inspiration\/wp-json\/wp\/v2\/posts\/4886\/revisions"}],"predecessor-version":[{"id":4890,"href":"https:\/\/www.interflora.se\/inspiration\/wp-json\/wp\/v2\/posts\/4886\/revisions\/4890"}],"wp:featuredmedia":[{"embeddable":true,"href":"https:\/\/www.interflora.se\/inspiration\/wp-json\/wp\/v2\/media\/4824"}],"wp:attachment":[{"href":"https:\/\/www.interflora.se\/inspiration\/wp-json\/wp\/v2\/media?parent=4886"}],"wp:term":[{"taxonomy":"category","embeddable":true,"href":"https:\/\/www.interflora.se\/inspiration\/wp-json\/wp\/v2\/categories?post=4886"},{"taxonomy":"post_tag","embeddable":true,"href":"https:\/\/www.interflora.se\/inspiration\/wp-json\/wp\/v2\/tags?post=4886"}],"curies":[{"name":"wp","href":"https:\/\/api.w.org\/{rel}","templated":true}]}}