{"id":446,"date":"2024-04-27T00:24:04","date_gmt":"2024-04-26T22:24:04","guid":{"rendered":"http:\/\/preprodblog.interflora.se\/blog\/?p=446"},"modified":"2025-03-26T11:22:19","modified_gmt":"2025-03-26T10:22:19","slug":"vaxtkassar","status":"publish","type":"post","link":"https:\/\/www.interflora.se\/inspiration\/vaxtkassar\/","title":{"rendered":"V\u00e4xtkassar &#8211; v\u00e4xter som trivs tillsammans"},"content":{"rendered":"\n<p>K\u00e4nns det tomt i hemmets alla f\u00f6nster. Med nya krukv\u00e4xter, stora som sm\u00e5, f\u00e5r du enkelt ny energi till ditt hem. F\u00f6r dig som tycker det \u00e4r sv\u00e5rt att v\u00e4lja passande krukv\u00e4xter eller vill ha flera v\u00e4xter som passar ihop finns flera olika v\u00e4xtkassar. H\u00e4r visar vi upp 5 stycken att inspireras av!<\/p>\n\n\n\n<h2 class=\"wp-block-heading\">L\u00e4ttsk\u00f6tta kassen<\/h2>\n\n\n\n<p>\u00c4r dina fingrar inte helt gr\u00f6na \u00e4n? Inga problem! Den l\u00e4ttsk\u00f6tta kassen inneh\u00e5ller aloe vera, silverranka och sv\u00e4rmorstunga, som alla tre inte beh\u00f6ver s\u00e5 mycket omsorg.<\/p>\n\n\n\n<figure class=\"wp-block-image aligncenter size-full\"><img loading=\"lazy\" decoding=\"async\" width=\"745\" height=\"745\" src=\"https:\/\/www.interflora.se\/inspiration\/wp-content\/uploads\/2024\/04\/image-5.png\" alt=\"\" class=\"wp-image-1739\" srcset=\"https:\/\/www.interflora.se\/inspiration\/wp-content\/uploads\/2024\/04\/image-5.png 745w, https:\/\/www.interflora.se\/inspiration\/wp-content\/uploads\/2024\/04\/image-5-300x300.png 300w, https:\/\/www.interflora.se\/inspiration\/wp-content\/uploads\/2024\/04\/image-5-150x150.png 150w\" sizes=\"auto, (max-width: 745px) 100vw, 745px\" \/><\/figure>\n\n\n\n<p><a href=\"https:\/\/www.interflora.se\/home\/krukvaxter\/alla-krukvaxter\/aloe-vera\/\">Aloe vera<\/a>\u00a0\u00e4r en av de mest l\u00e4ttsk\u00f6tta v\u00e4xterna som finns och vill st\u00e5 ljust. Ge den vatten varannan vecka och l\u00e5t jorden torka ut mellan vattningarna.\u00a0<a href=\"https:\/\/www.interflora.se\/home\/krukvaxter\/alla-krukvaxter\/silverranka-grona-flora\/\">Silverrankan<\/a>\u00a0med sina snygga silverst\u00e4nkta blad beh\u00f6ver inte s\u00e5 mycket uppm\u00e4rksamhet och kan placeras lite l\u00e4ngre in i rummet.\u00a0<a href=\"https:\/\/www.interflora.se\/home\/krukvaxter\/alla-krukvaxter\/svarmorstunga-grona-flora\/\">Sv\u00e4rmorstungan<\/a>\u00a0\u00e4r k\u00e4nd f\u00f6r att klara n\u00e4stan alla placeringar och beh\u00f6ver endast vatten n\u00e4r jorden \u00e4r torr.<\/p>\n\n\n\n<div class=\"wp-block-buttons is-content-justification-center is-layout-flex wp-container-core-buttons-is-layout-a89b3969 wp-block-buttons-is-layout-flex\">\n<div class=\"wp-block-button\"><a class=\"wp-block-button__link wp-element-button\" href=\"https:\/\/www.interflora.se\/home\/krukvaxter\/vaxtkassar\/paket-med-lattskotta-vaxter-grona-flora\/\">Best\u00e4ll hem l\u00e4ttsk\u00f6tta kassen!<\/a><\/div>\n<\/div>\n\n\n\n<h2 class=\"wp-block-heading\">Dekorativa blad-kassen<\/h2>\n\n\n\n<p>V\u00e4xter med f\u00e4rgrika och dekorativa blad sp\u00e5s bli en av \u00e5rets st\u00f6rsta trender. Fyll f\u00f6nster och hyllor med sp\u00e4nnande v\u00e4xter som har vackra och lite annorlunda blad f\u00f6r att skapa dynamik till ditt hem.<\/p>\n\n\n\n<figure class=\"wp-block-image aligncenter size-full\"><img loading=\"lazy\" decoding=\"async\" width=\"800\" height=\"1000\" src=\"https:\/\/www.interflora.se\/inspiration\/wp-content\/uploads\/2024\/04\/image-6.png\" alt=\"\" class=\"wp-image-1740\" srcset=\"https:\/\/www.interflora.se\/inspiration\/wp-content\/uploads\/2024\/04\/image-6.png 800w, https:\/\/www.interflora.se\/inspiration\/wp-content\/uploads\/2024\/04\/image-6-240x300.png 240w, https:\/\/www.interflora.se\/inspiration\/wp-content\/uploads\/2024\/04\/image-6-768x960.png 768w\" sizes=\"auto, (max-width: 800px) 100vw, 800px\" \/><\/figure>\n\n\n\n<p>Dekorativa blad-kassen inneh\u00e5ller tre v\u00e4xter som alla har f\u00e4rgrika och dekorativa bladverk.&nbsp;<a href=\"https:\/\/www.interflora.se\/home\/krukvaxter\/alla-krukvaxter\/begonia-pink-polka-dot-grona-flora\/\">Begonia pink polka dot<\/a>&nbsp;har sm\u00e5 rosa prickar p\u00e5 de vackra vinr\u00f6da bladen,&nbsp;<a href=\"https:\/\/www.interflora.se\/home\/krukvaxter\/alla-krukvaxter\/monstera-monkey-mask\/\">monstera monkey mask<\/a>&nbsp;har ih\u00e5liga och sp\u00e4nnande blad och&nbsp;<a href=\"https:\/\/www.interflora.se\/home\/krukvaxter\/alla-krukvaxter\/papuaskold-grona-flora\/\">Papuask\u00f6ld<\/a>&nbsp;har v\u00e5gigt gr\u00f6na och lila blad.<\/p>\n\n\n\n<div class=\"wp-block-buttons is-content-justification-center is-layout-flex wp-container-core-buttons-is-layout-a89b3969 wp-block-buttons-is-layout-flex\">\n<div class=\"wp-block-button\"><a class=\"wp-block-button__link wp-element-button\" href=\"https:\/\/www.interflora.se\/home\/krukvaxter\/vaxtkassar\/paket-med-dekorativa-blad-grona-flora\/\">Best\u00e4ll hem kassen!<\/a><\/div>\n<\/div>\n\n\n\n<h2 class=\"wp-block-heading\">Hemmakontoret-kassen<\/h2>\n\n\n\n<p>Om du har flyttat hem kontoret och beh\u00f6ver inreda det med v\u00e4xter som du m\u00e5r bra av \u00e4r Hemmakontoret-kassen \u00e4r bra b\u00f6rjan till ett b\u00e4ttre arbetsklimat.<\/p>\n\n\n\n<figure class=\"wp-block-image aligncenter size-full\"><img loading=\"lazy\" decoding=\"async\" width=\"1000\" height=\"1000\" src=\"https:\/\/www.interflora.se\/inspiration\/wp-content\/uploads\/2024\/04\/image-7.png\" alt=\"\" class=\"wp-image-1741\" srcset=\"https:\/\/www.interflora.se\/inspiration\/wp-content\/uploads\/2024\/04\/image-7.png 1000w, https:\/\/www.interflora.se\/inspiration\/wp-content\/uploads\/2024\/04\/image-7-300x300.png 300w, https:\/\/www.interflora.se\/inspiration\/wp-content\/uploads\/2024\/04\/image-7-150x150.png 150w, https:\/\/www.interflora.se\/inspiration\/wp-content\/uploads\/2024\/04\/image-7-768x768.png 768w\" sizes=\"auto, (max-width: 1000px) 100vw, 1000px\" \/><\/figure>\n\n\n\n<p>Kassen inneh\u00e5ller\u00a0<a href=\"https:\/\/www.interflora.se\/home\/krukvaxter\/alla-krukvaxter\/rundcalatea-grona-flora\/\">rundcalathea<\/a>,\u00a0<a href=\"https:\/\/www.interflora.se\/home\/krukvaxter\/alla-krukvaxter\/Murgrona-15-cm\/\">murgr\u00f6na<\/a>\u00a0och\u00a0<a href=\"https:\/\/www.interflora.se\/home\/krukvaxter\/alla-krukvaxter\/paraplyaralia-grona-flora\/\">paraplyaralia<\/a>. V\u00e4xterna \u00e4r noga utvalda f\u00f6r att skapa ett lugn, \u00f6ka ditt hum\u00f6r och f\u00f6r att du ska kunna arbeta mer fokuserat och kreativt.<\/p>\n\n\n\n<div class=\"wp-block-buttons is-content-justification-center is-layout-flex wp-container-core-buttons-is-layout-a89b3969 wp-block-buttons-is-layout-flex\">\n<div class=\"wp-block-button\"><a class=\"wp-block-button__link wp-element-button\" href=\"https:\/\/www.interflora.se\/home\/krukvaxter\/vaxtkassar\/paket-for-hemmakontoret-grona-flora\/\">KLICKA HEM V\u00c4XTER TILL KONTORET<\/a><\/div>\n<\/div>\n\n\n\n<h2 class=\"wp-block-heading\">Norrl\u00e4get-kassen<\/h2>\n\n\n\n<p>Har du ett f\u00f6nster som vetter mot norr och som du tycker \u00e4r sv\u00e5rt att hitta v\u00e4xter till? D\u00e5 g\u00f6r Norrl\u00e4get-kassen det enkelt f\u00f6r dig.&nbsp;Alla tre krukv\u00e4xter i kassen \u00e4r anpassade f\u00f6r att st\u00e5 just i ett f\u00f6nster med mindre sol.<\/p>\n\n\n\n<figure class=\"wp-block-image aligncenter size-full\"><img loading=\"lazy\" decoding=\"async\" width=\"1000\" height=\"1000\" src=\"https:\/\/www.interflora.se\/inspiration\/wp-content\/uploads\/2024\/04\/image-8.png\" alt=\"\" class=\"wp-image-1742\" srcset=\"https:\/\/www.interflora.se\/inspiration\/wp-content\/uploads\/2024\/04\/image-8.png 1000w, https:\/\/www.interflora.se\/inspiration\/wp-content\/uploads\/2024\/04\/image-8-300x300.png 300w, https:\/\/www.interflora.se\/inspiration\/wp-content\/uploads\/2024\/04\/image-8-150x150.png 150w, https:\/\/www.interflora.se\/inspiration\/wp-content\/uploads\/2024\/04\/image-8-768x768.png 768w\" sizes=\"auto, (max-width: 1000px) 100vw, 1000px\" \/><\/figure>\n\n\n\n<p><a href=\"https:\/\/www.interflora.se\/home\/krukvaxter\/alla-krukvaxter\/rundcalatea-grona-flora\/\">Rundcalathea<\/a>\u00a0\u00e4r en l\u00e4cker v\u00e4xt med sp\u00e4nnande bladverk. Den vill ha vatten n\u00e4r jorden k\u00e4nns torr p\u00e5 ytan och gillar att f\u00e5 bladen duschade lite d\u00e5 och d\u00e5.\u00a0<a href=\"https:\/\/www.interflora.se\/home\/krukvaxter\/alla-krukvaxter\/elefantora-25-cm--\/\">Elefant\u00f6ra<\/a>\u00a0\u00e4r retrov\u00e4xten som har gjort comeback och som du l\u00e4tt kan ta sticklingar av. Ge den vatten en g\u00e5ng i veckan och l\u00e5t jorden torka ut.\u00a0<a href=\"https:\/\/www.interflora.se\/home\/krukvaxter\/alla-krukvaxter\/monstera-50-cm\/\">Monstera<\/a>\u00a0\u00e4r en klassiker som ger ett tropiskt intryck. Den gillar fuktigt klimat s\u00e5 spreja bladen regelbundet f\u00f6r att g\u00f6ra den glad.<\/p>\n\n\n\n<div class=\"wp-block-buttons is-content-justification-center is-layout-flex wp-container-core-buttons-is-layout-a89b3969 wp-block-buttons-is-layout-flex\">\n<div class=\"wp-block-button\"><a class=\"wp-block-button__link wp-element-button\" href=\"https:\/\/www.interflora.se\/home\/krukvaxter\/vaxtkassar\/paket-for-norrlaget-grona-flora\/\">Best\u00e4ll Norrl\u00e4get-kassen<\/a><\/div>\n<\/div>\n\n\n\n<h2 class=\"wp-block-heading\">F\u00f6nsterkassen<\/h2>\n\n\n\n<p>Fyll ett f\u00f6nster med gr\u00f6na v\u00e4xter som piggar upp. I F\u00f6nsterkassen har vi samlat v\u00e4xterna vit orkid\u00e9, bladbegonia och&nbsp;<a href=\"https:\/\/www.interflora.se\/home\/krukvaxter\/alla-krukvaxter\/murgrona-70-cm\/\">murgr\u00f6na<\/a>. Alla tre v\u00e4xterna passar bra tillsammans i ett f\u00f6nster.<\/p>\n\n\n\n<figure class=\"wp-block-image aligncenter size-full\"><img loading=\"lazy\" decoding=\"async\" width=\"745\" height=\"745\" src=\"https:\/\/www.interflora.se\/inspiration\/wp-content\/uploads\/2024\/04\/image-9.png\" alt=\"\" class=\"wp-image-1743\" srcset=\"https:\/\/www.interflora.se\/inspiration\/wp-content\/uploads\/2024\/04\/image-9.png 745w, https:\/\/www.interflora.se\/inspiration\/wp-content\/uploads\/2024\/04\/image-9-300x300.png 300w, https:\/\/www.interflora.se\/inspiration\/wp-content\/uploads\/2024\/04\/image-9-150x150.png 150w\" sizes=\"auto, (max-width: 745px) 100vw, 745px\" \/><\/figure>\n\n\n\n<div class=\"wp-block-buttons is-content-justification-center is-layout-flex wp-container-core-buttons-is-layout-a89b3969 wp-block-buttons-is-layout-flex\">\n<div class=\"wp-block-button\"><a class=\"wp-block-button__link wp-element-button\" href=\"https:\/\/www.interflora.se\/home\/krukvaxter\/vaxtkassar\/fonsterkassen-grona-flora\/\">BEST\u00c4LL F\u00d6NSTERKASSEN<\/a><\/div>\n<\/div>\n","protected":false},"excerpt":{"rendered":"<p>K\u00e4nns det tomt i hemmets alla f\u00f6nster. Med nya krukv\u00e4xter, stora som sm\u00e5, f\u00e5r du enkelt ny energi till ditt [&hellip;]<\/p>\n","protected":false},"author":1,"featured_media":1742,"comment_status":"open","ping_status":"open","sticky":false,"template":"","format":"standard","meta":{"_uag_custom_page_level_css":"","site-sidebar-layout":"default","site-content-layout":"","ast-site-content-layout":"default","site-content-style":"default","site-sidebar-style":"default","ast-global-header-display":"","ast-banner-title-visibility":"","ast-main-header-display":"","ast-hfb-above-header-display":"","ast-hfb-below-header-display":"","ast-hfb-mobile-header-display":"","site-post-title":"","ast-breadcrumbs-content":"","ast-featured-img":"","footer-sml-layout":"","ast-disable-related-posts":"","theme-transparent-header-meta":"","adv-header-id-meta":"","stick-header-meta":"","header-above-stick-meta":"","header-main-stick-meta":"","header-below-stick-meta":"","astra-migrate-meta-layouts":"default","ast-page-background-enabled":"default","ast-page-background-meta":{"desktop":{"background-color":"var(--ast-global-color-5)","background-image":"","background-repeat":"repeat","background-position":"center center","background-size":"auto","background-attachment":"scroll","background-type":"","background-media":"","overlay-type":"","overlay-color":"","overlay-opacity":"","overlay-gradient":""},"tablet":{"background-color":"","background-image":"","background-repeat":"repeat","background-position":"center center","background-size":"auto","background-attachment":"scroll","background-type":"","background-media":"","overlay-type":"","overlay-color":"","overlay-opacity":"","overlay-gradient":""},"mobile":{"background-color":"","background-image":"","background-repeat":"repeat","background-position":"center center","background-size":"auto","background-attachment":"scroll","background-type":"","background-media":"","overlay-type":"","overlay-color":"","overlay-opacity":"","overlay-gradient":""}},"ast-content-background-meta":{"desktop":{"background-color":"var(--ast-global-color-4)","background-image":"","background-repeat":"repeat","background-position":"center center","background-size":"auto","background-attachment":"scroll","background-type":"","background-media":"","overlay-type":"","overlay-color":"","overlay-opacity":"","overlay-gradient":""},"tablet":{"background-color":"var(--ast-global-color-4)","background-image":"","background-repeat":"repeat","background-position":"center center","background-size":"auto","background-attachment":"scroll","background-type":"","background-media":"","overlay-type":"","overlay-color":"","overlay-opacity":"","overlay-gradient":""},"mobile":{"background-color":"var(--ast-global-color-4)","background-image":"","background-repeat":"repeat","background-position":"center center","background-size":"auto","background-attachment":"scroll","background-type":"","background-media":"","overlay-type":"","overlay-color":"","overlay-opacity":"","overlay-gradient":""}},"footnotes":""},"categories":[4],"tags":[],"class_list":["post-446","post","type-post","status-publish","format-standard","has-post-thumbnail","hentry","category-tips"],"yoast_head":"<!-- This site is optimized with the Yoast SEO plugin v27.4 - https:\/\/yoast.com\/product\/yoast-seo-wordpress\/ -->\n<title>V\u00e4xtkassar - v\u00e4xter som trivs tillsammans | Interflora<\/title>\n<meta name=\"robots\" content=\"index, follow, max-snippet:-1, max-image-preview:large, max-video-preview:-1\" \/>\n<link rel=\"canonical\" href=\"https:\/\/www.interflora.se\/inspiration\/vaxtkassar\/\" \/>\n<meta property=\"og:locale\" content=\"sv_SE\" \/>\n<meta property=\"og:type\" content=\"article\" \/>\n<meta property=\"og:title\" content=\"V\u00e4xtkassar - v\u00e4xter som trivs tillsammans | Interflora\" \/>\n<meta property=\"og:description\" content=\"K\u00e4nns det tomt i hemmets alla f\u00f6nster. Med nya krukv\u00e4xter, stora som sm\u00e5, f\u00e5r du enkelt ny energi till ditt [&hellip;]\" \/>\n<meta property=\"og:url\" content=\"https:\/\/www.interflora.se\/inspiration\/vaxtkassar\/\" \/>\n<meta property=\"og:site_name\" content=\"Inspiration om blommor, krukv\u00e4xter &amp; trender | Interflora\" \/>\n<meta property=\"article:publisher\" content=\"https:\/\/www.facebook.com\/InterfloraAB\" \/>\n<meta property=\"article:published_time\" content=\"2024-04-26T22:24:04+00:00\" \/>\n<meta property=\"article:modified_time\" content=\"2025-03-26T10:22:19+00:00\" \/>\n<meta property=\"og:image\" content=\"https:\/\/www.interflora.se\/inspiration\/wp-content\/uploads\/2024\/04\/image-8.png\" \/>\n\t<meta property=\"og:image:width\" content=\"1000\" \/>\n\t<meta property=\"og:image:height\" content=\"1000\" \/>\n\t<meta property=\"og:image:type\" content=\"image\/png\" \/>\n<meta name=\"author\" content=\"admin\" \/>\n<meta name=\"twitter:card\" content=\"summary_large_image\" \/>\n<meta name=\"twitter:label1\" content=\"Skriven av\" \/>\n\t<meta name=\"twitter:data1\" content=\"admin\" \/>\n\t<meta name=\"twitter:label2\" content=\"Ber\u00e4knad l\u00e4stid\" \/>\n\t<meta name=\"twitter:data2\" content=\"3 minuter\" \/>\n<script type=\"application\/ld+json\" class=\"yoast-schema-graph\">{\"@context\":\"https:\\\/\\\/schema.org\",\"@graph\":[{\"@type\":\"Article\",\"@id\":\"https:\\\/\\\/www.interflora.se\\\/inspiration\\\/vaxtkassar\\\/#article\",\"isPartOf\":{\"@id\":\"https:\\\/\\\/www.interflora.se\\\/inspiration\\\/vaxtkassar\\\/\"},\"author\":{\"name\":\"admin\",\"@id\":\"https:\\\/\\\/www.interflora.se\\\/inspiration\\\/#\\\/schema\\\/person\\\/dbbd1ad45e05409c356dc639597669f2\"},\"headline\":\"V\u00e4xtkassar &#8211; v\u00e4xter som trivs tillsammans\",\"datePublished\":\"2024-04-26T22:24:04+00:00\",\"dateModified\":\"2025-03-26T10:22:19+00:00\",\"mainEntityOfPage\":{\"@id\":\"https:\\\/\\\/www.interflora.se\\\/inspiration\\\/vaxtkassar\\\/\"},\"wordCount\":559,\"commentCount\":0,\"publisher\":{\"@id\":\"https:\\\/\\\/www.interflora.se\\\/inspiration\\\/#organization\"},\"image\":{\"@id\":\"https:\\\/\\\/www.interflora.se\\\/inspiration\\\/vaxtkassar\\\/#primaryimage\"},\"thumbnailUrl\":\"https:\\\/\\\/www.interflora.se\\\/inspiration\\\/wp-content\\\/uploads\\\/2024\\\/04\\\/image-8.png\",\"articleSection\":[\"Tips\"],\"inLanguage\":\"sv-SE\",\"potentialAction\":[{\"@type\":\"CommentAction\",\"name\":\"Comment\",\"target\":[\"https:\\\/\\\/www.interflora.se\\\/inspiration\\\/vaxtkassar\\\/#respond\"]}]},{\"@type\":\"WebPage\",\"@id\":\"https:\\\/\\\/www.interflora.se\\\/inspiration\\\/vaxtkassar\\\/\",\"url\":\"https:\\\/\\\/www.interflora.se\\\/inspiration\\\/vaxtkassar\\\/\",\"name\":\"V\u00e4xtkassar - v\u00e4xter som trivs tillsammans | Interflora\",\"isPartOf\":{\"@id\":\"https:\\\/\\\/www.interflora.se\\\/inspiration\\\/#website\"},\"primaryImageOfPage\":{\"@id\":\"https:\\\/\\\/www.interflora.se\\\/inspiration\\\/vaxtkassar\\\/#primaryimage\"},\"image\":{\"@id\":\"https:\\\/\\\/www.interflora.se\\\/inspiration\\\/vaxtkassar\\\/#primaryimage\"},\"thumbnailUrl\":\"https:\\\/\\\/www.interflora.se\\\/inspiration\\\/wp-content\\\/uploads\\\/2024\\\/04\\\/image-8.png\",\"datePublished\":\"2024-04-26T22:24:04+00:00\",\"dateModified\":\"2025-03-26T10:22:19+00:00\",\"breadcrumb\":{\"@id\":\"https:\\\/\\\/www.interflora.se\\\/inspiration\\\/vaxtkassar\\\/#breadcrumb\"},\"inLanguage\":\"sv-SE\",\"potentialAction\":[{\"@type\":\"ReadAction\",\"target\":[\"https:\\\/\\\/www.interflora.se\\\/inspiration\\\/vaxtkassar\\\/\"]}]},{\"@type\":\"ImageObject\",\"inLanguage\":\"sv-SE\",\"@id\":\"https:\\\/\\\/www.interflora.se\\\/inspiration\\\/vaxtkassar\\\/#primaryimage\",\"url\":\"https:\\\/\\\/www.interflora.se\\\/inspiration\\\/wp-content\\\/uploads\\\/2024\\\/04\\\/image-8.png\",\"contentUrl\":\"https:\\\/\\\/www.interflora.se\\\/inspiration\\\/wp-content\\\/uploads\\\/2024\\\/04\\\/image-8.png\",\"width\":1000,\"height\":1000},{\"@type\":\"BreadcrumbList\",\"@id\":\"https:\\\/\\\/www.interflora.se\\\/inspiration\\\/vaxtkassar\\\/#breadcrumb\",\"itemListElement\":[{\"@type\":\"ListItem\",\"position\":1,\"name\":\"Home\",\"item\":\"https:\\\/\\\/www.interflora.se\\\/inspiration\\\/\"},{\"@type\":\"ListItem\",\"position\":2,\"name\":\"V\u00e4xtkassar &#8211; v\u00e4xter som trivs tillsammans\"}]},{\"@type\":\"WebSite\",\"@id\":\"https:\\\/\\\/www.interflora.se\\\/inspiration\\\/#website\",\"url\":\"https:\\\/\\\/www.interflora.se\\\/inspiration\\\/\",\"name\":\"Interflora\",\"description\":\"\",\"publisher\":{\"@id\":\"https:\\\/\\\/www.interflora.se\\\/inspiration\\\/#organization\"},\"potentialAction\":[{\"@type\":\"SearchAction\",\"target\":{\"@type\":\"EntryPoint\",\"urlTemplate\":\"https:\\\/\\\/www.interflora.se\\\/inspiration\\\/?s={search_term_string}\"},\"query-input\":{\"@type\":\"PropertyValueSpecification\",\"valueRequired\":true,\"valueName\":\"search_term_string\"}}],\"inLanguage\":\"sv-SE\"},{\"@type\":\"Organization\",\"@id\":\"https:\\\/\\\/www.interflora.se\\\/inspiration\\\/#organization\",\"name\":\"Interflora\",\"url\":\"https:\\\/\\\/www.interflora.se\\\/inspiration\\\/\",\"logo\":{\"@type\":\"ImageObject\",\"inLanguage\":\"sv-SE\",\"@id\":\"https:\\\/\\\/www.interflora.se\\\/inspiration\\\/#\\\/schema\\\/logo\\\/image\\\/\",\"url\":\"https:\\\/\\\/www.interflora.se\\\/inspiration\\\/wp-content\\\/uploads\\\/2025\\\/09\\\/cropped-220422_INTERFLORA_Logo_rgb_Half_Top_Circle_Main_Color.avif\",\"contentUrl\":\"https:\\\/\\\/www.interflora.se\\\/inspiration\\\/wp-content\\\/uploads\\\/2025\\\/09\\\/cropped-220422_INTERFLORA_Logo_rgb_Half_Top_Circle_Main_Color.avif\",\"width\":1418,\"height\":662,\"caption\":\"Interflora\"},\"image\":{\"@id\":\"https:\\\/\\\/www.interflora.se\\\/inspiration\\\/#\\\/schema\\\/logo\\\/image\\\/\"},\"sameAs\":[\"https:\\\/\\\/www.facebook.com\\\/InterfloraAB\",\"https:\\\/\\\/www.instagram.com\\\/interflora_ab\\\/\",\"https:\\\/\\\/www.linkedin.com\\\/company\\\/1494362\",\"https:\\\/\\\/www.youtube.com\\\/channel\\\/UCZgDzGWB2VRxaoWFUmXnk1w\"]},{\"@type\":\"Person\",\"@id\":\"https:\\\/\\\/www.interflora.se\\\/inspiration\\\/#\\\/schema\\\/person\\\/dbbd1ad45e05409c356dc639597669f2\",\"name\":\"admin\",\"image\":{\"@type\":\"ImageObject\",\"inLanguage\":\"sv-SE\",\"@id\":\"https:\\\/\\\/www.interflora.se\\\/inspiration\\\/wp-content\\\/litespeed\\\/avatar\\\/1fe3cced9e67df62d0a6f995d75823a5.jpg?ver=1777362393\",\"url\":\"https:\\\/\\\/www.interflora.se\\\/inspiration\\\/wp-content\\\/litespeed\\\/avatar\\\/1fe3cced9e67df62d0a6f995d75823a5.jpg?ver=1777362393\",\"contentUrl\":\"https:\\\/\\\/www.interflora.se\\\/inspiration\\\/wp-content\\\/litespeed\\\/avatar\\\/1fe3cced9e67df62d0a6f995d75823a5.jpg?ver=1777362393\",\"caption\":\"admin\"},\"sameAs\":[\"https:\\\/\\\/www.interflora.se\\\/inspiration\"],\"url\":\"https:\\\/\\\/www.interflora.se\\\/inspiration\\\/author\\\/admin\\\/\"}]}<\/script>\n<!-- \/ Yoast SEO plugin. -->","yoast_head_json":{"title":"V\u00e4xtkassar - v\u00e4xter som trivs tillsammans | Interflora","robots":{"index":"index","follow":"follow","max-snippet":"max-snippet:-1","max-image-preview":"max-image-preview:large","max-video-preview":"max-video-preview:-1"},"canonical":"https:\/\/www.interflora.se\/inspiration\/vaxtkassar\/","og_locale":"sv_SE","og_type":"article","og_title":"V\u00e4xtkassar - v\u00e4xter som trivs tillsammans | Interflora","og_description":"K\u00e4nns det tomt i hemmets alla f\u00f6nster. Med nya krukv\u00e4xter, stora som sm\u00e5, f\u00e5r du enkelt ny energi till ditt [&hellip;]","og_url":"https:\/\/www.interflora.se\/inspiration\/vaxtkassar\/","og_site_name":"Inspiration om blommor, krukv\u00e4xter &amp; trender | Interflora","article_publisher":"https:\/\/www.facebook.com\/InterfloraAB","article_published_time":"2024-04-26T22:24:04+00:00","article_modified_time":"2025-03-26T10:22:19+00:00","og_image":[{"width":1000,"height":1000,"url":"https:\/\/www.interflora.se\/inspiration\/wp-content\/uploads\/2024\/04\/image-8.png","type":"image\/png"}],"author":"admin","twitter_card":"summary_large_image","twitter_misc":{"Skriven av":"admin","Ber\u00e4knad l\u00e4stid":"3 minuter"},"schema":{"@context":"https:\/\/schema.org","@graph":[{"@type":"Article","@id":"https:\/\/www.interflora.se\/inspiration\/vaxtkassar\/#article","isPartOf":{"@id":"https:\/\/www.interflora.se\/inspiration\/vaxtkassar\/"},"author":{"name":"admin","@id":"https:\/\/www.interflora.se\/inspiration\/#\/schema\/person\/dbbd1ad45e05409c356dc639597669f2"},"headline":"V\u00e4xtkassar &#8211; v\u00e4xter som trivs tillsammans","datePublished":"2024-04-26T22:24:04+00:00","dateModified":"2025-03-26T10:22:19+00:00","mainEntityOfPage":{"@id":"https:\/\/www.interflora.se\/inspiration\/vaxtkassar\/"},"wordCount":559,"commentCount":0,"publisher":{"@id":"https:\/\/www.interflora.se\/inspiration\/#organization"},"image":{"@id":"https:\/\/www.interflora.se\/inspiration\/vaxtkassar\/#primaryimage"},"thumbnailUrl":"https:\/\/www.interflora.se\/inspiration\/wp-content\/uploads\/2024\/04\/image-8.png","articleSection":["Tips"],"inLanguage":"sv-SE","potentialAction":[{"@type":"CommentAction","name":"Comment","target":["https:\/\/www.interflora.se\/inspiration\/vaxtkassar\/#respond"]}]},{"@type":"WebPage","@id":"https:\/\/www.interflora.se\/inspiration\/vaxtkassar\/","url":"https:\/\/www.interflora.se\/inspiration\/vaxtkassar\/","name":"V\u00e4xtkassar - v\u00e4xter som trivs tillsammans | Interflora","isPartOf":{"@id":"https:\/\/www.interflora.se\/inspiration\/#website"},"primaryImageOfPage":{"@id":"https:\/\/www.interflora.se\/inspiration\/vaxtkassar\/#primaryimage"},"image":{"@id":"https:\/\/www.interflora.se\/inspiration\/vaxtkassar\/#primaryimage"},"thumbnailUrl":"https:\/\/www.interflora.se\/inspiration\/wp-content\/uploads\/2024\/04\/image-8.png","datePublished":"2024-04-26T22:24:04+00:00","dateModified":"2025-03-26T10:22:19+00:00","breadcrumb":{"@id":"https:\/\/www.interflora.se\/inspiration\/vaxtkassar\/#breadcrumb"},"inLanguage":"sv-SE","potentialAction":[{"@type":"ReadAction","target":["https:\/\/www.interflora.se\/inspiration\/vaxtkassar\/"]}]},{"@type":"ImageObject","inLanguage":"sv-SE","@id":"https:\/\/www.interflora.se\/inspiration\/vaxtkassar\/#primaryimage","url":"https:\/\/www.interflora.se\/inspiration\/wp-content\/uploads\/2024\/04\/image-8.png","contentUrl":"https:\/\/www.interflora.se\/inspiration\/wp-content\/uploads\/2024\/04\/image-8.png","width":1000,"height":1000},{"@type":"BreadcrumbList","@id":"https:\/\/www.interflora.se\/inspiration\/vaxtkassar\/#breadcrumb","itemListElement":[{"@type":"ListItem","position":1,"name":"Home","item":"https:\/\/www.interflora.se\/inspiration\/"},{"@type":"ListItem","position":2,"name":"V\u00e4xtkassar &#8211; v\u00e4xter som trivs tillsammans"}]},{"@type":"WebSite","@id":"https:\/\/www.interflora.se\/inspiration\/#website","url":"https:\/\/www.interflora.se\/inspiration\/","name":"Interflora","description":"","publisher":{"@id":"https:\/\/www.interflora.se\/inspiration\/#organization"},"potentialAction":[{"@type":"SearchAction","target":{"@type":"EntryPoint","urlTemplate":"https:\/\/www.interflora.se\/inspiration\/?s={search_term_string}"},"query-input":{"@type":"PropertyValueSpecification","valueRequired":true,"valueName":"search_term_string"}}],"inLanguage":"sv-SE"},{"@type":"Organization","@id":"https:\/\/www.interflora.se\/inspiration\/#organization","name":"Interflora","url":"https:\/\/www.interflora.se\/inspiration\/","logo":{"@type":"ImageObject","inLanguage":"sv-SE","@id":"https:\/\/www.interflora.se\/inspiration\/#\/schema\/logo\/image\/","url":"https:\/\/www.interflora.se\/inspiration\/wp-content\/uploads\/2025\/09\/cropped-220422_INTERFLORA_Logo_rgb_Half_Top_Circle_Main_Color.avif","contentUrl":"https:\/\/www.interflora.se\/inspiration\/wp-content\/uploads\/2025\/09\/cropped-220422_INTERFLORA_Logo_rgb_Half_Top_Circle_Main_Color.avif","width":1418,"height":662,"caption":"Interflora"},"image":{"@id":"https:\/\/www.interflora.se\/inspiration\/#\/schema\/logo\/image\/"},"sameAs":["https:\/\/www.facebook.com\/InterfloraAB","https:\/\/www.instagram.com\/interflora_ab\/","https:\/\/www.linkedin.com\/company\/1494362","https:\/\/www.youtube.com\/channel\/UCZgDzGWB2VRxaoWFUmXnk1w"]},{"@type":"Person","@id":"https:\/\/www.interflora.se\/inspiration\/#\/schema\/person\/dbbd1ad45e05409c356dc639597669f2","name":"admin","image":{"@type":"ImageObject","inLanguage":"sv-SE","@id":"https:\/\/www.interflora.se\/inspiration\/wp-content\/litespeed\/avatar\/1fe3cced9e67df62d0a6f995d75823a5.jpg?ver=1777362393","url":"https:\/\/www.interflora.se\/inspiration\/wp-content\/litespeed\/avatar\/1fe3cced9e67df62d0a6f995d75823a5.jpg?ver=1777362393","contentUrl":"https:\/\/www.interflora.se\/inspiration\/wp-content\/litespeed\/avatar\/1fe3cced9e67df62d0a6f995d75823a5.jpg?ver=1777362393","caption":"admin"},"sameAs":["https:\/\/www.interflora.se\/inspiration"],"url":"https:\/\/www.interflora.se\/inspiration\/author\/admin\/"}]}},"uagb_featured_image_src":{"full":["https:\/\/www.interflora.se\/inspiration\/wp-content\/uploads\/2024\/04\/image-8.png",1000,1000,false],"thumbnail":["https:\/\/www.interflora.se\/inspiration\/wp-content\/uploads\/2024\/04\/image-8-150x150.png",150,150,true],"medium":["https:\/\/www.interflora.se\/inspiration\/wp-content\/uploads\/2024\/04\/image-8-300x300.png",300,300,true],"medium_large":["https:\/\/www.interflora.se\/inspiration\/wp-content\/uploads\/2024\/04\/image-8-768x768.png",768,768,true],"large":["https:\/\/www.interflora.se\/inspiration\/wp-content\/uploads\/2024\/04\/image-8.png",1000,1000,false],"1536x1536":["https:\/\/www.interflora.se\/inspiration\/wp-content\/uploads\/2024\/04\/image-8.png",1000,1000,false],"2048x2048":["https:\/\/www.interflora.se\/inspiration\/wp-content\/uploads\/2024\/04\/image-8.png",1000,1000,false]},"uagb_author_info":{"display_name":"admin","author_link":"https:\/\/www.interflora.se\/inspiration\/author\/admin\/"},"uagb_comment_info":0,"uagb_excerpt":"K\u00e4nns det tomt i hemmets alla f\u00f6nster. Med nya krukv\u00e4xter, stora som sm\u00e5, f\u00e5r du enkelt ny energi till ditt [&hellip;]","_links":{"self":[{"href":"https:\/\/www.interflora.se\/inspiration\/wp-json\/wp\/v2\/posts\/446","targetHints":{"allow":["GET"]}}],"collection":[{"href":"https:\/\/www.interflora.se\/inspiration\/wp-json\/wp\/v2\/posts"}],"about":[{"href":"https:\/\/www.interflora.se\/inspiration\/wp-json\/wp\/v2\/types\/post"}],"author":[{"embeddable":true,"href":"https:\/\/www.interflora.se\/inspiration\/wp-json\/wp\/v2\/users\/1"}],"replies":[{"embeddable":true,"href":"https:\/\/www.interflora.se\/inspiration\/wp-json\/wp\/v2\/comments?post=446"}],"version-history":[{"count":1,"href":"https:\/\/www.interflora.se\/inspiration\/wp-json\/wp\/v2\/posts\/446\/revisions"}],"predecessor-version":[{"id":1744,"href":"https:\/\/www.interflora.se\/inspiration\/wp-json\/wp\/v2\/posts\/446\/revisions\/1744"}],"wp:featuredmedia":[{"embeddable":true,"href":"https:\/\/www.interflora.se\/inspiration\/wp-json\/wp\/v2\/media\/1742"}],"wp:attachment":[{"href":"https:\/\/www.interflora.se\/inspiration\/wp-json\/wp\/v2\/media?parent=446"}],"wp:term":[{"taxonomy":"category","embeddable":true,"href":"https:\/\/www.interflora.se\/inspiration\/wp-json\/wp\/v2\/categories?post=446"},{"taxonomy":"post_tag","embeddable":true,"href":"https:\/\/www.interflora.se\/inspiration\/wp-json\/wp\/v2\/tags?post=446"}],"curies":[{"name":"wp","href":"https:\/\/api.w.org\/{rel}","templated":true}]}}