{"id":445,"date":"2024-07-17T06:54:57","date_gmt":"2024-07-17T04:54:57","guid":{"rendered":"http:\/\/preprodblog.interflora.se\/blog\/?p=445"},"modified":"2025-03-24T16:50:06","modified_gmt":"2025-03-24T15:50:06","slug":"vaxter-till-kontoret","status":"publish","type":"post","link":"https:\/\/www.interflora.se\/inspiration\/vaxter-till-kontoret\/","title":{"rendered":"Inred hemmakontoret med gr\u00f6na v\u00e4xter"},"content":{"rendered":"\n<p>M\u00e5nga tillbringar stora delar av sina dagar p\u00e5 jobbet och d\u00e4rf\u00f6r \u00e4r det viktigt att skapa en lugn och inspirerande arbetsplats. H\u00e4r ger vi dig tips p\u00e5 hur du inreder hemmakontoret med gr\u00f6na v\u00e4xter.<\/p>\n\n\n\n<hr class=\"wp-block-separator has-alpha-channel-opacity\"\/>\n\n\n\n<h2 class=\"wp-block-heading\">Sundare arbetsmilj\u00f6<\/h2>\n\n\n\n<p>Genom att inreda med gr\u00f6na krukv\u00e4xter skapar du en snyggare och mer inspirerande arbetsplats. V\u00e4xterna skapar ett lugn, lyfter ditt hum\u00f6r och g\u00f6r att du kan arbeta mer fokuserat och kreativt. Om inte det var bra nog s\u00e5 har krukv\u00e4xter f\u00f6rm\u00e5gan att absorbera skadliga \u00e4mnen, filtrera damm i luften fr\u00e5n till exempel datorer och \u00f6ka luftfuktigheten i annars torra hem eller kontorslandskap.<\/p>\n\n\n\n<figure class=\"wp-block-image aligncenter size-full\"><img loading=\"lazy\" decoding=\"async\" width=\"800\" height=\"1000\" src=\"https:\/\/www.interflora.se\/inspiration\/wp-content\/uploads\/2024\/07\/image.png\" alt=\"\" class=\"wp-image-1306\" srcset=\"https:\/\/www.interflora.se\/inspiration\/wp-content\/uploads\/2024\/07\/image.png 800w, https:\/\/www.interflora.se\/inspiration\/wp-content\/uploads\/2024\/07\/image-240x300.png 240w, https:\/\/www.interflora.se\/inspiration\/wp-content\/uploads\/2024\/07\/image-768x960.png 768w\" sizes=\"auto, (max-width: 800px) 100vw, 800px\" \/><\/figure>\n\n\n\n<p>Varje v\u00e4xt har sina egna positiva egenskaper som bidrar till en sundare arbetsmilj\u00f6. Om du vill ha ett snabbt resultat kan du satsa p\u00e5 v\u00e4xter s\u00e5 som\u00a0<a href=\"https:\/\/www.interflora.se\/home\/krukvaxter\/alla-krukvaxter\/aloe-vera\/\">aloe vera<\/a>,\u00a0<a href=\"https:\/\/www.interflora.se\/home\/krukvaxter\/alla-krukvaxter\/benjaminfikus-profit\/\">benjaminfikus<\/a>,\u00a0<a href=\"https:\/\/www.interflora.se\/home\/krukvaxter\/alla-krukvaxter\/spjutbraken\/\">ormbunke<\/a>\u00a0eller\u00a0<a href=\"https:\/\/www.interflora.se\/home\/krukvaxter\/alla-krukvaxter\/murgrona-70-cm\/\">murgr\u00f6na<\/a>.<\/p>\n\n\n\n<h2 class=\"wp-block-heading\">Utg\u00e5 fr\u00e5n dina f\u00f6ruts\u00e4ttningar<\/h2>\n\n\n\n<p>Precis som p\u00e5 arbetsplatsen s\u00e5 har alla kontorsplatser sina egna f\u00f6ruts\u00e4ttningar n\u00e4r det g\u00e4ller ljusf\u00f6rh\u00e5llande och utrymme. B\u00f6rja med att kolla om det \u00e4r mycket, lite eller lagom med ljus vid din kontorsplats i hemmet och v\u00e4lj sedan v\u00e4xter d\u00e4refter.<\/p>\n\n\n\n<figure class=\"wp-block-image aligncenter size-large\"><img loading=\"lazy\" decoding=\"async\" width=\"1024\" height=\"683\" src=\"https:\/\/www.interflora.se\/inspiration\/wp-content\/uploads\/2024\/07\/image-1-1024x683.png\" alt=\"\" class=\"wp-image-1307\" srcset=\"https:\/\/www.interflora.se\/inspiration\/wp-content\/uploads\/2024\/07\/image-1-1024x683.png 1024w, https:\/\/www.interflora.se\/inspiration\/wp-content\/uploads\/2024\/07\/image-1-300x200.png 300w, https:\/\/www.interflora.se\/inspiration\/wp-content\/uploads\/2024\/07\/image-1-768x513.png 768w, https:\/\/www.interflora.se\/inspiration\/wp-content\/uploads\/2024\/07\/image-1.png 1500w\" sizes=\"auto, (max-width: 1024px) 100vw, 1024px\" \/><\/figure>\n\n\n\n<p>P\u00e5 skrivbordet passar det ofta med lite&nbsp;<a href=\"https:\/\/www.interflora.se\/home\/krukvaxter\/mindre-vaxter\/\">mindre v\u00e4xter<\/a>&nbsp;som inte tar s\u00e5 mycket plats. Jobba sedan med&nbsp;<a href=\"https:\/\/www.interflora.se\/home\/krukvaxter\/mellanstora-vaxter\/\">mellanstora<\/a>&nbsp;och&nbsp;<a href=\"https:\/\/www.interflora.se\/home\/krukvaxter\/stora-vaxter\/\">stora v\u00e4xter<\/a>&nbsp;p\u00e5 f\u00f6nsterbr\u00e4dan, i en bokhylla eller p\u00e5 golvet.<\/p>\n\n\n\n<p>Och kom ih\u00e5g \u2013 ju fler v\u00e4xter desto b\u00e4ttre!<\/p>\n\n\n\n<figure class=\"wp-block-image aligncenter size-large\"><img loading=\"lazy\" decoding=\"async\" width=\"1024\" height=\"1024\" src=\"https:\/\/www.interflora.se\/inspiration\/wp-content\/uploads\/2024\/07\/image-2-1024x1024.png\" alt=\"\" class=\"wp-image-1308\" srcset=\"https:\/\/www.interflora.se\/inspiration\/wp-content\/uploads\/2024\/07\/image-2-1024x1024.png 1024w, https:\/\/www.interflora.se\/inspiration\/wp-content\/uploads\/2024\/07\/image-2-300x300.png 300w, https:\/\/www.interflora.se\/inspiration\/wp-content\/uploads\/2024\/07\/image-2-150x150.png 150w, https:\/\/www.interflora.se\/inspiration\/wp-content\/uploads\/2024\/07\/image-2-768x768.png 768w, https:\/\/www.interflora.se\/inspiration\/wp-content\/uploads\/2024\/07\/image-2.png 1200w\" sizes=\"auto, (max-width: 1024px) 100vw, 1024px\" \/><\/figure>\n","protected":false},"excerpt":{"rendered":"<p>M\u00e5nga tillbringar stora delar av sina dagar p\u00e5 jobbet och d\u00e4rf\u00f6r \u00e4r det viktigt att skapa en lugn och inspirerande [&hellip;]<\/p>\n","protected":false},"author":1,"featured_media":1306,"comment_status":"open","ping_status":"open","sticky":false,"template":"","format":"standard","meta":{"_uag_custom_page_level_css":"","site-sidebar-layout":"default","site-content-layout":"","ast-site-content-layout":"default","site-content-style":"default","site-sidebar-style":"default","ast-global-header-display":"","ast-banner-title-visibility":"","ast-main-header-display":"","ast-hfb-above-header-display":"","ast-hfb-below-header-display":"","ast-hfb-mobile-header-display":"","site-post-title":"","ast-breadcrumbs-content":"","ast-featured-img":"","footer-sml-layout":"","ast-disable-related-posts":"","theme-transparent-header-meta":"","adv-header-id-meta":"","stick-header-meta":"","header-above-stick-meta":"","header-main-stick-meta":"","header-below-stick-meta":"","astra-migrate-meta-layouts":"default","ast-page-background-enabled":"default","ast-page-background-meta":{"desktop":{"background-color":"var(--ast-global-color-5)","background-image":"","background-repeat":"repeat","background-position":"center center","background-size":"auto","background-attachment":"scroll","background-type":"","background-media":"","overlay-type":"","overlay-color":"","overlay-opacity":"","overlay-gradient":""},"tablet":{"background-color":"","background-image":"","background-repeat":"repeat","background-position":"center center","background-size":"auto","background-attachment":"scroll","background-type":"","background-media":"","overlay-type":"","overlay-color":"","overlay-opacity":"","overlay-gradient":""},"mobile":{"background-color":"","background-image":"","background-repeat":"repeat","background-position":"center center","background-size":"auto","background-attachment":"scroll","background-type":"","background-media":"","overlay-type":"","overlay-color":"","overlay-opacity":"","overlay-gradient":""}},"ast-content-background-meta":{"desktop":{"background-color":"var(--ast-global-color-4)","background-image":"","background-repeat":"repeat","background-position":"center center","background-size":"auto","background-attachment":"scroll","background-type":"","background-media":"","overlay-type":"","overlay-color":"","overlay-opacity":"","overlay-gradient":""},"tablet":{"background-color":"var(--ast-global-color-4)","background-image":"","background-repeat":"repeat","background-position":"center center","background-size":"auto","background-attachment":"scroll","background-type":"","background-media":"","overlay-type":"","overlay-color":"","overlay-opacity":"","overlay-gradient":""},"mobile":{"background-color":"var(--ast-global-color-4)","background-image":"","background-repeat":"repeat","background-position":"center center","background-size":"auto","background-attachment":"scroll","background-type":"","background-media":"","overlay-type":"","overlay-color":"","overlay-opacity":"","overlay-gradient":""}},"footnotes":""},"categories":[4],"tags":[],"class_list":["post-445","post","type-post","status-publish","format-standard","has-post-thumbnail","hentry","category-tips"],"yoast_head":"<!-- This site is optimized with the Yoast SEO plugin v27.4 - https:\/\/yoast.com\/product\/yoast-seo-wordpress\/ -->\n<title>Inred hemmakontoret med gr\u00f6na v\u00e4xter | Interflora<\/title>\n<meta name=\"robots\" content=\"index, follow, max-snippet:-1, max-image-preview:large, max-video-preview:-1\" \/>\n<link rel=\"canonical\" href=\"https:\/\/www.interflora.se\/inspiration\/vaxter-till-kontoret\/\" \/>\n<meta property=\"og:locale\" content=\"sv_SE\" \/>\n<meta property=\"og:type\" content=\"article\" \/>\n<meta property=\"og:title\" content=\"Inred hemmakontoret med gr\u00f6na v\u00e4xter | Interflora\" \/>\n<meta property=\"og:description\" content=\"M\u00e5nga tillbringar stora delar av sina dagar p\u00e5 jobbet och d\u00e4rf\u00f6r \u00e4r det viktigt att skapa en lugn och inspirerande [&hellip;]\" \/>\n<meta property=\"og:url\" content=\"https:\/\/www.interflora.se\/inspiration\/vaxter-till-kontoret\/\" \/>\n<meta property=\"og:site_name\" content=\"Inspiration om blommor, krukv\u00e4xter &amp; trender | Interflora\" \/>\n<meta property=\"article:publisher\" content=\"https:\/\/www.facebook.com\/InterfloraAB\" \/>\n<meta property=\"article:published_time\" content=\"2024-07-17T04:54:57+00:00\" \/>\n<meta property=\"article:modified_time\" content=\"2025-03-24T15:50:06+00:00\" \/>\n<meta property=\"og:image\" content=\"https:\/\/www.interflora.se\/inspiration\/wp-content\/uploads\/2024\/07\/image.png\" \/>\n\t<meta property=\"og:image:width\" content=\"800\" \/>\n\t<meta property=\"og:image:height\" content=\"1000\" \/>\n\t<meta property=\"og:image:type\" content=\"image\/png\" \/>\n<meta name=\"author\" content=\"admin\" \/>\n<meta name=\"twitter:card\" content=\"summary_large_image\" \/>\n<meta name=\"twitter:label1\" content=\"Skriven av\" \/>\n\t<meta name=\"twitter:data1\" content=\"admin\" \/>\n\t<meta name=\"twitter:label2\" content=\"Ber\u00e4knad l\u00e4stid\" \/>\n\t<meta name=\"twitter:data2\" content=\"1 minut\" \/>\n<script type=\"application\/ld+json\" class=\"yoast-schema-graph\">{\"@context\":\"https:\\\/\\\/schema.org\",\"@graph\":[{\"@type\":\"Article\",\"@id\":\"https:\\\/\\\/www.interflora.se\\\/inspiration\\\/vaxter-till-kontoret\\\/#article\",\"isPartOf\":{\"@id\":\"https:\\\/\\\/www.interflora.se\\\/inspiration\\\/vaxter-till-kontoret\\\/\"},\"author\":{\"name\":\"admin\",\"@id\":\"https:\\\/\\\/www.interflora.se\\\/inspiration\\\/#\\\/schema\\\/person\\\/dbbd1ad45e05409c356dc639597669f2\"},\"headline\":\"Inred hemmakontoret med gr\u00f6na v\u00e4xter\",\"datePublished\":\"2024-07-17T04:54:57+00:00\",\"dateModified\":\"2025-03-24T15:50:06+00:00\",\"mainEntityOfPage\":{\"@id\":\"https:\\\/\\\/www.interflora.se\\\/inspiration\\\/vaxter-till-kontoret\\\/\"},\"wordCount\":264,\"commentCount\":0,\"publisher\":{\"@id\":\"https:\\\/\\\/www.interflora.se\\\/inspiration\\\/#organization\"},\"image\":{\"@id\":\"https:\\\/\\\/www.interflora.se\\\/inspiration\\\/vaxter-till-kontoret\\\/#primaryimage\"},\"thumbnailUrl\":\"https:\\\/\\\/www.interflora.se\\\/inspiration\\\/wp-content\\\/uploads\\\/2024\\\/07\\\/image.png\",\"articleSection\":[\"Tips\"],\"inLanguage\":\"sv-SE\",\"potentialAction\":[{\"@type\":\"CommentAction\",\"name\":\"Comment\",\"target\":[\"https:\\\/\\\/www.interflora.se\\\/inspiration\\\/vaxter-till-kontoret\\\/#respond\"]}]},{\"@type\":\"WebPage\",\"@id\":\"https:\\\/\\\/www.interflora.se\\\/inspiration\\\/vaxter-till-kontoret\\\/\",\"url\":\"https:\\\/\\\/www.interflora.se\\\/inspiration\\\/vaxter-till-kontoret\\\/\",\"name\":\"Inred hemmakontoret med gr\u00f6na v\u00e4xter | Interflora\",\"isPartOf\":{\"@id\":\"https:\\\/\\\/www.interflora.se\\\/inspiration\\\/#website\"},\"primaryImageOfPage\":{\"@id\":\"https:\\\/\\\/www.interflora.se\\\/inspiration\\\/vaxter-till-kontoret\\\/#primaryimage\"},\"image\":{\"@id\":\"https:\\\/\\\/www.interflora.se\\\/inspiration\\\/vaxter-till-kontoret\\\/#primaryimage\"},\"thumbnailUrl\":\"https:\\\/\\\/www.interflora.se\\\/inspiration\\\/wp-content\\\/uploads\\\/2024\\\/07\\\/image.png\",\"datePublished\":\"2024-07-17T04:54:57+00:00\",\"dateModified\":\"2025-03-24T15:50:06+00:00\",\"breadcrumb\":{\"@id\":\"https:\\\/\\\/www.interflora.se\\\/inspiration\\\/vaxter-till-kontoret\\\/#breadcrumb\"},\"inLanguage\":\"sv-SE\",\"potentialAction\":[{\"@type\":\"ReadAction\",\"target\":[\"https:\\\/\\\/www.interflora.se\\\/inspiration\\\/vaxter-till-kontoret\\\/\"]}]},{\"@type\":\"ImageObject\",\"inLanguage\":\"sv-SE\",\"@id\":\"https:\\\/\\\/www.interflora.se\\\/inspiration\\\/vaxter-till-kontoret\\\/#primaryimage\",\"url\":\"https:\\\/\\\/www.interflora.se\\\/inspiration\\\/wp-content\\\/uploads\\\/2024\\\/07\\\/image.png\",\"contentUrl\":\"https:\\\/\\\/www.interflora.se\\\/inspiration\\\/wp-content\\\/uploads\\\/2024\\\/07\\\/image.png\",\"width\":800,\"height\":1000},{\"@type\":\"BreadcrumbList\",\"@id\":\"https:\\\/\\\/www.interflora.se\\\/inspiration\\\/vaxter-till-kontoret\\\/#breadcrumb\",\"itemListElement\":[{\"@type\":\"ListItem\",\"position\":1,\"name\":\"Home\",\"item\":\"https:\\\/\\\/www.interflora.se\\\/inspiration\\\/\"},{\"@type\":\"ListItem\",\"position\":2,\"name\":\"Inred hemmakontoret med gr\u00f6na v\u00e4xter\"}]},{\"@type\":\"WebSite\",\"@id\":\"https:\\\/\\\/www.interflora.se\\\/inspiration\\\/#website\",\"url\":\"https:\\\/\\\/www.interflora.se\\\/inspiration\\\/\",\"name\":\"Interflora\",\"description\":\"\",\"publisher\":{\"@id\":\"https:\\\/\\\/www.interflora.se\\\/inspiration\\\/#organization\"},\"potentialAction\":[{\"@type\":\"SearchAction\",\"target\":{\"@type\":\"EntryPoint\",\"urlTemplate\":\"https:\\\/\\\/www.interflora.se\\\/inspiration\\\/?s={search_term_string}\"},\"query-input\":{\"@type\":\"PropertyValueSpecification\",\"valueRequired\":true,\"valueName\":\"search_term_string\"}}],\"inLanguage\":\"sv-SE\"},{\"@type\":\"Organization\",\"@id\":\"https:\\\/\\\/www.interflora.se\\\/inspiration\\\/#organization\",\"name\":\"Interflora\",\"url\":\"https:\\\/\\\/www.interflora.se\\\/inspiration\\\/\",\"logo\":{\"@type\":\"ImageObject\",\"inLanguage\":\"sv-SE\",\"@id\":\"https:\\\/\\\/www.interflora.se\\\/inspiration\\\/#\\\/schema\\\/logo\\\/image\\\/\",\"url\":\"https:\\\/\\\/www.interflora.se\\\/inspiration\\\/wp-content\\\/uploads\\\/2025\\\/09\\\/cropped-220422_INTERFLORA_Logo_rgb_Half_Top_Circle_Main_Color.avif\",\"contentUrl\":\"https:\\\/\\\/www.interflora.se\\\/inspiration\\\/wp-content\\\/uploads\\\/2025\\\/09\\\/cropped-220422_INTERFLORA_Logo_rgb_Half_Top_Circle_Main_Color.avif\",\"width\":1418,\"height\":662,\"caption\":\"Interflora\"},\"image\":{\"@id\":\"https:\\\/\\\/www.interflora.se\\\/inspiration\\\/#\\\/schema\\\/logo\\\/image\\\/\"},\"sameAs\":[\"https:\\\/\\\/www.facebook.com\\\/InterfloraAB\",\"https:\\\/\\\/www.instagram.com\\\/interflora_ab\\\/\",\"https:\\\/\\\/www.linkedin.com\\\/company\\\/1494362\",\"https:\\\/\\\/www.youtube.com\\\/channel\\\/UCZgDzGWB2VRxaoWFUmXnk1w\"]},{\"@type\":\"Person\",\"@id\":\"https:\\\/\\\/www.interflora.se\\\/inspiration\\\/#\\\/schema\\\/person\\\/dbbd1ad45e05409c356dc639597669f2\",\"name\":\"admin\",\"image\":{\"@type\":\"ImageObject\",\"inLanguage\":\"sv-SE\",\"@id\":\"https:\\\/\\\/www.interflora.se\\\/inspiration\\\/wp-content\\\/litespeed\\\/avatar\\\/1fe3cced9e67df62d0a6f995d75823a5.jpg?ver=1777362393\",\"url\":\"https:\\\/\\\/www.interflora.se\\\/inspiration\\\/wp-content\\\/litespeed\\\/avatar\\\/1fe3cced9e67df62d0a6f995d75823a5.jpg?ver=1777362393\",\"contentUrl\":\"https:\\\/\\\/www.interflora.se\\\/inspiration\\\/wp-content\\\/litespeed\\\/avatar\\\/1fe3cced9e67df62d0a6f995d75823a5.jpg?ver=1777362393\",\"caption\":\"admin\"},\"sameAs\":[\"https:\\\/\\\/www.interflora.se\\\/inspiration\"],\"url\":\"https:\\\/\\\/www.interflora.se\\\/inspiration\\\/author\\\/admin\\\/\"}]}<\/script>\n<!-- \/ Yoast SEO plugin. -->","yoast_head_json":{"title":"Inred hemmakontoret med gr\u00f6na v\u00e4xter | Interflora","robots":{"index":"index","follow":"follow","max-snippet":"max-snippet:-1","max-image-preview":"max-image-preview:large","max-video-preview":"max-video-preview:-1"},"canonical":"https:\/\/www.interflora.se\/inspiration\/vaxter-till-kontoret\/","og_locale":"sv_SE","og_type":"article","og_title":"Inred hemmakontoret med gr\u00f6na v\u00e4xter | Interflora","og_description":"M\u00e5nga tillbringar stora delar av sina dagar p\u00e5 jobbet och d\u00e4rf\u00f6r \u00e4r det viktigt att skapa en lugn och inspirerande [&hellip;]","og_url":"https:\/\/www.interflora.se\/inspiration\/vaxter-till-kontoret\/","og_site_name":"Inspiration om blommor, krukv\u00e4xter &amp; trender | Interflora","article_publisher":"https:\/\/www.facebook.com\/InterfloraAB","article_published_time":"2024-07-17T04:54:57+00:00","article_modified_time":"2025-03-24T15:50:06+00:00","og_image":[{"width":800,"height":1000,"url":"https:\/\/www.interflora.se\/inspiration\/wp-content\/uploads\/2024\/07\/image.png","type":"image\/png"}],"author":"admin","twitter_card":"summary_large_image","twitter_misc":{"Skriven av":"admin","Ber\u00e4knad l\u00e4stid":"1 minut"},"schema":{"@context":"https:\/\/schema.org","@graph":[{"@type":"Article","@id":"https:\/\/www.interflora.se\/inspiration\/vaxter-till-kontoret\/#article","isPartOf":{"@id":"https:\/\/www.interflora.se\/inspiration\/vaxter-till-kontoret\/"},"author":{"name":"admin","@id":"https:\/\/www.interflora.se\/inspiration\/#\/schema\/person\/dbbd1ad45e05409c356dc639597669f2"},"headline":"Inred hemmakontoret med gr\u00f6na v\u00e4xter","datePublished":"2024-07-17T04:54:57+00:00","dateModified":"2025-03-24T15:50:06+00:00","mainEntityOfPage":{"@id":"https:\/\/www.interflora.se\/inspiration\/vaxter-till-kontoret\/"},"wordCount":264,"commentCount":0,"publisher":{"@id":"https:\/\/www.interflora.se\/inspiration\/#organization"},"image":{"@id":"https:\/\/www.interflora.se\/inspiration\/vaxter-till-kontoret\/#primaryimage"},"thumbnailUrl":"https:\/\/www.interflora.se\/inspiration\/wp-content\/uploads\/2024\/07\/image.png","articleSection":["Tips"],"inLanguage":"sv-SE","potentialAction":[{"@type":"CommentAction","name":"Comment","target":["https:\/\/www.interflora.se\/inspiration\/vaxter-till-kontoret\/#respond"]}]},{"@type":"WebPage","@id":"https:\/\/www.interflora.se\/inspiration\/vaxter-till-kontoret\/","url":"https:\/\/www.interflora.se\/inspiration\/vaxter-till-kontoret\/","name":"Inred hemmakontoret med gr\u00f6na v\u00e4xter | Interflora","isPartOf":{"@id":"https:\/\/www.interflora.se\/inspiration\/#website"},"primaryImageOfPage":{"@id":"https:\/\/www.interflora.se\/inspiration\/vaxter-till-kontoret\/#primaryimage"},"image":{"@id":"https:\/\/www.interflora.se\/inspiration\/vaxter-till-kontoret\/#primaryimage"},"thumbnailUrl":"https:\/\/www.interflora.se\/inspiration\/wp-content\/uploads\/2024\/07\/image.png","datePublished":"2024-07-17T04:54:57+00:00","dateModified":"2025-03-24T15:50:06+00:00","breadcrumb":{"@id":"https:\/\/www.interflora.se\/inspiration\/vaxter-till-kontoret\/#breadcrumb"},"inLanguage":"sv-SE","potentialAction":[{"@type":"ReadAction","target":["https:\/\/www.interflora.se\/inspiration\/vaxter-till-kontoret\/"]}]},{"@type":"ImageObject","inLanguage":"sv-SE","@id":"https:\/\/www.interflora.se\/inspiration\/vaxter-till-kontoret\/#primaryimage","url":"https:\/\/www.interflora.se\/inspiration\/wp-content\/uploads\/2024\/07\/image.png","contentUrl":"https:\/\/www.interflora.se\/inspiration\/wp-content\/uploads\/2024\/07\/image.png","width":800,"height":1000},{"@type":"BreadcrumbList","@id":"https:\/\/www.interflora.se\/inspiration\/vaxter-till-kontoret\/#breadcrumb","itemListElement":[{"@type":"ListItem","position":1,"name":"Home","item":"https:\/\/www.interflora.se\/inspiration\/"},{"@type":"ListItem","position":2,"name":"Inred hemmakontoret med gr\u00f6na v\u00e4xter"}]},{"@type":"WebSite","@id":"https:\/\/www.interflora.se\/inspiration\/#website","url":"https:\/\/www.interflora.se\/inspiration\/","name":"Interflora","description":"","publisher":{"@id":"https:\/\/www.interflora.se\/inspiration\/#organization"},"potentialAction":[{"@type":"SearchAction","target":{"@type":"EntryPoint","urlTemplate":"https:\/\/www.interflora.se\/inspiration\/?s={search_term_string}"},"query-input":{"@type":"PropertyValueSpecification","valueRequired":true,"valueName":"search_term_string"}}],"inLanguage":"sv-SE"},{"@type":"Organization","@id":"https:\/\/www.interflora.se\/inspiration\/#organization","name":"Interflora","url":"https:\/\/www.interflora.se\/inspiration\/","logo":{"@type":"ImageObject","inLanguage":"sv-SE","@id":"https:\/\/www.interflora.se\/inspiration\/#\/schema\/logo\/image\/","url":"https:\/\/www.interflora.se\/inspiration\/wp-content\/uploads\/2025\/09\/cropped-220422_INTERFLORA_Logo_rgb_Half_Top_Circle_Main_Color.avif","contentUrl":"https:\/\/www.interflora.se\/inspiration\/wp-content\/uploads\/2025\/09\/cropped-220422_INTERFLORA_Logo_rgb_Half_Top_Circle_Main_Color.avif","width":1418,"height":662,"caption":"Interflora"},"image":{"@id":"https:\/\/www.interflora.se\/inspiration\/#\/schema\/logo\/image\/"},"sameAs":["https:\/\/www.facebook.com\/InterfloraAB","https:\/\/www.instagram.com\/interflora_ab\/","https:\/\/www.linkedin.com\/company\/1494362","https:\/\/www.youtube.com\/channel\/UCZgDzGWB2VRxaoWFUmXnk1w"]},{"@type":"Person","@id":"https:\/\/www.interflora.se\/inspiration\/#\/schema\/person\/dbbd1ad45e05409c356dc639597669f2","name":"admin","image":{"@type":"ImageObject","inLanguage":"sv-SE","@id":"https:\/\/www.interflora.se\/inspiration\/wp-content\/litespeed\/avatar\/1fe3cced9e67df62d0a6f995d75823a5.jpg?ver=1777362393","url":"https:\/\/www.interflora.se\/inspiration\/wp-content\/litespeed\/avatar\/1fe3cced9e67df62d0a6f995d75823a5.jpg?ver=1777362393","contentUrl":"https:\/\/www.interflora.se\/inspiration\/wp-content\/litespeed\/avatar\/1fe3cced9e67df62d0a6f995d75823a5.jpg?ver=1777362393","caption":"admin"},"sameAs":["https:\/\/www.interflora.se\/inspiration"],"url":"https:\/\/www.interflora.se\/inspiration\/author\/admin\/"}]}},"uagb_featured_image_src":{"full":["https:\/\/www.interflora.se\/inspiration\/wp-content\/uploads\/2024\/07\/image.png",800,1000,false],"thumbnail":["https:\/\/www.interflora.se\/inspiration\/wp-content\/uploads\/2024\/07\/image-150x150.png",150,150,true],"medium":["https:\/\/www.interflora.se\/inspiration\/wp-content\/uploads\/2024\/07\/image-240x300.png",240,300,true],"medium_large":["https:\/\/www.interflora.se\/inspiration\/wp-content\/uploads\/2024\/07\/image-768x960.png",768,960,true],"large":["https:\/\/www.interflora.se\/inspiration\/wp-content\/uploads\/2024\/07\/image.png",800,1000,false],"1536x1536":["https:\/\/www.interflora.se\/inspiration\/wp-content\/uploads\/2024\/07\/image.png",800,1000,false],"2048x2048":["https:\/\/www.interflora.se\/inspiration\/wp-content\/uploads\/2024\/07\/image.png",800,1000,false]},"uagb_author_info":{"display_name":"admin","author_link":"https:\/\/www.interflora.se\/inspiration\/author\/admin\/"},"uagb_comment_info":0,"uagb_excerpt":"M\u00e5nga tillbringar stora delar av sina dagar p\u00e5 jobbet och d\u00e4rf\u00f6r \u00e4r det viktigt att skapa en lugn och inspirerande [&hellip;]","_links":{"self":[{"href":"https:\/\/www.interflora.se\/inspiration\/wp-json\/wp\/v2\/posts\/445","targetHints":{"allow":["GET"]}}],"collection":[{"href":"https:\/\/www.interflora.se\/inspiration\/wp-json\/wp\/v2\/posts"}],"about":[{"href":"https:\/\/www.interflora.se\/inspiration\/wp-json\/wp\/v2\/types\/post"}],"author":[{"embeddable":true,"href":"https:\/\/www.interflora.se\/inspiration\/wp-json\/wp\/v2\/users\/1"}],"replies":[{"embeddable":true,"href":"https:\/\/www.interflora.se\/inspiration\/wp-json\/wp\/v2\/comments?post=445"}],"version-history":[{"count":1,"href":"https:\/\/www.interflora.se\/inspiration\/wp-json\/wp\/v2\/posts\/445\/revisions"}],"predecessor-version":[{"id":1309,"href":"https:\/\/www.interflora.se\/inspiration\/wp-json\/wp\/v2\/posts\/445\/revisions\/1309"}],"wp:featuredmedia":[{"embeddable":true,"href":"https:\/\/www.interflora.se\/inspiration\/wp-json\/wp\/v2\/media\/1306"}],"wp:attachment":[{"href":"https:\/\/www.interflora.se\/inspiration\/wp-json\/wp\/v2\/media?parent=445"}],"wp:term":[{"taxonomy":"category","embeddable":true,"href":"https:\/\/www.interflora.se\/inspiration\/wp-json\/wp\/v2\/categories?post=445"},{"taxonomy":"post_tag","embeddable":true,"href":"https:\/\/www.interflora.se\/inspiration\/wp-json\/wp\/v2\/tags?post=445"}],"curies":[{"name":"wp","href":"https:\/\/api.w.org\/{rel}","templated":true}]}}