{"id":433,"date":"2024-05-15T11:16:39","date_gmt":"2024-05-15T09:16:39","guid":{"rendered":"http:\/\/preprodblog.interflora.se\/blog\/?p=433"},"modified":"2025-03-20T14:45:46","modified_gmt":"2025-03-20T13:45:46","slug":"valj-ratt-vas-for-buketten","status":"publish","type":"post","link":"https:\/\/www.interflora.se\/inspiration\/valj-ratt-vas-for-buketten\/","title":{"rendered":"R\u00e4tt vas till r\u00e4tt bukett"},"content":{"rendered":"\n<p>Att hitta r\u00e4tt vas till sin bukett \u00e4r inte alltid det l\u00e4ttaste. H\u00e4r f\u00e5r du tips p\u00e5 hur du v\u00e4ljer vas f\u00f6r att f\u00e5 blommorna att komma till sin r\u00e4tt. Med endast fyra vaser\u00a0 \u2013 en klotvas, en cylindervas, en tulpanvas och en minivas \u2013 har du vaser f\u00f6r varje tillf\u00e4lle och bukett!<\/p>\n\n\n\n<p><br><img decoding=\"async\" width=\"100%\" height=\"auto\" src=\"https:\/\/www.interflora.se\/inspiration\/wp-content\/uploads\/2025\/03\/vasgrupp_pushbild.jpg\" alt=\"VasGrupp_pushbild.jpg\"><br><\/p>\n\n\n\n<p>Utg\u00e5 fr\u00e5n den typ av bukett som du tycker om n\u00e4r du v\u00e4ljer din vas. Eller skaffa en av varje f\u00f6r en komplett vasgarderob!<\/p>\n\n\n\n<h2 class=\"wp-block-heading\">1. Klotvasen \u2013 till fylliga och yviga buketter<\/h2>\n\n\n\n<figure class=\"wp-block-image\"><a href=\"https:\/\/www.interflora.se\/home\/for-hemmet\/vaser-och-krukor\/vas-freesia-662457ba\/\"><img decoding=\"async\" src=\"https:\/\/www.interflora.se\/inspiration\/wp-content\/uploads\/2025\/03\/storrund_1fyrkantig.jpg\" alt=\"\"\/><\/a><\/figure>\n\n\n\n<p>Fylliga och yviga buketter passar perfekt i en rund vas med en smalare \u00f6ppning. Klotvasen ger stj\u00e4lkarna plats att breda ut sig samtidigt som den mindre \u00f6ppningen h\u00e5ller ihop blommorna och skapar en fin volym upptill i buketten.<\/p>\n\n\n\n<p>En klotformad vas \u00e4r dessutom en vacker inredningsdetalj och \u00e4r fin att ha framme som den \u00e4r eller med ett ljus i.<\/p>\n\n\n\n<p>P\u00e5 bilden har vi valt vasen&nbsp;<a href=\"https:\/\/www.interflora.se\/home\/for-hemmet\/vaser-och-krukor\/vas-freesia-662457ba\/\">Freesia<\/a>, diameter: 16 cm, h\u00f6jd: 23 cm.<\/p>\n\n\n\n<h2 class=\"wp-block-heading\">2. Cylindervasen \u2013 till h\u00f6ga och stilrena buketter<\/h2>\n\n\n\n<figure class=\"wp-block-image\"><a href=\"https:\/\/www.interflora.se\/home\/for-hemmet\/vaser-och-krukor\/vas-amaryllis-08215ad8\/\"><img decoding=\"async\" src=\"https:\/\/www.interflora.se\/inspiration\/wp-content\/uploads\/2025\/03\/amaryllis_fyrkantig.jpg\" alt=\"\"\/><\/a><\/figure>\n\n\n\n<p>Till h\u00f6ga blommor med l\u00e5nga stj\u00e4lkar, som till exempel liljor, pampasgr\u00e4s, amaryllis, solrosor och kvistar, passar en h\u00f6g cylinderformad vas b\u00e4st.<\/p>\n\n\n\n<p>Denna stilrena vasmodell, med sina strama linjer, \u00e4r en tidl\u00f6s klassiker som b\u00f6r finnas i varje hem.<\/p>\n\n\n\n<p>En cylindervas \u00e4r \u00e4ven fin att anv\u00e4nda som ljuslykta. Fyll p\u00e5 med sand eller stenar i botten och st\u00e4ll i ett blockljus s\u00e5 kan vasen st\u00e5 framme \u00e4ven n\u00e4r du inte har blommor i den.&nbsp;<\/p>\n\n\n\n<p>H\u00e4r har vi valt vasen&nbsp;<a href=\"https:\/\/www.interflora.se\/home\/for-hemmet\/vaser-och-krukor\/vas-amaryllis-08215ad8\/\">Amaryllis<\/a>&nbsp;som \u00e4r l\u00e5ngsmal till formen, men \u00e4nd\u00e5 bjuder p\u00e5 en gener\u00f6s bredd vilket g\u00f6r att blommorna inte st\u00e5r i givakt utan f\u00e5r luft.&nbsp;&nbsp;Diameter: 14 cm, h\u00f6jd: 35 cm.<\/p>\n\n\n\n<h2 class=\"wp-block-heading\">3. Tulpanvasen \u2013 till tulpanbuketter och rundbundna buketter<\/h2>\n\n\n\n<figure class=\"wp-block-image\"><a href=\"https:\/\/www.interflora.se\/home\/for-hemmet\/vaser-och-krukor\/vas-blaklocka-d7b79046\/\"><img decoding=\"async\" src=\"https:\/\/www.interflora.se\/inspiration\/wp-content\/uploads\/2025\/03\/tullippa_fyrkantig.jpg\" alt=\"\"\/><\/a><\/figure>\n\n\n\n<p>Tulpanen \u00e4r Sveriges mest popul\u00e4ra blomma. D\u00e4rf\u00f6r kan det vara v\u00e4rt att investera i en perfekt tulpanvas. Denna eleganta vastyp passar \u00e4ven utm\u00e4rkt f\u00f6r rundbundna buketter.<\/p>\n\n\n\n<p>Vasen smalnar av upptill vilket hj\u00e4lper stj\u00e4lkarna att st\u00e5 stadigt och g\u00f6r s\u00e5 att slokande blomsorter st\u00e5r finare l\u00e4ngre. Det rymliga utrymmet i botten ger utrymme till stj\u00e4lkarna och hj\u00e4lper till att skapa ett snyggt arrangemang.<\/p>\n\n\n\n<p>P\u00e5 bilden har vi valt vasen&nbsp;<a href=\"https:\/\/www.interflora.se\/home\/for-hemmet\/vaser-och-krukor\/vas-blaklocka-d7b79046\/\">Bl\u00e5klocka<\/a>, diameter: 14 cm (11 cm i \u00f6ppningen), h\u00f6jd: 20 cm.<\/p>\n\n\n\n<h2 class=\"wp-block-heading\">4. Minivasen \u2013 till enstaka snittblommor&nbsp;<\/h2>\n\n\n\n<figure class=\"wp-block-image\"><a href=\"https:\/\/www.interflora.se\/home\/for-hemmet\/vaser-och-krukor\/vas-gullviva\/\"><img decoding=\"async\" src=\"https:\/\/www.interflora.se\/inspiration\/wp-content\/uploads\/2025\/03\/litenrund_fyrkantig.jpg\" alt=\"\"\/><\/a><\/figure>\n\n\n\n<p>En liten vas \u00e4r perfekt f\u00f6r n\u00e5gra enstaka blommor och kvistar. Placera ut dina favoriter i ett flertal mindre vaser, g\u00e4rna i olika utf\u00f6randen, och placera dem en och en eller i grupper. Det blir ett fint blomsterarrangemang som passar allt fr\u00e5n matbord till soffbord eller f\u00f6nsterbr\u00e4det.&nbsp;<\/p>\n\n\n\n<p>H\u00e4r har vi valt glasvasen&nbsp;<a href=\"https:\/\/www.interflora.se\/home\/for-hemmet\/vaser-och-krukor\/vas-gullviva\/\">Gullviva<\/a>&nbsp;\u2013 en liten transparent vas som ger enstaka blommor lyskraft \u2013 diameter: 10 cm, h\u00f6jd: 10 cm.<\/p>\n","protected":false},"excerpt":{"rendered":"<p>Att hitta r\u00e4tt vas till sin bukett \u00e4r inte alltid det l\u00e4ttaste. H\u00e4r f\u00e5r du tips p\u00e5 hur du v\u00e4ljer [&hellip;]<\/p>\n","protected":false},"author":1,"featured_media":867,"comment_status":"open","ping_status":"open","sticky":false,"template":"","format":"standard","meta":{"_uag_custom_page_level_css":"","site-sidebar-layout":"default","site-content-layout":"","ast-site-content-layout":"default","site-content-style":"default","site-sidebar-style":"default","ast-global-header-display":"","ast-banner-title-visibility":"","ast-main-header-display":"","ast-hfb-above-header-display":"","ast-hfb-below-header-display":"","ast-hfb-mobile-header-display":"","site-post-title":"","ast-breadcrumbs-content":"","ast-featured-img":"","footer-sml-layout":"","ast-disable-related-posts":"","theme-transparent-header-meta":"","adv-header-id-meta":"","stick-header-meta":"","header-above-stick-meta":"","header-main-stick-meta":"","header-below-stick-meta":"","astra-migrate-meta-layouts":"default","ast-page-background-enabled":"default","ast-page-background-meta":{"desktop":{"background-color":"var(--ast-global-color-5)","background-image":"","background-repeat":"repeat","background-position":"center center","background-size":"auto","background-attachment":"scroll","background-type":"","background-media":"","overlay-type":"","overlay-color":"","overlay-opacity":"","overlay-gradient":""},"tablet":{"background-color":"","background-image":"","background-repeat":"repeat","background-position":"center center","background-size":"auto","background-attachment":"scroll","background-type":"","background-media":"","overlay-type":"","overlay-color":"","overlay-opacity":"","overlay-gradient":""},"mobile":{"background-color":"","background-image":"","background-repeat":"repeat","background-position":"center center","background-size":"auto","background-attachment":"scroll","background-type":"","background-media":"","overlay-type":"","overlay-color":"","overlay-opacity":"","overlay-gradient":""}},"ast-content-background-meta":{"desktop":{"background-color":"var(--ast-global-color-4)","background-image":"","background-repeat":"repeat","background-position":"center center","background-size":"auto","background-attachment":"scroll","background-type":"","background-media":"","overlay-type":"","overlay-color":"","overlay-opacity":"","overlay-gradient":""},"tablet":{"background-color":"var(--ast-global-color-4)","background-image":"","background-repeat":"repeat","background-position":"center center","background-size":"auto","background-attachment":"scroll","background-type":"","background-media":"","overlay-type":"","overlay-color":"","overlay-opacity":"","overlay-gradient":""},"mobile":{"background-color":"var(--ast-global-color-4)","background-image":"","background-repeat":"repeat","background-position":"center center","background-size":"auto","background-attachment":"scroll","background-type":"","background-media":"","overlay-type":"","overlay-color":"","overlay-opacity":"","overlay-gradient":""}},"footnotes":""},"categories":[4],"tags":[],"class_list":["post-433","post","type-post","status-publish","format-standard","has-post-thumbnail","hentry","category-tips"],"yoast_head":"<!-- This site is optimized with the Yoast SEO plugin v27.4 - https:\/\/yoast.com\/product\/yoast-seo-wordpress\/ -->\n<title>R\u00e4tt vas till r\u00e4tt bukett | Interflora<\/title>\n<meta name=\"robots\" content=\"index, follow, max-snippet:-1, max-image-preview:large, max-video-preview:-1\" \/>\n<link rel=\"canonical\" href=\"https:\/\/www.interflora.se\/inspiration\/valj-ratt-vas-for-buketten\/\" \/>\n<meta property=\"og:locale\" content=\"sv_SE\" \/>\n<meta property=\"og:type\" content=\"article\" \/>\n<meta property=\"og:title\" content=\"R\u00e4tt vas till r\u00e4tt bukett | Interflora\" \/>\n<meta property=\"og:description\" content=\"Att hitta r\u00e4tt vas till sin bukett \u00e4r inte alltid det l\u00e4ttaste. H\u00e4r f\u00e5r du tips p\u00e5 hur du v\u00e4ljer [&hellip;]\" \/>\n<meta property=\"og:url\" content=\"https:\/\/www.interflora.se\/inspiration\/valj-ratt-vas-for-buketten\/\" \/>\n<meta property=\"og:site_name\" content=\"Inspiration om blommor, krukv\u00e4xter &amp; trender | Interflora\" \/>\n<meta property=\"article:publisher\" content=\"https:\/\/www.facebook.com\/InterfloraAB\" \/>\n<meta property=\"article:published_time\" content=\"2024-05-15T09:16:39+00:00\" \/>\n<meta property=\"article:modified_time\" content=\"2025-03-20T13:45:46+00:00\" \/>\n<meta property=\"og:image\" content=\"https:\/\/www.interflora.se\/inspiration\/wp-content\/uploads\/2025\/03\/vasgrupp_pushbild.jpg\" \/>\n\t<meta property=\"og:image:width\" content=\"1000\" \/>\n\t<meta property=\"og:image:height\" content=\"667\" \/>\n\t<meta property=\"og:image:type\" content=\"image\/jpeg\" \/>\n<meta name=\"author\" content=\"admin\" \/>\n<meta name=\"twitter:card\" content=\"summary_large_image\" \/>\n<meta name=\"twitter:label1\" content=\"Skriven av\" \/>\n\t<meta name=\"twitter:data1\" content=\"admin\" \/>\n\t<meta name=\"twitter:label2\" content=\"Ber\u00e4knad l\u00e4stid\" \/>\n\t<meta name=\"twitter:data2\" content=\"2 minuter\" \/>\n<script type=\"application\/ld+json\" class=\"yoast-schema-graph\">{\"@context\":\"https:\\\/\\\/schema.org\",\"@graph\":[{\"@type\":\"Article\",\"@id\":\"https:\\\/\\\/www.interflora.se\\\/inspiration\\\/valj-ratt-vas-for-buketten\\\/#article\",\"isPartOf\":{\"@id\":\"https:\\\/\\\/www.interflora.se\\\/inspiration\\\/valj-ratt-vas-for-buketten\\\/\"},\"author\":{\"name\":\"admin\",\"@id\":\"https:\\\/\\\/www.interflora.se\\\/inspiration\\\/#\\\/schema\\\/person\\\/dbbd1ad45e05409c356dc639597669f2\"},\"headline\":\"R\u00e4tt vas till r\u00e4tt bukett\",\"datePublished\":\"2024-05-15T09:16:39+00:00\",\"dateModified\":\"2025-03-20T13:45:46+00:00\",\"mainEntityOfPage\":{\"@id\":\"https:\\\/\\\/www.interflora.se\\\/inspiration\\\/valj-ratt-vas-for-buketten\\\/\"},\"wordCount\":493,\"commentCount\":0,\"publisher\":{\"@id\":\"https:\\\/\\\/www.interflora.se\\\/inspiration\\\/#organization\"},\"image\":{\"@id\":\"https:\\\/\\\/www.interflora.se\\\/inspiration\\\/valj-ratt-vas-for-buketten\\\/#primaryimage\"},\"thumbnailUrl\":\"https:\\\/\\\/www.interflora.se\\\/inspiration\\\/wp-content\\\/uploads\\\/2025\\\/03\\\/vasgrupp_pushbild.jpg\",\"articleSection\":[\"Tips\"],\"inLanguage\":\"sv-SE\",\"potentialAction\":[{\"@type\":\"CommentAction\",\"name\":\"Comment\",\"target\":[\"https:\\\/\\\/www.interflora.se\\\/inspiration\\\/valj-ratt-vas-for-buketten\\\/#respond\"]}]},{\"@type\":\"WebPage\",\"@id\":\"https:\\\/\\\/www.interflora.se\\\/inspiration\\\/valj-ratt-vas-for-buketten\\\/\",\"url\":\"https:\\\/\\\/www.interflora.se\\\/inspiration\\\/valj-ratt-vas-for-buketten\\\/\",\"name\":\"R\u00e4tt vas till r\u00e4tt bukett | Interflora\",\"isPartOf\":{\"@id\":\"https:\\\/\\\/www.interflora.se\\\/inspiration\\\/#website\"},\"primaryImageOfPage\":{\"@id\":\"https:\\\/\\\/www.interflora.se\\\/inspiration\\\/valj-ratt-vas-for-buketten\\\/#primaryimage\"},\"image\":{\"@id\":\"https:\\\/\\\/www.interflora.se\\\/inspiration\\\/valj-ratt-vas-for-buketten\\\/#primaryimage\"},\"thumbnailUrl\":\"https:\\\/\\\/www.interflora.se\\\/inspiration\\\/wp-content\\\/uploads\\\/2025\\\/03\\\/vasgrupp_pushbild.jpg\",\"datePublished\":\"2024-05-15T09:16:39+00:00\",\"dateModified\":\"2025-03-20T13:45:46+00:00\",\"breadcrumb\":{\"@id\":\"https:\\\/\\\/www.interflora.se\\\/inspiration\\\/valj-ratt-vas-for-buketten\\\/#breadcrumb\"},\"inLanguage\":\"sv-SE\",\"potentialAction\":[{\"@type\":\"ReadAction\",\"target\":[\"https:\\\/\\\/www.interflora.se\\\/inspiration\\\/valj-ratt-vas-for-buketten\\\/\"]}]},{\"@type\":\"ImageObject\",\"inLanguage\":\"sv-SE\",\"@id\":\"https:\\\/\\\/www.interflora.se\\\/inspiration\\\/valj-ratt-vas-for-buketten\\\/#primaryimage\",\"url\":\"https:\\\/\\\/www.interflora.se\\\/inspiration\\\/wp-content\\\/uploads\\\/2025\\\/03\\\/vasgrupp_pushbild.jpg\",\"contentUrl\":\"https:\\\/\\\/www.interflora.se\\\/inspiration\\\/wp-content\\\/uploads\\\/2025\\\/03\\\/vasgrupp_pushbild.jpg\",\"width\":1000,\"height\":667},{\"@type\":\"BreadcrumbList\",\"@id\":\"https:\\\/\\\/www.interflora.se\\\/inspiration\\\/valj-ratt-vas-for-buketten\\\/#breadcrumb\",\"itemListElement\":[{\"@type\":\"ListItem\",\"position\":1,\"name\":\"Home\",\"item\":\"https:\\\/\\\/www.interflora.se\\\/inspiration\\\/\"},{\"@type\":\"ListItem\",\"position\":2,\"name\":\"R\u00e4tt vas till r\u00e4tt bukett\"}]},{\"@type\":\"WebSite\",\"@id\":\"https:\\\/\\\/www.interflora.se\\\/inspiration\\\/#website\",\"url\":\"https:\\\/\\\/www.interflora.se\\\/inspiration\\\/\",\"name\":\"Interflora\",\"description\":\"\",\"publisher\":{\"@id\":\"https:\\\/\\\/www.interflora.se\\\/inspiration\\\/#organization\"},\"potentialAction\":[{\"@type\":\"SearchAction\",\"target\":{\"@type\":\"EntryPoint\",\"urlTemplate\":\"https:\\\/\\\/www.interflora.se\\\/inspiration\\\/?s={search_term_string}\"},\"query-input\":{\"@type\":\"PropertyValueSpecification\",\"valueRequired\":true,\"valueName\":\"search_term_string\"}}],\"inLanguage\":\"sv-SE\"},{\"@type\":\"Organization\",\"@id\":\"https:\\\/\\\/www.interflora.se\\\/inspiration\\\/#organization\",\"name\":\"Interflora\",\"url\":\"https:\\\/\\\/www.interflora.se\\\/inspiration\\\/\",\"logo\":{\"@type\":\"ImageObject\",\"inLanguage\":\"sv-SE\",\"@id\":\"https:\\\/\\\/www.interflora.se\\\/inspiration\\\/#\\\/schema\\\/logo\\\/image\\\/\",\"url\":\"https:\\\/\\\/www.interflora.se\\\/inspiration\\\/wp-content\\\/uploads\\\/2025\\\/09\\\/cropped-220422_INTERFLORA_Logo_rgb_Half_Top_Circle_Main_Color.avif\",\"contentUrl\":\"https:\\\/\\\/www.interflora.se\\\/inspiration\\\/wp-content\\\/uploads\\\/2025\\\/09\\\/cropped-220422_INTERFLORA_Logo_rgb_Half_Top_Circle_Main_Color.avif\",\"width\":1418,\"height\":662,\"caption\":\"Interflora\"},\"image\":{\"@id\":\"https:\\\/\\\/www.interflora.se\\\/inspiration\\\/#\\\/schema\\\/logo\\\/image\\\/\"},\"sameAs\":[\"https:\\\/\\\/www.facebook.com\\\/InterfloraAB\",\"https:\\\/\\\/www.instagram.com\\\/interflora_ab\\\/\",\"https:\\\/\\\/www.linkedin.com\\\/company\\\/1494362\",\"https:\\\/\\\/www.youtube.com\\\/channel\\\/UCZgDzGWB2VRxaoWFUmXnk1w\"]},{\"@type\":\"Person\",\"@id\":\"https:\\\/\\\/www.interflora.se\\\/inspiration\\\/#\\\/schema\\\/person\\\/dbbd1ad45e05409c356dc639597669f2\",\"name\":\"admin\",\"image\":{\"@type\":\"ImageObject\",\"inLanguage\":\"sv-SE\",\"@id\":\"https:\\\/\\\/www.interflora.se\\\/inspiration\\\/wp-content\\\/litespeed\\\/avatar\\\/1fe3cced9e67df62d0a6f995d75823a5.jpg?ver=1777362393\",\"url\":\"https:\\\/\\\/www.interflora.se\\\/inspiration\\\/wp-content\\\/litespeed\\\/avatar\\\/1fe3cced9e67df62d0a6f995d75823a5.jpg?ver=1777362393\",\"contentUrl\":\"https:\\\/\\\/www.interflora.se\\\/inspiration\\\/wp-content\\\/litespeed\\\/avatar\\\/1fe3cced9e67df62d0a6f995d75823a5.jpg?ver=1777362393\",\"caption\":\"admin\"},\"sameAs\":[\"https:\\\/\\\/www.interflora.se\\\/inspiration\"],\"url\":\"https:\\\/\\\/www.interflora.se\\\/inspiration\\\/author\\\/admin\\\/\"}]}<\/script>\n<!-- \/ Yoast SEO plugin. -->","yoast_head_json":{"title":"R\u00e4tt vas till r\u00e4tt bukett | Interflora","robots":{"index":"index","follow":"follow","max-snippet":"max-snippet:-1","max-image-preview":"max-image-preview:large","max-video-preview":"max-video-preview:-1"},"canonical":"https:\/\/www.interflora.se\/inspiration\/valj-ratt-vas-for-buketten\/","og_locale":"sv_SE","og_type":"article","og_title":"R\u00e4tt vas till r\u00e4tt bukett | Interflora","og_description":"Att hitta r\u00e4tt vas till sin bukett \u00e4r inte alltid det l\u00e4ttaste. H\u00e4r f\u00e5r du tips p\u00e5 hur du v\u00e4ljer [&hellip;]","og_url":"https:\/\/www.interflora.se\/inspiration\/valj-ratt-vas-for-buketten\/","og_site_name":"Inspiration om blommor, krukv\u00e4xter &amp; trender | Interflora","article_publisher":"https:\/\/www.facebook.com\/InterfloraAB","article_published_time":"2024-05-15T09:16:39+00:00","article_modified_time":"2025-03-20T13:45:46+00:00","og_image":[{"width":1000,"height":667,"url":"https:\/\/www.interflora.se\/inspiration\/wp-content\/uploads\/2025\/03\/vasgrupp_pushbild.jpg","type":"image\/jpeg"}],"author":"admin","twitter_card":"summary_large_image","twitter_misc":{"Skriven av":"admin","Ber\u00e4knad l\u00e4stid":"2 minuter"},"schema":{"@context":"https:\/\/schema.org","@graph":[{"@type":"Article","@id":"https:\/\/www.interflora.se\/inspiration\/valj-ratt-vas-for-buketten\/#article","isPartOf":{"@id":"https:\/\/www.interflora.se\/inspiration\/valj-ratt-vas-for-buketten\/"},"author":{"name":"admin","@id":"https:\/\/www.interflora.se\/inspiration\/#\/schema\/person\/dbbd1ad45e05409c356dc639597669f2"},"headline":"R\u00e4tt vas till r\u00e4tt bukett","datePublished":"2024-05-15T09:16:39+00:00","dateModified":"2025-03-20T13:45:46+00:00","mainEntityOfPage":{"@id":"https:\/\/www.interflora.se\/inspiration\/valj-ratt-vas-for-buketten\/"},"wordCount":493,"commentCount":0,"publisher":{"@id":"https:\/\/www.interflora.se\/inspiration\/#organization"},"image":{"@id":"https:\/\/www.interflora.se\/inspiration\/valj-ratt-vas-for-buketten\/#primaryimage"},"thumbnailUrl":"https:\/\/www.interflora.se\/inspiration\/wp-content\/uploads\/2025\/03\/vasgrupp_pushbild.jpg","articleSection":["Tips"],"inLanguage":"sv-SE","potentialAction":[{"@type":"CommentAction","name":"Comment","target":["https:\/\/www.interflora.se\/inspiration\/valj-ratt-vas-for-buketten\/#respond"]}]},{"@type":"WebPage","@id":"https:\/\/www.interflora.se\/inspiration\/valj-ratt-vas-for-buketten\/","url":"https:\/\/www.interflora.se\/inspiration\/valj-ratt-vas-for-buketten\/","name":"R\u00e4tt vas till r\u00e4tt bukett | Interflora","isPartOf":{"@id":"https:\/\/www.interflora.se\/inspiration\/#website"},"primaryImageOfPage":{"@id":"https:\/\/www.interflora.se\/inspiration\/valj-ratt-vas-for-buketten\/#primaryimage"},"image":{"@id":"https:\/\/www.interflora.se\/inspiration\/valj-ratt-vas-for-buketten\/#primaryimage"},"thumbnailUrl":"https:\/\/www.interflora.se\/inspiration\/wp-content\/uploads\/2025\/03\/vasgrupp_pushbild.jpg","datePublished":"2024-05-15T09:16:39+00:00","dateModified":"2025-03-20T13:45:46+00:00","breadcrumb":{"@id":"https:\/\/www.interflora.se\/inspiration\/valj-ratt-vas-for-buketten\/#breadcrumb"},"inLanguage":"sv-SE","potentialAction":[{"@type":"ReadAction","target":["https:\/\/www.interflora.se\/inspiration\/valj-ratt-vas-for-buketten\/"]}]},{"@type":"ImageObject","inLanguage":"sv-SE","@id":"https:\/\/www.interflora.se\/inspiration\/valj-ratt-vas-for-buketten\/#primaryimage","url":"https:\/\/www.interflora.se\/inspiration\/wp-content\/uploads\/2025\/03\/vasgrupp_pushbild.jpg","contentUrl":"https:\/\/www.interflora.se\/inspiration\/wp-content\/uploads\/2025\/03\/vasgrupp_pushbild.jpg","width":1000,"height":667},{"@type":"BreadcrumbList","@id":"https:\/\/www.interflora.se\/inspiration\/valj-ratt-vas-for-buketten\/#breadcrumb","itemListElement":[{"@type":"ListItem","position":1,"name":"Home","item":"https:\/\/www.interflora.se\/inspiration\/"},{"@type":"ListItem","position":2,"name":"R\u00e4tt vas till r\u00e4tt bukett"}]},{"@type":"WebSite","@id":"https:\/\/www.interflora.se\/inspiration\/#website","url":"https:\/\/www.interflora.se\/inspiration\/","name":"Interflora","description":"","publisher":{"@id":"https:\/\/www.interflora.se\/inspiration\/#organization"},"potentialAction":[{"@type":"SearchAction","target":{"@type":"EntryPoint","urlTemplate":"https:\/\/www.interflora.se\/inspiration\/?s={search_term_string}"},"query-input":{"@type":"PropertyValueSpecification","valueRequired":true,"valueName":"search_term_string"}}],"inLanguage":"sv-SE"},{"@type":"Organization","@id":"https:\/\/www.interflora.se\/inspiration\/#organization","name":"Interflora","url":"https:\/\/www.interflora.se\/inspiration\/","logo":{"@type":"ImageObject","inLanguage":"sv-SE","@id":"https:\/\/www.interflora.se\/inspiration\/#\/schema\/logo\/image\/","url":"https:\/\/www.interflora.se\/inspiration\/wp-content\/uploads\/2025\/09\/cropped-220422_INTERFLORA_Logo_rgb_Half_Top_Circle_Main_Color.avif","contentUrl":"https:\/\/www.interflora.se\/inspiration\/wp-content\/uploads\/2025\/09\/cropped-220422_INTERFLORA_Logo_rgb_Half_Top_Circle_Main_Color.avif","width":1418,"height":662,"caption":"Interflora"},"image":{"@id":"https:\/\/www.interflora.se\/inspiration\/#\/schema\/logo\/image\/"},"sameAs":["https:\/\/www.facebook.com\/InterfloraAB","https:\/\/www.instagram.com\/interflora_ab\/","https:\/\/www.linkedin.com\/company\/1494362","https:\/\/www.youtube.com\/channel\/UCZgDzGWB2VRxaoWFUmXnk1w"]},{"@type":"Person","@id":"https:\/\/www.interflora.se\/inspiration\/#\/schema\/person\/dbbd1ad45e05409c356dc639597669f2","name":"admin","image":{"@type":"ImageObject","inLanguage":"sv-SE","@id":"https:\/\/www.interflora.se\/inspiration\/wp-content\/litespeed\/avatar\/1fe3cced9e67df62d0a6f995d75823a5.jpg?ver=1777362393","url":"https:\/\/www.interflora.se\/inspiration\/wp-content\/litespeed\/avatar\/1fe3cced9e67df62d0a6f995d75823a5.jpg?ver=1777362393","contentUrl":"https:\/\/www.interflora.se\/inspiration\/wp-content\/litespeed\/avatar\/1fe3cced9e67df62d0a6f995d75823a5.jpg?ver=1777362393","caption":"admin"},"sameAs":["https:\/\/www.interflora.se\/inspiration"],"url":"https:\/\/www.interflora.se\/inspiration\/author\/admin\/"}]}},"uagb_featured_image_src":{"full":["https:\/\/www.interflora.se\/inspiration\/wp-content\/uploads\/2025\/03\/vasgrupp_pushbild.jpg",1000,667,false],"thumbnail":["https:\/\/www.interflora.se\/inspiration\/wp-content\/uploads\/2025\/03\/vasgrupp_pushbild-150x150.jpg",150,150,true],"medium":["https:\/\/www.interflora.se\/inspiration\/wp-content\/uploads\/2025\/03\/vasgrupp_pushbild-300x200.jpg",300,200,true],"medium_large":["https:\/\/www.interflora.se\/inspiration\/wp-content\/uploads\/2025\/03\/vasgrupp_pushbild-768x512.jpg",768,512,true],"large":["https:\/\/www.interflora.se\/inspiration\/wp-content\/uploads\/2025\/03\/vasgrupp_pushbild.jpg",1000,667,false],"1536x1536":["https:\/\/www.interflora.se\/inspiration\/wp-content\/uploads\/2025\/03\/vasgrupp_pushbild.jpg",1000,667,false],"2048x2048":["https:\/\/www.interflora.se\/inspiration\/wp-content\/uploads\/2025\/03\/vasgrupp_pushbild.jpg",1000,667,false]},"uagb_author_info":{"display_name":"admin","author_link":"https:\/\/www.interflora.se\/inspiration\/author\/admin\/"},"uagb_comment_info":0,"uagb_excerpt":"Att hitta r\u00e4tt vas till sin bukett \u00e4r inte alltid det l\u00e4ttaste. H\u00e4r f\u00e5r du tips p\u00e5 hur du v\u00e4ljer [&hellip;]","_links":{"self":[{"href":"https:\/\/www.interflora.se\/inspiration\/wp-json\/wp\/v2\/posts\/433","targetHints":{"allow":["GET"]}}],"collection":[{"href":"https:\/\/www.interflora.se\/inspiration\/wp-json\/wp\/v2\/posts"}],"about":[{"href":"https:\/\/www.interflora.se\/inspiration\/wp-json\/wp\/v2\/types\/post"}],"author":[{"embeddable":true,"href":"https:\/\/www.interflora.se\/inspiration\/wp-json\/wp\/v2\/users\/1"}],"replies":[{"embeddable":true,"href":"https:\/\/www.interflora.se\/inspiration\/wp-json\/wp\/v2\/comments?post=433"}],"version-history":[{"count":1,"href":"https:\/\/www.interflora.se\/inspiration\/wp-json\/wp\/v2\/posts\/433\/revisions"}],"predecessor-version":[{"id":872,"href":"https:\/\/www.interflora.se\/inspiration\/wp-json\/wp\/v2\/posts\/433\/revisions\/872"}],"wp:featuredmedia":[{"embeddable":true,"href":"https:\/\/www.interflora.se\/inspiration\/wp-json\/wp\/v2\/media\/867"}],"wp:attachment":[{"href":"https:\/\/www.interflora.se\/inspiration\/wp-json\/wp\/v2\/media?parent=433"}],"wp:term":[{"taxonomy":"category","embeddable":true,"href":"https:\/\/www.interflora.se\/inspiration\/wp-json\/wp\/v2\/categories?post=433"},{"taxonomy":"post_tag","embeddable":true,"href":"https:\/\/www.interflora.se\/inspiration\/wp-json\/wp\/v2\/tags?post=433"}],"curies":[{"name":"wp","href":"https:\/\/api.w.org\/{rel}","templated":true}]}}