{"id":427,"date":"2024-06-05T04:33:00","date_gmt":"2024-06-05T02:33:00","guid":{"rendered":"http:\/\/preprodblog.interflora.se\/blog\/?p=427"},"modified":"2025-03-28T11:14:14","modified_gmt":"2025-03-28T10:14:14","slug":"tips-till-studentmottagningen","status":"publish","type":"post","link":"https:\/\/www.interflora.se\/inspiration\/tips-till-studentmottagningen\/","title":{"rendered":"Blomstrande id\u00e9er till examensfesten"},"content":{"rendered":"\n<p>Examenstider fyller v\u00e5ra hj\u00e4rtan med hopp och gl\u00e4dje. Har du en student eller en examen att fira? H\u00e4r \u00e4r tre blomstrande tips som g\u00f6r mottagningen och festen of\u00f6rgl\u00f6mlig.<\/p>\n\n\n\n<p>Att duka vackert \u00e4r f\u00f6rst\u00e5s en sj\u00e4lvklarhet, men det \u00e4r blommorna som f\u00f6rst\u00e4rker intrycket, \u00e4ven om festen h\u00e5lls utomhus. Det finns m\u00e5nga s\u00e4tt att anv\u00e4nda dem, f\u00f6rutom att s\u00e4tta dem i vas.<\/p>\n\n\n\n<figure class=\"wp-block-gallery has-nested-images columns-default is-cropped wp-block-gallery-1 is-layout-flex wp-block-gallery-is-layout-flex\">\n<figure class=\"wp-block-image\"><img decoding=\"async\" src=\"https:\/\/www.interflora.se\/inspiration\/wp-content\/uploads\/2025\/03\/examen_studentbukett.jpg\" alt=\"Examen_studentbukett.jpg\"\/><\/figure>\n\n\n\n<figure class=\"wp-block-image\"><img decoding=\"async\" src=\"https:\/\/www.interflora.se\/inspiration\/wp-content\/uploads\/2025\/03\/examen_dukning.jpg\" alt=\"Examen_Dukning.jpg\"\/><\/figure>\n<\/figure>\n\n\n\n<p><a href=\"https:\/\/www.interflora.se\/interflora\/tillfallen\/examensblommor\/studentgladje\/\">Best\u00e4ll buketten Studentgl\u00e4dje<\/a><\/p>\n\n\n\n<h2 class=\"wp-block-heading\">1. Blommor i glasen<\/h2>\n\n\n\n<p>Bjud p\u00e5 blomsterdekorerade v\u00e4lkomstdrinkar, som kan vara alkoholfria om man vill. Dina g\u00e4ster kommer att k\u00e4nna sig b\u00e5de tjusiga och uppskattade med ett festfint glas i handen.<\/p>\n\n\n\n<p>G\u00f6r s\u00e5 h\u00e4r<\/p>\n\n\n\n<ol class=\"wp-block-list\">\n<li>Kyl glaset.<\/li>\n\n\n\n<li>Gnid glasets kant med ituskuren lime eller citron. Forts\u00e4tt att h\u00e5lla glaset upp och ner.<\/li>\n\n\n\n<li>Doppa glaset i en tallrik med str\u00f6socker. Skaka av \u00f6verfl\u00f6det och st\u00e4ll glaset kallt.<\/li>\n\n\n\n<li>Fyll p\u00e5 med valfri dryck.<\/li>\n\n\n\n<li>Toppa med en fint skuren frukt eller n\u00e5gra b\u00e4r och en \u00e4tbar blomma, t ex pelargon eller viol.<\/li>\n<\/ol>\n\n\n\n<figure class=\"wp-block-image\"><img decoding=\"async\" src=\"https:\/\/www.interflora.se\/inspiration\/wp-content\/uploads\/2025\/03\/examen_glas.jpg\" alt=\"Examen_glas.jpg\"\/><\/figure>\n\n\n\n<h2 class=\"wp-block-heading\">2. Vik servettfickor till besticken<\/h2>\n\n\n\n<p>Fina servetter dekorerade med en blomma ger stor effekt. Ett enkelt tips, som \u00e4r l\u00e4tt att g\u00f6ra. Vill du g\u00f6ra det \u00e4nnu mer okomplicerat beh\u00f6ver du inte ens vika servetten, rulla bara ihop den och knyt bandet runt om.<\/p>\n\n\n\n<p>G\u00f6r s\u00e5 h\u00e4r<\/p>\n\n\n\n<ol class=\"wp-block-list\">\n<li>Vik servetten s\u00e5 att den f\u00e5r ett fack d\u00e4r besticken kan stoppas in. Det finns m\u00e5nga beskrivningar p\u00e5 n\u00e4tet, men ett tips \u00e4r att ta hj\u00e4lp av strykj\u00e4rnet n\u00e4r du viker, det blir mycket l\u00e4ttare.<\/li>\n\n\n\n<li>Knyt\u00a0ett matchande band runt servetten.<\/li>\n\n\n\n<li>Stick in en fin blomma eller gr\u00f6n kvist under bandet.<\/li>\n<\/ol>\n\n\n\n<figure class=\"wp-block-image\"><img decoding=\"async\" src=\"https:\/\/www.interflora.se\/inspiration\/wp-content\/uploads\/2025\/03\/examen_bestick.jpg\" alt=\"Examen_bestick.jpg\"\/><\/figure>\n\n\n\n<h2 class=\"wp-block-heading\">3. Snyggaste ishinken<\/h2>\n\n\n\n<p>Att dekorera en stor ishink med blommor \u00e4r ett enkelt s\u00e4tt att ge bordet ett sommarvackert uttryck.&nbsp;Anv\u00e4nd en stor kruka, hink, skottk\u00e4rra eller n\u00e5got annat passande som du har hemma. H\u00e4r har vi tagit en gammal koppargryta. F\u00f6r extra lyxig glans \u2013 putsa upp den s\u00e5 den bl\u00e4nker. Fina blomsorter i studenttider \u00e4r riddarsporre, l\u00f6vkoja och tistel tillsammans med gr\u00f6na kvistar.<br><\/p>\n\n\n\n<figure class=\"wp-block-image\"><img decoding=\"async\" src=\"https:\/\/www.interflora.se\/inspiration\/wp-content\/uploads\/2025\/03\/examen_ishink.jpg\" alt=\"Examen_ishink.jpg\"\/><\/figure>\n\n\n\n<p>G\u00f6r s\u00e5 h\u00e4r<\/p>\n\n\n\n<ol class=\"wp-block-list\">\n<li>Fyll med is, kallvatten och kylda drycker av olika slag.<\/li>\n\n\n\n<li>Stick ner blommor kors och tv\u00e4rs mellan isen i vattnet. S\u00e5 enkelt och sommarfint!<\/li>\n<\/ol>\n","protected":false},"excerpt":{"rendered":"<p>Examenstider fyller v\u00e5ra hj\u00e4rtan med hopp och gl\u00e4dje. Har du en student eller en examen att fira? H\u00e4r \u00e4r tre [&hellip;]<\/p>\n","protected":false},"author":1,"featured_media":3213,"comment_status":"open","ping_status":"open","sticky":false,"template":"","format":"standard","meta":{"_uag_custom_page_level_css":"","site-sidebar-layout":"default","site-content-layout":"","ast-site-content-layout":"default","site-content-style":"default","site-sidebar-style":"default","ast-global-header-display":"","ast-banner-title-visibility":"","ast-main-header-display":"","ast-hfb-above-header-display":"","ast-hfb-below-header-display":"","ast-hfb-mobile-header-display":"","site-post-title":"","ast-breadcrumbs-content":"","ast-featured-img":"","footer-sml-layout":"","ast-disable-related-posts":"","theme-transparent-header-meta":"","adv-header-id-meta":"","stick-header-meta":"","header-above-stick-meta":"","header-main-stick-meta":"","header-below-stick-meta":"","astra-migrate-meta-layouts":"default","ast-page-background-enabled":"default","ast-page-background-meta":{"desktop":{"background-color":"var(--ast-global-color-5)","background-image":"","background-repeat":"repeat","background-position":"center center","background-size":"auto","background-attachment":"scroll","background-type":"","background-media":"","overlay-type":"","overlay-color":"","overlay-opacity":"","overlay-gradient":""},"tablet":{"background-color":"","background-image":"","background-repeat":"repeat","background-position":"center center","background-size":"auto","background-attachment":"scroll","background-type":"","background-media":"","overlay-type":"","overlay-color":"","overlay-opacity":"","overlay-gradient":""},"mobile":{"background-color":"","background-image":"","background-repeat":"repeat","background-position":"center center","background-size":"auto","background-attachment":"scroll","background-type":"","background-media":"","overlay-type":"","overlay-color":"","overlay-opacity":"","overlay-gradient":""}},"ast-content-background-meta":{"desktop":{"background-color":"var(--ast-global-color-4)","background-image":"","background-repeat":"repeat","background-position":"center center","background-size":"auto","background-attachment":"scroll","background-type":"","background-media":"","overlay-type":"","overlay-color":"","overlay-opacity":"","overlay-gradient":""},"tablet":{"background-color":"var(--ast-global-color-4)","background-image":"","background-repeat":"repeat","background-position":"center center","background-size":"auto","background-attachment":"scroll","background-type":"","background-media":"","overlay-type":"","overlay-color":"","overlay-opacity":"","overlay-gradient":""},"mobile":{"background-color":"var(--ast-global-color-4)","background-image":"","background-repeat":"repeat","background-position":"center center","background-size":"auto","background-attachment":"scroll","background-type":"","background-media":"","overlay-type":"","overlay-color":"","overlay-opacity":"","overlay-gradient":""}},"footnotes":""},"categories":[4],"tags":[],"class_list":["post-427","post","type-post","status-publish","format-standard","has-post-thumbnail","hentry","category-tips"],"yoast_head":"<!-- This site is optimized with the Yoast SEO plugin v27.4 - https:\/\/yoast.com\/product\/yoast-seo-wordpress\/ -->\n<title>Blomstrande id\u00e9er till examensfesten | Interflora<\/title>\n<meta name=\"robots\" content=\"index, follow, max-snippet:-1, max-image-preview:large, max-video-preview:-1\" \/>\n<link rel=\"canonical\" href=\"https:\/\/www.interflora.se\/inspiration\/tips-till-studentmottagningen\/\" \/>\n<meta property=\"og:locale\" content=\"sv_SE\" \/>\n<meta property=\"og:type\" content=\"article\" \/>\n<meta property=\"og:title\" content=\"Blomstrande id\u00e9er till examensfesten | Interflora\" \/>\n<meta property=\"og:description\" content=\"Examenstider fyller v\u00e5ra hj\u00e4rtan med hopp och gl\u00e4dje. Har du en student eller en examen att fira? H\u00e4r \u00e4r tre [&hellip;]\" \/>\n<meta property=\"og:url\" content=\"https:\/\/www.interflora.se\/inspiration\/tips-till-studentmottagningen\/\" \/>\n<meta property=\"og:site_name\" content=\"Inspiration om blommor, krukv\u00e4xter &amp; trender | Interflora\" \/>\n<meta property=\"article:publisher\" content=\"https:\/\/www.facebook.com\/InterfloraAB\" \/>\n<meta property=\"article:published_time\" content=\"2024-06-05T02:33:00+00:00\" \/>\n<meta property=\"article:modified_time\" content=\"2025-03-28T10:14:14+00:00\" \/>\n<meta property=\"og:image\" content=\"https:\/\/www.interflora.se\/inspiration\/wp-content\/uploads\/2025\/03\/examen_studentbukett.jpg\" \/>\n\t<meta property=\"og:image:width\" content=\"960\" \/>\n\t<meta property=\"og:image:height\" content=\"1200\" \/>\n\t<meta property=\"og:image:type\" content=\"image\/jpeg\" \/>\n<meta name=\"author\" content=\"admin\" \/>\n<meta name=\"twitter:card\" content=\"summary_large_image\" \/>\n<meta name=\"twitter:label1\" content=\"Skriven av\" \/>\n\t<meta name=\"twitter:data1\" content=\"admin\" \/>\n\t<meta name=\"twitter:label2\" content=\"Ber\u00e4knad l\u00e4stid\" \/>\n\t<meta name=\"twitter:data2\" content=\"2 minuter\" \/>\n<script type=\"application\/ld+json\" class=\"yoast-schema-graph\">{\"@context\":\"https:\\\/\\\/schema.org\",\"@graph\":[{\"@type\":\"Article\",\"@id\":\"https:\\\/\\\/www.interflora.se\\\/inspiration\\\/tips-till-studentmottagningen\\\/#article\",\"isPartOf\":{\"@id\":\"https:\\\/\\\/www.interflora.se\\\/inspiration\\\/tips-till-studentmottagningen\\\/\"},\"author\":{\"name\":\"admin\",\"@id\":\"https:\\\/\\\/www.interflora.se\\\/inspiration\\\/#\\\/schema\\\/person\\\/dbbd1ad45e05409c356dc639597669f2\"},\"headline\":\"Blomstrande id\u00e9er till examensfesten\",\"datePublished\":\"2024-06-05T02:33:00+00:00\",\"dateModified\":\"2025-03-28T10:14:14+00:00\",\"mainEntityOfPage\":{\"@id\":\"https:\\\/\\\/www.interflora.se\\\/inspiration\\\/tips-till-studentmottagningen\\\/\"},\"wordCount\":403,\"commentCount\":0,\"publisher\":{\"@id\":\"https:\\\/\\\/www.interflora.se\\\/inspiration\\\/#organization\"},\"image\":{\"@id\":\"https:\\\/\\\/www.interflora.se\\\/inspiration\\\/tips-till-studentmottagningen\\\/#primaryimage\"},\"thumbnailUrl\":\"https:\\\/\\\/www.interflora.se\\\/inspiration\\\/wp-content\\\/uploads\\\/2025\\\/03\\\/examen_studentbukett.jpg\",\"articleSection\":[\"Tips\"],\"inLanguage\":\"sv-SE\",\"potentialAction\":[{\"@type\":\"CommentAction\",\"name\":\"Comment\",\"target\":[\"https:\\\/\\\/www.interflora.se\\\/inspiration\\\/tips-till-studentmottagningen\\\/#respond\"]}]},{\"@type\":\"WebPage\",\"@id\":\"https:\\\/\\\/www.interflora.se\\\/inspiration\\\/tips-till-studentmottagningen\\\/\",\"url\":\"https:\\\/\\\/www.interflora.se\\\/inspiration\\\/tips-till-studentmottagningen\\\/\",\"name\":\"Blomstrande id\u00e9er till examensfesten | Interflora\",\"isPartOf\":{\"@id\":\"https:\\\/\\\/www.interflora.se\\\/inspiration\\\/#website\"},\"primaryImageOfPage\":{\"@id\":\"https:\\\/\\\/www.interflora.se\\\/inspiration\\\/tips-till-studentmottagningen\\\/#primaryimage\"},\"image\":{\"@id\":\"https:\\\/\\\/www.interflora.se\\\/inspiration\\\/tips-till-studentmottagningen\\\/#primaryimage\"},\"thumbnailUrl\":\"https:\\\/\\\/www.interflora.se\\\/inspiration\\\/wp-content\\\/uploads\\\/2025\\\/03\\\/examen_studentbukett.jpg\",\"datePublished\":\"2024-06-05T02:33:00+00:00\",\"dateModified\":\"2025-03-28T10:14:14+00:00\",\"breadcrumb\":{\"@id\":\"https:\\\/\\\/www.interflora.se\\\/inspiration\\\/tips-till-studentmottagningen\\\/#breadcrumb\"},\"inLanguage\":\"sv-SE\",\"potentialAction\":[{\"@type\":\"ReadAction\",\"target\":[\"https:\\\/\\\/www.interflora.se\\\/inspiration\\\/tips-till-studentmottagningen\\\/\"]}]},{\"@type\":\"ImageObject\",\"inLanguage\":\"sv-SE\",\"@id\":\"https:\\\/\\\/www.interflora.se\\\/inspiration\\\/tips-till-studentmottagningen\\\/#primaryimage\",\"url\":\"https:\\\/\\\/www.interflora.se\\\/inspiration\\\/wp-content\\\/uploads\\\/2025\\\/03\\\/examen_studentbukett.jpg\",\"contentUrl\":\"https:\\\/\\\/www.interflora.se\\\/inspiration\\\/wp-content\\\/uploads\\\/2025\\\/03\\\/examen_studentbukett.jpg\",\"width\":960,\"height\":1200},{\"@type\":\"BreadcrumbList\",\"@id\":\"https:\\\/\\\/www.interflora.se\\\/inspiration\\\/tips-till-studentmottagningen\\\/#breadcrumb\",\"itemListElement\":[{\"@type\":\"ListItem\",\"position\":1,\"name\":\"Home\",\"item\":\"https:\\\/\\\/www.interflora.se\\\/inspiration\\\/\"},{\"@type\":\"ListItem\",\"position\":2,\"name\":\"Blomstrande id\u00e9er till examensfesten\"}]},{\"@type\":\"WebSite\",\"@id\":\"https:\\\/\\\/www.interflora.se\\\/inspiration\\\/#website\",\"url\":\"https:\\\/\\\/www.interflora.se\\\/inspiration\\\/\",\"name\":\"Interflora\",\"description\":\"\",\"publisher\":{\"@id\":\"https:\\\/\\\/www.interflora.se\\\/inspiration\\\/#organization\"},\"potentialAction\":[{\"@type\":\"SearchAction\",\"target\":{\"@type\":\"EntryPoint\",\"urlTemplate\":\"https:\\\/\\\/www.interflora.se\\\/inspiration\\\/?s={search_term_string}\"},\"query-input\":{\"@type\":\"PropertyValueSpecification\",\"valueRequired\":true,\"valueName\":\"search_term_string\"}}],\"inLanguage\":\"sv-SE\"},{\"@type\":\"Organization\",\"@id\":\"https:\\\/\\\/www.interflora.se\\\/inspiration\\\/#organization\",\"name\":\"Interflora\",\"url\":\"https:\\\/\\\/www.interflora.se\\\/inspiration\\\/\",\"logo\":{\"@type\":\"ImageObject\",\"inLanguage\":\"sv-SE\",\"@id\":\"https:\\\/\\\/www.interflora.se\\\/inspiration\\\/#\\\/schema\\\/logo\\\/image\\\/\",\"url\":\"https:\\\/\\\/www.interflora.se\\\/inspiration\\\/wp-content\\\/uploads\\\/2025\\\/09\\\/cropped-220422_INTERFLORA_Logo_rgb_Half_Top_Circle_Main_Color.avif\",\"contentUrl\":\"https:\\\/\\\/www.interflora.se\\\/inspiration\\\/wp-content\\\/uploads\\\/2025\\\/09\\\/cropped-220422_INTERFLORA_Logo_rgb_Half_Top_Circle_Main_Color.avif\",\"width\":1418,\"height\":662,\"caption\":\"Interflora\"},\"image\":{\"@id\":\"https:\\\/\\\/www.interflora.se\\\/inspiration\\\/#\\\/schema\\\/logo\\\/image\\\/\"},\"sameAs\":[\"https:\\\/\\\/www.facebook.com\\\/InterfloraAB\",\"https:\\\/\\\/www.instagram.com\\\/interflora_ab\\\/\",\"https:\\\/\\\/www.linkedin.com\\\/company\\\/1494362\",\"https:\\\/\\\/www.youtube.com\\\/channel\\\/UCZgDzGWB2VRxaoWFUmXnk1w\"]},{\"@type\":\"Person\",\"@id\":\"https:\\\/\\\/www.interflora.se\\\/inspiration\\\/#\\\/schema\\\/person\\\/dbbd1ad45e05409c356dc639597669f2\",\"name\":\"admin\",\"image\":{\"@type\":\"ImageObject\",\"inLanguage\":\"sv-SE\",\"@id\":\"https:\\\/\\\/www.interflora.se\\\/inspiration\\\/wp-content\\\/litespeed\\\/avatar\\\/1fe3cced9e67df62d0a6f995d75823a5.jpg?ver=1777362393\",\"url\":\"https:\\\/\\\/www.interflora.se\\\/inspiration\\\/wp-content\\\/litespeed\\\/avatar\\\/1fe3cced9e67df62d0a6f995d75823a5.jpg?ver=1777362393\",\"contentUrl\":\"https:\\\/\\\/www.interflora.se\\\/inspiration\\\/wp-content\\\/litespeed\\\/avatar\\\/1fe3cced9e67df62d0a6f995d75823a5.jpg?ver=1777362393\",\"caption\":\"admin\"},\"sameAs\":[\"https:\\\/\\\/www.interflora.se\\\/inspiration\"],\"url\":\"https:\\\/\\\/www.interflora.se\\\/inspiration\\\/author\\\/admin\\\/\"}]}<\/script>\n<!-- \/ Yoast SEO plugin. -->","yoast_head_json":{"title":"Blomstrande id\u00e9er till examensfesten | Interflora","robots":{"index":"index","follow":"follow","max-snippet":"max-snippet:-1","max-image-preview":"max-image-preview:large","max-video-preview":"max-video-preview:-1"},"canonical":"https:\/\/www.interflora.se\/inspiration\/tips-till-studentmottagningen\/","og_locale":"sv_SE","og_type":"article","og_title":"Blomstrande id\u00e9er till examensfesten | Interflora","og_description":"Examenstider fyller v\u00e5ra hj\u00e4rtan med hopp och gl\u00e4dje. Har du en student eller en examen att fira? H\u00e4r \u00e4r tre [&hellip;]","og_url":"https:\/\/www.interflora.se\/inspiration\/tips-till-studentmottagningen\/","og_site_name":"Inspiration om blommor, krukv\u00e4xter &amp; trender | Interflora","article_publisher":"https:\/\/www.facebook.com\/InterfloraAB","article_published_time":"2024-06-05T02:33:00+00:00","article_modified_time":"2025-03-28T10:14:14+00:00","og_image":[{"width":960,"height":1200,"url":"https:\/\/www.interflora.se\/inspiration\/wp-content\/uploads\/2025\/03\/examen_studentbukett.jpg","type":"image\/jpeg"}],"author":"admin","twitter_card":"summary_large_image","twitter_misc":{"Skriven av":"admin","Ber\u00e4knad l\u00e4stid":"2 minuter"},"schema":{"@context":"https:\/\/schema.org","@graph":[{"@type":"Article","@id":"https:\/\/www.interflora.se\/inspiration\/tips-till-studentmottagningen\/#article","isPartOf":{"@id":"https:\/\/www.interflora.se\/inspiration\/tips-till-studentmottagningen\/"},"author":{"name":"admin","@id":"https:\/\/www.interflora.se\/inspiration\/#\/schema\/person\/dbbd1ad45e05409c356dc639597669f2"},"headline":"Blomstrande id\u00e9er till examensfesten","datePublished":"2024-06-05T02:33:00+00:00","dateModified":"2025-03-28T10:14:14+00:00","mainEntityOfPage":{"@id":"https:\/\/www.interflora.se\/inspiration\/tips-till-studentmottagningen\/"},"wordCount":403,"commentCount":0,"publisher":{"@id":"https:\/\/www.interflora.se\/inspiration\/#organization"},"image":{"@id":"https:\/\/www.interflora.se\/inspiration\/tips-till-studentmottagningen\/#primaryimage"},"thumbnailUrl":"https:\/\/www.interflora.se\/inspiration\/wp-content\/uploads\/2025\/03\/examen_studentbukett.jpg","articleSection":["Tips"],"inLanguage":"sv-SE","potentialAction":[{"@type":"CommentAction","name":"Comment","target":["https:\/\/www.interflora.se\/inspiration\/tips-till-studentmottagningen\/#respond"]}]},{"@type":"WebPage","@id":"https:\/\/www.interflora.se\/inspiration\/tips-till-studentmottagningen\/","url":"https:\/\/www.interflora.se\/inspiration\/tips-till-studentmottagningen\/","name":"Blomstrande id\u00e9er till examensfesten | Interflora","isPartOf":{"@id":"https:\/\/www.interflora.se\/inspiration\/#website"},"primaryImageOfPage":{"@id":"https:\/\/www.interflora.se\/inspiration\/tips-till-studentmottagningen\/#primaryimage"},"image":{"@id":"https:\/\/www.interflora.se\/inspiration\/tips-till-studentmottagningen\/#primaryimage"},"thumbnailUrl":"https:\/\/www.interflora.se\/inspiration\/wp-content\/uploads\/2025\/03\/examen_studentbukett.jpg","datePublished":"2024-06-05T02:33:00+00:00","dateModified":"2025-03-28T10:14:14+00:00","breadcrumb":{"@id":"https:\/\/www.interflora.se\/inspiration\/tips-till-studentmottagningen\/#breadcrumb"},"inLanguage":"sv-SE","potentialAction":[{"@type":"ReadAction","target":["https:\/\/www.interflora.se\/inspiration\/tips-till-studentmottagningen\/"]}]},{"@type":"ImageObject","inLanguage":"sv-SE","@id":"https:\/\/www.interflora.se\/inspiration\/tips-till-studentmottagningen\/#primaryimage","url":"https:\/\/www.interflora.se\/inspiration\/wp-content\/uploads\/2025\/03\/examen_studentbukett.jpg","contentUrl":"https:\/\/www.interflora.se\/inspiration\/wp-content\/uploads\/2025\/03\/examen_studentbukett.jpg","width":960,"height":1200},{"@type":"BreadcrumbList","@id":"https:\/\/www.interflora.se\/inspiration\/tips-till-studentmottagningen\/#breadcrumb","itemListElement":[{"@type":"ListItem","position":1,"name":"Home","item":"https:\/\/www.interflora.se\/inspiration\/"},{"@type":"ListItem","position":2,"name":"Blomstrande id\u00e9er till examensfesten"}]},{"@type":"WebSite","@id":"https:\/\/www.interflora.se\/inspiration\/#website","url":"https:\/\/www.interflora.se\/inspiration\/","name":"Interflora","description":"","publisher":{"@id":"https:\/\/www.interflora.se\/inspiration\/#organization"},"potentialAction":[{"@type":"SearchAction","target":{"@type":"EntryPoint","urlTemplate":"https:\/\/www.interflora.se\/inspiration\/?s={search_term_string}"},"query-input":{"@type":"PropertyValueSpecification","valueRequired":true,"valueName":"search_term_string"}}],"inLanguage":"sv-SE"},{"@type":"Organization","@id":"https:\/\/www.interflora.se\/inspiration\/#organization","name":"Interflora","url":"https:\/\/www.interflora.se\/inspiration\/","logo":{"@type":"ImageObject","inLanguage":"sv-SE","@id":"https:\/\/www.interflora.se\/inspiration\/#\/schema\/logo\/image\/","url":"https:\/\/www.interflora.se\/inspiration\/wp-content\/uploads\/2025\/09\/cropped-220422_INTERFLORA_Logo_rgb_Half_Top_Circle_Main_Color.avif","contentUrl":"https:\/\/www.interflora.se\/inspiration\/wp-content\/uploads\/2025\/09\/cropped-220422_INTERFLORA_Logo_rgb_Half_Top_Circle_Main_Color.avif","width":1418,"height":662,"caption":"Interflora"},"image":{"@id":"https:\/\/www.interflora.se\/inspiration\/#\/schema\/logo\/image\/"},"sameAs":["https:\/\/www.facebook.com\/InterfloraAB","https:\/\/www.instagram.com\/interflora_ab\/","https:\/\/www.linkedin.com\/company\/1494362","https:\/\/www.youtube.com\/channel\/UCZgDzGWB2VRxaoWFUmXnk1w"]},{"@type":"Person","@id":"https:\/\/www.interflora.se\/inspiration\/#\/schema\/person\/dbbd1ad45e05409c356dc639597669f2","name":"admin","image":{"@type":"ImageObject","inLanguage":"sv-SE","@id":"https:\/\/www.interflora.se\/inspiration\/wp-content\/litespeed\/avatar\/1fe3cced9e67df62d0a6f995d75823a5.jpg?ver=1777362393","url":"https:\/\/www.interflora.se\/inspiration\/wp-content\/litespeed\/avatar\/1fe3cced9e67df62d0a6f995d75823a5.jpg?ver=1777362393","contentUrl":"https:\/\/www.interflora.se\/inspiration\/wp-content\/litespeed\/avatar\/1fe3cced9e67df62d0a6f995d75823a5.jpg?ver=1777362393","caption":"admin"},"sameAs":["https:\/\/www.interflora.se\/inspiration"],"url":"https:\/\/www.interflora.se\/inspiration\/author\/admin\/"}]}},"uagb_featured_image_src":{"full":["https:\/\/www.interflora.se\/inspiration\/wp-content\/uploads\/2025\/03\/examen_studentbukett.jpg",960,1200,false],"thumbnail":["https:\/\/www.interflora.se\/inspiration\/wp-content\/uploads\/2025\/03\/examen_studentbukett-150x150.jpg",150,150,true],"medium":["https:\/\/www.interflora.se\/inspiration\/wp-content\/uploads\/2025\/03\/examen_studentbukett-240x300.jpg",240,300,true],"medium_large":["https:\/\/www.interflora.se\/inspiration\/wp-content\/uploads\/2025\/03\/examen_studentbukett-768x960.jpg",768,960,true],"large":["https:\/\/www.interflora.se\/inspiration\/wp-content\/uploads\/2025\/03\/examen_studentbukett-819x1024.jpg",819,1024,true],"1536x1536":["https:\/\/www.interflora.se\/inspiration\/wp-content\/uploads\/2025\/03\/examen_studentbukett.jpg",960,1200,false],"2048x2048":["https:\/\/www.interflora.se\/inspiration\/wp-content\/uploads\/2025\/03\/examen_studentbukett.jpg",960,1200,false]},"uagb_author_info":{"display_name":"admin","author_link":"https:\/\/www.interflora.se\/inspiration\/author\/admin\/"},"uagb_comment_info":0,"uagb_excerpt":"Examenstider fyller v\u00e5ra hj\u00e4rtan med hopp och gl\u00e4dje. Har du en student eller en examen att fira? H\u00e4r \u00e4r tre [&hellip;]","_links":{"self":[{"href":"https:\/\/www.interflora.se\/inspiration\/wp-json\/wp\/v2\/posts\/427","targetHints":{"allow":["GET"]}}],"collection":[{"href":"https:\/\/www.interflora.se\/inspiration\/wp-json\/wp\/v2\/posts"}],"about":[{"href":"https:\/\/www.interflora.se\/inspiration\/wp-json\/wp\/v2\/types\/post"}],"author":[{"embeddable":true,"href":"https:\/\/www.interflora.se\/inspiration\/wp-json\/wp\/v2\/users\/1"}],"replies":[{"embeddable":true,"href":"https:\/\/www.interflora.se\/inspiration\/wp-json\/wp\/v2\/comments?post=427"}],"version-history":[{"count":1,"href":"https:\/\/www.interflora.se\/inspiration\/wp-json\/wp\/v2\/posts\/427\/revisions"}],"predecessor-version":[{"id":3218,"href":"https:\/\/www.interflora.se\/inspiration\/wp-json\/wp\/v2\/posts\/427\/revisions\/3218"}],"wp:featuredmedia":[{"embeddable":true,"href":"https:\/\/www.interflora.se\/inspiration\/wp-json\/wp\/v2\/media\/3213"}],"wp:attachment":[{"href":"https:\/\/www.interflora.se\/inspiration\/wp-json\/wp\/v2\/media?parent=427"}],"wp:term":[{"taxonomy":"category","embeddable":true,"href":"https:\/\/www.interflora.se\/inspiration\/wp-json\/wp\/v2\/categories?post=427"},{"taxonomy":"post_tag","embeddable":true,"href":"https:\/\/www.interflora.se\/inspiration\/wp-json\/wp\/v2\/tags?post=427"}],"curies":[{"name":"wp","href":"https:\/\/api.w.org\/{rel}","templated":true}]}}