{"id":424,"date":"2025-11-10T12:15:05","date_gmt":"2025-11-10T11:15:05","guid":{"rendered":"http:\/\/preprodblog.interflora.se\/blog\/?p=424"},"modified":"2025-12-04T10:53:24","modified_gmt":"2025-12-04T09:53:24","slug":"tips-pa-julhalsningar","status":"publish","type":"post","link":"https:\/\/www.interflora.se\/inspiration\/tips-pa-julhalsningar\/","title":{"rendered":"Tips p\u00e5 julh\u00e4lsningar som korttext"},"content":{"rendered":"\n<p>Beh\u00f6ver du hj\u00e4lp att s\u00e4tta ord p\u00e5 dina k\u00e4nslor och skapa en julh\u00e4lsning som ber\u00f6r? Ibland kan det vara sv\u00e5rt att formulera sig, men h\u00e4r hittar du inspiration f\u00f6r att skriva fina julh\u00e4lsningar till v\u00e4nnen, k\u00e4rleken, familjen eller kollegan. \u00d6verraska v\u00e4nnen du inte kunnat tr\u00e4ffa p\u00e5 l\u00e4nge, peppa den fantastiska kollegan eller skicka lite extra omtanke till den som beh\u00f6ver det som mest i jul!<\/p>\n\n\n\n<div class=\"wp-block-buttons is-content-justification-center is-layout-flex wp-container-core-buttons-is-layout-a89b3969 wp-block-buttons-is-layout-flex\">\n<div class=\"wp-block-button\"><a class=\"wp-block-button__link has-medium-font-size has-custom-font-size wp-element-button\" href=\"https:\/\/www.interflora.se\/c\/julblommor?utm_source=blog&amp;utm_campaign=post-cta\">Skicka en julh\u00e4lsning<\/a><\/div>\n<\/div>\n\n\n\n<figure class=\"wp-block-image aligncenter size-large\"><img loading=\"lazy\" decoding=\"async\" width=\"1024\" height=\"683\" src=\"https:\/\/www.interflora.se\/inspiration\/wp-content\/uploads\/2025\/11\/annesophiebenoit-interflora-sw-21-1024x683.avif\" alt=\"\" class=\"wp-image-4854\" srcset=\"https:\/\/www.interflora.se\/inspiration\/wp-content\/uploads\/2025\/11\/annesophiebenoit-interflora-sw-21-1024x683.avif 1024w, https:\/\/www.interflora.se\/inspiration\/wp-content\/uploads\/2025\/11\/annesophiebenoit-interflora-sw-21-300x200.avif 300w, https:\/\/www.interflora.se\/inspiration\/wp-content\/uploads\/2025\/11\/annesophiebenoit-interflora-sw-21-768x512.avif 768w, https:\/\/www.interflora.se\/inspiration\/wp-content\/uploads\/2025\/11\/annesophiebenoit-interflora-sw-21-1536x1024.avif 1536w, https:\/\/www.interflora.se\/inspiration\/wp-content\/uploads\/2025\/11\/annesophiebenoit-interflora-sw-21-2048x1365.avif 2048w\" sizes=\"auto, (max-width: 1024px) 100vw, 1024px\" \/><\/figure>\n\n\n\n<h2 class=\"wp-block-heading\"><br>Julh\u00e4lsningar till olika personer<\/h2>\n\n\n\n<h3 class=\"wp-block-heading\">1. Julh\u00e4lsning till en v\u00e4n<\/h3>\n\n\n\n<p>Att skicka en enkel men hj\u00e4rtlig h\u00e4lsning kan betyda mycket. Skriv n\u00e5got som: &#8221;S\u00e5 glad att jag har dig i mitt liv! Julkramar fr\u00e5n Carolina&#8221; eller &#8221;Tack f\u00f6r att du alltid finns d\u00e4r&#8221;. Det beh\u00f6ver inte vara avancerat \u2013 det \u00e4r tanken som r\u00e4knas. En fin gest som en bukett tillsammans med n\u00e5gra v\u00e4l valda ord g\u00f6r garanterat din v\u00e4n varm om hj\u00e4rtat. Och f\u00f6r en lekfull touch? Prova: &#8221;Jag gillar dig mer \u00e4n pepparkakor och julmust!&#8221;.<\/p>\n\n\n\n<h3 class=\"wp-block-heading\">2. Julh\u00e4lsning till n\u00e5gon du saknar<\/h3>\n\n\n\n<p>N\u00e4r du inte sett n\u00e5gon p\u00e5 l\u00e4nge \u00e4r sj\u00e4lva handlingen viktigare \u00e4n orden. Skicka en h\u00e4lsning nu \u2013 det beh\u00f6ver inte vara perfekt! Kanske: \u201dHoppas du f\u00e5r en fantastisk jul, l\u00e4ngtar s\u00e5 efter att ses n\u00e4sta \u00e5r!\u201d Eller: \u201dV\u00e4nner \u00e4r som stj\u00e4rnor, alltid d\u00e4r \u00e4ven n\u00e4r man inte ser dem. Stor kram fr\u00e5n Sofia.\u201d Vill du erk\u00e4nna en tystnad? Skriv: \u201dF\u00f6rl\u00e5t att jag inte h\u00f6rt av mig p\u00e5 l\u00e4nge, men jag t\u00e4nker p\u00e5 dig. Kram fr\u00e5n Lena\u201d<\/p>\n\n\n\n<div style=\"height:5px\" aria-hidden=\"true\" class=\"wp-block-spacer\"><\/div>\n\n\n<div class=\"lp-produits-grid\"><div class=\"lp-produit\"><div class=\"lp-thumbnail-wrapper\"><img loading=\"lazy\" decoding=\"async\" width=\"240\" height=\"300\" src=\"https:\/\/www.interflora.se\/inspiration\/wp-content\/uploads\/2025\/05\/1202975-2025-240x300.jpg\" class=\"attachment-medium size-medium wp-post-image\" alt=\"\" srcset=\"https:\/\/www.interflora.se\/inspiration\/wp-content\/uploads\/2025\/05\/1202975-2025-240x300.jpg 240w, https:\/\/www.interflora.se\/inspiration\/wp-content\/uploads\/2025\/05\/1202975-2025.jpg 745w\" sizes=\"auto, (max-width: 240px) 100vw, 240px\" \/><img decoding=\"async\" class=\"lp-badge\" src=\"https:\/\/www.interflora.se\/inspiration\/wp-content\/uploads\/2025\/03\/cropped-220422_INTERFLORA_Main_Logo_rgb_Main_Color-1.png\" alt=\"Blombud Interflora\"><\/div><span>F\u00e4rglycka<\/span><p>fr\u00e5n 269 kr<\/p><span class=\"obf-link lp-cta\" role=\"link\" tabindex=\"0\" data-b64=\"aHR0cHM6Ly93d3cuaW50ZXJmbG9yYS5zZS9wLzgxNjc5LWZhcmdseWNrYS8yP3V0bV9tZWRpdW09b3JnYW5pYyZ1dG1fc291cmNlPWJsb2dfcHJvZHVjdHMmdXRtX2NhbXBhaWduPTEyMDI5NzQ=\" data-target=\"_blank\"><svg xmlns=\"http:\/\/www.w3.org\/2000\/svg\" width=\"16\" height=\"16\" fill=\"currentColor\" class=\"bi bi-bag\" viewBox=\"0 0 16 16\"><path d=\"M8 1a2 2 0 0 1 2 2v1h2.5A1.5 1.5 0 0 1 14 5.5v8A1.5 1.5 0 0 1 12.5 15h-9A1.5 1.5 0 0 1 2 13.5v-8A1.5 1.5 0 0 1 3.5 3H6V2a2 2 0 0 1 2-1zm1 3V3a1 1 0 0 0-2 0v1h2z\"\/><\/svg>K\u00f6p h\u00e4r<\/span><p class=\"rapido\">Leverans idag<\/p><\/div><div class=\"lp-produit\"><div class=\"lp-thumbnail-wrapper\"><img loading=\"lazy\" decoding=\"async\" width=\"240\" height=\"300\" src=\"https:\/\/www.interflora.se\/inspiration\/wp-content\/uploads\/2025\/05\/1202895-2024-4.5-240x300.jpg\" class=\"attachment-medium size-medium wp-post-image\" alt=\"\" srcset=\"https:\/\/www.interflora.se\/inspiration\/wp-content\/uploads\/2025\/05\/1202895-2024-4.5-240x300.jpg 240w, https:\/\/www.interflora.se\/inspiration\/wp-content\/uploads\/2025\/05\/1202895-2024-4.5.jpg 745w\" sizes=\"auto, (max-width: 240px) 100vw, 240px\" \/><img decoding=\"async\" class=\"lp-badge\" src=\"https:\/\/www.interflora.se\/inspiration\/wp-content\/uploads\/2025\/03\/cropped-220422_INTERFLORA_Main_Logo_rgb_Main_Color-1.png\" alt=\"Blombud Interflora\"><\/div><span>Liljefavorit<\/span><p>fr\u00e5n 289 kr<\/p><span class=\"obf-link lp-cta\" role=\"link\" tabindex=\"0\" data-b64=\"aHR0cHM6Ly93d3cuaW50ZXJmbG9yYS5zZS9wLzcxNTIxLWxpbGplZmF2b3JpdC8yP3V0bV9tZWRpdW09b3JnYW5pYyZ1dG1fc291cmNlPWJsb2dfcHJvZHVjdHMmdXRtX2NhbXBhaWduPTEyMDI4OTQ=\" data-target=\"_blank\"><svg xmlns=\"http:\/\/www.w3.org\/2000\/svg\" width=\"16\" height=\"16\" fill=\"currentColor\" class=\"bi bi-bag\" viewBox=\"0 0 16 16\"><path d=\"M8 1a2 2 0 0 1 2 2v1h2.5A1.5 1.5 0 0 1 14 5.5v8A1.5 1.5 0 0 1 12.5 15h-9A1.5 1.5 0 0 1 2 13.5v-8A1.5 1.5 0 0 1 3.5 3H6V2a2 2 0 0 1 2-1zm1 3V3a1 1 0 0 0-2 0v1h2z\"\/><\/svg>K\u00f6p h\u00e4r<\/span><p class=\"rapido\">Handbundet av florister<\/p><\/div><div class=\"lp-produit\"><div class=\"lp-thumbnail-wrapper\"><img loading=\"lazy\" decoding=\"async\" width=\"240\" height=\"300\" src=\"https:\/\/www.interflora.se\/inspiration\/wp-content\/uploads\/2025\/05\/1202805-teaser-2024-ny-4.5-240x300.jpg\" class=\"attachment-medium size-medium wp-post-image\" alt=\"\" srcset=\"https:\/\/www.interflora.se\/inspiration\/wp-content\/uploads\/2025\/05\/1202805-teaser-2024-ny-4.5-240x300.jpg 240w, https:\/\/www.interflora.se\/inspiration\/wp-content\/uploads\/2025\/05\/1202805-teaser-2024-ny-4.5.jpg 745w\" sizes=\"auto, (max-width: 240px) 100vw, 240px\" \/><img decoding=\"async\" class=\"lp-badge\" src=\"https:\/\/www.interflora.se\/inspiration\/wp-content\/uploads\/2025\/03\/cropped-220422_INTERFLORA_Main_Logo_rgb_Main_Color-1.png\" alt=\"Blombud Interflora\"><\/div><span>Grattis<\/span><p>fr\u00e5n 359 kr<\/p><span class=\"obf-link lp-cta\" role=\"link\" tabindex=\"0\" data-b64=\"aHR0cHM6Ly93d3cuaW50ZXJmbG9yYS5zZS9wLzY1NjI0LWdyYXR0aXMvMj91dG1fbWVkaXVtPW9yZ2FuaWMmdXRtX3NvdXJjZT1ibG9nX3Byb2R1Y3RzJnV0bV9jYW1wYWlnbj0xMjAyODA0\" data-target=\"_blank\"><svg xmlns=\"http:\/\/www.w3.org\/2000\/svg\" width=\"16\" height=\"16\" fill=\"currentColor\" class=\"bi bi-bag\" viewBox=\"0 0 16 16\"><path d=\"M8 1a2 2 0 0 1 2 2v1h2.5A1.5 1.5 0 0 1 14 5.5v8A1.5 1.5 0 0 1 12.5 15h-9A1.5 1.5 0 0 1 2 13.5v-8A1.5 1.5 0 0 1 3.5 3H6V2a2 2 0 0 1 2-1zm1 3V3a1 1 0 0 0-2 0v1h2z\"\/><\/svg>K\u00f6p h\u00e4r<\/span><p class=\"rapido\">F\u00e4rska blommor<\/p><\/div><div class=\"lp-produit\"><div class=\"lp-thumbnail-wrapper\"><img loading=\"lazy\" decoding=\"async\" width=\"240\" height=\"300\" src=\"https:\/\/www.interflora.se\/inspiration\/wp-content\/uploads\/2025\/05\/1201156-2024-ny-4.5-240x300.jpg\" class=\"attachment-medium size-medium wp-post-image\" alt=\"\" srcset=\"https:\/\/www.interflora.se\/inspiration\/wp-content\/uploads\/2025\/05\/1201156-2024-ny-4.5-240x300.jpg 240w, https:\/\/www.interflora.se\/inspiration\/wp-content\/uploads\/2025\/05\/1201156-2024-ny-4.5.jpg 745w\" sizes=\"auto, (max-width: 240px) 100vw, 240px\" \/><img decoding=\"async\" class=\"lp-badge\" src=\"https:\/\/www.interflora.se\/inspiration\/wp-content\/uploads\/2025\/03\/cropped-220422_INTERFLORA_Main_Logo_rgb_Main_Color-1.png\" alt=\"Blombud Interflora\"><\/div><span>Omtanke<\/span><p>fr\u00e5n 379 kr<\/p><span class=\"obf-link lp-cta\" role=\"link\" tabindex=\"0\" data-b64=\"aHR0cHM6Ly93d3cuaW50ZXJmbG9yYS5zZS9wLzMwOC1vbXRhbmtlLzI\/dXRtX21lZGl1bT1vcmdhbmljJnV0bV9zb3VyY2U9YmxvZ19wcm9kdWN0cyZ1dG1fY2FtcGFpZ249MTIwMTE1NQ==\" data-target=\"_blank\"><svg xmlns=\"http:\/\/www.w3.org\/2000\/svg\" width=\"16\" height=\"16\" fill=\"currentColor\" class=\"bi bi-bag\" viewBox=\"0 0 16 16\"><path d=\"M8 1a2 2 0 0 1 2 2v1h2.5A1.5 1.5 0 0 1 14 5.5v8A1.5 1.5 0 0 1 12.5 15h-9A1.5 1.5 0 0 1 2 13.5v-8A1.5 1.5 0 0 1 3.5 3H6V2a2 2 0 0 1 2-1zm1 3V3a1 1 0 0 0-2 0v1h2z\"\/><\/svg>K\u00f6p h\u00e4r<\/span><p class=\"rapido\">Bunden av din lokala florist<\/p><\/div><\/div>\n\n\n\n<div style=\"height:5px\" aria-hidden=\"true\" class=\"wp-block-spacer\"><\/div>\n\n\n\n<h3 class=\"wp-block-heading\">3. Julh\u00e4lsning till kollegan<\/h3>\n\n\n\n<p>H\u00e5ll det proffsigt men varmt. Skriv exempelvis: \u201dTack f\u00f6r ett inspirerande \u00e5r \u2013 ser fram emot ett fantastiskt 2024! God jul fr\u00e5n Anna\u201d. Eller lyft n\u00e5got specifikt: \u201dDin smittande energi har gjort stor skillnad i \u00e5r! God jul, \u00f6nskar Alexander\u201d. Att n\u00e4mna en egenskap som du s\u00e4rskilt uppskattar, som din kollegas kreativitet, struktur eller entusiasm, ger h\u00e4lsningen en personlig touch.<\/p>\n\n\n\n<h3 class=\"wp-block-heading\">4. Julh\u00e4lsning till familjen \u2013 mamma, pappa, mormor eller kusinen<\/h3>\n\n\n\n<p>\u00d6verraska sl\u00e4ktingen med en bukett som sprider gl\u00e4dje under julhelgen. Tillsammans med blommorna kan du skriva: \u201dGod jul, \u00e4lskade mormor! Ser fram emot att smaka dina pepparkakor snart.\u201d Eller: \u201dVi \u00f6nskar att vi kunde fira med er i \u00e5r. Stora julkramar!\u201d Det blir en uppskattad gest som g\u00f6r julen \u00e4nnu mer speciell.<\/p>\n\n\n\n<h3 class=\"wp-block-heading\">5. Julh\u00e4lsning till n\u00e5gon som beh\u00f6ver omtanke<\/h3>\n\n\n\n<p>F\u00f6r n\u00e5gon som har det tufft eller k\u00e4nner sig ensam i jul kan en liten h\u00e4lsning g\u00f6ra stor skillnad. Skriv: \u201dJag finns h\u00e4r om du vill prata \u2013 stor kram fr\u00e5n Jennifer.\u201d, \u201dVille bara s\u00e4ga att jag t\u00e4nker p\u00e5 dig. H\u00f6r av dig om du vill.\u201d eller \u201dH\u00e4r kommer en bukett full av pepp och julkramar till dig!\u201d.<\/p>\n\n\n\n<p>V\u00e5ga ta kontakt och sprid v\u00e4rme, utan att f\u00f6rv\u00e4nta dig ett svar \u2013 det \u00e4r omtanken som g\u00f6r skillnaden.<\/p>\n\n\n\n<figure class=\"wp-block-image aligncenter size-large\"><img loading=\"lazy\" decoding=\"async\" width=\"683\" height=\"1024\" src=\"https:\/\/www.interflora.se\/inspiration\/wp-content\/uploads\/2025\/11\/annesophiebenoit-interflora-sw-23-NYE-683x1024.avif\" alt=\"\" class=\"wp-image-4856\" srcset=\"https:\/\/www.interflora.se\/inspiration\/wp-content\/uploads\/2025\/11\/annesophiebenoit-interflora-sw-23-NYE-683x1024.avif 683w, https:\/\/www.interflora.se\/inspiration\/wp-content\/uploads\/2025\/11\/annesophiebenoit-interflora-sw-23-NYE-200x300.avif 200w, https:\/\/www.interflora.se\/inspiration\/wp-content\/uploads\/2025\/11\/annesophiebenoit-interflora-sw-23-NYE-768x1152.avif 768w, https:\/\/www.interflora.se\/inspiration\/wp-content\/uploads\/2025\/11\/annesophiebenoit-interflora-sw-23-NYE-1024x1536.avif 1024w, https:\/\/www.interflora.se\/inspiration\/wp-content\/uploads\/2025\/11\/annesophiebenoit-interflora-sw-23-NYE-1365x2048.avif 1365w, https:\/\/www.interflora.se\/inspiration\/wp-content\/uploads\/2025\/11\/annesophiebenoit-interflora-sw-23-NYE-scaled.avif 1707w\" sizes=\"auto, (max-width: 683px) 100vw, 683px\" \/><\/figure>\n\n\n\n<div style=\"height:5px\" aria-hidden=\"true\" class=\"wp-block-spacer\"><\/div>\n\n\n<div class=\"lp-produits-grid\"><div class=\"lp-produit\"><div class=\"lp-thumbnail-wrapper\"><img loading=\"lazy\" decoding=\"async\" width=\"240\" height=\"300\" src=\"https:\/\/www.interflora.se\/inspiration\/wp-content\/uploads\/2025\/05\/1202975-2025-240x300.jpg\" class=\"attachment-medium size-medium wp-post-image\" alt=\"\" srcset=\"https:\/\/www.interflora.se\/inspiration\/wp-content\/uploads\/2025\/05\/1202975-2025-240x300.jpg 240w, https:\/\/www.interflora.se\/inspiration\/wp-content\/uploads\/2025\/05\/1202975-2025.jpg 745w\" sizes=\"auto, (max-width: 240px) 100vw, 240px\" \/><img decoding=\"async\" class=\"lp-badge\" src=\"https:\/\/www.interflora.se\/inspiration\/wp-content\/uploads\/2025\/03\/cropped-220422_INTERFLORA_Main_Logo_rgb_Main_Color-1.png\" alt=\"Blombud Interflora\"><\/div><span>F\u00e4rglycka<\/span><p>fr\u00e5n 269 kr<\/p><span class=\"obf-link lp-cta\" role=\"link\" tabindex=\"0\" data-b64=\"aHR0cHM6Ly93d3cuaW50ZXJmbG9yYS5zZS9wLzgxNjc5LWZhcmdseWNrYS8yP3V0bV9tZWRpdW09b3JnYW5pYyZ1dG1fc291cmNlPWJsb2dfcHJvZHVjdHMmdXRtX2NhbXBhaWduPTEyMDI5NzQ=\" data-target=\"_blank\"><svg xmlns=\"http:\/\/www.w3.org\/2000\/svg\" width=\"16\" height=\"16\" fill=\"currentColor\" class=\"bi bi-bag\" viewBox=\"0 0 16 16\"><path d=\"M8 1a2 2 0 0 1 2 2v1h2.5A1.5 1.5 0 0 1 14 5.5v8A1.5 1.5 0 0 1 12.5 15h-9A1.5 1.5 0 0 1 2 13.5v-8A1.5 1.5 0 0 1 3.5 3H6V2a2 2 0 0 1 2-1zm1 3V3a1 1 0 0 0-2 0v1h2z\"\/><\/svg>K\u00f6p h\u00e4r<\/span><p class=\"rapido\">Leverans idag<\/p><\/div><div class=\"lp-produit\"><div class=\"lp-thumbnail-wrapper\"><img loading=\"lazy\" decoding=\"async\" width=\"240\" height=\"300\" src=\"https:\/\/www.interflora.se\/inspiration\/wp-content\/uploads\/2025\/05\/1202895-2024-4.5-240x300.jpg\" class=\"attachment-medium size-medium wp-post-image\" alt=\"\" srcset=\"https:\/\/www.interflora.se\/inspiration\/wp-content\/uploads\/2025\/05\/1202895-2024-4.5-240x300.jpg 240w, https:\/\/www.interflora.se\/inspiration\/wp-content\/uploads\/2025\/05\/1202895-2024-4.5.jpg 745w\" sizes=\"auto, (max-width: 240px) 100vw, 240px\" \/><img decoding=\"async\" class=\"lp-badge\" src=\"https:\/\/www.interflora.se\/inspiration\/wp-content\/uploads\/2025\/03\/cropped-220422_INTERFLORA_Main_Logo_rgb_Main_Color-1.png\" alt=\"Blombud Interflora\"><\/div><span>Liljefavorit<\/span><p>fr\u00e5n 289 kr<\/p><span class=\"obf-link lp-cta\" role=\"link\" tabindex=\"0\" data-b64=\"aHR0cHM6Ly93d3cuaW50ZXJmbG9yYS5zZS9wLzcxNTIxLWxpbGplZmF2b3JpdC8yP3V0bV9tZWRpdW09b3JnYW5pYyZ1dG1fc291cmNlPWJsb2dfcHJvZHVjdHMmdXRtX2NhbXBhaWduPTEyMDI4OTQ=\" data-target=\"_blank\"><svg xmlns=\"http:\/\/www.w3.org\/2000\/svg\" width=\"16\" height=\"16\" fill=\"currentColor\" class=\"bi bi-bag\" viewBox=\"0 0 16 16\"><path d=\"M8 1a2 2 0 0 1 2 2v1h2.5A1.5 1.5 0 0 1 14 5.5v8A1.5 1.5 0 0 1 12.5 15h-9A1.5 1.5 0 0 1 2 13.5v-8A1.5 1.5 0 0 1 3.5 3H6V2a2 2 0 0 1 2-1zm1 3V3a1 1 0 0 0-2 0v1h2z\"\/><\/svg>K\u00f6p h\u00e4r<\/span><p class=\"rapido\">Bunden av din lokala florist<\/p><\/div><div class=\"lp-produit\"><div class=\"lp-thumbnail-wrapper\"><img loading=\"lazy\" decoding=\"async\" width=\"240\" height=\"300\" src=\"https:\/\/www.interflora.se\/inspiration\/wp-content\/uploads\/2025\/05\/1202805-teaser-2024-ny-4.5-240x300.jpg\" class=\"attachment-medium size-medium wp-post-image\" alt=\"\" srcset=\"https:\/\/www.interflora.se\/inspiration\/wp-content\/uploads\/2025\/05\/1202805-teaser-2024-ny-4.5-240x300.jpg 240w, https:\/\/www.interflora.se\/inspiration\/wp-content\/uploads\/2025\/05\/1202805-teaser-2024-ny-4.5.jpg 745w\" sizes=\"auto, (max-width: 240px) 100vw, 240px\" \/><img decoding=\"async\" class=\"lp-badge\" src=\"https:\/\/www.interflora.se\/inspiration\/wp-content\/uploads\/2025\/03\/cropped-220422_INTERFLORA_Main_Logo_rgb_Main_Color-1.png\" alt=\"Blombud Interflora\"><\/div><span>Grattis<\/span><p>fr\u00e5n 359 kr<\/p><span class=\"obf-link lp-cta\" role=\"link\" tabindex=\"0\" data-b64=\"aHR0cHM6Ly93d3cuaW50ZXJmbG9yYS5zZS9wLzY1NjI0LWdyYXR0aXMvMj91dG1fbWVkaXVtPW9yZ2FuaWMmdXRtX3NvdXJjZT1ibG9nX3Byb2R1Y3RzJnV0bV9jYW1wYWlnbj0xMjAyODA0\" data-target=\"_blank\"><svg xmlns=\"http:\/\/www.w3.org\/2000\/svg\" width=\"16\" height=\"16\" fill=\"currentColor\" class=\"bi bi-bag\" viewBox=\"0 0 16 16\"><path d=\"M8 1a2 2 0 0 1 2 2v1h2.5A1.5 1.5 0 0 1 14 5.5v8A1.5 1.5 0 0 1 12.5 15h-9A1.5 1.5 0 0 1 2 13.5v-8A1.5 1.5 0 0 1 3.5 3H6V2a2 2 0 0 1 2-1zm1 3V3a1 1 0 0 0-2 0v1h2z\"\/><\/svg>K\u00f6p h\u00e4r<\/span><p class=\"rapido\">Handbundet av florister<\/p><\/div><div class=\"lp-produit\"><div class=\"lp-thumbnail-wrapper\"><img loading=\"lazy\" decoding=\"async\" width=\"240\" height=\"300\" src=\"https:\/\/www.interflora.se\/inspiration\/wp-content\/uploads\/2025\/05\/1201156-2024-ny-4.5-240x300.jpg\" class=\"attachment-medium size-medium wp-post-image\" alt=\"\" srcset=\"https:\/\/www.interflora.se\/inspiration\/wp-content\/uploads\/2025\/05\/1201156-2024-ny-4.5-240x300.jpg 240w, https:\/\/www.interflora.se\/inspiration\/wp-content\/uploads\/2025\/05\/1201156-2024-ny-4.5.jpg 745w\" sizes=\"auto, (max-width: 240px) 100vw, 240px\" \/><img decoding=\"async\" class=\"lp-badge\" src=\"https:\/\/www.interflora.se\/inspiration\/wp-content\/uploads\/2025\/03\/cropped-220422_INTERFLORA_Main_Logo_rgb_Main_Color-1.png\" alt=\"Blombud Interflora\"><\/div><span>Omtanke<\/span><p>fr\u00e5n 379 kr<\/p><span class=\"obf-link lp-cta\" role=\"link\" tabindex=\"0\" data-b64=\"aHR0cHM6Ly93d3cuaW50ZXJmbG9yYS5zZS9wLzMwOC1vbXRhbmtlLzI\/dXRtX21lZGl1bT1vcmdhbmljJnV0bV9zb3VyY2U9YmxvZ19wcm9kdWN0cyZ1dG1fY2FtcGFpZ249MTIwMTE1NQ==\" data-target=\"_blank\"><svg xmlns=\"http:\/\/www.w3.org\/2000\/svg\" width=\"16\" height=\"16\" fill=\"currentColor\" class=\"bi bi-bag\" viewBox=\"0 0 16 16\"><path d=\"M8 1a2 2 0 0 1 2 2v1h2.5A1.5 1.5 0 0 1 14 5.5v8A1.5 1.5 0 0 1 12.5 15h-9A1.5 1.5 0 0 1 2 13.5v-8A1.5 1.5 0 0 1 3.5 3H6V2a2 2 0 0 1 2-1zm1 3V3a1 1 0 0 0-2 0v1h2z\"\/><\/svg>K\u00f6p h\u00e4r<\/span><p class=\"rapido\">Bunden av din lokala florist<\/p><\/div><\/div>\n\n\n\n<div style=\"height:5px\" aria-hidden=\"true\" class=\"wp-block-spacer\"><\/div>\n\n\n\n<h2 class=\"wp-block-heading\">F\u00f6rslag p\u00e5 julh\u00e4lsningar<\/h2>\n\n\n\n<h3 class=\"wp-block-heading\">Klassiska julh\u00e4lsninga<strong>r<\/strong><\/h3>\n\n\n\n<ul class=\"wp-block-list\">\n<li>God Jul och Gott nytt \u00e5r<\/li>\n\n\n\n<li>Jag \u00f6nskar dig en riktigt fin jul<\/li>\n\n\n\n<li>Med \u00f6nskan om en god och fridfull jul<\/li>\n\n\n\n<li>Vi \u00f6nskar er en jul fylld med k\u00e4rlek och v\u00e4rme<\/li>\n\n\n\n<li>\u00d6nskar er en underbar jul och l\u00e4ngtar efter att ses snart<\/li>\n<\/ul>\n\n\n\n<h3 class=\"wp-block-heading\">Julh\u00e4lsningar till din \u00e4lskade<\/h3>\n\n\n\n<ul class=\"wp-block-list\">\n<li>God jul \u00e4lskling, jag \u00f6nskar att du var h\u00e4r<\/li>\n\n\n\n<li>H\u00f6gst upp p\u00e5 min \u00f6nskelista st\u00e5r ditt namn<\/li>\n\n\n\n<li>All I want for Christmas is you<\/li>\n\n\n\n<li>God jul! Jag \u00e4r s\u00e5 lycklig \u00f6ver att ha dig i mitt liv<\/li>\n<\/ul>\n\n\n\n<h3 class=\"wp-block-heading\">Julh\u00e4lsningar till mamma och pappa<\/h3>\n\n\n\n<ul class=\"wp-block-list\">\n<li>Jag \u00f6nskar dig en riktigt god jul mamma. F\u00f6r mig \u00e4r du en stj\u00e4rna!<\/li>\n\n\n\n<li>Tack f\u00f6r \u00e4nnu ett h\u00e4rligt \u00e5r pappa! Jag hoppas att du f\u00e5r en fin jul.<\/li>\n\n\n\n<li>Mamma och pappa, ni \u00e4r b\u00e4st! Jag \u00f6nskar er en fantastisk jul!<\/li>\n<\/ul>\n\n\n\n<h3 class=\"wp-block-heading\">Julh\u00e4lsningar till v\u00e4nnen<\/h3>\n\n\n\n<ul class=\"wp-block-list\">\n<li>Tack f\u00f6r att du \u00e4r min v\u00e4n! M\u00e5nga julkramar fr\u00e5n mig<\/li>\n\n\n\n<li>Jag gillar dig mer \u00e4n pepparkakor! God jul<\/li>\n\n\n\n<li>H\u00e4r kommer en julh\u00e4lsning fylld med k\u00e4rlek och pepp<\/li>\n<\/ul>\n\n\n\n<h2 class=\"wp-block-heading\">Rimma din julh\u00e4lsning<\/h2>\n\n\n\n<blockquote class=\"wp-block-quote is-layout-flow wp-block-quote-is-layout-flow\">\n<p><em>Jag ger dig n\u00e5got att gl\u00e4djas \u00e5t,<\/em><br><em>med f\u00e4rg och doft och praktfull st\u00e5t!<\/em><br><em>Vackra buntar, s\u00e5 underbart ljuva,<\/em><br><em>hoppas du inte av dom f\u00e5r snuva!<\/em><\/p>\n<\/blockquote>\n\n\n\n<blockquote class=\"wp-block-quote is-layout-flow wp-block-quote-is-layout-flow\">\n<p><em>En s\u00e5ng hade blivit falsett,<br>d\u00e4rf\u00f6r skickar jag dig en bukett!<\/em><\/p>\n<\/blockquote>\n\n\n\n<blockquote class=\"wp-block-quote is-layout-flow wp-block-quote-is-layout-flow\">\n<p><em>En blomma f\u00f6r v\u00e4rme, en blomma f\u00f6r skratt,<br>h\u00e4r f\u00e5r du n\u00e5got som julens anda har skapat med kraft.<br>God jul till dig som alltid g\u00f6r allt r\u00e4tt,<br>vi hoppas denna g\u00e5va g\u00f6r dig extra l\u00e4tt!<\/em><\/p>\n<\/blockquote>\n\n\n\n<blockquote class=\"wp-block-quote is-layout-flow wp-block-quote-is-layout-flow\">\n<p><em>Julens dofter, f\u00e4rger och frid,<br>f\u00e5r du h\u00e4r i en blommande skrid.<br>En h\u00e4lsning som v\u00e4rmer och g\u00f6r allt r\u00e4tt,<br>God Jul \u00f6nskar vi med denna bukett!<\/em><\/p>\n<\/blockquote>\n\n\n\n<figure class=\"wp-block-image aligncenter\"><img decoding=\"async\" src=\"https:\/\/www.interflora.se\/inspiration\/wp-content\/uploads\/2025\/03\/interflora-julhalsningar-2.jpg\" alt=\"Interflora-Julh\u00e4lsningar-2.jpg\"\/><\/figure>\n\n\n\n<div style=\"height:5px\" aria-hidden=\"true\" class=\"wp-block-spacer\"><\/div>\n\n\n<div class=\"lp-produits-grid\"><div class=\"lp-produit\"><div class=\"lp-thumbnail-wrapper\"><img loading=\"lazy\" decoding=\"async\" width=\"240\" height=\"300\" src=\"https:\/\/www.interflora.se\/inspiration\/wp-content\/uploads\/2025\/05\/1202805-teaser-2024-ny-4.5-240x300.jpg\" class=\"attachment-medium size-medium wp-post-image\" alt=\"\" srcset=\"https:\/\/www.interflora.se\/inspiration\/wp-content\/uploads\/2025\/05\/1202805-teaser-2024-ny-4.5-240x300.jpg 240w, https:\/\/www.interflora.se\/inspiration\/wp-content\/uploads\/2025\/05\/1202805-teaser-2024-ny-4.5.jpg 745w\" sizes=\"auto, (max-width: 240px) 100vw, 240px\" \/><img decoding=\"async\" class=\"lp-badge\" src=\"https:\/\/www.interflora.se\/inspiration\/wp-content\/uploads\/2025\/03\/cropped-220422_INTERFLORA_Main_Logo_rgb_Main_Color-1.png\" alt=\"Blombud Interflora\"><\/div><span>Grattis<\/span><p>fr\u00e5n 359 kr<\/p><span class=\"obf-link lp-cta\" role=\"link\" tabindex=\"0\" data-b64=\"aHR0cHM6Ly93d3cuaW50ZXJmbG9yYS5zZS9wLzY1NjI0LWdyYXR0aXMvMj91dG1fbWVkaXVtPW9yZ2FuaWMmdXRtX3NvdXJjZT1ibG9nX3Byb2R1Y3RzJnV0bV9jYW1wYWlnbj0xMjAyODA0\" data-target=\"_blank\"><svg xmlns=\"http:\/\/www.w3.org\/2000\/svg\" width=\"16\" height=\"16\" fill=\"currentColor\" class=\"bi bi-bag\" viewBox=\"0 0 16 16\"><path d=\"M8 1a2 2 0 0 1 2 2v1h2.5A1.5 1.5 0 0 1 14 5.5v8A1.5 1.5 0 0 1 12.5 15h-9A1.5 1.5 0 0 1 2 13.5v-8A1.5 1.5 0 0 1 3.5 3H6V2a2 2 0 0 1 2-1zm1 3V3a1 1 0 0 0-2 0v1h2z\"\/><\/svg>K\u00f6p h\u00e4r<\/span><p class=\"rapido\">Bunden av din lokala florist<\/p><\/div><div class=\"lp-produit\"><div class=\"lp-thumbnail-wrapper\"><img loading=\"lazy\" decoding=\"async\" width=\"240\" height=\"300\" src=\"https:\/\/www.interflora.se\/inspiration\/wp-content\/uploads\/2025\/05\/1202895-2024-4.5-240x300.jpg\" class=\"attachment-medium size-medium wp-post-image\" alt=\"\" srcset=\"https:\/\/www.interflora.se\/inspiration\/wp-content\/uploads\/2025\/05\/1202895-2024-4.5-240x300.jpg 240w, https:\/\/www.interflora.se\/inspiration\/wp-content\/uploads\/2025\/05\/1202895-2024-4.5.jpg 745w\" sizes=\"auto, (max-width: 240px) 100vw, 240px\" \/><img decoding=\"async\" class=\"lp-badge\" src=\"https:\/\/www.interflora.se\/inspiration\/wp-content\/uploads\/2025\/03\/cropped-220422_INTERFLORA_Main_Logo_rgb_Main_Color-1.png\" alt=\"Blombud Interflora\"><\/div><span>Liljefavorit<\/span><p>fr\u00e5n 289 kr<\/p><span class=\"obf-link lp-cta\" role=\"link\" tabindex=\"0\" data-b64=\"aHR0cHM6Ly93d3cuaW50ZXJmbG9yYS5zZS9wLzcxNTIxLWxpbGplZmF2b3JpdC8yP3V0bV9tZWRpdW09b3JnYW5pYyZ1dG1fc291cmNlPWJsb2dfcHJvZHVjdHMmdXRtX2NhbXBhaWduPTEyMDI4OTQ=\" data-target=\"_blank\"><svg xmlns=\"http:\/\/www.w3.org\/2000\/svg\" width=\"16\" height=\"16\" fill=\"currentColor\" class=\"bi bi-bag\" viewBox=\"0 0 16 16\"><path d=\"M8 1a2 2 0 0 1 2 2v1h2.5A1.5 1.5 0 0 1 14 5.5v8A1.5 1.5 0 0 1 12.5 15h-9A1.5 1.5 0 0 1 2 13.5v-8A1.5 1.5 0 0 1 3.5 3H6V2a2 2 0 0 1 2-1zm1 3V3a1 1 0 0 0-2 0v1h2z\"\/><\/svg>K\u00f6p h\u00e4r<\/span><p class=\"rapido\">Leverans i hela Sverige<\/p><\/div><div class=\"lp-produit\"><div class=\"lp-thumbnail-wrapper\"><img loading=\"lazy\" decoding=\"async\" width=\"240\" height=\"300\" src=\"https:\/\/www.interflora.se\/inspiration\/wp-content\/uploads\/2025\/05\/1201156-2024-ny-4.5-240x300.jpg\" class=\"attachment-medium size-medium wp-post-image\" alt=\"\" srcset=\"https:\/\/www.interflora.se\/inspiration\/wp-content\/uploads\/2025\/05\/1201156-2024-ny-4.5-240x300.jpg 240w, https:\/\/www.interflora.se\/inspiration\/wp-content\/uploads\/2025\/05\/1201156-2024-ny-4.5.jpg 745w\" sizes=\"auto, (max-width: 240px) 100vw, 240px\" \/><img decoding=\"async\" class=\"lp-badge\" src=\"https:\/\/www.interflora.se\/inspiration\/wp-content\/uploads\/2025\/03\/cropped-220422_INTERFLORA_Main_Logo_rgb_Main_Color-1.png\" alt=\"Blombud Interflora\"><\/div><span>Omtanke<\/span><p>fr\u00e5n 379 kr<\/p><span class=\"obf-link lp-cta\" role=\"link\" tabindex=\"0\" data-b64=\"aHR0cHM6Ly93d3cuaW50ZXJmbG9yYS5zZS9wLzMwOC1vbXRhbmtlLzI\/dXRtX21lZGl1bT1vcmdhbmljJnV0bV9zb3VyY2U9YmxvZ19wcm9kdWN0cyZ1dG1fY2FtcGFpZ249MTIwMTE1NQ==\" data-target=\"_blank\"><svg xmlns=\"http:\/\/www.w3.org\/2000\/svg\" width=\"16\" height=\"16\" fill=\"currentColor\" class=\"bi bi-bag\" viewBox=\"0 0 16 16\"><path d=\"M8 1a2 2 0 0 1 2 2v1h2.5A1.5 1.5 0 0 1 14 5.5v8A1.5 1.5 0 0 1 12.5 15h-9A1.5 1.5 0 0 1 2 13.5v-8A1.5 1.5 0 0 1 3.5 3H6V2a2 2 0 0 1 2-1zm1 3V3a1 1 0 0 0-2 0v1h2z\"\/><\/svg>K\u00f6p h\u00e4r<\/span><p class=\"rapido\">Handbundet av florister<\/p><\/div><div class=\"lp-produit\"><div class=\"lp-thumbnail-wrapper\"><img loading=\"lazy\" decoding=\"async\" width=\"240\" height=\"300\" src=\"https:\/\/www.interflora.se\/inspiration\/wp-content\/uploads\/2025\/05\/1202975-2025-240x300.jpg\" class=\"attachment-medium size-medium wp-post-image\" alt=\"\" srcset=\"https:\/\/www.interflora.se\/inspiration\/wp-content\/uploads\/2025\/05\/1202975-2025-240x300.jpg 240w, https:\/\/www.interflora.se\/inspiration\/wp-content\/uploads\/2025\/05\/1202975-2025.jpg 745w\" sizes=\"auto, (max-width: 240px) 100vw, 240px\" \/><img decoding=\"async\" class=\"lp-badge\" src=\"https:\/\/www.interflora.se\/inspiration\/wp-content\/uploads\/2025\/03\/cropped-220422_INTERFLORA_Main_Logo_rgb_Main_Color-1.png\" alt=\"Blombud Interflora\"><\/div><span>F\u00e4rglycka<\/span><p>fr\u00e5n 269 kr<\/p><span class=\"obf-link lp-cta\" role=\"link\" tabindex=\"0\" data-b64=\"aHR0cHM6Ly93d3cuaW50ZXJmbG9yYS5zZS9wLzgxNjc5LWZhcmdseWNrYS8yP3V0bV9tZWRpdW09b3JnYW5pYyZ1dG1fc291cmNlPWJsb2dfcHJvZHVjdHMmdXRtX2NhbXBhaWduPTEyMDI5NzQ=\" data-target=\"_blank\"><svg xmlns=\"http:\/\/www.w3.org\/2000\/svg\" width=\"16\" height=\"16\" fill=\"currentColor\" class=\"bi bi-bag\" viewBox=\"0 0 16 16\"><path d=\"M8 1a2 2 0 0 1 2 2v1h2.5A1.5 1.5 0 0 1 14 5.5v8A1.5 1.5 0 0 1 12.5 15h-9A1.5 1.5 0 0 1 2 13.5v-8A1.5 1.5 0 0 1 3.5 3H6V2a2 2 0 0 1 2-1zm1 3V3a1 1 0 0 0-2 0v1h2z\"\/><\/svg>K\u00f6p h\u00e4r<\/span><p class=\"rapido\">Leverans idag<\/p><\/div><\/div>\n\n\n\n<p><\/p>\n","protected":false},"excerpt":{"rendered":"<p>Beh\u00f6ver du hj\u00e4lp att s\u00e4tta ord p\u00e5 dina k\u00e4nslor och skapa en julh\u00e4lsning som ber\u00f6r? Ibland kan det vara sv\u00e5rt [&hellip;]<\/p>\n","protected":false},"author":1,"featured_media":4837,"comment_status":"open","ping_status":"open","sticky":false,"template":"","format":"standard","meta":{"_uag_custom_page_level_css":"","site-sidebar-layout":"default","site-content-layout":"","ast-site-content-layout":"default","site-content-style":"default","site-sidebar-style":"default","ast-global-header-display":"","ast-banner-title-visibility":"","ast-main-header-display":"","ast-hfb-above-header-display":"","ast-hfb-below-header-display":"","ast-hfb-mobile-header-display":"","site-post-title":"","ast-breadcrumbs-content":"","ast-featured-img":"","footer-sml-layout":"","ast-disable-related-posts":"","theme-transparent-header-meta":"","adv-header-id-meta":"","stick-header-meta":"","header-above-stick-meta":"","header-main-stick-meta":"","header-below-stick-meta":"","astra-migrate-meta-layouts":"default","ast-page-background-enabled":"default","ast-page-background-meta":{"desktop":{"background-color":"var(--ast-global-color-5)","background-image":"","background-repeat":"repeat","background-position":"center center","background-size":"auto","background-attachment":"scroll","background-type":"","background-media":"","overlay-type":"","overlay-color":"","overlay-opacity":"","overlay-gradient":""},"tablet":{"background-color":"","background-image":"","background-repeat":"repeat","background-position":"center center","background-size":"auto","background-attachment":"scroll","background-type":"","background-media":"","overlay-type":"","overlay-color":"","overlay-opacity":"","overlay-gradient":""},"mobile":{"background-color":"","background-image":"","background-repeat":"repeat","background-position":"center center","background-size":"auto","background-attachment":"scroll","background-type":"","background-media":"","overlay-type":"","overlay-color":"","overlay-opacity":"","overlay-gradient":""}},"ast-content-background-meta":{"desktop":{"background-color":"var(--ast-global-color-4)","background-image":"","background-repeat":"repeat","background-position":"center center","background-size":"auto","background-attachment":"scroll","background-type":"","background-media":"","overlay-type":"","overlay-color":"","overlay-opacity":"","overlay-gradient":""},"tablet":{"background-color":"var(--ast-global-color-4)","background-image":"","background-repeat":"repeat","background-position":"center center","background-size":"auto","background-attachment":"scroll","background-type":"","background-media":"","overlay-type":"","overlay-color":"","overlay-opacity":"","overlay-gradient":""},"mobile":{"background-color":"var(--ast-global-color-4)","background-image":"","background-repeat":"repeat","background-position":"center center","background-size":"auto","background-attachment":"scroll","background-type":"","background-media":"","overlay-type":"","overlay-color":"","overlay-opacity":"","overlay-gradient":""}},"footnotes":""},"categories":[28,4],"tags":[],"class_list":["post-424","post","type-post","status-publish","format-standard","has-post-thumbnail","hentry","category-jul","category-tips"],"yoast_head":"<!-- This site is optimized with the Yoast SEO plugin v27.4 - https:\/\/yoast.com\/product\/yoast-seo-wordpress\/ -->\n<title>Tips p\u00e5 julh\u00e4lsningar som korttext | Interflora<\/title>\n<meta name=\"robots\" content=\"index, follow, max-snippet:-1, max-image-preview:large, max-video-preview:-1\" \/>\n<link rel=\"canonical\" href=\"https:\/\/www.interflora.se\/inspiration\/tips-pa-julhalsningar\/\" \/>\n<meta property=\"og:locale\" content=\"sv_SE\" \/>\n<meta property=\"og:type\" content=\"article\" \/>\n<meta property=\"og:title\" content=\"Tips p\u00e5 julh\u00e4lsningar som korttext | Interflora\" \/>\n<meta property=\"og:description\" content=\"Beh\u00f6ver du hj\u00e4lp att s\u00e4tta ord p\u00e5 dina k\u00e4nslor och skapa en julh\u00e4lsning som ber\u00f6r? Ibland kan det vara sv\u00e5rt [&hellip;]\" \/>\n<meta property=\"og:url\" content=\"https:\/\/www.interflora.se\/inspiration\/tips-pa-julhalsningar\/\" \/>\n<meta property=\"og:site_name\" content=\"Inspiration om blommor, krukv\u00e4xter &amp; trender | Interflora\" \/>\n<meta property=\"article:publisher\" content=\"https:\/\/www.facebook.com\/InterfloraAB\" \/>\n<meta property=\"article:published_time\" content=\"2025-11-10T11:15:05+00:00\" \/>\n<meta property=\"article:modified_time\" content=\"2025-12-04T09:53:24+00:00\" \/>\n<meta property=\"og:image\" content=\"https:\/\/www.interflora.se\/inspiration\/wp-content\/uploads\/2025\/11\/annesophiebenoit-interflora-sw-41-scaled.avif\" \/>\n\t<meta property=\"og:image:width\" content=\"1707\" \/>\n\t<meta property=\"og:image:height\" content=\"2560\" \/>\n\t<meta property=\"og:image:type\" content=\"image\/jpeg\" \/>\n<meta name=\"author\" content=\"admin\" \/>\n<meta name=\"twitter:card\" content=\"summary_large_image\" \/>\n<meta name=\"twitter:label1\" content=\"Skriven av\" \/>\n\t<meta name=\"twitter:data1\" content=\"admin\" \/>\n\t<meta name=\"twitter:label2\" content=\"Ber\u00e4knad l\u00e4stid\" \/>\n\t<meta name=\"twitter:data2\" content=\"4 minuter\" \/>\n<script type=\"application\/ld+json\" class=\"yoast-schema-graph\">{\"@context\":\"https:\\\/\\\/schema.org\",\"@graph\":[{\"@type\":\"Article\",\"@id\":\"https:\\\/\\\/www.interflora.se\\\/inspiration\\\/tips-pa-julhalsningar\\\/#article\",\"isPartOf\":{\"@id\":\"https:\\\/\\\/www.interflora.se\\\/inspiration\\\/tips-pa-julhalsningar\\\/\"},\"author\":{\"name\":\"admin\",\"@id\":\"https:\\\/\\\/www.interflora.se\\\/inspiration\\\/#\\\/schema\\\/person\\\/dbbd1ad45e05409c356dc639597669f2\"},\"headline\":\"Tips p\u00e5 julh\u00e4lsningar som korttext\",\"datePublished\":\"2025-11-10T11:15:05+00:00\",\"dateModified\":\"2025-12-04T09:53:24+00:00\",\"mainEntityOfPage\":{\"@id\":\"https:\\\/\\\/www.interflora.se\\\/inspiration\\\/tips-pa-julhalsningar\\\/\"},\"wordCount\":871,\"commentCount\":0,\"publisher\":{\"@id\":\"https:\\\/\\\/www.interflora.se\\\/inspiration\\\/#organization\"},\"image\":{\"@id\":\"https:\\\/\\\/www.interflora.se\\\/inspiration\\\/tips-pa-julhalsningar\\\/#primaryimage\"},\"thumbnailUrl\":\"https:\\\/\\\/www.interflora.se\\\/inspiration\\\/wp-content\\\/uploads\\\/2025\\\/11\\\/annesophiebenoit-interflora-sw-41-scaled.avif\",\"articleSection\":[\"Jul: Inspiration f\u00f6r en magisk vinter\",\"Tips\"],\"inLanguage\":\"sv-SE\",\"potentialAction\":[{\"@type\":\"CommentAction\",\"name\":\"Comment\",\"target\":[\"https:\\\/\\\/www.interflora.se\\\/inspiration\\\/tips-pa-julhalsningar\\\/#respond\"]}]},{\"@type\":\"WebPage\",\"@id\":\"https:\\\/\\\/www.interflora.se\\\/inspiration\\\/tips-pa-julhalsningar\\\/\",\"url\":\"https:\\\/\\\/www.interflora.se\\\/inspiration\\\/tips-pa-julhalsningar\\\/\",\"name\":\"Tips p\u00e5 julh\u00e4lsningar som korttext | Interflora\",\"isPartOf\":{\"@id\":\"https:\\\/\\\/www.interflora.se\\\/inspiration\\\/#website\"},\"primaryImageOfPage\":{\"@id\":\"https:\\\/\\\/www.interflora.se\\\/inspiration\\\/tips-pa-julhalsningar\\\/#primaryimage\"},\"image\":{\"@id\":\"https:\\\/\\\/www.interflora.se\\\/inspiration\\\/tips-pa-julhalsningar\\\/#primaryimage\"},\"thumbnailUrl\":\"https:\\\/\\\/www.interflora.se\\\/inspiration\\\/wp-content\\\/uploads\\\/2025\\\/11\\\/annesophiebenoit-interflora-sw-41-scaled.avif\",\"datePublished\":\"2025-11-10T11:15:05+00:00\",\"dateModified\":\"2025-12-04T09:53:24+00:00\",\"breadcrumb\":{\"@id\":\"https:\\\/\\\/www.interflora.se\\\/inspiration\\\/tips-pa-julhalsningar\\\/#breadcrumb\"},\"inLanguage\":\"sv-SE\",\"potentialAction\":[{\"@type\":\"ReadAction\",\"target\":[\"https:\\\/\\\/www.interflora.se\\\/inspiration\\\/tips-pa-julhalsningar\\\/\"]}]},{\"@type\":\"ImageObject\",\"inLanguage\":\"sv-SE\",\"@id\":\"https:\\\/\\\/www.interflora.se\\\/inspiration\\\/tips-pa-julhalsningar\\\/#primaryimage\",\"url\":\"https:\\\/\\\/www.interflora.se\\\/inspiration\\\/wp-content\\\/uploads\\\/2025\\\/11\\\/annesophiebenoit-interflora-sw-41-scaled.avif\",\"contentUrl\":\"https:\\\/\\\/www.interflora.se\\\/inspiration\\\/wp-content\\\/uploads\\\/2025\\\/11\\\/annesophiebenoit-interflora-sw-41-scaled.avif\",\"width\":1707,\"height\":2560,\"caption\":\"Evoto\"},{\"@type\":\"BreadcrumbList\",\"@id\":\"https:\\\/\\\/www.interflora.se\\\/inspiration\\\/tips-pa-julhalsningar\\\/#breadcrumb\",\"itemListElement\":[{\"@type\":\"ListItem\",\"position\":1,\"name\":\"Home\",\"item\":\"https:\\\/\\\/www.interflora.se\\\/inspiration\\\/\"},{\"@type\":\"ListItem\",\"position\":2,\"name\":\"Tips p\u00e5 julh\u00e4lsningar som korttext\"}]},{\"@type\":\"WebSite\",\"@id\":\"https:\\\/\\\/www.interflora.se\\\/inspiration\\\/#website\",\"url\":\"https:\\\/\\\/www.interflora.se\\\/inspiration\\\/\",\"name\":\"Interflora\",\"description\":\"\",\"publisher\":{\"@id\":\"https:\\\/\\\/www.interflora.se\\\/inspiration\\\/#organization\"},\"potentialAction\":[{\"@type\":\"SearchAction\",\"target\":{\"@type\":\"EntryPoint\",\"urlTemplate\":\"https:\\\/\\\/www.interflora.se\\\/inspiration\\\/?s={search_term_string}\"},\"query-input\":{\"@type\":\"PropertyValueSpecification\",\"valueRequired\":true,\"valueName\":\"search_term_string\"}}],\"inLanguage\":\"sv-SE\"},{\"@type\":\"Organization\",\"@id\":\"https:\\\/\\\/www.interflora.se\\\/inspiration\\\/#organization\",\"name\":\"Interflora\",\"url\":\"https:\\\/\\\/www.interflora.se\\\/inspiration\\\/\",\"logo\":{\"@type\":\"ImageObject\",\"inLanguage\":\"sv-SE\",\"@id\":\"https:\\\/\\\/www.interflora.se\\\/inspiration\\\/#\\\/schema\\\/logo\\\/image\\\/\",\"url\":\"https:\\\/\\\/www.interflora.se\\\/inspiration\\\/wp-content\\\/uploads\\\/2025\\\/09\\\/cropped-220422_INTERFLORA_Logo_rgb_Half_Top_Circle_Main_Color.avif\",\"contentUrl\":\"https:\\\/\\\/www.interflora.se\\\/inspiration\\\/wp-content\\\/uploads\\\/2025\\\/09\\\/cropped-220422_INTERFLORA_Logo_rgb_Half_Top_Circle_Main_Color.avif\",\"width\":1418,\"height\":662,\"caption\":\"Interflora\"},\"image\":{\"@id\":\"https:\\\/\\\/www.interflora.se\\\/inspiration\\\/#\\\/schema\\\/logo\\\/image\\\/\"},\"sameAs\":[\"https:\\\/\\\/www.facebook.com\\\/InterfloraAB\",\"https:\\\/\\\/www.instagram.com\\\/interflora_ab\\\/\",\"https:\\\/\\\/www.linkedin.com\\\/company\\\/1494362\",\"https:\\\/\\\/www.youtube.com\\\/channel\\\/UCZgDzGWB2VRxaoWFUmXnk1w\"]},{\"@type\":\"Person\",\"@id\":\"https:\\\/\\\/www.interflora.se\\\/inspiration\\\/#\\\/schema\\\/person\\\/dbbd1ad45e05409c356dc639597669f2\",\"name\":\"admin\",\"image\":{\"@type\":\"ImageObject\",\"inLanguage\":\"sv-SE\",\"@id\":\"https:\\\/\\\/www.interflora.se\\\/inspiration\\\/wp-content\\\/litespeed\\\/avatar\\\/1fe3cced9e67df62d0a6f995d75823a5.jpg?ver=1777362393\",\"url\":\"https:\\\/\\\/www.interflora.se\\\/inspiration\\\/wp-content\\\/litespeed\\\/avatar\\\/1fe3cced9e67df62d0a6f995d75823a5.jpg?ver=1777362393\",\"contentUrl\":\"https:\\\/\\\/www.interflora.se\\\/inspiration\\\/wp-content\\\/litespeed\\\/avatar\\\/1fe3cced9e67df62d0a6f995d75823a5.jpg?ver=1777362393\",\"caption\":\"admin\"},\"sameAs\":[\"https:\\\/\\\/www.interflora.se\\\/inspiration\"],\"url\":\"https:\\\/\\\/www.interflora.se\\\/inspiration\\\/author\\\/admin\\\/\"}]}<\/script>\n<!-- \/ Yoast SEO plugin. -->","yoast_head_json":{"title":"Tips p\u00e5 julh\u00e4lsningar som korttext | Interflora","robots":{"index":"index","follow":"follow","max-snippet":"max-snippet:-1","max-image-preview":"max-image-preview:large","max-video-preview":"max-video-preview:-1"},"canonical":"https:\/\/www.interflora.se\/inspiration\/tips-pa-julhalsningar\/","og_locale":"sv_SE","og_type":"article","og_title":"Tips p\u00e5 julh\u00e4lsningar som korttext | Interflora","og_description":"Beh\u00f6ver du hj\u00e4lp att s\u00e4tta ord p\u00e5 dina k\u00e4nslor och skapa en julh\u00e4lsning som ber\u00f6r? Ibland kan det vara sv\u00e5rt [&hellip;]","og_url":"https:\/\/www.interflora.se\/inspiration\/tips-pa-julhalsningar\/","og_site_name":"Inspiration om blommor, krukv\u00e4xter &amp; trender | Interflora","article_publisher":"https:\/\/www.facebook.com\/InterfloraAB","article_published_time":"2025-11-10T11:15:05+00:00","article_modified_time":"2025-12-04T09:53:24+00:00","og_image":[{"width":1707,"height":2560,"url":"https:\/\/www.interflora.se\/inspiration\/wp-content\/uploads\/2025\/11\/annesophiebenoit-interflora-sw-41-scaled.avif","type":"image\/jpeg"}],"author":"admin","twitter_card":"summary_large_image","twitter_misc":{"Skriven av":"admin","Ber\u00e4knad l\u00e4stid":"4 minuter"},"schema":{"@context":"https:\/\/schema.org","@graph":[{"@type":"Article","@id":"https:\/\/www.interflora.se\/inspiration\/tips-pa-julhalsningar\/#article","isPartOf":{"@id":"https:\/\/www.interflora.se\/inspiration\/tips-pa-julhalsningar\/"},"author":{"name":"admin","@id":"https:\/\/www.interflora.se\/inspiration\/#\/schema\/person\/dbbd1ad45e05409c356dc639597669f2"},"headline":"Tips p\u00e5 julh\u00e4lsningar som korttext","datePublished":"2025-11-10T11:15:05+00:00","dateModified":"2025-12-04T09:53:24+00:00","mainEntityOfPage":{"@id":"https:\/\/www.interflora.se\/inspiration\/tips-pa-julhalsningar\/"},"wordCount":871,"commentCount":0,"publisher":{"@id":"https:\/\/www.interflora.se\/inspiration\/#organization"},"image":{"@id":"https:\/\/www.interflora.se\/inspiration\/tips-pa-julhalsningar\/#primaryimage"},"thumbnailUrl":"https:\/\/www.interflora.se\/inspiration\/wp-content\/uploads\/2025\/11\/annesophiebenoit-interflora-sw-41-scaled.avif","articleSection":["Jul: Inspiration f\u00f6r en magisk vinter","Tips"],"inLanguage":"sv-SE","potentialAction":[{"@type":"CommentAction","name":"Comment","target":["https:\/\/www.interflora.se\/inspiration\/tips-pa-julhalsningar\/#respond"]}]},{"@type":"WebPage","@id":"https:\/\/www.interflora.se\/inspiration\/tips-pa-julhalsningar\/","url":"https:\/\/www.interflora.se\/inspiration\/tips-pa-julhalsningar\/","name":"Tips p\u00e5 julh\u00e4lsningar som korttext | Interflora","isPartOf":{"@id":"https:\/\/www.interflora.se\/inspiration\/#website"},"primaryImageOfPage":{"@id":"https:\/\/www.interflora.se\/inspiration\/tips-pa-julhalsningar\/#primaryimage"},"image":{"@id":"https:\/\/www.interflora.se\/inspiration\/tips-pa-julhalsningar\/#primaryimage"},"thumbnailUrl":"https:\/\/www.interflora.se\/inspiration\/wp-content\/uploads\/2025\/11\/annesophiebenoit-interflora-sw-41-scaled.avif","datePublished":"2025-11-10T11:15:05+00:00","dateModified":"2025-12-04T09:53:24+00:00","breadcrumb":{"@id":"https:\/\/www.interflora.se\/inspiration\/tips-pa-julhalsningar\/#breadcrumb"},"inLanguage":"sv-SE","potentialAction":[{"@type":"ReadAction","target":["https:\/\/www.interflora.se\/inspiration\/tips-pa-julhalsningar\/"]}]},{"@type":"ImageObject","inLanguage":"sv-SE","@id":"https:\/\/www.interflora.se\/inspiration\/tips-pa-julhalsningar\/#primaryimage","url":"https:\/\/www.interflora.se\/inspiration\/wp-content\/uploads\/2025\/11\/annesophiebenoit-interflora-sw-41-scaled.avif","contentUrl":"https:\/\/www.interflora.se\/inspiration\/wp-content\/uploads\/2025\/11\/annesophiebenoit-interflora-sw-41-scaled.avif","width":1707,"height":2560,"caption":"Evoto"},{"@type":"BreadcrumbList","@id":"https:\/\/www.interflora.se\/inspiration\/tips-pa-julhalsningar\/#breadcrumb","itemListElement":[{"@type":"ListItem","position":1,"name":"Home","item":"https:\/\/www.interflora.se\/inspiration\/"},{"@type":"ListItem","position":2,"name":"Tips p\u00e5 julh\u00e4lsningar som korttext"}]},{"@type":"WebSite","@id":"https:\/\/www.interflora.se\/inspiration\/#website","url":"https:\/\/www.interflora.se\/inspiration\/","name":"Interflora","description":"","publisher":{"@id":"https:\/\/www.interflora.se\/inspiration\/#organization"},"potentialAction":[{"@type":"SearchAction","target":{"@type":"EntryPoint","urlTemplate":"https:\/\/www.interflora.se\/inspiration\/?s={search_term_string}"},"query-input":{"@type":"PropertyValueSpecification","valueRequired":true,"valueName":"search_term_string"}}],"inLanguage":"sv-SE"},{"@type":"Organization","@id":"https:\/\/www.interflora.se\/inspiration\/#organization","name":"Interflora","url":"https:\/\/www.interflora.se\/inspiration\/","logo":{"@type":"ImageObject","inLanguage":"sv-SE","@id":"https:\/\/www.interflora.se\/inspiration\/#\/schema\/logo\/image\/","url":"https:\/\/www.interflora.se\/inspiration\/wp-content\/uploads\/2025\/09\/cropped-220422_INTERFLORA_Logo_rgb_Half_Top_Circle_Main_Color.avif","contentUrl":"https:\/\/www.interflora.se\/inspiration\/wp-content\/uploads\/2025\/09\/cropped-220422_INTERFLORA_Logo_rgb_Half_Top_Circle_Main_Color.avif","width":1418,"height":662,"caption":"Interflora"},"image":{"@id":"https:\/\/www.interflora.se\/inspiration\/#\/schema\/logo\/image\/"},"sameAs":["https:\/\/www.facebook.com\/InterfloraAB","https:\/\/www.instagram.com\/interflora_ab\/","https:\/\/www.linkedin.com\/company\/1494362","https:\/\/www.youtube.com\/channel\/UCZgDzGWB2VRxaoWFUmXnk1w"]},{"@type":"Person","@id":"https:\/\/www.interflora.se\/inspiration\/#\/schema\/person\/dbbd1ad45e05409c356dc639597669f2","name":"admin","image":{"@type":"ImageObject","inLanguage":"sv-SE","@id":"https:\/\/www.interflora.se\/inspiration\/wp-content\/litespeed\/avatar\/1fe3cced9e67df62d0a6f995d75823a5.jpg?ver=1777362393","url":"https:\/\/www.interflora.se\/inspiration\/wp-content\/litespeed\/avatar\/1fe3cced9e67df62d0a6f995d75823a5.jpg?ver=1777362393","contentUrl":"https:\/\/www.interflora.se\/inspiration\/wp-content\/litespeed\/avatar\/1fe3cced9e67df62d0a6f995d75823a5.jpg?ver=1777362393","caption":"admin"},"sameAs":["https:\/\/www.interflora.se\/inspiration"],"url":"https:\/\/www.interflora.se\/inspiration\/author\/admin\/"}]}},"uagb_featured_image_src":{"full":["https:\/\/www.interflora.se\/inspiration\/wp-content\/uploads\/2025\/11\/annesophiebenoit-interflora-sw-41-scaled.avif",1707,2560,false],"thumbnail":["https:\/\/www.interflora.se\/inspiration\/wp-content\/uploads\/2025\/11\/annesophiebenoit-interflora-sw-41-150x150.avif",150,150,true],"medium":["https:\/\/www.interflora.se\/inspiration\/wp-content\/uploads\/2025\/11\/annesophiebenoit-interflora-sw-41-200x300.avif",200,300,true],"medium_large":["https:\/\/www.interflora.se\/inspiration\/wp-content\/uploads\/2025\/11\/annesophiebenoit-interflora-sw-41-768x1152.avif",768,1152,true],"large":["https:\/\/www.interflora.se\/inspiration\/wp-content\/uploads\/2025\/11\/annesophiebenoit-interflora-sw-41-683x1024.avif",683,1024,true],"1536x1536":["https:\/\/www.interflora.se\/inspiration\/wp-content\/uploads\/2025\/11\/annesophiebenoit-interflora-sw-41-1024x1536.avif",1024,1536,true],"2048x2048":["https:\/\/www.interflora.se\/inspiration\/wp-content\/uploads\/2025\/11\/annesophiebenoit-interflora-sw-41-1365x2048.avif",1365,2048,true]},"uagb_author_info":{"display_name":"admin","author_link":"https:\/\/www.interflora.se\/inspiration\/author\/admin\/"},"uagb_comment_info":0,"uagb_excerpt":"Beh\u00f6ver du hj\u00e4lp att s\u00e4tta ord p\u00e5 dina k\u00e4nslor och skapa en julh\u00e4lsning som ber\u00f6r? Ibland kan det vara sv\u00e5rt [&hellip;]","_links":{"self":[{"href":"https:\/\/www.interflora.se\/inspiration\/wp-json\/wp\/v2\/posts\/424","targetHints":{"allow":["GET"]}}],"collection":[{"href":"https:\/\/www.interflora.se\/inspiration\/wp-json\/wp\/v2\/posts"}],"about":[{"href":"https:\/\/www.interflora.se\/inspiration\/wp-json\/wp\/v2\/types\/post"}],"author":[{"embeddable":true,"href":"https:\/\/www.interflora.se\/inspiration\/wp-json\/wp\/v2\/users\/1"}],"replies":[{"embeddable":true,"href":"https:\/\/www.interflora.se\/inspiration\/wp-json\/wp\/v2\/comments?post=424"}],"version-history":[{"count":4,"href":"https:\/\/www.interflora.se\/inspiration\/wp-json\/wp\/v2\/posts\/424\/revisions"}],"predecessor-version":[{"id":4982,"href":"https:\/\/www.interflora.se\/inspiration\/wp-json\/wp\/v2\/posts\/424\/revisions\/4982"}],"wp:featuredmedia":[{"embeddable":true,"href":"https:\/\/www.interflora.se\/inspiration\/wp-json\/wp\/v2\/media\/4837"}],"wp:attachment":[{"href":"https:\/\/www.interflora.se\/inspiration\/wp-json\/wp\/v2\/media?parent=424"}],"wp:term":[{"taxonomy":"category","embeddable":true,"href":"https:\/\/www.interflora.se\/inspiration\/wp-json\/wp\/v2\/categories?post=424"},{"taxonomy":"post_tag","embeddable":true,"href":"https:\/\/www.interflora.se\/inspiration\/wp-json\/wp\/v2\/tags?post=424"}],"curies":[{"name":"wp","href":"https:\/\/api.w.org\/{rel}","templated":true}]}}