{"id":42,"date":"2023-10-20T08:39:05","date_gmt":"2023-10-20T06:39:05","guid":{"rendered":"http:\/\/preprodblog.interflora.se\/blog\/?p=42"},"modified":"2025-03-19T15:46:33","modified_gmt":"2025-03-19T14:46:33","slug":"10-medelhavsvaxter-till-balkong-och-uteplats","status":"publish","type":"post","link":"https:\/\/www.interflora.se\/inspiration\/10-medelhavsvaxter-till-balkong-och-uteplats\/","title":{"rendered":"10 utev\u00e4xter med medelhavsk\u00e4nsla till balkong och uteplats"},"content":{"rendered":"\n<p>Skapa en medelhavsoas hemma med v\u00e4xter och \u00f6rter som trivs att st\u00e5 utomhus p\u00e5 sommaren. H\u00e4r f\u00e5r du tips p\u00e5 10 utev\u00e4xter som \u00e4r perfekta f\u00f6r balkong och uteplats och som ger medelhavsk\u00e4nsla!<\/p>\n\n\n\n<h2 class=\"wp-block-heading\">1. Olivtr\u00e4d<\/h2>\n\n\n\n<p>Ett eller flera olivtr\u00e4d ger riktig medelhavsk\u00e4nsla till din uteplats eller balkong. Olivtr\u00e4det trivs b\u00e4st utomhus d\u00e4r ljuset och luftfuktigheten \u00e4r r\u00e4tt. Den vill ha kalkrik jord och&nbsp;j\u00e4mn vattning.<\/p>\n\n\n\n<figure class=\"wp-block-image\"><img decoding=\"async\" src=\"https:\/\/www.interflora.se\/inspiration\/wp-content\/uploads\/2025\/03\/blomfakta_olivtrad2.jpg\" alt=\"Blomfakta_olivtrad2.jpg\"\/><\/figure>\n\n\n\n<p><a href=\"https:\/\/www.interflora.se\/home\/utevaxter\/olivtrad-45-cm\/\">Best\u00e4ll ett olivtr\u00e4d<\/a><\/p>\n\n\n\n<p>L\u00e4s mer:&nbsp;<a href=\"https:\/\/www.interflora.se\/inspiration\/blomfakta-och-skotselrad\/blomfakta-olivtrad\/\">Sk\u00f6tselr\u00e5d Olivtr\u00e4d<\/a><\/p>\n\n\n\n<h2 class=\"wp-block-heading\">2. Citrus<\/h2>\n\n\n\n<p>Ett citrustr\u00e4d ger en b\u00e5de goda citrusfrukter och gl\u00e4dje. Citrus gillar frisk luft, v\u00e4xlande temperatur och jord med l\u00e5gt pH-v\u00e4rde.&nbsp;<\/p>\n\n\n\n<figure class=\"wp-block-image\"><img decoding=\"async\" src=\"https:\/\/www.interflora.se\/inspiration\/wp-content\/uploads\/2025\/03\/blomfakta_citrustrad.jpg\" alt=\"Blomfakta_citrustrad.jpg\"\/><\/figure>\n\n\n\n<p>L\u00e4s mer:&nbsp;<a href=\"https:\/\/www.interflora.se\/inspiration\/blomfakta-och-skotselrad\/blomfakta-citrustrad\/\">Sk\u00f6tselr\u00e5d Citrustr\u00e4d<\/a><\/p>\n\n\n\n<h2 class=\"wp-block-heading\">3. Rosmarin<\/h2>\n\n\n\n<p>Rosmarin \u00e4r en v\u00e4ldoftande \u00f6rt som g\u00e5r att stamma upp till ett mindre tr\u00e4d. Vattna den genom att duscha den d\u00e5 och d\u00e5.<\/p>\n\n\n\n<figure class=\"wp-block-image\"><img decoding=\"async\" src=\"https:\/\/www.interflora.se\/inspiration\/wp-content\/uploads\/2025\/03\/blomfakta_rosmarin2.jpg\" alt=\"Blomfakta_rosmarin2.jpg\"\/><\/figure>\n\n\n\n<h2 class=\"wp-block-heading\">4. Lavendel<\/h2>\n\n\n\n<p>Lavendel \u00e4r en doftfavorit som kan anv\u00e4ndas i bakning. Placera den ljust d\u00e5 den \u00e4lskar sol och anv\u00e4nd torr och sandblandad jord.<\/p>\n\n\n\n<figure class=\"wp-block-image\"><img decoding=\"async\" src=\"https:\/\/www.interflora.se\/inspiration\/wp-content\/uploads\/2025\/03\/medelhavsvaxter-1.jpg\" alt=\"medelhavsvaxter-1.jpg\"\/><\/figure>\n\n\n\n<p>L\u00e4s mer:&nbsp;<a href=\"https:\/\/www.interflora.se\/inspiration\/tips\/blommor-att-ata\/\">\u00c4tbara blommor<\/a><\/p>\n\n\n\n<h2 class=\"wp-block-heading\">5. Timjan<\/h2>\n\n\n\n<p>Timjan \u00e4r perfekt att odla i kruka f\u00f6r att sedan anv\u00e4nda i matlagningen. Den gillar att placeras ljust, men klarar av halvskuggiga platser. Anv\u00e4nd v\u00e4ldr\u00e4nerad jord.<\/p>\n\n\n\n<figure class=\"wp-block-image\"><img decoding=\"async\" src=\"https:\/\/www.interflora.se\/inspiration\/wp-content\/uploads\/2025\/03\/blomfakta_timjan.jpg\" alt=\"Blomfakta_timjan.jpg\"\/><\/figure>\n\n\n\n<h2 class=\"wp-block-heading\">6. Hibiskus<\/h2>\n\n\n\n<p>Denna vackra krukv\u00e4xt blir man glad av att se. Hibiskusen \u00e4lskar sol, men kr\u00e4ver vatten och n\u00e4ring regelbundet. Den g\u00e5r att stammas upp.<\/p>\n\n\n\n<figure class=\"wp-block-image\"><img decoding=\"async\" src=\"https:\/\/www.interflora.se\/inspiration\/wp-content\/uploads\/2025\/03\/medelhavsvaxter-3.jpg\" alt=\"medelhavsvaxter-3.jpg\"\/><\/figure>\n\n\n\n<h2 class=\"wp-block-heading\">7. Fikon<\/h2>\n\n\n\n<p>Fikontr\u00e4d \u00e4r en l\u00e4ttodlad v\u00e4xt som trivs i kruka. Vattna den regelbundet d\u00e5 den inte gillar att torka ut. Den kan \u00f6vervintras i m\u00f6rkt frostfritt utrymme.<\/p>\n\n\n\n<figure class=\"wp-block-image\"><img decoding=\"async\" src=\"https:\/\/www.interflora.se\/inspiration\/wp-content\/uploads\/2025\/03\/blomfakta_fikon.jpg\" alt=\"Blomfakta_fikon.jpg\"\/><\/figure>\n\n\n\n<h2 class=\"wp-block-heading\">8. Bougainvillea<\/h2>\n\n\n\n<p>Denna rikligt blommande kl\u00e4ngv\u00e4xt \u00e4r vacker att ha utomhus. Den vill st\u00e5 soligt och f\u00e5 mycket vatten och n\u00e4ring under sommartid.<\/p>\n\n\n\n<figure class=\"wp-block-image\"><img decoding=\"async\" src=\"https:\/\/www.interflora.se\/inspiration\/wp-content\/uploads\/2025\/03\/boganvilla.jpg\" alt=\"Boganvilla.jpg\"\/><\/figure>\n\n\n\n<h2 class=\"wp-block-heading\">9. Oleander<\/h2>\n\n\n\n<p>En praktfull och v\u00e4ldoftande v\u00e4xt som blommar rikligt. Oleander \u00e4r en t\u00f6rstig soldyrkare. Den \u00e4r dock giftig och b\u00f6r placeras l\u00e5ngt fr\u00e5n barn och djur.<\/p>\n\n\n\n<figure class=\"wp-block-image\"><img decoding=\"async\" src=\"https:\/\/www.interflora.se\/inspiration\/wp-content\/uploads\/2025\/03\/oleander.jpg\" alt=\"Oleander.jpg\"\/><\/figure>\n\n\n\n<h2 class=\"wp-block-heading\">10. Lagerbladstr\u00e4d<\/h2>\n\n\n\n<p>Lager \u00e4r en vacker v\u00e4xt med m\u00f6rka gr\u00f6na blad. P\u00e5 sommaren trivs den att st\u00e5 ljust och varmt. Plantera den i lerjord g\u00f6dslad med gr\u00e4sklipp.<\/p>\n\n\n\n<figure class=\"wp-block-image\"><img decoding=\"async\" src=\"https:\/\/www.interflora.se\/inspiration\/wp-content\/uploads\/2025\/03\/medelhavsvaxter-4.jpg\" alt=\"medelhavsvaxter-4.jpg\"\/><\/figure>\n\n\n\n<p><a href=\"https:\/\/www.interflora.se\/home\/krukvaxter\/alla-krukvaxter\/\">Se alla krukv\u00e4xter<\/a><\/p>\n\n\n\n<h1 class=\"wp-block-heading\" id=\"header\"><\/h1>\n","protected":false},"excerpt":{"rendered":"<p>Skapa en medelhavsoas hemma med v\u00e4xter och \u00f6rter som trivs att st\u00e5 utomhus p\u00e5 sommaren. H\u00e4r f\u00e5r du tips p\u00e5 [&hellip;]<\/p>\n","protected":false},"author":1,"featured_media":559,"comment_status":"open","ping_status":"open","sticky":false,"template":"","format":"standard","meta":{"_uag_custom_page_level_css":"","site-sidebar-layout":"default","site-content-layout":"","ast-site-content-layout":"default","site-content-style":"default","site-sidebar-style":"default","ast-global-header-display":"","ast-banner-title-visibility":"","ast-main-header-display":"","ast-hfb-above-header-display":"","ast-hfb-below-header-display":"","ast-hfb-mobile-header-display":"","site-post-title":"","ast-breadcrumbs-content":"","ast-featured-img":"","footer-sml-layout":"","ast-disable-related-posts":"","theme-transparent-header-meta":"","adv-header-id-meta":"","stick-header-meta":"","header-above-stick-meta":"","header-main-stick-meta":"","header-below-stick-meta":"","astra-migrate-meta-layouts":"default","ast-page-background-enabled":"default","ast-page-background-meta":{"desktop":{"background-color":"var(--ast-global-color-5)","background-image":"","background-repeat":"repeat","background-position":"center center","background-size":"auto","background-attachment":"scroll","background-type":"","background-media":"","overlay-type":"","overlay-color":"","overlay-opacity":"","overlay-gradient":""},"tablet":{"background-color":"","background-image":"","background-repeat":"repeat","background-position":"center center","background-size":"auto","background-attachment":"scroll","background-type":"","background-media":"","overlay-type":"","overlay-color":"","overlay-opacity":"","overlay-gradient":""},"mobile":{"background-color":"","background-image":"","background-repeat":"repeat","background-position":"center center","background-size":"auto","background-attachment":"scroll","background-type":"","background-media":"","overlay-type":"","overlay-color":"","overlay-opacity":"","overlay-gradient":""}},"ast-content-background-meta":{"desktop":{"background-color":"var(--ast-global-color-4)","background-image":"","background-repeat":"repeat","background-position":"center center","background-size":"auto","background-attachment":"scroll","background-type":"","background-media":"","overlay-type":"","overlay-color":"","overlay-opacity":"","overlay-gradient":""},"tablet":{"background-color":"var(--ast-global-color-4)","background-image":"","background-repeat":"repeat","background-position":"center center","background-size":"auto","background-attachment":"scroll","background-type":"","background-media":"","overlay-type":"","overlay-color":"","overlay-opacity":"","overlay-gradient":""},"mobile":{"background-color":"var(--ast-global-color-4)","background-image":"","background-repeat":"repeat","background-position":"center center","background-size":"auto","background-attachment":"scroll","background-type":"","background-media":"","overlay-type":"","overlay-color":"","overlay-opacity":"","overlay-gradient":""}},"footnotes":""},"categories":[4],"tags":[],"class_list":["post-42","post","type-post","status-publish","format-standard","has-post-thumbnail","hentry","category-tips"],"yoast_head":"<!-- This site is optimized with the Yoast SEO plugin v27.4 - https:\/\/yoast.com\/product\/yoast-seo-wordpress\/ -->\n<title>10 utev\u00e4xter med medelhavsk\u00e4nsla till balkong och uteplats | Interflora<\/title>\n<meta name=\"robots\" content=\"index, follow, max-snippet:-1, max-image-preview:large, max-video-preview:-1\" \/>\n<link rel=\"canonical\" href=\"https:\/\/www.interflora.se\/inspiration\/10-medelhavsvaxter-till-balkong-och-uteplats\/\" \/>\n<meta property=\"og:locale\" content=\"sv_SE\" \/>\n<meta property=\"og:type\" content=\"article\" \/>\n<meta property=\"og:title\" content=\"10 utev\u00e4xter med medelhavsk\u00e4nsla till balkong och uteplats | Interflora\" \/>\n<meta property=\"og:description\" content=\"Skapa en medelhavsoas hemma med v\u00e4xter och \u00f6rter som trivs att st\u00e5 utomhus p\u00e5 sommaren. H\u00e4r f\u00e5r du tips p\u00e5 [&hellip;]\" \/>\n<meta property=\"og:url\" content=\"https:\/\/www.interflora.se\/inspiration\/10-medelhavsvaxter-till-balkong-och-uteplats\/\" \/>\n<meta property=\"og:site_name\" content=\"Inspiration om blommor, krukv\u00e4xter &amp; trender | Interflora\" \/>\n<meta property=\"article:publisher\" content=\"https:\/\/www.facebook.com\/InterfloraAB\" \/>\n<meta property=\"article:published_time\" content=\"2023-10-20T06:39:05+00:00\" \/>\n<meta property=\"article:modified_time\" content=\"2025-03-19T14:46:33+00:00\" \/>\n<meta property=\"og:image\" content=\"https:\/\/www.interflora.se\/inspiration\/wp-content\/uploads\/2025\/03\/blomfakta_citrustrad.jpg\" \/>\n\t<meta property=\"og:image:width\" content=\"800\" \/>\n\t<meta property=\"og:image:height\" content=\"1000\" \/>\n\t<meta property=\"og:image:type\" content=\"image\/jpeg\" \/>\n<meta name=\"author\" content=\"admin\" \/>\n<meta name=\"twitter:card\" content=\"summary_large_image\" \/>\n<meta name=\"twitter:label1\" content=\"Skriven av\" \/>\n\t<meta name=\"twitter:data1\" content=\"admin\" \/>\n\t<meta name=\"twitter:label2\" content=\"Ber\u00e4knad l\u00e4stid\" \/>\n\t<meta name=\"twitter:data2\" content=\"2 minuter\" \/>\n<script type=\"application\/ld+json\" class=\"yoast-schema-graph\">{\"@context\":\"https:\\\/\\\/schema.org\",\"@graph\":[{\"@type\":\"Article\",\"@id\":\"https:\\\/\\\/www.interflora.se\\\/inspiration\\\/10-medelhavsvaxter-till-balkong-och-uteplats\\\/#article\",\"isPartOf\":{\"@id\":\"https:\\\/\\\/www.interflora.se\\\/inspiration\\\/10-medelhavsvaxter-till-balkong-och-uteplats\\\/\"},\"author\":{\"name\":\"admin\",\"@id\":\"https:\\\/\\\/www.interflora.se\\\/inspiration\\\/#\\\/schema\\\/person\\\/dbbd1ad45e05409c356dc639597669f2\"},\"headline\":\"10 utev\u00e4xter med medelhavsk\u00e4nsla till balkong och uteplats\",\"datePublished\":\"2023-10-20T06:39:05+00:00\",\"dateModified\":\"2025-03-19T14:46:33+00:00\",\"mainEntityOfPage\":{\"@id\":\"https:\\\/\\\/www.interflora.se\\\/inspiration\\\/10-medelhavsvaxter-till-balkong-och-uteplats\\\/\"},\"wordCount\":380,\"commentCount\":0,\"publisher\":{\"@id\":\"https:\\\/\\\/www.interflora.se\\\/inspiration\\\/#organization\"},\"image\":{\"@id\":\"https:\\\/\\\/www.interflora.se\\\/inspiration\\\/10-medelhavsvaxter-till-balkong-och-uteplats\\\/#primaryimage\"},\"thumbnailUrl\":\"https:\\\/\\\/www.interflora.se\\\/inspiration\\\/wp-content\\\/uploads\\\/2025\\\/03\\\/blomfakta_citrustrad.jpg\",\"articleSection\":[\"Tips\"],\"inLanguage\":\"sv-SE\",\"potentialAction\":[{\"@type\":\"CommentAction\",\"name\":\"Comment\",\"target\":[\"https:\\\/\\\/www.interflora.se\\\/inspiration\\\/10-medelhavsvaxter-till-balkong-och-uteplats\\\/#respond\"]}]},{\"@type\":\"WebPage\",\"@id\":\"https:\\\/\\\/www.interflora.se\\\/inspiration\\\/10-medelhavsvaxter-till-balkong-och-uteplats\\\/\",\"url\":\"https:\\\/\\\/www.interflora.se\\\/inspiration\\\/10-medelhavsvaxter-till-balkong-och-uteplats\\\/\",\"name\":\"10 utev\u00e4xter med medelhavsk\u00e4nsla till balkong och uteplats | Interflora\",\"isPartOf\":{\"@id\":\"https:\\\/\\\/www.interflora.se\\\/inspiration\\\/#website\"},\"primaryImageOfPage\":{\"@id\":\"https:\\\/\\\/www.interflora.se\\\/inspiration\\\/10-medelhavsvaxter-till-balkong-och-uteplats\\\/#primaryimage\"},\"image\":{\"@id\":\"https:\\\/\\\/www.interflora.se\\\/inspiration\\\/10-medelhavsvaxter-till-balkong-och-uteplats\\\/#primaryimage\"},\"thumbnailUrl\":\"https:\\\/\\\/www.interflora.se\\\/inspiration\\\/wp-content\\\/uploads\\\/2025\\\/03\\\/blomfakta_citrustrad.jpg\",\"datePublished\":\"2023-10-20T06:39:05+00:00\",\"dateModified\":\"2025-03-19T14:46:33+00:00\",\"breadcrumb\":{\"@id\":\"https:\\\/\\\/www.interflora.se\\\/inspiration\\\/10-medelhavsvaxter-till-balkong-och-uteplats\\\/#breadcrumb\"},\"inLanguage\":\"sv-SE\",\"potentialAction\":[{\"@type\":\"ReadAction\",\"target\":[\"https:\\\/\\\/www.interflora.se\\\/inspiration\\\/10-medelhavsvaxter-till-balkong-och-uteplats\\\/\"]}]},{\"@type\":\"ImageObject\",\"inLanguage\":\"sv-SE\",\"@id\":\"https:\\\/\\\/www.interflora.se\\\/inspiration\\\/10-medelhavsvaxter-till-balkong-och-uteplats\\\/#primaryimage\",\"url\":\"https:\\\/\\\/www.interflora.se\\\/inspiration\\\/wp-content\\\/uploads\\\/2025\\\/03\\\/blomfakta_citrustrad.jpg\",\"contentUrl\":\"https:\\\/\\\/www.interflora.se\\\/inspiration\\\/wp-content\\\/uploads\\\/2025\\\/03\\\/blomfakta_citrustrad.jpg\",\"width\":800,\"height\":1000},{\"@type\":\"BreadcrumbList\",\"@id\":\"https:\\\/\\\/www.interflora.se\\\/inspiration\\\/10-medelhavsvaxter-till-balkong-och-uteplats\\\/#breadcrumb\",\"itemListElement\":[{\"@type\":\"ListItem\",\"position\":1,\"name\":\"Home\",\"item\":\"https:\\\/\\\/www.interflora.se\\\/inspiration\\\/\"},{\"@type\":\"ListItem\",\"position\":2,\"name\":\"10 utev\u00e4xter med medelhavsk\u00e4nsla till balkong och uteplats\"}]},{\"@type\":\"WebSite\",\"@id\":\"https:\\\/\\\/www.interflora.se\\\/inspiration\\\/#website\",\"url\":\"https:\\\/\\\/www.interflora.se\\\/inspiration\\\/\",\"name\":\"Interflora\",\"description\":\"\",\"publisher\":{\"@id\":\"https:\\\/\\\/www.interflora.se\\\/inspiration\\\/#organization\"},\"potentialAction\":[{\"@type\":\"SearchAction\",\"target\":{\"@type\":\"EntryPoint\",\"urlTemplate\":\"https:\\\/\\\/www.interflora.se\\\/inspiration\\\/?s={search_term_string}\"},\"query-input\":{\"@type\":\"PropertyValueSpecification\",\"valueRequired\":true,\"valueName\":\"search_term_string\"}}],\"inLanguage\":\"sv-SE\"},{\"@type\":\"Organization\",\"@id\":\"https:\\\/\\\/www.interflora.se\\\/inspiration\\\/#organization\",\"name\":\"Interflora\",\"url\":\"https:\\\/\\\/www.interflora.se\\\/inspiration\\\/\",\"logo\":{\"@type\":\"ImageObject\",\"inLanguage\":\"sv-SE\",\"@id\":\"https:\\\/\\\/www.interflora.se\\\/inspiration\\\/#\\\/schema\\\/logo\\\/image\\\/\",\"url\":\"https:\\\/\\\/www.interflora.se\\\/inspiration\\\/wp-content\\\/uploads\\\/2025\\\/09\\\/cropped-220422_INTERFLORA_Logo_rgb_Half_Top_Circle_Main_Color.avif\",\"contentUrl\":\"https:\\\/\\\/www.interflora.se\\\/inspiration\\\/wp-content\\\/uploads\\\/2025\\\/09\\\/cropped-220422_INTERFLORA_Logo_rgb_Half_Top_Circle_Main_Color.avif\",\"width\":1418,\"height\":662,\"caption\":\"Interflora\"},\"image\":{\"@id\":\"https:\\\/\\\/www.interflora.se\\\/inspiration\\\/#\\\/schema\\\/logo\\\/image\\\/\"},\"sameAs\":[\"https:\\\/\\\/www.facebook.com\\\/InterfloraAB\",\"https:\\\/\\\/www.instagram.com\\\/interflora_ab\\\/\",\"https:\\\/\\\/www.linkedin.com\\\/company\\\/1494362\",\"https:\\\/\\\/www.youtube.com\\\/channel\\\/UCZgDzGWB2VRxaoWFUmXnk1w\"]},{\"@type\":\"Person\",\"@id\":\"https:\\\/\\\/www.interflora.se\\\/inspiration\\\/#\\\/schema\\\/person\\\/dbbd1ad45e05409c356dc639597669f2\",\"name\":\"admin\",\"image\":{\"@type\":\"ImageObject\",\"inLanguage\":\"sv-SE\",\"@id\":\"https:\\\/\\\/www.interflora.se\\\/inspiration\\\/wp-content\\\/litespeed\\\/avatar\\\/1fe3cced9e67df62d0a6f995d75823a5.jpg?ver=1777362393\",\"url\":\"https:\\\/\\\/www.interflora.se\\\/inspiration\\\/wp-content\\\/litespeed\\\/avatar\\\/1fe3cced9e67df62d0a6f995d75823a5.jpg?ver=1777362393\",\"contentUrl\":\"https:\\\/\\\/www.interflora.se\\\/inspiration\\\/wp-content\\\/litespeed\\\/avatar\\\/1fe3cced9e67df62d0a6f995d75823a5.jpg?ver=1777362393\",\"caption\":\"admin\"},\"sameAs\":[\"https:\\\/\\\/www.interflora.se\\\/inspiration\"],\"url\":\"https:\\\/\\\/www.interflora.se\\\/inspiration\\\/author\\\/admin\\\/\"}]}<\/script>\n<!-- \/ Yoast SEO plugin. -->","yoast_head_json":{"title":"10 utev\u00e4xter med medelhavsk\u00e4nsla till balkong och uteplats | Interflora","robots":{"index":"index","follow":"follow","max-snippet":"max-snippet:-1","max-image-preview":"max-image-preview:large","max-video-preview":"max-video-preview:-1"},"canonical":"https:\/\/www.interflora.se\/inspiration\/10-medelhavsvaxter-till-balkong-och-uteplats\/","og_locale":"sv_SE","og_type":"article","og_title":"10 utev\u00e4xter med medelhavsk\u00e4nsla till balkong och uteplats | Interflora","og_description":"Skapa en medelhavsoas hemma med v\u00e4xter och \u00f6rter som trivs att st\u00e5 utomhus p\u00e5 sommaren. H\u00e4r f\u00e5r du tips p\u00e5 [&hellip;]","og_url":"https:\/\/www.interflora.se\/inspiration\/10-medelhavsvaxter-till-balkong-och-uteplats\/","og_site_name":"Inspiration om blommor, krukv\u00e4xter &amp; trender | Interflora","article_publisher":"https:\/\/www.facebook.com\/InterfloraAB","article_published_time":"2023-10-20T06:39:05+00:00","article_modified_time":"2025-03-19T14:46:33+00:00","og_image":[{"width":800,"height":1000,"url":"https:\/\/www.interflora.se\/inspiration\/wp-content\/uploads\/2025\/03\/blomfakta_citrustrad.jpg","type":"image\/jpeg"}],"author":"admin","twitter_card":"summary_large_image","twitter_misc":{"Skriven av":"admin","Ber\u00e4knad l\u00e4stid":"2 minuter"},"schema":{"@context":"https:\/\/schema.org","@graph":[{"@type":"Article","@id":"https:\/\/www.interflora.se\/inspiration\/10-medelhavsvaxter-till-balkong-och-uteplats\/#article","isPartOf":{"@id":"https:\/\/www.interflora.se\/inspiration\/10-medelhavsvaxter-till-balkong-och-uteplats\/"},"author":{"name":"admin","@id":"https:\/\/www.interflora.se\/inspiration\/#\/schema\/person\/dbbd1ad45e05409c356dc639597669f2"},"headline":"10 utev\u00e4xter med medelhavsk\u00e4nsla till balkong och uteplats","datePublished":"2023-10-20T06:39:05+00:00","dateModified":"2025-03-19T14:46:33+00:00","mainEntityOfPage":{"@id":"https:\/\/www.interflora.se\/inspiration\/10-medelhavsvaxter-till-balkong-och-uteplats\/"},"wordCount":380,"commentCount":0,"publisher":{"@id":"https:\/\/www.interflora.se\/inspiration\/#organization"},"image":{"@id":"https:\/\/www.interflora.se\/inspiration\/10-medelhavsvaxter-till-balkong-och-uteplats\/#primaryimage"},"thumbnailUrl":"https:\/\/www.interflora.se\/inspiration\/wp-content\/uploads\/2025\/03\/blomfakta_citrustrad.jpg","articleSection":["Tips"],"inLanguage":"sv-SE","potentialAction":[{"@type":"CommentAction","name":"Comment","target":["https:\/\/www.interflora.se\/inspiration\/10-medelhavsvaxter-till-balkong-och-uteplats\/#respond"]}]},{"@type":"WebPage","@id":"https:\/\/www.interflora.se\/inspiration\/10-medelhavsvaxter-till-balkong-och-uteplats\/","url":"https:\/\/www.interflora.se\/inspiration\/10-medelhavsvaxter-till-balkong-och-uteplats\/","name":"10 utev\u00e4xter med medelhavsk\u00e4nsla till balkong och uteplats | Interflora","isPartOf":{"@id":"https:\/\/www.interflora.se\/inspiration\/#website"},"primaryImageOfPage":{"@id":"https:\/\/www.interflora.se\/inspiration\/10-medelhavsvaxter-till-balkong-och-uteplats\/#primaryimage"},"image":{"@id":"https:\/\/www.interflora.se\/inspiration\/10-medelhavsvaxter-till-balkong-och-uteplats\/#primaryimage"},"thumbnailUrl":"https:\/\/www.interflora.se\/inspiration\/wp-content\/uploads\/2025\/03\/blomfakta_citrustrad.jpg","datePublished":"2023-10-20T06:39:05+00:00","dateModified":"2025-03-19T14:46:33+00:00","breadcrumb":{"@id":"https:\/\/www.interflora.se\/inspiration\/10-medelhavsvaxter-till-balkong-och-uteplats\/#breadcrumb"},"inLanguage":"sv-SE","potentialAction":[{"@type":"ReadAction","target":["https:\/\/www.interflora.se\/inspiration\/10-medelhavsvaxter-till-balkong-och-uteplats\/"]}]},{"@type":"ImageObject","inLanguage":"sv-SE","@id":"https:\/\/www.interflora.se\/inspiration\/10-medelhavsvaxter-till-balkong-och-uteplats\/#primaryimage","url":"https:\/\/www.interflora.se\/inspiration\/wp-content\/uploads\/2025\/03\/blomfakta_citrustrad.jpg","contentUrl":"https:\/\/www.interflora.se\/inspiration\/wp-content\/uploads\/2025\/03\/blomfakta_citrustrad.jpg","width":800,"height":1000},{"@type":"BreadcrumbList","@id":"https:\/\/www.interflora.se\/inspiration\/10-medelhavsvaxter-till-balkong-och-uteplats\/#breadcrumb","itemListElement":[{"@type":"ListItem","position":1,"name":"Home","item":"https:\/\/www.interflora.se\/inspiration\/"},{"@type":"ListItem","position":2,"name":"10 utev\u00e4xter med medelhavsk\u00e4nsla till balkong och uteplats"}]},{"@type":"WebSite","@id":"https:\/\/www.interflora.se\/inspiration\/#website","url":"https:\/\/www.interflora.se\/inspiration\/","name":"Interflora","description":"","publisher":{"@id":"https:\/\/www.interflora.se\/inspiration\/#organization"},"potentialAction":[{"@type":"SearchAction","target":{"@type":"EntryPoint","urlTemplate":"https:\/\/www.interflora.se\/inspiration\/?s={search_term_string}"},"query-input":{"@type":"PropertyValueSpecification","valueRequired":true,"valueName":"search_term_string"}}],"inLanguage":"sv-SE"},{"@type":"Organization","@id":"https:\/\/www.interflora.se\/inspiration\/#organization","name":"Interflora","url":"https:\/\/www.interflora.se\/inspiration\/","logo":{"@type":"ImageObject","inLanguage":"sv-SE","@id":"https:\/\/www.interflora.se\/inspiration\/#\/schema\/logo\/image\/","url":"https:\/\/www.interflora.se\/inspiration\/wp-content\/uploads\/2025\/09\/cropped-220422_INTERFLORA_Logo_rgb_Half_Top_Circle_Main_Color.avif","contentUrl":"https:\/\/www.interflora.se\/inspiration\/wp-content\/uploads\/2025\/09\/cropped-220422_INTERFLORA_Logo_rgb_Half_Top_Circle_Main_Color.avif","width":1418,"height":662,"caption":"Interflora"},"image":{"@id":"https:\/\/www.interflora.se\/inspiration\/#\/schema\/logo\/image\/"},"sameAs":["https:\/\/www.facebook.com\/InterfloraAB","https:\/\/www.instagram.com\/interflora_ab\/","https:\/\/www.linkedin.com\/company\/1494362","https:\/\/www.youtube.com\/channel\/UCZgDzGWB2VRxaoWFUmXnk1w"]},{"@type":"Person","@id":"https:\/\/www.interflora.se\/inspiration\/#\/schema\/person\/dbbd1ad45e05409c356dc639597669f2","name":"admin","image":{"@type":"ImageObject","inLanguage":"sv-SE","@id":"https:\/\/www.interflora.se\/inspiration\/wp-content\/litespeed\/avatar\/1fe3cced9e67df62d0a6f995d75823a5.jpg?ver=1777362393","url":"https:\/\/www.interflora.se\/inspiration\/wp-content\/litespeed\/avatar\/1fe3cced9e67df62d0a6f995d75823a5.jpg?ver=1777362393","contentUrl":"https:\/\/www.interflora.se\/inspiration\/wp-content\/litespeed\/avatar\/1fe3cced9e67df62d0a6f995d75823a5.jpg?ver=1777362393","caption":"admin"},"sameAs":["https:\/\/www.interflora.se\/inspiration"],"url":"https:\/\/www.interflora.se\/inspiration\/author\/admin\/"}]}},"uagb_featured_image_src":{"full":["https:\/\/www.interflora.se\/inspiration\/wp-content\/uploads\/2025\/03\/blomfakta_citrustrad.jpg",800,1000,false],"thumbnail":["https:\/\/www.interflora.se\/inspiration\/wp-content\/uploads\/2025\/03\/blomfakta_citrustrad-150x150.jpg",150,150,true],"medium":["https:\/\/www.interflora.se\/inspiration\/wp-content\/uploads\/2025\/03\/blomfakta_citrustrad-240x300.jpg",240,300,true],"medium_large":["https:\/\/www.interflora.se\/inspiration\/wp-content\/uploads\/2025\/03\/blomfakta_citrustrad-768x960.jpg",768,960,true],"large":["https:\/\/www.interflora.se\/inspiration\/wp-content\/uploads\/2025\/03\/blomfakta_citrustrad.jpg",800,1000,false],"1536x1536":["https:\/\/www.interflora.se\/inspiration\/wp-content\/uploads\/2025\/03\/blomfakta_citrustrad.jpg",800,1000,false],"2048x2048":["https:\/\/www.interflora.se\/inspiration\/wp-content\/uploads\/2025\/03\/blomfakta_citrustrad.jpg",800,1000,false]},"uagb_author_info":{"display_name":"admin","author_link":"https:\/\/www.interflora.se\/inspiration\/author\/admin\/"},"uagb_comment_info":0,"uagb_excerpt":"Skapa en medelhavsoas hemma med v\u00e4xter och \u00f6rter som trivs att st\u00e5 utomhus p\u00e5 sommaren. H\u00e4r f\u00e5r du tips p\u00e5 [&hellip;]","_links":{"self":[{"href":"https:\/\/www.interflora.se\/inspiration\/wp-json\/wp\/v2\/posts\/42","targetHints":{"allow":["GET"]}}],"collection":[{"href":"https:\/\/www.interflora.se\/inspiration\/wp-json\/wp\/v2\/posts"}],"about":[{"href":"https:\/\/www.interflora.se\/inspiration\/wp-json\/wp\/v2\/types\/post"}],"author":[{"embeddable":true,"href":"https:\/\/www.interflora.se\/inspiration\/wp-json\/wp\/v2\/users\/1"}],"replies":[{"embeddable":true,"href":"https:\/\/www.interflora.se\/inspiration\/wp-json\/wp\/v2\/comments?post=42"}],"version-history":[{"count":1,"href":"https:\/\/www.interflora.se\/inspiration\/wp-json\/wp\/v2\/posts\/42\/revisions"}],"predecessor-version":[{"id":568,"href":"https:\/\/www.interflora.se\/inspiration\/wp-json\/wp\/v2\/posts\/42\/revisions\/568"}],"wp:featuredmedia":[{"embeddable":true,"href":"https:\/\/www.interflora.se\/inspiration\/wp-json\/wp\/v2\/media\/559"}],"wp:attachment":[{"href":"https:\/\/www.interflora.se\/inspiration\/wp-json\/wp\/v2\/media?parent=42"}],"wp:term":[{"taxonomy":"category","embeddable":true,"href":"https:\/\/www.interflora.se\/inspiration\/wp-json\/wp\/v2\/categories?post=42"},{"taxonomy":"post_tag","embeddable":true,"href":"https:\/\/www.interflora.se\/inspiration\/wp-json\/wp\/v2\/tags?post=42"}],"curies":[{"name":"wp","href":"https:\/\/api.w.org\/{rel}","templated":true}]}}