{"id":414,"date":"2024-05-28T13:59:05","date_gmt":"2024-05-28T11:59:05","guid":{"rendered":"http:\/\/preprodblog.interflora.se\/blog\/?p=414"},"modified":"2025-03-20T09:18:25","modified_gmt":"2025-03-20T08:18:25","slug":"ta-vara-pa-solrosens-fron","status":"publish","type":"post","link":"https:\/\/www.interflora.se\/inspiration\/ta-vara-pa-solrosens-fron\/","title":{"rendered":"Ta vara p\u00e5 solrosens fr\u00f6n"},"content":{"rendered":"\n<p>Det \u00e4r inte bara vi m\u00e4nniskor som blir glada av en stilig solros. Bin och humlor lockas ocks\u00e5. Och n\u00e4r fr\u00f6na mognat blir de f\u00f6da f\u00f6r hungriga sm\u00e5f\u00e5glar. S\u00e5 h\u00e4r kan du ta vara p\u00e5 solrosens fr\u00f6n!<\/p>\n\n\n\n<p>N\u00e4r sensommaren kommer \u00e4r solrosen en oslagbar gl\u00e4djespridare i bukett och rabatt. Men \u00e4ven om den odlas f\u00f6r sin praktfulla sk\u00f6nhet s\u00e5 har den mer att erbjuda.&nbsp;Dels lockar den insekter som humlor och honungsbin. Blomman \u00e4r en fantastisk nektar- och pollenleverant\u00f6r och inte s\u00e4llan kan man se humlor sova s\u00f6tt i dess mjuka mitt.<\/p>\n\n\n\n<p>En enda solros kan inneh\u00e5lla upp till hela 2 000 fr\u00f6n. Det \u00e4r mycket mat f\u00f6r hungriga sm\u00e5f\u00e5glar som talgoxe, gr\u00f6nfink och n\u00f6tv\u00e4cka. Men du kan sk\u00f6rda och \u00e4ta sj\u00e4lv ocks\u00e5. Anv\u00e4nd i br\u00f6d, som topping p\u00e5 r\u00f6ror och i sallader. De inneh\u00e5ller nyttigheter som flerom\u00e4ttat fett, fiber, vitamin E, magnesium, folsyra, j\u00e4rn och zink.<\/p>\n\n\n\n<figure class=\"wp-block-image\"><img decoding=\"async\" src=\"https:\/\/www.interflora.se\/inspiration\/wp-content\/uploads\/2025\/03\/ta-vara-pa-solrosens-fron-startbild.jpg\" alt=\"Ta-vara-p\u00e5-solrosens-fr\u00f6n-startbild.jpg\"\/><\/figure>\n\n\n\n<h2 class=\"wp-block-heading\">Odlar du solrosor och vill ta vara p\u00e5 fr\u00f6erna? H\u00e4r \u00e4r n\u00e5gra tips!<\/h2>\n\n\n\n<h2 class=\"wp-block-heading\"><br>1. Sk\u00f6rda och torka<\/h2>\n\n\n\n<p>Det g\u00e4ller att hinna f\u00f6re f\u00e5glarna om du vill \u00e5t fr\u00f6erna! N\u00e4r solrosen vissnat och bladen b\u00f6rjar trilla av \u00e4r det dags att ta hand om fr\u00f6kakan i blommans mitt. Klipp av blomman, men beh\u00e5ll en l\u00e5ng stj\u00e4lk. T\u00e4ck blomhuvudet med en kompostp\u00e5se av papper. H\u00e4ng blomman upp och ner f\u00f6r att torka i n\u00e5gra veckor, tills fr\u00f6na \u00e4r l\u00e4tta att lossa.&nbsp;<\/p>\n\n\n\n<figure class=\"wp-block-image\"><img decoding=\"async\" src=\"https:\/\/www.interflora.se\/inspiration\/wp-content\/uploads\/2025\/03\/ta-vara-pa-solrosens-fron-teaser.jpg\" alt=\"Ta vara p\u00e5 solrosens fr\u00f6n Teaser.jpg\"\/><\/figure>\n\n\n\n<h2 class=\"wp-block-heading\"><br>2. Solrosfr\u00f6n som snacks<\/h2>\n\n\n\n<p>Pilla av skalen \u2013 det h\u00e4r kan ta lite tid. Rusta dig med t\u00e5lamod. L\u00e4gg solrosk\u00e4rnorna i en torr och het stekpanna. Skaka och r\u00f6r om ofta s\u00e5 att de f\u00e5r j\u00e4mn och fin f\u00e4rg. L\u00e5t svalna. Gott att \u00e4ta som de \u00e4r eller som topping p\u00e5 gr\u00f6t, chiapudding eller salladen!&nbsp;&nbsp;<\/p>\n\n\n\n<figure class=\"wp-block-image\"><img decoding=\"async\" src=\"https:\/\/www.interflora.se\/inspiration\/wp-content\/uploads\/2025\/03\/ta-vara-pa-solrosens-fron-solrosfron-som-snacks.jpg\" alt=\"Ta vara p\u00e5 solrosens fr\u00f6n Solrosfr\u00f6n som snacks.jpg\"\/><\/figure>\n\n\n\n<h2 class=\"wp-block-heading\"><br>3. Grodda solrosfr\u00f6n<\/h2>\n\n\n\n<p>Solrosgroddar \u00e4r naturligt proteinrika och inneh\u00e5ller en massa bra vitaminer. Den har en mild smak och \u00e4r gott i sallad, smoothies, pesto och p\u00e5 sm\u00f6rg\u00e5s!<\/p>\n\n\n\n<p>S\u00e5 groddar du solrosfr\u00f6n:<\/p>\n\n\n\n<p>1. F\u00f6rst och fr\u00e4mst, rensa bort eventuella skadade eller trasiga fr\u00f6n. L\u00e4gg sedan fr\u00f6na i bl\u00f6t i 10 timmar.<\/p>\n\n\n\n<p>2.&nbsp;Efter bl\u00f6tl\u00e4ggningen, sk\u00f6lj igenom fr\u00f6na ordentligt och f\u00f6rdela dem sedan j\u00e4mnt i en groddburk eller p\u00e5 en bricka. Se till att inte placera fr\u00f6na f\u00f6r t\u00e4tt.<\/p>\n\n\n\n<p>3.&nbsp;Vattna fr\u00f6na&nbsp;2-3&nbsp;g\u00e5nger om dagen tills de har groddat f\u00e4rdigt. Solrosgroddar beh\u00f6ver rikligt med vatten eftersom de \u00e4r t\u00f6rstiga under&nbsp;groddningsprocessen.<\/p>\n\n\n\n<p>4.&nbsp;N\u00e4r&nbsp;groddningen&nbsp;\u00e4r klar kan du antingen \u00e4ta dem direkt eller f\u00f6rvara groddarna i kylsk\u00e5pet i n\u00e5gra dagar. Kom ih\u00e5g att sk\u00f6lja groddarna innan du \u00e4ter&nbsp;dem!<\/p>\n\n\n\n<figure class=\"wp-block-image\"><img decoding=\"async\" src=\"https:\/\/www.interflora.se\/inspiration\/wp-content\/uploads\/2025\/03\/ta-vara-pa-solrosens-fron-grodda-1.jpg\" alt=\"Ta vara p\u00e5 solrosens fr\u00f6n Grodda 1.jpg\"\/><\/figure>\n\n\n\n<figure class=\"wp-block-image\"><img decoding=\"async\" src=\"https:\/\/www.interflora.se\/inspiration\/wp-content\/uploads\/2025\/03\/ta-vara-pa-solrosens-fron-grodda-2.jpg\" alt=\"Ta vara p\u00e5 solrosens fr\u00f6n Grodda 2.jpg\"\/><\/figure>\n\n\n\n<h2 class=\"wp-block-heading\"><br>4.&nbsp;Mata f\u00e5glarna<\/h2>\n\n\n\n<p>Det finns flera s\u00e4tt att ta vara p\u00e5 solrosfr\u00f6erna s\u00e5 att f\u00e5glarna f\u00e5 n\u00e5got extra under de kalla m\u00e5naderna.&nbsp;H\u00e4ng upp en torkad solros i&nbsp;ett tr\u00e4d, eller l\u00e4gg den n\u00e5gonstans h\u00f6gt d\u00e4r f\u00e5glarna kommer \u00e5t eller g\u00f6r talgbollar.<\/p>\n\n\n\n<p>S\u00e5h\u00e4r g\u00f6r du talgbollar:<\/p>\n\n\n\n<p>1. Sm\u00e4lt 100 g kokosfett och 100 g osaltat sm\u00f6r<\/p>\n\n\n\n<p>2.&nbsp;Blanda i&nbsp;1-2&nbsp;dl fr\u00f6n ( t ex&nbsp;solrosfr\u00f6n, linfr\u00f6n och jordn\u00f6tter)<\/p>\n\n\n\n<p>3. Anv\u00e4nd en glassform, kakform eller liknande. H\u00e4ll i smeten och stick in en \u00f6gla av jutesn\u00f6re eller en pinne.<\/p>\n\n\n\n<p>4.&nbsp;L\u00e5t stelna och h\u00e4ng sedan ut i den kalla tr\u00e4dg\u00e5rden.<\/p>\n\n\n\n<figure class=\"wp-block-image\"><img decoding=\"async\" src=\"https:\/\/www.interflora.se\/inspiration\/wp-content\/uploads\/2025\/03\/ta-vara-pa-solrosens-fron-mata-faglarna.jpg\" alt=\"Ta vara p\u00e5 solrosens fr\u00f6n Mata f\u00e5glarna.jpg\"\/><\/figure>\n\n\n\n<figure class=\"wp-block-image\"><img decoding=\"async\" src=\"https:\/\/www.interflora.se\/inspiration\/wp-content\/uploads\/2025\/03\/ta-vara-pa-solrosens-fron-talgbollar-2.jpg\" alt=\"Ta vara p\u00e5 solrosens fr\u00f6n Talgbollar 2.jpg\"\/><\/figure>\n\n\n\n<h2 class=\"wp-block-heading\">5. Plantera nya solrosor<\/h2>\n\n\n\n<p>F\u00f6rs\u00e5 inomhus i april och plantera ut n\u00e4r jorden \u00e4r varm.&nbsp;Kanske v\u00e4xer helt nya vackra solrossorter upp. Det beror p\u00e5 om din moderplanta blivit korspollinerad.&nbsp;Sp\u00e4nnande!<\/p>\n\n\n\n<figure class=\"wp-block-image\"><img decoding=\"async\" src=\"https:\/\/www.interflora.se\/inspiration\/wp-content\/uploads\/2025\/03\/ta-vara-pa-solrosens-fron-forsa-1.jpg\" alt=\"Ta vara p\u00e5 solrosens fr\u00f6n F\u00f6rs\u00e5 1.jpg\"\/><\/figure>\n","protected":false},"excerpt":{"rendered":"<p>Det \u00e4r inte bara vi m\u00e4nniskor som blir glada av en stilig solros. Bin och humlor lockas ocks\u00e5. Och n\u00e4r [&hellip;]<\/p>\n","protected":false},"author":1,"featured_media":674,"comment_status":"open","ping_status":"open","sticky":false,"template":"","format":"standard","meta":{"_uag_custom_page_level_css":"","site-sidebar-layout":"default","site-content-layout":"","ast-site-content-layout":"default","site-content-style":"default","site-sidebar-style":"default","ast-global-header-display":"","ast-banner-title-visibility":"","ast-main-header-display":"","ast-hfb-above-header-display":"","ast-hfb-below-header-display":"","ast-hfb-mobile-header-display":"","site-post-title":"","ast-breadcrumbs-content":"","ast-featured-img":"","footer-sml-layout":"","ast-disable-related-posts":"","theme-transparent-header-meta":"","adv-header-id-meta":"","stick-header-meta":"","header-above-stick-meta":"","header-main-stick-meta":"","header-below-stick-meta":"","astra-migrate-meta-layouts":"default","ast-page-background-enabled":"default","ast-page-background-meta":{"desktop":{"background-color":"var(--ast-global-color-5)","background-image":"","background-repeat":"repeat","background-position":"center center","background-size":"auto","background-attachment":"scroll","background-type":"","background-media":"","overlay-type":"","overlay-color":"","overlay-opacity":"","overlay-gradient":""},"tablet":{"background-color":"","background-image":"","background-repeat":"repeat","background-position":"center center","background-size":"auto","background-attachment":"scroll","background-type":"","background-media":"","overlay-type":"","overlay-color":"","overlay-opacity":"","overlay-gradient":""},"mobile":{"background-color":"","background-image":"","background-repeat":"repeat","background-position":"center center","background-size":"auto","background-attachment":"scroll","background-type":"","background-media":"","overlay-type":"","overlay-color":"","overlay-opacity":"","overlay-gradient":""}},"ast-content-background-meta":{"desktop":{"background-color":"var(--ast-global-color-4)","background-image":"","background-repeat":"repeat","background-position":"center center","background-size":"auto","background-attachment":"scroll","background-type":"","background-media":"","overlay-type":"","overlay-color":"","overlay-opacity":"","overlay-gradient":""},"tablet":{"background-color":"var(--ast-global-color-4)","background-image":"","background-repeat":"repeat","background-position":"center center","background-size":"auto","background-attachment":"scroll","background-type":"","background-media":"","overlay-type":"","overlay-color":"","overlay-opacity":"","overlay-gradient":""},"mobile":{"background-color":"var(--ast-global-color-4)","background-image":"","background-repeat":"repeat","background-position":"center center","background-size":"auto","background-attachment":"scroll","background-type":"","background-media":"","overlay-type":"","overlay-color":"","overlay-opacity":"","overlay-gradient":""}},"footnotes":""},"categories":[4],"tags":[],"class_list":["post-414","post","type-post","status-publish","format-standard","has-post-thumbnail","hentry","category-tips"],"yoast_head":"<!-- This site is optimized with the Yoast SEO plugin v27.4 - https:\/\/yoast.com\/product\/yoast-seo-wordpress\/ -->\n<title>Ta vara p\u00e5 solrosens fr\u00f6n | Interflora<\/title>\n<meta name=\"robots\" content=\"index, follow, max-snippet:-1, max-image-preview:large, max-video-preview:-1\" \/>\n<link rel=\"canonical\" href=\"https:\/\/www.interflora.se\/inspiration\/ta-vara-pa-solrosens-fron\/\" \/>\n<meta property=\"og:locale\" content=\"sv_SE\" \/>\n<meta property=\"og:type\" content=\"article\" \/>\n<meta property=\"og:title\" content=\"Ta vara p\u00e5 solrosens fr\u00f6n | Interflora\" \/>\n<meta property=\"og:description\" content=\"Det \u00e4r inte bara vi m\u00e4nniskor som blir glada av en stilig solros. Bin och humlor lockas ocks\u00e5. Och n\u00e4r [&hellip;]\" \/>\n<meta property=\"og:url\" content=\"https:\/\/www.interflora.se\/inspiration\/ta-vara-pa-solrosens-fron\/\" \/>\n<meta property=\"og:site_name\" content=\"Inspiration om blommor, krukv\u00e4xter &amp; trender | Interflora\" \/>\n<meta property=\"article:publisher\" content=\"https:\/\/www.facebook.com\/InterfloraAB\" \/>\n<meta property=\"article:published_time\" content=\"2024-05-28T11:59:05+00:00\" \/>\n<meta property=\"article:modified_time\" content=\"2025-03-20T08:18:25+00:00\" \/>\n<meta property=\"og:image\" content=\"https:\/\/www.interflora.se\/inspiration\/wp-content\/uploads\/2025\/03\/ta-vara-pa-solrosens-fron-startbild.jpg\" \/>\n\t<meta property=\"og:image:width\" content=\"1200\" \/>\n\t<meta property=\"og:image:height\" content=\"960\" \/>\n\t<meta property=\"og:image:type\" content=\"image\/jpeg\" \/>\n<meta name=\"author\" content=\"admin\" \/>\n<meta name=\"twitter:card\" content=\"summary_large_image\" \/>\n<meta name=\"twitter:label1\" content=\"Skriven av\" \/>\n\t<meta name=\"twitter:data1\" content=\"admin\" \/>\n\t<meta name=\"twitter:label2\" content=\"Ber\u00e4knad l\u00e4stid\" \/>\n\t<meta name=\"twitter:data2\" content=\"3 minuter\" \/>\n<script type=\"application\/ld+json\" class=\"yoast-schema-graph\">{\"@context\":\"https:\\\/\\\/schema.org\",\"@graph\":[{\"@type\":\"Article\",\"@id\":\"https:\\\/\\\/www.interflora.se\\\/inspiration\\\/ta-vara-pa-solrosens-fron\\\/#article\",\"isPartOf\":{\"@id\":\"https:\\\/\\\/www.interflora.se\\\/inspiration\\\/ta-vara-pa-solrosens-fron\\\/\"},\"author\":{\"name\":\"admin\",\"@id\":\"https:\\\/\\\/www.interflora.se\\\/inspiration\\\/#\\\/schema\\\/person\\\/dbbd1ad45e05409c356dc639597669f2\"},\"headline\":\"Ta vara p\u00e5 solrosens fr\u00f6n\",\"datePublished\":\"2024-05-28T11:59:05+00:00\",\"dateModified\":\"2025-03-20T08:18:25+00:00\",\"mainEntityOfPage\":{\"@id\":\"https:\\\/\\\/www.interflora.se\\\/inspiration\\\/ta-vara-pa-solrosens-fron\\\/\"},\"wordCount\":679,\"commentCount\":0,\"publisher\":{\"@id\":\"https:\\\/\\\/www.interflora.se\\\/inspiration\\\/#organization\"},\"image\":{\"@id\":\"https:\\\/\\\/www.interflora.se\\\/inspiration\\\/ta-vara-pa-solrosens-fron\\\/#primaryimage\"},\"thumbnailUrl\":\"https:\\\/\\\/www.interflora.se\\\/inspiration\\\/wp-content\\\/uploads\\\/2025\\\/03\\\/ta-vara-pa-solrosens-fron-startbild.jpg\",\"articleSection\":[\"Tips\"],\"inLanguage\":\"sv-SE\",\"potentialAction\":[{\"@type\":\"CommentAction\",\"name\":\"Comment\",\"target\":[\"https:\\\/\\\/www.interflora.se\\\/inspiration\\\/ta-vara-pa-solrosens-fron\\\/#respond\"]}]},{\"@type\":\"WebPage\",\"@id\":\"https:\\\/\\\/www.interflora.se\\\/inspiration\\\/ta-vara-pa-solrosens-fron\\\/\",\"url\":\"https:\\\/\\\/www.interflora.se\\\/inspiration\\\/ta-vara-pa-solrosens-fron\\\/\",\"name\":\"Ta vara p\u00e5 solrosens fr\u00f6n | Interflora\",\"isPartOf\":{\"@id\":\"https:\\\/\\\/www.interflora.se\\\/inspiration\\\/#website\"},\"primaryImageOfPage\":{\"@id\":\"https:\\\/\\\/www.interflora.se\\\/inspiration\\\/ta-vara-pa-solrosens-fron\\\/#primaryimage\"},\"image\":{\"@id\":\"https:\\\/\\\/www.interflora.se\\\/inspiration\\\/ta-vara-pa-solrosens-fron\\\/#primaryimage\"},\"thumbnailUrl\":\"https:\\\/\\\/www.interflora.se\\\/inspiration\\\/wp-content\\\/uploads\\\/2025\\\/03\\\/ta-vara-pa-solrosens-fron-startbild.jpg\",\"datePublished\":\"2024-05-28T11:59:05+00:00\",\"dateModified\":\"2025-03-20T08:18:25+00:00\",\"breadcrumb\":{\"@id\":\"https:\\\/\\\/www.interflora.se\\\/inspiration\\\/ta-vara-pa-solrosens-fron\\\/#breadcrumb\"},\"inLanguage\":\"sv-SE\",\"potentialAction\":[{\"@type\":\"ReadAction\",\"target\":[\"https:\\\/\\\/www.interflora.se\\\/inspiration\\\/ta-vara-pa-solrosens-fron\\\/\"]}]},{\"@type\":\"ImageObject\",\"inLanguage\":\"sv-SE\",\"@id\":\"https:\\\/\\\/www.interflora.se\\\/inspiration\\\/ta-vara-pa-solrosens-fron\\\/#primaryimage\",\"url\":\"https:\\\/\\\/www.interflora.se\\\/inspiration\\\/wp-content\\\/uploads\\\/2025\\\/03\\\/ta-vara-pa-solrosens-fron-startbild.jpg\",\"contentUrl\":\"https:\\\/\\\/www.interflora.se\\\/inspiration\\\/wp-content\\\/uploads\\\/2025\\\/03\\\/ta-vara-pa-solrosens-fron-startbild.jpg\",\"width\":1200,\"height\":960},{\"@type\":\"BreadcrumbList\",\"@id\":\"https:\\\/\\\/www.interflora.se\\\/inspiration\\\/ta-vara-pa-solrosens-fron\\\/#breadcrumb\",\"itemListElement\":[{\"@type\":\"ListItem\",\"position\":1,\"name\":\"Home\",\"item\":\"https:\\\/\\\/www.interflora.se\\\/inspiration\\\/\"},{\"@type\":\"ListItem\",\"position\":2,\"name\":\"Ta vara p\u00e5 solrosens fr\u00f6n\"}]},{\"@type\":\"WebSite\",\"@id\":\"https:\\\/\\\/www.interflora.se\\\/inspiration\\\/#website\",\"url\":\"https:\\\/\\\/www.interflora.se\\\/inspiration\\\/\",\"name\":\"Interflora\",\"description\":\"\",\"publisher\":{\"@id\":\"https:\\\/\\\/www.interflora.se\\\/inspiration\\\/#organization\"},\"potentialAction\":[{\"@type\":\"SearchAction\",\"target\":{\"@type\":\"EntryPoint\",\"urlTemplate\":\"https:\\\/\\\/www.interflora.se\\\/inspiration\\\/?s={search_term_string}\"},\"query-input\":{\"@type\":\"PropertyValueSpecification\",\"valueRequired\":true,\"valueName\":\"search_term_string\"}}],\"inLanguage\":\"sv-SE\"},{\"@type\":\"Organization\",\"@id\":\"https:\\\/\\\/www.interflora.se\\\/inspiration\\\/#organization\",\"name\":\"Interflora\",\"url\":\"https:\\\/\\\/www.interflora.se\\\/inspiration\\\/\",\"logo\":{\"@type\":\"ImageObject\",\"inLanguage\":\"sv-SE\",\"@id\":\"https:\\\/\\\/www.interflora.se\\\/inspiration\\\/#\\\/schema\\\/logo\\\/image\\\/\",\"url\":\"https:\\\/\\\/www.interflora.se\\\/inspiration\\\/wp-content\\\/uploads\\\/2025\\\/09\\\/cropped-220422_INTERFLORA_Logo_rgb_Half_Top_Circle_Main_Color.avif\",\"contentUrl\":\"https:\\\/\\\/www.interflora.se\\\/inspiration\\\/wp-content\\\/uploads\\\/2025\\\/09\\\/cropped-220422_INTERFLORA_Logo_rgb_Half_Top_Circle_Main_Color.avif\",\"width\":1418,\"height\":662,\"caption\":\"Interflora\"},\"image\":{\"@id\":\"https:\\\/\\\/www.interflora.se\\\/inspiration\\\/#\\\/schema\\\/logo\\\/image\\\/\"},\"sameAs\":[\"https:\\\/\\\/www.facebook.com\\\/InterfloraAB\",\"https:\\\/\\\/www.instagram.com\\\/interflora_ab\\\/\",\"https:\\\/\\\/www.linkedin.com\\\/company\\\/1494362\",\"https:\\\/\\\/www.youtube.com\\\/channel\\\/UCZgDzGWB2VRxaoWFUmXnk1w\"]},{\"@type\":\"Person\",\"@id\":\"https:\\\/\\\/www.interflora.se\\\/inspiration\\\/#\\\/schema\\\/person\\\/dbbd1ad45e05409c356dc639597669f2\",\"name\":\"admin\",\"image\":{\"@type\":\"ImageObject\",\"inLanguage\":\"sv-SE\",\"@id\":\"https:\\\/\\\/www.interflora.se\\\/inspiration\\\/wp-content\\\/litespeed\\\/avatar\\\/1fe3cced9e67df62d0a6f995d75823a5.jpg?ver=1777362393\",\"url\":\"https:\\\/\\\/www.interflora.se\\\/inspiration\\\/wp-content\\\/litespeed\\\/avatar\\\/1fe3cced9e67df62d0a6f995d75823a5.jpg?ver=1777362393\",\"contentUrl\":\"https:\\\/\\\/www.interflora.se\\\/inspiration\\\/wp-content\\\/litespeed\\\/avatar\\\/1fe3cced9e67df62d0a6f995d75823a5.jpg?ver=1777362393\",\"caption\":\"admin\"},\"sameAs\":[\"https:\\\/\\\/www.interflora.se\\\/inspiration\"],\"url\":\"https:\\\/\\\/www.interflora.se\\\/inspiration\\\/author\\\/admin\\\/\"}]}<\/script>\n<!-- \/ Yoast SEO plugin. -->","yoast_head_json":{"title":"Ta vara p\u00e5 solrosens fr\u00f6n | Interflora","robots":{"index":"index","follow":"follow","max-snippet":"max-snippet:-1","max-image-preview":"max-image-preview:large","max-video-preview":"max-video-preview:-1"},"canonical":"https:\/\/www.interflora.se\/inspiration\/ta-vara-pa-solrosens-fron\/","og_locale":"sv_SE","og_type":"article","og_title":"Ta vara p\u00e5 solrosens fr\u00f6n | Interflora","og_description":"Det \u00e4r inte bara vi m\u00e4nniskor som blir glada av en stilig solros. Bin och humlor lockas ocks\u00e5. Och n\u00e4r [&hellip;]","og_url":"https:\/\/www.interflora.se\/inspiration\/ta-vara-pa-solrosens-fron\/","og_site_name":"Inspiration om blommor, krukv\u00e4xter &amp; trender | Interflora","article_publisher":"https:\/\/www.facebook.com\/InterfloraAB","article_published_time":"2024-05-28T11:59:05+00:00","article_modified_time":"2025-03-20T08:18:25+00:00","og_image":[{"width":1200,"height":960,"url":"https:\/\/www.interflora.se\/inspiration\/wp-content\/uploads\/2025\/03\/ta-vara-pa-solrosens-fron-startbild.jpg","type":"image\/jpeg"}],"author":"admin","twitter_card":"summary_large_image","twitter_misc":{"Skriven av":"admin","Ber\u00e4knad l\u00e4stid":"3 minuter"},"schema":{"@context":"https:\/\/schema.org","@graph":[{"@type":"Article","@id":"https:\/\/www.interflora.se\/inspiration\/ta-vara-pa-solrosens-fron\/#article","isPartOf":{"@id":"https:\/\/www.interflora.se\/inspiration\/ta-vara-pa-solrosens-fron\/"},"author":{"name":"admin","@id":"https:\/\/www.interflora.se\/inspiration\/#\/schema\/person\/dbbd1ad45e05409c356dc639597669f2"},"headline":"Ta vara p\u00e5 solrosens fr\u00f6n","datePublished":"2024-05-28T11:59:05+00:00","dateModified":"2025-03-20T08:18:25+00:00","mainEntityOfPage":{"@id":"https:\/\/www.interflora.se\/inspiration\/ta-vara-pa-solrosens-fron\/"},"wordCount":679,"commentCount":0,"publisher":{"@id":"https:\/\/www.interflora.se\/inspiration\/#organization"},"image":{"@id":"https:\/\/www.interflora.se\/inspiration\/ta-vara-pa-solrosens-fron\/#primaryimage"},"thumbnailUrl":"https:\/\/www.interflora.se\/inspiration\/wp-content\/uploads\/2025\/03\/ta-vara-pa-solrosens-fron-startbild.jpg","articleSection":["Tips"],"inLanguage":"sv-SE","potentialAction":[{"@type":"CommentAction","name":"Comment","target":["https:\/\/www.interflora.se\/inspiration\/ta-vara-pa-solrosens-fron\/#respond"]}]},{"@type":"WebPage","@id":"https:\/\/www.interflora.se\/inspiration\/ta-vara-pa-solrosens-fron\/","url":"https:\/\/www.interflora.se\/inspiration\/ta-vara-pa-solrosens-fron\/","name":"Ta vara p\u00e5 solrosens fr\u00f6n | Interflora","isPartOf":{"@id":"https:\/\/www.interflora.se\/inspiration\/#website"},"primaryImageOfPage":{"@id":"https:\/\/www.interflora.se\/inspiration\/ta-vara-pa-solrosens-fron\/#primaryimage"},"image":{"@id":"https:\/\/www.interflora.se\/inspiration\/ta-vara-pa-solrosens-fron\/#primaryimage"},"thumbnailUrl":"https:\/\/www.interflora.se\/inspiration\/wp-content\/uploads\/2025\/03\/ta-vara-pa-solrosens-fron-startbild.jpg","datePublished":"2024-05-28T11:59:05+00:00","dateModified":"2025-03-20T08:18:25+00:00","breadcrumb":{"@id":"https:\/\/www.interflora.se\/inspiration\/ta-vara-pa-solrosens-fron\/#breadcrumb"},"inLanguage":"sv-SE","potentialAction":[{"@type":"ReadAction","target":["https:\/\/www.interflora.se\/inspiration\/ta-vara-pa-solrosens-fron\/"]}]},{"@type":"ImageObject","inLanguage":"sv-SE","@id":"https:\/\/www.interflora.se\/inspiration\/ta-vara-pa-solrosens-fron\/#primaryimage","url":"https:\/\/www.interflora.se\/inspiration\/wp-content\/uploads\/2025\/03\/ta-vara-pa-solrosens-fron-startbild.jpg","contentUrl":"https:\/\/www.interflora.se\/inspiration\/wp-content\/uploads\/2025\/03\/ta-vara-pa-solrosens-fron-startbild.jpg","width":1200,"height":960},{"@type":"BreadcrumbList","@id":"https:\/\/www.interflora.se\/inspiration\/ta-vara-pa-solrosens-fron\/#breadcrumb","itemListElement":[{"@type":"ListItem","position":1,"name":"Home","item":"https:\/\/www.interflora.se\/inspiration\/"},{"@type":"ListItem","position":2,"name":"Ta vara p\u00e5 solrosens fr\u00f6n"}]},{"@type":"WebSite","@id":"https:\/\/www.interflora.se\/inspiration\/#website","url":"https:\/\/www.interflora.se\/inspiration\/","name":"Interflora","description":"","publisher":{"@id":"https:\/\/www.interflora.se\/inspiration\/#organization"},"potentialAction":[{"@type":"SearchAction","target":{"@type":"EntryPoint","urlTemplate":"https:\/\/www.interflora.se\/inspiration\/?s={search_term_string}"},"query-input":{"@type":"PropertyValueSpecification","valueRequired":true,"valueName":"search_term_string"}}],"inLanguage":"sv-SE"},{"@type":"Organization","@id":"https:\/\/www.interflora.se\/inspiration\/#organization","name":"Interflora","url":"https:\/\/www.interflora.se\/inspiration\/","logo":{"@type":"ImageObject","inLanguage":"sv-SE","@id":"https:\/\/www.interflora.se\/inspiration\/#\/schema\/logo\/image\/","url":"https:\/\/www.interflora.se\/inspiration\/wp-content\/uploads\/2025\/09\/cropped-220422_INTERFLORA_Logo_rgb_Half_Top_Circle_Main_Color.avif","contentUrl":"https:\/\/www.interflora.se\/inspiration\/wp-content\/uploads\/2025\/09\/cropped-220422_INTERFLORA_Logo_rgb_Half_Top_Circle_Main_Color.avif","width":1418,"height":662,"caption":"Interflora"},"image":{"@id":"https:\/\/www.interflora.se\/inspiration\/#\/schema\/logo\/image\/"},"sameAs":["https:\/\/www.facebook.com\/InterfloraAB","https:\/\/www.instagram.com\/interflora_ab\/","https:\/\/www.linkedin.com\/company\/1494362","https:\/\/www.youtube.com\/channel\/UCZgDzGWB2VRxaoWFUmXnk1w"]},{"@type":"Person","@id":"https:\/\/www.interflora.se\/inspiration\/#\/schema\/person\/dbbd1ad45e05409c356dc639597669f2","name":"admin","image":{"@type":"ImageObject","inLanguage":"sv-SE","@id":"https:\/\/www.interflora.se\/inspiration\/wp-content\/litespeed\/avatar\/1fe3cced9e67df62d0a6f995d75823a5.jpg?ver=1777362393","url":"https:\/\/www.interflora.se\/inspiration\/wp-content\/litespeed\/avatar\/1fe3cced9e67df62d0a6f995d75823a5.jpg?ver=1777362393","contentUrl":"https:\/\/www.interflora.se\/inspiration\/wp-content\/litespeed\/avatar\/1fe3cced9e67df62d0a6f995d75823a5.jpg?ver=1777362393","caption":"admin"},"sameAs":["https:\/\/www.interflora.se\/inspiration"],"url":"https:\/\/www.interflora.se\/inspiration\/author\/admin\/"}]}},"uagb_featured_image_src":{"full":["https:\/\/www.interflora.se\/inspiration\/wp-content\/uploads\/2025\/03\/ta-vara-pa-solrosens-fron-startbild.jpg",1200,960,false],"thumbnail":["https:\/\/www.interflora.se\/inspiration\/wp-content\/uploads\/2025\/03\/ta-vara-pa-solrosens-fron-startbild-150x150.jpg",150,150,true],"medium":["https:\/\/www.interflora.se\/inspiration\/wp-content\/uploads\/2025\/03\/ta-vara-pa-solrosens-fron-startbild-300x240.jpg",300,240,true],"medium_large":["https:\/\/www.interflora.se\/inspiration\/wp-content\/uploads\/2025\/03\/ta-vara-pa-solrosens-fron-startbild-768x614.jpg",768,614,true],"large":["https:\/\/www.interflora.se\/inspiration\/wp-content\/uploads\/2025\/03\/ta-vara-pa-solrosens-fron-startbild-1024x819.jpg",1024,819,true],"1536x1536":["https:\/\/www.interflora.se\/inspiration\/wp-content\/uploads\/2025\/03\/ta-vara-pa-solrosens-fron-startbild.jpg",1200,960,false],"2048x2048":["https:\/\/www.interflora.se\/inspiration\/wp-content\/uploads\/2025\/03\/ta-vara-pa-solrosens-fron-startbild.jpg",1200,960,false]},"uagb_author_info":{"display_name":"admin","author_link":"https:\/\/www.interflora.se\/inspiration\/author\/admin\/"},"uagb_comment_info":0,"uagb_excerpt":"Det \u00e4r inte bara vi m\u00e4nniskor som blir glada av en stilig solros. Bin och humlor lockas ocks\u00e5. Och n\u00e4r [&hellip;]","_links":{"self":[{"href":"https:\/\/www.interflora.se\/inspiration\/wp-json\/wp\/v2\/posts\/414","targetHints":{"allow":["GET"]}}],"collection":[{"href":"https:\/\/www.interflora.se\/inspiration\/wp-json\/wp\/v2\/posts"}],"about":[{"href":"https:\/\/www.interflora.se\/inspiration\/wp-json\/wp\/v2\/types\/post"}],"author":[{"embeddable":true,"href":"https:\/\/www.interflora.se\/inspiration\/wp-json\/wp\/v2\/users\/1"}],"replies":[{"embeddable":true,"href":"https:\/\/www.interflora.se\/inspiration\/wp-json\/wp\/v2\/comments?post=414"}],"version-history":[{"count":1,"href":"https:\/\/www.interflora.se\/inspiration\/wp-json\/wp\/v2\/posts\/414\/revisions"}],"predecessor-version":[{"id":682,"href":"https:\/\/www.interflora.se\/inspiration\/wp-json\/wp\/v2\/posts\/414\/revisions\/682"}],"wp:featuredmedia":[{"embeddable":true,"href":"https:\/\/www.interflora.se\/inspiration\/wp-json\/wp\/v2\/media\/674"}],"wp:attachment":[{"href":"https:\/\/www.interflora.se\/inspiration\/wp-json\/wp\/v2\/media?parent=414"}],"wp:term":[{"taxonomy":"category","embeddable":true,"href":"https:\/\/www.interflora.se\/inspiration\/wp-json\/wp\/v2\/categories?post=414"},{"taxonomy":"post_tag","embeddable":true,"href":"https:\/\/www.interflora.se\/inspiration\/wp-json\/wp\/v2\/tags?post=414"}],"curies":[{"name":"wp","href":"https:\/\/api.w.org\/{rel}","templated":true}]}}