{"id":400,"date":"2024-05-24T00:23:10","date_gmt":"2024-05-23T22:23:10","guid":{"rendered":"http:\/\/preprodblog.interflora.se\/blog\/?p=400"},"modified":"2025-03-20T16:44:03","modified_gmt":"2025-03-20T15:44:03","slug":"skotselrad-krukvaxter","status":"publish","type":"post","link":"https:\/\/www.interflora.se\/inspiration\/skotselrad-krukvaxter\/","title":{"rendered":"Sk\u00f6tselr\u00e5d krukv\u00e4xter"},"content":{"rendered":"\n<p>Finns det n\u00e5got h\u00e4rligare \u00e4n krispiga och fr\u00e4scha krukv\u00e4xter? Faktum \u00e4r att det inte kr\u00e4vs n\u00e5gra gr\u00f6na fingrar f\u00f6r att h\u00e5lla v\u00e4xterna vid liv. H\u00e4r f\u00e5r du tips p\u00e5 vad du ska t\u00e4nka p\u00e5 f\u00f6r att f\u00e5 dina v\u00e4xter att v\u00e4xa och m\u00e5 bra.<\/p>\n\n\n\n<figure class=\"wp-block-image\"><img decoding=\"async\" src=\"https:\/\/www.interflora.se\/inspiration\/wp-content\/uploads\/2025\/03\/skotselrad-krukvaxter-2023.jpg\" alt=\"Sk\u00f6tselr\u00e5d-Krukv\u00e4xter-2023.jpg\"\/><\/figure>\n\n\n\n<h2 class=\"wp-block-heading\">Ge krukv\u00e4xterna k\u00e4rlek<\/h2>\n\n\n\n<p>V\u00e4xter \u00e4r levande och b\u00f6r sk\u00f6tas med k\u00e4rlek och omsorg f\u00f6r att m\u00e5 bra. Det viktigaste att t\u00e4nka p\u00e5 n\u00e4r du f\u00e5r hem din nya v\u00e4xt \u00e4r att den f\u00e5r en passande plats med lagom mycket ljus f\u00f6r just den sorten.<\/p>\n\n\n\n<figure class=\"wp-block-image\"><img decoding=\"async\" src=\"https:\/\/www.interflora.se\/inspiration\/wp-content\/uploads\/2025\/03\/ficus-umbellata-narbild-miljo.jpg\" alt=\"Ficus-umbellata-N\u00e4rbild-Milj\u00f6.jpg\"\/><\/figure>\n\n\n\n<h2 class=\"wp-block-heading\">Ge krukv\u00e4xter vatten<\/h2>\n\n\n\n<p>Vatten \u00e4r ocks\u00e5 n\u00f6dv\u00e4ndigt f\u00f6r v\u00e4xtens \u00f6verlevnad. M\u00e5nga v\u00e4xter klarar att torka ut n\u00e5gon g\u00e5ng, men d\u00e4remot \u00e4r det n\u00e4stan ingen som klarar av att st\u00e5 med vatten i ytterkrukan. K\u00e4nn efter hur torr jorden \u00e4r innan du vattnar och vattna aldrig om jorden \u00e4r fuktig. Om du har torr inomhusluft, eller om du har v\u00e4xterna \u00f6ver v\u00e4rmeelement, \u00e4r det bra att duscha dem.<\/p>\n\n\n\n<figure class=\"wp-block-image aligncenter\"><img decoding=\"async\" src=\"https:\/\/www.interflora.se\/inspiration\/wp-content\/uploads\/2025\/03\/blomfakta_skotselrad_krukvaxter_1.jpg\" alt=\"Blomfakta_Sk\u00f6tselr\u00e5d_Krukv\u00e4xter_1.jpg\"\/><\/figure>\n\n\n\n<h2 class=\"wp-block-heading\">Ge krukv\u00e4xter v\u00e4xtn\u00e4ring<\/h2>\n\n\n\n<p>F\u00f6rutom vatten beh\u00f6ver dina blommor v\u00e4xtn\u00e4ring. H\u00e4ll en svag dos v\u00e4xtn\u00e4ring i vattnet varje g\u00e5ng du vattnar under hela v\u00e4xtperioden som f\u00f6r de flesta blommande krukv\u00e4xter infaller fr\u00e5n v\u00e5r till h\u00f6st.&nbsp;<\/p>\n\n\n\n<h2 class=\"wp-block-heading\"><img decoding=\"async\" src=\"https:\/\/www.interflora.se\/inspiration\/wp-content\/uploads\/2025\/03\/monstera-narbild-miljo.jpg\" alt=\"Monstera-N\u00e4rbild-Milj\u00f6.jpg\" width=\"100%\" height=\"auto\"><br><br>Ge krukv\u00e4xter jord<\/h2>\n\n\n\n<p>V\u00e4xter som du har i flera \u00e5r beh\u00f6ver ny jord och en st\u00f6rre kruka efter en tid. Oftast g\u00e5r det bra med vanlig planteringsjord. Om du tar bort vissna blommor och blad direkt s\u00e5 trivs v\u00e4xterna b\u00e4ttre.<\/p>\n\n\n\n<h3 class=\"wp-block-heading\"><img decoding=\"async\" src=\"https:\/\/www.interflora.se\/inspiration\/wp-content\/uploads\/2025\/03\/skotselrad-krukvaxter-jord.jpg\" alt=\"Sk\u00f6tselr\u00e5d-Krukv\u00e4xter-Jord.jpg\" width=\"100%\" height=\"auto\"><br><br>L\u00e4r dig mer om olika krukv\u00e4xter:<\/h3>\n\n\n\n<ul class=\"wp-block-list\">\n<li>L\u00e4s mer om\u00a0<a href=\"https:\/\/www.interflora.se\/inspiration\/blomfakta-och-skotselrad\/alocasia\/\">Alocasia<\/a><\/li>\n\n\n\n<li>L\u00e4s mer om\u00a0<a href=\"https:\/\/www.interflora.se\/inspiration\/blomfakta-och-skotselrad\/aloe-vera\/\">Aloe vera<\/a><\/li>\n\n\n\n<li>L\u00e4s mer om\u00a0<a href=\"https:\/\/www.interflora.se\/inspiration\/blomfakta-och-skotselrad\/blomfakta-bladkaktus\/\">Bladkaktus<\/a><\/li>\n\n\n\n<li>L\u00e4s mer om\u00a0<a href=\"https:\/\/www.interflora.se\/inspiration\/blomfakta-och-skotselrad\/blomfakta-citrustrad\/\">Citrustr\u00e4d<\/a><\/li>\n\n\n\n<li>L\u00e4s mer om\u00a0<a href=\"https:\/\/www.interflora.se\/inspiration\/blomfakta-och-skotselrad\/blomfakta-elefantora\/\">Elefant\u00f6ra<\/a><\/li>\n\n\n\n<li>L\u00e4s mer om\u00a0<a href=\"https:\/\/www.interflora.se\/inspiration\/blomfakta-och-skotselrad\/euphorbia-ingens\/\">Euphorbia<\/a><\/li>\n\n\n\n<li>L\u00e4s mer om\u00a0<a href=\"https:\/\/www.interflora.se\/inspiration\/blomfakta-och-skotselrad\/fiolfikus\/\">Fiolfikus<\/a><\/li>\n\n\n\n<li>L\u00e4s mer om\u00a0<a href=\"https:\/\/www.interflora.se\/inspiration\/blomfakta-och-skotselrad\/blomfakta-guzmania\/\">Guzmania<\/a><\/li>\n\n\n\n<li>L\u00e4s mer om\u00a0<a href=\"https:\/\/www.interflora.se\/inspiration\/blomfakta-och-skotselrad\/heteropanax-chinensis\/\">Heteropanax chinensis<\/a><\/li>\n\n\n\n<li>L\u00e4s mer om\u00a0<a href=\"https:\/\/www.interflora.se\/inspiration\/blomfakta-och-skotselrad\/blomfakta-hortensia\/\">Hortensia<\/a><\/li>\n\n\n\n<li>L\u00e4s mer om\u00a0<a href=\"https:\/\/www.interflora.se\/inspiration\/blomfakta-och-skotselrad\/blomfakta-kamelharskalanchoe\/\">Kamelh\u00e5rskalanchoe<\/a><\/li>\n\n\n\n<li>L\u00e4s mer om\u00a0<a href=\"https:\/\/www.interflora.se\/inspiration\/blomfakta-och-skotselrad\/monstera\/\">Monstera<\/a><\/li>\n\n\n\n<li>L\u00e4s mer om\u00a0<a href=\"https:\/\/www.interflora.se\/inspiration\/blomfakta-och-skotselrad\/nataralia-fabian\/\">N\u00e4taralia Fabian<\/a><\/li>\n\n\n\n<li>L\u00e4s mer om\u00a0<a href=\"https:\/\/www.interflora.se\/inspiration\/blomfakta-och-skotselrad\/blomfakta-olivtrad\/\">Olivtr\u00e4d<\/a><\/li>\n\n\n\n<li>L\u00e4s mer om\u00a0<a href=\"https:\/\/www.interflora.se\/inspiration\/blomfakta-och-skotselrad\/blomfakta-orkide\/\">Orkid\u00e9er<\/a><\/li>\n\n\n\n<li>L\u00e4s mer om\u00a0<a href=\"https:\/\/www.interflora.se\/inspiration\/blomfakta-och-skotselrad\/blomfakta-pelargon\/\">Pelargon<\/a><\/li>\n<\/ul>\n\n\n\n<p><\/p>\n","protected":false},"excerpt":{"rendered":"<p>Finns det n\u00e5got h\u00e4rligare \u00e4n krispiga och fr\u00e4scha krukv\u00e4xter? Faktum \u00e4r att det inte kr\u00e4vs n\u00e5gra gr\u00f6na fingrar f\u00f6r att [&hellip;]<\/p>\n","protected":false},"author":1,"featured_media":1053,"comment_status":"open","ping_status":"open","sticky":false,"template":"","format":"standard","meta":{"_uag_custom_page_level_css":"","site-sidebar-layout":"default","site-content-layout":"","ast-site-content-layout":"default","site-content-style":"default","site-sidebar-style":"default","ast-global-header-display":"","ast-banner-title-visibility":"","ast-main-header-display":"","ast-hfb-above-header-display":"","ast-hfb-below-header-display":"","ast-hfb-mobile-header-display":"","site-post-title":"","ast-breadcrumbs-content":"","ast-featured-img":"","footer-sml-layout":"","ast-disable-related-posts":"","theme-transparent-header-meta":"","adv-header-id-meta":"","stick-header-meta":"","header-above-stick-meta":"","header-main-stick-meta":"","header-below-stick-meta":"","astra-migrate-meta-layouts":"default","ast-page-background-enabled":"default","ast-page-background-meta":{"desktop":{"background-color":"var(--ast-global-color-5)","background-image":"","background-repeat":"repeat","background-position":"center center","background-size":"auto","background-attachment":"scroll","background-type":"","background-media":"","overlay-type":"","overlay-color":"","overlay-opacity":"","overlay-gradient":""},"tablet":{"background-color":"","background-image":"","background-repeat":"repeat","background-position":"center center","background-size":"auto","background-attachment":"scroll","background-type":"","background-media":"","overlay-type":"","overlay-color":"","overlay-opacity":"","overlay-gradient":""},"mobile":{"background-color":"","background-image":"","background-repeat":"repeat","background-position":"center center","background-size":"auto","background-attachment":"scroll","background-type":"","background-media":"","overlay-type":"","overlay-color":"","overlay-opacity":"","overlay-gradient":""}},"ast-content-background-meta":{"desktop":{"background-color":"var(--ast-global-color-4)","background-image":"","background-repeat":"repeat","background-position":"center center","background-size":"auto","background-attachment":"scroll","background-type":"","background-media":"","overlay-type":"","overlay-color":"","overlay-opacity":"","overlay-gradient":""},"tablet":{"background-color":"var(--ast-global-color-4)","background-image":"","background-repeat":"repeat","background-position":"center center","background-size":"auto","background-attachment":"scroll","background-type":"","background-media":"","overlay-type":"","overlay-color":"","overlay-opacity":"","overlay-gradient":""},"mobile":{"background-color":"var(--ast-global-color-4)","background-image":"","background-repeat":"repeat","background-position":"center center","background-size":"auto","background-attachment":"scroll","background-type":"","background-media":"","overlay-type":"","overlay-color":"","overlay-opacity":"","overlay-gradient":""}},"footnotes":""},"categories":[7],"tags":[],"class_list":["post-400","post","type-post","status-publish","format-standard","has-post-thumbnail","hentry","category-blomfakta-skotselrad"],"yoast_head":"<!-- This site is optimized with the Yoast SEO plugin v27.4 - https:\/\/yoast.com\/product\/yoast-seo-wordpress\/ -->\n<title>Sk\u00f6tselr\u00e5d krukv\u00e4xter | Interflora<\/title>\n<meta name=\"robots\" content=\"index, follow, max-snippet:-1, max-image-preview:large, max-video-preview:-1\" \/>\n<link rel=\"canonical\" href=\"https:\/\/www.interflora.se\/inspiration\/skotselrad-krukvaxter\/\" \/>\n<meta property=\"og:locale\" content=\"sv_SE\" \/>\n<meta property=\"og:type\" content=\"article\" \/>\n<meta property=\"og:title\" content=\"Sk\u00f6tselr\u00e5d krukv\u00e4xter | Interflora\" \/>\n<meta property=\"og:description\" content=\"Finns det n\u00e5got h\u00e4rligare \u00e4n krispiga och fr\u00e4scha krukv\u00e4xter? Faktum \u00e4r att det inte kr\u00e4vs n\u00e5gra gr\u00f6na fingrar f\u00f6r att [&hellip;]\" \/>\n<meta property=\"og:url\" content=\"https:\/\/www.interflora.se\/inspiration\/skotselrad-krukvaxter\/\" \/>\n<meta property=\"og:site_name\" content=\"Inspiration om blommor, krukv\u00e4xter &amp; trender | Interflora\" \/>\n<meta property=\"article:publisher\" content=\"https:\/\/www.facebook.com\/InterfloraAB\" \/>\n<meta property=\"article:published_time\" content=\"2024-05-23T22:23:10+00:00\" \/>\n<meta property=\"article:modified_time\" content=\"2025-03-20T15:44:03+00:00\" \/>\n<meta property=\"og:image\" content=\"https:\/\/www.interflora.se\/inspiration\/wp-content\/uploads\/2025\/03\/monstera-narbild-miljo.jpg\" \/>\n\t<meta property=\"og:image:width\" content=\"1500\" \/>\n\t<meta property=\"og:image:height\" content=\"2250\" \/>\n\t<meta property=\"og:image:type\" content=\"image\/jpeg\" \/>\n<meta name=\"author\" content=\"admin\" \/>\n<meta name=\"twitter:card\" content=\"summary_large_image\" \/>\n<meta name=\"twitter:label1\" content=\"Skriven av\" \/>\n\t<meta name=\"twitter:data1\" content=\"admin\" \/>\n\t<meta name=\"twitter:label2\" content=\"Ber\u00e4knad l\u00e4stid\" \/>\n\t<meta name=\"twitter:data2\" content=\"2 minuter\" \/>\n<script type=\"application\/ld+json\" class=\"yoast-schema-graph\">{\"@context\":\"https:\\\/\\\/schema.org\",\"@graph\":[{\"@type\":\"Article\",\"@id\":\"https:\\\/\\\/www.interflora.se\\\/inspiration\\\/skotselrad-krukvaxter\\\/#article\",\"isPartOf\":{\"@id\":\"https:\\\/\\\/www.interflora.se\\\/inspiration\\\/skotselrad-krukvaxter\\\/\"},\"author\":{\"name\":\"admin\",\"@id\":\"https:\\\/\\\/www.interflora.se\\\/inspiration\\\/#\\\/schema\\\/person\\\/dbbd1ad45e05409c356dc639597669f2\"},\"headline\":\"Sk\u00f6tselr\u00e5d krukv\u00e4xter\",\"datePublished\":\"2024-05-23T22:23:10+00:00\",\"dateModified\":\"2025-03-20T15:44:03+00:00\",\"mainEntityOfPage\":{\"@id\":\"https:\\\/\\\/www.interflora.se\\\/inspiration\\\/skotselrad-krukvaxter\\\/\"},\"wordCount\":399,\"commentCount\":0,\"publisher\":{\"@id\":\"https:\\\/\\\/www.interflora.se\\\/inspiration\\\/#organization\"},\"image\":{\"@id\":\"https:\\\/\\\/www.interflora.se\\\/inspiration\\\/skotselrad-krukvaxter\\\/#primaryimage\"},\"thumbnailUrl\":\"https:\\\/\\\/www.interflora.se\\\/inspiration\\\/wp-content\\\/uploads\\\/2025\\\/03\\\/monstera-narbild-miljo.jpg\",\"articleSection\":[\"Blomfakta &amp; sk\u00f6tselr\u00e5d\"],\"inLanguage\":\"sv-SE\",\"potentialAction\":[{\"@type\":\"CommentAction\",\"name\":\"Comment\",\"target\":[\"https:\\\/\\\/www.interflora.se\\\/inspiration\\\/skotselrad-krukvaxter\\\/#respond\"]}]},{\"@type\":\"WebPage\",\"@id\":\"https:\\\/\\\/www.interflora.se\\\/inspiration\\\/skotselrad-krukvaxter\\\/\",\"url\":\"https:\\\/\\\/www.interflora.se\\\/inspiration\\\/skotselrad-krukvaxter\\\/\",\"name\":\"Sk\u00f6tselr\u00e5d krukv\u00e4xter | Interflora\",\"isPartOf\":{\"@id\":\"https:\\\/\\\/www.interflora.se\\\/inspiration\\\/#website\"},\"primaryImageOfPage\":{\"@id\":\"https:\\\/\\\/www.interflora.se\\\/inspiration\\\/skotselrad-krukvaxter\\\/#primaryimage\"},\"image\":{\"@id\":\"https:\\\/\\\/www.interflora.se\\\/inspiration\\\/skotselrad-krukvaxter\\\/#primaryimage\"},\"thumbnailUrl\":\"https:\\\/\\\/www.interflora.se\\\/inspiration\\\/wp-content\\\/uploads\\\/2025\\\/03\\\/monstera-narbild-miljo.jpg\",\"datePublished\":\"2024-05-23T22:23:10+00:00\",\"dateModified\":\"2025-03-20T15:44:03+00:00\",\"breadcrumb\":{\"@id\":\"https:\\\/\\\/www.interflora.se\\\/inspiration\\\/skotselrad-krukvaxter\\\/#breadcrumb\"},\"inLanguage\":\"sv-SE\",\"potentialAction\":[{\"@type\":\"ReadAction\",\"target\":[\"https:\\\/\\\/www.interflora.se\\\/inspiration\\\/skotselrad-krukvaxter\\\/\"]}]},{\"@type\":\"ImageObject\",\"inLanguage\":\"sv-SE\",\"@id\":\"https:\\\/\\\/www.interflora.se\\\/inspiration\\\/skotselrad-krukvaxter\\\/#primaryimage\",\"url\":\"https:\\\/\\\/www.interflora.se\\\/inspiration\\\/wp-content\\\/uploads\\\/2025\\\/03\\\/monstera-narbild-miljo.jpg\",\"contentUrl\":\"https:\\\/\\\/www.interflora.se\\\/inspiration\\\/wp-content\\\/uploads\\\/2025\\\/03\\\/monstera-narbild-miljo.jpg\",\"width\":1500,\"height\":2250},{\"@type\":\"BreadcrumbList\",\"@id\":\"https:\\\/\\\/www.interflora.se\\\/inspiration\\\/skotselrad-krukvaxter\\\/#breadcrumb\",\"itemListElement\":[{\"@type\":\"ListItem\",\"position\":1,\"name\":\"Home\",\"item\":\"https:\\\/\\\/www.interflora.se\\\/inspiration\\\/\"},{\"@type\":\"ListItem\",\"position\":2,\"name\":\"Sk\u00f6tselr\u00e5d krukv\u00e4xter\"}]},{\"@type\":\"WebSite\",\"@id\":\"https:\\\/\\\/www.interflora.se\\\/inspiration\\\/#website\",\"url\":\"https:\\\/\\\/www.interflora.se\\\/inspiration\\\/\",\"name\":\"Interflora\",\"description\":\"\",\"publisher\":{\"@id\":\"https:\\\/\\\/www.interflora.se\\\/inspiration\\\/#organization\"},\"potentialAction\":[{\"@type\":\"SearchAction\",\"target\":{\"@type\":\"EntryPoint\",\"urlTemplate\":\"https:\\\/\\\/www.interflora.se\\\/inspiration\\\/?s={search_term_string}\"},\"query-input\":{\"@type\":\"PropertyValueSpecification\",\"valueRequired\":true,\"valueName\":\"search_term_string\"}}],\"inLanguage\":\"sv-SE\"},{\"@type\":\"Organization\",\"@id\":\"https:\\\/\\\/www.interflora.se\\\/inspiration\\\/#organization\",\"name\":\"Interflora\",\"url\":\"https:\\\/\\\/www.interflora.se\\\/inspiration\\\/\",\"logo\":{\"@type\":\"ImageObject\",\"inLanguage\":\"sv-SE\",\"@id\":\"https:\\\/\\\/www.interflora.se\\\/inspiration\\\/#\\\/schema\\\/logo\\\/image\\\/\",\"url\":\"https:\\\/\\\/www.interflora.se\\\/inspiration\\\/wp-content\\\/uploads\\\/2025\\\/09\\\/cropped-220422_INTERFLORA_Logo_rgb_Half_Top_Circle_Main_Color.avif\",\"contentUrl\":\"https:\\\/\\\/www.interflora.se\\\/inspiration\\\/wp-content\\\/uploads\\\/2025\\\/09\\\/cropped-220422_INTERFLORA_Logo_rgb_Half_Top_Circle_Main_Color.avif\",\"width\":1418,\"height\":662,\"caption\":\"Interflora\"},\"image\":{\"@id\":\"https:\\\/\\\/www.interflora.se\\\/inspiration\\\/#\\\/schema\\\/logo\\\/image\\\/\"},\"sameAs\":[\"https:\\\/\\\/www.facebook.com\\\/InterfloraAB\",\"https:\\\/\\\/www.instagram.com\\\/interflora_ab\\\/\",\"https:\\\/\\\/www.linkedin.com\\\/company\\\/1494362\",\"https:\\\/\\\/www.youtube.com\\\/channel\\\/UCZgDzGWB2VRxaoWFUmXnk1w\"]},{\"@type\":\"Person\",\"@id\":\"https:\\\/\\\/www.interflora.se\\\/inspiration\\\/#\\\/schema\\\/person\\\/dbbd1ad45e05409c356dc639597669f2\",\"name\":\"admin\",\"image\":{\"@type\":\"ImageObject\",\"inLanguage\":\"sv-SE\",\"@id\":\"https:\\\/\\\/www.interflora.se\\\/inspiration\\\/wp-content\\\/litespeed\\\/avatar\\\/1fe3cced9e67df62d0a6f995d75823a5.jpg?ver=1777362393\",\"url\":\"https:\\\/\\\/www.interflora.se\\\/inspiration\\\/wp-content\\\/litespeed\\\/avatar\\\/1fe3cced9e67df62d0a6f995d75823a5.jpg?ver=1777362393\",\"contentUrl\":\"https:\\\/\\\/www.interflora.se\\\/inspiration\\\/wp-content\\\/litespeed\\\/avatar\\\/1fe3cced9e67df62d0a6f995d75823a5.jpg?ver=1777362393\",\"caption\":\"admin\"},\"sameAs\":[\"https:\\\/\\\/www.interflora.se\\\/inspiration\"],\"url\":\"https:\\\/\\\/www.interflora.se\\\/inspiration\\\/author\\\/admin\\\/\"}]}<\/script>\n<!-- \/ Yoast SEO plugin. -->","yoast_head_json":{"title":"Sk\u00f6tselr\u00e5d krukv\u00e4xter | Interflora","robots":{"index":"index","follow":"follow","max-snippet":"max-snippet:-1","max-image-preview":"max-image-preview:large","max-video-preview":"max-video-preview:-1"},"canonical":"https:\/\/www.interflora.se\/inspiration\/skotselrad-krukvaxter\/","og_locale":"sv_SE","og_type":"article","og_title":"Sk\u00f6tselr\u00e5d krukv\u00e4xter | Interflora","og_description":"Finns det n\u00e5got h\u00e4rligare \u00e4n krispiga och fr\u00e4scha krukv\u00e4xter? Faktum \u00e4r att det inte kr\u00e4vs n\u00e5gra gr\u00f6na fingrar f\u00f6r att [&hellip;]","og_url":"https:\/\/www.interflora.se\/inspiration\/skotselrad-krukvaxter\/","og_site_name":"Inspiration om blommor, krukv\u00e4xter &amp; trender | Interflora","article_publisher":"https:\/\/www.facebook.com\/InterfloraAB","article_published_time":"2024-05-23T22:23:10+00:00","article_modified_time":"2025-03-20T15:44:03+00:00","og_image":[{"width":1500,"height":2250,"url":"https:\/\/www.interflora.se\/inspiration\/wp-content\/uploads\/2025\/03\/monstera-narbild-miljo.jpg","type":"image\/jpeg"}],"author":"admin","twitter_card":"summary_large_image","twitter_misc":{"Skriven av":"admin","Ber\u00e4knad l\u00e4stid":"2 minuter"},"schema":{"@context":"https:\/\/schema.org","@graph":[{"@type":"Article","@id":"https:\/\/www.interflora.se\/inspiration\/skotselrad-krukvaxter\/#article","isPartOf":{"@id":"https:\/\/www.interflora.se\/inspiration\/skotselrad-krukvaxter\/"},"author":{"name":"admin","@id":"https:\/\/www.interflora.se\/inspiration\/#\/schema\/person\/dbbd1ad45e05409c356dc639597669f2"},"headline":"Sk\u00f6tselr\u00e5d krukv\u00e4xter","datePublished":"2024-05-23T22:23:10+00:00","dateModified":"2025-03-20T15:44:03+00:00","mainEntityOfPage":{"@id":"https:\/\/www.interflora.se\/inspiration\/skotselrad-krukvaxter\/"},"wordCount":399,"commentCount":0,"publisher":{"@id":"https:\/\/www.interflora.se\/inspiration\/#organization"},"image":{"@id":"https:\/\/www.interflora.se\/inspiration\/skotselrad-krukvaxter\/#primaryimage"},"thumbnailUrl":"https:\/\/www.interflora.se\/inspiration\/wp-content\/uploads\/2025\/03\/monstera-narbild-miljo.jpg","articleSection":["Blomfakta &amp; sk\u00f6tselr\u00e5d"],"inLanguage":"sv-SE","potentialAction":[{"@type":"CommentAction","name":"Comment","target":["https:\/\/www.interflora.se\/inspiration\/skotselrad-krukvaxter\/#respond"]}]},{"@type":"WebPage","@id":"https:\/\/www.interflora.se\/inspiration\/skotselrad-krukvaxter\/","url":"https:\/\/www.interflora.se\/inspiration\/skotselrad-krukvaxter\/","name":"Sk\u00f6tselr\u00e5d krukv\u00e4xter | Interflora","isPartOf":{"@id":"https:\/\/www.interflora.se\/inspiration\/#website"},"primaryImageOfPage":{"@id":"https:\/\/www.interflora.se\/inspiration\/skotselrad-krukvaxter\/#primaryimage"},"image":{"@id":"https:\/\/www.interflora.se\/inspiration\/skotselrad-krukvaxter\/#primaryimage"},"thumbnailUrl":"https:\/\/www.interflora.se\/inspiration\/wp-content\/uploads\/2025\/03\/monstera-narbild-miljo.jpg","datePublished":"2024-05-23T22:23:10+00:00","dateModified":"2025-03-20T15:44:03+00:00","breadcrumb":{"@id":"https:\/\/www.interflora.se\/inspiration\/skotselrad-krukvaxter\/#breadcrumb"},"inLanguage":"sv-SE","potentialAction":[{"@type":"ReadAction","target":["https:\/\/www.interflora.se\/inspiration\/skotselrad-krukvaxter\/"]}]},{"@type":"ImageObject","inLanguage":"sv-SE","@id":"https:\/\/www.interflora.se\/inspiration\/skotselrad-krukvaxter\/#primaryimage","url":"https:\/\/www.interflora.se\/inspiration\/wp-content\/uploads\/2025\/03\/monstera-narbild-miljo.jpg","contentUrl":"https:\/\/www.interflora.se\/inspiration\/wp-content\/uploads\/2025\/03\/monstera-narbild-miljo.jpg","width":1500,"height":2250},{"@type":"BreadcrumbList","@id":"https:\/\/www.interflora.se\/inspiration\/skotselrad-krukvaxter\/#breadcrumb","itemListElement":[{"@type":"ListItem","position":1,"name":"Home","item":"https:\/\/www.interflora.se\/inspiration\/"},{"@type":"ListItem","position":2,"name":"Sk\u00f6tselr\u00e5d krukv\u00e4xter"}]},{"@type":"WebSite","@id":"https:\/\/www.interflora.se\/inspiration\/#website","url":"https:\/\/www.interflora.se\/inspiration\/","name":"Interflora","description":"","publisher":{"@id":"https:\/\/www.interflora.se\/inspiration\/#organization"},"potentialAction":[{"@type":"SearchAction","target":{"@type":"EntryPoint","urlTemplate":"https:\/\/www.interflora.se\/inspiration\/?s={search_term_string}"},"query-input":{"@type":"PropertyValueSpecification","valueRequired":true,"valueName":"search_term_string"}}],"inLanguage":"sv-SE"},{"@type":"Organization","@id":"https:\/\/www.interflora.se\/inspiration\/#organization","name":"Interflora","url":"https:\/\/www.interflora.se\/inspiration\/","logo":{"@type":"ImageObject","inLanguage":"sv-SE","@id":"https:\/\/www.interflora.se\/inspiration\/#\/schema\/logo\/image\/","url":"https:\/\/www.interflora.se\/inspiration\/wp-content\/uploads\/2025\/09\/cropped-220422_INTERFLORA_Logo_rgb_Half_Top_Circle_Main_Color.avif","contentUrl":"https:\/\/www.interflora.se\/inspiration\/wp-content\/uploads\/2025\/09\/cropped-220422_INTERFLORA_Logo_rgb_Half_Top_Circle_Main_Color.avif","width":1418,"height":662,"caption":"Interflora"},"image":{"@id":"https:\/\/www.interflora.se\/inspiration\/#\/schema\/logo\/image\/"},"sameAs":["https:\/\/www.facebook.com\/InterfloraAB","https:\/\/www.instagram.com\/interflora_ab\/","https:\/\/www.linkedin.com\/company\/1494362","https:\/\/www.youtube.com\/channel\/UCZgDzGWB2VRxaoWFUmXnk1w"]},{"@type":"Person","@id":"https:\/\/www.interflora.se\/inspiration\/#\/schema\/person\/dbbd1ad45e05409c356dc639597669f2","name":"admin","image":{"@type":"ImageObject","inLanguage":"sv-SE","@id":"https:\/\/www.interflora.se\/inspiration\/wp-content\/litespeed\/avatar\/1fe3cced9e67df62d0a6f995d75823a5.jpg?ver=1777362393","url":"https:\/\/www.interflora.se\/inspiration\/wp-content\/litespeed\/avatar\/1fe3cced9e67df62d0a6f995d75823a5.jpg?ver=1777362393","contentUrl":"https:\/\/www.interflora.se\/inspiration\/wp-content\/litespeed\/avatar\/1fe3cced9e67df62d0a6f995d75823a5.jpg?ver=1777362393","caption":"admin"},"sameAs":["https:\/\/www.interflora.se\/inspiration"],"url":"https:\/\/www.interflora.se\/inspiration\/author\/admin\/"}]}},"uagb_featured_image_src":{"full":["https:\/\/www.interflora.se\/inspiration\/wp-content\/uploads\/2025\/03\/monstera-narbild-miljo.jpg",1500,2250,false],"thumbnail":["https:\/\/www.interflora.se\/inspiration\/wp-content\/uploads\/2025\/03\/monstera-narbild-miljo-150x150.jpg",150,150,true],"medium":["https:\/\/www.interflora.se\/inspiration\/wp-content\/uploads\/2025\/03\/monstera-narbild-miljo-200x300.jpg",200,300,true],"medium_large":["https:\/\/www.interflora.se\/inspiration\/wp-content\/uploads\/2025\/03\/monstera-narbild-miljo-768x1152.jpg",768,1152,true],"large":["https:\/\/www.interflora.se\/inspiration\/wp-content\/uploads\/2025\/03\/monstera-narbild-miljo-683x1024.jpg",683,1024,true],"1536x1536":["https:\/\/www.interflora.se\/inspiration\/wp-content\/uploads\/2025\/03\/monstera-narbild-miljo-1024x1536.jpg",1024,1536,true],"2048x2048":["https:\/\/www.interflora.se\/inspiration\/wp-content\/uploads\/2025\/03\/monstera-narbild-miljo-1365x2048.jpg",1365,2048,true]},"uagb_author_info":{"display_name":"admin","author_link":"https:\/\/www.interflora.se\/inspiration\/author\/admin\/"},"uagb_comment_info":0,"uagb_excerpt":"Finns det n\u00e5got h\u00e4rligare \u00e4n krispiga och fr\u00e4scha krukv\u00e4xter? Faktum \u00e4r att det inte kr\u00e4vs n\u00e5gra gr\u00f6na fingrar f\u00f6r att [&hellip;]","_links":{"self":[{"href":"https:\/\/www.interflora.se\/inspiration\/wp-json\/wp\/v2\/posts\/400","targetHints":{"allow":["GET"]}}],"collection":[{"href":"https:\/\/www.interflora.se\/inspiration\/wp-json\/wp\/v2\/posts"}],"about":[{"href":"https:\/\/www.interflora.se\/inspiration\/wp-json\/wp\/v2\/types\/post"}],"author":[{"embeddable":true,"href":"https:\/\/www.interflora.se\/inspiration\/wp-json\/wp\/v2\/users\/1"}],"replies":[{"embeddable":true,"href":"https:\/\/www.interflora.se\/inspiration\/wp-json\/wp\/v2\/comments?post=400"}],"version-history":[{"count":4,"href":"https:\/\/www.interflora.se\/inspiration\/wp-json\/wp\/v2\/posts\/400\/revisions"}],"predecessor-version":[{"id":1058,"href":"https:\/\/www.interflora.se\/inspiration\/wp-json\/wp\/v2\/posts\/400\/revisions\/1058"}],"wp:featuredmedia":[{"embeddable":true,"href":"https:\/\/www.interflora.se\/inspiration\/wp-json\/wp\/v2\/media\/1053"}],"wp:attachment":[{"href":"https:\/\/www.interflora.se\/inspiration\/wp-json\/wp\/v2\/media?parent=400"}],"wp:term":[{"taxonomy":"category","embeddable":true,"href":"https:\/\/www.interflora.se\/inspiration\/wp-json\/wp\/v2\/categories?post=400"},{"taxonomy":"post_tag","embeddable":true,"href":"https:\/\/www.interflora.se\/inspiration\/wp-json\/wp\/v2\/tags?post=400"}],"curies":[{"name":"wp","href":"https:\/\/api.w.org\/{rel}","templated":true}]}}