{"id":397,"date":"2026-01-16T14:41:41","date_gmt":"2026-01-16T13:41:41","guid":{"rendered":"http:\/\/preprodblog.interflora.se\/blog\/?p=397"},"modified":"2026-01-21T15:36:06","modified_gmt":"2026-01-21T14:36:06","slug":"skicka-en-bukett-karlek","status":"publish","type":"post","link":"https:\/\/www.interflora.se\/inspiration\/skicka-en-bukett-karlek\/","title":{"rendered":"Blommornas betydelse p\u00e5 alla hj\u00e4rtans dag"},"content":{"rendered":"\n<div style=\"height:9px\" aria-hidden=\"true\" class=\"wp-block-spacer\"><\/div>\n\n\n\n<h2 class=\"wp-block-heading\"><strong>I korthet<\/strong><\/h2>\n\n\n\n<p>Alla blommor b\u00e4r p\u00e5 ett budskap, och att v\u00e4lja r\u00e4tt bukett kan f\u00f6rst\u00e4rka din k\u00e4rleksf\u00f6rklaring. R\u00f6da rosor signalerar passion, rosa visar \u00f6mhet och tulpaner uttrycker gl\u00e4dje och tillf\u00f6rsikt. Liljor f\u00f6rmedlar elegans medan krysantemum symboliserar l\u00e5ngvarig k\u00e4rlek. Genom att f\u00f6rst\u00e5 blomsterspr\u00e5ket kan du skapa en uppvaktning som verkligen ber\u00f6r.<\/p>\n\n\n\n<hr class=\"wp-block-separator has-alpha-channel-opacity\"\/>\n\n\n\n<h2 class=\"wp-block-heading\"><strong>S\u00e4g det med blommor \u2013 och mena det<\/strong><\/h2>\n\n\n\n<p>K\u00e4rlekens dag n\u00e4rmar sig, och med den kommer den d\u00e4r underbara nervositeten. <strong>Hur s\u00e4ger man egentligen &#8221;jag \u00e4lskar dig&#8221; p\u00e5 b\u00e4sta s\u00e4tt?<\/strong> Blommor har i \u00e5rhundraden varit k\u00e4rlekens spr\u00e5k \u2013 ett s\u00e4tt att uttrycka k\u00e4nslor som ibland \u00e4r sv\u00e5ra att s\u00e4tta ord p\u00e5. Men visste du att olika blommor faktiskt f\u00f6rmedlar helt olika budskap?<\/p>\n\n\n\n<p>Oavsett om du vill bek\u00e4nna djup passion eller visa uppskattning f\u00f6r en n\u00e4ra v\u00e4n, finns det en bukett som s\u00e4ger precis det du menar. Vi guidar dig genom blomsterspr\u00e5kets hemligheter s\u00e5 att din uppvaktning tr\u00e4ffar r\u00e4tt i hj\u00e4rtat.<\/p>\n\n\n\n<p>Vill du utforska v\u00e5rt kompletta utbud f\u00f6r k\u00e4rlekens dag? Uppt\u00e4ck alla v\u00e5ra <a href=\"https:\/\/www.interflora.se\/c\/alla-hjartans-dag\">blommor till Alla Hj\u00e4rtans dag<\/a> och hitta buketten som f\u00f6rmedlar ditt unika budskap. Vi har noggrant satt samman buketter som passar varje typ av k\u00e4rleksf\u00f6rklaring.<\/p>\n\n\n\n<h2 class=\"wp-block-heading\"><strong>Rosors betydelse \u2013 k\u00e4rlekens klassiker<\/strong><\/h2>\n\n\n\n<figure class=\"wp-block-gallery has-nested-images columns-default is-cropped wp-block-gallery-1 is-layout-flex wp-block-gallery-is-layout-flex\">\n<figure class=\"wp-block-image size-large\"><img loading=\"lazy\" decoding=\"async\" width=\"683\" height=\"1024\" data-id=\"5248\" src=\"https:\/\/www.interflora.se\/inspiration\/wp-content\/uploads\/2026\/01\/annesophiebenoit-interflora-saint-valentin-36-Edit-1-683x1024.avif\" alt=\"\" class=\"wp-image-5248\" srcset=\"https:\/\/www.interflora.se\/inspiration\/wp-content\/uploads\/2026\/01\/annesophiebenoit-interflora-saint-valentin-36-Edit-1-683x1024.avif 683w, https:\/\/www.interflora.se\/inspiration\/wp-content\/uploads\/2026\/01\/annesophiebenoit-interflora-saint-valentin-36-Edit-1-200x300.avif 200w, https:\/\/www.interflora.se\/inspiration\/wp-content\/uploads\/2026\/01\/annesophiebenoit-interflora-saint-valentin-36-Edit-1-768x1152.avif 768w, https:\/\/www.interflora.se\/inspiration\/wp-content\/uploads\/2026\/01\/annesophiebenoit-interflora-saint-valentin-36-Edit-1-1024x1536.avif 1024w, https:\/\/www.interflora.se\/inspiration\/wp-content\/uploads\/2026\/01\/annesophiebenoit-interflora-saint-valentin-36-Edit-1-1365x2048.avif 1365w, https:\/\/www.interflora.se\/inspiration\/wp-content\/uploads\/2026\/01\/annesophiebenoit-interflora-saint-valentin-36-Edit-1-scaled.avif 1707w\" sizes=\"auto, (max-width: 683px) 100vw, 683px\" \/><\/figure>\n\n\n\n<figure class=\"wp-block-image size-large\"><img loading=\"lazy\" decoding=\"async\" width=\"683\" height=\"1024\" data-id=\"5195\" src=\"https:\/\/www.interflora.se\/inspiration\/wp-content\/uploads\/2026\/01\/annesophiebenoit-interflora-saint-valentin-51-683x1024.avif\" alt=\"\" class=\"wp-image-5195\" srcset=\"https:\/\/www.interflora.se\/inspiration\/wp-content\/uploads\/2026\/01\/annesophiebenoit-interflora-saint-valentin-51-683x1024.avif 683w, https:\/\/www.interflora.se\/inspiration\/wp-content\/uploads\/2026\/01\/annesophiebenoit-interflora-saint-valentin-51-200x300.avif 200w, https:\/\/www.interflora.se\/inspiration\/wp-content\/uploads\/2026\/01\/annesophiebenoit-interflora-saint-valentin-51-768x1152.avif 768w, https:\/\/www.interflora.se\/inspiration\/wp-content\/uploads\/2026\/01\/annesophiebenoit-interflora-saint-valentin-51-1024x1536.avif 1024w, https:\/\/www.interflora.se\/inspiration\/wp-content\/uploads\/2026\/01\/annesophiebenoit-interflora-saint-valentin-51-1365x2048.avif 1365w, https:\/\/www.interflora.se\/inspiration\/wp-content\/uploads\/2026\/01\/annesophiebenoit-interflora-saint-valentin-51-scaled.avif 1707w\" sizes=\"auto, (max-width: 683px) 100vw, 683px\" \/><\/figure>\n\n\n\n<figure class=\"wp-block-image size-large\"><img loading=\"lazy\" decoding=\"async\" width=\"683\" height=\"1024\" data-id=\"5220\" src=\"https:\/\/www.interflora.se\/inspiration\/wp-content\/uploads\/2026\/01\/annesophiebenoit-interflora-saint-valentin-10_FR-SP-IT-Dulzura-Edit-Edit-683x1024.avif\" alt=\"\" class=\"wp-image-5220\" srcset=\"https:\/\/www.interflora.se\/inspiration\/wp-content\/uploads\/2026\/01\/annesophiebenoit-interflora-saint-valentin-10_FR-SP-IT-Dulzura-Edit-Edit-683x1024.avif 683w, https:\/\/www.interflora.se\/inspiration\/wp-content\/uploads\/2026\/01\/annesophiebenoit-interflora-saint-valentin-10_FR-SP-IT-Dulzura-Edit-Edit-200x300.avif 200w, https:\/\/www.interflora.se\/inspiration\/wp-content\/uploads\/2026\/01\/annesophiebenoit-interflora-saint-valentin-10_FR-SP-IT-Dulzura-Edit-Edit-768x1152.avif 768w, https:\/\/www.interflora.se\/inspiration\/wp-content\/uploads\/2026\/01\/annesophiebenoit-interflora-saint-valentin-10_FR-SP-IT-Dulzura-Edit-Edit-1024x1536.avif 1024w, https:\/\/www.interflora.se\/inspiration\/wp-content\/uploads\/2026\/01\/annesophiebenoit-interflora-saint-valentin-10_FR-SP-IT-Dulzura-Edit-Edit-1365x2048.avif 1365w, https:\/\/www.interflora.se\/inspiration\/wp-content\/uploads\/2026\/01\/annesophiebenoit-interflora-saint-valentin-10_FR-SP-IT-Dulzura-Edit-Edit-scaled.avif 1707w\" sizes=\"auto, (max-width: 683px) 100vw, 683px\" \/><\/figure>\n<\/figure>\n\n\n\n<p>Rosen har i alla tider varit den ultimata k\u00e4rleksblomman. Men <strong>rosornas f\u00e4rg avg\u00f6r vilket budskap du skickar<\/strong>, och det \u00e4r v\u00e4rt att t\u00e4nka p\u00e5 innan du v\u00e4ljer.<\/p>\n\n\n\n<p><strong>R\u00f6da rosor<\/strong> \u00e4r den klassiska symbolen f\u00f6r romantisk k\u00e4rlek och passion. En bukett med r\u00f6da rosor s\u00e4ger utan omsvep: &#8221;Jag \u00e4lskar dig.&#8221; Det \u00e4r valet n\u00e4r du vill vara tydlig med dina k\u00e4nslor.<\/p>\n\n\n\n<p><strong>Rosa rosor<\/strong> uttrycker \u00f6mhet, tacksamhet och beundran. De passar perfekt n\u00e4r du vill visa uppskattning eller n\u00e4r relationen fortfarande \u00e4r i sin linda. Det \u00e4r en mjukare k\u00e4rleksf\u00f6rklaring.<\/p>\n\n\n\n<p><strong>Vita rosor<\/strong> symboliserar renhet och ny b\u00f6rjan. De \u00e4r vackra i en bukett till n\u00e5gon du nyss f\u00f6r\u00e4lskat dig i, eller som ett l\u00f6fte om framtiden tillsammans.<\/p>\n\n\n\n<p><strong>Orangea rosor<\/strong> f\u00f6rmedlar entusiasm och f\u00f6rtjusning. V\u00e4lj dessa n\u00e4r du vill visa att personen fyller dig med gl\u00e4dje och energi.<\/p>\n\n\n\n<p>Vill du f\u00f6rdjupa dig i rosornas f\u00e4rgspr\u00e5k? L\u00e4s mer om <a href=\"https:\/\/www.interflora.se\/inspiration\/vad-rosornas-farg-sager-om-dina-kanslor\/\">vad rosornas f\u00e4rg s\u00e4ger om dina k\u00e4nslor<\/a> i v\u00e5r guide.<\/p>\n\n\n<div class=\"lp-produits-grid\"><div class=\"lp-produit\"><div class=\"lp-thumbnail-wrapper\"><img loading=\"lazy\" decoding=\"async\" width=\"240\" height=\"300\" src=\"https:\/\/www.interflora.se\/inspiration\/wp-content\/uploads\/2025\/05\/1202975-2025-240x300.jpg\" class=\"attachment-medium size-medium wp-post-image\" alt=\"\" srcset=\"https:\/\/www.interflora.se\/inspiration\/wp-content\/uploads\/2025\/05\/1202975-2025-240x300.jpg 240w, https:\/\/www.interflora.se\/inspiration\/wp-content\/uploads\/2025\/05\/1202975-2025.jpg 745w\" sizes=\"auto, (max-width: 240px) 100vw, 240px\" \/><img decoding=\"async\" class=\"lp-badge\" src=\"https:\/\/www.interflora.se\/inspiration\/wp-content\/uploads\/2025\/03\/cropped-220422_INTERFLORA_Main_Logo_rgb_Main_Color-1.png\" alt=\"Blombud Interflora\"><\/div><span>F\u00e4rglycka<\/span><p>fr\u00e5n 269 kr<\/p><span class=\"obf-link lp-cta\" role=\"link\" tabindex=\"0\" data-b64=\"aHR0cHM6Ly93d3cuaW50ZXJmbG9yYS5zZS9wLzgxNjc5LWZhcmdseWNrYS8yP3V0bV9tZWRpdW09b3JnYW5pYyZ1dG1fc291cmNlPWJsb2dfcHJvZHVjdHMmdXRtX2NhbXBhaWduPTEyMDI5NzQ=\" data-target=\"_blank\"><svg xmlns=\"http:\/\/www.w3.org\/2000\/svg\" width=\"16\" height=\"16\" fill=\"currentColor\" class=\"bi bi-bag\" viewBox=\"0 0 16 16\"><path d=\"M8 1a2 2 0 0 1 2 2v1h2.5A1.5 1.5 0 0 1 14 5.5v8A1.5 1.5 0 0 1 12.5 15h-9A1.5 1.5 0 0 1 2 13.5v-8A1.5 1.5 0 0 1 3.5 3H6V2a2 2 0 0 1 2-1zm1 3V3a1 1 0 0 0-2 0v1h2z\"\/><\/svg>K\u00f6p h\u00e4r<\/span><p class=\"rapido\">Handbundet av florister<\/p><\/div><div class=\"lp-produit\"><div class=\"lp-thumbnail-wrapper\"><img loading=\"lazy\" decoding=\"async\" width=\"240\" height=\"300\" src=\"https:\/\/www.interflora.se\/inspiration\/wp-content\/uploads\/2025\/05\/1201156-2024-ny-4.5-240x300.jpg\" class=\"attachment-medium size-medium wp-post-image\" alt=\"\" srcset=\"https:\/\/www.interflora.se\/inspiration\/wp-content\/uploads\/2025\/05\/1201156-2024-ny-4.5-240x300.jpg 240w, https:\/\/www.interflora.se\/inspiration\/wp-content\/uploads\/2025\/05\/1201156-2024-ny-4.5.jpg 745w\" sizes=\"auto, (max-width: 240px) 100vw, 240px\" \/><img decoding=\"async\" class=\"lp-badge\" src=\"https:\/\/www.interflora.se\/inspiration\/wp-content\/uploads\/2025\/03\/cropped-220422_INTERFLORA_Main_Logo_rgb_Main_Color-1.png\" alt=\"Blombud Interflora\"><\/div><span>Omtanke<\/span><p>fr\u00e5n 379 kr<\/p><span class=\"obf-link lp-cta\" role=\"link\" tabindex=\"0\" data-b64=\"aHR0cHM6Ly93d3cuaW50ZXJmbG9yYS5zZS9wLzMwOC1vbXRhbmtlLzI\/dXRtX21lZGl1bT1vcmdhbmljJnV0bV9zb3VyY2U9YmxvZ19wcm9kdWN0cyZ1dG1fY2FtcGFpZ249MTIwMTE1NQ==\" data-target=\"_blank\"><svg xmlns=\"http:\/\/www.w3.org\/2000\/svg\" width=\"16\" height=\"16\" fill=\"currentColor\" class=\"bi bi-bag\" viewBox=\"0 0 16 16\"><path d=\"M8 1a2 2 0 0 1 2 2v1h2.5A1.5 1.5 0 0 1 14 5.5v8A1.5 1.5 0 0 1 12.5 15h-9A1.5 1.5 0 0 1 2 13.5v-8A1.5 1.5 0 0 1 3.5 3H6V2a2 2 0 0 1 2-1zm1 3V3a1 1 0 0 0-2 0v1h2z\"\/><\/svg>K\u00f6p h\u00e4r<\/span><p class=\"rapido\">Handbundet av florister<\/p><\/div><div class=\"lp-produit\"><div class=\"lp-thumbnail-wrapper\"><img loading=\"lazy\" decoding=\"async\" width=\"240\" height=\"300\" src=\"https:\/\/www.interflora.se\/inspiration\/wp-content\/uploads\/2025\/05\/1201665-4.5-240x300.jpg\" class=\"attachment-medium size-medium wp-post-image\" alt=\"\" srcset=\"https:\/\/www.interflora.se\/inspiration\/wp-content\/uploads\/2025\/05\/1201665-4.5-240x300.jpg 240w, https:\/\/www.interflora.se\/inspiration\/wp-content\/uploads\/2025\/05\/1201665-4.5.jpg 745w\" sizes=\"auto, (max-width: 240px) 100vw, 240px\" \/><img decoding=\"async\" class=\"lp-badge\" src=\"https:\/\/www.interflora.se\/inspiration\/wp-content\/uploads\/2025\/03\/cropped-220422_INTERFLORA_Main_Logo_rgb_Main_Color-1.png\" alt=\"Blombud Interflora\"><\/div><span>Rosdr\u00f6m<\/span><p>fr\u00e5n 549 kr<\/p><span class=\"obf-link lp-cta\" role=\"link\" tabindex=\"0\" data-b64=\"aHR0cHM6Ly93d3cuaW50ZXJmbG9yYS5zZS9wLzYzNi1yb3Nkcm9tLzI\/dXRtX21lZGl1bT1vcmdhbmljJnV0bV9zb3VyY2U9YmxvZ19wcm9kdWN0cyZ1dG1fY2FtcGFpZ249MTIwMTU0MA==\" data-target=\"_blank\"><svg xmlns=\"http:\/\/www.w3.org\/2000\/svg\" width=\"16\" height=\"16\" fill=\"currentColor\" class=\"bi bi-bag\" viewBox=\"0 0 16 16\"><path d=\"M8 1a2 2 0 0 1 2 2v1h2.5A1.5 1.5 0 0 1 14 5.5v8A1.5 1.5 0 0 1 12.5 15h-9A1.5 1.5 0 0 1 2 13.5v-8A1.5 1.5 0 0 1 3.5 3H6V2a2 2 0 0 1 2-1zm1 3V3a1 1 0 0 0-2 0v1h2z\"\/><\/svg>K\u00f6p h\u00e4r<\/span><p class=\"rapido\">Handbundet av florister<\/p><\/div><\/div>\n\n\n\n<h2 class=\"wp-block-heading\"><strong>Tulpaner \u2013 v\u00e5rens k\u00e4rleksh\u00e4lsning<\/strong><\/h2>\n\n\n\n<figure class=\"wp-block-gallery has-nested-images columns-default is-cropped wp-block-gallery-2 is-layout-flex wp-block-gallery-is-layout-flex\">\n<figure class=\"wp-block-image size-large\"><img loading=\"lazy\" decoding=\"async\" width=\"745\" height=\"931\" data-id=\"5148\" src=\"https:\/\/www.interflora.se\/inspiration\/wp-content\/uploads\/2026\/01\/1744197844-1201274-2024-4-5.avif\" alt=\"\" class=\"wp-image-5148\" srcset=\"https:\/\/www.interflora.se\/inspiration\/wp-content\/uploads\/2026\/01\/1744197844-1201274-2024-4-5.avif 745w, https:\/\/www.interflora.se\/inspiration\/wp-content\/uploads\/2026\/01\/1744197844-1201274-2024-4-5-240x300.avif 240w\" sizes=\"auto, (max-width: 745px) 100vw, 745px\" \/><\/figure>\n\n\n\n<figure class=\"wp-block-image size-large\"><img loading=\"lazy\" decoding=\"async\" width=\"683\" height=\"1024\" data-id=\"5192\" src=\"https:\/\/www.interflora.se\/inspiration\/wp-content\/uploads\/2026\/01\/annesophiebenoit-interflora-saint-valentin-48-683x1024.avif\" alt=\"\" class=\"wp-image-5192\" srcset=\"https:\/\/www.interflora.se\/inspiration\/wp-content\/uploads\/2026\/01\/annesophiebenoit-interflora-saint-valentin-48-683x1024.avif 683w, https:\/\/www.interflora.se\/inspiration\/wp-content\/uploads\/2026\/01\/annesophiebenoit-interflora-saint-valentin-48-200x300.avif 200w, https:\/\/www.interflora.se\/inspiration\/wp-content\/uploads\/2026\/01\/annesophiebenoit-interflora-saint-valentin-48-768x1152.avif 768w, https:\/\/www.interflora.se\/inspiration\/wp-content\/uploads\/2026\/01\/annesophiebenoit-interflora-saint-valentin-48-1024x1536.avif 1024w, https:\/\/www.interflora.se\/inspiration\/wp-content\/uploads\/2026\/01\/annesophiebenoit-interflora-saint-valentin-48-1365x2048.avif 1365w, https:\/\/www.interflora.se\/inspiration\/wp-content\/uploads\/2026\/01\/annesophiebenoit-interflora-saint-valentin-48-scaled.avif 1707w\" sizes=\"auto, (max-width: 683px) 100vw, 683px\" \/><figcaption class=\"wp-element-caption\"><br><\/figcaption><\/figure>\n\n\n\n<figure class=\"wp-block-image size-large\"><img loading=\"lazy\" decoding=\"async\" width=\"745\" height=\"931\" data-id=\"5146\" src=\"https:\/\/www.interflora.se\/inspiration\/wp-content\/uploads\/2026\/01\/1744198401-1201669-2023-4-5-nyfotad.avif\" alt=\"\" class=\"wp-image-5146\" srcset=\"https:\/\/www.interflora.se\/inspiration\/wp-content\/uploads\/2026\/01\/1744198401-1201669-2023-4-5-nyfotad.avif 745w, https:\/\/www.interflora.se\/inspiration\/wp-content\/uploads\/2026\/01\/1744198401-1201669-2023-4-5-nyfotad-240x300.avif 240w\" sizes=\"auto, (max-width: 745px) 100vw, 745px\" \/><\/figure>\n<\/figure>\n\n\n\n<p>Tulpaner har en alldeles s\u00e4rskild plats i blomsterspr\u00e5ket. De symboliserar <strong>perfekt k\u00e4rlek<\/strong> och f\u00f6rmedlar en k\u00e4nsla av gl\u00e4dje och optimism. En bukett tulpaner s\u00e4ger att du ser fram emot framtiden tillsammans.<\/p>\n\n\n\n<p>R\u00f6da tulpaner b\u00e4r p\u00e5 samma passionerade budskap som r\u00f6da rosor, medan gula tulpaner uttrycker lycka och v\u00e4nskapsbaserad k\u00e4rlek. Rosa tulpaner f\u00f6rmedlar omtanke och tillgivenhet.<\/p>\n\n\n\n<p>Det fina med tulpaner \u00e4r att de passar utm\u00e4rkt i b\u00f6rjan av en relation. De k\u00e4nns l\u00e4ttsammare \u00e4n rosor men b\u00e4r \u00e4nd\u00e5 p\u00e5 ett starkt k\u00e4rleksbudskap. En krispig tulpanbukett i klara f\u00e4rger kan vara precis r\u00e4tt f\u00f6r att visa att n\u00e5gon betyder n\u00e5got speciellt.<\/p>\n\n\n\n<p>Best\u00e4ller du vardagar f\u00f6re klockan 14.00 eller l\u00f6rdagar f\u00f6re klockan 12.00 kan vi leverera blommorna samma dag. Det \u00e4r perfekt om du vill \u00f6verraska med en spontan uppvaktning.<\/p>\n\n\n<div class=\"lp-produits-grid\"><div class=\"lp-produit\"><div class=\"lp-thumbnail-wrapper\"><img loading=\"lazy\" decoding=\"async\" width=\"240\" height=\"300\" src=\"https:\/\/www.interflora.se\/inspiration\/wp-content\/uploads\/2025\/05\/1201156-2024-ny-4.5-240x300.jpg\" class=\"attachment-medium size-medium wp-post-image\" alt=\"\" srcset=\"https:\/\/www.interflora.se\/inspiration\/wp-content\/uploads\/2025\/05\/1201156-2024-ny-4.5-240x300.jpg 240w, https:\/\/www.interflora.se\/inspiration\/wp-content\/uploads\/2025\/05\/1201156-2024-ny-4.5.jpg 745w\" sizes=\"auto, (max-width: 240px) 100vw, 240px\" \/><img decoding=\"async\" class=\"lp-badge\" src=\"https:\/\/www.interflora.se\/inspiration\/wp-content\/uploads\/2025\/03\/cropped-220422_INTERFLORA_Main_Logo_rgb_Main_Color-1.png\" alt=\"Blombud Interflora\"><\/div><span>Omtanke<\/span><p>fr\u00e5n 379 kr<\/p><span class=\"obf-link lp-cta\" role=\"link\" tabindex=\"0\" data-b64=\"aHR0cHM6Ly93d3cuaW50ZXJmbG9yYS5zZS9wLzMwOC1vbXRhbmtlLzI\/dXRtX21lZGl1bT1vcmdhbmljJnV0bV9zb3VyY2U9YmxvZ19wcm9kdWN0cyZ1dG1fY2FtcGFpZ249MTIwMTE1NQ==\" data-target=\"_blank\"><svg xmlns=\"http:\/\/www.w3.org\/2000\/svg\" width=\"16\" height=\"16\" fill=\"currentColor\" class=\"bi bi-bag\" viewBox=\"0 0 16 16\"><path d=\"M8 1a2 2 0 0 1 2 2v1h2.5A1.5 1.5 0 0 1 14 5.5v8A1.5 1.5 0 0 1 12.5 15h-9A1.5 1.5 0 0 1 2 13.5v-8A1.5 1.5 0 0 1 3.5 3H6V2a2 2 0 0 1 2-1zm1 3V3a1 1 0 0 0-2 0v1h2z\"\/><\/svg>K\u00f6p h\u00e4r<\/span><p class=\"rapido\">Leverans idag<\/p><\/div><div class=\"lp-produit\"><div class=\"lp-thumbnail-wrapper\"><img loading=\"lazy\" decoding=\"async\" width=\"240\" height=\"300\" src=\"https:\/\/www.interflora.se\/inspiration\/wp-content\/uploads\/2025\/05\/1202975-2025-240x300.jpg\" class=\"attachment-medium size-medium wp-post-image\" alt=\"\" srcset=\"https:\/\/www.interflora.se\/inspiration\/wp-content\/uploads\/2025\/05\/1202975-2025-240x300.jpg 240w, https:\/\/www.interflora.se\/inspiration\/wp-content\/uploads\/2025\/05\/1202975-2025.jpg 745w\" sizes=\"auto, (max-width: 240px) 100vw, 240px\" \/><img decoding=\"async\" class=\"lp-badge\" src=\"https:\/\/www.interflora.se\/inspiration\/wp-content\/uploads\/2025\/03\/cropped-220422_INTERFLORA_Main_Logo_rgb_Main_Color-1.png\" alt=\"Blombud Interflora\"><\/div><span>F\u00e4rglycka<\/span><p>fr\u00e5n 269 kr<\/p><span class=\"obf-link lp-cta\" role=\"link\" tabindex=\"0\" data-b64=\"aHR0cHM6Ly93d3cuaW50ZXJmbG9yYS5zZS9wLzgxNjc5LWZhcmdseWNrYS8yP3V0bV9tZWRpdW09b3JnYW5pYyZ1dG1fc291cmNlPWJsb2dfcHJvZHVjdHMmdXRtX2NhbXBhaWduPTEyMDI5NzQ=\" data-target=\"_blank\"><svg xmlns=\"http:\/\/www.w3.org\/2000\/svg\" width=\"16\" height=\"16\" fill=\"currentColor\" class=\"bi bi-bag\" viewBox=\"0 0 16 16\"><path d=\"M8 1a2 2 0 0 1 2 2v1h2.5A1.5 1.5 0 0 1 14 5.5v8A1.5 1.5 0 0 1 12.5 15h-9A1.5 1.5 0 0 1 2 13.5v-8A1.5 1.5 0 0 1 3.5 3H6V2a2 2 0 0 1 2-1zm1 3V3a1 1 0 0 0-2 0v1h2z\"\/><\/svg>K\u00f6p h\u00e4r<\/span><p class=\"rapido\">Leverans i hela Sverige<\/p><\/div><div class=\"lp-produit\"><div class=\"lp-thumbnail-wrapper\"><img loading=\"lazy\" decoding=\"async\" width=\"240\" height=\"300\" src=\"https:\/\/www.interflora.se\/inspiration\/wp-content\/uploads\/2025\/05\/1201665-4.5-240x300.jpg\" class=\"attachment-medium size-medium wp-post-image\" alt=\"\" srcset=\"https:\/\/www.interflora.se\/inspiration\/wp-content\/uploads\/2025\/05\/1201665-4.5-240x300.jpg 240w, https:\/\/www.interflora.se\/inspiration\/wp-content\/uploads\/2025\/05\/1201665-4.5.jpg 745w\" sizes=\"auto, (max-width: 240px) 100vw, 240px\" \/><img decoding=\"async\" class=\"lp-badge\" src=\"https:\/\/www.interflora.se\/inspiration\/wp-content\/uploads\/2025\/03\/cropped-220422_INTERFLORA_Main_Logo_rgb_Main_Color-1.png\" alt=\"Blombud Interflora\"><\/div><span>Rosdr\u00f6m<\/span><p>fr\u00e5n 549 kr<\/p><span class=\"obf-link lp-cta\" role=\"link\" tabindex=\"0\" data-b64=\"aHR0cHM6Ly93d3cuaW50ZXJmbG9yYS5zZS9wLzYzNi1yb3Nkcm9tLzI\/dXRtX21lZGl1bT1vcmdhbmljJnV0bV9zb3VyY2U9YmxvZ19wcm9kdWN0cyZ1dG1fY2FtcGFpZ249MTIwMTU0MA==\" data-target=\"_blank\"><svg xmlns=\"http:\/\/www.w3.org\/2000\/svg\" width=\"16\" height=\"16\" fill=\"currentColor\" class=\"bi bi-bag\" viewBox=\"0 0 16 16\"><path d=\"M8 1a2 2 0 0 1 2 2v1h2.5A1.5 1.5 0 0 1 14 5.5v8A1.5 1.5 0 0 1 12.5 15h-9A1.5 1.5 0 0 1 2 13.5v-8A1.5 1.5 0 0 1 3.5 3H6V2a2 2 0 0 1 2-1zm1 3V3a1 1 0 0 0-2 0v1h2z\"\/><\/svg>K\u00f6p h\u00e4r<\/span><p class=\"rapido\">Handbundet av florister<\/p><\/div><\/div>\n\n\n\n<h2 class=\"wp-block-heading\"><strong>Liljor \u2013 elegant k\u00e4rleksf\u00f6rklaring<\/strong><\/h2>\n\n\n\n<figure class=\"wp-block-gallery has-nested-images columns-default is-cropped wp-block-gallery-3 is-layout-flex wp-block-gallery-is-layout-flex\">\n<figure class=\"wp-block-image size-large\"><img loading=\"lazy\" decoding=\"async\" width=\"745\" height=\"931\" data-id=\"4564\" src=\"https:\/\/www.interflora.se\/inspiration\/wp-content\/uploads\/2025\/09\/2600-4.5.jpg\" alt=\"\" class=\"wp-image-4564\" srcset=\"https:\/\/www.interflora.se\/inspiration\/wp-content\/uploads\/2025\/09\/2600-4.5.jpg 745w, https:\/\/www.interflora.se\/inspiration\/wp-content\/uploads\/2025\/09\/2600-4.5-240x300.jpg 240w\" sizes=\"auto, (max-width: 745px) 100vw, 745px\" \/><\/figure>\n\n\n\n<figure class=\"wp-block-image size-large\"><img loading=\"lazy\" decoding=\"async\" width=\"545\" height=\"545\" data-id=\"4572\" src=\"https:\/\/www.interflora.se\/inspiration\/wp-content\/uploads\/2025\/09\/1290088.jpg\" alt=\"\" class=\"wp-image-4572\" srcset=\"https:\/\/www.interflora.se\/inspiration\/wp-content\/uploads\/2025\/09\/1290088.jpg 545w, https:\/\/www.interflora.se\/inspiration\/wp-content\/uploads\/2025\/09\/1290088-300x300.jpg 300w, https:\/\/www.interflora.se\/inspiration\/wp-content\/uploads\/2025\/09\/1290088-150x150.jpg 150w\" sizes=\"auto, (max-width: 545px) 100vw, 545px\" \/><\/figure>\n\n\n\n<figure class=\"wp-block-image size-large\"><img loading=\"lazy\" decoding=\"async\" width=\"745\" height=\"745\" data-id=\"4565\" src=\"https:\/\/www.interflora.se\/inspiration\/wp-content\/uploads\/2025\/09\/2603_ny.jpg\" alt=\"\" class=\"wp-image-4565\" srcset=\"https:\/\/www.interflora.se\/inspiration\/wp-content\/uploads\/2025\/09\/2603_ny.jpg 745w, https:\/\/www.interflora.se\/inspiration\/wp-content\/uploads\/2025\/09\/2603_ny-300x300.jpg 300w, https:\/\/www.interflora.se\/inspiration\/wp-content\/uploads\/2025\/09\/2603_ny-150x150.jpg 150w\" sizes=\"auto, (max-width: 745px) 100vw, 745px\" \/><\/figure>\n<\/figure>\n\n\n\n<p>Liljor tillf\u00f6r elegans och sofistikation till varje bukett. De symboliserar <strong>renhet, f\u00f6rnyelse och h\u00e4ngivenhet<\/strong> \u2013 och deras doft \u00e4r helt bed\u00e5rande.<\/p>\n\n\n\n<p>Vita liljor representerar f\u00f6rfining och \u00e4r perfekta f\u00f6r den som vill uttrycka en stilren k\u00e4rlek. Rosa liljor f\u00f6rmedlar v\u00e4lst\u00e5nd och framg\u00e5ng i relationen. I kombination med rosor eller tulpaner skapar liljor en m\u00e5ngdimensionell bukett som ber\u00e4ttar en hel k\u00e4rlekshistoria.<\/p>\n\n\n\n<p>Liljor \u00e4r ocks\u00e5 fantastiska som <a href=\"https:\/\/www.interflora.se\/inspiration\/presenttips-till-din-partner\/\">presenttips till din partner<\/a> om du s\u00f6ker n\u00e5got ut\u00f6ver det vanliga.<\/p>\n\n\n\n<h2 class=\"wp-block-heading\"><strong>Krysantemum \u2013 l\u00e5ngvarig k\u00e4rleks symbol<\/strong><\/h2>\n\n\n\n<p>Krysantemum kanske inte \u00e4r det f\u00f6rsta du t\u00e4nker p\u00e5 till alla hj\u00e4rtans dag, men dessa vackra blommor b\u00e4r p\u00e5 ett djupt budskap. I m\u00e5nga kulturer symboliserar de <strong>l\u00e5ngvarig k\u00e4rlek, lojalitet och gl\u00e4dje<\/strong>.<\/p>\n\n\n\n<p>En bukett med krysantemum s\u00e4ger att din k\u00e4rlek \u00e4r trogen och varaktig. De passar s\u00e4rskilt bra f\u00f6r par som firat m\u00e5nga \u00e5r tillsammans och vill hedra sin gemensamma historia. I kombination med rosor skapar de en bukett som talar om b\u00e5de passion och uth\u00e5llighet.<\/p>\n\n\n<div class=\"lp-produits-grid\"><div class=\"lp-produit\"><div class=\"lp-thumbnail-wrapper\"><img loading=\"lazy\" decoding=\"async\" width=\"240\" height=\"300\" src=\"https:\/\/www.interflora.se\/inspiration\/wp-content\/uploads\/2025\/05\/1201665-4.5-240x300.jpg\" class=\"attachment-medium size-medium wp-post-image\" alt=\"\" srcset=\"https:\/\/www.interflora.se\/inspiration\/wp-content\/uploads\/2025\/05\/1201665-4.5-240x300.jpg 240w, https:\/\/www.interflora.se\/inspiration\/wp-content\/uploads\/2025\/05\/1201665-4.5.jpg 745w\" sizes=\"auto, (max-width: 240px) 100vw, 240px\" \/><img decoding=\"async\" class=\"lp-badge\" src=\"https:\/\/www.interflora.se\/inspiration\/wp-content\/uploads\/2025\/03\/cropped-220422_INTERFLORA_Main_Logo_rgb_Main_Color-1.png\" alt=\"Blombud Interflora\"><\/div><span>Rosdr\u00f6m<\/span><p>fr\u00e5n 549 kr<\/p><span class=\"obf-link lp-cta\" role=\"link\" tabindex=\"0\" data-b64=\"aHR0cHM6Ly93d3cuaW50ZXJmbG9yYS5zZS9wLzYzNi1yb3Nkcm9tLzI\/dXRtX21lZGl1bT1vcmdhbmljJnV0bV9zb3VyY2U9YmxvZ19wcm9kdWN0cyZ1dG1fY2FtcGFpZ249MTIwMTU0MA==\" data-target=\"_blank\"><svg xmlns=\"http:\/\/www.w3.org\/2000\/svg\" width=\"16\" height=\"16\" fill=\"currentColor\" class=\"bi bi-bag\" viewBox=\"0 0 16 16\"><path d=\"M8 1a2 2 0 0 1 2 2v1h2.5A1.5 1.5 0 0 1 14 5.5v8A1.5 1.5 0 0 1 12.5 15h-9A1.5 1.5 0 0 1 2 13.5v-8A1.5 1.5 0 0 1 3.5 3H6V2a2 2 0 0 1 2-1zm1 3V3a1 1 0 0 0-2 0v1h2z\"\/><\/svg>K\u00f6p h\u00e4r<\/span><p class=\"rapido\">Din personliga h\u00e4lsning<\/p><\/div><div class=\"lp-produit\"><div class=\"lp-thumbnail-wrapper\"><img loading=\"lazy\" decoding=\"async\" width=\"240\" height=\"300\" src=\"https:\/\/www.interflora.se\/inspiration\/wp-content\/uploads\/2025\/05\/1202975-2025-240x300.jpg\" class=\"attachment-medium size-medium wp-post-image\" alt=\"\" srcset=\"https:\/\/www.interflora.se\/inspiration\/wp-content\/uploads\/2025\/05\/1202975-2025-240x300.jpg 240w, https:\/\/www.interflora.se\/inspiration\/wp-content\/uploads\/2025\/05\/1202975-2025.jpg 745w\" sizes=\"auto, (max-width: 240px) 100vw, 240px\" \/><img decoding=\"async\" class=\"lp-badge\" src=\"https:\/\/www.interflora.se\/inspiration\/wp-content\/uploads\/2025\/03\/cropped-220422_INTERFLORA_Main_Logo_rgb_Main_Color-1.png\" alt=\"Blombud Interflora\"><\/div><span>F\u00e4rglycka<\/span><p>fr\u00e5n 269 kr<\/p><span class=\"obf-link lp-cta\" role=\"link\" tabindex=\"0\" data-b64=\"aHR0cHM6Ly93d3cuaW50ZXJmbG9yYS5zZS9wLzgxNjc5LWZhcmdseWNrYS8yP3V0bV9tZWRpdW09b3JnYW5pYyZ1dG1fc291cmNlPWJsb2dfcHJvZHVjdHMmdXRtX2NhbXBhaWduPTEyMDI5NzQ=\" data-target=\"_blank\"><svg xmlns=\"http:\/\/www.w3.org\/2000\/svg\" width=\"16\" height=\"16\" fill=\"currentColor\" class=\"bi bi-bag\" viewBox=\"0 0 16 16\"><path d=\"M8 1a2 2 0 0 1 2 2v1h2.5A1.5 1.5 0 0 1 14 5.5v8A1.5 1.5 0 0 1 12.5 15h-9A1.5 1.5 0 0 1 2 13.5v-8A1.5 1.5 0 0 1 3.5 3H6V2a2 2 0 0 1 2-1zm1 3V3a1 1 0 0 0-2 0v1h2z\"\/><\/svg>K\u00f6p h\u00e4r<\/span><p class=\"rapido\">Din personliga h\u00e4lsning<\/p><\/div><div class=\"lp-produit\"><div class=\"lp-thumbnail-wrapper\"><img loading=\"lazy\" decoding=\"async\" width=\"240\" height=\"300\" src=\"https:\/\/www.interflora.se\/inspiration\/wp-content\/uploads\/2025\/05\/1201156-2024-ny-4.5-240x300.jpg\" class=\"attachment-medium size-medium wp-post-image\" alt=\"\" srcset=\"https:\/\/www.interflora.se\/inspiration\/wp-content\/uploads\/2025\/05\/1201156-2024-ny-4.5-240x300.jpg 240w, https:\/\/www.interflora.se\/inspiration\/wp-content\/uploads\/2025\/05\/1201156-2024-ny-4.5.jpg 745w\" sizes=\"auto, (max-width: 240px) 100vw, 240px\" \/><img decoding=\"async\" class=\"lp-badge\" src=\"https:\/\/www.interflora.se\/inspiration\/wp-content\/uploads\/2025\/03\/cropped-220422_INTERFLORA_Main_Logo_rgb_Main_Color-1.png\" alt=\"Blombud Interflora\"><\/div><span>Omtanke<\/span><p>fr\u00e5n 379 kr<\/p><span class=\"obf-link lp-cta\" role=\"link\" tabindex=\"0\" data-b64=\"aHR0cHM6Ly93d3cuaW50ZXJmbG9yYS5zZS9wLzMwOC1vbXRhbmtlLzI\/dXRtX21lZGl1bT1vcmdhbmljJnV0bV9zb3VyY2U9YmxvZ19wcm9kdWN0cyZ1dG1fY2FtcGFpZ249MTIwMTE1NQ==\" data-target=\"_blank\"><svg xmlns=\"http:\/\/www.w3.org\/2000\/svg\" width=\"16\" height=\"16\" fill=\"currentColor\" class=\"bi bi-bag\" viewBox=\"0 0 16 16\"><path d=\"M8 1a2 2 0 0 1 2 2v1h2.5A1.5 1.5 0 0 1 14 5.5v8A1.5 1.5 0 0 1 12.5 15h-9A1.5 1.5 0 0 1 2 13.5v-8A1.5 1.5 0 0 1 3.5 3H6V2a2 2 0 0 1 2-1zm1 3V3a1 1 0 0 0-2 0v1h2z\"\/><\/svg>K\u00f6p h\u00e4r<\/span><p class=\"rapido\">Din personliga h\u00e4lsning<\/p><\/div><\/div>\n\n\n\n<h2 class=\"wp-block-heading\"><strong>S\u00e5 v\u00e4ljer du r\u00e4tt bukett f\u00f6r ditt budskap<\/strong><\/h2>\n\n\n\n<p>Att v\u00e4lja blommor handlar om att matcha ditt budskap med blomsterspr\u00e5kets betydelser. H\u00e4r \u00e4r n\u00e5gra riktlinjer:<\/p>\n\n\n\n<p><strong>F\u00f6r en nyf\u00f6r\u00e4lskelse:<\/strong> V\u00e4lj rosa rosor eller f\u00e4rgglada tulpaner. De signalerar intresse utan att vara \u00f6verv\u00e4ldigande.<\/p>\n\n\n\n<p><strong>F\u00f6r en djup, etablerad k\u00e4rlek:<\/strong> R\u00f6da rosor \u00e4r det sj\u00e4lvklara valet. Kombinera g\u00e4rna med liljor f\u00f6r extra elegans.<\/p>\n\n\n\n<p><strong>F\u00f6r att tacka n\u00e5gon speciell:<\/strong> Rosa rosor eller en blandad bukett med varma f\u00e4rger visar uppskattning.<\/p>\n\n\n\n<p><strong>F\u00f6r att s\u00e4ga &#8221;jag saknar dig&#8221;:<\/strong> Skicka en \u00f6verraskande bukett till den du inte sett p\u00e5 l\u00e4nge. K\u00e4rleksf\u00f6rklaringen f\u00f6rst\u00e4rks n\u00e4r blommorna kommer ov\u00e4ntat.<\/p>\n\n\n\n<p>Funderar du p\u00e5 <a href=\"https:\/\/www.interflora.se\/inspiration\/forklara-din-karlek\/\">hur du b\u00e4st f\u00f6rklarar din k\u00e4rlek<\/a>? V\u00e5r guide hj\u00e4lper dig hitta r\u00e4tt ord till kortet.<\/p>\n\n\n\n<h2 class=\"wp-block-heading\"><strong>Skapa minnen med blomsterspr\u00e5ket<\/strong><\/h2>\n\n\n\n<p><strong>Att ge blommor \u00e4r mer \u00e4n en uppvaktning \u2013 det \u00e4r ett s\u00e4tt att skapa best\u00e5ende minnen.<\/strong> Forskning visar att emotionella \u00f6verraskningar, som att f\u00e5 blommor levererade, st\u00e4rker banden mellan m\u00e4nniskor. Pirret i magen n\u00e4r n\u00e5gon \u00f6ppnar d\u00f6rren och f\u00e5r en vacker bukett \u00e4r ov\u00e4rderligt.<\/p>\n\n\n\n<p>Blomsterspr\u00e5ket har en rik <a href=\"https:\/\/www.interflora.se\/inspiration\/blomstersprakets-betydelse-och-historia\/\">historia och betydelse<\/a> som str\u00e4cker sig \u00e5rhundraden tillbaka. Genom att l\u00e4ra dig dess grunder kan du ge dina buketter en extra dimension av mening.<\/p>\n\n\n\n<p>Oavsett om du v\u00e4ljer den klassiska r\u00f6da rosen eller experimenterar med tulpaner och liljor \u2013 det viktigaste \u00e4r att ge fr\u00e5n hj\u00e4rtat. Blommor har kraften att s\u00e4ga det vi ibland inte kan uttrycka i ord.<\/p>\n\n\n<div class=\"lp-produits-grid\"><div class=\"lp-produit\"><div class=\"lp-thumbnail-wrapper\"><img loading=\"lazy\" decoding=\"async\" width=\"240\" height=\"300\" src=\"https:\/\/www.interflora.se\/inspiration\/wp-content\/uploads\/2025\/05\/1201156-2024-ny-4.5-240x300.jpg\" class=\"attachment-medium size-medium wp-post-image\" alt=\"\" srcset=\"https:\/\/www.interflora.se\/inspiration\/wp-content\/uploads\/2025\/05\/1201156-2024-ny-4.5-240x300.jpg 240w, https:\/\/www.interflora.se\/inspiration\/wp-content\/uploads\/2025\/05\/1201156-2024-ny-4.5.jpg 745w\" sizes=\"auto, (max-width: 240px) 100vw, 240px\" \/><img decoding=\"async\" class=\"lp-badge\" src=\"https:\/\/www.interflora.se\/inspiration\/wp-content\/uploads\/2025\/03\/cropped-220422_INTERFLORA_Main_Logo_rgb_Main_Color-1.png\" alt=\"Blombud Interflora\"><\/div><span>Omtanke<\/span><p>fr\u00e5n 379 kr<\/p><span class=\"obf-link lp-cta\" role=\"link\" tabindex=\"0\" data-b64=\"aHR0cHM6Ly93d3cuaW50ZXJmbG9yYS5zZS9wLzMwOC1vbXRhbmtlLzI\/dXRtX21lZGl1bT1vcmdhbmljJnV0bV9zb3VyY2U9YmxvZ19wcm9kdWN0cyZ1dG1fY2FtcGFpZ249MTIwMTE1NQ==\" data-target=\"_blank\"><svg xmlns=\"http:\/\/www.w3.org\/2000\/svg\" width=\"16\" height=\"16\" fill=\"currentColor\" class=\"bi bi-bag\" viewBox=\"0 0 16 16\"><path d=\"M8 1a2 2 0 0 1 2 2v1h2.5A1.5 1.5 0 0 1 14 5.5v8A1.5 1.5 0 0 1 12.5 15h-9A1.5 1.5 0 0 1 2 13.5v-8A1.5 1.5 0 0 1 3.5 3H6V2a2 2 0 0 1 2-1zm1 3V3a1 1 0 0 0-2 0v1h2z\"\/><\/svg>K\u00f6p h\u00e4r<\/span><p class=\"rapido\">F\u00e4rska blommor<\/p><\/div><div class=\"lp-produit\"><div class=\"lp-thumbnail-wrapper\"><img loading=\"lazy\" decoding=\"async\" width=\"240\" height=\"300\" src=\"https:\/\/www.interflora.se\/inspiration\/wp-content\/uploads\/2025\/05\/1201665-4.5-240x300.jpg\" class=\"attachment-medium size-medium wp-post-image\" alt=\"\" srcset=\"https:\/\/www.interflora.se\/inspiration\/wp-content\/uploads\/2025\/05\/1201665-4.5-240x300.jpg 240w, https:\/\/www.interflora.se\/inspiration\/wp-content\/uploads\/2025\/05\/1201665-4.5.jpg 745w\" sizes=\"auto, (max-width: 240px) 100vw, 240px\" \/><img decoding=\"async\" class=\"lp-badge\" src=\"https:\/\/www.interflora.se\/inspiration\/wp-content\/uploads\/2025\/03\/cropped-220422_INTERFLORA_Main_Logo_rgb_Main_Color-1.png\" alt=\"Blombud Interflora\"><\/div><span>Rosdr\u00f6m<\/span><p>fr\u00e5n 549 kr<\/p><span class=\"obf-link lp-cta\" role=\"link\" tabindex=\"0\" data-b64=\"aHR0cHM6Ly93d3cuaW50ZXJmbG9yYS5zZS9wLzYzNi1yb3Nkcm9tLzI\/dXRtX21lZGl1bT1vcmdhbmljJnV0bV9zb3VyY2U9YmxvZ19wcm9kdWN0cyZ1dG1fY2FtcGFpZ249MTIwMTU0MA==\" data-target=\"_blank\"><svg xmlns=\"http:\/\/www.w3.org\/2000\/svg\" width=\"16\" height=\"16\" fill=\"currentColor\" class=\"bi bi-bag\" viewBox=\"0 0 16 16\"><path d=\"M8 1a2 2 0 0 1 2 2v1h2.5A1.5 1.5 0 0 1 14 5.5v8A1.5 1.5 0 0 1 12.5 15h-9A1.5 1.5 0 0 1 2 13.5v-8A1.5 1.5 0 0 1 3.5 3H6V2a2 2 0 0 1 2-1zm1 3V3a1 1 0 0 0-2 0v1h2z\"\/><\/svg>K\u00f6p h\u00e4r<\/span><p class=\"rapido\">F\u00e4rska blommor<\/p><\/div><div class=\"lp-produit\"><div class=\"lp-thumbnail-wrapper\"><img loading=\"lazy\" decoding=\"async\" width=\"240\" height=\"300\" src=\"https:\/\/www.interflora.se\/inspiration\/wp-content\/uploads\/2025\/05\/1202975-2025-240x300.jpg\" class=\"attachment-medium size-medium wp-post-image\" alt=\"\" srcset=\"https:\/\/www.interflora.se\/inspiration\/wp-content\/uploads\/2025\/05\/1202975-2025-240x300.jpg 240w, https:\/\/www.interflora.se\/inspiration\/wp-content\/uploads\/2025\/05\/1202975-2025.jpg 745w\" sizes=\"auto, (max-width: 240px) 100vw, 240px\" \/><img decoding=\"async\" class=\"lp-badge\" src=\"https:\/\/www.interflora.se\/inspiration\/wp-content\/uploads\/2025\/03\/cropped-220422_INTERFLORA_Main_Logo_rgb_Main_Color-1.png\" alt=\"Blombud Interflora\"><\/div><span>F\u00e4rglycka<\/span><p>fr\u00e5n 269 kr<\/p><span class=\"obf-link lp-cta\" role=\"link\" tabindex=\"0\" data-b64=\"aHR0cHM6Ly93d3cuaW50ZXJmbG9yYS5zZS9wLzgxNjc5LWZhcmdseWNrYS8yP3V0bV9tZWRpdW09b3JnYW5pYyZ1dG1fc291cmNlPWJsb2dfcHJvZHVjdHMmdXRtX2NhbXBhaWduPTEyMDI5NzQ=\" data-target=\"_blank\"><svg xmlns=\"http:\/\/www.w3.org\/2000\/svg\" width=\"16\" height=\"16\" fill=\"currentColor\" class=\"bi bi-bag\" viewBox=\"0 0 16 16\"><path d=\"M8 1a2 2 0 0 1 2 2v1h2.5A1.5 1.5 0 0 1 14 5.5v8A1.5 1.5 0 0 1 12.5 15h-9A1.5 1.5 0 0 1 2 13.5v-8A1.5 1.5 0 0 1 3.5 3H6V2a2 2 0 0 1 2-1zm1 3V3a1 1 0 0 0-2 0v1h2z\"\/><\/svg>K\u00f6p h\u00e4r<\/span><p class=\"rapido\">Leverans i hela Sverige<\/p><\/div><\/div>\n\n\n\n<h2 class=\"wp-block-heading\"><strong>Ge k\u00e4rlek \u2013 skicka blommor<\/strong><\/h2>\n\n\n\n<p>Alla hj\u00e4rtans dag \u00e4r det perfekta tillf\u00e4llet att visa n\u00e5gon vad hen betyder f\u00f6r dig. Med r\u00e4tt blommor blir din k\u00e4rleksf\u00f6rklaring of\u00f6rgl\u00f6mlig.<\/p>\n\n\n\n<p>Utforska v\u00e5ra <a href=\"https:\/\/www.interflora.se\/inspiration\/5-karleksfulla-buketter-till-alla-hjartans-dag\/\">5 k\u00e4rleksfulla buketter till alla hj\u00e4rtans dag<\/a> f\u00f6r mer inspiration, eller l\u00e4s <a href=\"https:\/\/www.interflora.se\/inspiration\/alla-hjartans-dag-tips\/\">tips f\u00f6r en lyckad alla hj\u00e4rtans dag<\/a>. Och kom ih\u00e5g \u2013 vi levererar blommor samma dag om du best\u00e4ller i tid. <strong>L\u00e5t blommorna tala.<\/strong> Ditt hj\u00e4rta vet redan vad det vill s\u00e4ga.<\/p>\n","protected":false},"excerpt":{"rendered":"<p>I korthet Alla blommor b\u00e4r p\u00e5 ett budskap, och att v\u00e4lja r\u00e4tt bukett kan f\u00f6rst\u00e4rka din k\u00e4rleksf\u00f6rklaring. R\u00f6da rosor signalerar [&hellip;]<\/p>\n","protected":false},"author":1,"featured_media":5237,"comment_status":"open","ping_status":"open","sticky":false,"template":"","format":"standard","meta":{"_uag_custom_page_level_css":"","site-sidebar-layout":"default","site-content-layout":"","ast-site-content-layout":"default","site-content-style":"default","site-sidebar-style":"default","ast-global-header-display":"","ast-banner-title-visibility":"","ast-main-header-display":"","ast-hfb-above-header-display":"","ast-hfb-below-header-display":"","ast-hfb-mobile-header-display":"","site-post-title":"","ast-breadcrumbs-content":"","ast-featured-img":"","footer-sml-layout":"","ast-disable-related-posts":"","theme-transparent-header-meta":"","adv-header-id-meta":"","stick-header-meta":"","header-above-stick-meta":"","header-main-stick-meta":"","header-below-stick-meta":"","astra-migrate-meta-layouts":"default","ast-page-background-enabled":"default","ast-page-background-meta":{"desktop":{"background-color":"var(--ast-global-color-5)","background-image":"","background-repeat":"repeat","background-position":"center center","background-size":"auto","background-attachment":"scroll","background-type":"","background-media":"","overlay-type":"","overlay-color":"","overlay-opacity":"","overlay-gradient":""},"tablet":{"background-color":"","background-image":"","background-repeat":"repeat","background-position":"center center","background-size":"auto","background-attachment":"scroll","background-type":"","background-media":"","overlay-type":"","overlay-color":"","overlay-opacity":"","overlay-gradient":""},"mobile":{"background-color":"","background-image":"","background-repeat":"repeat","background-position":"center center","background-size":"auto","background-attachment":"scroll","background-type":"","background-media":"","overlay-type":"","overlay-color":"","overlay-opacity":"","overlay-gradient":""}},"ast-content-background-meta":{"desktop":{"background-color":"var(--ast-global-color-4)","background-image":"","background-repeat":"repeat","background-position":"center center","background-size":"auto","background-attachment":"scroll","background-type":"","background-media":"","overlay-type":"","overlay-color":"","overlay-opacity":"","overlay-gradient":""},"tablet":{"background-color":"var(--ast-global-color-4)","background-image":"","background-repeat":"repeat","background-position":"center center","background-size":"auto","background-attachment":"scroll","background-type":"","background-media":"","overlay-type":"","overlay-color":"","overlay-opacity":"","overlay-gradient":""},"mobile":{"background-color":"var(--ast-global-color-4)","background-image":"","background-repeat":"repeat","background-position":"center center","background-size":"auto","background-attachment":"scroll","background-type":"","background-media":"","overlay-type":"","overlay-color":"","overlay-opacity":"","overlay-gradient":""}},"footnotes":""},"categories":[30,8,6],"tags":[],"class_list":["post-397","post","type-post","status-publish","format-standard","has-post-thumbnail","hentry","category-alla-hjartans-dag","category-blomsterspraket","category-hogtid-ceremoni"],"yoast_head":"<!-- This site is optimized with the Yoast SEO plugin v27.4 - https:\/\/yoast.com\/product\/yoast-seo-wordpress\/ -->\n<title>Blommornas betydelse p\u00e5 alla hj\u00e4rtans dag | Interflora<\/title>\n<meta name=\"description\" content=\"Vad s\u00e4ger dina blommor om din k\u00e4rlek? L\u00e4r dig betydelsen av rosor, tulpaner, liljor och krysantemum \u2013 och v\u00e4lj r\u00e4tt bukett till alla hj\u00e4rtans dag.\" \/>\n<meta name=\"robots\" content=\"index, follow, max-snippet:-1, max-image-preview:large, max-video-preview:-1\" \/>\n<link rel=\"canonical\" href=\"https:\/\/www.interflora.se\/inspiration\/skicka-en-bukett-karlek\/\" \/>\n<meta property=\"og:locale\" content=\"sv_SE\" \/>\n<meta property=\"og:type\" content=\"article\" \/>\n<meta property=\"og:title\" content=\"Blommornas betydelse p\u00e5 alla hj\u00e4rtans dag | Interflora\" \/>\n<meta property=\"og:description\" content=\"Vad s\u00e4ger dina blommor om din k\u00e4rlek? L\u00e4r dig betydelsen av rosor, tulpaner, liljor och krysantemum \u2013 och v\u00e4lj r\u00e4tt bukett till alla hj\u00e4rtans dag.\" \/>\n<meta property=\"og:url\" content=\"https:\/\/www.interflora.se\/inspiration\/skicka-en-bukett-karlek\/\" \/>\n<meta property=\"og:site_name\" content=\"Inspiration om blommor, krukv\u00e4xter &amp; trender | Interflora\" \/>\n<meta property=\"article:publisher\" content=\"https:\/\/www.facebook.com\/InterfloraAB\" \/>\n<meta property=\"article:published_time\" content=\"2026-01-16T13:41:41+00:00\" \/>\n<meta property=\"article:modified_time\" content=\"2026-01-21T14:36:06+00:00\" \/>\n<meta property=\"og:image\" content=\"https:\/\/www.interflora.se\/inspiration\/wp-content\/uploads\/2026\/01\/annesophiebenoit-interflora-saint-valentin-37-1-scaled.avif\" \/>\n\t<meta property=\"og:image:width\" content=\"1707\" \/>\n\t<meta property=\"og:image:height\" content=\"2560\" \/>\n\t<meta property=\"og:image:type\" content=\"image\/jpeg\" \/>\n<meta name=\"author\" content=\"admin\" \/>\n<meta name=\"twitter:card\" content=\"summary_large_image\" \/>\n<meta name=\"twitter:label1\" content=\"Skriven av\" \/>\n\t<meta name=\"twitter:data1\" content=\"admin\" \/>\n\t<meta name=\"twitter:label2\" content=\"Ber\u00e4knad l\u00e4stid\" \/>\n\t<meta name=\"twitter:data2\" content=\"7 minuter\" \/>\n<script type=\"application\/ld+json\" class=\"yoast-schema-graph\">{\"@context\":\"https:\\\/\\\/schema.org\",\"@graph\":[{\"@type\":\"Article\",\"@id\":\"https:\\\/\\\/www.interflora.se\\\/inspiration\\\/skicka-en-bukett-karlek\\\/#article\",\"isPartOf\":{\"@id\":\"https:\\\/\\\/www.interflora.se\\\/inspiration\\\/skicka-en-bukett-karlek\\\/\"},\"author\":{\"name\":\"admin\",\"@id\":\"https:\\\/\\\/www.interflora.se\\\/inspiration\\\/#\\\/schema\\\/person\\\/dbbd1ad45e05409c356dc639597669f2\"},\"headline\":\"Blommornas betydelse p\u00e5 alla hj\u00e4rtans dag\",\"datePublished\":\"2026-01-16T13:41:41+00:00\",\"dateModified\":\"2026-01-21T14:36:06+00:00\",\"mainEntityOfPage\":{\"@id\":\"https:\\\/\\\/www.interflora.se\\\/inspiration\\\/skicka-en-bukett-karlek\\\/\"},\"wordCount\":1188,\"commentCount\":0,\"publisher\":{\"@id\":\"https:\\\/\\\/www.interflora.se\\\/inspiration\\\/#organization\"},\"image\":{\"@id\":\"https:\\\/\\\/www.interflora.se\\\/inspiration\\\/skicka-en-bukett-karlek\\\/#primaryimage\"},\"thumbnailUrl\":\"https:\\\/\\\/www.interflora.se\\\/inspiration\\\/wp-content\\\/uploads\\\/2026\\\/01\\\/annesophiebenoit-interflora-saint-valentin-37-1-scaled.avif\",\"articleSection\":[\"Alla hj\u00e4rtans dag\",\"Blomsterspr\u00e5ket\",\"H\u00f6gtid &amp; ceremoni\"],\"inLanguage\":\"sv-SE\",\"potentialAction\":[{\"@type\":\"CommentAction\",\"name\":\"Comment\",\"target\":[\"https:\\\/\\\/www.interflora.se\\\/inspiration\\\/skicka-en-bukett-karlek\\\/#respond\"]}]},{\"@type\":\"WebPage\",\"@id\":\"https:\\\/\\\/www.interflora.se\\\/inspiration\\\/skicka-en-bukett-karlek\\\/\",\"url\":\"https:\\\/\\\/www.interflora.se\\\/inspiration\\\/skicka-en-bukett-karlek\\\/\",\"name\":\"Blommornas betydelse p\u00e5 alla hj\u00e4rtans dag | Interflora\",\"isPartOf\":{\"@id\":\"https:\\\/\\\/www.interflora.se\\\/inspiration\\\/#website\"},\"primaryImageOfPage\":{\"@id\":\"https:\\\/\\\/www.interflora.se\\\/inspiration\\\/skicka-en-bukett-karlek\\\/#primaryimage\"},\"image\":{\"@id\":\"https:\\\/\\\/www.interflora.se\\\/inspiration\\\/skicka-en-bukett-karlek\\\/#primaryimage\"},\"thumbnailUrl\":\"https:\\\/\\\/www.interflora.se\\\/inspiration\\\/wp-content\\\/uploads\\\/2026\\\/01\\\/annesophiebenoit-interflora-saint-valentin-37-1-scaled.avif\",\"datePublished\":\"2026-01-16T13:41:41+00:00\",\"dateModified\":\"2026-01-21T14:36:06+00:00\",\"description\":\"Vad s\u00e4ger dina blommor om din k\u00e4rlek? L\u00e4r dig betydelsen av rosor, tulpaner, liljor och krysantemum \u2013 och v\u00e4lj r\u00e4tt bukett till alla hj\u00e4rtans dag.\",\"breadcrumb\":{\"@id\":\"https:\\\/\\\/www.interflora.se\\\/inspiration\\\/skicka-en-bukett-karlek\\\/#breadcrumb\"},\"inLanguage\":\"sv-SE\",\"potentialAction\":[{\"@type\":\"ReadAction\",\"target\":[\"https:\\\/\\\/www.interflora.se\\\/inspiration\\\/skicka-en-bukett-karlek\\\/\"]}]},{\"@type\":\"ImageObject\",\"inLanguage\":\"sv-SE\",\"@id\":\"https:\\\/\\\/www.interflora.se\\\/inspiration\\\/skicka-en-bukett-karlek\\\/#primaryimage\",\"url\":\"https:\\\/\\\/www.interflora.se\\\/inspiration\\\/wp-content\\\/uploads\\\/2026\\\/01\\\/annesophiebenoit-interflora-saint-valentin-37-1-scaled.avif\",\"contentUrl\":\"https:\\\/\\\/www.interflora.se\\\/inspiration\\\/wp-content\\\/uploads\\\/2026\\\/01\\\/annesophiebenoit-interflora-saint-valentin-37-1-scaled.avif\",\"width\":1707,\"height\":2560},{\"@type\":\"BreadcrumbList\",\"@id\":\"https:\\\/\\\/www.interflora.se\\\/inspiration\\\/skicka-en-bukett-karlek\\\/#breadcrumb\",\"itemListElement\":[{\"@type\":\"ListItem\",\"position\":1,\"name\":\"Home\",\"item\":\"https:\\\/\\\/www.interflora.se\\\/inspiration\\\/\"},{\"@type\":\"ListItem\",\"position\":2,\"name\":\"Blommornas betydelse p\u00e5 alla hj\u00e4rtans dag\"}]},{\"@type\":\"WebSite\",\"@id\":\"https:\\\/\\\/www.interflora.se\\\/inspiration\\\/#website\",\"url\":\"https:\\\/\\\/www.interflora.se\\\/inspiration\\\/\",\"name\":\"Interflora\",\"description\":\"\",\"publisher\":{\"@id\":\"https:\\\/\\\/www.interflora.se\\\/inspiration\\\/#organization\"},\"potentialAction\":[{\"@type\":\"SearchAction\",\"target\":{\"@type\":\"EntryPoint\",\"urlTemplate\":\"https:\\\/\\\/www.interflora.se\\\/inspiration\\\/?s={search_term_string}\"},\"query-input\":{\"@type\":\"PropertyValueSpecification\",\"valueRequired\":true,\"valueName\":\"search_term_string\"}}],\"inLanguage\":\"sv-SE\"},{\"@type\":\"Organization\",\"@id\":\"https:\\\/\\\/www.interflora.se\\\/inspiration\\\/#organization\",\"name\":\"Interflora\",\"url\":\"https:\\\/\\\/www.interflora.se\\\/inspiration\\\/\",\"logo\":{\"@type\":\"ImageObject\",\"inLanguage\":\"sv-SE\",\"@id\":\"https:\\\/\\\/www.interflora.se\\\/inspiration\\\/#\\\/schema\\\/logo\\\/image\\\/\",\"url\":\"https:\\\/\\\/www.interflora.se\\\/inspiration\\\/wp-content\\\/uploads\\\/2025\\\/09\\\/cropped-220422_INTERFLORA_Logo_rgb_Half_Top_Circle_Main_Color.avif\",\"contentUrl\":\"https:\\\/\\\/www.interflora.se\\\/inspiration\\\/wp-content\\\/uploads\\\/2025\\\/09\\\/cropped-220422_INTERFLORA_Logo_rgb_Half_Top_Circle_Main_Color.avif\",\"width\":1418,\"height\":662,\"caption\":\"Interflora\"},\"image\":{\"@id\":\"https:\\\/\\\/www.interflora.se\\\/inspiration\\\/#\\\/schema\\\/logo\\\/image\\\/\"},\"sameAs\":[\"https:\\\/\\\/www.facebook.com\\\/InterfloraAB\",\"https:\\\/\\\/www.instagram.com\\\/interflora_ab\\\/\",\"https:\\\/\\\/www.linkedin.com\\\/company\\\/1494362\",\"https:\\\/\\\/www.youtube.com\\\/channel\\\/UCZgDzGWB2VRxaoWFUmXnk1w\"]},{\"@type\":\"Person\",\"@id\":\"https:\\\/\\\/www.interflora.se\\\/inspiration\\\/#\\\/schema\\\/person\\\/dbbd1ad45e05409c356dc639597669f2\",\"name\":\"admin\",\"image\":{\"@type\":\"ImageObject\",\"inLanguage\":\"sv-SE\",\"@id\":\"https:\\\/\\\/www.interflora.se\\\/inspiration\\\/wp-content\\\/litespeed\\\/avatar\\\/1fe3cced9e67df62d0a6f995d75823a5.jpg?ver=1777362393\",\"url\":\"https:\\\/\\\/www.interflora.se\\\/inspiration\\\/wp-content\\\/litespeed\\\/avatar\\\/1fe3cced9e67df62d0a6f995d75823a5.jpg?ver=1777362393\",\"contentUrl\":\"https:\\\/\\\/www.interflora.se\\\/inspiration\\\/wp-content\\\/litespeed\\\/avatar\\\/1fe3cced9e67df62d0a6f995d75823a5.jpg?ver=1777362393\",\"caption\":\"admin\"},\"sameAs\":[\"https:\\\/\\\/www.interflora.se\\\/inspiration\"],\"url\":\"https:\\\/\\\/www.interflora.se\\\/inspiration\\\/author\\\/admin\\\/\"}]}<\/script>\n<!-- \/ Yoast SEO plugin. -->","yoast_head_json":{"title":"Blommornas betydelse p\u00e5 alla hj\u00e4rtans dag | Interflora","description":"Vad s\u00e4ger dina blommor om din k\u00e4rlek? L\u00e4r dig betydelsen av rosor, tulpaner, liljor och krysantemum \u2013 och v\u00e4lj r\u00e4tt bukett till alla hj\u00e4rtans dag.","robots":{"index":"index","follow":"follow","max-snippet":"max-snippet:-1","max-image-preview":"max-image-preview:large","max-video-preview":"max-video-preview:-1"},"canonical":"https:\/\/www.interflora.se\/inspiration\/skicka-en-bukett-karlek\/","og_locale":"sv_SE","og_type":"article","og_title":"Blommornas betydelse p\u00e5 alla hj\u00e4rtans dag | Interflora","og_description":"Vad s\u00e4ger dina blommor om din k\u00e4rlek? L\u00e4r dig betydelsen av rosor, tulpaner, liljor och krysantemum \u2013 och v\u00e4lj r\u00e4tt bukett till alla hj\u00e4rtans dag.","og_url":"https:\/\/www.interflora.se\/inspiration\/skicka-en-bukett-karlek\/","og_site_name":"Inspiration om blommor, krukv\u00e4xter &amp; trender | Interflora","article_publisher":"https:\/\/www.facebook.com\/InterfloraAB","article_published_time":"2026-01-16T13:41:41+00:00","article_modified_time":"2026-01-21T14:36:06+00:00","og_image":[{"width":1707,"height":2560,"url":"https:\/\/www.interflora.se\/inspiration\/wp-content\/uploads\/2026\/01\/annesophiebenoit-interflora-saint-valentin-37-1-scaled.avif","type":"image\/jpeg"}],"author":"admin","twitter_card":"summary_large_image","twitter_misc":{"Skriven av":"admin","Ber\u00e4knad l\u00e4stid":"7 minuter"},"schema":{"@context":"https:\/\/schema.org","@graph":[{"@type":"Article","@id":"https:\/\/www.interflora.se\/inspiration\/skicka-en-bukett-karlek\/#article","isPartOf":{"@id":"https:\/\/www.interflora.se\/inspiration\/skicka-en-bukett-karlek\/"},"author":{"name":"admin","@id":"https:\/\/www.interflora.se\/inspiration\/#\/schema\/person\/dbbd1ad45e05409c356dc639597669f2"},"headline":"Blommornas betydelse p\u00e5 alla hj\u00e4rtans dag","datePublished":"2026-01-16T13:41:41+00:00","dateModified":"2026-01-21T14:36:06+00:00","mainEntityOfPage":{"@id":"https:\/\/www.interflora.se\/inspiration\/skicka-en-bukett-karlek\/"},"wordCount":1188,"commentCount":0,"publisher":{"@id":"https:\/\/www.interflora.se\/inspiration\/#organization"},"image":{"@id":"https:\/\/www.interflora.se\/inspiration\/skicka-en-bukett-karlek\/#primaryimage"},"thumbnailUrl":"https:\/\/www.interflora.se\/inspiration\/wp-content\/uploads\/2026\/01\/annesophiebenoit-interflora-saint-valentin-37-1-scaled.avif","articleSection":["Alla hj\u00e4rtans dag","Blomsterspr\u00e5ket","H\u00f6gtid &amp; ceremoni"],"inLanguage":"sv-SE","potentialAction":[{"@type":"CommentAction","name":"Comment","target":["https:\/\/www.interflora.se\/inspiration\/skicka-en-bukett-karlek\/#respond"]}]},{"@type":"WebPage","@id":"https:\/\/www.interflora.se\/inspiration\/skicka-en-bukett-karlek\/","url":"https:\/\/www.interflora.se\/inspiration\/skicka-en-bukett-karlek\/","name":"Blommornas betydelse p\u00e5 alla hj\u00e4rtans dag | Interflora","isPartOf":{"@id":"https:\/\/www.interflora.se\/inspiration\/#website"},"primaryImageOfPage":{"@id":"https:\/\/www.interflora.se\/inspiration\/skicka-en-bukett-karlek\/#primaryimage"},"image":{"@id":"https:\/\/www.interflora.se\/inspiration\/skicka-en-bukett-karlek\/#primaryimage"},"thumbnailUrl":"https:\/\/www.interflora.se\/inspiration\/wp-content\/uploads\/2026\/01\/annesophiebenoit-interflora-saint-valentin-37-1-scaled.avif","datePublished":"2026-01-16T13:41:41+00:00","dateModified":"2026-01-21T14:36:06+00:00","description":"Vad s\u00e4ger dina blommor om din k\u00e4rlek? L\u00e4r dig betydelsen av rosor, tulpaner, liljor och krysantemum \u2013 och v\u00e4lj r\u00e4tt bukett till alla hj\u00e4rtans dag.","breadcrumb":{"@id":"https:\/\/www.interflora.se\/inspiration\/skicka-en-bukett-karlek\/#breadcrumb"},"inLanguage":"sv-SE","potentialAction":[{"@type":"ReadAction","target":["https:\/\/www.interflora.se\/inspiration\/skicka-en-bukett-karlek\/"]}]},{"@type":"ImageObject","inLanguage":"sv-SE","@id":"https:\/\/www.interflora.se\/inspiration\/skicka-en-bukett-karlek\/#primaryimage","url":"https:\/\/www.interflora.se\/inspiration\/wp-content\/uploads\/2026\/01\/annesophiebenoit-interflora-saint-valentin-37-1-scaled.avif","contentUrl":"https:\/\/www.interflora.se\/inspiration\/wp-content\/uploads\/2026\/01\/annesophiebenoit-interflora-saint-valentin-37-1-scaled.avif","width":1707,"height":2560},{"@type":"BreadcrumbList","@id":"https:\/\/www.interflora.se\/inspiration\/skicka-en-bukett-karlek\/#breadcrumb","itemListElement":[{"@type":"ListItem","position":1,"name":"Home","item":"https:\/\/www.interflora.se\/inspiration\/"},{"@type":"ListItem","position":2,"name":"Blommornas betydelse p\u00e5 alla hj\u00e4rtans dag"}]},{"@type":"WebSite","@id":"https:\/\/www.interflora.se\/inspiration\/#website","url":"https:\/\/www.interflora.se\/inspiration\/","name":"Interflora","description":"","publisher":{"@id":"https:\/\/www.interflora.se\/inspiration\/#organization"},"potentialAction":[{"@type":"SearchAction","target":{"@type":"EntryPoint","urlTemplate":"https:\/\/www.interflora.se\/inspiration\/?s={search_term_string}"},"query-input":{"@type":"PropertyValueSpecification","valueRequired":true,"valueName":"search_term_string"}}],"inLanguage":"sv-SE"},{"@type":"Organization","@id":"https:\/\/www.interflora.se\/inspiration\/#organization","name":"Interflora","url":"https:\/\/www.interflora.se\/inspiration\/","logo":{"@type":"ImageObject","inLanguage":"sv-SE","@id":"https:\/\/www.interflora.se\/inspiration\/#\/schema\/logo\/image\/","url":"https:\/\/www.interflora.se\/inspiration\/wp-content\/uploads\/2025\/09\/cropped-220422_INTERFLORA_Logo_rgb_Half_Top_Circle_Main_Color.avif","contentUrl":"https:\/\/www.interflora.se\/inspiration\/wp-content\/uploads\/2025\/09\/cropped-220422_INTERFLORA_Logo_rgb_Half_Top_Circle_Main_Color.avif","width":1418,"height":662,"caption":"Interflora"},"image":{"@id":"https:\/\/www.interflora.se\/inspiration\/#\/schema\/logo\/image\/"},"sameAs":["https:\/\/www.facebook.com\/InterfloraAB","https:\/\/www.instagram.com\/interflora_ab\/","https:\/\/www.linkedin.com\/company\/1494362","https:\/\/www.youtube.com\/channel\/UCZgDzGWB2VRxaoWFUmXnk1w"]},{"@type":"Person","@id":"https:\/\/www.interflora.se\/inspiration\/#\/schema\/person\/dbbd1ad45e05409c356dc639597669f2","name":"admin","image":{"@type":"ImageObject","inLanguage":"sv-SE","@id":"https:\/\/www.interflora.se\/inspiration\/wp-content\/litespeed\/avatar\/1fe3cced9e67df62d0a6f995d75823a5.jpg?ver=1777362393","url":"https:\/\/www.interflora.se\/inspiration\/wp-content\/litespeed\/avatar\/1fe3cced9e67df62d0a6f995d75823a5.jpg?ver=1777362393","contentUrl":"https:\/\/www.interflora.se\/inspiration\/wp-content\/litespeed\/avatar\/1fe3cced9e67df62d0a6f995d75823a5.jpg?ver=1777362393","caption":"admin"},"sameAs":["https:\/\/www.interflora.se\/inspiration"],"url":"https:\/\/www.interflora.se\/inspiration\/author\/admin\/"}]}},"uagb_featured_image_src":{"full":["https:\/\/www.interflora.se\/inspiration\/wp-content\/uploads\/2026\/01\/annesophiebenoit-interflora-saint-valentin-37-1-scaled.avif",1707,2560,false],"thumbnail":["https:\/\/www.interflora.se\/inspiration\/wp-content\/uploads\/2026\/01\/annesophiebenoit-interflora-saint-valentin-37-1-150x150.avif",150,150,true],"medium":["https:\/\/www.interflora.se\/inspiration\/wp-content\/uploads\/2026\/01\/annesophiebenoit-interflora-saint-valentin-37-1-200x300.avif",200,300,true],"medium_large":["https:\/\/www.interflora.se\/inspiration\/wp-content\/uploads\/2026\/01\/annesophiebenoit-interflora-saint-valentin-37-1-768x1152.avif",768,1152,true],"large":["https:\/\/www.interflora.se\/inspiration\/wp-content\/uploads\/2026\/01\/annesophiebenoit-interflora-saint-valentin-37-1-683x1024.avif",683,1024,true],"1536x1536":["https:\/\/www.interflora.se\/inspiration\/wp-content\/uploads\/2026\/01\/annesophiebenoit-interflora-saint-valentin-37-1-1024x1536.avif",1024,1536,true],"2048x2048":["https:\/\/www.interflora.se\/inspiration\/wp-content\/uploads\/2026\/01\/annesophiebenoit-interflora-saint-valentin-37-1-1365x2048.avif",1365,2048,true]},"uagb_author_info":{"display_name":"admin","author_link":"https:\/\/www.interflora.se\/inspiration\/author\/admin\/"},"uagb_comment_info":0,"uagb_excerpt":"I korthet Alla blommor b\u00e4r p\u00e5 ett budskap, och att v\u00e4lja r\u00e4tt bukett kan f\u00f6rst\u00e4rka din k\u00e4rleksf\u00f6rklaring. R\u00f6da rosor signalerar [&hellip;]","_links":{"self":[{"href":"https:\/\/www.interflora.se\/inspiration\/wp-json\/wp\/v2\/posts\/397","targetHints":{"allow":["GET"]}}],"collection":[{"href":"https:\/\/www.interflora.se\/inspiration\/wp-json\/wp\/v2\/posts"}],"about":[{"href":"https:\/\/www.interflora.se\/inspiration\/wp-json\/wp\/v2\/types\/post"}],"author":[{"embeddable":true,"href":"https:\/\/www.interflora.se\/inspiration\/wp-json\/wp\/v2\/users\/1"}],"replies":[{"embeddable":true,"href":"https:\/\/www.interflora.se\/inspiration\/wp-json\/wp\/v2\/comments?post=397"}],"version-history":[{"count":10,"href":"https:\/\/www.interflora.se\/inspiration\/wp-json\/wp\/v2\/posts\/397\/revisions"}],"predecessor-version":[{"id":5478,"href":"https:\/\/www.interflora.se\/inspiration\/wp-json\/wp\/v2\/posts\/397\/revisions\/5478"}],"wp:featuredmedia":[{"embeddable":true,"href":"https:\/\/www.interflora.se\/inspiration\/wp-json\/wp\/v2\/media\/5237"}],"wp:attachment":[{"href":"https:\/\/www.interflora.se\/inspiration\/wp-json\/wp\/v2\/media?parent=397"}],"wp:term":[{"taxonomy":"category","embeddable":true,"href":"https:\/\/www.interflora.se\/inspiration\/wp-json\/wp\/v2\/categories?post=397"},{"taxonomy":"post_tag","embeddable":true,"href":"https:\/\/www.interflora.se\/inspiration\/wp-json\/wp\/v2\/tags?post=397"}],"curies":[{"name":"wp","href":"https:\/\/api.w.org\/{rel}","templated":true}]}}