{"id":391,"date":"2024-03-06T13:08:12","date_gmt":"2024-03-06T12:08:12","guid":{"rendered":"http:\/\/preprodblog.interflora.se\/blog\/?p=391"},"modified":"2025-03-25T15:17:47","modified_gmt":"2025-03-25T14:17:47","slug":"skapa-dekorativa-mossabollar","status":"publish","type":"post","link":"https:\/\/www.interflora.se\/inspiration\/skapa-dekorativa-mossabollar\/","title":{"rendered":"Skapa dekorativa mossbollar"},"content":{"rendered":"\n<p>Plocka in naturen och byt ut den traditionella krukan mot dekorativa&nbsp;mossbollar. De \u00e4r enkla att g\u00f6ra och ger en ombonad k\u00e4nsla inte bara till jul och ny\u00e5r utan \u00e4ven resten av \u00e5ret.&nbsp;<\/p>\n\n\n\n<p>Mossbollar,&nbsp;eller Kokedamas som de ocks\u00e5 kallas,&nbsp;kommer ursprungligen fr\u00e5n Japan. De \u00e4r l\u00e4tta att g\u00f6ra och h\u00e5ller sig fina l\u00e4nge. H\u00e4r beh\u00f6vs ingen kruka utan jorden kramas till en boll som sedan t\u00e4cks med mossa. L\u00e4gg bollarna p\u00e5 fat eller h\u00e4ng upp dem i sn\u00f6ren.&nbsp;<\/p>\n\n\n\n<p>Du kan v\u00e4lja&nbsp;<a href=\"https:\/\/www.interflora.se\/home\/snittblommor\/julblommor\/julros-utan-blad\/\">julros<\/a>, som h\u00e4r p\u00e5 bilden,&nbsp;<a href=\"https:\/\/www.interflora.se\/home\/snittblommor\/julblommor\/vit-hyacint-3-pack\/\">hyacint<\/a>&nbsp;eller n\u00e5gon annan v\u00e4xt du tycker om.&nbsp;Ett tips \u00e4r att ocks\u00e5 g\u00f6ra mossbollar utan v\u00e4xter. Ta d\u00e5 valfri boll eller julkula och t\u00e4ck den med mossa.<\/p>\n\n\n\n<h3 class=\"wp-block-heading\">Det h\u00e4r beh\u00f6ver du:&nbsp;<\/h3>\n\n\n\n<ul class=\"wp-block-list\">\n<li>En\u00a0krukv\u00e4xt eller boll<\/li>\n\n\n\n<li>Mossa<\/li>\n\n\n\n<li>St\u00e5ltr\u00e5d eller sn\u00f6re (f\u00f6r att binda ihop bollen)<\/li>\n\n\n\n<li>Fat eller sn\u00f6re (om du vill h\u00e4nga upp din mossboll)<\/li>\n<\/ul>\n\n\n\n<h3 class=\"wp-block-heading\">S\u00e5 h\u00e4r g\u00f6r du:&nbsp;<\/h3>\n\n\n\n<ol class=\"wp-block-list\">\n<li>Ta ur v\u00e4xten ur krukan och ta bort lite av jorden.<\/li>\n\n\n\n<li>Forma jorden till en boll med hj\u00e4lp av lite vatten.<\/li>\n\n\n\n<li>T\u00e4ck bollen med mossa.<\/li>\n\n\n\n<li>F\u00e4st mossan genom att linda med st\u00e5ltr\u00e5d eller sn\u00f6re runt bollen.<\/li>\n<\/ol>\n\n\n\n<p>Vattna v\u00e4xten efter behov genom att h\u00e4lla vatten p\u00e5 bollen eller genom doppa den i vatten. Kom ih\u00e5g att st\u00e4lla ett fat under plantan efter vattningen.&nbsp;<\/p>\n\n\n\n<figure class=\"wp-block-image aligncenter size-large\"><img loading=\"lazy\" decoding=\"async\" width=\"1024\" height=\"819\" src=\"https:\/\/www.interflora.se\/inspiration\/wp-content\/uploads\/2024\/03\/image-1-1024x819.png\" alt=\"\" class=\"wp-image-1423\" srcset=\"https:\/\/www.interflora.se\/inspiration\/wp-content\/uploads\/2024\/03\/image-1-1024x819.png 1024w, https:\/\/www.interflora.se\/inspiration\/wp-content\/uploads\/2024\/03\/image-1-300x240.png 300w, https:\/\/www.interflora.se\/inspiration\/wp-content\/uploads\/2024\/03\/image-1-768x614.png 768w, https:\/\/www.interflora.se\/inspiration\/wp-content\/uploads\/2024\/03\/image-1.png 1500w\" sizes=\"auto, (max-width: 1024px) 100vw, 1024px\" \/><\/figure>\n\n\n\n<p class=\"has-large-font-size\"><strong>Lycka till!<\/strong><\/p>\n","protected":false},"excerpt":{"rendered":"<p>Plocka in naturen och byt ut den traditionella krukan mot dekorativa&nbsp;mossbollar. De \u00e4r enkla att g\u00f6ra och ger en ombonad [&hellip;]<\/p>\n","protected":false},"author":1,"featured_media":1423,"comment_status":"open","ping_status":"open","sticky":false,"template":"","format":"standard","meta":{"_uag_custom_page_level_css":"","site-sidebar-layout":"default","site-content-layout":"","ast-site-content-layout":"default","site-content-style":"default","site-sidebar-style":"default","ast-global-header-display":"","ast-banner-title-visibility":"","ast-main-header-display":"","ast-hfb-above-header-display":"","ast-hfb-below-header-display":"","ast-hfb-mobile-header-display":"","site-post-title":"","ast-breadcrumbs-content":"","ast-featured-img":"","footer-sml-layout":"","ast-disable-related-posts":"","theme-transparent-header-meta":"","adv-header-id-meta":"","stick-header-meta":"","header-above-stick-meta":"","header-main-stick-meta":"","header-below-stick-meta":"","astra-migrate-meta-layouts":"default","ast-page-background-enabled":"default","ast-page-background-meta":{"desktop":{"background-color":"var(--ast-global-color-5)","background-image":"","background-repeat":"repeat","background-position":"center center","background-size":"auto","background-attachment":"scroll","background-type":"","background-media":"","overlay-type":"","overlay-color":"","overlay-opacity":"","overlay-gradient":""},"tablet":{"background-color":"","background-image":"","background-repeat":"repeat","background-position":"center center","background-size":"auto","background-attachment":"scroll","background-type":"","background-media":"","overlay-type":"","overlay-color":"","overlay-opacity":"","overlay-gradient":""},"mobile":{"background-color":"","background-image":"","background-repeat":"repeat","background-position":"center center","background-size":"auto","background-attachment":"scroll","background-type":"","background-media":"","overlay-type":"","overlay-color":"","overlay-opacity":"","overlay-gradient":""}},"ast-content-background-meta":{"desktop":{"background-color":"var(--ast-global-color-4)","background-image":"","background-repeat":"repeat","background-position":"center center","background-size":"auto","background-attachment":"scroll","background-type":"","background-media":"","overlay-type":"","overlay-color":"","overlay-opacity":"","overlay-gradient":""},"tablet":{"background-color":"var(--ast-global-color-4)","background-image":"","background-repeat":"repeat","background-position":"center center","background-size":"auto","background-attachment":"scroll","background-type":"","background-media":"","overlay-type":"","overlay-color":"","overlay-opacity":"","overlay-gradient":""},"mobile":{"background-color":"var(--ast-global-color-4)","background-image":"","background-repeat":"repeat","background-position":"center center","background-size":"auto","background-attachment":"scroll","background-type":"","background-media":"","overlay-type":"","overlay-color":"","overlay-opacity":"","overlay-gradient":""}},"footnotes":""},"categories":[5],"tags":[],"class_list":["post-391","post","type-post","status-publish","format-standard","has-post-thumbnail","hentry","category-diy"],"yoast_head":"<!-- This site is optimized with the Yoast SEO plugin v27.4 - https:\/\/yoast.com\/product\/yoast-seo-wordpress\/ -->\n<title>Skapa dekorativa mossbollar | Interflora<\/title>\n<meta name=\"robots\" content=\"index, follow, max-snippet:-1, max-image-preview:large, max-video-preview:-1\" \/>\n<link rel=\"canonical\" href=\"https:\/\/www.interflora.se\/inspiration\/skapa-dekorativa-mossabollar\/\" \/>\n<meta property=\"og:locale\" content=\"sv_SE\" \/>\n<meta property=\"og:type\" content=\"article\" \/>\n<meta property=\"og:title\" content=\"Skapa dekorativa mossbollar | Interflora\" \/>\n<meta property=\"og:description\" content=\"Plocka in naturen och byt ut den traditionella krukan mot dekorativa&nbsp;mossbollar. De \u00e4r enkla att g\u00f6ra och ger en ombonad [&hellip;]\" \/>\n<meta property=\"og:url\" content=\"https:\/\/www.interflora.se\/inspiration\/skapa-dekorativa-mossabollar\/\" \/>\n<meta property=\"og:site_name\" content=\"Inspiration om blommor, krukv\u00e4xter &amp; trender | Interflora\" \/>\n<meta property=\"article:publisher\" content=\"https:\/\/www.facebook.com\/InterfloraAB\" \/>\n<meta property=\"article:published_time\" content=\"2024-03-06T12:08:12+00:00\" \/>\n<meta property=\"article:modified_time\" content=\"2025-03-25T14:17:47+00:00\" \/>\n<meta property=\"og:image\" content=\"https:\/\/www.interflora.se\/inspiration\/wp-content\/uploads\/2024\/03\/image-1-1024x819.png\" \/>\n\t<meta property=\"og:image:width\" content=\"1024\" \/>\n\t<meta property=\"og:image:height\" content=\"819\" \/>\n\t<meta property=\"og:image:type\" content=\"image\/png\" \/>\n<meta name=\"author\" content=\"admin\" \/>\n<meta name=\"twitter:card\" content=\"summary_large_image\" \/>\n<meta name=\"twitter:label1\" content=\"Skriven av\" \/>\n\t<meta name=\"twitter:data1\" content=\"admin\" \/>\n\t<meta name=\"twitter:label2\" content=\"Ber\u00e4knad l\u00e4stid\" \/>\n\t<meta name=\"twitter:data2\" content=\"1 minut\" \/>\n<script type=\"application\/ld+json\" class=\"yoast-schema-graph\">{\"@context\":\"https:\\\/\\\/schema.org\",\"@graph\":[{\"@type\":\"Article\",\"@id\":\"https:\\\/\\\/www.interflora.se\\\/inspiration\\\/skapa-dekorativa-mossabollar\\\/#article\",\"isPartOf\":{\"@id\":\"https:\\\/\\\/www.interflora.se\\\/inspiration\\\/skapa-dekorativa-mossabollar\\\/\"},\"author\":{\"name\":\"admin\",\"@id\":\"https:\\\/\\\/www.interflora.se\\\/inspiration\\\/#\\\/schema\\\/person\\\/dbbd1ad45e05409c356dc639597669f2\"},\"headline\":\"Skapa dekorativa mossbollar\",\"datePublished\":\"2024-03-06T12:08:12+00:00\",\"dateModified\":\"2025-03-25T14:17:47+00:00\",\"mainEntityOfPage\":{\"@id\":\"https:\\\/\\\/www.interflora.se\\\/inspiration\\\/skapa-dekorativa-mossabollar\\\/\"},\"wordCount\":268,\"commentCount\":0,\"publisher\":{\"@id\":\"https:\\\/\\\/www.interflora.se\\\/inspiration\\\/#organization\"},\"image\":{\"@id\":\"https:\\\/\\\/www.interflora.se\\\/inspiration\\\/skapa-dekorativa-mossabollar\\\/#primaryimage\"},\"thumbnailUrl\":\"https:\\\/\\\/www.interflora.se\\\/inspiration\\\/wp-content\\\/uploads\\\/2024\\\/03\\\/image-1.png\",\"articleSection\":[\"DIY\"],\"inLanguage\":\"sv-SE\",\"potentialAction\":[{\"@type\":\"CommentAction\",\"name\":\"Comment\",\"target\":[\"https:\\\/\\\/www.interflora.se\\\/inspiration\\\/skapa-dekorativa-mossabollar\\\/#respond\"]}]},{\"@type\":\"WebPage\",\"@id\":\"https:\\\/\\\/www.interflora.se\\\/inspiration\\\/skapa-dekorativa-mossabollar\\\/\",\"url\":\"https:\\\/\\\/www.interflora.se\\\/inspiration\\\/skapa-dekorativa-mossabollar\\\/\",\"name\":\"Skapa dekorativa mossbollar | Interflora\",\"isPartOf\":{\"@id\":\"https:\\\/\\\/www.interflora.se\\\/inspiration\\\/#website\"},\"primaryImageOfPage\":{\"@id\":\"https:\\\/\\\/www.interflora.se\\\/inspiration\\\/skapa-dekorativa-mossabollar\\\/#primaryimage\"},\"image\":{\"@id\":\"https:\\\/\\\/www.interflora.se\\\/inspiration\\\/skapa-dekorativa-mossabollar\\\/#primaryimage\"},\"thumbnailUrl\":\"https:\\\/\\\/www.interflora.se\\\/inspiration\\\/wp-content\\\/uploads\\\/2024\\\/03\\\/image-1.png\",\"datePublished\":\"2024-03-06T12:08:12+00:00\",\"dateModified\":\"2025-03-25T14:17:47+00:00\",\"breadcrumb\":{\"@id\":\"https:\\\/\\\/www.interflora.se\\\/inspiration\\\/skapa-dekorativa-mossabollar\\\/#breadcrumb\"},\"inLanguage\":\"sv-SE\",\"potentialAction\":[{\"@type\":\"ReadAction\",\"target\":[\"https:\\\/\\\/www.interflora.se\\\/inspiration\\\/skapa-dekorativa-mossabollar\\\/\"]}]},{\"@type\":\"ImageObject\",\"inLanguage\":\"sv-SE\",\"@id\":\"https:\\\/\\\/www.interflora.se\\\/inspiration\\\/skapa-dekorativa-mossabollar\\\/#primaryimage\",\"url\":\"https:\\\/\\\/www.interflora.se\\\/inspiration\\\/wp-content\\\/uploads\\\/2024\\\/03\\\/image-1.png\",\"contentUrl\":\"https:\\\/\\\/www.interflora.se\\\/inspiration\\\/wp-content\\\/uploads\\\/2024\\\/03\\\/image-1.png\",\"width\":1500,\"height\":1200},{\"@type\":\"BreadcrumbList\",\"@id\":\"https:\\\/\\\/www.interflora.se\\\/inspiration\\\/skapa-dekorativa-mossabollar\\\/#breadcrumb\",\"itemListElement\":[{\"@type\":\"ListItem\",\"position\":1,\"name\":\"Home\",\"item\":\"https:\\\/\\\/www.interflora.se\\\/inspiration\\\/\"},{\"@type\":\"ListItem\",\"position\":2,\"name\":\"Skapa dekorativa mossbollar\"}]},{\"@type\":\"WebSite\",\"@id\":\"https:\\\/\\\/www.interflora.se\\\/inspiration\\\/#website\",\"url\":\"https:\\\/\\\/www.interflora.se\\\/inspiration\\\/\",\"name\":\"Interflora\",\"description\":\"\",\"publisher\":{\"@id\":\"https:\\\/\\\/www.interflora.se\\\/inspiration\\\/#organization\"},\"potentialAction\":[{\"@type\":\"SearchAction\",\"target\":{\"@type\":\"EntryPoint\",\"urlTemplate\":\"https:\\\/\\\/www.interflora.se\\\/inspiration\\\/?s={search_term_string}\"},\"query-input\":{\"@type\":\"PropertyValueSpecification\",\"valueRequired\":true,\"valueName\":\"search_term_string\"}}],\"inLanguage\":\"sv-SE\"},{\"@type\":\"Organization\",\"@id\":\"https:\\\/\\\/www.interflora.se\\\/inspiration\\\/#organization\",\"name\":\"Interflora\",\"url\":\"https:\\\/\\\/www.interflora.se\\\/inspiration\\\/\",\"logo\":{\"@type\":\"ImageObject\",\"inLanguage\":\"sv-SE\",\"@id\":\"https:\\\/\\\/www.interflora.se\\\/inspiration\\\/#\\\/schema\\\/logo\\\/image\\\/\",\"url\":\"https:\\\/\\\/www.interflora.se\\\/inspiration\\\/wp-content\\\/uploads\\\/2025\\\/09\\\/cropped-220422_INTERFLORA_Logo_rgb_Half_Top_Circle_Main_Color.avif\",\"contentUrl\":\"https:\\\/\\\/www.interflora.se\\\/inspiration\\\/wp-content\\\/uploads\\\/2025\\\/09\\\/cropped-220422_INTERFLORA_Logo_rgb_Half_Top_Circle_Main_Color.avif\",\"width\":1418,\"height\":662,\"caption\":\"Interflora\"},\"image\":{\"@id\":\"https:\\\/\\\/www.interflora.se\\\/inspiration\\\/#\\\/schema\\\/logo\\\/image\\\/\"},\"sameAs\":[\"https:\\\/\\\/www.facebook.com\\\/InterfloraAB\",\"https:\\\/\\\/www.instagram.com\\\/interflora_ab\\\/\",\"https:\\\/\\\/www.linkedin.com\\\/company\\\/1494362\",\"https:\\\/\\\/www.youtube.com\\\/channel\\\/UCZgDzGWB2VRxaoWFUmXnk1w\"]},{\"@type\":\"Person\",\"@id\":\"https:\\\/\\\/www.interflora.se\\\/inspiration\\\/#\\\/schema\\\/person\\\/dbbd1ad45e05409c356dc639597669f2\",\"name\":\"admin\",\"image\":{\"@type\":\"ImageObject\",\"inLanguage\":\"sv-SE\",\"@id\":\"https:\\\/\\\/www.interflora.se\\\/inspiration\\\/wp-content\\\/litespeed\\\/avatar\\\/1fe3cced9e67df62d0a6f995d75823a5.jpg?ver=1777362393\",\"url\":\"https:\\\/\\\/www.interflora.se\\\/inspiration\\\/wp-content\\\/litespeed\\\/avatar\\\/1fe3cced9e67df62d0a6f995d75823a5.jpg?ver=1777362393\",\"contentUrl\":\"https:\\\/\\\/www.interflora.se\\\/inspiration\\\/wp-content\\\/litespeed\\\/avatar\\\/1fe3cced9e67df62d0a6f995d75823a5.jpg?ver=1777362393\",\"caption\":\"admin\"},\"sameAs\":[\"https:\\\/\\\/www.interflora.se\\\/inspiration\"],\"url\":\"https:\\\/\\\/www.interflora.se\\\/inspiration\\\/author\\\/admin\\\/\"}]}<\/script>\n<!-- \/ Yoast SEO plugin. -->","yoast_head_json":{"title":"Skapa dekorativa mossbollar | Interflora","robots":{"index":"index","follow":"follow","max-snippet":"max-snippet:-1","max-image-preview":"max-image-preview:large","max-video-preview":"max-video-preview:-1"},"canonical":"https:\/\/www.interflora.se\/inspiration\/skapa-dekorativa-mossabollar\/","og_locale":"sv_SE","og_type":"article","og_title":"Skapa dekorativa mossbollar | Interflora","og_description":"Plocka in naturen och byt ut den traditionella krukan mot dekorativa&nbsp;mossbollar. De \u00e4r enkla att g\u00f6ra och ger en ombonad [&hellip;]","og_url":"https:\/\/www.interflora.se\/inspiration\/skapa-dekorativa-mossabollar\/","og_site_name":"Inspiration om blommor, krukv\u00e4xter &amp; trender | Interflora","article_publisher":"https:\/\/www.facebook.com\/InterfloraAB","article_published_time":"2024-03-06T12:08:12+00:00","article_modified_time":"2025-03-25T14:17:47+00:00","og_image":[{"width":1024,"height":819,"url":"https:\/\/www.interflora.se\/inspiration\/wp-content\/uploads\/2024\/03\/image-1-1024x819.png","type":"image\/png"}],"author":"admin","twitter_card":"summary_large_image","twitter_misc":{"Skriven av":"admin","Ber\u00e4knad l\u00e4stid":"1 minut"},"schema":{"@context":"https:\/\/schema.org","@graph":[{"@type":"Article","@id":"https:\/\/www.interflora.se\/inspiration\/skapa-dekorativa-mossabollar\/#article","isPartOf":{"@id":"https:\/\/www.interflora.se\/inspiration\/skapa-dekorativa-mossabollar\/"},"author":{"name":"admin","@id":"https:\/\/www.interflora.se\/inspiration\/#\/schema\/person\/dbbd1ad45e05409c356dc639597669f2"},"headline":"Skapa dekorativa mossbollar","datePublished":"2024-03-06T12:08:12+00:00","dateModified":"2025-03-25T14:17:47+00:00","mainEntityOfPage":{"@id":"https:\/\/www.interflora.se\/inspiration\/skapa-dekorativa-mossabollar\/"},"wordCount":268,"commentCount":0,"publisher":{"@id":"https:\/\/www.interflora.se\/inspiration\/#organization"},"image":{"@id":"https:\/\/www.interflora.se\/inspiration\/skapa-dekorativa-mossabollar\/#primaryimage"},"thumbnailUrl":"https:\/\/www.interflora.se\/inspiration\/wp-content\/uploads\/2024\/03\/image-1.png","articleSection":["DIY"],"inLanguage":"sv-SE","potentialAction":[{"@type":"CommentAction","name":"Comment","target":["https:\/\/www.interflora.se\/inspiration\/skapa-dekorativa-mossabollar\/#respond"]}]},{"@type":"WebPage","@id":"https:\/\/www.interflora.se\/inspiration\/skapa-dekorativa-mossabollar\/","url":"https:\/\/www.interflora.se\/inspiration\/skapa-dekorativa-mossabollar\/","name":"Skapa dekorativa mossbollar | Interflora","isPartOf":{"@id":"https:\/\/www.interflora.se\/inspiration\/#website"},"primaryImageOfPage":{"@id":"https:\/\/www.interflora.se\/inspiration\/skapa-dekorativa-mossabollar\/#primaryimage"},"image":{"@id":"https:\/\/www.interflora.se\/inspiration\/skapa-dekorativa-mossabollar\/#primaryimage"},"thumbnailUrl":"https:\/\/www.interflora.se\/inspiration\/wp-content\/uploads\/2024\/03\/image-1.png","datePublished":"2024-03-06T12:08:12+00:00","dateModified":"2025-03-25T14:17:47+00:00","breadcrumb":{"@id":"https:\/\/www.interflora.se\/inspiration\/skapa-dekorativa-mossabollar\/#breadcrumb"},"inLanguage":"sv-SE","potentialAction":[{"@type":"ReadAction","target":["https:\/\/www.interflora.se\/inspiration\/skapa-dekorativa-mossabollar\/"]}]},{"@type":"ImageObject","inLanguage":"sv-SE","@id":"https:\/\/www.interflora.se\/inspiration\/skapa-dekorativa-mossabollar\/#primaryimage","url":"https:\/\/www.interflora.se\/inspiration\/wp-content\/uploads\/2024\/03\/image-1.png","contentUrl":"https:\/\/www.interflora.se\/inspiration\/wp-content\/uploads\/2024\/03\/image-1.png","width":1500,"height":1200},{"@type":"BreadcrumbList","@id":"https:\/\/www.interflora.se\/inspiration\/skapa-dekorativa-mossabollar\/#breadcrumb","itemListElement":[{"@type":"ListItem","position":1,"name":"Home","item":"https:\/\/www.interflora.se\/inspiration\/"},{"@type":"ListItem","position":2,"name":"Skapa dekorativa mossbollar"}]},{"@type":"WebSite","@id":"https:\/\/www.interflora.se\/inspiration\/#website","url":"https:\/\/www.interflora.se\/inspiration\/","name":"Interflora","description":"","publisher":{"@id":"https:\/\/www.interflora.se\/inspiration\/#organization"},"potentialAction":[{"@type":"SearchAction","target":{"@type":"EntryPoint","urlTemplate":"https:\/\/www.interflora.se\/inspiration\/?s={search_term_string}"},"query-input":{"@type":"PropertyValueSpecification","valueRequired":true,"valueName":"search_term_string"}}],"inLanguage":"sv-SE"},{"@type":"Organization","@id":"https:\/\/www.interflora.se\/inspiration\/#organization","name":"Interflora","url":"https:\/\/www.interflora.se\/inspiration\/","logo":{"@type":"ImageObject","inLanguage":"sv-SE","@id":"https:\/\/www.interflora.se\/inspiration\/#\/schema\/logo\/image\/","url":"https:\/\/www.interflora.se\/inspiration\/wp-content\/uploads\/2025\/09\/cropped-220422_INTERFLORA_Logo_rgb_Half_Top_Circle_Main_Color.avif","contentUrl":"https:\/\/www.interflora.se\/inspiration\/wp-content\/uploads\/2025\/09\/cropped-220422_INTERFLORA_Logo_rgb_Half_Top_Circle_Main_Color.avif","width":1418,"height":662,"caption":"Interflora"},"image":{"@id":"https:\/\/www.interflora.se\/inspiration\/#\/schema\/logo\/image\/"},"sameAs":["https:\/\/www.facebook.com\/InterfloraAB","https:\/\/www.instagram.com\/interflora_ab\/","https:\/\/www.linkedin.com\/company\/1494362","https:\/\/www.youtube.com\/channel\/UCZgDzGWB2VRxaoWFUmXnk1w"]},{"@type":"Person","@id":"https:\/\/www.interflora.se\/inspiration\/#\/schema\/person\/dbbd1ad45e05409c356dc639597669f2","name":"admin","image":{"@type":"ImageObject","inLanguage":"sv-SE","@id":"https:\/\/www.interflora.se\/inspiration\/wp-content\/litespeed\/avatar\/1fe3cced9e67df62d0a6f995d75823a5.jpg?ver=1777362393","url":"https:\/\/www.interflora.se\/inspiration\/wp-content\/litespeed\/avatar\/1fe3cced9e67df62d0a6f995d75823a5.jpg?ver=1777362393","contentUrl":"https:\/\/www.interflora.se\/inspiration\/wp-content\/litespeed\/avatar\/1fe3cced9e67df62d0a6f995d75823a5.jpg?ver=1777362393","caption":"admin"},"sameAs":["https:\/\/www.interflora.se\/inspiration"],"url":"https:\/\/www.interflora.se\/inspiration\/author\/admin\/"}]}},"uagb_featured_image_src":{"full":["https:\/\/www.interflora.se\/inspiration\/wp-content\/uploads\/2024\/03\/image-1.png",1500,1200,false],"thumbnail":["https:\/\/www.interflora.se\/inspiration\/wp-content\/uploads\/2024\/03\/image-1-150x150.png",150,150,true],"medium":["https:\/\/www.interflora.se\/inspiration\/wp-content\/uploads\/2024\/03\/image-1-300x240.png",300,240,true],"medium_large":["https:\/\/www.interflora.se\/inspiration\/wp-content\/uploads\/2024\/03\/image-1-768x614.png",768,614,true],"large":["https:\/\/www.interflora.se\/inspiration\/wp-content\/uploads\/2024\/03\/image-1-1024x819.png",1024,819,true],"1536x1536":["https:\/\/www.interflora.se\/inspiration\/wp-content\/uploads\/2024\/03\/image-1.png",1500,1200,false],"2048x2048":["https:\/\/www.interflora.se\/inspiration\/wp-content\/uploads\/2024\/03\/image-1.png",1500,1200,false]},"uagb_author_info":{"display_name":"admin","author_link":"https:\/\/www.interflora.se\/inspiration\/author\/admin\/"},"uagb_comment_info":0,"uagb_excerpt":"Plocka in naturen och byt ut den traditionella krukan mot dekorativa&nbsp;mossbollar. De \u00e4r enkla att g\u00f6ra och ger en ombonad [&hellip;]","_links":{"self":[{"href":"https:\/\/www.interflora.se\/inspiration\/wp-json\/wp\/v2\/posts\/391","targetHints":{"allow":["GET"]}}],"collection":[{"href":"https:\/\/www.interflora.se\/inspiration\/wp-json\/wp\/v2\/posts"}],"about":[{"href":"https:\/\/www.interflora.se\/inspiration\/wp-json\/wp\/v2\/types\/post"}],"author":[{"embeddable":true,"href":"https:\/\/www.interflora.se\/inspiration\/wp-json\/wp\/v2\/users\/1"}],"replies":[{"embeddable":true,"href":"https:\/\/www.interflora.se\/inspiration\/wp-json\/wp\/v2\/comments?post=391"}],"version-history":[{"count":1,"href":"https:\/\/www.interflora.se\/inspiration\/wp-json\/wp\/v2\/posts\/391\/revisions"}],"predecessor-version":[{"id":1424,"href":"https:\/\/www.interflora.se\/inspiration\/wp-json\/wp\/v2\/posts\/391\/revisions\/1424"}],"wp:featuredmedia":[{"embeddable":true,"href":"https:\/\/www.interflora.se\/inspiration\/wp-json\/wp\/v2\/media\/1423"}],"wp:attachment":[{"href":"https:\/\/www.interflora.se\/inspiration\/wp-json\/wp\/v2\/media?parent=391"}],"wp:term":[{"taxonomy":"category","embeddable":true,"href":"https:\/\/www.interflora.se\/inspiration\/wp-json\/wp\/v2\/categories?post=391"},{"taxonomy":"post_tag","embeddable":true,"href":"https:\/\/www.interflora.se\/inspiration\/wp-json\/wp\/v2\/tags?post=391"}],"curies":[{"name":"wp","href":"https:\/\/api.w.org\/{rel}","templated":true}]}}