{"id":388,"date":"2024-05-01T02:46:00","date_gmt":"2024-05-01T00:46:00","guid":{"rendered":"http:\/\/preprodblog.interflora.se\/blog\/?p=388"},"modified":"2025-03-28T09:53:39","modified_gmt":"2025-03-28T08:53:39","slug":"samarbete-med-majblomman","status":"publish","type":"post","link":"https:\/\/www.interflora.se\/inspiration\/samarbete-med-majblomman\/","title":{"rendered":"Majblomman \u2013 v\u00e5rens viktiga v\u00e4lg\u00f6renhetsbukett"},"content":{"rendered":"\n<figure class=\"wp-block-image aligncenter size-large\"><img loading=\"lazy\" decoding=\"async\" width=\"1024\" height=\"291\" src=\"https:\/\/www.interflora.se\/inspiration\/wp-content\/uploads\/2025\/01\/image-7-1024x291.png\" alt=\"\" class=\"wp-image-3262\" srcset=\"https:\/\/www.interflora.se\/inspiration\/wp-content\/uploads\/2025\/01\/image-7-1024x291.png 1024w, https:\/\/www.interflora.se\/inspiration\/wp-content\/uploads\/2025\/01\/image-7-300x85.png 300w, https:\/\/www.interflora.se\/inspiration\/wp-content\/uploads\/2025\/01\/image-7-768x218.png 768w, https:\/\/www.interflora.se\/inspiration\/wp-content\/uploads\/2025\/01\/image-7.png 1104w\" sizes=\"auto, (max-width: 1024px) 100vw, 1024px\" \/><\/figure>\n\n\n\n<p>Precis som \u00e5rets majblomma g\u00e5r Interfloras&nbsp;<a href=\"https:\/\/www.interflora.se\/interflora\/produktkategorier\/valgorenhet\/majblomman\/\">nya v\u00e4lg\u00f6renhetsbukett<\/a>&nbsp;i lila och gr\u00f6nt med en kombination av pr\u00e4rieklocka, klematis och limonium. F\u00f6r varje s\u00e5ld bukett g\u00e5r 30 kronor oavkortat till arbetet mot barnfattigdom i Sverige.<\/p>\n\n\n\n<p>Sedan tre \u00e5r samarbetar Interflora med den ideella barnr\u00e4ttsorganisationen Majblomman, som arbetar f\u00f6r att motverka barnfattigdomen i Sverige. \u00c5rets violf\u00e4rgade majblomma, som s\u00e4ljs till st\u00f6d f\u00f6r beh\u00f6vande barn, har en p\u00e4rla i mitten\u00a0och \u00e4r formgiven av 16-\u00e5riga\u00a0Alexis Monnakgotla Svensson\u00a0fr\u00e5n\u00a0Stockholm.<\/p>\n\n\n\n<div class=\"wp-block-columns is-layout-flex wp-container-core-columns-is-layout-28f84493 wp-block-columns-is-layout-flex\">\n<div class=\"wp-block-column is-layout-flow wp-block-column-is-layout-flow\">\n<figure class=\"wp-block-image size-large\"><img decoding=\"async\" src=\"https:\/\/www.interflora.se\/inspiration\/wp-content\/uploads\/2025\/03\/1202515-majblomman-miljobild-2024-m1.jpg\" alt=\"\"\/><\/figure>\n<\/div>\n\n\n\n<div class=\"wp-block-column is-layout-flow wp-block-column-is-layout-flow\">\n<figure class=\"wp-block-image size-large\"><img decoding=\"async\" src=\"https:\/\/www.interflora.se\/inspiration\/wp-content\/uploads\/2025\/03\/1202515-majblomman-miljobild-2024-m2.jpg\" alt=\"\"\/><\/figure>\n<\/div>\n<\/div>\n\n\n\n<p>Interfloras florist Anette Strahl l\u00e4t sig inspireras av Alexis id\u00e9 n\u00e4r hon skulle designa&nbsp;<a href=\"https:\/\/www.interflora.se\/interflora\/produktkategorier\/valgorenhet\/majblomman\/\">v\u00e4lg\u00f6renhetsbuketten Majblomman<\/a>, som s\u00e4ljs h\u00e4r p\u00e5 interflora.se.<\/p>\n\n\n\n<p>\u2013 Jag valde lila snittblommor som \u00e4r typiska f\u00f6r s\u00e4songen, som klematis, pr\u00e4rieklocka och limonium. F\u00f6r att f\u00f6rst\u00e4rka den v\u00e5rfr\u00e4scha k\u00e4nslan plockade jag ocks\u00e5 in n\u00e5gra vita \u2013 lejongap, sl\u00f6jsilja, Alstroemeria och Krysantemum Santini, ber\u00e4ttar hon.<\/p>\n\n\n\n<p>I dag lever ett av tio barn&nbsp;i en ekonomiskt utsatt situation och organisationen Majblomman st\u00f6ttar d\u00e4r pengarna inte&nbsp;r\u00e4cker till. Ekonomiskt st\u00f6d delas ut till enskilda barn, till information och till forskningsprojekt som f\u00f6rb\u00e4ttrar barns villkor.&nbsp;Det vanligaste ekonomiska st\u00f6det g\u00e5r till kl\u00e4der och skor, men n\u00e4stan lika vanligt \u00e4r bidrag till fritidsaktiviteter och utrustning till den samt till sommarlovsaktiviteter.&nbsp;<\/p>\n\n\n\n<p>Du kan st\u00f6dja organisationens arbete genom att best\u00e4lla&nbsp;<a href=\"https:\/\/www.interflora.se\/interflora\/produktkategorier\/valgorenhet\/majblomman\/\">Blommogrammet Majblomman<\/a>&nbsp;under perioden den 10 april till 31 maj.<\/p>\n\n\n\n<figure class=\"wp-block-image aligncenter\"><img decoding=\"async\" src=\"https:\/\/www.interflora.se\/inspiration\/wp-content\/uploads\/2025\/03\/majblomman-miljobild-2024-teaser.jpg\" alt=\"Majblomman-Milj\u00f6bild-2024-Teaser.jpg\"\/><\/figure>\n\n\n\n<div class=\"wp-block-buttons is-content-justification-center is-layout-flex wp-container-core-buttons-is-layout-a89b3969 wp-block-buttons-is-layout-flex\" style=\"text-transform:uppercase\">\n<div class=\"wp-block-button\"><a class=\"wp-block-button__link wp-element-button\" href=\"https:\/\/www.interflora.se\/interflora\/produktkategorier\/valgorenhet\/majblomman\/\">Skicka Majblomman<\/a><\/div>\n<\/div>\n","protected":false},"excerpt":{"rendered":"<p>Precis som \u00e5rets majblomma g\u00e5r Interfloras&nbsp;nya v\u00e4lg\u00f6renhetsbukett&nbsp;i lila och gr\u00f6nt med en kombination av pr\u00e4rieklocka, klematis och limonium. F\u00f6r varje [&hellip;]<\/p>\n","protected":false},"author":1,"featured_media":3264,"comment_status":"open","ping_status":"open","sticky":false,"template":"","format":"standard","meta":{"_uag_custom_page_level_css":"","site-sidebar-layout":"default","site-content-layout":"","ast-site-content-layout":"default","site-content-style":"default","site-sidebar-style":"default","ast-global-header-display":"","ast-banner-title-visibility":"","ast-main-header-display":"","ast-hfb-above-header-display":"","ast-hfb-below-header-display":"","ast-hfb-mobile-header-display":"","site-post-title":"","ast-breadcrumbs-content":"","ast-featured-img":"","footer-sml-layout":"","ast-disable-related-posts":"","theme-transparent-header-meta":"","adv-header-id-meta":"","stick-header-meta":"","header-above-stick-meta":"","header-main-stick-meta":"","header-below-stick-meta":"","astra-migrate-meta-layouts":"default","ast-page-background-enabled":"default","ast-page-background-meta":{"desktop":{"background-color":"var(--ast-global-color-5)","background-image":"","background-repeat":"repeat","background-position":"center center","background-size":"auto","background-attachment":"scroll","background-type":"","background-media":"","overlay-type":"","overlay-color":"","overlay-opacity":"","overlay-gradient":""},"tablet":{"background-color":"","background-image":"","background-repeat":"repeat","background-position":"center center","background-size":"auto","background-attachment":"scroll","background-type":"","background-media":"","overlay-type":"","overlay-color":"","overlay-opacity":"","overlay-gradient":""},"mobile":{"background-color":"","background-image":"","background-repeat":"repeat","background-position":"center center","background-size":"auto","background-attachment":"scroll","background-type":"","background-media":"","overlay-type":"","overlay-color":"","overlay-opacity":"","overlay-gradient":""}},"ast-content-background-meta":{"desktop":{"background-color":"var(--ast-global-color-4)","background-image":"","background-repeat":"repeat","background-position":"center center","background-size":"auto","background-attachment":"scroll","background-type":"","background-media":"","overlay-type":"","overlay-color":"","overlay-opacity":"","overlay-gradient":""},"tablet":{"background-color":"var(--ast-global-color-4)","background-image":"","background-repeat":"repeat","background-position":"center center","background-size":"auto","background-attachment":"scroll","background-type":"","background-media":"","overlay-type":"","overlay-color":"","overlay-opacity":"","overlay-gradient":""},"mobile":{"background-color":"var(--ast-global-color-4)","background-image":"","background-repeat":"repeat","background-position":"center center","background-size":"auto","background-attachment":"scroll","background-type":"","background-media":"","overlay-type":"","overlay-color":"","overlay-opacity":"","overlay-gradient":""}},"footnotes":""},"categories":[11],"tags":[],"class_list":["post-388","post","type-post","status-publish","format-standard","has-post-thumbnail","hentry","category-samarbeten"],"yoast_head":"<!-- This site is optimized with the Yoast SEO plugin v27.4 - https:\/\/yoast.com\/product\/yoast-seo-wordpress\/ -->\n<title>Majblomman \u2013 v\u00e5rens viktiga v\u00e4lg\u00f6renhetsbukett | Interflora<\/title>\n<meta name=\"robots\" content=\"index, follow, max-snippet:-1, max-image-preview:large, max-video-preview:-1\" \/>\n<link rel=\"canonical\" href=\"https:\/\/www.interflora.se\/inspiration\/samarbete-med-majblomman\/\" \/>\n<meta property=\"og:locale\" content=\"sv_SE\" \/>\n<meta property=\"og:type\" content=\"article\" \/>\n<meta property=\"og:title\" content=\"Majblomman \u2013 v\u00e5rens viktiga v\u00e4lg\u00f6renhetsbukett | Interflora\" \/>\n<meta property=\"og:description\" content=\"Precis som \u00e5rets majblomma g\u00e5r Interfloras&nbsp;nya v\u00e4lg\u00f6renhetsbukett&nbsp;i lila och gr\u00f6nt med en kombination av pr\u00e4rieklocka, klematis och limonium. F\u00f6r varje [&hellip;]\" \/>\n<meta property=\"og:url\" content=\"https:\/\/www.interflora.se\/inspiration\/samarbete-med-majblomman\/\" \/>\n<meta property=\"og:site_name\" content=\"Inspiration om blommor, krukv\u00e4xter &amp; trender | Interflora\" \/>\n<meta property=\"article:publisher\" content=\"https:\/\/www.facebook.com\/InterfloraAB\" \/>\n<meta property=\"article:published_time\" content=\"2024-05-01T00:46:00+00:00\" \/>\n<meta property=\"article:modified_time\" content=\"2025-03-28T08:53:39+00:00\" \/>\n<meta property=\"og:image\" content=\"https:\/\/www.interflora.se\/inspiration\/wp-content\/uploads\/2025\/03\/1202515-majblomman-miljobild-2024-m2.jpg\" \/>\n\t<meta property=\"og:image:width\" content=\"745\" \/>\n\t<meta property=\"og:image:height\" content=\"931\" \/>\n\t<meta property=\"og:image:type\" content=\"image\/jpeg\" \/>\n<meta name=\"author\" content=\"admin\" \/>\n<meta name=\"twitter:card\" content=\"summary_large_image\" \/>\n<meta name=\"twitter:label1\" content=\"Skriven av\" \/>\n\t<meta name=\"twitter:data1\" content=\"admin\" \/>\n\t<meta name=\"twitter:label2\" content=\"Ber\u00e4knad l\u00e4stid\" \/>\n\t<meta name=\"twitter:data2\" content=\"1 minut\" \/>\n<script type=\"application\/ld+json\" class=\"yoast-schema-graph\">{\"@context\":\"https:\\\/\\\/schema.org\",\"@graph\":[{\"@type\":\"Article\",\"@id\":\"https:\\\/\\\/www.interflora.se\\\/inspiration\\\/samarbete-med-majblomman\\\/#article\",\"isPartOf\":{\"@id\":\"https:\\\/\\\/www.interflora.se\\\/inspiration\\\/samarbete-med-majblomman\\\/\"},\"author\":{\"name\":\"admin\",\"@id\":\"https:\\\/\\\/www.interflora.se\\\/inspiration\\\/#\\\/schema\\\/person\\\/dbbd1ad45e05409c356dc639597669f2\"},\"headline\":\"Majblomman \u2013 v\u00e5rens viktiga v\u00e4lg\u00f6renhetsbukett\",\"datePublished\":\"2024-05-01T00:46:00+00:00\",\"dateModified\":\"2025-03-28T08:53:39+00:00\",\"mainEntityOfPage\":{\"@id\":\"https:\\\/\\\/www.interflora.se\\\/inspiration\\\/samarbete-med-majblomman\\\/\"},\"wordCount\":275,\"commentCount\":0,\"publisher\":{\"@id\":\"https:\\\/\\\/www.interflora.se\\\/inspiration\\\/#organization\"},\"image\":{\"@id\":\"https:\\\/\\\/www.interflora.se\\\/inspiration\\\/samarbete-med-majblomman\\\/#primaryimage\"},\"thumbnailUrl\":\"https:\\\/\\\/www.interflora.se\\\/inspiration\\\/wp-content\\\/uploads\\\/2025\\\/03\\\/1202515-majblomman-miljobild-2024-m2.jpg\",\"articleSection\":[\"Samarbeten\"],\"inLanguage\":\"sv-SE\",\"potentialAction\":[{\"@type\":\"CommentAction\",\"name\":\"Comment\",\"target\":[\"https:\\\/\\\/www.interflora.se\\\/inspiration\\\/samarbete-med-majblomman\\\/#respond\"]}]},{\"@type\":\"WebPage\",\"@id\":\"https:\\\/\\\/www.interflora.se\\\/inspiration\\\/samarbete-med-majblomman\\\/\",\"url\":\"https:\\\/\\\/www.interflora.se\\\/inspiration\\\/samarbete-med-majblomman\\\/\",\"name\":\"Majblomman \u2013 v\u00e5rens viktiga v\u00e4lg\u00f6renhetsbukett | Interflora\",\"isPartOf\":{\"@id\":\"https:\\\/\\\/www.interflora.se\\\/inspiration\\\/#website\"},\"primaryImageOfPage\":{\"@id\":\"https:\\\/\\\/www.interflora.se\\\/inspiration\\\/samarbete-med-majblomman\\\/#primaryimage\"},\"image\":{\"@id\":\"https:\\\/\\\/www.interflora.se\\\/inspiration\\\/samarbete-med-majblomman\\\/#primaryimage\"},\"thumbnailUrl\":\"https:\\\/\\\/www.interflora.se\\\/inspiration\\\/wp-content\\\/uploads\\\/2025\\\/03\\\/1202515-majblomman-miljobild-2024-m2.jpg\",\"datePublished\":\"2024-05-01T00:46:00+00:00\",\"dateModified\":\"2025-03-28T08:53:39+00:00\",\"breadcrumb\":{\"@id\":\"https:\\\/\\\/www.interflora.se\\\/inspiration\\\/samarbete-med-majblomman\\\/#breadcrumb\"},\"inLanguage\":\"sv-SE\",\"potentialAction\":[{\"@type\":\"ReadAction\",\"target\":[\"https:\\\/\\\/www.interflora.se\\\/inspiration\\\/samarbete-med-majblomman\\\/\"]}]},{\"@type\":\"ImageObject\",\"inLanguage\":\"sv-SE\",\"@id\":\"https:\\\/\\\/www.interflora.se\\\/inspiration\\\/samarbete-med-majblomman\\\/#primaryimage\",\"url\":\"https:\\\/\\\/www.interflora.se\\\/inspiration\\\/wp-content\\\/uploads\\\/2025\\\/03\\\/1202515-majblomman-miljobild-2024-m2.jpg\",\"contentUrl\":\"https:\\\/\\\/www.interflora.se\\\/inspiration\\\/wp-content\\\/uploads\\\/2025\\\/03\\\/1202515-majblomman-miljobild-2024-m2.jpg\",\"width\":745,\"height\":931},{\"@type\":\"BreadcrumbList\",\"@id\":\"https:\\\/\\\/www.interflora.se\\\/inspiration\\\/samarbete-med-majblomman\\\/#breadcrumb\",\"itemListElement\":[{\"@type\":\"ListItem\",\"position\":1,\"name\":\"Home\",\"item\":\"https:\\\/\\\/www.interflora.se\\\/inspiration\\\/\"},{\"@type\":\"ListItem\",\"position\":2,\"name\":\"Majblomman \u2013 v\u00e5rens viktiga v\u00e4lg\u00f6renhetsbukett\"}]},{\"@type\":\"WebSite\",\"@id\":\"https:\\\/\\\/www.interflora.se\\\/inspiration\\\/#website\",\"url\":\"https:\\\/\\\/www.interflora.se\\\/inspiration\\\/\",\"name\":\"Interflora\",\"description\":\"\",\"publisher\":{\"@id\":\"https:\\\/\\\/www.interflora.se\\\/inspiration\\\/#organization\"},\"potentialAction\":[{\"@type\":\"SearchAction\",\"target\":{\"@type\":\"EntryPoint\",\"urlTemplate\":\"https:\\\/\\\/www.interflora.se\\\/inspiration\\\/?s={search_term_string}\"},\"query-input\":{\"@type\":\"PropertyValueSpecification\",\"valueRequired\":true,\"valueName\":\"search_term_string\"}}],\"inLanguage\":\"sv-SE\"},{\"@type\":\"Organization\",\"@id\":\"https:\\\/\\\/www.interflora.se\\\/inspiration\\\/#organization\",\"name\":\"Interflora\",\"url\":\"https:\\\/\\\/www.interflora.se\\\/inspiration\\\/\",\"logo\":{\"@type\":\"ImageObject\",\"inLanguage\":\"sv-SE\",\"@id\":\"https:\\\/\\\/www.interflora.se\\\/inspiration\\\/#\\\/schema\\\/logo\\\/image\\\/\",\"url\":\"https:\\\/\\\/www.interflora.se\\\/inspiration\\\/wp-content\\\/uploads\\\/2025\\\/09\\\/cropped-220422_INTERFLORA_Logo_rgb_Half_Top_Circle_Main_Color.avif\",\"contentUrl\":\"https:\\\/\\\/www.interflora.se\\\/inspiration\\\/wp-content\\\/uploads\\\/2025\\\/09\\\/cropped-220422_INTERFLORA_Logo_rgb_Half_Top_Circle_Main_Color.avif\",\"width\":1418,\"height\":662,\"caption\":\"Interflora\"},\"image\":{\"@id\":\"https:\\\/\\\/www.interflora.se\\\/inspiration\\\/#\\\/schema\\\/logo\\\/image\\\/\"},\"sameAs\":[\"https:\\\/\\\/www.facebook.com\\\/InterfloraAB\",\"https:\\\/\\\/www.instagram.com\\\/interflora_ab\\\/\",\"https:\\\/\\\/www.linkedin.com\\\/company\\\/1494362\",\"https:\\\/\\\/www.youtube.com\\\/channel\\\/UCZgDzGWB2VRxaoWFUmXnk1w\"]},{\"@type\":\"Person\",\"@id\":\"https:\\\/\\\/www.interflora.se\\\/inspiration\\\/#\\\/schema\\\/person\\\/dbbd1ad45e05409c356dc639597669f2\",\"name\":\"admin\",\"image\":{\"@type\":\"ImageObject\",\"inLanguage\":\"sv-SE\",\"@id\":\"https:\\\/\\\/www.interflora.se\\\/inspiration\\\/wp-content\\\/litespeed\\\/avatar\\\/1fe3cced9e67df62d0a6f995d75823a5.jpg?ver=1777362393\",\"url\":\"https:\\\/\\\/www.interflora.se\\\/inspiration\\\/wp-content\\\/litespeed\\\/avatar\\\/1fe3cced9e67df62d0a6f995d75823a5.jpg?ver=1777362393\",\"contentUrl\":\"https:\\\/\\\/www.interflora.se\\\/inspiration\\\/wp-content\\\/litespeed\\\/avatar\\\/1fe3cced9e67df62d0a6f995d75823a5.jpg?ver=1777362393\",\"caption\":\"admin\"},\"sameAs\":[\"https:\\\/\\\/www.interflora.se\\\/inspiration\"],\"url\":\"https:\\\/\\\/www.interflora.se\\\/inspiration\\\/author\\\/admin\\\/\"}]}<\/script>\n<!-- \/ Yoast SEO plugin. -->","yoast_head_json":{"title":"Majblomman \u2013 v\u00e5rens viktiga v\u00e4lg\u00f6renhetsbukett | Interflora","robots":{"index":"index","follow":"follow","max-snippet":"max-snippet:-1","max-image-preview":"max-image-preview:large","max-video-preview":"max-video-preview:-1"},"canonical":"https:\/\/www.interflora.se\/inspiration\/samarbete-med-majblomman\/","og_locale":"sv_SE","og_type":"article","og_title":"Majblomman \u2013 v\u00e5rens viktiga v\u00e4lg\u00f6renhetsbukett | Interflora","og_description":"Precis som \u00e5rets majblomma g\u00e5r Interfloras&nbsp;nya v\u00e4lg\u00f6renhetsbukett&nbsp;i lila och gr\u00f6nt med en kombination av pr\u00e4rieklocka, klematis och limonium. F\u00f6r varje [&hellip;]","og_url":"https:\/\/www.interflora.se\/inspiration\/samarbete-med-majblomman\/","og_site_name":"Inspiration om blommor, krukv\u00e4xter &amp; trender | Interflora","article_publisher":"https:\/\/www.facebook.com\/InterfloraAB","article_published_time":"2024-05-01T00:46:00+00:00","article_modified_time":"2025-03-28T08:53:39+00:00","og_image":[{"width":745,"height":931,"url":"https:\/\/www.interflora.se\/inspiration\/wp-content\/uploads\/2025\/03\/1202515-majblomman-miljobild-2024-m2.jpg","type":"image\/jpeg"}],"author":"admin","twitter_card":"summary_large_image","twitter_misc":{"Skriven av":"admin","Ber\u00e4knad l\u00e4stid":"1 minut"},"schema":{"@context":"https:\/\/schema.org","@graph":[{"@type":"Article","@id":"https:\/\/www.interflora.se\/inspiration\/samarbete-med-majblomman\/#article","isPartOf":{"@id":"https:\/\/www.interflora.se\/inspiration\/samarbete-med-majblomman\/"},"author":{"name":"admin","@id":"https:\/\/www.interflora.se\/inspiration\/#\/schema\/person\/dbbd1ad45e05409c356dc639597669f2"},"headline":"Majblomman \u2013 v\u00e5rens viktiga v\u00e4lg\u00f6renhetsbukett","datePublished":"2024-05-01T00:46:00+00:00","dateModified":"2025-03-28T08:53:39+00:00","mainEntityOfPage":{"@id":"https:\/\/www.interflora.se\/inspiration\/samarbete-med-majblomman\/"},"wordCount":275,"commentCount":0,"publisher":{"@id":"https:\/\/www.interflora.se\/inspiration\/#organization"},"image":{"@id":"https:\/\/www.interflora.se\/inspiration\/samarbete-med-majblomman\/#primaryimage"},"thumbnailUrl":"https:\/\/www.interflora.se\/inspiration\/wp-content\/uploads\/2025\/03\/1202515-majblomman-miljobild-2024-m2.jpg","articleSection":["Samarbeten"],"inLanguage":"sv-SE","potentialAction":[{"@type":"CommentAction","name":"Comment","target":["https:\/\/www.interflora.se\/inspiration\/samarbete-med-majblomman\/#respond"]}]},{"@type":"WebPage","@id":"https:\/\/www.interflora.se\/inspiration\/samarbete-med-majblomman\/","url":"https:\/\/www.interflora.se\/inspiration\/samarbete-med-majblomman\/","name":"Majblomman \u2013 v\u00e5rens viktiga v\u00e4lg\u00f6renhetsbukett | Interflora","isPartOf":{"@id":"https:\/\/www.interflora.se\/inspiration\/#website"},"primaryImageOfPage":{"@id":"https:\/\/www.interflora.se\/inspiration\/samarbete-med-majblomman\/#primaryimage"},"image":{"@id":"https:\/\/www.interflora.se\/inspiration\/samarbete-med-majblomman\/#primaryimage"},"thumbnailUrl":"https:\/\/www.interflora.se\/inspiration\/wp-content\/uploads\/2025\/03\/1202515-majblomman-miljobild-2024-m2.jpg","datePublished":"2024-05-01T00:46:00+00:00","dateModified":"2025-03-28T08:53:39+00:00","breadcrumb":{"@id":"https:\/\/www.interflora.se\/inspiration\/samarbete-med-majblomman\/#breadcrumb"},"inLanguage":"sv-SE","potentialAction":[{"@type":"ReadAction","target":["https:\/\/www.interflora.se\/inspiration\/samarbete-med-majblomman\/"]}]},{"@type":"ImageObject","inLanguage":"sv-SE","@id":"https:\/\/www.interflora.se\/inspiration\/samarbete-med-majblomman\/#primaryimage","url":"https:\/\/www.interflora.se\/inspiration\/wp-content\/uploads\/2025\/03\/1202515-majblomman-miljobild-2024-m2.jpg","contentUrl":"https:\/\/www.interflora.se\/inspiration\/wp-content\/uploads\/2025\/03\/1202515-majblomman-miljobild-2024-m2.jpg","width":745,"height":931},{"@type":"BreadcrumbList","@id":"https:\/\/www.interflora.se\/inspiration\/samarbete-med-majblomman\/#breadcrumb","itemListElement":[{"@type":"ListItem","position":1,"name":"Home","item":"https:\/\/www.interflora.se\/inspiration\/"},{"@type":"ListItem","position":2,"name":"Majblomman \u2013 v\u00e5rens viktiga v\u00e4lg\u00f6renhetsbukett"}]},{"@type":"WebSite","@id":"https:\/\/www.interflora.se\/inspiration\/#website","url":"https:\/\/www.interflora.se\/inspiration\/","name":"Interflora","description":"","publisher":{"@id":"https:\/\/www.interflora.se\/inspiration\/#organization"},"potentialAction":[{"@type":"SearchAction","target":{"@type":"EntryPoint","urlTemplate":"https:\/\/www.interflora.se\/inspiration\/?s={search_term_string}"},"query-input":{"@type":"PropertyValueSpecification","valueRequired":true,"valueName":"search_term_string"}}],"inLanguage":"sv-SE"},{"@type":"Organization","@id":"https:\/\/www.interflora.se\/inspiration\/#organization","name":"Interflora","url":"https:\/\/www.interflora.se\/inspiration\/","logo":{"@type":"ImageObject","inLanguage":"sv-SE","@id":"https:\/\/www.interflora.se\/inspiration\/#\/schema\/logo\/image\/","url":"https:\/\/www.interflora.se\/inspiration\/wp-content\/uploads\/2025\/09\/cropped-220422_INTERFLORA_Logo_rgb_Half_Top_Circle_Main_Color.avif","contentUrl":"https:\/\/www.interflora.se\/inspiration\/wp-content\/uploads\/2025\/09\/cropped-220422_INTERFLORA_Logo_rgb_Half_Top_Circle_Main_Color.avif","width":1418,"height":662,"caption":"Interflora"},"image":{"@id":"https:\/\/www.interflora.se\/inspiration\/#\/schema\/logo\/image\/"},"sameAs":["https:\/\/www.facebook.com\/InterfloraAB","https:\/\/www.instagram.com\/interflora_ab\/","https:\/\/www.linkedin.com\/company\/1494362","https:\/\/www.youtube.com\/channel\/UCZgDzGWB2VRxaoWFUmXnk1w"]},{"@type":"Person","@id":"https:\/\/www.interflora.se\/inspiration\/#\/schema\/person\/dbbd1ad45e05409c356dc639597669f2","name":"admin","image":{"@type":"ImageObject","inLanguage":"sv-SE","@id":"https:\/\/www.interflora.se\/inspiration\/wp-content\/litespeed\/avatar\/1fe3cced9e67df62d0a6f995d75823a5.jpg?ver=1777362393","url":"https:\/\/www.interflora.se\/inspiration\/wp-content\/litespeed\/avatar\/1fe3cced9e67df62d0a6f995d75823a5.jpg?ver=1777362393","contentUrl":"https:\/\/www.interflora.se\/inspiration\/wp-content\/litespeed\/avatar\/1fe3cced9e67df62d0a6f995d75823a5.jpg?ver=1777362393","caption":"admin"},"sameAs":["https:\/\/www.interflora.se\/inspiration"],"url":"https:\/\/www.interflora.se\/inspiration\/author\/admin\/"}]}},"uagb_featured_image_src":{"full":["https:\/\/www.interflora.se\/inspiration\/wp-content\/uploads\/2025\/03\/1202515-majblomman-miljobild-2024-m2.jpg",745,931,false],"thumbnail":["https:\/\/www.interflora.se\/inspiration\/wp-content\/uploads\/2025\/03\/1202515-majblomman-miljobild-2024-m2-150x150.jpg",150,150,true],"medium":["https:\/\/www.interflora.se\/inspiration\/wp-content\/uploads\/2025\/03\/1202515-majblomman-miljobild-2024-m2-240x300.jpg",240,300,true],"medium_large":["https:\/\/www.interflora.se\/inspiration\/wp-content\/uploads\/2025\/03\/1202515-majblomman-miljobild-2024-m2.jpg",745,931,false],"large":["https:\/\/www.interflora.se\/inspiration\/wp-content\/uploads\/2025\/03\/1202515-majblomman-miljobild-2024-m2.jpg",745,931,false],"1536x1536":["https:\/\/www.interflora.se\/inspiration\/wp-content\/uploads\/2025\/03\/1202515-majblomman-miljobild-2024-m2.jpg",745,931,false],"2048x2048":["https:\/\/www.interflora.se\/inspiration\/wp-content\/uploads\/2025\/03\/1202515-majblomman-miljobild-2024-m2.jpg",745,931,false]},"uagb_author_info":{"display_name":"admin","author_link":"https:\/\/www.interflora.se\/inspiration\/author\/admin\/"},"uagb_comment_info":0,"uagb_excerpt":"Precis som \u00e5rets majblomma g\u00e5r Interfloras&nbsp;nya v\u00e4lg\u00f6renhetsbukett&nbsp;i lila och gr\u00f6nt med en kombination av pr\u00e4rieklocka, klematis och limonium. F\u00f6r varje [&hellip;]","_links":{"self":[{"href":"https:\/\/www.interflora.se\/inspiration\/wp-json\/wp\/v2\/posts\/388","targetHints":{"allow":["GET"]}}],"collection":[{"href":"https:\/\/www.interflora.se\/inspiration\/wp-json\/wp\/v2\/posts"}],"about":[{"href":"https:\/\/www.interflora.se\/inspiration\/wp-json\/wp\/v2\/types\/post"}],"author":[{"embeddable":true,"href":"https:\/\/www.interflora.se\/inspiration\/wp-json\/wp\/v2\/users\/1"}],"replies":[{"embeddable":true,"href":"https:\/\/www.interflora.se\/inspiration\/wp-json\/wp\/v2\/comments?post=388"}],"version-history":[{"count":1,"href":"https:\/\/www.interflora.se\/inspiration\/wp-json\/wp\/v2\/posts\/388\/revisions"}],"predecessor-version":[{"id":3266,"href":"https:\/\/www.interflora.se\/inspiration\/wp-json\/wp\/v2\/posts\/388\/revisions\/3266"}],"wp:featuredmedia":[{"embeddable":true,"href":"https:\/\/www.interflora.se\/inspiration\/wp-json\/wp\/v2\/media\/3264"}],"wp:attachment":[{"href":"https:\/\/www.interflora.se\/inspiration\/wp-json\/wp\/v2\/media?parent=388"}],"wp:term":[{"taxonomy":"category","embeddable":true,"href":"https:\/\/www.interflora.se\/inspiration\/wp-json\/wp\/v2\/categories?post=388"},{"taxonomy":"post_tag","embeddable":true,"href":"https:\/\/www.interflora.se\/inspiration\/wp-json\/wp\/v2\/tags?post=388"}],"curies":[{"name":"wp","href":"https:\/\/api.w.org\/{rel}","templated":true}]}}