{"id":356,"date":"2024-09-11T22:39:01","date_gmt":"2024-09-11T20:39:01","guid":{"rendered":"http:\/\/preprodblog.interflora.se\/blog\/?p=356"},"modified":"2025-03-26T09:52:29","modified_gmt":"2025-03-26T08:52:29","slug":"plantera-om-pelargoner","status":"publish","type":"post","link":"https:\/\/www.interflora.se\/inspiration\/plantera-om-pelargoner\/","title":{"rendered":"S\u00e5 planterar du om dina pelargoner"},"content":{"rendered":"\n<p>Pelargon \u2013 v\u00e5r mest klassiska krukv\u00e4xt som \u00e4r om\u00e5ttligt popul\u00e4r och passar bra att ha i allt fr\u00e5n balkongl\u00e5dor och uteplatser till ljusa f\u00f6nster eller h\u00e4ngandes i en ampel. I takt med att ljuset \u00e5terv\u00e4nder beh\u00f6ver dina pelargoner b\u00e5de omplantering och besk\u00e4rning f\u00f6r att f\u00e5 kraft att blomma p\u00e5 nytt.<\/p>\n\n\n\n<h2 class=\"wp-block-heading\">F\u00f6rbered din omplantering<\/h2>\n\n\n\n<ul class=\"wp-block-list\">\n<li>K\u00f6p hem bra planteringsjord f\u00f6r blommande v\u00e4xter eller s\u00e4rskild jord f\u00f6r pelargoner.<\/li>\n\n\n\n<li>Krukorna ska vara rena. Har du haft v\u00e4xter i dem innan b\u00f6r de diskas.<\/li>\n\n\n\n<li>Ta fram en ren, vass sax eller sekat\u00f6r, en jordskopa och stor matsked att lirka ner jord med om det \u00e4r sv\u00e5rt att komma \u00e5t.<\/li>\n\n\n\n<li>L\u00e4gg ut en gammal vaxduk eller tidningspapper f\u00f6r att skydda bordet.<\/li>\n<\/ul>\n\n\n\n<figure class=\"wp-block-image aligncenter size-large\"><img loading=\"lazy\" decoding=\"async\" width=\"1024\" height=\"1024\" src=\"https:\/\/www.interflora.se\/inspiration\/wp-content\/uploads\/2024\/09\/image-2-1024x1024.png\" alt=\"\" class=\"wp-image-1530\" srcset=\"https:\/\/www.interflora.se\/inspiration\/wp-content\/uploads\/2024\/09\/image-2-1024x1024.png 1024w, https:\/\/www.interflora.se\/inspiration\/wp-content\/uploads\/2024\/09\/image-2-300x300.png 300w, https:\/\/www.interflora.se\/inspiration\/wp-content\/uploads\/2024\/09\/image-2-150x150.png 150w, https:\/\/www.interflora.se\/inspiration\/wp-content\/uploads\/2024\/09\/image-2-768x768.png 768w, https:\/\/www.interflora.se\/inspiration\/wp-content\/uploads\/2024\/09\/image-2.png 1200w\" sizes=\"auto, (max-width: 1024px) 100vw, 1024px\" \/><\/figure>\n\n\n\n<h2 class=\"wp-block-heading\">Klipp bort allt visset<\/h2>\n\n\n\n<p>Ser dina pelargoner trista och tr\u00f6tta ut efter att ha st\u00e5tt m\u00f6rkt under vintern? B\u00f6rja med att klippa bort allt visset f\u00f6r att lyckas b\u00e4st med omplanteringen av din pelargon.<\/p>\n\n\n\n<h2 class=\"wp-block-heading\">Besk\u00e4r plantan<\/h2>\n\n\n\n<p>F\u00f6r att pelargonen ska skjuta friska skott beh\u00f6ver den besk\u00e4ras ganska h\u00e5rt. Klipp ner skotten och ta i ordentligt, men se till s\u00e5 de blir lika l\u00e5nga eller aningen l\u00e4ngre i mitten s\u00e5 att pelargonen f\u00e5r en fin form. Klipp \u00e4ven ner de l\u00e5nga grenarna som kan finnas ovanf\u00f6r bladf\u00e4stet. Pelargonens rotsystem ska se friskt ut, unders\u00f6k genom att f\u00f6rsiktigt dra i jordklumpen och ta bort lite av den gamla jorden s\u00e5 du ser r\u00f6tterna tydligt.<\/p>\n\n\n\n<h2 class=\"wp-block-heading\">Plantera i ren kruka<\/h2>\n\n\n\n<p>Viktigt att t\u00e4nka p\u00e5 \u00e4r att plantera i en ren kruka, den f\u00e5r g\u00e4rna vara n\u00e5got st\u00f6rre \u00e4n den gamla. Fyll krukan med blomjord och lecakulor eller perlit i jorden f\u00f6r att ge r\u00f6tterna b\u00e4ttre tillg\u00e5ng till syre.<\/p>\n\n\n\n<h2 class=\"wp-block-heading\">Vattna lagom<\/h2>\n\n\n\n<p>Plantera pelargonen p\u00e5 samma djup som de haft i tidigare kruka. Fyll p\u00e5 med jord runtom och tryck till l\u00e4tt, utan att packa jorden. Vattna, men inte f\u00f6r mycket, det kan ta ett tag innan pelargonen kommer ig\u00e5ng att v\u00e4xa och dricka vatten.<\/p>\n\n\n\n<figure class=\"wp-block-image aligncenter size-large\"><img loading=\"lazy\" decoding=\"async\" width=\"1024\" height=\"1024\" src=\"https:\/\/www.interflora.se\/inspiration\/wp-content\/uploads\/2024\/09\/image-3-1024x1024.png\" alt=\"\" class=\"wp-image-1531\" srcset=\"https:\/\/www.interflora.se\/inspiration\/wp-content\/uploads\/2024\/09\/image-3-1024x1024.png 1024w, https:\/\/www.interflora.se\/inspiration\/wp-content\/uploads\/2024\/09\/image-3-300x300.png 300w, https:\/\/www.interflora.se\/inspiration\/wp-content\/uploads\/2024\/09\/image-3-150x150.png 150w, https:\/\/www.interflora.se\/inspiration\/wp-content\/uploads\/2024\/09\/image-3-768x768.png 768w, https:\/\/www.interflora.se\/inspiration\/wp-content\/uploads\/2024\/09\/image-3.png 1500w\" sizes=\"auto, (max-width: 1024px) 100vw, 1024px\" \/><\/figure>\n\n\n\n<p>Tips: Anv\u00e4nd de bortklippta kvistarna som sticklingar f\u00f6r att f\u00e5 fler pelargoner till ditt hem eller att ge bort!&nbsp;<\/p>\n\n\n\n<h2 class=\"wp-block-heading\">Sk\u00f6tselr\u00e5d f\u00f6r din nyplanterade pelargon:<\/h2>\n\n\n\n<ul class=\"wp-block-list\">\n<li>Vattna regelbundet och rikligt. L\u00e5t jorden torka upp mellan vattningarna.<\/li>\n\n\n\n<li>Ge din pelargon n\u00e4ring en g\u00e5ng i veckan. Det finns speciell pelargonn\u00e4ring, men n\u00e4ring f\u00f6r blommande v\u00e4xter fungerar lika bra.<\/li>\n\n\n\n<li>Pelargonen trivs allra b\u00e4st utomhus, men om det inte \u00e4r m\u00f6jligt placerar du den p\u00e5 en s\u00e5 ljus och solig plats som m\u00f6jligt.<\/li>\n<\/ul>\n\n\n\n<div class=\"wp-block-buttons is-content-justification-center is-layout-flex wp-container-core-buttons-is-layout-a89b3969 wp-block-buttons-is-layout-flex\">\n<div class=\"wp-block-button\"><a class=\"wp-block-button__link wp-element-button\" href=\"https:\/\/www.interflora.se\/interflora\/produktkategorier\/krukvaxter\/\">Se alla krukv\u00e4xter<\/a><\/div>\n<\/div>\n","protected":false},"excerpt":{"rendered":"<p>Pelargon \u2013 v\u00e5r mest klassiska krukv\u00e4xt som \u00e4r om\u00e5ttligt popul\u00e4r och passar bra att ha i allt fr\u00e5n balkongl\u00e5dor och [&hellip;]<\/p>\n","protected":false},"author":1,"featured_media":1531,"comment_status":"open","ping_status":"open","sticky":false,"template":"","format":"standard","meta":{"_uag_custom_page_level_css":"","site-sidebar-layout":"default","site-content-layout":"","ast-site-content-layout":"default","site-content-style":"default","site-sidebar-style":"default","ast-global-header-display":"","ast-banner-title-visibility":"","ast-main-header-display":"","ast-hfb-above-header-display":"","ast-hfb-below-header-display":"","ast-hfb-mobile-header-display":"","site-post-title":"","ast-breadcrumbs-content":"","ast-featured-img":"","footer-sml-layout":"","ast-disable-related-posts":"","theme-transparent-header-meta":"","adv-header-id-meta":"","stick-header-meta":"","header-above-stick-meta":"","header-main-stick-meta":"","header-below-stick-meta":"","astra-migrate-meta-layouts":"default","ast-page-background-enabled":"default","ast-page-background-meta":{"desktop":{"background-color":"var(--ast-global-color-5)","background-image":"","background-repeat":"repeat","background-position":"center center","background-size":"auto","background-attachment":"scroll","background-type":"","background-media":"","overlay-type":"","overlay-color":"","overlay-opacity":"","overlay-gradient":""},"tablet":{"background-color":"","background-image":"","background-repeat":"repeat","background-position":"center center","background-size":"auto","background-attachment":"scroll","background-type":"","background-media":"","overlay-type":"","overlay-color":"","overlay-opacity":"","overlay-gradient":""},"mobile":{"background-color":"","background-image":"","background-repeat":"repeat","background-position":"center center","background-size":"auto","background-attachment":"scroll","background-type":"","background-media":"","overlay-type":"","overlay-color":"","overlay-opacity":"","overlay-gradient":""}},"ast-content-background-meta":{"desktop":{"background-color":"var(--ast-global-color-4)","background-image":"","background-repeat":"repeat","background-position":"center center","background-size":"auto","background-attachment":"scroll","background-type":"","background-media":"","overlay-type":"","overlay-color":"","overlay-opacity":"","overlay-gradient":""},"tablet":{"background-color":"var(--ast-global-color-4)","background-image":"","background-repeat":"repeat","background-position":"center center","background-size":"auto","background-attachment":"scroll","background-type":"","background-media":"","overlay-type":"","overlay-color":"","overlay-opacity":"","overlay-gradient":""},"mobile":{"background-color":"var(--ast-global-color-4)","background-image":"","background-repeat":"repeat","background-position":"center center","background-size":"auto","background-attachment":"scroll","background-type":"","background-media":"","overlay-type":"","overlay-color":"","overlay-opacity":"","overlay-gradient":""}},"footnotes":""},"categories":[7],"tags":[],"class_list":["post-356","post","type-post","status-publish","format-standard","has-post-thumbnail","hentry","category-blomfakta-skotselrad"],"yoast_head":"<!-- This site is optimized with the Yoast SEO plugin v27.4 - https:\/\/yoast.com\/product\/yoast-seo-wordpress\/ -->\n<title>S\u00e5 planterar du om dina pelargoner | Interflora<\/title>\n<meta name=\"robots\" content=\"index, follow, max-snippet:-1, max-image-preview:large, max-video-preview:-1\" \/>\n<link rel=\"canonical\" href=\"https:\/\/www.interflora.se\/inspiration\/plantera-om-pelargoner\/\" \/>\n<meta property=\"og:locale\" content=\"sv_SE\" \/>\n<meta property=\"og:type\" content=\"article\" \/>\n<meta property=\"og:title\" content=\"S\u00e5 planterar du om dina pelargoner | Interflora\" \/>\n<meta property=\"og:description\" content=\"Pelargon \u2013 v\u00e5r mest klassiska krukv\u00e4xt som \u00e4r om\u00e5ttligt popul\u00e4r och passar bra att ha i allt fr\u00e5n balkongl\u00e5dor och [&hellip;]\" \/>\n<meta property=\"og:url\" content=\"https:\/\/www.interflora.se\/inspiration\/plantera-om-pelargoner\/\" \/>\n<meta property=\"og:site_name\" content=\"Inspiration om blommor, krukv\u00e4xter &amp; trender | Interflora\" \/>\n<meta property=\"article:publisher\" content=\"https:\/\/www.facebook.com\/InterfloraAB\" \/>\n<meta property=\"article:published_time\" content=\"2024-09-11T20:39:01+00:00\" \/>\n<meta property=\"article:modified_time\" content=\"2025-03-26T08:52:29+00:00\" \/>\n<meta property=\"og:image\" content=\"https:\/\/www.interflora.se\/inspiration\/wp-content\/uploads\/2024\/09\/image-3-1024x1024.png\" \/>\n\t<meta property=\"og:image:width\" content=\"1024\" \/>\n\t<meta property=\"og:image:height\" content=\"1024\" \/>\n\t<meta property=\"og:image:type\" content=\"image\/png\" \/>\n<meta name=\"author\" content=\"admin\" \/>\n<meta name=\"twitter:card\" content=\"summary_large_image\" \/>\n<meta name=\"twitter:label1\" content=\"Skriven av\" \/>\n\t<meta name=\"twitter:data1\" content=\"admin\" \/>\n\t<meta name=\"twitter:label2\" content=\"Ber\u00e4knad l\u00e4stid\" \/>\n\t<meta name=\"twitter:data2\" content=\"2 minuter\" \/>\n<script type=\"application\/ld+json\" class=\"yoast-schema-graph\">{\"@context\":\"https:\\\/\\\/schema.org\",\"@graph\":[{\"@type\":\"Article\",\"@id\":\"https:\\\/\\\/www.interflora.se\\\/inspiration\\\/plantera-om-pelargoner\\\/#article\",\"isPartOf\":{\"@id\":\"https:\\\/\\\/www.interflora.se\\\/inspiration\\\/plantera-om-pelargoner\\\/\"},\"author\":{\"name\":\"admin\",\"@id\":\"https:\\\/\\\/www.interflora.se\\\/inspiration\\\/#\\\/schema\\\/person\\\/dbbd1ad45e05409c356dc639597669f2\"},\"headline\":\"S\u00e5 planterar du om dina pelargoner\",\"datePublished\":\"2024-09-11T20:39:01+00:00\",\"dateModified\":\"2025-03-26T08:52:29+00:00\",\"mainEntityOfPage\":{\"@id\":\"https:\\\/\\\/www.interflora.se\\\/inspiration\\\/plantera-om-pelargoner\\\/\"},\"wordCount\":474,\"commentCount\":0,\"publisher\":{\"@id\":\"https:\\\/\\\/www.interflora.se\\\/inspiration\\\/#organization\"},\"image\":{\"@id\":\"https:\\\/\\\/www.interflora.se\\\/inspiration\\\/plantera-om-pelargoner\\\/#primaryimage\"},\"thumbnailUrl\":\"https:\\\/\\\/www.interflora.se\\\/inspiration\\\/wp-content\\\/uploads\\\/2024\\\/09\\\/image-3.png\",\"articleSection\":[\"Blomfakta &amp; sk\u00f6tselr\u00e5d\"],\"inLanguage\":\"sv-SE\",\"potentialAction\":[{\"@type\":\"CommentAction\",\"name\":\"Comment\",\"target\":[\"https:\\\/\\\/www.interflora.se\\\/inspiration\\\/plantera-om-pelargoner\\\/#respond\"]}]},{\"@type\":\"WebPage\",\"@id\":\"https:\\\/\\\/www.interflora.se\\\/inspiration\\\/plantera-om-pelargoner\\\/\",\"url\":\"https:\\\/\\\/www.interflora.se\\\/inspiration\\\/plantera-om-pelargoner\\\/\",\"name\":\"S\u00e5 planterar du om dina pelargoner | Interflora\",\"isPartOf\":{\"@id\":\"https:\\\/\\\/www.interflora.se\\\/inspiration\\\/#website\"},\"primaryImageOfPage\":{\"@id\":\"https:\\\/\\\/www.interflora.se\\\/inspiration\\\/plantera-om-pelargoner\\\/#primaryimage\"},\"image\":{\"@id\":\"https:\\\/\\\/www.interflora.se\\\/inspiration\\\/plantera-om-pelargoner\\\/#primaryimage\"},\"thumbnailUrl\":\"https:\\\/\\\/www.interflora.se\\\/inspiration\\\/wp-content\\\/uploads\\\/2024\\\/09\\\/image-3.png\",\"datePublished\":\"2024-09-11T20:39:01+00:00\",\"dateModified\":\"2025-03-26T08:52:29+00:00\",\"breadcrumb\":{\"@id\":\"https:\\\/\\\/www.interflora.se\\\/inspiration\\\/plantera-om-pelargoner\\\/#breadcrumb\"},\"inLanguage\":\"sv-SE\",\"potentialAction\":[{\"@type\":\"ReadAction\",\"target\":[\"https:\\\/\\\/www.interflora.se\\\/inspiration\\\/plantera-om-pelargoner\\\/\"]}]},{\"@type\":\"ImageObject\",\"inLanguage\":\"sv-SE\",\"@id\":\"https:\\\/\\\/www.interflora.se\\\/inspiration\\\/plantera-om-pelargoner\\\/#primaryimage\",\"url\":\"https:\\\/\\\/www.interflora.se\\\/inspiration\\\/wp-content\\\/uploads\\\/2024\\\/09\\\/image-3.png\",\"contentUrl\":\"https:\\\/\\\/www.interflora.se\\\/inspiration\\\/wp-content\\\/uploads\\\/2024\\\/09\\\/image-3.png\",\"width\":1500,\"height\":1500},{\"@type\":\"BreadcrumbList\",\"@id\":\"https:\\\/\\\/www.interflora.se\\\/inspiration\\\/plantera-om-pelargoner\\\/#breadcrumb\",\"itemListElement\":[{\"@type\":\"ListItem\",\"position\":1,\"name\":\"Home\",\"item\":\"https:\\\/\\\/www.interflora.se\\\/inspiration\\\/\"},{\"@type\":\"ListItem\",\"position\":2,\"name\":\"S\u00e5 planterar du om dina pelargoner\"}]},{\"@type\":\"WebSite\",\"@id\":\"https:\\\/\\\/www.interflora.se\\\/inspiration\\\/#website\",\"url\":\"https:\\\/\\\/www.interflora.se\\\/inspiration\\\/\",\"name\":\"Interflora\",\"description\":\"\",\"publisher\":{\"@id\":\"https:\\\/\\\/www.interflora.se\\\/inspiration\\\/#organization\"},\"potentialAction\":[{\"@type\":\"SearchAction\",\"target\":{\"@type\":\"EntryPoint\",\"urlTemplate\":\"https:\\\/\\\/www.interflora.se\\\/inspiration\\\/?s={search_term_string}\"},\"query-input\":{\"@type\":\"PropertyValueSpecification\",\"valueRequired\":true,\"valueName\":\"search_term_string\"}}],\"inLanguage\":\"sv-SE\"},{\"@type\":\"Organization\",\"@id\":\"https:\\\/\\\/www.interflora.se\\\/inspiration\\\/#organization\",\"name\":\"Interflora\",\"url\":\"https:\\\/\\\/www.interflora.se\\\/inspiration\\\/\",\"logo\":{\"@type\":\"ImageObject\",\"inLanguage\":\"sv-SE\",\"@id\":\"https:\\\/\\\/www.interflora.se\\\/inspiration\\\/#\\\/schema\\\/logo\\\/image\\\/\",\"url\":\"https:\\\/\\\/www.interflora.se\\\/inspiration\\\/wp-content\\\/uploads\\\/2025\\\/09\\\/cropped-220422_INTERFLORA_Logo_rgb_Half_Top_Circle_Main_Color.avif\",\"contentUrl\":\"https:\\\/\\\/www.interflora.se\\\/inspiration\\\/wp-content\\\/uploads\\\/2025\\\/09\\\/cropped-220422_INTERFLORA_Logo_rgb_Half_Top_Circle_Main_Color.avif\",\"width\":1418,\"height\":662,\"caption\":\"Interflora\"},\"image\":{\"@id\":\"https:\\\/\\\/www.interflora.se\\\/inspiration\\\/#\\\/schema\\\/logo\\\/image\\\/\"},\"sameAs\":[\"https:\\\/\\\/www.facebook.com\\\/InterfloraAB\",\"https:\\\/\\\/www.instagram.com\\\/interflora_ab\\\/\",\"https:\\\/\\\/www.linkedin.com\\\/company\\\/1494362\",\"https:\\\/\\\/www.youtube.com\\\/channel\\\/UCZgDzGWB2VRxaoWFUmXnk1w\"]},{\"@type\":\"Person\",\"@id\":\"https:\\\/\\\/www.interflora.se\\\/inspiration\\\/#\\\/schema\\\/person\\\/dbbd1ad45e05409c356dc639597669f2\",\"name\":\"admin\",\"image\":{\"@type\":\"ImageObject\",\"inLanguage\":\"sv-SE\",\"@id\":\"https:\\\/\\\/www.interflora.se\\\/inspiration\\\/wp-content\\\/litespeed\\\/avatar\\\/1fe3cced9e67df62d0a6f995d75823a5.jpg?ver=1777362393\",\"url\":\"https:\\\/\\\/www.interflora.se\\\/inspiration\\\/wp-content\\\/litespeed\\\/avatar\\\/1fe3cced9e67df62d0a6f995d75823a5.jpg?ver=1777362393\",\"contentUrl\":\"https:\\\/\\\/www.interflora.se\\\/inspiration\\\/wp-content\\\/litespeed\\\/avatar\\\/1fe3cced9e67df62d0a6f995d75823a5.jpg?ver=1777362393\",\"caption\":\"admin\"},\"sameAs\":[\"https:\\\/\\\/www.interflora.se\\\/inspiration\"],\"url\":\"https:\\\/\\\/www.interflora.se\\\/inspiration\\\/author\\\/admin\\\/\"}]}<\/script>\n<!-- \/ Yoast SEO plugin. -->","yoast_head_json":{"title":"S\u00e5 planterar du om dina pelargoner | Interflora","robots":{"index":"index","follow":"follow","max-snippet":"max-snippet:-1","max-image-preview":"max-image-preview:large","max-video-preview":"max-video-preview:-1"},"canonical":"https:\/\/www.interflora.se\/inspiration\/plantera-om-pelargoner\/","og_locale":"sv_SE","og_type":"article","og_title":"S\u00e5 planterar du om dina pelargoner | Interflora","og_description":"Pelargon \u2013 v\u00e5r mest klassiska krukv\u00e4xt som \u00e4r om\u00e5ttligt popul\u00e4r och passar bra att ha i allt fr\u00e5n balkongl\u00e5dor och [&hellip;]","og_url":"https:\/\/www.interflora.se\/inspiration\/plantera-om-pelargoner\/","og_site_name":"Inspiration om blommor, krukv\u00e4xter &amp; trender | Interflora","article_publisher":"https:\/\/www.facebook.com\/InterfloraAB","article_published_time":"2024-09-11T20:39:01+00:00","article_modified_time":"2025-03-26T08:52:29+00:00","og_image":[{"width":1024,"height":1024,"url":"https:\/\/www.interflora.se\/inspiration\/wp-content\/uploads\/2024\/09\/image-3-1024x1024.png","type":"image\/png"}],"author":"admin","twitter_card":"summary_large_image","twitter_misc":{"Skriven av":"admin","Ber\u00e4knad l\u00e4stid":"2 minuter"},"schema":{"@context":"https:\/\/schema.org","@graph":[{"@type":"Article","@id":"https:\/\/www.interflora.se\/inspiration\/plantera-om-pelargoner\/#article","isPartOf":{"@id":"https:\/\/www.interflora.se\/inspiration\/plantera-om-pelargoner\/"},"author":{"name":"admin","@id":"https:\/\/www.interflora.se\/inspiration\/#\/schema\/person\/dbbd1ad45e05409c356dc639597669f2"},"headline":"S\u00e5 planterar du om dina pelargoner","datePublished":"2024-09-11T20:39:01+00:00","dateModified":"2025-03-26T08:52:29+00:00","mainEntityOfPage":{"@id":"https:\/\/www.interflora.se\/inspiration\/plantera-om-pelargoner\/"},"wordCount":474,"commentCount":0,"publisher":{"@id":"https:\/\/www.interflora.se\/inspiration\/#organization"},"image":{"@id":"https:\/\/www.interflora.se\/inspiration\/plantera-om-pelargoner\/#primaryimage"},"thumbnailUrl":"https:\/\/www.interflora.se\/inspiration\/wp-content\/uploads\/2024\/09\/image-3.png","articleSection":["Blomfakta &amp; sk\u00f6tselr\u00e5d"],"inLanguage":"sv-SE","potentialAction":[{"@type":"CommentAction","name":"Comment","target":["https:\/\/www.interflora.se\/inspiration\/plantera-om-pelargoner\/#respond"]}]},{"@type":"WebPage","@id":"https:\/\/www.interflora.se\/inspiration\/plantera-om-pelargoner\/","url":"https:\/\/www.interflora.se\/inspiration\/plantera-om-pelargoner\/","name":"S\u00e5 planterar du om dina pelargoner | Interflora","isPartOf":{"@id":"https:\/\/www.interflora.se\/inspiration\/#website"},"primaryImageOfPage":{"@id":"https:\/\/www.interflora.se\/inspiration\/plantera-om-pelargoner\/#primaryimage"},"image":{"@id":"https:\/\/www.interflora.se\/inspiration\/plantera-om-pelargoner\/#primaryimage"},"thumbnailUrl":"https:\/\/www.interflora.se\/inspiration\/wp-content\/uploads\/2024\/09\/image-3.png","datePublished":"2024-09-11T20:39:01+00:00","dateModified":"2025-03-26T08:52:29+00:00","breadcrumb":{"@id":"https:\/\/www.interflora.se\/inspiration\/plantera-om-pelargoner\/#breadcrumb"},"inLanguage":"sv-SE","potentialAction":[{"@type":"ReadAction","target":["https:\/\/www.interflora.se\/inspiration\/plantera-om-pelargoner\/"]}]},{"@type":"ImageObject","inLanguage":"sv-SE","@id":"https:\/\/www.interflora.se\/inspiration\/plantera-om-pelargoner\/#primaryimage","url":"https:\/\/www.interflora.se\/inspiration\/wp-content\/uploads\/2024\/09\/image-3.png","contentUrl":"https:\/\/www.interflora.se\/inspiration\/wp-content\/uploads\/2024\/09\/image-3.png","width":1500,"height":1500},{"@type":"BreadcrumbList","@id":"https:\/\/www.interflora.se\/inspiration\/plantera-om-pelargoner\/#breadcrumb","itemListElement":[{"@type":"ListItem","position":1,"name":"Home","item":"https:\/\/www.interflora.se\/inspiration\/"},{"@type":"ListItem","position":2,"name":"S\u00e5 planterar du om dina pelargoner"}]},{"@type":"WebSite","@id":"https:\/\/www.interflora.se\/inspiration\/#website","url":"https:\/\/www.interflora.se\/inspiration\/","name":"Interflora","description":"","publisher":{"@id":"https:\/\/www.interflora.se\/inspiration\/#organization"},"potentialAction":[{"@type":"SearchAction","target":{"@type":"EntryPoint","urlTemplate":"https:\/\/www.interflora.se\/inspiration\/?s={search_term_string}"},"query-input":{"@type":"PropertyValueSpecification","valueRequired":true,"valueName":"search_term_string"}}],"inLanguage":"sv-SE"},{"@type":"Organization","@id":"https:\/\/www.interflora.se\/inspiration\/#organization","name":"Interflora","url":"https:\/\/www.interflora.se\/inspiration\/","logo":{"@type":"ImageObject","inLanguage":"sv-SE","@id":"https:\/\/www.interflora.se\/inspiration\/#\/schema\/logo\/image\/","url":"https:\/\/www.interflora.se\/inspiration\/wp-content\/uploads\/2025\/09\/cropped-220422_INTERFLORA_Logo_rgb_Half_Top_Circle_Main_Color.avif","contentUrl":"https:\/\/www.interflora.se\/inspiration\/wp-content\/uploads\/2025\/09\/cropped-220422_INTERFLORA_Logo_rgb_Half_Top_Circle_Main_Color.avif","width":1418,"height":662,"caption":"Interflora"},"image":{"@id":"https:\/\/www.interflora.se\/inspiration\/#\/schema\/logo\/image\/"},"sameAs":["https:\/\/www.facebook.com\/InterfloraAB","https:\/\/www.instagram.com\/interflora_ab\/","https:\/\/www.linkedin.com\/company\/1494362","https:\/\/www.youtube.com\/channel\/UCZgDzGWB2VRxaoWFUmXnk1w"]},{"@type":"Person","@id":"https:\/\/www.interflora.se\/inspiration\/#\/schema\/person\/dbbd1ad45e05409c356dc639597669f2","name":"admin","image":{"@type":"ImageObject","inLanguage":"sv-SE","@id":"https:\/\/www.interflora.se\/inspiration\/wp-content\/litespeed\/avatar\/1fe3cced9e67df62d0a6f995d75823a5.jpg?ver=1777362393","url":"https:\/\/www.interflora.se\/inspiration\/wp-content\/litespeed\/avatar\/1fe3cced9e67df62d0a6f995d75823a5.jpg?ver=1777362393","contentUrl":"https:\/\/www.interflora.se\/inspiration\/wp-content\/litespeed\/avatar\/1fe3cced9e67df62d0a6f995d75823a5.jpg?ver=1777362393","caption":"admin"},"sameAs":["https:\/\/www.interflora.se\/inspiration"],"url":"https:\/\/www.interflora.se\/inspiration\/author\/admin\/"}]}},"uagb_featured_image_src":{"full":["https:\/\/www.interflora.se\/inspiration\/wp-content\/uploads\/2024\/09\/image-3.png",1500,1500,false],"thumbnail":["https:\/\/www.interflora.se\/inspiration\/wp-content\/uploads\/2024\/09\/image-3-150x150.png",150,150,true],"medium":["https:\/\/www.interflora.se\/inspiration\/wp-content\/uploads\/2024\/09\/image-3-300x300.png",300,300,true],"medium_large":["https:\/\/www.interflora.se\/inspiration\/wp-content\/uploads\/2024\/09\/image-3-768x768.png",768,768,true],"large":["https:\/\/www.interflora.se\/inspiration\/wp-content\/uploads\/2024\/09\/image-3-1024x1024.png",1024,1024,true],"1536x1536":["https:\/\/www.interflora.se\/inspiration\/wp-content\/uploads\/2024\/09\/image-3.png",1500,1500,false],"2048x2048":["https:\/\/www.interflora.se\/inspiration\/wp-content\/uploads\/2024\/09\/image-3.png",1500,1500,false]},"uagb_author_info":{"display_name":"admin","author_link":"https:\/\/www.interflora.se\/inspiration\/author\/admin\/"},"uagb_comment_info":0,"uagb_excerpt":"Pelargon \u2013 v\u00e5r mest klassiska krukv\u00e4xt som \u00e4r om\u00e5ttligt popul\u00e4r och passar bra att ha i allt fr\u00e5n balkongl\u00e5dor och [&hellip;]","_links":{"self":[{"href":"https:\/\/www.interflora.se\/inspiration\/wp-json\/wp\/v2\/posts\/356","targetHints":{"allow":["GET"]}}],"collection":[{"href":"https:\/\/www.interflora.se\/inspiration\/wp-json\/wp\/v2\/posts"}],"about":[{"href":"https:\/\/www.interflora.se\/inspiration\/wp-json\/wp\/v2\/types\/post"}],"author":[{"embeddable":true,"href":"https:\/\/www.interflora.se\/inspiration\/wp-json\/wp\/v2\/users\/1"}],"replies":[{"embeddable":true,"href":"https:\/\/www.interflora.se\/inspiration\/wp-json\/wp\/v2\/comments?post=356"}],"version-history":[{"count":1,"href":"https:\/\/www.interflora.se\/inspiration\/wp-json\/wp\/v2\/posts\/356\/revisions"}],"predecessor-version":[{"id":1532,"href":"https:\/\/www.interflora.se\/inspiration\/wp-json\/wp\/v2\/posts\/356\/revisions\/1532"}],"wp:featuredmedia":[{"embeddable":true,"href":"https:\/\/www.interflora.se\/inspiration\/wp-json\/wp\/v2\/media\/1531"}],"wp:attachment":[{"href":"https:\/\/www.interflora.se\/inspiration\/wp-json\/wp\/v2\/media?parent=356"}],"wp:term":[{"taxonomy":"category","embeddable":true,"href":"https:\/\/www.interflora.se\/inspiration\/wp-json\/wp\/v2\/categories?post=356"},{"taxonomy":"post_tag","embeddable":true,"href":"https:\/\/www.interflora.se\/inspiration\/wp-json\/wp\/v2\/tags?post=356"}],"curies":[{"name":"wp","href":"https:\/\/api.w.org\/{rel}","templated":true}]}}