{"id":352,"date":"2026-02-28T09:30:00","date_gmt":"2026-02-28T08:30:00","guid":{"rendered":"http:\/\/preprodblog.interflora.se\/blog\/?p=352"},"modified":"2026-03-24T15:12:33","modified_gmt":"2026-03-24T14:12:33","slug":"pask","status":"publish","type":"post","link":"https:\/\/www.interflora.se\/inspiration\/pask\/","title":{"rendered":"P\u00e5sk &#8211; H\u00e4r \u00e4r p\u00e5skens alla blommor"},"content":{"rendered":"\n<p>P\u00e5skliljor, tulpaner, p\u00e5skris och f\u00e4rgglada \u00e4gg. \u00c4ntligen dags f\u00f6r v\u00e5rens stora h\u00f6gtid &#8211; p\u00e5sken!&nbsp;P\u00e5sken \u00e4r den \u00e4ldsta och st\u00f6rsta kristna h\u00f6gtiden. Den firar Kristi uppst\u00e5ndelse men har sina r\u00f6tter i den judiska p\u00e5skfesten, som p\u00e5minner om israeliternas utt\u00e5g ur Egypten.<\/p>\n\n\n\n<figure class=\"wp-block-image aligncenter size-full is-resized\"><img loading=\"lazy\" decoding=\"async\" width=\"1000\" height=\"666\" src=\"https:\/\/www.interflora.se\/inspiration\/wp-content\/uploads\/2026\/03\/paskbukett-pa-bordet.jpg\" alt=\"\" class=\"wp-image-5699\" style=\"aspect-ratio:1.501536728996082;width:814px;height:auto\"\/><\/figure>\n\n\n\n<div class=\"wp-block-buttons is-content-justification-center is-layout-flex wp-container-core-buttons-is-layout-a89b3969 wp-block-buttons-is-layout-flex\">\n<div class=\"wp-block-button\"><a class=\"wp-block-button__link wp-element-button\" href=\"https:\/\/www.interflora.se\/c\/paskblommor?utm_source=blog&amp;utm_campaign=post-cta\">SKICKA BLOMMOR TILL P\u00c5SK<\/a><\/div>\n<\/div>\n\n\n\n<p>P\u00e5sken infaller den f\u00f6rsta s\u00f6ndagen efter den f\u00f6rsta fullm\u00e5nen efter v\u00e5rdagj\u00e4mningen. I almanackan blir det n\u00e5gon g\u00e5ng mellan den 22 mars och den 25 april. N\u00e4r p\u00e5sken infaller \u00f6verg\u00e5r vinter i ljus, gr\u00f6nska och v\u00e4rme. Att just&nbsp;gult&nbsp;\u00e4r p\u00e5skens f\u00e4rg beror p\u00e5 p\u00e5skattributen kycklingar, \u00e4ggula,&nbsp;<a href=\"https:\/\/www.interflora.se\/inspiration\/blomfakta-paskliljor\/\">p\u00e5skliljor<\/a>&nbsp;och solen som nu b\u00f6rjar v\u00e4rma upp frusna marker. Hela 80 procent av de blommande krukv\u00e4xterna som s\u00e4ljs kring p\u00e5sk har&nbsp;<a href=\"https:\/\/www.interflora.se\/inspiration\/fargskola-gul\/\">gula blommor<\/a>!<\/p>\n\n\n\n<h2 class=\"wp-block-heading\">Solgula tulpaner<\/h2>\n\n\n\n<p><a href=\"https:\/\/www.interflora.se\/c\/buketter\/tulpaner\">Tulpanen<\/a>&nbsp;\u00e4r m\u00e5ngas favoritblomma p\u00e5 v\u00e5ren och i p\u00e5sk k\u00e4nns tulpanerna mer r\u00e4tt \u00e4n n\u00e5gonsin. En bukett med solgula tulpaner ger ordentligt med p\u00e5skk\u00e4nsla och h\u00e4rlig energi.&nbsp;P\u00e5 interflora.se har vi flera uppiggande tulpanbuketter i enhetliga eller blandade f\u00e4rger.&nbsp;<\/p>\n\n\n\n<p><em>L\u00e4s ocks\u00e5:&nbsp;<a href=\"https:\/\/www.interflora.se\/inspiration\/blomfakta-tulpaner\/\">Fakta och sk\u00f6tselr\u00e5d tulpaner<\/a><\/em><\/p>\n\n\n<div class=\"lp-produits-grid\"><div class=\"lp-produit\"><div class=\"lp-thumbnail-wrapper\"><img loading=\"lazy\" decoding=\"async\" width=\"240\" height=\"300\" src=\"https:\/\/www.interflora.se\/inspiration\/wp-content\/uploads\/2026\/03\/1772283449-1203200-kram-mellan-2026-2.jpg\" class=\"attachment-medium size-medium wp-post-image\" alt=\"\" \/><img decoding=\"async\" class=\"lp-badge\" src=\"https:\/\/www.interflora.se\/inspiration\/wp-content\/uploads\/2025\/03\/cropped-220422_INTERFLORA_Main_Logo_rgb_Main_Color-1.png\" alt=\"Blombud Interflora\"><\/div><span>Kram<\/span><p>fr\u00e5n 299 kr<\/p><span class=\"obf-link lp-cta\" role=\"link\" tabindex=\"0\" data-b64=\"aHR0cHM6Ly93d3cuaW50ZXJmbG9yYS5zZS9wLzkwNzc4LWtyYW0vMj91dG1fbWVkaXVtPW9yZ2FuaWMmdXRtX3NvdXJjZT1ibG9nX3Byb2R1Y3RzJnV0bV9jYW1wYWlnbj0xMjAzMTk5LUtyYW0tTllfMQ==\" data-target=\"_blank\"><svg xmlns=\"http:\/\/www.w3.org\/2000\/svg\" width=\"16\" height=\"16\" fill=\"currentColor\" class=\"bi bi-bag\" viewBox=\"0 0 16 16\"><path d=\"M8 1a2 2 0 0 1 2 2v1h2.5A1.5 1.5 0 0 1 14 5.5v8A1.5 1.5 0 0 1 12.5 15h-9A1.5 1.5 0 0 1 2 13.5v-8A1.5 1.5 0 0 1 3.5 3H6V2a2 2 0 0 1 2-1zm1 3V3a1 1 0 0 0-2 0v1h2z\"\/><\/svg>K\u00f6p h\u00e4r<\/span><p class=\"rapido\">Leverans i hela Sverige<\/p><\/div><div class=\"lp-produit\"><div class=\"lp-thumbnail-wrapper\"><img loading=\"lazy\" decoding=\"async\" width=\"240\" height=\"300\" src=\"https:\/\/www.interflora.se\/inspiration\/wp-content\/uploads\/2026\/03\/1744198116-1202596-4-5-240x300.avif\" class=\"attachment-medium size-medium wp-post-image\" alt=\"\" srcset=\"https:\/\/www.interflora.se\/inspiration\/wp-content\/uploads\/2026\/03\/1744198116-1202596-4-5-240x300.avif 240w, https:\/\/www.interflora.se\/inspiration\/wp-content\/uploads\/2026\/03\/1744198116-1202596-4-5.avif 745w\" sizes=\"auto, (max-width: 240px) 100vw, 240px\" \/><img decoding=\"async\" class=\"lp-badge\" src=\"https:\/\/www.interflora.se\/inspiration\/wp-content\/uploads\/2025\/03\/cropped-220422_INTERFLORA_Main_Logo_rgb_Main_Color-1.png\" alt=\"Blombud Interflora\"><\/div><span>P\u00e5sklycka<\/span><p>fr\u00e5n 449 kr<\/p><span class=\"obf-link lp-cta\" role=\"link\" tabindex=\"0\" data-b64=\"aHR0cHM6Ly93d3cuaW50ZXJmbG9yYS5zZS9wLzQxMDgyLXBhc2tseWNrYS8yP3V0bV9tZWRpdW09b3JnYW5pYyZ1dG1fc291cmNlPWJsb2dfcHJvZHVjdHMmdXRtX2NhbXBhaWduPTEyMDI1OTU=\" data-target=\"_blank\"><svg xmlns=\"http:\/\/www.w3.org\/2000\/svg\" width=\"16\" height=\"16\" fill=\"currentColor\" class=\"bi bi-bag\" viewBox=\"0 0 16 16\"><path d=\"M8 1a2 2 0 0 1 2 2v1h2.5A1.5 1.5 0 0 1 14 5.5v8A1.5 1.5 0 0 1 12.5 15h-9A1.5 1.5 0 0 1 2 13.5v-8A1.5 1.5 0 0 1 3.5 3H6V2a2 2 0 0 1 2-1zm1 3V3a1 1 0 0 0-2 0v1h2z\"\/><\/svg>K\u00f6p h\u00e4r<\/span><p class=\"rapido\">Leverans idag<\/p><\/div><div class=\"lp-produit\"><div class=\"lp-thumbnail-wrapper\"><img loading=\"lazy\" decoding=\"async\" width=\"240\" height=\"300\" src=\"https:\/\/www.interflora.se\/inspiration\/wp-content\/uploads\/2026\/01\/1744203933-1202735-4-5-240x300.avif\" class=\"attachment-medium size-medium wp-post-image\" alt=\"\" srcset=\"https:\/\/www.interflora.se\/inspiration\/wp-content\/uploads\/2026\/01\/1744203933-1202735-4-5-240x300.avif 240w, https:\/\/www.interflora.se\/inspiration\/wp-content\/uploads\/2026\/01\/1744203933-1202735-4-5.avif 745w\" sizes=\"auto, (max-width: 240px) 100vw, 240px\" \/><img decoding=\"async\" class=\"lp-badge\" src=\"https:\/\/www.interflora.se\/inspiration\/wp-content\/uploads\/2025\/03\/cropped-220422_INTERFLORA_Main_Logo_rgb_Main_Color-1.png\" alt=\"Blombud Interflora\"><\/div><span>Spirande v\u00e5r<\/span><p>fr\u00e5n 499 kr<\/p><span class=\"obf-link lp-cta\" role=\"link\" tabindex=\"0\" data-b64=\"aHR0cHM6Ly93d3cuaW50ZXJmbG9yYS5zZS9wLzU3MjY3LXNwaXJhbmRlLXZhci8yP3V0bV9tZWRpdW09b3JnYW5pYyZ1dG1fc291cmNlPWJsb2dfcHJvZHVjdHMmdXRtX2NhbXBhaWduPTEyMDI3MzQ=\" data-target=\"_blank\"><svg xmlns=\"http:\/\/www.w3.org\/2000\/svg\" width=\"16\" height=\"16\" fill=\"currentColor\" class=\"bi bi-bag\" viewBox=\"0 0 16 16\"><path d=\"M8 1a2 2 0 0 1 2 2v1h2.5A1.5 1.5 0 0 1 14 5.5v8A1.5 1.5 0 0 1 12.5 15h-9A1.5 1.5 0 0 1 2 13.5v-8A1.5 1.5 0 0 1 3.5 3H6V2a2 2 0 0 1 2-1zm1 3V3a1 1 0 0 0-2 0v1h2z\"\/><\/svg>K\u00f6p h\u00e4r<\/span><p class=\"rapido\">Handbundet av florister<\/p><\/div><div class=\"lp-produit\"><div class=\"lp-thumbnail-wrapper\"><img loading=\"lazy\" decoding=\"async\" width=\"240\" height=\"300\" src=\"https:\/\/www.interflora.se\/inspiration\/wp-content\/uploads\/2026\/03\/1744198336-1201893-floristens-paskbukett-4-5-240x300.avif\" class=\"attachment-medium size-medium wp-post-image\" alt=\"\" srcset=\"https:\/\/www.interflora.se\/inspiration\/wp-content\/uploads\/2026\/03\/1744198336-1201893-floristens-paskbukett-4-5-240x300.avif 240w, https:\/\/www.interflora.se\/inspiration\/wp-content\/uploads\/2026\/03\/1744198336-1201893-floristens-paskbukett-4-5.avif 745w\" sizes=\"auto, (max-width: 240px) 100vw, 240px\" \/><img decoding=\"async\" class=\"lp-badge\" src=\"https:\/\/www.interflora.se\/inspiration\/wp-content\/uploads\/2025\/03\/cropped-220422_INTERFLORA_Main_Logo_rgb_Main_Color-1.png\" alt=\"Blombud Interflora\"><\/div><span>Floristens p\u00e5skbukett<\/span><p>fr\u00e5n 329 kr<\/p><span class=\"obf-link lp-cta\" role=\"link\" tabindex=\"0\" data-b64=\"aHR0cHM6Ly93d3cuaW50ZXJmbG9yYS5zZS9wLzQ4MjItZmxvcmlzdGVucy1wYXNrYnVrZXR0LzI\/dXRtX21lZGl1bT1vcmdhbmljJnV0bV9zb3VyY2U9YmxvZ19wcm9kdWN0cyZ1dG1fY2FtcGFpZ249MTIwMTg5Mw==\" data-target=\"_blank\"><svg xmlns=\"http:\/\/www.w3.org\/2000\/svg\" width=\"16\" height=\"16\" fill=\"currentColor\" class=\"bi bi-bag\" viewBox=\"0 0 16 16\"><path d=\"M8 1a2 2 0 0 1 2 2v1h2.5A1.5 1.5 0 0 1 14 5.5v8A1.5 1.5 0 0 1 12.5 15h-9A1.5 1.5 0 0 1 2 13.5v-8A1.5 1.5 0 0 1 3.5 3H6V2a2 2 0 0 1 2-1zm1 3V3a1 1 0 0 0-2 0v1h2z\"\/><\/svg>K\u00f6p h\u00e4r<\/span><p class=\"rapido\">Bunden av din lokala florist<\/p><\/div><\/div>\n\n\n\n<h2 class=\"wp-block-heading\">Uppiggande p\u00e5skliljor<\/h2>\n\n\n\n<p>Den blomsort som mest f\u00f6rknippas med p\u00e5sken \u00e4r helt klart&nbsp;<a href=\"https:\/\/www.interflora.se\/inspiration\/blomfakta-paskliljor\/\">p\u00e5skiljor.<\/a>&nbsp;De majest\u00e4tiska blommorna pr\u00e4glas av sin rika gula f\u00e4rg i mitten av blomhuvudet som \u00e4r omgivet av vackra kronblad i vitt eller gult.<\/p>\n\n\n\n<p>P\u00e5skliljor finns b\u00e5de som plantering och som snittblomma.<\/p>\n\n\n\n<div class=\"wp-block-columns is-layout-flex wp-container-core-columns-is-layout-28f84493 wp-block-columns-is-layout-flex\">\n<div class=\"wp-block-column is-layout-flow wp-block-column-is-layout-flow\" style=\"flex-basis:66.66%\">\n<figure class=\"wp-block-image aligncenter size-full is-resized\"><img loading=\"lazy\" decoding=\"async\" width=\"1000\" height=\"666\" src=\"https:\/\/www.interflora.se\/inspiration\/wp-content\/uploads\/2026\/03\/paskbukett-2.jpg\" alt=\"\" class=\"wp-image-5704\" style=\"width:714px;height:auto\"\/><\/figure>\n<\/div>\n\n\n\n<div class=\"wp-block-column is-layout-flow wp-block-column-is-layout-flow\" style=\"flex-basis:33.33%\">\n<figure class=\"wp-block-image aligncenter size-full is-resized\"><img loading=\"lazy\" decoding=\"async\" width=\"666\" height=\"1000\" src=\"https:\/\/www.interflora.se\/inspiration\/wp-content\/uploads\/2026\/03\/paskbukett.jpg\" alt=\"\" class=\"wp-image-5696\" style=\"aspect-ratio:0.6660029733460763;width:316px;height:auto\"\/><\/figure>\n<\/div>\n<\/div>\n\n\n\n<h2 class=\"wp-block-heading\">Vide<\/h2>\n\n\n\n<p>Vide \u00e4r ett v\u00e5rtecken som f\u00e5r oss att l\u00e4ngta efter mer v\u00e4rme och ljus. Med sina ludna blommor \u00e4r de v\u00e4ldigt fina att ha ensamma i en vas, i en bukett med tulpaner eller i en plantering.&nbsp;<\/p>\n\n\n\n<p>L\u00e5t dig inspireras av v\u00e5ra <a href=\"https:\/\/www.interflora.se\/c\/buketter\/varens-blommor\">v\u00e5rblommor<\/a> och v\u00e4lj en bukett som f\u00e5ngar v\u00e5rens k\u00e4nsla.<\/p>\n\n\n\n<figure class=\"wp-block-image aligncenter size-full is-resized\"><img loading=\"lazy\" decoding=\"async\" width=\"666\" height=\"1000\" src=\"https:\/\/www.interflora.se\/inspiration\/wp-content\/uploads\/2026\/03\/gult-paskbukett.jpg\" alt=\"\" class=\"wp-image-5703\" style=\"aspect-ratio:0.6660051876621145;object-fit:cover;width:400px\"\/><\/figure>\n\n\n\n<h2 class=\"wp-block-heading\">P\u00e5sk\u00e4gg<\/h2>\n\n\n\n<p>F\u00f6rr var det f\u00f6rbjudet att \u00e4ta \u00e4gg under fastan, men till p\u00e5sken blev det \u00e5ter till\u00e5tet. Detta i kombination med att h\u00f6nsen b\u00f6rjade v\u00e4rpa igen efter vinterns uppeh\u00e5ll har bidragit till att \u00e4gg i dag har sin sj\u00e4lvklara plats p\u00e5 bordet kring p\u00e5sk.<\/p>\n\n\n\n<p>Att m\u00e5la och dekorera \u00e4gg \u00e4r en gammal tradition. Olika v\u00e4xtdelar bands runt \u00e4gget och kokades tillsammans med n\u00e5got annat som gav f\u00e4rg tex. r\u00f6dl\u00f6ksskal, kaffesump, bj\u00f6rkl\u00f6v, bark av vildapel eller hundk\u00e4x. N\u00e4r de fastknutna v\u00e4xterna togs bort avtecknade sig ett vackert m\u00f6nster. Vill du pyssla mer s\u00e5 hittar du h\u00e4r en steg-f\u00f6r-steg beskrivning om hur du g\u00f6r ditt egna&nbsp;<a href=\"https:\/\/www.interflora.se\/inspiration\/diy-blomstrande-paskris-med-fargade-agg\/\">blomstrande p\u00e5skris<\/a>.&nbsp;Du kan \u00e4ven l\u00e5ta dig inspireras av en&nbsp;vacker&nbsp;<a href=\"https:\/\/www.interflora.se\/inspiration\/vacker-paskdukning\/\">p\u00e5skdukning<\/a>.<\/p>\n\n\n\n<div class=\"wp-block-group alignwide is-layout-constrained wp-block-group-is-layout-constrained\">\n<figure class=\"wp-block-gallery aligncenter has-nested-images columns-default is-cropped wp-block-gallery-1 is-layout-flex wp-block-gallery-is-layout-flex\">\n<figure class=\"wp-block-image size-full\"><img loading=\"lazy\" decoding=\"async\" width=\"666\" height=\"1000\" data-id=\"5697\" src=\"https:\/\/www.interflora.se\/inspiration\/wp-content\/uploads\/2026\/03\/paskbukett-och-choklad.jpg\" alt=\"\" class=\"wp-image-5697\"\/><\/figure>\n\n\n\n<figure class=\"wp-block-image size-full\"><img loading=\"lazy\" decoding=\"async\" width=\"666\" height=\"1000\" data-id=\"5698\" src=\"https:\/\/www.interflora.se\/inspiration\/wp-content\/uploads\/2026\/03\/paskbukett-och-choklad-2.jpg\" alt=\"\" class=\"wp-image-5698\"\/><\/figure>\n<\/figure>\n<\/div>\n\n\n\n<h2 class=\"wp-block-heading\">P\u00e5skriset<\/h2>\n\n\n\n<p>P\u00e5skriset, eller fastlagsriset som det ocks\u00e5 kallas, kom troligen till Sverige p\u00e5 1500-talet. Traditionen adopterade man fr\u00e5n varmare l\u00e4nder d\u00e4r det var vanligt att ta in stora vackra blomsterdekorationer till Palms\u00f6ndagen. Svenskarna ville inte vara s\u00e4mre. Men \u00e5rstiden till\u00e4t inte blommor utan ist\u00e4llet tog man in bj\u00f6rkris eller s\u00e4lg och prydde kvistarna med f\u00e4rgglada fj\u00e4drar eller band. Riset hade ocks\u00e5 en annan funktion. P\u00e5 l\u00e5ngfredagsmorgonen piskade man varandra med ris f\u00f6r att p\u00e5minna om Jesu lidande.<\/p>\n\n\n\n<p><em>L\u00e4s mer:&nbsp;<a href=\"https:\/\/www.interflora.se\/inspiration\/diy-blomstrande-paskris-med-fargade-agg\/\">G\u00f6r ditt egna blomstrande p\u00e5skris<\/a><\/em><\/p>\n\n\n<div class=\"lp-produits-grid\"><div class=\"lp-produit\"><div class=\"lp-thumbnail-wrapper\"><img loading=\"lazy\" decoding=\"async\" width=\"240\" height=\"300\" src=\"https:\/\/www.interflora.se\/inspiration\/wp-content\/uploads\/2026\/03\/1744198177-1211050-4-5-240x300.avif\" class=\"attachment-medium size-medium wp-post-image\" alt=\"\" srcset=\"https:\/\/www.interflora.se\/inspiration\/wp-content\/uploads\/2026\/03\/1744198177-1211050-4-5-240x300.avif 240w, https:\/\/www.interflora.se\/inspiration\/wp-content\/uploads\/2026\/03\/1744198177-1211050-4-5.avif 745w\" sizes=\"auto, (max-width: 240px) 100vw, 240px\" \/><img decoding=\"async\" class=\"lp-badge\" src=\"https:\/\/www.interflora.se\/inspiration\/wp-content\/uploads\/2025\/03\/cropped-220422_INTERFLORA_Main_Logo_rgb_Main_Color-1.png\" alt=\"Blombud Interflora\"><\/div><span>Plantering P\u00e5sksol<\/span><p>fr\u00e5n 369 kr<\/p><span class=\"obf-link lp-cta\" role=\"link\" tabindex=\"0\" data-b64=\"aHR0cHM6Ly93d3cuaW50ZXJmbG9yYS5zZS9wLzQ4MDctcGxhbnRlcmluZy1wYXNrc29sLzE\/dXRtX21lZGl1bT1vcmdhbmljJnV0bV9zb3VyY2U9YmxvZ19wcm9kdWN0cyZ1dG1fY2FtcGFpZ249MTIxMTA1MA==\" data-target=\"_blank\"><svg xmlns=\"http:\/\/www.w3.org\/2000\/svg\" width=\"16\" height=\"16\" fill=\"currentColor\" class=\"bi bi-bag\" viewBox=\"0 0 16 16\"><path d=\"M8 1a2 2 0 0 1 2 2v1h2.5A1.5 1.5 0 0 1 14 5.5v8A1.5 1.5 0 0 1 12.5 15h-9A1.5 1.5 0 0 1 2 13.5v-8A1.5 1.5 0 0 1 3.5 3H6V2a2 2 0 0 1 2-1zm1 3V3a1 1 0 0 0-2 0v1h2z\"\/><\/svg>K\u00f6p h\u00e4r<\/span><p class=\"rapido\">Handbundet av florister<\/p><\/div><div class=\"lp-produit\"><div class=\"lp-thumbnail-wrapper\"><img loading=\"lazy\" decoding=\"async\" width=\"240\" height=\"300\" src=\"https:\/\/www.interflora.se\/inspiration\/wp-content\/uploads\/2026\/02\/1744198123-1211076-4-5.jpg\" class=\"attachment-medium size-medium wp-post-image\" alt=\"\" \/><img decoding=\"async\" class=\"lp-badge\" src=\"https:\/\/www.interflora.se\/inspiration\/wp-content\/uploads\/2025\/03\/cropped-220422_INTERFLORA_Main_Logo_rgb_Main_Color-1.png\" alt=\"Blombud Interflora\"><\/div><span>Plantering V\u00e5rsol<\/span><p>fr\u00e5n 529 kr<\/p><span class=\"obf-link lp-cta\" role=\"link\" tabindex=\"0\" data-b64=\"aHR0cHM6Ly93d3cuaW50ZXJmbG9yYS5zZS9wLzE3NzAwLXBsYW50ZXJpbmctdmFyc29sLzE\/dXRtX21lZGl1bT1vcmdhbmljJnV0bV9zb3VyY2U9YmxvZ19wcm9kdWN0cyZ1dG1fY2FtcGFpZ249MTIxMTA3Ng==\" data-target=\"_blank\"><svg xmlns=\"http:\/\/www.w3.org\/2000\/svg\" width=\"16\" height=\"16\" fill=\"currentColor\" class=\"bi bi-bag\" viewBox=\"0 0 16 16\"><path d=\"M8 1a2 2 0 0 1 2 2v1h2.5A1.5 1.5 0 0 1 14 5.5v8A1.5 1.5 0 0 1 12.5 15h-9A1.5 1.5 0 0 1 2 13.5v-8A1.5 1.5 0 0 1 3.5 3H6V2a2 2 0 0 1 2-1zm1 3V3a1 1 0 0 0-2 0v1h2z\"\/><\/svg>K\u00f6p h\u00e4r<\/span><p class=\"rapido\">Leverans idag<\/p><\/div><div class=\"lp-produit\"><div class=\"lp-thumbnail-wrapper\"><img loading=\"lazy\" decoding=\"async\" width=\"240\" height=\"300\" src=\"https:\/\/www.interflora.se\/inspiration\/wp-content\/uploads\/2026\/03\/1744198116-1202596-4-5-240x300.avif\" class=\"attachment-medium size-medium wp-post-image\" alt=\"\" srcset=\"https:\/\/www.interflora.se\/inspiration\/wp-content\/uploads\/2026\/03\/1744198116-1202596-4-5-240x300.avif 240w, https:\/\/www.interflora.se\/inspiration\/wp-content\/uploads\/2026\/03\/1744198116-1202596-4-5.avif 745w\" sizes=\"auto, (max-width: 240px) 100vw, 240px\" \/><img decoding=\"async\" class=\"lp-badge\" src=\"https:\/\/www.interflora.se\/inspiration\/wp-content\/uploads\/2025\/03\/cropped-220422_INTERFLORA_Main_Logo_rgb_Main_Color-1.png\" alt=\"Blombud Interflora\"><\/div><span>P\u00e5sklycka<\/span><p>fr\u00e5n 449 kr<\/p><span class=\"obf-link lp-cta\" role=\"link\" tabindex=\"0\" data-b64=\"aHR0cHM6Ly93d3cuaW50ZXJmbG9yYS5zZS9wLzQxMDgyLXBhc2tseWNrYS8yP3V0bV9tZWRpdW09b3JnYW5pYyZ1dG1fc291cmNlPWJsb2dfcHJvZHVjdHMmdXRtX2NhbXBhaWduPTEyMDI1OTU=\" data-target=\"_blank\"><svg xmlns=\"http:\/\/www.w3.org\/2000\/svg\" width=\"16\" height=\"16\" fill=\"currentColor\" class=\"bi bi-bag\" viewBox=\"0 0 16 16\"><path d=\"M8 1a2 2 0 0 1 2 2v1h2.5A1.5 1.5 0 0 1 14 5.5v8A1.5 1.5 0 0 1 12.5 15h-9A1.5 1.5 0 0 1 2 13.5v-8A1.5 1.5 0 0 1 3.5 3H6V2a2 2 0 0 1 2-1zm1 3V3a1 1 0 0 0-2 0v1h2z\"\/><\/svg>K\u00f6p h\u00e4r<\/span><p class=\"rapido\">Handbundet av florister<\/p><\/div><div class=\"lp-produit\"><div class=\"lp-thumbnail-wrapper\"><img loading=\"lazy\" decoding=\"async\" width=\"240\" height=\"300\" src=\"https:\/\/www.interflora.se\/inspiration\/wp-content\/uploads\/2026\/03\/1744198400-1204044-4-5-240x300.avif\" class=\"attachment-medium size-medium wp-post-image\" alt=\"\" srcset=\"https:\/\/www.interflora.se\/inspiration\/wp-content\/uploads\/2026\/03\/1744198400-1204044-4-5-240x300.avif 240w, https:\/\/www.interflora.se\/inspiration\/wp-content\/uploads\/2026\/03\/1744198400-1204044-4-5.avif 745w\" sizes=\"auto, (max-width: 240px) 100vw, 240px\" \/><img decoding=\"async\" class=\"lp-badge\" src=\"https:\/\/www.interflora.se\/inspiration\/wp-content\/uploads\/2025\/03\/cropped-220422_INTERFLORA_Main_Logo_rgb_Main_Color-1.png\" alt=\"Blombud Interflora\"><\/div><span>P\u00e5skh\u00e4lsning i box, liten<\/span><p>fr\u00e5n 289 kr<\/p><span class=\"obf-link lp-cta\" role=\"link\" tabindex=\"0\" data-b64=\"aHR0cHM6Ly93d3cuaW50ZXJmbG9yYS5zZS9wLzQ4MTQtcGFza2hhbHNuaW5nLWktYm94LWxpdGVuLzE\/dXRtX21lZGl1bT1vcmdhbmljJnV0bV9zb3VyY2U9YmxvZ19wcm9kdWN0cyZ1dG1fY2FtcGFpZ249MTIwNDA0NA==\" data-target=\"_blank\"><svg xmlns=\"http:\/\/www.w3.org\/2000\/svg\" width=\"16\" height=\"16\" fill=\"currentColor\" class=\"bi bi-bag\" viewBox=\"0 0 16 16\"><path d=\"M8 1a2 2 0 0 1 2 2v1h2.5A1.5 1.5 0 0 1 14 5.5v8A1.5 1.5 0 0 1 12.5 15h-9A1.5 1.5 0 0 1 2 13.5v-8A1.5 1.5 0 0 1 3.5 3H6V2a2 2 0 0 1 2-1zm1 3V3a1 1 0 0 0-2 0v1h2z\"\/><\/svg>K\u00f6p h\u00e4r<\/span><p class=\"rapido\">Leverans i hela Sverige<\/p><\/div><\/div>\n","protected":false},"excerpt":{"rendered":"<p>P\u00e5skliljor, tulpaner, p\u00e5skris och f\u00e4rgglada \u00e4gg. \u00c4ntligen dags f\u00f6r v\u00e5rens stora h\u00f6gtid &#8211; p\u00e5sken!&nbsp;P\u00e5sken \u00e4r den \u00e4ldsta och st\u00f6rsta kristna [&hellip;]<\/p>\n","protected":false},"author":1,"featured_media":5704,"comment_status":"open","ping_status":"open","sticky":false,"template":"","format":"standard","meta":{"_uag_custom_page_level_css":"","site-sidebar-layout":"default","site-content-layout":"","ast-site-content-layout":"default","site-content-style":"default","site-sidebar-style":"default","ast-global-header-display":"","ast-banner-title-visibility":"","ast-main-header-display":"","ast-hfb-above-header-display":"","ast-hfb-below-header-display":"","ast-hfb-mobile-header-display":"","site-post-title":"","ast-breadcrumbs-content":"","ast-featured-img":"","footer-sml-layout":"","ast-disable-related-posts":"","theme-transparent-header-meta":"","adv-header-id-meta":"","stick-header-meta":"","header-above-stick-meta":"","header-main-stick-meta":"","header-below-stick-meta":"","astra-migrate-meta-layouts":"default","ast-page-background-enabled":"default","ast-page-background-meta":{"desktop":{"background-color":"var(--ast-global-color-5)","background-image":"","background-repeat":"repeat","background-position":"center center","background-size":"auto","background-attachment":"scroll","background-type":"","background-media":"","overlay-type":"","overlay-color":"","overlay-opacity":"","overlay-gradient":""},"tablet":{"background-color":"","background-image":"","background-repeat":"repeat","background-position":"center center","background-size":"auto","background-attachment":"scroll","background-type":"","background-media":"","overlay-type":"","overlay-color":"","overlay-opacity":"","overlay-gradient":""},"mobile":{"background-color":"","background-image":"","background-repeat":"repeat","background-position":"center center","background-size":"auto","background-attachment":"scroll","background-type":"","background-media":"","overlay-type":"","overlay-color":"","overlay-opacity":"","overlay-gradient":""}},"ast-content-background-meta":{"desktop":{"background-color":"var(--ast-global-color-4)","background-image":"","background-repeat":"repeat","background-position":"center center","background-size":"auto","background-attachment":"scroll","background-type":"","background-media":"","overlay-type":"","overlay-color":"","overlay-opacity":"","overlay-gradient":""},"tablet":{"background-color":"var(--ast-global-color-4)","background-image":"","background-repeat":"repeat","background-position":"center center","background-size":"auto","background-attachment":"scroll","background-type":"","background-media":"","overlay-type":"","overlay-color":"","overlay-opacity":"","overlay-gradient":""},"mobile":{"background-color":"var(--ast-global-color-4)","background-image":"","background-repeat":"repeat","background-position":"center center","background-size":"auto","background-attachment":"scroll","background-type":"","background-media":"","overlay-type":"","overlay-color":"","overlay-opacity":"","overlay-gradient":""}},"footnotes":""},"categories":[6],"tags":[],"class_list":["post-352","post","type-post","status-publish","format-standard","has-post-thumbnail","hentry","category-hogtid-ceremoni"],"yoast_head":"<!-- This site is optimized with the Yoast SEO plugin v27.4 - https:\/\/yoast.com\/product\/yoast-seo-wordpress\/ -->\n<title>P\u00e5sk - H\u00e4r \u00e4r p\u00e5skens alla blommor | Interflora<\/title>\n<meta name=\"description\" content=\"P\u00e5sk \u00e4r v\u00e5rens stora h\u00f6gtid: gula tulpaner, p\u00e5skliljor, dekorerade \u00e4gg och videkvistar. L\u00e4r dig mer om ursprunget och traditionerna kring denna h\u00f6gtid.\" \/>\n<meta name=\"robots\" content=\"index, follow, max-snippet:-1, max-image-preview:large, max-video-preview:-1\" \/>\n<link rel=\"canonical\" href=\"https:\/\/www.interflora.se\/inspiration\/pask\/\" \/>\n<meta property=\"og:locale\" content=\"sv_SE\" \/>\n<meta property=\"og:type\" content=\"article\" \/>\n<meta property=\"og:title\" content=\"P\u00e5sk - H\u00e4r \u00e4r p\u00e5skens alla blommor | Interflora\" \/>\n<meta property=\"og:description\" content=\"P\u00e5sk \u00e4r v\u00e5rens stora h\u00f6gtid: gula tulpaner, p\u00e5skliljor, dekorerade \u00e4gg och videkvistar. L\u00e4r dig mer om ursprunget och traditionerna kring denna h\u00f6gtid.\" \/>\n<meta property=\"og:url\" content=\"https:\/\/www.interflora.se\/inspiration\/pask\/\" \/>\n<meta property=\"og:site_name\" content=\"Inspiration om blommor, krukv\u00e4xter &amp; trender | Interflora\" \/>\n<meta property=\"article:publisher\" content=\"https:\/\/www.facebook.com\/InterfloraAB\" \/>\n<meta property=\"article:published_time\" content=\"2026-02-28T08:30:00+00:00\" \/>\n<meta property=\"article:modified_time\" content=\"2026-03-24T14:12:33+00:00\" \/>\n<meta property=\"og:image\" content=\"https:\/\/www.interflora.se\/inspiration\/wp-content\/uploads\/2026\/03\/paskbukett-2.jpg\" \/>\n\t<meta property=\"og:image:width\" content=\"1000\" \/>\n\t<meta property=\"og:image:height\" content=\"666\" \/>\n\t<meta property=\"og:image:type\" content=\"image\/jpeg\" \/>\n<meta name=\"author\" content=\"admin\" \/>\n<meta name=\"twitter:card\" content=\"summary_large_image\" \/>\n<meta name=\"twitter:label1\" content=\"Skriven av\" \/>\n\t<meta name=\"twitter:data1\" content=\"admin\" \/>\n\t<meta name=\"twitter:label2\" content=\"Ber\u00e4knad l\u00e4stid\" \/>\n\t<meta name=\"twitter:data2\" content=\"4 minuter\" \/>\n<script type=\"application\/ld+json\" class=\"yoast-schema-graph\">{\"@context\":\"https:\\\/\\\/schema.org\",\"@graph\":[{\"@type\":\"Article\",\"@id\":\"https:\\\/\\\/www.interflora.se\\\/inspiration\\\/pask\\\/#article\",\"isPartOf\":{\"@id\":\"https:\\\/\\\/www.interflora.se\\\/inspiration\\\/pask\\\/\"},\"author\":{\"name\":\"admin\",\"@id\":\"https:\\\/\\\/www.interflora.se\\\/inspiration\\\/#\\\/schema\\\/person\\\/dbbd1ad45e05409c356dc639597669f2\"},\"headline\":\"P\u00e5sk &#8211; H\u00e4r \u00e4r p\u00e5skens alla blommor\",\"datePublished\":\"2026-02-28T08:30:00+00:00\",\"dateModified\":\"2026-03-24T14:12:33+00:00\",\"mainEntityOfPage\":{\"@id\":\"https:\\\/\\\/www.interflora.se\\\/inspiration\\\/pask\\\/\"},\"wordCount\":620,\"commentCount\":0,\"publisher\":{\"@id\":\"https:\\\/\\\/www.interflora.se\\\/inspiration\\\/#organization\"},\"image\":{\"@id\":\"https:\\\/\\\/www.interflora.se\\\/inspiration\\\/pask\\\/#primaryimage\"},\"thumbnailUrl\":\"https:\\\/\\\/www.interflora.se\\\/inspiration\\\/wp-content\\\/uploads\\\/2026\\\/03\\\/paskbukett-2.jpg\",\"articleSection\":[\"H\u00f6gtid &amp; ceremoni\"],\"inLanguage\":\"sv-SE\",\"potentialAction\":[{\"@type\":\"CommentAction\",\"name\":\"Comment\",\"target\":[\"https:\\\/\\\/www.interflora.se\\\/inspiration\\\/pask\\\/#respond\"]}]},{\"@type\":\"WebPage\",\"@id\":\"https:\\\/\\\/www.interflora.se\\\/inspiration\\\/pask\\\/\",\"url\":\"https:\\\/\\\/www.interflora.se\\\/inspiration\\\/pask\\\/\",\"name\":\"P\u00e5sk - H\u00e4r \u00e4r p\u00e5skens alla blommor | Interflora\",\"isPartOf\":{\"@id\":\"https:\\\/\\\/www.interflora.se\\\/inspiration\\\/#website\"},\"primaryImageOfPage\":{\"@id\":\"https:\\\/\\\/www.interflora.se\\\/inspiration\\\/pask\\\/#primaryimage\"},\"image\":{\"@id\":\"https:\\\/\\\/www.interflora.se\\\/inspiration\\\/pask\\\/#primaryimage\"},\"thumbnailUrl\":\"https:\\\/\\\/www.interflora.se\\\/inspiration\\\/wp-content\\\/uploads\\\/2026\\\/03\\\/paskbukett-2.jpg\",\"datePublished\":\"2026-02-28T08:30:00+00:00\",\"dateModified\":\"2026-03-24T14:12:33+00:00\",\"description\":\"P\u00e5sk \u00e4r v\u00e5rens stora h\u00f6gtid: gula tulpaner, p\u00e5skliljor, dekorerade \u00e4gg och videkvistar. L\u00e4r dig mer om ursprunget och traditionerna kring denna h\u00f6gtid.\",\"breadcrumb\":{\"@id\":\"https:\\\/\\\/www.interflora.se\\\/inspiration\\\/pask\\\/#breadcrumb\"},\"inLanguage\":\"sv-SE\",\"potentialAction\":[{\"@type\":\"ReadAction\",\"target\":[\"https:\\\/\\\/www.interflora.se\\\/inspiration\\\/pask\\\/\"]}]},{\"@type\":\"ImageObject\",\"inLanguage\":\"sv-SE\",\"@id\":\"https:\\\/\\\/www.interflora.se\\\/inspiration\\\/pask\\\/#primaryimage\",\"url\":\"https:\\\/\\\/www.interflora.se\\\/inspiration\\\/wp-content\\\/uploads\\\/2026\\\/03\\\/paskbukett-2.jpg\",\"contentUrl\":\"https:\\\/\\\/www.interflora.se\\\/inspiration\\\/wp-content\\\/uploads\\\/2026\\\/03\\\/paskbukett-2.jpg\",\"width\":1000,\"height\":666},{\"@type\":\"BreadcrumbList\",\"@id\":\"https:\\\/\\\/www.interflora.se\\\/inspiration\\\/pask\\\/#breadcrumb\",\"itemListElement\":[{\"@type\":\"ListItem\",\"position\":1,\"name\":\"Home\",\"item\":\"https:\\\/\\\/www.interflora.se\\\/inspiration\\\/\"},{\"@type\":\"ListItem\",\"position\":2,\"name\":\"P\u00e5sk &#8211; H\u00e4r \u00e4r p\u00e5skens alla blommor\"}]},{\"@type\":\"WebSite\",\"@id\":\"https:\\\/\\\/www.interflora.se\\\/inspiration\\\/#website\",\"url\":\"https:\\\/\\\/www.interflora.se\\\/inspiration\\\/\",\"name\":\"Interflora\",\"description\":\"\",\"publisher\":{\"@id\":\"https:\\\/\\\/www.interflora.se\\\/inspiration\\\/#organization\"},\"potentialAction\":[{\"@type\":\"SearchAction\",\"target\":{\"@type\":\"EntryPoint\",\"urlTemplate\":\"https:\\\/\\\/www.interflora.se\\\/inspiration\\\/?s={search_term_string}\"},\"query-input\":{\"@type\":\"PropertyValueSpecification\",\"valueRequired\":true,\"valueName\":\"search_term_string\"}}],\"inLanguage\":\"sv-SE\"},{\"@type\":\"Organization\",\"@id\":\"https:\\\/\\\/www.interflora.se\\\/inspiration\\\/#organization\",\"name\":\"Interflora\",\"url\":\"https:\\\/\\\/www.interflora.se\\\/inspiration\\\/\",\"logo\":{\"@type\":\"ImageObject\",\"inLanguage\":\"sv-SE\",\"@id\":\"https:\\\/\\\/www.interflora.se\\\/inspiration\\\/#\\\/schema\\\/logo\\\/image\\\/\",\"url\":\"https:\\\/\\\/www.interflora.se\\\/inspiration\\\/wp-content\\\/uploads\\\/2025\\\/09\\\/cropped-220422_INTERFLORA_Logo_rgb_Half_Top_Circle_Main_Color.avif\",\"contentUrl\":\"https:\\\/\\\/www.interflora.se\\\/inspiration\\\/wp-content\\\/uploads\\\/2025\\\/09\\\/cropped-220422_INTERFLORA_Logo_rgb_Half_Top_Circle_Main_Color.avif\",\"width\":1418,\"height\":662,\"caption\":\"Interflora\"},\"image\":{\"@id\":\"https:\\\/\\\/www.interflora.se\\\/inspiration\\\/#\\\/schema\\\/logo\\\/image\\\/\"},\"sameAs\":[\"https:\\\/\\\/www.facebook.com\\\/InterfloraAB\",\"https:\\\/\\\/www.instagram.com\\\/interflora_ab\\\/\",\"https:\\\/\\\/www.linkedin.com\\\/company\\\/1494362\",\"https:\\\/\\\/www.youtube.com\\\/channel\\\/UCZgDzGWB2VRxaoWFUmXnk1w\"]},{\"@type\":\"Person\",\"@id\":\"https:\\\/\\\/www.interflora.se\\\/inspiration\\\/#\\\/schema\\\/person\\\/dbbd1ad45e05409c356dc639597669f2\",\"name\":\"admin\",\"image\":{\"@type\":\"ImageObject\",\"inLanguage\":\"sv-SE\",\"@id\":\"https:\\\/\\\/www.interflora.se\\\/inspiration\\\/wp-content\\\/litespeed\\\/avatar\\\/1fe3cced9e67df62d0a6f995d75823a5.jpg?ver=1777362393\",\"url\":\"https:\\\/\\\/www.interflora.se\\\/inspiration\\\/wp-content\\\/litespeed\\\/avatar\\\/1fe3cced9e67df62d0a6f995d75823a5.jpg?ver=1777362393\",\"contentUrl\":\"https:\\\/\\\/www.interflora.se\\\/inspiration\\\/wp-content\\\/litespeed\\\/avatar\\\/1fe3cced9e67df62d0a6f995d75823a5.jpg?ver=1777362393\",\"caption\":\"admin\"},\"sameAs\":[\"https:\\\/\\\/www.interflora.se\\\/inspiration\"],\"url\":\"https:\\\/\\\/www.interflora.se\\\/inspiration\\\/author\\\/admin\\\/\"}]}<\/script>\n<!-- \/ Yoast SEO plugin. -->","yoast_head_json":{"title":"P\u00e5sk - H\u00e4r \u00e4r p\u00e5skens alla blommor | Interflora","description":"P\u00e5sk \u00e4r v\u00e5rens stora h\u00f6gtid: gula tulpaner, p\u00e5skliljor, dekorerade \u00e4gg och videkvistar. L\u00e4r dig mer om ursprunget och traditionerna kring denna h\u00f6gtid.","robots":{"index":"index","follow":"follow","max-snippet":"max-snippet:-1","max-image-preview":"max-image-preview:large","max-video-preview":"max-video-preview:-1"},"canonical":"https:\/\/www.interflora.se\/inspiration\/pask\/","og_locale":"sv_SE","og_type":"article","og_title":"P\u00e5sk - H\u00e4r \u00e4r p\u00e5skens alla blommor | Interflora","og_description":"P\u00e5sk \u00e4r v\u00e5rens stora h\u00f6gtid: gula tulpaner, p\u00e5skliljor, dekorerade \u00e4gg och videkvistar. L\u00e4r dig mer om ursprunget och traditionerna kring denna h\u00f6gtid.","og_url":"https:\/\/www.interflora.se\/inspiration\/pask\/","og_site_name":"Inspiration om blommor, krukv\u00e4xter &amp; trender | Interflora","article_publisher":"https:\/\/www.facebook.com\/InterfloraAB","article_published_time":"2026-02-28T08:30:00+00:00","article_modified_time":"2026-03-24T14:12:33+00:00","og_image":[{"width":1000,"height":666,"url":"https:\/\/www.interflora.se\/inspiration\/wp-content\/uploads\/2026\/03\/paskbukett-2.jpg","type":"image\/jpeg"}],"author":"admin","twitter_card":"summary_large_image","twitter_misc":{"Skriven av":"admin","Ber\u00e4knad l\u00e4stid":"4 minuter"},"schema":{"@context":"https:\/\/schema.org","@graph":[{"@type":"Article","@id":"https:\/\/www.interflora.se\/inspiration\/pask\/#article","isPartOf":{"@id":"https:\/\/www.interflora.se\/inspiration\/pask\/"},"author":{"name":"admin","@id":"https:\/\/www.interflora.se\/inspiration\/#\/schema\/person\/dbbd1ad45e05409c356dc639597669f2"},"headline":"P\u00e5sk &#8211; H\u00e4r \u00e4r p\u00e5skens alla blommor","datePublished":"2026-02-28T08:30:00+00:00","dateModified":"2026-03-24T14:12:33+00:00","mainEntityOfPage":{"@id":"https:\/\/www.interflora.se\/inspiration\/pask\/"},"wordCount":620,"commentCount":0,"publisher":{"@id":"https:\/\/www.interflora.se\/inspiration\/#organization"},"image":{"@id":"https:\/\/www.interflora.se\/inspiration\/pask\/#primaryimage"},"thumbnailUrl":"https:\/\/www.interflora.se\/inspiration\/wp-content\/uploads\/2026\/03\/paskbukett-2.jpg","articleSection":["H\u00f6gtid &amp; ceremoni"],"inLanguage":"sv-SE","potentialAction":[{"@type":"CommentAction","name":"Comment","target":["https:\/\/www.interflora.se\/inspiration\/pask\/#respond"]}]},{"@type":"WebPage","@id":"https:\/\/www.interflora.se\/inspiration\/pask\/","url":"https:\/\/www.interflora.se\/inspiration\/pask\/","name":"P\u00e5sk - H\u00e4r \u00e4r p\u00e5skens alla blommor | Interflora","isPartOf":{"@id":"https:\/\/www.interflora.se\/inspiration\/#website"},"primaryImageOfPage":{"@id":"https:\/\/www.interflora.se\/inspiration\/pask\/#primaryimage"},"image":{"@id":"https:\/\/www.interflora.se\/inspiration\/pask\/#primaryimage"},"thumbnailUrl":"https:\/\/www.interflora.se\/inspiration\/wp-content\/uploads\/2026\/03\/paskbukett-2.jpg","datePublished":"2026-02-28T08:30:00+00:00","dateModified":"2026-03-24T14:12:33+00:00","description":"P\u00e5sk \u00e4r v\u00e5rens stora h\u00f6gtid: gula tulpaner, p\u00e5skliljor, dekorerade \u00e4gg och videkvistar. L\u00e4r dig mer om ursprunget och traditionerna kring denna h\u00f6gtid.","breadcrumb":{"@id":"https:\/\/www.interflora.se\/inspiration\/pask\/#breadcrumb"},"inLanguage":"sv-SE","potentialAction":[{"@type":"ReadAction","target":["https:\/\/www.interflora.se\/inspiration\/pask\/"]}]},{"@type":"ImageObject","inLanguage":"sv-SE","@id":"https:\/\/www.interflora.se\/inspiration\/pask\/#primaryimage","url":"https:\/\/www.interflora.se\/inspiration\/wp-content\/uploads\/2026\/03\/paskbukett-2.jpg","contentUrl":"https:\/\/www.interflora.se\/inspiration\/wp-content\/uploads\/2026\/03\/paskbukett-2.jpg","width":1000,"height":666},{"@type":"BreadcrumbList","@id":"https:\/\/www.interflora.se\/inspiration\/pask\/#breadcrumb","itemListElement":[{"@type":"ListItem","position":1,"name":"Home","item":"https:\/\/www.interflora.se\/inspiration\/"},{"@type":"ListItem","position":2,"name":"P\u00e5sk &#8211; H\u00e4r \u00e4r p\u00e5skens alla blommor"}]},{"@type":"WebSite","@id":"https:\/\/www.interflora.se\/inspiration\/#website","url":"https:\/\/www.interflora.se\/inspiration\/","name":"Interflora","description":"","publisher":{"@id":"https:\/\/www.interflora.se\/inspiration\/#organization"},"potentialAction":[{"@type":"SearchAction","target":{"@type":"EntryPoint","urlTemplate":"https:\/\/www.interflora.se\/inspiration\/?s={search_term_string}"},"query-input":{"@type":"PropertyValueSpecification","valueRequired":true,"valueName":"search_term_string"}}],"inLanguage":"sv-SE"},{"@type":"Organization","@id":"https:\/\/www.interflora.se\/inspiration\/#organization","name":"Interflora","url":"https:\/\/www.interflora.se\/inspiration\/","logo":{"@type":"ImageObject","inLanguage":"sv-SE","@id":"https:\/\/www.interflora.se\/inspiration\/#\/schema\/logo\/image\/","url":"https:\/\/www.interflora.se\/inspiration\/wp-content\/uploads\/2025\/09\/cropped-220422_INTERFLORA_Logo_rgb_Half_Top_Circle_Main_Color.avif","contentUrl":"https:\/\/www.interflora.se\/inspiration\/wp-content\/uploads\/2025\/09\/cropped-220422_INTERFLORA_Logo_rgb_Half_Top_Circle_Main_Color.avif","width":1418,"height":662,"caption":"Interflora"},"image":{"@id":"https:\/\/www.interflora.se\/inspiration\/#\/schema\/logo\/image\/"},"sameAs":["https:\/\/www.facebook.com\/InterfloraAB","https:\/\/www.instagram.com\/interflora_ab\/","https:\/\/www.linkedin.com\/company\/1494362","https:\/\/www.youtube.com\/channel\/UCZgDzGWB2VRxaoWFUmXnk1w"]},{"@type":"Person","@id":"https:\/\/www.interflora.se\/inspiration\/#\/schema\/person\/dbbd1ad45e05409c356dc639597669f2","name":"admin","image":{"@type":"ImageObject","inLanguage":"sv-SE","@id":"https:\/\/www.interflora.se\/inspiration\/wp-content\/litespeed\/avatar\/1fe3cced9e67df62d0a6f995d75823a5.jpg?ver=1777362393","url":"https:\/\/www.interflora.se\/inspiration\/wp-content\/litespeed\/avatar\/1fe3cced9e67df62d0a6f995d75823a5.jpg?ver=1777362393","contentUrl":"https:\/\/www.interflora.se\/inspiration\/wp-content\/litespeed\/avatar\/1fe3cced9e67df62d0a6f995d75823a5.jpg?ver=1777362393","caption":"admin"},"sameAs":["https:\/\/www.interflora.se\/inspiration"],"url":"https:\/\/www.interflora.se\/inspiration\/author\/admin\/"}]}},"uagb_featured_image_src":{"full":["https:\/\/www.interflora.se\/inspiration\/wp-content\/uploads\/2026\/03\/paskbukett-2.jpg",1000,666,false],"thumbnail":["https:\/\/www.interflora.se\/inspiration\/wp-content\/uploads\/2026\/03\/paskbukett-2.jpg",150,100,false],"medium":["https:\/\/www.interflora.se\/inspiration\/wp-content\/uploads\/2026\/03\/paskbukett-2.jpg",300,200,false],"medium_large":["https:\/\/www.interflora.se\/inspiration\/wp-content\/uploads\/2026\/03\/paskbukett-2.jpg",768,511,false],"large":["https:\/\/www.interflora.se\/inspiration\/wp-content\/uploads\/2026\/03\/paskbukett-2.jpg",1000,666,false],"1536x1536":["https:\/\/www.interflora.se\/inspiration\/wp-content\/uploads\/2026\/03\/paskbukett-2.jpg",1000,666,false],"2048x2048":["https:\/\/www.interflora.se\/inspiration\/wp-content\/uploads\/2026\/03\/paskbukett-2.jpg",1000,666,false]},"uagb_author_info":{"display_name":"admin","author_link":"https:\/\/www.interflora.se\/inspiration\/author\/admin\/"},"uagb_comment_info":0,"uagb_excerpt":"P\u00e5skliljor, tulpaner, p\u00e5skris och f\u00e4rgglada \u00e4gg. \u00c4ntligen dags f\u00f6r v\u00e5rens stora h\u00f6gtid &#8211; p\u00e5sken!&nbsp;P\u00e5sken \u00e4r den \u00e4ldsta och st\u00f6rsta kristna [&hellip;]","_links":{"self":[{"href":"https:\/\/www.interflora.se\/inspiration\/wp-json\/wp\/v2\/posts\/352","targetHints":{"allow":["GET"]}}],"collection":[{"href":"https:\/\/www.interflora.se\/inspiration\/wp-json\/wp\/v2\/posts"}],"about":[{"href":"https:\/\/www.interflora.se\/inspiration\/wp-json\/wp\/v2\/types\/post"}],"author":[{"embeddable":true,"href":"https:\/\/www.interflora.se\/inspiration\/wp-json\/wp\/v2\/users\/1"}],"replies":[{"embeddable":true,"href":"https:\/\/www.interflora.se\/inspiration\/wp-json\/wp\/v2\/comments?post=352"}],"version-history":[{"count":6,"href":"https:\/\/www.interflora.se\/inspiration\/wp-json\/wp\/v2\/posts\/352\/revisions"}],"predecessor-version":[{"id":5923,"href":"https:\/\/www.interflora.se\/inspiration\/wp-json\/wp\/v2\/posts\/352\/revisions\/5923"}],"wp:featuredmedia":[{"embeddable":true,"href":"https:\/\/www.interflora.se\/inspiration\/wp-json\/wp\/v2\/media\/5704"}],"wp:attachment":[{"href":"https:\/\/www.interflora.se\/inspiration\/wp-json\/wp\/v2\/media?parent=352"}],"wp:term":[{"taxonomy":"category","embeddable":true,"href":"https:\/\/www.interflora.se\/inspiration\/wp-json\/wp\/v2\/categories?post=352"},{"taxonomy":"post_tag","embeddable":true,"href":"https:\/\/www.interflora.se\/inspiration\/wp-json\/wp\/v2\/tags?post=352"}],"curies":[{"name":"wp","href":"https:\/\/api.w.org\/{rel}","templated":true}]}}