{"id":349,"date":"2023-08-16T21:30:32","date_gmt":"2023-08-16T19:30:32","guid":{"rendered":"http:\/\/preprodblog.interflora.se\/blog\/?p=349"},"modified":"2025-03-26T16:25:56","modified_gmt":"2025-03-26T15:25:56","slug":"oscar-nilsson-intervju","status":"publish","type":"post","link":"https:\/\/www.interflora.se\/inspiration\/oscar-nilsson-intervju\/","title":{"rendered":"M\u00f6t m\u00e4sterfloristen Oscar Nilsson"},"content":{"rendered":"\n<p class=\"has-text-align-center has-large-font-size\"><strong><em>\u201dS\u00e5 h\u00e4r \u00e5rs l\u00e4ngtar jag efter f\u00e4rg\u201d<\/em><\/strong><\/p>\n\n\n\n<p>V\u00e5rvinterns vackraste blommor g\u00f6r piruetter i&nbsp;m\u00e4sterfloristen&nbsp;Oscar Nilssons&nbsp;design.&nbsp;Det \u00e4r som att b\u00e5de f\u00e4rg och form spritter&nbsp;av k\u00e4nslor inf\u00f6r de ljusare tider som&nbsp;kommer.<\/p>\n\n\n\n<figure class=\"wp-block-image aligncenter\"><img decoding=\"async\" src=\"https:\/\/www.interflora.se\/inspiration\/wp-content\/uploads\/2025\/03\/gruppbild-oscar-nilsson.jpg\" alt=\"\"\/><\/figure>\n\n\n\n<p>Han&nbsp;pillar g\u00e4rna&nbsp;med detaljer, men i&nbsp;de fyra floristiska hantverk&nbsp;som&nbsp;han&nbsp;tagit fram f\u00f6r Interflora f\u00e5r s\u00e4songens&nbsp;efterl\u00e4ngtade&nbsp;blommor&nbsp;tala f\u00f6r sig sj\u00e4lva.<br><br>\u2013 Man brukar ju s\u00e4ga att det enkla \u00e4r det vackra, och jag&nbsp;tycker&nbsp;om att ge&nbsp;de h\u00e4r sorterna&nbsp;en viss&nbsp;frihet.&nbsp;Tulpaner, ranunkler&nbsp;och anemoner&nbsp;utvecklas, v\u00e4xer&nbsp;och str\u00e4cker p\u00e5&nbsp;sig, vilket g\u00f6r att buketter och arrangemang&nbsp;f\u00f6r\u00e4ndras \u00f6ver tid. Det \u00e4r en del av charmen, s\u00e4ger Oscar&nbsp;Nilsson&nbsp;som \u00e4r en av Interfloras m\u00e4sterflorister 2023.&nbsp;<\/p>\n\n\n\n<figure class=\"wp-block-image aligncenter\"><img decoding=\"async\" src=\"https:\/\/www.interflora.se\/inspiration\/wp-content\/uploads\/2025\/03\/imageeta4c.jpg\" alt=\"\"\/><\/figure>\n\n\n\n<p>Meritlistan \u00e4r diger och omfattar t\u00e4vlingstitlar som svensk och norsk juniorm\u00e4stare samt guld i yrkes-VM i Tokyo. Att t\u00e4vla floristiskt \u00e4r l\u00e4rorikt och kul, tycker han.&nbsp;<\/p>\n\n\n\n<p>\u2013 Det \u00e4r ett v\u00e4ldigt bra s\u00e4tt att utvecklas. Dels f\u00f6r att man sj\u00e4lv g\u00e5r igenom en kreativ process, dels f\u00f6r att man ser vad andra skickliga florister g\u00f6r. Alla tekniska l\u00f6sningar som anv\u00e4nds \u00e4r sp\u00e4nnande!&nbsp;<\/p>\n\n\n\n<figure class=\"wp-block-image aligncenter\"><img decoding=\"async\" src=\"https:\/\/www.interflora.se\/inspiration\/wp-content\/uploads\/2025\/03\/images6r1.jpg\" alt=\"\"\/><\/figure>\n\n\n\n<p>F\u00f6r Interflora har han designat blomrika buketter i klassiskt spiralbunden teknik, men \u00e4ven bordsdekorationer, varav en i en sk\u00e5l som kl\u00e4tts med kvistar. Inuti g\u00f6ms ett n\u00e4t av bj\u00f6rkris, d\u00e4r blomsterstj\u00e4lkarna stuckits ner f\u00f6r att skapa en luftig och levande form.<\/p>\n\n\n\n<p>\u2013 Det \u00e4r en l\u00f6sning som \u00e4r bra ur ett h\u00e5llbarhetsperspektiv, po\u00e4ngterar han.&nbsp;<\/p>\n\n\n\n<figure class=\"wp-block-image aligncenter\"><img decoding=\"async\" src=\"https:\/\/www.interflora.se\/inspiration\/wp-content\/uploads\/2025\/03\/imagezhal.jpg\" alt=\"\"\/><\/figure>\n\n\n\n<p>Kombinationen av starka kul\u00f6rer och milda pasteller \u00e4r ett val som ligger i tiden.&nbsp;<\/p>\n\n\n\n<p>\u2013 Man l\u00e4ngtar ju efter h\u00e4rliga f\u00e4rger n\u00e4r julen \u00e4r \u00f6ver. Dessutom g\u00e5r m\u00e5nga svenska hem i en nedtonad palett med inredning i vitt och gr\u00e5tt, de h\u00e4r buketterna blir v\u00e4ldigt vackra mot en s\u00e5dan fond.&nbsp;<\/p>\n\n\n\n<figure class=\"wp-block-image aligncenter\"><img decoding=\"async\" src=\"https:\/\/www.interflora.se\/inspiration\/wp-content\/uploads\/2025\/03\/symfoni_1202440_1202440.jpg\" alt=\"\"\/><\/figure>\n\n\n\n<p>En utmaning n\u00e4r det g\u00e4ller v\u00e5rvinterns blommor \u00e4r att de \u00e4r korta, s\u00e5 till sortimentets st\u00f6rsta och mest h\u00f6gresta bukett plockar han in viburnum med limef\u00e4rgade blombollar p\u00e5 st\u00e5tliga 80 centimeters stj\u00e4lkar.&nbsp;<\/p>\n\n\n\n<p>\u2013 Jag gjorde buketten f\u00f6r att passa i vasen Kolonn fr\u00e5n Skruf, den \u00e4r riktigt stor och kr\u00e4ver ordentlig volym. F\u00f6r att f\u00e5 till det matchade jag viburnum med pr\u00e4rieklocka, eukalyptus och vippiga gr\u00e4s.&nbsp;<\/p>\n\n\n\n<figure class=\"wp-block-image aligncenter\"><img decoding=\"async\" src=\"https:\/\/www.interflora.se\/inspiration\/wp-content\/uploads\/2025\/03\/image3pjk.jpg\" alt=\"\"\/><\/figure>\n\n\n\n<p>Inspirationen kommer n\u00e4r han minst anar det, men ocks\u00e5 i det dagliga arbetet.&nbsp;&nbsp;<\/p>\n\n\n\n<p>\u2013 Gnistan till en ny id\u00e9 kan vara en blomsort som kommit in i butiken, en annorlunda f\u00e4rg eller fransiga kronblad, som hos germinin jag anv\u00e4nt i min andra bordsdekoration i lyxsortimentet. Det \u00e4r en sort som varit med l\u00e4nge, men som jag k\u00e4nde att jag ville anv\u00e4nda i en l\u00e4tt och lekande form.&nbsp;&nbsp;<\/p>\n\n\n\n<p class=\"has-large-font-size\"><strong><em>\u201dV\u00e5ga v\u00e4lja starka f\u00e4rger!\u201d\u00a0<\/em><\/strong><\/p>\n\n\n\n<p><strong>Namn:<\/strong>\u00a0Oscar Nilsson\u00a0<br><strong>\u00c5r i yrket:<\/strong> 21\u00a0<br><strong>Jobbar:<\/strong> I Interflorabutiken Gretas blommor i Vetlanda\u00a0<br><strong>Stil:<\/strong> Varierar efter hum\u00f6r<br><strong>Senaste t\u00e4vlingen:<\/strong> SM i blomsterdesign i Stockholm v\u00e5ren 2021<br><strong>Floristisk styrka: <\/strong>Snygga tekniska l\u00f6sningar<br><strong>Blomstertips:<\/strong> V\u00e4lj f\u00e4rg och v\u00e5ga ta i!<\/p>\n\n\n\n<div class=\"wp-block-buttons is-content-justification-center is-layout-flex wp-container-core-buttons-is-layout-a89b3969 wp-block-buttons-is-layout-flex\">\n<div class=\"wp-block-button\"><a class=\"wp-block-button__link wp-element-button\" href=\"https:\/\/www.interflora.se\/interflora\/produktkategorier\/masterflorist\/\">Skicka en lyxbukett<\/a><\/div>\n<\/div>\n","protected":false},"excerpt":{"rendered":"<p>\u201dS\u00e5 h\u00e4r \u00e5rs l\u00e4ngtar jag efter f\u00e4rg\u201d V\u00e5rvinterns vackraste blommor g\u00f6r piruetter i&nbsp;m\u00e4sterfloristen&nbsp;Oscar Nilssons&nbsp;design.&nbsp;Det \u00e4r som att b\u00e5de f\u00e4rg och [&hellip;]<\/p>\n","protected":false},"author":1,"featured_media":2649,"comment_status":"open","ping_status":"open","sticky":false,"template":"","format":"standard","meta":{"_uag_custom_page_level_css":"","site-sidebar-layout":"default","site-content-layout":"","ast-site-content-layout":"default","site-content-style":"default","site-sidebar-style":"default","ast-global-header-display":"","ast-banner-title-visibility":"","ast-main-header-display":"","ast-hfb-above-header-display":"","ast-hfb-below-header-display":"","ast-hfb-mobile-header-display":"","site-post-title":"","ast-breadcrumbs-content":"","ast-featured-img":"","footer-sml-layout":"","ast-disable-related-posts":"","theme-transparent-header-meta":"","adv-header-id-meta":"","stick-header-meta":"","header-above-stick-meta":"","header-main-stick-meta":"","header-below-stick-meta":"","astra-migrate-meta-layouts":"default","ast-page-background-enabled":"default","ast-page-background-meta":{"desktop":{"background-color":"var(--ast-global-color-5)","background-image":"","background-repeat":"repeat","background-position":"center center","background-size":"auto","background-attachment":"scroll","background-type":"","background-media":"","overlay-type":"","overlay-color":"","overlay-opacity":"","overlay-gradient":""},"tablet":{"background-color":"","background-image":"","background-repeat":"repeat","background-position":"center center","background-size":"auto","background-attachment":"scroll","background-type":"","background-media":"","overlay-type":"","overlay-color":"","overlay-opacity":"","overlay-gradient":""},"mobile":{"background-color":"","background-image":"","background-repeat":"repeat","background-position":"center center","background-size":"auto","background-attachment":"scroll","background-type":"","background-media":"","overlay-type":"","overlay-color":"","overlay-opacity":"","overlay-gradient":""}},"ast-content-background-meta":{"desktop":{"background-color":"var(--ast-global-color-4)","background-image":"","background-repeat":"repeat","background-position":"center center","background-size":"auto","background-attachment":"scroll","background-type":"","background-media":"","overlay-type":"","overlay-color":"","overlay-opacity":"","overlay-gradient":""},"tablet":{"background-color":"var(--ast-global-color-4)","background-image":"","background-repeat":"repeat","background-position":"center center","background-size":"auto","background-attachment":"scroll","background-type":"","background-media":"","overlay-type":"","overlay-color":"","overlay-opacity":"","overlay-gradient":""},"mobile":{"background-color":"var(--ast-global-color-4)","background-image":"","background-repeat":"repeat","background-position":"center center","background-size":"auto","background-attachment":"scroll","background-type":"","background-media":"","overlay-type":"","overlay-color":"","overlay-opacity":"","overlay-gradient":""}},"footnotes":""},"categories":[12],"tags":[],"class_list":["post-349","post","type-post","status-publish","format-standard","has-post-thumbnail","hentry","category-mot-vara-florister"],"yoast_head":"<!-- This site is optimized with the Yoast SEO plugin v27.4 - https:\/\/yoast.com\/product\/yoast-seo-wordpress\/ -->\n<title>M\u00f6t m\u00e4sterfloristen Oscar Nilsson | Interflora<\/title>\n<meta name=\"robots\" content=\"index, follow, max-snippet:-1, max-image-preview:large, max-video-preview:-1\" \/>\n<link rel=\"canonical\" href=\"https:\/\/www.interflora.se\/inspiration\/oscar-nilsson-intervju\/\" \/>\n<meta property=\"og:locale\" content=\"sv_SE\" \/>\n<meta property=\"og:type\" content=\"article\" \/>\n<meta property=\"og:title\" content=\"M\u00f6t m\u00e4sterfloristen Oscar Nilsson | Interflora\" \/>\n<meta property=\"og:description\" content=\"\u201dS\u00e5 h\u00e4r \u00e5rs l\u00e4ngtar jag efter f\u00e4rg\u201d V\u00e5rvinterns vackraste blommor g\u00f6r piruetter i&nbsp;m\u00e4sterfloristen&nbsp;Oscar Nilssons&nbsp;design.&nbsp;Det \u00e4r som att b\u00e5de f\u00e4rg och [&hellip;]\" \/>\n<meta property=\"og:url\" content=\"https:\/\/www.interflora.se\/inspiration\/oscar-nilsson-intervju\/\" \/>\n<meta property=\"og:site_name\" content=\"Inspiration om blommor, krukv\u00e4xter &amp; trender | Interflora\" \/>\n<meta property=\"article:publisher\" content=\"https:\/\/www.facebook.com\/InterfloraAB\" \/>\n<meta property=\"article:published_time\" content=\"2023-08-16T19:30:32+00:00\" \/>\n<meta property=\"article:modified_time\" content=\"2025-03-26T15:25:56+00:00\" \/>\n<meta property=\"og:image\" content=\"https:\/\/www.interflora.se\/inspiration\/wp-content\/uploads\/2025\/03\/gruppbild-oscar-nilsson.jpg\" \/>\n\t<meta property=\"og:image:width\" content=\"1826\" \/>\n\t<meta property=\"og:image:height\" content=\"1217\" \/>\n\t<meta property=\"og:image:type\" content=\"image\/jpeg\" \/>\n<meta name=\"author\" content=\"admin\" \/>\n<meta name=\"twitter:card\" content=\"summary_large_image\" \/>\n<meta name=\"twitter:label1\" content=\"Skriven av\" \/>\n\t<meta name=\"twitter:data1\" content=\"admin\" \/>\n\t<meta name=\"twitter:label2\" content=\"Ber\u00e4knad l\u00e4stid\" \/>\n\t<meta name=\"twitter:data2\" content=\"3 minuter\" \/>\n<script type=\"application\/ld+json\" class=\"yoast-schema-graph\">{\"@context\":\"https:\\\/\\\/schema.org\",\"@graph\":[{\"@type\":\"Article\",\"@id\":\"https:\\\/\\\/www.interflora.se\\\/inspiration\\\/oscar-nilsson-intervju\\\/#article\",\"isPartOf\":{\"@id\":\"https:\\\/\\\/www.interflora.se\\\/inspiration\\\/oscar-nilsson-intervju\\\/\"},\"author\":{\"name\":\"admin\",\"@id\":\"https:\\\/\\\/www.interflora.se\\\/inspiration\\\/#\\\/schema\\\/person\\\/dbbd1ad45e05409c356dc639597669f2\"},\"headline\":\"M\u00f6t m\u00e4sterfloristen Oscar Nilsson\",\"datePublished\":\"2023-08-16T19:30:32+00:00\",\"dateModified\":\"2025-03-26T15:25:56+00:00\",\"mainEntityOfPage\":{\"@id\":\"https:\\\/\\\/www.interflora.se\\\/inspiration\\\/oscar-nilsson-intervju\\\/\"},\"wordCount\":592,\"commentCount\":0,\"publisher\":{\"@id\":\"https:\\\/\\\/www.interflora.se\\\/inspiration\\\/#organization\"},\"image\":{\"@id\":\"https:\\\/\\\/www.interflora.se\\\/inspiration\\\/oscar-nilsson-intervju\\\/#primaryimage\"},\"thumbnailUrl\":\"https:\\\/\\\/www.interflora.se\\\/inspiration\\\/wp-content\\\/uploads\\\/2025\\\/03\\\/gruppbild-oscar-nilsson.jpg\",\"articleSection\":[\"M\u00f6t v\u00e5ra florister\"],\"inLanguage\":\"sv-SE\",\"potentialAction\":[{\"@type\":\"CommentAction\",\"name\":\"Comment\",\"target\":[\"https:\\\/\\\/www.interflora.se\\\/inspiration\\\/oscar-nilsson-intervju\\\/#respond\"]}]},{\"@type\":\"WebPage\",\"@id\":\"https:\\\/\\\/www.interflora.se\\\/inspiration\\\/oscar-nilsson-intervju\\\/\",\"url\":\"https:\\\/\\\/www.interflora.se\\\/inspiration\\\/oscar-nilsson-intervju\\\/\",\"name\":\"M\u00f6t m\u00e4sterfloristen Oscar Nilsson | Interflora\",\"isPartOf\":{\"@id\":\"https:\\\/\\\/www.interflora.se\\\/inspiration\\\/#website\"},\"primaryImageOfPage\":{\"@id\":\"https:\\\/\\\/www.interflora.se\\\/inspiration\\\/oscar-nilsson-intervju\\\/#primaryimage\"},\"image\":{\"@id\":\"https:\\\/\\\/www.interflora.se\\\/inspiration\\\/oscar-nilsson-intervju\\\/#primaryimage\"},\"thumbnailUrl\":\"https:\\\/\\\/www.interflora.se\\\/inspiration\\\/wp-content\\\/uploads\\\/2025\\\/03\\\/gruppbild-oscar-nilsson.jpg\",\"datePublished\":\"2023-08-16T19:30:32+00:00\",\"dateModified\":\"2025-03-26T15:25:56+00:00\",\"breadcrumb\":{\"@id\":\"https:\\\/\\\/www.interflora.se\\\/inspiration\\\/oscar-nilsson-intervju\\\/#breadcrumb\"},\"inLanguage\":\"sv-SE\",\"potentialAction\":[{\"@type\":\"ReadAction\",\"target\":[\"https:\\\/\\\/www.interflora.se\\\/inspiration\\\/oscar-nilsson-intervju\\\/\"]}]},{\"@type\":\"ImageObject\",\"inLanguage\":\"sv-SE\",\"@id\":\"https:\\\/\\\/www.interflora.se\\\/inspiration\\\/oscar-nilsson-intervju\\\/#primaryimage\",\"url\":\"https:\\\/\\\/www.interflora.se\\\/inspiration\\\/wp-content\\\/uploads\\\/2025\\\/03\\\/gruppbild-oscar-nilsson.jpg\",\"contentUrl\":\"https:\\\/\\\/www.interflora.se\\\/inspiration\\\/wp-content\\\/uploads\\\/2025\\\/03\\\/gruppbild-oscar-nilsson.jpg\",\"width\":1826,\"height\":1217},{\"@type\":\"BreadcrumbList\",\"@id\":\"https:\\\/\\\/www.interflora.se\\\/inspiration\\\/oscar-nilsson-intervju\\\/#breadcrumb\",\"itemListElement\":[{\"@type\":\"ListItem\",\"position\":1,\"name\":\"Home\",\"item\":\"https:\\\/\\\/www.interflora.se\\\/inspiration\\\/\"},{\"@type\":\"ListItem\",\"position\":2,\"name\":\"M\u00f6t m\u00e4sterfloristen Oscar Nilsson\"}]},{\"@type\":\"WebSite\",\"@id\":\"https:\\\/\\\/www.interflora.se\\\/inspiration\\\/#website\",\"url\":\"https:\\\/\\\/www.interflora.se\\\/inspiration\\\/\",\"name\":\"Interflora\",\"description\":\"\",\"publisher\":{\"@id\":\"https:\\\/\\\/www.interflora.se\\\/inspiration\\\/#organization\"},\"potentialAction\":[{\"@type\":\"SearchAction\",\"target\":{\"@type\":\"EntryPoint\",\"urlTemplate\":\"https:\\\/\\\/www.interflora.se\\\/inspiration\\\/?s={search_term_string}\"},\"query-input\":{\"@type\":\"PropertyValueSpecification\",\"valueRequired\":true,\"valueName\":\"search_term_string\"}}],\"inLanguage\":\"sv-SE\"},{\"@type\":\"Organization\",\"@id\":\"https:\\\/\\\/www.interflora.se\\\/inspiration\\\/#organization\",\"name\":\"Interflora\",\"url\":\"https:\\\/\\\/www.interflora.se\\\/inspiration\\\/\",\"logo\":{\"@type\":\"ImageObject\",\"inLanguage\":\"sv-SE\",\"@id\":\"https:\\\/\\\/www.interflora.se\\\/inspiration\\\/#\\\/schema\\\/logo\\\/image\\\/\",\"url\":\"https:\\\/\\\/www.interflora.se\\\/inspiration\\\/wp-content\\\/uploads\\\/2025\\\/09\\\/cropped-220422_INTERFLORA_Logo_rgb_Half_Top_Circle_Main_Color.avif\",\"contentUrl\":\"https:\\\/\\\/www.interflora.se\\\/inspiration\\\/wp-content\\\/uploads\\\/2025\\\/09\\\/cropped-220422_INTERFLORA_Logo_rgb_Half_Top_Circle_Main_Color.avif\",\"width\":1418,\"height\":662,\"caption\":\"Interflora\"},\"image\":{\"@id\":\"https:\\\/\\\/www.interflora.se\\\/inspiration\\\/#\\\/schema\\\/logo\\\/image\\\/\"},\"sameAs\":[\"https:\\\/\\\/www.facebook.com\\\/InterfloraAB\",\"https:\\\/\\\/www.instagram.com\\\/interflora_ab\\\/\",\"https:\\\/\\\/www.linkedin.com\\\/company\\\/1494362\",\"https:\\\/\\\/www.youtube.com\\\/channel\\\/UCZgDzGWB2VRxaoWFUmXnk1w\"]},{\"@type\":\"Person\",\"@id\":\"https:\\\/\\\/www.interflora.se\\\/inspiration\\\/#\\\/schema\\\/person\\\/dbbd1ad45e05409c356dc639597669f2\",\"name\":\"admin\",\"image\":{\"@type\":\"ImageObject\",\"inLanguage\":\"sv-SE\",\"@id\":\"https:\\\/\\\/www.interflora.se\\\/inspiration\\\/wp-content\\\/litespeed\\\/avatar\\\/1fe3cced9e67df62d0a6f995d75823a5.jpg?ver=1777362393\",\"url\":\"https:\\\/\\\/www.interflora.se\\\/inspiration\\\/wp-content\\\/litespeed\\\/avatar\\\/1fe3cced9e67df62d0a6f995d75823a5.jpg?ver=1777362393\",\"contentUrl\":\"https:\\\/\\\/www.interflora.se\\\/inspiration\\\/wp-content\\\/litespeed\\\/avatar\\\/1fe3cced9e67df62d0a6f995d75823a5.jpg?ver=1777362393\",\"caption\":\"admin\"},\"sameAs\":[\"https:\\\/\\\/www.interflora.se\\\/inspiration\"],\"url\":\"https:\\\/\\\/www.interflora.se\\\/inspiration\\\/author\\\/admin\\\/\"}]}<\/script>\n<!-- \/ Yoast SEO plugin. -->","yoast_head_json":{"title":"M\u00f6t m\u00e4sterfloristen Oscar Nilsson | Interflora","robots":{"index":"index","follow":"follow","max-snippet":"max-snippet:-1","max-image-preview":"max-image-preview:large","max-video-preview":"max-video-preview:-1"},"canonical":"https:\/\/www.interflora.se\/inspiration\/oscar-nilsson-intervju\/","og_locale":"sv_SE","og_type":"article","og_title":"M\u00f6t m\u00e4sterfloristen Oscar Nilsson | Interflora","og_description":"\u201dS\u00e5 h\u00e4r \u00e5rs l\u00e4ngtar jag efter f\u00e4rg\u201d V\u00e5rvinterns vackraste blommor g\u00f6r piruetter i&nbsp;m\u00e4sterfloristen&nbsp;Oscar Nilssons&nbsp;design.&nbsp;Det \u00e4r som att b\u00e5de f\u00e4rg och [&hellip;]","og_url":"https:\/\/www.interflora.se\/inspiration\/oscar-nilsson-intervju\/","og_site_name":"Inspiration om blommor, krukv\u00e4xter &amp; trender | Interflora","article_publisher":"https:\/\/www.facebook.com\/InterfloraAB","article_published_time":"2023-08-16T19:30:32+00:00","article_modified_time":"2025-03-26T15:25:56+00:00","og_image":[{"width":1826,"height":1217,"url":"https:\/\/www.interflora.se\/inspiration\/wp-content\/uploads\/2025\/03\/gruppbild-oscar-nilsson.jpg","type":"image\/jpeg"}],"author":"admin","twitter_card":"summary_large_image","twitter_misc":{"Skriven av":"admin","Ber\u00e4knad l\u00e4stid":"3 minuter"},"schema":{"@context":"https:\/\/schema.org","@graph":[{"@type":"Article","@id":"https:\/\/www.interflora.se\/inspiration\/oscar-nilsson-intervju\/#article","isPartOf":{"@id":"https:\/\/www.interflora.se\/inspiration\/oscar-nilsson-intervju\/"},"author":{"name":"admin","@id":"https:\/\/www.interflora.se\/inspiration\/#\/schema\/person\/dbbd1ad45e05409c356dc639597669f2"},"headline":"M\u00f6t m\u00e4sterfloristen Oscar Nilsson","datePublished":"2023-08-16T19:30:32+00:00","dateModified":"2025-03-26T15:25:56+00:00","mainEntityOfPage":{"@id":"https:\/\/www.interflora.se\/inspiration\/oscar-nilsson-intervju\/"},"wordCount":592,"commentCount":0,"publisher":{"@id":"https:\/\/www.interflora.se\/inspiration\/#organization"},"image":{"@id":"https:\/\/www.interflora.se\/inspiration\/oscar-nilsson-intervju\/#primaryimage"},"thumbnailUrl":"https:\/\/www.interflora.se\/inspiration\/wp-content\/uploads\/2025\/03\/gruppbild-oscar-nilsson.jpg","articleSection":["M\u00f6t v\u00e5ra florister"],"inLanguage":"sv-SE","potentialAction":[{"@type":"CommentAction","name":"Comment","target":["https:\/\/www.interflora.se\/inspiration\/oscar-nilsson-intervju\/#respond"]}]},{"@type":"WebPage","@id":"https:\/\/www.interflora.se\/inspiration\/oscar-nilsson-intervju\/","url":"https:\/\/www.interflora.se\/inspiration\/oscar-nilsson-intervju\/","name":"M\u00f6t m\u00e4sterfloristen Oscar Nilsson | Interflora","isPartOf":{"@id":"https:\/\/www.interflora.se\/inspiration\/#website"},"primaryImageOfPage":{"@id":"https:\/\/www.interflora.se\/inspiration\/oscar-nilsson-intervju\/#primaryimage"},"image":{"@id":"https:\/\/www.interflora.se\/inspiration\/oscar-nilsson-intervju\/#primaryimage"},"thumbnailUrl":"https:\/\/www.interflora.se\/inspiration\/wp-content\/uploads\/2025\/03\/gruppbild-oscar-nilsson.jpg","datePublished":"2023-08-16T19:30:32+00:00","dateModified":"2025-03-26T15:25:56+00:00","breadcrumb":{"@id":"https:\/\/www.interflora.se\/inspiration\/oscar-nilsson-intervju\/#breadcrumb"},"inLanguage":"sv-SE","potentialAction":[{"@type":"ReadAction","target":["https:\/\/www.interflora.se\/inspiration\/oscar-nilsson-intervju\/"]}]},{"@type":"ImageObject","inLanguage":"sv-SE","@id":"https:\/\/www.interflora.se\/inspiration\/oscar-nilsson-intervju\/#primaryimage","url":"https:\/\/www.interflora.se\/inspiration\/wp-content\/uploads\/2025\/03\/gruppbild-oscar-nilsson.jpg","contentUrl":"https:\/\/www.interflora.se\/inspiration\/wp-content\/uploads\/2025\/03\/gruppbild-oscar-nilsson.jpg","width":1826,"height":1217},{"@type":"BreadcrumbList","@id":"https:\/\/www.interflora.se\/inspiration\/oscar-nilsson-intervju\/#breadcrumb","itemListElement":[{"@type":"ListItem","position":1,"name":"Home","item":"https:\/\/www.interflora.se\/inspiration\/"},{"@type":"ListItem","position":2,"name":"M\u00f6t m\u00e4sterfloristen Oscar Nilsson"}]},{"@type":"WebSite","@id":"https:\/\/www.interflora.se\/inspiration\/#website","url":"https:\/\/www.interflora.se\/inspiration\/","name":"Interflora","description":"","publisher":{"@id":"https:\/\/www.interflora.se\/inspiration\/#organization"},"potentialAction":[{"@type":"SearchAction","target":{"@type":"EntryPoint","urlTemplate":"https:\/\/www.interflora.se\/inspiration\/?s={search_term_string}"},"query-input":{"@type":"PropertyValueSpecification","valueRequired":true,"valueName":"search_term_string"}}],"inLanguage":"sv-SE"},{"@type":"Organization","@id":"https:\/\/www.interflora.se\/inspiration\/#organization","name":"Interflora","url":"https:\/\/www.interflora.se\/inspiration\/","logo":{"@type":"ImageObject","inLanguage":"sv-SE","@id":"https:\/\/www.interflora.se\/inspiration\/#\/schema\/logo\/image\/","url":"https:\/\/www.interflora.se\/inspiration\/wp-content\/uploads\/2025\/09\/cropped-220422_INTERFLORA_Logo_rgb_Half_Top_Circle_Main_Color.avif","contentUrl":"https:\/\/www.interflora.se\/inspiration\/wp-content\/uploads\/2025\/09\/cropped-220422_INTERFLORA_Logo_rgb_Half_Top_Circle_Main_Color.avif","width":1418,"height":662,"caption":"Interflora"},"image":{"@id":"https:\/\/www.interflora.se\/inspiration\/#\/schema\/logo\/image\/"},"sameAs":["https:\/\/www.facebook.com\/InterfloraAB","https:\/\/www.instagram.com\/interflora_ab\/","https:\/\/www.linkedin.com\/company\/1494362","https:\/\/www.youtube.com\/channel\/UCZgDzGWB2VRxaoWFUmXnk1w"]},{"@type":"Person","@id":"https:\/\/www.interflora.se\/inspiration\/#\/schema\/person\/dbbd1ad45e05409c356dc639597669f2","name":"admin","image":{"@type":"ImageObject","inLanguage":"sv-SE","@id":"https:\/\/www.interflora.se\/inspiration\/wp-content\/litespeed\/avatar\/1fe3cced9e67df62d0a6f995d75823a5.jpg?ver=1777362393","url":"https:\/\/www.interflora.se\/inspiration\/wp-content\/litespeed\/avatar\/1fe3cced9e67df62d0a6f995d75823a5.jpg?ver=1777362393","contentUrl":"https:\/\/www.interflora.se\/inspiration\/wp-content\/litespeed\/avatar\/1fe3cced9e67df62d0a6f995d75823a5.jpg?ver=1777362393","caption":"admin"},"sameAs":["https:\/\/www.interflora.se\/inspiration"],"url":"https:\/\/www.interflora.se\/inspiration\/author\/admin\/"}]}},"uagb_featured_image_src":{"full":["https:\/\/www.interflora.se\/inspiration\/wp-content\/uploads\/2025\/03\/gruppbild-oscar-nilsson.jpg",1826,1217,false],"thumbnail":["https:\/\/www.interflora.se\/inspiration\/wp-content\/uploads\/2025\/03\/gruppbild-oscar-nilsson-150x150.jpg",150,150,true],"medium":["https:\/\/www.interflora.se\/inspiration\/wp-content\/uploads\/2025\/03\/gruppbild-oscar-nilsson-300x200.jpg",300,200,true],"medium_large":["https:\/\/www.interflora.se\/inspiration\/wp-content\/uploads\/2025\/03\/gruppbild-oscar-nilsson-768x512.jpg",768,512,true],"large":["https:\/\/www.interflora.se\/inspiration\/wp-content\/uploads\/2025\/03\/gruppbild-oscar-nilsson-1024x682.jpg",1024,682,true],"1536x1536":["https:\/\/www.interflora.se\/inspiration\/wp-content\/uploads\/2025\/03\/gruppbild-oscar-nilsson-1536x1024.jpg",1536,1024,true],"2048x2048":["https:\/\/www.interflora.se\/inspiration\/wp-content\/uploads\/2025\/03\/gruppbild-oscar-nilsson.jpg",1826,1217,false]},"uagb_author_info":{"display_name":"admin","author_link":"https:\/\/www.interflora.se\/inspiration\/author\/admin\/"},"uagb_comment_info":0,"uagb_excerpt":"\u201dS\u00e5 h\u00e4r \u00e5rs l\u00e4ngtar jag efter f\u00e4rg\u201d V\u00e5rvinterns vackraste blommor g\u00f6r piruetter i&nbsp;m\u00e4sterfloristen&nbsp;Oscar Nilssons&nbsp;design.&nbsp;Det \u00e4r som att b\u00e5de f\u00e4rg och [&hellip;]","_links":{"self":[{"href":"https:\/\/www.interflora.se\/inspiration\/wp-json\/wp\/v2\/posts\/349","targetHints":{"allow":["GET"]}}],"collection":[{"href":"https:\/\/www.interflora.se\/inspiration\/wp-json\/wp\/v2\/posts"}],"about":[{"href":"https:\/\/www.interflora.se\/inspiration\/wp-json\/wp\/v2\/types\/post"}],"author":[{"embeddable":true,"href":"https:\/\/www.interflora.se\/inspiration\/wp-json\/wp\/v2\/users\/1"}],"replies":[{"embeddable":true,"href":"https:\/\/www.interflora.se\/inspiration\/wp-json\/wp\/v2\/comments?post=349"}],"version-history":[{"count":1,"href":"https:\/\/www.interflora.se\/inspiration\/wp-json\/wp\/v2\/posts\/349\/revisions"}],"predecessor-version":[{"id":2655,"href":"https:\/\/www.interflora.se\/inspiration\/wp-json\/wp\/v2\/posts\/349\/revisions\/2655"}],"wp:featuredmedia":[{"embeddable":true,"href":"https:\/\/www.interflora.se\/inspiration\/wp-json\/wp\/v2\/media\/2649"}],"wp:attachment":[{"href":"https:\/\/www.interflora.se\/inspiration\/wp-json\/wp\/v2\/media?parent=349"}],"wp:term":[{"taxonomy":"category","embeddable":true,"href":"https:\/\/www.interflora.se\/inspiration\/wp-json\/wp\/v2\/categories?post=349"},{"taxonomy":"post_tag","embeddable":true,"href":"https:\/\/www.interflora.se\/inspiration\/wp-json\/wp\/v2\/tags?post=349"}],"curies":[{"name":"wp","href":"https:\/\/api.w.org\/{rel}","templated":true}]}}