{"id":348,"date":"2024-06-09T19:08:23","date_gmt":"2024-06-09T17:08:23","guid":{"rendered":"http:\/\/preprodblog.interflora.se\/blog\/?p=348"},"modified":"2025-03-26T14:29:39","modified_gmt":"2025-03-26T13:29:39","slug":"orter-och-vaxter-till-balkongen","status":"publish","type":"post","link":"https:\/\/www.interflora.se\/inspiration\/orter-och-vaxter-till-balkongen\/","title":{"rendered":"Inred ute med \u00f6rter och gr\u00f6nt"},"content":{"rendered":"\n<p>\u00d6rter \u00e4r riktiga soldyrkare och lockar till sig bin, humlor och fj\u00e4rilar. Dessutom g\u00e5r de att odla i kruka! Perfekt f\u00f6r dig som inte har en tr\u00e4dg\u00e5rd eller bara vill h\u00e5lla din odling enkel och samtidigt dekorativ.<\/p>\n\n\n\n<p>De flesta \u00f6rter \u00e4r anspr\u00e5ksl\u00f6sa, men smakar som b\u00e4st om de f\u00e5r st\u00e5 i soligt, skyddat l\u00e4ge och v\u00e4xa i sandblandad jord. Undantagen \u00e4r persilja och basilika som inte vill torka ut och d\u00e4rf\u00f6r beh\u00f6ver vattnas lite oftare. Basilika tycker inte alls om bl\u00e5st, s\u00e5 st\u00e4ll den i skydd f\u00f6r vind och drag, g\u00e4rna i ett miniv\u00e4xthus eller i en glasmonter med h\u00e5l i toppen, s\u00e5 att fukt och kondens f\u00e5r luftas ut. En b\u00e5de praktisk och snygg l\u00f6sning.<\/p>\n\n\n\n<figure class=\"wp-block-image\"><img decoding=\"async\" src=\"https:\/\/www.interflora.se\/inspiration\/wp-content\/uploads\/2025\/03\/gronafloravar2021.jpg\" alt=\"gr\u00f6naflorav\u00e5r2021.jpg\"\/><\/figure>\n\n\n\n<p>Foto: Brian Predstrup<\/p>\n\n\n\n<h2 class=\"wp-block-heading\">Har en l\u00e5ng historia<\/h2>\n\n\n\n<p>Det \u00e4r f\u00f6rst\u00e5s extra h\u00e4rligt att ha sin \u00f6rtag\u00e5rd n\u00e4ra till hands n\u00e4r man lagar mat. Om det \u00e4r m\u00f6jligt i anslutning till k\u00f6ket, grillen eller tr\u00e4dg\u00e5rdsgruppen, s\u00e5 att man kan nypa av n\u00e5gra extra blad till m\u00e5ltiden.&nbsp;Men passa ocks\u00e5 p\u00e5 att bara vila bland dina utev\u00e4xter! G\u00f6r en sk\u00f6n och solig sittplats precis intill, till exempel p\u00e5 balkongen. Att njuta av stillheten bland kryddv\u00e4xterna har en l\u00e5ng historia som g\u00e5r \u00e4nda tillbaka till medeltiden och klostertr\u00e4dg\u00e5rdarna. D\u00e5 var \u00f6rtag\u00e5rden en plats f\u00f6r stillhet och meditation. Sk\u00f6rden hade ocks\u00e5 sin speciella betydelse f\u00f6rr i tiden. \u00d6rter ans\u00e5gs kunna bota olika kr\u00e4mpor. Salvia ordinerades mot d\u00e5ligt minne och inflammationer, rosmarin mot migr\u00e4n och timjan mot hosta.<\/p>\n\n\n\n<figure class=\"wp-block-image\"><img decoding=\"async\" src=\"https:\/\/www.interflora.se\/inspiration\/wp-content\/uploads\/2025\/03\/1_1865.jpg\" alt=\"1865.jpg\"\/><\/figure>\n\n\n\n<p>Lavendel, murgr\u00f6na, alunrot,uppstammad myrten och palettblad \u00e4r fina ihop med \u00f6rter som basilika, rosmarin och salvia.<\/p>\n\n\n\n<h2 class=\"wp-block-heading\">Kombinera med andra v\u00e4xter&nbsp;<\/h2>\n\n\n\n<p>D\u00e5 som nu planterade man g\u00e4rna \u00f6rterna tillsammans med andra vackra sommarv\u00e4xter. V\u00e4lj sorter som trivs i samma l\u00e4ge, till exempel lavendel, h\u00f6gt prydnadsgr\u00e4s och praktfulla palettblad. Den sistn\u00e4mnda kommer att tacka dig f\u00f6r den soliga placeringen med en kaskad av f\u00e4rgsprakande blad.<\/p>\n\n\n\n<figure class=\"wp-block-image\"><img decoding=\"async\" src=\"https:\/\/www.interflora.se\/inspiration\/wp-content\/uploads\/2025\/03\/gronaflora2.jpg\" alt=\"gr\u00f6naflora2.jpg\"\/><\/figure>\n\n\n\n<p>Pausa och njut av dina odlingar. \u00d6rter i kombination med andra vackra v\u00e4xter passar fint p\u00e5 balkong och uteplats.&nbsp;Foto: Brian Predstrup<\/p>\n\n\n\n<p><a href=\"https:\/\/www.interflora.se\/home\/krukvaxter\/alla-krukvaxter\/\">Se alla krukv\u00e4xter<\/a><\/p>\n","protected":false},"excerpt":{"rendered":"<p>\u00d6rter \u00e4r riktiga soldyrkare och lockar till sig bin, humlor och fj\u00e4rilar. Dessutom g\u00e5r de att odla i kruka! Perfekt [&hellip;]<\/p>\n","protected":false},"author":1,"featured_media":1963,"comment_status":"open","ping_status":"open","sticky":false,"template":"","format":"standard","meta":{"_uag_custom_page_level_css":"","site-sidebar-layout":"default","site-content-layout":"","ast-site-content-layout":"default","site-content-style":"default","site-sidebar-style":"default","ast-global-header-display":"","ast-banner-title-visibility":"","ast-main-header-display":"","ast-hfb-above-header-display":"","ast-hfb-below-header-display":"","ast-hfb-mobile-header-display":"","site-post-title":"","ast-breadcrumbs-content":"","ast-featured-img":"","footer-sml-layout":"","ast-disable-related-posts":"","theme-transparent-header-meta":"","adv-header-id-meta":"","stick-header-meta":"","header-above-stick-meta":"","header-main-stick-meta":"","header-below-stick-meta":"","astra-migrate-meta-layouts":"default","ast-page-background-enabled":"default","ast-page-background-meta":{"desktop":{"background-color":"var(--ast-global-color-5)","background-image":"","background-repeat":"repeat","background-position":"center center","background-size":"auto","background-attachment":"scroll","background-type":"","background-media":"","overlay-type":"","overlay-color":"","overlay-opacity":"","overlay-gradient":""},"tablet":{"background-color":"","background-image":"","background-repeat":"repeat","background-position":"center center","background-size":"auto","background-attachment":"scroll","background-type":"","background-media":"","overlay-type":"","overlay-color":"","overlay-opacity":"","overlay-gradient":""},"mobile":{"background-color":"","background-image":"","background-repeat":"repeat","background-position":"center center","background-size":"auto","background-attachment":"scroll","background-type":"","background-media":"","overlay-type":"","overlay-color":"","overlay-opacity":"","overlay-gradient":""}},"ast-content-background-meta":{"desktop":{"background-color":"var(--ast-global-color-4)","background-image":"","background-repeat":"repeat","background-position":"center center","background-size":"auto","background-attachment":"scroll","background-type":"","background-media":"","overlay-type":"","overlay-color":"","overlay-opacity":"","overlay-gradient":""},"tablet":{"background-color":"var(--ast-global-color-4)","background-image":"","background-repeat":"repeat","background-position":"center center","background-size":"auto","background-attachment":"scroll","background-type":"","background-media":"","overlay-type":"","overlay-color":"","overlay-opacity":"","overlay-gradient":""},"mobile":{"background-color":"var(--ast-global-color-4)","background-image":"","background-repeat":"repeat","background-position":"center center","background-size":"auto","background-attachment":"scroll","background-type":"","background-media":"","overlay-type":"","overlay-color":"","overlay-opacity":"","overlay-gradient":""}},"footnotes":""},"categories":[4],"tags":[],"class_list":["post-348","post","type-post","status-publish","format-standard","has-post-thumbnail","hentry","category-tips"],"yoast_head":"<!-- This site is optimized with the Yoast SEO plugin v27.4 - https:\/\/yoast.com\/product\/yoast-seo-wordpress\/ -->\n<title>Inred ute med \u00f6rter och gr\u00f6nt | Interflora<\/title>\n<meta name=\"robots\" content=\"index, follow, max-snippet:-1, max-image-preview:large, max-video-preview:-1\" \/>\n<link rel=\"canonical\" href=\"https:\/\/www.interflora.se\/inspiration\/orter-och-vaxter-till-balkongen\/\" \/>\n<meta property=\"og:locale\" content=\"sv_SE\" \/>\n<meta property=\"og:type\" content=\"article\" \/>\n<meta property=\"og:title\" content=\"Inred ute med \u00f6rter och gr\u00f6nt | Interflora\" \/>\n<meta property=\"og:description\" content=\"\u00d6rter \u00e4r riktiga soldyrkare och lockar till sig bin, humlor och fj\u00e4rilar. Dessutom g\u00e5r de att odla i kruka! Perfekt [&hellip;]\" \/>\n<meta property=\"og:url\" content=\"https:\/\/www.interflora.se\/inspiration\/orter-och-vaxter-till-balkongen\/\" \/>\n<meta property=\"og:site_name\" content=\"Inspiration om blommor, krukv\u00e4xter &amp; trender | Interflora\" \/>\n<meta property=\"article:publisher\" content=\"https:\/\/www.facebook.com\/InterfloraAB\" \/>\n<meta property=\"article:published_time\" content=\"2024-06-09T17:08:23+00:00\" \/>\n<meta property=\"article:modified_time\" content=\"2025-03-26T13:29:39+00:00\" \/>\n<meta property=\"og:image\" content=\"https:\/\/www.interflora.se\/inspiration\/wp-content\/uploads\/2025\/03\/gronafloravar2021.jpg\" \/>\n\t<meta property=\"og:image:width\" content=\"1500\" \/>\n\t<meta property=\"og:image:height\" content=\"1001\" \/>\n\t<meta property=\"og:image:type\" content=\"image\/jpeg\" \/>\n<meta name=\"author\" content=\"admin\" \/>\n<meta name=\"twitter:card\" content=\"summary_large_image\" \/>\n<meta name=\"twitter:label1\" content=\"Skriven av\" \/>\n\t<meta name=\"twitter:data1\" content=\"admin\" \/>\n\t<meta name=\"twitter:label2\" content=\"Ber\u00e4knad l\u00e4stid\" \/>\n\t<meta name=\"twitter:data2\" content=\"2 minuter\" \/>\n<script type=\"application\/ld+json\" class=\"yoast-schema-graph\">{\"@context\":\"https:\\\/\\\/schema.org\",\"@graph\":[{\"@type\":\"Article\",\"@id\":\"https:\\\/\\\/www.interflora.se\\\/inspiration\\\/orter-och-vaxter-till-balkongen\\\/#article\",\"isPartOf\":{\"@id\":\"https:\\\/\\\/www.interflora.se\\\/inspiration\\\/orter-och-vaxter-till-balkongen\\\/\"},\"author\":{\"name\":\"admin\",\"@id\":\"https:\\\/\\\/www.interflora.se\\\/inspiration\\\/#\\\/schema\\\/person\\\/dbbd1ad45e05409c356dc639597669f2\"},\"headline\":\"Inred ute med \u00f6rter och gr\u00f6nt\",\"datePublished\":\"2024-06-09T17:08:23+00:00\",\"dateModified\":\"2025-03-26T13:29:39+00:00\",\"mainEntityOfPage\":{\"@id\":\"https:\\\/\\\/www.interflora.se\\\/inspiration\\\/orter-och-vaxter-till-balkongen\\\/\"},\"wordCount\":404,\"commentCount\":0,\"publisher\":{\"@id\":\"https:\\\/\\\/www.interflora.se\\\/inspiration\\\/#organization\"},\"image\":{\"@id\":\"https:\\\/\\\/www.interflora.se\\\/inspiration\\\/orter-och-vaxter-till-balkongen\\\/#primaryimage\"},\"thumbnailUrl\":\"https:\\\/\\\/www.interflora.se\\\/inspiration\\\/wp-content\\\/uploads\\\/2025\\\/03\\\/gronafloravar2021.jpg\",\"articleSection\":[\"Tips\"],\"inLanguage\":\"sv-SE\",\"potentialAction\":[{\"@type\":\"CommentAction\",\"name\":\"Comment\",\"target\":[\"https:\\\/\\\/www.interflora.se\\\/inspiration\\\/orter-och-vaxter-till-balkongen\\\/#respond\"]}]},{\"@type\":\"WebPage\",\"@id\":\"https:\\\/\\\/www.interflora.se\\\/inspiration\\\/orter-och-vaxter-till-balkongen\\\/\",\"url\":\"https:\\\/\\\/www.interflora.se\\\/inspiration\\\/orter-och-vaxter-till-balkongen\\\/\",\"name\":\"Inred ute med \u00f6rter och gr\u00f6nt | Interflora\",\"isPartOf\":{\"@id\":\"https:\\\/\\\/www.interflora.se\\\/inspiration\\\/#website\"},\"primaryImageOfPage\":{\"@id\":\"https:\\\/\\\/www.interflora.se\\\/inspiration\\\/orter-och-vaxter-till-balkongen\\\/#primaryimage\"},\"image\":{\"@id\":\"https:\\\/\\\/www.interflora.se\\\/inspiration\\\/orter-och-vaxter-till-balkongen\\\/#primaryimage\"},\"thumbnailUrl\":\"https:\\\/\\\/www.interflora.se\\\/inspiration\\\/wp-content\\\/uploads\\\/2025\\\/03\\\/gronafloravar2021.jpg\",\"datePublished\":\"2024-06-09T17:08:23+00:00\",\"dateModified\":\"2025-03-26T13:29:39+00:00\",\"breadcrumb\":{\"@id\":\"https:\\\/\\\/www.interflora.se\\\/inspiration\\\/orter-och-vaxter-till-balkongen\\\/#breadcrumb\"},\"inLanguage\":\"sv-SE\",\"potentialAction\":[{\"@type\":\"ReadAction\",\"target\":[\"https:\\\/\\\/www.interflora.se\\\/inspiration\\\/orter-och-vaxter-till-balkongen\\\/\"]}]},{\"@type\":\"ImageObject\",\"inLanguage\":\"sv-SE\",\"@id\":\"https:\\\/\\\/www.interflora.se\\\/inspiration\\\/orter-och-vaxter-till-balkongen\\\/#primaryimage\",\"url\":\"https:\\\/\\\/www.interflora.se\\\/inspiration\\\/wp-content\\\/uploads\\\/2025\\\/03\\\/gronafloravar2021.jpg\",\"contentUrl\":\"https:\\\/\\\/www.interflora.se\\\/inspiration\\\/wp-content\\\/uploads\\\/2025\\\/03\\\/gronafloravar2021.jpg\",\"width\":1500,\"height\":1001},{\"@type\":\"BreadcrumbList\",\"@id\":\"https:\\\/\\\/www.interflora.se\\\/inspiration\\\/orter-och-vaxter-till-balkongen\\\/#breadcrumb\",\"itemListElement\":[{\"@type\":\"ListItem\",\"position\":1,\"name\":\"Home\",\"item\":\"https:\\\/\\\/www.interflora.se\\\/inspiration\\\/\"},{\"@type\":\"ListItem\",\"position\":2,\"name\":\"Inred ute med \u00f6rter och gr\u00f6nt\"}]},{\"@type\":\"WebSite\",\"@id\":\"https:\\\/\\\/www.interflora.se\\\/inspiration\\\/#website\",\"url\":\"https:\\\/\\\/www.interflora.se\\\/inspiration\\\/\",\"name\":\"Interflora\",\"description\":\"\",\"publisher\":{\"@id\":\"https:\\\/\\\/www.interflora.se\\\/inspiration\\\/#organization\"},\"potentialAction\":[{\"@type\":\"SearchAction\",\"target\":{\"@type\":\"EntryPoint\",\"urlTemplate\":\"https:\\\/\\\/www.interflora.se\\\/inspiration\\\/?s={search_term_string}\"},\"query-input\":{\"@type\":\"PropertyValueSpecification\",\"valueRequired\":true,\"valueName\":\"search_term_string\"}}],\"inLanguage\":\"sv-SE\"},{\"@type\":\"Organization\",\"@id\":\"https:\\\/\\\/www.interflora.se\\\/inspiration\\\/#organization\",\"name\":\"Interflora\",\"url\":\"https:\\\/\\\/www.interflora.se\\\/inspiration\\\/\",\"logo\":{\"@type\":\"ImageObject\",\"inLanguage\":\"sv-SE\",\"@id\":\"https:\\\/\\\/www.interflora.se\\\/inspiration\\\/#\\\/schema\\\/logo\\\/image\\\/\",\"url\":\"https:\\\/\\\/www.interflora.se\\\/inspiration\\\/wp-content\\\/uploads\\\/2025\\\/09\\\/cropped-220422_INTERFLORA_Logo_rgb_Half_Top_Circle_Main_Color.avif\",\"contentUrl\":\"https:\\\/\\\/www.interflora.se\\\/inspiration\\\/wp-content\\\/uploads\\\/2025\\\/09\\\/cropped-220422_INTERFLORA_Logo_rgb_Half_Top_Circle_Main_Color.avif\",\"width\":1418,\"height\":662,\"caption\":\"Interflora\"},\"image\":{\"@id\":\"https:\\\/\\\/www.interflora.se\\\/inspiration\\\/#\\\/schema\\\/logo\\\/image\\\/\"},\"sameAs\":[\"https:\\\/\\\/www.facebook.com\\\/InterfloraAB\",\"https:\\\/\\\/www.instagram.com\\\/interflora_ab\\\/\",\"https:\\\/\\\/www.linkedin.com\\\/company\\\/1494362\",\"https:\\\/\\\/www.youtube.com\\\/channel\\\/UCZgDzGWB2VRxaoWFUmXnk1w\"]},{\"@type\":\"Person\",\"@id\":\"https:\\\/\\\/www.interflora.se\\\/inspiration\\\/#\\\/schema\\\/person\\\/dbbd1ad45e05409c356dc639597669f2\",\"name\":\"admin\",\"image\":{\"@type\":\"ImageObject\",\"inLanguage\":\"sv-SE\",\"@id\":\"https:\\\/\\\/www.interflora.se\\\/inspiration\\\/wp-content\\\/litespeed\\\/avatar\\\/1fe3cced9e67df62d0a6f995d75823a5.jpg?ver=1777362393\",\"url\":\"https:\\\/\\\/www.interflora.se\\\/inspiration\\\/wp-content\\\/litespeed\\\/avatar\\\/1fe3cced9e67df62d0a6f995d75823a5.jpg?ver=1777362393\",\"contentUrl\":\"https:\\\/\\\/www.interflora.se\\\/inspiration\\\/wp-content\\\/litespeed\\\/avatar\\\/1fe3cced9e67df62d0a6f995d75823a5.jpg?ver=1777362393\",\"caption\":\"admin\"},\"sameAs\":[\"https:\\\/\\\/www.interflora.se\\\/inspiration\"],\"url\":\"https:\\\/\\\/www.interflora.se\\\/inspiration\\\/author\\\/admin\\\/\"}]}<\/script>\n<!-- \/ Yoast SEO plugin. -->","yoast_head_json":{"title":"Inred ute med \u00f6rter och gr\u00f6nt | Interflora","robots":{"index":"index","follow":"follow","max-snippet":"max-snippet:-1","max-image-preview":"max-image-preview:large","max-video-preview":"max-video-preview:-1"},"canonical":"https:\/\/www.interflora.se\/inspiration\/orter-och-vaxter-till-balkongen\/","og_locale":"sv_SE","og_type":"article","og_title":"Inred ute med \u00f6rter och gr\u00f6nt | Interflora","og_description":"\u00d6rter \u00e4r riktiga soldyrkare och lockar till sig bin, humlor och fj\u00e4rilar. Dessutom g\u00e5r de att odla i kruka! Perfekt [&hellip;]","og_url":"https:\/\/www.interflora.se\/inspiration\/orter-och-vaxter-till-balkongen\/","og_site_name":"Inspiration om blommor, krukv\u00e4xter &amp; trender | Interflora","article_publisher":"https:\/\/www.facebook.com\/InterfloraAB","article_published_time":"2024-06-09T17:08:23+00:00","article_modified_time":"2025-03-26T13:29:39+00:00","og_image":[{"width":1500,"height":1001,"url":"https:\/\/www.interflora.se\/inspiration\/wp-content\/uploads\/2025\/03\/gronafloravar2021.jpg","type":"image\/jpeg"}],"author":"admin","twitter_card":"summary_large_image","twitter_misc":{"Skriven av":"admin","Ber\u00e4knad l\u00e4stid":"2 minuter"},"schema":{"@context":"https:\/\/schema.org","@graph":[{"@type":"Article","@id":"https:\/\/www.interflora.se\/inspiration\/orter-och-vaxter-till-balkongen\/#article","isPartOf":{"@id":"https:\/\/www.interflora.se\/inspiration\/orter-och-vaxter-till-balkongen\/"},"author":{"name":"admin","@id":"https:\/\/www.interflora.se\/inspiration\/#\/schema\/person\/dbbd1ad45e05409c356dc639597669f2"},"headline":"Inred ute med \u00f6rter och gr\u00f6nt","datePublished":"2024-06-09T17:08:23+00:00","dateModified":"2025-03-26T13:29:39+00:00","mainEntityOfPage":{"@id":"https:\/\/www.interflora.se\/inspiration\/orter-och-vaxter-till-balkongen\/"},"wordCount":404,"commentCount":0,"publisher":{"@id":"https:\/\/www.interflora.se\/inspiration\/#organization"},"image":{"@id":"https:\/\/www.interflora.se\/inspiration\/orter-och-vaxter-till-balkongen\/#primaryimage"},"thumbnailUrl":"https:\/\/www.interflora.se\/inspiration\/wp-content\/uploads\/2025\/03\/gronafloravar2021.jpg","articleSection":["Tips"],"inLanguage":"sv-SE","potentialAction":[{"@type":"CommentAction","name":"Comment","target":["https:\/\/www.interflora.se\/inspiration\/orter-och-vaxter-till-balkongen\/#respond"]}]},{"@type":"WebPage","@id":"https:\/\/www.interflora.se\/inspiration\/orter-och-vaxter-till-balkongen\/","url":"https:\/\/www.interflora.se\/inspiration\/orter-och-vaxter-till-balkongen\/","name":"Inred ute med \u00f6rter och gr\u00f6nt | Interflora","isPartOf":{"@id":"https:\/\/www.interflora.se\/inspiration\/#website"},"primaryImageOfPage":{"@id":"https:\/\/www.interflora.se\/inspiration\/orter-och-vaxter-till-balkongen\/#primaryimage"},"image":{"@id":"https:\/\/www.interflora.se\/inspiration\/orter-och-vaxter-till-balkongen\/#primaryimage"},"thumbnailUrl":"https:\/\/www.interflora.se\/inspiration\/wp-content\/uploads\/2025\/03\/gronafloravar2021.jpg","datePublished":"2024-06-09T17:08:23+00:00","dateModified":"2025-03-26T13:29:39+00:00","breadcrumb":{"@id":"https:\/\/www.interflora.se\/inspiration\/orter-och-vaxter-till-balkongen\/#breadcrumb"},"inLanguage":"sv-SE","potentialAction":[{"@type":"ReadAction","target":["https:\/\/www.interflora.se\/inspiration\/orter-och-vaxter-till-balkongen\/"]}]},{"@type":"ImageObject","inLanguage":"sv-SE","@id":"https:\/\/www.interflora.se\/inspiration\/orter-och-vaxter-till-balkongen\/#primaryimage","url":"https:\/\/www.interflora.se\/inspiration\/wp-content\/uploads\/2025\/03\/gronafloravar2021.jpg","contentUrl":"https:\/\/www.interflora.se\/inspiration\/wp-content\/uploads\/2025\/03\/gronafloravar2021.jpg","width":1500,"height":1001},{"@type":"BreadcrumbList","@id":"https:\/\/www.interflora.se\/inspiration\/orter-och-vaxter-till-balkongen\/#breadcrumb","itemListElement":[{"@type":"ListItem","position":1,"name":"Home","item":"https:\/\/www.interflora.se\/inspiration\/"},{"@type":"ListItem","position":2,"name":"Inred ute med \u00f6rter och gr\u00f6nt"}]},{"@type":"WebSite","@id":"https:\/\/www.interflora.se\/inspiration\/#website","url":"https:\/\/www.interflora.se\/inspiration\/","name":"Interflora","description":"","publisher":{"@id":"https:\/\/www.interflora.se\/inspiration\/#organization"},"potentialAction":[{"@type":"SearchAction","target":{"@type":"EntryPoint","urlTemplate":"https:\/\/www.interflora.se\/inspiration\/?s={search_term_string}"},"query-input":{"@type":"PropertyValueSpecification","valueRequired":true,"valueName":"search_term_string"}}],"inLanguage":"sv-SE"},{"@type":"Organization","@id":"https:\/\/www.interflora.se\/inspiration\/#organization","name":"Interflora","url":"https:\/\/www.interflora.se\/inspiration\/","logo":{"@type":"ImageObject","inLanguage":"sv-SE","@id":"https:\/\/www.interflora.se\/inspiration\/#\/schema\/logo\/image\/","url":"https:\/\/www.interflora.se\/inspiration\/wp-content\/uploads\/2025\/09\/cropped-220422_INTERFLORA_Logo_rgb_Half_Top_Circle_Main_Color.avif","contentUrl":"https:\/\/www.interflora.se\/inspiration\/wp-content\/uploads\/2025\/09\/cropped-220422_INTERFLORA_Logo_rgb_Half_Top_Circle_Main_Color.avif","width":1418,"height":662,"caption":"Interflora"},"image":{"@id":"https:\/\/www.interflora.se\/inspiration\/#\/schema\/logo\/image\/"},"sameAs":["https:\/\/www.facebook.com\/InterfloraAB","https:\/\/www.instagram.com\/interflora_ab\/","https:\/\/www.linkedin.com\/company\/1494362","https:\/\/www.youtube.com\/channel\/UCZgDzGWB2VRxaoWFUmXnk1w"]},{"@type":"Person","@id":"https:\/\/www.interflora.se\/inspiration\/#\/schema\/person\/dbbd1ad45e05409c356dc639597669f2","name":"admin","image":{"@type":"ImageObject","inLanguage":"sv-SE","@id":"https:\/\/www.interflora.se\/inspiration\/wp-content\/litespeed\/avatar\/1fe3cced9e67df62d0a6f995d75823a5.jpg?ver=1777362393","url":"https:\/\/www.interflora.se\/inspiration\/wp-content\/litespeed\/avatar\/1fe3cced9e67df62d0a6f995d75823a5.jpg?ver=1777362393","contentUrl":"https:\/\/www.interflora.se\/inspiration\/wp-content\/litespeed\/avatar\/1fe3cced9e67df62d0a6f995d75823a5.jpg?ver=1777362393","caption":"admin"},"sameAs":["https:\/\/www.interflora.se\/inspiration"],"url":"https:\/\/www.interflora.se\/inspiration\/author\/admin\/"}]}},"uagb_featured_image_src":{"full":["https:\/\/www.interflora.se\/inspiration\/wp-content\/uploads\/2025\/03\/gronafloravar2021.jpg",1500,1001,false],"thumbnail":["https:\/\/www.interflora.se\/inspiration\/wp-content\/uploads\/2025\/03\/gronafloravar2021-150x150.jpg",150,150,true],"medium":["https:\/\/www.interflora.se\/inspiration\/wp-content\/uploads\/2025\/03\/gronafloravar2021-300x200.jpg",300,200,true],"medium_large":["https:\/\/www.interflora.se\/inspiration\/wp-content\/uploads\/2025\/03\/gronafloravar2021-768x513.jpg",768,513,true],"large":["https:\/\/www.interflora.se\/inspiration\/wp-content\/uploads\/2025\/03\/gronafloravar2021-1024x683.jpg",1024,683,true],"1536x1536":["https:\/\/www.interflora.se\/inspiration\/wp-content\/uploads\/2025\/03\/gronafloravar2021.jpg",1500,1001,false],"2048x2048":["https:\/\/www.interflora.se\/inspiration\/wp-content\/uploads\/2025\/03\/gronafloravar2021.jpg",1500,1001,false]},"uagb_author_info":{"display_name":"admin","author_link":"https:\/\/www.interflora.se\/inspiration\/author\/admin\/"},"uagb_comment_info":0,"uagb_excerpt":"\u00d6rter \u00e4r riktiga soldyrkare och lockar till sig bin, humlor och fj\u00e4rilar. Dessutom g\u00e5r de att odla i kruka! Perfekt [&hellip;]","_links":{"self":[{"href":"https:\/\/www.interflora.se\/inspiration\/wp-json\/wp\/v2\/posts\/348","targetHints":{"allow":["GET"]}}],"collection":[{"href":"https:\/\/www.interflora.se\/inspiration\/wp-json\/wp\/v2\/posts"}],"about":[{"href":"https:\/\/www.interflora.se\/inspiration\/wp-json\/wp\/v2\/types\/post"}],"author":[{"embeddable":true,"href":"https:\/\/www.interflora.se\/inspiration\/wp-json\/wp\/v2\/users\/1"}],"replies":[{"embeddable":true,"href":"https:\/\/www.interflora.se\/inspiration\/wp-json\/wp\/v2\/comments?post=348"}],"version-history":[{"count":1,"href":"https:\/\/www.interflora.se\/inspiration\/wp-json\/wp\/v2\/posts\/348\/revisions"}],"predecessor-version":[{"id":1966,"href":"https:\/\/www.interflora.se\/inspiration\/wp-json\/wp\/v2\/posts\/348\/revisions\/1966"}],"wp:featuredmedia":[{"embeddable":true,"href":"https:\/\/www.interflora.se\/inspiration\/wp-json\/wp\/v2\/media\/1963"}],"wp:attachment":[{"href":"https:\/\/www.interflora.se\/inspiration\/wp-json\/wp\/v2\/media?parent=348"}],"wp:term":[{"taxonomy":"category","embeddable":true,"href":"https:\/\/www.interflora.se\/inspiration\/wp-json\/wp\/v2\/categories?post=348"},{"taxonomy":"post_tag","embeddable":true,"href":"https:\/\/www.interflora.se\/inspiration\/wp-json\/wp\/v2\/tags?post=348"}],"curies":[{"name":"wp","href":"https:\/\/api.w.org\/{rel}","templated":true}]}}