{"id":338,"date":"2024-05-11T11:03:00","date_gmt":"2024-05-11T09:03:00","guid":{"rendered":"http:\/\/preprodblog.interflora.se\/blog\/?p=338"},"modified":"2025-03-28T13:11:51","modified_gmt":"2025-03-28T12:11:51","slug":"morsdagsamarbete-med-lakare-utan-granser","status":"publish","type":"post","link":"https:\/\/www.interflora.se\/inspiration\/morsdagsamarbete-med-lakare-utan-granser\/","title":{"rendered":"Mors dag-samarbete med L\u00e4kare Utan Gr\u00e4nser"},"content":{"rendered":"\n<figure class=\"wp-block-image\"><img decoding=\"async\" src=\"https:\/\/www.interflora.se\/inspiration\/wp-content\/uploads\/2025\/03\/till_forman_for-lakare-utan-granser-topp.jpg\" alt=\"Till_Forman_for-L\u00e4kare-utan-gr\u00e4nser-topp.jpg\"\/><\/figure>\n\n\n\n<p>V\u00e4lj en g\u00e5va som r\u00e4ddar liv<\/p>\n\n\n\n<p>Ge en mors dag-g\u00e5va som r\u00e4ddar liv. Vi samarbetar med L\u00e4kare Utan Gr\u00e4nser som arbetar med livr\u00e4ddande v\u00e5rd f\u00f6r nyblivna mammor och barn p\u00e5 utsatta platser runt om i v\u00e4rlden. N\u00e4r du v\u00e4ljer en bukett med donation s\u00e5 g\u00e5r ditt bidrag direkt till L\u00e4kare Utan Gr\u00e4nsers insatser f\u00f6r s\u00e4kra f\u00f6rlossningar och v\u00e5rd f\u00f6r nyf\u00f6dda.<\/p>\n\n\n\n<p>Ditt bidrag g\u00f6r skillnad.<\/p>\n\n\n\n<p><strong>En livr\u00e4ddande insats p\u00e5 Mors dag<\/strong><\/p>\n\n\n\n<figure class=\"wp-block-image alignright size-large is-resized\"><img loading=\"lazy\" decoding=\"async\" width=\"1024\" height=\"728\" src=\"https:\/\/www.interflora.se\/inspiration\/wp-content\/uploads\/2024\/01\/image-26-1024x728.png\" alt=\"\" class=\"wp-image-3192\" style=\"width:390px;height:auto\" srcset=\"https:\/\/www.interflora.se\/inspiration\/wp-content\/uploads\/2024\/01\/image-26-1024x728.png 1024w, https:\/\/www.interflora.se\/inspiration\/wp-content\/uploads\/2024\/01\/image-26-300x213.png 300w, https:\/\/www.interflora.se\/inspiration\/wp-content\/uploads\/2024\/01\/image-26-768x546.png 768w, https:\/\/www.interflora.se\/inspiration\/wp-content\/uploads\/2024\/01\/image-26.png 1200w\" sizes=\"auto, (max-width: 1024px) 100vw, 1024px\" \/><\/figure>\n\n\n\n<p>Livets b\u00f6rjan \u00e4r ett mirakel. Men det \u00e4r ocks\u00e5 f\u00f6renat med stora risker \u2013 varannan minut d\u00f6r en kvinna i v\u00e4rlden av graviditets- eller f\u00f6rlossningskomplikationer. L\u00e4kare Utan Gr\u00e4nser arbetar outtr\u00f6ttligt f\u00f6r att fler kvinnor och barn ska \u00f6verleva.<br>Tillsammans kan vi bidra till livr\u00e4ddande v\u00e5rd f\u00f6r nyblivna mammor p\u00e5 utsatta platser runt om i v\u00e4rlden. N\u00e4r du v\u00e4ljer en av v\u00e5ra buketter med donation s\u00e5 g\u00e5r ditt bidrag direkt till L\u00e4kare Utan Gr\u00e4nsers insatser f\u00f6r s\u00e4kra f\u00f6rlossningar och v\u00e5rd f\u00f6r nyf\u00f6dda i n\u00e5got av de l\u00e4nder d\u00e4r de arbetar. Ditt bidrag g\u00f6r skillnad.<\/p>\n\n\n\n<p><em>Copyright: L\u00e4kare utan gr\u00e4nser Foto: Barbara Debout<\/em><\/p>\n\n\n\n<figure class=\"wp-block-image alignright is-resized\"><img decoding=\"async\" src=\"https:\/\/www.interflora.se\/inspiration\/wp-content\/uploads\/2025\/03\/lug-mors-dag-lashkar-gah.jpg\" alt=\"\" style=\"width:464px;height:auto\"\/><\/figure>\n\n\n\n<p><strong>H\u00e4lsokontroller som r\u00e4ddar liv<\/strong><\/p>\n\n\n\n<p>99% av alla f\u00f6rlossningsrelaterade d\u00f6dsfall sker i l\u00e5ginkomstl\u00e4nder. En viktig insats f\u00f6r tryggare f\u00f6rlossningar d\u00e4r b\u00e5de fler barn och mammor m\u00e5r bra \u00e4r att ge fler tillg\u00e5ng till h\u00e4lsokontroller och v\u00e5rd under graviditeten. H\u00e4r f\u00e5r trettio\u00e5riga Baidu Jinnah Sheriff i Sierra Leone en unders\u00f6kning av barnmorskan Sia Kallon. Precis som all v\u00e5rd L\u00e4kare Utan Gr\u00e4nser ger \u00e4r unders\u00f6kningen kostnadsfri \u2013 vilket \u00e4r helt avg\u00f6rande f\u00f6r patienterna.<\/p>\n\n\n\n<p><em>Copyright: L\u00e4kare utan gr\u00e4nser Foto: Peter Br\u00e4unig<\/em><\/p>\n\n\n\n<p>L\u00e4s mer p\u00e5&nbsp;<a href=\"http:\/\/www.lakareutangranser.se\/\" target=\"_blank\" rel=\"noreferrer noopener\">www.lakareutangranser.se<\/a>.<\/p>\n","protected":false},"excerpt":{"rendered":"<p>V\u00e4lj en g\u00e5va som r\u00e4ddar liv Ge en mors dag-g\u00e5va som r\u00e4ddar liv. Vi samarbetar med L\u00e4kare Utan Gr\u00e4nser som [&hellip;]<\/p>\n","protected":false},"author":1,"featured_media":3555,"comment_status":"open","ping_status":"open","sticky":false,"template":"","format":"standard","meta":{"_uag_custom_page_level_css":"","site-sidebar-layout":"default","site-content-layout":"","ast-site-content-layout":"default","site-content-style":"default","site-sidebar-style":"default","ast-global-header-display":"","ast-banner-title-visibility":"","ast-main-header-display":"","ast-hfb-above-header-display":"","ast-hfb-below-header-display":"","ast-hfb-mobile-header-display":"","site-post-title":"","ast-breadcrumbs-content":"","ast-featured-img":"","footer-sml-layout":"","ast-disable-related-posts":"","theme-transparent-header-meta":"","adv-header-id-meta":"","stick-header-meta":"","header-above-stick-meta":"","header-main-stick-meta":"","header-below-stick-meta":"","astra-migrate-meta-layouts":"default","ast-page-background-enabled":"default","ast-page-background-meta":{"desktop":{"background-color":"var(--ast-global-color-5)","background-image":"","background-repeat":"repeat","background-position":"center center","background-size":"auto","background-attachment":"scroll","background-type":"","background-media":"","overlay-type":"","overlay-color":"","overlay-opacity":"","overlay-gradient":""},"tablet":{"background-color":"","background-image":"","background-repeat":"repeat","background-position":"center center","background-size":"auto","background-attachment":"scroll","background-type":"","background-media":"","overlay-type":"","overlay-color":"","overlay-opacity":"","overlay-gradient":""},"mobile":{"background-color":"","background-image":"","background-repeat":"repeat","background-position":"center center","background-size":"auto","background-attachment":"scroll","background-type":"","background-media":"","overlay-type":"","overlay-color":"","overlay-opacity":"","overlay-gradient":""}},"ast-content-background-meta":{"desktop":{"background-color":"var(--ast-global-color-4)","background-image":"","background-repeat":"repeat","background-position":"center center","background-size":"auto","background-attachment":"scroll","background-type":"","background-media":"","overlay-type":"","overlay-color":"","overlay-opacity":"","overlay-gradient":""},"tablet":{"background-color":"var(--ast-global-color-4)","background-image":"","background-repeat":"repeat","background-position":"center center","background-size":"auto","background-attachment":"scroll","background-type":"","background-media":"","overlay-type":"","overlay-color":"","overlay-opacity":"","overlay-gradient":""},"mobile":{"background-color":"var(--ast-global-color-4)","background-image":"","background-repeat":"repeat","background-position":"center center","background-size":"auto","background-attachment":"scroll","background-type":"","background-media":"","overlay-type":"","overlay-color":"","overlay-opacity":"","overlay-gradient":""}},"footnotes":""},"categories":[11],"tags":[],"class_list":["post-338","post","type-post","status-publish","format-standard","has-post-thumbnail","hentry","category-samarbeten"],"yoast_head":"<!-- This site is optimized with the Yoast SEO plugin v27.4 - https:\/\/yoast.com\/product\/yoast-seo-wordpress\/ -->\n<title>Mors dag-samarbete med L\u00e4kare Utan Gr\u00e4nser | Interflora<\/title>\n<meta name=\"robots\" content=\"index, follow, max-snippet:-1, max-image-preview:large, max-video-preview:-1\" \/>\n<link rel=\"canonical\" href=\"https:\/\/www.interflora.se\/inspiration\/morsdagsamarbete-med-lakare-utan-granser\/\" \/>\n<meta property=\"og:locale\" content=\"sv_SE\" \/>\n<meta property=\"og:type\" content=\"article\" \/>\n<meta property=\"og:title\" content=\"Mors dag-samarbete med L\u00e4kare Utan Gr\u00e4nser | Interflora\" \/>\n<meta property=\"og:description\" content=\"V\u00e4lj en g\u00e5va som r\u00e4ddar liv Ge en mors dag-g\u00e5va som r\u00e4ddar liv. Vi samarbetar med L\u00e4kare Utan Gr\u00e4nser som [&hellip;]\" \/>\n<meta property=\"og:url\" content=\"https:\/\/www.interflora.se\/inspiration\/morsdagsamarbete-med-lakare-utan-granser\/\" \/>\n<meta property=\"og:site_name\" content=\"Inspiration om blommor, krukv\u00e4xter &amp; trender | Interflora\" \/>\n<meta property=\"article:publisher\" content=\"https:\/\/www.facebook.com\/InterfloraAB\" \/>\n<meta property=\"article:published_time\" content=\"2024-05-11T09:03:00+00:00\" \/>\n<meta property=\"article:modified_time\" content=\"2025-03-28T12:11:51+00:00\" \/>\n<meta property=\"og:image\" content=\"https:\/\/www.interflora.se\/inspiration\/wp-content\/uploads\/2024\/01\/image-27.png\" \/>\n\t<meta property=\"og:image:width\" content=\"1194\" \/>\n\t<meta property=\"og:image:height\" content=\"846\" \/>\n\t<meta property=\"og:image:type\" content=\"image\/png\" \/>\n<meta name=\"author\" content=\"admin\" \/>\n<meta name=\"twitter:card\" content=\"summary_large_image\" \/>\n<meta name=\"twitter:label1\" content=\"Skriven av\" \/>\n\t<meta name=\"twitter:data1\" content=\"admin\" \/>\n\t<meta name=\"twitter:label2\" content=\"Ber\u00e4knad l\u00e4stid\" \/>\n\t<meta name=\"twitter:data2\" content=\"2 minuter\" \/>\n<script type=\"application\/ld+json\" class=\"yoast-schema-graph\">{\"@context\":\"https:\\\/\\\/schema.org\",\"@graph\":[{\"@type\":\"Article\",\"@id\":\"https:\\\/\\\/www.interflora.se\\\/inspiration\\\/morsdagsamarbete-med-lakare-utan-granser\\\/#article\",\"isPartOf\":{\"@id\":\"https:\\\/\\\/www.interflora.se\\\/inspiration\\\/morsdagsamarbete-med-lakare-utan-granser\\\/\"},\"author\":{\"name\":\"admin\",\"@id\":\"https:\\\/\\\/www.interflora.se\\\/inspiration\\\/#\\\/schema\\\/person\\\/dbbd1ad45e05409c356dc639597669f2\"},\"headline\":\"Mors dag-samarbete med L\u00e4kare Utan Gr\u00e4nser\",\"datePublished\":\"2024-05-11T09:03:00+00:00\",\"dateModified\":\"2025-03-28T12:11:51+00:00\",\"mainEntityOfPage\":{\"@id\":\"https:\\\/\\\/www.interflora.se\\\/inspiration\\\/morsdagsamarbete-med-lakare-utan-granser\\\/\"},\"wordCount\":342,\"commentCount\":0,\"publisher\":{\"@id\":\"https:\\\/\\\/www.interflora.se\\\/inspiration\\\/#organization\"},\"image\":{\"@id\":\"https:\\\/\\\/www.interflora.se\\\/inspiration\\\/morsdagsamarbete-med-lakare-utan-granser\\\/#primaryimage\"},\"thumbnailUrl\":\"https:\\\/\\\/www.interflora.se\\\/inspiration\\\/wp-content\\\/uploads\\\/2024\\\/01\\\/image-27.png\",\"articleSection\":[\"Samarbeten\"],\"inLanguage\":\"sv-SE\",\"potentialAction\":[{\"@type\":\"CommentAction\",\"name\":\"Comment\",\"target\":[\"https:\\\/\\\/www.interflora.se\\\/inspiration\\\/morsdagsamarbete-med-lakare-utan-granser\\\/#respond\"]}]},{\"@type\":\"WebPage\",\"@id\":\"https:\\\/\\\/www.interflora.se\\\/inspiration\\\/morsdagsamarbete-med-lakare-utan-granser\\\/\",\"url\":\"https:\\\/\\\/www.interflora.se\\\/inspiration\\\/morsdagsamarbete-med-lakare-utan-granser\\\/\",\"name\":\"Mors dag-samarbete med L\u00e4kare Utan Gr\u00e4nser | Interflora\",\"isPartOf\":{\"@id\":\"https:\\\/\\\/www.interflora.se\\\/inspiration\\\/#website\"},\"primaryImageOfPage\":{\"@id\":\"https:\\\/\\\/www.interflora.se\\\/inspiration\\\/morsdagsamarbete-med-lakare-utan-granser\\\/#primaryimage\"},\"image\":{\"@id\":\"https:\\\/\\\/www.interflora.se\\\/inspiration\\\/morsdagsamarbete-med-lakare-utan-granser\\\/#primaryimage\"},\"thumbnailUrl\":\"https:\\\/\\\/www.interflora.se\\\/inspiration\\\/wp-content\\\/uploads\\\/2024\\\/01\\\/image-27.png\",\"datePublished\":\"2024-05-11T09:03:00+00:00\",\"dateModified\":\"2025-03-28T12:11:51+00:00\",\"breadcrumb\":{\"@id\":\"https:\\\/\\\/www.interflora.se\\\/inspiration\\\/morsdagsamarbete-med-lakare-utan-granser\\\/#breadcrumb\"},\"inLanguage\":\"sv-SE\",\"potentialAction\":[{\"@type\":\"ReadAction\",\"target\":[\"https:\\\/\\\/www.interflora.se\\\/inspiration\\\/morsdagsamarbete-med-lakare-utan-granser\\\/\"]}]},{\"@type\":\"ImageObject\",\"inLanguage\":\"sv-SE\",\"@id\":\"https:\\\/\\\/www.interflora.se\\\/inspiration\\\/morsdagsamarbete-med-lakare-utan-granser\\\/#primaryimage\",\"url\":\"https:\\\/\\\/www.interflora.se\\\/inspiration\\\/wp-content\\\/uploads\\\/2024\\\/01\\\/image-27.png\",\"contentUrl\":\"https:\\\/\\\/www.interflora.se\\\/inspiration\\\/wp-content\\\/uploads\\\/2024\\\/01\\\/image-27.png\",\"width\":1194,\"height\":846},{\"@type\":\"BreadcrumbList\",\"@id\":\"https:\\\/\\\/www.interflora.se\\\/inspiration\\\/morsdagsamarbete-med-lakare-utan-granser\\\/#breadcrumb\",\"itemListElement\":[{\"@type\":\"ListItem\",\"position\":1,\"name\":\"Home\",\"item\":\"https:\\\/\\\/www.interflora.se\\\/inspiration\\\/\"},{\"@type\":\"ListItem\",\"position\":2,\"name\":\"Mors dag-samarbete med L\u00e4kare Utan Gr\u00e4nser\"}]},{\"@type\":\"WebSite\",\"@id\":\"https:\\\/\\\/www.interflora.se\\\/inspiration\\\/#website\",\"url\":\"https:\\\/\\\/www.interflora.se\\\/inspiration\\\/\",\"name\":\"Interflora\",\"description\":\"\",\"publisher\":{\"@id\":\"https:\\\/\\\/www.interflora.se\\\/inspiration\\\/#organization\"},\"potentialAction\":[{\"@type\":\"SearchAction\",\"target\":{\"@type\":\"EntryPoint\",\"urlTemplate\":\"https:\\\/\\\/www.interflora.se\\\/inspiration\\\/?s={search_term_string}\"},\"query-input\":{\"@type\":\"PropertyValueSpecification\",\"valueRequired\":true,\"valueName\":\"search_term_string\"}}],\"inLanguage\":\"sv-SE\"},{\"@type\":\"Organization\",\"@id\":\"https:\\\/\\\/www.interflora.se\\\/inspiration\\\/#organization\",\"name\":\"Interflora\",\"url\":\"https:\\\/\\\/www.interflora.se\\\/inspiration\\\/\",\"logo\":{\"@type\":\"ImageObject\",\"inLanguage\":\"sv-SE\",\"@id\":\"https:\\\/\\\/www.interflora.se\\\/inspiration\\\/#\\\/schema\\\/logo\\\/image\\\/\",\"url\":\"https:\\\/\\\/www.interflora.se\\\/inspiration\\\/wp-content\\\/uploads\\\/2025\\\/09\\\/cropped-220422_INTERFLORA_Logo_rgb_Half_Top_Circle_Main_Color.avif\",\"contentUrl\":\"https:\\\/\\\/www.interflora.se\\\/inspiration\\\/wp-content\\\/uploads\\\/2025\\\/09\\\/cropped-220422_INTERFLORA_Logo_rgb_Half_Top_Circle_Main_Color.avif\",\"width\":1418,\"height\":662,\"caption\":\"Interflora\"},\"image\":{\"@id\":\"https:\\\/\\\/www.interflora.se\\\/inspiration\\\/#\\\/schema\\\/logo\\\/image\\\/\"},\"sameAs\":[\"https:\\\/\\\/www.facebook.com\\\/InterfloraAB\",\"https:\\\/\\\/www.instagram.com\\\/interflora_ab\\\/\",\"https:\\\/\\\/www.linkedin.com\\\/company\\\/1494362\",\"https:\\\/\\\/www.youtube.com\\\/channel\\\/UCZgDzGWB2VRxaoWFUmXnk1w\"]},{\"@type\":\"Person\",\"@id\":\"https:\\\/\\\/www.interflora.se\\\/inspiration\\\/#\\\/schema\\\/person\\\/dbbd1ad45e05409c356dc639597669f2\",\"name\":\"admin\",\"image\":{\"@type\":\"ImageObject\",\"inLanguage\":\"sv-SE\",\"@id\":\"https:\\\/\\\/www.interflora.se\\\/inspiration\\\/wp-content\\\/litespeed\\\/avatar\\\/1fe3cced9e67df62d0a6f995d75823a5.jpg?ver=1777362393\",\"url\":\"https:\\\/\\\/www.interflora.se\\\/inspiration\\\/wp-content\\\/litespeed\\\/avatar\\\/1fe3cced9e67df62d0a6f995d75823a5.jpg?ver=1777362393\",\"contentUrl\":\"https:\\\/\\\/www.interflora.se\\\/inspiration\\\/wp-content\\\/litespeed\\\/avatar\\\/1fe3cced9e67df62d0a6f995d75823a5.jpg?ver=1777362393\",\"caption\":\"admin\"},\"sameAs\":[\"https:\\\/\\\/www.interflora.se\\\/inspiration\"],\"url\":\"https:\\\/\\\/www.interflora.se\\\/inspiration\\\/author\\\/admin\\\/\"}]}<\/script>\n<!-- \/ Yoast SEO plugin. -->","yoast_head_json":{"title":"Mors dag-samarbete med L\u00e4kare Utan Gr\u00e4nser | Interflora","robots":{"index":"index","follow":"follow","max-snippet":"max-snippet:-1","max-image-preview":"max-image-preview:large","max-video-preview":"max-video-preview:-1"},"canonical":"https:\/\/www.interflora.se\/inspiration\/morsdagsamarbete-med-lakare-utan-granser\/","og_locale":"sv_SE","og_type":"article","og_title":"Mors dag-samarbete med L\u00e4kare Utan Gr\u00e4nser | Interflora","og_description":"V\u00e4lj en g\u00e5va som r\u00e4ddar liv Ge en mors dag-g\u00e5va som r\u00e4ddar liv. Vi samarbetar med L\u00e4kare Utan Gr\u00e4nser som [&hellip;]","og_url":"https:\/\/www.interflora.se\/inspiration\/morsdagsamarbete-med-lakare-utan-granser\/","og_site_name":"Inspiration om blommor, krukv\u00e4xter &amp; trender | Interflora","article_publisher":"https:\/\/www.facebook.com\/InterfloraAB","article_published_time":"2024-05-11T09:03:00+00:00","article_modified_time":"2025-03-28T12:11:51+00:00","og_image":[{"width":1194,"height":846,"url":"https:\/\/www.interflora.se\/inspiration\/wp-content\/uploads\/2024\/01\/image-27.png","type":"image\/png"}],"author":"admin","twitter_card":"summary_large_image","twitter_misc":{"Skriven av":"admin","Ber\u00e4knad l\u00e4stid":"2 minuter"},"schema":{"@context":"https:\/\/schema.org","@graph":[{"@type":"Article","@id":"https:\/\/www.interflora.se\/inspiration\/morsdagsamarbete-med-lakare-utan-granser\/#article","isPartOf":{"@id":"https:\/\/www.interflora.se\/inspiration\/morsdagsamarbete-med-lakare-utan-granser\/"},"author":{"name":"admin","@id":"https:\/\/www.interflora.se\/inspiration\/#\/schema\/person\/dbbd1ad45e05409c356dc639597669f2"},"headline":"Mors dag-samarbete med L\u00e4kare Utan Gr\u00e4nser","datePublished":"2024-05-11T09:03:00+00:00","dateModified":"2025-03-28T12:11:51+00:00","mainEntityOfPage":{"@id":"https:\/\/www.interflora.se\/inspiration\/morsdagsamarbete-med-lakare-utan-granser\/"},"wordCount":342,"commentCount":0,"publisher":{"@id":"https:\/\/www.interflora.se\/inspiration\/#organization"},"image":{"@id":"https:\/\/www.interflora.se\/inspiration\/morsdagsamarbete-med-lakare-utan-granser\/#primaryimage"},"thumbnailUrl":"https:\/\/www.interflora.se\/inspiration\/wp-content\/uploads\/2024\/01\/image-27.png","articleSection":["Samarbeten"],"inLanguage":"sv-SE","potentialAction":[{"@type":"CommentAction","name":"Comment","target":["https:\/\/www.interflora.se\/inspiration\/morsdagsamarbete-med-lakare-utan-granser\/#respond"]}]},{"@type":"WebPage","@id":"https:\/\/www.interflora.se\/inspiration\/morsdagsamarbete-med-lakare-utan-granser\/","url":"https:\/\/www.interflora.se\/inspiration\/morsdagsamarbete-med-lakare-utan-granser\/","name":"Mors dag-samarbete med L\u00e4kare Utan Gr\u00e4nser | Interflora","isPartOf":{"@id":"https:\/\/www.interflora.se\/inspiration\/#website"},"primaryImageOfPage":{"@id":"https:\/\/www.interflora.se\/inspiration\/morsdagsamarbete-med-lakare-utan-granser\/#primaryimage"},"image":{"@id":"https:\/\/www.interflora.se\/inspiration\/morsdagsamarbete-med-lakare-utan-granser\/#primaryimage"},"thumbnailUrl":"https:\/\/www.interflora.se\/inspiration\/wp-content\/uploads\/2024\/01\/image-27.png","datePublished":"2024-05-11T09:03:00+00:00","dateModified":"2025-03-28T12:11:51+00:00","breadcrumb":{"@id":"https:\/\/www.interflora.se\/inspiration\/morsdagsamarbete-med-lakare-utan-granser\/#breadcrumb"},"inLanguage":"sv-SE","potentialAction":[{"@type":"ReadAction","target":["https:\/\/www.interflora.se\/inspiration\/morsdagsamarbete-med-lakare-utan-granser\/"]}]},{"@type":"ImageObject","inLanguage":"sv-SE","@id":"https:\/\/www.interflora.se\/inspiration\/morsdagsamarbete-med-lakare-utan-granser\/#primaryimage","url":"https:\/\/www.interflora.se\/inspiration\/wp-content\/uploads\/2024\/01\/image-27.png","contentUrl":"https:\/\/www.interflora.se\/inspiration\/wp-content\/uploads\/2024\/01\/image-27.png","width":1194,"height":846},{"@type":"BreadcrumbList","@id":"https:\/\/www.interflora.se\/inspiration\/morsdagsamarbete-med-lakare-utan-granser\/#breadcrumb","itemListElement":[{"@type":"ListItem","position":1,"name":"Home","item":"https:\/\/www.interflora.se\/inspiration\/"},{"@type":"ListItem","position":2,"name":"Mors dag-samarbete med L\u00e4kare Utan Gr\u00e4nser"}]},{"@type":"WebSite","@id":"https:\/\/www.interflora.se\/inspiration\/#website","url":"https:\/\/www.interflora.se\/inspiration\/","name":"Interflora","description":"","publisher":{"@id":"https:\/\/www.interflora.se\/inspiration\/#organization"},"potentialAction":[{"@type":"SearchAction","target":{"@type":"EntryPoint","urlTemplate":"https:\/\/www.interflora.se\/inspiration\/?s={search_term_string}"},"query-input":{"@type":"PropertyValueSpecification","valueRequired":true,"valueName":"search_term_string"}}],"inLanguage":"sv-SE"},{"@type":"Organization","@id":"https:\/\/www.interflora.se\/inspiration\/#organization","name":"Interflora","url":"https:\/\/www.interflora.se\/inspiration\/","logo":{"@type":"ImageObject","inLanguage":"sv-SE","@id":"https:\/\/www.interflora.se\/inspiration\/#\/schema\/logo\/image\/","url":"https:\/\/www.interflora.se\/inspiration\/wp-content\/uploads\/2025\/09\/cropped-220422_INTERFLORA_Logo_rgb_Half_Top_Circle_Main_Color.avif","contentUrl":"https:\/\/www.interflora.se\/inspiration\/wp-content\/uploads\/2025\/09\/cropped-220422_INTERFLORA_Logo_rgb_Half_Top_Circle_Main_Color.avif","width":1418,"height":662,"caption":"Interflora"},"image":{"@id":"https:\/\/www.interflora.se\/inspiration\/#\/schema\/logo\/image\/"},"sameAs":["https:\/\/www.facebook.com\/InterfloraAB","https:\/\/www.instagram.com\/interflora_ab\/","https:\/\/www.linkedin.com\/company\/1494362","https:\/\/www.youtube.com\/channel\/UCZgDzGWB2VRxaoWFUmXnk1w"]},{"@type":"Person","@id":"https:\/\/www.interflora.se\/inspiration\/#\/schema\/person\/dbbd1ad45e05409c356dc639597669f2","name":"admin","image":{"@type":"ImageObject","inLanguage":"sv-SE","@id":"https:\/\/www.interflora.se\/inspiration\/wp-content\/litespeed\/avatar\/1fe3cced9e67df62d0a6f995d75823a5.jpg?ver=1777362393","url":"https:\/\/www.interflora.se\/inspiration\/wp-content\/litespeed\/avatar\/1fe3cced9e67df62d0a6f995d75823a5.jpg?ver=1777362393","contentUrl":"https:\/\/www.interflora.se\/inspiration\/wp-content\/litespeed\/avatar\/1fe3cced9e67df62d0a6f995d75823a5.jpg?ver=1777362393","caption":"admin"},"sameAs":["https:\/\/www.interflora.se\/inspiration"],"url":"https:\/\/www.interflora.se\/inspiration\/author\/admin\/"}]}},"uagb_featured_image_src":{"full":["https:\/\/www.interflora.se\/inspiration\/wp-content\/uploads\/2024\/01\/image-27.png",1194,846,false],"thumbnail":["https:\/\/www.interflora.se\/inspiration\/wp-content\/uploads\/2024\/01\/image-27-150x150.png",150,150,true],"medium":["https:\/\/www.interflora.se\/inspiration\/wp-content\/uploads\/2024\/01\/image-27-300x213.png",300,213,true],"medium_large":["https:\/\/www.interflora.se\/inspiration\/wp-content\/uploads\/2024\/01\/image-27-768x544.png",768,544,true],"large":["https:\/\/www.interflora.se\/inspiration\/wp-content\/uploads\/2024\/01\/image-27-1024x726.png",1024,726,true],"1536x1536":["https:\/\/www.interflora.se\/inspiration\/wp-content\/uploads\/2024\/01\/image-27.png",1194,846,false],"2048x2048":["https:\/\/www.interflora.se\/inspiration\/wp-content\/uploads\/2024\/01\/image-27.png",1194,846,false]},"uagb_author_info":{"display_name":"admin","author_link":"https:\/\/www.interflora.se\/inspiration\/author\/admin\/"},"uagb_comment_info":0,"uagb_excerpt":"V\u00e4lj en g\u00e5va som r\u00e4ddar liv Ge en mors dag-g\u00e5va som r\u00e4ddar liv. Vi samarbetar med L\u00e4kare Utan Gr\u00e4nser som [&hellip;]","_links":{"self":[{"href":"https:\/\/www.interflora.se\/inspiration\/wp-json\/wp\/v2\/posts\/338","targetHints":{"allow":["GET"]}}],"collection":[{"href":"https:\/\/www.interflora.se\/inspiration\/wp-json\/wp\/v2\/posts"}],"about":[{"href":"https:\/\/www.interflora.se\/inspiration\/wp-json\/wp\/v2\/types\/post"}],"author":[{"embeddable":true,"href":"https:\/\/www.interflora.se\/inspiration\/wp-json\/wp\/v2\/users\/1"}],"replies":[{"embeddable":true,"href":"https:\/\/www.interflora.se\/inspiration\/wp-json\/wp\/v2\/comments?post=338"}],"version-history":[{"count":2,"href":"https:\/\/www.interflora.se\/inspiration\/wp-json\/wp\/v2\/posts\/338\/revisions"}],"predecessor-version":[{"id":3556,"href":"https:\/\/www.interflora.se\/inspiration\/wp-json\/wp\/v2\/posts\/338\/revisions\/3556"}],"wp:featuredmedia":[{"embeddable":true,"href":"https:\/\/www.interflora.se\/inspiration\/wp-json\/wp\/v2\/media\/3555"}],"wp:attachment":[{"href":"https:\/\/www.interflora.se\/inspiration\/wp-json\/wp\/v2\/media?parent=338"}],"wp:term":[{"taxonomy":"category","embeddable":true,"href":"https:\/\/www.interflora.se\/inspiration\/wp-json\/wp\/v2\/categories?post=338"},{"taxonomy":"post_tag","embeddable":true,"href":"https:\/\/www.interflora.se\/inspiration\/wp-json\/wp\/v2\/tags?post=338"}],"curies":[{"name":"wp","href":"https:\/\/api.w.org\/{rel}","templated":true}]}}