{"id":334,"date":"2024-05-24T11:29:51","date_gmt":"2024-05-24T09:29:51","guid":{"rendered":"http:\/\/preprodblog.interflora.se\/blog\/?p=334"},"modified":"2025-03-20T09:44:22","modified_gmt":"2025-03-20T08:44:22","slug":"monstera-monkey-mask","status":"publish","type":"post","link":"https:\/\/www.interflora.se\/inspiration\/monstera-monkey-mask\/","title":{"rendered":"Monstera Monkey Mask &#8211; Blomfakta &#038; sk\u00f6tselr\u00e5d"},"content":{"rendered":"\n<p>Ih\u00e5lig \u00e4r inte samma sak som tom \u2013 Monstera \u2019Monkey Mask\u2019 \u00e4r full av personlighet med sina blad fulla med h\u00e5l! En kul kl\u00e4ttrare och en dj\u00e4rv djungelj\u00e4tte i Central- och Sydamerika. K\u00e4rlek g\u00f6r den vild.<\/p>\n\n\n\n<p>Latinskt namn: Monstera adansonii \u2019Monkey Mask\u2019<br>V\u00e4xtfamilj: Kallav\u00e4xter<\/p>\n\n\n\n<p><a href=\"https:\/\/www.interflora.se\/home\/krukvaxter\/alla-krukvaxter\/monstera-monkey-mask\/\">Best\u00e4ll hem Monstera Monkey Mask<\/a><\/p>\n\n\n\n<figure class=\"wp-block-gallery has-nested-images columns-default is-cropped wp-block-gallery-1 is-layout-flex wp-block-gallery-is-layout-flex\">\n<figure class=\"wp-block-image size-large\"><img loading=\"lazy\" decoding=\"async\" width=\"800\" height=\"1000\" data-id=\"732\" src=\"https:\/\/www.interflora.se\/inspiration\/wp-content\/uploads\/2025\/03\/blomfakta_monstera_monkeymask2.jpg\" alt=\"\" class=\"wp-image-732\" srcset=\"https:\/\/www.interflora.se\/inspiration\/wp-content\/uploads\/2025\/03\/blomfakta_monstera_monkeymask2.jpg 800w, https:\/\/www.interflora.se\/inspiration\/wp-content\/uploads\/2025\/03\/blomfakta_monstera_monkeymask2-240x300.jpg 240w, https:\/\/www.interflora.se\/inspiration\/wp-content\/uploads\/2025\/03\/blomfakta_monstera_monkeymask2-768x960.jpg 768w\" sizes=\"auto, (max-width: 800px) 100vw, 800px\" \/><\/figure>\n\n\n\n<figure class=\"wp-block-image size-large\"><img loading=\"lazy\" decoding=\"async\" width=\"800\" height=\"1000\" data-id=\"731\" src=\"https:\/\/www.interflora.se\/inspiration\/wp-content\/uploads\/2025\/03\/blomfakta_monstera_monkeymask.jpg\" alt=\"\" class=\"wp-image-731\" srcset=\"https:\/\/www.interflora.se\/inspiration\/wp-content\/uploads\/2025\/03\/blomfakta_monstera_monkeymask.jpg 800w, https:\/\/www.interflora.se\/inspiration\/wp-content\/uploads\/2025\/03\/blomfakta_monstera_monkeymask-240x300.jpg 240w, https:\/\/www.interflora.se\/inspiration\/wp-content\/uploads\/2025\/03\/blomfakta_monstera_monkeymask-768x960.jpg 768w\" sizes=\"auto, (max-width: 800px) 100vw, 800px\" \/><\/figure>\n<\/figure>\n\n\n\n<div style=\"height:33px\" aria-hidden=\"true\" class=\"wp-block-spacer\"><\/div>\n\n\n\n<div class=\"wp-block-columns has-background is-layout-flex wp-container-core-columns-is-layout-28f84493 wp-block-columns-is-layout-flex\" style=\"background-color:#f7f2e9\">\n<div class=\"wp-block-column is-layout-flow wp-block-column-is-layout-flow\">\n<h2 class=\"wp-block-heading has-text-align-center\">Sk\u00f6tselr\u00e5d Monstera Monkey Mask<\/h2>\n\n\n\n<p class=\"has-text-align-center\">H\u00e4r f\u00e5r du n\u00e5gra tips som f\u00e5r din Monstera Monkey Mask att trivas och m\u00e5 bra.<\/p>\n\n\n\n<p><img loading=\"lazy\" decoding=\"async\" src=\"https:\/\/www.interflora.se\/inspiration\/wp-content\/uploads\/2025\/03\/solmoln_blomfakta.png\" alt=\"Sol+moln_blomfakta.png\" width=\"60\" height=\"60\">&nbsp;<strong>L\u00e4ge:<\/strong>&nbsp;Vill st\u00e5 ljust, men undvik direkt solljus. Kan \u00e4ven placeras l\u00e4ngre in i ett rum.&nbsp;<\/p>\n\n\n\n<p><img loading=\"lazy\" decoding=\"async\" src=\"https:\/\/www.interflora.se\/inspiration\/wp-content\/uploads\/2025\/03\/termometer_blomfakta.png\" alt=\"Termometer_blomfakta.png\" width=\"60\" height=\"60\">&nbsp;<strong>Temperatur:<\/strong>&nbsp;Trivs i rumstemperatur 15-30\u00b0C<\/p>\n\n\n\n<p><img loading=\"lazy\" decoding=\"async\" src=\"https:\/\/www.interflora.se\/inspiration\/wp-content\/uploads\/2025\/03\/vattenkanna_blomfakta.png\" alt=\"Vattenkanna_blomfakta.png\" width=\"60\" height=\"60\">&nbsp;<strong>Vattning:<\/strong>&nbsp;Vattna 1-2 g\u00e5nger i veckan. Vill ha fuktig jord.<br><img loading=\"lazy\" decoding=\"async\" src=\"https:\/\/www.interflora.se\/inspiration\/wp-content\/uploads\/2025\/03\/naring_blomfakta.png\" alt=\"N\u00e4ring_blomfakta.png\" width=\"60\" height=\"60\">&nbsp;<strong>N\u00e4ring:&nbsp;<\/strong>Ge n\u00e4ring regelbundet.<\/p>\n\n\n\n<p><img loading=\"lazy\" decoding=\"async\" src=\"https:\/\/www.interflora.se\/inspiration\/wp-content\/uploads\/2025\/03\/spray_blomfakta.png\" alt=\"Spray_blomfakta.png\" width=\"60\" height=\"60\">&nbsp;<strong>Omv\u00e5rd:&nbsp;<\/strong>Duscha bladen regelbundet.<\/p>\n\n\n\n<p><img loading=\"lazy\" decoding=\"async\" src=\"https:\/\/www.interflora.se\/inspiration\/wp-content\/uploads\/2025\/03\/plantera_blomfakta.png\" alt=\"Plantera_blomfakta.png\" width=\"60\" height=\"60\">&nbsp;<strong>Plantering:&nbsp;<\/strong>Planteras i vanlig blomjord. Plantera om, p\u00e5 v\u00e5ren, f\u00f6r att ge v\u00e4xten ny jord. Monsteran vill inte ha f\u00f6r stor kruka s\u00e5 det \u00e4r inte s\u00e4kert att du beh\u00f6ver byta kruka vid omplantering.&nbsp;<\/p>\n\n\n\n<p>Monsteran \u00e4r l\u00e4tt att f\u00f6r\u00f6ka. Genom att plantera sidoskott eller s\u00e4tta toppskott i vatten s\u00e5 att de f\u00e5r bildas r\u00f6tter kan du ut\u00f6ka din monterafamilj.&nbsp;<\/p>\n<\/div>\n<\/div>\n","protected":false},"excerpt":{"rendered":"<p>Ih\u00e5lig \u00e4r inte samma sak som tom \u2013 Monstera \u2019Monkey Mask\u2019 \u00e4r full av personlighet med sina blad fulla med [&hellip;]<\/p>\n","protected":false},"author":1,"featured_media":732,"comment_status":"open","ping_status":"open","sticky":false,"template":"","format":"standard","meta":{"_uag_custom_page_level_css":"","site-sidebar-layout":"default","site-content-layout":"","ast-site-content-layout":"default","site-content-style":"default","site-sidebar-style":"default","ast-global-header-display":"","ast-banner-title-visibility":"","ast-main-header-display":"","ast-hfb-above-header-display":"","ast-hfb-below-header-display":"","ast-hfb-mobile-header-display":"","site-post-title":"","ast-breadcrumbs-content":"","ast-featured-img":"","footer-sml-layout":"","ast-disable-related-posts":"","theme-transparent-header-meta":"","adv-header-id-meta":"","stick-header-meta":"","header-above-stick-meta":"","header-main-stick-meta":"","header-below-stick-meta":"","astra-migrate-meta-layouts":"default","ast-page-background-enabled":"default","ast-page-background-meta":{"desktop":{"background-color":"var(--ast-global-color-5)","background-image":"","background-repeat":"repeat","background-position":"center center","background-size":"auto","background-attachment":"scroll","background-type":"","background-media":"","overlay-type":"","overlay-color":"","overlay-opacity":"","overlay-gradient":""},"tablet":{"background-color":"","background-image":"","background-repeat":"repeat","background-position":"center center","background-size":"auto","background-attachment":"scroll","background-type":"","background-media":"","overlay-type":"","overlay-color":"","overlay-opacity":"","overlay-gradient":""},"mobile":{"background-color":"","background-image":"","background-repeat":"repeat","background-position":"center center","background-size":"auto","background-attachment":"scroll","background-type":"","background-media":"","overlay-type":"","overlay-color":"","overlay-opacity":"","overlay-gradient":""}},"ast-content-background-meta":{"desktop":{"background-color":"var(--ast-global-color-4)","background-image":"","background-repeat":"repeat","background-position":"center center","background-size":"auto","background-attachment":"scroll","background-type":"","background-media":"","overlay-type":"","overlay-color":"","overlay-opacity":"","overlay-gradient":""},"tablet":{"background-color":"var(--ast-global-color-4)","background-image":"","background-repeat":"repeat","background-position":"center center","background-size":"auto","background-attachment":"scroll","background-type":"","background-media":"","overlay-type":"","overlay-color":"","overlay-opacity":"","overlay-gradient":""},"mobile":{"background-color":"var(--ast-global-color-4)","background-image":"","background-repeat":"repeat","background-position":"center center","background-size":"auto","background-attachment":"scroll","background-type":"","background-media":"","overlay-type":"","overlay-color":"","overlay-opacity":"","overlay-gradient":""}},"footnotes":""},"categories":[7],"tags":[],"class_list":["post-334","post","type-post","status-publish","format-standard","has-post-thumbnail","hentry","category-blomfakta-skotselrad"],"yoast_head":"<!-- This site is optimized with the Yoast SEO plugin v27.4 - https:\/\/yoast.com\/product\/yoast-seo-wordpress\/ -->\n<title>Monstera Monkey Mask - Blomfakta &amp; sk\u00f6tselr\u00e5d | Interflora<\/title>\n<meta name=\"robots\" content=\"index, follow, max-snippet:-1, max-image-preview:large, max-video-preview:-1\" \/>\n<link rel=\"canonical\" href=\"https:\/\/www.interflora.se\/inspiration\/monstera-monkey-mask\/\" \/>\n<meta property=\"og:locale\" content=\"sv_SE\" \/>\n<meta property=\"og:type\" content=\"article\" \/>\n<meta property=\"og:title\" content=\"Monstera Monkey Mask - Blomfakta &amp; sk\u00f6tselr\u00e5d | Interflora\" \/>\n<meta property=\"og:description\" content=\"Ih\u00e5lig \u00e4r inte samma sak som tom \u2013 Monstera \u2019Monkey Mask\u2019 \u00e4r full av personlighet med sina blad fulla med [&hellip;]\" \/>\n<meta property=\"og:url\" content=\"https:\/\/www.interflora.se\/inspiration\/monstera-monkey-mask\/\" \/>\n<meta property=\"og:site_name\" content=\"Inspiration om blommor, krukv\u00e4xter &amp; trender | Interflora\" \/>\n<meta property=\"article:publisher\" content=\"https:\/\/www.facebook.com\/InterfloraAB\" \/>\n<meta property=\"article:published_time\" content=\"2024-05-24T09:29:51+00:00\" \/>\n<meta property=\"article:modified_time\" content=\"2025-03-20T08:44:22+00:00\" \/>\n<meta property=\"og:image\" content=\"https:\/\/www.interflora.se\/inspiration\/wp-content\/uploads\/2025\/03\/blomfakta_monstera_monkeymask2.jpg\" \/>\n\t<meta property=\"og:image:width\" content=\"800\" \/>\n\t<meta property=\"og:image:height\" content=\"1000\" \/>\n\t<meta property=\"og:image:type\" content=\"image\/jpeg\" \/>\n<meta name=\"author\" content=\"admin\" \/>\n<meta name=\"twitter:card\" content=\"summary_large_image\" \/>\n<meta name=\"twitter:label1\" content=\"Skriven av\" \/>\n\t<meta name=\"twitter:data1\" content=\"admin\" \/>\n\t<meta name=\"twitter:label2\" content=\"Ber\u00e4knad l\u00e4stid\" \/>\n\t<meta name=\"twitter:data2\" content=\"1 minut\" \/>\n<script type=\"application\/ld+json\" class=\"yoast-schema-graph\">{\"@context\":\"https:\\\/\\\/schema.org\",\"@graph\":[{\"@type\":\"Article\",\"@id\":\"https:\\\/\\\/www.interflora.se\\\/inspiration\\\/monstera-monkey-mask\\\/#article\",\"isPartOf\":{\"@id\":\"https:\\\/\\\/www.interflora.se\\\/inspiration\\\/monstera-monkey-mask\\\/\"},\"author\":{\"name\":\"admin\",\"@id\":\"https:\\\/\\\/www.interflora.se\\\/inspiration\\\/#\\\/schema\\\/person\\\/dbbd1ad45e05409c356dc639597669f2\"},\"headline\":\"Monstera Monkey Mask &#8211; Blomfakta &#038; sk\u00f6tselr\u00e5d\",\"datePublished\":\"2024-05-24T09:29:51+00:00\",\"dateModified\":\"2025-03-20T08:44:22+00:00\",\"mainEntityOfPage\":{\"@id\":\"https:\\\/\\\/www.interflora.se\\\/inspiration\\\/monstera-monkey-mask\\\/\"},\"wordCount\":225,\"commentCount\":0,\"publisher\":{\"@id\":\"https:\\\/\\\/www.interflora.se\\\/inspiration\\\/#organization\"},\"image\":{\"@id\":\"https:\\\/\\\/www.interflora.se\\\/inspiration\\\/monstera-monkey-mask\\\/#primaryimage\"},\"thumbnailUrl\":\"https:\\\/\\\/www.interflora.se\\\/inspiration\\\/wp-content\\\/uploads\\\/2025\\\/03\\\/blomfakta_monstera_monkeymask2.jpg\",\"articleSection\":[\"Blomfakta &amp; sk\u00f6tselr\u00e5d\"],\"inLanguage\":\"sv-SE\",\"potentialAction\":[{\"@type\":\"CommentAction\",\"name\":\"Comment\",\"target\":[\"https:\\\/\\\/www.interflora.se\\\/inspiration\\\/monstera-monkey-mask\\\/#respond\"]}]},{\"@type\":\"WebPage\",\"@id\":\"https:\\\/\\\/www.interflora.se\\\/inspiration\\\/monstera-monkey-mask\\\/\",\"url\":\"https:\\\/\\\/www.interflora.se\\\/inspiration\\\/monstera-monkey-mask\\\/\",\"name\":\"Monstera Monkey Mask - Blomfakta & sk\u00f6tselr\u00e5d | Interflora\",\"isPartOf\":{\"@id\":\"https:\\\/\\\/www.interflora.se\\\/inspiration\\\/#website\"},\"primaryImageOfPage\":{\"@id\":\"https:\\\/\\\/www.interflora.se\\\/inspiration\\\/monstera-monkey-mask\\\/#primaryimage\"},\"image\":{\"@id\":\"https:\\\/\\\/www.interflora.se\\\/inspiration\\\/monstera-monkey-mask\\\/#primaryimage\"},\"thumbnailUrl\":\"https:\\\/\\\/www.interflora.se\\\/inspiration\\\/wp-content\\\/uploads\\\/2025\\\/03\\\/blomfakta_monstera_monkeymask2.jpg\",\"datePublished\":\"2024-05-24T09:29:51+00:00\",\"dateModified\":\"2025-03-20T08:44:22+00:00\",\"breadcrumb\":{\"@id\":\"https:\\\/\\\/www.interflora.se\\\/inspiration\\\/monstera-monkey-mask\\\/#breadcrumb\"},\"inLanguage\":\"sv-SE\",\"potentialAction\":[{\"@type\":\"ReadAction\",\"target\":[\"https:\\\/\\\/www.interflora.se\\\/inspiration\\\/monstera-monkey-mask\\\/\"]}]},{\"@type\":\"ImageObject\",\"inLanguage\":\"sv-SE\",\"@id\":\"https:\\\/\\\/www.interflora.se\\\/inspiration\\\/monstera-monkey-mask\\\/#primaryimage\",\"url\":\"https:\\\/\\\/www.interflora.se\\\/inspiration\\\/wp-content\\\/uploads\\\/2025\\\/03\\\/blomfakta_monstera_monkeymask2.jpg\",\"contentUrl\":\"https:\\\/\\\/www.interflora.se\\\/inspiration\\\/wp-content\\\/uploads\\\/2025\\\/03\\\/blomfakta_monstera_monkeymask2.jpg\",\"width\":800,\"height\":1000},{\"@type\":\"BreadcrumbList\",\"@id\":\"https:\\\/\\\/www.interflora.se\\\/inspiration\\\/monstera-monkey-mask\\\/#breadcrumb\",\"itemListElement\":[{\"@type\":\"ListItem\",\"position\":1,\"name\":\"Home\",\"item\":\"https:\\\/\\\/www.interflora.se\\\/inspiration\\\/\"},{\"@type\":\"ListItem\",\"position\":2,\"name\":\"Monstera Monkey Mask &#8211; Blomfakta &#038; sk\u00f6tselr\u00e5d\"}]},{\"@type\":\"WebSite\",\"@id\":\"https:\\\/\\\/www.interflora.se\\\/inspiration\\\/#website\",\"url\":\"https:\\\/\\\/www.interflora.se\\\/inspiration\\\/\",\"name\":\"Interflora\",\"description\":\"\",\"publisher\":{\"@id\":\"https:\\\/\\\/www.interflora.se\\\/inspiration\\\/#organization\"},\"potentialAction\":[{\"@type\":\"SearchAction\",\"target\":{\"@type\":\"EntryPoint\",\"urlTemplate\":\"https:\\\/\\\/www.interflora.se\\\/inspiration\\\/?s={search_term_string}\"},\"query-input\":{\"@type\":\"PropertyValueSpecification\",\"valueRequired\":true,\"valueName\":\"search_term_string\"}}],\"inLanguage\":\"sv-SE\"},{\"@type\":\"Organization\",\"@id\":\"https:\\\/\\\/www.interflora.se\\\/inspiration\\\/#organization\",\"name\":\"Interflora\",\"url\":\"https:\\\/\\\/www.interflora.se\\\/inspiration\\\/\",\"logo\":{\"@type\":\"ImageObject\",\"inLanguage\":\"sv-SE\",\"@id\":\"https:\\\/\\\/www.interflora.se\\\/inspiration\\\/#\\\/schema\\\/logo\\\/image\\\/\",\"url\":\"https:\\\/\\\/www.interflora.se\\\/inspiration\\\/wp-content\\\/uploads\\\/2025\\\/09\\\/cropped-220422_INTERFLORA_Logo_rgb_Half_Top_Circle_Main_Color.avif\",\"contentUrl\":\"https:\\\/\\\/www.interflora.se\\\/inspiration\\\/wp-content\\\/uploads\\\/2025\\\/09\\\/cropped-220422_INTERFLORA_Logo_rgb_Half_Top_Circle_Main_Color.avif\",\"width\":1418,\"height\":662,\"caption\":\"Interflora\"},\"image\":{\"@id\":\"https:\\\/\\\/www.interflora.se\\\/inspiration\\\/#\\\/schema\\\/logo\\\/image\\\/\"},\"sameAs\":[\"https:\\\/\\\/www.facebook.com\\\/InterfloraAB\",\"https:\\\/\\\/www.instagram.com\\\/interflora_ab\\\/\",\"https:\\\/\\\/www.linkedin.com\\\/company\\\/1494362\",\"https:\\\/\\\/www.youtube.com\\\/channel\\\/UCZgDzGWB2VRxaoWFUmXnk1w\"]},{\"@type\":\"Person\",\"@id\":\"https:\\\/\\\/www.interflora.se\\\/inspiration\\\/#\\\/schema\\\/person\\\/dbbd1ad45e05409c356dc639597669f2\",\"name\":\"admin\",\"image\":{\"@type\":\"ImageObject\",\"inLanguage\":\"sv-SE\",\"@id\":\"https:\\\/\\\/www.interflora.se\\\/inspiration\\\/wp-content\\\/litespeed\\\/avatar\\\/1fe3cced9e67df62d0a6f995d75823a5.jpg?ver=1777362393\",\"url\":\"https:\\\/\\\/www.interflora.se\\\/inspiration\\\/wp-content\\\/litespeed\\\/avatar\\\/1fe3cced9e67df62d0a6f995d75823a5.jpg?ver=1777362393\",\"contentUrl\":\"https:\\\/\\\/www.interflora.se\\\/inspiration\\\/wp-content\\\/litespeed\\\/avatar\\\/1fe3cced9e67df62d0a6f995d75823a5.jpg?ver=1777362393\",\"caption\":\"admin\"},\"sameAs\":[\"https:\\\/\\\/www.interflora.se\\\/inspiration\"],\"url\":\"https:\\\/\\\/www.interflora.se\\\/inspiration\\\/author\\\/admin\\\/\"}]}<\/script>\n<!-- \/ Yoast SEO plugin. -->","yoast_head_json":{"title":"Monstera Monkey Mask - Blomfakta & sk\u00f6tselr\u00e5d | Interflora","robots":{"index":"index","follow":"follow","max-snippet":"max-snippet:-1","max-image-preview":"max-image-preview:large","max-video-preview":"max-video-preview:-1"},"canonical":"https:\/\/www.interflora.se\/inspiration\/monstera-monkey-mask\/","og_locale":"sv_SE","og_type":"article","og_title":"Monstera Monkey Mask - Blomfakta & sk\u00f6tselr\u00e5d | Interflora","og_description":"Ih\u00e5lig \u00e4r inte samma sak som tom \u2013 Monstera \u2019Monkey Mask\u2019 \u00e4r full av personlighet med sina blad fulla med [&hellip;]","og_url":"https:\/\/www.interflora.se\/inspiration\/monstera-monkey-mask\/","og_site_name":"Inspiration om blommor, krukv\u00e4xter &amp; trender | Interflora","article_publisher":"https:\/\/www.facebook.com\/InterfloraAB","article_published_time":"2024-05-24T09:29:51+00:00","article_modified_time":"2025-03-20T08:44:22+00:00","og_image":[{"width":800,"height":1000,"url":"https:\/\/www.interflora.se\/inspiration\/wp-content\/uploads\/2025\/03\/blomfakta_monstera_monkeymask2.jpg","type":"image\/jpeg"}],"author":"admin","twitter_card":"summary_large_image","twitter_misc":{"Skriven av":"admin","Ber\u00e4knad l\u00e4stid":"1 minut"},"schema":{"@context":"https:\/\/schema.org","@graph":[{"@type":"Article","@id":"https:\/\/www.interflora.se\/inspiration\/monstera-monkey-mask\/#article","isPartOf":{"@id":"https:\/\/www.interflora.se\/inspiration\/monstera-monkey-mask\/"},"author":{"name":"admin","@id":"https:\/\/www.interflora.se\/inspiration\/#\/schema\/person\/dbbd1ad45e05409c356dc639597669f2"},"headline":"Monstera Monkey Mask &#8211; Blomfakta &#038; sk\u00f6tselr\u00e5d","datePublished":"2024-05-24T09:29:51+00:00","dateModified":"2025-03-20T08:44:22+00:00","mainEntityOfPage":{"@id":"https:\/\/www.interflora.se\/inspiration\/monstera-monkey-mask\/"},"wordCount":225,"commentCount":0,"publisher":{"@id":"https:\/\/www.interflora.se\/inspiration\/#organization"},"image":{"@id":"https:\/\/www.interflora.se\/inspiration\/monstera-monkey-mask\/#primaryimage"},"thumbnailUrl":"https:\/\/www.interflora.se\/inspiration\/wp-content\/uploads\/2025\/03\/blomfakta_monstera_monkeymask2.jpg","articleSection":["Blomfakta &amp; sk\u00f6tselr\u00e5d"],"inLanguage":"sv-SE","potentialAction":[{"@type":"CommentAction","name":"Comment","target":["https:\/\/www.interflora.se\/inspiration\/monstera-monkey-mask\/#respond"]}]},{"@type":"WebPage","@id":"https:\/\/www.interflora.se\/inspiration\/monstera-monkey-mask\/","url":"https:\/\/www.interflora.se\/inspiration\/monstera-monkey-mask\/","name":"Monstera Monkey Mask - Blomfakta & sk\u00f6tselr\u00e5d | Interflora","isPartOf":{"@id":"https:\/\/www.interflora.se\/inspiration\/#website"},"primaryImageOfPage":{"@id":"https:\/\/www.interflora.se\/inspiration\/monstera-monkey-mask\/#primaryimage"},"image":{"@id":"https:\/\/www.interflora.se\/inspiration\/monstera-monkey-mask\/#primaryimage"},"thumbnailUrl":"https:\/\/www.interflora.se\/inspiration\/wp-content\/uploads\/2025\/03\/blomfakta_monstera_monkeymask2.jpg","datePublished":"2024-05-24T09:29:51+00:00","dateModified":"2025-03-20T08:44:22+00:00","breadcrumb":{"@id":"https:\/\/www.interflora.se\/inspiration\/monstera-monkey-mask\/#breadcrumb"},"inLanguage":"sv-SE","potentialAction":[{"@type":"ReadAction","target":["https:\/\/www.interflora.se\/inspiration\/monstera-monkey-mask\/"]}]},{"@type":"ImageObject","inLanguage":"sv-SE","@id":"https:\/\/www.interflora.se\/inspiration\/monstera-monkey-mask\/#primaryimage","url":"https:\/\/www.interflora.se\/inspiration\/wp-content\/uploads\/2025\/03\/blomfakta_monstera_monkeymask2.jpg","contentUrl":"https:\/\/www.interflora.se\/inspiration\/wp-content\/uploads\/2025\/03\/blomfakta_monstera_monkeymask2.jpg","width":800,"height":1000},{"@type":"BreadcrumbList","@id":"https:\/\/www.interflora.se\/inspiration\/monstera-monkey-mask\/#breadcrumb","itemListElement":[{"@type":"ListItem","position":1,"name":"Home","item":"https:\/\/www.interflora.se\/inspiration\/"},{"@type":"ListItem","position":2,"name":"Monstera Monkey Mask &#8211; Blomfakta &#038; sk\u00f6tselr\u00e5d"}]},{"@type":"WebSite","@id":"https:\/\/www.interflora.se\/inspiration\/#website","url":"https:\/\/www.interflora.se\/inspiration\/","name":"Interflora","description":"","publisher":{"@id":"https:\/\/www.interflora.se\/inspiration\/#organization"},"potentialAction":[{"@type":"SearchAction","target":{"@type":"EntryPoint","urlTemplate":"https:\/\/www.interflora.se\/inspiration\/?s={search_term_string}"},"query-input":{"@type":"PropertyValueSpecification","valueRequired":true,"valueName":"search_term_string"}}],"inLanguage":"sv-SE"},{"@type":"Organization","@id":"https:\/\/www.interflora.se\/inspiration\/#organization","name":"Interflora","url":"https:\/\/www.interflora.se\/inspiration\/","logo":{"@type":"ImageObject","inLanguage":"sv-SE","@id":"https:\/\/www.interflora.se\/inspiration\/#\/schema\/logo\/image\/","url":"https:\/\/www.interflora.se\/inspiration\/wp-content\/uploads\/2025\/09\/cropped-220422_INTERFLORA_Logo_rgb_Half_Top_Circle_Main_Color.avif","contentUrl":"https:\/\/www.interflora.se\/inspiration\/wp-content\/uploads\/2025\/09\/cropped-220422_INTERFLORA_Logo_rgb_Half_Top_Circle_Main_Color.avif","width":1418,"height":662,"caption":"Interflora"},"image":{"@id":"https:\/\/www.interflora.se\/inspiration\/#\/schema\/logo\/image\/"},"sameAs":["https:\/\/www.facebook.com\/InterfloraAB","https:\/\/www.instagram.com\/interflora_ab\/","https:\/\/www.linkedin.com\/company\/1494362","https:\/\/www.youtube.com\/channel\/UCZgDzGWB2VRxaoWFUmXnk1w"]},{"@type":"Person","@id":"https:\/\/www.interflora.se\/inspiration\/#\/schema\/person\/dbbd1ad45e05409c356dc639597669f2","name":"admin","image":{"@type":"ImageObject","inLanguage":"sv-SE","@id":"https:\/\/www.interflora.se\/inspiration\/wp-content\/litespeed\/avatar\/1fe3cced9e67df62d0a6f995d75823a5.jpg?ver=1777362393","url":"https:\/\/www.interflora.se\/inspiration\/wp-content\/litespeed\/avatar\/1fe3cced9e67df62d0a6f995d75823a5.jpg?ver=1777362393","contentUrl":"https:\/\/www.interflora.se\/inspiration\/wp-content\/litespeed\/avatar\/1fe3cced9e67df62d0a6f995d75823a5.jpg?ver=1777362393","caption":"admin"},"sameAs":["https:\/\/www.interflora.se\/inspiration"],"url":"https:\/\/www.interflora.se\/inspiration\/author\/admin\/"}]}},"uagb_featured_image_src":{"full":["https:\/\/www.interflora.se\/inspiration\/wp-content\/uploads\/2025\/03\/blomfakta_monstera_monkeymask2.jpg",800,1000,false],"thumbnail":["https:\/\/www.interflora.se\/inspiration\/wp-content\/uploads\/2025\/03\/blomfakta_monstera_monkeymask2-150x150.jpg",150,150,true],"medium":["https:\/\/www.interflora.se\/inspiration\/wp-content\/uploads\/2025\/03\/blomfakta_monstera_monkeymask2-240x300.jpg",240,300,true],"medium_large":["https:\/\/www.interflora.se\/inspiration\/wp-content\/uploads\/2025\/03\/blomfakta_monstera_monkeymask2-768x960.jpg",768,960,true],"large":["https:\/\/www.interflora.se\/inspiration\/wp-content\/uploads\/2025\/03\/blomfakta_monstera_monkeymask2.jpg",800,1000,false],"1536x1536":["https:\/\/www.interflora.se\/inspiration\/wp-content\/uploads\/2025\/03\/blomfakta_monstera_monkeymask2.jpg",800,1000,false],"2048x2048":["https:\/\/www.interflora.se\/inspiration\/wp-content\/uploads\/2025\/03\/blomfakta_monstera_monkeymask2.jpg",800,1000,false]},"uagb_author_info":{"display_name":"admin","author_link":"https:\/\/www.interflora.se\/inspiration\/author\/admin\/"},"uagb_comment_info":0,"uagb_excerpt":"Ih\u00e5lig \u00e4r inte samma sak som tom \u2013 Monstera \u2019Monkey Mask\u2019 \u00e4r full av personlighet med sina blad fulla med [&hellip;]","_links":{"self":[{"href":"https:\/\/www.interflora.se\/inspiration\/wp-json\/wp\/v2\/posts\/334","targetHints":{"allow":["GET"]}}],"collection":[{"href":"https:\/\/www.interflora.se\/inspiration\/wp-json\/wp\/v2\/posts"}],"about":[{"href":"https:\/\/www.interflora.se\/inspiration\/wp-json\/wp\/v2\/types\/post"}],"author":[{"embeddable":true,"href":"https:\/\/www.interflora.se\/inspiration\/wp-json\/wp\/v2\/users\/1"}],"replies":[{"embeddable":true,"href":"https:\/\/www.interflora.se\/inspiration\/wp-json\/wp\/v2\/comments?post=334"}],"version-history":[{"count":2,"href":"https:\/\/www.interflora.se\/inspiration\/wp-json\/wp\/v2\/posts\/334\/revisions"}],"predecessor-version":[{"id":734,"href":"https:\/\/www.interflora.se\/inspiration\/wp-json\/wp\/v2\/posts\/334\/revisions\/734"}],"wp:featuredmedia":[{"embeddable":true,"href":"https:\/\/www.interflora.se\/inspiration\/wp-json\/wp\/v2\/media\/732"}],"wp:attachment":[{"href":"https:\/\/www.interflora.se\/inspiration\/wp-json\/wp\/v2\/media?parent=334"}],"wp:term":[{"taxonomy":"category","embeddable":true,"href":"https:\/\/www.interflora.se\/inspiration\/wp-json\/wp\/v2\/categories?post=334"},{"taxonomy":"post_tag","embeddable":true,"href":"https:\/\/www.interflora.se\/inspiration\/wp-json\/wp\/v2\/tags?post=334"}],"curies":[{"name":"wp","href":"https:\/\/api.w.org\/{rel}","templated":true}]}}