{"id":332,"date":"2024-08-19T05:45:52","date_gmt":"2024-08-19T03:45:52","guid":{"rendered":"http:\/\/preprodblog.interflora.se\/blog\/?p=332"},"modified":"2025-03-26T10:30:21","modified_gmt":"2025-03-26T09:30:21","slug":"midsommardukning-i-det-grona","status":"publish","type":"post","link":"https:\/\/www.interflora.se\/inspiration\/midsommardukning-i-det-grona\/","title":{"rendered":"Midsommardukning i det gr\u00f6na"},"content":{"rendered":"\n<p>Vill du l\u00e4gga lite extra tid p\u00e5 midsommardukningen i \u00e5r? Varf\u00f6r inte flytta ut midsommarbordet p\u00e5 en vacker \u00e4ng omringad av gr\u00f6nska och blommor.\u00a0Utomhus finns massor av m\u00f6jligheter att skapa en mysig tillst\u00e4llning och bjuda g\u00e4sterna p\u00e5 det lilla extra.<\/p>\n\n\n\n<figure class=\"wp-block-image aligncenter size-large\"><img loading=\"lazy\" decoding=\"async\" width=\"1024\" height=\"693\" src=\"https:\/\/www.interflora.se\/inspiration\/wp-content\/uploads\/2024\/08\/image-10-1024x693.png\" alt=\"\" class=\"wp-image-1653\" srcset=\"https:\/\/www.interflora.se\/inspiration\/wp-content\/uploads\/2024\/08\/image-10-1024x693.png 1024w, https:\/\/www.interflora.se\/inspiration\/wp-content\/uploads\/2024\/08\/image-10-300x203.png 300w, https:\/\/www.interflora.se\/inspiration\/wp-content\/uploads\/2024\/08\/image-10-768x520.png 768w, https:\/\/www.interflora.se\/inspiration\/wp-content\/uploads\/2024\/08\/image-10-1536x1039.png 1536w, https:\/\/www.interflora.se\/inspiration\/wp-content\/uploads\/2024\/08\/image-10.png 1774w\" sizes=\"auto, (max-width: 1024px) 100vw, 1024px\" \/><\/figure>\n\n\n\n<p>Blommor som riddarsporre, pion och dahlia \u00e4r riktiga sommarklassiker. V\u00e4lj f\u00e4rger som korall, aprikos och bl\u00e5tt och l\u00e5t blommorna ta plats och skapa en fin kontrast mot det gr\u00f6na runt om.<\/p>\n\n\n\n<figure class=\"wp-block-image aligncenter size-large\"><img loading=\"lazy\" decoding=\"async\" width=\"683\" height=\"1024\" src=\"https:\/\/www.interflora.se\/inspiration\/wp-content\/uploads\/2024\/08\/image-11-683x1024.png\" alt=\"\" class=\"wp-image-1654\" srcset=\"https:\/\/www.interflora.se\/inspiration\/wp-content\/uploads\/2024\/08\/image-11-683x1024.png 683w, https:\/\/www.interflora.se\/inspiration\/wp-content\/uploads\/2024\/08\/image-11-200x300.png 200w, https:\/\/www.interflora.se\/inspiration\/wp-content\/uploads\/2024\/08\/image-11-768x1152.png 768w, https:\/\/www.interflora.se\/inspiration\/wp-content\/uploads\/2024\/08\/image-11-1024x1536.png 1024w, https:\/\/www.interflora.se\/inspiration\/wp-content\/uploads\/2024\/08\/image-11-1365x2048.png 1365w\" sizes=\"auto, (max-width: 683px) 100vw, 683px\" \/><\/figure>\n\n\n\n<p>Hylla naturen och duka med en naturf\u00e4rgad linneduk och matcha med vackert porslin och servetter i jordn\u00e4ra toner.<\/p>\n\n\n\n<figure class=\"wp-block-image aligncenter size-large\"><img loading=\"lazy\" decoding=\"async\" width=\"1024\" height=\"689\" src=\"https:\/\/www.interflora.se\/inspiration\/wp-content\/uploads\/2024\/08\/image-12-1024x689.png\" alt=\"\" class=\"wp-image-1655\" srcset=\"https:\/\/www.interflora.se\/inspiration\/wp-content\/uploads\/2024\/08\/image-12-1024x689.png 1024w, https:\/\/www.interflora.se\/inspiration\/wp-content\/uploads\/2024\/08\/image-12-300x202.png 300w, https:\/\/www.interflora.se\/inspiration\/wp-content\/uploads\/2024\/08\/image-12-768x517.png 768w, https:\/\/www.interflora.se\/inspiration\/wp-content\/uploads\/2024\/08\/image-12-1536x1034.png 1536w, https:\/\/www.interflora.se\/inspiration\/wp-content\/uploads\/2024\/08\/image-12.png 1783w\" sizes=\"auto, (max-width: 1024px) 100vw, 1024px\" \/><\/figure>\n\n\n\n<p>Skapa en effektfull dukning genom att sprida ut blommor i mindre vaser och placera ut l\u00e4ngst bordet. D\u00e5 f\u00e5r alla ta del av blomstret! Vi har valt att kombinera\u00a0<a href=\"https:\/\/www.interflora.se\/home\/for-hemmet\/vaser-och-krukor\/glasvas-sign-no-1-home\/\">glasvasen sign no 1<\/a>\u00a0och en\u00a0<a href=\"https:\/\/www.interflora.se\/home\/for-hemmet\/vaser-och-krukor\/vas-amaryllis-08215ad8\/\">cylinderformad glasvas<\/a>\u00a0f\u00f6r den h\u00e4r dukningen.<\/p>\n\n\n\n<figure class=\"wp-block-image aligncenter size-large\"><img loading=\"lazy\" decoding=\"async\" width=\"1024\" height=\"683\" src=\"https:\/\/www.interflora.se\/inspiration\/wp-content\/uploads\/2024\/08\/image-13-1024x683.png\" alt=\"\" class=\"wp-image-1656\" srcset=\"https:\/\/www.interflora.se\/inspiration\/wp-content\/uploads\/2024\/08\/image-13-1024x683.png 1024w, https:\/\/www.interflora.se\/inspiration\/wp-content\/uploads\/2024\/08\/image-13-300x200.png 300w, https:\/\/www.interflora.se\/inspiration\/wp-content\/uploads\/2024\/08\/image-13-768x512.png 768w, https:\/\/www.interflora.se\/inspiration\/wp-content\/uploads\/2024\/08\/image-13.png 1500w\" sizes=\"auto, (max-width: 1024px) 100vw, 1024px\" \/><\/figure>\n\n\n\n<figure class=\"wp-block-image aligncenter size-large\"><img loading=\"lazy\" decoding=\"async\" width=\"1024\" height=\"692\" src=\"https:\/\/www.interflora.se\/inspiration\/wp-content\/uploads\/2024\/08\/image-14-1024x692.png\" alt=\"\" class=\"wp-image-1658\" srcset=\"https:\/\/www.interflora.se\/inspiration\/wp-content\/uploads\/2024\/08\/image-14-1024x692.png 1024w, https:\/\/www.interflora.se\/inspiration\/wp-content\/uploads\/2024\/08\/image-14-300x203.png 300w, https:\/\/www.interflora.se\/inspiration\/wp-content\/uploads\/2024\/08\/image-14-768x519.png 768w, https:\/\/www.interflora.se\/inspiration\/wp-content\/uploads\/2024\/08\/image-14-1536x1037.png 1536w, https:\/\/www.interflora.se\/inspiration\/wp-content\/uploads\/2024\/08\/image-14.png 1777w\" sizes=\"auto, (max-width: 1024px) 100vw, 1024px\" \/><\/figure>\n\n\n\n<p>L\u00e5t midsommarkransen vara en del av dukningen och dekorera varje plats med en unik blomsterkrans.\u00a0<a href=\"https:\/\/www.interflora.se\/home\/snittblommor\/huvudkransar\/\">Se alla v\u00e5ra blomsterkransar h\u00e4r!<\/a>\u00a0<\/p>\n\n\n\n<figure class=\"wp-block-image aligncenter size-large\"><img loading=\"lazy\" decoding=\"async\" width=\"1024\" height=\"683\" src=\"https:\/\/www.interflora.se\/inspiration\/wp-content\/uploads\/2024\/08\/image-15-1024x683.png\" alt=\"\" class=\"wp-image-1659\" srcset=\"https:\/\/www.interflora.se\/inspiration\/wp-content\/uploads\/2024\/08\/image-15-1024x683.png 1024w, https:\/\/www.interflora.se\/inspiration\/wp-content\/uploads\/2024\/08\/image-15-300x200.png 300w, https:\/\/www.interflora.se\/inspiration\/wp-content\/uploads\/2024\/08\/image-15-768x512.png 768w, https:\/\/www.interflora.se\/inspiration\/wp-content\/uploads\/2024\/08\/image-15-1536x1024.png 1536w, https:\/\/www.interflora.se\/inspiration\/wp-content\/uploads\/2024\/08\/image-15-2048x1365.png 2048w\" sizes=\"auto, (max-width: 1024px) 100vw, 1024px\" \/><\/figure>\n\n\n\n<p>En vacker detalj \u00e4r att sticka in en mindre blomma eller kvist i varje g\u00e4sts servett som de kan s\u00e4tta i h\u00e5ret eller i kavajfickan f\u00f6r att k\u00e4nna sig midsommarfina. Ett enkelt s\u00e4tt att tillf\u00f6ra gr\u00f6nska!\u00a0<\/p>\n\n\n\n<figure class=\"wp-block-image aligncenter size-large\"><img loading=\"lazy\" decoding=\"async\" width=\"1024\" height=\"689\" src=\"https:\/\/www.interflora.se\/inspiration\/wp-content\/uploads\/2024\/08\/image-16-1024x689.png\" alt=\"\" class=\"wp-image-1660\" srcset=\"https:\/\/www.interflora.se\/inspiration\/wp-content\/uploads\/2024\/08\/image-16-1024x689.png 1024w, https:\/\/www.interflora.se\/inspiration\/wp-content\/uploads\/2024\/08\/image-16-300x202.png 300w, https:\/\/www.interflora.se\/inspiration\/wp-content\/uploads\/2024\/08\/image-16-768x517.png 768w, https:\/\/www.interflora.se\/inspiration\/wp-content\/uploads\/2024\/08\/image-16-1536x1034.png 1536w, https:\/\/www.interflora.se\/inspiration\/wp-content\/uploads\/2024\/08\/image-16.png 1777w\" sizes=\"auto, (max-width: 1024px) 100vw, 1024px\" \/><\/figure>\n","protected":false},"excerpt":{"rendered":"<p>Vill du l\u00e4gga lite extra tid p\u00e5 midsommardukningen i \u00e5r? Varf\u00f6r inte flytta ut midsommarbordet p\u00e5 en vacker \u00e4ng omringad [&hellip;]<\/p>\n","protected":false},"author":1,"featured_media":1654,"comment_status":"open","ping_status":"open","sticky":false,"template":"","format":"standard","meta":{"_uag_custom_page_level_css":"","site-sidebar-layout":"default","site-content-layout":"","ast-site-content-layout":"default","site-content-style":"default","site-sidebar-style":"default","ast-global-header-display":"","ast-banner-title-visibility":"","ast-main-header-display":"","ast-hfb-above-header-display":"","ast-hfb-below-header-display":"","ast-hfb-mobile-header-display":"","site-post-title":"","ast-breadcrumbs-content":"","ast-featured-img":"","footer-sml-layout":"","ast-disable-related-posts":"","theme-transparent-header-meta":"","adv-header-id-meta":"","stick-header-meta":"","header-above-stick-meta":"","header-main-stick-meta":"","header-below-stick-meta":"","astra-migrate-meta-layouts":"default","ast-page-background-enabled":"default","ast-page-background-meta":{"desktop":{"background-color":"var(--ast-global-color-5)","background-image":"","background-repeat":"repeat","background-position":"center center","background-size":"auto","background-attachment":"scroll","background-type":"","background-media":"","overlay-type":"","overlay-color":"","overlay-opacity":"","overlay-gradient":""},"tablet":{"background-color":"","background-image":"","background-repeat":"repeat","background-position":"center center","background-size":"auto","background-attachment":"scroll","background-type":"","background-media":"","overlay-type":"","overlay-color":"","overlay-opacity":"","overlay-gradient":""},"mobile":{"background-color":"","background-image":"","background-repeat":"repeat","background-position":"center center","background-size":"auto","background-attachment":"scroll","background-type":"","background-media":"","overlay-type":"","overlay-color":"","overlay-opacity":"","overlay-gradient":""}},"ast-content-background-meta":{"desktop":{"background-color":"var(--ast-global-color-4)","background-image":"","background-repeat":"repeat","background-position":"center center","background-size":"auto","background-attachment":"scroll","background-type":"","background-media":"","overlay-type":"","overlay-color":"","overlay-opacity":"","overlay-gradient":""},"tablet":{"background-color":"var(--ast-global-color-4)","background-image":"","background-repeat":"repeat","background-position":"center center","background-size":"auto","background-attachment":"scroll","background-type":"","background-media":"","overlay-type":"","overlay-color":"","overlay-opacity":"","overlay-gradient":""},"mobile":{"background-color":"var(--ast-global-color-4)","background-image":"","background-repeat":"repeat","background-position":"center center","background-size":"auto","background-attachment":"scroll","background-type":"","background-media":"","overlay-type":"","overlay-color":"","overlay-opacity":"","overlay-gradient":""}},"footnotes":""},"categories":[4],"tags":[],"class_list":["post-332","post","type-post","status-publish","format-standard","has-post-thumbnail","hentry","category-tips"],"yoast_head":"<!-- This site is optimized with the Yoast SEO plugin v27.4 - https:\/\/yoast.com\/product\/yoast-seo-wordpress\/ -->\n<title>Midsommardukning i det gr\u00f6na | Interflora<\/title>\n<meta name=\"robots\" content=\"index, follow, max-snippet:-1, max-image-preview:large, max-video-preview:-1\" \/>\n<link rel=\"canonical\" href=\"https:\/\/www.interflora.se\/inspiration\/midsommardukning-i-det-grona\/\" \/>\n<meta property=\"og:locale\" content=\"sv_SE\" \/>\n<meta property=\"og:type\" content=\"article\" \/>\n<meta property=\"og:title\" content=\"Midsommardukning i det gr\u00f6na | Interflora\" \/>\n<meta property=\"og:description\" content=\"Vill du l\u00e4gga lite extra tid p\u00e5 midsommardukningen i \u00e5r? Varf\u00f6r inte flytta ut midsommarbordet p\u00e5 en vacker \u00e4ng omringad [&hellip;]\" \/>\n<meta property=\"og:url\" content=\"https:\/\/www.interflora.se\/inspiration\/midsommardukning-i-det-grona\/\" \/>\n<meta property=\"og:site_name\" content=\"Inspiration om blommor, krukv\u00e4xter &amp; trender | Interflora\" \/>\n<meta property=\"article:publisher\" content=\"https:\/\/www.facebook.com\/InterfloraAB\" \/>\n<meta property=\"article:published_time\" content=\"2024-08-19T03:45:52+00:00\" \/>\n<meta property=\"article:modified_time\" content=\"2025-03-26T09:30:21+00:00\" \/>\n<meta property=\"og:image\" content=\"https:\/\/www.interflora.se\/inspiration\/wp-content\/uploads\/2024\/08\/image-11-683x1024.png\" \/>\n\t<meta property=\"og:image:width\" content=\"683\" \/>\n\t<meta property=\"og:image:height\" content=\"1024\" \/>\n\t<meta property=\"og:image:type\" content=\"image\/png\" \/>\n<meta name=\"author\" content=\"admin\" \/>\n<meta name=\"twitter:card\" content=\"summary_large_image\" \/>\n<meta name=\"twitter:label1\" content=\"Skriven av\" \/>\n\t<meta name=\"twitter:data1\" content=\"admin\" \/>\n\t<meta name=\"twitter:label2\" content=\"Ber\u00e4knad l\u00e4stid\" \/>\n\t<meta name=\"twitter:data2\" content=\"1 minut\" \/>\n<script type=\"application\/ld+json\" class=\"yoast-schema-graph\">{\"@context\":\"https:\\\/\\\/schema.org\",\"@graph\":[{\"@type\":\"Article\",\"@id\":\"https:\\\/\\\/www.interflora.se\\\/inspiration\\\/midsommardukning-i-det-grona\\\/#article\",\"isPartOf\":{\"@id\":\"https:\\\/\\\/www.interflora.se\\\/inspiration\\\/midsommardukning-i-det-grona\\\/\"},\"author\":{\"name\":\"admin\",\"@id\":\"https:\\\/\\\/www.interflora.se\\\/inspiration\\\/#\\\/schema\\\/person\\\/dbbd1ad45e05409c356dc639597669f2\"},\"headline\":\"Midsommardukning i det gr\u00f6na\",\"datePublished\":\"2024-08-19T03:45:52+00:00\",\"dateModified\":\"2025-03-26T09:30:21+00:00\",\"mainEntityOfPage\":{\"@id\":\"https:\\\/\\\/www.interflora.se\\\/inspiration\\\/midsommardukning-i-det-grona\\\/\"},\"wordCount\":219,\"commentCount\":0,\"publisher\":{\"@id\":\"https:\\\/\\\/www.interflora.se\\\/inspiration\\\/#organization\"},\"image\":{\"@id\":\"https:\\\/\\\/www.interflora.se\\\/inspiration\\\/midsommardukning-i-det-grona\\\/#primaryimage\"},\"thumbnailUrl\":\"https:\\\/\\\/www.interflora.se\\\/inspiration\\\/wp-content\\\/uploads\\\/2024\\\/08\\\/image-11.png\",\"articleSection\":[\"Tips\"],\"inLanguage\":\"sv-SE\",\"potentialAction\":[{\"@type\":\"CommentAction\",\"name\":\"Comment\",\"target\":[\"https:\\\/\\\/www.interflora.se\\\/inspiration\\\/midsommardukning-i-det-grona\\\/#respond\"]}]},{\"@type\":\"WebPage\",\"@id\":\"https:\\\/\\\/www.interflora.se\\\/inspiration\\\/midsommardukning-i-det-grona\\\/\",\"url\":\"https:\\\/\\\/www.interflora.se\\\/inspiration\\\/midsommardukning-i-det-grona\\\/\",\"name\":\"Midsommardukning i det gr\u00f6na | Interflora\",\"isPartOf\":{\"@id\":\"https:\\\/\\\/www.interflora.se\\\/inspiration\\\/#website\"},\"primaryImageOfPage\":{\"@id\":\"https:\\\/\\\/www.interflora.se\\\/inspiration\\\/midsommardukning-i-det-grona\\\/#primaryimage\"},\"image\":{\"@id\":\"https:\\\/\\\/www.interflora.se\\\/inspiration\\\/midsommardukning-i-det-grona\\\/#primaryimage\"},\"thumbnailUrl\":\"https:\\\/\\\/www.interflora.se\\\/inspiration\\\/wp-content\\\/uploads\\\/2024\\\/08\\\/image-11.png\",\"datePublished\":\"2024-08-19T03:45:52+00:00\",\"dateModified\":\"2025-03-26T09:30:21+00:00\",\"breadcrumb\":{\"@id\":\"https:\\\/\\\/www.interflora.se\\\/inspiration\\\/midsommardukning-i-det-grona\\\/#breadcrumb\"},\"inLanguage\":\"sv-SE\",\"potentialAction\":[{\"@type\":\"ReadAction\",\"target\":[\"https:\\\/\\\/www.interflora.se\\\/inspiration\\\/midsommardukning-i-det-grona\\\/\"]}]},{\"@type\":\"ImageObject\",\"inLanguage\":\"sv-SE\",\"@id\":\"https:\\\/\\\/www.interflora.se\\\/inspiration\\\/midsommardukning-i-det-grona\\\/#primaryimage\",\"url\":\"https:\\\/\\\/www.interflora.se\\\/inspiration\\\/wp-content\\\/uploads\\\/2024\\\/08\\\/image-11.png\",\"contentUrl\":\"https:\\\/\\\/www.interflora.se\\\/inspiration\\\/wp-content\\\/uploads\\\/2024\\\/08\\\/image-11.png\",\"width\":2688,\"height\":4032},{\"@type\":\"BreadcrumbList\",\"@id\":\"https:\\\/\\\/www.interflora.se\\\/inspiration\\\/midsommardukning-i-det-grona\\\/#breadcrumb\",\"itemListElement\":[{\"@type\":\"ListItem\",\"position\":1,\"name\":\"Home\",\"item\":\"https:\\\/\\\/www.interflora.se\\\/inspiration\\\/\"},{\"@type\":\"ListItem\",\"position\":2,\"name\":\"Midsommardukning i det gr\u00f6na\"}]},{\"@type\":\"WebSite\",\"@id\":\"https:\\\/\\\/www.interflora.se\\\/inspiration\\\/#website\",\"url\":\"https:\\\/\\\/www.interflora.se\\\/inspiration\\\/\",\"name\":\"Interflora\",\"description\":\"\",\"publisher\":{\"@id\":\"https:\\\/\\\/www.interflora.se\\\/inspiration\\\/#organization\"},\"potentialAction\":[{\"@type\":\"SearchAction\",\"target\":{\"@type\":\"EntryPoint\",\"urlTemplate\":\"https:\\\/\\\/www.interflora.se\\\/inspiration\\\/?s={search_term_string}\"},\"query-input\":{\"@type\":\"PropertyValueSpecification\",\"valueRequired\":true,\"valueName\":\"search_term_string\"}}],\"inLanguage\":\"sv-SE\"},{\"@type\":\"Organization\",\"@id\":\"https:\\\/\\\/www.interflora.se\\\/inspiration\\\/#organization\",\"name\":\"Interflora\",\"url\":\"https:\\\/\\\/www.interflora.se\\\/inspiration\\\/\",\"logo\":{\"@type\":\"ImageObject\",\"inLanguage\":\"sv-SE\",\"@id\":\"https:\\\/\\\/www.interflora.se\\\/inspiration\\\/#\\\/schema\\\/logo\\\/image\\\/\",\"url\":\"https:\\\/\\\/www.interflora.se\\\/inspiration\\\/wp-content\\\/uploads\\\/2025\\\/09\\\/cropped-220422_INTERFLORA_Logo_rgb_Half_Top_Circle_Main_Color.avif\",\"contentUrl\":\"https:\\\/\\\/www.interflora.se\\\/inspiration\\\/wp-content\\\/uploads\\\/2025\\\/09\\\/cropped-220422_INTERFLORA_Logo_rgb_Half_Top_Circle_Main_Color.avif\",\"width\":1418,\"height\":662,\"caption\":\"Interflora\"},\"image\":{\"@id\":\"https:\\\/\\\/www.interflora.se\\\/inspiration\\\/#\\\/schema\\\/logo\\\/image\\\/\"},\"sameAs\":[\"https:\\\/\\\/www.facebook.com\\\/InterfloraAB\",\"https:\\\/\\\/www.instagram.com\\\/interflora_ab\\\/\",\"https:\\\/\\\/www.linkedin.com\\\/company\\\/1494362\",\"https:\\\/\\\/www.youtube.com\\\/channel\\\/UCZgDzGWB2VRxaoWFUmXnk1w\"]},{\"@type\":\"Person\",\"@id\":\"https:\\\/\\\/www.interflora.se\\\/inspiration\\\/#\\\/schema\\\/person\\\/dbbd1ad45e05409c356dc639597669f2\",\"name\":\"admin\",\"image\":{\"@type\":\"ImageObject\",\"inLanguage\":\"sv-SE\",\"@id\":\"https:\\\/\\\/www.interflora.se\\\/inspiration\\\/wp-content\\\/litespeed\\\/avatar\\\/1fe3cced9e67df62d0a6f995d75823a5.jpg?ver=1777362393\",\"url\":\"https:\\\/\\\/www.interflora.se\\\/inspiration\\\/wp-content\\\/litespeed\\\/avatar\\\/1fe3cced9e67df62d0a6f995d75823a5.jpg?ver=1777362393\",\"contentUrl\":\"https:\\\/\\\/www.interflora.se\\\/inspiration\\\/wp-content\\\/litespeed\\\/avatar\\\/1fe3cced9e67df62d0a6f995d75823a5.jpg?ver=1777362393\",\"caption\":\"admin\"},\"sameAs\":[\"https:\\\/\\\/www.interflora.se\\\/inspiration\"],\"url\":\"https:\\\/\\\/www.interflora.se\\\/inspiration\\\/author\\\/admin\\\/\"}]}<\/script>\n<!-- \/ Yoast SEO plugin. -->","yoast_head_json":{"title":"Midsommardukning i det gr\u00f6na | Interflora","robots":{"index":"index","follow":"follow","max-snippet":"max-snippet:-1","max-image-preview":"max-image-preview:large","max-video-preview":"max-video-preview:-1"},"canonical":"https:\/\/www.interflora.se\/inspiration\/midsommardukning-i-det-grona\/","og_locale":"sv_SE","og_type":"article","og_title":"Midsommardukning i det gr\u00f6na | Interflora","og_description":"Vill du l\u00e4gga lite extra tid p\u00e5 midsommardukningen i \u00e5r? Varf\u00f6r inte flytta ut midsommarbordet p\u00e5 en vacker \u00e4ng omringad [&hellip;]","og_url":"https:\/\/www.interflora.se\/inspiration\/midsommardukning-i-det-grona\/","og_site_name":"Inspiration om blommor, krukv\u00e4xter &amp; trender | Interflora","article_publisher":"https:\/\/www.facebook.com\/InterfloraAB","article_published_time":"2024-08-19T03:45:52+00:00","article_modified_time":"2025-03-26T09:30:21+00:00","og_image":[{"width":683,"height":1024,"url":"https:\/\/www.interflora.se\/inspiration\/wp-content\/uploads\/2024\/08\/image-11-683x1024.png","type":"image\/png"}],"author":"admin","twitter_card":"summary_large_image","twitter_misc":{"Skriven av":"admin","Ber\u00e4knad l\u00e4stid":"1 minut"},"schema":{"@context":"https:\/\/schema.org","@graph":[{"@type":"Article","@id":"https:\/\/www.interflora.se\/inspiration\/midsommardukning-i-det-grona\/#article","isPartOf":{"@id":"https:\/\/www.interflora.se\/inspiration\/midsommardukning-i-det-grona\/"},"author":{"name":"admin","@id":"https:\/\/www.interflora.se\/inspiration\/#\/schema\/person\/dbbd1ad45e05409c356dc639597669f2"},"headline":"Midsommardukning i det gr\u00f6na","datePublished":"2024-08-19T03:45:52+00:00","dateModified":"2025-03-26T09:30:21+00:00","mainEntityOfPage":{"@id":"https:\/\/www.interflora.se\/inspiration\/midsommardukning-i-det-grona\/"},"wordCount":219,"commentCount":0,"publisher":{"@id":"https:\/\/www.interflora.se\/inspiration\/#organization"},"image":{"@id":"https:\/\/www.interflora.se\/inspiration\/midsommardukning-i-det-grona\/#primaryimage"},"thumbnailUrl":"https:\/\/www.interflora.se\/inspiration\/wp-content\/uploads\/2024\/08\/image-11.png","articleSection":["Tips"],"inLanguage":"sv-SE","potentialAction":[{"@type":"CommentAction","name":"Comment","target":["https:\/\/www.interflora.se\/inspiration\/midsommardukning-i-det-grona\/#respond"]}]},{"@type":"WebPage","@id":"https:\/\/www.interflora.se\/inspiration\/midsommardukning-i-det-grona\/","url":"https:\/\/www.interflora.se\/inspiration\/midsommardukning-i-det-grona\/","name":"Midsommardukning i det gr\u00f6na | Interflora","isPartOf":{"@id":"https:\/\/www.interflora.se\/inspiration\/#website"},"primaryImageOfPage":{"@id":"https:\/\/www.interflora.se\/inspiration\/midsommardukning-i-det-grona\/#primaryimage"},"image":{"@id":"https:\/\/www.interflora.se\/inspiration\/midsommardukning-i-det-grona\/#primaryimage"},"thumbnailUrl":"https:\/\/www.interflora.se\/inspiration\/wp-content\/uploads\/2024\/08\/image-11.png","datePublished":"2024-08-19T03:45:52+00:00","dateModified":"2025-03-26T09:30:21+00:00","breadcrumb":{"@id":"https:\/\/www.interflora.se\/inspiration\/midsommardukning-i-det-grona\/#breadcrumb"},"inLanguage":"sv-SE","potentialAction":[{"@type":"ReadAction","target":["https:\/\/www.interflora.se\/inspiration\/midsommardukning-i-det-grona\/"]}]},{"@type":"ImageObject","inLanguage":"sv-SE","@id":"https:\/\/www.interflora.se\/inspiration\/midsommardukning-i-det-grona\/#primaryimage","url":"https:\/\/www.interflora.se\/inspiration\/wp-content\/uploads\/2024\/08\/image-11.png","contentUrl":"https:\/\/www.interflora.se\/inspiration\/wp-content\/uploads\/2024\/08\/image-11.png","width":2688,"height":4032},{"@type":"BreadcrumbList","@id":"https:\/\/www.interflora.se\/inspiration\/midsommardukning-i-det-grona\/#breadcrumb","itemListElement":[{"@type":"ListItem","position":1,"name":"Home","item":"https:\/\/www.interflora.se\/inspiration\/"},{"@type":"ListItem","position":2,"name":"Midsommardukning i det gr\u00f6na"}]},{"@type":"WebSite","@id":"https:\/\/www.interflora.se\/inspiration\/#website","url":"https:\/\/www.interflora.se\/inspiration\/","name":"Interflora","description":"","publisher":{"@id":"https:\/\/www.interflora.se\/inspiration\/#organization"},"potentialAction":[{"@type":"SearchAction","target":{"@type":"EntryPoint","urlTemplate":"https:\/\/www.interflora.se\/inspiration\/?s={search_term_string}"},"query-input":{"@type":"PropertyValueSpecification","valueRequired":true,"valueName":"search_term_string"}}],"inLanguage":"sv-SE"},{"@type":"Organization","@id":"https:\/\/www.interflora.se\/inspiration\/#organization","name":"Interflora","url":"https:\/\/www.interflora.se\/inspiration\/","logo":{"@type":"ImageObject","inLanguage":"sv-SE","@id":"https:\/\/www.interflora.se\/inspiration\/#\/schema\/logo\/image\/","url":"https:\/\/www.interflora.se\/inspiration\/wp-content\/uploads\/2025\/09\/cropped-220422_INTERFLORA_Logo_rgb_Half_Top_Circle_Main_Color.avif","contentUrl":"https:\/\/www.interflora.se\/inspiration\/wp-content\/uploads\/2025\/09\/cropped-220422_INTERFLORA_Logo_rgb_Half_Top_Circle_Main_Color.avif","width":1418,"height":662,"caption":"Interflora"},"image":{"@id":"https:\/\/www.interflora.se\/inspiration\/#\/schema\/logo\/image\/"},"sameAs":["https:\/\/www.facebook.com\/InterfloraAB","https:\/\/www.instagram.com\/interflora_ab\/","https:\/\/www.linkedin.com\/company\/1494362","https:\/\/www.youtube.com\/channel\/UCZgDzGWB2VRxaoWFUmXnk1w"]},{"@type":"Person","@id":"https:\/\/www.interflora.se\/inspiration\/#\/schema\/person\/dbbd1ad45e05409c356dc639597669f2","name":"admin","image":{"@type":"ImageObject","inLanguage":"sv-SE","@id":"https:\/\/www.interflora.se\/inspiration\/wp-content\/litespeed\/avatar\/1fe3cced9e67df62d0a6f995d75823a5.jpg?ver=1777362393","url":"https:\/\/www.interflora.se\/inspiration\/wp-content\/litespeed\/avatar\/1fe3cced9e67df62d0a6f995d75823a5.jpg?ver=1777362393","contentUrl":"https:\/\/www.interflora.se\/inspiration\/wp-content\/litespeed\/avatar\/1fe3cced9e67df62d0a6f995d75823a5.jpg?ver=1777362393","caption":"admin"},"sameAs":["https:\/\/www.interflora.se\/inspiration"],"url":"https:\/\/www.interflora.se\/inspiration\/author\/admin\/"}]}},"uagb_featured_image_src":{"full":["https:\/\/www.interflora.se\/inspiration\/wp-content\/uploads\/2024\/08\/image-11.png",2688,4032,false],"thumbnail":["https:\/\/www.interflora.se\/inspiration\/wp-content\/uploads\/2024\/08\/image-11-150x150.png",150,150,true],"medium":["https:\/\/www.interflora.se\/inspiration\/wp-content\/uploads\/2024\/08\/image-11-200x300.png",200,300,true],"medium_large":["https:\/\/www.interflora.se\/inspiration\/wp-content\/uploads\/2024\/08\/image-11-768x1152.png",768,1152,true],"large":["https:\/\/www.interflora.se\/inspiration\/wp-content\/uploads\/2024\/08\/image-11-683x1024.png",683,1024,true],"1536x1536":["https:\/\/www.interflora.se\/inspiration\/wp-content\/uploads\/2024\/08\/image-11-1024x1536.png",1024,1536,true],"2048x2048":["https:\/\/www.interflora.se\/inspiration\/wp-content\/uploads\/2024\/08\/image-11-1365x2048.png",1365,2048,true]},"uagb_author_info":{"display_name":"admin","author_link":"https:\/\/www.interflora.se\/inspiration\/author\/admin\/"},"uagb_comment_info":0,"uagb_excerpt":"Vill du l\u00e4gga lite extra tid p\u00e5 midsommardukningen i \u00e5r? Varf\u00f6r inte flytta ut midsommarbordet p\u00e5 en vacker \u00e4ng omringad [&hellip;]","_links":{"self":[{"href":"https:\/\/www.interflora.se\/inspiration\/wp-json\/wp\/v2\/posts\/332","targetHints":{"allow":["GET"]}}],"collection":[{"href":"https:\/\/www.interflora.se\/inspiration\/wp-json\/wp\/v2\/posts"}],"about":[{"href":"https:\/\/www.interflora.se\/inspiration\/wp-json\/wp\/v2\/types\/post"}],"author":[{"embeddable":true,"href":"https:\/\/www.interflora.se\/inspiration\/wp-json\/wp\/v2\/users\/1"}],"replies":[{"embeddable":true,"href":"https:\/\/www.interflora.se\/inspiration\/wp-json\/wp\/v2\/comments?post=332"}],"version-history":[{"count":1,"href":"https:\/\/www.interflora.se\/inspiration\/wp-json\/wp\/v2\/posts\/332\/revisions"}],"predecessor-version":[{"id":1661,"href":"https:\/\/www.interflora.se\/inspiration\/wp-json\/wp\/v2\/posts\/332\/revisions\/1661"}],"wp:featuredmedia":[{"embeddable":true,"href":"https:\/\/www.interflora.se\/inspiration\/wp-json\/wp\/v2\/media\/1654"}],"wp:attachment":[{"href":"https:\/\/www.interflora.se\/inspiration\/wp-json\/wp\/v2\/media?parent=332"}],"wp:term":[{"taxonomy":"category","embeddable":true,"href":"https:\/\/www.interflora.se\/inspiration\/wp-json\/wp\/v2\/categories?post=332"},{"taxonomy":"post_tag","embeddable":true,"href":"https:\/\/www.interflora.se\/inspiration\/wp-json\/wp\/v2\/tags?post=332"}],"curies":[{"name":"wp","href":"https:\/\/api.w.org\/{rel}","templated":true}]}}