{"id":330,"date":"2024-11-26T05:08:21","date_gmt":"2024-11-26T04:08:21","guid":{"rendered":"http:\/\/preprodblog.interflora.se\/blog\/?p=330"},"modified":"2025-03-25T14:55:56","modified_gmt":"2025-03-25T13:55:56","slug":"melodifestivalens-buketter-2025","status":"publish","type":"post","link":"https:\/\/www.interflora.se\/inspiration\/melodifestivalens-buketter-2025\/","title":{"rendered":"Interflora skapar Melodifestivalens vinnarbuketter 2025"},"content":{"rendered":"\n<p>Interflora har \u00e5terigen f\u00e5tt det \u00e4rofyllda uppdraget att skapa segerbuketterna till samtliga delt\u00e4vlingar och finalen i Melodifestivalen 2025. H\u00e4r visar vi upp alla vinnarbuketter skapade av de talangfulla floristerna fr\u00e5n olika delar av Sverige.<\/p>\n\n\n\n<h2 class=\"wp-block-heading\">Final<br>8 mars i Stockholm<\/h2>\n\n\n\n<p>Strawberry Arena kokade av jubel n\u00e4r vinnaren korades som fick med sig denna spektakul\u00e4ra finalbukett! Skapad av&nbsp;<strong>Lindhagens Blommor<\/strong>&nbsp;i Stockholm, \u00e4r den en explosion av f\u00e4rger och texturer med eleganta anthurium, eldiga gloriosa, str\u00e5lande gerbera och livfulla krysantemum. Gr\u00f6na inslag av ormbunke och konstfulla detaljer i torkade blad ramar in buketten och ger den en dramatisk och unik k\u00e4nsla \u2013 precis som en vinnare f\u00f6rtj\u00e4nar!<\/p>\n\n\n\n<div class=\"wp-block-columns is-layout-flex wp-container-core-columns-is-layout-28f84493 wp-block-columns-is-layout-flex\">\n<div class=\"wp-block-column is-layout-flow wp-block-column-is-layout-flow\">\n<figure class=\"wp-block-image size-large\"><img decoding=\"async\" src=\"https:\/\/www.interflora.se\/inspiration\/wp-content\/uploads\/2025\/03\/finalbukett-melodifestivalen-2025-2-interflora.jpg\" alt=\"\"\/><\/figure>\n<\/div>\n\n\n\n<div class=\"wp-block-column is-layout-flow wp-block-column-is-layout-flow\">\n<figure class=\"wp-block-image size-large\"><img decoding=\"async\" src=\"https:\/\/www.interflora.se\/inspiration\/wp-content\/uploads\/2025\/03\/finalbukett-melodifestivalen-2025-interflora.jpg\" alt=\"\"\/><\/figure>\n<\/div>\n<\/div>\n\n\n\n<h2 class=\"wp-block-heading\">Delt\u00e4vling 5 &amp; finalkval<br>1 mars i J\u00f6nk\u00f6ping<\/h2>\n\n\n\n<p>I den femte och avg\u00f6rande delt\u00e4vlingen samt kvalfinalen i Melodifestivalen 2025 hyllades vinnarna med dessa spektakul\u00e4ra buketter, skapade av&nbsp;<strong>Pomona Blomsterhandel i J\u00f6nk\u00f6ping<\/strong>. En f\u00e4rgsprakande kombination av&nbsp;<strong>eldigt r\u00f6tt, djupa lila toner och exotiska detaljer<\/strong>&nbsp;f\u00e5ngar b\u00e5de passionen och dramatiken i t\u00e4vlingen. Buketterna inneh\u00f6ll bland annat r\u00f6da rosor, vandaorkid\u00e9er, p\u00e5f\u00e5gelfj\u00e4drar och chili.<\/p>\n\n\n\n<div class=\"wp-block-columns is-layout-flex wp-container-core-columns-is-layout-28f84493 wp-block-columns-is-layout-flex\">\n<div class=\"wp-block-column is-layout-flow wp-block-column-is-layout-flow\">\n<figure class=\"wp-block-image size-large\"><img decoding=\"async\" src=\"https:\/\/www.interflora.se\/inspiration\/wp-content\/uploads\/2025\/03\/1_melodifestivalen-2025-pomona-jonkoping-3.jpg\" alt=\"\"\/><\/figure>\n<\/div>\n\n\n\n<div class=\"wp-block-column is-layout-flow wp-block-column-is-layout-flow\">\n<figure class=\"wp-block-image size-large\"><img decoding=\"async\" src=\"https:\/\/www.interflora.se\/inspiration\/wp-content\/uploads\/2025\/03\/melodifestivalen-2025-pomona-jonkoping-4.jpg\" alt=\"\"\/><\/figure>\n<\/div>\n<\/div>\n\n\n\n<h2 class=\"wp-block-heading\">Delt\u00e4vling 4<br>22 februari i Malm\u00f6<\/h2>\n\n\n\n<p>Under delt\u00e4vling fyra i Malm\u00f6 fick vi se tv\u00e5 spektakul\u00e4ra och lysande buketter skapad av&nbsp;<strong>Interflora Hansafloristen i Malm\u00f6<\/strong>&nbsp;\u2013 utan st\u00e5ltr\u00e5d eller en enda plastbit! Buketterna bestod av en harmonisk mix av anthurium, orkid\u00e9er, mimosa och dahlior i varma toner av gult, orange och lila, inramad av pampasgr\u00e4s och frodiga gr\u00f6na inslag.&nbsp;<\/p>\n\n\n\n<div class=\"wp-block-columns is-layout-flex wp-container-core-columns-is-layout-28f84493 wp-block-columns-is-layout-flex\">\n<div class=\"wp-block-column is-layout-flow wp-block-column-is-layout-flow\">\n<figure class=\"wp-block-image size-large\"><img decoding=\"async\" src=\"https:\/\/www.interflora.se\/inspiration\/wp-content\/uploads\/2025\/03\/melodifestivalen-2025-hansafloristen-malmo-3.jpg\" alt=\"\"\/><\/figure>\n<\/div>\n\n\n\n<div class=\"wp-block-column is-layout-flow wp-block-column-is-layout-flow\">\n<figure class=\"wp-block-image size-large\"><img decoding=\"async\" src=\"https:\/\/www.interflora.se\/inspiration\/wp-content\/uploads\/2025\/03\/melodifestivalen-2025-hansafloristen-malmo-2.jpg\" alt=\"\"\/><\/figure>\n<\/div>\n<\/div>\n\n\n\n<h2 class=\"wp-block-heading\">Delt\u00e4vling 2<br>8 februari i G\u00f6teborg<\/h2>\n\n\n\n<p>De h\u00e4r sprakande buketterna blev kronan p\u00e5 verket under delt\u00e4vling 2 av Melodifestivalen i G\u00f6teborg. En f\u00e4rgstark hyllning till kv\u00e4llens stj\u00e4rnor. Buketterna, skapade av&nbsp;<strong>Interflora<\/strong>&nbsp;<strong>Beyers Blommor<\/strong>&nbsp;i G\u00f6teborg, var en explosion av sk\u00f6nhet med rosor, gerbera, protea och anthurium, omgivna av eleganta gr\u00f6na detaljer och guldf\u00e4rgade inslag \u2013 som skapade f\u00f6r att fira en of\u00f6rgl\u00f6mlig seger.<\/p>\n\n\n\n<p>Blommornas intensiva nyanser av rosa, r\u00f6tt och orange speglade den brinnande passionen p\u00e5 scenen, d\u00e4r publiken togs med p\u00e5 en resa fylld av starka k\u00e4nslor.<\/p>\n\n\n\n<div class=\"wp-block-columns is-layout-flex wp-container-core-columns-is-layout-28f84493 wp-block-columns-is-layout-flex\">\n<div class=\"wp-block-column is-layout-flow wp-block-column-is-layout-flow\">\n<figure class=\"wp-block-image size-large\"><img decoding=\"async\" src=\"https:\/\/www.interflora.se\/inspiration\/wp-content\/uploads\/2025\/03\/melodifestivalen-2025-beyers-blommor-1.jpg\" alt=\"\"\/><\/figure>\n<\/div>\n\n\n\n<div class=\"wp-block-column is-layout-flow wp-block-column-is-layout-flow\">\n<figure class=\"wp-block-image size-large\"><img decoding=\"async\" src=\"https:\/\/www.interflora.se\/inspiration\/wp-content\/uploads\/2025\/03\/melodifestivalen-2025-beyers-blommor-2.jpg\" alt=\"\"\/><\/figure>\n<\/div>\n<\/div>\n\n\n\n<h2 class=\"wp-block-heading\">Delt\u00e4vling 1<br>1 februari i Lule\u00e5<\/h2>\n\n\n\n<p>Vinnarbuketten f\u00f6r Delt\u00e4vling 1 \u00e4r en explosion av f\u00e4rg och energi \u2013 precis som en riktigt bra show! Med eldiga orangea gerbera och ranunkler, djupvioletta kallor och anthurium samt gyllene klot av krysantemum str\u00e5lar den ikapp med vinnaren. De livfulla nyanserna balanseras av frodig gr\u00f6nska som ger buketten ett elegant och dynamiskt uttryck. Skapad av&nbsp;<strong>Interflora Enstr\u00f6ms Blommor&nbsp;<\/strong>&nbsp;\u00e4r denna bukett \u00e4r en symbol f\u00f6r firande, gemenskap och den magi som uppst\u00e5r n\u00e4r musik och blommor m\u00f6ts.<\/p>\n\n\n\n<div class=\"wp-block-columns is-layout-flex wp-container-core-columns-is-layout-28f84493 wp-block-columns-is-layout-flex\">\n<div class=\"wp-block-column is-layout-flow wp-block-column-is-layout-flow\">\n<figure class=\"wp-block-image size-large\"><img decoding=\"async\" src=\"https:\/\/www.interflora.se\/inspiration\/wp-content\/uploads\/2025\/03\/deltavling-1-lulea-2025-2-webb.jpg\" alt=\"\"\/><\/figure>\n<\/div>\n\n\n\n<div class=\"wp-block-column is-layout-flow wp-block-column-is-layout-flow\">\n<figure class=\"wp-block-image size-large\"><img decoding=\"async\" src=\"https:\/\/www.interflora.se\/inspiration\/wp-content\/uploads\/2025\/03\/deltavling-1-lulea-2025-webb.jpg\" alt=\"\"\/><\/figure>\n<\/div>\n<\/div>\n\n\n\n<h2 class=\"wp-block-heading\">Alla t\u00e4vlingar i Melodifestivalen 2025:<\/h2>\n\n\n\n<ul class=\"wp-block-list\">\n<li>1 februari: Delt\u00e4vling 1 &#8211; Lule\u00e5<\/li>\n\n\n\n<li>8 februari: Delt\u00e4vling 2 &#8211; G\u00f6teborg<\/li>\n\n\n\n<li>15 februari: Delt\u00e4vling 3 &#8211; V\u00e4ster\u00e5s<\/li>\n\n\n\n<li>22 februari: Delt\u00e4vling 4 &#8211; Malm\u00f6<\/li>\n\n\n\n<li>1 mars: Delt\u00e4vling 5 &amp; finalkval &#8211; J\u00f6nk\u00f6ping<\/li>\n\n\n\n<li>8 mars: Final &#8211; Stockholm<\/li>\n<\/ul>\n","protected":false},"excerpt":{"rendered":"<p>Interflora har \u00e5terigen f\u00e5tt det \u00e4rofyllda uppdraget att skapa segerbuketterna till samtliga delt\u00e4vlingar och finalen i Melodifestivalen 2025. H\u00e4r visar [&hellip;]<\/p>\n","protected":false},"author":1,"featured_media":1401,"comment_status":"open","ping_status":"open","sticky":false,"template":"","format":"standard","meta":{"_uag_custom_page_level_css":"","site-sidebar-layout":"default","site-content-layout":"","ast-site-content-layout":"default","site-content-style":"default","site-sidebar-style":"default","ast-global-header-display":"","ast-banner-title-visibility":"","ast-main-header-display":"","ast-hfb-above-header-display":"","ast-hfb-below-header-display":"","ast-hfb-mobile-header-display":"","site-post-title":"","ast-breadcrumbs-content":"","ast-featured-img":"","footer-sml-layout":"","ast-disable-related-posts":"","theme-transparent-header-meta":"","adv-header-id-meta":"","stick-header-meta":"","header-above-stick-meta":"","header-main-stick-meta":"","header-below-stick-meta":"","astra-migrate-meta-layouts":"default","ast-page-background-enabled":"default","ast-page-background-meta":{"desktop":{"background-color":"var(--ast-global-color-5)","background-image":"","background-repeat":"repeat","background-position":"center center","background-size":"auto","background-attachment":"scroll","background-type":"","background-media":"","overlay-type":"","overlay-color":"","overlay-opacity":"","overlay-gradient":""},"tablet":{"background-color":"","background-image":"","background-repeat":"repeat","background-position":"center center","background-size":"auto","background-attachment":"scroll","background-type":"","background-media":"","overlay-type":"","overlay-color":"","overlay-opacity":"","overlay-gradient":""},"mobile":{"background-color":"","background-image":"","background-repeat":"repeat","background-position":"center center","background-size":"auto","background-attachment":"scroll","background-type":"","background-media":"","overlay-type":"","overlay-color":"","overlay-opacity":"","overlay-gradient":""}},"ast-content-background-meta":{"desktop":{"background-color":"var(--ast-global-color-4)","background-image":"","background-repeat":"repeat","background-position":"center center","background-size":"auto","background-attachment":"scroll","background-type":"","background-media":"","overlay-type":"","overlay-color":"","overlay-opacity":"","overlay-gradient":""},"tablet":{"background-color":"var(--ast-global-color-4)","background-image":"","background-repeat":"repeat","background-position":"center center","background-size":"auto","background-attachment":"scroll","background-type":"","background-media":"","overlay-type":"","overlay-color":"","overlay-opacity":"","overlay-gradient":""},"mobile":{"background-color":"var(--ast-global-color-4)","background-image":"","background-repeat":"repeat","background-position":"center center","background-size":"auto","background-attachment":"scroll","background-type":"","background-media":"","overlay-type":"","overlay-color":"","overlay-opacity":"","overlay-gradient":""}},"footnotes":""},"categories":[9],"tags":[],"class_list":["post-330","post","type-post","status-publish","format-standard","has-post-thumbnail","hentry","category-senaste-nytt"],"yoast_head":"<!-- This site is optimized with the Yoast SEO plugin v27.4 - https:\/\/yoast.com\/product\/yoast-seo-wordpress\/ -->\n<title>Interflora skapar Melodifestivalens vinnarbuketter 2025 | Interflora<\/title>\n<meta name=\"robots\" content=\"index, follow, max-snippet:-1, max-image-preview:large, max-video-preview:-1\" \/>\n<link rel=\"canonical\" href=\"https:\/\/www.interflora.se\/inspiration\/melodifestivalens-buketter-2025\/\" \/>\n<meta property=\"og:locale\" content=\"sv_SE\" \/>\n<meta property=\"og:type\" content=\"article\" \/>\n<meta property=\"og:title\" content=\"Interflora skapar Melodifestivalens vinnarbuketter 2025 | Interflora\" \/>\n<meta property=\"og:description\" content=\"Interflora har \u00e5terigen f\u00e5tt det \u00e4rofyllda uppdraget att skapa segerbuketterna till samtliga delt\u00e4vlingar och finalen i Melodifestivalen 2025. H\u00e4r visar [&hellip;]\" \/>\n<meta property=\"og:url\" content=\"https:\/\/www.interflora.se\/inspiration\/melodifestivalens-buketter-2025\/\" \/>\n<meta property=\"og:site_name\" content=\"Inspiration om blommor, krukv\u00e4xter &amp; trender | Interflora\" \/>\n<meta property=\"article:publisher\" content=\"https:\/\/www.facebook.com\/InterfloraAB\" \/>\n<meta property=\"article:published_time\" content=\"2024-11-26T04:08:21+00:00\" \/>\n<meta property=\"article:modified_time\" content=\"2025-03-25T13:55:56+00:00\" \/>\n<meta property=\"og:image\" content=\"https:\/\/www.interflora.se\/inspiration\/wp-content\/uploads\/2025\/03\/melodifestivalen-2025-beyers-blommor-1.jpg\" \/>\n\t<meta property=\"og:image:width\" content=\"800\" \/>\n\t<meta property=\"og:image:height\" content=\"1000\" \/>\n\t<meta property=\"og:image:type\" content=\"image\/jpeg\" \/>\n<meta name=\"author\" content=\"admin\" \/>\n<meta name=\"twitter:card\" content=\"summary_large_image\" \/>\n<meta name=\"twitter:label1\" content=\"Skriven av\" \/>\n\t<meta name=\"twitter:data1\" content=\"admin\" \/>\n\t<meta name=\"twitter:label2\" content=\"Ber\u00e4knad l\u00e4stid\" \/>\n\t<meta name=\"twitter:data2\" content=\"3 minuter\" \/>\n<script type=\"application\/ld+json\" class=\"yoast-schema-graph\">{\"@context\":\"https:\\\/\\\/schema.org\",\"@graph\":[{\"@type\":\"Article\",\"@id\":\"https:\\\/\\\/www.interflora.se\\\/inspiration\\\/melodifestivalens-buketter-2025\\\/#article\",\"isPartOf\":{\"@id\":\"https:\\\/\\\/www.interflora.se\\\/inspiration\\\/melodifestivalens-buketter-2025\\\/\"},\"author\":{\"name\":\"admin\",\"@id\":\"https:\\\/\\\/www.interflora.se\\\/inspiration\\\/#\\\/schema\\\/person\\\/dbbd1ad45e05409c356dc639597669f2\"},\"headline\":\"Interflora skapar Melodifestivalens vinnarbuketter 2025\",\"datePublished\":\"2024-11-26T04:08:21+00:00\",\"dateModified\":\"2025-03-25T13:55:56+00:00\",\"mainEntityOfPage\":{\"@id\":\"https:\\\/\\\/www.interflora.se\\\/inspiration\\\/melodifestivalens-buketter-2025\\\/\"},\"wordCount\":505,\"commentCount\":0,\"publisher\":{\"@id\":\"https:\\\/\\\/www.interflora.se\\\/inspiration\\\/#organization\"},\"image\":{\"@id\":\"https:\\\/\\\/www.interflora.se\\\/inspiration\\\/melodifestivalens-buketter-2025\\\/#primaryimage\"},\"thumbnailUrl\":\"https:\\\/\\\/www.interflora.se\\\/inspiration\\\/wp-content\\\/uploads\\\/2025\\\/03\\\/melodifestivalen-2025-beyers-blommor-1.jpg\",\"articleSection\":[\"Senaste nytt\"],\"inLanguage\":\"sv-SE\",\"potentialAction\":[{\"@type\":\"CommentAction\",\"name\":\"Comment\",\"target\":[\"https:\\\/\\\/www.interflora.se\\\/inspiration\\\/melodifestivalens-buketter-2025\\\/#respond\"]}]},{\"@type\":\"WebPage\",\"@id\":\"https:\\\/\\\/www.interflora.se\\\/inspiration\\\/melodifestivalens-buketter-2025\\\/\",\"url\":\"https:\\\/\\\/www.interflora.se\\\/inspiration\\\/melodifestivalens-buketter-2025\\\/\",\"name\":\"Interflora skapar Melodifestivalens vinnarbuketter 2025 | Interflora\",\"isPartOf\":{\"@id\":\"https:\\\/\\\/www.interflora.se\\\/inspiration\\\/#website\"},\"primaryImageOfPage\":{\"@id\":\"https:\\\/\\\/www.interflora.se\\\/inspiration\\\/melodifestivalens-buketter-2025\\\/#primaryimage\"},\"image\":{\"@id\":\"https:\\\/\\\/www.interflora.se\\\/inspiration\\\/melodifestivalens-buketter-2025\\\/#primaryimage\"},\"thumbnailUrl\":\"https:\\\/\\\/www.interflora.se\\\/inspiration\\\/wp-content\\\/uploads\\\/2025\\\/03\\\/melodifestivalen-2025-beyers-blommor-1.jpg\",\"datePublished\":\"2024-11-26T04:08:21+00:00\",\"dateModified\":\"2025-03-25T13:55:56+00:00\",\"breadcrumb\":{\"@id\":\"https:\\\/\\\/www.interflora.se\\\/inspiration\\\/melodifestivalens-buketter-2025\\\/#breadcrumb\"},\"inLanguage\":\"sv-SE\",\"potentialAction\":[{\"@type\":\"ReadAction\",\"target\":[\"https:\\\/\\\/www.interflora.se\\\/inspiration\\\/melodifestivalens-buketter-2025\\\/\"]}]},{\"@type\":\"ImageObject\",\"inLanguage\":\"sv-SE\",\"@id\":\"https:\\\/\\\/www.interflora.se\\\/inspiration\\\/melodifestivalens-buketter-2025\\\/#primaryimage\",\"url\":\"https:\\\/\\\/www.interflora.se\\\/inspiration\\\/wp-content\\\/uploads\\\/2025\\\/03\\\/melodifestivalen-2025-beyers-blommor-1.jpg\",\"contentUrl\":\"https:\\\/\\\/www.interflora.se\\\/inspiration\\\/wp-content\\\/uploads\\\/2025\\\/03\\\/melodifestivalen-2025-beyers-blommor-1.jpg\",\"width\":800,\"height\":1000},{\"@type\":\"BreadcrumbList\",\"@id\":\"https:\\\/\\\/www.interflora.se\\\/inspiration\\\/melodifestivalens-buketter-2025\\\/#breadcrumb\",\"itemListElement\":[{\"@type\":\"ListItem\",\"position\":1,\"name\":\"Home\",\"item\":\"https:\\\/\\\/www.interflora.se\\\/inspiration\\\/\"},{\"@type\":\"ListItem\",\"position\":2,\"name\":\"Interflora skapar Melodifestivalens vinnarbuketter 2025\"}]},{\"@type\":\"WebSite\",\"@id\":\"https:\\\/\\\/www.interflora.se\\\/inspiration\\\/#website\",\"url\":\"https:\\\/\\\/www.interflora.se\\\/inspiration\\\/\",\"name\":\"Interflora\",\"description\":\"\",\"publisher\":{\"@id\":\"https:\\\/\\\/www.interflora.se\\\/inspiration\\\/#organization\"},\"potentialAction\":[{\"@type\":\"SearchAction\",\"target\":{\"@type\":\"EntryPoint\",\"urlTemplate\":\"https:\\\/\\\/www.interflora.se\\\/inspiration\\\/?s={search_term_string}\"},\"query-input\":{\"@type\":\"PropertyValueSpecification\",\"valueRequired\":true,\"valueName\":\"search_term_string\"}}],\"inLanguage\":\"sv-SE\"},{\"@type\":\"Organization\",\"@id\":\"https:\\\/\\\/www.interflora.se\\\/inspiration\\\/#organization\",\"name\":\"Interflora\",\"url\":\"https:\\\/\\\/www.interflora.se\\\/inspiration\\\/\",\"logo\":{\"@type\":\"ImageObject\",\"inLanguage\":\"sv-SE\",\"@id\":\"https:\\\/\\\/www.interflora.se\\\/inspiration\\\/#\\\/schema\\\/logo\\\/image\\\/\",\"url\":\"https:\\\/\\\/www.interflora.se\\\/inspiration\\\/wp-content\\\/uploads\\\/2025\\\/09\\\/cropped-220422_INTERFLORA_Logo_rgb_Half_Top_Circle_Main_Color.avif\",\"contentUrl\":\"https:\\\/\\\/www.interflora.se\\\/inspiration\\\/wp-content\\\/uploads\\\/2025\\\/09\\\/cropped-220422_INTERFLORA_Logo_rgb_Half_Top_Circle_Main_Color.avif\",\"width\":1418,\"height\":662,\"caption\":\"Interflora\"},\"image\":{\"@id\":\"https:\\\/\\\/www.interflora.se\\\/inspiration\\\/#\\\/schema\\\/logo\\\/image\\\/\"},\"sameAs\":[\"https:\\\/\\\/www.facebook.com\\\/InterfloraAB\",\"https:\\\/\\\/www.instagram.com\\\/interflora_ab\\\/\",\"https:\\\/\\\/www.linkedin.com\\\/company\\\/1494362\",\"https:\\\/\\\/www.youtube.com\\\/channel\\\/UCZgDzGWB2VRxaoWFUmXnk1w\"]},{\"@type\":\"Person\",\"@id\":\"https:\\\/\\\/www.interflora.se\\\/inspiration\\\/#\\\/schema\\\/person\\\/dbbd1ad45e05409c356dc639597669f2\",\"name\":\"admin\",\"image\":{\"@type\":\"ImageObject\",\"inLanguage\":\"sv-SE\",\"@id\":\"https:\\\/\\\/www.interflora.se\\\/inspiration\\\/wp-content\\\/litespeed\\\/avatar\\\/1fe3cced9e67df62d0a6f995d75823a5.jpg?ver=1777362393\",\"url\":\"https:\\\/\\\/www.interflora.se\\\/inspiration\\\/wp-content\\\/litespeed\\\/avatar\\\/1fe3cced9e67df62d0a6f995d75823a5.jpg?ver=1777362393\",\"contentUrl\":\"https:\\\/\\\/www.interflora.se\\\/inspiration\\\/wp-content\\\/litespeed\\\/avatar\\\/1fe3cced9e67df62d0a6f995d75823a5.jpg?ver=1777362393\",\"caption\":\"admin\"},\"sameAs\":[\"https:\\\/\\\/www.interflora.se\\\/inspiration\"],\"url\":\"https:\\\/\\\/www.interflora.se\\\/inspiration\\\/author\\\/admin\\\/\"}]}<\/script>\n<!-- \/ Yoast SEO plugin. -->","yoast_head_json":{"title":"Interflora skapar Melodifestivalens vinnarbuketter 2025 | Interflora","robots":{"index":"index","follow":"follow","max-snippet":"max-snippet:-1","max-image-preview":"max-image-preview:large","max-video-preview":"max-video-preview:-1"},"canonical":"https:\/\/www.interflora.se\/inspiration\/melodifestivalens-buketter-2025\/","og_locale":"sv_SE","og_type":"article","og_title":"Interflora skapar Melodifestivalens vinnarbuketter 2025 | Interflora","og_description":"Interflora har \u00e5terigen f\u00e5tt det \u00e4rofyllda uppdraget att skapa segerbuketterna till samtliga delt\u00e4vlingar och finalen i Melodifestivalen 2025. H\u00e4r visar [&hellip;]","og_url":"https:\/\/www.interflora.se\/inspiration\/melodifestivalens-buketter-2025\/","og_site_name":"Inspiration om blommor, krukv\u00e4xter &amp; trender | Interflora","article_publisher":"https:\/\/www.facebook.com\/InterfloraAB","article_published_time":"2024-11-26T04:08:21+00:00","article_modified_time":"2025-03-25T13:55:56+00:00","og_image":[{"width":800,"height":1000,"url":"https:\/\/www.interflora.se\/inspiration\/wp-content\/uploads\/2025\/03\/melodifestivalen-2025-beyers-blommor-1.jpg","type":"image\/jpeg"}],"author":"admin","twitter_card":"summary_large_image","twitter_misc":{"Skriven av":"admin","Ber\u00e4knad l\u00e4stid":"3 minuter"},"schema":{"@context":"https:\/\/schema.org","@graph":[{"@type":"Article","@id":"https:\/\/www.interflora.se\/inspiration\/melodifestivalens-buketter-2025\/#article","isPartOf":{"@id":"https:\/\/www.interflora.se\/inspiration\/melodifestivalens-buketter-2025\/"},"author":{"name":"admin","@id":"https:\/\/www.interflora.se\/inspiration\/#\/schema\/person\/dbbd1ad45e05409c356dc639597669f2"},"headline":"Interflora skapar Melodifestivalens vinnarbuketter 2025","datePublished":"2024-11-26T04:08:21+00:00","dateModified":"2025-03-25T13:55:56+00:00","mainEntityOfPage":{"@id":"https:\/\/www.interflora.se\/inspiration\/melodifestivalens-buketter-2025\/"},"wordCount":505,"commentCount":0,"publisher":{"@id":"https:\/\/www.interflora.se\/inspiration\/#organization"},"image":{"@id":"https:\/\/www.interflora.se\/inspiration\/melodifestivalens-buketter-2025\/#primaryimage"},"thumbnailUrl":"https:\/\/www.interflora.se\/inspiration\/wp-content\/uploads\/2025\/03\/melodifestivalen-2025-beyers-blommor-1.jpg","articleSection":["Senaste nytt"],"inLanguage":"sv-SE","potentialAction":[{"@type":"CommentAction","name":"Comment","target":["https:\/\/www.interflora.se\/inspiration\/melodifestivalens-buketter-2025\/#respond"]}]},{"@type":"WebPage","@id":"https:\/\/www.interflora.se\/inspiration\/melodifestivalens-buketter-2025\/","url":"https:\/\/www.interflora.se\/inspiration\/melodifestivalens-buketter-2025\/","name":"Interflora skapar Melodifestivalens vinnarbuketter 2025 | Interflora","isPartOf":{"@id":"https:\/\/www.interflora.se\/inspiration\/#website"},"primaryImageOfPage":{"@id":"https:\/\/www.interflora.se\/inspiration\/melodifestivalens-buketter-2025\/#primaryimage"},"image":{"@id":"https:\/\/www.interflora.se\/inspiration\/melodifestivalens-buketter-2025\/#primaryimage"},"thumbnailUrl":"https:\/\/www.interflora.se\/inspiration\/wp-content\/uploads\/2025\/03\/melodifestivalen-2025-beyers-blommor-1.jpg","datePublished":"2024-11-26T04:08:21+00:00","dateModified":"2025-03-25T13:55:56+00:00","breadcrumb":{"@id":"https:\/\/www.interflora.se\/inspiration\/melodifestivalens-buketter-2025\/#breadcrumb"},"inLanguage":"sv-SE","potentialAction":[{"@type":"ReadAction","target":["https:\/\/www.interflora.se\/inspiration\/melodifestivalens-buketter-2025\/"]}]},{"@type":"ImageObject","inLanguage":"sv-SE","@id":"https:\/\/www.interflora.se\/inspiration\/melodifestivalens-buketter-2025\/#primaryimage","url":"https:\/\/www.interflora.se\/inspiration\/wp-content\/uploads\/2025\/03\/melodifestivalen-2025-beyers-blommor-1.jpg","contentUrl":"https:\/\/www.interflora.se\/inspiration\/wp-content\/uploads\/2025\/03\/melodifestivalen-2025-beyers-blommor-1.jpg","width":800,"height":1000},{"@type":"BreadcrumbList","@id":"https:\/\/www.interflora.se\/inspiration\/melodifestivalens-buketter-2025\/#breadcrumb","itemListElement":[{"@type":"ListItem","position":1,"name":"Home","item":"https:\/\/www.interflora.se\/inspiration\/"},{"@type":"ListItem","position":2,"name":"Interflora skapar Melodifestivalens vinnarbuketter 2025"}]},{"@type":"WebSite","@id":"https:\/\/www.interflora.se\/inspiration\/#website","url":"https:\/\/www.interflora.se\/inspiration\/","name":"Interflora","description":"","publisher":{"@id":"https:\/\/www.interflora.se\/inspiration\/#organization"},"potentialAction":[{"@type":"SearchAction","target":{"@type":"EntryPoint","urlTemplate":"https:\/\/www.interflora.se\/inspiration\/?s={search_term_string}"},"query-input":{"@type":"PropertyValueSpecification","valueRequired":true,"valueName":"search_term_string"}}],"inLanguage":"sv-SE"},{"@type":"Organization","@id":"https:\/\/www.interflora.se\/inspiration\/#organization","name":"Interflora","url":"https:\/\/www.interflora.se\/inspiration\/","logo":{"@type":"ImageObject","inLanguage":"sv-SE","@id":"https:\/\/www.interflora.se\/inspiration\/#\/schema\/logo\/image\/","url":"https:\/\/www.interflora.se\/inspiration\/wp-content\/uploads\/2025\/09\/cropped-220422_INTERFLORA_Logo_rgb_Half_Top_Circle_Main_Color.avif","contentUrl":"https:\/\/www.interflora.se\/inspiration\/wp-content\/uploads\/2025\/09\/cropped-220422_INTERFLORA_Logo_rgb_Half_Top_Circle_Main_Color.avif","width":1418,"height":662,"caption":"Interflora"},"image":{"@id":"https:\/\/www.interflora.se\/inspiration\/#\/schema\/logo\/image\/"},"sameAs":["https:\/\/www.facebook.com\/InterfloraAB","https:\/\/www.instagram.com\/interflora_ab\/","https:\/\/www.linkedin.com\/company\/1494362","https:\/\/www.youtube.com\/channel\/UCZgDzGWB2VRxaoWFUmXnk1w"]},{"@type":"Person","@id":"https:\/\/www.interflora.se\/inspiration\/#\/schema\/person\/dbbd1ad45e05409c356dc639597669f2","name":"admin","image":{"@type":"ImageObject","inLanguage":"sv-SE","@id":"https:\/\/www.interflora.se\/inspiration\/wp-content\/litespeed\/avatar\/1fe3cced9e67df62d0a6f995d75823a5.jpg?ver=1777362393","url":"https:\/\/www.interflora.se\/inspiration\/wp-content\/litespeed\/avatar\/1fe3cced9e67df62d0a6f995d75823a5.jpg?ver=1777362393","contentUrl":"https:\/\/www.interflora.se\/inspiration\/wp-content\/litespeed\/avatar\/1fe3cced9e67df62d0a6f995d75823a5.jpg?ver=1777362393","caption":"admin"},"sameAs":["https:\/\/www.interflora.se\/inspiration"],"url":"https:\/\/www.interflora.se\/inspiration\/author\/admin\/"}]}},"uagb_featured_image_src":{"full":["https:\/\/www.interflora.se\/inspiration\/wp-content\/uploads\/2025\/03\/melodifestivalen-2025-beyers-blommor-1.jpg",800,1000,false],"thumbnail":["https:\/\/www.interflora.se\/inspiration\/wp-content\/uploads\/2025\/03\/melodifestivalen-2025-beyers-blommor-1-150x150.jpg",150,150,true],"medium":["https:\/\/www.interflora.se\/inspiration\/wp-content\/uploads\/2025\/03\/melodifestivalen-2025-beyers-blommor-1-240x300.jpg",240,300,true],"medium_large":["https:\/\/www.interflora.se\/inspiration\/wp-content\/uploads\/2025\/03\/melodifestivalen-2025-beyers-blommor-1-768x960.jpg",768,960,true],"large":["https:\/\/www.interflora.se\/inspiration\/wp-content\/uploads\/2025\/03\/melodifestivalen-2025-beyers-blommor-1.jpg",800,1000,false],"1536x1536":["https:\/\/www.interflora.se\/inspiration\/wp-content\/uploads\/2025\/03\/melodifestivalen-2025-beyers-blommor-1.jpg",800,1000,false],"2048x2048":["https:\/\/www.interflora.se\/inspiration\/wp-content\/uploads\/2025\/03\/melodifestivalen-2025-beyers-blommor-1.jpg",800,1000,false]},"uagb_author_info":{"display_name":"admin","author_link":"https:\/\/www.interflora.se\/inspiration\/author\/admin\/"},"uagb_comment_info":0,"uagb_excerpt":"Interflora har \u00e5terigen f\u00e5tt det \u00e4rofyllda uppdraget att skapa segerbuketterna till samtliga delt\u00e4vlingar och finalen i Melodifestivalen 2025. H\u00e4r visar [&hellip;]","_links":{"self":[{"href":"https:\/\/www.interflora.se\/inspiration\/wp-json\/wp\/v2\/posts\/330","targetHints":{"allow":["GET"]}}],"collection":[{"href":"https:\/\/www.interflora.se\/inspiration\/wp-json\/wp\/v2\/posts"}],"about":[{"href":"https:\/\/www.interflora.se\/inspiration\/wp-json\/wp\/v2\/types\/post"}],"author":[{"embeddable":true,"href":"https:\/\/www.interflora.se\/inspiration\/wp-json\/wp\/v2\/users\/1"}],"replies":[{"embeddable":true,"href":"https:\/\/www.interflora.se\/inspiration\/wp-json\/wp\/v2\/comments?post=330"}],"version-history":[{"count":3,"href":"https:\/\/www.interflora.se\/inspiration\/wp-json\/wp\/v2\/posts\/330\/revisions"}],"predecessor-version":[{"id":5529,"href":"https:\/\/www.interflora.se\/inspiration\/wp-json\/wp\/v2\/posts\/330\/revisions\/5529"}],"wp:featuredmedia":[{"embeddable":true,"href":"https:\/\/www.interflora.se\/inspiration\/wp-json\/wp\/v2\/media\/1401"}],"wp:attachment":[{"href":"https:\/\/www.interflora.se\/inspiration\/wp-json\/wp\/v2\/media?parent=330"}],"wp:term":[{"taxonomy":"category","embeddable":true,"href":"https:\/\/www.interflora.se\/inspiration\/wp-json\/wp\/v2\/categories?post=330"},{"taxonomy":"post_tag","embeddable":true,"href":"https:\/\/www.interflora.se\/inspiration\/wp-json\/wp\/v2\/tags?post=330"}],"curies":[{"name":"wp","href":"https:\/\/api.w.org\/{rel}","templated":true}]}}