{"id":329,"date":"2024-06-27T18:55:34","date_gmt":"2024-06-27T16:55:34","guid":{"rendered":"http:\/\/preprodblog.interflora.se\/blog\/?p=329"},"modified":"2025-03-20T16:21:00","modified_gmt":"2025-03-20T15:21:00","slug":"melodifestivalens-buketter-2024","status":"publish","type":"post","link":"https:\/\/www.interflora.se\/inspiration\/melodifestivalens-buketter-2024\/","title":{"rendered":"Interflora skapar Melodifestivalens vinnarbuketter 2024"},"content":{"rendered":"\n<p>Interflora har blivit tilldelade det prestigefyllda uppdraget att \u00e5terigen designa segerbuketterna f\u00f6r samtliga delt\u00e4vlingar och den storslagna finalen av Melodifestivalen 2024. H\u00e4r presenterar vi alla vinnarbuketter och du kan l\u00e4sa intervjuerna med de skickliga floristerna fr\u00e5n olika delar av Sverige som har formgett dem.<\/p>\n\n\n\n<h2 class=\"wp-block-heading\">Finalen &#8211; 9 mars i Stockholm<\/h2>\n\n\n\n<p>Efter en l\u00e5ng och kall vinter var m\u00e5let att maxa v\u00e5rk\u00e4nslan. Interflora Flower Stop i T\u00e4by fick melloscenen att sl\u00e5 ut i full blom n\u00e4r finalen avgjordes ig\u00e5r kv\u00e4ll.<\/p>\n\n\n\n<p>\u2013 Vi t\u00e4nkte att vinnarbuketterna skulle ha ett fr\u00e4scht och krispigt tema, som en nystart efter vintern, s\u00e4ger Carola Eriksson som driver butiken.<\/p>\n\n\n\n<p>Stommar av trollpil, som \u00e4r naturligt vriden, fick styra formerna. Det gjorde var och en av de sju buketterna unik.<\/p>\n\n\n\n<p>\u2013 Vi ville ha ett lite vildare uttryck, inte s\u00e5 regisserat. Blommorna fick f\u00f6lja trollpilens rytm och det passar ju bra i melodifestivalsammanhang.<\/p>\n\n\n\n<div class=\"wp-block-columns is-layout-flex wp-container-core-columns-is-layout-28f84493 wp-block-columns-is-layout-flex\">\n<div class=\"wp-block-column is-layout-flow wp-block-column-is-layout-flow\">\n<figure class=\"wp-block-image size-large\"><img decoding=\"async\" src=\"https:\/\/www.interflora.se\/inspiration\/wp-content\/uploads\/2025\/03\/mello-sthlm-2024-1.jpg\" alt=\"\"\/><\/figure>\n<\/div>\n\n\n\n<div class=\"wp-block-column is-layout-flow wp-block-column-is-layout-flow\">\n<figure class=\"wp-block-image size-large\"><img decoding=\"async\" src=\"https:\/\/www.interflora.se\/inspiration\/wp-content\/uploads\/2025\/03\/mello-sthlm-2024-2.jpg\" alt=\"\"\/><\/figure>\n<\/div>\n\n\n\n<div class=\"wp-block-column is-layout-flow wp-block-column-is-layout-flow\">\n<figure class=\"wp-block-image size-large\"><img decoding=\"async\" src=\"https:\/\/www.interflora.se\/inspiration\/wp-content\/uploads\/2025\/03\/mello-sthlm-2024-3.jpg\" alt=\"\"\/><\/figure>\n<\/div>\n<\/div>\n\n\n\n<div style=\"height:10px\" aria-hidden=\"true\" class=\"wp-block-spacer\"><\/div>\n\n\n\n<p>I buketterna syntes viburnum (sn\u00f6bollsbuske), nejlika, ros, germini, gloriosa (kl\u00e4nglilja), solboll, ranunkel, freesia, lejongap och sm\u00e5 citrusfrukter av sorten kalamodin, som hade tr\u00e5dats fast.<\/p>\n\n\n\n<p>\u2013 Sedan hade vi f\u00f6rst\u00e5s olika sorters gr\u00f6nt, som fick spreta och liksom sk\u00f6ta sig sj\u00e4lvt.<\/p>\n\n\n\n<p>Luft i kanterna gav buketterna en l\u00e4tthet, matchat av orange, cerise, limegr\u00f6na, lila och gula toner.<\/p>\n\n\n\n<p>Carola band de sju buketterna vid ett bord framf\u00f6r kassadisken i butiken dagen f\u00f6re finalen och det skapade f\u00f6rst\u00e5s en del uppm\u00e4rksamhet.<\/p>\n\n\n\n<p>\u2013 Kunderna blev nyfikna och det var flera som ville k\u00f6pa. De tyckte f\u00e4rgerna var pigga!<\/p>\n\n\n\n<h2 class=\"wp-block-heading\">Delt\u00e4vling 5 &#8211; 2 mars i Karlstad<\/h2>\n\n\n\n<p>N\u00e4r Melodifestivalen kommer till V\u00e4rmland \u00e4r temat f\u00f6r blomsterdesignen given. Det var \u201dSola i Karlstad\u201d som inspirerade floristerna p\u00e5 Interflora Best Flower n\u00e4r de gjorde vinnarbuketterna.<\/p>\n\n\n\n<p>\u2013 Det blev en rund och lite plattare form med plumosa som str\u00e5lar ut\u00e5t sidorna, s\u00e4ger Per Andersson som driver butiken.<br>Han skrattar lite och s\u00e4ger att han och kollegorna slog ifr\u00e5n sig tanken \u201d\u00e4r det t\u00f6ntigt med denna st\u00e4ndiga sola?\u201d.<\/p>\n\n\n\n<p>\u2013 Det \u00e4r ju \u00e4nd\u00e5 stadens symbol som marknadsf\u00f6r Karlstad. Det blev bra det h\u00e4r, summerar han i efterhand.<br>F\u00e4rgskalan i gult, orange och rosa valdes f\u00f6r att matcha melodifestivalens spektrum. Buketterna inneh\u00f6ll bland annat craspedia (solboll), kalla, nejlika, ros och krysantemum.<\/p>\n\n\n\n<div class=\"wp-block-columns is-layout-flex wp-container-core-columns-is-layout-28f84493 wp-block-columns-is-layout-flex\">\n<div class=\"wp-block-column is-layout-flow wp-block-column-is-layout-flow\">\n<figure class=\"wp-block-image size-large\"><img decoding=\"async\" src=\"https:\/\/www.interflora.se\/inspiration\/wp-content\/uploads\/2025\/03\/mello-1-deltavling-5-karlstad_webb.jpg\" alt=\"\"\/><\/figure>\n<\/div>\n\n\n\n<div class=\"wp-block-column is-layout-flow wp-block-column-is-layout-flow\">\n<figure class=\"wp-block-image size-large\"><img decoding=\"async\" src=\"https:\/\/www.interflora.se\/inspiration\/wp-content\/uploads\/2025\/03\/1_mello-3-deltavling-5-karlstad_webb.jpg\" alt=\"\"\/><\/figure>\n<\/div>\n<\/div>\n\n\n\n<div style=\"height:10px\" aria-hidden=\"true\" class=\"wp-block-spacer\"><\/div>\n\n\n\n<p>Designen satte Per tillsammans med kollegorna Felicia och Sara som var med och band de fem buketterna som levererades till delfinalen, som var den femte i ordningen. Det var mycket att g\u00f6ra under fredagen, men Per \u00e4r rutinerad.<\/p>\n\n\n\n<p>\u2013 Jag har gjort buketter till mello tre g\u00e5nger och en g\u00e5ng till Lilla melodifestivalen, jod\u00e5, man har varit med ett tag, konstaterar han.<\/p>\n\n\n\n<h2 class=\"wp-block-heading\">Delt\u00e4vling 4 &#8211; 17 februari i Eskilstuna<\/h2>\n\n\n\n<p>Fest, glamour och blomstergl\u00e4dje; tre ord som summerar l\u00f6rdagens vinnarbuketter i Melodifestivalen. Och det var lyckliga artister som tog hem b\u00e5de dem och vinsten n\u00e4r fj\u00e4rde delfinalen avgjordes i Eskilstuna i g\u00e5r kv\u00e4ll.<\/p>\n\n\n\n<p>\u2013 Vi har f\u00f6rst\u00e5s t\u00e4nkt p\u00e5 mellof\u00e4rgerna, men koncentrerat oss p\u00e5 orange, gult och cerise, ber\u00e4ttar Annika Ahnmark som var med och gjorde vinnarbuketterna fr\u00e5n Interflora BlomsterVerkstaden.<\/p>\n\n\n\n<figure class=\"wp-block-image aligncenter\"><img decoding=\"async\" src=\"https:\/\/www.interflora.se\/inspiration\/wp-content\/uploads\/2025\/03\/blobid0.jpg\" alt=\"blobid0.jpg\"\/><\/figure>\n\n\n\n<p>Designen hade hon tagit fram tillsammans med kollegorna.<\/p>\n\n\n\n<p>\u2013 Vi band buketterna i en konstruktion av st\u00e5lringar, en st\u00f6rre och en mindre, som vi f\u00e4ste ihop. F\u00f6r s\u00e4kerhets skull m\u00e5lade vi dem cerise ifall de skulle r\u00e5ka synas genom blommorna.&nbsp;<\/p>\n\n\n\n<p>Blomvalet f\u00f6ll p\u00e5 craspedia (solboll), germini, anthurium (flamingoblomma), nejlika, hypericum (johannes\u00f6rt), ranunkel, nerine (amaryllisv\u00e4xt) och takl\u00f6k. En mix som domineras av cerise och som matchas av gr\u00f6nt.<\/p>\n\n\n\n<figure class=\"wp-block-image aligncenter\"><img decoding=\"async\" src=\"https:\/\/www.interflora.se\/inspiration\/wp-content\/uploads\/2025\/03\/eskilstuna.jpg\" alt=\"Eskilstuna.jpg\"\/><\/figure>\n\n\n\n<p>\u2013 Vi best\u00e4mde oss f\u00f6r att g\u00f6ra l\u00e5ga men tjocka buketter, som samtidigt skulle vara lite yviga och ta f\u00f6r sig, s\u00e4ger Annika som levererat vinnarbuketter en g\u00e5ng tidigare.<\/p>\n\n\n\n<p>\u2013 Det \u00e4r j\u00e4ttekul, hela processen fr\u00e5n id\u00e9 till resultat. Det vi l\u00e4rt oss sedan sist \u00e4r att f\u00f6rberedelserna tar tid! Vi har s\u00e5 m\u00e5nga id\u00e9er, s\u00e4ger hon.<\/p>\n\n\n\n<h2 class=\"wp-block-heading\">Delt\u00e4vling 3 &#8211; 17 februari i V\u00e4xj\u00f6<\/h2>\n\n\n\n<p>Buketterna lyste i kapp med vinnarna i den tredje delfinalen i mello ig\u00e5r kv\u00e4ll. Interflora S\u00f6ders Blommor slog p\u00e5 stort med f\u00e4rgsprakande och omf\u00e5ngsrik floristisk design.<\/p>\n\n\n\n<p>\u2013 Vi satsade p\u00e5 f\u00e4rgsprakande buketter, byggda i stommar som vi fyllt med Solidago (gullris), Limonium (risp) och takl\u00f6k. F\u00f6r att hitta blommor i f\u00e4rgtemats nyanser fick vi anv\u00e4nda krukv\u00e4xter. Tre olika orkid\u00e9er blev l\u00f6sningen, f\u00f6rutom snittblommorna, ber\u00e4ttar Maria Bolander som driver S\u00f6ders Blommor.<\/p>\n\n\n\n<figure class=\"wp-block-image aligncenter size-large\"><img loading=\"lazy\" decoding=\"async\" width=\"768\" height=\"1024\" src=\"https:\/\/www.interflora.se\/inspiration\/wp-content\/uploads\/2024\/06\/image-768x1024.png\" alt=\"\" class=\"wp-image-1004\" srcset=\"https:\/\/www.interflora.se\/inspiration\/wp-content\/uploads\/2024\/06\/image-768x1024.png 768w, https:\/\/www.interflora.se\/inspiration\/wp-content\/uploads\/2024\/06\/image-225x300.png 225w, https:\/\/www.interflora.se\/inspiration\/wp-content\/uploads\/2024\/06\/image.png 800w\" sizes=\"auto, (max-width: 768px) 100vw, 768px\" \/><\/figure>\n\n\n\n<p>Hela personalstyrkan var engagerad i uppdraget och kom med id\u00e9er till designen. Maria och hennes kollega Jennie Johnsson, som \u00e4r m\u00e4starutbildad florist, \u00e4gnade en stor del av fredagen \u00e5t att binda buketterna, som fick klassiskt rund form med rej\u00e4l diameter.<\/p>\n\n\n\n<p>\u2013 Hur stora blev de, en halvmeter breda? fr\u00e5gar Maria.<\/p>\n\n\n\n<p>\u2013 Nej, mer! Snarare 70 centimeter, svarar Jennie.<\/p>\n\n\n\n<div class=\"wp-block-columns is-layout-flex wp-container-core-columns-is-layout-28f84493 wp-block-columns-is-layout-flex\">\n<div class=\"wp-block-column is-layout-flow wp-block-column-is-layout-flow\">\n<figure class=\"wp-block-image size-large\"><img decoding=\"async\" src=\"https:\/\/www.interflora.se\/inspiration\/wp-content\/uploads\/2025\/03\/deltavling-3-vaxjo-1-webb.jpg\" alt=\"\"\/><\/figure>\n<\/div>\n\n\n\n<div class=\"wp-block-column is-layout-flow wp-block-column-is-layout-flow\">\n<figure class=\"wp-block-image size-large\"><img decoding=\"async\" src=\"https:\/\/www.interflora.se\/inspiration\/wp-content\/uploads\/2025\/03\/deltavling-3-vaxjo-3-webb.jpg\" alt=\"\"\/><\/figure>\n<\/div>\n\n\n\n<div class=\"wp-block-column is-layout-flow wp-block-column-is-layout-flow\">\n<figure class=\"wp-block-image size-large\"><img decoding=\"async\" src=\"https:\/\/www.interflora.se\/inspiration\/wp-content\/uploads\/2025\/03\/deltavling-3-vaxjo-4-webb.jpg\" alt=\"\"\/><\/figure>\n<\/div>\n<\/div>\n\n\n\n<div style=\"height:10px\" aria-hidden=\"true\" class=\"wp-block-spacer\"><\/div>\n\n\n\n<p>F\u00f6r att f\u00e5 formen stabil tillverkade de f\u00f6rst stommar av fl\u00e4tade st\u00e5ltr\u00e5dar, l\u00e4tta som moln, och i dem stacks blommorna ner i lager p\u00e5 lager.<\/p>\n\n\n\n<p>\u2013 Vandaorkid\u00e9er har inte s\u00e5 l\u00e5nga stj\u00e4lkar, s\u00e5 just dem satte vi i plastr\u00f6r, r\u00f6ren fungerar lite som fejkstj\u00e4lkar som g\u00e5r att d\u00f6lja, ber\u00e4ttar Maria.<\/p>\n\n\n\n<p>Nejlikor och lukt\u00e4rter ingick ocks\u00e5 i de blomrika buketterna, liksom rosor. F\u00f6r att de senare skulle vara i perfekt skick p\u00e5 l\u00f6rdagen hade de f\u00e5tt sl\u00e5 ut l\u00e5ngsamt under tv\u00e5 veckors tid i sval temperatur, noga \u00f6vervakade.<\/p>\n\n\n\n<p>\u2013 Allt har varit s\u00e5 roligt! Vi passade ocks\u00e5 p\u00e5 att bjuda in v\u00e5ra kunder till en workshop i torsdags kv\u00e4ll, s\u00e5 de fick binda egna buketter och h\u00f6ra mer om hur vi planerade v\u00e5ra vinnarbuketter. Ett mellospecial som var v\u00e4ldigt uppskattat.<\/p>\n\n\n\n<h2 class=\"wp-block-heading\">Delt\u00e4vling 2 &#8211; 10 februari i G\u00f6teborg<\/h2>\n\n\n\n<p>En bukett som poppar var m\u00e5let. Och visst lyckades de! Interflora Viola blomsterbutik levererade vinnarbuketterna till Melodifestivalens andra delt\u00e4vling i G\u00f6teborg.<\/p>\n\n\n\n<p>\u2013 Det var j\u00e4ttekul och en rolig uppgift att f\u00e5 g\u00f6ra, s\u00e4ger Emma Eriksson som skapade designen ihop med sin kollega Emelie Magnusson.<\/p>\n\n\n\n<figure class=\"wp-block-image aligncenter size-large\"><img loading=\"lazy\" decoding=\"async\" width=\"819\" height=\"1024\" src=\"https:\/\/www.interflora.se\/inspiration\/wp-content\/uploads\/2024\/06\/image-1-819x1024.png\" alt=\"\" class=\"wp-image-1005\" srcset=\"https:\/\/www.interflora.se\/inspiration\/wp-content\/uploads\/2024\/06\/image-1-819x1024.png 819w, https:\/\/www.interflora.se\/inspiration\/wp-content\/uploads\/2024\/06\/image-1-240x300.png 240w, https:\/\/www.interflora.se\/inspiration\/wp-content\/uploads\/2024\/06\/image-1-768x960.png 768w, https:\/\/www.interflora.se\/inspiration\/wp-content\/uploads\/2024\/06\/image-1.png 960w\" sizes=\"auto, (max-width: 819px) 100vw, 819px\" \/><\/figure>\n\n\n\n<p>\u2013 Vi har diskuterat och pratat ihop oss. Emelie kom p\u00e5 hur vi skulle g\u00f6ra med konstruktionen medan jag tog mig an f\u00e4rgerna som g\u00e5r i cerise och lila med m\u00f6rka inslag f\u00f6r kontrastens skull.<\/p>\n\n\n\n<p>Buketterna band de i en konstruktion med tr\u00e4faner som skapar illusion av bubblor runt kanten.<\/p>\n\n\n\n<p>\u2013 Det \u00e4r ju ett tunt material som g\u00e5r att forma, s\u00e5 vi gjorde cirklar som vi h\u00e4ftade ihop till en kant. Sedan band vi blommorna innanf\u00f6r och l\u00e4t dem h\u00e4nga lite \u00f6ver.<\/p>\n\n\n\n<div class=\"wp-block-columns is-layout-flex wp-container-core-columns-is-layout-28f84493 wp-block-columns-is-layout-flex\">\n<div class=\"wp-block-column is-layout-flow wp-block-column-is-layout-flow\">\n<figure class=\"wp-block-image size-large\"><img decoding=\"async\" src=\"https:\/\/www.interflora.se\/inspiration\/wp-content\/uploads\/2025\/03\/deltavling-2-emma-viola-blomsterbutik-webb-2.jpg\" alt=\"\"\/><\/figure>\n<\/div>\n\n\n\n<div class=\"wp-block-column is-layout-flow wp-block-column-is-layout-flow\">\n<figure class=\"wp-block-image size-large\"><img decoding=\"async\" src=\"https:\/\/www.interflora.se\/inspiration\/wp-content\/uploads\/2025\/03\/deltavling-2-emma-viola-blomsterbutik-webb-3.jpg\" alt=\"\"\/><\/figure>\n<\/div>\n<\/div>\n\n\n\n<div style=\"height:10px\" aria-hidden=\"true\" class=\"wp-block-spacer\"><\/div>\n\n\n\n<p>Valet av blommor f\u00f6ll p\u00e5 nejlika i olika f\u00e4rger, anthurium, kalla, lukt\u00e4rt, ros, wandaorkid\u00e9, allium och plumosa.<\/p>\n\n\n\n<p>\u2013 Olika form och struktur, liksom matt och blankt, g\u00f6r att det h\u00e4nder lite. Och s\u00e5 h\u00e4r mot v\u00e5ren vill man ju ha f\u00e4rg, som ocks\u00e5 fick spegla mello, s\u00e4ger Emma.<\/p>\n\n\n\n<h2 class=\"wp-block-heading\">Delt\u00e4vling 1 &#8211; 3 februari i Malm\u00f6<\/h2>\n\n\n\n<p>Ingen har v\u00e4l missat att Mello dragit ig\u00e5ng? Och vi f\u00e5r \u00e5terigen s\u00e4ga: plats p\u00e5 scen f\u00f6r Interfloras vinnarbuketter! F\u00f6rst ut \u00e4r Interflora Fridhems blommor som levererade f\u00e4rg, m\u00e5ngfald och v\u00e5rl\u00e4ngtan till Malm\u00f6 Arena.<\/p>\n\n\n\n<p>\u2013 V\u00e5r design symboliserar ocks\u00e5 hopp och gl\u00e4dje, ber\u00e4ttar Christina Santesson-Henryson som skapat buketterna tillsammans med sin kollega Paulina Gyllensw\u00e4rd.<\/p>\n\n\n\n<p>Inspirationen \u00e4r lika delar v\u00e5rl\u00e4ngtan och mellologgan med sina regnb\u00e5gsf\u00e4rger och allt vad den kan associeras till.<\/p>\n\n\n\n<div class=\"wp-block-columns is-layout-flex wp-container-core-columns-is-layout-28f84493 wp-block-columns-is-layout-flex\">\n<div class=\"wp-block-column is-layout-flow wp-block-column-is-layout-flow\">\n<figure class=\"wp-block-image size-large\"><img decoding=\"async\" src=\"https:\/\/www.interflora.se\/inspiration\/wp-content\/uploads\/2025\/03\/deltavling-1-malmo-2024-webb.jpg\" alt=\"\"\/><\/figure>\n<\/div>\n\n\n\n<div class=\"wp-block-column is-layout-flow wp-block-column-is-layout-flow\">\n<figure class=\"wp-block-image size-large\"><img decoding=\"async\" src=\"https:\/\/www.interflora.se\/inspiration\/wp-content\/uploads\/2025\/03\/deltavling-1-malmo-2024-2-webb.jpg\" alt=\"\"\/><\/figure>\n<\/div>\n<\/div>\n\n\n\n<div style=\"height:10px\" aria-hidden=\"true\" class=\"wp-block-spacer\"><\/div>\n\n\n\n<p>\u2013 Vi t\u00e4nkte p\u00e5 global m\u00e5ngfald och alla m\u00e4nniskors lika v\u00e4rde oavsett ursprung, utbildning eller sexuell l\u00e4ggning. Till det lade vi till hopp och l\u00e4ngtan efter v\u00e5rens knoppar och blommor som sl\u00e5r ut.<\/p>\n\n\n\n<p>Blomsorterna valdes d\u00e4refter: fransk tulpan, italiensk mimosa, spansk vaxblomma, ranunkel, anemon, solboll och f\u00e4rgstark gerbera som syns ordentligt.<\/p>\n\n\n\n<p>\u2013 Vi har sm\u00e5blommiga sorter som freesia i buketterna ocks\u00e5. De g\u00f6r sitt jobb f\u00f6r helheten, men kommer nog inte synas s\u00e5 mycket live. Allt beh\u00f6ver inte synas genom TV:n \u2013 det \u00e4r som med oss m\u00e4nniskor; en del vill ta plats p\u00e5 scen och en del \u00e4r mer tillbakadragna. Tillsammans blir det en helhet, s\u00e4ger Christina och till\u00e4gger:<\/p>\n\n\n\n<p>\u2013 Det \u00e4r h\u00e4rligt att v\u00e5r butik f\u00e5r vara med och synas och inspirera andra!<\/p>\n","protected":false},"excerpt":{"rendered":"<p>Interflora har blivit tilldelade det prestigefyllda uppdraget att \u00e5terigen designa segerbuketterna f\u00f6r samtliga delt\u00e4vlingar och den storslagna finalen av Melodifestivalen [&hellip;]<\/p>\n","protected":false},"author":1,"featured_media":1014,"comment_status":"open","ping_status":"open","sticky":false,"template":"","format":"standard","meta":{"_uag_custom_page_level_css":"","site-sidebar-layout":"default","site-content-layout":"","ast-site-content-layout":"default","site-content-style":"default","site-sidebar-style":"default","ast-global-header-display":"","ast-banner-title-visibility":"","ast-main-header-display":"","ast-hfb-above-header-display":"","ast-hfb-below-header-display":"","ast-hfb-mobile-header-display":"","site-post-title":"","ast-breadcrumbs-content":"","ast-featured-img":"","footer-sml-layout":"","ast-disable-related-posts":"","theme-transparent-header-meta":"","adv-header-id-meta":"","stick-header-meta":"","header-above-stick-meta":"","header-main-stick-meta":"","header-below-stick-meta":"","astra-migrate-meta-layouts":"default","ast-page-background-enabled":"default","ast-page-background-meta":{"desktop":{"background-color":"var(--ast-global-color-5)","background-image":"","background-repeat":"repeat","background-position":"center center","background-size":"auto","background-attachment":"scroll","background-type":"","background-media":"","overlay-type":"","overlay-color":"","overlay-opacity":"","overlay-gradient":""},"tablet":{"background-color":"","background-image":"","background-repeat":"repeat","background-position":"center center","background-size":"auto","background-attachment":"scroll","background-type":"","background-media":"","overlay-type":"","overlay-color":"","overlay-opacity":"","overlay-gradient":""},"mobile":{"background-color":"","background-image":"","background-repeat":"repeat","background-position":"center center","background-size":"auto","background-attachment":"scroll","background-type":"","background-media":"","overlay-type":"","overlay-color":"","overlay-opacity":"","overlay-gradient":""}},"ast-content-background-meta":{"desktop":{"background-color":"var(--ast-global-color-4)","background-image":"","background-repeat":"repeat","background-position":"center center","background-size":"auto","background-attachment":"scroll","background-type":"","background-media":"","overlay-type":"","overlay-color":"","overlay-opacity":"","overlay-gradient":""},"tablet":{"background-color":"var(--ast-global-color-4)","background-image":"","background-repeat":"repeat","background-position":"center center","background-size":"auto","background-attachment":"scroll","background-type":"","background-media":"","overlay-type":"","overlay-color":"","overlay-opacity":"","overlay-gradient":""},"mobile":{"background-color":"var(--ast-global-color-4)","background-image":"","background-repeat":"repeat","background-position":"center center","background-size":"auto","background-attachment":"scroll","background-type":"","background-media":"","overlay-type":"","overlay-color":"","overlay-opacity":"","overlay-gradient":""}},"footnotes":""},"categories":[9],"tags":[],"class_list":["post-329","post","type-post","status-publish","format-standard","has-post-thumbnail","hentry","category-senaste-nytt"],"yoast_head":"<!-- This site is optimized with the Yoast SEO plugin v27.4 - https:\/\/yoast.com\/product\/yoast-seo-wordpress\/ -->\n<title>Interflora skapar Melodifestivalens vinnarbuketter 2024 | Interflora<\/title>\n<meta name=\"robots\" content=\"index, follow, max-snippet:-1, max-image-preview:large, max-video-preview:-1\" \/>\n<link rel=\"canonical\" href=\"https:\/\/www.interflora.se\/inspiration\/melodifestivalens-buketter-2024\/\" \/>\n<meta property=\"og:locale\" content=\"sv_SE\" \/>\n<meta property=\"og:type\" content=\"article\" \/>\n<meta property=\"og:title\" content=\"Interflora skapar Melodifestivalens vinnarbuketter 2024 | Interflora\" \/>\n<meta property=\"og:description\" content=\"Interflora har blivit tilldelade det prestigefyllda uppdraget att \u00e5terigen designa segerbuketterna f\u00f6r samtliga delt\u00e4vlingar och den storslagna finalen av Melodifestivalen [&hellip;]\" \/>\n<meta property=\"og:url\" content=\"https:\/\/www.interflora.se\/inspiration\/melodifestivalens-buketter-2024\/\" \/>\n<meta property=\"og:site_name\" content=\"Inspiration om blommor, krukv\u00e4xter &amp; trender | Interflora\" \/>\n<meta property=\"article:publisher\" content=\"https:\/\/www.facebook.com\/InterfloraAB\" \/>\n<meta property=\"article:published_time\" content=\"2024-06-27T16:55:34+00:00\" \/>\n<meta property=\"article:modified_time\" content=\"2025-03-20T15:21:00+00:00\" \/>\n<meta property=\"og:image\" content=\"https:\/\/www.interflora.se\/inspiration\/wp-content\/uploads\/2025\/03\/deltavling-3-vaxjo-3-webb.jpg\" \/>\n\t<meta property=\"og:image:width\" content=\"750\" \/>\n\t<meta property=\"og:image:height\" content=\"1000\" \/>\n\t<meta property=\"og:image:type\" content=\"image\/jpeg\" \/>\n<meta name=\"author\" content=\"admin\" \/>\n<meta name=\"twitter:card\" content=\"summary_large_image\" \/>\n<meta name=\"twitter:label1\" content=\"Skriven av\" \/>\n\t<meta name=\"twitter:data1\" content=\"admin\" \/>\n\t<meta name=\"twitter:label2\" content=\"Ber\u00e4knad l\u00e4stid\" \/>\n\t<meta name=\"twitter:data2\" content=\"7 minuter\" \/>\n<script type=\"application\/ld+json\" class=\"yoast-schema-graph\">{\"@context\":\"https:\\\/\\\/schema.org\",\"@graph\":[{\"@type\":\"Article\",\"@id\":\"https:\\\/\\\/www.interflora.se\\\/inspiration\\\/melodifestivalens-buketter-2024\\\/#article\",\"isPartOf\":{\"@id\":\"https:\\\/\\\/www.interflora.se\\\/inspiration\\\/melodifestivalens-buketter-2024\\\/\"},\"author\":{\"name\":\"admin\",\"@id\":\"https:\\\/\\\/www.interflora.se\\\/inspiration\\\/#\\\/schema\\\/person\\\/dbbd1ad45e05409c356dc639597669f2\"},\"headline\":\"Interflora skapar Melodifestivalens vinnarbuketter 2024\",\"datePublished\":\"2024-06-27T16:55:34+00:00\",\"dateModified\":\"2025-03-20T15:21:00+00:00\",\"mainEntityOfPage\":{\"@id\":\"https:\\\/\\\/www.interflora.se\\\/inspiration\\\/melodifestivalens-buketter-2024\\\/\"},\"wordCount\":1433,\"commentCount\":0,\"publisher\":{\"@id\":\"https:\\\/\\\/www.interflora.se\\\/inspiration\\\/#organization\"},\"image\":{\"@id\":\"https:\\\/\\\/www.interflora.se\\\/inspiration\\\/melodifestivalens-buketter-2024\\\/#primaryimage\"},\"thumbnailUrl\":\"https:\\\/\\\/www.interflora.se\\\/inspiration\\\/wp-content\\\/uploads\\\/2025\\\/03\\\/deltavling-3-vaxjo-3-webb.jpg\",\"articleSection\":[\"Senaste nytt\"],\"inLanguage\":\"sv-SE\",\"potentialAction\":[{\"@type\":\"CommentAction\",\"name\":\"Comment\",\"target\":[\"https:\\\/\\\/www.interflora.se\\\/inspiration\\\/melodifestivalens-buketter-2024\\\/#respond\"]}]},{\"@type\":\"WebPage\",\"@id\":\"https:\\\/\\\/www.interflora.se\\\/inspiration\\\/melodifestivalens-buketter-2024\\\/\",\"url\":\"https:\\\/\\\/www.interflora.se\\\/inspiration\\\/melodifestivalens-buketter-2024\\\/\",\"name\":\"Interflora skapar Melodifestivalens vinnarbuketter 2024 | Interflora\",\"isPartOf\":{\"@id\":\"https:\\\/\\\/www.interflora.se\\\/inspiration\\\/#website\"},\"primaryImageOfPage\":{\"@id\":\"https:\\\/\\\/www.interflora.se\\\/inspiration\\\/melodifestivalens-buketter-2024\\\/#primaryimage\"},\"image\":{\"@id\":\"https:\\\/\\\/www.interflora.se\\\/inspiration\\\/melodifestivalens-buketter-2024\\\/#primaryimage\"},\"thumbnailUrl\":\"https:\\\/\\\/www.interflora.se\\\/inspiration\\\/wp-content\\\/uploads\\\/2025\\\/03\\\/deltavling-3-vaxjo-3-webb.jpg\",\"datePublished\":\"2024-06-27T16:55:34+00:00\",\"dateModified\":\"2025-03-20T15:21:00+00:00\",\"breadcrumb\":{\"@id\":\"https:\\\/\\\/www.interflora.se\\\/inspiration\\\/melodifestivalens-buketter-2024\\\/#breadcrumb\"},\"inLanguage\":\"sv-SE\",\"potentialAction\":[{\"@type\":\"ReadAction\",\"target\":[\"https:\\\/\\\/www.interflora.se\\\/inspiration\\\/melodifestivalens-buketter-2024\\\/\"]}]},{\"@type\":\"ImageObject\",\"inLanguage\":\"sv-SE\",\"@id\":\"https:\\\/\\\/www.interflora.se\\\/inspiration\\\/melodifestivalens-buketter-2024\\\/#primaryimage\",\"url\":\"https:\\\/\\\/www.interflora.se\\\/inspiration\\\/wp-content\\\/uploads\\\/2025\\\/03\\\/deltavling-3-vaxjo-3-webb.jpg\",\"contentUrl\":\"https:\\\/\\\/www.interflora.se\\\/inspiration\\\/wp-content\\\/uploads\\\/2025\\\/03\\\/deltavling-3-vaxjo-3-webb.jpg\",\"width\":750,\"height\":1000},{\"@type\":\"BreadcrumbList\",\"@id\":\"https:\\\/\\\/www.interflora.se\\\/inspiration\\\/melodifestivalens-buketter-2024\\\/#breadcrumb\",\"itemListElement\":[{\"@type\":\"ListItem\",\"position\":1,\"name\":\"Home\",\"item\":\"https:\\\/\\\/www.interflora.se\\\/inspiration\\\/\"},{\"@type\":\"ListItem\",\"position\":2,\"name\":\"Interflora skapar Melodifestivalens vinnarbuketter 2024\"}]},{\"@type\":\"WebSite\",\"@id\":\"https:\\\/\\\/www.interflora.se\\\/inspiration\\\/#website\",\"url\":\"https:\\\/\\\/www.interflora.se\\\/inspiration\\\/\",\"name\":\"Interflora\",\"description\":\"\",\"publisher\":{\"@id\":\"https:\\\/\\\/www.interflora.se\\\/inspiration\\\/#organization\"},\"potentialAction\":[{\"@type\":\"SearchAction\",\"target\":{\"@type\":\"EntryPoint\",\"urlTemplate\":\"https:\\\/\\\/www.interflora.se\\\/inspiration\\\/?s={search_term_string}\"},\"query-input\":{\"@type\":\"PropertyValueSpecification\",\"valueRequired\":true,\"valueName\":\"search_term_string\"}}],\"inLanguage\":\"sv-SE\"},{\"@type\":\"Organization\",\"@id\":\"https:\\\/\\\/www.interflora.se\\\/inspiration\\\/#organization\",\"name\":\"Interflora\",\"url\":\"https:\\\/\\\/www.interflora.se\\\/inspiration\\\/\",\"logo\":{\"@type\":\"ImageObject\",\"inLanguage\":\"sv-SE\",\"@id\":\"https:\\\/\\\/www.interflora.se\\\/inspiration\\\/#\\\/schema\\\/logo\\\/image\\\/\",\"url\":\"https:\\\/\\\/www.interflora.se\\\/inspiration\\\/wp-content\\\/uploads\\\/2025\\\/09\\\/cropped-220422_INTERFLORA_Logo_rgb_Half_Top_Circle_Main_Color.avif\",\"contentUrl\":\"https:\\\/\\\/www.interflora.se\\\/inspiration\\\/wp-content\\\/uploads\\\/2025\\\/09\\\/cropped-220422_INTERFLORA_Logo_rgb_Half_Top_Circle_Main_Color.avif\",\"width\":1418,\"height\":662,\"caption\":\"Interflora\"},\"image\":{\"@id\":\"https:\\\/\\\/www.interflora.se\\\/inspiration\\\/#\\\/schema\\\/logo\\\/image\\\/\"},\"sameAs\":[\"https:\\\/\\\/www.facebook.com\\\/InterfloraAB\",\"https:\\\/\\\/www.instagram.com\\\/interflora_ab\\\/\",\"https:\\\/\\\/www.linkedin.com\\\/company\\\/1494362\",\"https:\\\/\\\/www.youtube.com\\\/channel\\\/UCZgDzGWB2VRxaoWFUmXnk1w\"]},{\"@type\":\"Person\",\"@id\":\"https:\\\/\\\/www.interflora.se\\\/inspiration\\\/#\\\/schema\\\/person\\\/dbbd1ad45e05409c356dc639597669f2\",\"name\":\"admin\",\"image\":{\"@type\":\"ImageObject\",\"inLanguage\":\"sv-SE\",\"@id\":\"https:\\\/\\\/www.interflora.se\\\/inspiration\\\/wp-content\\\/litespeed\\\/avatar\\\/1fe3cced9e67df62d0a6f995d75823a5.jpg?ver=1777362393\",\"url\":\"https:\\\/\\\/www.interflora.se\\\/inspiration\\\/wp-content\\\/litespeed\\\/avatar\\\/1fe3cced9e67df62d0a6f995d75823a5.jpg?ver=1777362393\",\"contentUrl\":\"https:\\\/\\\/www.interflora.se\\\/inspiration\\\/wp-content\\\/litespeed\\\/avatar\\\/1fe3cced9e67df62d0a6f995d75823a5.jpg?ver=1777362393\",\"caption\":\"admin\"},\"sameAs\":[\"https:\\\/\\\/www.interflora.se\\\/inspiration\"],\"url\":\"https:\\\/\\\/www.interflora.se\\\/inspiration\\\/author\\\/admin\\\/\"}]}<\/script>\n<!-- \/ Yoast SEO plugin. -->","yoast_head_json":{"title":"Interflora skapar Melodifestivalens vinnarbuketter 2024 | Interflora","robots":{"index":"index","follow":"follow","max-snippet":"max-snippet:-1","max-image-preview":"max-image-preview:large","max-video-preview":"max-video-preview:-1"},"canonical":"https:\/\/www.interflora.se\/inspiration\/melodifestivalens-buketter-2024\/","og_locale":"sv_SE","og_type":"article","og_title":"Interflora skapar Melodifestivalens vinnarbuketter 2024 | Interflora","og_description":"Interflora har blivit tilldelade det prestigefyllda uppdraget att \u00e5terigen designa segerbuketterna f\u00f6r samtliga delt\u00e4vlingar och den storslagna finalen av Melodifestivalen [&hellip;]","og_url":"https:\/\/www.interflora.se\/inspiration\/melodifestivalens-buketter-2024\/","og_site_name":"Inspiration om blommor, krukv\u00e4xter &amp; trender | Interflora","article_publisher":"https:\/\/www.facebook.com\/InterfloraAB","article_published_time":"2024-06-27T16:55:34+00:00","article_modified_time":"2025-03-20T15:21:00+00:00","og_image":[{"width":750,"height":1000,"url":"https:\/\/www.interflora.se\/inspiration\/wp-content\/uploads\/2025\/03\/deltavling-3-vaxjo-3-webb.jpg","type":"image\/jpeg"}],"author":"admin","twitter_card":"summary_large_image","twitter_misc":{"Skriven av":"admin","Ber\u00e4knad l\u00e4stid":"7 minuter"},"schema":{"@context":"https:\/\/schema.org","@graph":[{"@type":"Article","@id":"https:\/\/www.interflora.se\/inspiration\/melodifestivalens-buketter-2024\/#article","isPartOf":{"@id":"https:\/\/www.interflora.se\/inspiration\/melodifestivalens-buketter-2024\/"},"author":{"name":"admin","@id":"https:\/\/www.interflora.se\/inspiration\/#\/schema\/person\/dbbd1ad45e05409c356dc639597669f2"},"headline":"Interflora skapar Melodifestivalens vinnarbuketter 2024","datePublished":"2024-06-27T16:55:34+00:00","dateModified":"2025-03-20T15:21:00+00:00","mainEntityOfPage":{"@id":"https:\/\/www.interflora.se\/inspiration\/melodifestivalens-buketter-2024\/"},"wordCount":1433,"commentCount":0,"publisher":{"@id":"https:\/\/www.interflora.se\/inspiration\/#organization"},"image":{"@id":"https:\/\/www.interflora.se\/inspiration\/melodifestivalens-buketter-2024\/#primaryimage"},"thumbnailUrl":"https:\/\/www.interflora.se\/inspiration\/wp-content\/uploads\/2025\/03\/deltavling-3-vaxjo-3-webb.jpg","articleSection":["Senaste nytt"],"inLanguage":"sv-SE","potentialAction":[{"@type":"CommentAction","name":"Comment","target":["https:\/\/www.interflora.se\/inspiration\/melodifestivalens-buketter-2024\/#respond"]}]},{"@type":"WebPage","@id":"https:\/\/www.interflora.se\/inspiration\/melodifestivalens-buketter-2024\/","url":"https:\/\/www.interflora.se\/inspiration\/melodifestivalens-buketter-2024\/","name":"Interflora skapar Melodifestivalens vinnarbuketter 2024 | Interflora","isPartOf":{"@id":"https:\/\/www.interflora.se\/inspiration\/#website"},"primaryImageOfPage":{"@id":"https:\/\/www.interflora.se\/inspiration\/melodifestivalens-buketter-2024\/#primaryimage"},"image":{"@id":"https:\/\/www.interflora.se\/inspiration\/melodifestivalens-buketter-2024\/#primaryimage"},"thumbnailUrl":"https:\/\/www.interflora.se\/inspiration\/wp-content\/uploads\/2025\/03\/deltavling-3-vaxjo-3-webb.jpg","datePublished":"2024-06-27T16:55:34+00:00","dateModified":"2025-03-20T15:21:00+00:00","breadcrumb":{"@id":"https:\/\/www.interflora.se\/inspiration\/melodifestivalens-buketter-2024\/#breadcrumb"},"inLanguage":"sv-SE","potentialAction":[{"@type":"ReadAction","target":["https:\/\/www.interflora.se\/inspiration\/melodifestivalens-buketter-2024\/"]}]},{"@type":"ImageObject","inLanguage":"sv-SE","@id":"https:\/\/www.interflora.se\/inspiration\/melodifestivalens-buketter-2024\/#primaryimage","url":"https:\/\/www.interflora.se\/inspiration\/wp-content\/uploads\/2025\/03\/deltavling-3-vaxjo-3-webb.jpg","contentUrl":"https:\/\/www.interflora.se\/inspiration\/wp-content\/uploads\/2025\/03\/deltavling-3-vaxjo-3-webb.jpg","width":750,"height":1000},{"@type":"BreadcrumbList","@id":"https:\/\/www.interflora.se\/inspiration\/melodifestivalens-buketter-2024\/#breadcrumb","itemListElement":[{"@type":"ListItem","position":1,"name":"Home","item":"https:\/\/www.interflora.se\/inspiration\/"},{"@type":"ListItem","position":2,"name":"Interflora skapar Melodifestivalens vinnarbuketter 2024"}]},{"@type":"WebSite","@id":"https:\/\/www.interflora.se\/inspiration\/#website","url":"https:\/\/www.interflora.se\/inspiration\/","name":"Interflora","description":"","publisher":{"@id":"https:\/\/www.interflora.se\/inspiration\/#organization"},"potentialAction":[{"@type":"SearchAction","target":{"@type":"EntryPoint","urlTemplate":"https:\/\/www.interflora.se\/inspiration\/?s={search_term_string}"},"query-input":{"@type":"PropertyValueSpecification","valueRequired":true,"valueName":"search_term_string"}}],"inLanguage":"sv-SE"},{"@type":"Organization","@id":"https:\/\/www.interflora.se\/inspiration\/#organization","name":"Interflora","url":"https:\/\/www.interflora.se\/inspiration\/","logo":{"@type":"ImageObject","inLanguage":"sv-SE","@id":"https:\/\/www.interflora.se\/inspiration\/#\/schema\/logo\/image\/","url":"https:\/\/www.interflora.se\/inspiration\/wp-content\/uploads\/2025\/09\/cropped-220422_INTERFLORA_Logo_rgb_Half_Top_Circle_Main_Color.avif","contentUrl":"https:\/\/www.interflora.se\/inspiration\/wp-content\/uploads\/2025\/09\/cropped-220422_INTERFLORA_Logo_rgb_Half_Top_Circle_Main_Color.avif","width":1418,"height":662,"caption":"Interflora"},"image":{"@id":"https:\/\/www.interflora.se\/inspiration\/#\/schema\/logo\/image\/"},"sameAs":["https:\/\/www.facebook.com\/InterfloraAB","https:\/\/www.instagram.com\/interflora_ab\/","https:\/\/www.linkedin.com\/company\/1494362","https:\/\/www.youtube.com\/channel\/UCZgDzGWB2VRxaoWFUmXnk1w"]},{"@type":"Person","@id":"https:\/\/www.interflora.se\/inspiration\/#\/schema\/person\/dbbd1ad45e05409c356dc639597669f2","name":"admin","image":{"@type":"ImageObject","inLanguage":"sv-SE","@id":"https:\/\/www.interflora.se\/inspiration\/wp-content\/litespeed\/avatar\/1fe3cced9e67df62d0a6f995d75823a5.jpg?ver=1777362393","url":"https:\/\/www.interflora.se\/inspiration\/wp-content\/litespeed\/avatar\/1fe3cced9e67df62d0a6f995d75823a5.jpg?ver=1777362393","contentUrl":"https:\/\/www.interflora.se\/inspiration\/wp-content\/litespeed\/avatar\/1fe3cced9e67df62d0a6f995d75823a5.jpg?ver=1777362393","caption":"admin"},"sameAs":["https:\/\/www.interflora.se\/inspiration"],"url":"https:\/\/www.interflora.se\/inspiration\/author\/admin\/"}]}},"uagb_featured_image_src":{"full":["https:\/\/www.interflora.se\/inspiration\/wp-content\/uploads\/2025\/03\/deltavling-3-vaxjo-3-webb.jpg",750,1000,false],"thumbnail":["https:\/\/www.interflora.se\/inspiration\/wp-content\/uploads\/2025\/03\/deltavling-3-vaxjo-3-webb-150x150.jpg",150,150,true],"medium":["https:\/\/www.interflora.se\/inspiration\/wp-content\/uploads\/2025\/03\/deltavling-3-vaxjo-3-webb-225x300.jpg",225,300,true],"medium_large":["https:\/\/www.interflora.se\/inspiration\/wp-content\/uploads\/2025\/03\/deltavling-3-vaxjo-3-webb.jpg",750,1000,false],"large":["https:\/\/www.interflora.se\/inspiration\/wp-content\/uploads\/2025\/03\/deltavling-3-vaxjo-3-webb.jpg",750,1000,false],"1536x1536":["https:\/\/www.interflora.se\/inspiration\/wp-content\/uploads\/2025\/03\/deltavling-3-vaxjo-3-webb.jpg",750,1000,false],"2048x2048":["https:\/\/www.interflora.se\/inspiration\/wp-content\/uploads\/2025\/03\/deltavling-3-vaxjo-3-webb.jpg",750,1000,false]},"uagb_author_info":{"display_name":"admin","author_link":"https:\/\/www.interflora.se\/inspiration\/author\/admin\/"},"uagb_comment_info":0,"uagb_excerpt":"Interflora har blivit tilldelade det prestigefyllda uppdraget att \u00e5terigen designa segerbuketterna f\u00f6r samtliga delt\u00e4vlingar och den storslagna finalen av Melodifestivalen [&hellip;]","_links":{"self":[{"href":"https:\/\/www.interflora.se\/inspiration\/wp-json\/wp\/v2\/posts\/329","targetHints":{"allow":["GET"]}}],"collection":[{"href":"https:\/\/www.interflora.se\/inspiration\/wp-json\/wp\/v2\/posts"}],"about":[{"href":"https:\/\/www.interflora.se\/inspiration\/wp-json\/wp\/v2\/types\/post"}],"author":[{"embeddable":true,"href":"https:\/\/www.interflora.se\/inspiration\/wp-json\/wp\/v2\/users\/1"}],"replies":[{"embeddable":true,"href":"https:\/\/www.interflora.se\/inspiration\/wp-json\/wp\/v2\/comments?post=329"}],"version-history":[{"count":2,"href":"https:\/\/www.interflora.se\/inspiration\/wp-json\/wp\/v2\/posts\/329\/revisions"}],"predecessor-version":[{"id":1022,"href":"https:\/\/www.interflora.se\/inspiration\/wp-json\/wp\/v2\/posts\/329\/revisions\/1022"}],"wp:featuredmedia":[{"embeddable":true,"href":"https:\/\/www.interflora.se\/inspiration\/wp-json\/wp\/v2\/media\/1014"}],"wp:attachment":[{"href":"https:\/\/www.interflora.se\/inspiration\/wp-json\/wp\/v2\/media?parent=329"}],"wp:term":[{"taxonomy":"category","embeddable":true,"href":"https:\/\/www.interflora.se\/inspiration\/wp-json\/wp\/v2\/categories?post=329"},{"taxonomy":"post_tag","embeddable":true,"href":"https:\/\/www.interflora.se\/inspiration\/wp-json\/wp\/v2\/tags?post=329"}],"curies":[{"name":"wp","href":"https:\/\/api.w.org\/{rel}","templated":true}]}}