{"id":324,"date":"2023-09-28T06:27:52","date_gmt":"2023-09-28T04:27:52","guid":{"rendered":"http:\/\/preprodblog.interflora.se\/blog\/?p=324"},"modified":"2025-03-26T14:39:45","modified_gmt":"2025-03-26T13:39:45","slug":"mats-ola-intervju","status":"publish","type":"post","link":"https:\/\/www.interflora.se\/inspiration\/mats-ola-intervju\/","title":{"rendered":"M\u00f6t m\u00e4sterfloristen Mats-Ola Andersson"},"content":{"rendered":"\n<p>F\u00f6r m\u00e4sterfloristen Mats-Ola Andersson \u00e4r&nbsp;det&nbsp;amaryllisens klockor&nbsp;som&nbsp;ringer in&nbsp;advent&nbsp;och&nbsp;jul.&nbsp;Hyacintens v\u00e4ldoft&nbsp;\u00e4r lika viktig.&nbsp;Utan l\u00f6kv\u00e4xter ingen riktig st\u00e4mning,&nbsp;tycker han.&nbsp;<\/p>\n\n\n\n<p>Han kombinerar praktfullt och exklusivt med mossa, l\u00e4rk och, kottar. Bland Mats-Olas specialdesignade julkreationer f\u00f6r Interflora finns b\u00e5de det sparsmakat eleganta och det floristiskt \u00f6verd\u00e5diga, som en bordsdekoration fylld med granat\u00e4pplen, orkid\u00e9er och ros\u00e9peppar och en magnifikt blomstrande julgran.<\/p>\n\n\n\n<figure class=\"wp-block-image aligncenter size-full\"><img loading=\"lazy\" decoding=\"async\" width=\"1000\" height=\"800\" src=\"https:\/\/www.interflora.se\/inspiration\/wp-content\/uploads\/2023\/09\/image-3.png\" alt=\"\" class=\"wp-image-2020\" srcset=\"https:\/\/www.interflora.se\/inspiration\/wp-content\/uploads\/2023\/09\/image-3.png 1000w, https:\/\/www.interflora.se\/inspiration\/wp-content\/uploads\/2023\/09\/image-3-300x240.png 300w, https:\/\/www.interflora.se\/inspiration\/wp-content\/uploads\/2023\/09\/image-3-768x614.png 768w\" sizes=\"auto, (max-width: 1000px) 100vw, 1000px\" \/><\/figure>\n\n\n\n<p>\u2013 Jag har alltid brunnit f\u00f6r hantverket och tycker att det \u00e4r n\u00e5got vi florister ska vara stolta \u00f6ver, s\u00e4ger han.\u00a0<\/p>\n\n\n\n<div class=\"wp-block-buttons is-content-justification-center is-layout-flex wp-container-core-buttons-is-layout-a89b3969 wp-block-buttons-is-layout-flex\">\n<div class=\"wp-block-button\"><a class=\"wp-block-button__link wp-element-button\" href=\"https:\/\/www.interflora.se\/interflora\/produktkategorier\/masterflorist\/\">SKICKA LYXBUKETT<\/a><\/div>\n<\/div>\n\n\n\n<p>Mats-Ola har jobbat kreativt hela livet. Redan i skol\u00e5ldern b\u00f6rjade han i sin farbrors blomsterbutik i sk\u00e5nska Tollarp. Efter floristutbildningen i Norrk\u00f6ping f\u00f6ljde n\u00e5gra \u00e5r som frilans, d\u00e5 han \u00e4ven lade flera t\u00e4vlingstitlar till sitt cv. Bland annat vann han floristt\u00e4vlingen Stockholm Open tre g\u00e5nger, blev sk\u00e5nsk m\u00e4stare och t\u00e4vlade f\u00f6r Sverige i EM i blomsterbinderi. Nu \u00e4r han en av Interfloras m\u00e4sterflorister med ett eget lyxsortiment p\u00e5 interflora.se.<\/p>\n\n\n\n<figure class=\"wp-block-image aligncenter size-full\"><img loading=\"lazy\" decoding=\"async\" width=\"1000\" height=\"800\" src=\"https:\/\/www.interflora.se\/inspiration\/wp-content\/uploads\/2023\/09\/image-4.png\" alt=\"\" class=\"wp-image-2021\" srcset=\"https:\/\/www.interflora.se\/inspiration\/wp-content\/uploads\/2023\/09\/image-4.png 1000w, https:\/\/www.interflora.se\/inspiration\/wp-content\/uploads\/2023\/09\/image-4-300x240.png 300w, https:\/\/www.interflora.se\/inspiration\/wp-content\/uploads\/2023\/09\/image-4-768x614.png 768w\" sizes=\"auto, (max-width: 1000px) 100vw, 1000px\" \/><\/figure>\n\n\n\n<p>Sedan 30 \u00e5r driver han sin egen blomsterhandel i centrala Kristianstad. En aktiv \u00e4gare med b\u00e5da f\u00f6tterna p\u00e5 butiksgolvet.&nbsp;&nbsp;<\/p>\n\n\n\n<p>\u2013 Som Interfloras m\u00e4sterflorist vill jag passa p\u00e5 att visa vad vi kan g\u00f6ra. Riktigt stora kransar till exempel. En diameter p\u00e5 120 cm, det \u00e4r ganska h\u00e4ftigt. Den \u00e4r j\u00e4ttefin att luta mot husv\u00e4ggen \u2013 och vill man s\u00e4tta belysning i den s\u00e5 blir det extra bling.<\/p>\n\n\n\n<figure class=\"wp-block-image aligncenter size-full\"><img loading=\"lazy\" decoding=\"async\" width=\"1000\" height=\"800\" src=\"https:\/\/www.interflora.se\/inspiration\/wp-content\/uploads\/2023\/09\/image-5.png\" alt=\"\" class=\"wp-image-2022\" srcset=\"https:\/\/www.interflora.se\/inspiration\/wp-content\/uploads\/2023\/09\/image-5.png 1000w, https:\/\/www.interflora.se\/inspiration\/wp-content\/uploads\/2023\/09\/image-5-300x240.png 300w, https:\/\/www.interflora.se\/inspiration\/wp-content\/uploads\/2023\/09\/image-5-768x614.png 768w\" sizes=\"auto, (max-width: 1000px) 100vw, 1000px\" \/><\/figure>\n\n\n\n<p>Den stora kransen kompletteras av en mindre i samma stil. Ytterligare en modell ing\u00e5r, lindad med kuddmossa och skogsmaterial som kvistar av l\u00e4rk.&nbsp;<\/p>\n\n\n\n<p>Den som vill l\u00e4gga en krans p\u00e5 bordet hittar ocks\u00e5 vad den s\u00f6ker bland Mats-Olas verk. Han har bland annat gjort en med vita hyacinter p\u00e5 l\u00f6k som f\u00f6r tankarna till ett vinterlandskap. Materialet \u00e4r alltigenom \u00e5tervinningsbart.<\/p>\n\n\n\n<figure class=\"wp-block-image aligncenter size-full\"><img loading=\"lazy\" decoding=\"async\" width=\"1000\" height=\"800\" src=\"https:\/\/www.interflora.se\/inspiration\/wp-content\/uploads\/2023\/09\/image-6.png\" alt=\"\" class=\"wp-image-2023\" srcset=\"https:\/\/www.interflora.se\/inspiration\/wp-content\/uploads\/2023\/09\/image-6.png 1000w, https:\/\/www.interflora.se\/inspiration\/wp-content\/uploads\/2023\/09\/image-6-300x240.png 300w, https:\/\/www.interflora.se\/inspiration\/wp-content\/uploads\/2023\/09\/image-6-768x614.png 768w\" sizes=\"auto, (max-width: 1000px) 100vw, 1000px\" \/><\/figure>\n\n\n\n<p>\u2013 Den binds med garn eller sn\u00f6re p\u00e5 halmstomme och l\u00f6karna f\u00e4sts med blomsterpinnar av tr\u00e4, s\u00e5 n\u00e4r julen \u00e4r \u00f6ver kan man l\u00e4gga hela bordskransen p\u00e5 komposten, s\u00e4ger Mats-Ola.&nbsp;<\/p>\n\n\n\n<p>Om man inte vill spara l\u00f6karna f\u00f6rst\u00e5s, l\u00e5ta dem g\u00e5 i vila och \u00e5teranv\u00e4nda dem. Det kan man \u00e4ven g\u00f6ra med de st\u00e5tliga vita amaryllisarna som pryder hans bordsdekoration p\u00e5 fat.&nbsp;<\/p>\n\n\n\n<p>\u2013 Amaryllis \u00e4r julens mest majest\u00e4tiska blomma, s\u00e5 fin att f\u00f6lja fr\u00e5n knopp till helt utslagen.&nbsp;&nbsp;<\/p>\n\n\n\n<p>F\u00f6r den som f\u00f6redrar snittamaryllis har han designat en magisk bukett i tv\u00e5 gener\u00f6sa storlekar. \u00d6ver de r\u00f6da klockarna sv\u00e4var kvistar fr\u00e5n skogen.<\/p>\n\n\n\n<figure class=\"wp-block-image aligncenter size-full\"><img loading=\"lazy\" decoding=\"async\" width=\"1000\" height=\"800\" src=\"https:\/\/www.interflora.se\/inspiration\/wp-content\/uploads\/2023\/09\/image-7.png\" alt=\"\" class=\"wp-image-2024\" srcset=\"https:\/\/www.interflora.se\/inspiration\/wp-content\/uploads\/2023\/09\/image-7.png 1000w, https:\/\/www.interflora.se\/inspiration\/wp-content\/uploads\/2023\/09\/image-7-300x240.png 300w, https:\/\/www.interflora.se\/inspiration\/wp-content\/uploads\/2023\/09\/image-7-768x614.png 768w\" sizes=\"auto, (max-width: 1000px) 100vw, 1000px\" \/><\/figure>\n\n\n\n<p>Sist men definitivt inte minst levererar Mats-Ola julens lyxigaste och vackraste julgran kl\u00e4dd i en blomsterskrud av amaryllis, anemon, ranunkel, hyacint, ros\u00e9peppar och nerine &#8211; ett m\u00e4sterligt hantverk.&nbsp;<\/p>\n\n\n\n<p>\u2013 Jag hoppas att granen inspirerar p\u00e5 flera s\u00e4tt, \u00e4ven till nya uttryck, s\u00e4ger Mats-Ola.<\/p>\n\n\n\n<figure class=\"wp-block-image aligncenter size-full\"><img loading=\"lazy\" decoding=\"async\" width=\"1000\" height=\"800\" src=\"https:\/\/www.interflora.se\/inspiration\/wp-content\/uploads\/2023\/09\/image-8.png\" alt=\"\" class=\"wp-image-2025\" srcset=\"https:\/\/www.interflora.se\/inspiration\/wp-content\/uploads\/2023\/09\/image-8.png 1000w, https:\/\/www.interflora.se\/inspiration\/wp-content\/uploads\/2023\/09\/image-8-300x240.png 300w, https:\/\/www.interflora.se\/inspiration\/wp-content\/uploads\/2023\/09\/image-8-768x614.png 768w\" sizes=\"auto, (max-width: 1000px) 100vw, 1000px\" \/><\/figure>\n\n\n\n<p class=\"has-large-font-size\"><strong><em>\u201dJag vill inspirera till nya uttryck\u201d\u00a0<\/em><\/strong><\/p>\n\n\n\n<p>Namn:&nbsp;Mats-Ola Andersson.&nbsp;<br>Driver:&nbsp;Blomsterhandel Mats-Ola Andersson, Interflora, Kristianstad.&nbsp;<br>\u00c5r i yrket: 38&nbsp;<br>Styrka:&nbsp;L\u00e4tt f\u00f6r att skapa med h\u00e4nderna och t\u00e4nka utanf\u00f6r boxen.&nbsp;<br>Tips i jul:&nbsp;Kl\u00e4 julgranen i blommor! Vill du testa i lite mindre skala s\u00e5 k\u00f6p en bordsgran.&nbsp;S\u00e4tt blommorna i sm\u00e5 glasvaser som g\u00e5r att kl\u00e4mma fast p\u00e5 grenarna. Eller fr\u00e5ga efter provr\u00f6rsvaser hos din blomsterhandlare.&nbsp;&nbsp;&nbsp;<\/p>\n\n\n\n<p><\/p>\n","protected":false},"excerpt":{"rendered":"<p>F\u00f6r m\u00e4sterfloristen Mats-Ola Andersson \u00e4r&nbsp;det&nbsp;amaryllisens klockor&nbsp;som&nbsp;ringer in&nbsp;advent&nbsp;och&nbsp;jul.&nbsp;Hyacintens v\u00e4ldoft&nbsp;\u00e4r lika viktig.&nbsp;Utan l\u00f6kv\u00e4xter ingen riktig st\u00e4mning,&nbsp;tycker han.&nbsp; Han kombinerar praktfullt och exklusivt [&hellip;]<\/p>\n","protected":false},"author":1,"featured_media":2024,"comment_status":"open","ping_status":"open","sticky":false,"template":"","format":"standard","meta":{"_uag_custom_page_level_css":"","site-sidebar-layout":"default","site-content-layout":"","ast-site-content-layout":"default","site-content-style":"default","site-sidebar-style":"default","ast-global-header-display":"","ast-banner-title-visibility":"","ast-main-header-display":"","ast-hfb-above-header-display":"","ast-hfb-below-header-display":"","ast-hfb-mobile-header-display":"","site-post-title":"","ast-breadcrumbs-content":"","ast-featured-img":"","footer-sml-layout":"","ast-disable-related-posts":"","theme-transparent-header-meta":"","adv-header-id-meta":"","stick-header-meta":"","header-above-stick-meta":"","header-main-stick-meta":"","header-below-stick-meta":"","astra-migrate-meta-layouts":"default","ast-page-background-enabled":"default","ast-page-background-meta":{"desktop":{"background-color":"var(--ast-global-color-5)","background-image":"","background-repeat":"repeat","background-position":"center center","background-size":"auto","background-attachment":"scroll","background-type":"","background-media":"","overlay-type":"","overlay-color":"","overlay-opacity":"","overlay-gradient":""},"tablet":{"background-color":"","background-image":"","background-repeat":"repeat","background-position":"center center","background-size":"auto","background-attachment":"scroll","background-type":"","background-media":"","overlay-type":"","overlay-color":"","overlay-opacity":"","overlay-gradient":""},"mobile":{"background-color":"","background-image":"","background-repeat":"repeat","background-position":"center center","background-size":"auto","background-attachment":"scroll","background-type":"","background-media":"","overlay-type":"","overlay-color":"","overlay-opacity":"","overlay-gradient":""}},"ast-content-background-meta":{"desktop":{"background-color":"var(--ast-global-color-4)","background-image":"","background-repeat":"repeat","background-position":"center center","background-size":"auto","background-attachment":"scroll","background-type":"","background-media":"","overlay-type":"","overlay-color":"","overlay-opacity":"","overlay-gradient":""},"tablet":{"background-color":"var(--ast-global-color-4)","background-image":"","background-repeat":"repeat","background-position":"center center","background-size":"auto","background-attachment":"scroll","background-type":"","background-media":"","overlay-type":"","overlay-color":"","overlay-opacity":"","overlay-gradient":""},"mobile":{"background-color":"var(--ast-global-color-4)","background-image":"","background-repeat":"repeat","background-position":"center center","background-size":"auto","background-attachment":"scroll","background-type":"","background-media":"","overlay-type":"","overlay-color":"","overlay-opacity":"","overlay-gradient":""}},"footnotes":""},"categories":[12],"tags":[],"class_list":["post-324","post","type-post","status-publish","format-standard","has-post-thumbnail","hentry","category-mot-vara-florister"],"yoast_head":"<!-- This site is optimized with the Yoast SEO plugin v27.4 - https:\/\/yoast.com\/product\/yoast-seo-wordpress\/ -->\n<title>M\u00f6t m\u00e4sterfloristen Mats-Ola Andersson | Interflora<\/title>\n<meta name=\"robots\" content=\"index, follow, max-snippet:-1, max-image-preview:large, max-video-preview:-1\" \/>\n<link rel=\"canonical\" href=\"https:\/\/www.interflora.se\/inspiration\/mats-ola-intervju\/\" \/>\n<meta property=\"og:locale\" content=\"sv_SE\" \/>\n<meta property=\"og:type\" content=\"article\" \/>\n<meta property=\"og:title\" content=\"M\u00f6t m\u00e4sterfloristen Mats-Ola Andersson | Interflora\" \/>\n<meta property=\"og:description\" content=\"F\u00f6r m\u00e4sterfloristen Mats-Ola Andersson \u00e4r&nbsp;det&nbsp;amaryllisens klockor&nbsp;som&nbsp;ringer in&nbsp;advent&nbsp;och&nbsp;jul.&nbsp;Hyacintens v\u00e4ldoft&nbsp;\u00e4r lika viktig.&nbsp;Utan l\u00f6kv\u00e4xter ingen riktig st\u00e4mning,&nbsp;tycker han.&nbsp; Han kombinerar praktfullt och exklusivt [&hellip;]\" \/>\n<meta property=\"og:url\" content=\"https:\/\/www.interflora.se\/inspiration\/mats-ola-intervju\/\" \/>\n<meta property=\"og:site_name\" content=\"Inspiration om blommor, krukv\u00e4xter &amp; trender | Interflora\" \/>\n<meta property=\"article:publisher\" content=\"https:\/\/www.facebook.com\/InterfloraAB\" \/>\n<meta property=\"article:published_time\" content=\"2023-09-28T04:27:52+00:00\" \/>\n<meta property=\"article:modified_time\" content=\"2025-03-26T13:39:45+00:00\" \/>\n<meta property=\"og:image\" content=\"https:\/\/www.interflora.se\/inspiration\/wp-content\/uploads\/2023\/09\/image-7.png\" \/>\n\t<meta property=\"og:image:width\" content=\"1000\" \/>\n\t<meta property=\"og:image:height\" content=\"800\" \/>\n\t<meta property=\"og:image:type\" content=\"image\/png\" \/>\n<meta name=\"author\" content=\"admin\" \/>\n<meta name=\"twitter:card\" content=\"summary_large_image\" \/>\n<meta name=\"twitter:label1\" content=\"Skriven av\" \/>\n\t<meta name=\"twitter:data1\" content=\"admin\" \/>\n\t<meta name=\"twitter:label2\" content=\"Ber\u00e4knad l\u00e4stid\" \/>\n\t<meta name=\"twitter:data2\" content=\"3 minuter\" \/>\n<script type=\"application\/ld+json\" class=\"yoast-schema-graph\">{\"@context\":\"https:\\\/\\\/schema.org\",\"@graph\":[{\"@type\":\"Article\",\"@id\":\"https:\\\/\\\/www.interflora.se\\\/inspiration\\\/mats-ola-intervju\\\/#article\",\"isPartOf\":{\"@id\":\"https:\\\/\\\/www.interflora.se\\\/inspiration\\\/mats-ola-intervju\\\/\"},\"author\":{\"name\":\"admin\",\"@id\":\"https:\\\/\\\/www.interflora.se\\\/inspiration\\\/#\\\/schema\\\/person\\\/dbbd1ad45e05409c356dc639597669f2\"},\"headline\":\"M\u00f6t m\u00e4sterfloristen Mats-Ola Andersson\",\"datePublished\":\"2023-09-28T04:27:52+00:00\",\"dateModified\":\"2025-03-26T13:39:45+00:00\",\"mainEntityOfPage\":{\"@id\":\"https:\\\/\\\/www.interflora.se\\\/inspiration\\\/mats-ola-intervju\\\/\"},\"wordCount\":606,\"commentCount\":0,\"publisher\":{\"@id\":\"https:\\\/\\\/www.interflora.se\\\/inspiration\\\/#organization\"},\"image\":{\"@id\":\"https:\\\/\\\/www.interflora.se\\\/inspiration\\\/mats-ola-intervju\\\/#primaryimage\"},\"thumbnailUrl\":\"https:\\\/\\\/www.interflora.se\\\/inspiration\\\/wp-content\\\/uploads\\\/2023\\\/09\\\/image-7.png\",\"articleSection\":[\"M\u00f6t v\u00e5ra florister\"],\"inLanguage\":\"sv-SE\",\"potentialAction\":[{\"@type\":\"CommentAction\",\"name\":\"Comment\",\"target\":[\"https:\\\/\\\/www.interflora.se\\\/inspiration\\\/mats-ola-intervju\\\/#respond\"]}]},{\"@type\":\"WebPage\",\"@id\":\"https:\\\/\\\/www.interflora.se\\\/inspiration\\\/mats-ola-intervju\\\/\",\"url\":\"https:\\\/\\\/www.interflora.se\\\/inspiration\\\/mats-ola-intervju\\\/\",\"name\":\"M\u00f6t m\u00e4sterfloristen Mats-Ola Andersson | Interflora\",\"isPartOf\":{\"@id\":\"https:\\\/\\\/www.interflora.se\\\/inspiration\\\/#website\"},\"primaryImageOfPage\":{\"@id\":\"https:\\\/\\\/www.interflora.se\\\/inspiration\\\/mats-ola-intervju\\\/#primaryimage\"},\"image\":{\"@id\":\"https:\\\/\\\/www.interflora.se\\\/inspiration\\\/mats-ola-intervju\\\/#primaryimage\"},\"thumbnailUrl\":\"https:\\\/\\\/www.interflora.se\\\/inspiration\\\/wp-content\\\/uploads\\\/2023\\\/09\\\/image-7.png\",\"datePublished\":\"2023-09-28T04:27:52+00:00\",\"dateModified\":\"2025-03-26T13:39:45+00:00\",\"breadcrumb\":{\"@id\":\"https:\\\/\\\/www.interflora.se\\\/inspiration\\\/mats-ola-intervju\\\/#breadcrumb\"},\"inLanguage\":\"sv-SE\",\"potentialAction\":[{\"@type\":\"ReadAction\",\"target\":[\"https:\\\/\\\/www.interflora.se\\\/inspiration\\\/mats-ola-intervju\\\/\"]}]},{\"@type\":\"ImageObject\",\"inLanguage\":\"sv-SE\",\"@id\":\"https:\\\/\\\/www.interflora.se\\\/inspiration\\\/mats-ola-intervju\\\/#primaryimage\",\"url\":\"https:\\\/\\\/www.interflora.se\\\/inspiration\\\/wp-content\\\/uploads\\\/2023\\\/09\\\/image-7.png\",\"contentUrl\":\"https:\\\/\\\/www.interflora.se\\\/inspiration\\\/wp-content\\\/uploads\\\/2023\\\/09\\\/image-7.png\",\"width\":1000,\"height\":800},{\"@type\":\"BreadcrumbList\",\"@id\":\"https:\\\/\\\/www.interflora.se\\\/inspiration\\\/mats-ola-intervju\\\/#breadcrumb\",\"itemListElement\":[{\"@type\":\"ListItem\",\"position\":1,\"name\":\"Home\",\"item\":\"https:\\\/\\\/www.interflora.se\\\/inspiration\\\/\"},{\"@type\":\"ListItem\",\"position\":2,\"name\":\"M\u00f6t m\u00e4sterfloristen Mats-Ola Andersson\"}]},{\"@type\":\"WebSite\",\"@id\":\"https:\\\/\\\/www.interflora.se\\\/inspiration\\\/#website\",\"url\":\"https:\\\/\\\/www.interflora.se\\\/inspiration\\\/\",\"name\":\"Interflora\",\"description\":\"\",\"publisher\":{\"@id\":\"https:\\\/\\\/www.interflora.se\\\/inspiration\\\/#organization\"},\"potentialAction\":[{\"@type\":\"SearchAction\",\"target\":{\"@type\":\"EntryPoint\",\"urlTemplate\":\"https:\\\/\\\/www.interflora.se\\\/inspiration\\\/?s={search_term_string}\"},\"query-input\":{\"@type\":\"PropertyValueSpecification\",\"valueRequired\":true,\"valueName\":\"search_term_string\"}}],\"inLanguage\":\"sv-SE\"},{\"@type\":\"Organization\",\"@id\":\"https:\\\/\\\/www.interflora.se\\\/inspiration\\\/#organization\",\"name\":\"Interflora\",\"url\":\"https:\\\/\\\/www.interflora.se\\\/inspiration\\\/\",\"logo\":{\"@type\":\"ImageObject\",\"inLanguage\":\"sv-SE\",\"@id\":\"https:\\\/\\\/www.interflora.se\\\/inspiration\\\/#\\\/schema\\\/logo\\\/image\\\/\",\"url\":\"https:\\\/\\\/www.interflora.se\\\/inspiration\\\/wp-content\\\/uploads\\\/2025\\\/09\\\/cropped-220422_INTERFLORA_Logo_rgb_Half_Top_Circle_Main_Color.avif\",\"contentUrl\":\"https:\\\/\\\/www.interflora.se\\\/inspiration\\\/wp-content\\\/uploads\\\/2025\\\/09\\\/cropped-220422_INTERFLORA_Logo_rgb_Half_Top_Circle_Main_Color.avif\",\"width\":1418,\"height\":662,\"caption\":\"Interflora\"},\"image\":{\"@id\":\"https:\\\/\\\/www.interflora.se\\\/inspiration\\\/#\\\/schema\\\/logo\\\/image\\\/\"},\"sameAs\":[\"https:\\\/\\\/www.facebook.com\\\/InterfloraAB\",\"https:\\\/\\\/www.instagram.com\\\/interflora_ab\\\/\",\"https:\\\/\\\/www.linkedin.com\\\/company\\\/1494362\",\"https:\\\/\\\/www.youtube.com\\\/channel\\\/UCZgDzGWB2VRxaoWFUmXnk1w\"]},{\"@type\":\"Person\",\"@id\":\"https:\\\/\\\/www.interflora.se\\\/inspiration\\\/#\\\/schema\\\/person\\\/dbbd1ad45e05409c356dc639597669f2\",\"name\":\"admin\",\"image\":{\"@type\":\"ImageObject\",\"inLanguage\":\"sv-SE\",\"@id\":\"https:\\\/\\\/www.interflora.se\\\/inspiration\\\/wp-content\\\/litespeed\\\/avatar\\\/1fe3cced9e67df62d0a6f995d75823a5.jpg?ver=1777362393\",\"url\":\"https:\\\/\\\/www.interflora.se\\\/inspiration\\\/wp-content\\\/litespeed\\\/avatar\\\/1fe3cced9e67df62d0a6f995d75823a5.jpg?ver=1777362393\",\"contentUrl\":\"https:\\\/\\\/www.interflora.se\\\/inspiration\\\/wp-content\\\/litespeed\\\/avatar\\\/1fe3cced9e67df62d0a6f995d75823a5.jpg?ver=1777362393\",\"caption\":\"admin\"},\"sameAs\":[\"https:\\\/\\\/www.interflora.se\\\/inspiration\"],\"url\":\"https:\\\/\\\/www.interflora.se\\\/inspiration\\\/author\\\/admin\\\/\"}]}<\/script>\n<!-- \/ Yoast SEO plugin. -->","yoast_head_json":{"title":"M\u00f6t m\u00e4sterfloristen Mats-Ola Andersson | Interflora","robots":{"index":"index","follow":"follow","max-snippet":"max-snippet:-1","max-image-preview":"max-image-preview:large","max-video-preview":"max-video-preview:-1"},"canonical":"https:\/\/www.interflora.se\/inspiration\/mats-ola-intervju\/","og_locale":"sv_SE","og_type":"article","og_title":"M\u00f6t m\u00e4sterfloristen Mats-Ola Andersson | Interflora","og_description":"F\u00f6r m\u00e4sterfloristen Mats-Ola Andersson \u00e4r&nbsp;det&nbsp;amaryllisens klockor&nbsp;som&nbsp;ringer in&nbsp;advent&nbsp;och&nbsp;jul.&nbsp;Hyacintens v\u00e4ldoft&nbsp;\u00e4r lika viktig.&nbsp;Utan l\u00f6kv\u00e4xter ingen riktig st\u00e4mning,&nbsp;tycker han.&nbsp; Han kombinerar praktfullt och exklusivt [&hellip;]","og_url":"https:\/\/www.interflora.se\/inspiration\/mats-ola-intervju\/","og_site_name":"Inspiration om blommor, krukv\u00e4xter &amp; trender | Interflora","article_publisher":"https:\/\/www.facebook.com\/InterfloraAB","article_published_time":"2023-09-28T04:27:52+00:00","article_modified_time":"2025-03-26T13:39:45+00:00","og_image":[{"width":1000,"height":800,"url":"https:\/\/www.interflora.se\/inspiration\/wp-content\/uploads\/2023\/09\/image-7.png","type":"image\/png"}],"author":"admin","twitter_card":"summary_large_image","twitter_misc":{"Skriven av":"admin","Ber\u00e4knad l\u00e4stid":"3 minuter"},"schema":{"@context":"https:\/\/schema.org","@graph":[{"@type":"Article","@id":"https:\/\/www.interflora.se\/inspiration\/mats-ola-intervju\/#article","isPartOf":{"@id":"https:\/\/www.interflora.se\/inspiration\/mats-ola-intervju\/"},"author":{"name":"admin","@id":"https:\/\/www.interflora.se\/inspiration\/#\/schema\/person\/dbbd1ad45e05409c356dc639597669f2"},"headline":"M\u00f6t m\u00e4sterfloristen Mats-Ola Andersson","datePublished":"2023-09-28T04:27:52+00:00","dateModified":"2025-03-26T13:39:45+00:00","mainEntityOfPage":{"@id":"https:\/\/www.interflora.se\/inspiration\/mats-ola-intervju\/"},"wordCount":606,"commentCount":0,"publisher":{"@id":"https:\/\/www.interflora.se\/inspiration\/#organization"},"image":{"@id":"https:\/\/www.interflora.se\/inspiration\/mats-ola-intervju\/#primaryimage"},"thumbnailUrl":"https:\/\/www.interflora.se\/inspiration\/wp-content\/uploads\/2023\/09\/image-7.png","articleSection":["M\u00f6t v\u00e5ra florister"],"inLanguage":"sv-SE","potentialAction":[{"@type":"CommentAction","name":"Comment","target":["https:\/\/www.interflora.se\/inspiration\/mats-ola-intervju\/#respond"]}]},{"@type":"WebPage","@id":"https:\/\/www.interflora.se\/inspiration\/mats-ola-intervju\/","url":"https:\/\/www.interflora.se\/inspiration\/mats-ola-intervju\/","name":"M\u00f6t m\u00e4sterfloristen Mats-Ola Andersson | Interflora","isPartOf":{"@id":"https:\/\/www.interflora.se\/inspiration\/#website"},"primaryImageOfPage":{"@id":"https:\/\/www.interflora.se\/inspiration\/mats-ola-intervju\/#primaryimage"},"image":{"@id":"https:\/\/www.interflora.se\/inspiration\/mats-ola-intervju\/#primaryimage"},"thumbnailUrl":"https:\/\/www.interflora.se\/inspiration\/wp-content\/uploads\/2023\/09\/image-7.png","datePublished":"2023-09-28T04:27:52+00:00","dateModified":"2025-03-26T13:39:45+00:00","breadcrumb":{"@id":"https:\/\/www.interflora.se\/inspiration\/mats-ola-intervju\/#breadcrumb"},"inLanguage":"sv-SE","potentialAction":[{"@type":"ReadAction","target":["https:\/\/www.interflora.se\/inspiration\/mats-ola-intervju\/"]}]},{"@type":"ImageObject","inLanguage":"sv-SE","@id":"https:\/\/www.interflora.se\/inspiration\/mats-ola-intervju\/#primaryimage","url":"https:\/\/www.interflora.se\/inspiration\/wp-content\/uploads\/2023\/09\/image-7.png","contentUrl":"https:\/\/www.interflora.se\/inspiration\/wp-content\/uploads\/2023\/09\/image-7.png","width":1000,"height":800},{"@type":"BreadcrumbList","@id":"https:\/\/www.interflora.se\/inspiration\/mats-ola-intervju\/#breadcrumb","itemListElement":[{"@type":"ListItem","position":1,"name":"Home","item":"https:\/\/www.interflora.se\/inspiration\/"},{"@type":"ListItem","position":2,"name":"M\u00f6t m\u00e4sterfloristen Mats-Ola Andersson"}]},{"@type":"WebSite","@id":"https:\/\/www.interflora.se\/inspiration\/#website","url":"https:\/\/www.interflora.se\/inspiration\/","name":"Interflora","description":"","publisher":{"@id":"https:\/\/www.interflora.se\/inspiration\/#organization"},"potentialAction":[{"@type":"SearchAction","target":{"@type":"EntryPoint","urlTemplate":"https:\/\/www.interflora.se\/inspiration\/?s={search_term_string}"},"query-input":{"@type":"PropertyValueSpecification","valueRequired":true,"valueName":"search_term_string"}}],"inLanguage":"sv-SE"},{"@type":"Organization","@id":"https:\/\/www.interflora.se\/inspiration\/#organization","name":"Interflora","url":"https:\/\/www.interflora.se\/inspiration\/","logo":{"@type":"ImageObject","inLanguage":"sv-SE","@id":"https:\/\/www.interflora.se\/inspiration\/#\/schema\/logo\/image\/","url":"https:\/\/www.interflora.se\/inspiration\/wp-content\/uploads\/2025\/09\/cropped-220422_INTERFLORA_Logo_rgb_Half_Top_Circle_Main_Color.avif","contentUrl":"https:\/\/www.interflora.se\/inspiration\/wp-content\/uploads\/2025\/09\/cropped-220422_INTERFLORA_Logo_rgb_Half_Top_Circle_Main_Color.avif","width":1418,"height":662,"caption":"Interflora"},"image":{"@id":"https:\/\/www.interflora.se\/inspiration\/#\/schema\/logo\/image\/"},"sameAs":["https:\/\/www.facebook.com\/InterfloraAB","https:\/\/www.instagram.com\/interflora_ab\/","https:\/\/www.linkedin.com\/company\/1494362","https:\/\/www.youtube.com\/channel\/UCZgDzGWB2VRxaoWFUmXnk1w"]},{"@type":"Person","@id":"https:\/\/www.interflora.se\/inspiration\/#\/schema\/person\/dbbd1ad45e05409c356dc639597669f2","name":"admin","image":{"@type":"ImageObject","inLanguage":"sv-SE","@id":"https:\/\/www.interflora.se\/inspiration\/wp-content\/litespeed\/avatar\/1fe3cced9e67df62d0a6f995d75823a5.jpg?ver=1777362393","url":"https:\/\/www.interflora.se\/inspiration\/wp-content\/litespeed\/avatar\/1fe3cced9e67df62d0a6f995d75823a5.jpg?ver=1777362393","contentUrl":"https:\/\/www.interflora.se\/inspiration\/wp-content\/litespeed\/avatar\/1fe3cced9e67df62d0a6f995d75823a5.jpg?ver=1777362393","caption":"admin"},"sameAs":["https:\/\/www.interflora.se\/inspiration"],"url":"https:\/\/www.interflora.se\/inspiration\/author\/admin\/"}]}},"uagb_featured_image_src":{"full":["https:\/\/www.interflora.se\/inspiration\/wp-content\/uploads\/2023\/09\/image-7.png",1000,800,false],"thumbnail":["https:\/\/www.interflora.se\/inspiration\/wp-content\/uploads\/2023\/09\/image-7-150x150.png",150,150,true],"medium":["https:\/\/www.interflora.se\/inspiration\/wp-content\/uploads\/2023\/09\/image-7-300x240.png",300,240,true],"medium_large":["https:\/\/www.interflora.se\/inspiration\/wp-content\/uploads\/2023\/09\/image-7-768x614.png",768,614,true],"large":["https:\/\/www.interflora.se\/inspiration\/wp-content\/uploads\/2023\/09\/image-7.png",1000,800,false],"1536x1536":["https:\/\/www.interflora.se\/inspiration\/wp-content\/uploads\/2023\/09\/image-7.png",1000,800,false],"2048x2048":["https:\/\/www.interflora.se\/inspiration\/wp-content\/uploads\/2023\/09\/image-7.png",1000,800,false]},"uagb_author_info":{"display_name":"admin","author_link":"https:\/\/www.interflora.se\/inspiration\/author\/admin\/"},"uagb_comment_info":0,"uagb_excerpt":"F\u00f6r m\u00e4sterfloristen Mats-Ola Andersson \u00e4r&nbsp;det&nbsp;amaryllisens klockor&nbsp;som&nbsp;ringer in&nbsp;advent&nbsp;och&nbsp;jul.&nbsp;Hyacintens v\u00e4ldoft&nbsp;\u00e4r lika viktig.&nbsp;Utan l\u00f6kv\u00e4xter ingen riktig st\u00e4mning,&nbsp;tycker han.&nbsp; Han kombinerar praktfullt och exklusivt [&hellip;]","_links":{"self":[{"href":"https:\/\/www.interflora.se\/inspiration\/wp-json\/wp\/v2\/posts\/324","targetHints":{"allow":["GET"]}}],"collection":[{"href":"https:\/\/www.interflora.se\/inspiration\/wp-json\/wp\/v2\/posts"}],"about":[{"href":"https:\/\/www.interflora.se\/inspiration\/wp-json\/wp\/v2\/types\/post"}],"author":[{"embeddable":true,"href":"https:\/\/www.interflora.se\/inspiration\/wp-json\/wp\/v2\/users\/1"}],"replies":[{"embeddable":true,"href":"https:\/\/www.interflora.se\/inspiration\/wp-json\/wp\/v2\/comments?post=324"}],"version-history":[{"count":1,"href":"https:\/\/www.interflora.se\/inspiration\/wp-json\/wp\/v2\/posts\/324\/revisions"}],"predecessor-version":[{"id":2026,"href":"https:\/\/www.interflora.se\/inspiration\/wp-json\/wp\/v2\/posts\/324\/revisions\/2026"}],"wp:featuredmedia":[{"embeddable":true,"href":"https:\/\/www.interflora.se\/inspiration\/wp-json\/wp\/v2\/media\/2024"}],"wp:attachment":[{"href":"https:\/\/www.interflora.se\/inspiration\/wp-json\/wp\/v2\/media?parent=324"}],"wp:term":[{"taxonomy":"category","embeddable":true,"href":"https:\/\/www.interflora.se\/inspiration\/wp-json\/wp\/v2\/categories?post=324"},{"taxonomy":"post_tag","embeddable":true,"href":"https:\/\/www.interflora.se\/inspiration\/wp-json\/wp\/v2\/tags?post=324"}],"curies":[{"name":"wp","href":"https:\/\/api.w.org\/{rel}","templated":true}]}}