{"id":323,"date":"2024-09-28T23:50:07","date_gmt":"2024-09-28T21:50:07","guid":{"rendered":"http:\/\/preprodblog.interflora.se\/blog\/?p=323"},"modified":"2025-03-27T11:26:20","modified_gmt":"2025-03-27T10:26:20","slug":"masterflorist-sylvia-jingskog","status":"publish","type":"post","link":"https:\/\/www.interflora.se\/inspiration\/masterflorist-sylvia-jingskog\/","title":{"rendered":"M\u00f6t m\u00e4sterfloristen Sylvia Jingskog"},"content":{"rendered":"\n<p><em>&#8221;Jag tycker om n\u00e4r naturen mognar&#8221;<\/em><\/p>\n\n\n\n<p>Sk\u00e5nes f\u00e4lt och \u00e4ngar&nbsp;anas&nbsp;i m\u00e4sterfloristen Sylvia&nbsp;Jingskogs&nbsp;blomsterdesign&nbsp;f\u00f6r Interflora.&nbsp;Gr\u00e4s och s\u00e4desslag bryter formen i hennes mjuka arrangemang, d\u00e4r s\u00e4songens mest \u00e4lskade blomsorter st\u00e5r i centrum.<\/p>\n\n\n\n<figure class=\"wp-block-image aligncenter size-large\"><img loading=\"lazy\" decoding=\"async\" width=\"1024\" height=\"683\" src=\"https:\/\/www.interflora.se\/inspiration\/wp-content\/uploads\/2024\/09\/image-26-1024x683.png\" alt=\"\" class=\"wp-image-2826\" srcset=\"https:\/\/www.interflora.se\/inspiration\/wp-content\/uploads\/2024\/09\/image-26-1024x683.png 1024w, https:\/\/www.interflora.se\/inspiration\/wp-content\/uploads\/2024\/09\/image-26-300x200.png 300w, https:\/\/www.interflora.se\/inspiration\/wp-content\/uploads\/2024\/09\/image-26-768x512.png 768w, https:\/\/www.interflora.se\/inspiration\/wp-content\/uploads\/2024\/09\/image-26.png 1200w\" sizes=\"auto, (max-width: 1024px) 100vw, 1024px\" \/><\/figure>\n\n\n\n<p>Det \u00e4r n\u00e5got med naturens mognad som lockar henne s\u00e5 h\u00e4r \u00e5rs. Hur f\u00e4rger skiftar, v\u00e4xter vissnar och det \u00e4r dags f\u00f6r sk\u00f6rd.&nbsp;&nbsp;<\/p>\n\n\n\n<p>\u2013 F\u00f6r mig \u00e4r det den h\u00e4rligaste tiden p\u00e5 \u00e5ret. Samtidigt som kv\u00e4llarna kan vara underbara \u00e4r det mysigt att t\u00e4nda ljus igen, s\u00e4tta en bukett i vas och njuta av stunderna. Som florist finns det mycket material att jobba med och det \u00e4r l\u00e4tt att inspireras av natur och tr\u00e4dg\u00e5rd, s\u00e4ger hon.&nbsp;<\/p>\n\n\n\n<div class=\"wp-block-columns is-layout-flex wp-container-core-columns-is-layout-28f84493 wp-block-columns-is-layout-flex\">\n<div class=\"wp-block-column is-layout-flow wp-block-column-is-layout-flow\" style=\"flex-basis:66.66%\">\n<figure class=\"wp-block-image aligncenter size-large is-resized\"><img decoding=\"async\" src=\"https:\/\/www.interflora.se\/inspiration\/wp-content\/uploads\/2025\/03\/masterflorist-sylvia-jingskog-skordefest.jpg\" alt=\"\" style=\"width:738px;height:auto\"\/><\/figure>\n<\/div>\n\n\n\n<div class=\"wp-block-column is-layout-flow wp-block-column-is-layout-flow\" style=\"flex-basis:33.33%\">\n<figure class=\"wp-block-image size-large\"><img decoding=\"async\" src=\"https:\/\/www.interflora.se\/inspiration\/wp-content\/uploads\/2025\/03\/masterflorist-sylvia-jingskog-skordefest-2.jpg\" alt=\"\"\/><\/figure>\n<\/div>\n<\/div>\n\n\n\n<p>Id\u00e9n till bordsdekorationen Sk\u00f6rdefest kom av sig sj\u00e4lv. F\u00f6r sitt inre ser hon hur det dukats till fest i en lada p\u00e5 landet, med h\u00f6balar att sitta p\u00e5 och blomsterdekorationen p\u00e5 bordet.&nbsp;&nbsp;<\/p>\n\n\n\n<p>\u2013 Den passar i alla milj\u00f6er, sj\u00e4lvklart \u00e4ven i stan, men detta \u00e4r min sinnebild.&nbsp;<\/p>\n\n\n\n<p>Bordsdekorationen vilar i en korg av blad och bland dahlia, limonium och torkat material vajar vete, korn och havre.&nbsp;<\/p>\n\n\n\n<p>\u2013 Jag \u00e4lskar runda och mjuka former, men det ska ocks\u00e5 vara lite busigt, inte f\u00f6r perfekt. H\u00e4r fyller gr\u00e4set och s\u00e4desslagen en funktion. Det \u00e4r ju dessutom en naturn\u00e4ra trend som m\u00e5nga tycker om.<\/p>\n\n\n\n<figure class=\"wp-block-image aligncenter size-large\"><img loading=\"lazy\" decoding=\"async\" width=\"1024\" height=\"683\" src=\"https:\/\/www.interflora.se\/inspiration\/wp-content\/uploads\/2024\/09\/image-27-1024x683.png\" alt=\"\" class=\"wp-image-2827\" srcset=\"https:\/\/www.interflora.se\/inspiration\/wp-content\/uploads\/2024\/09\/image-27-1024x683.png 1024w, https:\/\/www.interflora.se\/inspiration\/wp-content\/uploads\/2024\/09\/image-27-300x200.png 300w, https:\/\/www.interflora.se\/inspiration\/wp-content\/uploads\/2024\/09\/image-27-768x512.png 768w, https:\/\/www.interflora.se\/inspiration\/wp-content\/uploads\/2024\/09\/image-27.png 1200w\" sizes=\"auto, (max-width: 1024px) 100vw, 1024px\" \/><\/figure>\n\n\n\n<p>Sylvia Jingskog har drivit Interflora Bellis by Sylvia i \u00c4ngelholm i \u00e5tta \u00e5r, men butiken firade hela 50 \u00e5r 2021. Lagom till jubil\u00e9et blev hon en av Interfloras handplockade m\u00e4sterflorister med ett eget exklusivt och utvalt sortiment.&nbsp;<\/p>\n\n\n\n<p>\u2013 Jag har t\u00e4vlat mycket i floristiskt hantverk \u2013 Stockholm Open, Sk\u00e5nska \u00f6ppna och Nordiska m\u00e4sterskapen \u2013 och har en gedigen grund att st\u00e5 p\u00e5. Att bli utsedd till m\u00e4sterflorist k\u00e4nns som en fantastisk \u00e4ra. Samtidigt som jag \u00e4lskar utmaningar har jag en trygghet i blommorna, jag kan materialet och tekniken. Exklusiv blomsterdesign kr\u00e4ver att man har kunskapen att binda och arrangera s\u00e5 att det inte faller is\u00e4r.&nbsp;<\/p>\n\n\n\n<p>Att runda former \u00e4r hennes signum syns i den design hon tagit fram som m\u00e4sterflorist f\u00f6r Interflora. Det g\u00e4ller \u00e4ven blomsorterna hon valt till sina fyra verk: solros, hortensia och dahlia.<\/p>\n\n\n\n<div class=\"wp-block-columns is-layout-flex wp-container-core-columns-is-layout-28f84493 wp-block-columns-is-layout-flex\">\n<div class=\"wp-block-column is-layout-flow wp-block-column-is-layout-flow\" style=\"flex-basis:33.33%\">\n<figure class=\"wp-block-image size-large\"><img decoding=\"async\" src=\"https:\/\/www.interflora.se\/inspiration\/wp-content\/uploads\/2025\/03\/masterflorist-sylvia-jingskog-dahlia-2.jpg\" alt=\"\"\/><\/figure>\n<\/div>\n\n\n\n<div class=\"wp-block-column is-layout-flow wp-block-column-is-layout-flow\" style=\"flex-basis:66.66%\">\n<figure class=\"wp-block-image aligncenter size-large is-resized\"><img decoding=\"async\" src=\"https:\/\/www.interflora.se\/inspiration\/wp-content\/uploads\/2025\/03\/masterflorist-sylvia-jingskog-dahlia.jpg\" alt=\"\" style=\"width:737px;height:auto\"\/><\/figure>\n<\/div>\n<\/div>\n\n\n\n<p>\u2013 Det \u00e4r klassiska blommor som jag \u00e4lskar. Dahlian doftar gott och \u00e4r som en mjuk och s\u00f6t kudde f\u00f6r bina i tr\u00e4dg\u00e5rden. Den \u00e4r ocks\u00e5 typisk f\u00f6r s\u00e4songen.&nbsp;&nbsp;<\/p>\n\n\n\n<p>F\u00e4rgskalan i hennes dahliabukett drar \u00e5t pastell med en kombination av aprikos, ljusgult och puderrosa. Skira vippor av limonium \u00e4r d\u00e4r f\u00f6r att st\u00f6ka till.&nbsp;D\u00e4r dahliabuketten b\u00f6ljar i sv\u00e4ngarna \u00e4r hortensiabuketten mer kontrollerad, \u00e4ven om h\u00e4r ocks\u00e5 finns str\u00e5n som kittlar uttrycket.&nbsp;<\/p>\n\n\n\n<p>\u2013 Hortensia \u00e4r en riktig favorit, en magnifik blomma som \u00e4r absolut finast p\u00e5 h\u00f6sten med sina skiftande f\u00e4rger.<\/p>\n\n\n\n<figure class=\"wp-block-image aligncenter size-large\"><img loading=\"lazy\" decoding=\"async\" width=\"1024\" height=\"683\" src=\"https:\/\/www.interflora.se\/inspiration\/wp-content\/uploads\/2024\/09\/image-28-1024x683.png\" alt=\"\" class=\"wp-image-2828\" srcset=\"https:\/\/www.interflora.se\/inspiration\/wp-content\/uploads\/2024\/09\/image-28-1024x683.png 1024w, https:\/\/www.interflora.se\/inspiration\/wp-content\/uploads\/2024\/09\/image-28-300x200.png 300w, https:\/\/www.interflora.se\/inspiration\/wp-content\/uploads\/2024\/09\/image-28-768x512.png 768w, https:\/\/www.interflora.se\/inspiration\/wp-content\/uploads\/2024\/09\/image-28.png 1200w\" sizes=\"auto, (max-width: 1024px) 100vw, 1024px\" \/><\/figure>\n\n\n\n<p>Solros var ocks\u00e5 ett givet val, som k\u00e4ndes sj\u00e4lvklart med tanke p\u00e5 sensommaren.&nbsp;&nbsp;<\/p>\n\n\n\n<p>\u2013 Det \u00e4r en blomma som man ofta ger bort till n\u00e5gon speciell, som betyder extra mycket. M\u00e5nga har k\u00e4nslor och minnen f\u00f6rknippade med solrosor.&nbsp;&nbsp;&nbsp;&nbsp;<\/p>\n\n\n\n<p>N\u00e4r Sylvia v\u00e4ljer vas till sina buketter blir det g\u00e4rna H\u00f6gan\u00e4skrus. Kombinationen speglar Sk\u00e5ne med hantverket, f\u00e4lten och solen. Allt det som bjuder s\u00e5 frikostigt p\u00e5 inspiration.<\/p>\n\n\n\n<div class=\"wp-block-columns is-layout-flex wp-container-core-columns-is-layout-28f84493 wp-block-columns-is-layout-flex\">\n<div class=\"wp-block-column is-layout-flow wp-block-column-is-layout-flow\" style=\"flex-basis:66.66%\">\n<figure class=\"wp-block-image aligncenter size-large is-resized\"><img decoding=\"async\" src=\"https:\/\/www.interflora.se\/inspiration\/wp-content\/uploads\/2025\/03\/masterflorist-sylvia-jingskog-solros.jpg\" alt=\"\" style=\"width:737px;height:auto\"\/><\/figure>\n<\/div>\n\n\n\n<div class=\"wp-block-column is-layout-flow wp-block-column-is-layout-flow\" style=\"flex-basis:33.33%\">\n<figure class=\"wp-block-image size-large\"><img decoding=\"async\" src=\"https:\/\/www.interflora.se\/inspiration\/wp-content\/uploads\/2025\/03\/masterflorist-sylvia-jingskog-solros-2.jpg\" alt=\"\"\/><\/figure>\n<\/div>\n<\/div>\n\n\n\n<p class=\"has-border-color has-ast-global-color-2-border-color\" style=\"margin-top:0;margin-right:0;margin-bottom:0;margin-left:0;padding-top:var(--wp--preset--spacing--30);padding-right:var(--wp--preset--spacing--60);padding-bottom:var(--wp--preset--spacing--30);padding-left:var(--wp--preset--spacing--60)\"><strong>Namn:<\/strong>\u202fSylvia JIngskog\u00a0<br><strong>Aktuell:<\/strong>\u202fSom en av Interfloras handplockade m\u00e4sterflorister.\u00a0<br><strong>\u00c5r i yrket:\u202f<\/strong>27\u00a0<br><strong>Driver:<\/strong>\u202fInterflora Bellis by Sylvia i \u00c4ngelholm.\u00a0<br><strong>Styrka som florist:\u202f<\/strong>K\u00e4nner inga begr\u00e4nsningar, \u00e4lskar f\u00e4rg och gillar utmaningar.\u00a0<br><strong>Underskattad blomma:<\/strong>\u00a0Liljor! De \u00e4r lite ur mode och kunderna tror inte att de passar in i den naturn\u00e4ra stil som \u00e4r trendig just nu. Men allt g\u00e5r. Dessutom finns det fantastiska liljor s\u00e5 h\u00f6ga som 120\u2013150 cm. De \u00e4r s\u00e5 vackra!\u00a0<\/p>\n\n\n\n<p><\/p>\n","protected":false},"excerpt":{"rendered":"<p>&#8221;Jag tycker om n\u00e4r naturen mognar&#8221; Sk\u00e5nes f\u00e4lt och \u00e4ngar&nbsp;anas&nbsp;i m\u00e4sterfloristen Sylvia&nbsp;Jingskogs&nbsp;blomsterdesign&nbsp;f\u00f6r Interflora.&nbsp;Gr\u00e4s och s\u00e4desslag bryter formen i hennes mjuka [&hellip;]<\/p>\n","protected":false},"author":1,"featured_media":2826,"comment_status":"open","ping_status":"open","sticky":false,"template":"","format":"standard","meta":{"_uag_custom_page_level_css":"","site-sidebar-layout":"default","site-content-layout":"","ast-site-content-layout":"default","site-content-style":"default","site-sidebar-style":"default","ast-global-header-display":"","ast-banner-title-visibility":"","ast-main-header-display":"","ast-hfb-above-header-display":"","ast-hfb-below-header-display":"","ast-hfb-mobile-header-display":"","site-post-title":"","ast-breadcrumbs-content":"","ast-featured-img":"","footer-sml-layout":"","ast-disable-related-posts":"","theme-transparent-header-meta":"","adv-header-id-meta":"","stick-header-meta":"","header-above-stick-meta":"","header-main-stick-meta":"","header-below-stick-meta":"","astra-migrate-meta-layouts":"default","ast-page-background-enabled":"default","ast-page-background-meta":{"desktop":{"background-color":"var(--ast-global-color-5)","background-image":"","background-repeat":"repeat","background-position":"center center","background-size":"auto","background-attachment":"scroll","background-type":"","background-media":"","overlay-type":"","overlay-color":"","overlay-opacity":"","overlay-gradient":""},"tablet":{"background-color":"","background-image":"","background-repeat":"repeat","background-position":"center center","background-size":"auto","background-attachment":"scroll","background-type":"","background-media":"","overlay-type":"","overlay-color":"","overlay-opacity":"","overlay-gradient":""},"mobile":{"background-color":"","background-image":"","background-repeat":"repeat","background-position":"center center","background-size":"auto","background-attachment":"scroll","background-type":"","background-media":"","overlay-type":"","overlay-color":"","overlay-opacity":"","overlay-gradient":""}},"ast-content-background-meta":{"desktop":{"background-color":"var(--ast-global-color-4)","background-image":"","background-repeat":"repeat","background-position":"center center","background-size":"auto","background-attachment":"scroll","background-type":"","background-media":"","overlay-type":"","overlay-color":"","overlay-opacity":"","overlay-gradient":""},"tablet":{"background-color":"var(--ast-global-color-4)","background-image":"","background-repeat":"repeat","background-position":"center center","background-size":"auto","background-attachment":"scroll","background-type":"","background-media":"","overlay-type":"","overlay-color":"","overlay-opacity":"","overlay-gradient":""},"mobile":{"background-color":"var(--ast-global-color-4)","background-image":"","background-repeat":"repeat","background-position":"center center","background-size":"auto","background-attachment":"scroll","background-type":"","background-media":"","overlay-type":"","overlay-color":"","overlay-opacity":"","overlay-gradient":""}},"footnotes":""},"categories":[12],"tags":[],"class_list":["post-323","post","type-post","status-publish","format-standard","has-post-thumbnail","hentry","category-mot-vara-florister"],"yoast_head":"<!-- This site is optimized with the Yoast SEO plugin v27.4 - https:\/\/yoast.com\/product\/yoast-seo-wordpress\/ -->\n<title>M\u00f6t m\u00e4sterfloristen Sylvia Jingskog | Interflora<\/title>\n<meta name=\"robots\" content=\"index, follow, max-snippet:-1, max-image-preview:large, max-video-preview:-1\" \/>\n<link rel=\"canonical\" href=\"https:\/\/www.interflora.se\/inspiration\/masterflorist-sylvia-jingskog\/\" \/>\n<meta property=\"og:locale\" content=\"sv_SE\" \/>\n<meta property=\"og:type\" content=\"article\" \/>\n<meta property=\"og:title\" content=\"M\u00f6t m\u00e4sterfloristen Sylvia Jingskog | Interflora\" \/>\n<meta property=\"og:description\" content=\"&#8221;Jag tycker om n\u00e4r naturen mognar&#8221; Sk\u00e5nes f\u00e4lt och \u00e4ngar&nbsp;anas&nbsp;i m\u00e4sterfloristen Sylvia&nbsp;Jingskogs&nbsp;blomsterdesign&nbsp;f\u00f6r Interflora.&nbsp;Gr\u00e4s och s\u00e4desslag bryter formen i hennes mjuka [&hellip;]\" \/>\n<meta property=\"og:url\" content=\"https:\/\/www.interflora.se\/inspiration\/masterflorist-sylvia-jingskog\/\" \/>\n<meta property=\"og:site_name\" content=\"Inspiration om blommor, krukv\u00e4xter &amp; trender | Interflora\" \/>\n<meta property=\"article:publisher\" content=\"https:\/\/www.facebook.com\/InterfloraAB\" \/>\n<meta property=\"article:published_time\" content=\"2024-09-28T21:50:07+00:00\" \/>\n<meta property=\"article:modified_time\" content=\"2025-03-27T10:26:20+00:00\" \/>\n<meta property=\"og:image\" content=\"https:\/\/www.interflora.se\/inspiration\/wp-content\/uploads\/2024\/09\/image-26.png\" \/>\n\t<meta property=\"og:image:width\" content=\"1200\" \/>\n\t<meta property=\"og:image:height\" content=\"800\" \/>\n\t<meta property=\"og:image:type\" content=\"image\/png\" \/>\n<meta name=\"author\" content=\"admin\" \/>\n<meta name=\"twitter:card\" content=\"summary_large_image\" \/>\n<meta name=\"twitter:label1\" content=\"Skriven av\" \/>\n\t<meta name=\"twitter:data1\" content=\"admin\" \/>\n\t<meta name=\"twitter:label2\" content=\"Ber\u00e4knad l\u00e4stid\" \/>\n\t<meta name=\"twitter:data2\" content=\"3 minuter\" \/>\n<script type=\"application\/ld+json\" class=\"yoast-schema-graph\">{\"@context\":\"https:\\\/\\\/schema.org\",\"@graph\":[{\"@type\":\"Article\",\"@id\":\"https:\\\/\\\/www.interflora.se\\\/inspiration\\\/masterflorist-sylvia-jingskog\\\/#article\",\"isPartOf\":{\"@id\":\"https:\\\/\\\/www.interflora.se\\\/inspiration\\\/masterflorist-sylvia-jingskog\\\/\"},\"author\":{\"name\":\"admin\",\"@id\":\"https:\\\/\\\/www.interflora.se\\\/inspiration\\\/#\\\/schema\\\/person\\\/dbbd1ad45e05409c356dc639597669f2\"},\"headline\":\"M\u00f6t m\u00e4sterfloristen Sylvia Jingskog\",\"datePublished\":\"2024-09-28T21:50:07+00:00\",\"dateModified\":\"2025-03-27T10:26:20+00:00\",\"mainEntityOfPage\":{\"@id\":\"https:\\\/\\\/www.interflora.se\\\/inspiration\\\/masterflorist-sylvia-jingskog\\\/\"},\"wordCount\":683,\"commentCount\":0,\"publisher\":{\"@id\":\"https:\\\/\\\/www.interflora.se\\\/inspiration\\\/#organization\"},\"image\":{\"@id\":\"https:\\\/\\\/www.interflora.se\\\/inspiration\\\/masterflorist-sylvia-jingskog\\\/#primaryimage\"},\"thumbnailUrl\":\"https:\\\/\\\/www.interflora.se\\\/inspiration\\\/wp-content\\\/uploads\\\/2024\\\/09\\\/image-26.png\",\"articleSection\":[\"M\u00f6t v\u00e5ra florister\"],\"inLanguage\":\"sv-SE\",\"potentialAction\":[{\"@type\":\"CommentAction\",\"name\":\"Comment\",\"target\":[\"https:\\\/\\\/www.interflora.se\\\/inspiration\\\/masterflorist-sylvia-jingskog\\\/#respond\"]}]},{\"@type\":\"WebPage\",\"@id\":\"https:\\\/\\\/www.interflora.se\\\/inspiration\\\/masterflorist-sylvia-jingskog\\\/\",\"url\":\"https:\\\/\\\/www.interflora.se\\\/inspiration\\\/masterflorist-sylvia-jingskog\\\/\",\"name\":\"M\u00f6t m\u00e4sterfloristen Sylvia Jingskog | Interflora\",\"isPartOf\":{\"@id\":\"https:\\\/\\\/www.interflora.se\\\/inspiration\\\/#website\"},\"primaryImageOfPage\":{\"@id\":\"https:\\\/\\\/www.interflora.se\\\/inspiration\\\/masterflorist-sylvia-jingskog\\\/#primaryimage\"},\"image\":{\"@id\":\"https:\\\/\\\/www.interflora.se\\\/inspiration\\\/masterflorist-sylvia-jingskog\\\/#primaryimage\"},\"thumbnailUrl\":\"https:\\\/\\\/www.interflora.se\\\/inspiration\\\/wp-content\\\/uploads\\\/2024\\\/09\\\/image-26.png\",\"datePublished\":\"2024-09-28T21:50:07+00:00\",\"dateModified\":\"2025-03-27T10:26:20+00:00\",\"breadcrumb\":{\"@id\":\"https:\\\/\\\/www.interflora.se\\\/inspiration\\\/masterflorist-sylvia-jingskog\\\/#breadcrumb\"},\"inLanguage\":\"sv-SE\",\"potentialAction\":[{\"@type\":\"ReadAction\",\"target\":[\"https:\\\/\\\/www.interflora.se\\\/inspiration\\\/masterflorist-sylvia-jingskog\\\/\"]}]},{\"@type\":\"ImageObject\",\"inLanguage\":\"sv-SE\",\"@id\":\"https:\\\/\\\/www.interflora.se\\\/inspiration\\\/masterflorist-sylvia-jingskog\\\/#primaryimage\",\"url\":\"https:\\\/\\\/www.interflora.se\\\/inspiration\\\/wp-content\\\/uploads\\\/2024\\\/09\\\/image-26.png\",\"contentUrl\":\"https:\\\/\\\/www.interflora.se\\\/inspiration\\\/wp-content\\\/uploads\\\/2024\\\/09\\\/image-26.png\",\"width\":1200,\"height\":800},{\"@type\":\"BreadcrumbList\",\"@id\":\"https:\\\/\\\/www.interflora.se\\\/inspiration\\\/masterflorist-sylvia-jingskog\\\/#breadcrumb\",\"itemListElement\":[{\"@type\":\"ListItem\",\"position\":1,\"name\":\"Home\",\"item\":\"https:\\\/\\\/www.interflora.se\\\/inspiration\\\/\"},{\"@type\":\"ListItem\",\"position\":2,\"name\":\"M\u00f6t m\u00e4sterfloristen Sylvia Jingskog\"}]},{\"@type\":\"WebSite\",\"@id\":\"https:\\\/\\\/www.interflora.se\\\/inspiration\\\/#website\",\"url\":\"https:\\\/\\\/www.interflora.se\\\/inspiration\\\/\",\"name\":\"Interflora\",\"description\":\"\",\"publisher\":{\"@id\":\"https:\\\/\\\/www.interflora.se\\\/inspiration\\\/#organization\"},\"potentialAction\":[{\"@type\":\"SearchAction\",\"target\":{\"@type\":\"EntryPoint\",\"urlTemplate\":\"https:\\\/\\\/www.interflora.se\\\/inspiration\\\/?s={search_term_string}\"},\"query-input\":{\"@type\":\"PropertyValueSpecification\",\"valueRequired\":true,\"valueName\":\"search_term_string\"}}],\"inLanguage\":\"sv-SE\"},{\"@type\":\"Organization\",\"@id\":\"https:\\\/\\\/www.interflora.se\\\/inspiration\\\/#organization\",\"name\":\"Interflora\",\"url\":\"https:\\\/\\\/www.interflora.se\\\/inspiration\\\/\",\"logo\":{\"@type\":\"ImageObject\",\"inLanguage\":\"sv-SE\",\"@id\":\"https:\\\/\\\/www.interflora.se\\\/inspiration\\\/#\\\/schema\\\/logo\\\/image\\\/\",\"url\":\"https:\\\/\\\/www.interflora.se\\\/inspiration\\\/wp-content\\\/uploads\\\/2025\\\/09\\\/cropped-220422_INTERFLORA_Logo_rgb_Half_Top_Circle_Main_Color.avif\",\"contentUrl\":\"https:\\\/\\\/www.interflora.se\\\/inspiration\\\/wp-content\\\/uploads\\\/2025\\\/09\\\/cropped-220422_INTERFLORA_Logo_rgb_Half_Top_Circle_Main_Color.avif\",\"width\":1418,\"height\":662,\"caption\":\"Interflora\"},\"image\":{\"@id\":\"https:\\\/\\\/www.interflora.se\\\/inspiration\\\/#\\\/schema\\\/logo\\\/image\\\/\"},\"sameAs\":[\"https:\\\/\\\/www.facebook.com\\\/InterfloraAB\",\"https:\\\/\\\/www.instagram.com\\\/interflora_ab\\\/\",\"https:\\\/\\\/www.linkedin.com\\\/company\\\/1494362\",\"https:\\\/\\\/www.youtube.com\\\/channel\\\/UCZgDzGWB2VRxaoWFUmXnk1w\"]},{\"@type\":\"Person\",\"@id\":\"https:\\\/\\\/www.interflora.se\\\/inspiration\\\/#\\\/schema\\\/person\\\/dbbd1ad45e05409c356dc639597669f2\",\"name\":\"admin\",\"image\":{\"@type\":\"ImageObject\",\"inLanguage\":\"sv-SE\",\"@id\":\"https:\\\/\\\/www.interflora.se\\\/inspiration\\\/wp-content\\\/litespeed\\\/avatar\\\/1fe3cced9e67df62d0a6f995d75823a5.jpg?ver=1777362393\",\"url\":\"https:\\\/\\\/www.interflora.se\\\/inspiration\\\/wp-content\\\/litespeed\\\/avatar\\\/1fe3cced9e67df62d0a6f995d75823a5.jpg?ver=1777362393\",\"contentUrl\":\"https:\\\/\\\/www.interflora.se\\\/inspiration\\\/wp-content\\\/litespeed\\\/avatar\\\/1fe3cced9e67df62d0a6f995d75823a5.jpg?ver=1777362393\",\"caption\":\"admin\"},\"sameAs\":[\"https:\\\/\\\/www.interflora.se\\\/inspiration\"],\"url\":\"https:\\\/\\\/www.interflora.se\\\/inspiration\\\/author\\\/admin\\\/\"}]}<\/script>\n<!-- \/ Yoast SEO plugin. -->","yoast_head_json":{"title":"M\u00f6t m\u00e4sterfloristen Sylvia Jingskog | Interflora","robots":{"index":"index","follow":"follow","max-snippet":"max-snippet:-1","max-image-preview":"max-image-preview:large","max-video-preview":"max-video-preview:-1"},"canonical":"https:\/\/www.interflora.se\/inspiration\/masterflorist-sylvia-jingskog\/","og_locale":"sv_SE","og_type":"article","og_title":"M\u00f6t m\u00e4sterfloristen Sylvia Jingskog | Interflora","og_description":"&#8221;Jag tycker om n\u00e4r naturen mognar&#8221; Sk\u00e5nes f\u00e4lt och \u00e4ngar&nbsp;anas&nbsp;i m\u00e4sterfloristen Sylvia&nbsp;Jingskogs&nbsp;blomsterdesign&nbsp;f\u00f6r Interflora.&nbsp;Gr\u00e4s och s\u00e4desslag bryter formen i hennes mjuka [&hellip;]","og_url":"https:\/\/www.interflora.se\/inspiration\/masterflorist-sylvia-jingskog\/","og_site_name":"Inspiration om blommor, krukv\u00e4xter &amp; trender | Interflora","article_publisher":"https:\/\/www.facebook.com\/InterfloraAB","article_published_time":"2024-09-28T21:50:07+00:00","article_modified_time":"2025-03-27T10:26:20+00:00","og_image":[{"width":1200,"height":800,"url":"https:\/\/www.interflora.se\/inspiration\/wp-content\/uploads\/2024\/09\/image-26.png","type":"image\/png"}],"author":"admin","twitter_card":"summary_large_image","twitter_misc":{"Skriven av":"admin","Ber\u00e4knad l\u00e4stid":"3 minuter"},"schema":{"@context":"https:\/\/schema.org","@graph":[{"@type":"Article","@id":"https:\/\/www.interflora.se\/inspiration\/masterflorist-sylvia-jingskog\/#article","isPartOf":{"@id":"https:\/\/www.interflora.se\/inspiration\/masterflorist-sylvia-jingskog\/"},"author":{"name":"admin","@id":"https:\/\/www.interflora.se\/inspiration\/#\/schema\/person\/dbbd1ad45e05409c356dc639597669f2"},"headline":"M\u00f6t m\u00e4sterfloristen Sylvia Jingskog","datePublished":"2024-09-28T21:50:07+00:00","dateModified":"2025-03-27T10:26:20+00:00","mainEntityOfPage":{"@id":"https:\/\/www.interflora.se\/inspiration\/masterflorist-sylvia-jingskog\/"},"wordCount":683,"commentCount":0,"publisher":{"@id":"https:\/\/www.interflora.se\/inspiration\/#organization"},"image":{"@id":"https:\/\/www.interflora.se\/inspiration\/masterflorist-sylvia-jingskog\/#primaryimage"},"thumbnailUrl":"https:\/\/www.interflora.se\/inspiration\/wp-content\/uploads\/2024\/09\/image-26.png","articleSection":["M\u00f6t v\u00e5ra florister"],"inLanguage":"sv-SE","potentialAction":[{"@type":"CommentAction","name":"Comment","target":["https:\/\/www.interflora.se\/inspiration\/masterflorist-sylvia-jingskog\/#respond"]}]},{"@type":"WebPage","@id":"https:\/\/www.interflora.se\/inspiration\/masterflorist-sylvia-jingskog\/","url":"https:\/\/www.interflora.se\/inspiration\/masterflorist-sylvia-jingskog\/","name":"M\u00f6t m\u00e4sterfloristen Sylvia Jingskog | Interflora","isPartOf":{"@id":"https:\/\/www.interflora.se\/inspiration\/#website"},"primaryImageOfPage":{"@id":"https:\/\/www.interflora.se\/inspiration\/masterflorist-sylvia-jingskog\/#primaryimage"},"image":{"@id":"https:\/\/www.interflora.se\/inspiration\/masterflorist-sylvia-jingskog\/#primaryimage"},"thumbnailUrl":"https:\/\/www.interflora.se\/inspiration\/wp-content\/uploads\/2024\/09\/image-26.png","datePublished":"2024-09-28T21:50:07+00:00","dateModified":"2025-03-27T10:26:20+00:00","breadcrumb":{"@id":"https:\/\/www.interflora.se\/inspiration\/masterflorist-sylvia-jingskog\/#breadcrumb"},"inLanguage":"sv-SE","potentialAction":[{"@type":"ReadAction","target":["https:\/\/www.interflora.se\/inspiration\/masterflorist-sylvia-jingskog\/"]}]},{"@type":"ImageObject","inLanguage":"sv-SE","@id":"https:\/\/www.interflora.se\/inspiration\/masterflorist-sylvia-jingskog\/#primaryimage","url":"https:\/\/www.interflora.se\/inspiration\/wp-content\/uploads\/2024\/09\/image-26.png","contentUrl":"https:\/\/www.interflora.se\/inspiration\/wp-content\/uploads\/2024\/09\/image-26.png","width":1200,"height":800},{"@type":"BreadcrumbList","@id":"https:\/\/www.interflora.se\/inspiration\/masterflorist-sylvia-jingskog\/#breadcrumb","itemListElement":[{"@type":"ListItem","position":1,"name":"Home","item":"https:\/\/www.interflora.se\/inspiration\/"},{"@type":"ListItem","position":2,"name":"M\u00f6t m\u00e4sterfloristen Sylvia Jingskog"}]},{"@type":"WebSite","@id":"https:\/\/www.interflora.se\/inspiration\/#website","url":"https:\/\/www.interflora.se\/inspiration\/","name":"Interflora","description":"","publisher":{"@id":"https:\/\/www.interflora.se\/inspiration\/#organization"},"potentialAction":[{"@type":"SearchAction","target":{"@type":"EntryPoint","urlTemplate":"https:\/\/www.interflora.se\/inspiration\/?s={search_term_string}"},"query-input":{"@type":"PropertyValueSpecification","valueRequired":true,"valueName":"search_term_string"}}],"inLanguage":"sv-SE"},{"@type":"Organization","@id":"https:\/\/www.interflora.se\/inspiration\/#organization","name":"Interflora","url":"https:\/\/www.interflora.se\/inspiration\/","logo":{"@type":"ImageObject","inLanguage":"sv-SE","@id":"https:\/\/www.interflora.se\/inspiration\/#\/schema\/logo\/image\/","url":"https:\/\/www.interflora.se\/inspiration\/wp-content\/uploads\/2025\/09\/cropped-220422_INTERFLORA_Logo_rgb_Half_Top_Circle_Main_Color.avif","contentUrl":"https:\/\/www.interflora.se\/inspiration\/wp-content\/uploads\/2025\/09\/cropped-220422_INTERFLORA_Logo_rgb_Half_Top_Circle_Main_Color.avif","width":1418,"height":662,"caption":"Interflora"},"image":{"@id":"https:\/\/www.interflora.se\/inspiration\/#\/schema\/logo\/image\/"},"sameAs":["https:\/\/www.facebook.com\/InterfloraAB","https:\/\/www.instagram.com\/interflora_ab\/","https:\/\/www.linkedin.com\/company\/1494362","https:\/\/www.youtube.com\/channel\/UCZgDzGWB2VRxaoWFUmXnk1w"]},{"@type":"Person","@id":"https:\/\/www.interflora.se\/inspiration\/#\/schema\/person\/dbbd1ad45e05409c356dc639597669f2","name":"admin","image":{"@type":"ImageObject","inLanguage":"sv-SE","@id":"https:\/\/www.interflora.se\/inspiration\/wp-content\/litespeed\/avatar\/1fe3cced9e67df62d0a6f995d75823a5.jpg?ver=1777362393","url":"https:\/\/www.interflora.se\/inspiration\/wp-content\/litespeed\/avatar\/1fe3cced9e67df62d0a6f995d75823a5.jpg?ver=1777362393","contentUrl":"https:\/\/www.interflora.se\/inspiration\/wp-content\/litespeed\/avatar\/1fe3cced9e67df62d0a6f995d75823a5.jpg?ver=1777362393","caption":"admin"},"sameAs":["https:\/\/www.interflora.se\/inspiration"],"url":"https:\/\/www.interflora.se\/inspiration\/author\/admin\/"}]}},"uagb_featured_image_src":{"full":["https:\/\/www.interflora.se\/inspiration\/wp-content\/uploads\/2024\/09\/image-26.png",1200,800,false],"thumbnail":["https:\/\/www.interflora.se\/inspiration\/wp-content\/uploads\/2024\/09\/image-26-150x150.png",150,150,true],"medium":["https:\/\/www.interflora.se\/inspiration\/wp-content\/uploads\/2024\/09\/image-26-300x200.png",300,200,true],"medium_large":["https:\/\/www.interflora.se\/inspiration\/wp-content\/uploads\/2024\/09\/image-26-768x512.png",768,512,true],"large":["https:\/\/www.interflora.se\/inspiration\/wp-content\/uploads\/2024\/09\/image-26-1024x683.png",1024,683,true],"1536x1536":["https:\/\/www.interflora.se\/inspiration\/wp-content\/uploads\/2024\/09\/image-26.png",1200,800,false],"2048x2048":["https:\/\/www.interflora.se\/inspiration\/wp-content\/uploads\/2024\/09\/image-26.png",1200,800,false]},"uagb_author_info":{"display_name":"admin","author_link":"https:\/\/www.interflora.se\/inspiration\/author\/admin\/"},"uagb_comment_info":0,"uagb_excerpt":"&#8221;Jag tycker om n\u00e4r naturen mognar&#8221; Sk\u00e5nes f\u00e4lt och \u00e4ngar&nbsp;anas&nbsp;i m\u00e4sterfloristen Sylvia&nbsp;Jingskogs&nbsp;blomsterdesign&nbsp;f\u00f6r Interflora.&nbsp;Gr\u00e4s och s\u00e4desslag bryter formen i hennes mjuka [&hellip;]","_links":{"self":[{"href":"https:\/\/www.interflora.se\/inspiration\/wp-json\/wp\/v2\/posts\/323","targetHints":{"allow":["GET"]}}],"collection":[{"href":"https:\/\/www.interflora.se\/inspiration\/wp-json\/wp\/v2\/posts"}],"about":[{"href":"https:\/\/www.interflora.se\/inspiration\/wp-json\/wp\/v2\/types\/post"}],"author":[{"embeddable":true,"href":"https:\/\/www.interflora.se\/inspiration\/wp-json\/wp\/v2\/users\/1"}],"replies":[{"embeddable":true,"href":"https:\/\/www.interflora.se\/inspiration\/wp-json\/wp\/v2\/comments?post=323"}],"version-history":[{"count":2,"href":"https:\/\/www.interflora.se\/inspiration\/wp-json\/wp\/v2\/posts\/323\/revisions"}],"predecessor-version":[{"id":2834,"href":"https:\/\/www.interflora.se\/inspiration\/wp-json\/wp\/v2\/posts\/323\/revisions\/2834"}],"wp:featuredmedia":[{"embeddable":true,"href":"https:\/\/www.interflora.se\/inspiration\/wp-json\/wp\/v2\/media\/2826"}],"wp:attachment":[{"href":"https:\/\/www.interflora.se\/inspiration\/wp-json\/wp\/v2\/media?parent=323"}],"wp:term":[{"taxonomy":"category","embeddable":true,"href":"https:\/\/www.interflora.se\/inspiration\/wp-json\/wp\/v2\/categories?post=323"},{"taxonomy":"post_tag","embeddable":true,"href":"https:\/\/www.interflora.se\/inspiration\/wp-json\/wp\/v2\/tags?post=323"}],"curies":[{"name":"wp","href":"https:\/\/api.w.org\/{rel}","templated":true}]}}