{"id":321,"date":"2024-11-21T08:48:58","date_gmt":"2024-11-21T07:48:58","guid":{"rendered":"http:\/\/preprodblog.interflora.se\/blog\/?p=321"},"modified":"2025-03-26T14:34:06","modified_gmt":"2025-03-26T13:34:06","slug":"masterflorist-hanna-eriksson","status":"publish","type":"post","link":"https:\/\/www.interflora.se\/inspiration\/masterflorist-hanna-eriksson\/","title":{"rendered":"M\u00f6t m\u00e4sterfloristen Hanna Eriksson"},"content":{"rendered":"\n<p>\u201dJag \u00e4r en v\u00e4ldigt spontan florist\u201d<\/p>\n\n\n\n<figure class=\"wp-block-image\"><img decoding=\"async\" src=\"https:\/\/www.interflora.se\/inspiration\/wp-content\/uploads\/2025\/03\/masterflorist-hanna-eriksson-topp.jpg\" alt=\"M\u00e4sterflorist-Hanna-Eriksson-topp.jpg\"\/><\/figure>\n\n\n\n<p>I april 2021 vann Hanna Eriksson SM i Blomsterdesign p\u00e5 Fotografiska i Stockholm. Strax d\u00e4refter kunde den som passerade hennes arbetsplats se en stor gulddekal fronta butikens skyltf\u00f6nster; \u201dH\u00e4r jobbar Sveriges b\u00e4sta florist\u201d. En marknadsf\u00f6ring som fick effekt, m\u00e5nga har velat anlita Hanna.&nbsp;<\/p>\n\n\n\n<p>\u2013 Att vinna SM har betytt mer f\u00f6r mig \u00e4n jag anade just d\u00e5 n\u00e4r det h\u00e4nde. Jag har verkligen njutit, s\u00e4ger hon, som tack vare titeln och dekalen blivit s\u00e4rskilt efterfr\u00e5gad och f\u00e5tt g\u00f6ra extra roliga uppdrag genom sin arbetsplats Floristkompaniet. Allt fr\u00e5n fotograferingar till fester.<\/p>\n\n\n\n<p><br>Nu axlar hon n\u00e4sta utm\u00e4rkelse, den som Interfloras m\u00e4sterflorist med eget sortiment i kategorin lyxbuketter. Sju olika produkter f\u00f6r tillf\u00e4llen med guldkant: ett diadem med vippig klematis, en dr\u00f6mmig pionkrans, en pelargonplantering och fyra buketter fyllda med f\u00f6rsommarf\u00e4gring.&nbsp;&nbsp;<\/p>\n\n\n\n<p>\u2013 Det \u00e4r f\u00f6rst\u00e5s smickrande att utses till m\u00e4sterflorist av Interflora! Jag \u00e4r stolt och j\u00e4tteglad \u00f6ver att f\u00e5 tillf\u00e4lle att visa upp hantverket och vad man kan g\u00f6ra med blommor.&nbsp;&nbsp;<\/p>\n\n\n\n<figure class=\"wp-block-image\"><img decoding=\"async\" src=\"https:\/\/www.interflora.se\/inspiration\/wp-content\/uploads\/2025\/03\/masterflorist-hanna-eriksson-bukett-luktart.jpg\" alt=\"M\u00e4sterflorist-Hanna-Eriksson-bukett-lukt\u00e4rt.jpg\"\/><\/figure>\n\n\n\n<p>S\u00e4songsblommor f\u00e5r hennes skaparlust att kicka ig\u00e5ng oavsett tid p\u00e5 \u00e5ret, men f\u00f6rsommaren med sitt rika sortiment erbjuder f\u00f6rst\u00e5s det b\u00e4sta av det b\u00e4sta.&nbsp;&nbsp;<\/p>\n\n\n\n<p>\u2013 Just den h\u00e4r tiden \u00e4r ju v\u00e4ldigt blommig och det finns m\u00e5nga f\u00e4rger att v\u00e4lja p\u00e5, det har jag anv\u00e4nt mig av. Jag tycker att det \u00e4r h\u00e4rligt att plocka in det m\u00f6rka och inte fokusera s\u00e5 mycket p\u00e5 pasteller. Det blir dj\u00e4rvare. Ta till exempel de djupr\u00f6da och korallf\u00e4rgade pionerna jag valt till h\u00e5rkransen som passar till sommarens alla fester, inte bara till midsommar. Jag tycker den ska b\u00e4ras som en del av en outfit.&nbsp;<\/p>\n\n\n\n<p>Detsamma g\u00e4ller diademet, som hon designade f\u00f6r att det \u00e4r l\u00e4ttburet och n\u00e5got annat \u00e4n en krans. Klematis, lavendel, spetsblad, santini och en liten orkid\u00e9 \u00e4r h\u00e5llbara sorter som klarar att vara fina i m\u00e5nga timmar utan vatten.&nbsp;<\/p>\n\n\n\n<p><br>\u2013 Diademet ska k\u00e4nnas som ett smycke. Runt varje blomhuvud har jag surrat st\u00e5ltr\u00e5d s\u00e5 att man kan b\u00f6ja dem som man vill. Uttrycket \u00e4r livfullt och lite kaxigt!&nbsp;<\/p>\n\n\n\n<p>Formerna b\u00f6ljar och letar sig ut p\u00e5 kanterna i Hannas design. N\u00e4stan som av sig sj\u00e4lvt vill man tro, men att \u00e5terskapa naturens chosefria uttryck \u00e4r en uppgift f\u00f6r ett riktigt proffs.&nbsp;&nbsp;<\/p>\n\n\n\n<p>\u2013 Jag \u00e4r en v\u00e4ldigt spontan florist och n\u00e4r jag f\u00e5r g\u00f6ra som jag vill, g\u00e4rna i stunden, s\u00e5 blir det allra b\u00e4st, s\u00e4ger hon.&nbsp;<\/p>\n\n\n\n<p><br>Man kan ana att det \u00e4r s\u00e5 hon skapat den luftiga och volumin\u00f6sa buketten med vildmorot, tandpetarsilja och limonium. Som om hon bara omfamnat en bit sommar\u00e4ng och satt i vas.&nbsp;&nbsp;<\/p>\n\n\n\n<p>I den bl\u00e5 buketten Klematis valde Hanna att rensa bort mycket av det gr\u00f6na i form av blad och l\u00e5ta blommorna tr\u00e4da fram.&nbsp;<\/p>\n\n\n\n<figure class=\"wp-block-image\"><img decoding=\"async\" src=\"https:\/\/www.interflora.se\/inspiration\/wp-content\/uploads\/2025\/03\/masterflorist-hanna-eriksson-bukett-klematis.jpg\" alt=\"M\u00e4sterflorist-Hanna-Eriksson-bukett-klematis.jpg\"\/><\/figure>\n\n\n\n<p>\u2013 Det ger en skir k\u00e4nsla och k\u00e4nns mer arbetat p\u00e5 det s\u00e4ttet. Jag gillade tanken p\u00e5 att h\u00e5lla mig till en f\u00e4rg, men l\u00e5ta nyanserna g\u00e5 fr\u00e5n lila till blekt bl\u00e5tt.&nbsp;<\/p>\n\n\n\n<p>\u00c4ven de svulstiga buketterna Pion och lilla graci\u00f6sa Lukt\u00e4rt rensades fr\u00e5n blad. Hanna t\u00e4nker att de ska passa f\u00f6r m\u00e5nga olika tillf\u00e4llen, som f\u00f6delsedagar, fester, mors dag, men ocks\u00e5 br\u00f6llop \u2013 i den blommigaste av \u00e5rstider.&nbsp;&nbsp;<\/p>\n\n\n\n<p><strong>\u201dAlla borde g\u00e5 p\u00e5 fest med blommor i h\u00e5ret\u201d&nbsp;<\/strong><\/p>\n\n\n\n<p><strong>Namn:<\/strong>&nbsp;Hanna Eriksson<br><strong>\u00c5r i yrket:<\/strong>&nbsp;20 \u00e5r&nbsp;<br><strong>T\u00e4vlingsmeriter:<\/strong>&nbsp;Har t\u00e4vlat sedan floristutbildningen p\u00e5 gymnasiet. Vann guld i SM i Blomsterdesign 2021. P\u00e5 tidigare SM har hon placerat sig som silver- och bronsmedalj\u00f6r. Har ocks\u00e5 deltagit i Nordiska M\u00e4sterskapen och Flower Grand Prix p\u00e5 Elmia Garden.&nbsp;<br><strong>Spaning:<\/strong>&nbsp;Ingen fest utan blommor i h\u00e5ret! Fler och fler uppt\u00e4cker hur vackert det \u00e4r, det tycker jag \u00e4r kul. Och sj\u00e4lvklart ska m\u00e4n ocks\u00e5 ha blommor i h\u00e5ret.&nbsp;<br><strong>B\u00e4sta med yrket:<\/strong>&nbsp;Att jag fortfarande efter alla \u00e5r fascineras av blommor, varje dag.<\/p>\n\n\n\n<p><a href=\"https:\/\/www.interflora.se\/interflora\/produktkategorier\/buketter\/\">Se alla buketter<\/a><\/p>\n","protected":false},"excerpt":{"rendered":"<p>\u201dJag \u00e4r en v\u00e4ldigt spontan florist\u201d I april 2021 vann Hanna Eriksson SM i Blomsterdesign p\u00e5 Fotografiska i Stockholm. Strax [&hellip;]<\/p>\n","protected":false},"author":1,"featured_media":1991,"comment_status":"open","ping_status":"open","sticky":false,"template":"","format":"standard","meta":{"_uag_custom_page_level_css":"","site-sidebar-layout":"default","site-content-layout":"","ast-site-content-layout":"default","site-content-style":"default","site-sidebar-style":"default","ast-global-header-display":"","ast-banner-title-visibility":"","ast-main-header-display":"","ast-hfb-above-header-display":"","ast-hfb-below-header-display":"","ast-hfb-mobile-header-display":"","site-post-title":"","ast-breadcrumbs-content":"","ast-featured-img":"","footer-sml-layout":"","ast-disable-related-posts":"","theme-transparent-header-meta":"","adv-header-id-meta":"","stick-header-meta":"","header-above-stick-meta":"","header-main-stick-meta":"","header-below-stick-meta":"","astra-migrate-meta-layouts":"default","ast-page-background-enabled":"default","ast-page-background-meta":{"desktop":{"background-color":"var(--ast-global-color-5)","background-image":"","background-repeat":"repeat","background-position":"center center","background-size":"auto","background-attachment":"scroll","background-type":"","background-media":"","overlay-type":"","overlay-color":"","overlay-opacity":"","overlay-gradient":""},"tablet":{"background-color":"","background-image":"","background-repeat":"repeat","background-position":"center center","background-size":"auto","background-attachment":"scroll","background-type":"","background-media":"","overlay-type":"","overlay-color":"","overlay-opacity":"","overlay-gradient":""},"mobile":{"background-color":"","background-image":"","background-repeat":"repeat","background-position":"center center","background-size":"auto","background-attachment":"scroll","background-type":"","background-media":"","overlay-type":"","overlay-color":"","overlay-opacity":"","overlay-gradient":""}},"ast-content-background-meta":{"desktop":{"background-color":"var(--ast-global-color-4)","background-image":"","background-repeat":"repeat","background-position":"center center","background-size":"auto","background-attachment":"scroll","background-type":"","background-media":"","overlay-type":"","overlay-color":"","overlay-opacity":"","overlay-gradient":""},"tablet":{"background-color":"var(--ast-global-color-4)","background-image":"","background-repeat":"repeat","background-position":"center center","background-size":"auto","background-attachment":"scroll","background-type":"","background-media":"","overlay-type":"","overlay-color":"","overlay-opacity":"","overlay-gradient":""},"mobile":{"background-color":"var(--ast-global-color-4)","background-image":"","background-repeat":"repeat","background-position":"center center","background-size":"auto","background-attachment":"scroll","background-type":"","background-media":"","overlay-type":"","overlay-color":"","overlay-opacity":"","overlay-gradient":""}},"footnotes":""},"categories":[12],"tags":[],"class_list":["post-321","post","type-post","status-publish","format-standard","has-post-thumbnail","hentry","category-mot-vara-florister"],"yoast_head":"<!-- This site is optimized with the Yoast SEO plugin v27.4 - https:\/\/yoast.com\/product\/yoast-seo-wordpress\/ -->\n<title>M\u00f6t m\u00e4sterfloristen Hanna Eriksson | Interflora<\/title>\n<meta name=\"robots\" content=\"index, follow, max-snippet:-1, max-image-preview:large, max-video-preview:-1\" \/>\n<link rel=\"canonical\" href=\"https:\/\/www.interflora.se\/inspiration\/masterflorist-hanna-eriksson\/\" \/>\n<meta property=\"og:locale\" content=\"sv_SE\" \/>\n<meta property=\"og:type\" content=\"article\" \/>\n<meta property=\"og:title\" content=\"M\u00f6t m\u00e4sterfloristen Hanna Eriksson | Interflora\" \/>\n<meta property=\"og:description\" content=\"\u201dJag \u00e4r en v\u00e4ldigt spontan florist\u201d I april 2021 vann Hanna Eriksson SM i Blomsterdesign p\u00e5 Fotografiska i Stockholm. Strax [&hellip;]\" \/>\n<meta property=\"og:url\" content=\"https:\/\/www.interflora.se\/inspiration\/masterflorist-hanna-eriksson\/\" \/>\n<meta property=\"og:site_name\" content=\"Inspiration om blommor, krukv\u00e4xter &amp; trender | Interflora\" \/>\n<meta property=\"article:publisher\" content=\"https:\/\/www.facebook.com\/InterfloraAB\" \/>\n<meta property=\"article:published_time\" content=\"2024-11-21T07:48:58+00:00\" \/>\n<meta property=\"article:modified_time\" content=\"2025-03-26T13:34:06+00:00\" \/>\n<meta property=\"og:image\" content=\"https:\/\/www.interflora.se\/inspiration\/wp-content\/uploads\/2025\/03\/masterflorist-hanna-eriksson-topp.jpg\" \/>\n\t<meta property=\"og:image:width\" content=\"1200\" \/>\n\t<meta property=\"og:image:height\" content=\"800\" \/>\n\t<meta property=\"og:image:type\" content=\"image\/jpeg\" \/>\n<meta name=\"author\" content=\"admin\" \/>\n<meta name=\"twitter:card\" content=\"summary_large_image\" \/>\n<meta name=\"twitter:label1\" content=\"Skriven av\" \/>\n\t<meta name=\"twitter:data1\" content=\"admin\" \/>\n\t<meta name=\"twitter:label2\" content=\"Ber\u00e4knad l\u00e4stid\" \/>\n\t<meta name=\"twitter:data2\" content=\"4 minuter\" \/>\n<script type=\"application\/ld+json\" class=\"yoast-schema-graph\">{\"@context\":\"https:\\\/\\\/schema.org\",\"@graph\":[{\"@type\":\"Article\",\"@id\":\"https:\\\/\\\/www.interflora.se\\\/inspiration\\\/masterflorist-hanna-eriksson\\\/#article\",\"isPartOf\":{\"@id\":\"https:\\\/\\\/www.interflora.se\\\/inspiration\\\/masterflorist-hanna-eriksson\\\/\"},\"author\":{\"name\":\"admin\",\"@id\":\"https:\\\/\\\/www.interflora.se\\\/inspiration\\\/#\\\/schema\\\/person\\\/dbbd1ad45e05409c356dc639597669f2\"},\"headline\":\"M\u00f6t m\u00e4sterfloristen Hanna Eriksson\",\"datePublished\":\"2024-11-21T07:48:58+00:00\",\"dateModified\":\"2025-03-26T13:34:06+00:00\",\"mainEntityOfPage\":{\"@id\":\"https:\\\/\\\/www.interflora.se\\\/inspiration\\\/masterflorist-hanna-eriksson\\\/\"},\"wordCount\":742,\"commentCount\":0,\"publisher\":{\"@id\":\"https:\\\/\\\/www.interflora.se\\\/inspiration\\\/#organization\"},\"image\":{\"@id\":\"https:\\\/\\\/www.interflora.se\\\/inspiration\\\/masterflorist-hanna-eriksson\\\/#primaryimage\"},\"thumbnailUrl\":\"https:\\\/\\\/www.interflora.se\\\/inspiration\\\/wp-content\\\/uploads\\\/2025\\\/03\\\/masterflorist-hanna-eriksson-topp.jpg\",\"articleSection\":[\"M\u00f6t v\u00e5ra florister\"],\"inLanguage\":\"sv-SE\",\"potentialAction\":[{\"@type\":\"CommentAction\",\"name\":\"Comment\",\"target\":[\"https:\\\/\\\/www.interflora.se\\\/inspiration\\\/masterflorist-hanna-eriksson\\\/#respond\"]}]},{\"@type\":\"WebPage\",\"@id\":\"https:\\\/\\\/www.interflora.se\\\/inspiration\\\/masterflorist-hanna-eriksson\\\/\",\"url\":\"https:\\\/\\\/www.interflora.se\\\/inspiration\\\/masterflorist-hanna-eriksson\\\/\",\"name\":\"M\u00f6t m\u00e4sterfloristen Hanna Eriksson | Interflora\",\"isPartOf\":{\"@id\":\"https:\\\/\\\/www.interflora.se\\\/inspiration\\\/#website\"},\"primaryImageOfPage\":{\"@id\":\"https:\\\/\\\/www.interflora.se\\\/inspiration\\\/masterflorist-hanna-eriksson\\\/#primaryimage\"},\"image\":{\"@id\":\"https:\\\/\\\/www.interflora.se\\\/inspiration\\\/masterflorist-hanna-eriksson\\\/#primaryimage\"},\"thumbnailUrl\":\"https:\\\/\\\/www.interflora.se\\\/inspiration\\\/wp-content\\\/uploads\\\/2025\\\/03\\\/masterflorist-hanna-eriksson-topp.jpg\",\"datePublished\":\"2024-11-21T07:48:58+00:00\",\"dateModified\":\"2025-03-26T13:34:06+00:00\",\"breadcrumb\":{\"@id\":\"https:\\\/\\\/www.interflora.se\\\/inspiration\\\/masterflorist-hanna-eriksson\\\/#breadcrumb\"},\"inLanguage\":\"sv-SE\",\"potentialAction\":[{\"@type\":\"ReadAction\",\"target\":[\"https:\\\/\\\/www.interflora.se\\\/inspiration\\\/masterflorist-hanna-eriksson\\\/\"]}]},{\"@type\":\"ImageObject\",\"inLanguage\":\"sv-SE\",\"@id\":\"https:\\\/\\\/www.interflora.se\\\/inspiration\\\/masterflorist-hanna-eriksson\\\/#primaryimage\",\"url\":\"https:\\\/\\\/www.interflora.se\\\/inspiration\\\/wp-content\\\/uploads\\\/2025\\\/03\\\/masterflorist-hanna-eriksson-topp.jpg\",\"contentUrl\":\"https:\\\/\\\/www.interflora.se\\\/inspiration\\\/wp-content\\\/uploads\\\/2025\\\/03\\\/masterflorist-hanna-eriksson-topp.jpg\",\"width\":1200,\"height\":800},{\"@type\":\"BreadcrumbList\",\"@id\":\"https:\\\/\\\/www.interflora.se\\\/inspiration\\\/masterflorist-hanna-eriksson\\\/#breadcrumb\",\"itemListElement\":[{\"@type\":\"ListItem\",\"position\":1,\"name\":\"Home\",\"item\":\"https:\\\/\\\/www.interflora.se\\\/inspiration\\\/\"},{\"@type\":\"ListItem\",\"position\":2,\"name\":\"M\u00f6t m\u00e4sterfloristen Hanna Eriksson\"}]},{\"@type\":\"WebSite\",\"@id\":\"https:\\\/\\\/www.interflora.se\\\/inspiration\\\/#website\",\"url\":\"https:\\\/\\\/www.interflora.se\\\/inspiration\\\/\",\"name\":\"Interflora\",\"description\":\"\",\"publisher\":{\"@id\":\"https:\\\/\\\/www.interflora.se\\\/inspiration\\\/#organization\"},\"potentialAction\":[{\"@type\":\"SearchAction\",\"target\":{\"@type\":\"EntryPoint\",\"urlTemplate\":\"https:\\\/\\\/www.interflora.se\\\/inspiration\\\/?s={search_term_string}\"},\"query-input\":{\"@type\":\"PropertyValueSpecification\",\"valueRequired\":true,\"valueName\":\"search_term_string\"}}],\"inLanguage\":\"sv-SE\"},{\"@type\":\"Organization\",\"@id\":\"https:\\\/\\\/www.interflora.se\\\/inspiration\\\/#organization\",\"name\":\"Interflora\",\"url\":\"https:\\\/\\\/www.interflora.se\\\/inspiration\\\/\",\"logo\":{\"@type\":\"ImageObject\",\"inLanguage\":\"sv-SE\",\"@id\":\"https:\\\/\\\/www.interflora.se\\\/inspiration\\\/#\\\/schema\\\/logo\\\/image\\\/\",\"url\":\"https:\\\/\\\/www.interflora.se\\\/inspiration\\\/wp-content\\\/uploads\\\/2025\\\/09\\\/cropped-220422_INTERFLORA_Logo_rgb_Half_Top_Circle_Main_Color.avif\",\"contentUrl\":\"https:\\\/\\\/www.interflora.se\\\/inspiration\\\/wp-content\\\/uploads\\\/2025\\\/09\\\/cropped-220422_INTERFLORA_Logo_rgb_Half_Top_Circle_Main_Color.avif\",\"width\":1418,\"height\":662,\"caption\":\"Interflora\"},\"image\":{\"@id\":\"https:\\\/\\\/www.interflora.se\\\/inspiration\\\/#\\\/schema\\\/logo\\\/image\\\/\"},\"sameAs\":[\"https:\\\/\\\/www.facebook.com\\\/InterfloraAB\",\"https:\\\/\\\/www.instagram.com\\\/interflora_ab\\\/\",\"https:\\\/\\\/www.linkedin.com\\\/company\\\/1494362\",\"https:\\\/\\\/www.youtube.com\\\/channel\\\/UCZgDzGWB2VRxaoWFUmXnk1w\"]},{\"@type\":\"Person\",\"@id\":\"https:\\\/\\\/www.interflora.se\\\/inspiration\\\/#\\\/schema\\\/person\\\/dbbd1ad45e05409c356dc639597669f2\",\"name\":\"admin\",\"image\":{\"@type\":\"ImageObject\",\"inLanguage\":\"sv-SE\",\"@id\":\"https:\\\/\\\/www.interflora.se\\\/inspiration\\\/wp-content\\\/litespeed\\\/avatar\\\/1fe3cced9e67df62d0a6f995d75823a5.jpg?ver=1777362393\",\"url\":\"https:\\\/\\\/www.interflora.se\\\/inspiration\\\/wp-content\\\/litespeed\\\/avatar\\\/1fe3cced9e67df62d0a6f995d75823a5.jpg?ver=1777362393\",\"contentUrl\":\"https:\\\/\\\/www.interflora.se\\\/inspiration\\\/wp-content\\\/litespeed\\\/avatar\\\/1fe3cced9e67df62d0a6f995d75823a5.jpg?ver=1777362393\",\"caption\":\"admin\"},\"sameAs\":[\"https:\\\/\\\/www.interflora.se\\\/inspiration\"],\"url\":\"https:\\\/\\\/www.interflora.se\\\/inspiration\\\/author\\\/admin\\\/\"}]}<\/script>\n<!-- \/ Yoast SEO plugin. -->","yoast_head_json":{"title":"M\u00f6t m\u00e4sterfloristen Hanna Eriksson | Interflora","robots":{"index":"index","follow":"follow","max-snippet":"max-snippet:-1","max-image-preview":"max-image-preview:large","max-video-preview":"max-video-preview:-1"},"canonical":"https:\/\/www.interflora.se\/inspiration\/masterflorist-hanna-eriksson\/","og_locale":"sv_SE","og_type":"article","og_title":"M\u00f6t m\u00e4sterfloristen Hanna Eriksson | Interflora","og_description":"\u201dJag \u00e4r en v\u00e4ldigt spontan florist\u201d I april 2021 vann Hanna Eriksson SM i Blomsterdesign p\u00e5 Fotografiska i Stockholm. Strax [&hellip;]","og_url":"https:\/\/www.interflora.se\/inspiration\/masterflorist-hanna-eriksson\/","og_site_name":"Inspiration om blommor, krukv\u00e4xter &amp; trender | Interflora","article_publisher":"https:\/\/www.facebook.com\/InterfloraAB","article_published_time":"2024-11-21T07:48:58+00:00","article_modified_time":"2025-03-26T13:34:06+00:00","og_image":[{"width":1200,"height":800,"url":"https:\/\/www.interflora.se\/inspiration\/wp-content\/uploads\/2025\/03\/masterflorist-hanna-eriksson-topp.jpg","type":"image\/jpeg"}],"author":"admin","twitter_card":"summary_large_image","twitter_misc":{"Skriven av":"admin","Ber\u00e4knad l\u00e4stid":"4 minuter"},"schema":{"@context":"https:\/\/schema.org","@graph":[{"@type":"Article","@id":"https:\/\/www.interflora.se\/inspiration\/masterflorist-hanna-eriksson\/#article","isPartOf":{"@id":"https:\/\/www.interflora.se\/inspiration\/masterflorist-hanna-eriksson\/"},"author":{"name":"admin","@id":"https:\/\/www.interflora.se\/inspiration\/#\/schema\/person\/dbbd1ad45e05409c356dc639597669f2"},"headline":"M\u00f6t m\u00e4sterfloristen Hanna Eriksson","datePublished":"2024-11-21T07:48:58+00:00","dateModified":"2025-03-26T13:34:06+00:00","mainEntityOfPage":{"@id":"https:\/\/www.interflora.se\/inspiration\/masterflorist-hanna-eriksson\/"},"wordCount":742,"commentCount":0,"publisher":{"@id":"https:\/\/www.interflora.se\/inspiration\/#organization"},"image":{"@id":"https:\/\/www.interflora.se\/inspiration\/masterflorist-hanna-eriksson\/#primaryimage"},"thumbnailUrl":"https:\/\/www.interflora.se\/inspiration\/wp-content\/uploads\/2025\/03\/masterflorist-hanna-eriksson-topp.jpg","articleSection":["M\u00f6t v\u00e5ra florister"],"inLanguage":"sv-SE","potentialAction":[{"@type":"CommentAction","name":"Comment","target":["https:\/\/www.interflora.se\/inspiration\/masterflorist-hanna-eriksson\/#respond"]}]},{"@type":"WebPage","@id":"https:\/\/www.interflora.se\/inspiration\/masterflorist-hanna-eriksson\/","url":"https:\/\/www.interflora.se\/inspiration\/masterflorist-hanna-eriksson\/","name":"M\u00f6t m\u00e4sterfloristen Hanna Eriksson | Interflora","isPartOf":{"@id":"https:\/\/www.interflora.se\/inspiration\/#website"},"primaryImageOfPage":{"@id":"https:\/\/www.interflora.se\/inspiration\/masterflorist-hanna-eriksson\/#primaryimage"},"image":{"@id":"https:\/\/www.interflora.se\/inspiration\/masterflorist-hanna-eriksson\/#primaryimage"},"thumbnailUrl":"https:\/\/www.interflora.se\/inspiration\/wp-content\/uploads\/2025\/03\/masterflorist-hanna-eriksson-topp.jpg","datePublished":"2024-11-21T07:48:58+00:00","dateModified":"2025-03-26T13:34:06+00:00","breadcrumb":{"@id":"https:\/\/www.interflora.se\/inspiration\/masterflorist-hanna-eriksson\/#breadcrumb"},"inLanguage":"sv-SE","potentialAction":[{"@type":"ReadAction","target":["https:\/\/www.interflora.se\/inspiration\/masterflorist-hanna-eriksson\/"]}]},{"@type":"ImageObject","inLanguage":"sv-SE","@id":"https:\/\/www.interflora.se\/inspiration\/masterflorist-hanna-eriksson\/#primaryimage","url":"https:\/\/www.interflora.se\/inspiration\/wp-content\/uploads\/2025\/03\/masterflorist-hanna-eriksson-topp.jpg","contentUrl":"https:\/\/www.interflora.se\/inspiration\/wp-content\/uploads\/2025\/03\/masterflorist-hanna-eriksson-topp.jpg","width":1200,"height":800},{"@type":"BreadcrumbList","@id":"https:\/\/www.interflora.se\/inspiration\/masterflorist-hanna-eriksson\/#breadcrumb","itemListElement":[{"@type":"ListItem","position":1,"name":"Home","item":"https:\/\/www.interflora.se\/inspiration\/"},{"@type":"ListItem","position":2,"name":"M\u00f6t m\u00e4sterfloristen Hanna Eriksson"}]},{"@type":"WebSite","@id":"https:\/\/www.interflora.se\/inspiration\/#website","url":"https:\/\/www.interflora.se\/inspiration\/","name":"Interflora","description":"","publisher":{"@id":"https:\/\/www.interflora.se\/inspiration\/#organization"},"potentialAction":[{"@type":"SearchAction","target":{"@type":"EntryPoint","urlTemplate":"https:\/\/www.interflora.se\/inspiration\/?s={search_term_string}"},"query-input":{"@type":"PropertyValueSpecification","valueRequired":true,"valueName":"search_term_string"}}],"inLanguage":"sv-SE"},{"@type":"Organization","@id":"https:\/\/www.interflora.se\/inspiration\/#organization","name":"Interflora","url":"https:\/\/www.interflora.se\/inspiration\/","logo":{"@type":"ImageObject","inLanguage":"sv-SE","@id":"https:\/\/www.interflora.se\/inspiration\/#\/schema\/logo\/image\/","url":"https:\/\/www.interflora.se\/inspiration\/wp-content\/uploads\/2025\/09\/cropped-220422_INTERFLORA_Logo_rgb_Half_Top_Circle_Main_Color.avif","contentUrl":"https:\/\/www.interflora.se\/inspiration\/wp-content\/uploads\/2025\/09\/cropped-220422_INTERFLORA_Logo_rgb_Half_Top_Circle_Main_Color.avif","width":1418,"height":662,"caption":"Interflora"},"image":{"@id":"https:\/\/www.interflora.se\/inspiration\/#\/schema\/logo\/image\/"},"sameAs":["https:\/\/www.facebook.com\/InterfloraAB","https:\/\/www.instagram.com\/interflora_ab\/","https:\/\/www.linkedin.com\/company\/1494362","https:\/\/www.youtube.com\/channel\/UCZgDzGWB2VRxaoWFUmXnk1w"]},{"@type":"Person","@id":"https:\/\/www.interflora.se\/inspiration\/#\/schema\/person\/dbbd1ad45e05409c356dc639597669f2","name":"admin","image":{"@type":"ImageObject","inLanguage":"sv-SE","@id":"https:\/\/www.interflora.se\/inspiration\/wp-content\/litespeed\/avatar\/1fe3cced9e67df62d0a6f995d75823a5.jpg?ver=1777362393","url":"https:\/\/www.interflora.se\/inspiration\/wp-content\/litespeed\/avatar\/1fe3cced9e67df62d0a6f995d75823a5.jpg?ver=1777362393","contentUrl":"https:\/\/www.interflora.se\/inspiration\/wp-content\/litespeed\/avatar\/1fe3cced9e67df62d0a6f995d75823a5.jpg?ver=1777362393","caption":"admin"},"sameAs":["https:\/\/www.interflora.se\/inspiration"],"url":"https:\/\/www.interflora.se\/inspiration\/author\/admin\/"}]}},"uagb_featured_image_src":{"full":["https:\/\/www.interflora.se\/inspiration\/wp-content\/uploads\/2025\/03\/masterflorist-hanna-eriksson-topp.jpg",1200,800,false],"thumbnail":["https:\/\/www.interflora.se\/inspiration\/wp-content\/uploads\/2025\/03\/masterflorist-hanna-eriksson-topp-150x150.jpg",150,150,true],"medium":["https:\/\/www.interflora.se\/inspiration\/wp-content\/uploads\/2025\/03\/masterflorist-hanna-eriksson-topp-300x200.jpg",300,200,true],"medium_large":["https:\/\/www.interflora.se\/inspiration\/wp-content\/uploads\/2025\/03\/masterflorist-hanna-eriksson-topp-768x512.jpg",768,512,true],"large":["https:\/\/www.interflora.se\/inspiration\/wp-content\/uploads\/2025\/03\/masterflorist-hanna-eriksson-topp-1024x683.jpg",1024,683,true],"1536x1536":["https:\/\/www.interflora.se\/inspiration\/wp-content\/uploads\/2025\/03\/masterflorist-hanna-eriksson-topp.jpg",1200,800,false],"2048x2048":["https:\/\/www.interflora.se\/inspiration\/wp-content\/uploads\/2025\/03\/masterflorist-hanna-eriksson-topp.jpg",1200,800,false]},"uagb_author_info":{"display_name":"admin","author_link":"https:\/\/www.interflora.se\/inspiration\/author\/admin\/"},"uagb_comment_info":0,"uagb_excerpt":"\u201dJag \u00e4r en v\u00e4ldigt spontan florist\u201d I april 2021 vann Hanna Eriksson SM i Blomsterdesign p\u00e5 Fotografiska i Stockholm. Strax [&hellip;]","_links":{"self":[{"href":"https:\/\/www.interflora.se\/inspiration\/wp-json\/wp\/v2\/posts\/321","targetHints":{"allow":["GET"]}}],"collection":[{"href":"https:\/\/www.interflora.se\/inspiration\/wp-json\/wp\/v2\/posts"}],"about":[{"href":"https:\/\/www.interflora.se\/inspiration\/wp-json\/wp\/v2\/types\/post"}],"author":[{"embeddable":true,"href":"https:\/\/www.interflora.se\/inspiration\/wp-json\/wp\/v2\/users\/1"}],"replies":[{"embeddable":true,"href":"https:\/\/www.interflora.se\/inspiration\/wp-json\/wp\/v2\/comments?post=321"}],"version-history":[{"count":1,"href":"https:\/\/www.interflora.se\/inspiration\/wp-json\/wp\/v2\/posts\/321\/revisions"}],"predecessor-version":[{"id":1994,"href":"https:\/\/www.interflora.se\/inspiration\/wp-json\/wp\/v2\/posts\/321\/revisions\/1994"}],"wp:featuredmedia":[{"embeddable":true,"href":"https:\/\/www.interflora.se\/inspiration\/wp-json\/wp\/v2\/media\/1991"}],"wp:attachment":[{"href":"https:\/\/www.interflora.se\/inspiration\/wp-json\/wp\/v2\/media?parent=321"}],"wp:term":[{"taxonomy":"category","embeddable":true,"href":"https:\/\/www.interflora.se\/inspiration\/wp-json\/wp\/v2\/categories?post=321"},{"taxonomy":"post_tag","embeddable":true,"href":"https:\/\/www.interflora.se\/inspiration\/wp-json\/wp\/v2\/tags?post=321"}],"curies":[{"name":"wp","href":"https:\/\/api.w.org\/{rel}","templated":true}]}}