{"id":313,"date":"2024-09-06T20:18:34","date_gmt":"2024-09-06T18:18:34","guid":{"rendered":"http:\/\/preprodblog.interflora.se\/blog\/?p=313"},"modified":"2025-03-20T09:49:19","modified_gmt":"2025-03-20T08:49:19","slug":"lattskotta-vaxter","status":"publish","type":"post","link":"https:\/\/www.interflora.se\/inspiration\/lattskotta-vaxter\/","title":{"rendered":"8 l\u00e4ttsk\u00f6tta v\u00e4xter f\u00f6r nyb\u00f6rjare"},"content":{"rendered":"\n<p>V\u00e4xter \u00e4r bra f\u00f6r ditt v\u00e4lm\u00e5ende eftersom de renar luften och skapar en behaglig hemmamilj\u00f6. Genom att lyfta in en del av naturen i ditt hem skapar du inte bara ett trendigt utan ocks\u00e5 ett harmoniskt och frodigt hem. Har du inte lyckats f\u00e4rga dina fingrar gr\u00f6na riktigt \u00e4n? Inga problem, vi har samlat de mest l\u00e4ttsk\u00f6tta v\u00e4xterna som passar perfekt f\u00f6r nyb\u00f6rjare.<\/p>\n\n\n\n<figure class=\"wp-block-image\"><img decoding=\"async\" src=\"https:\/\/www.interflora.se\/inspiration\/wp-content\/uploads\/2025\/03\/toppbild_enklavaxter.jpg\" alt=\"toppbild_enklavaxter.jpg\"\/><\/figure>\n\n\n\n<h2 class=\"wp-block-heading\">Rundcalathea<\/h2>\n\n\n\n<p><a href=\"https:\/\/www.interflora.se\/home\/krukvaxter\/alla-krukvaxter\/rundcalatea-grona-flora\/\">Rundcalathea<\/a>&nbsp;har stora runda blad i gr\u00f6nt och vitt. Innan de vecklar ut sig \u00e4r de formade som strutar. De beh\u00f6ver ljus f\u00f6r att beh\u00e5lla sina fina m\u00f6nster, men undvik direkt sol. Jorden beh\u00f6ver h\u00e5llas l\u00e4tt och j\u00e4mt fuktig ocheftersom Rundcalathea&nbsp;v\u00e4xer vild i regnskogsomr\u00e5den beh\u00f6ver den v\u00e4rme och fukt, s\u00e5 en temperatur p\u00e5 minst 18 grader rekommenderas.<\/p>\n\n\n\n<h3 class=\"wp-block-heading\">Sk\u00f6tselr\u00e5d rundcalathea:<\/h3>\n\n\n\n<ul class=\"wp-block-list\">\n<li>Placera ljust men undvik stark solljus.<\/li>\n\n\n\n<li>Vattna n\u00e4r jorden \u00e4r torr p\u00e5 ytan.<\/li>\n\n\n\n<li>Ge n\u00e4ring 1 g\u00e5ng i m\u00e5naden.<\/li>\n\n\n\n<li>Trivs i rumstemperatur 18-24\u00b0C.<\/li>\n<\/ul>\n\n\n\n<figure class=\"wp-block-image\"><img decoding=\"async\" src=\"https:\/\/www.interflora.se\/inspiration\/wp-content\/uploads\/2025\/03\/rundcalathea-inspo-lattskotta-vaxter.jpg\" alt=\"rundcalathea-inspo-l\u00e4ttsk\u00f6tta-v\u00e4xter.jpg\"\/><\/figure>\n\n\n\n<h2 class=\"wp-block-heading\"><br>Silverranka<\/h2>\n\n\n\n<p>Har du en yta som gapar tom? Inte l\u00e4nge till!&nbsp;<a href=\"https:\/\/www.interflora.se\/home\/krukvaxter\/alla-krukvaxter\/silverranka-grona-flora\/\">Silverrankan<\/a>&nbsp;fyller ut den snabbt. Skuggigt? Inga problem. Den h\u00e4r gr\u00f6na v\u00e4nnen&nbsp;h\u00e4nger g\u00e4rna i en ampel en bit in i rummet. Passar perfekt f\u00f6r dig som inte n\u00f6dv\u00e4ndigtvis har gr\u00f6na fingrar. Den bildar l\u00e5nga rankor med snyggt silverst\u00e4nkta blad. V\u00e4xten levereras i en innerkruka. Krukstorlek: ca 14 cm, ranka: ca 30 cm.<\/p>\n\n\n\n<h3 class=\"wp-block-heading\">Sk\u00f6tselr\u00e5d silverranka:<\/h3>\n\n\n\n<ul class=\"wp-block-list\">\n<li>Kan st\u00e5 ljust eller i skugga, men undvik stark sol.<\/li>\n\n\n\n<li>Trivs i ett f\u00f6nster i \u00f6st- eller v\u00e4stl\u00e4ge.<\/li>\n\n\n\n<li>L\u00e5t jorden torka upp l\u00e4tt mellan du vattnar.<\/li>\n\n\n\n<li>T\u00e4nk p\u00e5 att v\u00e4xtsaften \u00e4r skadlig f\u00f6r hund och katt.<\/li>\n<\/ul>\n\n\n\n<figure class=\"wp-block-image\"><img decoding=\"async\" src=\"https:\/\/www.interflora.se\/inspiration\/wp-content\/uploads\/2025\/03\/silverranka-inspo-lattskotta-vaxter.jpg\" alt=\"silverranka-inspo-l\u00e4ttsk\u00f6tta-v\u00e4xter.jpg\"\/><\/figure>\n\n\n\n<h2 class=\"wp-block-heading\">Gullranka<\/h2>\n\n\n\n<p><a href=\"https:\/\/www.interflora.se\/home\/krukvaxter\/alla-krukvaxter\/gullranka\/\">Gullrankan<\/a>&nbsp;\u00e4r en&nbsp;robust&nbsp;kl\u00e4tterv\u00e4xt med vackra blad i form av hj\u00e4rtan.&nbsp;L\u00e5t den bo p\u00e5 ett sk\u00e5p, i en bokhylla eller&nbsp;h\u00e4ng den i&nbsp;trappan&nbsp;\u2013 den intar vilken plats som helst med sin naturliga charm.&nbsp;Flera&nbsp;i rad blir&nbsp;en gr\u00f6n gardin. Gullrankan, med dess vackra rankor fyllda med hj\u00e4rtformade blad, \u00e4r b\u00e5de l\u00e4ttsk\u00f6tt och snabbv\u00e4xande.&nbsp;Placera mindre plantor h\u00e4ngandes i ampel, p\u00e5 en byr\u00e5 eller sk\u00e5p och l\u00e5t den snirkla sig ner och runt.&nbsp;St\u00f6rre v\u00e4xter vill g\u00e4rna kl\u00e4ttra p\u00e5 en mosspinne eller annat st\u00f6d.<\/p>\n\n\n\n<p>Det \u00e4r l\u00e4tt att f\u00f6r\u00f6ka gullrankan. Ta sticklingar genom att klippa av en del av en ranka. S\u00e4tt ner sticklingarna i samma kruka eller plantera i egna krukor.<\/p>\n\n\n\n<h3 class=\"wp-block-heading\">Sk\u00f6tselr\u00e5d Gullranka:<\/h3>\n\n\n\n<ul class=\"wp-block-list\">\n<li>Vill st\u00e5 ljust, men undvik direkt solljus d\u00e5 bladen bleks.<\/li>\n\n\n\n<li>Trivs i 10-24\u00b0C.<\/li>\n\n\n\n<li>Vattna 1 g\u00e5ng i veckan p\u00e5 sommaren och mer s\u00e4llan under vintern. L\u00e5t torka upp mellan vattningarna.<\/li>\n\n\n\n<li>Ge n\u00e4ring en g\u00e5ng i veckan under sommarhalv\u00e5ret och ca en g\u00e5ng i m\u00e5naden p\u00e5 vinterhalv\u00e5ret.<\/li>\n\n\n\n<li>Spraya bladen regelbunden med en blomspruta.<\/li>\n\n\n\n<li>Plantera om p\u00e5 v\u00e5ren och ge den en st\u00f6rre kruka om r\u00f6tterna beh\u00f6ver mer plats.<\/li>\n<\/ul>\n\n\n\n<figure class=\"wp-block-image\"><img decoding=\"async\" src=\"https:\/\/www.interflora.se\/inspiration\/wp-content\/uploads\/2025\/03\/image6kudc.jpg\" alt=\"\"\/><\/figure>\n\n\n\n<h2 class=\"wp-block-heading\">Aloe vera<\/h2>\n\n\n\n<p><a href=\"https:\/\/www.interflora.se\/home\/krukvaxter\/alla-krukvaxter\/aloe-vera\/\">Aloe vera<\/a>&nbsp;\u00e4r en av de mest l\u00e4ttsk\u00f6tta v\u00e4xterna som finns. Oavsett var den placeras ser den fantastisk ut med sina kraftiga blad.Denna fetbladiga, kaktusliknande v\u00e4xt \u00e4r ett popul\u00e4rt inslag i v\u00e5ra hem. Den s\u00e4gs \u00e4ven ha en l\u00e4kande effekt och \u00e4r d\u00e4rf\u00f6r f\u00f6rekommande inom h\u00e4lsa och v\u00e4lm\u00e5ende.<\/p>\n\n\n\n<h3 class=\"wp-block-heading\">Sk\u00f6tselr\u00e5d Aloe vera:<\/h3>\n\n\n\n<ul class=\"wp-block-list\">\n<li>St\u00e4ll ljust och soligt, men undvik starkt solljus. Under sommaren kan den st\u00e5 utomhus p\u00e5 en skyddad plats.<\/li>\n\n\n\n<li>K\u00e4nslig f\u00f6r temperaturer under 15 \u00b0C.<\/li>\n\n\n\n<li>Vattna varannan vecka och l\u00e5t jorden torka ut mellan vattningarna. Ge en mindre m\u00e4ngd vatten p\u00e5 vintern \u00e4n p\u00e5 sommaren.<\/li>\n\n\n\n<li>Ge n\u00e4ring 1 g\u00e5ng i m\u00e5naden under v\u00e5r- och sommarhalv\u00e5ret.<\/li>\n\n\n\n<li>Plantera om vartannat \u00e5r p\u00e5 v\u00e5ren. Vill ha v\u00e4ldr\u00e4nerad jord med ett lager av lecakulor i botten av krukan. Anv\u00e4nd g\u00e4rna jord anpassat f\u00f6r suckulenter.<\/li>\n<\/ul>\n\n\n\n<figure class=\"wp-block-image\"><img decoding=\"async\" src=\"https:\/\/www.interflora.se\/inspiration\/wp-content\/uploads\/2025\/03\/imagee6vgr.jpg\" alt=\"\"\/><\/figure>\n\n\n\n<h2 class=\"wp-block-heading\">Fiolfikus<\/h2>\n\n\n\n<p>S\u00e4g hej till m\u00e5nga krukv\u00e4xtfikusars moder!&nbsp;<a href=\"https:\/\/www.interflora.se\/home\/krukvaxter\/alla-krukvaxter\/fiolfikus-60-cm-\/\">Fiolfikus<\/a>&nbsp;v\u00e4xer naturligt i Afrikas tropiska klimat och kan bli hela tv\u00e5 meter inomhus. H\u00e4r hemma vill den ha en stilla v\u00e4xtplats, drag \u00e4r inget f\u00f6r en urmoder. Sk\u00e4m bort din Fiolfikus och torka av bladen ibland &#8211; den trivs b\u00e4st utan damm.<\/p>\n\n\n\n<h3 class=\"wp-block-heading\">Sk\u00f6tselr\u00e5d Fiolfikus:<\/h3>\n\n\n\n<ul class=\"wp-block-list\">\n<li>Placera ljust, undvik direkt sol och drag.<\/li>\n\n\n\n<li>T\u00e5l ej kyla och drag. Trivs i minimum 16\u00b0C.<\/li>\n\n\n\n<li>Vattna 1 g\u00e5ng i veckan. Om bladen f\u00e5r bruna kanter \u00e4r det ett tecken p\u00e5 uttorkning.<\/li>\n\n\n\n<li>Ge n\u00e4ring 1 g\u00e5ng i m\u00e5naden.<\/li>\n\n\n\n<li>Spreja och torka av bladen regelbundet.<\/li>\n\n\n\n<li>Plantera om vartannat \u00e5r.<\/li>\n<\/ul>\n\n\n\n<figure class=\"wp-block-image\"><img decoding=\"async\" src=\"https:\/\/www.interflora.se\/inspiration\/wp-content\/uploads\/2025\/03\/fiolfikus-inspo-lattskotta-vaxter.jpg\" alt=\"fiolfikus-inspo-l\u00e4ttsk\u00f6tta-v\u00e4xter.jpg\"\/><\/figure>\n\n\n\n<h2 class=\"wp-block-heading\">Guldpalm<\/h2>\n\n\n\n<p>Det h\u00e4r \u00e4r v\u00e4xten som tar tropikerna hem till dig (men du slipper den fuktiga v\u00e4rmen). Dessutom hj\u00e4lper den till att rena luften. Har du husdjur? V\u00e4lj&nbsp;<a href=\"https:\/\/www.interflora.se\/home\/krukvaxter\/alla-krukvaxter\/guldpalm\/\">Guldpalm<\/a>! Sn\u00e4ll mot allt levande. Och l\u00e4ttsk\u00f6tt.<\/p>\n\n\n\n<h3 class=\"wp-block-heading\">Sk\u00f6tselr\u00e5d Gulpalm:<\/h3>\n\n\n\n<ul class=\"wp-block-list\">\n<li>St\u00e4ll ljust, men undvik stark sol. Kan \u00e4ven st\u00e4llas en bit in i rummet.<\/li>\n\n\n\n<li>Trivs i 18-24\u00b0C.<\/li>\n\n\n\n<li>Vattna 1-2 g\u00e5nger i veckan, h\u00e5ll jorden fuktig.<\/li>\n\n\n\n<li>Ge n\u00e4ring under sommarhalv\u00e5ret.<\/li>\n\n\n\n<li>Trivs i h\u00f6g luftfuktighet. Spreja g\u00e4rna av bladen regelbundet.<\/li>\n\n\n\n<li>Planteras om vartannat \u00e5r.<\/li>\n<\/ul>\n\n\n\n<figure class=\"wp-block-image\"><img decoding=\"async\" src=\"https:\/\/www.interflora.se\/inspiration\/wp-content\/uploads\/2025\/03\/imageg5f8.jpg\" alt=\"\"\/><\/figure>\n\n\n\n<h2 class=\"wp-block-heading\">Monstera<\/h2>\n\n\n\n<p>Trendig, l\u00e4ttsk\u00f6tt och t\u00e5lig med ursprung i Sydamerikas tropiker. Er relation kommer att h\u00e5lla i m\u00e5nga \u00e5r! Ge den st\u00f6d f\u00f6r den kan bli monster(a)stor med tiden.&nbsp;<a href=\"https:\/\/www.interflora.se\/home\/krukvaxter\/alla-krukvaxter\/monstera-50-cm\/\">Monstera<\/a>&nbsp;har blivit en popul\u00e4r krukv\u00e4xt och k\u00e4nns igen f\u00f6r sina karakt\u00e4ristiska stora, flikiga blad. Ibland kan den kallas f\u00f6r Adams revben just p\u00e5 grund av bladens utseende.&nbsp;<\/p>\n\n\n\n<h3 class=\"wp-block-heading\">Sk\u00f6tselr\u00e5d Monstera:<\/h3>\n\n\n\n<ul class=\"wp-block-list\">\n<li>St\u00e4ll ljust, men undvik stark sol.<\/li>\n\n\n\n<li>K\u00e4nslig f\u00f6r temperaturer under 18\u00b0C.<\/li>\n\n\n\n<li>Vattna 2 g\u00e5nger i m\u00e5naden och l\u00e5t den torka ut mellan vattningarna.<\/li>\n\n\n\n<li>Ge n\u00e4ring 2 g\u00e5nger i m\u00e5naden.<\/li>\n\n\n\n<li>Trivs i h\u00f6g luftfuktighet. Spreja g\u00e4rna bladen regelbundet.<\/li>\n\n\n\n<li>Planteras om vartannat \u00e5r.<\/li>\n<\/ul>\n\n\n\n<figure class=\"wp-block-image\"><img decoding=\"async\" src=\"https:\/\/www.interflora.se\/inspiration\/wp-content\/uploads\/2025\/03\/imageh1ht8.jpg\" alt=\"\"\/><\/figure>\n\n\n\n<h2 class=\"wp-block-heading\">Elefant\u00f6ra<\/h2>\n\n\n\n<p><a href=\"https:\/\/www.interflora.se\/home\/krukvaxter\/alla-krukvaxter\/elefantora-25-cm--\/\">Elefant\u00f6ra<\/a>&nbsp;\u00e4r l\u00e4tt att k\u00e4nna igen p\u00e5 sina blad som ser ut som sm\u00e5 gr\u00f6na parasoll p\u00e5 l\u00e5nga skaft. Det \u00e4r retrov\u00e4xten som gjort en succ\u00e9artad comeback! Nu finns den \u00e5terigen i vart och vartannat hem &#8211; precis som p\u00e5 1960- och 70-talen.<\/p>\n\n\n\n<h3 class=\"wp-block-heading\">Sk\u00f6tselr\u00e5d Elefant\u00f6ra:<\/h3>\n\n\n\n<ul class=\"wp-block-list\">\n<li>St\u00e4ll halvljust, undvik stark solljus.<\/li>\n\n\n\n<li>Trivs i minst 15\u00b0C.<\/li>\n\n\n\n<li>Vattna 1 g\u00e5ng i veckan, l\u00e5t jorden torka upp mellan vattningarna.<\/li>\n\n\n\n<li>Ge n\u00e4ring 1 g\u00e5ng i m\u00e5naden.<\/li>\n\n\n\n<li>Spreja bladen regelbundet.<\/li>\n\n\n\n<li>Plantera om vid behov.<\/li>\n<\/ul>\n\n\n\n<figure class=\"wp-block-image\"><img decoding=\"async\" src=\"https:\/\/www.interflora.se\/inspiration\/wp-content\/uploads\/2025\/03\/pilea_peperomoides_12cm_d.jpg\" alt=\"\"\/><\/figure>\n","protected":false},"excerpt":{"rendered":"<p>V\u00e4xter \u00e4r bra f\u00f6r ditt v\u00e4lm\u00e5ende eftersom de renar luften och skapar en behaglig hemmamilj\u00f6. Genom att lyfta in en [&hellip;]<\/p>\n","protected":false},"author":1,"featured_media":751,"comment_status":"open","ping_status":"open","sticky":false,"template":"","format":"standard","meta":{"_uag_custom_page_level_css":"","site-sidebar-layout":"default","site-content-layout":"","ast-site-content-layout":"default","site-content-style":"default","site-sidebar-style":"default","ast-global-header-display":"","ast-banner-title-visibility":"","ast-main-header-display":"","ast-hfb-above-header-display":"","ast-hfb-below-header-display":"","ast-hfb-mobile-header-display":"","site-post-title":"","ast-breadcrumbs-content":"","ast-featured-img":"","footer-sml-layout":"","ast-disable-related-posts":"","theme-transparent-header-meta":"","adv-header-id-meta":"","stick-header-meta":"","header-above-stick-meta":"","header-main-stick-meta":"","header-below-stick-meta":"","astra-migrate-meta-layouts":"default","ast-page-background-enabled":"default","ast-page-background-meta":{"desktop":{"background-color":"var(--ast-global-color-5)","background-image":"","background-repeat":"repeat","background-position":"center center","background-size":"auto","background-attachment":"scroll","background-type":"","background-media":"","overlay-type":"","overlay-color":"","overlay-opacity":"","overlay-gradient":""},"tablet":{"background-color":"","background-image":"","background-repeat":"repeat","background-position":"center center","background-size":"auto","background-attachment":"scroll","background-type":"","background-media":"","overlay-type":"","overlay-color":"","overlay-opacity":"","overlay-gradient":""},"mobile":{"background-color":"","background-image":"","background-repeat":"repeat","background-position":"center center","background-size":"auto","background-attachment":"scroll","background-type":"","background-media":"","overlay-type":"","overlay-color":"","overlay-opacity":"","overlay-gradient":""}},"ast-content-background-meta":{"desktop":{"background-color":"var(--ast-global-color-4)","background-image":"","background-repeat":"repeat","background-position":"center center","background-size":"auto","background-attachment":"scroll","background-type":"","background-media":"","overlay-type":"","overlay-color":"","overlay-opacity":"","overlay-gradient":""},"tablet":{"background-color":"var(--ast-global-color-4)","background-image":"","background-repeat":"repeat","background-position":"center center","background-size":"auto","background-attachment":"scroll","background-type":"","background-media":"","overlay-type":"","overlay-color":"","overlay-opacity":"","overlay-gradient":""},"mobile":{"background-color":"var(--ast-global-color-4)","background-image":"","background-repeat":"repeat","background-position":"center center","background-size":"auto","background-attachment":"scroll","background-type":"","background-media":"","overlay-type":"","overlay-color":"","overlay-opacity":"","overlay-gradient":""}},"footnotes":""},"categories":[7],"tags":[],"class_list":["post-313","post","type-post","status-publish","format-standard","has-post-thumbnail","hentry","category-blomfakta-skotselrad"],"yoast_head":"<!-- This site is optimized with the Yoast SEO plugin v27.4 - https:\/\/yoast.com\/product\/yoast-seo-wordpress\/ -->\n<title>8 l\u00e4ttsk\u00f6tta v\u00e4xter f\u00f6r nyb\u00f6rjare | Interflora<\/title>\n<meta name=\"robots\" content=\"index, follow, max-snippet:-1, max-image-preview:large, max-video-preview:-1\" \/>\n<link rel=\"canonical\" href=\"https:\/\/www.interflora.se\/inspiration\/lattskotta-vaxter\/\" \/>\n<meta property=\"og:locale\" content=\"sv_SE\" \/>\n<meta property=\"og:type\" content=\"article\" \/>\n<meta property=\"og:title\" content=\"8 l\u00e4ttsk\u00f6tta v\u00e4xter f\u00f6r nyb\u00f6rjare | Interflora\" \/>\n<meta property=\"og:description\" content=\"V\u00e4xter \u00e4r bra f\u00f6r ditt v\u00e4lm\u00e5ende eftersom de renar luften och skapar en behaglig hemmamilj\u00f6. Genom att lyfta in en [&hellip;]\" \/>\n<meta property=\"og:url\" content=\"https:\/\/www.interflora.se\/inspiration\/lattskotta-vaxter\/\" \/>\n<meta property=\"og:site_name\" content=\"Inspiration om blommor, krukv\u00e4xter &amp; trender | Interflora\" \/>\n<meta property=\"article:publisher\" content=\"https:\/\/www.facebook.com\/InterfloraAB\" \/>\n<meta property=\"article:published_time\" content=\"2024-09-06T18:18:34+00:00\" \/>\n<meta property=\"article:modified_time\" content=\"2025-03-20T08:49:19+00:00\" \/>\n<meta property=\"og:image\" content=\"https:\/\/www.interflora.se\/inspiration\/wp-content\/uploads\/2025\/03\/silverranka-inspo-lattskotta-vaxter.jpg\" \/>\n\t<meta property=\"og:image:width\" content=\"1000\" \/>\n\t<meta property=\"og:image:height\" content=\"1000\" \/>\n\t<meta property=\"og:image:type\" content=\"image\/jpeg\" \/>\n<meta name=\"author\" content=\"admin\" \/>\n<meta name=\"twitter:card\" content=\"summary_large_image\" \/>\n<meta name=\"twitter:label1\" content=\"Skriven av\" \/>\n\t<meta name=\"twitter:data1\" content=\"admin\" \/>\n\t<meta name=\"twitter:label2\" content=\"Ber\u00e4knad l\u00e4stid\" \/>\n\t<meta name=\"twitter:data2\" content=\"6 minuter\" \/>\n<script type=\"application\/ld+json\" class=\"yoast-schema-graph\">{\"@context\":\"https:\\\/\\\/schema.org\",\"@graph\":[{\"@type\":\"Article\",\"@id\":\"https:\\\/\\\/www.interflora.se\\\/inspiration\\\/lattskotta-vaxter\\\/#article\",\"isPartOf\":{\"@id\":\"https:\\\/\\\/www.interflora.se\\\/inspiration\\\/lattskotta-vaxter\\\/\"},\"author\":{\"name\":\"admin\",\"@id\":\"https:\\\/\\\/www.interflora.se\\\/inspiration\\\/#\\\/schema\\\/person\\\/dbbd1ad45e05409c356dc639597669f2\"},\"headline\":\"8 l\u00e4ttsk\u00f6tta v\u00e4xter f\u00f6r nyb\u00f6rjare\",\"datePublished\":\"2024-09-06T18:18:34+00:00\",\"dateModified\":\"2025-03-20T08:49:19+00:00\",\"mainEntityOfPage\":{\"@id\":\"https:\\\/\\\/www.interflora.se\\\/inspiration\\\/lattskotta-vaxter\\\/\"},\"wordCount\":1152,\"commentCount\":0,\"publisher\":{\"@id\":\"https:\\\/\\\/www.interflora.se\\\/inspiration\\\/#organization\"},\"image\":{\"@id\":\"https:\\\/\\\/www.interflora.se\\\/inspiration\\\/lattskotta-vaxter\\\/#primaryimage\"},\"thumbnailUrl\":\"https:\\\/\\\/www.interflora.se\\\/inspiration\\\/wp-content\\\/uploads\\\/2025\\\/03\\\/silverranka-inspo-lattskotta-vaxter.jpg\",\"articleSection\":[\"Blomfakta &amp; sk\u00f6tselr\u00e5d\"],\"inLanguage\":\"sv-SE\",\"potentialAction\":[{\"@type\":\"CommentAction\",\"name\":\"Comment\",\"target\":[\"https:\\\/\\\/www.interflora.se\\\/inspiration\\\/lattskotta-vaxter\\\/#respond\"]}]},{\"@type\":\"WebPage\",\"@id\":\"https:\\\/\\\/www.interflora.se\\\/inspiration\\\/lattskotta-vaxter\\\/\",\"url\":\"https:\\\/\\\/www.interflora.se\\\/inspiration\\\/lattskotta-vaxter\\\/\",\"name\":\"8 l\u00e4ttsk\u00f6tta v\u00e4xter f\u00f6r nyb\u00f6rjare | Interflora\",\"isPartOf\":{\"@id\":\"https:\\\/\\\/www.interflora.se\\\/inspiration\\\/#website\"},\"primaryImageOfPage\":{\"@id\":\"https:\\\/\\\/www.interflora.se\\\/inspiration\\\/lattskotta-vaxter\\\/#primaryimage\"},\"image\":{\"@id\":\"https:\\\/\\\/www.interflora.se\\\/inspiration\\\/lattskotta-vaxter\\\/#primaryimage\"},\"thumbnailUrl\":\"https:\\\/\\\/www.interflora.se\\\/inspiration\\\/wp-content\\\/uploads\\\/2025\\\/03\\\/silverranka-inspo-lattskotta-vaxter.jpg\",\"datePublished\":\"2024-09-06T18:18:34+00:00\",\"dateModified\":\"2025-03-20T08:49:19+00:00\",\"breadcrumb\":{\"@id\":\"https:\\\/\\\/www.interflora.se\\\/inspiration\\\/lattskotta-vaxter\\\/#breadcrumb\"},\"inLanguage\":\"sv-SE\",\"potentialAction\":[{\"@type\":\"ReadAction\",\"target\":[\"https:\\\/\\\/www.interflora.se\\\/inspiration\\\/lattskotta-vaxter\\\/\"]}]},{\"@type\":\"ImageObject\",\"inLanguage\":\"sv-SE\",\"@id\":\"https:\\\/\\\/www.interflora.se\\\/inspiration\\\/lattskotta-vaxter\\\/#primaryimage\",\"url\":\"https:\\\/\\\/www.interflora.se\\\/inspiration\\\/wp-content\\\/uploads\\\/2025\\\/03\\\/silverranka-inspo-lattskotta-vaxter.jpg\",\"contentUrl\":\"https:\\\/\\\/www.interflora.se\\\/inspiration\\\/wp-content\\\/uploads\\\/2025\\\/03\\\/silverranka-inspo-lattskotta-vaxter.jpg\",\"width\":1000,\"height\":1000},{\"@type\":\"BreadcrumbList\",\"@id\":\"https:\\\/\\\/www.interflora.se\\\/inspiration\\\/lattskotta-vaxter\\\/#breadcrumb\",\"itemListElement\":[{\"@type\":\"ListItem\",\"position\":1,\"name\":\"Home\",\"item\":\"https:\\\/\\\/www.interflora.se\\\/inspiration\\\/\"},{\"@type\":\"ListItem\",\"position\":2,\"name\":\"8 l\u00e4ttsk\u00f6tta v\u00e4xter f\u00f6r nyb\u00f6rjare\"}]},{\"@type\":\"WebSite\",\"@id\":\"https:\\\/\\\/www.interflora.se\\\/inspiration\\\/#website\",\"url\":\"https:\\\/\\\/www.interflora.se\\\/inspiration\\\/\",\"name\":\"Interflora\",\"description\":\"\",\"publisher\":{\"@id\":\"https:\\\/\\\/www.interflora.se\\\/inspiration\\\/#organization\"},\"potentialAction\":[{\"@type\":\"SearchAction\",\"target\":{\"@type\":\"EntryPoint\",\"urlTemplate\":\"https:\\\/\\\/www.interflora.se\\\/inspiration\\\/?s={search_term_string}\"},\"query-input\":{\"@type\":\"PropertyValueSpecification\",\"valueRequired\":true,\"valueName\":\"search_term_string\"}}],\"inLanguage\":\"sv-SE\"},{\"@type\":\"Organization\",\"@id\":\"https:\\\/\\\/www.interflora.se\\\/inspiration\\\/#organization\",\"name\":\"Interflora\",\"url\":\"https:\\\/\\\/www.interflora.se\\\/inspiration\\\/\",\"logo\":{\"@type\":\"ImageObject\",\"inLanguage\":\"sv-SE\",\"@id\":\"https:\\\/\\\/www.interflora.se\\\/inspiration\\\/#\\\/schema\\\/logo\\\/image\\\/\",\"url\":\"https:\\\/\\\/www.interflora.se\\\/inspiration\\\/wp-content\\\/uploads\\\/2025\\\/09\\\/cropped-220422_INTERFLORA_Logo_rgb_Half_Top_Circle_Main_Color.avif\",\"contentUrl\":\"https:\\\/\\\/www.interflora.se\\\/inspiration\\\/wp-content\\\/uploads\\\/2025\\\/09\\\/cropped-220422_INTERFLORA_Logo_rgb_Half_Top_Circle_Main_Color.avif\",\"width\":1418,\"height\":662,\"caption\":\"Interflora\"},\"image\":{\"@id\":\"https:\\\/\\\/www.interflora.se\\\/inspiration\\\/#\\\/schema\\\/logo\\\/image\\\/\"},\"sameAs\":[\"https:\\\/\\\/www.facebook.com\\\/InterfloraAB\",\"https:\\\/\\\/www.instagram.com\\\/interflora_ab\\\/\",\"https:\\\/\\\/www.linkedin.com\\\/company\\\/1494362\",\"https:\\\/\\\/www.youtube.com\\\/channel\\\/UCZgDzGWB2VRxaoWFUmXnk1w\"]},{\"@type\":\"Person\",\"@id\":\"https:\\\/\\\/www.interflora.se\\\/inspiration\\\/#\\\/schema\\\/person\\\/dbbd1ad45e05409c356dc639597669f2\",\"name\":\"admin\",\"image\":{\"@type\":\"ImageObject\",\"inLanguage\":\"sv-SE\",\"@id\":\"https:\\\/\\\/www.interflora.se\\\/inspiration\\\/wp-content\\\/litespeed\\\/avatar\\\/1fe3cced9e67df62d0a6f995d75823a5.jpg?ver=1777362393\",\"url\":\"https:\\\/\\\/www.interflora.se\\\/inspiration\\\/wp-content\\\/litespeed\\\/avatar\\\/1fe3cced9e67df62d0a6f995d75823a5.jpg?ver=1777362393\",\"contentUrl\":\"https:\\\/\\\/www.interflora.se\\\/inspiration\\\/wp-content\\\/litespeed\\\/avatar\\\/1fe3cced9e67df62d0a6f995d75823a5.jpg?ver=1777362393\",\"caption\":\"admin\"},\"sameAs\":[\"https:\\\/\\\/www.interflora.se\\\/inspiration\"],\"url\":\"https:\\\/\\\/www.interflora.se\\\/inspiration\\\/author\\\/admin\\\/\"}]}<\/script>\n<!-- \/ Yoast SEO plugin. -->","yoast_head_json":{"title":"8 l\u00e4ttsk\u00f6tta v\u00e4xter f\u00f6r nyb\u00f6rjare | Interflora","robots":{"index":"index","follow":"follow","max-snippet":"max-snippet:-1","max-image-preview":"max-image-preview:large","max-video-preview":"max-video-preview:-1"},"canonical":"https:\/\/www.interflora.se\/inspiration\/lattskotta-vaxter\/","og_locale":"sv_SE","og_type":"article","og_title":"8 l\u00e4ttsk\u00f6tta v\u00e4xter f\u00f6r nyb\u00f6rjare | Interflora","og_description":"V\u00e4xter \u00e4r bra f\u00f6r ditt v\u00e4lm\u00e5ende eftersom de renar luften och skapar en behaglig hemmamilj\u00f6. Genom att lyfta in en [&hellip;]","og_url":"https:\/\/www.interflora.se\/inspiration\/lattskotta-vaxter\/","og_site_name":"Inspiration om blommor, krukv\u00e4xter &amp; trender | Interflora","article_publisher":"https:\/\/www.facebook.com\/InterfloraAB","article_published_time":"2024-09-06T18:18:34+00:00","article_modified_time":"2025-03-20T08:49:19+00:00","og_image":[{"width":1000,"height":1000,"url":"https:\/\/www.interflora.se\/inspiration\/wp-content\/uploads\/2025\/03\/silverranka-inspo-lattskotta-vaxter.jpg","type":"image\/jpeg"}],"author":"admin","twitter_card":"summary_large_image","twitter_misc":{"Skriven av":"admin","Ber\u00e4knad l\u00e4stid":"6 minuter"},"schema":{"@context":"https:\/\/schema.org","@graph":[{"@type":"Article","@id":"https:\/\/www.interflora.se\/inspiration\/lattskotta-vaxter\/#article","isPartOf":{"@id":"https:\/\/www.interflora.se\/inspiration\/lattskotta-vaxter\/"},"author":{"name":"admin","@id":"https:\/\/www.interflora.se\/inspiration\/#\/schema\/person\/dbbd1ad45e05409c356dc639597669f2"},"headline":"8 l\u00e4ttsk\u00f6tta v\u00e4xter f\u00f6r nyb\u00f6rjare","datePublished":"2024-09-06T18:18:34+00:00","dateModified":"2025-03-20T08:49:19+00:00","mainEntityOfPage":{"@id":"https:\/\/www.interflora.se\/inspiration\/lattskotta-vaxter\/"},"wordCount":1152,"commentCount":0,"publisher":{"@id":"https:\/\/www.interflora.se\/inspiration\/#organization"},"image":{"@id":"https:\/\/www.interflora.se\/inspiration\/lattskotta-vaxter\/#primaryimage"},"thumbnailUrl":"https:\/\/www.interflora.se\/inspiration\/wp-content\/uploads\/2025\/03\/silverranka-inspo-lattskotta-vaxter.jpg","articleSection":["Blomfakta &amp; sk\u00f6tselr\u00e5d"],"inLanguage":"sv-SE","potentialAction":[{"@type":"CommentAction","name":"Comment","target":["https:\/\/www.interflora.se\/inspiration\/lattskotta-vaxter\/#respond"]}]},{"@type":"WebPage","@id":"https:\/\/www.interflora.se\/inspiration\/lattskotta-vaxter\/","url":"https:\/\/www.interflora.se\/inspiration\/lattskotta-vaxter\/","name":"8 l\u00e4ttsk\u00f6tta v\u00e4xter f\u00f6r nyb\u00f6rjare | Interflora","isPartOf":{"@id":"https:\/\/www.interflora.se\/inspiration\/#website"},"primaryImageOfPage":{"@id":"https:\/\/www.interflora.se\/inspiration\/lattskotta-vaxter\/#primaryimage"},"image":{"@id":"https:\/\/www.interflora.se\/inspiration\/lattskotta-vaxter\/#primaryimage"},"thumbnailUrl":"https:\/\/www.interflora.se\/inspiration\/wp-content\/uploads\/2025\/03\/silverranka-inspo-lattskotta-vaxter.jpg","datePublished":"2024-09-06T18:18:34+00:00","dateModified":"2025-03-20T08:49:19+00:00","breadcrumb":{"@id":"https:\/\/www.interflora.se\/inspiration\/lattskotta-vaxter\/#breadcrumb"},"inLanguage":"sv-SE","potentialAction":[{"@type":"ReadAction","target":["https:\/\/www.interflora.se\/inspiration\/lattskotta-vaxter\/"]}]},{"@type":"ImageObject","inLanguage":"sv-SE","@id":"https:\/\/www.interflora.se\/inspiration\/lattskotta-vaxter\/#primaryimage","url":"https:\/\/www.interflora.se\/inspiration\/wp-content\/uploads\/2025\/03\/silverranka-inspo-lattskotta-vaxter.jpg","contentUrl":"https:\/\/www.interflora.se\/inspiration\/wp-content\/uploads\/2025\/03\/silverranka-inspo-lattskotta-vaxter.jpg","width":1000,"height":1000},{"@type":"BreadcrumbList","@id":"https:\/\/www.interflora.se\/inspiration\/lattskotta-vaxter\/#breadcrumb","itemListElement":[{"@type":"ListItem","position":1,"name":"Home","item":"https:\/\/www.interflora.se\/inspiration\/"},{"@type":"ListItem","position":2,"name":"8 l\u00e4ttsk\u00f6tta v\u00e4xter f\u00f6r nyb\u00f6rjare"}]},{"@type":"WebSite","@id":"https:\/\/www.interflora.se\/inspiration\/#website","url":"https:\/\/www.interflora.se\/inspiration\/","name":"Interflora","description":"","publisher":{"@id":"https:\/\/www.interflora.se\/inspiration\/#organization"},"potentialAction":[{"@type":"SearchAction","target":{"@type":"EntryPoint","urlTemplate":"https:\/\/www.interflora.se\/inspiration\/?s={search_term_string}"},"query-input":{"@type":"PropertyValueSpecification","valueRequired":true,"valueName":"search_term_string"}}],"inLanguage":"sv-SE"},{"@type":"Organization","@id":"https:\/\/www.interflora.se\/inspiration\/#organization","name":"Interflora","url":"https:\/\/www.interflora.se\/inspiration\/","logo":{"@type":"ImageObject","inLanguage":"sv-SE","@id":"https:\/\/www.interflora.se\/inspiration\/#\/schema\/logo\/image\/","url":"https:\/\/www.interflora.se\/inspiration\/wp-content\/uploads\/2025\/09\/cropped-220422_INTERFLORA_Logo_rgb_Half_Top_Circle_Main_Color.avif","contentUrl":"https:\/\/www.interflora.se\/inspiration\/wp-content\/uploads\/2025\/09\/cropped-220422_INTERFLORA_Logo_rgb_Half_Top_Circle_Main_Color.avif","width":1418,"height":662,"caption":"Interflora"},"image":{"@id":"https:\/\/www.interflora.se\/inspiration\/#\/schema\/logo\/image\/"},"sameAs":["https:\/\/www.facebook.com\/InterfloraAB","https:\/\/www.instagram.com\/interflora_ab\/","https:\/\/www.linkedin.com\/company\/1494362","https:\/\/www.youtube.com\/channel\/UCZgDzGWB2VRxaoWFUmXnk1w"]},{"@type":"Person","@id":"https:\/\/www.interflora.se\/inspiration\/#\/schema\/person\/dbbd1ad45e05409c356dc639597669f2","name":"admin","image":{"@type":"ImageObject","inLanguage":"sv-SE","@id":"https:\/\/www.interflora.se\/inspiration\/wp-content\/litespeed\/avatar\/1fe3cced9e67df62d0a6f995d75823a5.jpg?ver=1777362393","url":"https:\/\/www.interflora.se\/inspiration\/wp-content\/litespeed\/avatar\/1fe3cced9e67df62d0a6f995d75823a5.jpg?ver=1777362393","contentUrl":"https:\/\/www.interflora.se\/inspiration\/wp-content\/litespeed\/avatar\/1fe3cced9e67df62d0a6f995d75823a5.jpg?ver=1777362393","caption":"admin"},"sameAs":["https:\/\/www.interflora.se\/inspiration"],"url":"https:\/\/www.interflora.se\/inspiration\/author\/admin\/"}]}},"uagb_featured_image_src":{"full":["https:\/\/www.interflora.se\/inspiration\/wp-content\/uploads\/2025\/03\/silverranka-inspo-lattskotta-vaxter.jpg",1000,1000,false],"thumbnail":["https:\/\/www.interflora.se\/inspiration\/wp-content\/uploads\/2025\/03\/silverranka-inspo-lattskotta-vaxter-150x150.jpg",150,150,true],"medium":["https:\/\/www.interflora.se\/inspiration\/wp-content\/uploads\/2025\/03\/silverranka-inspo-lattskotta-vaxter-300x300.jpg",300,300,true],"medium_large":["https:\/\/www.interflora.se\/inspiration\/wp-content\/uploads\/2025\/03\/silverranka-inspo-lattskotta-vaxter-768x768.jpg",768,768,true],"large":["https:\/\/www.interflora.se\/inspiration\/wp-content\/uploads\/2025\/03\/silverranka-inspo-lattskotta-vaxter.jpg",1000,1000,false],"1536x1536":["https:\/\/www.interflora.se\/inspiration\/wp-content\/uploads\/2025\/03\/silverranka-inspo-lattskotta-vaxter.jpg",1000,1000,false],"2048x2048":["https:\/\/www.interflora.se\/inspiration\/wp-content\/uploads\/2025\/03\/silverranka-inspo-lattskotta-vaxter.jpg",1000,1000,false]},"uagb_author_info":{"display_name":"admin","author_link":"https:\/\/www.interflora.se\/inspiration\/author\/admin\/"},"uagb_comment_info":0,"uagb_excerpt":"V\u00e4xter \u00e4r bra f\u00f6r ditt v\u00e4lm\u00e5ende eftersom de renar luften och skapar en behaglig hemmamilj\u00f6. Genom att lyfta in en [&hellip;]","_links":{"self":[{"href":"https:\/\/www.interflora.se\/inspiration\/wp-json\/wp\/v2\/posts\/313","targetHints":{"allow":["GET"]}}],"collection":[{"href":"https:\/\/www.interflora.se\/inspiration\/wp-json\/wp\/v2\/posts"}],"about":[{"href":"https:\/\/www.interflora.se\/inspiration\/wp-json\/wp\/v2\/types\/post"}],"author":[{"embeddable":true,"href":"https:\/\/www.interflora.se\/inspiration\/wp-json\/wp\/v2\/users\/1"}],"replies":[{"embeddable":true,"href":"https:\/\/www.interflora.se\/inspiration\/wp-json\/wp\/v2\/comments?post=313"}],"version-history":[{"count":1,"href":"https:\/\/www.interflora.se\/inspiration\/wp-json\/wp\/v2\/posts\/313\/revisions"}],"predecessor-version":[{"id":757,"href":"https:\/\/www.interflora.se\/inspiration\/wp-json\/wp\/v2\/posts\/313\/revisions\/757"}],"wp:featuredmedia":[{"embeddable":true,"href":"https:\/\/www.interflora.se\/inspiration\/wp-json\/wp\/v2\/media\/751"}],"wp:attachment":[{"href":"https:\/\/www.interflora.se\/inspiration\/wp-json\/wp\/v2\/media?parent=313"}],"wp:term":[{"taxonomy":"category","embeddable":true,"href":"https:\/\/www.interflora.se\/inspiration\/wp-json\/wp\/v2\/categories?post=313"},{"taxonomy":"post_tag","embeddable":true,"href":"https:\/\/www.interflora.se\/inspiration\/wp-json\/wp\/v2\/tags?post=313"}],"curies":[{"name":"wp","href":"https:\/\/api.w.org\/{rel}","templated":true}]}}