{"id":312,"date":"2024-02-07T22:36:19","date_gmt":"2024-02-07T21:36:19","guid":{"rendered":"http:\/\/preprodblog.interflora.se\/blog\/?p=312"},"modified":"2025-03-20T16:35:11","modified_gmt":"2025-03-20T15:35:11","slug":"lattskotta-fetbladsvaxter","status":"publish","type":"post","link":"https:\/\/www.interflora.se\/inspiration\/lattskotta-fetbladsvaxter\/","title":{"rendered":"L\u00e4ttsk\u00f6tta blommor &#8211; Fetbladsv\u00e4xter"},"content":{"rendered":"\n<p><strong>Fetbladsv\u00e4xter \u00e4r den perfekta\u00a0<a href=\"https:\/\/www.interflora.se\/interflora\/produktkategorier\/krukvaxter\/\">krukv\u00e4xten<\/a>\u00a0d\u00e5 de \u00e4r l\u00e4ttsk\u00f6tta blommor. V\u00e4ldigt bra f\u00f6r dig som har ont om tid och inte hinner vattna s\u00e5 ofta. Till kategorin fetbladsv\u00e4xter r\u00e4knar vi v\u00e4xter som karakt\u00e4riseras av tjocka, k\u00f6ttiga blad eller stj\u00e4lkar. De har sitt ursprung i varma och torra l\u00e4nder och har d\u00e4rf\u00f6r en f\u00f6rm\u00e5ga att lagra vatten mycket effektivt.<\/strong><\/p>\n\n\n\n<p>Detta g\u00f6r att fetbladsv\u00e4xterna &#8211; eller succulenterna som de ocks\u00e5 kallas, ofta klarar sig l\u00e4ngre \u00e4n andra v\u00e4xter utan vatten. Fetbladsv\u00e4xter \u00e4r d\u00e4rmed mycket l\u00e4ttsk\u00f6tta och har \u00f6kat starkt i popularitet de senaste \u00e5ren, kanske p\u00e5 grund av att vi har en alltmer stressad vardag och mindre tid att ta hand om v\u00e5ra v\u00e4xter.<\/p>\n\n\n\n<figure class=\"wp-block-image aligncenter size-full\"><img loading=\"lazy\" decoding=\"async\" width=\"750\" height=\"500\" src=\"https:\/\/www.interflora.se\/inspiration\/wp-content\/uploads\/2024\/02\/image.png\" alt=\"\" class=\"wp-image-1039\" srcset=\"https:\/\/www.interflora.se\/inspiration\/wp-content\/uploads\/2024\/02\/image.png 750w, https:\/\/www.interflora.se\/inspiration\/wp-content\/uploads\/2024\/02\/image-300x200.png 300w\" sizes=\"auto, (max-width: 750px) 100vw, 750px\" \/><\/figure>\n\n\n\n<h2 class=\"wp-block-heading\">Vattna blommorna rej\u00e4lt men s\u00e4llan<\/h2>\n\n\n\n<p>Olikt m\u00e5nga andra v\u00e4xter s\u00e5 trivs fetbladsv\u00e4xterna i direkta s\u00f6derf\u00f6nster under soliga sommardagar. Vattna igenom rej\u00e4lt vid varje bevattningstillf\u00e4lle och l\u00e5t torka upp d\u00e4remellan. En g\u00e5ng i m\u00e5naden under v\u00e5r och sommar ges krukv\u00e4xtn\u00e4ring. Det finns runt 1300 olika fetbladsv\u00e4xter och n\u00e5gra popul\u00e4ra sorter \u00e4r kalanchoe, paradistr\u00e4d,\u00a0<a href=\"https:\/\/www.interflora.se\/inspiration\/blomfakta-och-skotselrad\/blomfakta-echeveria\/\">echeveria<\/a>\u00a0och takl\u00f6k.\u00a0<a href=\"https:\/\/www.interflora.se\/inspiration\/blomfakta-och-skotselrad\/trend-kaktus\/\">Kaktusar<\/a>\u00a0\u00e4r inte fetbladsv\u00e4xter utan utg\u00f6r en egen familj, Cactaceae.<\/p>\n","protected":false},"excerpt":{"rendered":"<p>Fetbladsv\u00e4xter \u00e4r den perfekta\u00a0krukv\u00e4xten\u00a0d\u00e5 de \u00e4r l\u00e4ttsk\u00f6tta blommor. V\u00e4ldigt bra f\u00f6r dig som har ont om tid och inte hinner [&hellip;]<\/p>\n","protected":false},"author":1,"featured_media":1039,"comment_status":"open","ping_status":"open","sticky":false,"template":"","format":"standard","meta":{"_uag_custom_page_level_css":"","site-sidebar-layout":"default","site-content-layout":"","ast-site-content-layout":"default","site-content-style":"default","site-sidebar-style":"default","ast-global-header-display":"","ast-banner-title-visibility":"","ast-main-header-display":"","ast-hfb-above-header-display":"","ast-hfb-below-header-display":"","ast-hfb-mobile-header-display":"","site-post-title":"","ast-breadcrumbs-content":"","ast-featured-img":"","footer-sml-layout":"","ast-disable-related-posts":"","theme-transparent-header-meta":"","adv-header-id-meta":"","stick-header-meta":"","header-above-stick-meta":"","header-main-stick-meta":"","header-below-stick-meta":"","astra-migrate-meta-layouts":"default","ast-page-background-enabled":"default","ast-page-background-meta":{"desktop":{"background-color":"var(--ast-global-color-5)","background-image":"","background-repeat":"repeat","background-position":"center center","background-size":"auto","background-attachment":"scroll","background-type":"","background-media":"","overlay-type":"","overlay-color":"","overlay-opacity":"","overlay-gradient":""},"tablet":{"background-color":"","background-image":"","background-repeat":"repeat","background-position":"center center","background-size":"auto","background-attachment":"scroll","background-type":"","background-media":"","overlay-type":"","overlay-color":"","overlay-opacity":"","overlay-gradient":""},"mobile":{"background-color":"","background-image":"","background-repeat":"repeat","background-position":"center center","background-size":"auto","background-attachment":"scroll","background-type":"","background-media":"","overlay-type":"","overlay-color":"","overlay-opacity":"","overlay-gradient":""}},"ast-content-background-meta":{"desktop":{"background-color":"var(--ast-global-color-4)","background-image":"","background-repeat":"repeat","background-position":"center center","background-size":"auto","background-attachment":"scroll","background-type":"","background-media":"","overlay-type":"","overlay-color":"","overlay-opacity":"","overlay-gradient":""},"tablet":{"background-color":"var(--ast-global-color-4)","background-image":"","background-repeat":"repeat","background-position":"center center","background-size":"auto","background-attachment":"scroll","background-type":"","background-media":"","overlay-type":"","overlay-color":"","overlay-opacity":"","overlay-gradient":""},"mobile":{"background-color":"var(--ast-global-color-4)","background-image":"","background-repeat":"repeat","background-position":"center center","background-size":"auto","background-attachment":"scroll","background-type":"","background-media":"","overlay-type":"","overlay-color":"","overlay-opacity":"","overlay-gradient":""}},"footnotes":""},"categories":[7],"tags":[],"class_list":["post-312","post","type-post","status-publish","format-standard","has-post-thumbnail","hentry","category-blomfakta-skotselrad"],"yoast_head":"<!-- This site is optimized with the Yoast SEO plugin v27.4 - https:\/\/yoast.com\/product\/yoast-seo-wordpress\/ -->\n<title>L\u00e4ttsk\u00f6tta blommor - Fetbladsv\u00e4xter | Interflora<\/title>\n<meta name=\"robots\" content=\"index, follow, max-snippet:-1, max-image-preview:large, max-video-preview:-1\" \/>\n<link rel=\"canonical\" href=\"https:\/\/www.interflora.se\/inspiration\/lattskotta-fetbladsvaxter\/\" \/>\n<meta property=\"og:locale\" content=\"sv_SE\" \/>\n<meta property=\"og:type\" content=\"article\" \/>\n<meta property=\"og:title\" content=\"L\u00e4ttsk\u00f6tta blommor - Fetbladsv\u00e4xter | Interflora\" \/>\n<meta property=\"og:description\" content=\"Fetbladsv\u00e4xter \u00e4r den perfekta\u00a0krukv\u00e4xten\u00a0d\u00e5 de \u00e4r l\u00e4ttsk\u00f6tta blommor. V\u00e4ldigt bra f\u00f6r dig som har ont om tid och inte hinner [&hellip;]\" \/>\n<meta property=\"og:url\" content=\"https:\/\/www.interflora.se\/inspiration\/lattskotta-fetbladsvaxter\/\" \/>\n<meta property=\"og:site_name\" content=\"Inspiration om blommor, krukv\u00e4xter &amp; trender | Interflora\" \/>\n<meta property=\"article:publisher\" content=\"https:\/\/www.facebook.com\/InterfloraAB\" \/>\n<meta property=\"article:published_time\" content=\"2024-02-07T21:36:19+00:00\" \/>\n<meta property=\"article:modified_time\" content=\"2025-03-20T15:35:11+00:00\" \/>\n<meta property=\"og:image\" content=\"https:\/\/www.interflora.se\/inspiration\/wp-content\/uploads\/2024\/02\/image.png\" \/>\n\t<meta property=\"og:image:width\" content=\"750\" \/>\n\t<meta property=\"og:image:height\" content=\"500\" \/>\n\t<meta property=\"og:image:type\" content=\"image\/png\" \/>\n<meta name=\"author\" content=\"admin\" \/>\n<meta name=\"twitter:card\" content=\"summary_large_image\" \/>\n<meta name=\"twitter:label1\" content=\"Skriven av\" \/>\n\t<meta name=\"twitter:data1\" content=\"admin\" \/>\n\t<meta name=\"twitter:label2\" content=\"Ber\u00e4knad l\u00e4stid\" \/>\n\t<meta name=\"twitter:data2\" content=\"1 minut\" \/>\n<script type=\"application\/ld+json\" class=\"yoast-schema-graph\">{\"@context\":\"https:\\\/\\\/schema.org\",\"@graph\":[{\"@type\":\"Article\",\"@id\":\"https:\\\/\\\/www.interflora.se\\\/inspiration\\\/lattskotta-fetbladsvaxter\\\/#article\",\"isPartOf\":{\"@id\":\"https:\\\/\\\/www.interflora.se\\\/inspiration\\\/lattskotta-fetbladsvaxter\\\/\"},\"author\":{\"name\":\"admin\",\"@id\":\"https:\\\/\\\/www.interflora.se\\\/inspiration\\\/#\\\/schema\\\/person\\\/dbbd1ad45e05409c356dc639597669f2\"},\"headline\":\"L\u00e4ttsk\u00f6tta blommor &#8211; Fetbladsv\u00e4xter\",\"datePublished\":\"2024-02-07T21:36:19+00:00\",\"dateModified\":\"2025-03-20T15:35:11+00:00\",\"mainEntityOfPage\":{\"@id\":\"https:\\\/\\\/www.interflora.se\\\/inspiration\\\/lattskotta-fetbladsvaxter\\\/\"},\"wordCount\":233,\"commentCount\":0,\"publisher\":{\"@id\":\"https:\\\/\\\/www.interflora.se\\\/inspiration\\\/#organization\"},\"image\":{\"@id\":\"https:\\\/\\\/www.interflora.se\\\/inspiration\\\/lattskotta-fetbladsvaxter\\\/#primaryimage\"},\"thumbnailUrl\":\"https:\\\/\\\/www.interflora.se\\\/inspiration\\\/wp-content\\\/uploads\\\/2024\\\/02\\\/image.png\",\"articleSection\":[\"Blomfakta &amp; sk\u00f6tselr\u00e5d\"],\"inLanguage\":\"sv-SE\",\"potentialAction\":[{\"@type\":\"CommentAction\",\"name\":\"Comment\",\"target\":[\"https:\\\/\\\/www.interflora.se\\\/inspiration\\\/lattskotta-fetbladsvaxter\\\/#respond\"]}]},{\"@type\":\"WebPage\",\"@id\":\"https:\\\/\\\/www.interflora.se\\\/inspiration\\\/lattskotta-fetbladsvaxter\\\/\",\"url\":\"https:\\\/\\\/www.interflora.se\\\/inspiration\\\/lattskotta-fetbladsvaxter\\\/\",\"name\":\"L\u00e4ttsk\u00f6tta blommor - Fetbladsv\u00e4xter | Interflora\",\"isPartOf\":{\"@id\":\"https:\\\/\\\/www.interflora.se\\\/inspiration\\\/#website\"},\"primaryImageOfPage\":{\"@id\":\"https:\\\/\\\/www.interflora.se\\\/inspiration\\\/lattskotta-fetbladsvaxter\\\/#primaryimage\"},\"image\":{\"@id\":\"https:\\\/\\\/www.interflora.se\\\/inspiration\\\/lattskotta-fetbladsvaxter\\\/#primaryimage\"},\"thumbnailUrl\":\"https:\\\/\\\/www.interflora.se\\\/inspiration\\\/wp-content\\\/uploads\\\/2024\\\/02\\\/image.png\",\"datePublished\":\"2024-02-07T21:36:19+00:00\",\"dateModified\":\"2025-03-20T15:35:11+00:00\",\"breadcrumb\":{\"@id\":\"https:\\\/\\\/www.interflora.se\\\/inspiration\\\/lattskotta-fetbladsvaxter\\\/#breadcrumb\"},\"inLanguage\":\"sv-SE\",\"potentialAction\":[{\"@type\":\"ReadAction\",\"target\":[\"https:\\\/\\\/www.interflora.se\\\/inspiration\\\/lattskotta-fetbladsvaxter\\\/\"]}]},{\"@type\":\"ImageObject\",\"inLanguage\":\"sv-SE\",\"@id\":\"https:\\\/\\\/www.interflora.se\\\/inspiration\\\/lattskotta-fetbladsvaxter\\\/#primaryimage\",\"url\":\"https:\\\/\\\/www.interflora.se\\\/inspiration\\\/wp-content\\\/uploads\\\/2024\\\/02\\\/image.png\",\"contentUrl\":\"https:\\\/\\\/www.interflora.se\\\/inspiration\\\/wp-content\\\/uploads\\\/2024\\\/02\\\/image.png\",\"width\":750,\"height\":500},{\"@type\":\"BreadcrumbList\",\"@id\":\"https:\\\/\\\/www.interflora.se\\\/inspiration\\\/lattskotta-fetbladsvaxter\\\/#breadcrumb\",\"itemListElement\":[{\"@type\":\"ListItem\",\"position\":1,\"name\":\"Home\",\"item\":\"https:\\\/\\\/www.interflora.se\\\/inspiration\\\/\"},{\"@type\":\"ListItem\",\"position\":2,\"name\":\"L\u00e4ttsk\u00f6tta blommor &#8211; Fetbladsv\u00e4xter\"}]},{\"@type\":\"WebSite\",\"@id\":\"https:\\\/\\\/www.interflora.se\\\/inspiration\\\/#website\",\"url\":\"https:\\\/\\\/www.interflora.se\\\/inspiration\\\/\",\"name\":\"Interflora\",\"description\":\"\",\"publisher\":{\"@id\":\"https:\\\/\\\/www.interflora.se\\\/inspiration\\\/#organization\"},\"potentialAction\":[{\"@type\":\"SearchAction\",\"target\":{\"@type\":\"EntryPoint\",\"urlTemplate\":\"https:\\\/\\\/www.interflora.se\\\/inspiration\\\/?s={search_term_string}\"},\"query-input\":{\"@type\":\"PropertyValueSpecification\",\"valueRequired\":true,\"valueName\":\"search_term_string\"}}],\"inLanguage\":\"sv-SE\"},{\"@type\":\"Organization\",\"@id\":\"https:\\\/\\\/www.interflora.se\\\/inspiration\\\/#organization\",\"name\":\"Interflora\",\"url\":\"https:\\\/\\\/www.interflora.se\\\/inspiration\\\/\",\"logo\":{\"@type\":\"ImageObject\",\"inLanguage\":\"sv-SE\",\"@id\":\"https:\\\/\\\/www.interflora.se\\\/inspiration\\\/#\\\/schema\\\/logo\\\/image\\\/\",\"url\":\"https:\\\/\\\/www.interflora.se\\\/inspiration\\\/wp-content\\\/uploads\\\/2025\\\/09\\\/cropped-220422_INTERFLORA_Logo_rgb_Half_Top_Circle_Main_Color.avif\",\"contentUrl\":\"https:\\\/\\\/www.interflora.se\\\/inspiration\\\/wp-content\\\/uploads\\\/2025\\\/09\\\/cropped-220422_INTERFLORA_Logo_rgb_Half_Top_Circle_Main_Color.avif\",\"width\":1418,\"height\":662,\"caption\":\"Interflora\"},\"image\":{\"@id\":\"https:\\\/\\\/www.interflora.se\\\/inspiration\\\/#\\\/schema\\\/logo\\\/image\\\/\"},\"sameAs\":[\"https:\\\/\\\/www.facebook.com\\\/InterfloraAB\",\"https:\\\/\\\/www.instagram.com\\\/interflora_ab\\\/\",\"https:\\\/\\\/www.linkedin.com\\\/company\\\/1494362\",\"https:\\\/\\\/www.youtube.com\\\/channel\\\/UCZgDzGWB2VRxaoWFUmXnk1w\"]},{\"@type\":\"Person\",\"@id\":\"https:\\\/\\\/www.interflora.se\\\/inspiration\\\/#\\\/schema\\\/person\\\/dbbd1ad45e05409c356dc639597669f2\",\"name\":\"admin\",\"image\":{\"@type\":\"ImageObject\",\"inLanguage\":\"sv-SE\",\"@id\":\"https:\\\/\\\/www.interflora.se\\\/inspiration\\\/wp-content\\\/litespeed\\\/avatar\\\/1fe3cced9e67df62d0a6f995d75823a5.jpg?ver=1777362393\",\"url\":\"https:\\\/\\\/www.interflora.se\\\/inspiration\\\/wp-content\\\/litespeed\\\/avatar\\\/1fe3cced9e67df62d0a6f995d75823a5.jpg?ver=1777362393\",\"contentUrl\":\"https:\\\/\\\/www.interflora.se\\\/inspiration\\\/wp-content\\\/litespeed\\\/avatar\\\/1fe3cced9e67df62d0a6f995d75823a5.jpg?ver=1777362393\",\"caption\":\"admin\"},\"sameAs\":[\"https:\\\/\\\/www.interflora.se\\\/inspiration\"],\"url\":\"https:\\\/\\\/www.interflora.se\\\/inspiration\\\/author\\\/admin\\\/\"}]}<\/script>\n<!-- \/ Yoast SEO plugin. -->","yoast_head_json":{"title":"L\u00e4ttsk\u00f6tta blommor - Fetbladsv\u00e4xter | Interflora","robots":{"index":"index","follow":"follow","max-snippet":"max-snippet:-1","max-image-preview":"max-image-preview:large","max-video-preview":"max-video-preview:-1"},"canonical":"https:\/\/www.interflora.se\/inspiration\/lattskotta-fetbladsvaxter\/","og_locale":"sv_SE","og_type":"article","og_title":"L\u00e4ttsk\u00f6tta blommor - Fetbladsv\u00e4xter | Interflora","og_description":"Fetbladsv\u00e4xter \u00e4r den perfekta\u00a0krukv\u00e4xten\u00a0d\u00e5 de \u00e4r l\u00e4ttsk\u00f6tta blommor. V\u00e4ldigt bra f\u00f6r dig som har ont om tid och inte hinner [&hellip;]","og_url":"https:\/\/www.interflora.se\/inspiration\/lattskotta-fetbladsvaxter\/","og_site_name":"Inspiration om blommor, krukv\u00e4xter &amp; trender | Interflora","article_publisher":"https:\/\/www.facebook.com\/InterfloraAB","article_published_time":"2024-02-07T21:36:19+00:00","article_modified_time":"2025-03-20T15:35:11+00:00","og_image":[{"width":750,"height":500,"url":"https:\/\/www.interflora.se\/inspiration\/wp-content\/uploads\/2024\/02\/image.png","type":"image\/png"}],"author":"admin","twitter_card":"summary_large_image","twitter_misc":{"Skriven av":"admin","Ber\u00e4knad l\u00e4stid":"1 minut"},"schema":{"@context":"https:\/\/schema.org","@graph":[{"@type":"Article","@id":"https:\/\/www.interflora.se\/inspiration\/lattskotta-fetbladsvaxter\/#article","isPartOf":{"@id":"https:\/\/www.interflora.se\/inspiration\/lattskotta-fetbladsvaxter\/"},"author":{"name":"admin","@id":"https:\/\/www.interflora.se\/inspiration\/#\/schema\/person\/dbbd1ad45e05409c356dc639597669f2"},"headline":"L\u00e4ttsk\u00f6tta blommor &#8211; Fetbladsv\u00e4xter","datePublished":"2024-02-07T21:36:19+00:00","dateModified":"2025-03-20T15:35:11+00:00","mainEntityOfPage":{"@id":"https:\/\/www.interflora.se\/inspiration\/lattskotta-fetbladsvaxter\/"},"wordCount":233,"commentCount":0,"publisher":{"@id":"https:\/\/www.interflora.se\/inspiration\/#organization"},"image":{"@id":"https:\/\/www.interflora.se\/inspiration\/lattskotta-fetbladsvaxter\/#primaryimage"},"thumbnailUrl":"https:\/\/www.interflora.se\/inspiration\/wp-content\/uploads\/2024\/02\/image.png","articleSection":["Blomfakta &amp; sk\u00f6tselr\u00e5d"],"inLanguage":"sv-SE","potentialAction":[{"@type":"CommentAction","name":"Comment","target":["https:\/\/www.interflora.se\/inspiration\/lattskotta-fetbladsvaxter\/#respond"]}]},{"@type":"WebPage","@id":"https:\/\/www.interflora.se\/inspiration\/lattskotta-fetbladsvaxter\/","url":"https:\/\/www.interflora.se\/inspiration\/lattskotta-fetbladsvaxter\/","name":"L\u00e4ttsk\u00f6tta blommor - Fetbladsv\u00e4xter | Interflora","isPartOf":{"@id":"https:\/\/www.interflora.se\/inspiration\/#website"},"primaryImageOfPage":{"@id":"https:\/\/www.interflora.se\/inspiration\/lattskotta-fetbladsvaxter\/#primaryimage"},"image":{"@id":"https:\/\/www.interflora.se\/inspiration\/lattskotta-fetbladsvaxter\/#primaryimage"},"thumbnailUrl":"https:\/\/www.interflora.se\/inspiration\/wp-content\/uploads\/2024\/02\/image.png","datePublished":"2024-02-07T21:36:19+00:00","dateModified":"2025-03-20T15:35:11+00:00","breadcrumb":{"@id":"https:\/\/www.interflora.se\/inspiration\/lattskotta-fetbladsvaxter\/#breadcrumb"},"inLanguage":"sv-SE","potentialAction":[{"@type":"ReadAction","target":["https:\/\/www.interflora.se\/inspiration\/lattskotta-fetbladsvaxter\/"]}]},{"@type":"ImageObject","inLanguage":"sv-SE","@id":"https:\/\/www.interflora.se\/inspiration\/lattskotta-fetbladsvaxter\/#primaryimage","url":"https:\/\/www.interflora.se\/inspiration\/wp-content\/uploads\/2024\/02\/image.png","contentUrl":"https:\/\/www.interflora.se\/inspiration\/wp-content\/uploads\/2024\/02\/image.png","width":750,"height":500},{"@type":"BreadcrumbList","@id":"https:\/\/www.interflora.se\/inspiration\/lattskotta-fetbladsvaxter\/#breadcrumb","itemListElement":[{"@type":"ListItem","position":1,"name":"Home","item":"https:\/\/www.interflora.se\/inspiration\/"},{"@type":"ListItem","position":2,"name":"L\u00e4ttsk\u00f6tta blommor &#8211; Fetbladsv\u00e4xter"}]},{"@type":"WebSite","@id":"https:\/\/www.interflora.se\/inspiration\/#website","url":"https:\/\/www.interflora.se\/inspiration\/","name":"Interflora","description":"","publisher":{"@id":"https:\/\/www.interflora.se\/inspiration\/#organization"},"potentialAction":[{"@type":"SearchAction","target":{"@type":"EntryPoint","urlTemplate":"https:\/\/www.interflora.se\/inspiration\/?s={search_term_string}"},"query-input":{"@type":"PropertyValueSpecification","valueRequired":true,"valueName":"search_term_string"}}],"inLanguage":"sv-SE"},{"@type":"Organization","@id":"https:\/\/www.interflora.se\/inspiration\/#organization","name":"Interflora","url":"https:\/\/www.interflora.se\/inspiration\/","logo":{"@type":"ImageObject","inLanguage":"sv-SE","@id":"https:\/\/www.interflora.se\/inspiration\/#\/schema\/logo\/image\/","url":"https:\/\/www.interflora.se\/inspiration\/wp-content\/uploads\/2025\/09\/cropped-220422_INTERFLORA_Logo_rgb_Half_Top_Circle_Main_Color.avif","contentUrl":"https:\/\/www.interflora.se\/inspiration\/wp-content\/uploads\/2025\/09\/cropped-220422_INTERFLORA_Logo_rgb_Half_Top_Circle_Main_Color.avif","width":1418,"height":662,"caption":"Interflora"},"image":{"@id":"https:\/\/www.interflora.se\/inspiration\/#\/schema\/logo\/image\/"},"sameAs":["https:\/\/www.facebook.com\/InterfloraAB","https:\/\/www.instagram.com\/interflora_ab\/","https:\/\/www.linkedin.com\/company\/1494362","https:\/\/www.youtube.com\/channel\/UCZgDzGWB2VRxaoWFUmXnk1w"]},{"@type":"Person","@id":"https:\/\/www.interflora.se\/inspiration\/#\/schema\/person\/dbbd1ad45e05409c356dc639597669f2","name":"admin","image":{"@type":"ImageObject","inLanguage":"sv-SE","@id":"https:\/\/www.interflora.se\/inspiration\/wp-content\/litespeed\/avatar\/1fe3cced9e67df62d0a6f995d75823a5.jpg?ver=1777362393","url":"https:\/\/www.interflora.se\/inspiration\/wp-content\/litespeed\/avatar\/1fe3cced9e67df62d0a6f995d75823a5.jpg?ver=1777362393","contentUrl":"https:\/\/www.interflora.se\/inspiration\/wp-content\/litespeed\/avatar\/1fe3cced9e67df62d0a6f995d75823a5.jpg?ver=1777362393","caption":"admin"},"sameAs":["https:\/\/www.interflora.se\/inspiration"],"url":"https:\/\/www.interflora.se\/inspiration\/author\/admin\/"}]}},"uagb_featured_image_src":{"full":["https:\/\/www.interflora.se\/inspiration\/wp-content\/uploads\/2024\/02\/image.png",750,500,false],"thumbnail":["https:\/\/www.interflora.se\/inspiration\/wp-content\/uploads\/2024\/02\/image-150x150.png",150,150,true],"medium":["https:\/\/www.interflora.se\/inspiration\/wp-content\/uploads\/2024\/02\/image-300x200.png",300,200,true],"medium_large":["https:\/\/www.interflora.se\/inspiration\/wp-content\/uploads\/2024\/02\/image.png",750,500,false],"large":["https:\/\/www.interflora.se\/inspiration\/wp-content\/uploads\/2024\/02\/image.png",750,500,false],"1536x1536":["https:\/\/www.interflora.se\/inspiration\/wp-content\/uploads\/2024\/02\/image.png",750,500,false],"2048x2048":["https:\/\/www.interflora.se\/inspiration\/wp-content\/uploads\/2024\/02\/image.png",750,500,false]},"uagb_author_info":{"display_name":"admin","author_link":"https:\/\/www.interflora.se\/inspiration\/author\/admin\/"},"uagb_comment_info":0,"uagb_excerpt":"Fetbladsv\u00e4xter \u00e4r den perfekta\u00a0krukv\u00e4xten\u00a0d\u00e5 de \u00e4r l\u00e4ttsk\u00f6tta blommor. V\u00e4ldigt bra f\u00f6r dig som har ont om tid och inte hinner [&hellip;]","_links":{"self":[{"href":"https:\/\/www.interflora.se\/inspiration\/wp-json\/wp\/v2\/posts\/312","targetHints":{"allow":["GET"]}}],"collection":[{"href":"https:\/\/www.interflora.se\/inspiration\/wp-json\/wp\/v2\/posts"}],"about":[{"href":"https:\/\/www.interflora.se\/inspiration\/wp-json\/wp\/v2\/types\/post"}],"author":[{"embeddable":true,"href":"https:\/\/www.interflora.se\/inspiration\/wp-json\/wp\/v2\/users\/1"}],"replies":[{"embeddable":true,"href":"https:\/\/www.interflora.se\/inspiration\/wp-json\/wp\/v2\/comments?post=312"}],"version-history":[{"count":1,"href":"https:\/\/www.interflora.se\/inspiration\/wp-json\/wp\/v2\/posts\/312\/revisions"}],"predecessor-version":[{"id":1040,"href":"https:\/\/www.interflora.se\/inspiration\/wp-json\/wp\/v2\/posts\/312\/revisions\/1040"}],"wp:featuredmedia":[{"embeddable":true,"href":"https:\/\/www.interflora.se\/inspiration\/wp-json\/wp\/v2\/media\/1039"}],"wp:attachment":[{"href":"https:\/\/www.interflora.se\/inspiration\/wp-json\/wp\/v2\/media?parent=312"}],"wp:term":[{"taxonomy":"category","embeddable":true,"href":"https:\/\/www.interflora.se\/inspiration\/wp-json\/wp\/v2\/categories?post=312"},{"taxonomy":"post_tag","embeddable":true,"href":"https:\/\/www.interflora.se\/inspiration\/wp-json\/wp\/v2\/tags?post=312"}],"curies":[{"name":"wp","href":"https:\/\/api.w.org\/{rel}","templated":true}]}}