{"id":309,"date":"2024-12-07T10:12:17","date_gmt":"2024-12-07T09:12:17","guid":{"rendered":"http:\/\/preprodblog.interflora.se\/blog\/?p=309"},"modified":"2025-11-14T16:09:43","modified_gmt":"2025-11-14T15:09:43","slug":"lat-julgranen-blomma","status":"publish","type":"post","link":"https:\/\/www.interflora.se\/inspiration\/lat-julgranen-blomma\/","title":{"rendered":"L\u00e5t julgranen sl\u00e5 ut i blom"},"content":{"rendered":"\n<p>Julen kl\u00e4r i blommor! \u00c5rets vackraste gran matchas med blomstrande klappar och julbord. T\u00e4nk lekfullt och kreativt! H\u00e4r f\u00e5r du tipsen som skapar massor med st\u00e4mning.<\/p>\n\n\n\n<p>V\u00e5r blomstrande gran drar blickarna till sig s\u00e5 att ingen kan missa den! H\u00e4r har vi h\u00e5llit oss till en klassisk r\u00f6d f\u00e4rgskala och kryddat med kanel och klementiner. Maximalt med julk\u00e4nsla, karakt\u00e4r och doft.<\/p>\n\n\n\n<figure class=\"wp-block-image\"><img decoding=\"async\" src=\"https:\/\/www.interflora.se\/inspiration\/wp-content\/uploads\/2025\/03\/blomgran_1.jpg\" alt=\"Blomgran_1.jpg\"\/><\/figure>\n\n\n\n<p>B\u00f6rja med att binda fast glasr\u00f6r i stadiga grenar, anv\u00e4nd st\u00e5ltr\u00e5d, och fyll p\u00e5 vatten.&nbsp;<a href=\"https:\/\/www.interflora.se\/inspiration\/blomfakta-och-skotselrad\/blomfakta-julstjarna\/\">Julstj\u00e4rnor<\/a>&nbsp;liknar stora rosetter och passar perfekt att s\u00e4tta i de sm\u00e5 vaserna. Snitta stj\u00e4lkarna s\u00e5 att de blir korta, men var f\u00f6rsiktig med den mj\u00f6lkvita blomsaften!<\/p>\n\n\n\n<p>\u2013 Den kan vara irriterande f\u00f6r huden, s\u00e5 det \u00e4r bra att stoppa droppet. Det g\u00f6r du genom att doppa stj\u00e4lken i kokande vatten, tipsar Inter\u00adfloras florist Heidi Mikkonen som st\u00e5tt f\u00f6r det floristiska hantverket. Hon till\u00e4gger att korallrankan som anv\u00e4nts i just den h\u00e4r granen beh\u00f6ver samma behandling.<\/p>\n\n\n\n<figure class=\"wp-block-gallery has-nested-images columns-default is-cropped wp-block-gallery-1 is-layout-flex wp-block-gallery-is-layout-flex\">\n<figure class=\"wp-block-image size-large\"><img decoding=\"async\" src=\"https:\/\/www.interflora.se\/inspiration\/wp-content\/uploads\/2025\/03\/blomgran_4.jpg\" alt=\"\"\/><\/figure>\n\n\n\n<figure class=\"wp-block-image size-large\"><img decoding=\"async\" src=\"https:\/\/www.interflora.se\/inspiration\/wp-content\/uploads\/2025\/03\/blomgran_detalj_3.jpg\" alt=\"\"\/><\/figure>\n<\/figure>\n\n\n\n<p>N\u00e4r du v\u00e4ljer blomsorter \u00e4r det bra att ta s\u00e5dana som antingen \u00e4r t\u00e5liga eller torkar fint, till exempel nejlikor, skimmia, orkid\u00e9er och ilex med r\u00f6da b\u00e4r.&nbsp;Det \u00e4r ocks\u00e5 fint med anemoner, torkade klementiner, kanelst\u00e4nger och sm\u00e5 vaxade paradis\u00e4pplen, som du kan k\u00f6pa i blomsterbutiken.<\/p>\n\n\n\n<p>L\u00e5t hela granen blomstra och dofta \u2013 eller blanda blommor med julkulor och annat favoritpynt. Allt blir fint!&nbsp;T\u00e4nk p\u00e5 att en blomstrande gran f\u00f6rst\u00e5s \u00e4r en f\u00e4rsk\u00advara, s\u00e5 det b\u00e4sta \u00e4r att kl\u00e4 den strax f\u00f6re julafton och sedan h\u00e5lla koll s\u00e5 att provr\u00f6rsvaserna har vatten.<\/p>\n\n\n\n<p>Vill du ta din installation till \u00e4nnu h\u00f6gre h\u00f6jder?&nbsp;<a href=\"https:\/\/www.interflora.se\/inspiration\/diy\/julklapp-med-rosett-av-blommor\/\">S\u00e4tt blomsterrosett p\u00e5 klapparna<\/a>&nbsp;och l\u00e4gg dem under granen. Nu kan julen b\u00f6rja.<\/p>\n\n\n\n<p>S\u00e5 kl\u00e4r du granen i blomsterskrud<\/p>\n\n\n\n<p>Du beh\u00f6ver<\/p>\n\n\n\n<ul class=\"wp-block-list\">\n<li>Blommor i s\u00e4song, t ex julstj\u00e4rna, anemon, amaryllis, skimmia,<br>nejlika, ilex och korallranka<\/li>\n\n\n\n<li>Kanelst\u00e4nger och natursn\u00f6re<\/li>\n\n\n\n<li>Torkade klementiner<\/li>\n\n\n\n<li>Provr\u00f6r, st\u00e5ltr\u00e5d, avbitart\u00e5ng<\/li>\n\n\n\n<li>Vaxade paradis\u00e4pplen<\/li>\n<\/ul>\n\n\n\n<p>G\u00f6r s\u00e5 h\u00e4r<\/p>\n\n\n\n<ol class=\"wp-block-list\">\n<li>Bind fast provr\u00f6r p\u00e5 stadiga grenar, anv\u00e4nd st\u00e5ltr\u00e5d. Fyll p\u00e5 med vatten.<\/li>\n\n\n\n<li>Om du vill ha julstj\u00e4rna i vaserna \u2013 t\u00e4nk p\u00e5 att v\u00e4xtsaften kan vara irriterande. Snitta alla blomsterstj\u00e4lkar korta och s\u00e4tt en blomma i varje vas.<\/li>\n\n\n\n<li>Tr\u00e4 st\u00e5ltr\u00e5d genom torkade klementiner, forma \u00f6glor och h\u00e4ng upp.<\/li>\n\n\n\n<li>Vira natursn\u00f6re runt kanelst\u00e4nger och h\u00e4ng upp.<\/li>\n\n\n\n<li>Komplettera med vaxade paradis\u00e4pplen eller annat favoritpynt.<\/li>\n<\/ol>\n","protected":false},"excerpt":{"rendered":"<p>Julen kl\u00e4r i blommor! \u00c5rets vackraste gran matchas med blomstrande klappar och julbord. T\u00e4nk lekfullt och kreativt! H\u00e4r f\u00e5r du [&hellip;]<\/p>\n","protected":false},"author":1,"featured_media":2412,"comment_status":"open","ping_status":"open","sticky":false,"template":"","format":"standard","meta":{"_uag_custom_page_level_css":"","site-sidebar-layout":"default","site-content-layout":"","ast-site-content-layout":"default","site-content-style":"default","site-sidebar-style":"default","ast-global-header-display":"","ast-banner-title-visibility":"","ast-main-header-display":"","ast-hfb-above-header-display":"","ast-hfb-below-header-display":"","ast-hfb-mobile-header-display":"","site-post-title":"","ast-breadcrumbs-content":"","ast-featured-img":"","footer-sml-layout":"","ast-disable-related-posts":"","theme-transparent-header-meta":"","adv-header-id-meta":"","stick-header-meta":"","header-above-stick-meta":"","header-main-stick-meta":"","header-below-stick-meta":"","astra-migrate-meta-layouts":"default","ast-page-background-enabled":"default","ast-page-background-meta":{"desktop":{"background-color":"var(--ast-global-color-5)","background-image":"","background-repeat":"repeat","background-position":"center center","background-size":"auto","background-attachment":"scroll","background-type":"","background-media":"","overlay-type":"","overlay-color":"","overlay-opacity":"","overlay-gradient":""},"tablet":{"background-color":"","background-image":"","background-repeat":"repeat","background-position":"center center","background-size":"auto","background-attachment":"scroll","background-type":"","background-media":"","overlay-type":"","overlay-color":"","overlay-opacity":"","overlay-gradient":""},"mobile":{"background-color":"","background-image":"","background-repeat":"repeat","background-position":"center center","background-size":"auto","background-attachment":"scroll","background-type":"","background-media":"","overlay-type":"","overlay-color":"","overlay-opacity":"","overlay-gradient":""}},"ast-content-background-meta":{"desktop":{"background-color":"var(--ast-global-color-4)","background-image":"","background-repeat":"repeat","background-position":"center center","background-size":"auto","background-attachment":"scroll","background-type":"","background-media":"","overlay-type":"","overlay-color":"","overlay-opacity":"","overlay-gradient":""},"tablet":{"background-color":"var(--ast-global-color-4)","background-image":"","background-repeat":"repeat","background-position":"center center","background-size":"auto","background-attachment":"scroll","background-type":"","background-media":"","overlay-type":"","overlay-color":"","overlay-opacity":"","overlay-gradient":""},"mobile":{"background-color":"var(--ast-global-color-4)","background-image":"","background-repeat":"repeat","background-position":"center center","background-size":"auto","background-attachment":"scroll","background-type":"","background-media":"","overlay-type":"","overlay-color":"","overlay-opacity":"","overlay-gradient":""}},"footnotes":""},"categories":[5,28],"tags":[],"class_list":["post-309","post","type-post","status-publish","format-standard","has-post-thumbnail","hentry","category-diy","category-jul"],"yoast_head":"<!-- This site is optimized with the Yoast SEO plugin v27.4 - https:\/\/yoast.com\/product\/yoast-seo-wordpress\/ -->\n<title>L\u00e5t julgranen sl\u00e5 ut i blom | Interflora<\/title>\n<meta name=\"robots\" content=\"index, follow, max-snippet:-1, max-image-preview:large, max-video-preview:-1\" \/>\n<link rel=\"canonical\" href=\"https:\/\/www.interflora.se\/inspiration\/lat-julgranen-blomma\/\" \/>\n<meta property=\"og:locale\" content=\"sv_SE\" \/>\n<meta property=\"og:type\" content=\"article\" \/>\n<meta property=\"og:title\" content=\"L\u00e5t julgranen sl\u00e5 ut i blom | Interflora\" \/>\n<meta property=\"og:description\" content=\"Julen kl\u00e4r i blommor! \u00c5rets vackraste gran matchas med blomstrande klappar och julbord. T\u00e4nk lekfullt och kreativt! H\u00e4r f\u00e5r du [&hellip;]\" \/>\n<meta property=\"og:url\" content=\"https:\/\/www.interflora.se\/inspiration\/lat-julgranen-blomma\/\" \/>\n<meta property=\"og:site_name\" content=\"Inspiration om blommor, krukv\u00e4xter &amp; trender | Interflora\" \/>\n<meta property=\"article:publisher\" content=\"https:\/\/www.facebook.com\/InterfloraAB\" \/>\n<meta property=\"article:published_time\" content=\"2024-12-07T09:12:17+00:00\" \/>\n<meta property=\"article:modified_time\" content=\"2025-11-14T15:09:43+00:00\" \/>\n<meta property=\"og:image\" content=\"https:\/\/www.interflora.se\/inspiration\/wp-content\/uploads\/2025\/03\/blomgran_detalj_3.jpg\" \/>\n\t<meta property=\"og:image:width\" content=\"960\" \/>\n\t<meta property=\"og:image:height\" content=\"1200\" \/>\n\t<meta property=\"og:image:type\" content=\"image\/jpeg\" \/>\n<meta name=\"author\" content=\"admin\" \/>\n<meta name=\"twitter:card\" content=\"summary_large_image\" \/>\n<meta name=\"twitter:label1\" content=\"Skriven av\" \/>\n\t<meta name=\"twitter:data1\" content=\"admin\" \/>\n\t<meta name=\"twitter:label2\" content=\"Ber\u00e4knad l\u00e4stid\" \/>\n\t<meta name=\"twitter:data2\" content=\"2 minuter\" \/>\n<script type=\"application\/ld+json\" class=\"yoast-schema-graph\">{\"@context\":\"https:\\\/\\\/schema.org\",\"@graph\":[{\"@type\":\"Article\",\"@id\":\"https:\\\/\\\/www.interflora.se\\\/inspiration\\\/lat-julgranen-blomma\\\/#article\",\"isPartOf\":{\"@id\":\"https:\\\/\\\/www.interflora.se\\\/inspiration\\\/lat-julgranen-blomma\\\/\"},\"author\":{\"name\":\"admin\",\"@id\":\"https:\\\/\\\/www.interflora.se\\\/inspiration\\\/#\\\/schema\\\/person\\\/dbbd1ad45e05409c356dc639597669f2\"},\"headline\":\"L\u00e5t julgranen sl\u00e5 ut i blom\",\"datePublished\":\"2024-12-07T09:12:17+00:00\",\"dateModified\":\"2025-11-14T15:09:43+00:00\",\"mainEntityOfPage\":{\"@id\":\"https:\\\/\\\/www.interflora.se\\\/inspiration\\\/lat-julgranen-blomma\\\/\"},\"wordCount\":459,\"commentCount\":0,\"publisher\":{\"@id\":\"https:\\\/\\\/www.interflora.se\\\/inspiration\\\/#organization\"},\"image\":{\"@id\":\"https:\\\/\\\/www.interflora.se\\\/inspiration\\\/lat-julgranen-blomma\\\/#primaryimage\"},\"thumbnailUrl\":\"https:\\\/\\\/www.interflora.se\\\/inspiration\\\/wp-content\\\/uploads\\\/2025\\\/03\\\/blomgran_detalj_3.jpg\",\"articleSection\":[\"DIY\",\"Jul: Inspiration f\u00f6r en magisk vinter\"],\"inLanguage\":\"sv-SE\",\"potentialAction\":[{\"@type\":\"CommentAction\",\"name\":\"Comment\",\"target\":[\"https:\\\/\\\/www.interflora.se\\\/inspiration\\\/lat-julgranen-blomma\\\/#respond\"]}]},{\"@type\":\"WebPage\",\"@id\":\"https:\\\/\\\/www.interflora.se\\\/inspiration\\\/lat-julgranen-blomma\\\/\",\"url\":\"https:\\\/\\\/www.interflora.se\\\/inspiration\\\/lat-julgranen-blomma\\\/\",\"name\":\"L\u00e5t julgranen sl\u00e5 ut i blom | Interflora\",\"isPartOf\":{\"@id\":\"https:\\\/\\\/www.interflora.se\\\/inspiration\\\/#website\"},\"primaryImageOfPage\":{\"@id\":\"https:\\\/\\\/www.interflora.se\\\/inspiration\\\/lat-julgranen-blomma\\\/#primaryimage\"},\"image\":{\"@id\":\"https:\\\/\\\/www.interflora.se\\\/inspiration\\\/lat-julgranen-blomma\\\/#primaryimage\"},\"thumbnailUrl\":\"https:\\\/\\\/www.interflora.se\\\/inspiration\\\/wp-content\\\/uploads\\\/2025\\\/03\\\/blomgran_detalj_3.jpg\",\"datePublished\":\"2024-12-07T09:12:17+00:00\",\"dateModified\":\"2025-11-14T15:09:43+00:00\",\"breadcrumb\":{\"@id\":\"https:\\\/\\\/www.interflora.se\\\/inspiration\\\/lat-julgranen-blomma\\\/#breadcrumb\"},\"inLanguage\":\"sv-SE\",\"potentialAction\":[{\"@type\":\"ReadAction\",\"target\":[\"https:\\\/\\\/www.interflora.se\\\/inspiration\\\/lat-julgranen-blomma\\\/\"]}]},{\"@type\":\"ImageObject\",\"inLanguage\":\"sv-SE\",\"@id\":\"https:\\\/\\\/www.interflora.se\\\/inspiration\\\/lat-julgranen-blomma\\\/#primaryimage\",\"url\":\"https:\\\/\\\/www.interflora.se\\\/inspiration\\\/wp-content\\\/uploads\\\/2025\\\/03\\\/blomgran_detalj_3.jpg\",\"contentUrl\":\"https:\\\/\\\/www.interflora.se\\\/inspiration\\\/wp-content\\\/uploads\\\/2025\\\/03\\\/blomgran_detalj_3.jpg\",\"width\":960,\"height\":1200},{\"@type\":\"BreadcrumbList\",\"@id\":\"https:\\\/\\\/www.interflora.se\\\/inspiration\\\/lat-julgranen-blomma\\\/#breadcrumb\",\"itemListElement\":[{\"@type\":\"ListItem\",\"position\":1,\"name\":\"Home\",\"item\":\"https:\\\/\\\/www.interflora.se\\\/inspiration\\\/\"},{\"@type\":\"ListItem\",\"position\":2,\"name\":\"L\u00e5t julgranen sl\u00e5 ut i blom\"}]},{\"@type\":\"WebSite\",\"@id\":\"https:\\\/\\\/www.interflora.se\\\/inspiration\\\/#website\",\"url\":\"https:\\\/\\\/www.interflora.se\\\/inspiration\\\/\",\"name\":\"Interflora\",\"description\":\"\",\"publisher\":{\"@id\":\"https:\\\/\\\/www.interflora.se\\\/inspiration\\\/#organization\"},\"potentialAction\":[{\"@type\":\"SearchAction\",\"target\":{\"@type\":\"EntryPoint\",\"urlTemplate\":\"https:\\\/\\\/www.interflora.se\\\/inspiration\\\/?s={search_term_string}\"},\"query-input\":{\"@type\":\"PropertyValueSpecification\",\"valueRequired\":true,\"valueName\":\"search_term_string\"}}],\"inLanguage\":\"sv-SE\"},{\"@type\":\"Organization\",\"@id\":\"https:\\\/\\\/www.interflora.se\\\/inspiration\\\/#organization\",\"name\":\"Interflora\",\"url\":\"https:\\\/\\\/www.interflora.se\\\/inspiration\\\/\",\"logo\":{\"@type\":\"ImageObject\",\"inLanguage\":\"sv-SE\",\"@id\":\"https:\\\/\\\/www.interflora.se\\\/inspiration\\\/#\\\/schema\\\/logo\\\/image\\\/\",\"url\":\"https:\\\/\\\/www.interflora.se\\\/inspiration\\\/wp-content\\\/uploads\\\/2025\\\/09\\\/cropped-220422_INTERFLORA_Logo_rgb_Half_Top_Circle_Main_Color.avif\",\"contentUrl\":\"https:\\\/\\\/www.interflora.se\\\/inspiration\\\/wp-content\\\/uploads\\\/2025\\\/09\\\/cropped-220422_INTERFLORA_Logo_rgb_Half_Top_Circle_Main_Color.avif\",\"width\":1418,\"height\":662,\"caption\":\"Interflora\"},\"image\":{\"@id\":\"https:\\\/\\\/www.interflora.se\\\/inspiration\\\/#\\\/schema\\\/logo\\\/image\\\/\"},\"sameAs\":[\"https:\\\/\\\/www.facebook.com\\\/InterfloraAB\",\"https:\\\/\\\/www.instagram.com\\\/interflora_ab\\\/\",\"https:\\\/\\\/www.linkedin.com\\\/company\\\/1494362\",\"https:\\\/\\\/www.youtube.com\\\/channel\\\/UCZgDzGWB2VRxaoWFUmXnk1w\"]},{\"@type\":\"Person\",\"@id\":\"https:\\\/\\\/www.interflora.se\\\/inspiration\\\/#\\\/schema\\\/person\\\/dbbd1ad45e05409c356dc639597669f2\",\"name\":\"admin\",\"image\":{\"@type\":\"ImageObject\",\"inLanguage\":\"sv-SE\",\"@id\":\"https:\\\/\\\/www.interflora.se\\\/inspiration\\\/wp-content\\\/litespeed\\\/avatar\\\/1fe3cced9e67df62d0a6f995d75823a5.jpg?ver=1777362393\",\"url\":\"https:\\\/\\\/www.interflora.se\\\/inspiration\\\/wp-content\\\/litespeed\\\/avatar\\\/1fe3cced9e67df62d0a6f995d75823a5.jpg?ver=1777362393\",\"contentUrl\":\"https:\\\/\\\/www.interflora.se\\\/inspiration\\\/wp-content\\\/litespeed\\\/avatar\\\/1fe3cced9e67df62d0a6f995d75823a5.jpg?ver=1777362393\",\"caption\":\"admin\"},\"sameAs\":[\"https:\\\/\\\/www.interflora.se\\\/inspiration\"],\"url\":\"https:\\\/\\\/www.interflora.se\\\/inspiration\\\/author\\\/admin\\\/\"}]}<\/script>\n<!-- \/ Yoast SEO plugin. -->","yoast_head_json":{"title":"L\u00e5t julgranen sl\u00e5 ut i blom | Interflora","robots":{"index":"index","follow":"follow","max-snippet":"max-snippet:-1","max-image-preview":"max-image-preview:large","max-video-preview":"max-video-preview:-1"},"canonical":"https:\/\/www.interflora.se\/inspiration\/lat-julgranen-blomma\/","og_locale":"sv_SE","og_type":"article","og_title":"L\u00e5t julgranen sl\u00e5 ut i blom | Interflora","og_description":"Julen kl\u00e4r i blommor! \u00c5rets vackraste gran matchas med blomstrande klappar och julbord. T\u00e4nk lekfullt och kreativt! H\u00e4r f\u00e5r du [&hellip;]","og_url":"https:\/\/www.interflora.se\/inspiration\/lat-julgranen-blomma\/","og_site_name":"Inspiration om blommor, krukv\u00e4xter &amp; trender | Interflora","article_publisher":"https:\/\/www.facebook.com\/InterfloraAB","article_published_time":"2024-12-07T09:12:17+00:00","article_modified_time":"2025-11-14T15:09:43+00:00","og_image":[{"width":960,"height":1200,"url":"https:\/\/www.interflora.se\/inspiration\/wp-content\/uploads\/2025\/03\/blomgran_detalj_3.jpg","type":"image\/jpeg"}],"author":"admin","twitter_card":"summary_large_image","twitter_misc":{"Skriven av":"admin","Ber\u00e4knad l\u00e4stid":"2 minuter"},"schema":{"@context":"https:\/\/schema.org","@graph":[{"@type":"Article","@id":"https:\/\/www.interflora.se\/inspiration\/lat-julgranen-blomma\/#article","isPartOf":{"@id":"https:\/\/www.interflora.se\/inspiration\/lat-julgranen-blomma\/"},"author":{"name":"admin","@id":"https:\/\/www.interflora.se\/inspiration\/#\/schema\/person\/dbbd1ad45e05409c356dc639597669f2"},"headline":"L\u00e5t julgranen sl\u00e5 ut i blom","datePublished":"2024-12-07T09:12:17+00:00","dateModified":"2025-11-14T15:09:43+00:00","mainEntityOfPage":{"@id":"https:\/\/www.interflora.se\/inspiration\/lat-julgranen-blomma\/"},"wordCount":459,"commentCount":0,"publisher":{"@id":"https:\/\/www.interflora.se\/inspiration\/#organization"},"image":{"@id":"https:\/\/www.interflora.se\/inspiration\/lat-julgranen-blomma\/#primaryimage"},"thumbnailUrl":"https:\/\/www.interflora.se\/inspiration\/wp-content\/uploads\/2025\/03\/blomgran_detalj_3.jpg","articleSection":["DIY","Jul: Inspiration f\u00f6r en magisk vinter"],"inLanguage":"sv-SE","potentialAction":[{"@type":"CommentAction","name":"Comment","target":["https:\/\/www.interflora.se\/inspiration\/lat-julgranen-blomma\/#respond"]}]},{"@type":"WebPage","@id":"https:\/\/www.interflora.se\/inspiration\/lat-julgranen-blomma\/","url":"https:\/\/www.interflora.se\/inspiration\/lat-julgranen-blomma\/","name":"L\u00e5t julgranen sl\u00e5 ut i blom | Interflora","isPartOf":{"@id":"https:\/\/www.interflora.se\/inspiration\/#website"},"primaryImageOfPage":{"@id":"https:\/\/www.interflora.se\/inspiration\/lat-julgranen-blomma\/#primaryimage"},"image":{"@id":"https:\/\/www.interflora.se\/inspiration\/lat-julgranen-blomma\/#primaryimage"},"thumbnailUrl":"https:\/\/www.interflora.se\/inspiration\/wp-content\/uploads\/2025\/03\/blomgran_detalj_3.jpg","datePublished":"2024-12-07T09:12:17+00:00","dateModified":"2025-11-14T15:09:43+00:00","breadcrumb":{"@id":"https:\/\/www.interflora.se\/inspiration\/lat-julgranen-blomma\/#breadcrumb"},"inLanguage":"sv-SE","potentialAction":[{"@type":"ReadAction","target":["https:\/\/www.interflora.se\/inspiration\/lat-julgranen-blomma\/"]}]},{"@type":"ImageObject","inLanguage":"sv-SE","@id":"https:\/\/www.interflora.se\/inspiration\/lat-julgranen-blomma\/#primaryimage","url":"https:\/\/www.interflora.se\/inspiration\/wp-content\/uploads\/2025\/03\/blomgran_detalj_3.jpg","contentUrl":"https:\/\/www.interflora.se\/inspiration\/wp-content\/uploads\/2025\/03\/blomgran_detalj_3.jpg","width":960,"height":1200},{"@type":"BreadcrumbList","@id":"https:\/\/www.interflora.se\/inspiration\/lat-julgranen-blomma\/#breadcrumb","itemListElement":[{"@type":"ListItem","position":1,"name":"Home","item":"https:\/\/www.interflora.se\/inspiration\/"},{"@type":"ListItem","position":2,"name":"L\u00e5t julgranen sl\u00e5 ut i blom"}]},{"@type":"WebSite","@id":"https:\/\/www.interflora.se\/inspiration\/#website","url":"https:\/\/www.interflora.se\/inspiration\/","name":"Interflora","description":"","publisher":{"@id":"https:\/\/www.interflora.se\/inspiration\/#organization"},"potentialAction":[{"@type":"SearchAction","target":{"@type":"EntryPoint","urlTemplate":"https:\/\/www.interflora.se\/inspiration\/?s={search_term_string}"},"query-input":{"@type":"PropertyValueSpecification","valueRequired":true,"valueName":"search_term_string"}}],"inLanguage":"sv-SE"},{"@type":"Organization","@id":"https:\/\/www.interflora.se\/inspiration\/#organization","name":"Interflora","url":"https:\/\/www.interflora.se\/inspiration\/","logo":{"@type":"ImageObject","inLanguage":"sv-SE","@id":"https:\/\/www.interflora.se\/inspiration\/#\/schema\/logo\/image\/","url":"https:\/\/www.interflora.se\/inspiration\/wp-content\/uploads\/2025\/09\/cropped-220422_INTERFLORA_Logo_rgb_Half_Top_Circle_Main_Color.avif","contentUrl":"https:\/\/www.interflora.se\/inspiration\/wp-content\/uploads\/2025\/09\/cropped-220422_INTERFLORA_Logo_rgb_Half_Top_Circle_Main_Color.avif","width":1418,"height":662,"caption":"Interflora"},"image":{"@id":"https:\/\/www.interflora.se\/inspiration\/#\/schema\/logo\/image\/"},"sameAs":["https:\/\/www.facebook.com\/InterfloraAB","https:\/\/www.instagram.com\/interflora_ab\/","https:\/\/www.linkedin.com\/company\/1494362","https:\/\/www.youtube.com\/channel\/UCZgDzGWB2VRxaoWFUmXnk1w"]},{"@type":"Person","@id":"https:\/\/www.interflora.se\/inspiration\/#\/schema\/person\/dbbd1ad45e05409c356dc639597669f2","name":"admin","image":{"@type":"ImageObject","inLanguage":"sv-SE","@id":"https:\/\/www.interflora.se\/inspiration\/wp-content\/litespeed\/avatar\/1fe3cced9e67df62d0a6f995d75823a5.jpg?ver=1777362393","url":"https:\/\/www.interflora.se\/inspiration\/wp-content\/litespeed\/avatar\/1fe3cced9e67df62d0a6f995d75823a5.jpg?ver=1777362393","contentUrl":"https:\/\/www.interflora.se\/inspiration\/wp-content\/litespeed\/avatar\/1fe3cced9e67df62d0a6f995d75823a5.jpg?ver=1777362393","caption":"admin"},"sameAs":["https:\/\/www.interflora.se\/inspiration"],"url":"https:\/\/www.interflora.se\/inspiration\/author\/admin\/"}]}},"uagb_featured_image_src":{"full":["https:\/\/www.interflora.se\/inspiration\/wp-content\/uploads\/2025\/03\/blomgran_detalj_3.jpg",960,1200,false],"thumbnail":["https:\/\/www.interflora.se\/inspiration\/wp-content\/uploads\/2025\/03\/blomgran_detalj_3-150x150.jpg",150,150,true],"medium":["https:\/\/www.interflora.se\/inspiration\/wp-content\/uploads\/2025\/03\/blomgran_detalj_3-240x300.jpg",240,300,true],"medium_large":["https:\/\/www.interflora.se\/inspiration\/wp-content\/uploads\/2025\/03\/blomgran_detalj_3-768x960.jpg",768,960,true],"large":["https:\/\/www.interflora.se\/inspiration\/wp-content\/uploads\/2025\/03\/blomgran_detalj_3-819x1024.jpg",819,1024,true],"1536x1536":["https:\/\/www.interflora.se\/inspiration\/wp-content\/uploads\/2025\/03\/blomgran_detalj_3.jpg",960,1200,false],"2048x2048":["https:\/\/www.interflora.se\/inspiration\/wp-content\/uploads\/2025\/03\/blomgran_detalj_3.jpg",960,1200,false]},"uagb_author_info":{"display_name":"admin","author_link":"https:\/\/www.interflora.se\/inspiration\/author\/admin\/"},"uagb_comment_info":0,"uagb_excerpt":"Julen kl\u00e4r i blommor! \u00c5rets vackraste gran matchas med blomstrande klappar och julbord. T\u00e4nk lekfullt och kreativt! H\u00e4r f\u00e5r du [&hellip;]","_links":{"self":[{"href":"https:\/\/www.interflora.se\/inspiration\/wp-json\/wp\/v2\/posts\/309","targetHints":{"allow":["GET"]}}],"collection":[{"href":"https:\/\/www.interflora.se\/inspiration\/wp-json\/wp\/v2\/posts"}],"about":[{"href":"https:\/\/www.interflora.se\/inspiration\/wp-json\/wp\/v2\/types\/post"}],"author":[{"embeddable":true,"href":"https:\/\/www.interflora.se\/inspiration\/wp-json\/wp\/v2\/users\/1"}],"replies":[{"embeddable":true,"href":"https:\/\/www.interflora.se\/inspiration\/wp-json\/wp\/v2\/comments?post=309"}],"version-history":[{"count":2,"href":"https:\/\/www.interflora.se\/inspiration\/wp-json\/wp\/v2\/posts\/309\/revisions"}],"predecessor-version":[{"id":2415,"href":"https:\/\/www.interflora.se\/inspiration\/wp-json\/wp\/v2\/posts\/309\/revisions\/2415"}],"wp:featuredmedia":[{"embeddable":true,"href":"https:\/\/www.interflora.se\/inspiration\/wp-json\/wp\/v2\/media\/2412"}],"wp:attachment":[{"href":"https:\/\/www.interflora.se\/inspiration\/wp-json\/wp\/v2\/media?parent=309"}],"wp:term":[{"taxonomy":"category","embeddable":true,"href":"https:\/\/www.interflora.se\/inspiration\/wp-json\/wp\/v2\/categories?post=309"},{"taxonomy":"post_tag","embeddable":true,"href":"https:\/\/www.interflora.se\/inspiration\/wp-json\/wp\/v2\/tags?post=309"}],"curies":[{"name":"wp","href":"https:\/\/api.w.org\/{rel}","templated":true}]}}