{"id":308,"date":"2023-09-22T15:32:20","date_gmt":"2023-09-22T13:32:20","guid":{"rendered":"http:\/\/preprodblog.interflora.se\/blog\/?p=308"},"modified":"2025-03-20T09:17:09","modified_gmt":"2025-03-20T08:17:09","slug":"landskapsblommor","status":"publish","type":"post","link":"https:\/\/www.interflora.se\/inspiration\/landskapsblommor\/","title":{"rendered":"Landskapsblommor"},"content":{"rendered":"\n<p>Varje landskap i Sverige har sin egna landskapsblomma som representerar dess landskap och natur. Varje blomsort \u00e4r en del av blommornas spr\u00e5k och har en egen betydelse. Vad vill du s\u00e4ga med din bukett?<\/p>\n\n\n\n<figure class=\"wp-block-gallery has-nested-images columns-default is-cropped wp-block-gallery-1 is-layout-flex wp-block-gallery-is-layout-flex\">\n<figure class=\"wp-block-image size-large\"><img loading=\"lazy\" decoding=\"async\" width=\"819\" height=\"1024\" data-id=\"647\" src=\"https:\/\/www.interflora.se\/inspiration\/wp-content\/uploads\/2025\/03\/landskapsblommor-staende-819x1024.jpg\" alt=\"\" class=\"wp-image-647\" srcset=\"https:\/\/www.interflora.se\/inspiration\/wp-content\/uploads\/2025\/03\/landskapsblommor-staende-819x1024.jpg 819w, https:\/\/www.interflora.se\/inspiration\/wp-content\/uploads\/2025\/03\/landskapsblommor-staende-240x300.jpg 240w, https:\/\/www.interflora.se\/inspiration\/wp-content\/uploads\/2025\/03\/landskapsblommor-staende-768x960.jpg 768w, https:\/\/www.interflora.se\/inspiration\/wp-content\/uploads\/2025\/03\/landskapsblommor-staende.jpg 1000w\" sizes=\"auto, (max-width: 819px) 100vw, 819px\" \/><\/figure>\n\n\n\n<figure class=\"wp-block-image size-large\"><img loading=\"lazy\" decoding=\"async\" width=\"750\" height=\"500\" data-id=\"646\" src=\"https:\/\/www.interflora.se\/inspiration\/wp-content\/uploads\/2025\/03\/landskapsblommor-teaser.jpg\" alt=\"\" class=\"wp-image-646\" srcset=\"https:\/\/www.interflora.se\/inspiration\/wp-content\/uploads\/2025\/03\/landskapsblommor-teaser.jpg 750w, https:\/\/www.interflora.se\/inspiration\/wp-content\/uploads\/2025\/03\/landskapsblommor-teaser-300x200.jpg 300w\" sizes=\"auto, (max-width: 750px) 100vw, 750px\" \/><\/figure>\n<\/figure>\n\n\n\n<h2 class=\"wp-block-heading\"><br>Blekinges landskapsblomma och dess betydelse<br>Ek&nbsp;(Quercus robur)<\/h2>\n\n\n\n<p>Jag \u00e4r stark, ih\u00e4rdig och vill vara ditt st\u00f6d i alla livets skiften.<\/p>\n\n\n\n<figure class=\"wp-block-image\"><img decoding=\"async\" src=\"https:\/\/www.interflora.se\/inspiration\/wp-content\/uploads\/2025\/03\/ek.jpg\" alt=\"ek.jpg\"\/><\/figure>\n\n\n\n<h2 class=\"wp-block-heading\"><br>Bohusl\u00e4ns landskapsblomma och dess betydelse<br>Vildkaprifol&nbsp;(Lonicera periclymenum)<\/h2>\n\n\n\n<p>Tvivla ej p\u00e5 min k\u00e4rlek.<\/p>\n\n\n\n<figure class=\"wp-block-image\"><img decoding=\"async\" src=\"https:\/\/www.interflora.se\/inspiration\/wp-content\/uploads\/2025\/03\/vildkaprifol.jpg\" alt=\"vildkaprifol.jpg\"\/><\/figure>\n\n\n\n<h2 class=\"wp-block-heading\"><br>Dalarnas landskapsblomma och dess betydelse<br>\u00c4ngsklocka&nbsp;(Campanula patula)<\/h2>\n\n\n\n<p>Vill inte gossarna ha mig, f\u00e5 v\u00e4lan gubbarna ta mig.<em><br><\/em><\/p>\n\n\n\n<h2 class=\"wp-block-heading\"><br>Dalslands&nbsp;landskapsblomma och dess betydelse<br>F\u00f6rg\u00e4tmigej&nbsp;(Myosotis scorpioides)<\/h2>\n\n\n\n<p>Jag vill tillh\u00f6ra dig, under vilka villkor som helst.<\/p>\n\n\n\n<figure class=\"wp-block-image\"><img decoding=\"async\" src=\"https:\/\/www.interflora.se\/inspiration\/wp-content\/uploads\/2025\/03\/forgatmigej.jpg\" alt=\"forgatmigej.jpg\"\/><\/figure>\n\n\n\n<h2 class=\"wp-block-heading\"><br>Gotlands&nbsp;landskapsblomma och dess betydelse<br>Murgr\u00f6na&nbsp;(Hedera helix)<\/h2>\n\n\n\n<p>Jag skall binda dig med k\u00e4rlek.<\/p>\n\n\n\n<figure class=\"wp-block-image\"><img decoding=\"async\" src=\"https:\/\/www.interflora.se\/inspiration\/wp-content\/uploads\/2025\/03\/murgrona.jpg\" alt=\"murgrona.jpg\"\/><\/figure>\n\n\n\n<h2 class=\"wp-block-heading\"><br>G\u00e4striklands&nbsp;landskapsblomma och dess betydelse<br>Liljekonvalj&nbsp;(Convallaria majalis)<\/h2>\n\n\n\n<p>Att \u00e4lska f\u00f6r mycket f\u00f6rslappar sj\u00e4len.<\/p>\n\n\n\n<figure class=\"wp-block-image\"><img decoding=\"async\" src=\"https:\/\/www.interflora.se\/inspiration\/wp-content\/uploads\/2025\/03\/liljekonvalj.jpg\" alt=\"liljekonvalj.jpg\"\/><\/figure>\n\n\n\n<h2 class=\"wp-block-heading\"><br>Hallands&nbsp;landskapsblomma och dess betydelse<br>H\u00e5rginst&nbsp;(Genista pilosa)<\/h2>\n\n\n\n<p>Dina behag \u00e4r obeskrivligt retande.<\/p>\n\n\n\n<figure class=\"wp-block-image\"><img decoding=\"async\" src=\"https:\/\/www.interflora.se\/inspiration\/wp-content\/uploads\/2025\/03\/harginst.jpg\" alt=\"harginst.jpg\"\/><\/figure>\n\n\n\n<h2 class=\"wp-block-heading\"><br>H\u00e4lsinglands&nbsp;landskapsblomma och dess betydelse<br>Lin&nbsp;(Linum usitatissimum)<\/h2>\n\n\n\n<p>Jag t\u00f6rs ej giva dig n\u00e5got hopp, ty d\u00e5 blir du f\u00f6r n\u00e4rg\u00e5ngen.<\/p>\n\n\n\n<figure class=\"wp-block-image\"><img decoding=\"async\" src=\"https:\/\/www.interflora.se\/inspiration\/wp-content\/uploads\/2025\/03\/lin.jpg\" alt=\"lin.jpg\"\/><\/figure>\n\n\n\n<h2 class=\"wp-block-heading\"><br>H\u00e4rjedalens landskapsblomma och dess betydelse<br>Mosippa&nbsp;(Pulsatilla vernalis)<\/h2>\n\n\n\n<p>\u00c4t icke upp mig.<\/p>\n\n\n\n<figure class=\"wp-block-image\"><img decoding=\"async\" src=\"https:\/\/www.interflora.se\/inspiration\/wp-content\/uploads\/2025\/03\/mosippa.jpg\" alt=\"mosippa.jpg\"\/><\/figure>\n\n\n\n<h2 class=\"wp-block-heading\"><br>J\u00e4mtlands landskapsblomma och dess betydelse<br>Brunkulla&nbsp;(Gymnadenia nigra)<\/h2>\n\n\n\n<p>Blott en blick och k\u00e4rleken sl\u00e5r rot i mitt hj\u00e4rta.<\/p>\n\n\n\n<figure class=\"wp-block-image\"><img decoding=\"async\" src=\"https:\/\/www.interflora.se\/inspiration\/wp-content\/uploads\/2025\/03\/brunkulla.jpg\" alt=\"brunkulla.jpg\"\/><\/figure>\n\n\n\n<h2 class=\"wp-block-heading\"><br>Lapplands&nbsp;landskapsblomma och dess betydelse<br>Fj\u00e4llsippa&nbsp;(Dryas octopetala)<\/h2>\n\n\n\n<p>Jag t\u00e5l allt f\u00f6r att behaga dig.<\/p>\n\n\n\n<figure class=\"wp-block-image\"><img decoding=\"async\" src=\"https:\/\/www.interflora.se\/inspiration\/wp-content\/uploads\/2025\/03\/fjallsippa.jpg\" alt=\"fjallsippa.jpg\"\/><\/figure>\n\n\n\n<h2 class=\"wp-block-heading\"><br>Medelpads&nbsp;landskapsblomma och dess betydelse<br>Gran&nbsp;(Picea abies)<\/h2>\n\n\n\n<p>Den ton du ansl\u00e5r hos mig skall jag \u00e5terge ren och klar.<\/p>\n\n\n\n<figure class=\"wp-block-image\"><img decoding=\"async\" src=\"https:\/\/www.interflora.se\/inspiration\/wp-content\/uploads\/2025\/03\/gran.jpg\" alt=\"gran.jpg\"\/><\/figure>\n\n\n\n<h2 class=\"wp-block-heading\"><br>Norrbottens&nbsp;landskapsblomma och dess betydelse<br>\u00c5kerb\u00e4r&nbsp;(Rubus arcticus)<\/h2>\n\n\n\n<p>Du har ett milt yttre, men ett h\u00e5rt hj\u00e4rta.<\/p>\n\n\n\n<figure class=\"wp-block-image\"><img decoding=\"async\" src=\"https:\/\/www.interflora.se\/inspiration\/wp-content\/uploads\/2025\/03\/akerbar.jpg\" alt=\"akerbar.jpg\"\/><\/figure>\n\n\n\n<h2 class=\"wp-block-heading\"><br>N\u00e4rkes&nbsp;landskapsblomma och dess betydelse<br>Gullviva&nbsp;(Primula veris)<\/h2>\n\n\n\n<p>Ditt yttre \u00e4r ljuvt men ditt hj\u00e4rta \u00e4r ljuvare.<\/p>\n\n\n\n<figure class=\"wp-block-image\"><img decoding=\"async\" src=\"https:\/\/www.interflora.se\/inspiration\/wp-content\/uploads\/2025\/03\/gullviva.jpg\" alt=\"gullviva.jpg\"\/><\/figure>\n\n\n\n<h2 class=\"wp-block-heading\"><br>Sk\u00e5nes&nbsp;landskapsblomma och dess betydelse<br>Pr\u00e4stkrage&nbsp;(Leucanthemum vulgare)<\/h2>\n\n\n\n<p>S\u00e4g mig gudasvaret om min lycka.<\/p>\n\n\n\n<figure class=\"wp-block-image\"><img decoding=\"async\" src=\"https:\/\/www.interflora.se\/inspiration\/wp-content\/uploads\/2025\/03\/prastkrage.jpg\" alt=\"prastkrage.jpg\"\/><\/figure>\n\n\n\n<h2 class=\"wp-block-heading\"><br>Sm\u00e5lands&nbsp;landskapsblomma och dess betydelse<br>Linnea&nbsp;(Linnaea borealis)<\/h2>\n\n\n\n<p>Utrota de onyttiga b\u00f6jelserna i ditt hj\u00e4rta, om du vill vinna mig.<\/p>\n\n\n\n<figure class=\"wp-block-image\"><img decoding=\"async\" src=\"https:\/\/www.interflora.se\/inspiration\/wp-content\/uploads\/2025\/03\/linnea.jpg\" alt=\"linnea.jpg\"\/><\/figure>\n\n\n\n<h2 class=\"wp-block-heading\"><br>S\u00f6dermanlands&nbsp;landskapsblomma och dess betydelse<br>Vit n\u00e4ckros&nbsp;(Nymphaea alba)<\/h2>\n\n\n\n<p>Ni \u00e4r sk\u00f6n, men jag flyr er, ty jag k\u00e4nner er.<\/p>\n\n\n\n<h2 class=\"wp-block-heading\"><img loading=\"lazy\" decoding=\"async\" src=\"https:\/\/www.interflora.se\/inspiration\/wp-content\/uploads\/2025\/03\/nackros.jpg\" alt=\"nackros.jpg\" width=\"140\" height=\"140\"><br>Uppland landskapsblomma och dess betydelse<br>Kungs\u00e4ngslilja&nbsp;(Fritillaria meleagris)<\/h2>\n\n\n\n<p>L\u00e5t mig f\u00e5 plats i ditt hj\u00e4rta.<\/p>\n\n\n\n<figure class=\"wp-block-image\"><img decoding=\"async\" src=\"https:\/\/www.interflora.se\/inspiration\/wp-content\/uploads\/2025\/03\/kungsangslilja.jpg\" alt=\"kungsangslilja.jpg\"\/><\/figure>\n\n\n\n<h2 class=\"wp-block-heading\"><br>V\u00e4rmlands&nbsp;landskapsblomma och dess betydelse<br>Skogsstj\u00e4rna&nbsp;(Trientalis europaea)<\/h2>\n\n\n\n<p>I djupaste skog jag lever g\u00e4rna med dig.<em><\/em><\/p>\n\n\n\n<figure class=\"wp-block-image\"><img decoding=\"async\" src=\"https:\/\/www.interflora.se\/inspiration\/wp-content\/uploads\/2025\/03\/skogsstjarna.jpg\" alt=\"skogsstjarna.jpg\"\/><\/figure>\n\n\n\n<h2 class=\"wp-block-heading\"><br>V\u00e4sterbottens landskapsblomma och dess betydelse<br>Kung Karls spira&nbsp;(Pedicularis sceptrum-carolinum)<\/h2>\n\n\n\n<p>Du beh\u00e4rskar mig.<\/p>\n\n\n\n<figure class=\"wp-block-image\"><img decoding=\"async\" src=\"https:\/\/www.interflora.se\/inspiration\/wp-content\/uploads\/2025\/03\/kungkarlsspira.jpg\" alt=\"kungkarlsspira.jpg\"\/><\/figure>\n\n\n\n<h2 class=\"wp-block-heading\"><br>V\u00e4sterg\u00f6tlands&nbsp;landskapsblomma och dess betydelse<br>Ljung&nbsp;(Calluna vulgaris)<\/h2>\n\n\n\n<p>Ni \u00e4r otacksam.<\/p>\n\n\n\n<figure class=\"wp-block-image\"><img decoding=\"async\" src=\"https:\/\/www.interflora.se\/inspiration\/wp-content\/uploads\/2025\/03\/ljung.jpg\" alt=\"ljung.jpg\"\/><\/figure>\n\n\n\n<h2 class=\"wp-block-heading\"><br>V\u00e4stmanlands&nbsp;landskapsblomma och dess betydelse<br>Mistel&nbsp;(Viscum album)<\/h2>\n\n\n\n<p>Ni f\u00f6rst\u00e5r att r\u00e4tta er efter omst\u00e4ndigheterna f\u00f6r att kunna smyga er in, d\u00e4r ni kan.<\/p>\n\n\n\n<figure class=\"wp-block-image\"><img decoding=\"async\" src=\"https:\/\/www.interflora.se\/inspiration\/wp-content\/uploads\/2025\/03\/mistel.jpg\" alt=\"mistel.jpg\"\/><\/figure>\n\n\n\n<h2 class=\"wp-block-heading\"><br>\u00c5ngermanlands&nbsp;landskapsblomma och dess betydelse<br>Styvmorsviol&nbsp;(Viola tricolor)<\/h2>\n\n\n\n<p>Du \u00e4r min f\u00f6rlorade k\u00e4rlek som jag \u00f6nskar jag kunde vinna tillbaka.<\/p>\n\n\n\n<figure class=\"wp-block-image\"><img decoding=\"async\" src=\"https:\/\/www.interflora.se\/inspiration\/wp-content\/uploads\/2025\/03\/1_viol.jpg\" alt=\"viol.jpg\"\/><\/figure>\n\n\n\n<h2 class=\"wp-block-heading\"><br>\u00d6lands landskapsblomma och dess betydelse<br>Solv\u00e4nda&nbsp;(Helianthemum oelandicum)<\/h2>\n\n\n\n<p>Tag mig ist\u00e4llet f\u00f6r den, du inte kan f\u00e5.<\/p>\n\n\n\n<figure class=\"wp-block-image\"><img decoding=\"async\" src=\"https:\/\/www.interflora.se\/inspiration\/wp-content\/uploads\/2025\/03\/solvanda.jpg\" alt=\"solvanda.jpg\"\/><\/figure>\n\n\n\n<h2 class=\"wp-block-heading\"><br>\u00d6sterg\u00f6tlands landskapsblomma och dess betydelse<br>Bl\u00e5klint&nbsp;(Centaurea cyanus)<\/h2>\n\n\n\n<p>Det vackra \u00e4r icke alltid det nyttiga.<\/p>\n\n\n\n<figure class=\"wp-block-image\"><img decoding=\"async\" src=\"https:\/\/www.interflora.se\/inspiration\/wp-content\/uploads\/2025\/03\/blaklint.jpg\" alt=\"blaklint.jpg\"\/><\/figure>\n","protected":false},"excerpt":{"rendered":"<p>Varje landskap i Sverige har sin egna landskapsblomma som representerar dess landskap och natur. Varje blomsort \u00e4r en del av [&hellip;]<\/p>\n","protected":false},"author":1,"featured_media":647,"comment_status":"open","ping_status":"open","sticky":false,"template":"","format":"standard","meta":{"_uag_custom_page_level_css":"","site-sidebar-layout":"default","site-content-layout":"","ast-site-content-layout":"default","site-content-style":"default","site-sidebar-style":"default","ast-global-header-display":"","ast-banner-title-visibility":"","ast-main-header-display":"","ast-hfb-above-header-display":"","ast-hfb-below-header-display":"","ast-hfb-mobile-header-display":"","site-post-title":"","ast-breadcrumbs-content":"","ast-featured-img":"","footer-sml-layout":"","ast-disable-related-posts":"","theme-transparent-header-meta":"","adv-header-id-meta":"","stick-header-meta":"","header-above-stick-meta":"","header-main-stick-meta":"","header-below-stick-meta":"","astra-migrate-meta-layouts":"default","ast-page-background-enabled":"default","ast-page-background-meta":{"desktop":{"background-color":"var(--ast-global-color-5)","background-image":"","background-repeat":"repeat","background-position":"center center","background-size":"auto","background-attachment":"scroll","background-type":"","background-media":"","overlay-type":"","overlay-color":"","overlay-opacity":"","overlay-gradient":""},"tablet":{"background-color":"","background-image":"","background-repeat":"repeat","background-position":"center center","background-size":"auto","background-attachment":"scroll","background-type":"","background-media":"","overlay-type":"","overlay-color":"","overlay-opacity":"","overlay-gradient":""},"mobile":{"background-color":"","background-image":"","background-repeat":"repeat","background-position":"center center","background-size":"auto","background-attachment":"scroll","background-type":"","background-media":"","overlay-type":"","overlay-color":"","overlay-opacity":"","overlay-gradient":""}},"ast-content-background-meta":{"desktop":{"background-color":"var(--ast-global-color-4)","background-image":"","background-repeat":"repeat","background-position":"center center","background-size":"auto","background-attachment":"scroll","background-type":"","background-media":"","overlay-type":"","overlay-color":"","overlay-opacity":"","overlay-gradient":""},"tablet":{"background-color":"var(--ast-global-color-4)","background-image":"","background-repeat":"repeat","background-position":"center center","background-size":"auto","background-attachment":"scroll","background-type":"","background-media":"","overlay-type":"","overlay-color":"","overlay-opacity":"","overlay-gradient":""},"mobile":{"background-color":"var(--ast-global-color-4)","background-image":"","background-repeat":"repeat","background-position":"center center","background-size":"auto","background-attachment":"scroll","background-type":"","background-media":"","overlay-type":"","overlay-color":"","overlay-opacity":"","overlay-gradient":""}},"footnotes":""},"categories":[8],"tags":[],"class_list":["post-308","post","type-post","status-publish","format-standard","has-post-thumbnail","hentry","category-blomsterspraket"],"yoast_head":"<!-- This site is optimized with the Yoast SEO plugin v27.4 - https:\/\/yoast.com\/product\/yoast-seo-wordpress\/ -->\n<title>Landskapsblommor | Interflora<\/title>\n<meta name=\"robots\" content=\"index, follow, max-snippet:-1, max-image-preview:large, max-video-preview:-1\" \/>\n<link rel=\"canonical\" href=\"https:\/\/www.interflora.se\/inspiration\/landskapsblommor\/\" \/>\n<meta property=\"og:locale\" content=\"sv_SE\" \/>\n<meta property=\"og:type\" content=\"article\" \/>\n<meta property=\"og:title\" content=\"Landskapsblommor | Interflora\" \/>\n<meta property=\"og:description\" content=\"Varje landskap i Sverige har sin egna landskapsblomma som representerar dess landskap och natur. Varje blomsort \u00e4r en del av [&hellip;]\" \/>\n<meta property=\"og:url\" content=\"https:\/\/www.interflora.se\/inspiration\/landskapsblommor\/\" \/>\n<meta property=\"og:site_name\" content=\"Inspiration om blommor, krukv\u00e4xter &amp; trender | Interflora\" \/>\n<meta property=\"article:publisher\" content=\"https:\/\/www.facebook.com\/InterfloraAB\" \/>\n<meta property=\"article:published_time\" content=\"2023-09-22T13:32:20+00:00\" \/>\n<meta property=\"article:modified_time\" content=\"2025-03-20T08:17:09+00:00\" \/>\n<meta property=\"og:image\" content=\"https:\/\/www.interflora.se\/inspiration\/wp-content\/uploads\/2025\/03\/landskapsblommor-staende.jpg\" \/>\n\t<meta property=\"og:image:width\" content=\"1000\" \/>\n\t<meta property=\"og:image:height\" content=\"1250\" \/>\n\t<meta property=\"og:image:type\" content=\"image\/jpeg\" \/>\n<meta name=\"author\" content=\"admin\" \/>\n<meta name=\"twitter:card\" content=\"summary_large_image\" \/>\n<meta name=\"twitter:label1\" content=\"Skriven av\" \/>\n\t<meta name=\"twitter:data1\" content=\"admin\" \/>\n\t<meta name=\"twitter:label2\" content=\"Ber\u00e4knad l\u00e4stid\" \/>\n\t<meta name=\"twitter:data2\" content=\"3 minuter\" \/>\n<script type=\"application\/ld+json\" class=\"yoast-schema-graph\">{\"@context\":\"https:\\\/\\\/schema.org\",\"@graph\":[{\"@type\":\"Article\",\"@id\":\"https:\\\/\\\/www.interflora.se\\\/inspiration\\\/landskapsblommor\\\/#article\",\"isPartOf\":{\"@id\":\"https:\\\/\\\/www.interflora.se\\\/inspiration\\\/landskapsblommor\\\/\"},\"author\":{\"name\":\"admin\",\"@id\":\"https:\\\/\\\/www.interflora.se\\\/inspiration\\\/#\\\/schema\\\/person\\\/dbbd1ad45e05409c356dc639597669f2\"},\"headline\":\"Landskapsblommor\",\"datePublished\":\"2023-09-22T13:32:20+00:00\",\"dateModified\":\"2025-03-20T08:17:09+00:00\",\"mainEntityOfPage\":{\"@id\":\"https:\\\/\\\/www.interflora.se\\\/inspiration\\\/landskapsblommor\\\/\"},\"wordCount\":539,\"commentCount\":0,\"publisher\":{\"@id\":\"https:\\\/\\\/www.interflora.se\\\/inspiration\\\/#organization\"},\"image\":{\"@id\":\"https:\\\/\\\/www.interflora.se\\\/inspiration\\\/landskapsblommor\\\/#primaryimage\"},\"thumbnailUrl\":\"https:\\\/\\\/www.interflora.se\\\/inspiration\\\/wp-content\\\/uploads\\\/2025\\\/03\\\/landskapsblommor-staende.jpg\",\"articleSection\":[\"Blomsterspr\u00e5ket\"],\"inLanguage\":\"sv-SE\",\"potentialAction\":[{\"@type\":\"CommentAction\",\"name\":\"Comment\",\"target\":[\"https:\\\/\\\/www.interflora.se\\\/inspiration\\\/landskapsblommor\\\/#respond\"]}]},{\"@type\":\"WebPage\",\"@id\":\"https:\\\/\\\/www.interflora.se\\\/inspiration\\\/landskapsblommor\\\/\",\"url\":\"https:\\\/\\\/www.interflora.se\\\/inspiration\\\/landskapsblommor\\\/\",\"name\":\"Landskapsblommor | Interflora\",\"isPartOf\":{\"@id\":\"https:\\\/\\\/www.interflora.se\\\/inspiration\\\/#website\"},\"primaryImageOfPage\":{\"@id\":\"https:\\\/\\\/www.interflora.se\\\/inspiration\\\/landskapsblommor\\\/#primaryimage\"},\"image\":{\"@id\":\"https:\\\/\\\/www.interflora.se\\\/inspiration\\\/landskapsblommor\\\/#primaryimage\"},\"thumbnailUrl\":\"https:\\\/\\\/www.interflora.se\\\/inspiration\\\/wp-content\\\/uploads\\\/2025\\\/03\\\/landskapsblommor-staende.jpg\",\"datePublished\":\"2023-09-22T13:32:20+00:00\",\"dateModified\":\"2025-03-20T08:17:09+00:00\",\"breadcrumb\":{\"@id\":\"https:\\\/\\\/www.interflora.se\\\/inspiration\\\/landskapsblommor\\\/#breadcrumb\"},\"inLanguage\":\"sv-SE\",\"potentialAction\":[{\"@type\":\"ReadAction\",\"target\":[\"https:\\\/\\\/www.interflora.se\\\/inspiration\\\/landskapsblommor\\\/\"]}]},{\"@type\":\"ImageObject\",\"inLanguage\":\"sv-SE\",\"@id\":\"https:\\\/\\\/www.interflora.se\\\/inspiration\\\/landskapsblommor\\\/#primaryimage\",\"url\":\"https:\\\/\\\/www.interflora.se\\\/inspiration\\\/wp-content\\\/uploads\\\/2025\\\/03\\\/landskapsblommor-staende.jpg\",\"contentUrl\":\"https:\\\/\\\/www.interflora.se\\\/inspiration\\\/wp-content\\\/uploads\\\/2025\\\/03\\\/landskapsblommor-staende.jpg\",\"width\":1000,\"height\":1250},{\"@type\":\"BreadcrumbList\",\"@id\":\"https:\\\/\\\/www.interflora.se\\\/inspiration\\\/landskapsblommor\\\/#breadcrumb\",\"itemListElement\":[{\"@type\":\"ListItem\",\"position\":1,\"name\":\"Home\",\"item\":\"https:\\\/\\\/www.interflora.se\\\/inspiration\\\/\"},{\"@type\":\"ListItem\",\"position\":2,\"name\":\"Landskapsblommor\"}]},{\"@type\":\"WebSite\",\"@id\":\"https:\\\/\\\/www.interflora.se\\\/inspiration\\\/#website\",\"url\":\"https:\\\/\\\/www.interflora.se\\\/inspiration\\\/\",\"name\":\"Interflora\",\"description\":\"\",\"publisher\":{\"@id\":\"https:\\\/\\\/www.interflora.se\\\/inspiration\\\/#organization\"},\"potentialAction\":[{\"@type\":\"SearchAction\",\"target\":{\"@type\":\"EntryPoint\",\"urlTemplate\":\"https:\\\/\\\/www.interflora.se\\\/inspiration\\\/?s={search_term_string}\"},\"query-input\":{\"@type\":\"PropertyValueSpecification\",\"valueRequired\":true,\"valueName\":\"search_term_string\"}}],\"inLanguage\":\"sv-SE\"},{\"@type\":\"Organization\",\"@id\":\"https:\\\/\\\/www.interflora.se\\\/inspiration\\\/#organization\",\"name\":\"Interflora\",\"url\":\"https:\\\/\\\/www.interflora.se\\\/inspiration\\\/\",\"logo\":{\"@type\":\"ImageObject\",\"inLanguage\":\"sv-SE\",\"@id\":\"https:\\\/\\\/www.interflora.se\\\/inspiration\\\/#\\\/schema\\\/logo\\\/image\\\/\",\"url\":\"https:\\\/\\\/www.interflora.se\\\/inspiration\\\/wp-content\\\/uploads\\\/2025\\\/09\\\/cropped-220422_INTERFLORA_Logo_rgb_Half_Top_Circle_Main_Color.avif\",\"contentUrl\":\"https:\\\/\\\/www.interflora.se\\\/inspiration\\\/wp-content\\\/uploads\\\/2025\\\/09\\\/cropped-220422_INTERFLORA_Logo_rgb_Half_Top_Circle_Main_Color.avif\",\"width\":1418,\"height\":662,\"caption\":\"Interflora\"},\"image\":{\"@id\":\"https:\\\/\\\/www.interflora.se\\\/inspiration\\\/#\\\/schema\\\/logo\\\/image\\\/\"},\"sameAs\":[\"https:\\\/\\\/www.facebook.com\\\/InterfloraAB\",\"https:\\\/\\\/www.instagram.com\\\/interflora_ab\\\/\",\"https:\\\/\\\/www.linkedin.com\\\/company\\\/1494362\",\"https:\\\/\\\/www.youtube.com\\\/channel\\\/UCZgDzGWB2VRxaoWFUmXnk1w\"]},{\"@type\":\"Person\",\"@id\":\"https:\\\/\\\/www.interflora.se\\\/inspiration\\\/#\\\/schema\\\/person\\\/dbbd1ad45e05409c356dc639597669f2\",\"name\":\"admin\",\"image\":{\"@type\":\"ImageObject\",\"inLanguage\":\"sv-SE\",\"@id\":\"https:\\\/\\\/www.interflora.se\\\/inspiration\\\/wp-content\\\/litespeed\\\/avatar\\\/1fe3cced9e67df62d0a6f995d75823a5.jpg?ver=1777362393\",\"url\":\"https:\\\/\\\/www.interflora.se\\\/inspiration\\\/wp-content\\\/litespeed\\\/avatar\\\/1fe3cced9e67df62d0a6f995d75823a5.jpg?ver=1777362393\",\"contentUrl\":\"https:\\\/\\\/www.interflora.se\\\/inspiration\\\/wp-content\\\/litespeed\\\/avatar\\\/1fe3cced9e67df62d0a6f995d75823a5.jpg?ver=1777362393\",\"caption\":\"admin\"},\"sameAs\":[\"https:\\\/\\\/www.interflora.se\\\/inspiration\"],\"url\":\"https:\\\/\\\/www.interflora.se\\\/inspiration\\\/author\\\/admin\\\/\"}]}<\/script>\n<!-- \/ Yoast SEO plugin. -->","yoast_head_json":{"title":"Landskapsblommor | Interflora","robots":{"index":"index","follow":"follow","max-snippet":"max-snippet:-1","max-image-preview":"max-image-preview:large","max-video-preview":"max-video-preview:-1"},"canonical":"https:\/\/www.interflora.se\/inspiration\/landskapsblommor\/","og_locale":"sv_SE","og_type":"article","og_title":"Landskapsblommor | Interflora","og_description":"Varje landskap i Sverige har sin egna landskapsblomma som representerar dess landskap och natur. Varje blomsort \u00e4r en del av [&hellip;]","og_url":"https:\/\/www.interflora.se\/inspiration\/landskapsblommor\/","og_site_name":"Inspiration om blommor, krukv\u00e4xter &amp; trender | Interflora","article_publisher":"https:\/\/www.facebook.com\/InterfloraAB","article_published_time":"2023-09-22T13:32:20+00:00","article_modified_time":"2025-03-20T08:17:09+00:00","og_image":[{"width":1000,"height":1250,"url":"https:\/\/www.interflora.se\/inspiration\/wp-content\/uploads\/2025\/03\/landskapsblommor-staende.jpg","type":"image\/jpeg"}],"author":"admin","twitter_card":"summary_large_image","twitter_misc":{"Skriven av":"admin","Ber\u00e4knad l\u00e4stid":"3 minuter"},"schema":{"@context":"https:\/\/schema.org","@graph":[{"@type":"Article","@id":"https:\/\/www.interflora.se\/inspiration\/landskapsblommor\/#article","isPartOf":{"@id":"https:\/\/www.interflora.se\/inspiration\/landskapsblommor\/"},"author":{"name":"admin","@id":"https:\/\/www.interflora.se\/inspiration\/#\/schema\/person\/dbbd1ad45e05409c356dc639597669f2"},"headline":"Landskapsblommor","datePublished":"2023-09-22T13:32:20+00:00","dateModified":"2025-03-20T08:17:09+00:00","mainEntityOfPage":{"@id":"https:\/\/www.interflora.se\/inspiration\/landskapsblommor\/"},"wordCount":539,"commentCount":0,"publisher":{"@id":"https:\/\/www.interflora.se\/inspiration\/#organization"},"image":{"@id":"https:\/\/www.interflora.se\/inspiration\/landskapsblommor\/#primaryimage"},"thumbnailUrl":"https:\/\/www.interflora.se\/inspiration\/wp-content\/uploads\/2025\/03\/landskapsblommor-staende.jpg","articleSection":["Blomsterspr\u00e5ket"],"inLanguage":"sv-SE","potentialAction":[{"@type":"CommentAction","name":"Comment","target":["https:\/\/www.interflora.se\/inspiration\/landskapsblommor\/#respond"]}]},{"@type":"WebPage","@id":"https:\/\/www.interflora.se\/inspiration\/landskapsblommor\/","url":"https:\/\/www.interflora.se\/inspiration\/landskapsblommor\/","name":"Landskapsblommor | Interflora","isPartOf":{"@id":"https:\/\/www.interflora.se\/inspiration\/#website"},"primaryImageOfPage":{"@id":"https:\/\/www.interflora.se\/inspiration\/landskapsblommor\/#primaryimage"},"image":{"@id":"https:\/\/www.interflora.se\/inspiration\/landskapsblommor\/#primaryimage"},"thumbnailUrl":"https:\/\/www.interflora.se\/inspiration\/wp-content\/uploads\/2025\/03\/landskapsblommor-staende.jpg","datePublished":"2023-09-22T13:32:20+00:00","dateModified":"2025-03-20T08:17:09+00:00","breadcrumb":{"@id":"https:\/\/www.interflora.se\/inspiration\/landskapsblommor\/#breadcrumb"},"inLanguage":"sv-SE","potentialAction":[{"@type":"ReadAction","target":["https:\/\/www.interflora.se\/inspiration\/landskapsblommor\/"]}]},{"@type":"ImageObject","inLanguage":"sv-SE","@id":"https:\/\/www.interflora.se\/inspiration\/landskapsblommor\/#primaryimage","url":"https:\/\/www.interflora.se\/inspiration\/wp-content\/uploads\/2025\/03\/landskapsblommor-staende.jpg","contentUrl":"https:\/\/www.interflora.se\/inspiration\/wp-content\/uploads\/2025\/03\/landskapsblommor-staende.jpg","width":1000,"height":1250},{"@type":"BreadcrumbList","@id":"https:\/\/www.interflora.se\/inspiration\/landskapsblommor\/#breadcrumb","itemListElement":[{"@type":"ListItem","position":1,"name":"Home","item":"https:\/\/www.interflora.se\/inspiration\/"},{"@type":"ListItem","position":2,"name":"Landskapsblommor"}]},{"@type":"WebSite","@id":"https:\/\/www.interflora.se\/inspiration\/#website","url":"https:\/\/www.interflora.se\/inspiration\/","name":"Interflora","description":"","publisher":{"@id":"https:\/\/www.interflora.se\/inspiration\/#organization"},"potentialAction":[{"@type":"SearchAction","target":{"@type":"EntryPoint","urlTemplate":"https:\/\/www.interflora.se\/inspiration\/?s={search_term_string}"},"query-input":{"@type":"PropertyValueSpecification","valueRequired":true,"valueName":"search_term_string"}}],"inLanguage":"sv-SE"},{"@type":"Organization","@id":"https:\/\/www.interflora.se\/inspiration\/#organization","name":"Interflora","url":"https:\/\/www.interflora.se\/inspiration\/","logo":{"@type":"ImageObject","inLanguage":"sv-SE","@id":"https:\/\/www.interflora.se\/inspiration\/#\/schema\/logo\/image\/","url":"https:\/\/www.interflora.se\/inspiration\/wp-content\/uploads\/2025\/09\/cropped-220422_INTERFLORA_Logo_rgb_Half_Top_Circle_Main_Color.avif","contentUrl":"https:\/\/www.interflora.se\/inspiration\/wp-content\/uploads\/2025\/09\/cropped-220422_INTERFLORA_Logo_rgb_Half_Top_Circle_Main_Color.avif","width":1418,"height":662,"caption":"Interflora"},"image":{"@id":"https:\/\/www.interflora.se\/inspiration\/#\/schema\/logo\/image\/"},"sameAs":["https:\/\/www.facebook.com\/InterfloraAB","https:\/\/www.instagram.com\/interflora_ab\/","https:\/\/www.linkedin.com\/company\/1494362","https:\/\/www.youtube.com\/channel\/UCZgDzGWB2VRxaoWFUmXnk1w"]},{"@type":"Person","@id":"https:\/\/www.interflora.se\/inspiration\/#\/schema\/person\/dbbd1ad45e05409c356dc639597669f2","name":"admin","image":{"@type":"ImageObject","inLanguage":"sv-SE","@id":"https:\/\/www.interflora.se\/inspiration\/wp-content\/litespeed\/avatar\/1fe3cced9e67df62d0a6f995d75823a5.jpg?ver=1777362393","url":"https:\/\/www.interflora.se\/inspiration\/wp-content\/litespeed\/avatar\/1fe3cced9e67df62d0a6f995d75823a5.jpg?ver=1777362393","contentUrl":"https:\/\/www.interflora.se\/inspiration\/wp-content\/litespeed\/avatar\/1fe3cced9e67df62d0a6f995d75823a5.jpg?ver=1777362393","caption":"admin"},"sameAs":["https:\/\/www.interflora.se\/inspiration"],"url":"https:\/\/www.interflora.se\/inspiration\/author\/admin\/"}]}},"uagb_featured_image_src":{"full":["https:\/\/www.interflora.se\/inspiration\/wp-content\/uploads\/2025\/03\/landskapsblommor-staende.jpg",1000,1250,false],"thumbnail":["https:\/\/www.interflora.se\/inspiration\/wp-content\/uploads\/2025\/03\/landskapsblommor-staende-150x150.jpg",150,150,true],"medium":["https:\/\/www.interflora.se\/inspiration\/wp-content\/uploads\/2025\/03\/landskapsblommor-staende-240x300.jpg",240,300,true],"medium_large":["https:\/\/www.interflora.se\/inspiration\/wp-content\/uploads\/2025\/03\/landskapsblommor-staende-768x960.jpg",768,960,true],"large":["https:\/\/www.interflora.se\/inspiration\/wp-content\/uploads\/2025\/03\/landskapsblommor-staende-819x1024.jpg",819,1024,true],"1536x1536":["https:\/\/www.interflora.se\/inspiration\/wp-content\/uploads\/2025\/03\/landskapsblommor-staende.jpg",1000,1250,false],"2048x2048":["https:\/\/www.interflora.se\/inspiration\/wp-content\/uploads\/2025\/03\/landskapsblommor-staende.jpg",1000,1250,false]},"uagb_author_info":{"display_name":"admin","author_link":"https:\/\/www.interflora.se\/inspiration\/author\/admin\/"},"uagb_comment_info":0,"uagb_excerpt":"Varje landskap i Sverige har sin egna landskapsblomma som representerar dess landskap och natur. Varje blomsort \u00e4r en del av [&hellip;]","_links":{"self":[{"href":"https:\/\/www.interflora.se\/inspiration\/wp-json\/wp\/v2\/posts\/308","targetHints":{"allow":["GET"]}}],"collection":[{"href":"https:\/\/www.interflora.se\/inspiration\/wp-json\/wp\/v2\/posts"}],"about":[{"href":"https:\/\/www.interflora.se\/inspiration\/wp-json\/wp\/v2\/types\/post"}],"author":[{"embeddable":true,"href":"https:\/\/www.interflora.se\/inspiration\/wp-json\/wp\/v2\/users\/1"}],"replies":[{"embeddable":true,"href":"https:\/\/www.interflora.se\/inspiration\/wp-json\/wp\/v2\/comments?post=308"}],"version-history":[{"count":2,"href":"https:\/\/www.interflora.se\/inspiration\/wp-json\/wp\/v2\/posts\/308\/revisions"}],"predecessor-version":[{"id":673,"href":"https:\/\/www.interflora.se\/inspiration\/wp-json\/wp\/v2\/posts\/308\/revisions\/673"}],"wp:featuredmedia":[{"embeddable":true,"href":"https:\/\/www.interflora.se\/inspiration\/wp-json\/wp\/v2\/media\/647"}],"wp:attachment":[{"href":"https:\/\/www.interflora.se\/inspiration\/wp-json\/wp\/v2\/media?parent=308"}],"wp:term":[{"taxonomy":"category","embeddable":true,"href":"https:\/\/www.interflora.se\/inspiration\/wp-json\/wp\/v2\/categories?post=308"},{"taxonomy":"post_tag","embeddable":true,"href":"https:\/\/www.interflora.se\/inspiration\/wp-json\/wp\/v2\/tags?post=308"}],"curies":[{"name":"wp","href":"https:\/\/api.w.org\/{rel}","templated":true}]}}