{"id":304,"date":"2024-12-30T19:27:34","date_gmt":"2024-12-30T18:27:34","guid":{"rendered":"http:\/\/preprodblog.interflora.se\/blog\/?p=304"},"modified":"2025-11-14T09:30:39","modified_gmt":"2025-11-14T08:30:39","slug":"kalender-for-krukvaxter","status":"publish","type":"post","link":"https:\/\/www.interflora.se\/inspiration\/kalender-for-krukvaxter\/","title":{"rendered":"Kalender f\u00f6r krukv\u00e4xter"},"content":{"rendered":"\n<p>Vill du ha fr\u00e4scha krukv\u00e4xter men tycker det \u00e4r sv\u00e5rt att veta n\u00e4r du ska g\u00f6ra vad? Lugn vi hj\u00e4lper dig! I v\u00e5r kalender f\u00f6r krukv\u00e4xter f\u00e5r du tips p\u00e5 n\u00e4r det \u00e4r dags f\u00f6r omplantering, fr\u00f6s\u00e5dd och mycket annat.\u00a0<\/p>\n\n\n\n<figure class=\"wp-block-image aligncenter size-large\"><img loading=\"lazy\" decoding=\"async\" width=\"1024\" height=\"576\" src=\"https:\/\/www.interflora.se\/inspiration\/wp-content\/uploads\/2024\/12\/image-6-1024x576.png\" alt=\"\" class=\"wp-image-1848\" srcset=\"https:\/\/www.interflora.se\/inspiration\/wp-content\/uploads\/2024\/12\/image-6-1024x576.png 1024w, https:\/\/www.interflora.se\/inspiration\/wp-content\/uploads\/2024\/12\/image-6-300x169.png 300w, https:\/\/www.interflora.se\/inspiration\/wp-content\/uploads\/2024\/12\/image-6-768x432.png 768w, https:\/\/www.interflora.se\/inspiration\/wp-content\/uploads\/2024\/12\/image-6.png 1200w\" sizes=\"auto, (max-width: 1024px) 100vw, 1024px\" \/><\/figure>\n\n\n\n<h2 class=\"wp-block-heading\">Februari-mars<\/h2>\n\n\n\n<ul class=\"wp-block-list\">\n<li>B\u00e4sta tiden f\u00f6r omplantering \u00e4r n\u00e4r v\u00e4xternas viloperiod \u00e4r \u00f6ver men innan tillv\u00e4xten kommit ig\u00e5ng.\u00a0Plantera om krukv\u00e4xterna i ny v\u00e4lg\u00f6dslad blomjord. Rensa bort vissna blad och klipp ner grenar vid behov. Har plantan v\u00e4xt kan du ge den en kruka som \u00e4r sn\u00e4ppet st\u00f6rre \u00e4n den tidigare, ungef\u00e4r s\u00e5 att det ryms 2\u20133 cm ny jord runt plantan. Har plantan inte v\u00e4xt r\u00e4cker det med att du byter ut jorden.<\/li>\n\n\n\n<li>Besk\u00e4r krukv\u00e4xter som ser \u201drisiga och pinniga\u201d ut. N\u00e4r man besk\u00e4r hj\u00e4lper man v\u00e4xterna att h\u00e5lla sig friska och i fin form.<\/li>\n\n\n\n<li>Plantera om \u00f6vervintrade pelargoner\u00a0och klipp ner l\u00e5nga grenar.\u00a0<\/li>\n\n\n\n<li>Utnyttja tillf\u00e4llet att ta hand om sticklingarna f\u00f6r att driva upp nya plantor.\u00a0<a href=\"https:\/\/www.interflora.se\/inspiration\/tips\/sticklingar\/\">Se hur du tar sticklingar ><\/a><\/li>\n\n\n\n<li>B\u00f6rja g\u00f6dsla dina inomhusv\u00e4xter med halv dos n\u00e4ring.<\/li>\n\n\n\n<li>Planera sommarens balkong- och terrassodlingar.\u00a0Vill du odla gr\u00f6nsaker och sommarblommor kan du k\u00f6pa dem som fr\u00f6 och dra upp inomhus. Gl\u00f6m inte att anv\u00e4nd s\u00e5jord n\u00e4r du s\u00e5r fr\u00f6.<\/li>\n\n\n\n<li>Inglasade uterum och balkonger blir snabbt heta n\u00e4r solen skiner.\u00a0Vattna \u00f6vervintrade v\u00e4xter n\u00e4r de b\u00f6rjar skjuta nya skott, men bara lite i taget.\u00a0<\/li>\n<\/ul>\n\n\n\n<h2 class=\"wp-block-heading\">April<\/h2>\n\n\n\n<ul class=\"wp-block-list\">\n<li>T\u00e4nk p\u00e5 att det fortfarande \u00e4r stor risk f\u00f6r kalla n\u00e4tter, s\u00e5 st\u00e4ll inte ut dina plantor f\u00f6r tidigt.<\/li>\n\n\n\n<li>Har du s\u00e5tt fr\u00f6er inomhus s\u00e5 titta till dem varje dag och vattna lagom. Det \u00e4r viktigt att de har tillr\u00e4ckligt med ljus och lagom med vatten. 4\u20136 veckor efter omplantering kan du b\u00f6rja g\u00f6dsla f\u00f6rsiktigt.\u00a0Kanske beh\u00f6ver n\u00e5gon omplanteras till st\u00f6rre kruka?<\/li>\n\n\n\n<li>Genom att driva upp dahlior inomhus s\u00e5 kommer de snabbare i blom. S\u00e4tt kn\u00f6len i en stor kruka med jord, vattna och placera varmt. N\u00e4r skotten tittar upp beh\u00f6ver de ljus. V\u00e4nta tills frostrisken \u00e4r \u00f6ver innan du flyttar ut krukorna.<\/li>\n<\/ul>\n\n\n\n<h2 class=\"wp-block-heading\">September<\/h2>\n\n\n\n<ul class=\"wp-block-list\">\n<li>Dra ner p\u00e5 vattningen n\u00e4r dagarna blir svalare s\u00e5 att du inte \u00f6vervattnar \u2013 sjunkande temperaturer g\u00f6r att behovet av vatten minskar.<\/li>\n\n\n\n<li>V\u00e4xter s\u00e5 som dahlior och begonior \u00e4r mycket k\u00e4nsliga f\u00f6r frost, till och med en kall vind kan skada dem. Skydda med vindskydd och fiberduk om det varnas f\u00f6r frost.<\/li>\n\n\n\n<li>Plocka bort visset s\u00e5 ser det finare ut och angripna blad inte riskerar att smitta \u00f6vriga v\u00e4xter.<\/li>\n\n\n\n<li>Se \u00f6ver krukv\u00e4xter som ska flyttas inomhus s\u00e5 att bladl\u00f6ss, fj\u00e4rilslarver och annan ohyra inte f\u00f6ljer med in.<\/li>\n<\/ul>\n","protected":false},"excerpt":{"rendered":"<p>Vill du ha fr\u00e4scha krukv\u00e4xter men tycker det \u00e4r sv\u00e5rt att veta n\u00e4r du ska g\u00f6ra vad? Lugn vi hj\u00e4lper [&hellip;]<\/p>\n","protected":false},"author":1,"featured_media":1848,"comment_status":"open","ping_status":"open","sticky":false,"template":"","format":"standard","meta":{"_uag_custom_page_level_css":"","site-sidebar-layout":"default","site-content-layout":"","ast-site-content-layout":"default","site-content-style":"default","site-sidebar-style":"default","ast-global-header-display":"","ast-banner-title-visibility":"","ast-main-header-display":"","ast-hfb-above-header-display":"","ast-hfb-below-header-display":"","ast-hfb-mobile-header-display":"","site-post-title":"","ast-breadcrumbs-content":"","ast-featured-img":"","footer-sml-layout":"","ast-disable-related-posts":"","theme-transparent-header-meta":"","adv-header-id-meta":"","stick-header-meta":"","header-above-stick-meta":"","header-main-stick-meta":"","header-below-stick-meta":"","astra-migrate-meta-layouts":"default","ast-page-background-enabled":"default","ast-page-background-meta":{"desktop":{"background-color":"var(--ast-global-color-5)","background-image":"","background-repeat":"repeat","background-position":"center center","background-size":"auto","background-attachment":"scroll","background-type":"","background-media":"","overlay-type":"","overlay-color":"","overlay-opacity":"","overlay-gradient":""},"tablet":{"background-color":"","background-image":"","background-repeat":"repeat","background-position":"center center","background-size":"auto","background-attachment":"scroll","background-type":"","background-media":"","overlay-type":"","overlay-color":"","overlay-opacity":"","overlay-gradient":""},"mobile":{"background-color":"","background-image":"","background-repeat":"repeat","background-position":"center center","background-size":"auto","background-attachment":"scroll","background-type":"","background-media":"","overlay-type":"","overlay-color":"","overlay-opacity":"","overlay-gradient":""}},"ast-content-background-meta":{"desktop":{"background-color":"var(--ast-global-color-4)","background-image":"","background-repeat":"repeat","background-position":"center center","background-size":"auto","background-attachment":"scroll","background-type":"","background-media":"","overlay-type":"","overlay-color":"","overlay-opacity":"","overlay-gradient":""},"tablet":{"background-color":"var(--ast-global-color-4)","background-image":"","background-repeat":"repeat","background-position":"center center","background-size":"auto","background-attachment":"scroll","background-type":"","background-media":"","overlay-type":"","overlay-color":"","overlay-opacity":"","overlay-gradient":""},"mobile":{"background-color":"var(--ast-global-color-4)","background-image":"","background-repeat":"repeat","background-position":"center center","background-size":"auto","background-attachment":"scroll","background-type":"","background-media":"","overlay-type":"","overlay-color":"","overlay-opacity":"","overlay-gradient":""}},"footnotes":""},"categories":[7,27],"tags":[],"class_list":["post-304","post","type-post","status-publish","format-standard","has-post-thumbnail","hentry","category-blomfakta-skotselrad","category-vinter"],"yoast_head":"<!-- This site is optimized with the Yoast SEO plugin v27.4 - https:\/\/yoast.com\/product\/yoast-seo-wordpress\/ -->\n<title>Kalender f\u00f6r krukv\u00e4xter | Interflora<\/title>\n<meta name=\"robots\" content=\"index, follow, max-snippet:-1, max-image-preview:large, max-video-preview:-1\" \/>\n<link rel=\"canonical\" href=\"https:\/\/www.interflora.se\/inspiration\/kalender-for-krukvaxter\/\" \/>\n<meta property=\"og:locale\" content=\"sv_SE\" \/>\n<meta property=\"og:type\" content=\"article\" \/>\n<meta property=\"og:title\" content=\"Kalender f\u00f6r krukv\u00e4xter | Interflora\" \/>\n<meta property=\"og:description\" content=\"Vill du ha fr\u00e4scha krukv\u00e4xter men tycker det \u00e4r sv\u00e5rt att veta n\u00e4r du ska g\u00f6ra vad? Lugn vi hj\u00e4lper [&hellip;]\" \/>\n<meta property=\"og:url\" content=\"https:\/\/www.interflora.se\/inspiration\/kalender-for-krukvaxter\/\" \/>\n<meta property=\"og:site_name\" content=\"Inspiration om blommor, krukv\u00e4xter &amp; trender | Interflora\" \/>\n<meta property=\"article:publisher\" content=\"https:\/\/www.facebook.com\/InterfloraAB\" \/>\n<meta property=\"article:published_time\" content=\"2024-12-30T18:27:34+00:00\" \/>\n<meta property=\"article:modified_time\" content=\"2025-11-14T08:30:39+00:00\" \/>\n<meta property=\"og:image\" content=\"https:\/\/www.interflora.se\/inspiration\/wp-content\/uploads\/2024\/12\/image-6.png\" \/>\n\t<meta property=\"og:image:width\" content=\"1200\" \/>\n\t<meta property=\"og:image:height\" content=\"675\" \/>\n\t<meta property=\"og:image:type\" content=\"image\/png\" \/>\n<meta name=\"author\" content=\"admin\" \/>\n<meta name=\"twitter:card\" content=\"summary_large_image\" \/>\n<meta name=\"twitter:label1\" content=\"Skriven av\" \/>\n\t<meta name=\"twitter:data1\" content=\"admin\" \/>\n\t<meta name=\"twitter:label2\" content=\"Ber\u00e4knad l\u00e4stid\" \/>\n\t<meta name=\"twitter:data2\" content=\"2 minuter\" \/>\n<script type=\"application\/ld+json\" class=\"yoast-schema-graph\">{\"@context\":\"https:\\\/\\\/schema.org\",\"@graph\":[{\"@type\":\"Article\",\"@id\":\"https:\\\/\\\/www.interflora.se\\\/inspiration\\\/kalender-for-krukvaxter\\\/#article\",\"isPartOf\":{\"@id\":\"https:\\\/\\\/www.interflora.se\\\/inspiration\\\/kalender-for-krukvaxter\\\/\"},\"author\":{\"name\":\"admin\",\"@id\":\"https:\\\/\\\/www.interflora.se\\\/inspiration\\\/#\\\/schema\\\/person\\\/dbbd1ad45e05409c356dc639597669f2\"},\"headline\":\"Kalender f\u00f6r krukv\u00e4xter\",\"datePublished\":\"2024-12-30T18:27:34+00:00\",\"dateModified\":\"2025-11-14T08:30:39+00:00\",\"mainEntityOfPage\":{\"@id\":\"https:\\\/\\\/www.interflora.se\\\/inspiration\\\/kalender-for-krukvaxter\\\/\"},\"wordCount\":501,\"commentCount\":0,\"publisher\":{\"@id\":\"https:\\\/\\\/www.interflora.se\\\/inspiration\\\/#organization\"},\"image\":{\"@id\":\"https:\\\/\\\/www.interflora.se\\\/inspiration\\\/kalender-for-krukvaxter\\\/#primaryimage\"},\"thumbnailUrl\":\"https:\\\/\\\/www.interflora.se\\\/inspiration\\\/wp-content\\\/uploads\\\/2024\\\/12\\\/image-6.png\",\"articleSection\":[\"Blomfakta &amp; sk\u00f6tselr\u00e5d\",\"Vinter\"],\"inLanguage\":\"sv-SE\",\"potentialAction\":[{\"@type\":\"CommentAction\",\"name\":\"Comment\",\"target\":[\"https:\\\/\\\/www.interflora.se\\\/inspiration\\\/kalender-for-krukvaxter\\\/#respond\"]}]},{\"@type\":\"WebPage\",\"@id\":\"https:\\\/\\\/www.interflora.se\\\/inspiration\\\/kalender-for-krukvaxter\\\/\",\"url\":\"https:\\\/\\\/www.interflora.se\\\/inspiration\\\/kalender-for-krukvaxter\\\/\",\"name\":\"Kalender f\u00f6r krukv\u00e4xter | Interflora\",\"isPartOf\":{\"@id\":\"https:\\\/\\\/www.interflora.se\\\/inspiration\\\/#website\"},\"primaryImageOfPage\":{\"@id\":\"https:\\\/\\\/www.interflora.se\\\/inspiration\\\/kalender-for-krukvaxter\\\/#primaryimage\"},\"image\":{\"@id\":\"https:\\\/\\\/www.interflora.se\\\/inspiration\\\/kalender-for-krukvaxter\\\/#primaryimage\"},\"thumbnailUrl\":\"https:\\\/\\\/www.interflora.se\\\/inspiration\\\/wp-content\\\/uploads\\\/2024\\\/12\\\/image-6.png\",\"datePublished\":\"2024-12-30T18:27:34+00:00\",\"dateModified\":\"2025-11-14T08:30:39+00:00\",\"breadcrumb\":{\"@id\":\"https:\\\/\\\/www.interflora.se\\\/inspiration\\\/kalender-for-krukvaxter\\\/#breadcrumb\"},\"inLanguage\":\"sv-SE\",\"potentialAction\":[{\"@type\":\"ReadAction\",\"target\":[\"https:\\\/\\\/www.interflora.se\\\/inspiration\\\/kalender-for-krukvaxter\\\/\"]}]},{\"@type\":\"ImageObject\",\"inLanguage\":\"sv-SE\",\"@id\":\"https:\\\/\\\/www.interflora.se\\\/inspiration\\\/kalender-for-krukvaxter\\\/#primaryimage\",\"url\":\"https:\\\/\\\/www.interflora.se\\\/inspiration\\\/wp-content\\\/uploads\\\/2024\\\/12\\\/image-6.png\",\"contentUrl\":\"https:\\\/\\\/www.interflora.se\\\/inspiration\\\/wp-content\\\/uploads\\\/2024\\\/12\\\/image-6.png\",\"width\":1200,\"height\":675},{\"@type\":\"BreadcrumbList\",\"@id\":\"https:\\\/\\\/www.interflora.se\\\/inspiration\\\/kalender-for-krukvaxter\\\/#breadcrumb\",\"itemListElement\":[{\"@type\":\"ListItem\",\"position\":1,\"name\":\"Home\",\"item\":\"https:\\\/\\\/www.interflora.se\\\/inspiration\\\/\"},{\"@type\":\"ListItem\",\"position\":2,\"name\":\"Kalender f\u00f6r krukv\u00e4xter\"}]},{\"@type\":\"WebSite\",\"@id\":\"https:\\\/\\\/www.interflora.se\\\/inspiration\\\/#website\",\"url\":\"https:\\\/\\\/www.interflora.se\\\/inspiration\\\/\",\"name\":\"Interflora\",\"description\":\"\",\"publisher\":{\"@id\":\"https:\\\/\\\/www.interflora.se\\\/inspiration\\\/#organization\"},\"potentialAction\":[{\"@type\":\"SearchAction\",\"target\":{\"@type\":\"EntryPoint\",\"urlTemplate\":\"https:\\\/\\\/www.interflora.se\\\/inspiration\\\/?s={search_term_string}\"},\"query-input\":{\"@type\":\"PropertyValueSpecification\",\"valueRequired\":true,\"valueName\":\"search_term_string\"}}],\"inLanguage\":\"sv-SE\"},{\"@type\":\"Organization\",\"@id\":\"https:\\\/\\\/www.interflora.se\\\/inspiration\\\/#organization\",\"name\":\"Interflora\",\"url\":\"https:\\\/\\\/www.interflora.se\\\/inspiration\\\/\",\"logo\":{\"@type\":\"ImageObject\",\"inLanguage\":\"sv-SE\",\"@id\":\"https:\\\/\\\/www.interflora.se\\\/inspiration\\\/#\\\/schema\\\/logo\\\/image\\\/\",\"url\":\"https:\\\/\\\/www.interflora.se\\\/inspiration\\\/wp-content\\\/uploads\\\/2025\\\/09\\\/cropped-220422_INTERFLORA_Logo_rgb_Half_Top_Circle_Main_Color.avif\",\"contentUrl\":\"https:\\\/\\\/www.interflora.se\\\/inspiration\\\/wp-content\\\/uploads\\\/2025\\\/09\\\/cropped-220422_INTERFLORA_Logo_rgb_Half_Top_Circle_Main_Color.avif\",\"width\":1418,\"height\":662,\"caption\":\"Interflora\"},\"image\":{\"@id\":\"https:\\\/\\\/www.interflora.se\\\/inspiration\\\/#\\\/schema\\\/logo\\\/image\\\/\"},\"sameAs\":[\"https:\\\/\\\/www.facebook.com\\\/InterfloraAB\",\"https:\\\/\\\/www.instagram.com\\\/interflora_ab\\\/\",\"https:\\\/\\\/www.linkedin.com\\\/company\\\/1494362\",\"https:\\\/\\\/www.youtube.com\\\/channel\\\/UCZgDzGWB2VRxaoWFUmXnk1w\"]},{\"@type\":\"Person\",\"@id\":\"https:\\\/\\\/www.interflora.se\\\/inspiration\\\/#\\\/schema\\\/person\\\/dbbd1ad45e05409c356dc639597669f2\",\"name\":\"admin\",\"image\":{\"@type\":\"ImageObject\",\"inLanguage\":\"sv-SE\",\"@id\":\"https:\\\/\\\/www.interflora.se\\\/inspiration\\\/wp-content\\\/litespeed\\\/avatar\\\/1fe3cced9e67df62d0a6f995d75823a5.jpg?ver=1777362393\",\"url\":\"https:\\\/\\\/www.interflora.se\\\/inspiration\\\/wp-content\\\/litespeed\\\/avatar\\\/1fe3cced9e67df62d0a6f995d75823a5.jpg?ver=1777362393\",\"contentUrl\":\"https:\\\/\\\/www.interflora.se\\\/inspiration\\\/wp-content\\\/litespeed\\\/avatar\\\/1fe3cced9e67df62d0a6f995d75823a5.jpg?ver=1777362393\",\"caption\":\"admin\"},\"sameAs\":[\"https:\\\/\\\/www.interflora.se\\\/inspiration\"],\"url\":\"https:\\\/\\\/www.interflora.se\\\/inspiration\\\/author\\\/admin\\\/\"}]}<\/script>\n<!-- \/ Yoast SEO plugin. -->","yoast_head_json":{"title":"Kalender f\u00f6r krukv\u00e4xter | Interflora","robots":{"index":"index","follow":"follow","max-snippet":"max-snippet:-1","max-image-preview":"max-image-preview:large","max-video-preview":"max-video-preview:-1"},"canonical":"https:\/\/www.interflora.se\/inspiration\/kalender-for-krukvaxter\/","og_locale":"sv_SE","og_type":"article","og_title":"Kalender f\u00f6r krukv\u00e4xter | Interflora","og_description":"Vill du ha fr\u00e4scha krukv\u00e4xter men tycker det \u00e4r sv\u00e5rt att veta n\u00e4r du ska g\u00f6ra vad? Lugn vi hj\u00e4lper [&hellip;]","og_url":"https:\/\/www.interflora.se\/inspiration\/kalender-for-krukvaxter\/","og_site_name":"Inspiration om blommor, krukv\u00e4xter &amp; trender | Interflora","article_publisher":"https:\/\/www.facebook.com\/InterfloraAB","article_published_time":"2024-12-30T18:27:34+00:00","article_modified_time":"2025-11-14T08:30:39+00:00","og_image":[{"width":1200,"height":675,"url":"https:\/\/www.interflora.se\/inspiration\/wp-content\/uploads\/2024\/12\/image-6.png","type":"image\/png"}],"author":"admin","twitter_card":"summary_large_image","twitter_misc":{"Skriven av":"admin","Ber\u00e4knad l\u00e4stid":"2 minuter"},"schema":{"@context":"https:\/\/schema.org","@graph":[{"@type":"Article","@id":"https:\/\/www.interflora.se\/inspiration\/kalender-for-krukvaxter\/#article","isPartOf":{"@id":"https:\/\/www.interflora.se\/inspiration\/kalender-for-krukvaxter\/"},"author":{"name":"admin","@id":"https:\/\/www.interflora.se\/inspiration\/#\/schema\/person\/dbbd1ad45e05409c356dc639597669f2"},"headline":"Kalender f\u00f6r krukv\u00e4xter","datePublished":"2024-12-30T18:27:34+00:00","dateModified":"2025-11-14T08:30:39+00:00","mainEntityOfPage":{"@id":"https:\/\/www.interflora.se\/inspiration\/kalender-for-krukvaxter\/"},"wordCount":501,"commentCount":0,"publisher":{"@id":"https:\/\/www.interflora.se\/inspiration\/#organization"},"image":{"@id":"https:\/\/www.interflora.se\/inspiration\/kalender-for-krukvaxter\/#primaryimage"},"thumbnailUrl":"https:\/\/www.interflora.se\/inspiration\/wp-content\/uploads\/2024\/12\/image-6.png","articleSection":["Blomfakta &amp; sk\u00f6tselr\u00e5d","Vinter"],"inLanguage":"sv-SE","potentialAction":[{"@type":"CommentAction","name":"Comment","target":["https:\/\/www.interflora.se\/inspiration\/kalender-for-krukvaxter\/#respond"]}]},{"@type":"WebPage","@id":"https:\/\/www.interflora.se\/inspiration\/kalender-for-krukvaxter\/","url":"https:\/\/www.interflora.se\/inspiration\/kalender-for-krukvaxter\/","name":"Kalender f\u00f6r krukv\u00e4xter | Interflora","isPartOf":{"@id":"https:\/\/www.interflora.se\/inspiration\/#website"},"primaryImageOfPage":{"@id":"https:\/\/www.interflora.se\/inspiration\/kalender-for-krukvaxter\/#primaryimage"},"image":{"@id":"https:\/\/www.interflora.se\/inspiration\/kalender-for-krukvaxter\/#primaryimage"},"thumbnailUrl":"https:\/\/www.interflora.se\/inspiration\/wp-content\/uploads\/2024\/12\/image-6.png","datePublished":"2024-12-30T18:27:34+00:00","dateModified":"2025-11-14T08:30:39+00:00","breadcrumb":{"@id":"https:\/\/www.interflora.se\/inspiration\/kalender-for-krukvaxter\/#breadcrumb"},"inLanguage":"sv-SE","potentialAction":[{"@type":"ReadAction","target":["https:\/\/www.interflora.se\/inspiration\/kalender-for-krukvaxter\/"]}]},{"@type":"ImageObject","inLanguage":"sv-SE","@id":"https:\/\/www.interflora.se\/inspiration\/kalender-for-krukvaxter\/#primaryimage","url":"https:\/\/www.interflora.se\/inspiration\/wp-content\/uploads\/2024\/12\/image-6.png","contentUrl":"https:\/\/www.interflora.se\/inspiration\/wp-content\/uploads\/2024\/12\/image-6.png","width":1200,"height":675},{"@type":"BreadcrumbList","@id":"https:\/\/www.interflora.se\/inspiration\/kalender-for-krukvaxter\/#breadcrumb","itemListElement":[{"@type":"ListItem","position":1,"name":"Home","item":"https:\/\/www.interflora.se\/inspiration\/"},{"@type":"ListItem","position":2,"name":"Kalender f\u00f6r krukv\u00e4xter"}]},{"@type":"WebSite","@id":"https:\/\/www.interflora.se\/inspiration\/#website","url":"https:\/\/www.interflora.se\/inspiration\/","name":"Interflora","description":"","publisher":{"@id":"https:\/\/www.interflora.se\/inspiration\/#organization"},"potentialAction":[{"@type":"SearchAction","target":{"@type":"EntryPoint","urlTemplate":"https:\/\/www.interflora.se\/inspiration\/?s={search_term_string}"},"query-input":{"@type":"PropertyValueSpecification","valueRequired":true,"valueName":"search_term_string"}}],"inLanguage":"sv-SE"},{"@type":"Organization","@id":"https:\/\/www.interflora.se\/inspiration\/#organization","name":"Interflora","url":"https:\/\/www.interflora.se\/inspiration\/","logo":{"@type":"ImageObject","inLanguage":"sv-SE","@id":"https:\/\/www.interflora.se\/inspiration\/#\/schema\/logo\/image\/","url":"https:\/\/www.interflora.se\/inspiration\/wp-content\/uploads\/2025\/09\/cropped-220422_INTERFLORA_Logo_rgb_Half_Top_Circle_Main_Color.avif","contentUrl":"https:\/\/www.interflora.se\/inspiration\/wp-content\/uploads\/2025\/09\/cropped-220422_INTERFLORA_Logo_rgb_Half_Top_Circle_Main_Color.avif","width":1418,"height":662,"caption":"Interflora"},"image":{"@id":"https:\/\/www.interflora.se\/inspiration\/#\/schema\/logo\/image\/"},"sameAs":["https:\/\/www.facebook.com\/InterfloraAB","https:\/\/www.instagram.com\/interflora_ab\/","https:\/\/www.linkedin.com\/company\/1494362","https:\/\/www.youtube.com\/channel\/UCZgDzGWB2VRxaoWFUmXnk1w"]},{"@type":"Person","@id":"https:\/\/www.interflora.se\/inspiration\/#\/schema\/person\/dbbd1ad45e05409c356dc639597669f2","name":"admin","image":{"@type":"ImageObject","inLanguage":"sv-SE","@id":"https:\/\/www.interflora.se\/inspiration\/wp-content\/litespeed\/avatar\/1fe3cced9e67df62d0a6f995d75823a5.jpg?ver=1777362393","url":"https:\/\/www.interflora.se\/inspiration\/wp-content\/litespeed\/avatar\/1fe3cced9e67df62d0a6f995d75823a5.jpg?ver=1777362393","contentUrl":"https:\/\/www.interflora.se\/inspiration\/wp-content\/litespeed\/avatar\/1fe3cced9e67df62d0a6f995d75823a5.jpg?ver=1777362393","caption":"admin"},"sameAs":["https:\/\/www.interflora.se\/inspiration"],"url":"https:\/\/www.interflora.se\/inspiration\/author\/admin\/"}]}},"uagb_featured_image_src":{"full":["https:\/\/www.interflora.se\/inspiration\/wp-content\/uploads\/2024\/12\/image-6.png",1200,675,false],"thumbnail":["https:\/\/www.interflora.se\/inspiration\/wp-content\/uploads\/2024\/12\/image-6-150x150.png",150,150,true],"medium":["https:\/\/www.interflora.se\/inspiration\/wp-content\/uploads\/2024\/12\/image-6-300x169.png",300,169,true],"medium_large":["https:\/\/www.interflora.se\/inspiration\/wp-content\/uploads\/2024\/12\/image-6-768x432.png",768,432,true],"large":["https:\/\/www.interflora.se\/inspiration\/wp-content\/uploads\/2024\/12\/image-6-1024x576.png",1024,576,true],"1536x1536":["https:\/\/www.interflora.se\/inspiration\/wp-content\/uploads\/2024\/12\/image-6.png",1200,675,false],"2048x2048":["https:\/\/www.interflora.se\/inspiration\/wp-content\/uploads\/2024\/12\/image-6.png",1200,675,false]},"uagb_author_info":{"display_name":"admin","author_link":"https:\/\/www.interflora.se\/inspiration\/author\/admin\/"},"uagb_comment_info":0,"uagb_excerpt":"Vill du ha fr\u00e4scha krukv\u00e4xter men tycker det \u00e4r sv\u00e5rt att veta n\u00e4r du ska g\u00f6ra vad? Lugn vi hj\u00e4lper [&hellip;]","_links":{"self":[{"href":"https:\/\/www.interflora.se\/inspiration\/wp-json\/wp\/v2\/posts\/304","targetHints":{"allow":["GET"]}}],"collection":[{"href":"https:\/\/www.interflora.se\/inspiration\/wp-json\/wp\/v2\/posts"}],"about":[{"href":"https:\/\/www.interflora.se\/inspiration\/wp-json\/wp\/v2\/types\/post"}],"author":[{"embeddable":true,"href":"https:\/\/www.interflora.se\/inspiration\/wp-json\/wp\/v2\/users\/1"}],"replies":[{"embeddable":true,"href":"https:\/\/www.interflora.se\/inspiration\/wp-json\/wp\/v2\/comments?post=304"}],"version-history":[{"count":1,"href":"https:\/\/www.interflora.se\/inspiration\/wp-json\/wp\/v2\/posts\/304\/revisions"}],"predecessor-version":[{"id":1849,"href":"https:\/\/www.interflora.se\/inspiration\/wp-json\/wp\/v2\/posts\/304\/revisions\/1849"}],"wp:featuredmedia":[{"embeddable":true,"href":"https:\/\/www.interflora.se\/inspiration\/wp-json\/wp\/v2\/media\/1848"}],"wp:attachment":[{"href":"https:\/\/www.interflora.se\/inspiration\/wp-json\/wp\/v2\/media?parent=304"}],"wp:term":[{"taxonomy":"category","embeddable":true,"href":"https:\/\/www.interflora.se\/inspiration\/wp-json\/wp\/v2\/categories?post=304"},{"taxonomy":"post_tag","embeddable":true,"href":"https:\/\/www.interflora.se\/inspiration\/wp-json\/wp\/v2\/tags?post=304"}],"curies":[{"name":"wp","href":"https:\/\/api.w.org\/{rel}","templated":true}]}}