{"id":303,"date":"2024-12-18T23:02:25","date_gmt":"2024-12-18T22:02:25","guid":{"rendered":"http:\/\/preprodblog.interflora.se\/blog\/?p=303"},"modified":"2025-11-14T16:13:23","modified_gmt":"2025-11-14T15:13:23","slug":"julsamarbete-med-lakare-utan-granser","status":"publish","type":"post","link":"https:\/\/www.interflora.se\/inspiration\/julsamarbete-med-lakare-utan-granser\/","title":{"rendered":"En julg\u00e5va till L\u00e4kare Utan Gr\u00e4nser r\u00e4ddar liv"},"content":{"rendered":"\n<p>P\u00e5 m\u00e5nga platser i v\u00e4rlden \u00e4r varje dag en kamp f\u00f6r \u00f6verlevnad och en stilla natt \u00e4r l\u00e5ngt ifr\u00e5n sj\u00e4lvklar. Ge en julg\u00e5va som r\u00e4ddar liv och lindrar n\u00f6d! Med julg\u00e5van ger du samtidigt ett bidrag till L\u00e4kare Utan Gr\u00e4nsers livr\u00e4ddande sjukv\u00e5rd och humanit\u00e4ra hj\u00e4lp. Just nu p\u00e5g\u00e5r insatser i Gaza, Ukraina, Afghanistan, Sierra Leone och ytterligare ett 70-tal l\u00e4nder.<\/p>\n\n\n\n<p><strong>Din g\u00e5va g\u00f6r skillnad, i jul och alla andra dagar.<\/strong><\/p>\n\n\n\n<figure class=\"wp-block-image size-large\"><img decoding=\"async\" src=\"https:\/\/www.interflora.se\/inspiration\/wp-content\/uploads\/2025\/03\/toppbild-lug-jul-2024-16.9.jpg\" alt=\"\"\/><\/figure>\n\n\n\n<p><br>Dubbel omtanke i jul<\/p>\n\n\n\n<p>V\u00e4lj n\u00e5gon av dessa blommor och donera 100 eller 30 kr till L\u00e4kare Utan Gr\u00e4nser. Vill du \u00f6ka ditt st\u00f6d kan du alltid runda upp i kassan.&nbsp;En donation p\u00e5 100 kr kan r\u00e4cka till:&nbsp;<\/p>\n\n\n\n<ul class=\"wp-block-list\">\n<li>4 st stetoskop f\u00f6r att lyssna p\u00e5 fosters hj\u00e4rtljud.<\/li>\n\n\n\n<li>27 st n\u00e4ringsberikad n\u00f6tpasta som ges vid akut undern\u00e4ring.<\/li>\n\n\n\n<li>30 doser vaccin som skyddar mot poliovirus.<\/li>\n\n\n\n<li>3 st rockar f\u00f6r skydd under operation.<\/li>\n<\/ul>\n\n\n\n<p>Att f\u00f6das f\u00f6r\u00a0tidigt<\/p>\n\n\n\n<figure class=\"wp-block-image size-large\"><img loading=\"lazy\" decoding=\"async\" width=\"1024\" height=\"683\" src=\"https:\/\/www.interflora.se\/inspiration\/wp-content\/uploads\/2024\/02\/image-12-1024x683.png\" alt=\"\" class=\"wp-image-3468\" srcset=\"https:\/\/www.interflora.se\/inspiration\/wp-content\/uploads\/2024\/02\/image-12-1024x683.png 1024w, https:\/\/www.interflora.se\/inspiration\/wp-content\/uploads\/2024\/02\/image-12-300x200.png 300w, https:\/\/www.interflora.se\/inspiration\/wp-content\/uploads\/2024\/02\/image-12-768x512.png 768w, https:\/\/www.interflora.se\/inspiration\/wp-content\/uploads\/2024\/02\/image-12.png 1200w\" sizes=\"auto, (max-width: 1024px) 100vw, 1024px\" \/><\/figure>\n\n\n\n<p>\u00a0<\/p>\n\n\n\n<p>Av de patienter som L\u00e4kare Utan Gr\u00e4nser tar emot runt om i v\u00e4rlden \u00e4r fler \u00e4n h\u00e4lften barn. M\u00e5nga av dem blir patienter precis n\u00e4r de f\u00f6ds, som en f\u00f6ljd av komplikationer vid f\u00f6rlossningen eller f\u00f6r att barnen \u00e4r f\u00f6r tidigt f\u00f6dda och v\u00e4ldigt s\u00e5rbara. P\u00e5 bilden syns Stephanie Kamangova som h\u00e5ller sin son Archange i famnen, hud mot hud. Archange f\u00f6ddes i vecka 28 och har f\u00e5tt intensivv\u00e5rd i 45 dagar. Nu \u00e4r han mycket starkare!<\/p>\n\n\n\n<p><em>Foto:&nbsp;Barbara&nbsp;Debout,&nbsp;L\u00e4kare Utan Gr\u00e4nser<\/em><\/p>\n\n\n\n<figure class=\"wp-block-image\"><img decoding=\"async\" src=\"https:\/\/www.interflora.se\/inspiration\/wp-content\/uploads\/2025\/03\/msb207534high.jpg\" alt=\"\"\/><\/figure>\n\n\n\n<p>M\u00f6drav\u00e5rd&nbsp;<\/p>\n\n\n\n<p>Varannan minut d\u00f6r&nbsp;en kvinna&nbsp;n\u00e5gonstans i v\u00e4rlden&nbsp;av&nbsp;komplikationer under f\u00f6rlossning eller graviditet.&nbsp;Riskerna \u00e4r st\u00f6rst f\u00f6r riktigt unga kvinnor som blir gravida och f\u00f6r kvinnor som bor p\u00e5 landsbygden och har en l\u00e5ng resv\u00e4g till n\u00e4rmaste sjukhus.&nbsp;Att ha tillg\u00e5ng till sjukv\u00e5rd \u00e4r helt avg\u00f6rande f\u00f6r att kunna minska barn- och m\u00f6drad\u00f6dligheten.&nbsp;V\u00e5rden beh\u00f6ver&nbsp;finnas d\u00e4r&nbsp;f\u00f6r en&nbsp;kvinna under hela graviditeten&nbsp;och efter f\u00f6rlossningen f\u00f6r att minska risken f\u00f6r komplikationer.<\/p>\n\n\n\n<p>F\u00f6r att kunna n\u00e5 m\u00e4nniskor som bor p\u00e5&nbsp;sv\u00e5r\u00e5tkomliga platser arbetar L\u00e4kare Utan Gr\u00e4nser med mobila kliniker.&nbsp;Under 2023&nbsp;kunde&nbsp;de&nbsp;assistera&nbsp;vid&nbsp;sammanlagt&nbsp;337\u202f000&nbsp;f\u00f6rlossningar.&nbsp;<\/p>\n\n\n\n<p><em>Foto:&nbsp;Abdoalsalam&nbsp;Abdallah, L\u00e4kare Utan Gr\u00e4nser<\/em><\/p>\n\n\n\n<figure class=\"wp-block-image\"><img decoding=\"async\" src=\"https:\/\/www.interflora.se\/inspiration\/wp-content\/uploads\/2025\/03\/msb201606high.jpg\" alt=\"\"\/><\/figure>\n\n\n\n<p>P\u00e5 flykt fr\u00e5n Sudan&nbsp;<\/p>\n\n\n\n<p>Hundratusentals&nbsp;m\u00e4nniskor&nbsp;har&nbsp;flytt \u00f6ver gr\u00e4nsen till Tchad f\u00f6r att komma undan kriget i Sudan.&nbsp;Vid gr\u00e4ns\u00f6verg\u00e5ngen i&nbsp;Adre&nbsp;driver L\u00e4kare Utan Gr\u00e4nser en&nbsp;h\u00e4lsosluss d\u00e4r barn kan f\u00e5&nbsp;skyddande vaccin och screenas f\u00f6r undern\u00e4ring.&nbsp;Personer som \u00e4r sjuka och skadade remitteras vidare f\u00f6r v\u00e5rd.&nbsp;<\/p>\n\n\n\n<p><em>Foto:&nbsp;Corentin&nbsp;Fohlen,&nbsp;L\u00e4kare utan gr\u00e4nse<\/em>r<\/p>\n\n\n\n<figure class=\"wp-block-image\"><img decoding=\"async\" src=\"https:\/\/www.interflora.se\/inspiration\/wp-content\/uploads\/2025\/03\/msb187988high.jpg\" alt=\"\"\/><\/figure>\n\n\n\n<p>Psykisk oh\u00e4lsa&nbsp;i Gaza&nbsp;&nbsp;<\/p>\n\n\n\n<p>De psykiska f\u00f6ljderna av att genomleva en humanit\u00e4r kris kan bli allvarliga.&nbsp;&nbsp;Noura&nbsp;Arafat arbetar som interkulturell medlare f\u00f6r L\u00e4kare Utan Gr\u00e4nser. Hon&nbsp;har bott i Nablus p\u00e5 V\u00e4stbanken i Palestina i hela sitt liv.&nbsp;Noura&nbsp;hj\u00e4lper kvinnor fr\u00e5n sitt samh\u00e4lle att f\u00e5 tillg\u00e5ng till st\u00f6d&nbsp;f\u00f6r psykisk h\u00e4lsa hos L\u00e4kare Utan Gr\u00e4nser.&nbsp;<\/p>\n\n\n\n<p><em>Foto:&nbsp;Louis&nbsp;Baudoin-Laarman&nbsp;L\u00e4kare utan gr\u00e4nser<\/em><\/p>\n","protected":false},"excerpt":{"rendered":"<p>P\u00e5 m\u00e5nga platser i v\u00e4rlden \u00e4r varje dag en kamp f\u00f6r \u00f6verlevnad och en stilla natt \u00e4r l\u00e5ngt ifr\u00e5n sj\u00e4lvklar. [&hellip;]<\/p>\n","protected":false},"author":1,"featured_media":3470,"comment_status":"open","ping_status":"open","sticky":false,"template":"","format":"standard","meta":{"_uag_custom_page_level_css":"","site-sidebar-layout":"default","site-content-layout":"","ast-site-content-layout":"default","site-content-style":"default","site-sidebar-style":"default","ast-global-header-display":"","ast-banner-title-visibility":"","ast-main-header-display":"","ast-hfb-above-header-display":"","ast-hfb-below-header-display":"","ast-hfb-mobile-header-display":"","site-post-title":"","ast-breadcrumbs-content":"","ast-featured-img":"","footer-sml-layout":"","ast-disable-related-posts":"","theme-transparent-header-meta":"","adv-header-id-meta":"","stick-header-meta":"","header-above-stick-meta":"","header-main-stick-meta":"","header-below-stick-meta":"","astra-migrate-meta-layouts":"default","ast-page-background-enabled":"default","ast-page-background-meta":{"desktop":{"background-color":"var(--ast-global-color-5)","background-image":"","background-repeat":"repeat","background-position":"center center","background-size":"auto","background-attachment":"scroll","background-type":"","background-media":"","overlay-type":"","overlay-color":"","overlay-opacity":"","overlay-gradient":""},"tablet":{"background-color":"","background-image":"","background-repeat":"repeat","background-position":"center center","background-size":"auto","background-attachment":"scroll","background-type":"","background-media":"","overlay-type":"","overlay-color":"","overlay-opacity":"","overlay-gradient":""},"mobile":{"background-color":"","background-image":"","background-repeat":"repeat","background-position":"center center","background-size":"auto","background-attachment":"scroll","background-type":"","background-media":"","overlay-type":"","overlay-color":"","overlay-opacity":"","overlay-gradient":""}},"ast-content-background-meta":{"desktop":{"background-color":"var(--ast-global-color-4)","background-image":"","background-repeat":"repeat","background-position":"center center","background-size":"auto","background-attachment":"scroll","background-type":"","background-media":"","overlay-type":"","overlay-color":"","overlay-opacity":"","overlay-gradient":""},"tablet":{"background-color":"var(--ast-global-color-4)","background-image":"","background-repeat":"repeat","background-position":"center center","background-size":"auto","background-attachment":"scroll","background-type":"","background-media":"","overlay-type":"","overlay-color":"","overlay-opacity":"","overlay-gradient":""},"mobile":{"background-color":"var(--ast-global-color-4)","background-image":"","background-repeat":"repeat","background-position":"center center","background-size":"auto","background-attachment":"scroll","background-type":"","background-media":"","overlay-type":"","overlay-color":"","overlay-opacity":"","overlay-gradient":""}},"footnotes":""},"categories":[11],"tags":[],"class_list":["post-303","post","type-post","status-publish","format-standard","has-post-thumbnail","hentry","category-samarbeten"],"yoast_head":"<!-- This site is optimized with the Yoast SEO plugin v27.4 - https:\/\/yoast.com\/product\/yoast-seo-wordpress\/ -->\n<title>En julg\u00e5va till L\u00e4kare Utan Gr\u00e4nser r\u00e4ddar liv | Interflora<\/title>\n<meta name=\"robots\" content=\"index, follow, max-snippet:-1, max-image-preview:large, max-video-preview:-1\" \/>\n<link rel=\"canonical\" href=\"https:\/\/www.interflora.se\/inspiration\/julsamarbete-med-lakare-utan-granser\/\" \/>\n<meta property=\"og:locale\" content=\"sv_SE\" \/>\n<meta property=\"og:type\" content=\"article\" \/>\n<meta property=\"og:title\" content=\"En julg\u00e5va till L\u00e4kare Utan Gr\u00e4nser r\u00e4ddar liv | Interflora\" \/>\n<meta property=\"og:description\" content=\"P\u00e5 m\u00e5nga platser i v\u00e4rlden \u00e4r varje dag en kamp f\u00f6r \u00f6verlevnad och en stilla natt \u00e4r l\u00e5ngt ifr\u00e5n sj\u00e4lvklar. [&hellip;]\" \/>\n<meta property=\"og:url\" content=\"https:\/\/www.interflora.se\/inspiration\/julsamarbete-med-lakare-utan-granser\/\" \/>\n<meta property=\"og:site_name\" content=\"Inspiration om blommor, krukv\u00e4xter &amp; trender | Interflora\" \/>\n<meta property=\"article:publisher\" content=\"https:\/\/www.facebook.com\/InterfloraAB\" \/>\n<meta property=\"article:published_time\" content=\"2024-12-18T22:02:25+00:00\" \/>\n<meta property=\"article:modified_time\" content=\"2025-11-14T15:13:23+00:00\" \/>\n<meta property=\"og:image\" content=\"https:\/\/www.interflora.se\/inspiration\/wp-content\/uploads\/2025\/03\/msb207534high.jpg\" \/>\n\t<meta property=\"og:image:width\" content=\"1200\" \/>\n\t<meta property=\"og:image:height\" content=\"800\" \/>\n\t<meta property=\"og:image:type\" content=\"image\/jpeg\" \/>\n<meta name=\"author\" content=\"admin\" \/>\n<meta name=\"twitter:card\" content=\"summary_large_image\" \/>\n<meta name=\"twitter:label1\" content=\"Skriven av\" \/>\n\t<meta name=\"twitter:data1\" content=\"admin\" \/>\n\t<meta name=\"twitter:label2\" content=\"Ber\u00e4knad l\u00e4stid\" \/>\n\t<meta name=\"twitter:data2\" content=\"3 minuter\" \/>\n<script type=\"application\/ld+json\" class=\"yoast-schema-graph\">{\"@context\":\"https:\\\/\\\/schema.org\",\"@graph\":[{\"@type\":\"Article\",\"@id\":\"https:\\\/\\\/www.interflora.se\\\/inspiration\\\/julsamarbete-med-lakare-utan-granser\\\/#article\",\"isPartOf\":{\"@id\":\"https:\\\/\\\/www.interflora.se\\\/inspiration\\\/julsamarbete-med-lakare-utan-granser\\\/\"},\"author\":{\"name\":\"admin\",\"@id\":\"https:\\\/\\\/www.interflora.se\\\/inspiration\\\/#\\\/schema\\\/person\\\/dbbd1ad45e05409c356dc639597669f2\"},\"headline\":\"En julg\u00e5va till L\u00e4kare Utan Gr\u00e4nser r\u00e4ddar liv\",\"datePublished\":\"2024-12-18T22:02:25+00:00\",\"dateModified\":\"2025-11-14T15:13:23+00:00\",\"mainEntityOfPage\":{\"@id\":\"https:\\\/\\\/www.interflora.se\\\/inspiration\\\/julsamarbete-med-lakare-utan-granser\\\/\"},\"wordCount\":634,\"commentCount\":0,\"publisher\":{\"@id\":\"https:\\\/\\\/www.interflora.se\\\/inspiration\\\/#organization\"},\"image\":{\"@id\":\"https:\\\/\\\/www.interflora.se\\\/inspiration\\\/julsamarbete-med-lakare-utan-granser\\\/#primaryimage\"},\"thumbnailUrl\":\"https:\\\/\\\/www.interflora.se\\\/inspiration\\\/wp-content\\\/uploads\\\/2025\\\/03\\\/msb207534high.jpg\",\"articleSection\":[\"Samarbeten\"],\"inLanguage\":\"sv-SE\",\"potentialAction\":[{\"@type\":\"CommentAction\",\"name\":\"Comment\",\"target\":[\"https:\\\/\\\/www.interflora.se\\\/inspiration\\\/julsamarbete-med-lakare-utan-granser\\\/#respond\"]}]},{\"@type\":\"WebPage\",\"@id\":\"https:\\\/\\\/www.interflora.se\\\/inspiration\\\/julsamarbete-med-lakare-utan-granser\\\/\",\"url\":\"https:\\\/\\\/www.interflora.se\\\/inspiration\\\/julsamarbete-med-lakare-utan-granser\\\/\",\"name\":\"En julg\u00e5va till L\u00e4kare Utan Gr\u00e4nser r\u00e4ddar liv | Interflora\",\"isPartOf\":{\"@id\":\"https:\\\/\\\/www.interflora.se\\\/inspiration\\\/#website\"},\"primaryImageOfPage\":{\"@id\":\"https:\\\/\\\/www.interflora.se\\\/inspiration\\\/julsamarbete-med-lakare-utan-granser\\\/#primaryimage\"},\"image\":{\"@id\":\"https:\\\/\\\/www.interflora.se\\\/inspiration\\\/julsamarbete-med-lakare-utan-granser\\\/#primaryimage\"},\"thumbnailUrl\":\"https:\\\/\\\/www.interflora.se\\\/inspiration\\\/wp-content\\\/uploads\\\/2025\\\/03\\\/msb207534high.jpg\",\"datePublished\":\"2024-12-18T22:02:25+00:00\",\"dateModified\":\"2025-11-14T15:13:23+00:00\",\"breadcrumb\":{\"@id\":\"https:\\\/\\\/www.interflora.se\\\/inspiration\\\/julsamarbete-med-lakare-utan-granser\\\/#breadcrumb\"},\"inLanguage\":\"sv-SE\",\"potentialAction\":[{\"@type\":\"ReadAction\",\"target\":[\"https:\\\/\\\/www.interflora.se\\\/inspiration\\\/julsamarbete-med-lakare-utan-granser\\\/\"]}]},{\"@type\":\"ImageObject\",\"inLanguage\":\"sv-SE\",\"@id\":\"https:\\\/\\\/www.interflora.se\\\/inspiration\\\/julsamarbete-med-lakare-utan-granser\\\/#primaryimage\",\"url\":\"https:\\\/\\\/www.interflora.se\\\/inspiration\\\/wp-content\\\/uploads\\\/2025\\\/03\\\/msb207534high.jpg\",\"contentUrl\":\"https:\\\/\\\/www.interflora.se\\\/inspiration\\\/wp-content\\\/uploads\\\/2025\\\/03\\\/msb207534high.jpg\",\"width\":1200,\"height\":800},{\"@type\":\"BreadcrumbList\",\"@id\":\"https:\\\/\\\/www.interflora.se\\\/inspiration\\\/julsamarbete-med-lakare-utan-granser\\\/#breadcrumb\",\"itemListElement\":[{\"@type\":\"ListItem\",\"position\":1,\"name\":\"Home\",\"item\":\"https:\\\/\\\/www.interflora.se\\\/inspiration\\\/\"},{\"@type\":\"ListItem\",\"position\":2,\"name\":\"En julg\u00e5va till L\u00e4kare Utan Gr\u00e4nser r\u00e4ddar liv\"}]},{\"@type\":\"WebSite\",\"@id\":\"https:\\\/\\\/www.interflora.se\\\/inspiration\\\/#website\",\"url\":\"https:\\\/\\\/www.interflora.se\\\/inspiration\\\/\",\"name\":\"Interflora\",\"description\":\"\",\"publisher\":{\"@id\":\"https:\\\/\\\/www.interflora.se\\\/inspiration\\\/#organization\"},\"potentialAction\":[{\"@type\":\"SearchAction\",\"target\":{\"@type\":\"EntryPoint\",\"urlTemplate\":\"https:\\\/\\\/www.interflora.se\\\/inspiration\\\/?s={search_term_string}\"},\"query-input\":{\"@type\":\"PropertyValueSpecification\",\"valueRequired\":true,\"valueName\":\"search_term_string\"}}],\"inLanguage\":\"sv-SE\"},{\"@type\":\"Organization\",\"@id\":\"https:\\\/\\\/www.interflora.se\\\/inspiration\\\/#organization\",\"name\":\"Interflora\",\"url\":\"https:\\\/\\\/www.interflora.se\\\/inspiration\\\/\",\"logo\":{\"@type\":\"ImageObject\",\"inLanguage\":\"sv-SE\",\"@id\":\"https:\\\/\\\/www.interflora.se\\\/inspiration\\\/#\\\/schema\\\/logo\\\/image\\\/\",\"url\":\"https:\\\/\\\/www.interflora.se\\\/inspiration\\\/wp-content\\\/uploads\\\/2025\\\/09\\\/cropped-220422_INTERFLORA_Logo_rgb_Half_Top_Circle_Main_Color.avif\",\"contentUrl\":\"https:\\\/\\\/www.interflora.se\\\/inspiration\\\/wp-content\\\/uploads\\\/2025\\\/09\\\/cropped-220422_INTERFLORA_Logo_rgb_Half_Top_Circle_Main_Color.avif\",\"width\":1418,\"height\":662,\"caption\":\"Interflora\"},\"image\":{\"@id\":\"https:\\\/\\\/www.interflora.se\\\/inspiration\\\/#\\\/schema\\\/logo\\\/image\\\/\"},\"sameAs\":[\"https:\\\/\\\/www.facebook.com\\\/InterfloraAB\",\"https:\\\/\\\/www.instagram.com\\\/interflora_ab\\\/\",\"https:\\\/\\\/www.linkedin.com\\\/company\\\/1494362\",\"https:\\\/\\\/www.youtube.com\\\/channel\\\/UCZgDzGWB2VRxaoWFUmXnk1w\"]},{\"@type\":\"Person\",\"@id\":\"https:\\\/\\\/www.interflora.se\\\/inspiration\\\/#\\\/schema\\\/person\\\/dbbd1ad45e05409c356dc639597669f2\",\"name\":\"admin\",\"image\":{\"@type\":\"ImageObject\",\"inLanguage\":\"sv-SE\",\"@id\":\"https:\\\/\\\/www.interflora.se\\\/inspiration\\\/wp-content\\\/litespeed\\\/avatar\\\/1fe3cced9e67df62d0a6f995d75823a5.jpg?ver=1777362393\",\"url\":\"https:\\\/\\\/www.interflora.se\\\/inspiration\\\/wp-content\\\/litespeed\\\/avatar\\\/1fe3cced9e67df62d0a6f995d75823a5.jpg?ver=1777362393\",\"contentUrl\":\"https:\\\/\\\/www.interflora.se\\\/inspiration\\\/wp-content\\\/litespeed\\\/avatar\\\/1fe3cced9e67df62d0a6f995d75823a5.jpg?ver=1777362393\",\"caption\":\"admin\"},\"sameAs\":[\"https:\\\/\\\/www.interflora.se\\\/inspiration\"],\"url\":\"https:\\\/\\\/www.interflora.se\\\/inspiration\\\/author\\\/admin\\\/\"}]}<\/script>\n<!-- \/ Yoast SEO plugin. -->","yoast_head_json":{"title":"En julg\u00e5va till L\u00e4kare Utan Gr\u00e4nser r\u00e4ddar liv | Interflora","robots":{"index":"index","follow":"follow","max-snippet":"max-snippet:-1","max-image-preview":"max-image-preview:large","max-video-preview":"max-video-preview:-1"},"canonical":"https:\/\/www.interflora.se\/inspiration\/julsamarbete-med-lakare-utan-granser\/","og_locale":"sv_SE","og_type":"article","og_title":"En julg\u00e5va till L\u00e4kare Utan Gr\u00e4nser r\u00e4ddar liv | Interflora","og_description":"P\u00e5 m\u00e5nga platser i v\u00e4rlden \u00e4r varje dag en kamp f\u00f6r \u00f6verlevnad och en stilla natt \u00e4r l\u00e5ngt ifr\u00e5n sj\u00e4lvklar. [&hellip;]","og_url":"https:\/\/www.interflora.se\/inspiration\/julsamarbete-med-lakare-utan-granser\/","og_site_name":"Inspiration om blommor, krukv\u00e4xter &amp; trender | Interflora","article_publisher":"https:\/\/www.facebook.com\/InterfloraAB","article_published_time":"2024-12-18T22:02:25+00:00","article_modified_time":"2025-11-14T15:13:23+00:00","og_image":[{"width":1200,"height":800,"url":"https:\/\/www.interflora.se\/inspiration\/wp-content\/uploads\/2025\/03\/msb207534high.jpg","type":"image\/jpeg"}],"author":"admin","twitter_card":"summary_large_image","twitter_misc":{"Skriven av":"admin","Ber\u00e4knad l\u00e4stid":"3 minuter"},"schema":{"@context":"https:\/\/schema.org","@graph":[{"@type":"Article","@id":"https:\/\/www.interflora.se\/inspiration\/julsamarbete-med-lakare-utan-granser\/#article","isPartOf":{"@id":"https:\/\/www.interflora.se\/inspiration\/julsamarbete-med-lakare-utan-granser\/"},"author":{"name":"admin","@id":"https:\/\/www.interflora.se\/inspiration\/#\/schema\/person\/dbbd1ad45e05409c356dc639597669f2"},"headline":"En julg\u00e5va till L\u00e4kare Utan Gr\u00e4nser r\u00e4ddar liv","datePublished":"2024-12-18T22:02:25+00:00","dateModified":"2025-11-14T15:13:23+00:00","mainEntityOfPage":{"@id":"https:\/\/www.interflora.se\/inspiration\/julsamarbete-med-lakare-utan-granser\/"},"wordCount":634,"commentCount":0,"publisher":{"@id":"https:\/\/www.interflora.se\/inspiration\/#organization"},"image":{"@id":"https:\/\/www.interflora.se\/inspiration\/julsamarbete-med-lakare-utan-granser\/#primaryimage"},"thumbnailUrl":"https:\/\/www.interflora.se\/inspiration\/wp-content\/uploads\/2025\/03\/msb207534high.jpg","articleSection":["Samarbeten"],"inLanguage":"sv-SE","potentialAction":[{"@type":"CommentAction","name":"Comment","target":["https:\/\/www.interflora.se\/inspiration\/julsamarbete-med-lakare-utan-granser\/#respond"]}]},{"@type":"WebPage","@id":"https:\/\/www.interflora.se\/inspiration\/julsamarbete-med-lakare-utan-granser\/","url":"https:\/\/www.interflora.se\/inspiration\/julsamarbete-med-lakare-utan-granser\/","name":"En julg\u00e5va till L\u00e4kare Utan Gr\u00e4nser r\u00e4ddar liv | Interflora","isPartOf":{"@id":"https:\/\/www.interflora.se\/inspiration\/#website"},"primaryImageOfPage":{"@id":"https:\/\/www.interflora.se\/inspiration\/julsamarbete-med-lakare-utan-granser\/#primaryimage"},"image":{"@id":"https:\/\/www.interflora.se\/inspiration\/julsamarbete-med-lakare-utan-granser\/#primaryimage"},"thumbnailUrl":"https:\/\/www.interflora.se\/inspiration\/wp-content\/uploads\/2025\/03\/msb207534high.jpg","datePublished":"2024-12-18T22:02:25+00:00","dateModified":"2025-11-14T15:13:23+00:00","breadcrumb":{"@id":"https:\/\/www.interflora.se\/inspiration\/julsamarbete-med-lakare-utan-granser\/#breadcrumb"},"inLanguage":"sv-SE","potentialAction":[{"@type":"ReadAction","target":["https:\/\/www.interflora.se\/inspiration\/julsamarbete-med-lakare-utan-granser\/"]}]},{"@type":"ImageObject","inLanguage":"sv-SE","@id":"https:\/\/www.interflora.se\/inspiration\/julsamarbete-med-lakare-utan-granser\/#primaryimage","url":"https:\/\/www.interflora.se\/inspiration\/wp-content\/uploads\/2025\/03\/msb207534high.jpg","contentUrl":"https:\/\/www.interflora.se\/inspiration\/wp-content\/uploads\/2025\/03\/msb207534high.jpg","width":1200,"height":800},{"@type":"BreadcrumbList","@id":"https:\/\/www.interflora.se\/inspiration\/julsamarbete-med-lakare-utan-granser\/#breadcrumb","itemListElement":[{"@type":"ListItem","position":1,"name":"Home","item":"https:\/\/www.interflora.se\/inspiration\/"},{"@type":"ListItem","position":2,"name":"En julg\u00e5va till L\u00e4kare Utan Gr\u00e4nser r\u00e4ddar liv"}]},{"@type":"WebSite","@id":"https:\/\/www.interflora.se\/inspiration\/#website","url":"https:\/\/www.interflora.se\/inspiration\/","name":"Interflora","description":"","publisher":{"@id":"https:\/\/www.interflora.se\/inspiration\/#organization"},"potentialAction":[{"@type":"SearchAction","target":{"@type":"EntryPoint","urlTemplate":"https:\/\/www.interflora.se\/inspiration\/?s={search_term_string}"},"query-input":{"@type":"PropertyValueSpecification","valueRequired":true,"valueName":"search_term_string"}}],"inLanguage":"sv-SE"},{"@type":"Organization","@id":"https:\/\/www.interflora.se\/inspiration\/#organization","name":"Interflora","url":"https:\/\/www.interflora.se\/inspiration\/","logo":{"@type":"ImageObject","inLanguage":"sv-SE","@id":"https:\/\/www.interflora.se\/inspiration\/#\/schema\/logo\/image\/","url":"https:\/\/www.interflora.se\/inspiration\/wp-content\/uploads\/2025\/09\/cropped-220422_INTERFLORA_Logo_rgb_Half_Top_Circle_Main_Color.avif","contentUrl":"https:\/\/www.interflora.se\/inspiration\/wp-content\/uploads\/2025\/09\/cropped-220422_INTERFLORA_Logo_rgb_Half_Top_Circle_Main_Color.avif","width":1418,"height":662,"caption":"Interflora"},"image":{"@id":"https:\/\/www.interflora.se\/inspiration\/#\/schema\/logo\/image\/"},"sameAs":["https:\/\/www.facebook.com\/InterfloraAB","https:\/\/www.instagram.com\/interflora_ab\/","https:\/\/www.linkedin.com\/company\/1494362","https:\/\/www.youtube.com\/channel\/UCZgDzGWB2VRxaoWFUmXnk1w"]},{"@type":"Person","@id":"https:\/\/www.interflora.se\/inspiration\/#\/schema\/person\/dbbd1ad45e05409c356dc639597669f2","name":"admin","image":{"@type":"ImageObject","inLanguage":"sv-SE","@id":"https:\/\/www.interflora.se\/inspiration\/wp-content\/litespeed\/avatar\/1fe3cced9e67df62d0a6f995d75823a5.jpg?ver=1777362393","url":"https:\/\/www.interflora.se\/inspiration\/wp-content\/litespeed\/avatar\/1fe3cced9e67df62d0a6f995d75823a5.jpg?ver=1777362393","contentUrl":"https:\/\/www.interflora.se\/inspiration\/wp-content\/litespeed\/avatar\/1fe3cced9e67df62d0a6f995d75823a5.jpg?ver=1777362393","caption":"admin"},"sameAs":["https:\/\/www.interflora.se\/inspiration"],"url":"https:\/\/www.interflora.se\/inspiration\/author\/admin\/"}]}},"uagb_featured_image_src":{"full":["https:\/\/www.interflora.se\/inspiration\/wp-content\/uploads\/2025\/03\/msb207534high.jpg",1200,800,false],"thumbnail":["https:\/\/www.interflora.se\/inspiration\/wp-content\/uploads\/2025\/03\/msb207534high-150x150.jpg",150,150,true],"medium":["https:\/\/www.interflora.se\/inspiration\/wp-content\/uploads\/2025\/03\/msb207534high-300x200.jpg",300,200,true],"medium_large":["https:\/\/www.interflora.se\/inspiration\/wp-content\/uploads\/2025\/03\/msb207534high-768x512.jpg",768,512,true],"large":["https:\/\/www.interflora.se\/inspiration\/wp-content\/uploads\/2025\/03\/msb207534high-1024x683.jpg",1024,683,true],"1536x1536":["https:\/\/www.interflora.se\/inspiration\/wp-content\/uploads\/2025\/03\/msb207534high.jpg",1200,800,false],"2048x2048":["https:\/\/www.interflora.se\/inspiration\/wp-content\/uploads\/2025\/03\/msb207534high.jpg",1200,800,false]},"uagb_author_info":{"display_name":"admin","author_link":"https:\/\/www.interflora.se\/inspiration\/author\/admin\/"},"uagb_comment_info":0,"uagb_excerpt":"P\u00e5 m\u00e5nga platser i v\u00e4rlden \u00e4r varje dag en kamp f\u00f6r \u00f6verlevnad och en stilla natt \u00e4r l\u00e5ngt ifr\u00e5n sj\u00e4lvklar. [&hellip;]","_links":{"self":[{"href":"https:\/\/www.interflora.se\/inspiration\/wp-json\/wp\/v2\/posts\/303","targetHints":{"allow":["GET"]}}],"collection":[{"href":"https:\/\/www.interflora.se\/inspiration\/wp-json\/wp\/v2\/posts"}],"about":[{"href":"https:\/\/www.interflora.se\/inspiration\/wp-json\/wp\/v2\/types\/post"}],"author":[{"embeddable":true,"href":"https:\/\/www.interflora.se\/inspiration\/wp-json\/wp\/v2\/users\/1"}],"replies":[{"embeddable":true,"href":"https:\/\/www.interflora.se\/inspiration\/wp-json\/wp\/v2\/comments?post=303"}],"version-history":[{"count":2,"href":"https:\/\/www.interflora.se\/inspiration\/wp-json\/wp\/v2\/posts\/303\/revisions"}],"predecessor-version":[{"id":3474,"href":"https:\/\/www.interflora.se\/inspiration\/wp-json\/wp\/v2\/posts\/303\/revisions\/3474"}],"wp:featuredmedia":[{"embeddable":true,"href":"https:\/\/www.interflora.se\/inspiration\/wp-json\/wp\/v2\/media\/3470"}],"wp:attachment":[{"href":"https:\/\/www.interflora.se\/inspiration\/wp-json\/wp\/v2\/media?parent=303"}],"wp:term":[{"taxonomy":"category","embeddable":true,"href":"https:\/\/www.interflora.se\/inspiration\/wp-json\/wp\/v2\/categories?post=303"},{"taxonomy":"post_tag","embeddable":true,"href":"https:\/\/www.interflora.se\/inspiration\/wp-json\/wp\/v2\/tags?post=303"}],"curies":[{"name":"wp","href":"https:\/\/api.w.org\/{rel}","templated":true}]}}