{"id":287,"date":"2022-11-24T05:11:54","date_gmt":"2022-11-24T04:11:54","guid":{"rendered":"http:\/\/preprodblog.interflora.se\/blog\/?p=287"},"modified":"2025-03-28T12:56:33","modified_gmt":"2025-03-28T11:56:33","slug":"jubileumsvasen-tidevarv","status":"publish","type":"post","link":"https:\/\/www.interflora.se\/inspiration\/jubileumsvasen-tidevarv\/","title":{"rendered":"V\u00e5r jubileumsvas Tidevarv tar form"},"content":{"rendered":"\n<figure class=\"wp-block-image size-large\"><img decoding=\"async\" src=\"https:\/\/www.interflora.se\/inspiration\/wp-content\/uploads\/2025\/03\/jubileumsvas-interflora-reijmyre-liggande.jpg\" alt=\"\"\/><\/figure>\n\n\n\n<p>Det \u00e4r november 2022 och fullt fokus i glashyttan i Reijmyre, ett av Sveriges \u00e4ldsta aktiva glasbruk, fyra mil norr om Norrk\u00f6ping. Formgivaren Ann W\u00e5hlstr\u00f6m har f\u00e5tt i uppdrag av Interflora att designa en 100-\u00e5rs\u00advas inf\u00f6r jubileet och nu \u00e4r hon p\u00e5 plats f\u00f6r att se att resultatet blir som hon \u00f6nskar. Det \u00e4r dags f\u00f6r provbl\u00e5sning.<br>M\u00e5let n\u00e4r hon satt vid ritbordet i studion p\u00e5 S\u00f6dermalm i Stockholm var att skapa en funktionell modell, som ocks\u00e5 skulle vara klassisk och intressant att se p\u00e5.<br><br>\u2013 Det ska k\u00e4nnas att vasen har en n\u00e4rvaro i rummet, med en modern och historisk koppling, s\u00e4ger Ann.<br><br>Hon fick vissa riktlinjer att utg\u00e5 utifr\u00e5n, men till stora delar har id\u00e9n f\u00e5tt v\u00e4xa fram ur hennes tanke och hand.<\/p>\n\n\n\n<figure class=\"wp-block-gallery has-nested-images columns-default is-cropped wp-block-gallery-1 is-layout-flex wp-block-gallery-is-layout-flex\">\n<figure class=\"wp-block-image size-large\"><img decoding=\"async\" src=\"https:\/\/www.interflora.se\/inspiration\/wp-content\/uploads\/2025\/03\/jubileumsvas-interflora-reijmyre-ann-wahlstrom-skiss.jpg\" alt=\"\"\/><\/figure>\n\n\n\n<figure class=\"wp-block-image size-large\"><img decoding=\"async\" src=\"https:\/\/www.interflora.se\/inspiration\/wp-content\/uploads\/2025\/03\/jubileumsvas-interflora-reijmyre-ann-wahlstrom.jpg\" alt=\"\"\/><\/figure>\n<\/figure>\n\n\n\n<p>\u2013 V\u00e5gm\u00f6nstret har jag l\u00e5nat av 1930-40-talens formspr\u00e5k. Man beh\u00f6ver inte g\u00e5 p\u00e5 m\u00e5nga loppisar innan man ser exempel p\u00e5 det. Ut\u00f6ver det inspireras jag alltid av arkitektur och strikta linjer och det kan man kanske se sp\u00e5r av.<br>Formen \u00e4r rund med avsmalnande hals och f\u00e4rgen djupgr\u00f6n, en klassisk Reijmyrekul\u00f6r.<\/p>\n\n\n\n<figure class=\"wp-block-gallery has-nested-images columns-default is-cropped wp-block-gallery-2 is-layout-flex wp-block-gallery-is-layout-flex\">\n<figure class=\"wp-block-image size-large\"><img decoding=\"async\" src=\"https:\/\/www.interflora.se\/inspiration\/wp-content\/uploads\/2025\/03\/jubileumsvas-interflora-reijmyre-ann-wahlstrom-3.jpg\" alt=\"\"\/><\/figure>\n\n\n\n<figure class=\"wp-block-image size-large\"><img decoding=\"async\" src=\"https:\/\/www.interflora.se\/inspiration\/wp-content\/uploads\/2025\/03\/jubileumsvas-interflora-reijmyre-ann-wahlstrom-1.jpg\" alt=\"\"\/><\/figure>\n<\/figure>\n\n\n\n<p>\u2013 Det \u00e4r roligt att vara med p\u00e5 golvet. Allt g\u00e5r s\u00e5 fort, det kr\u00e4vs snabba beslut och det passar mig. Det var faktiskt en av anledningarna till att jag valde glaset en g\u00e5ng i tiden, s\u00e4ger Ann och f\u00f6r n\u00e5gra anteckningar i sitt block medan den sista vasen f\u00f6r dagen knackas loss fr\u00e5n den l\u00e5nga pipan, som \u00e4r glasbl\u00e5sarens verktyg.<\/p>\n\n\n\n<p><br>\u2013 Jag \u00e4r j\u00e4tten\u00f6jd, det blir s\u00e5 bra det h\u00e4r.<\/p>\n\n\n\n<figure class=\"wp-block-video\"><video controls src=\"https:\/\/www.interflora.se\/siteassets\/inspiration\/senaste-nytt\/interflora-100-ar\/interflora_annwahlstrom_16x9_long_final.mp4\"><\/video><\/figure>\n","protected":false},"excerpt":{"rendered":"<p>Det \u00e4r november 2022 och fullt fokus i glashyttan i Reijmyre, ett av Sveriges \u00e4ldsta aktiva glasbruk, fyra mil norr [&hellip;]<\/p>\n","protected":false},"author":1,"featured_media":2230,"comment_status":"open","ping_status":"open","sticky":false,"template":"","format":"standard","meta":{"_uag_custom_page_level_css":"","site-sidebar-layout":"default","site-content-layout":"","ast-site-content-layout":"default","site-content-style":"default","site-sidebar-style":"default","ast-global-header-display":"","ast-banner-title-visibility":"","ast-main-header-display":"","ast-hfb-above-header-display":"","ast-hfb-below-header-display":"","ast-hfb-mobile-header-display":"","site-post-title":"","ast-breadcrumbs-content":"","ast-featured-img":"","footer-sml-layout":"","ast-disable-related-posts":"","theme-transparent-header-meta":"","adv-header-id-meta":"","stick-header-meta":"","header-above-stick-meta":"","header-main-stick-meta":"","header-below-stick-meta":"","astra-migrate-meta-layouts":"default","ast-page-background-enabled":"default","ast-page-background-meta":{"desktop":{"background-color":"var(--ast-global-color-5)","background-image":"","background-repeat":"repeat","background-position":"center center","background-size":"auto","background-attachment":"scroll","background-type":"","background-media":"","overlay-type":"","overlay-color":"","overlay-opacity":"","overlay-gradient":""},"tablet":{"background-color":"","background-image":"","background-repeat":"repeat","background-position":"center center","background-size":"auto","background-attachment":"scroll","background-type":"","background-media":"","overlay-type":"","overlay-color":"","overlay-opacity":"","overlay-gradient":""},"mobile":{"background-color":"","background-image":"","background-repeat":"repeat","background-position":"center center","background-size":"auto","background-attachment":"scroll","background-type":"","background-media":"","overlay-type":"","overlay-color":"","overlay-opacity":"","overlay-gradient":""}},"ast-content-background-meta":{"desktop":{"background-color":"var(--ast-global-color-4)","background-image":"","background-repeat":"repeat","background-position":"center center","background-size":"auto","background-attachment":"scroll","background-type":"","background-media":"","overlay-type":"","overlay-color":"","overlay-opacity":"","overlay-gradient":""},"tablet":{"background-color":"var(--ast-global-color-4)","background-image":"","background-repeat":"repeat","background-position":"center center","background-size":"auto","background-attachment":"scroll","background-type":"","background-media":"","overlay-type":"","overlay-color":"","overlay-opacity":"","overlay-gradient":""},"mobile":{"background-color":"var(--ast-global-color-4)","background-image":"","background-repeat":"repeat","background-position":"center center","background-size":"auto","background-attachment":"scroll","background-type":"","background-media":"","overlay-type":"","overlay-color":"","overlay-opacity":"","overlay-gradient":""}},"footnotes":""},"categories":[9],"tags":[],"class_list":["post-287","post","type-post","status-publish","format-standard","has-post-thumbnail","hentry","category-senaste-nytt"],"yoast_head":"<!-- This site is optimized with the Yoast SEO plugin v27.4 - https:\/\/yoast.com\/product\/yoast-seo-wordpress\/ -->\n<title>V\u00e5r jubileumsvas Tidevarv tar form | Interflora<\/title>\n<meta name=\"robots\" content=\"index, follow, max-snippet:-1, max-image-preview:large, max-video-preview:-1\" \/>\n<link rel=\"canonical\" href=\"https:\/\/www.interflora.se\/inspiration\/jubileumsvasen-tidevarv\/\" \/>\n<meta property=\"og:locale\" content=\"sv_SE\" \/>\n<meta property=\"og:type\" content=\"article\" \/>\n<meta property=\"og:title\" content=\"V\u00e5r jubileumsvas Tidevarv tar form | Interflora\" \/>\n<meta property=\"og:description\" content=\"Det \u00e4r november 2022 och fullt fokus i glashyttan i Reijmyre, ett av Sveriges \u00e4ldsta aktiva glasbruk, fyra mil norr [&hellip;]\" \/>\n<meta property=\"og:url\" content=\"https:\/\/www.interflora.se\/inspiration\/jubileumsvasen-tidevarv\/\" \/>\n<meta property=\"og:site_name\" content=\"Inspiration om blommor, krukv\u00e4xter &amp; trender | Interflora\" \/>\n<meta property=\"article:publisher\" content=\"https:\/\/www.facebook.com\/InterfloraAB\" \/>\n<meta property=\"article:published_time\" content=\"2022-11-24T04:11:54+00:00\" \/>\n<meta property=\"article:modified_time\" content=\"2025-03-28T11:56:33+00:00\" \/>\n<meta property=\"og:image\" content=\"https:\/\/www.interflora.se\/inspiration\/wp-content\/uploads\/2025\/03\/jubileumsvas-interflora-reijmyre-ann-wahlstrom-1.jpg\" \/>\n\t<meta property=\"og:image:width\" content=\"1000\" \/>\n\t<meta property=\"og:image:height\" content=\"667\" \/>\n\t<meta property=\"og:image:type\" content=\"image\/jpeg\" \/>\n<meta name=\"author\" content=\"admin\" \/>\n<meta name=\"twitter:card\" content=\"summary_large_image\" \/>\n<meta name=\"twitter:label1\" content=\"Skriven av\" \/>\n\t<meta name=\"twitter:data1\" content=\"admin\" \/>\n\t<meta name=\"twitter:label2\" content=\"Ber\u00e4knad l\u00e4stid\" \/>\n\t<meta name=\"twitter:data2\" content=\"1 minut\" \/>\n<script type=\"application\/ld+json\" class=\"yoast-schema-graph\">{\"@context\":\"https:\\\/\\\/schema.org\",\"@graph\":[{\"@type\":\"Article\",\"@id\":\"https:\\\/\\\/www.interflora.se\\\/inspiration\\\/jubileumsvasen-tidevarv\\\/#article\",\"isPartOf\":{\"@id\":\"https:\\\/\\\/www.interflora.se\\\/inspiration\\\/jubileumsvasen-tidevarv\\\/\"},\"author\":{\"name\":\"admin\",\"@id\":\"https:\\\/\\\/www.interflora.se\\\/inspiration\\\/#\\\/schema\\\/person\\\/dbbd1ad45e05409c356dc639597669f2\"},\"headline\":\"V\u00e5r jubileumsvas Tidevarv tar form\",\"datePublished\":\"2022-11-24T04:11:54+00:00\",\"dateModified\":\"2025-03-28T11:56:33+00:00\",\"mainEntityOfPage\":{\"@id\":\"https:\\\/\\\/www.interflora.se\\\/inspiration\\\/jubileumsvasen-tidevarv\\\/\"},\"wordCount\":293,\"commentCount\":0,\"publisher\":{\"@id\":\"https:\\\/\\\/www.interflora.se\\\/inspiration\\\/#organization\"},\"image\":{\"@id\":\"https:\\\/\\\/www.interflora.se\\\/inspiration\\\/jubileumsvasen-tidevarv\\\/#primaryimage\"},\"thumbnailUrl\":\"https:\\\/\\\/www.interflora.se\\\/inspiration\\\/wp-content\\\/uploads\\\/2025\\\/03\\\/jubileumsvas-interflora-reijmyre-ann-wahlstrom-1.jpg\",\"articleSection\":[\"Senaste nytt\"],\"inLanguage\":\"sv-SE\",\"potentialAction\":[{\"@type\":\"CommentAction\",\"name\":\"Comment\",\"target\":[\"https:\\\/\\\/www.interflora.se\\\/inspiration\\\/jubileumsvasen-tidevarv\\\/#respond\"]}]},{\"@type\":\"WebPage\",\"@id\":\"https:\\\/\\\/www.interflora.se\\\/inspiration\\\/jubileumsvasen-tidevarv\\\/\",\"url\":\"https:\\\/\\\/www.interflora.se\\\/inspiration\\\/jubileumsvasen-tidevarv\\\/\",\"name\":\"V\u00e5r jubileumsvas Tidevarv tar form | Interflora\",\"isPartOf\":{\"@id\":\"https:\\\/\\\/www.interflora.se\\\/inspiration\\\/#website\"},\"primaryImageOfPage\":{\"@id\":\"https:\\\/\\\/www.interflora.se\\\/inspiration\\\/jubileumsvasen-tidevarv\\\/#primaryimage\"},\"image\":{\"@id\":\"https:\\\/\\\/www.interflora.se\\\/inspiration\\\/jubileumsvasen-tidevarv\\\/#primaryimage\"},\"thumbnailUrl\":\"https:\\\/\\\/www.interflora.se\\\/inspiration\\\/wp-content\\\/uploads\\\/2025\\\/03\\\/jubileumsvas-interflora-reijmyre-ann-wahlstrom-1.jpg\",\"datePublished\":\"2022-11-24T04:11:54+00:00\",\"dateModified\":\"2025-03-28T11:56:33+00:00\",\"breadcrumb\":{\"@id\":\"https:\\\/\\\/www.interflora.se\\\/inspiration\\\/jubileumsvasen-tidevarv\\\/#breadcrumb\"},\"inLanguage\":\"sv-SE\",\"potentialAction\":[{\"@type\":\"ReadAction\",\"target\":[\"https:\\\/\\\/www.interflora.se\\\/inspiration\\\/jubileumsvasen-tidevarv\\\/\"]}]},{\"@type\":\"ImageObject\",\"inLanguage\":\"sv-SE\",\"@id\":\"https:\\\/\\\/www.interflora.se\\\/inspiration\\\/jubileumsvasen-tidevarv\\\/#primaryimage\",\"url\":\"https:\\\/\\\/www.interflora.se\\\/inspiration\\\/wp-content\\\/uploads\\\/2025\\\/03\\\/jubileumsvas-interflora-reijmyre-ann-wahlstrom-1.jpg\",\"contentUrl\":\"https:\\\/\\\/www.interflora.se\\\/inspiration\\\/wp-content\\\/uploads\\\/2025\\\/03\\\/jubileumsvas-interflora-reijmyre-ann-wahlstrom-1.jpg\",\"width\":1000,\"height\":667},{\"@type\":\"BreadcrumbList\",\"@id\":\"https:\\\/\\\/www.interflora.se\\\/inspiration\\\/jubileumsvasen-tidevarv\\\/#breadcrumb\",\"itemListElement\":[{\"@type\":\"ListItem\",\"position\":1,\"name\":\"Home\",\"item\":\"https:\\\/\\\/www.interflora.se\\\/inspiration\\\/\"},{\"@type\":\"ListItem\",\"position\":2,\"name\":\"V\u00e5r jubileumsvas Tidevarv tar form\"}]},{\"@type\":\"WebSite\",\"@id\":\"https:\\\/\\\/www.interflora.se\\\/inspiration\\\/#website\",\"url\":\"https:\\\/\\\/www.interflora.se\\\/inspiration\\\/\",\"name\":\"Interflora\",\"description\":\"\",\"publisher\":{\"@id\":\"https:\\\/\\\/www.interflora.se\\\/inspiration\\\/#organization\"},\"potentialAction\":[{\"@type\":\"SearchAction\",\"target\":{\"@type\":\"EntryPoint\",\"urlTemplate\":\"https:\\\/\\\/www.interflora.se\\\/inspiration\\\/?s={search_term_string}\"},\"query-input\":{\"@type\":\"PropertyValueSpecification\",\"valueRequired\":true,\"valueName\":\"search_term_string\"}}],\"inLanguage\":\"sv-SE\"},{\"@type\":\"Organization\",\"@id\":\"https:\\\/\\\/www.interflora.se\\\/inspiration\\\/#organization\",\"name\":\"Interflora\",\"url\":\"https:\\\/\\\/www.interflora.se\\\/inspiration\\\/\",\"logo\":{\"@type\":\"ImageObject\",\"inLanguage\":\"sv-SE\",\"@id\":\"https:\\\/\\\/www.interflora.se\\\/inspiration\\\/#\\\/schema\\\/logo\\\/image\\\/\",\"url\":\"https:\\\/\\\/www.interflora.se\\\/inspiration\\\/wp-content\\\/uploads\\\/2025\\\/09\\\/cropped-220422_INTERFLORA_Logo_rgb_Half_Top_Circle_Main_Color.avif\",\"contentUrl\":\"https:\\\/\\\/www.interflora.se\\\/inspiration\\\/wp-content\\\/uploads\\\/2025\\\/09\\\/cropped-220422_INTERFLORA_Logo_rgb_Half_Top_Circle_Main_Color.avif\",\"width\":1418,\"height\":662,\"caption\":\"Interflora\"},\"image\":{\"@id\":\"https:\\\/\\\/www.interflora.se\\\/inspiration\\\/#\\\/schema\\\/logo\\\/image\\\/\"},\"sameAs\":[\"https:\\\/\\\/www.facebook.com\\\/InterfloraAB\",\"https:\\\/\\\/www.instagram.com\\\/interflora_ab\\\/\",\"https:\\\/\\\/www.linkedin.com\\\/company\\\/1494362\",\"https:\\\/\\\/www.youtube.com\\\/channel\\\/UCZgDzGWB2VRxaoWFUmXnk1w\"]},{\"@type\":\"Person\",\"@id\":\"https:\\\/\\\/www.interflora.se\\\/inspiration\\\/#\\\/schema\\\/person\\\/dbbd1ad45e05409c356dc639597669f2\",\"name\":\"admin\",\"image\":{\"@type\":\"ImageObject\",\"inLanguage\":\"sv-SE\",\"@id\":\"https:\\\/\\\/www.interflora.se\\\/inspiration\\\/wp-content\\\/litespeed\\\/avatar\\\/1fe3cced9e67df62d0a6f995d75823a5.jpg?ver=1777362393\",\"url\":\"https:\\\/\\\/www.interflora.se\\\/inspiration\\\/wp-content\\\/litespeed\\\/avatar\\\/1fe3cced9e67df62d0a6f995d75823a5.jpg?ver=1777362393\",\"contentUrl\":\"https:\\\/\\\/www.interflora.se\\\/inspiration\\\/wp-content\\\/litespeed\\\/avatar\\\/1fe3cced9e67df62d0a6f995d75823a5.jpg?ver=1777362393\",\"caption\":\"admin\"},\"sameAs\":[\"https:\\\/\\\/www.interflora.se\\\/inspiration\"],\"url\":\"https:\\\/\\\/www.interflora.se\\\/inspiration\\\/author\\\/admin\\\/\"}]}<\/script>\n<!-- \/ Yoast SEO plugin. -->","yoast_head_json":{"title":"V\u00e5r jubileumsvas Tidevarv tar form | Interflora","robots":{"index":"index","follow":"follow","max-snippet":"max-snippet:-1","max-image-preview":"max-image-preview:large","max-video-preview":"max-video-preview:-1"},"canonical":"https:\/\/www.interflora.se\/inspiration\/jubileumsvasen-tidevarv\/","og_locale":"sv_SE","og_type":"article","og_title":"V\u00e5r jubileumsvas Tidevarv tar form | Interflora","og_description":"Det \u00e4r november 2022 och fullt fokus i glashyttan i Reijmyre, ett av Sveriges \u00e4ldsta aktiva glasbruk, fyra mil norr [&hellip;]","og_url":"https:\/\/www.interflora.se\/inspiration\/jubileumsvasen-tidevarv\/","og_site_name":"Inspiration om blommor, krukv\u00e4xter &amp; trender | Interflora","article_publisher":"https:\/\/www.facebook.com\/InterfloraAB","article_published_time":"2022-11-24T04:11:54+00:00","article_modified_time":"2025-03-28T11:56:33+00:00","og_image":[{"width":1000,"height":667,"url":"https:\/\/www.interflora.se\/inspiration\/wp-content\/uploads\/2025\/03\/jubileumsvas-interflora-reijmyre-ann-wahlstrom-1.jpg","type":"image\/jpeg"}],"author":"admin","twitter_card":"summary_large_image","twitter_misc":{"Skriven av":"admin","Ber\u00e4knad l\u00e4stid":"1 minut"},"schema":{"@context":"https:\/\/schema.org","@graph":[{"@type":"Article","@id":"https:\/\/www.interflora.se\/inspiration\/jubileumsvasen-tidevarv\/#article","isPartOf":{"@id":"https:\/\/www.interflora.se\/inspiration\/jubileumsvasen-tidevarv\/"},"author":{"name":"admin","@id":"https:\/\/www.interflora.se\/inspiration\/#\/schema\/person\/dbbd1ad45e05409c356dc639597669f2"},"headline":"V\u00e5r jubileumsvas Tidevarv tar form","datePublished":"2022-11-24T04:11:54+00:00","dateModified":"2025-03-28T11:56:33+00:00","mainEntityOfPage":{"@id":"https:\/\/www.interflora.se\/inspiration\/jubileumsvasen-tidevarv\/"},"wordCount":293,"commentCount":0,"publisher":{"@id":"https:\/\/www.interflora.se\/inspiration\/#organization"},"image":{"@id":"https:\/\/www.interflora.se\/inspiration\/jubileumsvasen-tidevarv\/#primaryimage"},"thumbnailUrl":"https:\/\/www.interflora.se\/inspiration\/wp-content\/uploads\/2025\/03\/jubileumsvas-interflora-reijmyre-ann-wahlstrom-1.jpg","articleSection":["Senaste nytt"],"inLanguage":"sv-SE","potentialAction":[{"@type":"CommentAction","name":"Comment","target":["https:\/\/www.interflora.se\/inspiration\/jubileumsvasen-tidevarv\/#respond"]}]},{"@type":"WebPage","@id":"https:\/\/www.interflora.se\/inspiration\/jubileumsvasen-tidevarv\/","url":"https:\/\/www.interflora.se\/inspiration\/jubileumsvasen-tidevarv\/","name":"V\u00e5r jubileumsvas Tidevarv tar form | Interflora","isPartOf":{"@id":"https:\/\/www.interflora.se\/inspiration\/#website"},"primaryImageOfPage":{"@id":"https:\/\/www.interflora.se\/inspiration\/jubileumsvasen-tidevarv\/#primaryimage"},"image":{"@id":"https:\/\/www.interflora.se\/inspiration\/jubileumsvasen-tidevarv\/#primaryimage"},"thumbnailUrl":"https:\/\/www.interflora.se\/inspiration\/wp-content\/uploads\/2025\/03\/jubileumsvas-interflora-reijmyre-ann-wahlstrom-1.jpg","datePublished":"2022-11-24T04:11:54+00:00","dateModified":"2025-03-28T11:56:33+00:00","breadcrumb":{"@id":"https:\/\/www.interflora.se\/inspiration\/jubileumsvasen-tidevarv\/#breadcrumb"},"inLanguage":"sv-SE","potentialAction":[{"@type":"ReadAction","target":["https:\/\/www.interflora.se\/inspiration\/jubileumsvasen-tidevarv\/"]}]},{"@type":"ImageObject","inLanguage":"sv-SE","@id":"https:\/\/www.interflora.se\/inspiration\/jubileumsvasen-tidevarv\/#primaryimage","url":"https:\/\/www.interflora.se\/inspiration\/wp-content\/uploads\/2025\/03\/jubileumsvas-interflora-reijmyre-ann-wahlstrom-1.jpg","contentUrl":"https:\/\/www.interflora.se\/inspiration\/wp-content\/uploads\/2025\/03\/jubileumsvas-interflora-reijmyre-ann-wahlstrom-1.jpg","width":1000,"height":667},{"@type":"BreadcrumbList","@id":"https:\/\/www.interflora.se\/inspiration\/jubileumsvasen-tidevarv\/#breadcrumb","itemListElement":[{"@type":"ListItem","position":1,"name":"Home","item":"https:\/\/www.interflora.se\/inspiration\/"},{"@type":"ListItem","position":2,"name":"V\u00e5r jubileumsvas Tidevarv tar form"}]},{"@type":"WebSite","@id":"https:\/\/www.interflora.se\/inspiration\/#website","url":"https:\/\/www.interflora.se\/inspiration\/","name":"Interflora","description":"","publisher":{"@id":"https:\/\/www.interflora.se\/inspiration\/#organization"},"potentialAction":[{"@type":"SearchAction","target":{"@type":"EntryPoint","urlTemplate":"https:\/\/www.interflora.se\/inspiration\/?s={search_term_string}"},"query-input":{"@type":"PropertyValueSpecification","valueRequired":true,"valueName":"search_term_string"}}],"inLanguage":"sv-SE"},{"@type":"Organization","@id":"https:\/\/www.interflora.se\/inspiration\/#organization","name":"Interflora","url":"https:\/\/www.interflora.se\/inspiration\/","logo":{"@type":"ImageObject","inLanguage":"sv-SE","@id":"https:\/\/www.interflora.se\/inspiration\/#\/schema\/logo\/image\/","url":"https:\/\/www.interflora.se\/inspiration\/wp-content\/uploads\/2025\/09\/cropped-220422_INTERFLORA_Logo_rgb_Half_Top_Circle_Main_Color.avif","contentUrl":"https:\/\/www.interflora.se\/inspiration\/wp-content\/uploads\/2025\/09\/cropped-220422_INTERFLORA_Logo_rgb_Half_Top_Circle_Main_Color.avif","width":1418,"height":662,"caption":"Interflora"},"image":{"@id":"https:\/\/www.interflora.se\/inspiration\/#\/schema\/logo\/image\/"},"sameAs":["https:\/\/www.facebook.com\/InterfloraAB","https:\/\/www.instagram.com\/interflora_ab\/","https:\/\/www.linkedin.com\/company\/1494362","https:\/\/www.youtube.com\/channel\/UCZgDzGWB2VRxaoWFUmXnk1w"]},{"@type":"Person","@id":"https:\/\/www.interflora.se\/inspiration\/#\/schema\/person\/dbbd1ad45e05409c356dc639597669f2","name":"admin","image":{"@type":"ImageObject","inLanguage":"sv-SE","@id":"https:\/\/www.interflora.se\/inspiration\/wp-content\/litespeed\/avatar\/1fe3cced9e67df62d0a6f995d75823a5.jpg?ver=1777362393","url":"https:\/\/www.interflora.se\/inspiration\/wp-content\/litespeed\/avatar\/1fe3cced9e67df62d0a6f995d75823a5.jpg?ver=1777362393","contentUrl":"https:\/\/www.interflora.se\/inspiration\/wp-content\/litespeed\/avatar\/1fe3cced9e67df62d0a6f995d75823a5.jpg?ver=1777362393","caption":"admin"},"sameAs":["https:\/\/www.interflora.se\/inspiration"],"url":"https:\/\/www.interflora.se\/inspiration\/author\/admin\/"}]}},"uagb_featured_image_src":{"full":["https:\/\/www.interflora.se\/inspiration\/wp-content\/uploads\/2025\/03\/jubileumsvas-interflora-reijmyre-ann-wahlstrom-1.jpg",1000,667,false],"thumbnail":["https:\/\/www.interflora.se\/inspiration\/wp-content\/uploads\/2025\/03\/jubileumsvas-interflora-reijmyre-ann-wahlstrom-1-150x150.jpg",150,150,true],"medium":["https:\/\/www.interflora.se\/inspiration\/wp-content\/uploads\/2025\/03\/jubileumsvas-interflora-reijmyre-ann-wahlstrom-1-300x200.jpg",300,200,true],"medium_large":["https:\/\/www.interflora.se\/inspiration\/wp-content\/uploads\/2025\/03\/jubileumsvas-interflora-reijmyre-ann-wahlstrom-1-768x512.jpg",768,512,true],"large":["https:\/\/www.interflora.se\/inspiration\/wp-content\/uploads\/2025\/03\/jubileumsvas-interflora-reijmyre-ann-wahlstrom-1.jpg",1000,667,false],"1536x1536":["https:\/\/www.interflora.se\/inspiration\/wp-content\/uploads\/2025\/03\/jubileumsvas-interflora-reijmyre-ann-wahlstrom-1.jpg",1000,667,false],"2048x2048":["https:\/\/www.interflora.se\/inspiration\/wp-content\/uploads\/2025\/03\/jubileumsvas-interflora-reijmyre-ann-wahlstrom-1.jpg",1000,667,false]},"uagb_author_info":{"display_name":"admin","author_link":"https:\/\/www.interflora.se\/inspiration\/author\/admin\/"},"uagb_comment_info":0,"uagb_excerpt":"Det \u00e4r november 2022 och fullt fokus i glashyttan i Reijmyre, ett av Sveriges \u00e4ldsta aktiva glasbruk, fyra mil norr [&hellip;]","_links":{"self":[{"href":"https:\/\/www.interflora.se\/inspiration\/wp-json\/wp\/v2\/posts\/287","targetHints":{"allow":["GET"]}}],"collection":[{"href":"https:\/\/www.interflora.se\/inspiration\/wp-json\/wp\/v2\/posts"}],"about":[{"href":"https:\/\/www.interflora.se\/inspiration\/wp-json\/wp\/v2\/types\/post"}],"author":[{"embeddable":true,"href":"https:\/\/www.interflora.se\/inspiration\/wp-json\/wp\/v2\/users\/1"}],"replies":[{"embeddable":true,"href":"https:\/\/www.interflora.se\/inspiration\/wp-json\/wp\/v2\/comments?post=287"}],"version-history":[{"count":3,"href":"https:\/\/www.interflora.se\/inspiration\/wp-json\/wp\/v2\/posts\/287\/revisions"}],"predecessor-version":[{"id":2233,"href":"https:\/\/www.interflora.se\/inspiration\/wp-json\/wp\/v2\/posts\/287\/revisions\/2233"}],"wp:featuredmedia":[{"embeddable":true,"href":"https:\/\/www.interflora.se\/inspiration\/wp-json\/wp\/v2\/media\/2230"}],"wp:attachment":[{"href":"https:\/\/www.interflora.se\/inspiration\/wp-json\/wp\/v2\/media?parent=287"}],"wp:term":[{"taxonomy":"category","embeddable":true,"href":"https:\/\/www.interflora.se\/inspiration\/wp-json\/wp\/v2\/categories?post=287"},{"taxonomy":"post_tag","embeddable":true,"href":"https:\/\/www.interflora.se\/inspiration\/wp-json\/wp\/v2\/tags?post=287"}],"curies":[{"name":"wp","href":"https:\/\/api.w.org\/{rel}","templated":true}]}}