{"id":285,"date":"2024-07-03T09:13:48","date_gmt":"2024-07-03T07:13:48","guid":{"rendered":"http:\/\/preprodblog.interflora.se\/blog\/?p=285"},"modified":"2025-03-26T16:01:45","modified_gmt":"2025-03-26T15:01:45","slug":"joacim-lindgren-intervju","status":"publish","type":"post","link":"https:\/\/www.interflora.se\/inspiration\/joacim-lindgren-intervju\/","title":{"rendered":"M\u00f6t m\u00e4sterfloristen Joacim Lindgren"},"content":{"rendered":"\n<p>&#8221;T\u00e4vlandet har betytt otroligt mycket f\u00f6r mig&#8221;&nbsp;<\/p>\n\n\n\n<p>&nbsp;<strong>Joacim Lindgren har en l\u00e5ng meritlista som florist. F\u00f6rsta t\u00e4vlingstiteln vann han redan 1987 och utm\u00e4rkelserna har blivit m\u00e5nga under \u00e5rens lopp. Nu kliver han fram som en av Interfloras m\u00e4sterflorister.&nbsp;<\/strong>&nbsp;<\/p>\n\n\n\n<p>En intensiv f\u00e4rgskala pr\u00e4glar blomsterkollektionen han tagit fram f\u00f6r Interflora. Men det \u00e4r inte f\u00e4rgerna som inspirerar honom, det \u00e4r naturens skiftningar.&nbsp;<\/p>\n\n\n\n<p>\u2013 Jag tycker om v\u00e4xlingarna som sker n\u00e4r en s\u00e4song g\u00e5r \u00f6ver i en annan. Det \u00e4r en tjusning i att sommarens blomsterprakt byts mot h\u00f6stens starka kul\u00f6rer, b\u00e4r och fr\u00f6st\u00e4llningar.&nbsp;<\/p>\n\n\n\n<figure class=\"wp-block-image\"><img decoding=\"async\" src=\"https:\/\/www.interflora.se\/inspiration\/wp-content\/uploads\/2025\/03\/masterflorist-gruppbild-kvadratisk.jpg\" alt=\"M\u00e4sterflorist-Gruppbild-kvadratisk.jpg\"\/><\/figure>\n\n\n\n<p>Allt detta&nbsp;syns&nbsp;i hans&nbsp;yppiga&nbsp;buketter,&nbsp;trolska&nbsp;bordsdekoration och&nbsp;gener\u00f6sa&nbsp;krans.&nbsp;Bland ljung, hortensia och krysantemum finner man p\u00e5minnelser om sk\u00f6rdetid.&nbsp;<\/p>\n\n\n\n<p>\u2013 N\u00e4r jag gjorde&nbsp;<a href=\"https:\/\/www.interflora.se\/interflora\/produktkategorier\/masterflorist\/skordetid-krans\/\">kransen<\/a>&nbsp;t\u00e4nkte jag mig det finaste fr\u00e5n tr\u00e4dg\u00e5rden tillsammans med olika b\u00e4r och kron\u00e4rtskockor, men \u00e4ven limonium som f\u00f6rst\u00e4rker k\u00e4nslan av att man plockat det sista innan frosten sl\u00e5r till.&nbsp;&nbsp;<\/p>\n\n\n\n<figure class=\"wp-block-image\"><img decoding=\"async\" src=\"https:\/\/www.interflora.se\/inspiration\/wp-content\/uploads\/2025\/03\/masterflorist-solfjader-pastell.jpg\" alt=\"M\u00e4sterflorist-Solfj\u00e4der-pastell.jpg\"\/><\/figure>\n\n\n\n<p>En av hans styrkor som florist \u00e4r just att se egenskaperna hos olika blommor och hur man kan kombinera dem.&nbsp;<\/p>\n\n\n\n<p>\u2013 Jag jobbar g\u00e4rna med en bas av naturmaterial d\u00e4r jag blandar in odlade snittblommor. Det ska helst vara mycket luft mellan, k\u00e4nnas spontant och livfullt.&nbsp;<\/p>\n\n\n\n<p>Den omf\u00e5ngsrika&nbsp;<a href=\"https:\/\/www.interflora.se\/interflora\/produktkategorier\/masterflorist\/skordetid-krans\/\">kransen<\/a>&nbsp;drar blickarna till sig d\u00e4r man placerar den. Materialet torkar vackert och det g\u00f6r att man kan njuta av den l\u00e4nge.&nbsp;&nbsp;<\/p>\n\n\n\n<figure class=\"wp-block-image\"><img decoding=\"async\" src=\"https:\/\/www.interflora.se\/inspiration\/wp-content\/uploads\/2025\/03\/masteflorist-skordetid-krans.jpg\" alt=\"M\u00e4steflorist-Sk\u00f6rdetid-krans.jpg\"\/><\/figure>\n\n\n\n<p>I kollektionen finns ocks\u00e5 en&nbsp;<a href=\"https:\/\/www.interflora.se\/interflora\/produktkategorier\/masterflorist\/hosteld-bordsdekoration\/\">bordsdekoration<\/a>&nbsp;som vilar i en sk\u00e5l av ljung d\u00e4r r\u00f6d och cerise cyklamen st\u00e5r t\u00e4tt, t\u00e4tt kantade av gr\u00e4svippor och b\u00e4r.&nbsp;<\/p>\n\n\n\n<p>\u2013 Den \u00e4r fin p\u00e5 ett bord, som plantering i ett uterum eller kanske i en offentlig milj\u00f6, f\u00f6resl\u00e5r Joacim.&nbsp;<\/p>\n\n\n\n<p>Man kan nog s\u00e4ga att han f\u00f6ddes in i floristyrket, men har g\u00e5tt sin egen v\u00e4g. Familjen hade blomsterbutik i Askersund, men f\u00f6r egen del lockade \u00d6rebro mer och f\u00f6r 23 \u00e5r sedan tog han \u00f6ver Iris Blommor, mitt i stan. Att nu ha blivit utsedd till en av Interfloras m\u00e4sterflorister ser han som en \u00e4ra.&nbsp;<\/p>\n\n\n\n<p>\u2013 Det k\u00e4nns j\u00e4tteroligt och smickrande f\u00f6rst\u00e5s, s\u00e4ger han.&nbsp;<\/p>\n\n\n\n<figure class=\"wp-block-image\"><img decoding=\"async\" src=\"https:\/\/www.interflora.se\/inspiration\/wp-content\/uploads\/2025\/03\/masterflorist-solfjader-pastell-narbild-2.jpg\" alt=\"M\u00e4sterflorist-Solfj\u00e4der-pastell-n\u00e4rbild-2.jpg\"\/><\/figure>\n\n\n\n<p>Vid sidan av butiksarbetet har m\u00e5nga \u00e5r av floristiskt t\u00e4vlande gett v\u00e4rdefulla kunskaper i bindningsteknik och hantverksskicklighet. Han har vunnit Svenska M\u00e4sterskapen i det som f\u00f6rr hette blomsterbinderi (numera blomsterdesign), men \u00e4ven silver och brons ett flertal g\u00e5nger, liksom b\u00e5de guld och silver i Nordiska M\u00e4sterskapen i blomsterkonst. Numera har han tagit ytterligare ett steg som domare.&nbsp;<\/p>\n\n\n\n<p>\u2013 T\u00e4vlingar g\u00f6r att man utvecklas i sitt hantverk och l\u00e4r sig mer om tekniken och trenderna. T\u00e4vlandet har betytt otroligt mycket f\u00f6r mig, s\u00e4ger Joacim.&nbsp;<\/p>\n\n\n\n<figure class=\"wp-block-image\"><img decoding=\"async\" src=\"https:\/\/www.interflora.se\/inspiration\/wp-content\/uploads\/2025\/03\/skordetid-krans-narbild-2.jpg\" alt=\"Sk\u00f6rdetid-krans-n\u00e4rbild-2.jpg\"\/><\/figure>\n\n\n\n<div class=\"wp-block-columns has-border-color has-ast-global-color-2-border-color is-layout-flex wp-container-core-columns-is-layout-a3f227f9 wp-block-columns-is-layout-flex\" style=\"border-width:1px;padding-top:var(--wp--preset--spacing--30);padding-right:var(--wp--preset--spacing--60);padding-bottom:var(--wp--preset--spacing--30);padding-left:var(--wp--preset--spacing--60)\">\n<div class=\"wp-block-column is-layout-flow wp-block-column-is-layout-flow\">\n<p><strong>Namn:<\/strong>\u00a0Joacim Lindgren\u00a0<br><strong>Aktuell:<\/strong>\u00a0\u202fSom en av Interfloras handplockade m\u00e4sterflorister.\u00a0<br><strong>\u00c5r i yrket:\u00a0<\/strong>Plus 35<br><strong>Driver:\u202f<\/strong> Interflora Iris Blommor i \u00d6rebro.<br><strong>Styrka som florist:\u202f<\/strong> Ser egenskaper i blommor och hur man kan kombinera dem.\u202f\u00a0<br><strong>S\u00e5 f\u00e5r jag nya id\u00e9er:<\/strong>\u00a0Av att vistas mycket ute i naturen, det \u00e4r en stor inspirationsk\u00e4lla.<br><strong>Meriter:\u00a0<\/strong>Guld, silver och brons i Svenska M\u00e4sterskapen i det som f\u00f6rr hette blomsterbinderi (numera blomsterdesign). Guld och silver i Nordiska M\u00e4sterskapen i blomsterkonst. \u00c4r numera domare f\u00f6r floristt\u00e4vlingar.<\/p>\n<\/div>\n<\/div>\n\n\n\n<p><\/p>\n","protected":false},"excerpt":{"rendered":"<p>&#8221;T\u00e4vlandet har betytt otroligt mycket f\u00f6r mig&#8221;&nbsp; &nbsp;Joacim Lindgren har en l\u00e5ng meritlista som florist. F\u00f6rsta t\u00e4vlingstiteln vann han redan [&hellip;]<\/p>\n","protected":false},"author":1,"featured_media":2563,"comment_status":"open","ping_status":"open","sticky":false,"template":"","format":"standard","meta":{"_uag_custom_page_level_css":"","site-sidebar-layout":"default","site-content-layout":"","ast-site-content-layout":"default","site-content-style":"default","site-sidebar-style":"default","ast-global-header-display":"","ast-banner-title-visibility":"","ast-main-header-display":"","ast-hfb-above-header-display":"","ast-hfb-below-header-display":"","ast-hfb-mobile-header-display":"","site-post-title":"","ast-breadcrumbs-content":"","ast-featured-img":"","footer-sml-layout":"","ast-disable-related-posts":"","theme-transparent-header-meta":"","adv-header-id-meta":"","stick-header-meta":"","header-above-stick-meta":"","header-main-stick-meta":"","header-below-stick-meta":"","astra-migrate-meta-layouts":"default","ast-page-background-enabled":"default","ast-page-background-meta":{"desktop":{"background-color":"var(--ast-global-color-5)","background-image":"","background-repeat":"repeat","background-position":"center center","background-size":"auto","background-attachment":"scroll","background-type":"","background-media":"","overlay-type":"","overlay-color":"","overlay-opacity":"","overlay-gradient":""},"tablet":{"background-color":"","background-image":"","background-repeat":"repeat","background-position":"center center","background-size":"auto","background-attachment":"scroll","background-type":"","background-media":"","overlay-type":"","overlay-color":"","overlay-opacity":"","overlay-gradient":""},"mobile":{"background-color":"","background-image":"","background-repeat":"repeat","background-position":"center center","background-size":"auto","background-attachment":"scroll","background-type":"","background-media":"","overlay-type":"","overlay-color":"","overlay-opacity":"","overlay-gradient":""}},"ast-content-background-meta":{"desktop":{"background-color":"var(--ast-global-color-4)","background-image":"","background-repeat":"repeat","background-position":"center center","background-size":"auto","background-attachment":"scroll","background-type":"","background-media":"","overlay-type":"","overlay-color":"","overlay-opacity":"","overlay-gradient":""},"tablet":{"background-color":"var(--ast-global-color-4)","background-image":"","background-repeat":"repeat","background-position":"center center","background-size":"auto","background-attachment":"scroll","background-type":"","background-media":"","overlay-type":"","overlay-color":"","overlay-opacity":"","overlay-gradient":""},"mobile":{"background-color":"var(--ast-global-color-4)","background-image":"","background-repeat":"repeat","background-position":"center center","background-size":"auto","background-attachment":"scroll","background-type":"","background-media":"","overlay-type":"","overlay-color":"","overlay-opacity":"","overlay-gradient":""}},"footnotes":""},"categories":[12],"tags":[],"class_list":["post-285","post","type-post","status-publish","format-standard","has-post-thumbnail","hentry","category-mot-vara-florister"],"yoast_head":"<!-- This site is optimized with the Yoast SEO plugin v27.4 - https:\/\/yoast.com\/product\/yoast-seo-wordpress\/ -->\n<title>M\u00f6t m\u00e4sterfloristen Joacim Lindgren | Interflora<\/title>\n<meta name=\"robots\" content=\"index, follow, max-snippet:-1, max-image-preview:large, max-video-preview:-1\" \/>\n<link rel=\"canonical\" href=\"https:\/\/www.interflora.se\/inspiration\/joacim-lindgren-intervju\/\" \/>\n<meta property=\"og:locale\" content=\"sv_SE\" \/>\n<meta property=\"og:type\" content=\"article\" \/>\n<meta property=\"og:title\" content=\"M\u00f6t m\u00e4sterfloristen Joacim Lindgren | Interflora\" \/>\n<meta property=\"og:description\" content=\"&#8221;T\u00e4vlandet har betytt otroligt mycket f\u00f6r mig&#8221;&nbsp; &nbsp;Joacim Lindgren har en l\u00e5ng meritlista som florist. F\u00f6rsta t\u00e4vlingstiteln vann han redan [&hellip;]\" \/>\n<meta property=\"og:url\" content=\"https:\/\/www.interflora.se\/inspiration\/joacim-lindgren-intervju\/\" \/>\n<meta property=\"og:site_name\" content=\"Inspiration om blommor, krukv\u00e4xter &amp; trender | Interflora\" \/>\n<meta property=\"article:publisher\" content=\"https:\/\/www.facebook.com\/InterfloraAB\" \/>\n<meta property=\"article:published_time\" content=\"2024-07-03T07:13:48+00:00\" \/>\n<meta property=\"article:modified_time\" content=\"2025-03-26T15:01:45+00:00\" \/>\n<meta property=\"og:image\" content=\"https:\/\/www.interflora.se\/inspiration\/wp-content\/uploads\/2025\/03\/masterflorist-gruppbild-kvadratisk.jpg\" \/>\n\t<meta property=\"og:image:width\" content=\"1500\" \/>\n\t<meta property=\"og:image:height\" content=\"1693\" \/>\n\t<meta property=\"og:image:type\" content=\"image\/jpeg\" \/>\n<meta name=\"author\" content=\"admin\" \/>\n<meta name=\"twitter:card\" content=\"summary_large_image\" \/>\n<meta name=\"twitter:label1\" content=\"Skriven av\" \/>\n\t<meta name=\"twitter:data1\" content=\"admin\" \/>\n\t<meta name=\"twitter:label2\" content=\"Ber\u00e4knad l\u00e4stid\" \/>\n\t<meta name=\"twitter:data2\" content=\"3 minuter\" \/>\n<script type=\"application\/ld+json\" class=\"yoast-schema-graph\">{\"@context\":\"https:\\\/\\\/schema.org\",\"@graph\":[{\"@type\":\"Article\",\"@id\":\"https:\\\/\\\/www.interflora.se\\\/inspiration\\\/joacim-lindgren-intervju\\\/#article\",\"isPartOf\":{\"@id\":\"https:\\\/\\\/www.interflora.se\\\/inspiration\\\/joacim-lindgren-intervju\\\/\"},\"author\":{\"name\":\"admin\",\"@id\":\"https:\\\/\\\/www.interflora.se\\\/inspiration\\\/#\\\/schema\\\/person\\\/dbbd1ad45e05409c356dc639597669f2\"},\"headline\":\"M\u00f6t m\u00e4sterfloristen Joacim Lindgren\",\"datePublished\":\"2024-07-03T07:13:48+00:00\",\"dateModified\":\"2025-03-26T15:01:45+00:00\",\"mainEntityOfPage\":{\"@id\":\"https:\\\/\\\/www.interflora.se\\\/inspiration\\\/joacim-lindgren-intervju\\\/\"},\"wordCount\":609,\"commentCount\":0,\"publisher\":{\"@id\":\"https:\\\/\\\/www.interflora.se\\\/inspiration\\\/#organization\"},\"image\":{\"@id\":\"https:\\\/\\\/www.interflora.se\\\/inspiration\\\/joacim-lindgren-intervju\\\/#primaryimage\"},\"thumbnailUrl\":\"https:\\\/\\\/www.interflora.se\\\/inspiration\\\/wp-content\\\/uploads\\\/2025\\\/03\\\/masterflorist-gruppbild-kvadratisk.jpg\",\"articleSection\":[\"M\u00f6t v\u00e5ra florister\"],\"inLanguage\":\"sv-SE\",\"potentialAction\":[{\"@type\":\"CommentAction\",\"name\":\"Comment\",\"target\":[\"https:\\\/\\\/www.interflora.se\\\/inspiration\\\/joacim-lindgren-intervju\\\/#respond\"]}]},{\"@type\":\"WebPage\",\"@id\":\"https:\\\/\\\/www.interflora.se\\\/inspiration\\\/joacim-lindgren-intervju\\\/\",\"url\":\"https:\\\/\\\/www.interflora.se\\\/inspiration\\\/joacim-lindgren-intervju\\\/\",\"name\":\"M\u00f6t m\u00e4sterfloristen Joacim Lindgren | Interflora\",\"isPartOf\":{\"@id\":\"https:\\\/\\\/www.interflora.se\\\/inspiration\\\/#website\"},\"primaryImageOfPage\":{\"@id\":\"https:\\\/\\\/www.interflora.se\\\/inspiration\\\/joacim-lindgren-intervju\\\/#primaryimage\"},\"image\":{\"@id\":\"https:\\\/\\\/www.interflora.se\\\/inspiration\\\/joacim-lindgren-intervju\\\/#primaryimage\"},\"thumbnailUrl\":\"https:\\\/\\\/www.interflora.se\\\/inspiration\\\/wp-content\\\/uploads\\\/2025\\\/03\\\/masterflorist-gruppbild-kvadratisk.jpg\",\"datePublished\":\"2024-07-03T07:13:48+00:00\",\"dateModified\":\"2025-03-26T15:01:45+00:00\",\"breadcrumb\":{\"@id\":\"https:\\\/\\\/www.interflora.se\\\/inspiration\\\/joacim-lindgren-intervju\\\/#breadcrumb\"},\"inLanguage\":\"sv-SE\",\"potentialAction\":[{\"@type\":\"ReadAction\",\"target\":[\"https:\\\/\\\/www.interflora.se\\\/inspiration\\\/joacim-lindgren-intervju\\\/\"]}]},{\"@type\":\"ImageObject\",\"inLanguage\":\"sv-SE\",\"@id\":\"https:\\\/\\\/www.interflora.se\\\/inspiration\\\/joacim-lindgren-intervju\\\/#primaryimage\",\"url\":\"https:\\\/\\\/www.interflora.se\\\/inspiration\\\/wp-content\\\/uploads\\\/2025\\\/03\\\/masterflorist-gruppbild-kvadratisk.jpg\",\"contentUrl\":\"https:\\\/\\\/www.interflora.se\\\/inspiration\\\/wp-content\\\/uploads\\\/2025\\\/03\\\/masterflorist-gruppbild-kvadratisk.jpg\",\"width\":1500,\"height\":1693},{\"@type\":\"BreadcrumbList\",\"@id\":\"https:\\\/\\\/www.interflora.se\\\/inspiration\\\/joacim-lindgren-intervju\\\/#breadcrumb\",\"itemListElement\":[{\"@type\":\"ListItem\",\"position\":1,\"name\":\"Home\",\"item\":\"https:\\\/\\\/www.interflora.se\\\/inspiration\\\/\"},{\"@type\":\"ListItem\",\"position\":2,\"name\":\"M\u00f6t m\u00e4sterfloristen Joacim Lindgren\"}]},{\"@type\":\"WebSite\",\"@id\":\"https:\\\/\\\/www.interflora.se\\\/inspiration\\\/#website\",\"url\":\"https:\\\/\\\/www.interflora.se\\\/inspiration\\\/\",\"name\":\"Interflora\",\"description\":\"\",\"publisher\":{\"@id\":\"https:\\\/\\\/www.interflora.se\\\/inspiration\\\/#organization\"},\"potentialAction\":[{\"@type\":\"SearchAction\",\"target\":{\"@type\":\"EntryPoint\",\"urlTemplate\":\"https:\\\/\\\/www.interflora.se\\\/inspiration\\\/?s={search_term_string}\"},\"query-input\":{\"@type\":\"PropertyValueSpecification\",\"valueRequired\":true,\"valueName\":\"search_term_string\"}}],\"inLanguage\":\"sv-SE\"},{\"@type\":\"Organization\",\"@id\":\"https:\\\/\\\/www.interflora.se\\\/inspiration\\\/#organization\",\"name\":\"Interflora\",\"url\":\"https:\\\/\\\/www.interflora.se\\\/inspiration\\\/\",\"logo\":{\"@type\":\"ImageObject\",\"inLanguage\":\"sv-SE\",\"@id\":\"https:\\\/\\\/www.interflora.se\\\/inspiration\\\/#\\\/schema\\\/logo\\\/image\\\/\",\"url\":\"https:\\\/\\\/www.interflora.se\\\/inspiration\\\/wp-content\\\/uploads\\\/2025\\\/09\\\/cropped-220422_INTERFLORA_Logo_rgb_Half_Top_Circle_Main_Color.avif\",\"contentUrl\":\"https:\\\/\\\/www.interflora.se\\\/inspiration\\\/wp-content\\\/uploads\\\/2025\\\/09\\\/cropped-220422_INTERFLORA_Logo_rgb_Half_Top_Circle_Main_Color.avif\",\"width\":1418,\"height\":662,\"caption\":\"Interflora\"},\"image\":{\"@id\":\"https:\\\/\\\/www.interflora.se\\\/inspiration\\\/#\\\/schema\\\/logo\\\/image\\\/\"},\"sameAs\":[\"https:\\\/\\\/www.facebook.com\\\/InterfloraAB\",\"https:\\\/\\\/www.instagram.com\\\/interflora_ab\\\/\",\"https:\\\/\\\/www.linkedin.com\\\/company\\\/1494362\",\"https:\\\/\\\/www.youtube.com\\\/channel\\\/UCZgDzGWB2VRxaoWFUmXnk1w\"]},{\"@type\":\"Person\",\"@id\":\"https:\\\/\\\/www.interflora.se\\\/inspiration\\\/#\\\/schema\\\/person\\\/dbbd1ad45e05409c356dc639597669f2\",\"name\":\"admin\",\"image\":{\"@type\":\"ImageObject\",\"inLanguage\":\"sv-SE\",\"@id\":\"https:\\\/\\\/www.interflora.se\\\/inspiration\\\/wp-content\\\/litespeed\\\/avatar\\\/1fe3cced9e67df62d0a6f995d75823a5.jpg?ver=1777362393\",\"url\":\"https:\\\/\\\/www.interflora.se\\\/inspiration\\\/wp-content\\\/litespeed\\\/avatar\\\/1fe3cced9e67df62d0a6f995d75823a5.jpg?ver=1777362393\",\"contentUrl\":\"https:\\\/\\\/www.interflora.se\\\/inspiration\\\/wp-content\\\/litespeed\\\/avatar\\\/1fe3cced9e67df62d0a6f995d75823a5.jpg?ver=1777362393\",\"caption\":\"admin\"},\"sameAs\":[\"https:\\\/\\\/www.interflora.se\\\/inspiration\"],\"url\":\"https:\\\/\\\/www.interflora.se\\\/inspiration\\\/author\\\/admin\\\/\"}]}<\/script>\n<!-- \/ Yoast SEO plugin. -->","yoast_head_json":{"title":"M\u00f6t m\u00e4sterfloristen Joacim Lindgren | Interflora","robots":{"index":"index","follow":"follow","max-snippet":"max-snippet:-1","max-image-preview":"max-image-preview:large","max-video-preview":"max-video-preview:-1"},"canonical":"https:\/\/www.interflora.se\/inspiration\/joacim-lindgren-intervju\/","og_locale":"sv_SE","og_type":"article","og_title":"M\u00f6t m\u00e4sterfloristen Joacim Lindgren | Interflora","og_description":"&#8221;T\u00e4vlandet har betytt otroligt mycket f\u00f6r mig&#8221;&nbsp; &nbsp;Joacim Lindgren har en l\u00e5ng meritlista som florist. F\u00f6rsta t\u00e4vlingstiteln vann han redan [&hellip;]","og_url":"https:\/\/www.interflora.se\/inspiration\/joacim-lindgren-intervju\/","og_site_name":"Inspiration om blommor, krukv\u00e4xter &amp; trender | Interflora","article_publisher":"https:\/\/www.facebook.com\/InterfloraAB","article_published_time":"2024-07-03T07:13:48+00:00","article_modified_time":"2025-03-26T15:01:45+00:00","og_image":[{"width":1500,"height":1693,"url":"https:\/\/www.interflora.se\/inspiration\/wp-content\/uploads\/2025\/03\/masterflorist-gruppbild-kvadratisk.jpg","type":"image\/jpeg"}],"author":"admin","twitter_card":"summary_large_image","twitter_misc":{"Skriven av":"admin","Ber\u00e4knad l\u00e4stid":"3 minuter"},"schema":{"@context":"https:\/\/schema.org","@graph":[{"@type":"Article","@id":"https:\/\/www.interflora.se\/inspiration\/joacim-lindgren-intervju\/#article","isPartOf":{"@id":"https:\/\/www.interflora.se\/inspiration\/joacim-lindgren-intervju\/"},"author":{"name":"admin","@id":"https:\/\/www.interflora.se\/inspiration\/#\/schema\/person\/dbbd1ad45e05409c356dc639597669f2"},"headline":"M\u00f6t m\u00e4sterfloristen Joacim Lindgren","datePublished":"2024-07-03T07:13:48+00:00","dateModified":"2025-03-26T15:01:45+00:00","mainEntityOfPage":{"@id":"https:\/\/www.interflora.se\/inspiration\/joacim-lindgren-intervju\/"},"wordCount":609,"commentCount":0,"publisher":{"@id":"https:\/\/www.interflora.se\/inspiration\/#organization"},"image":{"@id":"https:\/\/www.interflora.se\/inspiration\/joacim-lindgren-intervju\/#primaryimage"},"thumbnailUrl":"https:\/\/www.interflora.se\/inspiration\/wp-content\/uploads\/2025\/03\/masterflorist-gruppbild-kvadratisk.jpg","articleSection":["M\u00f6t v\u00e5ra florister"],"inLanguage":"sv-SE","potentialAction":[{"@type":"CommentAction","name":"Comment","target":["https:\/\/www.interflora.se\/inspiration\/joacim-lindgren-intervju\/#respond"]}]},{"@type":"WebPage","@id":"https:\/\/www.interflora.se\/inspiration\/joacim-lindgren-intervju\/","url":"https:\/\/www.interflora.se\/inspiration\/joacim-lindgren-intervju\/","name":"M\u00f6t m\u00e4sterfloristen Joacim Lindgren | Interflora","isPartOf":{"@id":"https:\/\/www.interflora.se\/inspiration\/#website"},"primaryImageOfPage":{"@id":"https:\/\/www.interflora.se\/inspiration\/joacim-lindgren-intervju\/#primaryimage"},"image":{"@id":"https:\/\/www.interflora.se\/inspiration\/joacim-lindgren-intervju\/#primaryimage"},"thumbnailUrl":"https:\/\/www.interflora.se\/inspiration\/wp-content\/uploads\/2025\/03\/masterflorist-gruppbild-kvadratisk.jpg","datePublished":"2024-07-03T07:13:48+00:00","dateModified":"2025-03-26T15:01:45+00:00","breadcrumb":{"@id":"https:\/\/www.interflora.se\/inspiration\/joacim-lindgren-intervju\/#breadcrumb"},"inLanguage":"sv-SE","potentialAction":[{"@type":"ReadAction","target":["https:\/\/www.interflora.se\/inspiration\/joacim-lindgren-intervju\/"]}]},{"@type":"ImageObject","inLanguage":"sv-SE","@id":"https:\/\/www.interflora.se\/inspiration\/joacim-lindgren-intervju\/#primaryimage","url":"https:\/\/www.interflora.se\/inspiration\/wp-content\/uploads\/2025\/03\/masterflorist-gruppbild-kvadratisk.jpg","contentUrl":"https:\/\/www.interflora.se\/inspiration\/wp-content\/uploads\/2025\/03\/masterflorist-gruppbild-kvadratisk.jpg","width":1500,"height":1693},{"@type":"BreadcrumbList","@id":"https:\/\/www.interflora.se\/inspiration\/joacim-lindgren-intervju\/#breadcrumb","itemListElement":[{"@type":"ListItem","position":1,"name":"Home","item":"https:\/\/www.interflora.se\/inspiration\/"},{"@type":"ListItem","position":2,"name":"M\u00f6t m\u00e4sterfloristen Joacim Lindgren"}]},{"@type":"WebSite","@id":"https:\/\/www.interflora.se\/inspiration\/#website","url":"https:\/\/www.interflora.se\/inspiration\/","name":"Interflora","description":"","publisher":{"@id":"https:\/\/www.interflora.se\/inspiration\/#organization"},"potentialAction":[{"@type":"SearchAction","target":{"@type":"EntryPoint","urlTemplate":"https:\/\/www.interflora.se\/inspiration\/?s={search_term_string}"},"query-input":{"@type":"PropertyValueSpecification","valueRequired":true,"valueName":"search_term_string"}}],"inLanguage":"sv-SE"},{"@type":"Organization","@id":"https:\/\/www.interflora.se\/inspiration\/#organization","name":"Interflora","url":"https:\/\/www.interflora.se\/inspiration\/","logo":{"@type":"ImageObject","inLanguage":"sv-SE","@id":"https:\/\/www.interflora.se\/inspiration\/#\/schema\/logo\/image\/","url":"https:\/\/www.interflora.se\/inspiration\/wp-content\/uploads\/2025\/09\/cropped-220422_INTERFLORA_Logo_rgb_Half_Top_Circle_Main_Color.avif","contentUrl":"https:\/\/www.interflora.se\/inspiration\/wp-content\/uploads\/2025\/09\/cropped-220422_INTERFLORA_Logo_rgb_Half_Top_Circle_Main_Color.avif","width":1418,"height":662,"caption":"Interflora"},"image":{"@id":"https:\/\/www.interflora.se\/inspiration\/#\/schema\/logo\/image\/"},"sameAs":["https:\/\/www.facebook.com\/InterfloraAB","https:\/\/www.instagram.com\/interflora_ab\/","https:\/\/www.linkedin.com\/company\/1494362","https:\/\/www.youtube.com\/channel\/UCZgDzGWB2VRxaoWFUmXnk1w"]},{"@type":"Person","@id":"https:\/\/www.interflora.se\/inspiration\/#\/schema\/person\/dbbd1ad45e05409c356dc639597669f2","name":"admin","image":{"@type":"ImageObject","inLanguage":"sv-SE","@id":"https:\/\/www.interflora.se\/inspiration\/wp-content\/litespeed\/avatar\/1fe3cced9e67df62d0a6f995d75823a5.jpg?ver=1777362393","url":"https:\/\/www.interflora.se\/inspiration\/wp-content\/litespeed\/avatar\/1fe3cced9e67df62d0a6f995d75823a5.jpg?ver=1777362393","contentUrl":"https:\/\/www.interflora.se\/inspiration\/wp-content\/litespeed\/avatar\/1fe3cced9e67df62d0a6f995d75823a5.jpg?ver=1777362393","caption":"admin"},"sameAs":["https:\/\/www.interflora.se\/inspiration"],"url":"https:\/\/www.interflora.se\/inspiration\/author\/admin\/"}]}},"uagb_featured_image_src":{"full":["https:\/\/www.interflora.se\/inspiration\/wp-content\/uploads\/2025\/03\/masterflorist-gruppbild-kvadratisk.jpg",1500,1693,false],"thumbnail":["https:\/\/www.interflora.se\/inspiration\/wp-content\/uploads\/2025\/03\/masterflorist-gruppbild-kvadratisk-150x150.jpg",150,150,true],"medium":["https:\/\/www.interflora.se\/inspiration\/wp-content\/uploads\/2025\/03\/masterflorist-gruppbild-kvadratisk-266x300.jpg",266,300,true],"medium_large":["https:\/\/www.interflora.se\/inspiration\/wp-content\/uploads\/2025\/03\/masterflorist-gruppbild-kvadratisk-768x867.jpg",768,867,true],"large":["https:\/\/www.interflora.se\/inspiration\/wp-content\/uploads\/2025\/03\/masterflorist-gruppbild-kvadratisk-907x1024.jpg",907,1024,true],"1536x1536":["https:\/\/www.interflora.se\/inspiration\/wp-content\/uploads\/2025\/03\/masterflorist-gruppbild-kvadratisk-1361x1536.jpg",1361,1536,true],"2048x2048":["https:\/\/www.interflora.se\/inspiration\/wp-content\/uploads\/2025\/03\/masterflorist-gruppbild-kvadratisk.jpg",1500,1693,false]},"uagb_author_info":{"display_name":"admin","author_link":"https:\/\/www.interflora.se\/inspiration\/author\/admin\/"},"uagb_comment_info":0,"uagb_excerpt":"&#8221;T\u00e4vlandet har betytt otroligt mycket f\u00f6r mig&#8221;&nbsp; &nbsp;Joacim Lindgren har en l\u00e5ng meritlista som florist. F\u00f6rsta t\u00e4vlingstiteln vann han redan [&hellip;]","_links":{"self":[{"href":"https:\/\/www.interflora.se\/inspiration\/wp-json\/wp\/v2\/posts\/285","targetHints":{"allow":["GET"]}}],"collection":[{"href":"https:\/\/www.interflora.se\/inspiration\/wp-json\/wp\/v2\/posts"}],"about":[{"href":"https:\/\/www.interflora.se\/inspiration\/wp-json\/wp\/v2\/types\/post"}],"author":[{"embeddable":true,"href":"https:\/\/www.interflora.se\/inspiration\/wp-json\/wp\/v2\/users\/1"}],"replies":[{"embeddable":true,"href":"https:\/\/www.interflora.se\/inspiration\/wp-json\/wp\/v2\/comments?post=285"}],"version-history":[{"count":1,"href":"https:\/\/www.interflora.se\/inspiration\/wp-json\/wp\/v2\/posts\/285\/revisions"}],"predecessor-version":[{"id":2568,"href":"https:\/\/www.interflora.se\/inspiration\/wp-json\/wp\/v2\/posts\/285\/revisions\/2568"}],"wp:featuredmedia":[{"embeddable":true,"href":"https:\/\/www.interflora.se\/inspiration\/wp-json\/wp\/v2\/media\/2563"}],"wp:attachment":[{"href":"https:\/\/www.interflora.se\/inspiration\/wp-json\/wp\/v2\/media?parent=285"}],"wp:term":[{"taxonomy":"category","embeddable":true,"href":"https:\/\/www.interflora.se\/inspiration\/wp-json\/wp\/v2\/categories?post=285"},{"taxonomy":"post_tag","embeddable":true,"href":"https:\/\/www.interflora.se\/inspiration\/wp-json\/wp\/v2\/tags?post=285"}],"curies":[{"name":"wp","href":"https:\/\/api.w.org\/{rel}","templated":true}]}}