{"id":283,"date":"2023-08-30T09:17:02","date_gmt":"2023-08-30T07:17:02","guid":{"rendered":"http:\/\/preprodblog.interflora.se\/blog\/?p=283"},"modified":"2025-03-26T12:15:45","modified_gmt":"2025-03-26T11:15:45","slug":"isbollar-med-blommor","status":"publish","type":"post","link":"https:\/\/www.interflora.se\/inspiration\/isbollar-med-blommor\/","title":{"rendered":"S\u00e5 g\u00f6r du blommiga isbollar i ballonger"},"content":{"rendered":"\n<p>Imponera p\u00e5 dina g\u00e4ster med blommor i isbollar! Vackert, kylande och festligt i ishinken d\u00e4r drycken f\u00f6rvaras. S\u00e5 h\u00e4r g\u00f6r du f\u00f6r att lyckas!<\/p>\n\n\n\n<figure class=\"wp-block-image aligncenter size-large\"><img loading=\"lazy\" decoding=\"async\" width=\"1024\" height=\"683\" src=\"https:\/\/www.interflora.se\/inspiration\/wp-content\/uploads\/2023\/08\/image-9-1024x683.png\" alt=\"\" class=\"wp-image-1819\" srcset=\"https:\/\/www.interflora.se\/inspiration\/wp-content\/uploads\/2023\/08\/image-9-1024x683.png 1024w, https:\/\/www.interflora.se\/inspiration\/wp-content\/uploads\/2023\/08\/image-9-300x200.png 300w, https:\/\/www.interflora.se\/inspiration\/wp-content\/uploads\/2023\/08\/image-9-768x512.png 768w, https:\/\/www.interflora.se\/inspiration\/wp-content\/uploads\/2023\/08\/image-9.png 1200w\" sizes=\"auto, (max-width: 1024px) 100vw, 1024px\" \/><\/figure>\n\n\n\n<h2 class=\"wp-block-heading\">1. V\u00e4lj passande blommor<\/h2>\n\n\n\n<p>Vilka blommor du v\u00e4ljer spelar mindre roll om isbollarna ska ligga i ishinken f\u00f6r att h\u00e5lla flaskor och burkar kylda. Ska du d\u00e4remot l\u00e4gga isbollarna i en b\u00e5l eller direkt i glas beh\u00f6ver du ha koll p\u00e5 att de \u00e4r \u00e4tbara. H\u00e4r hittar du&nbsp;<a href=\"https:\/\/www.interflora.se\/inspiration\/diy\/sa-gor-du-blommiga-isbitar\/\">exempel p\u00e5 \u00e4tbara blomsorter<\/a>&nbsp;fr\u00e5n den ekologiska tr\u00e4dg\u00e5rden.<\/p>\n\n\n\n<p>V\u00e5ra isbollar ska bara fungera som kylklampar i ishinken och d\u00e5 \u00e4r rosa eller aprikosf\u00e4rgade snittrosor b\u00e5de sommarfina och effektfulla. Klipp av rosorna direkt under foderbladen och l\u00e4mna bara n\u00e5gon centimeter kvar av stj\u00e4lken.<\/p>\n\n\n\n<div class=\"wp-block-columns is-layout-flex wp-container-core-columns-is-layout-28f84493 wp-block-columns-is-layout-flex\">\n<div class=\"wp-block-column is-layout-flow wp-block-column-is-layout-flow\">\n<figure class=\"wp-block-image size-large\"><img decoding=\"async\" src=\"https:\/\/www.interflora.se\/inspiration\/wp-content\/uploads\/2025\/03\/diy-isbitar-ballong-artikel-3.jpg\" alt=\"\"\/><\/figure>\n<\/div>\n\n\n\n<div class=\"wp-block-column is-layout-flow wp-block-column-is-layout-flow\">\n<figure class=\"wp-block-image size-large\"><img decoding=\"async\" src=\"https:\/\/www.interflora.se\/inspiration\/wp-content\/uploads\/2025\/03\/diy-isbitar-ballong-artikel-4.jpg\" alt=\"\"\/><\/figure>\n<\/div>\n<\/div>\n\n\n\n<h2 class=\"wp-block-heading\">2. Preppa ballongen<\/h2>\n\n\n\n<ol class=\"wp-block-list\">\n<li>T\u00e4nj ut \u00f6ppningen p\u00e5 ballongen s\u00e5 mycket du kan och be n\u00e5gon annan pilla ner blomman, eftersom det kan vara lite trixigt att g\u00f6ra det sj\u00e4lv.<\/li>\n\n\n\n<li>N\u00e4r det \u00e4r klart tr\u00e4r du ballongen p\u00e5 kranen och spolar i kallvatten.<\/li>\n\n\n\n<li>Knyt ballongen och l\u00e4gg den i frysen. Om du \u00e4r noga med att den ska bli helt rund s\u00e5 kan det vara bra att v\u00e4nda p\u00e5 ballongen efter en stunds frystid, s\u00e5 undviker du att den blir platt p\u00e5 ena sidan.<\/li>\n<\/ol>\n\n\n\n<figure class=\"wp-block-image aligncenter size-large\"><img loading=\"lazy\" decoding=\"async\" width=\"1024\" height=\"438\" src=\"https:\/\/www.interflora.se\/inspiration\/wp-content\/uploads\/2023\/08\/image-10-1024x438.png\" alt=\"\" class=\"wp-image-1820\" srcset=\"https:\/\/www.interflora.se\/inspiration\/wp-content\/uploads\/2023\/08\/image-10-1024x438.png 1024w, https:\/\/www.interflora.se\/inspiration\/wp-content\/uploads\/2023\/08\/image-10-300x128.png 300w, https:\/\/www.interflora.se\/inspiration\/wp-content\/uploads\/2023\/08\/image-10-768x329.png 768w, https:\/\/www.interflora.se\/inspiration\/wp-content\/uploads\/2023\/08\/image-10-1536x658.png 1536w, https:\/\/www.interflora.se\/inspiration\/wp-content\/uploads\/2023\/08\/image-10.png 1600w\" sizes=\"auto, (max-width: 1024px) 100vw, 1024px\" \/><\/figure>\n\n\n\n<h2 class=\"wp-block-heading\">3. Fyll ishinken<\/h2>\n\n\n\n<ol class=\"wp-block-list\">\n<li>K\u00e4nn efter s\u00e5 att isbollarna \u00e4r genomfrusna.<\/li>\n\n\n\n<li>Klipp upp ballongerna med en sax.<\/li>\n\n\n\n<li>Plocka fram ishinken och l\u00e4gg n\u00e5gra isbollar i botten och st\u00e4ll i flaskan.\u00a0<\/li>\n<\/ol>\n\n\n\n<figure class=\"wp-block-image aligncenter size-large\"><img loading=\"lazy\" decoding=\"async\" width=\"819\" height=\"1024\" src=\"https:\/\/www.interflora.se\/inspiration\/wp-content\/uploads\/2023\/08\/image-11-819x1024.png\" alt=\"\" class=\"wp-image-1821\" srcset=\"https:\/\/www.interflora.se\/inspiration\/wp-content\/uploads\/2023\/08\/image-11-819x1024.png 819w, https:\/\/www.interflora.se\/inspiration\/wp-content\/uploads\/2023\/08\/image-11-240x300.png 240w, https:\/\/www.interflora.se\/inspiration\/wp-content\/uploads\/2023\/08\/image-11-768x960.png 768w, https:\/\/www.interflora.se\/inspiration\/wp-content\/uploads\/2023\/08\/image-11.png 1200w\" sizes=\"auto, (max-width: 819px) 100vw, 819px\" \/><\/figure>\n\n\n\n<h2 class=\"wp-block-heading\">4. Matcha med blomsterservetter<\/h2>\n\n\n\n<ol class=\"wp-block-list\">\n<li>Det \u00e4r en ganska liten insats att frysa in isbollar, men det ger stor effekt. Ingen kommer att missa dem! Matcha med enkla blomsterservetter.<\/li>\n\n\n\n<li>Anv\u00e4nd pappersservetter som du viker i trekanter.<\/li>\n\n\n\n<li>F\u00e4st en blomma, till exempel en prydnadstistel som h\u00e5ller sig fin l\u00e4nge, i h\u00f6rnet med hj\u00e4lp av st\u00e5ltr\u00e5d\/blomstertr\u00e5d.<\/li>\n\n\n\n<li>Stick in besticken i servetterna. Nu kan g\u00e4sterna komma!<\/li>\n<\/ol>\n\n\n\n<figure class=\"wp-block-image aligncenter size-large\"><img loading=\"lazy\" decoding=\"async\" width=\"1024\" height=\"819\" src=\"https:\/\/www.interflora.se\/inspiration\/wp-content\/uploads\/2023\/08\/image-12-1024x819.png\" alt=\"\" class=\"wp-image-1822\" srcset=\"https:\/\/www.interflora.se\/inspiration\/wp-content\/uploads\/2023\/08\/image-12-1024x819.png 1024w, https:\/\/www.interflora.se\/inspiration\/wp-content\/uploads\/2023\/08\/image-12-300x240.png 300w, https:\/\/www.interflora.se\/inspiration\/wp-content\/uploads\/2023\/08\/image-12-768x614.png 768w, https:\/\/www.interflora.se\/inspiration\/wp-content\/uploads\/2023\/08\/image-12.png 1200w\" sizes=\"auto, (max-width: 1024px) 100vw, 1024px\" \/><\/figure>\n\n\n\n<p><\/p>\n","protected":false},"excerpt":{"rendered":"<p>Imponera p\u00e5 dina g\u00e4ster med blommor i isbollar! Vackert, kylande och festligt i ishinken d\u00e4r drycken f\u00f6rvaras. S\u00e5 h\u00e4r g\u00f6r [&hellip;]<\/p>\n","protected":false},"author":1,"featured_media":1821,"comment_status":"open","ping_status":"open","sticky":false,"template":"","format":"standard","meta":{"_uag_custom_page_level_css":"","site-sidebar-layout":"default","site-content-layout":"","ast-site-content-layout":"default","site-content-style":"default","site-sidebar-style":"default","ast-global-header-display":"","ast-banner-title-visibility":"","ast-main-header-display":"","ast-hfb-above-header-display":"","ast-hfb-below-header-display":"","ast-hfb-mobile-header-display":"","site-post-title":"","ast-breadcrumbs-content":"","ast-featured-img":"","footer-sml-layout":"","ast-disable-related-posts":"","theme-transparent-header-meta":"","adv-header-id-meta":"","stick-header-meta":"","header-above-stick-meta":"","header-main-stick-meta":"","header-below-stick-meta":"","astra-migrate-meta-layouts":"default","ast-page-background-enabled":"default","ast-page-background-meta":{"desktop":{"background-color":"var(--ast-global-color-5)","background-image":"","background-repeat":"repeat","background-position":"center center","background-size":"auto","background-attachment":"scroll","background-type":"","background-media":"","overlay-type":"","overlay-color":"","overlay-opacity":"","overlay-gradient":""},"tablet":{"background-color":"","background-image":"","background-repeat":"repeat","background-position":"center center","background-size":"auto","background-attachment":"scroll","background-type":"","background-media":"","overlay-type":"","overlay-color":"","overlay-opacity":"","overlay-gradient":""},"mobile":{"background-color":"","background-image":"","background-repeat":"repeat","background-position":"center center","background-size":"auto","background-attachment":"scroll","background-type":"","background-media":"","overlay-type":"","overlay-color":"","overlay-opacity":"","overlay-gradient":""}},"ast-content-background-meta":{"desktop":{"background-color":"var(--ast-global-color-4)","background-image":"","background-repeat":"repeat","background-position":"center center","background-size":"auto","background-attachment":"scroll","background-type":"","background-media":"","overlay-type":"","overlay-color":"","overlay-opacity":"","overlay-gradient":""},"tablet":{"background-color":"var(--ast-global-color-4)","background-image":"","background-repeat":"repeat","background-position":"center center","background-size":"auto","background-attachment":"scroll","background-type":"","background-media":"","overlay-type":"","overlay-color":"","overlay-opacity":"","overlay-gradient":""},"mobile":{"background-color":"var(--ast-global-color-4)","background-image":"","background-repeat":"repeat","background-position":"center center","background-size":"auto","background-attachment":"scroll","background-type":"","background-media":"","overlay-type":"","overlay-color":"","overlay-opacity":"","overlay-gradient":""}},"footnotes":""},"categories":[5],"tags":[],"class_list":["post-283","post","type-post","status-publish","format-standard","has-post-thumbnail","hentry","category-diy"],"yoast_head":"<!-- This site is optimized with the Yoast SEO plugin v27.4 - https:\/\/yoast.com\/product\/yoast-seo-wordpress\/ -->\n<title>S\u00e5 g\u00f6r du blommiga isbollar i ballonger | Interflora<\/title>\n<meta name=\"robots\" content=\"index, follow, max-snippet:-1, max-image-preview:large, max-video-preview:-1\" \/>\n<link rel=\"canonical\" href=\"https:\/\/www.interflora.se\/inspiration\/isbollar-med-blommor\/\" \/>\n<meta property=\"og:locale\" content=\"sv_SE\" \/>\n<meta property=\"og:type\" content=\"article\" \/>\n<meta property=\"og:title\" content=\"S\u00e5 g\u00f6r du blommiga isbollar i ballonger | Interflora\" \/>\n<meta property=\"og:description\" content=\"Imponera p\u00e5 dina g\u00e4ster med blommor i isbollar! Vackert, kylande och festligt i ishinken d\u00e4r drycken f\u00f6rvaras. S\u00e5 h\u00e4r g\u00f6r [&hellip;]\" \/>\n<meta property=\"og:url\" content=\"https:\/\/www.interflora.se\/inspiration\/isbollar-med-blommor\/\" \/>\n<meta property=\"og:site_name\" content=\"Inspiration om blommor, krukv\u00e4xter &amp; trender | Interflora\" \/>\n<meta property=\"article:publisher\" content=\"https:\/\/www.facebook.com\/InterfloraAB\" \/>\n<meta property=\"article:published_time\" content=\"2023-08-30T07:17:02+00:00\" \/>\n<meta property=\"article:modified_time\" content=\"2025-03-26T11:15:45+00:00\" \/>\n<meta property=\"og:image\" content=\"https:\/\/www.interflora.se\/inspiration\/wp-content\/uploads\/2023\/08\/image-11-819x1024.png\" \/>\n\t<meta property=\"og:image:width\" content=\"819\" \/>\n\t<meta property=\"og:image:height\" content=\"1024\" \/>\n\t<meta property=\"og:image:type\" content=\"image\/png\" \/>\n<meta name=\"author\" content=\"admin\" \/>\n<meta name=\"twitter:card\" content=\"summary_large_image\" \/>\n<meta name=\"twitter:label1\" content=\"Skriven av\" \/>\n\t<meta name=\"twitter:data1\" content=\"admin\" \/>\n\t<meta name=\"twitter:label2\" content=\"Ber\u00e4knad l\u00e4stid\" \/>\n\t<meta name=\"twitter:data2\" content=\"2 minuter\" \/>\n<script type=\"application\/ld+json\" class=\"yoast-schema-graph\">{\"@context\":\"https:\\\/\\\/schema.org\",\"@graph\":[{\"@type\":\"Article\",\"@id\":\"https:\\\/\\\/www.interflora.se\\\/inspiration\\\/isbollar-med-blommor\\\/#article\",\"isPartOf\":{\"@id\":\"https:\\\/\\\/www.interflora.se\\\/inspiration\\\/isbollar-med-blommor\\\/\"},\"author\":{\"name\":\"admin\",\"@id\":\"https:\\\/\\\/www.interflora.se\\\/inspiration\\\/#\\\/schema\\\/person\\\/dbbd1ad45e05409c356dc639597669f2\"},\"headline\":\"S\u00e5 g\u00f6r du blommiga isbollar i ballonger\",\"datePublished\":\"2023-08-30T07:17:02+00:00\",\"dateModified\":\"2025-03-26T11:15:45+00:00\",\"mainEntityOfPage\":{\"@id\":\"https:\\\/\\\/www.interflora.se\\\/inspiration\\\/isbollar-med-blommor\\\/\"},\"wordCount\":341,\"commentCount\":0,\"publisher\":{\"@id\":\"https:\\\/\\\/www.interflora.se\\\/inspiration\\\/#organization\"},\"image\":{\"@id\":\"https:\\\/\\\/www.interflora.se\\\/inspiration\\\/isbollar-med-blommor\\\/#primaryimage\"},\"thumbnailUrl\":\"https:\\\/\\\/www.interflora.se\\\/inspiration\\\/wp-content\\\/uploads\\\/2023\\\/08\\\/image-11.png\",\"articleSection\":[\"DIY\"],\"inLanguage\":\"sv-SE\",\"potentialAction\":[{\"@type\":\"CommentAction\",\"name\":\"Comment\",\"target\":[\"https:\\\/\\\/www.interflora.se\\\/inspiration\\\/isbollar-med-blommor\\\/#respond\"]}]},{\"@type\":\"WebPage\",\"@id\":\"https:\\\/\\\/www.interflora.se\\\/inspiration\\\/isbollar-med-blommor\\\/\",\"url\":\"https:\\\/\\\/www.interflora.se\\\/inspiration\\\/isbollar-med-blommor\\\/\",\"name\":\"S\u00e5 g\u00f6r du blommiga isbollar i ballonger | Interflora\",\"isPartOf\":{\"@id\":\"https:\\\/\\\/www.interflora.se\\\/inspiration\\\/#website\"},\"primaryImageOfPage\":{\"@id\":\"https:\\\/\\\/www.interflora.se\\\/inspiration\\\/isbollar-med-blommor\\\/#primaryimage\"},\"image\":{\"@id\":\"https:\\\/\\\/www.interflora.se\\\/inspiration\\\/isbollar-med-blommor\\\/#primaryimage\"},\"thumbnailUrl\":\"https:\\\/\\\/www.interflora.se\\\/inspiration\\\/wp-content\\\/uploads\\\/2023\\\/08\\\/image-11.png\",\"datePublished\":\"2023-08-30T07:17:02+00:00\",\"dateModified\":\"2025-03-26T11:15:45+00:00\",\"breadcrumb\":{\"@id\":\"https:\\\/\\\/www.interflora.se\\\/inspiration\\\/isbollar-med-blommor\\\/#breadcrumb\"},\"inLanguage\":\"sv-SE\",\"potentialAction\":[{\"@type\":\"ReadAction\",\"target\":[\"https:\\\/\\\/www.interflora.se\\\/inspiration\\\/isbollar-med-blommor\\\/\"]}]},{\"@type\":\"ImageObject\",\"inLanguage\":\"sv-SE\",\"@id\":\"https:\\\/\\\/www.interflora.se\\\/inspiration\\\/isbollar-med-blommor\\\/#primaryimage\",\"url\":\"https:\\\/\\\/www.interflora.se\\\/inspiration\\\/wp-content\\\/uploads\\\/2023\\\/08\\\/image-11.png\",\"contentUrl\":\"https:\\\/\\\/www.interflora.se\\\/inspiration\\\/wp-content\\\/uploads\\\/2023\\\/08\\\/image-11.png\",\"width\":1200,\"height\":1500},{\"@type\":\"BreadcrumbList\",\"@id\":\"https:\\\/\\\/www.interflora.se\\\/inspiration\\\/isbollar-med-blommor\\\/#breadcrumb\",\"itemListElement\":[{\"@type\":\"ListItem\",\"position\":1,\"name\":\"Home\",\"item\":\"https:\\\/\\\/www.interflora.se\\\/inspiration\\\/\"},{\"@type\":\"ListItem\",\"position\":2,\"name\":\"S\u00e5 g\u00f6r du blommiga isbollar i ballonger\"}]},{\"@type\":\"WebSite\",\"@id\":\"https:\\\/\\\/www.interflora.se\\\/inspiration\\\/#website\",\"url\":\"https:\\\/\\\/www.interflora.se\\\/inspiration\\\/\",\"name\":\"Interflora\",\"description\":\"\",\"publisher\":{\"@id\":\"https:\\\/\\\/www.interflora.se\\\/inspiration\\\/#organization\"},\"potentialAction\":[{\"@type\":\"SearchAction\",\"target\":{\"@type\":\"EntryPoint\",\"urlTemplate\":\"https:\\\/\\\/www.interflora.se\\\/inspiration\\\/?s={search_term_string}\"},\"query-input\":{\"@type\":\"PropertyValueSpecification\",\"valueRequired\":true,\"valueName\":\"search_term_string\"}}],\"inLanguage\":\"sv-SE\"},{\"@type\":\"Organization\",\"@id\":\"https:\\\/\\\/www.interflora.se\\\/inspiration\\\/#organization\",\"name\":\"Interflora\",\"url\":\"https:\\\/\\\/www.interflora.se\\\/inspiration\\\/\",\"logo\":{\"@type\":\"ImageObject\",\"inLanguage\":\"sv-SE\",\"@id\":\"https:\\\/\\\/www.interflora.se\\\/inspiration\\\/#\\\/schema\\\/logo\\\/image\\\/\",\"url\":\"https:\\\/\\\/www.interflora.se\\\/inspiration\\\/wp-content\\\/uploads\\\/2025\\\/09\\\/cropped-220422_INTERFLORA_Logo_rgb_Half_Top_Circle_Main_Color.avif\",\"contentUrl\":\"https:\\\/\\\/www.interflora.se\\\/inspiration\\\/wp-content\\\/uploads\\\/2025\\\/09\\\/cropped-220422_INTERFLORA_Logo_rgb_Half_Top_Circle_Main_Color.avif\",\"width\":1418,\"height\":662,\"caption\":\"Interflora\"},\"image\":{\"@id\":\"https:\\\/\\\/www.interflora.se\\\/inspiration\\\/#\\\/schema\\\/logo\\\/image\\\/\"},\"sameAs\":[\"https:\\\/\\\/www.facebook.com\\\/InterfloraAB\",\"https:\\\/\\\/www.instagram.com\\\/interflora_ab\\\/\",\"https:\\\/\\\/www.linkedin.com\\\/company\\\/1494362\",\"https:\\\/\\\/www.youtube.com\\\/channel\\\/UCZgDzGWB2VRxaoWFUmXnk1w\"]},{\"@type\":\"Person\",\"@id\":\"https:\\\/\\\/www.interflora.se\\\/inspiration\\\/#\\\/schema\\\/person\\\/dbbd1ad45e05409c356dc639597669f2\",\"name\":\"admin\",\"image\":{\"@type\":\"ImageObject\",\"inLanguage\":\"sv-SE\",\"@id\":\"https:\\\/\\\/www.interflora.se\\\/inspiration\\\/wp-content\\\/litespeed\\\/avatar\\\/1fe3cced9e67df62d0a6f995d75823a5.jpg?ver=1777362393\",\"url\":\"https:\\\/\\\/www.interflora.se\\\/inspiration\\\/wp-content\\\/litespeed\\\/avatar\\\/1fe3cced9e67df62d0a6f995d75823a5.jpg?ver=1777362393\",\"contentUrl\":\"https:\\\/\\\/www.interflora.se\\\/inspiration\\\/wp-content\\\/litespeed\\\/avatar\\\/1fe3cced9e67df62d0a6f995d75823a5.jpg?ver=1777362393\",\"caption\":\"admin\"},\"sameAs\":[\"https:\\\/\\\/www.interflora.se\\\/inspiration\"],\"url\":\"https:\\\/\\\/www.interflora.se\\\/inspiration\\\/author\\\/admin\\\/\"}]}<\/script>\n<!-- \/ Yoast SEO plugin. -->","yoast_head_json":{"title":"S\u00e5 g\u00f6r du blommiga isbollar i ballonger | Interflora","robots":{"index":"index","follow":"follow","max-snippet":"max-snippet:-1","max-image-preview":"max-image-preview:large","max-video-preview":"max-video-preview:-1"},"canonical":"https:\/\/www.interflora.se\/inspiration\/isbollar-med-blommor\/","og_locale":"sv_SE","og_type":"article","og_title":"S\u00e5 g\u00f6r du blommiga isbollar i ballonger | Interflora","og_description":"Imponera p\u00e5 dina g\u00e4ster med blommor i isbollar! Vackert, kylande och festligt i ishinken d\u00e4r drycken f\u00f6rvaras. S\u00e5 h\u00e4r g\u00f6r [&hellip;]","og_url":"https:\/\/www.interflora.se\/inspiration\/isbollar-med-blommor\/","og_site_name":"Inspiration om blommor, krukv\u00e4xter &amp; trender | Interflora","article_publisher":"https:\/\/www.facebook.com\/InterfloraAB","article_published_time":"2023-08-30T07:17:02+00:00","article_modified_time":"2025-03-26T11:15:45+00:00","og_image":[{"width":819,"height":1024,"url":"https:\/\/www.interflora.se\/inspiration\/wp-content\/uploads\/2023\/08\/image-11-819x1024.png","type":"image\/png"}],"author":"admin","twitter_card":"summary_large_image","twitter_misc":{"Skriven av":"admin","Ber\u00e4knad l\u00e4stid":"2 minuter"},"schema":{"@context":"https:\/\/schema.org","@graph":[{"@type":"Article","@id":"https:\/\/www.interflora.se\/inspiration\/isbollar-med-blommor\/#article","isPartOf":{"@id":"https:\/\/www.interflora.se\/inspiration\/isbollar-med-blommor\/"},"author":{"name":"admin","@id":"https:\/\/www.interflora.se\/inspiration\/#\/schema\/person\/dbbd1ad45e05409c356dc639597669f2"},"headline":"S\u00e5 g\u00f6r du blommiga isbollar i ballonger","datePublished":"2023-08-30T07:17:02+00:00","dateModified":"2025-03-26T11:15:45+00:00","mainEntityOfPage":{"@id":"https:\/\/www.interflora.se\/inspiration\/isbollar-med-blommor\/"},"wordCount":341,"commentCount":0,"publisher":{"@id":"https:\/\/www.interflora.se\/inspiration\/#organization"},"image":{"@id":"https:\/\/www.interflora.se\/inspiration\/isbollar-med-blommor\/#primaryimage"},"thumbnailUrl":"https:\/\/www.interflora.se\/inspiration\/wp-content\/uploads\/2023\/08\/image-11.png","articleSection":["DIY"],"inLanguage":"sv-SE","potentialAction":[{"@type":"CommentAction","name":"Comment","target":["https:\/\/www.interflora.se\/inspiration\/isbollar-med-blommor\/#respond"]}]},{"@type":"WebPage","@id":"https:\/\/www.interflora.se\/inspiration\/isbollar-med-blommor\/","url":"https:\/\/www.interflora.se\/inspiration\/isbollar-med-blommor\/","name":"S\u00e5 g\u00f6r du blommiga isbollar i ballonger | Interflora","isPartOf":{"@id":"https:\/\/www.interflora.se\/inspiration\/#website"},"primaryImageOfPage":{"@id":"https:\/\/www.interflora.se\/inspiration\/isbollar-med-blommor\/#primaryimage"},"image":{"@id":"https:\/\/www.interflora.se\/inspiration\/isbollar-med-blommor\/#primaryimage"},"thumbnailUrl":"https:\/\/www.interflora.se\/inspiration\/wp-content\/uploads\/2023\/08\/image-11.png","datePublished":"2023-08-30T07:17:02+00:00","dateModified":"2025-03-26T11:15:45+00:00","breadcrumb":{"@id":"https:\/\/www.interflora.se\/inspiration\/isbollar-med-blommor\/#breadcrumb"},"inLanguage":"sv-SE","potentialAction":[{"@type":"ReadAction","target":["https:\/\/www.interflora.se\/inspiration\/isbollar-med-blommor\/"]}]},{"@type":"ImageObject","inLanguage":"sv-SE","@id":"https:\/\/www.interflora.se\/inspiration\/isbollar-med-blommor\/#primaryimage","url":"https:\/\/www.interflora.se\/inspiration\/wp-content\/uploads\/2023\/08\/image-11.png","contentUrl":"https:\/\/www.interflora.se\/inspiration\/wp-content\/uploads\/2023\/08\/image-11.png","width":1200,"height":1500},{"@type":"BreadcrumbList","@id":"https:\/\/www.interflora.se\/inspiration\/isbollar-med-blommor\/#breadcrumb","itemListElement":[{"@type":"ListItem","position":1,"name":"Home","item":"https:\/\/www.interflora.se\/inspiration\/"},{"@type":"ListItem","position":2,"name":"S\u00e5 g\u00f6r du blommiga isbollar i ballonger"}]},{"@type":"WebSite","@id":"https:\/\/www.interflora.se\/inspiration\/#website","url":"https:\/\/www.interflora.se\/inspiration\/","name":"Interflora","description":"","publisher":{"@id":"https:\/\/www.interflora.se\/inspiration\/#organization"},"potentialAction":[{"@type":"SearchAction","target":{"@type":"EntryPoint","urlTemplate":"https:\/\/www.interflora.se\/inspiration\/?s={search_term_string}"},"query-input":{"@type":"PropertyValueSpecification","valueRequired":true,"valueName":"search_term_string"}}],"inLanguage":"sv-SE"},{"@type":"Organization","@id":"https:\/\/www.interflora.se\/inspiration\/#organization","name":"Interflora","url":"https:\/\/www.interflora.se\/inspiration\/","logo":{"@type":"ImageObject","inLanguage":"sv-SE","@id":"https:\/\/www.interflora.se\/inspiration\/#\/schema\/logo\/image\/","url":"https:\/\/www.interflora.se\/inspiration\/wp-content\/uploads\/2025\/09\/cropped-220422_INTERFLORA_Logo_rgb_Half_Top_Circle_Main_Color.avif","contentUrl":"https:\/\/www.interflora.se\/inspiration\/wp-content\/uploads\/2025\/09\/cropped-220422_INTERFLORA_Logo_rgb_Half_Top_Circle_Main_Color.avif","width":1418,"height":662,"caption":"Interflora"},"image":{"@id":"https:\/\/www.interflora.se\/inspiration\/#\/schema\/logo\/image\/"},"sameAs":["https:\/\/www.facebook.com\/InterfloraAB","https:\/\/www.instagram.com\/interflora_ab\/","https:\/\/www.linkedin.com\/company\/1494362","https:\/\/www.youtube.com\/channel\/UCZgDzGWB2VRxaoWFUmXnk1w"]},{"@type":"Person","@id":"https:\/\/www.interflora.se\/inspiration\/#\/schema\/person\/dbbd1ad45e05409c356dc639597669f2","name":"admin","image":{"@type":"ImageObject","inLanguage":"sv-SE","@id":"https:\/\/www.interflora.se\/inspiration\/wp-content\/litespeed\/avatar\/1fe3cced9e67df62d0a6f995d75823a5.jpg?ver=1777362393","url":"https:\/\/www.interflora.se\/inspiration\/wp-content\/litespeed\/avatar\/1fe3cced9e67df62d0a6f995d75823a5.jpg?ver=1777362393","contentUrl":"https:\/\/www.interflora.se\/inspiration\/wp-content\/litespeed\/avatar\/1fe3cced9e67df62d0a6f995d75823a5.jpg?ver=1777362393","caption":"admin"},"sameAs":["https:\/\/www.interflora.se\/inspiration"],"url":"https:\/\/www.interflora.se\/inspiration\/author\/admin\/"}]}},"uagb_featured_image_src":{"full":["https:\/\/www.interflora.se\/inspiration\/wp-content\/uploads\/2023\/08\/image-11.png",1200,1500,false],"thumbnail":["https:\/\/www.interflora.se\/inspiration\/wp-content\/uploads\/2023\/08\/image-11-150x150.png",150,150,true],"medium":["https:\/\/www.interflora.se\/inspiration\/wp-content\/uploads\/2023\/08\/image-11-240x300.png",240,300,true],"medium_large":["https:\/\/www.interflora.se\/inspiration\/wp-content\/uploads\/2023\/08\/image-11-768x960.png",768,960,true],"large":["https:\/\/www.interflora.se\/inspiration\/wp-content\/uploads\/2023\/08\/image-11-819x1024.png",819,1024,true],"1536x1536":["https:\/\/www.interflora.se\/inspiration\/wp-content\/uploads\/2023\/08\/image-11.png",1200,1500,false],"2048x2048":["https:\/\/www.interflora.se\/inspiration\/wp-content\/uploads\/2023\/08\/image-11.png",1200,1500,false]},"uagb_author_info":{"display_name":"admin","author_link":"https:\/\/www.interflora.se\/inspiration\/author\/admin\/"},"uagb_comment_info":0,"uagb_excerpt":"Imponera p\u00e5 dina g\u00e4ster med blommor i isbollar! Vackert, kylande och festligt i ishinken d\u00e4r drycken f\u00f6rvaras. S\u00e5 h\u00e4r g\u00f6r [&hellip;]","_links":{"self":[{"href":"https:\/\/www.interflora.se\/inspiration\/wp-json\/wp\/v2\/posts\/283","targetHints":{"allow":["GET"]}}],"collection":[{"href":"https:\/\/www.interflora.se\/inspiration\/wp-json\/wp\/v2\/posts"}],"about":[{"href":"https:\/\/www.interflora.se\/inspiration\/wp-json\/wp\/v2\/types\/post"}],"author":[{"embeddable":true,"href":"https:\/\/www.interflora.se\/inspiration\/wp-json\/wp\/v2\/users\/1"}],"replies":[{"embeddable":true,"href":"https:\/\/www.interflora.se\/inspiration\/wp-json\/wp\/v2\/comments?post=283"}],"version-history":[{"count":1,"href":"https:\/\/www.interflora.se\/inspiration\/wp-json\/wp\/v2\/posts\/283\/revisions"}],"predecessor-version":[{"id":1825,"href":"https:\/\/www.interflora.se\/inspiration\/wp-json\/wp\/v2\/posts\/283\/revisions\/1825"}],"wp:featuredmedia":[{"embeddable":true,"href":"https:\/\/www.interflora.se\/inspiration\/wp-json\/wp\/v2\/media\/1821"}],"wp:attachment":[{"href":"https:\/\/www.interflora.se\/inspiration\/wp-json\/wp\/v2\/media?parent=283"}],"wp:term":[{"taxonomy":"category","embeddable":true,"href":"https:\/\/www.interflora.se\/inspiration\/wp-json\/wp\/v2\/categories?post=283"},{"taxonomy":"post_tag","embeddable":true,"href":"https:\/\/www.interflora.se\/inspiration\/wp-json\/wp\/v2\/tags?post=283"}],"curies":[{"name":"wp","href":"https:\/\/api.w.org\/{rel}","templated":true}]}}